{"id":4708,"date":"2020-04-13T08:00:44","date_gmt":"2020-04-13T11:00:44","guid":{"rendered":"http:\/\/www.agenciainfra.com\/blog\/?p=4708"},"modified":"2020-04-09T11:47:45","modified_gmt":"2020-04-09T14:47:45","slug":"antaq-libera-terminais-em-santos-para-cobranca-de-taxa-para-movimentar-conteiner","status":"publish","type":"post","link":"https:\/\/agenciainfra.com\/blog\/antaq-libera-terminais-em-santos-para-cobranca-de-taxa-para-movimentar-conteiner\/","title":{"rendered":"ANTAQ libera terminais em Santos para cobran\u00e7a de taxa para movimentar cont\u00eainer"},"content":{"rendered":"<div>\n<h5 style=\"text-align: right;\"><strong>Dimmi Amora, da Ag\u00eancia iNFRA<\/strong><\/h5>\n<\/div>\n<p dir=\"ltr\">\u00a0A ANTAQ (Ag\u00eancia Nacional de Transportes Aquavi\u00e1rios) decidiu que os terminais portu\u00e1rios BTP (Brasil Terminal Portu\u00e1rio) e Santos Brasil, em Santos (SP), podem fazer a cobran\u00e7a do SSE\/THC2 (Servi\u00e7o de Segrega\u00e7\u00e3o e Entrega) com suas pr\u00f3prias tabelas de pre\u00e7os a partir de fevereiro deste ano.<\/p>\n<p>Os terminais contudo n\u00e3o v\u00e3o poder fazer qualquer tipo de cobran\u00e7a a mais de clientes referente a valores anteriores \u00e0 entrada em vigor da Resolu\u00e7\u00e3o 34 da ANTAQ, de agosto de 2019, que criou nova disciplina para a cobran\u00e7a dessa taxa, que os terminais com acesso aos navios cobram para movimentar cont\u00eaineres que v\u00e3o para terminais retroalfandegados.<\/p>\n<p>A decis\u00e3o foi tomada na reuni\u00e3o de diretoria da ag\u00eancia, na \u00faltima quarta-feira (8), no processo 50300.006154\/2018-36, em que os dois terminais pediam o embargo do Ac\u00f3rd\u00e3o 94\/2019 da ag\u00eancia. Nele, o terminal retroalfandegado Marimex obteve decis\u00e3o favor\u00e1vel para que o valor do pagamento da THC2 fosse o das tabelas da Codesp (Companhia Docas de S\u00e3o Paulo).<\/p>\n<p>O relator, diretor Francisval Mendes, entendeu que o ac\u00f3rd\u00e3o deveria ser anulado por falhas na fase de direito de defesa das duas empresas. Isso, contudo, n\u00e3o invalida as decis\u00f5es tomadas at\u00e9 o momento em que a ANTAQ produziu a Resolu\u00e7\u00e3o Normativa 34, valendo at\u00e9 ali as tabelas que a Codesp publicava.<\/p>\n<p>Mas, a partir de fevereiro de 2020, os pre\u00e7os do SSE\/THC2 s\u00e3o livres pela Resolu\u00e7\u00e3o 34\/2019, bastando para a empresa encaminhar uma tabela para a ANTAQ que ser\u00e1 analisada sobre se est\u00e1 havendo abusividade nessa cobran\u00e7a. A decis\u00e3o est\u00e1\u00a0<a href=\"https:\/\/agenciainfra.us14.list-manage.com\/track\/click?u=d460dd1bcf9ba0ae040e1fc0f&amp;id=22d54acc6c&amp;e=c099169394\" target=\"_blank\" rel=\"noopener noreferrer\" data-saferedirecturl=\"https:\/\/www.google.com\/url?q=https:\/\/agenciainfra.us14.list-manage.com\/track\/click?u%3Dd460dd1bcf9ba0ae040e1fc0f%26id%3D22d54acc6c%26e%3Dc099169394&amp;source=gmail&amp;ust=1586527477944000&amp;usg=AFQjCNEZUKwGzwvbGgYEkJmJHaTiRcU7vg\">neste link<\/a>.<\/p>\n<p>No entanto, a metodologia para se calcular essa abusividade n\u00e3o est\u00e1 pronta. Um processo que tratava do tema, 50300.000381\/2008-86, teve novo pedido de vista pedido pelo diretor Adalberto Tokarski.<\/p>\n<p>Al\u00e9m disso, os tr\u00eas diretores ratificaram negativa de liminar em processo do Sindicato das Empresas Operadoras de Terminais Retroportu\u00e1rios de Itaja\u00ed (SC) que pedia limita\u00e7\u00e3o nos pre\u00e7os do SSE\/THC2 dos terminais portu\u00e1rios da regi\u00e3o.<\/p>\n<p>A den\u00fancia foi baseada parcialmente em nota t\u00e9cnica da pr\u00f3pria ANTAQ apontando ind\u00edcios de abusividade nos pre\u00e7os praticados e forma\u00e7\u00e3o de cartel. A nota foi em resposta a uma consulta do Cade (Conselho Administrativo de Direito Econ\u00f4mico) e est\u00e1\u00a0<a href=\"https:\/\/agenciainfra.us14.list-manage.com\/track\/click?u=d460dd1bcf9ba0ae040e1fc0f&amp;id=077fe6e059&amp;e=c099169394\" target=\"_blank\" rel=\"noopener noreferrer\" data-saferedirecturl=\"https:\/\/www.google.com\/url?q=https:\/\/agenciainfra.us14.list-manage.com\/track\/click?u%3Dd460dd1bcf9ba0ae040e1fc0f%26id%3D077fe6e059%26e%3Dc099169394&amp;source=gmail&amp;ust=1586527477944000&amp;usg=AFQjCNGzVpnX49zkZeX-FmM2v4GHgkjFOA\">neste link<\/a>.<\/p>\n<p>O diretor Francisval Mendes afirmou que foi surpreendido com o documento t\u00e9cnico da ag\u00eancia, que ele n\u00e3o teria passado pela diretoria e por isso n\u00e3o estaria referendado. Segundo ele, seria imprudente no momento, sem a metodologia pronta, aplicar qualquer tipo de restri\u00e7\u00e3o \u00e0s tabelas do SSE, mesmo admitindo em seu voto a possibilidade do duop\u00f3lio na regi\u00e3o. O voto de Mendes est\u00e1\u00a0<a href=\"https:\/\/agenciainfra.us14.list-manage.com\/track\/click?u=d460dd1bcf9ba0ae040e1fc0f&amp;id=e9a179416f&amp;e=c099169394\" target=\"_blank\" rel=\"noopener noreferrer\" data-saferedirecturl=\"https:\/\/www.google.com\/url?q=https:\/\/agenciainfra.us14.list-manage.com\/track\/click?u%3Dd460dd1bcf9ba0ae040e1fc0f%26id%3De9a179416f%26e%3Dc099169394&amp;source=gmail&amp;ust=1586527477944000&amp;usg=AFQjCNFRfPkHXGZ-I8lG2SSl_dkogWHBcQ\">neste link<\/a>.<\/p>\n<p><strong>SDN<\/strong><br \/>\nA ANTAQ tamb\u00e9m postergou por 90 dias a revis\u00e3o da Resolu\u00e7\u00e3o Normativa 35, que trata do SDN (Sistema de Desempenho da Navega\u00e7\u00e3o). A revis\u00e3o tinha como proposta incluir o M\u00f3dulo de Apoio Mar\u00edtimo no SND, mas o diretor Adalberto Tokarski disse que a proposta n\u00e3o est\u00e1 madura.<\/p>\n<p>A diretoria tamb\u00e9m referendou a suspens\u00e3o das exig\u00eancias da Resolu\u00e7\u00e3o 7.398\/2019, que previa o envio de informa\u00e7\u00f5es cont\u00e1beis dos terminais portu\u00e1rios, a pedido da ABTP (Associa\u00e7\u00e3o Brasileira de Terminais Portu\u00e1rios).<\/p>\n","protected":false},"excerpt":{"rendered":"<p>Dimmi Amora, da Ag\u00eancia iNFRA \u00a0A ANTAQ (Ag\u00eancia Nacional de Transportes Aquavi\u00e1rios) decidiu que os terminais portu\u00e1rios BTP (Brasil Terminal Portu\u00e1rio) e Santos Brasil, em Santos (SP), podem fazer a cobran\u00e7a do SSE\/THC2 (Servi\u00e7o de Segrega\u00e7\u00e3o e Entrega) com suas pr\u00f3prias tabelas de pre\u00e7os a partir de fevereiro deste ano. Os terminais contudo n\u00e3o v\u00e3o [&hellip;]<\/p>\n","protected":false},"author":9,"featured_media":4709,"comment_status":"closed","ping_status":"closed","sticky":false,"template":"","format":"standard","meta":{"_monsterinsights_skip_tracking":false,"_monsterinsights_sitenote_active":false,"_monsterinsights_sitenote_note":"","_monsterinsights_sitenote_category":0,"footnotes":""},"categories":[7],"tags":[207,926,86,1029,1030,371,307,925,1718,1899,1898,1900,1174,1901,1717,552],"class_list":["post-4708","post","type-post","status-publish","format-standard","has-post-thumbnail","hentry","category-infratransporte","tag-abtp","tag-adalberto-tokarski","tag-antaq","tag-brasil-terminal-portuario","tag-btp","tag-cade","tag-codesp","tag-francisval-mendes","tag-marimex","tag-resolucao-34","tag-santos-brasil","tag-sdn","tag-servico-de-segregacao-e-entrega","tag-sistema-de-desempenho-da-navegacao","tag-sse","tag-thc2"],"yoast_head":"<!-- This site is optimized with the Yoast SEO Premium plugin v25.4 (Yoast SEO v26.0) - https:\/\/yoast.com\/wordpress\/plugins\/seo\/ -->\n<title>ANTAQ libera terminais em Santos para cobran\u00e7a de taxa para movimentar cont\u00eainer - Ag\u00eancia iNFRA<\/title>\n<meta name=\"robots\" content=\"index, follow, max-snippet:-1, max-image-preview:large, max-video-preview:-1\" \/>\n<link rel=\"canonical\" href=\"https:\/\/agenciainfra.com\/blog\/antaq-libera-terminais-em-santos-para-cobranca-de-taxa-para-movimentar-conteiner\/\" \/>\n<meta property=\"og:locale\" content=\"pt_BR\" \/>\n<meta property=\"og:type\" content=\"article\" \/>\n<meta property=\"og:title\" content=\"ANTAQ libera terminais em Santos para cobran\u00e7a de taxa para movimentar cont\u00eainer\" \/>\n<meta property=\"og:description\" content=\"Dimmi Amora, da Ag\u00eancia iNFRA \u00a0A ANTAQ (Ag\u00eancia Nacional de Transportes Aquavi\u00e1rios) decidiu que os terminais portu\u00e1rios BTP (Brasil Terminal Portu\u00e1rio) e Santos Brasil, em Santos (SP), podem fazer a cobran\u00e7a do SSE\/THC2 (Servi\u00e7o de Segrega\u00e7\u00e3o e Entrega) com suas pr\u00f3prias tabelas de pre\u00e7os a partir de fevereiro deste ano. Os terminais contudo n\u00e3o v\u00e3o [&hellip;]\" \/>\n<meta property=\"og:url\" content=\"https:\/\/agenciainfra.com\/blog\/antaq-libera-terminais-em-santos-para-cobranca-de-taxa-para-movimentar-conteiner\/\" \/>\n<meta property=\"og:site_name\" content=\"Ag\u00eancia iNFRA\" \/>\n<meta property=\"article:publisher\" content=\"https:\/\/www.facebook.com\/ageninfra\" \/>\n<meta property=\"article:published_time\" content=\"2020-04-13T11:00:44+00:00\" \/>\n<meta property=\"og:image\" content=\"https:\/\/agenciainfra.com\/blog\/wp-content\/uploads\/2020\/04\/antaq-foto-antaq.png\" \/>\n\t<meta property=\"og:image:width\" content=\"678\" \/>\n\t<meta property=\"og:image:height\" content=\"381\" \/>\n\t<meta property=\"og:image:type\" content=\"image\/png\" \/>\n<meta name=\"author\" content=\"Rodrigo Zuquim\" \/>\n<meta name=\"twitter:card\" content=\"summary_large_image\" \/>\n<meta name=\"twitter:creator\" content=\"@agencia_infra\" \/>\n<meta name=\"twitter:site\" content=\"@agencia_infra\" \/>\n<meta name=\"twitter:label1\" content=\"Escrito por\" \/>\n\t<meta name=\"twitter:data1\" content=\"Rodrigo Zuquim\" \/>\n\t<meta name=\"twitter:label2\" content=\"Est. tempo de leitura\" \/>\n\t<meta name=\"twitter:data2\" content=\"3 minutos\" \/>\n<script type=\"application\/ld+json\" class=\"yoast-schema-graph\">{\"@context\":\"https:\/\/schema.org\",\"@graph\":[{\"@type\":\"Article\",\"@id\":\"https:\/\/agenciainfra.com\/blog\/antaq-libera-terminais-em-santos-para-cobranca-de-taxa-para-movimentar-conteiner\/#article\",\"isPartOf\":{\"@id\":\"https:\/\/agenciainfra.com\/blog\/antaq-libera-terminais-em-santos-para-cobranca-de-taxa-para-movimentar-conteiner\/\"},\"author\":{\"name\":\"Rodrigo Zuquim\",\"@id\":\"https:\/\/agenciainfra.com\/blog\/#\/schema\/person\/04dbb79bd6d8951f063da71f3e4c1eb1\"},\"headline\":\"ANTAQ libera terminais em Santos para cobran\u00e7a de taxa para movimentar cont\u00eainer\",\"datePublished\":\"2020-04-13T11:00:44+00:00\",\"mainEntityOfPage\":{\"@id\":\"https:\/\/agenciainfra.com\/blog\/antaq-libera-terminais-em-santos-para-cobranca-de-taxa-para-movimentar-conteiner\/\"},\"wordCount\":583,\"publisher\":{\"@id\":\"https:\/\/agenciainfra.com\/blog\/#organization\"},\"image\":{\"@id\":\"https:\/\/agenciainfra.com\/blog\/antaq-libera-terminais-em-santos-para-cobranca-de-taxa-para-movimentar-conteiner\/#primaryimage\"},\"thumbnailUrl\":\"https:\/\/agenciainfra.com\/blog\/wp-content\/uploads\/2020\/04\/antaq-foto-antaq.png\",\"keywords\":[\"ABTP\",\"Adalberto Tokarski\",\"ANTAQ\",\"Brasil Terminal Portu\u00e1rio\",\"BTP\",\"Cade\",\"Codesp\",\"Francisval Mendes\",\"Marimex\",\"Resolu\u00e7\u00e3o 34\",\"Santos Brasil\",\"SDN\",\"Servi\u00e7o de Segrega\u00e7\u00e3o e Entrega\",\"Sistema de Desempenho da Navega\u00e7\u00e3o\",\"SSE\",\"THC2\"],\"articleSection\":[\"iNFRATransporte\"],\"inLanguage\":\"pt-BR\",\"copyrightYear\":\"2020\",\"copyrightHolder\":{\"@id\":\"https:\/\/agenciainfra.com\/blog\/#organization\"}},{\"@type\":\"WebPage\",\"@id\":\"https:\/\/agenciainfra.com\/blog\/antaq-libera-terminais-em-santos-para-cobranca-de-taxa-para-movimentar-conteiner\/\",\"url\":\"https:\/\/agenciainfra.com\/blog\/antaq-libera-terminais-em-santos-para-cobranca-de-taxa-para-movimentar-conteiner\/\",\"name\":\"ANTAQ libera terminais em Santos para cobran\u00e7a de taxa para movimentar cont\u00eainer - Ag\u00eancia iNFRA\",\"isPartOf\":{\"@id\":\"https:\/\/agenciainfra.com\/blog\/#website\"},\"primaryImageOfPage\":{\"@id\":\"https:\/\/agenciainfra.com\/blog\/antaq-libera-terminais-em-santos-para-cobranca-de-taxa-para-movimentar-conteiner\/#primaryimage\"},\"image\":{\"@id\":\"https:\/\/agenciainfra.com\/blog\/antaq-libera-terminais-em-santos-para-cobranca-de-taxa-para-movimentar-conteiner\/#primaryimage\"},\"thumbnailUrl\":\"https:\/\/agenciainfra.com\/blog\/wp-content\/uploads\/2020\/04\/antaq-foto-antaq.png\",\"datePublished\":\"2020-04-13T11:00:44+00:00\",\"breadcrumb\":{\"@id\":\"https:\/\/agenciainfra.com\/blog\/antaq-libera-terminais-em-santos-para-cobranca-de-taxa-para-movimentar-conteiner\/#breadcrumb\"},\"inLanguage\":\"pt-BR\",\"potentialAction\":[{\"@type\":\"ReadAction\",\"target\":[\"https:\/\/agenciainfra.com\/blog\/antaq-libera-terminais-em-santos-para-cobranca-de-taxa-para-movimentar-conteiner\/\"]}]},{\"@type\":\"ImageObject\",\"inLanguage\":\"pt-BR\",\"@id\":\"https:\/\/agenciainfra.com\/blog\/antaq-libera-terminais-em-santos-para-cobranca-de-taxa-para-movimentar-conteiner\/#primaryimage\",\"url\":\"https:\/\/agenciainfra.com\/blog\/wp-content\/uploads\/2020\/04\/antaq-foto-antaq.png\",\"contentUrl\":\"https:\/\/agenciainfra.com\/blog\/wp-content\/uploads\/2020\/04\/antaq-foto-antaq.png\",\"width\":678,\"height\":381},{\"@type\":\"BreadcrumbList\",\"@id\":\"https:\/\/agenciainfra.com\/blog\/antaq-libera-terminais-em-santos-para-cobranca-de-taxa-para-movimentar-conteiner\/#breadcrumb\",\"itemListElement\":[{\"@type\":\"ListItem\",\"position\":1,\"name\":\"In\u00edcio\",\"item\":\"https:\/\/agenciainfra.com\/blog\/\"},{\"@type\":\"ListItem\",\"position\":2,\"name\":\"ANTAQ libera terminais em Santos para cobran\u00e7a de taxa para movimentar cont\u00eainer\"}]},{\"@type\":\"WebSite\",\"@id\":\"https:\/\/agenciainfra.com\/blog\/#website\",\"url\":\"https:\/\/agenciainfra.com\/blog\/\",\"name\":\"Ag\u00eancia iNFRA\",\"description\":\"Multiplataforma de informa\u00e7\u00e3o jornal\u00edstica refer\u00eancia na \u00e1rea de infraestrutura no Brasil!\",\"publisher\":{\"@id\":\"https:\/\/agenciainfra.com\/blog\/#organization\"},\"potentialAction\":[{\"@type\":\"SearchAction\",\"target\":{\"@type\":\"EntryPoint\",\"urlTemplate\":\"https:\/\/agenciainfra.com\/blog\/?s={search_term_string}\"},\"query-input\":{\"@type\":\"PropertyValueSpecification\",\"valueRequired\":true,\"valueName\":\"search_term_string\"}}],\"inLanguage\":\"pt-BR\"},{\"@type\":\"Organization\",\"@id\":\"https:\/\/agenciainfra.com\/blog\/#organization\",\"name\":\"Ag\u00eancia iNFRA\",\"url\":\"https:\/\/agenciainfra.com\/blog\/\",\"logo\":{\"@type\":\"ImageObject\",\"inLanguage\":\"pt-BR\",\"@id\":\"https:\/\/agenciainfra.com\/blog\/#\/schema\/logo\/image\/\",\"url\":\"https:\/\/agenciainfra.com\/blog\/wp-content\/uploads\/2023\/09\/iNFRA_5-e1761735885940.png\",\"contentUrl\":\"https:\/\/agenciainfra.com\/blog\/wp-content\/uploads\/2023\/09\/iNFRA_5-e1761735885940.png\",\"width\":1672,\"height\":454,\"caption\":\"Ag\u00eancia iNFRA\"},\"image\":{\"@id\":\"https:\/\/agenciainfra.com\/blog\/#\/schema\/logo\/image\/\"},\"sameAs\":[\"https:\/\/www.facebook.com\/ageninfra\",\"https:\/\/x.com\/agencia_infra\",\"https:\/\/www.linkedin.com\/company\/ag\u00eanciainfra\/\",\"https:\/\/www.instagram.com\/agenciainfra\/\"]},{\"@type\":\"Person\",\"@id\":\"https:\/\/agenciainfra.com\/blog\/#\/schema\/person\/04dbb79bd6d8951f063da71f3e4c1eb1\",\"name\":\"Rodrigo Zuquim\",\"image\":{\"@type\":\"ImageObject\",\"inLanguage\":\"pt-BR\",\"@id\":\"https:\/\/agenciainfra.com\/blog\/#\/schema\/person\/image\/\",\"url\":\"https:\/\/secure.gravatar.com\/avatar\/594abfe82761d620726242ff34ca472a705a4b97f16c790053a6b4c4035274d0?s=96&d=mm&r=g\",\"contentUrl\":\"https:\/\/secure.gravatar.com\/avatar\/594abfe82761d620726242ff34ca472a705a4b97f16c790053a6b4c4035274d0?s=96&d=mm&r=g\",\"caption\":\"Rodrigo Zuquim\"},\"url\":\"https:\/\/agenciainfra.com\/blog\/author\/rodrigo-zuquim\/\"}]}<\/script>\n<!-- \/ Yoast SEO Premium plugin. -->","yoast_head_json":{"title":"ANTAQ libera terminais em Santos para cobran\u00e7a de taxa para movimentar cont\u00eainer - Ag\u00eancia iNFRA","robots":{"index":"index","follow":"follow","max-snippet":"max-snippet:-1","max-image-preview":"max-image-preview:large","max-video-preview":"max-video-preview:-1"},"canonical":"https:\/\/agenciainfra.com\/blog\/antaq-libera-terminais-em-santos-para-cobranca-de-taxa-para-movimentar-conteiner\/","og_locale":"pt_BR","og_type":"article","og_title":"ANTAQ libera terminais em Santos para cobran\u00e7a de taxa para movimentar cont\u00eainer","og_description":"Dimmi Amora, da Ag\u00eancia iNFRA \u00a0A ANTAQ (Ag\u00eancia Nacional de Transportes Aquavi\u00e1rios) decidiu que os terminais portu\u00e1rios BTP (Brasil Terminal Portu\u00e1rio) e Santos Brasil, em Santos (SP), podem fazer a cobran\u00e7a do SSE\/THC2 (Servi\u00e7o de Segrega\u00e7\u00e3o e Entrega) com suas pr\u00f3prias tabelas de pre\u00e7os a partir de fevereiro deste ano. Os terminais contudo n\u00e3o v\u00e3o [&hellip;]","og_url":"https:\/\/agenciainfra.com\/blog\/antaq-libera-terminais-em-santos-para-cobranca-de-taxa-para-movimentar-conteiner\/","og_site_name":"Ag\u00eancia iNFRA","article_publisher":"https:\/\/www.facebook.com\/ageninfra","article_published_time":"2020-04-13T11:00:44+00:00","og_image":[{"width":678,"height":381,"url":"https:\/\/agenciainfra.com\/blog\/wp-content\/uploads\/2020\/04\/antaq-foto-antaq.png","type":"image\/png"}],"author":"Rodrigo Zuquim","twitter_card":"summary_large_image","twitter_creator":"@agencia_infra","twitter_site":"@agencia_infra","twitter_misc":{"Escrito por":"Rodrigo Zuquim","Est. tempo de leitura":"3 minutos"},"schema":{"@context":"https:\/\/schema.org","@graph":[{"@type":"Article","@id":"https:\/\/agenciainfra.com\/blog\/antaq-libera-terminais-em-santos-para-cobranca-de-taxa-para-movimentar-conteiner\/#article","isPartOf":{"@id":"https:\/\/agenciainfra.com\/blog\/antaq-libera-terminais-em-santos-para-cobranca-de-taxa-para-movimentar-conteiner\/"},"author":{"name":"Rodrigo Zuquim","@id":"https:\/\/agenciainfra.com\/blog\/#\/schema\/person\/04dbb79bd6d8951f063da71f3e4c1eb1"},"headline":"ANTAQ libera terminais em Santos para cobran\u00e7a de taxa para movimentar cont\u00eainer","datePublished":"2020-04-13T11:00:44+00:00","mainEntityOfPage":{"@id":"https:\/\/agenciainfra.com\/blog\/antaq-libera-terminais-em-santos-para-cobranca-de-taxa-para-movimentar-conteiner\/"},"wordCount":583,"publisher":{"@id":"https:\/\/agenciainfra.com\/blog\/#organization"},"image":{"@id":"https:\/\/agenciainfra.com\/blog\/antaq-libera-terminais-em-santos-para-cobranca-de-taxa-para-movimentar-conteiner\/#primaryimage"},"thumbnailUrl":"https:\/\/agenciainfra.com\/blog\/wp-content\/uploads\/2020\/04\/antaq-foto-antaq.png","keywords":["ABTP","Adalberto Tokarski","ANTAQ","Brasil Terminal Portu\u00e1rio","BTP","Cade","Codesp","Francisval Mendes","Marimex","Resolu\u00e7\u00e3o 34","Santos Brasil","SDN","Servi\u00e7o de Segrega\u00e7\u00e3o e Entrega","Sistema de Desempenho da Navega\u00e7\u00e3o","SSE","THC2"],"articleSection":["iNFRATransporte"],"inLanguage":"pt-BR","copyrightYear":"2020","copyrightHolder":{"@id":"https:\/\/agenciainfra.com\/blog\/#organization"}},{"@type":"WebPage","@id":"https:\/\/agenciainfra.com\/blog\/antaq-libera-terminais-em-santos-para-cobranca-de-taxa-para-movimentar-conteiner\/","url":"https:\/\/agenciainfra.com\/blog\/antaq-libera-terminais-em-santos-para-cobranca-de-taxa-para-movimentar-conteiner\/","name":"ANTAQ libera terminais em Santos para cobran\u00e7a de taxa para movimentar cont\u00eainer - Ag\u00eancia iNFRA","isPartOf":{"@id":"https:\/\/agenciainfra.com\/blog\/#website"},"primaryImageOfPage":{"@id":"https:\/\/agenciainfra.com\/blog\/antaq-libera-terminais-em-santos-para-cobranca-de-taxa-para-movimentar-conteiner\/#primaryimage"},"image":{"@id":"https:\/\/agenciainfra.com\/blog\/antaq-libera-terminais-em-santos-para-cobranca-de-taxa-para-movimentar-conteiner\/#primaryimage"},"thumbnailUrl":"https:\/\/agenciainfra.com\/blog\/wp-content\/uploads\/2020\/04\/antaq-foto-antaq.png","datePublished":"2020-04-13T11:00:44+00:00","breadcrumb":{"@id":"https:\/\/agenciainfra.com\/blog\/antaq-libera-terminais-em-santos-para-cobranca-de-taxa-para-movimentar-conteiner\/#breadcrumb"},"inLanguage":"pt-BR","potentialAction":[{"@type":"ReadAction","target":["https:\/\/agenciainfra.com\/blog\/antaq-libera-terminais-em-santos-para-cobranca-de-taxa-para-movimentar-conteiner\/"]}]},{"@type":"ImageObject","inLanguage":"pt-BR","@id":"https:\/\/agenciainfra.com\/blog\/antaq-libera-terminais-em-santos-para-cobranca-de-taxa-para-movimentar-conteiner\/#primaryimage","url":"https:\/\/agenciainfra.com\/blog\/wp-content\/uploads\/2020\/04\/antaq-foto-antaq.png","contentUrl":"https:\/\/agenciainfra.com\/blog\/wp-content\/uploads\/2020\/04\/antaq-foto-antaq.png","width":678,"height":381},{"@type":"BreadcrumbList","@id":"https:\/\/agenciainfra.com\/blog\/antaq-libera-terminais-em-santos-para-cobranca-de-taxa-para-movimentar-conteiner\/#breadcrumb","itemListElement":[{"@type":"ListItem","position":1,"name":"In\u00edcio","item":"https:\/\/agenciainfra.com\/blog\/"},{"@type":"ListItem","position":2,"name":"ANTAQ libera terminais em Santos para cobran\u00e7a de taxa para movimentar cont\u00eainer"}]},{"@type":"WebSite","@id":"https:\/\/agenciainfra.com\/blog\/#website","url":"https:\/\/agenciainfra.com\/blog\/","name":"Ag\u00eancia iNFRA","description":"Multiplataforma de informa\u00e7\u00e3o jornal\u00edstica refer\u00eancia na \u00e1rea de infraestrutura no Brasil!","publisher":{"@id":"https:\/\/agenciainfra.com\/blog\/#organization"},"potentialAction":[{"@type":"SearchAction","target":{"@type":"EntryPoint","urlTemplate":"https:\/\/agenciainfra.com\/blog\/?s={search_term_string}"},"query-input":{"@type":"PropertyValueSpecification","valueRequired":true,"valueName":"search_term_string"}}],"inLanguage":"pt-BR"},{"@type":"Organization","@id":"https:\/\/agenciainfra.com\/blog\/#organization","name":"Ag\u00eancia iNFRA","url":"https:\/\/agenciainfra.com\/blog\/","logo":{"@type":"ImageObject","inLanguage":"pt-BR","@id":"https:\/\/agenciainfra.com\/blog\/#\/schema\/logo\/image\/","url":"https:\/\/agenciainfra.com\/blog\/wp-content\/uploads\/2023\/09\/iNFRA_5-e1761735885940.png","contentUrl":"https:\/\/agenciainfra.com\/blog\/wp-content\/uploads\/2023\/09\/iNFRA_5-e1761735885940.png","width":1672,"height":454,"caption":"Ag\u00eancia iNFRA"},"image":{"@id":"https:\/\/agenciainfra.com\/blog\/#\/schema\/logo\/image\/"},"sameAs":["https:\/\/www.facebook.com\/ageninfra","https:\/\/x.com\/agencia_infra","https:\/\/www.linkedin.com\/company\/ag\u00eanciainfra\/","https:\/\/www.instagram.com\/agenciainfra\/"]},{"@type":"Person","@id":"https:\/\/agenciainfra.com\/blog\/#\/schema\/person\/04dbb79bd6d8951f063da71f3e4c1eb1","name":"Rodrigo Zuquim","image":{"@type":"ImageObject","inLanguage":"pt-BR","@id":"https:\/\/agenciainfra.com\/blog\/#\/schema\/person\/image\/","url":"https:\/\/secure.gravatar.com\/avatar\/594abfe82761d620726242ff34ca472a705a4b97f16c790053a6b4c4035274d0?s=96&d=mm&r=g","contentUrl":"https:\/\/secure.gravatar.com\/avatar\/594abfe82761d620726242ff34ca472a705a4b97f16c790053a6b4c4035274d0?s=96&d=mm&r=g","caption":"Rodrigo Zuquim"},"url":"https:\/\/agenciainfra.com\/blog\/author\/rodrigo-zuquim\/"}]}},"_links":{"self":[{"href":"https:\/\/agenciainfra.com\/blog\/wp-json\/wp\/v2\/posts\/4708","targetHints":{"allow":["GET"]}}],"collection":[{"href":"https:\/\/agenciainfra.com\/blog\/wp-json\/wp\/v2\/posts"}],"about":[{"href":"https:\/\/agenciainfra.com\/blog\/wp-json\/wp\/v2\/types\/post"}],"author":[{"embeddable":true,"href":"https:\/\/agenciainfra.com\/blog\/wp-json\/wp\/v2\/users\/9"}],"replies":[{"embeddable":true,"href":"https:\/\/agenciainfra.com\/blog\/wp-json\/wp\/v2\/comments?post=4708"}],"version-history":[{"count":0,"href":"https:\/\/agenciainfra.com\/blog\/wp-json\/wp\/v2\/posts\/4708\/revisions"}],"wp:featuredmedia":[{"embeddable":true,"href":"https:\/\/agenciainfra.com\/blog\/wp-json\/wp\/v2\/media\/4709"}],"wp:attachment":[{"href":"https:\/\/agenciainfra.com\/blog\/wp-json\/wp\/v2\/media?parent=4708"}],"wp:term":[{"taxonomy":"category","embeddable":true,"href":"https:\/\/agenciainfra.com\/blog\/wp-json\/wp\/v2\/categories?post=4708"},{"taxonomy":"post_tag","embeddable":true,"href":"https:\/\/agenciainfra.com\/blog\/wp-json\/wp\/v2\/tags?post=4708"}],"curies":[{"name":"wp","href":"https:\/\/api.w.org\/{rel}","templated":true}]}}