{"id":4741,"date":"2020-04-20T08:00:20","date_gmt":"2020-04-20T11:00:20","guid":{"rendered":"http:\/\/www.agenciainfra.com\/blog\/?p=4741"},"modified":"2020-04-18T11:23:51","modified_gmt":"2020-04-18T14:23:51","slug":"senador-marcos-rogerio-dem-ro-diz-que-pode-ser-o-relator-da-mp-950-na-casa","status":"publish","type":"post","link":"https:\/\/agenciainfra.com\/blog\/senador-marcos-rogerio-dem-ro-diz-que-pode-ser-o-relator-da-mp-950-na-casa\/","title":{"rendered":"Senador Marcos Rog\u00e9rio diz que pode ser relator da MP de socorro ao setor el\u00e9trico na Casa"},"content":{"rendered":"<h5 style=\"text-align: right;\"><strong>Guilherme Mendes, da Ag\u00eancia iNFRA<\/strong><\/h5>\n<p dir=\"ltr\">O senador Marcos Rog\u00e9rio (DEM-RO) afirmou que \u00e9 um dos principais candidatos \u00e0 relatoria da MP (medida provis\u00f3ria) 950, no Senado Federal. &#8220;H\u00e1 um indicativo de que, de repente, at\u00e9 eu seja o relator&#8221;, comentou, em entrevista \u00e0 <strong>Ag\u00eancia iNFRA <\/strong>na \u00faltima quinta-feira (16).<\/p>\n<p>A conclus\u00e3o seria com base em um acordo interno do Senado, feito na semana passada, de que o autor\u00a0de projeto que tenha\u00a0medidas provis\u00f3rias com o mesmo objeto seja designado\u00a0como relator\u00a0da mat\u00e9ria, afirmou Rog\u00e9rio.<\/p>\n<p>A proposta teria sido feita pela senadora Simone Tebet (MDB-MS) e acatada pelo presidente do Senado, Davi Alcolumbre (DEM-AP). Marcos Rog\u00e9rio \u00e9 o autor do\u00a0<a href=\"https:\/\/agenciainfra.us14.list-manage.com\/track\/click?u=d460dd1bcf9ba0ae040e1fc0f&amp;id=8ba2bfa377&amp;e=c099169394\" target=\"_blank\" rel=\"noopener noreferrer\" data-saferedirecturl=\"https:\/\/www.google.com\/url?q=https:\/\/agenciainfra.us14.list-manage.com\/track\/click?u%3Dd460dd1bcf9ba0ae040e1fc0f%26id%3D8ba2bfa377%26e%3Dc099169394&amp;source=gmail&amp;ust=1587301025435000&amp;usg=AFQjCNHgoRxtTfMESbhlNG7ij8S4Jinrow\">PL 943\/2020<\/a>, sobre o custeio extraordin\u00e1rio das despesas de energia el\u00e9trica de unidades consumidoras alcan\u00e7adas pela TSEE (Tarifa Social de Energia El\u00e9trica).<\/p>\n<p>O senador comentou que se sentiria &#8220;honrado&#8221; caso fosse escolhido. &#8220;Se n\u00e3o for [o relator] tamb\u00e9m, j\u00e1 dei a contribui\u00e7\u00e3o, sugerindo a proposta [do PL 943] e apresentando emendas&#8221;, afirmou. A MP tramitar\u00e1 primeiro na C\u00e2mara dos Deputados, onde tamb\u00e9m n\u00e3o h\u00e1 relator definido.<\/p>\n<p><strong>P&amp;D para cobrir TSEE<\/strong><br \/>\nO senador comentou tamb\u00e9m que defender\u00e1 como prioridade a aloca\u00e7\u00e3o de fundos de P&amp;D (Pesquisa e Desenvolvimento) para a cobertura de um eventual prolongamento do benef\u00edcio de desconto na TSEE (Tarifa Social de Energia El\u00e9trica). Atualmente, o fundo possui cerca de R$ 5 bilh\u00f5es e \u00e9 gerenciado pela ANEEL (Ag\u00eancia Nacional de Energia El\u00e9trica).<\/p>\n<p>Segundo Rog\u00e9rio, a emenda funcionaria como um gatilho para que o Executivo use o recurso caso haja a necessidade de prorrogar o benef\u00edcio al\u00e9m dos tr\u00eas meses inicialmente planejados. &#8220;Se a pandemia n\u00e3o encerra dentro dos 90 dias, teremos que alongar os benef\u00edcios, por mais 90 dias quem sabe. Ser\u00e3o utilizados recursos da Uni\u00e3o, ou ent\u00e3o de P&amp;D?&#8221;, questionou o parlamentar.<\/p>\n<p>A inten\u00e7\u00e3o \u00e9 evitar poss\u00edveis efeitos colaterais das outras alternativas. &#8220;[A emenda] n\u00e3o usa do cofre da Uni\u00e3o, para n\u00e3o pesar em um or\u00e7amento j\u00e1 desidratado. E n\u00e3o usa dos valores da CDE [Conta de Desenvolvimento Energ\u00e9tico], para n\u00e3o pesar os consumidores&#8221;, ponderou o senador.<\/p>\n<p>Para ele, o recurso foi represado ao longo dos \u00faltimos anos, sem que houvesse projetos espec\u00edficos de desenvolvimento e efici\u00eancia energ\u00e9tica na dimens\u00e3o dos volumes arrecadados. &#8220;Em um momento como este, pode-se utilizar deste recurso, para se fazer frente a uma emerg\u00eancia&#8221;, concluiu.<\/p>\n<p>O senador apresentou seis emendas \u00e0 MP, mas considera essa a mais importante, considerando as outras propostas sobre deslocamento de recursos como op\u00e7\u00f5es para o Executivo. Rog\u00e9rio afirmou tamb\u00e9m que ainda n\u00e3o estudou as outras emendas ao projeto, que recebeu 180 propostas de altera\u00e7\u00e3o at\u00e9 a data-limite. Com isso, disse n\u00e3o saber quais seriam outras emendas com maior chance de aprova\u00e7\u00e3o.<\/p>\n","protected":false},"excerpt":{"rendered":"<p>Guilherme Mendes, da Ag\u00eancia iNFRA O senador Marcos Rog\u00e9rio (DEM-RO) afirmou que \u00e9 um dos principais candidatos \u00e0 relatoria da MP (medida provis\u00f3ria) 950, no Senado Federal. &#8220;H\u00e1 um indicativo de que, de repente, at\u00e9 eu seja o relator&#8221;, comentou, em entrevista \u00e0 Ag\u00eancia iNFRA na \u00faltima quinta-feira (16). A conclus\u00e3o seria com base em [&hellip;]<\/p>\n","protected":false},"author":9,"featured_media":4742,"comment_status":"closed","ping_status":"closed","sticky":false,"template":"","format":"standard","meta":{"_monsterinsights_skip_tracking":false,"_monsterinsights_sitenote_active":false,"_monsterinsights_sitenote_note":"","_monsterinsights_sitenote_category":0,"footnotes":""},"categories":[10],"tags":[53,1193,1885,1832,1918,1831,1917],"class_list":["post-4741","post","type-post","status-publish","format-standard","has-post-thumbnail","hentry","category-infraenergia","tag-aneel","tag-marcos-rogerio","tag-mp-950","tag-pd","tag-pl-943-2020","tag-tarifa-social-de-energia-eletrica","tag-tsee"],"yoast_head":"<!-- This site is optimized with the Yoast SEO Premium plugin v25.4 (Yoast SEO v26.0) - https:\/\/yoast.com\/wordpress\/plugins\/seo\/ -->\n<title>Senador Marcos Rog\u00e9rio diz que pode ser relator da MP de socorro ao setor el\u00e9trico na Casa - Ag\u00eancia iNFRA<\/title>\n<meta name=\"robots\" content=\"index, follow, max-snippet:-1, max-image-preview:large, max-video-preview:-1\" \/>\n<link rel=\"canonical\" href=\"https:\/\/agenciainfra.com\/blog\/senador-marcos-rogerio-dem-ro-diz-que-pode-ser-o-relator-da-mp-950-na-casa\/\" \/>\n<meta property=\"og:locale\" content=\"pt_BR\" \/>\n<meta property=\"og:type\" content=\"article\" \/>\n<meta property=\"og:title\" content=\"Senador Marcos Rog\u00e9rio diz que pode ser relator da MP de socorro ao setor el\u00e9trico na Casa\" \/>\n<meta property=\"og:description\" content=\"Guilherme Mendes, da Ag\u00eancia iNFRA O senador Marcos Rog\u00e9rio (DEM-RO) afirmou que \u00e9 um dos principais candidatos \u00e0 relatoria da MP (medida provis\u00f3ria) 950, no Senado Federal. &#8220;H\u00e1 um indicativo de que, de repente, at\u00e9 eu seja o relator&#8221;, comentou, em entrevista \u00e0 Ag\u00eancia iNFRA na \u00faltima quinta-feira (16). A conclus\u00e3o seria com base em [&hellip;]\" \/>\n<meta property=\"og:url\" content=\"https:\/\/agenciainfra.com\/blog\/senador-marcos-rogerio-dem-ro-diz-que-pode-ser-o-relator-da-mp-950-na-casa\/\" \/>\n<meta property=\"og:site_name\" content=\"Ag\u00eancia iNFRA\" \/>\n<meta property=\"article:publisher\" content=\"https:\/\/www.facebook.com\/ageninfra\" \/>\n<meta property=\"article:published_time\" content=\"2020-04-20T11:00:20+00:00\" \/>\n<meta property=\"og:image\" content=\"https:\/\/agenciainfra.com\/blog\/wp-content\/uploads\/2020\/04\/senador-marcos-rogerio-foto-geraldo-magela-agencia-senado.jpg\" \/>\n\t<meta property=\"og:image:width\" content=\"1280\" \/>\n\t<meta property=\"og:image:height\" content=\"854\" \/>\n\t<meta property=\"og:image:type\" content=\"image\/jpeg\" \/>\n<meta name=\"author\" content=\"Rodrigo Zuquim\" \/>\n<meta name=\"twitter:card\" content=\"summary_large_image\" \/>\n<meta name=\"twitter:creator\" content=\"@agencia_infra\" \/>\n<meta name=\"twitter:site\" content=\"@agencia_infra\" \/>\n<meta name=\"twitter:label1\" content=\"Escrito por\" \/>\n\t<meta name=\"twitter:data1\" content=\"Rodrigo Zuquim\" \/>\n\t<meta name=\"twitter:label2\" content=\"Est. tempo de leitura\" \/>\n\t<meta name=\"twitter:data2\" content=\"2 minutos\" \/>\n<script type=\"application\/ld+json\" class=\"yoast-schema-graph\">{\"@context\":\"https:\/\/schema.org\",\"@graph\":[{\"@type\":\"Article\",\"@id\":\"https:\/\/agenciainfra.com\/blog\/senador-marcos-rogerio-dem-ro-diz-que-pode-ser-o-relator-da-mp-950-na-casa\/#article\",\"isPartOf\":{\"@id\":\"https:\/\/agenciainfra.com\/blog\/senador-marcos-rogerio-dem-ro-diz-que-pode-ser-o-relator-da-mp-950-na-casa\/\"},\"author\":{\"name\":\"Rodrigo Zuquim\",\"@id\":\"https:\/\/agenciainfra.com\/blog\/#\/schema\/person\/04dbb79bd6d8951f063da71f3e4c1eb1\"},\"headline\":\"Senador Marcos Rog\u00e9rio diz que pode ser relator da MP de socorro ao setor el\u00e9trico na Casa\",\"datePublished\":\"2020-04-20T11:00:20+00:00\",\"mainEntityOfPage\":{\"@id\":\"https:\/\/agenciainfra.com\/blog\/senador-marcos-rogerio-dem-ro-diz-que-pode-ser-o-relator-da-mp-950-na-casa\/\"},\"wordCount\":511,\"publisher\":{\"@id\":\"https:\/\/agenciainfra.com\/blog\/#organization\"},\"image\":{\"@id\":\"https:\/\/agenciainfra.com\/blog\/senador-marcos-rogerio-dem-ro-diz-que-pode-ser-o-relator-da-mp-950-na-casa\/#primaryimage\"},\"thumbnailUrl\":\"https:\/\/agenciainfra.com\/blog\/wp-content\/uploads\/2020\/04\/senador-marcos-rogerio-foto-geraldo-magela-agencia-senado.jpg\",\"keywords\":[\"ANEEL\",\"Marcos Rog\u00e9rio\",\"MP 950\",\"P&amp;D\",\"PL 943\/2020\",\"Tarifa Social de Energia El\u00e9trica\",\"TSEE\"],\"articleSection\":[\"iNFRAEnergia\"],\"inLanguage\":\"pt-BR\",\"copyrightYear\":\"2020\",\"copyrightHolder\":{\"@id\":\"https:\/\/agenciainfra.com\/blog\/#organization\"}},{\"@type\":\"WebPage\",\"@id\":\"https:\/\/agenciainfra.com\/blog\/senador-marcos-rogerio-dem-ro-diz-que-pode-ser-o-relator-da-mp-950-na-casa\/\",\"url\":\"https:\/\/agenciainfra.com\/blog\/senador-marcos-rogerio-dem-ro-diz-que-pode-ser-o-relator-da-mp-950-na-casa\/\",\"name\":\"Senador Marcos Rog\u00e9rio diz que pode ser relator da MP de socorro ao setor el\u00e9trico na Casa - Ag\u00eancia iNFRA\",\"isPartOf\":{\"@id\":\"https:\/\/agenciainfra.com\/blog\/#website\"},\"primaryImageOfPage\":{\"@id\":\"https:\/\/agenciainfra.com\/blog\/senador-marcos-rogerio-dem-ro-diz-que-pode-ser-o-relator-da-mp-950-na-casa\/#primaryimage\"},\"image\":{\"@id\":\"https:\/\/agenciainfra.com\/blog\/senador-marcos-rogerio-dem-ro-diz-que-pode-ser-o-relator-da-mp-950-na-casa\/#primaryimage\"},\"thumbnailUrl\":\"https:\/\/agenciainfra.com\/blog\/wp-content\/uploads\/2020\/04\/senador-marcos-rogerio-foto-geraldo-magela-agencia-senado.jpg\",\"datePublished\":\"2020-04-20T11:00:20+00:00\",\"breadcrumb\":{\"@id\":\"https:\/\/agenciainfra.com\/blog\/senador-marcos-rogerio-dem-ro-diz-que-pode-ser-o-relator-da-mp-950-na-casa\/#breadcrumb\"},\"inLanguage\":\"pt-BR\",\"potentialAction\":[{\"@type\":\"ReadAction\",\"target\":[\"https:\/\/agenciainfra.com\/blog\/senador-marcos-rogerio-dem-ro-diz-que-pode-ser-o-relator-da-mp-950-na-casa\/\"]}]},{\"@type\":\"ImageObject\",\"inLanguage\":\"pt-BR\",\"@id\":\"https:\/\/agenciainfra.com\/blog\/senador-marcos-rogerio-dem-ro-diz-que-pode-ser-o-relator-da-mp-950-na-casa\/#primaryimage\",\"url\":\"https:\/\/agenciainfra.com\/blog\/wp-content\/uploads\/2020\/04\/senador-marcos-rogerio-foto-geraldo-magela-agencia-senado.jpg\",\"contentUrl\":\"https:\/\/agenciainfra.com\/blog\/wp-content\/uploads\/2020\/04\/senador-marcos-rogerio-foto-geraldo-magela-agencia-senado.jpg\",\"width\":1280,\"height\":854},{\"@type\":\"BreadcrumbList\",\"@id\":\"https:\/\/agenciainfra.com\/blog\/senador-marcos-rogerio-dem-ro-diz-que-pode-ser-o-relator-da-mp-950-na-casa\/#breadcrumb\",\"itemListElement\":[{\"@type\":\"ListItem\",\"position\":1,\"name\":\"In\u00edcio\",\"item\":\"https:\/\/agenciainfra.com\/blog\/\"},{\"@type\":\"ListItem\",\"position\":2,\"name\":\"Senador Marcos Rog\u00e9rio diz que pode ser relator da MP de socorro ao setor el\u00e9trico na Casa\"}]},{\"@type\":\"WebSite\",\"@id\":\"https:\/\/agenciainfra.com\/blog\/#website\",\"url\":\"https:\/\/agenciainfra.com\/blog\/\",\"name\":\"Ag\u00eancia iNFRA\",\"description\":\"Multiplataforma de informa\u00e7\u00e3o jornal\u00edstica refer\u00eancia na \u00e1rea de infraestrutura no Brasil!\",\"publisher\":{\"@id\":\"https:\/\/agenciainfra.com\/blog\/#organization\"},\"potentialAction\":[{\"@type\":\"SearchAction\",\"target\":{\"@type\":\"EntryPoint\",\"urlTemplate\":\"https:\/\/agenciainfra.com\/blog\/?s={search_term_string}\"},\"query-input\":{\"@type\":\"PropertyValueSpecification\",\"valueRequired\":true,\"valueName\":\"search_term_string\"}}],\"inLanguage\":\"pt-BR\"},{\"@type\":\"Organization\",\"@id\":\"https:\/\/agenciainfra.com\/blog\/#organization\",\"name\":\"Ag\u00eancia iNFRA\",\"url\":\"https:\/\/agenciainfra.com\/blog\/\",\"logo\":{\"@type\":\"ImageObject\",\"inLanguage\":\"pt-BR\",\"@id\":\"https:\/\/agenciainfra.com\/blog\/#\/schema\/logo\/image\/\",\"url\":\"https:\/\/agenciainfra.com\/blog\/wp-content\/uploads\/2023\/09\/iNFRA_5-e1761735885940.png\",\"contentUrl\":\"https:\/\/agenciainfra.com\/blog\/wp-content\/uploads\/2023\/09\/iNFRA_5-e1761735885940.png\",\"width\":1672,\"height\":454,\"caption\":\"Ag\u00eancia iNFRA\"},\"image\":{\"@id\":\"https:\/\/agenciainfra.com\/blog\/#\/schema\/logo\/image\/\"},\"sameAs\":[\"https:\/\/www.facebook.com\/ageninfra\",\"https:\/\/x.com\/agencia_infra\",\"https:\/\/www.linkedin.com\/company\/ag\u00eanciainfra\/\",\"https:\/\/www.instagram.com\/agenciainfra\/\"]},{\"@type\":\"Person\",\"@id\":\"https:\/\/agenciainfra.com\/blog\/#\/schema\/person\/04dbb79bd6d8951f063da71f3e4c1eb1\",\"name\":\"Rodrigo Zuquim\",\"image\":{\"@type\":\"ImageObject\",\"inLanguage\":\"pt-BR\",\"@id\":\"https:\/\/agenciainfra.com\/blog\/#\/schema\/person\/image\/\",\"url\":\"https:\/\/secure.gravatar.com\/avatar\/594abfe82761d620726242ff34ca472a705a4b97f16c790053a6b4c4035274d0?s=96&d=mm&r=g\",\"contentUrl\":\"https:\/\/secure.gravatar.com\/avatar\/594abfe82761d620726242ff34ca472a705a4b97f16c790053a6b4c4035274d0?s=96&d=mm&r=g\",\"caption\":\"Rodrigo Zuquim\"},\"url\":\"https:\/\/agenciainfra.com\/blog\/author\/rodrigo-zuquim\/\"}]}<\/script>\n<!-- \/ Yoast SEO Premium plugin. -->","yoast_head_json":{"title":"Senador Marcos Rog\u00e9rio diz que pode ser relator da MP de socorro ao setor el\u00e9trico na Casa - Ag\u00eancia iNFRA","robots":{"index":"index","follow":"follow","max-snippet":"max-snippet:-1","max-image-preview":"max-image-preview:large","max-video-preview":"max-video-preview:-1"},"canonical":"https:\/\/agenciainfra.com\/blog\/senador-marcos-rogerio-dem-ro-diz-que-pode-ser-o-relator-da-mp-950-na-casa\/","og_locale":"pt_BR","og_type":"article","og_title":"Senador Marcos Rog\u00e9rio diz que pode ser relator da MP de socorro ao setor el\u00e9trico na Casa","og_description":"Guilherme Mendes, da Ag\u00eancia iNFRA O senador Marcos Rog\u00e9rio (DEM-RO) afirmou que \u00e9 um dos principais candidatos \u00e0 relatoria da MP (medida provis\u00f3ria) 950, no Senado Federal. &#8220;H\u00e1 um indicativo de que, de repente, at\u00e9 eu seja o relator&#8221;, comentou, em entrevista \u00e0 Ag\u00eancia iNFRA na \u00faltima quinta-feira (16). A conclus\u00e3o seria com base em [&hellip;]","og_url":"https:\/\/agenciainfra.com\/blog\/senador-marcos-rogerio-dem-ro-diz-que-pode-ser-o-relator-da-mp-950-na-casa\/","og_site_name":"Ag\u00eancia iNFRA","article_publisher":"https:\/\/www.facebook.com\/ageninfra","article_published_time":"2020-04-20T11:00:20+00:00","og_image":[{"width":1280,"height":854,"url":"https:\/\/agenciainfra.com\/blog\/wp-content\/uploads\/2020\/04\/senador-marcos-rogerio-foto-geraldo-magela-agencia-senado.jpg","type":"image\/jpeg"}],"author":"Rodrigo Zuquim","twitter_card":"summary_large_image","twitter_creator":"@agencia_infra","twitter_site":"@agencia_infra","twitter_misc":{"Escrito por":"Rodrigo Zuquim","Est. tempo de leitura":"2 minutos"},"schema":{"@context":"https:\/\/schema.org","@graph":[{"@type":"Article","@id":"https:\/\/agenciainfra.com\/blog\/senador-marcos-rogerio-dem-ro-diz-que-pode-ser-o-relator-da-mp-950-na-casa\/#article","isPartOf":{"@id":"https:\/\/agenciainfra.com\/blog\/senador-marcos-rogerio-dem-ro-diz-que-pode-ser-o-relator-da-mp-950-na-casa\/"},"author":{"name":"Rodrigo Zuquim","@id":"https:\/\/agenciainfra.com\/blog\/#\/schema\/person\/04dbb79bd6d8951f063da71f3e4c1eb1"},"headline":"Senador Marcos Rog\u00e9rio diz que pode ser relator da MP de socorro ao setor el\u00e9trico na Casa","datePublished":"2020-04-20T11:00:20+00:00","mainEntityOfPage":{"@id":"https:\/\/agenciainfra.com\/blog\/senador-marcos-rogerio-dem-ro-diz-que-pode-ser-o-relator-da-mp-950-na-casa\/"},"wordCount":511,"publisher":{"@id":"https:\/\/agenciainfra.com\/blog\/#organization"},"image":{"@id":"https:\/\/agenciainfra.com\/blog\/senador-marcos-rogerio-dem-ro-diz-que-pode-ser-o-relator-da-mp-950-na-casa\/#primaryimage"},"thumbnailUrl":"https:\/\/agenciainfra.com\/blog\/wp-content\/uploads\/2020\/04\/senador-marcos-rogerio-foto-geraldo-magela-agencia-senado.jpg","keywords":["ANEEL","Marcos Rog\u00e9rio","MP 950","P&amp;D","PL 943\/2020","Tarifa Social de Energia El\u00e9trica","TSEE"],"articleSection":["iNFRAEnergia"],"inLanguage":"pt-BR","copyrightYear":"2020","copyrightHolder":{"@id":"https:\/\/agenciainfra.com\/blog\/#organization"}},{"@type":"WebPage","@id":"https:\/\/agenciainfra.com\/blog\/senador-marcos-rogerio-dem-ro-diz-que-pode-ser-o-relator-da-mp-950-na-casa\/","url":"https:\/\/agenciainfra.com\/blog\/senador-marcos-rogerio-dem-ro-diz-que-pode-ser-o-relator-da-mp-950-na-casa\/","name":"Senador Marcos Rog\u00e9rio diz que pode ser relator da MP de socorro ao setor el\u00e9trico na Casa - Ag\u00eancia iNFRA","isPartOf":{"@id":"https:\/\/agenciainfra.com\/blog\/#website"},"primaryImageOfPage":{"@id":"https:\/\/agenciainfra.com\/blog\/senador-marcos-rogerio-dem-ro-diz-que-pode-ser-o-relator-da-mp-950-na-casa\/#primaryimage"},"image":{"@id":"https:\/\/agenciainfra.com\/blog\/senador-marcos-rogerio-dem-ro-diz-que-pode-ser-o-relator-da-mp-950-na-casa\/#primaryimage"},"thumbnailUrl":"https:\/\/agenciainfra.com\/blog\/wp-content\/uploads\/2020\/04\/senador-marcos-rogerio-foto-geraldo-magela-agencia-senado.jpg","datePublished":"2020-04-20T11:00:20+00:00","breadcrumb":{"@id":"https:\/\/agenciainfra.com\/blog\/senador-marcos-rogerio-dem-ro-diz-que-pode-ser-o-relator-da-mp-950-na-casa\/#breadcrumb"},"inLanguage":"pt-BR","potentialAction":[{"@type":"ReadAction","target":["https:\/\/agenciainfra.com\/blog\/senador-marcos-rogerio-dem-ro-diz-que-pode-ser-o-relator-da-mp-950-na-casa\/"]}]},{"@type":"ImageObject","inLanguage":"pt-BR","@id":"https:\/\/agenciainfra.com\/blog\/senador-marcos-rogerio-dem-ro-diz-que-pode-ser-o-relator-da-mp-950-na-casa\/#primaryimage","url":"https:\/\/agenciainfra.com\/blog\/wp-content\/uploads\/2020\/04\/senador-marcos-rogerio-foto-geraldo-magela-agencia-senado.jpg","contentUrl":"https:\/\/agenciainfra.com\/blog\/wp-content\/uploads\/2020\/04\/senador-marcos-rogerio-foto-geraldo-magela-agencia-senado.jpg","width":1280,"height":854},{"@type":"BreadcrumbList","@id":"https:\/\/agenciainfra.com\/blog\/senador-marcos-rogerio-dem-ro-diz-que-pode-ser-o-relator-da-mp-950-na-casa\/#breadcrumb","itemListElement":[{"@type":"ListItem","position":1,"name":"In\u00edcio","item":"https:\/\/agenciainfra.com\/blog\/"},{"@type":"ListItem","position":2,"name":"Senador Marcos Rog\u00e9rio diz que pode ser relator da MP de socorro ao setor el\u00e9trico na Casa"}]},{"@type":"WebSite","@id":"https:\/\/agenciainfra.com\/blog\/#website","url":"https:\/\/agenciainfra.com\/blog\/","name":"Ag\u00eancia iNFRA","description":"Multiplataforma de informa\u00e7\u00e3o jornal\u00edstica refer\u00eancia na \u00e1rea de infraestrutura no Brasil!","publisher":{"@id":"https:\/\/agenciainfra.com\/blog\/#organization"},"potentialAction":[{"@type":"SearchAction","target":{"@type":"EntryPoint","urlTemplate":"https:\/\/agenciainfra.com\/blog\/?s={search_term_string}"},"query-input":{"@type":"PropertyValueSpecification","valueRequired":true,"valueName":"search_term_string"}}],"inLanguage":"pt-BR"},{"@type":"Organization","@id":"https:\/\/agenciainfra.com\/blog\/#organization","name":"Ag\u00eancia iNFRA","url":"https:\/\/agenciainfra.com\/blog\/","logo":{"@type":"ImageObject","inLanguage":"pt-BR","@id":"https:\/\/agenciainfra.com\/blog\/#\/schema\/logo\/image\/","url":"https:\/\/agenciainfra.com\/blog\/wp-content\/uploads\/2023\/09\/iNFRA_5-e1761735885940.png","contentUrl":"https:\/\/agenciainfra.com\/blog\/wp-content\/uploads\/2023\/09\/iNFRA_5-e1761735885940.png","width":1672,"height":454,"caption":"Ag\u00eancia iNFRA"},"image":{"@id":"https:\/\/agenciainfra.com\/blog\/#\/schema\/logo\/image\/"},"sameAs":["https:\/\/www.facebook.com\/ageninfra","https:\/\/x.com\/agencia_infra","https:\/\/www.linkedin.com\/company\/ag\u00eanciainfra\/","https:\/\/www.instagram.com\/agenciainfra\/"]},{"@type":"Person","@id":"https:\/\/agenciainfra.com\/blog\/#\/schema\/person\/04dbb79bd6d8951f063da71f3e4c1eb1","name":"Rodrigo Zuquim","image":{"@type":"ImageObject","inLanguage":"pt-BR","@id":"https:\/\/agenciainfra.com\/blog\/#\/schema\/person\/image\/","url":"https:\/\/secure.gravatar.com\/avatar\/594abfe82761d620726242ff34ca472a705a4b97f16c790053a6b4c4035274d0?s=96&d=mm&r=g","contentUrl":"https:\/\/secure.gravatar.com\/avatar\/594abfe82761d620726242ff34ca472a705a4b97f16c790053a6b4c4035274d0?s=96&d=mm&r=g","caption":"Rodrigo Zuquim"},"url":"https:\/\/agenciainfra.com\/blog\/author\/rodrigo-zuquim\/"}]}},"_links":{"self":[{"href":"https:\/\/agenciainfra.com\/blog\/wp-json\/wp\/v2\/posts\/4741","targetHints":{"allow":["GET"]}}],"collection":[{"href":"https:\/\/agenciainfra.com\/blog\/wp-json\/wp\/v2\/posts"}],"about":[{"href":"https:\/\/agenciainfra.com\/blog\/wp-json\/wp\/v2\/types\/post"}],"author":[{"embeddable":true,"href":"https:\/\/agenciainfra.com\/blog\/wp-json\/wp\/v2\/users\/9"}],"replies":[{"embeddable":true,"href":"https:\/\/agenciainfra.com\/blog\/wp-json\/wp\/v2\/comments?post=4741"}],"version-history":[{"count":0,"href":"https:\/\/agenciainfra.com\/blog\/wp-json\/wp\/v2\/posts\/4741\/revisions"}],"wp:featuredmedia":[{"embeddable":true,"href":"https:\/\/agenciainfra.com\/blog\/wp-json\/wp\/v2\/media\/4742"}],"wp:attachment":[{"href":"https:\/\/agenciainfra.com\/blog\/wp-json\/wp\/v2\/media?parent=4741"}],"wp:term":[{"taxonomy":"category","embeddable":true,"href":"https:\/\/agenciainfra.com\/blog\/wp-json\/wp\/v2\/categories?post=4741"},{"taxonomy":"post_tag","embeddable":true,"href":"https:\/\/agenciainfra.com\/blog\/wp-json\/wp\/v2\/tags?post=4741"}],"curies":[{"name":"wp","href":"https:\/\/api.w.org\/{rel}","templated":true}]}}