{"id":4749,"date":"2020-04-23T08:00:12","date_gmt":"2020-04-23T11:00:12","guid":{"rendered":"http:\/\/www.agenciainfra.com\/blog\/?p=4749"},"modified":"2020-04-22T18:39:46","modified_gmt":"2020-04-22T21:39:46","slug":"aneel-propoe-renegociacao-de-contratos-de-energia-entre-distribuidoras-e-geradoras-em-troca-de-beneficios","status":"publish","type":"post","link":"https:\/\/agenciainfra.com\/blog\/aneel-propoe-renegociacao-de-contratos-de-energia-entre-distribuidoras-e-geradoras-em-troca-de-beneficios\/","title":{"rendered":"ANEEL prop\u00f5e renegocia\u00e7\u00e3o de contratos de energia entre distribuidoras e geradoras em troca de benef\u00edcios"},"content":{"rendered":"<h5 style=\"text-align: right;\"><strong>Leila Coimbra e Guilherme Mendes,\u00a0da Ag\u00eancia iNFRA<\/strong><\/h5>\n<p dir=\"ltr\">A \u00e1rea t\u00e9cnica da ANEEL (Ag\u00eancia Nacional de Energia El\u00e9trica) prop\u00f4s uma renegocia\u00e7\u00e3o entre os agentes de gera\u00e7\u00e3o e de distribui\u00e7\u00e3o para a modula\u00e7\u00e3o de pagamentos relativos \u00e0 compra de energia, mediada pelo \u00f3rg\u00e3o regulador. As propostas est\u00e3o presentes em uma\u00a0<a href=\"https:\/\/agenciainfra.us14.list-manage.com\/track\/click?u=d460dd1bcf9ba0ae040e1fc0f&amp;id=b1ef804c0c&amp;e=c099169394\" target=\"_blank\" rel=\"noopener noreferrer\" data-saferedirecturl=\"https:\/\/www.google.com\/url?q=https:\/\/agenciainfra.us14.list-manage.com\/track\/click?u%3Dd460dd1bcf9ba0ae040e1fc0f%26id%3Db1ef804c0c%26e%3Dc099169394&amp;source=gmail&amp;ust=1587649321799000&amp;usg=AFQjCNENqMjsxTmZd1Vvd0sq-AZliGznGw\">nota t\u00e9cnica<\/a>, datada da \u00faltima quinta-feira (16), que poder\u00e3o nortear futuras a\u00e7\u00f5es da ag\u00eancia.<\/p>\n<p>Essa renegocia\u00e7\u00e3o seria facultativa, e n\u00e3o obrigat\u00f3ria, e mediada pela ag\u00eancia. Em troca, os geradores que se mostrassem dispostos poderiam ter a extens\u00e3o dos contratos de concess\u00e3o que est\u00e3o pr\u00f3ximos ao encerramento. Quem aderisse \u00e0 medida emergencial anunciada pelo BNDES, conhecida como standstill \u2013 de suspensa\u0303o por seis meses de amortizac\u0327o\u0303es de empre\u0301stimos contratados junto ao banco \u2013, repassaria esse benef\u00edcio aos distribuidores.<\/p>\n<p><strong>Quatro ou cinco geradores<\/strong><br \/>\nA nota sinaliza uma mudan\u00e7a de discurso dentro do governo e da ANEEL. Antes, o racioc\u00ednio era manter somente nas distribuidoras os problemas econ\u00f4micos e financeiros causados com a pandemia de Covid-19, e socorr\u00ea-las com um empr\u00e9stimo entre R$ 15 bilh\u00f5es a R$ 20 bilh\u00f5es. O objetivo era n\u00e3o contaminar o restante da cadeia como geradoras e transmissoras. Mas as distribuidoras pediam para dividir os preju\u00edzos.<\/p>\n<p>No primeiro momento, os geradores n\u00e3o aceitaram nenhum tipo de revis\u00e3o de compra e venda de energia. Mas agora a postura mudou: essa renegocia\u00e7\u00e3o dos contratos, com contrapartidas, interessaria a um grupo de quatro ou cinco grandes geradores, disse uma fonte \u00e0\u00a0<strong>Ag\u00eancia iNFRA.<\/strong><\/p>\n<p>Al\u00e9m disso, a medida contribuiria para desidratar o empr\u00e9stimo do socorro \u00e0s distribuidoras, diminuindo os reajustes aos consumidores.<\/p>\n<p>Para a consultoria Thymos, a renegocia\u00e7\u00e3o dos contratos de energia resolve apenas parcialmente o problema, e o empr\u00e9stimo continua necess\u00e1rio e urgente. \u201cO principal problema \u00e9 a sobrecontrata\u00e7\u00e3o com perda de resultados das distribuidoras e impactos imediatos no fluxo de caixa, e a regula\u00e7\u00e3o atual com a possibilidade de reconhecer repasse acima de 105% pode resolver ou atenuar o problema econ\u00f4mico, mas n\u00e3o resolve o financeiro. Por isso sugerimos inje\u00e7\u00e3o de capital novo com repasse tarif\u00e1rio futuro e blindando o problema nas distribuidoras\u201d, disse em nota a consultoria.<\/p>\n<p><strong>Carona no Corona<\/strong><br \/>\nA Thymos alerta para outro ponto: o problema de sobrecontrata\u00e7\u00e3o nas distribuidoras j\u00e1 existia antes da Covid-19, e isso n\u00e3o pode ser calculado como um problema da pandemia e repassado como custo para o restante da cadeia, sejam geradores ou consumidores. Essa proposta de resolver toda a sobrecontrata\u00e7\u00e3o em um pacote apenas foi apelidada no mercado de \u201ccarona no Corona [v\u00edrus]\u201d.<\/p>\n<p>\u201cO problema da sobrecontrata\u00e7\u00e3o j\u00e1 existia e foi acentuado pela crise, portanto deve ser calculado o adicional da crise e n\u00e3o buscar uma solu\u00e7\u00e3o para o todo. Os demais mecanismos com ajustes com os geradores \u00e9 o que deve ser evitado, pois os CCEARs s\u00e3o considerados pelo mercado financeiro de baixo risco e representam um sucesso na viabilidade da expans\u00e3o e sua financiabilidade\u201d, afirma o relat\u00f3rio da consultoria.<\/p>\n<p><strong>Outras propostas<\/strong><br \/>\nO texto busca tamb\u00e9m aconselhar a ag\u00eancia para a revis\u00e3o do or\u00e7amento da CDE (Conta de Desenvolvimento Energ\u00e9tico), al\u00e9m da futura revis\u00e3o da al\u00edquota da TFSEE (Taxa de Fiscaliza\u00e7\u00e3o dos Servi\u00e7os de Energia El\u00e9trica).<\/p>\n<p>Na \u00e1rea relativa a encargos setoriais, os sete t\u00e9cnicos que assinam a nota apontam que, com o cen\u00e1rio de pandemia, &#8220;lida-se com a possibilidade de desvincula\u00e7\u00e3o de algumas receitas, de modo a utiliz\u00e1-las para garantir opera\u00e7\u00f5es de empr\u00e9stimos, em especial as destinadas ao segmento de Distribui\u00e7\u00e3o, porta de entrada de caixa do setor el\u00e9trico, sob o qual a preserva\u00e7\u00e3o garanta, no fim das contas, a preserva\u00e7\u00e3o de toda cadeia&#8221;.<\/p>\n<p>O texto ainda prop\u00f5e avaliar a possibilidade de modula\u00e7\u00e3o e libera\u00e7\u00e3o de liquidez no Proinfa (Programa de Incentivo \u00e0s Fontes Alternativas), nos ESS (Encargos de Servi\u00e7o de Sistema) e nos ERR (Encargos de Energia de Reserva).<\/p>\n<p><strong>Bandeiras: R$ 1,37 bi<\/strong><br \/>\nO texto prop\u00f5e que o superavit acumulado no caixa das distribuidoras, de R$ 1,37 bilha\u0303o, com as bandeiras tarif\u00e1rias, tamb\u00e9m pode ser usado para abater do valor do empr\u00e9stimo. Isso seria poss\u00edvel porque est\u00e1 programada a bandeira verde para todo o ano de 2020, na atual conjuntura de sobreoferta de energia.<\/p>\n<p><strong>Parcela de ajuste<\/strong><br \/>\nUma outra medida apresentada na nota j\u00e1 foi colocada em pr\u00e1tica: na segunda-feira (20), a ANEEL liberou, pelos pr\u00f3ximos tr\u00eas meses, cerca de R$ 432,6 milh\u00f5es, advindos da parcela de ajuste, para aliviar custos de transmiss\u00e3o no segmento do consumo. A medida foi acolhida durante a reuni\u00e3o ordin\u00e1ria da diretoria.<\/p>\n<p>Na pr\u00e1tica, a ag\u00eancia autoriza o ONS (Operador Nacional do Sistema El\u00e9trico) a deduzir mensalmente os EUST (Encargos de Uso do Sistema de Transmiss\u00e3o) da rede b\u00e1sica, do segmento de consumo, como antecipa\u00e7\u00e3o da PA (Parcela de Ajuste), que seria considerada a partir do Ciclo Tarif\u00e1rio 2020\/2021, que se inicia em 1\u00ba de julho deste ano. O montante no primeiro m\u00eas ser\u00e1 de R$ 144,2 milh\u00f5es, sendo reajustado nos meses seguintes.<\/p>\n<p>O valor do desconto de cada usu\u00e1rio ser\u00e1 calculado de maneira proporcional, de acordo com os EUST no respectivo m\u00eas de apura\u00e7\u00e3o. De acordo com o diretor-geral da ANEEL, Andr\u00e9 Pepitone, 90% da dedu\u00e7\u00e3o alcan\u00e7ar\u00e1 o setor de distribui\u00e7\u00e3o, e os outros 10% atingir\u00e3o o mercado livre.<\/p>\n<p>Na reuni\u00e3o, a ANEEL tamb\u00e9m autorizou o ONS a postergar a cobran\u00e7a das PIS (Parcelas de Inefici\u00eancia por\u00a0Sobrecontrata\u00e7\u00e3o) do ano de 2019 para outubro de 2020<\/p>\n<p>H\u00e1 duas semanas, a diretoria determinou que a CCEE (C\u00e2mara de Comercializa\u00e7\u00e3o de Energia El\u00e9trica) liberasse cerca de R$ 1,5 bilh\u00e3o a agentes do mercado regulado e R$ 500 milh\u00f5es no mercado livre, por meio de um fundo de reserva para al\u00edvio futuro de encargos \u2013 medida esta tamb\u00e9m presente na nota.<\/p>\n","protected":false},"excerpt":{"rendered":"<p>Leila Coimbra e Guilherme Mendes,\u00a0da Ag\u00eancia iNFRA A \u00e1rea t\u00e9cnica da ANEEL (Ag\u00eancia Nacional de Energia El\u00e9trica) prop\u00f4s uma renegocia\u00e7\u00e3o entre os agentes de gera\u00e7\u00e3o e de distribui\u00e7\u00e3o para a modula\u00e7\u00e3o de pagamentos relativos \u00e0 compra de energia, mediada pelo \u00f3rg\u00e3o regulador. As propostas est\u00e3o presentes em uma\u00a0nota t\u00e9cnica, datada da \u00faltima quinta-feira (16), que [&hellip;]<\/p>\n","protected":false},"author":9,"featured_media":4750,"comment_status":"closed","ping_status":"closed","sticky":false,"template":"","format":"standard","meta":{"_monsterinsights_skip_tracking":false,"_monsterinsights_sitenote_active":false,"_monsterinsights_sitenote_note":"","_monsterinsights_sitenote_category":0,"footnotes":""},"categories":[10],"tags":[820,53,833,103,14,1759,282,216,1920,1170],"class_list":["post-4749","post","type-post","status-publish","format-standard","has-post-thumbnail","hentry","category-infraenergia","tag-andre-pepitone","tag-aneel","tag-bandeiras-tarifarias","tag-bndes","tag-ccee","tag-covid-19","tag-energia-eletrica","tag-ons","tag-standstill","tag-thymos"],"yoast_head":"<!-- This site is optimized with the Yoast SEO Premium plugin v25.4 (Yoast SEO v26.0) - https:\/\/yoast.com\/wordpress\/plugins\/seo\/ -->\n<title>ANEEL prop\u00f5e renegocia\u00e7\u00e3o de contratos de energia entre distribuidoras e geradoras em troca de benef\u00edcios - Ag\u00eancia iNFRA<\/title>\n<meta name=\"robots\" content=\"index, follow, max-snippet:-1, max-image-preview:large, max-video-preview:-1\" \/>\n<link rel=\"canonical\" href=\"https:\/\/agenciainfra.com\/blog\/aneel-propoe-renegociacao-de-contratos-de-energia-entre-distribuidoras-e-geradoras-em-troca-de-beneficios\/\" \/>\n<meta property=\"og:locale\" content=\"pt_BR\" \/>\n<meta property=\"og:type\" content=\"article\" \/>\n<meta property=\"og:title\" content=\"ANEEL prop\u00f5e renegocia\u00e7\u00e3o de contratos de energia entre distribuidoras e geradoras em troca de benef\u00edcios\" \/>\n<meta property=\"og:description\" content=\"Leila Coimbra e Guilherme Mendes,\u00a0da Ag\u00eancia iNFRA A \u00e1rea t\u00e9cnica da ANEEL (Ag\u00eancia Nacional de Energia El\u00e9trica) prop\u00f4s uma renegocia\u00e7\u00e3o entre os agentes de gera\u00e7\u00e3o e de distribui\u00e7\u00e3o para a modula\u00e7\u00e3o de pagamentos relativos \u00e0 compra de energia, mediada pelo \u00f3rg\u00e3o regulador. As propostas est\u00e3o presentes em uma\u00a0nota t\u00e9cnica, datada da \u00faltima quinta-feira (16), que [&hellip;]\" \/>\n<meta property=\"og:url\" content=\"https:\/\/agenciainfra.com\/blog\/aneel-propoe-renegociacao-de-contratos-de-energia-entre-distribuidoras-e-geradoras-em-troca-de-beneficios\/\" \/>\n<meta property=\"og:site_name\" content=\"Ag\u00eancia iNFRA\" \/>\n<meta property=\"article:publisher\" content=\"https:\/\/www.facebook.com\/ageninfra\" \/>\n<meta property=\"article:published_time\" content=\"2020-04-23T11:00:12+00:00\" \/>\n<meta property=\"og:image\" content=\"https:\/\/agenciainfra.com\/blog\/wp-content\/uploads\/2020\/04\/linha-energia-foto-dominio-publico.jpg\" \/>\n\t<meta property=\"og:image:width\" content=\"1280\" \/>\n\t<meta property=\"og:image:height\" content=\"854\" \/>\n\t<meta property=\"og:image:type\" content=\"image\/jpeg\" \/>\n<meta name=\"author\" content=\"Rodrigo Zuquim\" \/>\n<meta name=\"twitter:card\" content=\"summary_large_image\" \/>\n<meta name=\"twitter:creator\" content=\"@agencia_infra\" \/>\n<meta name=\"twitter:site\" content=\"@agencia_infra\" \/>\n<meta name=\"twitter:label1\" content=\"Escrito por\" \/>\n\t<meta name=\"twitter:data1\" content=\"Rodrigo Zuquim\" \/>\n\t<meta name=\"twitter:label2\" content=\"Est. tempo de leitura\" \/>\n\t<meta name=\"twitter:data2\" content=\"5 minutos\" \/>\n<script type=\"application\/ld+json\" class=\"yoast-schema-graph\">{\"@context\":\"https:\/\/schema.org\",\"@graph\":[{\"@type\":\"Article\",\"@id\":\"https:\/\/agenciainfra.com\/blog\/aneel-propoe-renegociacao-de-contratos-de-energia-entre-distribuidoras-e-geradoras-em-troca-de-beneficios\/#article\",\"isPartOf\":{\"@id\":\"https:\/\/agenciainfra.com\/blog\/aneel-propoe-renegociacao-de-contratos-de-energia-entre-distribuidoras-e-geradoras-em-troca-de-beneficios\/\"},\"author\":{\"name\":\"Rodrigo Zuquim\",\"@id\":\"https:\/\/agenciainfra.com\/blog\/#\/schema\/person\/04dbb79bd6d8951f063da71f3e4c1eb1\"},\"headline\":\"ANEEL prop\u00f5e renegocia\u00e7\u00e3o de contratos de energia entre distribuidoras e geradoras em troca de benef\u00edcios\",\"datePublished\":\"2020-04-23T11:00:12+00:00\",\"mainEntityOfPage\":{\"@id\":\"https:\/\/agenciainfra.com\/blog\/aneel-propoe-renegociacao-de-contratos-de-energia-entre-distribuidoras-e-geradoras-em-troca-de-beneficios\/\"},\"wordCount\":1044,\"publisher\":{\"@id\":\"https:\/\/agenciainfra.com\/blog\/#organization\"},\"image\":{\"@id\":\"https:\/\/agenciainfra.com\/blog\/aneel-propoe-renegociacao-de-contratos-de-energia-entre-distribuidoras-e-geradoras-em-troca-de-beneficios\/#primaryimage\"},\"thumbnailUrl\":\"https:\/\/agenciainfra.com\/blog\/wp-content\/uploads\/2020\/04\/linha-energia-foto-dominio-publico.jpg\",\"keywords\":[\"Andr\u00e9 Pepitone\",\"ANEEL\",\"bandeiras tarif\u00e1rias\",\"BNDES\",\"ccee\",\"Covid-19\",\"energia el\u00e9trica\",\"ONS\",\"standstill\",\"Thymos\"],\"articleSection\":[\"iNFRAEnergia\"],\"inLanguage\":\"pt-BR\",\"copyrightYear\":\"2020\",\"copyrightHolder\":{\"@id\":\"https:\/\/agenciainfra.com\/blog\/#organization\"}},{\"@type\":\"WebPage\",\"@id\":\"https:\/\/agenciainfra.com\/blog\/aneel-propoe-renegociacao-de-contratos-de-energia-entre-distribuidoras-e-geradoras-em-troca-de-beneficios\/\",\"url\":\"https:\/\/agenciainfra.com\/blog\/aneel-propoe-renegociacao-de-contratos-de-energia-entre-distribuidoras-e-geradoras-em-troca-de-beneficios\/\",\"name\":\"ANEEL prop\u00f5e renegocia\u00e7\u00e3o de contratos de energia entre distribuidoras e geradoras em troca de benef\u00edcios - Ag\u00eancia iNFRA\",\"isPartOf\":{\"@id\":\"https:\/\/agenciainfra.com\/blog\/#website\"},\"primaryImageOfPage\":{\"@id\":\"https:\/\/agenciainfra.com\/blog\/aneel-propoe-renegociacao-de-contratos-de-energia-entre-distribuidoras-e-geradoras-em-troca-de-beneficios\/#primaryimage\"},\"image\":{\"@id\":\"https:\/\/agenciainfra.com\/blog\/aneel-propoe-renegociacao-de-contratos-de-energia-entre-distribuidoras-e-geradoras-em-troca-de-beneficios\/#primaryimage\"},\"thumbnailUrl\":\"https:\/\/agenciainfra.com\/blog\/wp-content\/uploads\/2020\/04\/linha-energia-foto-dominio-publico.jpg\",\"datePublished\":\"2020-04-23T11:00:12+00:00\",\"breadcrumb\":{\"@id\":\"https:\/\/agenciainfra.com\/blog\/aneel-propoe-renegociacao-de-contratos-de-energia-entre-distribuidoras-e-geradoras-em-troca-de-beneficios\/#breadcrumb\"},\"inLanguage\":\"pt-BR\",\"potentialAction\":[{\"@type\":\"ReadAction\",\"target\":[\"https:\/\/agenciainfra.com\/blog\/aneel-propoe-renegociacao-de-contratos-de-energia-entre-distribuidoras-e-geradoras-em-troca-de-beneficios\/\"]}]},{\"@type\":\"ImageObject\",\"inLanguage\":\"pt-BR\",\"@id\":\"https:\/\/agenciainfra.com\/blog\/aneel-propoe-renegociacao-de-contratos-de-energia-entre-distribuidoras-e-geradoras-em-troca-de-beneficios\/#primaryimage\",\"url\":\"https:\/\/agenciainfra.com\/blog\/wp-content\/uploads\/2020\/04\/linha-energia-foto-dominio-publico.jpg\",\"contentUrl\":\"https:\/\/agenciainfra.com\/blog\/wp-content\/uploads\/2020\/04\/linha-energia-foto-dominio-publico.jpg\",\"width\":1280,\"height\":854},{\"@type\":\"BreadcrumbList\",\"@id\":\"https:\/\/agenciainfra.com\/blog\/aneel-propoe-renegociacao-de-contratos-de-energia-entre-distribuidoras-e-geradoras-em-troca-de-beneficios\/#breadcrumb\",\"itemListElement\":[{\"@type\":\"ListItem\",\"position\":1,\"name\":\"In\u00edcio\",\"item\":\"https:\/\/agenciainfra.com\/blog\/\"},{\"@type\":\"ListItem\",\"position\":2,\"name\":\"ANEEL prop\u00f5e renegocia\u00e7\u00e3o de contratos de energia entre distribuidoras e geradoras em troca de benef\u00edcios\"}]},{\"@type\":\"WebSite\",\"@id\":\"https:\/\/agenciainfra.com\/blog\/#website\",\"url\":\"https:\/\/agenciainfra.com\/blog\/\",\"name\":\"Ag\u00eancia iNFRA\",\"description\":\"Multiplataforma de informa\u00e7\u00e3o jornal\u00edstica refer\u00eancia na \u00e1rea de infraestrutura no Brasil!\",\"publisher\":{\"@id\":\"https:\/\/agenciainfra.com\/blog\/#organization\"},\"potentialAction\":[{\"@type\":\"SearchAction\",\"target\":{\"@type\":\"EntryPoint\",\"urlTemplate\":\"https:\/\/agenciainfra.com\/blog\/?s={search_term_string}\"},\"query-input\":{\"@type\":\"PropertyValueSpecification\",\"valueRequired\":true,\"valueName\":\"search_term_string\"}}],\"inLanguage\":\"pt-BR\"},{\"@type\":\"Organization\",\"@id\":\"https:\/\/agenciainfra.com\/blog\/#organization\",\"name\":\"Ag\u00eancia iNFRA\",\"url\":\"https:\/\/agenciainfra.com\/blog\/\",\"logo\":{\"@type\":\"ImageObject\",\"inLanguage\":\"pt-BR\",\"@id\":\"https:\/\/agenciainfra.com\/blog\/#\/schema\/logo\/image\/\",\"url\":\"https:\/\/agenciainfra.com\/blog\/wp-content\/uploads\/2023\/09\/iNFRA_5-e1761735885940.png\",\"contentUrl\":\"https:\/\/agenciainfra.com\/blog\/wp-content\/uploads\/2023\/09\/iNFRA_5-e1761735885940.png\",\"width\":1672,\"height\":454,\"caption\":\"Ag\u00eancia iNFRA\"},\"image\":{\"@id\":\"https:\/\/agenciainfra.com\/blog\/#\/schema\/logo\/image\/\"},\"sameAs\":[\"https:\/\/www.facebook.com\/ageninfra\",\"https:\/\/x.com\/agencia_infra\",\"https:\/\/www.linkedin.com\/company\/ag\u00eanciainfra\/\",\"https:\/\/www.instagram.com\/agenciainfra\/\"]},{\"@type\":\"Person\",\"@id\":\"https:\/\/agenciainfra.com\/blog\/#\/schema\/person\/04dbb79bd6d8951f063da71f3e4c1eb1\",\"name\":\"Rodrigo Zuquim\",\"image\":{\"@type\":\"ImageObject\",\"inLanguage\":\"pt-BR\",\"@id\":\"https:\/\/agenciainfra.com\/blog\/#\/schema\/person\/image\/\",\"url\":\"https:\/\/secure.gravatar.com\/avatar\/594abfe82761d620726242ff34ca472a705a4b97f16c790053a6b4c4035274d0?s=96&d=mm&r=g\",\"contentUrl\":\"https:\/\/secure.gravatar.com\/avatar\/594abfe82761d620726242ff34ca472a705a4b97f16c790053a6b4c4035274d0?s=96&d=mm&r=g\",\"caption\":\"Rodrigo Zuquim\"},\"url\":\"https:\/\/agenciainfra.com\/blog\/author\/rodrigo-zuquim\/\"}]}<\/script>\n<!-- \/ Yoast SEO Premium plugin. -->","yoast_head_json":{"title":"ANEEL prop\u00f5e renegocia\u00e7\u00e3o de contratos de energia entre distribuidoras e geradoras em troca de benef\u00edcios - Ag\u00eancia iNFRA","robots":{"index":"index","follow":"follow","max-snippet":"max-snippet:-1","max-image-preview":"max-image-preview:large","max-video-preview":"max-video-preview:-1"},"canonical":"https:\/\/agenciainfra.com\/blog\/aneel-propoe-renegociacao-de-contratos-de-energia-entre-distribuidoras-e-geradoras-em-troca-de-beneficios\/","og_locale":"pt_BR","og_type":"article","og_title":"ANEEL prop\u00f5e renegocia\u00e7\u00e3o de contratos de energia entre distribuidoras e geradoras em troca de benef\u00edcios","og_description":"Leila Coimbra e Guilherme Mendes,\u00a0da Ag\u00eancia iNFRA A \u00e1rea t\u00e9cnica da ANEEL (Ag\u00eancia Nacional de Energia El\u00e9trica) prop\u00f4s uma renegocia\u00e7\u00e3o entre os agentes de gera\u00e7\u00e3o e de distribui\u00e7\u00e3o para a modula\u00e7\u00e3o de pagamentos relativos \u00e0 compra de energia, mediada pelo \u00f3rg\u00e3o regulador. As propostas est\u00e3o presentes em uma\u00a0nota t\u00e9cnica, datada da \u00faltima quinta-feira (16), que [&hellip;]","og_url":"https:\/\/agenciainfra.com\/blog\/aneel-propoe-renegociacao-de-contratos-de-energia-entre-distribuidoras-e-geradoras-em-troca-de-beneficios\/","og_site_name":"Ag\u00eancia iNFRA","article_publisher":"https:\/\/www.facebook.com\/ageninfra","article_published_time":"2020-04-23T11:00:12+00:00","og_image":[{"width":1280,"height":854,"url":"https:\/\/agenciainfra.com\/blog\/wp-content\/uploads\/2020\/04\/linha-energia-foto-dominio-publico.jpg","type":"image\/jpeg"}],"author":"Rodrigo Zuquim","twitter_card":"summary_large_image","twitter_creator":"@agencia_infra","twitter_site":"@agencia_infra","twitter_misc":{"Escrito por":"Rodrigo Zuquim","Est. tempo de leitura":"5 minutos"},"schema":{"@context":"https:\/\/schema.org","@graph":[{"@type":"Article","@id":"https:\/\/agenciainfra.com\/blog\/aneel-propoe-renegociacao-de-contratos-de-energia-entre-distribuidoras-e-geradoras-em-troca-de-beneficios\/#article","isPartOf":{"@id":"https:\/\/agenciainfra.com\/blog\/aneel-propoe-renegociacao-de-contratos-de-energia-entre-distribuidoras-e-geradoras-em-troca-de-beneficios\/"},"author":{"name":"Rodrigo Zuquim","@id":"https:\/\/agenciainfra.com\/blog\/#\/schema\/person\/04dbb79bd6d8951f063da71f3e4c1eb1"},"headline":"ANEEL prop\u00f5e renegocia\u00e7\u00e3o de contratos de energia entre distribuidoras e geradoras em troca de benef\u00edcios","datePublished":"2020-04-23T11:00:12+00:00","mainEntityOfPage":{"@id":"https:\/\/agenciainfra.com\/blog\/aneel-propoe-renegociacao-de-contratos-de-energia-entre-distribuidoras-e-geradoras-em-troca-de-beneficios\/"},"wordCount":1044,"publisher":{"@id":"https:\/\/agenciainfra.com\/blog\/#organization"},"image":{"@id":"https:\/\/agenciainfra.com\/blog\/aneel-propoe-renegociacao-de-contratos-de-energia-entre-distribuidoras-e-geradoras-em-troca-de-beneficios\/#primaryimage"},"thumbnailUrl":"https:\/\/agenciainfra.com\/blog\/wp-content\/uploads\/2020\/04\/linha-energia-foto-dominio-publico.jpg","keywords":["Andr\u00e9 Pepitone","ANEEL","bandeiras tarif\u00e1rias","BNDES","ccee","Covid-19","energia el\u00e9trica","ONS","standstill","Thymos"],"articleSection":["iNFRAEnergia"],"inLanguage":"pt-BR","copyrightYear":"2020","copyrightHolder":{"@id":"https:\/\/agenciainfra.com\/blog\/#organization"}},{"@type":"WebPage","@id":"https:\/\/agenciainfra.com\/blog\/aneel-propoe-renegociacao-de-contratos-de-energia-entre-distribuidoras-e-geradoras-em-troca-de-beneficios\/","url":"https:\/\/agenciainfra.com\/blog\/aneel-propoe-renegociacao-de-contratos-de-energia-entre-distribuidoras-e-geradoras-em-troca-de-beneficios\/","name":"ANEEL prop\u00f5e renegocia\u00e7\u00e3o de contratos de energia entre distribuidoras e geradoras em troca de benef\u00edcios - Ag\u00eancia iNFRA","isPartOf":{"@id":"https:\/\/agenciainfra.com\/blog\/#website"},"primaryImageOfPage":{"@id":"https:\/\/agenciainfra.com\/blog\/aneel-propoe-renegociacao-de-contratos-de-energia-entre-distribuidoras-e-geradoras-em-troca-de-beneficios\/#primaryimage"},"image":{"@id":"https:\/\/agenciainfra.com\/blog\/aneel-propoe-renegociacao-de-contratos-de-energia-entre-distribuidoras-e-geradoras-em-troca-de-beneficios\/#primaryimage"},"thumbnailUrl":"https:\/\/agenciainfra.com\/blog\/wp-content\/uploads\/2020\/04\/linha-energia-foto-dominio-publico.jpg","datePublished":"2020-04-23T11:00:12+00:00","breadcrumb":{"@id":"https:\/\/agenciainfra.com\/blog\/aneel-propoe-renegociacao-de-contratos-de-energia-entre-distribuidoras-e-geradoras-em-troca-de-beneficios\/#breadcrumb"},"inLanguage":"pt-BR","potentialAction":[{"@type":"ReadAction","target":["https:\/\/agenciainfra.com\/blog\/aneel-propoe-renegociacao-de-contratos-de-energia-entre-distribuidoras-e-geradoras-em-troca-de-beneficios\/"]}]},{"@type":"ImageObject","inLanguage":"pt-BR","@id":"https:\/\/agenciainfra.com\/blog\/aneel-propoe-renegociacao-de-contratos-de-energia-entre-distribuidoras-e-geradoras-em-troca-de-beneficios\/#primaryimage","url":"https:\/\/agenciainfra.com\/blog\/wp-content\/uploads\/2020\/04\/linha-energia-foto-dominio-publico.jpg","contentUrl":"https:\/\/agenciainfra.com\/blog\/wp-content\/uploads\/2020\/04\/linha-energia-foto-dominio-publico.jpg","width":1280,"height":854},{"@type":"BreadcrumbList","@id":"https:\/\/agenciainfra.com\/blog\/aneel-propoe-renegociacao-de-contratos-de-energia-entre-distribuidoras-e-geradoras-em-troca-de-beneficios\/#breadcrumb","itemListElement":[{"@type":"ListItem","position":1,"name":"In\u00edcio","item":"https:\/\/agenciainfra.com\/blog\/"},{"@type":"ListItem","position":2,"name":"ANEEL prop\u00f5e renegocia\u00e7\u00e3o de contratos de energia entre distribuidoras e geradoras em troca de benef\u00edcios"}]},{"@type":"WebSite","@id":"https:\/\/agenciainfra.com\/blog\/#website","url":"https:\/\/agenciainfra.com\/blog\/","name":"Ag\u00eancia iNFRA","description":"Multiplataforma de informa\u00e7\u00e3o jornal\u00edstica refer\u00eancia na \u00e1rea de infraestrutura no Brasil!","publisher":{"@id":"https:\/\/agenciainfra.com\/blog\/#organization"},"potentialAction":[{"@type":"SearchAction","target":{"@type":"EntryPoint","urlTemplate":"https:\/\/agenciainfra.com\/blog\/?s={search_term_string}"},"query-input":{"@type":"PropertyValueSpecification","valueRequired":true,"valueName":"search_term_string"}}],"inLanguage":"pt-BR"},{"@type":"Organization","@id":"https:\/\/agenciainfra.com\/blog\/#organization","name":"Ag\u00eancia iNFRA","url":"https:\/\/agenciainfra.com\/blog\/","logo":{"@type":"ImageObject","inLanguage":"pt-BR","@id":"https:\/\/agenciainfra.com\/blog\/#\/schema\/logo\/image\/","url":"https:\/\/agenciainfra.com\/blog\/wp-content\/uploads\/2023\/09\/iNFRA_5-e1761735885940.png","contentUrl":"https:\/\/agenciainfra.com\/blog\/wp-content\/uploads\/2023\/09\/iNFRA_5-e1761735885940.png","width":1672,"height":454,"caption":"Ag\u00eancia iNFRA"},"image":{"@id":"https:\/\/agenciainfra.com\/blog\/#\/schema\/logo\/image\/"},"sameAs":["https:\/\/www.facebook.com\/ageninfra","https:\/\/x.com\/agencia_infra","https:\/\/www.linkedin.com\/company\/ag\u00eanciainfra\/","https:\/\/www.instagram.com\/agenciainfra\/"]},{"@type":"Person","@id":"https:\/\/agenciainfra.com\/blog\/#\/schema\/person\/04dbb79bd6d8951f063da71f3e4c1eb1","name":"Rodrigo Zuquim","image":{"@type":"ImageObject","inLanguage":"pt-BR","@id":"https:\/\/agenciainfra.com\/blog\/#\/schema\/person\/image\/","url":"https:\/\/secure.gravatar.com\/avatar\/594abfe82761d620726242ff34ca472a705a4b97f16c790053a6b4c4035274d0?s=96&d=mm&r=g","contentUrl":"https:\/\/secure.gravatar.com\/avatar\/594abfe82761d620726242ff34ca472a705a4b97f16c790053a6b4c4035274d0?s=96&d=mm&r=g","caption":"Rodrigo Zuquim"},"url":"https:\/\/agenciainfra.com\/blog\/author\/rodrigo-zuquim\/"}]}},"_links":{"self":[{"href":"https:\/\/agenciainfra.com\/blog\/wp-json\/wp\/v2\/posts\/4749","targetHints":{"allow":["GET"]}}],"collection":[{"href":"https:\/\/agenciainfra.com\/blog\/wp-json\/wp\/v2\/posts"}],"about":[{"href":"https:\/\/agenciainfra.com\/blog\/wp-json\/wp\/v2\/types\/post"}],"author":[{"embeddable":true,"href":"https:\/\/agenciainfra.com\/blog\/wp-json\/wp\/v2\/users\/9"}],"replies":[{"embeddable":true,"href":"https:\/\/agenciainfra.com\/blog\/wp-json\/wp\/v2\/comments?post=4749"}],"version-history":[{"count":0,"href":"https:\/\/agenciainfra.com\/blog\/wp-json\/wp\/v2\/posts\/4749\/revisions"}],"wp:featuredmedia":[{"embeddable":true,"href":"https:\/\/agenciainfra.com\/blog\/wp-json\/wp\/v2\/media\/4750"}],"wp:attachment":[{"href":"https:\/\/agenciainfra.com\/blog\/wp-json\/wp\/v2\/media?parent=4749"}],"wp:term":[{"taxonomy":"category","embeddable":true,"href":"https:\/\/agenciainfra.com\/blog\/wp-json\/wp\/v2\/categories?post=4749"},{"taxonomy":"post_tag","embeddable":true,"href":"https:\/\/agenciainfra.com\/blog\/wp-json\/wp\/v2\/tags?post=4749"}],"curies":[{"name":"wp","href":"https:\/\/api.w.org\/{rel}","templated":true}]}}