{"id":4772,"date":"2020-04-27T08:00:55","date_gmt":"2020-04-27T11:00:55","guid":{"rendered":"http:\/\/www.agenciainfra.com\/blog\/?p=4772"},"modified":"2020-04-24T20:08:37","modified_gmt":"2020-04-24T23:08:37","slug":"governo-decide-nao-renovar-terminal-no-porto-de-santos-para-fazer-ferrovia-no-local","status":"publish","type":"post","link":"https:\/\/agenciainfra.com\/blog\/governo-decide-nao-renovar-terminal-no-porto-de-santos-para-fazer-ferrovia-no-local\/","title":{"rendered":"Governo decide n\u00e3o renovar terminal no porto de Santos para fazer ferrovia no local"},"content":{"rendered":"<div>\n<h5 style=\"text-align: right;\"><strong>Dimmi Amora, da\u00a0Ag\u00eancia iNFRA<\/strong><\/h5>\n<p dir=\"ltr\">O Minist\u00e9rio da Infraestrutura decidiu n\u00e3o renovar o contrato do terminal retroportu\u00e1rio de cont\u00eaineres da Marimex, na regi\u00e3o de Outeirinhos, no portos de Santos (SP), para a constru\u00e7\u00e3o de um ramal ferrovi\u00e1rio no local. O contrato, de 20 anos, vence dia 8 de maio, e ser\u00e1 feito contrato de transi\u00e7\u00e3o com a companhia para que as opera\u00e7\u00f5es sejam mantidas.<\/p>\n<p>De acordo com o governo, a nova\u00a0linha ferrovi\u00e1ria ocupar\u00e1 parte da \u00e1rea onde, atualmente, funciona o terminal. O ramal dar\u00e1 vaz\u00e3o \u00e0 armazenagem e \u00e0 movimenta\u00e7\u00e3o de gran\u00e9is s\u00f3lidos e de carga geral na regi\u00e3o.<\/p>\n<p>Na outra parte, h\u00e1 a proposta de instala\u00e7\u00e3o de terminais destinados \u00e0 movimenta\u00e7\u00e3o de gran\u00e9is s\u00f3lidos minerais (preferencialmente sais e fertilizantes). Essa destina\u00e7\u00e3o est\u00e1 prevista na nova proposta do Plano de Zoneamento e Desenvolvimento do porto, que tenta realizar um processo de clusteriza\u00e7\u00e3o do local, ou seja, colocar terminais com caracter\u00edsticas semelhantes na mesma regi\u00e3o.<\/p>\n<p>O porto de Santos tem necessidade de ampliar o sistema ferrovi\u00e1rio interno para poder receber as cargas que chegar\u00e3o do aumento da capacidade da Rumo Malha Paulista, cujo contrato est\u00e1 em vias de ser renovado. A inten\u00e7\u00e3o \u00e9 que as cargas ferrovi\u00e1rias cres\u00e7am 10 pontos percentuais em rela\u00e7\u00e3o ao n\u00edvel atual, em torno de 30%.<\/p>\n<p>Os leil\u00f5es para arrendamento de dois terminais de celulose no porto, que devem acontecer ainda neste ano, tamb\u00e9m devem potencializar a necessidade de escoamento de carga pelo modal ferrovi\u00e1rio.<\/p>\n<p><strong>Renova\u00e7\u00e3o pedida em 2016<\/strong><br \/>\nO contrato da Marimex \u00e9 de 20 anos, com cl\u00e1usula de prorroga\u00e7\u00e3o por mais 20 anos. A empresa encaminhou o pedido de renova\u00e7\u00e3o em 2016 e teve aprovado o in\u00edcio dos estudos pelo Minist\u00e9rio dos Transportes, em 2017, que encaminhou a proposta para a an\u00e1lise da ANTAQ (Ag\u00eancia Nacional de Transportes Aquavi\u00e1rios).<\/p>\n<p>A ag\u00eancia reguladora analisou o pedido de renova\u00e7\u00e3o e informou que ele cumpria os requisitos, tendo performado na primeira parte do contrato, e os investimentos propostos estarem de acordo com o equil\u00edbrio econ\u00f4mico.<\/p>\n<p>A empresa informa que fez R$ 90 milh\u00f5es em investimentos no terminal nos \u00faltimos anos e apresentou proposta para fazer outros R$ 170 milh\u00f5es nos pr\u00f3ximos 20 anos de contrato. Ela movimenta cerca de 100 mil TEUs ao ano nessa unidade.<\/p>\n<p>Em outras ocasi\u00f5es, a pasta prorrogou\u00a0contratos de terminais no Porto de Santos. \u00c9 o caso das empresas Santos Brasil Participa\u00e7\u00f5es, ADM do Brasil e Ageo Terminais, por exemplo.\u00a0No caso da Marimex, a\u00a0decis\u00e3o de n\u00e3o prorrogar esse contrato se baseou em &#8220;n\u00e3o observa\u00e7\u00e3o de\u00a0vantajosidade&#8221;. Outros contratos no porto tamb\u00e9m n\u00e3o est\u00e3o sendo renovados por causa da mudan\u00e7a de perfil pela clusteriza\u00e7\u00e3o.<\/p>\n<p>O governo estima que a\u00a0conclus\u00e3o do ramal ferrovi\u00e1rio\u00a0deve levar cerca de 18 meses, per\u00edodo em que a \u00e1rea continuar\u00e1 a ser operada pela Marimex.\u00a0Em paralelo \u00e0 obra, tamb\u00e9m dever\u00e1 ocorrer a licita\u00e7\u00e3o de um novo terminal de cont\u00eaineres na \u00e1rea do Sabo\u00f3, o que segundo o governo vai garantir os empregos aos trabalhadores do terminal.<\/p>\n<p><strong>Posi\u00e7\u00e3o da Marimex<\/strong><br \/>\nEm nota, a Marimex informou que &#8220;recebe com surpresa a declara\u00e7\u00e3o governamental sobre a n\u00e3o renova\u00e7\u00e3o do arrendamento de seu terminal alfandegado&#8221;. Segundo a empresa, nos \u00faltimos quatro anos, todas as an\u00e1lises e notas t\u00e9cnicas emitidas pelo Executivo foram favor\u00e1veis \u00e0 renova\u00e7\u00e3o.<\/p>\n<p>&#8220;Para al\u00e9m disso, em se confirmando tal decis\u00e3o, o pa\u00eds simplesmente riscaria do mapa, num momento de grave crise econ\u00f4mica, uma empresa respons\u00e1vel por 6.000 empregos (diretos e indiretos) e pela movimenta\u00e7\u00e3o de 5% dos cont\u00eaineres no pa\u00eds, com d\u00e9cadas de tradi\u00e7\u00e3o na atividade portu\u00e1ria.&#8221;<\/p>\n<p>Segundo a empresa, &#8220;a poss\u00edvel substitui\u00e7\u00e3o de uma empresa eficiente, que dinamiza a concorr\u00eancia e impede a configura\u00e7\u00e3o de oligop\u00f3lio no Porto de Santos, por uma atividade de mera manobra log\u00edstica n\u00e3o tem base econ\u00f4mica&#8221;.<\/p>\n<p>&#8220;Mal comparado, seria como se o governo de S\u00e3o Paulo resolvesse construir um p\u00e1tio de manobras do metr\u00f4 no lugar dos pr\u00e9dios corporativos da Avenida Paulista. Nos \u00faltimos 20 anos, o legado da Marimex se traduz em extensa e modernizada infraestrutura, agilidade e versatilidade nos servi\u00e7os, resultando num recolhimento de impostos anual que ultrapassa R$ 2 bilh\u00f5es \u2013 somente em tributos federais.&#8221;<\/p>\n<p>A empresa diz ainda que, &#8220;caso a decis\u00e3o negativa se concretize, ainda mais preocupante \u00e9 a incerteza sobre a redistribui\u00e7\u00e3o dos cont\u00eaineres para o desembara\u00e7o de produtos e insumos, entre eles, relativos \u00e0s provis\u00f5es para conten\u00e7\u00e3o do Covid-19, especialmente para S\u00e3o Paulo, epicentro da pandemia. Tudo isso sem implicar preju\u00edzos aos importadores e exportadores. Trata-se de um disparate sem precedente. Esperamos que o \u00f3rg\u00e3o reveja sua decis\u00e3o&#8221;.<\/p>\n<\/div>\n","protected":false},"excerpt":{"rendered":"<p>Dimmi Amora, da\u00a0Ag\u00eancia iNFRA O Minist\u00e9rio da Infraestrutura decidiu n\u00e3o renovar o contrato do terminal retroportu\u00e1rio de cont\u00eaineres da Marimex, na regi\u00e3o de Outeirinhos, no portos de Santos (SP), para a constru\u00e7\u00e3o de um ramal ferrovi\u00e1rio no local. O contrato, de 20 anos, vence dia 8 de maio, e ser\u00e1 feito contrato de transi\u00e7\u00e3o com [&hellip;]<\/p>\n","protected":false},"author":9,"featured_media":4773,"comment_status":"closed","ping_status":"closed","sticky":false,"template":"","format":"standard","meta":{"_monsterinsights_skip_tracking":false,"_monsterinsights_sitenote_active":false,"_monsterinsights_sitenote_note":"","_monsterinsights_sitenote_category":0,"footnotes":""},"categories":[7],"tags":[86,873,1718,775,260,104],"class_list":["post-4772","post","type-post","status-publish","format-standard","has-post-thumbnail","hentry","category-infratransporte","tag-antaq","tag-conteineres","tag-marimex","tag-ministerio-da-infraestrutura","tag-porto-de-santos","tag-terminal"],"yoast_head":"<!-- This site is optimized with the Yoast SEO Premium plugin v25.4 (Yoast SEO v26.0) - https:\/\/yoast.com\/wordpress\/plugins\/seo\/ -->\n<title>Governo decide n\u00e3o renovar terminal no porto de Santos para fazer ferrovia no local - Ag\u00eancia iNFRA<\/title>\n<meta name=\"robots\" content=\"index, follow, max-snippet:-1, max-image-preview:large, max-video-preview:-1\" \/>\n<link rel=\"canonical\" href=\"https:\/\/agenciainfra.com\/blog\/governo-decide-nao-renovar-terminal-no-porto-de-santos-para-fazer-ferrovia-no-local\/\" \/>\n<meta property=\"og:locale\" content=\"pt_BR\" \/>\n<meta property=\"og:type\" content=\"article\" \/>\n<meta property=\"og:title\" content=\"Governo decide n\u00e3o renovar terminal no porto de Santos para fazer ferrovia no local\" \/>\n<meta property=\"og:description\" content=\"Dimmi Amora, da\u00a0Ag\u00eancia iNFRA O Minist\u00e9rio da Infraestrutura decidiu n\u00e3o renovar o contrato do terminal retroportu\u00e1rio de cont\u00eaineres da Marimex, na regi\u00e3o de Outeirinhos, no portos de Santos (SP), para a constru\u00e7\u00e3o de um ramal ferrovi\u00e1rio no local. O contrato, de 20 anos, vence dia 8 de maio, e ser\u00e1 feito contrato de transi\u00e7\u00e3o com [&hellip;]\" \/>\n<meta property=\"og:url\" content=\"https:\/\/agenciainfra.com\/blog\/governo-decide-nao-renovar-terminal-no-porto-de-santos-para-fazer-ferrovia-no-local\/\" \/>\n<meta property=\"og:site_name\" content=\"Ag\u00eancia iNFRA\" \/>\n<meta property=\"article:publisher\" content=\"https:\/\/www.facebook.com\/ageninfra\" \/>\n<meta property=\"article:published_time\" content=\"2020-04-27T11:00:55+00:00\" \/>\n<meta property=\"og:image\" content=\"https:\/\/agenciainfra.com\/blog\/wp-content\/uploads\/2020\/04\/conteineres-foto-dominio-publico.jpg\" \/>\n\t<meta property=\"og:image:width\" content=\"1280\" \/>\n\t<meta property=\"og:image:height\" content=\"788\" \/>\n\t<meta property=\"og:image:type\" content=\"image\/jpeg\" \/>\n<meta name=\"author\" content=\"Rodrigo Zuquim\" \/>\n<meta name=\"twitter:card\" content=\"summary_large_image\" \/>\n<meta name=\"twitter:creator\" content=\"@agencia_infra\" \/>\n<meta name=\"twitter:site\" content=\"@agencia_infra\" \/>\n<meta name=\"twitter:label1\" content=\"Escrito por\" \/>\n\t<meta name=\"twitter:data1\" content=\"Rodrigo Zuquim\" \/>\n\t<meta name=\"twitter:label2\" content=\"Est. tempo de leitura\" \/>\n\t<meta name=\"twitter:data2\" content=\"4 minutos\" \/>\n<script type=\"application\/ld+json\" class=\"yoast-schema-graph\">{\"@context\":\"https:\/\/schema.org\",\"@graph\":[{\"@type\":\"Article\",\"@id\":\"https:\/\/agenciainfra.com\/blog\/governo-decide-nao-renovar-terminal-no-porto-de-santos-para-fazer-ferrovia-no-local\/#article\",\"isPartOf\":{\"@id\":\"https:\/\/agenciainfra.com\/blog\/governo-decide-nao-renovar-terminal-no-porto-de-santos-para-fazer-ferrovia-no-local\/\"},\"author\":{\"name\":\"Rodrigo Zuquim\",\"@id\":\"https:\/\/agenciainfra.com\/blog\/#\/schema\/person\/04dbb79bd6d8951f063da71f3e4c1eb1\"},\"headline\":\"Governo decide n\u00e3o renovar terminal no porto de Santos para fazer ferrovia no local\",\"datePublished\":\"2020-04-27T11:00:55+00:00\",\"mainEntityOfPage\":{\"@id\":\"https:\/\/agenciainfra.com\/blog\/governo-decide-nao-renovar-terminal-no-porto-de-santos-para-fazer-ferrovia-no-local\/\"},\"wordCount\":841,\"publisher\":{\"@id\":\"https:\/\/agenciainfra.com\/blog\/#organization\"},\"image\":{\"@id\":\"https:\/\/agenciainfra.com\/blog\/governo-decide-nao-renovar-terminal-no-porto-de-santos-para-fazer-ferrovia-no-local\/#primaryimage\"},\"thumbnailUrl\":\"https:\/\/agenciainfra.com\/blog\/wp-content\/uploads\/2020\/04\/conteineres-foto-dominio-publico.jpg\",\"keywords\":[\"ANTAQ\",\"cont\u00eaineres\",\"Marimex\",\"Minist\u00e9rio da Infraestrutura\",\"Porto de Santos\",\"Terminal\"],\"articleSection\":[\"iNFRATransporte\"],\"inLanguage\":\"pt-BR\",\"copyrightYear\":\"2020\",\"copyrightHolder\":{\"@id\":\"https:\/\/agenciainfra.com\/blog\/#organization\"}},{\"@type\":\"WebPage\",\"@id\":\"https:\/\/agenciainfra.com\/blog\/governo-decide-nao-renovar-terminal-no-porto-de-santos-para-fazer-ferrovia-no-local\/\",\"url\":\"https:\/\/agenciainfra.com\/blog\/governo-decide-nao-renovar-terminal-no-porto-de-santos-para-fazer-ferrovia-no-local\/\",\"name\":\"Governo decide n\u00e3o renovar terminal no porto de Santos para fazer ferrovia no local - Ag\u00eancia iNFRA\",\"isPartOf\":{\"@id\":\"https:\/\/agenciainfra.com\/blog\/#website\"},\"primaryImageOfPage\":{\"@id\":\"https:\/\/agenciainfra.com\/blog\/governo-decide-nao-renovar-terminal-no-porto-de-santos-para-fazer-ferrovia-no-local\/#primaryimage\"},\"image\":{\"@id\":\"https:\/\/agenciainfra.com\/blog\/governo-decide-nao-renovar-terminal-no-porto-de-santos-para-fazer-ferrovia-no-local\/#primaryimage\"},\"thumbnailUrl\":\"https:\/\/agenciainfra.com\/blog\/wp-content\/uploads\/2020\/04\/conteineres-foto-dominio-publico.jpg\",\"datePublished\":\"2020-04-27T11:00:55+00:00\",\"breadcrumb\":{\"@id\":\"https:\/\/agenciainfra.com\/blog\/governo-decide-nao-renovar-terminal-no-porto-de-santos-para-fazer-ferrovia-no-local\/#breadcrumb\"},\"inLanguage\":\"pt-BR\",\"potentialAction\":[{\"@type\":\"ReadAction\",\"target\":[\"https:\/\/agenciainfra.com\/blog\/governo-decide-nao-renovar-terminal-no-porto-de-santos-para-fazer-ferrovia-no-local\/\"]}]},{\"@type\":\"ImageObject\",\"inLanguage\":\"pt-BR\",\"@id\":\"https:\/\/agenciainfra.com\/blog\/governo-decide-nao-renovar-terminal-no-porto-de-santos-para-fazer-ferrovia-no-local\/#primaryimage\",\"url\":\"https:\/\/agenciainfra.com\/blog\/wp-content\/uploads\/2020\/04\/conteineres-foto-dominio-publico.jpg\",\"contentUrl\":\"https:\/\/agenciainfra.com\/blog\/wp-content\/uploads\/2020\/04\/conteineres-foto-dominio-publico.jpg\",\"width\":1280,\"height\":788,\"caption\":\"Foto: Dom\u00ednio P\u00fablico\"},{\"@type\":\"BreadcrumbList\",\"@id\":\"https:\/\/agenciainfra.com\/blog\/governo-decide-nao-renovar-terminal-no-porto-de-santos-para-fazer-ferrovia-no-local\/#breadcrumb\",\"itemListElement\":[{\"@type\":\"ListItem\",\"position\":1,\"name\":\"In\u00edcio\",\"item\":\"https:\/\/agenciainfra.com\/blog\/\"},{\"@type\":\"ListItem\",\"position\":2,\"name\":\"Governo decide n\u00e3o renovar terminal no porto de Santos para fazer ferrovia no local\"}]},{\"@type\":\"WebSite\",\"@id\":\"https:\/\/agenciainfra.com\/blog\/#website\",\"url\":\"https:\/\/agenciainfra.com\/blog\/\",\"name\":\"Ag\u00eancia iNFRA\",\"description\":\"Multiplataforma de informa\u00e7\u00e3o jornal\u00edstica refer\u00eancia na \u00e1rea de infraestrutura no Brasil!\",\"publisher\":{\"@id\":\"https:\/\/agenciainfra.com\/blog\/#organization\"},\"potentialAction\":[{\"@type\":\"SearchAction\",\"target\":{\"@type\":\"EntryPoint\",\"urlTemplate\":\"https:\/\/agenciainfra.com\/blog\/?s={search_term_string}\"},\"query-input\":{\"@type\":\"PropertyValueSpecification\",\"valueRequired\":true,\"valueName\":\"search_term_string\"}}],\"inLanguage\":\"pt-BR\"},{\"@type\":\"Organization\",\"@id\":\"https:\/\/agenciainfra.com\/blog\/#organization\",\"name\":\"Ag\u00eancia iNFRA\",\"url\":\"https:\/\/agenciainfra.com\/blog\/\",\"logo\":{\"@type\":\"ImageObject\",\"inLanguage\":\"pt-BR\",\"@id\":\"https:\/\/agenciainfra.com\/blog\/#\/schema\/logo\/image\/\",\"url\":\"https:\/\/agenciainfra.com\/blog\/wp-content\/uploads\/2023\/09\/iNFRA_5-e1761735885940.png\",\"contentUrl\":\"https:\/\/agenciainfra.com\/blog\/wp-content\/uploads\/2023\/09\/iNFRA_5-e1761735885940.png\",\"width\":1672,\"height\":454,\"caption\":\"Ag\u00eancia iNFRA\"},\"image\":{\"@id\":\"https:\/\/agenciainfra.com\/blog\/#\/schema\/logo\/image\/\"},\"sameAs\":[\"https:\/\/www.facebook.com\/ageninfra\",\"https:\/\/x.com\/agencia_infra\",\"https:\/\/www.linkedin.com\/company\/ag\u00eanciainfra\/\",\"https:\/\/www.instagram.com\/agenciainfra\/\"]},{\"@type\":\"Person\",\"@id\":\"https:\/\/agenciainfra.com\/blog\/#\/schema\/person\/04dbb79bd6d8951f063da71f3e4c1eb1\",\"name\":\"Rodrigo Zuquim\",\"image\":{\"@type\":\"ImageObject\",\"inLanguage\":\"pt-BR\",\"@id\":\"https:\/\/agenciainfra.com\/blog\/#\/schema\/person\/image\/\",\"url\":\"https:\/\/secure.gravatar.com\/avatar\/594abfe82761d620726242ff34ca472a705a4b97f16c790053a6b4c4035274d0?s=96&d=mm&r=g\",\"contentUrl\":\"https:\/\/secure.gravatar.com\/avatar\/594abfe82761d620726242ff34ca472a705a4b97f16c790053a6b4c4035274d0?s=96&d=mm&r=g\",\"caption\":\"Rodrigo Zuquim\"},\"url\":\"https:\/\/agenciainfra.com\/blog\/author\/rodrigo-zuquim\/\"}]}<\/script>\n<!-- \/ Yoast SEO Premium plugin. -->","yoast_head_json":{"title":"Governo decide n\u00e3o renovar terminal no porto de Santos para fazer ferrovia no local - Ag\u00eancia iNFRA","robots":{"index":"index","follow":"follow","max-snippet":"max-snippet:-1","max-image-preview":"max-image-preview:large","max-video-preview":"max-video-preview:-1"},"canonical":"https:\/\/agenciainfra.com\/blog\/governo-decide-nao-renovar-terminal-no-porto-de-santos-para-fazer-ferrovia-no-local\/","og_locale":"pt_BR","og_type":"article","og_title":"Governo decide n\u00e3o renovar terminal no porto de Santos para fazer ferrovia no local","og_description":"Dimmi Amora, da\u00a0Ag\u00eancia iNFRA O Minist\u00e9rio da Infraestrutura decidiu n\u00e3o renovar o contrato do terminal retroportu\u00e1rio de cont\u00eaineres da Marimex, na regi\u00e3o de Outeirinhos, no portos de Santos (SP), para a constru\u00e7\u00e3o de um ramal ferrovi\u00e1rio no local. O contrato, de 20 anos, vence dia 8 de maio, e ser\u00e1 feito contrato de transi\u00e7\u00e3o com [&hellip;]","og_url":"https:\/\/agenciainfra.com\/blog\/governo-decide-nao-renovar-terminal-no-porto-de-santos-para-fazer-ferrovia-no-local\/","og_site_name":"Ag\u00eancia iNFRA","article_publisher":"https:\/\/www.facebook.com\/ageninfra","article_published_time":"2020-04-27T11:00:55+00:00","og_image":[{"width":1280,"height":788,"url":"https:\/\/agenciainfra.com\/blog\/wp-content\/uploads\/2020\/04\/conteineres-foto-dominio-publico.jpg","type":"image\/jpeg"}],"author":"Rodrigo Zuquim","twitter_card":"summary_large_image","twitter_creator":"@agencia_infra","twitter_site":"@agencia_infra","twitter_misc":{"Escrito por":"Rodrigo Zuquim","Est. tempo de leitura":"4 minutos"},"schema":{"@context":"https:\/\/schema.org","@graph":[{"@type":"Article","@id":"https:\/\/agenciainfra.com\/blog\/governo-decide-nao-renovar-terminal-no-porto-de-santos-para-fazer-ferrovia-no-local\/#article","isPartOf":{"@id":"https:\/\/agenciainfra.com\/blog\/governo-decide-nao-renovar-terminal-no-porto-de-santos-para-fazer-ferrovia-no-local\/"},"author":{"name":"Rodrigo Zuquim","@id":"https:\/\/agenciainfra.com\/blog\/#\/schema\/person\/04dbb79bd6d8951f063da71f3e4c1eb1"},"headline":"Governo decide n\u00e3o renovar terminal no porto de Santos para fazer ferrovia no local","datePublished":"2020-04-27T11:00:55+00:00","mainEntityOfPage":{"@id":"https:\/\/agenciainfra.com\/blog\/governo-decide-nao-renovar-terminal-no-porto-de-santos-para-fazer-ferrovia-no-local\/"},"wordCount":841,"publisher":{"@id":"https:\/\/agenciainfra.com\/blog\/#organization"},"image":{"@id":"https:\/\/agenciainfra.com\/blog\/governo-decide-nao-renovar-terminal-no-porto-de-santos-para-fazer-ferrovia-no-local\/#primaryimage"},"thumbnailUrl":"https:\/\/agenciainfra.com\/blog\/wp-content\/uploads\/2020\/04\/conteineres-foto-dominio-publico.jpg","keywords":["ANTAQ","cont\u00eaineres","Marimex","Minist\u00e9rio da Infraestrutura","Porto de Santos","Terminal"],"articleSection":["iNFRATransporte"],"inLanguage":"pt-BR","copyrightYear":"2020","copyrightHolder":{"@id":"https:\/\/agenciainfra.com\/blog\/#organization"}},{"@type":"WebPage","@id":"https:\/\/agenciainfra.com\/blog\/governo-decide-nao-renovar-terminal-no-porto-de-santos-para-fazer-ferrovia-no-local\/","url":"https:\/\/agenciainfra.com\/blog\/governo-decide-nao-renovar-terminal-no-porto-de-santos-para-fazer-ferrovia-no-local\/","name":"Governo decide n\u00e3o renovar terminal no porto de Santos para fazer ferrovia no local - Ag\u00eancia iNFRA","isPartOf":{"@id":"https:\/\/agenciainfra.com\/blog\/#website"},"primaryImageOfPage":{"@id":"https:\/\/agenciainfra.com\/blog\/governo-decide-nao-renovar-terminal-no-porto-de-santos-para-fazer-ferrovia-no-local\/#primaryimage"},"image":{"@id":"https:\/\/agenciainfra.com\/blog\/governo-decide-nao-renovar-terminal-no-porto-de-santos-para-fazer-ferrovia-no-local\/#primaryimage"},"thumbnailUrl":"https:\/\/agenciainfra.com\/blog\/wp-content\/uploads\/2020\/04\/conteineres-foto-dominio-publico.jpg","datePublished":"2020-04-27T11:00:55+00:00","breadcrumb":{"@id":"https:\/\/agenciainfra.com\/blog\/governo-decide-nao-renovar-terminal-no-porto-de-santos-para-fazer-ferrovia-no-local\/#breadcrumb"},"inLanguage":"pt-BR","potentialAction":[{"@type":"ReadAction","target":["https:\/\/agenciainfra.com\/blog\/governo-decide-nao-renovar-terminal-no-porto-de-santos-para-fazer-ferrovia-no-local\/"]}]},{"@type":"ImageObject","inLanguage":"pt-BR","@id":"https:\/\/agenciainfra.com\/blog\/governo-decide-nao-renovar-terminal-no-porto-de-santos-para-fazer-ferrovia-no-local\/#primaryimage","url":"https:\/\/agenciainfra.com\/blog\/wp-content\/uploads\/2020\/04\/conteineres-foto-dominio-publico.jpg","contentUrl":"https:\/\/agenciainfra.com\/blog\/wp-content\/uploads\/2020\/04\/conteineres-foto-dominio-publico.jpg","width":1280,"height":788,"caption":"Foto: Dom\u00ednio P\u00fablico"},{"@type":"BreadcrumbList","@id":"https:\/\/agenciainfra.com\/blog\/governo-decide-nao-renovar-terminal-no-porto-de-santos-para-fazer-ferrovia-no-local\/#breadcrumb","itemListElement":[{"@type":"ListItem","position":1,"name":"In\u00edcio","item":"https:\/\/agenciainfra.com\/blog\/"},{"@type":"ListItem","position":2,"name":"Governo decide n\u00e3o renovar terminal no porto de Santos para fazer ferrovia no local"}]},{"@type":"WebSite","@id":"https:\/\/agenciainfra.com\/blog\/#website","url":"https:\/\/agenciainfra.com\/blog\/","name":"Ag\u00eancia iNFRA","description":"Multiplataforma de informa\u00e7\u00e3o jornal\u00edstica refer\u00eancia na \u00e1rea de infraestrutura no Brasil!","publisher":{"@id":"https:\/\/agenciainfra.com\/blog\/#organization"},"potentialAction":[{"@type":"SearchAction","target":{"@type":"EntryPoint","urlTemplate":"https:\/\/agenciainfra.com\/blog\/?s={search_term_string}"},"query-input":{"@type":"PropertyValueSpecification","valueRequired":true,"valueName":"search_term_string"}}],"inLanguage":"pt-BR"},{"@type":"Organization","@id":"https:\/\/agenciainfra.com\/blog\/#organization","name":"Ag\u00eancia iNFRA","url":"https:\/\/agenciainfra.com\/blog\/","logo":{"@type":"ImageObject","inLanguage":"pt-BR","@id":"https:\/\/agenciainfra.com\/blog\/#\/schema\/logo\/image\/","url":"https:\/\/agenciainfra.com\/blog\/wp-content\/uploads\/2023\/09\/iNFRA_5-e1761735885940.png","contentUrl":"https:\/\/agenciainfra.com\/blog\/wp-content\/uploads\/2023\/09\/iNFRA_5-e1761735885940.png","width":1672,"height":454,"caption":"Ag\u00eancia iNFRA"},"image":{"@id":"https:\/\/agenciainfra.com\/blog\/#\/schema\/logo\/image\/"},"sameAs":["https:\/\/www.facebook.com\/ageninfra","https:\/\/x.com\/agencia_infra","https:\/\/www.linkedin.com\/company\/ag\u00eanciainfra\/","https:\/\/www.instagram.com\/agenciainfra\/"]},{"@type":"Person","@id":"https:\/\/agenciainfra.com\/blog\/#\/schema\/person\/04dbb79bd6d8951f063da71f3e4c1eb1","name":"Rodrigo Zuquim","image":{"@type":"ImageObject","inLanguage":"pt-BR","@id":"https:\/\/agenciainfra.com\/blog\/#\/schema\/person\/image\/","url":"https:\/\/secure.gravatar.com\/avatar\/594abfe82761d620726242ff34ca472a705a4b97f16c790053a6b4c4035274d0?s=96&d=mm&r=g","contentUrl":"https:\/\/secure.gravatar.com\/avatar\/594abfe82761d620726242ff34ca472a705a4b97f16c790053a6b4c4035274d0?s=96&d=mm&r=g","caption":"Rodrigo Zuquim"},"url":"https:\/\/agenciainfra.com\/blog\/author\/rodrigo-zuquim\/"}]}},"_links":{"self":[{"href":"https:\/\/agenciainfra.com\/blog\/wp-json\/wp\/v2\/posts\/4772","targetHints":{"allow":["GET"]}}],"collection":[{"href":"https:\/\/agenciainfra.com\/blog\/wp-json\/wp\/v2\/posts"}],"about":[{"href":"https:\/\/agenciainfra.com\/blog\/wp-json\/wp\/v2\/types\/post"}],"author":[{"embeddable":true,"href":"https:\/\/agenciainfra.com\/blog\/wp-json\/wp\/v2\/users\/9"}],"replies":[{"embeddable":true,"href":"https:\/\/agenciainfra.com\/blog\/wp-json\/wp\/v2\/comments?post=4772"}],"version-history":[{"count":0,"href":"https:\/\/agenciainfra.com\/blog\/wp-json\/wp\/v2\/posts\/4772\/revisions"}],"wp:featuredmedia":[{"embeddable":true,"href":"https:\/\/agenciainfra.com\/blog\/wp-json\/wp\/v2\/media\/4773"}],"wp:attachment":[{"href":"https:\/\/agenciainfra.com\/blog\/wp-json\/wp\/v2\/media?parent=4772"}],"wp:term":[{"taxonomy":"category","embeddable":true,"href":"https:\/\/agenciainfra.com\/blog\/wp-json\/wp\/v2\/categories?post=4772"},{"taxonomy":"post_tag","embeddable":true,"href":"https:\/\/agenciainfra.com\/blog\/wp-json\/wp\/v2\/tags?post=4772"}],"curies":[{"name":"wp","href":"https:\/\/api.w.org\/{rel}","templated":true}]}}