{"id":4781,"date":"2020-04-28T13:00:44","date_gmt":"2020-04-28T16:00:44","guid":{"rendered":"http:\/\/www.agenciainfra.com\/blog\/?p=4781"},"modified":"2020-06-09T10:41:52","modified_gmt":"2020-06-09T13:41:52","slug":"infradebate-live-minfra-estuda-reequilibrio-nos-contratos-de-concessao-do-setor-portuario","status":"publish","type":"post","link":"https:\/\/agenciainfra.com\/blog\/infradebate-live-minfra-estuda-reequilibrio-nos-contratos-de-concessao-do-setor-portuario\/","title":{"rendered":"iNFRADebate Live: Minfra estuda reequil\u00edbrio nos contratos de concess\u00e3o do setor portu\u00e1rio"},"content":{"rendered":"<div>\n<h5 style=\"text-align: right;\"><strong>Tales Silveira, da\u00a0Ag\u00eancia iNFRA<\/strong><\/h5>\n<p dir=\"ltr\">O secret\u00e1rio nacional de Portos e Transportes Aquavi\u00e1rios do Minist\u00e9rio da Infraestrutura, Diogo Piloni, afirmou que o Minfra (Minist\u00e9rio da Infraestrutura) j\u00e1 vem estudando formas para estabelecer os reequil\u00edbrios de contratos de concess\u00e3o do setor portu\u00e1rio.<\/p>\n<p>\u201cA gente j\u00e1 est\u00e1 tratando. Fizemos an\u00e1lise de impacto com diversos segmentos do setor. A partir da\u00ed, teremos uma norma para os contratos e como tratar a quest\u00e3o da &#8216;for\u00e7a maior\u2019. A l\u00f3gica \u00e9 fazer os processos de compensa\u00e7\u00e3o mais c\u00e9leres e mais simplificados\u201d, disse.<\/p>\n<p>Piloni foi entrevistado no\u00a0<strong>iNFRADebate\u00a0Live<\/strong>, evento exclusivo para assinantes promovido pela<strong>\u00a0Ag\u00eancia iNFRA,<\/strong> na \u00faltima sexta-feira (24), que contou com a participa\u00e7\u00e3o do presidente da ABTP (Associa\u00e7\u00e3o Brasileira dos Terminais Portu\u00e1rios), Jesualdo Concei\u00e7\u00e3o da Silva. Assista \u00e0 \u00edntegra abaixo.<\/p>\n<p><iframe src=\"https:\/\/www.youtube.com\/embed\/0oih2Yhr1ks\" width=\"560\" height=\"315\" frameborder=\"0\" allowfullscreen=\"allowfullscreen\"><\/iframe><\/p>\n<p>Segundo o secret\u00e1rio, o modelo dever\u00e1 estar de acordo com os outros setores de infraestrutura \u2013 como ferrovi\u00e1rio, aeroportu\u00e1rio e rodovi\u00e1rio \u2013 afetados pelo coronav\u00edrus. O Minfra n\u00e3o descarta criar solu\u00e7\u00f5es cautelares, mas o foco \u00e9 a constru\u00e7\u00e3o de uma medida que atenda o p\u00f3s-crise.<\/p>\n<p>\u201cTalvez o tratamento de um\u00a0<em>waiver<\/em>\u00a0para os investimentos seja uma solu\u00e7\u00e3o e \u00e9 o que est\u00e1 sendo estudado pelo minist\u00e9rio no \u00e2mbito do setor portu\u00e1rio. Talvez o diferimento dos pagamentos de outorga possa ser uma alternativa\u201d, comentou.<\/p>\n<p>At\u00e9 o momento, uma a\u00e7\u00e3o foi feita para ajudar o setor portu\u00e1rio: A MP (Medida Provis\u00f3ria) 945\/20. O texto versa sobre o regime de indeniza\u00e7\u00f5es a trabalhadores avulsos afastados durante a pandemia e que dever\u00e3o ser pagos pelos operadores portu\u00e1rios.<\/p>\n<p>Durante o debate, o presidente da ABTP, Jesualdo Concei\u00e7\u00e3o, afirmou que a associa\u00e7\u00e3o vem trabalhando para fazer com que esses pagamentos aconte\u00e7am por meio do\u00a0Fundo\u00a0de Desenvolvimento do\u00a0Ensino Profissional\u00a0Mar\u00edtimo \u2013 constitu\u00eddo das arrecada\u00e7\u00f5es de parcelas do INSS (Instituto Nacional do Seguro Social).<\/p>\n<p>\u201cEstamos trabalhando l\u00e1 no Legislativo, com conhecimento do minist\u00e9rio, a possibilidade de outra forma de financiamento. \u00c9 sabido que existe o Fundo de Ensino Profissionalizante da Marinha, que tem R$ 1,4 bilh\u00e3o parado. Temos a ideia de conseguir que, se convertendo em lei, esse financiamento fosse feito por esse Fundo, deixando de onerar os operadores\u201d, explicou.<\/p>\n<p><strong>Concess\u00f5es e desestatiza\u00e7\u00e3o do SPA<\/strong><br \/>\nO secret\u00e1rio de Portos disse que parceria entre Minfra e BNDES (Banco Nacional de Desenvolvimento Econ\u00f4mico e Social) para estudos de desestatiza\u00e7\u00e3o do SPA (Santos Port Authority) dever\u00e1 ser assinada nesta semana.<\/p>\n<p>\u201cNo in\u00edcio da pr\u00f3xima [desta] semana deve sair a assinatura do contrato com o BNDES para a parceria de estudos para SPA e S\u00e3o Sebasti\u00e3o. Esse ser\u00e1 um processo que seguir\u00e1 ao longo de todo o segundo semestre e ao longo de todo o ano de 2021\u201d, afirmou.<\/p>\n<p>Ainda segundo Piloni, o Minfra receber\u00e1, em maio, a modelagem de desestatiza\u00e7\u00e3o da Codesa (Companhia Docas do Esp\u00edrito Santo).<\/p>\n<p>\u201cNa Codesa, estamos concluindo a primeira parte do projeto que \u00e9 a modelagem. Devemos receber, at\u00e9 meados de maio, os relat\u00f3rios referentes ao modelo. Ou seja, como vai se dar essa explora\u00e7\u00e3o privada dos portos de Vit\u00f3ria, Vila Velha e Barra do Riacho at\u00e9 para que possamos iniciar um processo mais externo de consultas, prospec\u00e7\u00e3o de mercados e road shows. Devemos ter isso tudo ao longo do segundo semestre\u201d, explicou.<\/p>\n<p><strong>Revolu\u00e7\u00e3o em Santos<\/strong><br \/>\nPiloni comentou sobre a mudan\u00e7a de percep\u00e7\u00e3o que a SPA trouxe para o processo de concess\u00e3o portu\u00e1ria. Isso porque agora \u00e9 poss\u00edvel perceber que a gest\u00e3o de portos tamb\u00e9m \u00e9 um atrativo para as concession\u00e1rias, segundo ele. A privatiza\u00e7\u00e3o do porto chega a ser classificada pelo ministro da Infraestrutura, Tarc\u00edsio de Freitas, como \u201cG4\u00a0dentre a carteira de todos os setores\u201d.<\/p>\n<p>\u201cO que vimos \u00e9 que o neg\u00f3cio de explora\u00e7\u00e3o de autoridade portu\u00e1ria \u00e9 um tremendo neg\u00f3cio. Para mim me surpreendeu de forma positiva porque havia no Brasil uma percep\u00e7\u00e3o de que o bom neg\u00f3cio no setor portu\u00e1rio \u00e9 s\u00f3 a opera\u00e7\u00e3o e n\u00e3o administra\u00e7\u00e3o do ativo. Isso caiu por terra. Dentro do projeto do porto de Santos n\u00e3o h\u00e1 d\u00favida, pelo tamanho do ativo, do volume de cargas movimentadas, que \u00e9 uma receita garantida. Notamos um grande interesse para esses projetos\u201d, afirmou.<\/p>\n<p>No mesmo dia da entrevista, o diretor-presidente da SPA, Casemiro T\u00e9rcio, pediu exonera\u00e7\u00e3o do cargo, alegando motivos pessoais. Ele ser\u00e1 substitu\u00eddo pelo diretor de administra\u00e7\u00e3o e finan\u00e7as, Fernando Biral.<\/p>\n<p><strong>Manuten\u00e7\u00e3o dos leil\u00f5es<\/strong><br \/>\nO secret\u00e1rio apontou ainda que, apesar da pandemia, o Minfra vem trabalhando para manter o cronograma de entrega das concess\u00f5es nos prazos estipulados desde o in\u00edcio da gest\u00e3o.<\/p>\n<p>\u201cN\u00e3o ficamos focados unicamente no atendimento emergencial das quest\u00f5es da pandemia. Trabalhamos com muito afinco para dar continuidade aos processos do dia a dia, como leil\u00f5es de arrendamento e processos de desestatiza\u00e7\u00e3o e descentraliza\u00e7\u00e3o portu\u00e1rias. Estamos com a perspectiva de publica\u00e7\u00e3o de dois editais do Porto de Santos \u2013 STS 14 e 14 A \u2013 na primeira semana do m\u00eas de maio\u201d, cravou.<\/p>\n<p><strong>TUPeriza\u00e7\u00e3o do processo portu\u00e1rio<\/strong><br \/>\nConcei\u00e7\u00e3o apresentou uma poss\u00edvel solu\u00e7\u00e3o para futuras concess\u00f5es. De acordo com o presidente da ABTP, a sa\u00edda pode estar em realizar vendas para transformar o m\u00e1ximo de terminais portu\u00e1rios em TUPs (Terminais de Uso Privativo). Isso daria\u00a0mais liberdades tanto aos operadores quanto \u00e0s autoridades portu\u00e1rias.<\/p>\n<p>\u201cPor que n\u00e3o vender todos os arrendamentos para que a gente fa\u00e7a uma grande companiza\u00e7\u00e3o no Brasil? O objetivo \u00e9 tirar as amarras para as opera\u00e7\u00f5es portu\u00e1rias, e que os terminais possam operar e investir livremente, assumindo todos os seus riscos. Se vier um modelo desses, de privatiza\u00e7\u00e3o ou concess\u00e3o de autoridade portu\u00e1ria, \u00e9 preciso que revejam tamb\u00e9m os mecanismos de fiscaliza\u00e7\u00e3o e controle para evitar amarras\u201d, sugeriu.<\/p>\n<\/div>\n","protected":false},"excerpt":{"rendered":"<p>Tales Silveira, da\u00a0Ag\u00eancia iNFRA O secret\u00e1rio nacional de Portos e Transportes Aquavi\u00e1rios do Minist\u00e9rio da Infraestrutura, Diogo Piloni, afirmou que o Minfra (Minist\u00e9rio da Infraestrutura) j\u00e1 vem estudando formas para estabelecer os reequil\u00edbrios de contratos de concess\u00e3o do setor portu\u00e1rio. \u201cA gente j\u00e1 est\u00e1 tratando. Fizemos an\u00e1lise de impacto com diversos segmentos do setor. A [&hellip;]<\/p>\n","protected":false},"author":9,"featured_media":4782,"comment_status":"closed","ping_status":"closed","sticky":false,"template":"","format":"standard","meta":{"_monsterinsights_skip_tracking":false,"_monsterinsights_sitenote_active":false,"_monsterinsights_sitenote_note":"","_monsterinsights_sitenote_category":0,"footnotes":""},"categories":[1,2053],"tags":[207,1895,103,1146,192,811,1919,1940,254,775,310,1642,1941],"class_list":["post-4781","post","type-post","status-publish","format-standard","has-post-thumbnail","hentry","category-geral","category-infraliveventos","tag-abtp","tag-arrendamento","tag-bndes","tag-codesa","tag-desestatizacao","tag-diogo-piloni","tag-infradebate-live","tag-jesualdo-conceicao","tag-leilao","tag-ministerio-da-infraestrutura","tag-portos","tag-santos-port-authority","tag-spa"],"yoast_head":"<!-- This site is optimized with the Yoast SEO Premium plugin v25.4 (Yoast SEO v26.0) - https:\/\/yoast.com\/wordpress\/plugins\/seo\/ -->\n<title>iNFRADebate Live: Minfra estuda reequil\u00edbrio nos contratos de concess\u00e3o do setor portu\u00e1rio - Ag\u00eancia iNFRA<\/title>\n<meta name=\"robots\" content=\"index, follow, max-snippet:-1, max-image-preview:large, max-video-preview:-1\" \/>\n<link rel=\"canonical\" href=\"https:\/\/agenciainfra.com\/blog\/infradebate-live-minfra-estuda-reequilibrio-nos-contratos-de-concessao-do-setor-portuario\/\" \/>\n<meta property=\"og:locale\" content=\"pt_BR\" \/>\n<meta property=\"og:type\" content=\"article\" \/>\n<meta property=\"og:title\" content=\"iNFRADebate Live: Minfra estuda reequil\u00edbrio nos contratos de concess\u00e3o do setor portu\u00e1rio\" \/>\n<meta property=\"og:description\" content=\"Tales Silveira, da\u00a0Ag\u00eancia iNFRA O secret\u00e1rio nacional de Portos e Transportes Aquavi\u00e1rios do Minist\u00e9rio da Infraestrutura, Diogo Piloni, afirmou que o Minfra (Minist\u00e9rio da Infraestrutura) j\u00e1 vem estudando formas para estabelecer os reequil\u00edbrios de contratos de concess\u00e3o do setor portu\u00e1rio. \u201cA gente j\u00e1 est\u00e1 tratando. Fizemos an\u00e1lise de impacto com diversos segmentos do setor. A [&hellip;]\" \/>\n<meta property=\"og:url\" content=\"https:\/\/agenciainfra.com\/blog\/infradebate-live-minfra-estuda-reequilibrio-nos-contratos-de-concessao-do-setor-portuario\/\" \/>\n<meta property=\"og:site_name\" content=\"Ag\u00eancia iNFRA\" \/>\n<meta property=\"article:publisher\" content=\"https:\/\/www.facebook.com\/ageninfra\" \/>\n<meta property=\"article:published_time\" content=\"2020-04-28T16:00:44+00:00\" \/>\n<meta property=\"article:modified_time\" content=\"2020-06-09T13:41:52+00:00\" \/>\n<meta property=\"og:image\" content=\"https:\/\/agenciainfra.com\/blog\/wp-content\/uploads\/2020\/04\/Diogo-Piloni-foto-reproducao-Agencia-iNFRA.png\" \/>\n\t<meta property=\"og:image:width\" content=\"1280\" \/>\n\t<meta property=\"og:image:height\" content=\"800\" \/>\n\t<meta property=\"og:image:type\" content=\"image\/png\" \/>\n<meta name=\"author\" content=\"Rodrigo Zuquim\" \/>\n<meta name=\"twitter:card\" content=\"summary_large_image\" \/>\n<meta name=\"twitter:creator\" content=\"@agencia_infra\" \/>\n<meta name=\"twitter:site\" content=\"@agencia_infra\" \/>\n<meta name=\"twitter:label1\" content=\"Escrito por\" \/>\n\t<meta name=\"twitter:data1\" content=\"Rodrigo Zuquim\" \/>\n\t<meta name=\"twitter:label2\" content=\"Est. tempo de leitura\" \/>\n\t<meta name=\"twitter:data2\" content=\"5 minutos\" \/>\n<script type=\"application\/ld+json\" class=\"yoast-schema-graph\">{\"@context\":\"https:\/\/schema.org\",\"@graph\":[{\"@type\":\"Article\",\"@id\":\"https:\/\/agenciainfra.com\/blog\/infradebate-live-minfra-estuda-reequilibrio-nos-contratos-de-concessao-do-setor-portuario\/#article\",\"isPartOf\":{\"@id\":\"https:\/\/agenciainfra.com\/blog\/infradebate-live-minfra-estuda-reequilibrio-nos-contratos-de-concessao-do-setor-portuario\/\"},\"author\":{\"name\":\"Rodrigo Zuquim\",\"@id\":\"https:\/\/agenciainfra.com\/blog\/#\/schema\/person\/04dbb79bd6d8951f063da71f3e4c1eb1\"},\"headline\":\"iNFRADebate Live: Minfra estuda reequil\u00edbrio nos contratos de concess\u00e3o do setor portu\u00e1rio\",\"datePublished\":\"2020-04-28T16:00:44+00:00\",\"dateModified\":\"2020-06-09T13:41:52+00:00\",\"mainEntityOfPage\":{\"@id\":\"https:\/\/agenciainfra.com\/blog\/infradebate-live-minfra-estuda-reequilibrio-nos-contratos-de-concessao-do-setor-portuario\/\"},\"wordCount\":1023,\"publisher\":{\"@id\":\"https:\/\/agenciainfra.com\/blog\/#organization\"},\"image\":{\"@id\":\"https:\/\/agenciainfra.com\/blog\/infradebate-live-minfra-estuda-reequilibrio-nos-contratos-de-concessao-do-setor-portuario\/#primaryimage\"},\"thumbnailUrl\":\"https:\/\/agenciainfra.com\/blog\/wp-content\/uploads\/2020\/04\/Diogo-Piloni-foto-reproducao-Agencia-iNFRA.png\",\"keywords\":[\"ABTP\",\"arrendamento\",\"BNDES\",\"Codesa\",\"desestatiza\u00e7\u00e3o\",\"Diogo Piloni\",\"iNFRADebate Live\",\"Jesualdo Concei\u00e7\u00e3o\",\"leil\u00e3o\",\"Minist\u00e9rio da Infraestrutura\",\"portos\",\"Santos Port Authority\",\"SPA\"],\"articleSection\":[\"Geral\",\"iNFRALive e Eventos\"],\"inLanguage\":\"pt-BR\",\"copyrightYear\":\"2020\",\"copyrightHolder\":{\"@id\":\"https:\/\/agenciainfra.com\/blog\/#organization\"}},{\"@type\":\"WebPage\",\"@id\":\"https:\/\/agenciainfra.com\/blog\/infradebate-live-minfra-estuda-reequilibrio-nos-contratos-de-concessao-do-setor-portuario\/\",\"url\":\"https:\/\/agenciainfra.com\/blog\/infradebate-live-minfra-estuda-reequilibrio-nos-contratos-de-concessao-do-setor-portuario\/\",\"name\":\"iNFRADebate Live: Minfra estuda reequil\u00edbrio nos contratos de concess\u00e3o do setor portu\u00e1rio - Ag\u00eancia iNFRA\",\"isPartOf\":{\"@id\":\"https:\/\/agenciainfra.com\/blog\/#website\"},\"primaryImageOfPage\":{\"@id\":\"https:\/\/agenciainfra.com\/blog\/infradebate-live-minfra-estuda-reequilibrio-nos-contratos-de-concessao-do-setor-portuario\/#primaryimage\"},\"image\":{\"@id\":\"https:\/\/agenciainfra.com\/blog\/infradebate-live-minfra-estuda-reequilibrio-nos-contratos-de-concessao-do-setor-portuario\/#primaryimage\"},\"thumbnailUrl\":\"https:\/\/agenciainfra.com\/blog\/wp-content\/uploads\/2020\/04\/Diogo-Piloni-foto-reproducao-Agencia-iNFRA.png\",\"datePublished\":\"2020-04-28T16:00:44+00:00\",\"dateModified\":\"2020-06-09T13:41:52+00:00\",\"breadcrumb\":{\"@id\":\"https:\/\/agenciainfra.com\/blog\/infradebate-live-minfra-estuda-reequilibrio-nos-contratos-de-concessao-do-setor-portuario\/#breadcrumb\"},\"inLanguage\":\"pt-BR\",\"potentialAction\":[{\"@type\":\"ReadAction\",\"target\":[\"https:\/\/agenciainfra.com\/blog\/infradebate-live-minfra-estuda-reequilibrio-nos-contratos-de-concessao-do-setor-portuario\/\"]}]},{\"@type\":\"ImageObject\",\"inLanguage\":\"pt-BR\",\"@id\":\"https:\/\/agenciainfra.com\/blog\/infradebate-live-minfra-estuda-reequilibrio-nos-contratos-de-concessao-do-setor-portuario\/#primaryimage\",\"url\":\"https:\/\/agenciainfra.com\/blog\/wp-content\/uploads\/2020\/04\/Diogo-Piloni-foto-reproducao-Agencia-iNFRA.png\",\"contentUrl\":\"https:\/\/agenciainfra.com\/blog\/wp-content\/uploads\/2020\/04\/Diogo-Piloni-foto-reproducao-Agencia-iNFRA.png\",\"width\":1280,\"height\":800},{\"@type\":\"BreadcrumbList\",\"@id\":\"https:\/\/agenciainfra.com\/blog\/infradebate-live-minfra-estuda-reequilibrio-nos-contratos-de-concessao-do-setor-portuario\/#breadcrumb\",\"itemListElement\":[{\"@type\":\"ListItem\",\"position\":1,\"name\":\"In\u00edcio\",\"item\":\"https:\/\/agenciainfra.com\/blog\/\"},{\"@type\":\"ListItem\",\"position\":2,\"name\":\"iNFRADebate Live: Minfra estuda reequil\u00edbrio nos contratos de concess\u00e3o do setor portu\u00e1rio\"}]},{\"@type\":\"WebSite\",\"@id\":\"https:\/\/agenciainfra.com\/blog\/#website\",\"url\":\"https:\/\/agenciainfra.com\/blog\/\",\"name\":\"Ag\u00eancia iNFRA\",\"description\":\"Multiplataforma de informa\u00e7\u00e3o jornal\u00edstica refer\u00eancia na \u00e1rea de infraestrutura no Brasil!\",\"publisher\":{\"@id\":\"https:\/\/agenciainfra.com\/blog\/#organization\"},\"potentialAction\":[{\"@type\":\"SearchAction\",\"target\":{\"@type\":\"EntryPoint\",\"urlTemplate\":\"https:\/\/agenciainfra.com\/blog\/?s={search_term_string}\"},\"query-input\":{\"@type\":\"PropertyValueSpecification\",\"valueRequired\":true,\"valueName\":\"search_term_string\"}}],\"inLanguage\":\"pt-BR\"},{\"@type\":\"Organization\",\"@id\":\"https:\/\/agenciainfra.com\/blog\/#organization\",\"name\":\"Ag\u00eancia iNFRA\",\"url\":\"https:\/\/agenciainfra.com\/blog\/\",\"logo\":{\"@type\":\"ImageObject\",\"inLanguage\":\"pt-BR\",\"@id\":\"https:\/\/agenciainfra.com\/blog\/#\/schema\/logo\/image\/\",\"url\":\"https:\/\/agenciainfra.com\/blog\/wp-content\/uploads\/2023\/09\/iNFRA_5-e1761735885940.png\",\"contentUrl\":\"https:\/\/agenciainfra.com\/blog\/wp-content\/uploads\/2023\/09\/iNFRA_5-e1761735885940.png\",\"width\":1672,\"height\":454,\"caption\":\"Ag\u00eancia iNFRA\"},\"image\":{\"@id\":\"https:\/\/agenciainfra.com\/blog\/#\/schema\/logo\/image\/\"},\"sameAs\":[\"https:\/\/www.facebook.com\/ageninfra\",\"https:\/\/x.com\/agencia_infra\",\"https:\/\/www.linkedin.com\/company\/ag\u00eanciainfra\/\",\"https:\/\/www.instagram.com\/agenciainfra\/\"]},{\"@type\":\"Person\",\"@id\":\"https:\/\/agenciainfra.com\/blog\/#\/schema\/person\/04dbb79bd6d8951f063da71f3e4c1eb1\",\"name\":\"Rodrigo Zuquim\",\"image\":{\"@type\":\"ImageObject\",\"inLanguage\":\"pt-BR\",\"@id\":\"https:\/\/agenciainfra.com\/blog\/#\/schema\/person\/image\/\",\"url\":\"https:\/\/secure.gravatar.com\/avatar\/594abfe82761d620726242ff34ca472a705a4b97f16c790053a6b4c4035274d0?s=96&d=mm&r=g\",\"contentUrl\":\"https:\/\/secure.gravatar.com\/avatar\/594abfe82761d620726242ff34ca472a705a4b97f16c790053a6b4c4035274d0?s=96&d=mm&r=g\",\"caption\":\"Rodrigo Zuquim\"},\"url\":\"https:\/\/agenciainfra.com\/blog\/author\/rodrigo-zuquim\/\"}]}<\/script>\n<!-- \/ Yoast SEO Premium plugin. -->","yoast_head_json":{"title":"iNFRADebate Live: Minfra estuda reequil\u00edbrio nos contratos de concess\u00e3o do setor portu\u00e1rio - Ag\u00eancia iNFRA","robots":{"index":"index","follow":"follow","max-snippet":"max-snippet:-1","max-image-preview":"max-image-preview:large","max-video-preview":"max-video-preview:-1"},"canonical":"https:\/\/agenciainfra.com\/blog\/infradebate-live-minfra-estuda-reequilibrio-nos-contratos-de-concessao-do-setor-portuario\/","og_locale":"pt_BR","og_type":"article","og_title":"iNFRADebate Live: Minfra estuda reequil\u00edbrio nos contratos de concess\u00e3o do setor portu\u00e1rio","og_description":"Tales Silveira, da\u00a0Ag\u00eancia iNFRA O secret\u00e1rio nacional de Portos e Transportes Aquavi\u00e1rios do Minist\u00e9rio da Infraestrutura, Diogo Piloni, afirmou que o Minfra (Minist\u00e9rio da Infraestrutura) j\u00e1 vem estudando formas para estabelecer os reequil\u00edbrios de contratos de concess\u00e3o do setor portu\u00e1rio. \u201cA gente j\u00e1 est\u00e1 tratando. Fizemos an\u00e1lise de impacto com diversos segmentos do setor. A [&hellip;]","og_url":"https:\/\/agenciainfra.com\/blog\/infradebate-live-minfra-estuda-reequilibrio-nos-contratos-de-concessao-do-setor-portuario\/","og_site_name":"Ag\u00eancia iNFRA","article_publisher":"https:\/\/www.facebook.com\/ageninfra","article_published_time":"2020-04-28T16:00:44+00:00","article_modified_time":"2020-06-09T13:41:52+00:00","og_image":[{"width":1280,"height":800,"url":"https:\/\/agenciainfra.com\/blog\/wp-content\/uploads\/2020\/04\/Diogo-Piloni-foto-reproducao-Agencia-iNFRA.png","type":"image\/png"}],"author":"Rodrigo Zuquim","twitter_card":"summary_large_image","twitter_creator":"@agencia_infra","twitter_site":"@agencia_infra","twitter_misc":{"Escrito por":"Rodrigo Zuquim","Est. tempo de leitura":"5 minutos"},"schema":{"@context":"https:\/\/schema.org","@graph":[{"@type":"Article","@id":"https:\/\/agenciainfra.com\/blog\/infradebate-live-minfra-estuda-reequilibrio-nos-contratos-de-concessao-do-setor-portuario\/#article","isPartOf":{"@id":"https:\/\/agenciainfra.com\/blog\/infradebate-live-minfra-estuda-reequilibrio-nos-contratos-de-concessao-do-setor-portuario\/"},"author":{"name":"Rodrigo Zuquim","@id":"https:\/\/agenciainfra.com\/blog\/#\/schema\/person\/04dbb79bd6d8951f063da71f3e4c1eb1"},"headline":"iNFRADebate Live: Minfra estuda reequil\u00edbrio nos contratos de concess\u00e3o do setor portu\u00e1rio","datePublished":"2020-04-28T16:00:44+00:00","dateModified":"2020-06-09T13:41:52+00:00","mainEntityOfPage":{"@id":"https:\/\/agenciainfra.com\/blog\/infradebate-live-minfra-estuda-reequilibrio-nos-contratos-de-concessao-do-setor-portuario\/"},"wordCount":1023,"publisher":{"@id":"https:\/\/agenciainfra.com\/blog\/#organization"},"image":{"@id":"https:\/\/agenciainfra.com\/blog\/infradebate-live-minfra-estuda-reequilibrio-nos-contratos-de-concessao-do-setor-portuario\/#primaryimage"},"thumbnailUrl":"https:\/\/agenciainfra.com\/blog\/wp-content\/uploads\/2020\/04\/Diogo-Piloni-foto-reproducao-Agencia-iNFRA.png","keywords":["ABTP","arrendamento","BNDES","Codesa","desestatiza\u00e7\u00e3o","Diogo Piloni","iNFRADebate Live","Jesualdo Concei\u00e7\u00e3o","leil\u00e3o","Minist\u00e9rio da Infraestrutura","portos","Santos Port Authority","SPA"],"articleSection":["Geral","iNFRALive e Eventos"],"inLanguage":"pt-BR","copyrightYear":"2020","copyrightHolder":{"@id":"https:\/\/agenciainfra.com\/blog\/#organization"}},{"@type":"WebPage","@id":"https:\/\/agenciainfra.com\/blog\/infradebate-live-minfra-estuda-reequilibrio-nos-contratos-de-concessao-do-setor-portuario\/","url":"https:\/\/agenciainfra.com\/blog\/infradebate-live-minfra-estuda-reequilibrio-nos-contratos-de-concessao-do-setor-portuario\/","name":"iNFRADebate Live: Minfra estuda reequil\u00edbrio nos contratos de concess\u00e3o do setor portu\u00e1rio - Ag\u00eancia iNFRA","isPartOf":{"@id":"https:\/\/agenciainfra.com\/blog\/#website"},"primaryImageOfPage":{"@id":"https:\/\/agenciainfra.com\/blog\/infradebate-live-minfra-estuda-reequilibrio-nos-contratos-de-concessao-do-setor-portuario\/#primaryimage"},"image":{"@id":"https:\/\/agenciainfra.com\/blog\/infradebate-live-minfra-estuda-reequilibrio-nos-contratos-de-concessao-do-setor-portuario\/#primaryimage"},"thumbnailUrl":"https:\/\/agenciainfra.com\/blog\/wp-content\/uploads\/2020\/04\/Diogo-Piloni-foto-reproducao-Agencia-iNFRA.png","datePublished":"2020-04-28T16:00:44+00:00","dateModified":"2020-06-09T13:41:52+00:00","breadcrumb":{"@id":"https:\/\/agenciainfra.com\/blog\/infradebate-live-minfra-estuda-reequilibrio-nos-contratos-de-concessao-do-setor-portuario\/#breadcrumb"},"inLanguage":"pt-BR","potentialAction":[{"@type":"ReadAction","target":["https:\/\/agenciainfra.com\/blog\/infradebate-live-minfra-estuda-reequilibrio-nos-contratos-de-concessao-do-setor-portuario\/"]}]},{"@type":"ImageObject","inLanguage":"pt-BR","@id":"https:\/\/agenciainfra.com\/blog\/infradebate-live-minfra-estuda-reequilibrio-nos-contratos-de-concessao-do-setor-portuario\/#primaryimage","url":"https:\/\/agenciainfra.com\/blog\/wp-content\/uploads\/2020\/04\/Diogo-Piloni-foto-reproducao-Agencia-iNFRA.png","contentUrl":"https:\/\/agenciainfra.com\/blog\/wp-content\/uploads\/2020\/04\/Diogo-Piloni-foto-reproducao-Agencia-iNFRA.png","width":1280,"height":800},{"@type":"BreadcrumbList","@id":"https:\/\/agenciainfra.com\/blog\/infradebate-live-minfra-estuda-reequilibrio-nos-contratos-de-concessao-do-setor-portuario\/#breadcrumb","itemListElement":[{"@type":"ListItem","position":1,"name":"In\u00edcio","item":"https:\/\/agenciainfra.com\/blog\/"},{"@type":"ListItem","position":2,"name":"iNFRADebate Live: Minfra estuda reequil\u00edbrio nos contratos de concess\u00e3o do setor portu\u00e1rio"}]},{"@type":"WebSite","@id":"https:\/\/agenciainfra.com\/blog\/#website","url":"https:\/\/agenciainfra.com\/blog\/","name":"Ag\u00eancia iNFRA","description":"Multiplataforma de informa\u00e7\u00e3o jornal\u00edstica refer\u00eancia na \u00e1rea de infraestrutura no Brasil!","publisher":{"@id":"https:\/\/agenciainfra.com\/blog\/#organization"},"potentialAction":[{"@type":"SearchAction","target":{"@type":"EntryPoint","urlTemplate":"https:\/\/agenciainfra.com\/blog\/?s={search_term_string}"},"query-input":{"@type":"PropertyValueSpecification","valueRequired":true,"valueName":"search_term_string"}}],"inLanguage":"pt-BR"},{"@type":"Organization","@id":"https:\/\/agenciainfra.com\/blog\/#organization","name":"Ag\u00eancia iNFRA","url":"https:\/\/agenciainfra.com\/blog\/","logo":{"@type":"ImageObject","inLanguage":"pt-BR","@id":"https:\/\/agenciainfra.com\/blog\/#\/schema\/logo\/image\/","url":"https:\/\/agenciainfra.com\/blog\/wp-content\/uploads\/2023\/09\/iNFRA_5-e1761735885940.png","contentUrl":"https:\/\/agenciainfra.com\/blog\/wp-content\/uploads\/2023\/09\/iNFRA_5-e1761735885940.png","width":1672,"height":454,"caption":"Ag\u00eancia iNFRA"},"image":{"@id":"https:\/\/agenciainfra.com\/blog\/#\/schema\/logo\/image\/"},"sameAs":["https:\/\/www.facebook.com\/ageninfra","https:\/\/x.com\/agencia_infra","https:\/\/www.linkedin.com\/company\/ag\u00eanciainfra\/","https:\/\/www.instagram.com\/agenciainfra\/"]},{"@type":"Person","@id":"https:\/\/agenciainfra.com\/blog\/#\/schema\/person\/04dbb79bd6d8951f063da71f3e4c1eb1","name":"Rodrigo Zuquim","image":{"@type":"ImageObject","inLanguage":"pt-BR","@id":"https:\/\/agenciainfra.com\/blog\/#\/schema\/person\/image\/","url":"https:\/\/secure.gravatar.com\/avatar\/594abfe82761d620726242ff34ca472a705a4b97f16c790053a6b4c4035274d0?s=96&d=mm&r=g","contentUrl":"https:\/\/secure.gravatar.com\/avatar\/594abfe82761d620726242ff34ca472a705a4b97f16c790053a6b4c4035274d0?s=96&d=mm&r=g","caption":"Rodrigo Zuquim"},"url":"https:\/\/agenciainfra.com\/blog\/author\/rodrigo-zuquim\/"}]}},"_links":{"self":[{"href":"https:\/\/agenciainfra.com\/blog\/wp-json\/wp\/v2\/posts\/4781","targetHints":{"allow":["GET"]}}],"collection":[{"href":"https:\/\/agenciainfra.com\/blog\/wp-json\/wp\/v2\/posts"}],"about":[{"href":"https:\/\/agenciainfra.com\/blog\/wp-json\/wp\/v2\/types\/post"}],"author":[{"embeddable":true,"href":"https:\/\/agenciainfra.com\/blog\/wp-json\/wp\/v2\/users\/9"}],"replies":[{"embeddable":true,"href":"https:\/\/agenciainfra.com\/blog\/wp-json\/wp\/v2\/comments?post=4781"}],"version-history":[{"count":0,"href":"https:\/\/agenciainfra.com\/blog\/wp-json\/wp\/v2\/posts\/4781\/revisions"}],"wp:featuredmedia":[{"embeddable":true,"href":"https:\/\/agenciainfra.com\/blog\/wp-json\/wp\/v2\/media\/4782"}],"wp:attachment":[{"href":"https:\/\/agenciainfra.com\/blog\/wp-json\/wp\/v2\/media?parent=4781"}],"wp:term":[{"taxonomy":"category","embeddable":true,"href":"https:\/\/agenciainfra.com\/blog\/wp-json\/wp\/v2\/categories?post=4781"},{"taxonomy":"post_tag","embeddable":true,"href":"https:\/\/agenciainfra.com\/blog\/wp-json\/wp\/v2\/tags?post=4781"}],"curies":[{"name":"wp","href":"https:\/\/api.w.org\/{rel}","templated":true}]}}