{"id":4787,"date":"2020-04-30T08:00:05","date_gmt":"2020-04-30T11:00:05","guid":{"rendered":"http:\/\/www.agenciainfra.com\/blog\/?p=4787"},"modified":"2020-04-28T12:49:17","modified_gmt":"2020-04-28T15:49:17","slug":"reequilibrio-de-contrato-e-debentures-de-infraestrutura-ganham-projetos-de-lei-na-camara","status":"publish","type":"post","link":"https:\/\/agenciainfra.com\/blog\/reequilibrio-de-contrato-e-debentures-de-infraestrutura-ganham-projetos-de-lei-na-camara\/","title":{"rendered":"Reequil\u00edbrio de contrato e deb\u00eantures de infraestrutura ganham projetos de lei na C\u00e2mara"},"content":{"rendered":"<div>\n<h5 style=\"text-align: right;\"><strong>Guilherme Mendes e Dimmi Amora, da\u00a0Ag\u00eancia iNFRA<\/strong><\/h5>\n<p dir=\"ltr\">Em uma confer\u00eancia virtual realizada na \u00faltima segunda-feira (27), o deputado Arnaldo Jardim (Cidadania-SP) afirmou que deve apresentar, ainda nesta semana, um PL (projeto de lei) para normatizar o reequil\u00edbrio de contratos durante a pandemia.<\/p>\n<p>Segundo o parlamentar, que estava no debate que tratava de altera\u00e7\u00f5es legislativas no setor de infraestrutura por conta da Covid-19, setores como o de energia e log\u00edstica dever\u00e3o ser os mais beneficiados por uma repactua\u00e7\u00e3o deste equil\u00edbrio econ\u00f4mico-financeiro.<\/p>\n<p>&#8220;Conversei inclusive com o TCU (Tribunal de Contas da Uni\u00e3o) para que cheguemos a uma solu\u00e7\u00e3o c\u00e9lere, pois tais casos n\u00e3o podem ficar se arrastando por anos&#8221;, apontou Jardim, que definiu a quest\u00e3o como &#8220;estrat\u00e9gica&#8221;.<\/p>\n<p>O projeto sobre os reequil\u00edbrios est\u00e1 em avalia\u00e7\u00e3o final, segundo o deputado disse \u00e0\u00a0<strong>Ag\u00eancia iNFRA<\/strong>. O que j\u00e1 est\u00e1 pronto, segundo ele, \u00e9 o projeto de lei que vai criar um novo formato de deb\u00eantures e melhorar a regulamenta\u00e7\u00e3o das deb\u00eantures incentivadas.<\/p>\n<p>O projeto \u00e9 assinado com o deputado Jo\u00e3o Maia (PL-RN), que foi o presidente da comiss\u00e3o especial que elaborou o PL do novo marco legal de concess\u00f5es. Na justificativa, os parlamentares informam que retiraram essa parte do texto do PL das Concess\u00f5es para incentivar uma nova forma de financiamento para as empresas do setor no per\u00edodo da Covid-19.<\/p>\n<p>&#8220;Sinteticamente, o projeto de lei tem objetivo triplo: prop\u00f5e a cria\u00e7\u00e3o de uma nova modalidade de t\u00edtulos de d\u00edvida, as deb\u00eantures de infraestrutura, aperfei\u00e7oa o marco legal das deb\u00eantures incentivadas e busca corrigir barreiras para opera\u00e7\u00e3o de fundos de investimento em infraestrutura&#8221;, informa a justificativa do projeto, cuja minuta est\u00e1 dispon\u00edvel\u00a0<a href=\"https:\/\/agenciainfra.us14.list-manage.com\/track\/click?u=d460dd1bcf9ba0ae040e1fc0f&amp;id=450ac59022&amp;e=c099169394\" target=\"_blank\" rel=\"noopener noreferrer\" data-saferedirecturl=\"https:\/\/www.google.com\/url?q=https:\/\/agenciainfra.us14.list-manage.com\/track\/click?u%3Dd460dd1bcf9ba0ae040e1fc0f%26id%3D450ac59022%26e%3Dc099169394&amp;source=gmail&amp;ust=1588172409706000&amp;usg=AFQjCNEBrvzoWi3nyPqh-xzHwCGljEHbTQ\">neste link<\/a>.<\/p>\n<p><strong>Reequil\u00edbrio permitido<\/strong><br \/>\nA AGU (Advocacia-Geral da Uni\u00e3o) junto ao Minist\u00e9rio da Infraestrutura j\u00e1 reconheceu, em parecer tornado p\u00fablico na semana passada, que a pandemia \u00e9 classific\u00e1vel como evento de &#8220;for\u00e7a maior&#8221; para efeitos de reequil\u00edbrio, mas que eles ter\u00e3o que ser analisados caso a caso e ser\u00e1 necess\u00e1rio comprovar o desequil\u00edbrio dos contratos.<\/p>\n<p>A prova do desequil\u00edbrio \u00e9 que vem preocupando especialistas em todas as \u00e1reas, j\u00e1 que os efeitos das determina\u00e7\u00f5es de paralisa\u00e7\u00e3o nas \u00e1reas s\u00e3o diversificados.<\/p>\n<p>Participando dos \u00faltimos dois evento do iNFRADebate\u00a0Live, promovido pela\u00a0<strong>Ag\u00eancia iNFRA<\/strong>, tanto o diretor da Aneaa (Associa\u00e7\u00e3o Nacional das Empresas Administradoras em Aeroportos), Dyogo Oliveira, como o diretor-presidente da ABTP (Associa\u00e7\u00e3o Brasileira de Terminais Portu\u00e1rios), Jesualdo Silva, apontaram para a necessidade urgente de que esses reequil\u00edbrios ocorram, especialmente por causa da dificuldade financeira das empresas.<\/p>\n<p>Mas lembraram que h\u00e1 muitas nuances ainda desconhecidas dos efeitos da pandemia sobre as opera\u00e7\u00f5es que v\u00e3o impactar nas receitas e nas despesas desses contratos. Oliveira citou, por exemplo, a necessidade de distanciamento, que vai impactar na quantidade de pessoas que poder\u00e3o usar os aeroportos.<\/p>\n<p>Num caso j\u00e1 em an\u00e1lise, a AGU da ANAC (Ag\u00eancia Nacional de Avia\u00e7\u00e3o Civil) considerou que a MP 925, que determina a posterga\u00e7\u00e3o de pagamento de outorgas para as concession\u00e1rias de aeroportos at\u00e9 o fim do ano, n\u00e3o abrangeu todos os tipos de outorgas previstos nos contratos.<\/p>\n<p>O parecer, dispon\u00edvel\u00a0<a href=\"https:\/\/agenciainfra.us14.list-manage.com\/track\/click?u=d460dd1bcf9ba0ae040e1fc0f&amp;id=b14e244273&amp;e=c099169394\" target=\"_blank\" rel=\"noopener noreferrer\" data-saferedirecturl=\"https:\/\/www.google.com\/url?q=https:\/\/agenciainfra.us14.list-manage.com\/track\/click?u%3Dd460dd1bcf9ba0ae040e1fc0f%26id%3Db14e244273%26e%3Dc099169394&amp;source=gmail&amp;ust=1588172409706000&amp;usg=AFQjCNFsIYL01YIxDSLyaksQcvwPxhE2aw\">neste link<\/a>, recomendou a cobran\u00e7a normal da chamada &#8220;contribui\u00e7\u00e3o mensal&#8221;, prevista em contratos da segunda e terceira etapa de concess\u00f5es e que incide sobre as receitas dessas concession\u00e1rias.<\/p>\n<p><strong>Solu\u00e7\u00f5es comuns insuficientes<\/strong><br \/>\nEm artigo para o iNFRADebate, dispon\u00edvel\u00a0<a href=\"https:\/\/agenciainfra.us14.list-manage.com\/track\/click?u=d460dd1bcf9ba0ae040e1fc0f&amp;id=d6e80ca4b4&amp;e=c099169394\" target=\"_blank\" rel=\"noopener noreferrer\" data-saferedirecturl=\"https:\/\/www.google.com\/url?q=https:\/\/agenciainfra.us14.list-manage.com\/track\/click?u%3Dd460dd1bcf9ba0ae040e1fc0f%26id%3Dd6e80ca4b4%26e%3Dc099169394&amp;source=gmail&amp;ust=1588172409706000&amp;usg=AFQjCNEILpftnKU4s0tv-UG6EpsX7C9QPg\">neste link<\/a>, os advogados Leonardo Coelho e Roberto Ara\u00fajo, indicam que as solu\u00e7\u00f5es comuns previstas nos reequil\u00edbrios podem n\u00e3o ser suficientes diante do tamanho do problema que ocorrer\u00e1 em alguns contratos.<\/p>\n<p>&#8220;Ser\u00e1 preciso pensar, com pertencimento de parte a parte, as melhores formas negociais de reequacionamento das concess\u00f5es para o futuro&#8221;, escrevem os autores.<\/p>\n<p><strong>Investimentos nos atuais contratos<\/strong><br \/>\nBoa parte dos contratos de concess\u00e3o do setor de transportes no governo federal, principalmente nos setores de rodovias e aeroportos, j\u00e1 estava em situa\u00e7\u00e3o de desequil\u00edbrio e dificuldade econ\u00f4mica e financeira antes mesmo da pandemia, o que deve se agravar agora.<\/p>\n<p>A maior parte dessas concess\u00f5es dificilmente ser\u00e1 salva com os atuais modelos e regras de reequil\u00edbrio presentes nos contratos de concess\u00f5es. O mais prov\u00e1vel \u00e9 que s\u00f3 seja poss\u00edvel o prosseguimento dos atuais concession\u00e1rios com uma repactua\u00e7\u00e3o mais abrangente, que inclua inclusive a amplia\u00e7\u00e3o do escopo, indicam analistas ouvidos pela\u00a0<strong>Ag\u00eancia iNFRA<\/strong>.<\/p>\n<\/div>\n","protected":false},"excerpt":{"rendered":"<p>Guilherme Mendes e Dimmi Amora, da\u00a0Ag\u00eancia iNFRA Em uma confer\u00eancia virtual realizada na \u00faltima segunda-feira (27), o deputado Arnaldo Jardim (Cidadania-SP) afirmou que deve apresentar, ainda nesta semana, um PL (projeto de lei) para normatizar o reequil\u00edbrio de contratos durante a pandemia. Segundo o parlamentar, que estava no debate que tratava de altera\u00e7\u00f5es legislativas no [&hellip;]<\/p>\n","protected":false},"author":9,"featured_media":4788,"comment_status":"closed","ping_status":"closed","sticky":false,"template":"","format":"standard","meta":{"_monsterinsights_skip_tracking":false,"_monsterinsights_sitenote_active":false,"_monsterinsights_sitenote_note":"","_monsterinsights_sitenote_category":0,"footnotes":""},"categories":[7],"tags":[207,1373,888,78,622,1374,1940,1325,1934,1916,1937,1935],"class_list":["post-4787","post","type-post","status-publish","format-standard","has-post-thumbnail","hentry","category-infratransporte","tag-abtp","tag-aneaa","tag-arnaldo-jardim","tag-concessoes","tag-debentures","tag-dyogo-oliveira","tag-jesualdo-conceicao","tag-joao-maia","tag-leonardo-coelho-ribeiro","tag-mp-925","tag-reequilibrio-de-contratos","tag-roberto-araujo"],"yoast_head":"<!-- This site is optimized with the Yoast SEO Premium plugin v25.4 (Yoast SEO v26.0) - https:\/\/yoast.com\/wordpress\/plugins\/seo\/ -->\n<title>Reequil\u00edbrio de contrato e deb\u00eantures de infraestrutura ganham projetos de lei na C\u00e2mara - Ag\u00eancia iNFRA<\/title>\n<meta name=\"robots\" content=\"index, follow, max-snippet:-1, max-image-preview:large, max-video-preview:-1\" \/>\n<link rel=\"canonical\" href=\"https:\/\/agenciainfra.com\/blog\/reequilibrio-de-contrato-e-debentures-de-infraestrutura-ganham-projetos-de-lei-na-camara\/\" \/>\n<meta property=\"og:locale\" content=\"pt_BR\" \/>\n<meta property=\"og:type\" content=\"article\" \/>\n<meta property=\"og:title\" content=\"Reequil\u00edbrio de contrato e deb\u00eantures de infraestrutura ganham projetos de lei na C\u00e2mara\" \/>\n<meta property=\"og:description\" content=\"Guilherme Mendes e Dimmi Amora, da\u00a0Ag\u00eancia iNFRA Em uma confer\u00eancia virtual realizada na \u00faltima segunda-feira (27), o deputado Arnaldo Jardim (Cidadania-SP) afirmou que deve apresentar, ainda nesta semana, um PL (projeto de lei) para normatizar o reequil\u00edbrio de contratos durante a pandemia. Segundo o parlamentar, que estava no debate que tratava de altera\u00e7\u00f5es legislativas no [&hellip;]\" \/>\n<meta property=\"og:url\" content=\"https:\/\/agenciainfra.com\/blog\/reequilibrio-de-contrato-e-debentures-de-infraestrutura-ganham-projetos-de-lei-na-camara\/\" \/>\n<meta property=\"og:site_name\" content=\"Ag\u00eancia iNFRA\" \/>\n<meta property=\"article:publisher\" content=\"https:\/\/www.facebook.com\/ageninfra\" \/>\n<meta property=\"article:published_time\" content=\"2020-04-30T11:00:05+00:00\" \/>\n<meta property=\"og:image\" content=\"https:\/\/agenciainfra.com\/blog\/wp-content\/uploads\/2020\/04\/arnaldo-jardim-foto-luis-macedo-camara-deputados.jpg\" \/>\n\t<meta property=\"og:image:width\" content=\"1280\" \/>\n\t<meta property=\"og:image:height\" content=\"853\" \/>\n\t<meta property=\"og:image:type\" content=\"image\/jpeg\" \/>\n<meta name=\"author\" content=\"Rodrigo Zuquim\" \/>\n<meta name=\"twitter:card\" content=\"summary_large_image\" \/>\n<meta name=\"twitter:creator\" content=\"@agencia_infra\" \/>\n<meta name=\"twitter:site\" content=\"@agencia_infra\" \/>\n<meta name=\"twitter:label1\" content=\"Escrito por\" \/>\n\t<meta name=\"twitter:data1\" content=\"Rodrigo Zuquim\" \/>\n\t<meta name=\"twitter:label2\" content=\"Est. tempo de leitura\" \/>\n\t<meta name=\"twitter:data2\" content=\"4 minutos\" \/>\n<script type=\"application\/ld+json\" class=\"yoast-schema-graph\">{\"@context\":\"https:\/\/schema.org\",\"@graph\":[{\"@type\":\"Article\",\"@id\":\"https:\/\/agenciainfra.com\/blog\/reequilibrio-de-contrato-e-debentures-de-infraestrutura-ganham-projetos-de-lei-na-camara\/#article\",\"isPartOf\":{\"@id\":\"https:\/\/agenciainfra.com\/blog\/reequilibrio-de-contrato-e-debentures-de-infraestrutura-ganham-projetos-de-lei-na-camara\/\"},\"author\":{\"name\":\"Rodrigo Zuquim\",\"@id\":\"https:\/\/agenciainfra.com\/blog\/#\/schema\/person\/04dbb79bd6d8951f063da71f3e4c1eb1\"},\"headline\":\"Reequil\u00edbrio de contrato e deb\u00eantures de infraestrutura ganham projetos de lei na C\u00e2mara\",\"datePublished\":\"2020-04-30T11:00:05+00:00\",\"mainEntityOfPage\":{\"@id\":\"https:\/\/agenciainfra.com\/blog\/reequilibrio-de-contrato-e-debentures-de-infraestrutura-ganham-projetos-de-lei-na-camara\/\"},\"wordCount\":783,\"publisher\":{\"@id\":\"https:\/\/agenciainfra.com\/blog\/#organization\"},\"image\":{\"@id\":\"https:\/\/agenciainfra.com\/blog\/reequilibrio-de-contrato-e-debentures-de-infraestrutura-ganham-projetos-de-lei-na-camara\/#primaryimage\"},\"thumbnailUrl\":\"https:\/\/agenciainfra.com\/blog\/wp-content\/uploads\/2020\/04\/arnaldo-jardim-foto-luis-macedo-camara-deputados.jpg\",\"keywords\":[\"ABTP\",\"Aneaa\",\"Arnaldo Jardim\",\"concess\u00f5es\",\"deb\u00eantures\",\"Dyogo Oliveira\",\"Jesualdo Concei\u00e7\u00e3o\",\"Jo\u00e3o Maia\",\"Leonardo Coelho Ribeiro\",\"MP 925\",\"reequil\u00edbrio de contratos\",\"Roberto Ara\u00fajo\"],\"articleSection\":[\"iNFRATransporte\"],\"inLanguage\":\"pt-BR\",\"copyrightYear\":\"2020\",\"copyrightHolder\":{\"@id\":\"https:\/\/agenciainfra.com\/blog\/#organization\"}},{\"@type\":\"WebPage\",\"@id\":\"https:\/\/agenciainfra.com\/blog\/reequilibrio-de-contrato-e-debentures-de-infraestrutura-ganham-projetos-de-lei-na-camara\/\",\"url\":\"https:\/\/agenciainfra.com\/blog\/reequilibrio-de-contrato-e-debentures-de-infraestrutura-ganham-projetos-de-lei-na-camara\/\",\"name\":\"Reequil\u00edbrio de contrato e deb\u00eantures de infraestrutura ganham projetos de lei na C\u00e2mara - Ag\u00eancia iNFRA\",\"isPartOf\":{\"@id\":\"https:\/\/agenciainfra.com\/blog\/#website\"},\"primaryImageOfPage\":{\"@id\":\"https:\/\/agenciainfra.com\/blog\/reequilibrio-de-contrato-e-debentures-de-infraestrutura-ganham-projetos-de-lei-na-camara\/#primaryimage\"},\"image\":{\"@id\":\"https:\/\/agenciainfra.com\/blog\/reequilibrio-de-contrato-e-debentures-de-infraestrutura-ganham-projetos-de-lei-na-camara\/#primaryimage\"},\"thumbnailUrl\":\"https:\/\/agenciainfra.com\/blog\/wp-content\/uploads\/2020\/04\/arnaldo-jardim-foto-luis-macedo-camara-deputados.jpg\",\"datePublished\":\"2020-04-30T11:00:05+00:00\",\"breadcrumb\":{\"@id\":\"https:\/\/agenciainfra.com\/blog\/reequilibrio-de-contrato-e-debentures-de-infraestrutura-ganham-projetos-de-lei-na-camara\/#breadcrumb\"},\"inLanguage\":\"pt-BR\",\"potentialAction\":[{\"@type\":\"ReadAction\",\"target\":[\"https:\/\/agenciainfra.com\/blog\/reequilibrio-de-contrato-e-debentures-de-infraestrutura-ganham-projetos-de-lei-na-camara\/\"]}]},{\"@type\":\"ImageObject\",\"inLanguage\":\"pt-BR\",\"@id\":\"https:\/\/agenciainfra.com\/blog\/reequilibrio-de-contrato-e-debentures-de-infraestrutura-ganham-projetos-de-lei-na-camara\/#primaryimage\",\"url\":\"https:\/\/agenciainfra.com\/blog\/wp-content\/uploads\/2020\/04\/arnaldo-jardim-foto-luis-macedo-camara-deputados.jpg\",\"contentUrl\":\"https:\/\/agenciainfra.com\/blog\/wp-content\/uploads\/2020\/04\/arnaldo-jardim-foto-luis-macedo-camara-deputados.jpg\",\"width\":1280,\"height\":853},{\"@type\":\"BreadcrumbList\",\"@id\":\"https:\/\/agenciainfra.com\/blog\/reequilibrio-de-contrato-e-debentures-de-infraestrutura-ganham-projetos-de-lei-na-camara\/#breadcrumb\",\"itemListElement\":[{\"@type\":\"ListItem\",\"position\":1,\"name\":\"In\u00edcio\",\"item\":\"https:\/\/agenciainfra.com\/blog\/\"},{\"@type\":\"ListItem\",\"position\":2,\"name\":\"Reequil\u00edbrio de contrato e deb\u00eantures de infraestrutura ganham projetos de lei na C\u00e2mara\"}]},{\"@type\":\"WebSite\",\"@id\":\"https:\/\/agenciainfra.com\/blog\/#website\",\"url\":\"https:\/\/agenciainfra.com\/blog\/\",\"name\":\"Ag\u00eancia iNFRA\",\"description\":\"Multiplataforma de informa\u00e7\u00e3o jornal\u00edstica refer\u00eancia na \u00e1rea de infraestrutura no Brasil!\",\"publisher\":{\"@id\":\"https:\/\/agenciainfra.com\/blog\/#organization\"},\"potentialAction\":[{\"@type\":\"SearchAction\",\"target\":{\"@type\":\"EntryPoint\",\"urlTemplate\":\"https:\/\/agenciainfra.com\/blog\/?s={search_term_string}\"},\"query-input\":{\"@type\":\"PropertyValueSpecification\",\"valueRequired\":true,\"valueName\":\"search_term_string\"}}],\"inLanguage\":\"pt-BR\"},{\"@type\":\"Organization\",\"@id\":\"https:\/\/agenciainfra.com\/blog\/#organization\",\"name\":\"Ag\u00eancia iNFRA\",\"url\":\"https:\/\/agenciainfra.com\/blog\/\",\"logo\":{\"@type\":\"ImageObject\",\"inLanguage\":\"pt-BR\",\"@id\":\"https:\/\/agenciainfra.com\/blog\/#\/schema\/logo\/image\/\",\"url\":\"https:\/\/agenciainfra.com\/blog\/wp-content\/uploads\/2023\/09\/iNFRA_5-e1761735885940.png\",\"contentUrl\":\"https:\/\/agenciainfra.com\/blog\/wp-content\/uploads\/2023\/09\/iNFRA_5-e1761735885940.png\",\"width\":1672,\"height\":454,\"caption\":\"Ag\u00eancia iNFRA\"},\"image\":{\"@id\":\"https:\/\/agenciainfra.com\/blog\/#\/schema\/logo\/image\/\"},\"sameAs\":[\"https:\/\/www.facebook.com\/ageninfra\",\"https:\/\/x.com\/agencia_infra\",\"https:\/\/www.linkedin.com\/company\/ag\u00eanciainfra\/\",\"https:\/\/www.instagram.com\/agenciainfra\/\"]},{\"@type\":\"Person\",\"@id\":\"https:\/\/agenciainfra.com\/blog\/#\/schema\/person\/04dbb79bd6d8951f063da71f3e4c1eb1\",\"name\":\"Rodrigo Zuquim\",\"image\":{\"@type\":\"ImageObject\",\"inLanguage\":\"pt-BR\",\"@id\":\"https:\/\/agenciainfra.com\/blog\/#\/schema\/person\/image\/\",\"url\":\"https:\/\/secure.gravatar.com\/avatar\/594abfe82761d620726242ff34ca472a705a4b97f16c790053a6b4c4035274d0?s=96&d=mm&r=g\",\"contentUrl\":\"https:\/\/secure.gravatar.com\/avatar\/594abfe82761d620726242ff34ca472a705a4b97f16c790053a6b4c4035274d0?s=96&d=mm&r=g\",\"caption\":\"Rodrigo Zuquim\"},\"url\":\"https:\/\/agenciainfra.com\/blog\/author\/rodrigo-zuquim\/\"}]}<\/script>\n<!-- \/ Yoast SEO Premium plugin. -->","yoast_head_json":{"title":"Reequil\u00edbrio de contrato e deb\u00eantures de infraestrutura ganham projetos de lei na C\u00e2mara - Ag\u00eancia iNFRA","robots":{"index":"index","follow":"follow","max-snippet":"max-snippet:-1","max-image-preview":"max-image-preview:large","max-video-preview":"max-video-preview:-1"},"canonical":"https:\/\/agenciainfra.com\/blog\/reequilibrio-de-contrato-e-debentures-de-infraestrutura-ganham-projetos-de-lei-na-camara\/","og_locale":"pt_BR","og_type":"article","og_title":"Reequil\u00edbrio de contrato e deb\u00eantures de infraestrutura ganham projetos de lei na C\u00e2mara","og_description":"Guilherme Mendes e Dimmi Amora, da\u00a0Ag\u00eancia iNFRA Em uma confer\u00eancia virtual realizada na \u00faltima segunda-feira (27), o deputado Arnaldo Jardim (Cidadania-SP) afirmou que deve apresentar, ainda nesta semana, um PL (projeto de lei) para normatizar o reequil\u00edbrio de contratos durante a pandemia. Segundo o parlamentar, que estava no debate que tratava de altera\u00e7\u00f5es legislativas no [&hellip;]","og_url":"https:\/\/agenciainfra.com\/blog\/reequilibrio-de-contrato-e-debentures-de-infraestrutura-ganham-projetos-de-lei-na-camara\/","og_site_name":"Ag\u00eancia iNFRA","article_publisher":"https:\/\/www.facebook.com\/ageninfra","article_published_time":"2020-04-30T11:00:05+00:00","og_image":[{"width":1280,"height":853,"url":"https:\/\/agenciainfra.com\/blog\/wp-content\/uploads\/2020\/04\/arnaldo-jardim-foto-luis-macedo-camara-deputados.jpg","type":"image\/jpeg"}],"author":"Rodrigo Zuquim","twitter_card":"summary_large_image","twitter_creator":"@agencia_infra","twitter_site":"@agencia_infra","twitter_misc":{"Escrito por":"Rodrigo Zuquim","Est. tempo de leitura":"4 minutos"},"schema":{"@context":"https:\/\/schema.org","@graph":[{"@type":"Article","@id":"https:\/\/agenciainfra.com\/blog\/reequilibrio-de-contrato-e-debentures-de-infraestrutura-ganham-projetos-de-lei-na-camara\/#article","isPartOf":{"@id":"https:\/\/agenciainfra.com\/blog\/reequilibrio-de-contrato-e-debentures-de-infraestrutura-ganham-projetos-de-lei-na-camara\/"},"author":{"name":"Rodrigo Zuquim","@id":"https:\/\/agenciainfra.com\/blog\/#\/schema\/person\/04dbb79bd6d8951f063da71f3e4c1eb1"},"headline":"Reequil\u00edbrio de contrato e deb\u00eantures de infraestrutura ganham projetos de lei na C\u00e2mara","datePublished":"2020-04-30T11:00:05+00:00","mainEntityOfPage":{"@id":"https:\/\/agenciainfra.com\/blog\/reequilibrio-de-contrato-e-debentures-de-infraestrutura-ganham-projetos-de-lei-na-camara\/"},"wordCount":783,"publisher":{"@id":"https:\/\/agenciainfra.com\/blog\/#organization"},"image":{"@id":"https:\/\/agenciainfra.com\/blog\/reequilibrio-de-contrato-e-debentures-de-infraestrutura-ganham-projetos-de-lei-na-camara\/#primaryimage"},"thumbnailUrl":"https:\/\/agenciainfra.com\/blog\/wp-content\/uploads\/2020\/04\/arnaldo-jardim-foto-luis-macedo-camara-deputados.jpg","keywords":["ABTP","Aneaa","Arnaldo Jardim","concess\u00f5es","deb\u00eantures","Dyogo Oliveira","Jesualdo Concei\u00e7\u00e3o","Jo\u00e3o Maia","Leonardo Coelho Ribeiro","MP 925","reequil\u00edbrio de contratos","Roberto Ara\u00fajo"],"articleSection":["iNFRATransporte"],"inLanguage":"pt-BR","copyrightYear":"2020","copyrightHolder":{"@id":"https:\/\/agenciainfra.com\/blog\/#organization"}},{"@type":"WebPage","@id":"https:\/\/agenciainfra.com\/blog\/reequilibrio-de-contrato-e-debentures-de-infraestrutura-ganham-projetos-de-lei-na-camara\/","url":"https:\/\/agenciainfra.com\/blog\/reequilibrio-de-contrato-e-debentures-de-infraestrutura-ganham-projetos-de-lei-na-camara\/","name":"Reequil\u00edbrio de contrato e deb\u00eantures de infraestrutura ganham projetos de lei na C\u00e2mara - Ag\u00eancia iNFRA","isPartOf":{"@id":"https:\/\/agenciainfra.com\/blog\/#website"},"primaryImageOfPage":{"@id":"https:\/\/agenciainfra.com\/blog\/reequilibrio-de-contrato-e-debentures-de-infraestrutura-ganham-projetos-de-lei-na-camara\/#primaryimage"},"image":{"@id":"https:\/\/agenciainfra.com\/blog\/reequilibrio-de-contrato-e-debentures-de-infraestrutura-ganham-projetos-de-lei-na-camara\/#primaryimage"},"thumbnailUrl":"https:\/\/agenciainfra.com\/blog\/wp-content\/uploads\/2020\/04\/arnaldo-jardim-foto-luis-macedo-camara-deputados.jpg","datePublished":"2020-04-30T11:00:05+00:00","breadcrumb":{"@id":"https:\/\/agenciainfra.com\/blog\/reequilibrio-de-contrato-e-debentures-de-infraestrutura-ganham-projetos-de-lei-na-camara\/#breadcrumb"},"inLanguage":"pt-BR","potentialAction":[{"@type":"ReadAction","target":["https:\/\/agenciainfra.com\/blog\/reequilibrio-de-contrato-e-debentures-de-infraestrutura-ganham-projetos-de-lei-na-camara\/"]}]},{"@type":"ImageObject","inLanguage":"pt-BR","@id":"https:\/\/agenciainfra.com\/blog\/reequilibrio-de-contrato-e-debentures-de-infraestrutura-ganham-projetos-de-lei-na-camara\/#primaryimage","url":"https:\/\/agenciainfra.com\/blog\/wp-content\/uploads\/2020\/04\/arnaldo-jardim-foto-luis-macedo-camara-deputados.jpg","contentUrl":"https:\/\/agenciainfra.com\/blog\/wp-content\/uploads\/2020\/04\/arnaldo-jardim-foto-luis-macedo-camara-deputados.jpg","width":1280,"height":853},{"@type":"BreadcrumbList","@id":"https:\/\/agenciainfra.com\/blog\/reequilibrio-de-contrato-e-debentures-de-infraestrutura-ganham-projetos-de-lei-na-camara\/#breadcrumb","itemListElement":[{"@type":"ListItem","position":1,"name":"In\u00edcio","item":"https:\/\/agenciainfra.com\/blog\/"},{"@type":"ListItem","position":2,"name":"Reequil\u00edbrio de contrato e deb\u00eantures de infraestrutura ganham projetos de lei na C\u00e2mara"}]},{"@type":"WebSite","@id":"https:\/\/agenciainfra.com\/blog\/#website","url":"https:\/\/agenciainfra.com\/blog\/","name":"Ag\u00eancia iNFRA","description":"Multiplataforma de informa\u00e7\u00e3o jornal\u00edstica refer\u00eancia na \u00e1rea de infraestrutura no Brasil!","publisher":{"@id":"https:\/\/agenciainfra.com\/blog\/#organization"},"potentialAction":[{"@type":"SearchAction","target":{"@type":"EntryPoint","urlTemplate":"https:\/\/agenciainfra.com\/blog\/?s={search_term_string}"},"query-input":{"@type":"PropertyValueSpecification","valueRequired":true,"valueName":"search_term_string"}}],"inLanguage":"pt-BR"},{"@type":"Organization","@id":"https:\/\/agenciainfra.com\/blog\/#organization","name":"Ag\u00eancia iNFRA","url":"https:\/\/agenciainfra.com\/blog\/","logo":{"@type":"ImageObject","inLanguage":"pt-BR","@id":"https:\/\/agenciainfra.com\/blog\/#\/schema\/logo\/image\/","url":"https:\/\/agenciainfra.com\/blog\/wp-content\/uploads\/2023\/09\/iNFRA_5-e1761735885940.png","contentUrl":"https:\/\/agenciainfra.com\/blog\/wp-content\/uploads\/2023\/09\/iNFRA_5-e1761735885940.png","width":1672,"height":454,"caption":"Ag\u00eancia iNFRA"},"image":{"@id":"https:\/\/agenciainfra.com\/blog\/#\/schema\/logo\/image\/"},"sameAs":["https:\/\/www.facebook.com\/ageninfra","https:\/\/x.com\/agencia_infra","https:\/\/www.linkedin.com\/company\/ag\u00eanciainfra\/","https:\/\/www.instagram.com\/agenciainfra\/"]},{"@type":"Person","@id":"https:\/\/agenciainfra.com\/blog\/#\/schema\/person\/04dbb79bd6d8951f063da71f3e4c1eb1","name":"Rodrigo Zuquim","image":{"@type":"ImageObject","inLanguage":"pt-BR","@id":"https:\/\/agenciainfra.com\/blog\/#\/schema\/person\/image\/","url":"https:\/\/secure.gravatar.com\/avatar\/594abfe82761d620726242ff34ca472a705a4b97f16c790053a6b4c4035274d0?s=96&d=mm&r=g","contentUrl":"https:\/\/secure.gravatar.com\/avatar\/594abfe82761d620726242ff34ca472a705a4b97f16c790053a6b4c4035274d0?s=96&d=mm&r=g","caption":"Rodrigo Zuquim"},"url":"https:\/\/agenciainfra.com\/blog\/author\/rodrigo-zuquim\/"}]}},"_links":{"self":[{"href":"https:\/\/agenciainfra.com\/blog\/wp-json\/wp\/v2\/posts\/4787","targetHints":{"allow":["GET"]}}],"collection":[{"href":"https:\/\/agenciainfra.com\/blog\/wp-json\/wp\/v2\/posts"}],"about":[{"href":"https:\/\/agenciainfra.com\/blog\/wp-json\/wp\/v2\/types\/post"}],"author":[{"embeddable":true,"href":"https:\/\/agenciainfra.com\/blog\/wp-json\/wp\/v2\/users\/9"}],"replies":[{"embeddable":true,"href":"https:\/\/agenciainfra.com\/blog\/wp-json\/wp\/v2\/comments?post=4787"}],"version-history":[{"count":0,"href":"https:\/\/agenciainfra.com\/blog\/wp-json\/wp\/v2\/posts\/4787\/revisions"}],"wp:featuredmedia":[{"embeddable":true,"href":"https:\/\/agenciainfra.com\/blog\/wp-json\/wp\/v2\/media\/4788"}],"wp:attachment":[{"href":"https:\/\/agenciainfra.com\/blog\/wp-json\/wp\/v2\/media?parent=4787"}],"wp:term":[{"taxonomy":"category","embeddable":true,"href":"https:\/\/agenciainfra.com\/blog\/wp-json\/wp\/v2\/categories?post=4787"},{"taxonomy":"post_tag","embeddable":true,"href":"https:\/\/agenciainfra.com\/blog\/wp-json\/wp\/v2\/tags?post=4787"}],"curies":[{"name":"wp","href":"https:\/\/api.w.org\/{rel}","templated":true}]}}