{"id":4790,"date":"2020-04-30T13:00:33","date_gmt":"2020-04-30T16:00:33","guid":{"rendered":"http:\/\/www.agenciainfra.com\/blog\/?p=4790"},"modified":"2020-04-29T14:44:41","modified_gmt":"2020-04-29T17:44:41","slug":"infradebate-contribuicao-ao-pro-brasil","status":"publish","type":"post","link":"https:\/\/agenciainfra.com\/blog\/infradebate-contribuicao-ao-pro-brasil\/","title":{"rendered":"iNFRADebate: Contribui\u00e7\u00e3o ao Pr\u00f3-Brasil"},"content":{"rendered":"<h5 class=\"p1\" style=\"text-align: right;\"><strong><span class=\"s1\">Jos\u00e9 Augusto Valente*<\/span><\/strong><\/h5>\n<p class=\"p1\"><span style=\"font-weight: 400;\">A atual pandemia da Covid-19 est\u00e1 provocando consequ\u00eancias danosas para as economias de todos os pa\u00edses. O Brasil, com mais de 200 milh\u00f5es de habitantes, sofrer\u00e1 significativo impacto caso precise realizar mais um ou dois meses de isolamento social<\/span><span style=\"font-weight: 400;\">. <\/span><span style=\"font-weight: 400;\">Fala-se em queda de cinco pontos percentuais do PIB, acompanhada de aumento significativo de desemprego e de perda de renda, o que \u00e9 uma trag\u00e9dia para uma economia j\u00e1 combalida.<\/span><\/p>\n<p><span style=\"font-weight: 400;\">Quando as atividades forem retomadas, restar\u00e1 incerteza e algum n\u00edvel de desesperan\u00e7a, seja pelo grande n\u00famero de doentes, mortos e contaminados, seja pelo desemprego que ter\u00e1 aumentado ao passo que a capacidade do mercado para responder \u00e0 necessidade de renda ainda estar\u00e1 reduzida. O Brasil, assim como os demais pa\u00edses desenvolvidos, ter\u00e1 que contar com o Estado para gerar trabalho e renda para milh\u00f5es e, com isso, induzir os agentes econ\u00f4micos a investir o m\u00e1ximo poss\u00edvel, retomando a esperan\u00e7a.<\/span><\/p>\n<p><span style=\"font-weight: 400;\">Esse per\u00edodo de indu\u00e7\u00e3o do Estado poder\u00e1 durar entre dois e quatro anos, n\u00e3o se pode afirmar com precis\u00e3o. Mas \u00e9 preciso que fique claro para todos que \u00e9 provis\u00f3rio e que paralelamente dever\u00e3o ser constru\u00eddas as condi\u00e7\u00f5es para retorno \u00e0 busca dos objetivos fiscais adequados.<\/span><\/p>\n<p><span style=\"font-weight: 400;\">Dessa forma, o grande desafio a ser enfrentado \u00e9 o de gerar milh\u00f5es de postos de trabalho e renda, via programas emergenciais. Isso exigir\u00e1 dos nossos dirigentes um robusto programa emergencial, para os pr\u00f3ximos dois a quatro anos, nas esferas da Uni\u00e3o, estados e munic\u00edpios, bem como criatividade para viabiliza\u00e7\u00e3o dos recursos, que n\u00e3o precisam ser necessariamente financeiros.<\/span><\/p>\n<p><span style=\"font-weight: 400;\">O Plano Pr\u00f3-Brasil do Governo Federal, lan\u00e7ado na semana passada e momentaneamente congelado, busca enfrentar esse desafio com um leque de a\u00e7\u00f5es, ainda em fase embrion\u00e1ria, na \u00e1rea do Minist\u00e9rio da Infraestrutura. Considero um bom ponto de partida, mas avalio que \u00e9 poss\u00edvel pensar um projeto mais ousado, cujos fundamentos e principais a\u00e7\u00f5es apresento agora.<\/span><\/p>\n<p><span style=\"font-weight: 400;\">\u00c9 sabido que recursos aplicados em obras e servi\u00e7os de infraestrutura, especialmente rodovi\u00e1ria e saneamento, geram impactos significativos na gera\u00e7\u00e3o de trabalho e renda, al\u00e9m de melhorarem a qualidade de vida de milh\u00f5es de pessoas.<\/span><\/p>\n<p><span style=\"font-weight: 400;\">Sugiro, portanto, um programa emergencial, com esse foco, por meio de medidas que signifiquem \u201cinje\u00e7\u00e3o na veia\u201d, para m\u00e1xima efic\u00e1cia.<\/span><\/p>\n<ol>\n<li style=\"font-weight: 400;\"><span style=\"font-weight: 400;\">Acelera\u00e7\u00e3o de programa de obras e servi\u00e7os de manuten\u00e7\u00e3o e conserva\u00e7\u00e3o rodovi\u00e1ria, com destina\u00e7\u00e3o adicional de R$ 10 bilh\u00f5es\/ano ao atual or\u00e7amento do DNIT, para voltar ao patamar de 2010;<\/span><\/li>\n<li style=\"font-weight: 400;\"><span style=\"font-weight: 400;\">Antecipa\u00e7\u00e3o de renova\u00e7\u00e3o de concess\u00f5es rodovi\u00e1rias, que est\u00e3o em vias de encerramento contratual, ou prorroga\u00e7\u00e3o das que est\u00e3o com dificuldades financeiras, desde que as concession\u00e1rias garantam a retomada dos investimentos nos pr\u00f3ximos cinco anos, permitindo a reorganiza\u00e7\u00e3o societ\u00e1ria para aquelas com dificuldades financeiras;<\/span><\/li>\n<li style=\"font-weight: 400;\"><span style=\"font-weight: 400;\">Cria\u00e7\u00e3o de um programa emergencial de gera\u00e7\u00e3o de emprego e renda, para obras e servi\u00e7os de infraestrutura rodovi\u00e1ria e saneamento b\u00e1sico, com base em cons\u00f3rcios p\u00fablicos, a serem criados nos 26 estados e no Distrito Federal, com base na Lei 11.107\/2005. Este programa ser\u00e1 coordenado pela Casa Civil. A orienta\u00e7\u00e3o geral \u00e9 de que cada governo de estado estabele\u00e7a programas emergenciais de gera\u00e7\u00e3o de emprego e renda, por regi\u00f5es ou bacias produtivas, como as do leite e de frutas, entre outras, envolvendo no cons\u00f3rcio p\u00fablico as prefeituras respectivas. Principais a\u00e7\u00f5es intensivas em m\u00e3o de obra a desenvolver:\u00a0<\/span>\n<ol>\n<li style=\"font-weight: 400;\"><span style=\"font-weight: 400;\">pavimenta\u00e7\u00e3o de estradas de terra, utilizando m\u00e9todos e t\u00e9cnicas de baixo custo;\u00a0<\/span><\/li>\n<li style=\"font-weight: 400;\"><span style=\"font-weight: 400;\">conserva\u00e7\u00e3o e eventual restaura\u00e7\u00e3o das rodovias municipais, estaduais e federais, utilizando solu\u00e7\u00f5es como tratamentos superficiais simples e duplo;\u00a0<\/span><\/li>\n<li style=\"font-weight: 400;\"><span style=\"font-weight: 400;\">obras e servi\u00e7os de saneamento b\u00e1sico, para rede de \u00e1guas pluviais e redes de coleta e destina\u00e7\u00e3o de esgoto.<\/span><\/li>\n<\/ol>\n<\/li>\n<\/ol>\n<p><span style=\"font-weight: 400;\">Nessa configura\u00e7\u00e3o de cons\u00f3rcio p\u00fablico, a Uni\u00e3o fornece recursos financeiros e insumos para pavimenta\u00e7\u00e3o asf\u00e1ltica, os estados as suas usinas de asfalto dispon\u00edveis, bem como caminh\u00f5es basculantes e rolos compactadores, entre outros equipamentos necess\u00e1rios.<\/span><\/p>\n<p><span style=\"font-weight: 400;\">Aos munic\u00edpios cabe o cadastramento e fornecimento de m\u00e3o de obra, incluindo a execu\u00e7\u00e3o, com supervis\u00e3o de t\u00e9cnicos da pr\u00f3pria prefeitura, dos DERs ou das superintend\u00eancias do DNIT.<\/span><\/p>\n<p><span style=\"font-weight: 400;\">Tais propostas, que representam uma abordagem bastante diferenciada do que consta no Plano Pr\u00f3-Brasil do Governo Federal, necessitam tamb\u00e9m de uma abordagem ousada no que diz respeito \u00e0s formas de financiamento. Um caminho poss\u00edvel para isso \u00e9 identificar fundos n\u00e3o constitucionais que possam ser cancelados parcialmente, nos pr\u00f3ximos cinco anos, para gerar financeiro para investimentos p\u00fablicos diretos por \u00f3rg\u00e3os como o DNIT e transfer\u00eancias para DERs e prefeituras, nos cons\u00f3rcios p\u00fablicos. Segundo levantamento do Minist\u00e9rio da Economia, que elaborou a PEC dos Fundos, em tramita\u00e7\u00e3o no Congresso Nacional, \u00e9 poss\u00edvel gerar um financeiro anual de at\u00e9 R$ 200 bilh\u00f5es. Como essa PEC \u00e9 muito pol\u00eamica, o momento justifica utilizar um pequeno percentual desse total, o que \u00e9 suficiente para financiar as obras e servi\u00e7os programados.<\/span><\/p>\n<p><span style=\"font-weight: 400;\">Estou convencido que, com estas medidas, milh\u00f5es de empregos podem ser gerados no curto e m\u00e9dio prazos, sem grandes impactos fiscais, saindo do c\u00edrculo vicioso do momento \u201cpandemia\u201d para um momento de esperan\u00e7a em rela\u00e7\u00e3o ao futuro<\/span>.<\/p>\n<h6 class=\"p1\"><\/h6>\n<h6 class=\"p1\"><span class=\"s1\"><b>*Jos\u00e9 Augusto Valente \u00e9 diretor presidente da Valente Consultoria e Projetos de Engenharia Ltda. Foi presidente do DER-RJ e secret\u00e1rio de Pol\u00edtica Nacional de Transportes\/MT<\/b><\/span><span class=\"s1\"><b>.<\/b><\/span><\/h6>\n<h5>O iNFRADebate \u00e9 o espa\u00e7o de artigos da Ag\u00eancia iNFRA com opini\u00f5es de seus atores que n\u00e3o refletem necessariamente o pensamento da Ag\u00eancia iNFRA, sendo de total responsabilidade do autor as informa\u00e7\u00f5es, ju\u00edzos de valor e conceitos descritos no texto.<\/h5>\n","protected":false},"excerpt":{"rendered":"<p>Jos\u00e9 Augusto Valente* A atual pandemia da Covid-19 est\u00e1 provocando consequ\u00eancias danosas para as economias de todos os pa\u00edses. O Brasil, com mais de 200 milh\u00f5es de habitantes, sofrer\u00e1 significativo impacto caso precise realizar mais um ou dois meses de isolamento social. Fala-se em queda de cinco pontos percentuais do PIB, acompanhada de aumento significativo [&hellip;]<\/p>\n","protected":false},"author":9,"featured_media":4791,"comment_status":"closed","ping_status":"closed","sticky":false,"template":"","format":"standard","meta":{"_monsterinsights_skip_tracking":false,"_monsterinsights_sitenote_active":false,"_monsterinsights_sitenote_note":"","_monsterinsights_sitenote_category":0,"footnotes":""},"categories":[11],"tags":[1945,1759,328,838,1944,1660,1930,179],"class_list":["post-4790","post","type-post","status-publish","format-standard","has-post-thumbnail","hentry","category-infradebate","tag-consorcios-publicos","tag-covid-19","tag-dnit","tag-infraestrutura-rodoviaria","tag-jose-augusto-valente","tag-pec-dos-fundos","tag-pro-brasil","tag-saneamento"],"yoast_head":"<!-- This site is optimized with the Yoast SEO Premium plugin v25.4 (Yoast SEO v26.0) - https:\/\/yoast.com\/wordpress\/plugins\/seo\/ -->\n<title>iNFRADebate: Contribui\u00e7\u00e3o ao Pr\u00f3-Brasil - Ag\u00eancia iNFRA<\/title>\n<meta name=\"robots\" content=\"index, follow, max-snippet:-1, max-image-preview:large, max-video-preview:-1\" \/>\n<link rel=\"canonical\" href=\"https:\/\/agenciainfra.com\/blog\/infradebate-contribuicao-ao-pro-brasil\/\" \/>\n<meta property=\"og:locale\" content=\"pt_BR\" \/>\n<meta property=\"og:type\" content=\"article\" \/>\n<meta property=\"og:title\" content=\"iNFRADebate: Contribui\u00e7\u00e3o ao Pr\u00f3-Brasil\" \/>\n<meta property=\"og:description\" content=\"Jos\u00e9 Augusto Valente* A atual pandemia da Covid-19 est\u00e1 provocando consequ\u00eancias danosas para as economias de todos os pa\u00edses. O Brasil, com mais de 200 milh\u00f5es de habitantes, sofrer\u00e1 significativo impacto caso precise realizar mais um ou dois meses de isolamento social. Fala-se em queda de cinco pontos percentuais do PIB, acompanhada de aumento significativo [&hellip;]\" \/>\n<meta property=\"og:url\" content=\"https:\/\/agenciainfra.com\/blog\/infradebate-contribuicao-ao-pro-brasil\/\" \/>\n<meta property=\"og:site_name\" content=\"Ag\u00eancia iNFRA\" \/>\n<meta property=\"article:publisher\" content=\"https:\/\/www.facebook.com\/ageninfra\" \/>\n<meta property=\"article:published_time\" content=\"2020-04-30T16:00:33+00:00\" \/>\n<meta property=\"og:image\" content=\"https:\/\/agenciainfra.com\/blog\/wp-content\/uploads\/2020\/04\/pro-brasil-foto-anderson-riedel-pr.jpg\" \/>\n\t<meta property=\"og:image:width\" content=\"1280\" \/>\n\t<meta property=\"og:image:height\" content=\"853\" \/>\n\t<meta property=\"og:image:type\" content=\"image\/jpeg\" \/>\n<meta name=\"author\" content=\"Rodrigo Zuquim\" \/>\n<meta name=\"twitter:card\" content=\"summary_large_image\" \/>\n<meta name=\"twitter:creator\" content=\"@agencia_infra\" \/>\n<meta name=\"twitter:site\" content=\"@agencia_infra\" \/>\n<meta name=\"twitter:label1\" content=\"Escrito por\" \/>\n\t<meta name=\"twitter:data1\" content=\"Rodrigo Zuquim\" \/>\n\t<meta name=\"twitter:label2\" content=\"Est. tempo de leitura\" \/>\n\t<meta name=\"twitter:data2\" content=\"5 minutos\" \/>\n<script type=\"application\/ld+json\" class=\"yoast-schema-graph\">{\"@context\":\"https:\/\/schema.org\",\"@graph\":[{\"@type\":\"Article\",\"@id\":\"https:\/\/agenciainfra.com\/blog\/infradebate-contribuicao-ao-pro-brasil\/#article\",\"isPartOf\":{\"@id\":\"https:\/\/agenciainfra.com\/blog\/infradebate-contribuicao-ao-pro-brasil\/\"},\"author\":{\"name\":\"Rodrigo Zuquim\",\"@id\":\"https:\/\/agenciainfra.com\/blog\/#\/schema\/person\/04dbb79bd6d8951f063da71f3e4c1eb1\"},\"headline\":\"iNFRADebate: Contribui\u00e7\u00e3o ao Pr\u00f3-Brasil\",\"datePublished\":\"2020-04-30T16:00:33+00:00\",\"mainEntityOfPage\":{\"@id\":\"https:\/\/agenciainfra.com\/blog\/infradebate-contribuicao-ao-pro-brasil\/\"},\"wordCount\":991,\"publisher\":{\"@id\":\"https:\/\/agenciainfra.com\/blog\/#organization\"},\"image\":{\"@id\":\"https:\/\/agenciainfra.com\/blog\/infradebate-contribuicao-ao-pro-brasil\/#primaryimage\"},\"thumbnailUrl\":\"https:\/\/agenciainfra.com\/blog\/wp-content\/uploads\/2020\/04\/pro-brasil-foto-anderson-riedel-pr.jpg\",\"keywords\":[\"cons\u00f3rcios p\u00fablicos\",\"Covid-19\",\"DNIT\",\"infraestrutura rodovi\u00e1ria\",\"Jos\u00e9 Augusto Valente\",\"PEC dos Fundos\",\"Pr\u00f3-Brasil\",\"saneamento\"],\"articleSection\":[\"iNFRADebate\"],\"inLanguage\":\"pt-BR\",\"copyrightYear\":\"2020\",\"copyrightHolder\":{\"@id\":\"https:\/\/agenciainfra.com\/blog\/#organization\"}},{\"@type\":\"WebPage\",\"@id\":\"https:\/\/agenciainfra.com\/blog\/infradebate-contribuicao-ao-pro-brasil\/\",\"url\":\"https:\/\/agenciainfra.com\/blog\/infradebate-contribuicao-ao-pro-brasil\/\",\"name\":\"iNFRADebate: Contribui\u00e7\u00e3o ao Pr\u00f3-Brasil - Ag\u00eancia iNFRA\",\"isPartOf\":{\"@id\":\"https:\/\/agenciainfra.com\/blog\/#website\"},\"primaryImageOfPage\":{\"@id\":\"https:\/\/agenciainfra.com\/blog\/infradebate-contribuicao-ao-pro-brasil\/#primaryimage\"},\"image\":{\"@id\":\"https:\/\/agenciainfra.com\/blog\/infradebate-contribuicao-ao-pro-brasil\/#primaryimage\"},\"thumbnailUrl\":\"https:\/\/agenciainfra.com\/blog\/wp-content\/uploads\/2020\/04\/pro-brasil-foto-anderson-riedel-pr.jpg\",\"datePublished\":\"2020-04-30T16:00:33+00:00\",\"breadcrumb\":{\"@id\":\"https:\/\/agenciainfra.com\/blog\/infradebate-contribuicao-ao-pro-brasil\/#breadcrumb\"},\"inLanguage\":\"pt-BR\",\"potentialAction\":[{\"@type\":\"ReadAction\",\"target\":[\"https:\/\/agenciainfra.com\/blog\/infradebate-contribuicao-ao-pro-brasil\/\"]}]},{\"@type\":\"ImageObject\",\"inLanguage\":\"pt-BR\",\"@id\":\"https:\/\/agenciainfra.com\/blog\/infradebate-contribuicao-ao-pro-brasil\/#primaryimage\",\"url\":\"https:\/\/agenciainfra.com\/blog\/wp-content\/uploads\/2020\/04\/pro-brasil-foto-anderson-riedel-pr.jpg\",\"contentUrl\":\"https:\/\/agenciainfra.com\/blog\/wp-content\/uploads\/2020\/04\/pro-brasil-foto-anderson-riedel-pr.jpg\",\"width\":1280,\"height\":853},{\"@type\":\"BreadcrumbList\",\"@id\":\"https:\/\/agenciainfra.com\/blog\/infradebate-contribuicao-ao-pro-brasil\/#breadcrumb\",\"itemListElement\":[{\"@type\":\"ListItem\",\"position\":1,\"name\":\"In\u00edcio\",\"item\":\"https:\/\/agenciainfra.com\/blog\/\"},{\"@type\":\"ListItem\",\"position\":2,\"name\":\"iNFRADebate: Contribui\u00e7\u00e3o ao Pr\u00f3-Brasil\"}]},{\"@type\":\"WebSite\",\"@id\":\"https:\/\/agenciainfra.com\/blog\/#website\",\"url\":\"https:\/\/agenciainfra.com\/blog\/\",\"name\":\"Ag\u00eancia iNFRA\",\"description\":\"Multiplataforma de informa\u00e7\u00e3o jornal\u00edstica refer\u00eancia na \u00e1rea de infraestrutura no Brasil!\",\"publisher\":{\"@id\":\"https:\/\/agenciainfra.com\/blog\/#organization\"},\"potentialAction\":[{\"@type\":\"SearchAction\",\"target\":{\"@type\":\"EntryPoint\",\"urlTemplate\":\"https:\/\/agenciainfra.com\/blog\/?s={search_term_string}\"},\"query-input\":{\"@type\":\"PropertyValueSpecification\",\"valueRequired\":true,\"valueName\":\"search_term_string\"}}],\"inLanguage\":\"pt-BR\"},{\"@type\":\"Organization\",\"@id\":\"https:\/\/agenciainfra.com\/blog\/#organization\",\"name\":\"Ag\u00eancia iNFRA\",\"url\":\"https:\/\/agenciainfra.com\/blog\/\",\"logo\":{\"@type\":\"ImageObject\",\"inLanguage\":\"pt-BR\",\"@id\":\"https:\/\/agenciainfra.com\/blog\/#\/schema\/logo\/image\/\",\"url\":\"https:\/\/agenciainfra.com\/blog\/wp-content\/uploads\/2023\/09\/iNFRA_5-e1761735885940.png\",\"contentUrl\":\"https:\/\/agenciainfra.com\/blog\/wp-content\/uploads\/2023\/09\/iNFRA_5-e1761735885940.png\",\"width\":1672,\"height\":454,\"caption\":\"Ag\u00eancia iNFRA\"},\"image\":{\"@id\":\"https:\/\/agenciainfra.com\/blog\/#\/schema\/logo\/image\/\"},\"sameAs\":[\"https:\/\/www.facebook.com\/ageninfra\",\"https:\/\/x.com\/agencia_infra\",\"https:\/\/www.linkedin.com\/company\/ag\u00eanciainfra\/\",\"https:\/\/www.instagram.com\/agenciainfra\/\"]},{\"@type\":\"Person\",\"@id\":\"https:\/\/agenciainfra.com\/blog\/#\/schema\/person\/04dbb79bd6d8951f063da71f3e4c1eb1\",\"name\":\"Rodrigo Zuquim\",\"image\":{\"@type\":\"ImageObject\",\"inLanguage\":\"pt-BR\",\"@id\":\"https:\/\/agenciainfra.com\/blog\/#\/schema\/person\/image\/\",\"url\":\"https:\/\/secure.gravatar.com\/avatar\/594abfe82761d620726242ff34ca472a705a4b97f16c790053a6b4c4035274d0?s=96&d=mm&r=g\",\"contentUrl\":\"https:\/\/secure.gravatar.com\/avatar\/594abfe82761d620726242ff34ca472a705a4b97f16c790053a6b4c4035274d0?s=96&d=mm&r=g\",\"caption\":\"Rodrigo Zuquim\"},\"url\":\"https:\/\/agenciainfra.com\/blog\/author\/rodrigo-zuquim\/\"}]}<\/script>\n<!-- \/ Yoast SEO Premium plugin. -->","yoast_head_json":{"title":"iNFRADebate: Contribui\u00e7\u00e3o ao Pr\u00f3-Brasil - Ag\u00eancia iNFRA","robots":{"index":"index","follow":"follow","max-snippet":"max-snippet:-1","max-image-preview":"max-image-preview:large","max-video-preview":"max-video-preview:-1"},"canonical":"https:\/\/agenciainfra.com\/blog\/infradebate-contribuicao-ao-pro-brasil\/","og_locale":"pt_BR","og_type":"article","og_title":"iNFRADebate: Contribui\u00e7\u00e3o ao Pr\u00f3-Brasil","og_description":"Jos\u00e9 Augusto Valente* A atual pandemia da Covid-19 est\u00e1 provocando consequ\u00eancias danosas para as economias de todos os pa\u00edses. O Brasil, com mais de 200 milh\u00f5es de habitantes, sofrer\u00e1 significativo impacto caso precise realizar mais um ou dois meses de isolamento social. Fala-se em queda de cinco pontos percentuais do PIB, acompanhada de aumento significativo [&hellip;]","og_url":"https:\/\/agenciainfra.com\/blog\/infradebate-contribuicao-ao-pro-brasil\/","og_site_name":"Ag\u00eancia iNFRA","article_publisher":"https:\/\/www.facebook.com\/ageninfra","article_published_time":"2020-04-30T16:00:33+00:00","og_image":[{"width":1280,"height":853,"url":"https:\/\/agenciainfra.com\/blog\/wp-content\/uploads\/2020\/04\/pro-brasil-foto-anderson-riedel-pr.jpg","type":"image\/jpeg"}],"author":"Rodrigo Zuquim","twitter_card":"summary_large_image","twitter_creator":"@agencia_infra","twitter_site":"@agencia_infra","twitter_misc":{"Escrito por":"Rodrigo Zuquim","Est. tempo de leitura":"5 minutos"},"schema":{"@context":"https:\/\/schema.org","@graph":[{"@type":"Article","@id":"https:\/\/agenciainfra.com\/blog\/infradebate-contribuicao-ao-pro-brasil\/#article","isPartOf":{"@id":"https:\/\/agenciainfra.com\/blog\/infradebate-contribuicao-ao-pro-brasil\/"},"author":{"name":"Rodrigo Zuquim","@id":"https:\/\/agenciainfra.com\/blog\/#\/schema\/person\/04dbb79bd6d8951f063da71f3e4c1eb1"},"headline":"iNFRADebate: Contribui\u00e7\u00e3o ao Pr\u00f3-Brasil","datePublished":"2020-04-30T16:00:33+00:00","mainEntityOfPage":{"@id":"https:\/\/agenciainfra.com\/blog\/infradebate-contribuicao-ao-pro-brasil\/"},"wordCount":991,"publisher":{"@id":"https:\/\/agenciainfra.com\/blog\/#organization"},"image":{"@id":"https:\/\/agenciainfra.com\/blog\/infradebate-contribuicao-ao-pro-brasil\/#primaryimage"},"thumbnailUrl":"https:\/\/agenciainfra.com\/blog\/wp-content\/uploads\/2020\/04\/pro-brasil-foto-anderson-riedel-pr.jpg","keywords":["cons\u00f3rcios p\u00fablicos","Covid-19","DNIT","infraestrutura rodovi\u00e1ria","Jos\u00e9 Augusto Valente","PEC dos Fundos","Pr\u00f3-Brasil","saneamento"],"articleSection":["iNFRADebate"],"inLanguage":"pt-BR","copyrightYear":"2020","copyrightHolder":{"@id":"https:\/\/agenciainfra.com\/blog\/#organization"}},{"@type":"WebPage","@id":"https:\/\/agenciainfra.com\/blog\/infradebate-contribuicao-ao-pro-brasil\/","url":"https:\/\/agenciainfra.com\/blog\/infradebate-contribuicao-ao-pro-brasil\/","name":"iNFRADebate: Contribui\u00e7\u00e3o ao Pr\u00f3-Brasil - Ag\u00eancia iNFRA","isPartOf":{"@id":"https:\/\/agenciainfra.com\/blog\/#website"},"primaryImageOfPage":{"@id":"https:\/\/agenciainfra.com\/blog\/infradebate-contribuicao-ao-pro-brasil\/#primaryimage"},"image":{"@id":"https:\/\/agenciainfra.com\/blog\/infradebate-contribuicao-ao-pro-brasil\/#primaryimage"},"thumbnailUrl":"https:\/\/agenciainfra.com\/blog\/wp-content\/uploads\/2020\/04\/pro-brasil-foto-anderson-riedel-pr.jpg","datePublished":"2020-04-30T16:00:33+00:00","breadcrumb":{"@id":"https:\/\/agenciainfra.com\/blog\/infradebate-contribuicao-ao-pro-brasil\/#breadcrumb"},"inLanguage":"pt-BR","potentialAction":[{"@type":"ReadAction","target":["https:\/\/agenciainfra.com\/blog\/infradebate-contribuicao-ao-pro-brasil\/"]}]},{"@type":"ImageObject","inLanguage":"pt-BR","@id":"https:\/\/agenciainfra.com\/blog\/infradebate-contribuicao-ao-pro-brasil\/#primaryimage","url":"https:\/\/agenciainfra.com\/blog\/wp-content\/uploads\/2020\/04\/pro-brasil-foto-anderson-riedel-pr.jpg","contentUrl":"https:\/\/agenciainfra.com\/blog\/wp-content\/uploads\/2020\/04\/pro-brasil-foto-anderson-riedel-pr.jpg","width":1280,"height":853},{"@type":"BreadcrumbList","@id":"https:\/\/agenciainfra.com\/blog\/infradebate-contribuicao-ao-pro-brasil\/#breadcrumb","itemListElement":[{"@type":"ListItem","position":1,"name":"In\u00edcio","item":"https:\/\/agenciainfra.com\/blog\/"},{"@type":"ListItem","position":2,"name":"iNFRADebate: Contribui\u00e7\u00e3o ao Pr\u00f3-Brasil"}]},{"@type":"WebSite","@id":"https:\/\/agenciainfra.com\/blog\/#website","url":"https:\/\/agenciainfra.com\/blog\/","name":"Ag\u00eancia iNFRA","description":"Multiplataforma de informa\u00e7\u00e3o jornal\u00edstica refer\u00eancia na \u00e1rea de infraestrutura no Brasil!","publisher":{"@id":"https:\/\/agenciainfra.com\/blog\/#organization"},"potentialAction":[{"@type":"SearchAction","target":{"@type":"EntryPoint","urlTemplate":"https:\/\/agenciainfra.com\/blog\/?s={search_term_string}"},"query-input":{"@type":"PropertyValueSpecification","valueRequired":true,"valueName":"search_term_string"}}],"inLanguage":"pt-BR"},{"@type":"Organization","@id":"https:\/\/agenciainfra.com\/blog\/#organization","name":"Ag\u00eancia iNFRA","url":"https:\/\/agenciainfra.com\/blog\/","logo":{"@type":"ImageObject","inLanguage":"pt-BR","@id":"https:\/\/agenciainfra.com\/blog\/#\/schema\/logo\/image\/","url":"https:\/\/agenciainfra.com\/blog\/wp-content\/uploads\/2023\/09\/iNFRA_5-e1761735885940.png","contentUrl":"https:\/\/agenciainfra.com\/blog\/wp-content\/uploads\/2023\/09\/iNFRA_5-e1761735885940.png","width":1672,"height":454,"caption":"Ag\u00eancia iNFRA"},"image":{"@id":"https:\/\/agenciainfra.com\/blog\/#\/schema\/logo\/image\/"},"sameAs":["https:\/\/www.facebook.com\/ageninfra","https:\/\/x.com\/agencia_infra","https:\/\/www.linkedin.com\/company\/ag\u00eanciainfra\/","https:\/\/www.instagram.com\/agenciainfra\/"]},{"@type":"Person","@id":"https:\/\/agenciainfra.com\/blog\/#\/schema\/person\/04dbb79bd6d8951f063da71f3e4c1eb1","name":"Rodrigo Zuquim","image":{"@type":"ImageObject","inLanguage":"pt-BR","@id":"https:\/\/agenciainfra.com\/blog\/#\/schema\/person\/image\/","url":"https:\/\/secure.gravatar.com\/avatar\/594abfe82761d620726242ff34ca472a705a4b97f16c790053a6b4c4035274d0?s=96&d=mm&r=g","contentUrl":"https:\/\/secure.gravatar.com\/avatar\/594abfe82761d620726242ff34ca472a705a4b97f16c790053a6b4c4035274d0?s=96&d=mm&r=g","caption":"Rodrigo Zuquim"},"url":"https:\/\/agenciainfra.com\/blog\/author\/rodrigo-zuquim\/"}]}},"_links":{"self":[{"href":"https:\/\/agenciainfra.com\/blog\/wp-json\/wp\/v2\/posts\/4790","targetHints":{"allow":["GET"]}}],"collection":[{"href":"https:\/\/agenciainfra.com\/blog\/wp-json\/wp\/v2\/posts"}],"about":[{"href":"https:\/\/agenciainfra.com\/blog\/wp-json\/wp\/v2\/types\/post"}],"author":[{"embeddable":true,"href":"https:\/\/agenciainfra.com\/blog\/wp-json\/wp\/v2\/users\/9"}],"replies":[{"embeddable":true,"href":"https:\/\/agenciainfra.com\/blog\/wp-json\/wp\/v2\/comments?post=4790"}],"version-history":[{"count":0,"href":"https:\/\/agenciainfra.com\/blog\/wp-json\/wp\/v2\/posts\/4790\/revisions"}],"wp:featuredmedia":[{"embeddable":true,"href":"https:\/\/agenciainfra.com\/blog\/wp-json\/wp\/v2\/media\/4791"}],"wp:attachment":[{"href":"https:\/\/agenciainfra.com\/blog\/wp-json\/wp\/v2\/media?parent=4790"}],"wp:term":[{"taxonomy":"category","embeddable":true,"href":"https:\/\/agenciainfra.com\/blog\/wp-json\/wp\/v2\/categories?post=4790"},{"taxonomy":"post_tag","embeddable":true,"href":"https:\/\/agenciainfra.com\/blog\/wp-json\/wp\/v2\/tags?post=4790"}],"curies":[{"name":"wp","href":"https:\/\/api.w.org\/{rel}","templated":true}]}}