{"id":4811,"date":"2020-05-06T08:00:21","date_gmt":"2020-05-06T11:00:21","guid":{"rendered":"http:\/\/www.agenciainfra.com\/blog\/?p=4811"},"modified":"2020-05-04T17:08:41","modified_gmt":"2020-05-04T20:08:41","slug":"ministro-da-infraestrutura-diz-ser-contra-pl-para-regular-reequilibrio-de-contratos-de-concessao","status":"publish","type":"post","link":"https:\/\/agenciainfra.com\/blog\/ministro-da-infraestrutura-diz-ser-contra-pl-para-regular-reequilibrio-de-contratos-de-concessao\/","title":{"rendered":"Ministro da Infraestrutura diz ser contra PL para regular reequil\u00edbrio de contratos de concess\u00e3o"},"content":{"rendered":"<div>\n<h5 style=\"text-align: right;\"><strong>Dimmi Amora, da\u00a0Ag\u00eancia iNFRA<\/strong><\/h5>\n<p dir=\"ltr\">O ministro da Infraestrutura, Tarc\u00edsio de Freitas, afirmou que \u00e9 contra proposta em elabora\u00e7\u00e3o por parlamentares de um projeto de lei para tratar de reequil\u00edbrio de contratos de concess\u00e3o do setor de infraestrutura. De acordo com o ministro, os instrumentos hoje dispon\u00edveis s\u00e3o suficientes para enfrentar os desafios impostos pela pandemia da Covid-19 no setor, e uma lei poderia at\u00e9 mesmo dificultar o trabalho j\u00e1 em execu\u00e7\u00e3o de manter vi\u00e1veis as concess\u00f5es em andamento.<\/p>\n<p>\u201cO que tem hoje te d\u00e1 o ferramental para fazer os reequil\u00edbrios. Uma lei nova pode levar a pontos de risco\u201d, disse o ministro, que recebeu a\u00a0<strong>Ag\u00eancia iNFRA<\/strong>\u00a0em seu gabinete na \u00faltima quinta-feira (30).<\/p>\n<p>A ideia de fazer uma nova lei para os reequil\u00edbrios partiu do deputado federal Arnaldo Jardim (Cidadania-SP) na semana passada. No\u00a0<strong>iNFRADebate Live<\/strong>, promovido pela\u00a0<strong>Ag\u00eancia iNFRA<\/strong>, o deputado defendeu a nova legisla\u00e7\u00e3o, afirmando que s\u00e3o necess\u00e1rios crit\u00e9rios para transpar\u00eancia dos processos e agilidade na execu\u00e7\u00e3o. A \u00edntegra do programa est\u00e1\u00a0<a href=\"https:\/\/agenciainfra.us14.list-manage.com\/track\/click?u=d460dd1bcf9ba0ae040e1fc0f&amp;id=2a3d91b7b4&amp;e=c099169394\" target=\"_blank\" rel=\"noopener noreferrer\" data-saferedirecturl=\"https:\/\/www.google.com\/url?q=https:\/\/agenciainfra.us14.list-manage.com\/track\/click?u%3Dd460dd1bcf9ba0ae040e1fc0f%26id%3D2a3d91b7b4%26e%3Dc099169394&amp;source=gmail&amp;ust=1588707795901000&amp;usg=AFQjCNE3H9UqLCwZG_FJCm7kDbjlunGNtQ\">neste link<\/a>.<\/p>\n<p>Segundo Freitas, a lei e os regulamentos j\u00e1 preveem que h\u00e1 formas para tornar os contratos equilibrados e o governo j\u00e1 come\u00e7ou a fazer os processos, com a admiss\u00e3o pela AGU (Advocacia-Geral da Uni\u00e3o) de que a pandemia pode ser classificada como \u201ccaso fortuito\u201d ou \u201cfor\u00e7a maior\u201d.<\/p>\n<p>De acordo com ele, a ideia geral \u00e9 que se tenha reequil\u00edbrios econ\u00f4micos para evitar mais aumentos de custos ao consumidor e n\u00e3o permitir que a parte de contratos que j\u00e1 estavam desequilibradas anteriormente sejam solucionadas pela atual situa\u00e7\u00e3o.<\/p>\n<p>O ministro afirmou ainda que os t\u00e9cnicos do governo j\u00e1 est\u00e3o na fase de \u201cfazer contas\u201d para os contratos, inclusive com as primeiras estimativas. Segundo ele, esse trabalho pr\u00e9vio repete o que foi feito quando se decidiu por seguir na linha de regulamentar os pedidos de devolu\u00e7\u00e3o amig\u00e1vel dos contratos de concess\u00e3o. As contas pr\u00e9vias j\u00e1 mostravam que seria poss\u00edvel que o novo contrato fosse suficiente para investimentos e o pagamento de indeniza\u00e7\u00f5es das concess\u00f5es anteriores.<\/p>\n<p>\u201cQuando entrarem os pedidos, teremos os fundamentos para trabalhar e os valores estimativos. Queremos fazer isso tendo seguran\u00e7a jur\u00eddica, por isso j\u00e1 estamos conversando com o TCU [Tribunal de Contas da Uni\u00e3o] para que tenhamos uma metodologia e um acompanhamento pari passu com ele\u201d, disse Freitas. \u201cQueremos passar por isso de forma tranquila, porque assim daremos mais seguran\u00e7a jur\u00eddica para nossos contratos.\u201d<\/p>\n<p>Nesta semana, Freitas abrir\u00e1 s\u00e9rie de webin\u00e1rios promovida pelo\u00a0Grupo Tem\u00e1tico de Infraestrutura do Centro de Altos Estudos em Controle e Administra\u00e7\u00e3o P\u00fablica do TCU para tratar os desafios da pandemia da Covid-19 para os setores de infraestrutura. A programa\u00e7\u00e3o e as inscri\u00e7\u00f5es est\u00e3o\u00a0<a href=\"https:\/\/agenciainfra.us14.list-manage.com\/track\/click?u=d460dd1bcf9ba0ae040e1fc0f&amp;id=f172ec37f5&amp;e=c099169394\" target=\"_blank\" rel=\"noopener noreferrer\" data-saferedirecturl=\"https:\/\/www.google.com\/url?q=https:\/\/agenciainfra.us14.list-manage.com\/track\/click?u%3Dd460dd1bcf9ba0ae040e1fc0f%26id%3Df172ec37f5%26e%3Dc099169394&amp;source=gmail&amp;ust=1588707795901000&amp;usg=AFQjCNG1NKJ-haYGMoAF-6ukhHx5klvr-w\">neste link<\/a>.<\/p>\n<p><strong>Papel fundamental do Parlamento<\/strong><br \/>\nFreitas afirmou que o Parlamento teve papel fundamental para que os contratos de concess\u00e3o se mantivessem equilibrados em alguns setores, citando especificamente o de rodovias, sobre o qual n\u00e3o foram para frente propostas de permitir a abertura de cancelas de ped\u00e1gios, o que geraria ainda maiores problemas para o equil\u00edbrio dos contratos.<\/p>\n<p>Ainda de acordo com o ministro, os parlamentares est\u00e3o procurando apoiar o pa\u00eds no p\u00f3s-pandemia e ter\u00e3o uma extensa pauta para isso com os projetos que o governo vai defender no campo &#8220;Ordem&#8221; do programa Pr\u00f3-Brasil. Ele citou como exemplos a lei do saneamento, a de cabotagem, a de swap cambial, de deb\u00eantures, de autoriza\u00e7\u00e3o ferrovi\u00e1ria e a privatiza\u00e7\u00e3o da Eletrobras.<\/p>\n<p>\u201cO que nos anima \u00e9 que o Parlamento est\u00e1 procurando uma agenda para apoiar o Brasil. Est\u00e1 todo mundo interessado em ajudar. O ano de 2019 no Legislativo foi muito bom na aprova\u00e7\u00e3o de projetos importantes para o setor. Acho que em 2020 tamb\u00e9m vai ser\u201d, afirmou Freitas, que, em webin\u00e1rio tamb\u00e9m na quinta-feira, para o Banco Ita\u00fa-BBA, afirmou que o ministro da Economia, Paulo Guedes, &#8220;\u00e9 o comandante do programa&#8221;.<\/p>\n<p><strong>Melhoria do ambiente de neg\u00f3cios<\/strong><br \/>\nFreitas voltou a afirmar que a parte mais importante do Pr\u00f3-Brasil \u00e9 a de melhoria no ambiente de neg\u00f3cios, o que incentivar\u00e1 o investimento privado no pa\u00eds. O ministro disse que tem atuado para apaziguar os \u00e2nimos dentro do governo para evitar novas crises em torno do plano recentemente apresentado. Segundo ele, o Pr\u00f3-Brasil n\u00e3o sai do discurso que ele defende desde o in\u00edcio do governo:<\/p>\n<p>\u201cPrecisamos de investimentos privados. O grosso \u00e9 esse. Isso n\u00e3o muda com a crise\u201d, disse o ministro, lembrando que o governo precisa seguir enviando sua mensagem de que ter\u00e1 solv\u00eancia nas contas p\u00fablicas para continuar reduzindo juros, abrindo assim mais espa\u00e7o fiscal para os investimentos p\u00fablicos.<\/p>\n<p>Segundo ele, al\u00e9m da linha de solv\u00eancia, \u00e9 preciso tamb\u00e9m refor\u00e7ar o segmento de reformas estruturais, que foram as respons\u00e1veis por reduzir os juros em mais de 10 pontos percentuais nos \u00faltimos tr\u00eas anos. Freitas, no entanto, aponta que o mercado privado vai passar por uma readequa\u00e7\u00e3o com a pandemia e que ele ter\u00e1 \u201cmais medo\u201d:<\/p>\n<p>\u201cPor isso, vamos ter que conversar mais, estruturar mais, fazer melhor calibragem dos projetos\u201d, afirmou o ministro.<\/p>\n<p>Ainda\u00a0defendendo que o grosso do investimento ser\u00e1\u00a0privado, ele lembrou que\u00a0h\u00e1 um delay nesse tipo de investimento. Os dois primeiros anos dos projetos de concess\u00e3o s\u00e3o para que as empresas possam estruturar projetos, licen\u00e7a e funding, e as obras ganham f\u00f4lego do 3\u00ba ao\u00a06\u00ba ano.<\/p>\n<p><strong>Projetos execut\u00e1veis<\/strong><br \/>\nRebatendo cr\u00edticas sobre a falta de projetos execut\u00e1veis para investimentos com recursos p\u00fablicos, Freitas lembrou que em 2019 usou 99,4% do or\u00e7amento previsto\u00a0e que poderia ter feito mais. Segundo ele, em 2013, como diretor-executivo do DNIT, foram pagos R$ 13 bilh\u00f5es. Em 2019, todo o or\u00e7amento de investimento da Infraestrutura foi de R$ 8 bilh\u00f5es.<\/p>\n<p>Ele citou que os projetos da Fiol, da BR-135\/MA e da BR-158\/MT t\u00eam licen\u00e7as, podem ser contratados e s\u00e3o essenciais para o desenvolvimento do agroneg\u00f3cio no pa\u00eds, mas que n\u00e3o t\u00eam recurso or\u00e7ament\u00e1rio para serem executados.<\/p>\n<p>\u201cSe tiver mais R$ 2 bilh\u00f5es a R$ 3 bilh\u00f5es a mais, eu vou conseguir fazer agora\u201d, disse o ministro.<\/p>\n<\/div>\n","protected":false},"excerpt":{"rendered":"<p>Dimmi Amora, da\u00a0Ag\u00eancia iNFRA O ministro da Infraestrutura, Tarc\u00edsio de Freitas, afirmou que \u00e9 contra proposta em elabora\u00e7\u00e3o por parlamentares de um projeto de lei para tratar de reequil\u00edbrio de contratos de concess\u00e3o do setor de infraestrutura. De acordo com o ministro, os instrumentos hoje dispon\u00edveis s\u00e3o suficientes para enfrentar os desafios impostos pela pandemia [&hellip;]<\/p>\n","protected":false},"author":9,"featured_media":4812,"comment_status":"closed","ping_status":"closed","sticky":false,"template":"","format":"standard","meta":{"_monsterinsights_skip_tracking":false,"_monsterinsights_sitenote_active":false,"_monsterinsights_sitenote_note":"","_monsterinsights_sitenote_category":0,"footnotes":""},"categories":[7],"tags":[888,1759,775,1930,1938,448,18],"class_list":["post-4811","post","type-post","status-publish","format-standard","has-post-thumbnail","hentry","category-infratransporte","tag-arnaldo-jardim","tag-covid-19","tag-ministerio-da-infraestrutura","tag-pro-brasil","tag-reequilibrio","tag-tarcisio-de-freitas","tag-tcu"],"yoast_head":"<!-- This site is optimized with the Yoast SEO Premium plugin v25.4 (Yoast SEO v26.0) - https:\/\/yoast.com\/wordpress\/plugins\/seo\/ -->\n<title>Ministro da Infraestrutura diz ser contra PL para regular reequil\u00edbrio de contratos de concess\u00e3o - Ag\u00eancia iNFRA<\/title>\n<meta name=\"robots\" content=\"index, follow, max-snippet:-1, max-image-preview:large, max-video-preview:-1\" \/>\n<link rel=\"canonical\" href=\"https:\/\/agenciainfra.com\/blog\/ministro-da-infraestrutura-diz-ser-contra-pl-para-regular-reequilibrio-de-contratos-de-concessao\/\" \/>\n<meta property=\"og:locale\" content=\"pt_BR\" \/>\n<meta property=\"og:type\" content=\"article\" \/>\n<meta property=\"og:title\" content=\"Ministro da Infraestrutura diz ser contra PL para regular reequil\u00edbrio de contratos de concess\u00e3o\" \/>\n<meta property=\"og:description\" content=\"Dimmi Amora, da\u00a0Ag\u00eancia iNFRA O ministro da Infraestrutura, Tarc\u00edsio de Freitas, afirmou que \u00e9 contra proposta em elabora\u00e7\u00e3o por parlamentares de um projeto de lei para tratar de reequil\u00edbrio de contratos de concess\u00e3o do setor de infraestrutura. De acordo com o ministro, os instrumentos hoje dispon\u00edveis s\u00e3o suficientes para enfrentar os desafios impostos pela pandemia [&hellip;]\" \/>\n<meta property=\"og:url\" content=\"https:\/\/agenciainfra.com\/blog\/ministro-da-infraestrutura-diz-ser-contra-pl-para-regular-reequilibrio-de-contratos-de-concessao\/\" \/>\n<meta property=\"og:site_name\" content=\"Ag\u00eancia iNFRA\" \/>\n<meta property=\"article:publisher\" content=\"https:\/\/www.facebook.com\/ageninfra\" \/>\n<meta property=\"article:published_time\" content=\"2020-05-06T11:00:21+00:00\" \/>\n<meta property=\"og:image\" content=\"https:\/\/agenciainfra.com\/blog\/wp-content\/uploads\/2020\/05\/tarcisio-arnaldo-jardim-foto-edsom-leite-minfra.jpg\" \/>\n\t<meta property=\"og:image:width\" content=\"1280\" \/>\n\t<meta property=\"og:image:height\" content=\"851\" \/>\n\t<meta property=\"og:image:type\" content=\"image\/jpeg\" \/>\n<meta name=\"author\" content=\"Rodrigo Zuquim\" \/>\n<meta name=\"twitter:card\" content=\"summary_large_image\" \/>\n<meta name=\"twitter:creator\" content=\"@agencia_infra\" \/>\n<meta name=\"twitter:site\" content=\"@agencia_infra\" \/>\n<meta name=\"twitter:label1\" content=\"Escrito por\" \/>\n\t<meta name=\"twitter:data1\" content=\"Rodrigo Zuquim\" \/>\n\t<meta name=\"twitter:label2\" content=\"Est. tempo de leitura\" \/>\n\t<meta name=\"twitter:data2\" content=\"5 minutos\" \/>\n<script type=\"application\/ld+json\" class=\"yoast-schema-graph\">{\"@context\":\"https:\/\/schema.org\",\"@graph\":[{\"@type\":\"Article\",\"@id\":\"https:\/\/agenciainfra.com\/blog\/ministro-da-infraestrutura-diz-ser-contra-pl-para-regular-reequilibrio-de-contratos-de-concessao\/#article\",\"isPartOf\":{\"@id\":\"https:\/\/agenciainfra.com\/blog\/ministro-da-infraestrutura-diz-ser-contra-pl-para-regular-reequilibrio-de-contratos-de-concessao\/\"},\"author\":{\"name\":\"Rodrigo Zuquim\",\"@id\":\"https:\/\/agenciainfra.com\/blog\/#\/schema\/person\/04dbb79bd6d8951f063da71f3e4c1eb1\"},\"headline\":\"Ministro da Infraestrutura diz ser contra PL para regular reequil\u00edbrio de contratos de concess\u00e3o\",\"datePublished\":\"2020-05-06T11:00:21+00:00\",\"mainEntityOfPage\":{\"@id\":\"https:\/\/agenciainfra.com\/blog\/ministro-da-infraestrutura-diz-ser-contra-pl-para-regular-reequilibrio-de-contratos-de-concessao\/\"},\"wordCount\":1086,\"publisher\":{\"@id\":\"https:\/\/agenciainfra.com\/blog\/#organization\"},\"image\":{\"@id\":\"https:\/\/agenciainfra.com\/blog\/ministro-da-infraestrutura-diz-ser-contra-pl-para-regular-reequilibrio-de-contratos-de-concessao\/#primaryimage\"},\"thumbnailUrl\":\"https:\/\/agenciainfra.com\/blog\/wp-content\/uploads\/2020\/05\/tarcisio-arnaldo-jardim-foto-edsom-leite-minfra.jpg\",\"keywords\":[\"Arnaldo Jardim\",\"Covid-19\",\"Minist\u00e9rio da Infraestrutura\",\"Pr\u00f3-Brasil\",\"reequil\u00edbrio\",\"Tarc\u00edsio de Freitas\",\"TCU\"],\"articleSection\":[\"iNFRATransporte\"],\"inLanguage\":\"pt-BR\",\"copyrightYear\":\"2020\",\"copyrightHolder\":{\"@id\":\"https:\/\/agenciainfra.com\/blog\/#organization\"}},{\"@type\":\"WebPage\",\"@id\":\"https:\/\/agenciainfra.com\/blog\/ministro-da-infraestrutura-diz-ser-contra-pl-para-regular-reequilibrio-de-contratos-de-concessao\/\",\"url\":\"https:\/\/agenciainfra.com\/blog\/ministro-da-infraestrutura-diz-ser-contra-pl-para-regular-reequilibrio-de-contratos-de-concessao\/\",\"name\":\"Ministro da Infraestrutura diz ser contra PL para regular reequil\u00edbrio de contratos de concess\u00e3o - Ag\u00eancia iNFRA\",\"isPartOf\":{\"@id\":\"https:\/\/agenciainfra.com\/blog\/#website\"},\"primaryImageOfPage\":{\"@id\":\"https:\/\/agenciainfra.com\/blog\/ministro-da-infraestrutura-diz-ser-contra-pl-para-regular-reequilibrio-de-contratos-de-concessao\/#primaryimage\"},\"image\":{\"@id\":\"https:\/\/agenciainfra.com\/blog\/ministro-da-infraestrutura-diz-ser-contra-pl-para-regular-reequilibrio-de-contratos-de-concessao\/#primaryimage\"},\"thumbnailUrl\":\"https:\/\/agenciainfra.com\/blog\/wp-content\/uploads\/2020\/05\/tarcisio-arnaldo-jardim-foto-edsom-leite-minfra.jpg\",\"datePublished\":\"2020-05-06T11:00:21+00:00\",\"breadcrumb\":{\"@id\":\"https:\/\/agenciainfra.com\/blog\/ministro-da-infraestrutura-diz-ser-contra-pl-para-regular-reequilibrio-de-contratos-de-concessao\/#breadcrumb\"},\"inLanguage\":\"pt-BR\",\"potentialAction\":[{\"@type\":\"ReadAction\",\"target\":[\"https:\/\/agenciainfra.com\/blog\/ministro-da-infraestrutura-diz-ser-contra-pl-para-regular-reequilibrio-de-contratos-de-concessao\/\"]}]},{\"@type\":\"ImageObject\",\"inLanguage\":\"pt-BR\",\"@id\":\"https:\/\/agenciainfra.com\/blog\/ministro-da-infraestrutura-diz-ser-contra-pl-para-regular-reequilibrio-de-contratos-de-concessao\/#primaryimage\",\"url\":\"https:\/\/agenciainfra.com\/blog\/wp-content\/uploads\/2020\/05\/tarcisio-arnaldo-jardim-foto-edsom-leite-minfra.jpg\",\"contentUrl\":\"https:\/\/agenciainfra.com\/blog\/wp-content\/uploads\/2020\/05\/tarcisio-arnaldo-jardim-foto-edsom-leite-minfra.jpg\",\"width\":1280,\"height\":851},{\"@type\":\"BreadcrumbList\",\"@id\":\"https:\/\/agenciainfra.com\/blog\/ministro-da-infraestrutura-diz-ser-contra-pl-para-regular-reequilibrio-de-contratos-de-concessao\/#breadcrumb\",\"itemListElement\":[{\"@type\":\"ListItem\",\"position\":1,\"name\":\"In\u00edcio\",\"item\":\"https:\/\/agenciainfra.com\/blog\/\"},{\"@type\":\"ListItem\",\"position\":2,\"name\":\"Ministro da Infraestrutura diz ser contra PL para regular reequil\u00edbrio de contratos de concess\u00e3o\"}]},{\"@type\":\"WebSite\",\"@id\":\"https:\/\/agenciainfra.com\/blog\/#website\",\"url\":\"https:\/\/agenciainfra.com\/blog\/\",\"name\":\"Ag\u00eancia iNFRA\",\"description\":\"Multiplataforma de informa\u00e7\u00e3o jornal\u00edstica refer\u00eancia na \u00e1rea de infraestrutura no Brasil!\",\"publisher\":{\"@id\":\"https:\/\/agenciainfra.com\/blog\/#organization\"},\"potentialAction\":[{\"@type\":\"SearchAction\",\"target\":{\"@type\":\"EntryPoint\",\"urlTemplate\":\"https:\/\/agenciainfra.com\/blog\/?s={search_term_string}\"},\"query-input\":{\"@type\":\"PropertyValueSpecification\",\"valueRequired\":true,\"valueName\":\"search_term_string\"}}],\"inLanguage\":\"pt-BR\"},{\"@type\":\"Organization\",\"@id\":\"https:\/\/agenciainfra.com\/blog\/#organization\",\"name\":\"Ag\u00eancia iNFRA\",\"url\":\"https:\/\/agenciainfra.com\/blog\/\",\"logo\":{\"@type\":\"ImageObject\",\"inLanguage\":\"pt-BR\",\"@id\":\"https:\/\/agenciainfra.com\/blog\/#\/schema\/logo\/image\/\",\"url\":\"https:\/\/agenciainfra.com\/blog\/wp-content\/uploads\/2023\/09\/iNFRA_5-e1761735885940.png\",\"contentUrl\":\"https:\/\/agenciainfra.com\/blog\/wp-content\/uploads\/2023\/09\/iNFRA_5-e1761735885940.png\",\"width\":1672,\"height\":454,\"caption\":\"Ag\u00eancia iNFRA\"},\"image\":{\"@id\":\"https:\/\/agenciainfra.com\/blog\/#\/schema\/logo\/image\/\"},\"sameAs\":[\"https:\/\/www.facebook.com\/ageninfra\",\"https:\/\/x.com\/agencia_infra\",\"https:\/\/www.linkedin.com\/company\/ag\u00eanciainfra\/\",\"https:\/\/www.instagram.com\/agenciainfra\/\"]},{\"@type\":\"Person\",\"@id\":\"https:\/\/agenciainfra.com\/blog\/#\/schema\/person\/04dbb79bd6d8951f063da71f3e4c1eb1\",\"name\":\"Rodrigo Zuquim\",\"image\":{\"@type\":\"ImageObject\",\"inLanguage\":\"pt-BR\",\"@id\":\"https:\/\/agenciainfra.com\/blog\/#\/schema\/person\/image\/\",\"url\":\"https:\/\/secure.gravatar.com\/avatar\/594abfe82761d620726242ff34ca472a705a4b97f16c790053a6b4c4035274d0?s=96&d=mm&r=g\",\"contentUrl\":\"https:\/\/secure.gravatar.com\/avatar\/594abfe82761d620726242ff34ca472a705a4b97f16c790053a6b4c4035274d0?s=96&d=mm&r=g\",\"caption\":\"Rodrigo Zuquim\"},\"url\":\"https:\/\/agenciainfra.com\/blog\/author\/rodrigo-zuquim\/\"}]}<\/script>\n<!-- \/ Yoast SEO Premium plugin. -->","yoast_head_json":{"title":"Ministro da Infraestrutura diz ser contra PL para regular reequil\u00edbrio de contratos de concess\u00e3o - Ag\u00eancia iNFRA","robots":{"index":"index","follow":"follow","max-snippet":"max-snippet:-1","max-image-preview":"max-image-preview:large","max-video-preview":"max-video-preview:-1"},"canonical":"https:\/\/agenciainfra.com\/blog\/ministro-da-infraestrutura-diz-ser-contra-pl-para-regular-reequilibrio-de-contratos-de-concessao\/","og_locale":"pt_BR","og_type":"article","og_title":"Ministro da Infraestrutura diz ser contra PL para regular reequil\u00edbrio de contratos de concess\u00e3o","og_description":"Dimmi Amora, da\u00a0Ag\u00eancia iNFRA O ministro da Infraestrutura, Tarc\u00edsio de Freitas, afirmou que \u00e9 contra proposta em elabora\u00e7\u00e3o por parlamentares de um projeto de lei para tratar de reequil\u00edbrio de contratos de concess\u00e3o do setor de infraestrutura. De acordo com o ministro, os instrumentos hoje dispon\u00edveis s\u00e3o suficientes para enfrentar os desafios impostos pela pandemia [&hellip;]","og_url":"https:\/\/agenciainfra.com\/blog\/ministro-da-infraestrutura-diz-ser-contra-pl-para-regular-reequilibrio-de-contratos-de-concessao\/","og_site_name":"Ag\u00eancia iNFRA","article_publisher":"https:\/\/www.facebook.com\/ageninfra","article_published_time":"2020-05-06T11:00:21+00:00","og_image":[{"width":1280,"height":851,"url":"https:\/\/agenciainfra.com\/blog\/wp-content\/uploads\/2020\/05\/tarcisio-arnaldo-jardim-foto-edsom-leite-minfra.jpg","type":"image\/jpeg"}],"author":"Rodrigo Zuquim","twitter_card":"summary_large_image","twitter_creator":"@agencia_infra","twitter_site":"@agencia_infra","twitter_misc":{"Escrito por":"Rodrigo Zuquim","Est. tempo de leitura":"5 minutos"},"schema":{"@context":"https:\/\/schema.org","@graph":[{"@type":"Article","@id":"https:\/\/agenciainfra.com\/blog\/ministro-da-infraestrutura-diz-ser-contra-pl-para-regular-reequilibrio-de-contratos-de-concessao\/#article","isPartOf":{"@id":"https:\/\/agenciainfra.com\/blog\/ministro-da-infraestrutura-diz-ser-contra-pl-para-regular-reequilibrio-de-contratos-de-concessao\/"},"author":{"name":"Rodrigo Zuquim","@id":"https:\/\/agenciainfra.com\/blog\/#\/schema\/person\/04dbb79bd6d8951f063da71f3e4c1eb1"},"headline":"Ministro da Infraestrutura diz ser contra PL para regular reequil\u00edbrio de contratos de concess\u00e3o","datePublished":"2020-05-06T11:00:21+00:00","mainEntityOfPage":{"@id":"https:\/\/agenciainfra.com\/blog\/ministro-da-infraestrutura-diz-ser-contra-pl-para-regular-reequilibrio-de-contratos-de-concessao\/"},"wordCount":1086,"publisher":{"@id":"https:\/\/agenciainfra.com\/blog\/#organization"},"image":{"@id":"https:\/\/agenciainfra.com\/blog\/ministro-da-infraestrutura-diz-ser-contra-pl-para-regular-reequilibrio-de-contratos-de-concessao\/#primaryimage"},"thumbnailUrl":"https:\/\/agenciainfra.com\/blog\/wp-content\/uploads\/2020\/05\/tarcisio-arnaldo-jardim-foto-edsom-leite-minfra.jpg","keywords":["Arnaldo Jardim","Covid-19","Minist\u00e9rio da Infraestrutura","Pr\u00f3-Brasil","reequil\u00edbrio","Tarc\u00edsio de Freitas","TCU"],"articleSection":["iNFRATransporte"],"inLanguage":"pt-BR","copyrightYear":"2020","copyrightHolder":{"@id":"https:\/\/agenciainfra.com\/blog\/#organization"}},{"@type":"WebPage","@id":"https:\/\/agenciainfra.com\/blog\/ministro-da-infraestrutura-diz-ser-contra-pl-para-regular-reequilibrio-de-contratos-de-concessao\/","url":"https:\/\/agenciainfra.com\/blog\/ministro-da-infraestrutura-diz-ser-contra-pl-para-regular-reequilibrio-de-contratos-de-concessao\/","name":"Ministro da Infraestrutura diz ser contra PL para regular reequil\u00edbrio de contratos de concess\u00e3o - Ag\u00eancia iNFRA","isPartOf":{"@id":"https:\/\/agenciainfra.com\/blog\/#website"},"primaryImageOfPage":{"@id":"https:\/\/agenciainfra.com\/blog\/ministro-da-infraestrutura-diz-ser-contra-pl-para-regular-reequilibrio-de-contratos-de-concessao\/#primaryimage"},"image":{"@id":"https:\/\/agenciainfra.com\/blog\/ministro-da-infraestrutura-diz-ser-contra-pl-para-regular-reequilibrio-de-contratos-de-concessao\/#primaryimage"},"thumbnailUrl":"https:\/\/agenciainfra.com\/blog\/wp-content\/uploads\/2020\/05\/tarcisio-arnaldo-jardim-foto-edsom-leite-minfra.jpg","datePublished":"2020-05-06T11:00:21+00:00","breadcrumb":{"@id":"https:\/\/agenciainfra.com\/blog\/ministro-da-infraestrutura-diz-ser-contra-pl-para-regular-reequilibrio-de-contratos-de-concessao\/#breadcrumb"},"inLanguage":"pt-BR","potentialAction":[{"@type":"ReadAction","target":["https:\/\/agenciainfra.com\/blog\/ministro-da-infraestrutura-diz-ser-contra-pl-para-regular-reequilibrio-de-contratos-de-concessao\/"]}]},{"@type":"ImageObject","inLanguage":"pt-BR","@id":"https:\/\/agenciainfra.com\/blog\/ministro-da-infraestrutura-diz-ser-contra-pl-para-regular-reequilibrio-de-contratos-de-concessao\/#primaryimage","url":"https:\/\/agenciainfra.com\/blog\/wp-content\/uploads\/2020\/05\/tarcisio-arnaldo-jardim-foto-edsom-leite-minfra.jpg","contentUrl":"https:\/\/agenciainfra.com\/blog\/wp-content\/uploads\/2020\/05\/tarcisio-arnaldo-jardim-foto-edsom-leite-minfra.jpg","width":1280,"height":851},{"@type":"BreadcrumbList","@id":"https:\/\/agenciainfra.com\/blog\/ministro-da-infraestrutura-diz-ser-contra-pl-para-regular-reequilibrio-de-contratos-de-concessao\/#breadcrumb","itemListElement":[{"@type":"ListItem","position":1,"name":"In\u00edcio","item":"https:\/\/agenciainfra.com\/blog\/"},{"@type":"ListItem","position":2,"name":"Ministro da Infraestrutura diz ser contra PL para regular reequil\u00edbrio de contratos de concess\u00e3o"}]},{"@type":"WebSite","@id":"https:\/\/agenciainfra.com\/blog\/#website","url":"https:\/\/agenciainfra.com\/blog\/","name":"Ag\u00eancia iNFRA","description":"Multiplataforma de informa\u00e7\u00e3o jornal\u00edstica refer\u00eancia na \u00e1rea de infraestrutura no Brasil!","publisher":{"@id":"https:\/\/agenciainfra.com\/blog\/#organization"},"potentialAction":[{"@type":"SearchAction","target":{"@type":"EntryPoint","urlTemplate":"https:\/\/agenciainfra.com\/blog\/?s={search_term_string}"},"query-input":{"@type":"PropertyValueSpecification","valueRequired":true,"valueName":"search_term_string"}}],"inLanguage":"pt-BR"},{"@type":"Organization","@id":"https:\/\/agenciainfra.com\/blog\/#organization","name":"Ag\u00eancia iNFRA","url":"https:\/\/agenciainfra.com\/blog\/","logo":{"@type":"ImageObject","inLanguage":"pt-BR","@id":"https:\/\/agenciainfra.com\/blog\/#\/schema\/logo\/image\/","url":"https:\/\/agenciainfra.com\/blog\/wp-content\/uploads\/2023\/09\/iNFRA_5-e1761735885940.png","contentUrl":"https:\/\/agenciainfra.com\/blog\/wp-content\/uploads\/2023\/09\/iNFRA_5-e1761735885940.png","width":1672,"height":454,"caption":"Ag\u00eancia iNFRA"},"image":{"@id":"https:\/\/agenciainfra.com\/blog\/#\/schema\/logo\/image\/"},"sameAs":["https:\/\/www.facebook.com\/ageninfra","https:\/\/x.com\/agencia_infra","https:\/\/www.linkedin.com\/company\/ag\u00eanciainfra\/","https:\/\/www.instagram.com\/agenciainfra\/"]},{"@type":"Person","@id":"https:\/\/agenciainfra.com\/blog\/#\/schema\/person\/04dbb79bd6d8951f063da71f3e4c1eb1","name":"Rodrigo Zuquim","image":{"@type":"ImageObject","inLanguage":"pt-BR","@id":"https:\/\/agenciainfra.com\/blog\/#\/schema\/person\/image\/","url":"https:\/\/secure.gravatar.com\/avatar\/594abfe82761d620726242ff34ca472a705a4b97f16c790053a6b4c4035274d0?s=96&d=mm&r=g","contentUrl":"https:\/\/secure.gravatar.com\/avatar\/594abfe82761d620726242ff34ca472a705a4b97f16c790053a6b4c4035274d0?s=96&d=mm&r=g","caption":"Rodrigo Zuquim"},"url":"https:\/\/agenciainfra.com\/blog\/author\/rodrigo-zuquim\/"}]}},"_links":{"self":[{"href":"https:\/\/agenciainfra.com\/blog\/wp-json\/wp\/v2\/posts\/4811","targetHints":{"allow":["GET"]}}],"collection":[{"href":"https:\/\/agenciainfra.com\/blog\/wp-json\/wp\/v2\/posts"}],"about":[{"href":"https:\/\/agenciainfra.com\/blog\/wp-json\/wp\/v2\/types\/post"}],"author":[{"embeddable":true,"href":"https:\/\/agenciainfra.com\/blog\/wp-json\/wp\/v2\/users\/9"}],"replies":[{"embeddable":true,"href":"https:\/\/agenciainfra.com\/blog\/wp-json\/wp\/v2\/comments?post=4811"}],"version-history":[{"count":0,"href":"https:\/\/agenciainfra.com\/blog\/wp-json\/wp\/v2\/posts\/4811\/revisions"}],"wp:featuredmedia":[{"embeddable":true,"href":"https:\/\/agenciainfra.com\/blog\/wp-json\/wp\/v2\/media\/4812"}],"wp:attachment":[{"href":"https:\/\/agenciainfra.com\/blog\/wp-json\/wp\/v2\/media?parent=4811"}],"wp:term":[{"taxonomy":"category","embeddable":true,"href":"https:\/\/agenciainfra.com\/blog\/wp-json\/wp\/v2\/categories?post=4811"},{"taxonomy":"post_tag","embeddable":true,"href":"https:\/\/agenciainfra.com\/blog\/wp-json\/wp\/v2\/tags?post=4811"}],"curies":[{"name":"wp","href":"https:\/\/api.w.org\/{rel}","templated":true}]}}