{"id":4816,"date":"2020-05-06T13:00:44","date_gmt":"2020-05-06T16:00:44","guid":{"rendered":"http:\/\/www.agenciainfra.com\/blog\/?p=4816"},"modified":"2020-05-04T17:35:10","modified_gmt":"2020-05-04T20:35:10","slug":"malha-paulista-ministro-defende-que-vantajosidade-do-projeto-esta-maior","status":"publish","type":"post","link":"https:\/\/agenciainfra.com\/blog\/malha-paulista-ministro-defende-que-vantajosidade-do-projeto-esta-maior\/","title":{"rendered":"Malha Paulista: ministro defende que vantajosidade do projeto est\u00e1 maior"},"content":{"rendered":"<div>\n<h5 style=\"text-align: right;\"><strong>da Ag\u00eancia iNFRA<\/strong><\/h5>\n<\/div>\n<p dir=\"ltr\">O ministro da Infraestrutura, Tarc\u00edsio de Freitas, afirmou que a vantajosidade da renova\u00e7\u00e3o antecipada da concess\u00e3o da Malha Paulista de Ferrovias, da Rumo, ficou maior depois da revis\u00e3o feita pelos t\u00e9cnicos do governo e da ANTT (Ag\u00eancia Nacional de Transportes Terrestres) na proposta ap\u00f3s a aprova\u00e7\u00e3o pelo TCU (Tribunal de Contas da Uni\u00e3o).<\/p>\n<p>\u201cConseguimos mostrar que temos um projeto em que vamos conseguir mais outorga, mais investimentos e mais obras. Vamos arrecadar mais impostos e tirar 70 milh\u00f5es de toneladas de produtos dos caminh\u00f5es e levar para a ferrovia. Acho que isso demonstra que o projeto continua tendo muita vantajosidade\u201d, disse Freitas, que classificou como surpreendente o pedido da secretaria t\u00e9cnica do TCU de suspens\u00e3o da assinatura.<\/p>\n<p>Conforme a\u00a0<strong>Ag\u00eancia iNFRA<\/strong>\u00a0antecipou, a SeinfraFerroviaPortos do TCU apresentou oposi\u00e7\u00e3o \u00e0 proposta encaminhada pelo governo para a assinatura do contrato e solicitou a suspens\u00e3o da assinatura. A alega\u00e7\u00e3o foi de que houve mudan\u00e7as que, supostamente, tirariam a vantajosidade da renova\u00e7\u00e3o. A reportagem est\u00e1\u00a0<a href=\"https:\/\/agenciainfra.us14.list-manage.com\/track\/click?u=d460dd1bcf9ba0ae040e1fc0f&amp;id=ac1da8ca3e&amp;e=c099169394\" target=\"_blank\" rel=\"noopener noreferrer\" data-saferedirecturl=\"https:\/\/www.google.com\/url?q=https:\/\/agenciainfra.us14.list-manage.com\/track\/click?u%3Dd460dd1bcf9ba0ae040e1fc0f%26id%3Dac1da8ca3e%26e%3Dc099169394&amp;source=gmail&amp;ust=1588707795902000&amp;usg=AFQjCNGPvOuvK4sc5cerUeorg7-JsMYAjQ\">neste link<\/a>.<\/p>\n<p>O governo defendeu sua proposta dizendo que as mudan\u00e7as foram decorrentes das pr\u00f3prias 33 determina\u00e7\u00f5es e 16 recomenda\u00e7\u00f5es do TCU, davam mais seguran\u00e7a jur\u00eddica ao contrato e ampliavam os investimentos.<\/p>\n<p>Na semana passada, a Seinfra apresentou sua an\u00e1lise na defesa do governo, na qual flexibiliza alguns pontos, mas mant\u00e9m o pedido para que n\u00e3o haja pagamento em dinheiro pela Rumo, que os valores sejam convertidos em obras, num total estimado de R$ 2,9 bilh\u00f5es. O relator do processo, ministro Augusto Nardes, ainda n\u00e3o decidiu se permite a assinatura do contrato.<\/p>\n<p>Freitas afirmou que levou ao ministro Nardes a defesa de que n\u00e3o houve reestudo do projeto, como apontado pela Seinfra. Segundo ele, o que ocorreu\u00a0foi uma revis\u00e3o completa dos itens,\u00a0que levou o governo a encontrar mais R$ 522 milh\u00f5es a serem pagos pela Rumo pela renova\u00e7\u00e3o, al\u00e9m de um acerto de contas em que o governo vai obter R$ 1,6 bilh\u00e3o da empresa por multas e outorgas n\u00e3o pagas.<\/p>\n<p><strong>Pagamento de outorga<\/strong><br \/>\nA principal mudan\u00e7a, segundo Feitas, \u00e9 que no in\u00edcio do projeto havia a previs\u00e3o de R$ 2,6 bilh\u00f5es pagos em outorgas, que seriam totalmente convertidos em obras de resolu\u00e7\u00e3o de conflitos urbanos, o que seria suficiente para 26 munic\u00edpios (segundo Freitas, n\u00e3o houve mudan\u00e7a na ordem de execu\u00e7\u00e3o).<\/p>\n<p>Com a revis\u00e3o dos estudos, segundo Freitas,\u00a0ser\u00e1 poss\u00edvel fazer obras em 33 munic\u00edpios (al\u00e9m dos sete que ter\u00e3o obras para a amplia\u00e7\u00e3o da capacidade da via), mas com cerca de R$ 700 milh\u00f5es.<\/p>\n<p>A diferen\u00e7a entre o que ser\u00e1 pago em obras de solu\u00e7\u00e3o de conflito e o valor da outorga \u00e9 que ser\u00e1 transformada em recurso a ser pago em dinheiro ao governo, o que para a \u00e1rea t\u00e9cnica do TCU tira a vantajosidade da renova\u00e7\u00e3o. A defesa do governo \u00e9 que isso n\u00e3o tira a vantajosidade.<\/p>\n<p><strong>Bens revers\u00edveis<\/strong><br \/>\nFreitas explicou ainda outros dois pontos contestados pela secretaria t\u00e9cnica. Segundo ele, na parte dos bens revers\u00edveis, a inten\u00e7\u00e3o com a mudan\u00e7a do texto contestada pela Seinfra foi deixar mais claro o que o ac\u00f3rd\u00e3o do TCU prop\u00f5e, para que somente os bens revers\u00edveis sejam indenizados.<\/p>\n<p>Sobre o outro ponto, o chamado \u201csustaining\u201d (obras para manuten\u00e7\u00e3o), o ministro afirmou que apenas em 1,2% do trecho da concess\u00e3o n\u00e3o se justificaria ter obras de \u201csusteining\u201d, por n\u00e3o ser o tronco principal. Mas, segundo ele, no tronco principal, a decis\u00e3o defendida pelo TCU significaria o governo considerar que por 10 anos n\u00e3o haveria manuten\u00e7\u00e3o na via.<\/p>\n<p><strong>Plano ferrovi\u00e1rio<\/strong><br \/>\nTarc\u00edsio defendeu que o governo tem o projeto de Estado para o setor de transporte e que a renova\u00e7\u00e3o das ferrovias est\u00e1 dentro desse contexto.<\/p>\n<p dir=\"ltr\">\u201cEst\u00e1 tudo casado, a proposta da Malha Paulista fala com a da Norte-Sul, que fala com nosso projeto de reforma do Porto de Santos. O que temos \u00e9 uma pol\u00edtica p\u00fablica de aumentar a participa\u00e7\u00e3o do modal ferrovi\u00e1rio na matriz de transportes. N\u00e3o s\u00e3o projetos que n\u00e3o falam entre si.\u201d<\/p>\n","protected":false},"excerpt":{"rendered":"<p>da Ag\u00eancia iNFRA O ministro da Infraestrutura, Tarc\u00edsio de Freitas, afirmou que a vantajosidade da renova\u00e7\u00e3o antecipada da concess\u00e3o da Malha Paulista de Ferrovias, da Rumo, ficou maior depois da revis\u00e3o feita pelos t\u00e9cnicos do governo e da ANTT (Ag\u00eancia Nacional de Transportes Terrestres) na proposta ap\u00f3s a aprova\u00e7\u00e3o pelo TCU (Tribunal de Contas da [&hellip;]<\/p>\n","protected":false},"author":9,"featured_media":4817,"comment_status":"closed","ping_status":"closed","sticky":false,"template":"","format":"standard","meta":{"_monsterinsights_skip_tracking":false,"_monsterinsights_sitenote_active":false,"_monsterinsights_sitenote_note":"","_monsterinsights_sitenote_category":0,"footnotes":""},"categories":[7],"tags":[19,822,85,80,448,18,1963],"class_list":["post-4816","post","type-post","status-publish","format-standard","has-post-thumbnail","hentry","category-infratransporte","tag-antt","tag-augusto-nardes","tag-malha-paulista","tag-rumo","tag-tarcisio-de-freitas","tag-tcu","tag-vantajosidade"],"yoast_head":"<!-- This site is optimized with the Yoast SEO Premium plugin v25.4 (Yoast SEO v26.0) - https:\/\/yoast.com\/wordpress\/plugins\/seo\/ -->\n<title>Malha Paulista: ministro defende que vantajosidade do projeto est\u00e1 maior - Ag\u00eancia iNFRA<\/title>\n<meta name=\"robots\" content=\"index, follow, max-snippet:-1, max-image-preview:large, max-video-preview:-1\" \/>\n<link rel=\"canonical\" href=\"https:\/\/agenciainfra.com\/blog\/malha-paulista-ministro-defende-que-vantajosidade-do-projeto-esta-maior\/\" \/>\n<meta property=\"og:locale\" content=\"pt_BR\" \/>\n<meta property=\"og:type\" content=\"article\" \/>\n<meta property=\"og:title\" content=\"Malha Paulista: ministro defende que vantajosidade do projeto est\u00e1 maior\" \/>\n<meta property=\"og:description\" content=\"da Ag\u00eancia iNFRA O ministro da Infraestrutura, Tarc\u00edsio de Freitas, afirmou que a vantajosidade da renova\u00e7\u00e3o antecipada da concess\u00e3o da Malha Paulista de Ferrovias, da Rumo, ficou maior depois da revis\u00e3o feita pelos t\u00e9cnicos do governo e da ANTT (Ag\u00eancia Nacional de Transportes Terrestres) na proposta ap\u00f3s a aprova\u00e7\u00e3o pelo TCU (Tribunal de Contas da [&hellip;]\" \/>\n<meta property=\"og:url\" content=\"https:\/\/agenciainfra.com\/blog\/malha-paulista-ministro-defende-que-vantajosidade-do-projeto-esta-maior\/\" \/>\n<meta property=\"og:site_name\" content=\"Ag\u00eancia iNFRA\" \/>\n<meta property=\"article:publisher\" content=\"https:\/\/www.facebook.com\/ageninfra\" \/>\n<meta property=\"article:published_time\" content=\"2020-05-06T16:00:44+00:00\" \/>\n<meta property=\"og:image\" content=\"https:\/\/agenciainfra.com\/blog\/wp-content\/uploads\/2020\/05\/trem-rumo-foto-divulgacao.jpg\" \/>\n\t<meta property=\"og:image:width\" content=\"1280\" \/>\n\t<meta property=\"og:image:height\" content=\"853\" \/>\n\t<meta property=\"og:image:type\" content=\"image\/jpeg\" \/>\n<meta name=\"author\" content=\"Rodrigo Zuquim\" \/>\n<meta name=\"twitter:card\" content=\"summary_large_image\" \/>\n<meta name=\"twitter:creator\" content=\"@agencia_infra\" \/>\n<meta name=\"twitter:site\" content=\"@agencia_infra\" \/>\n<meta name=\"twitter:label1\" content=\"Escrito por\" \/>\n\t<meta name=\"twitter:data1\" content=\"Rodrigo Zuquim\" \/>\n\t<meta name=\"twitter:label2\" content=\"Est. tempo de leitura\" \/>\n\t<meta name=\"twitter:data2\" content=\"4 minutos\" \/>\n<script type=\"application\/ld+json\" class=\"yoast-schema-graph\">{\"@context\":\"https:\/\/schema.org\",\"@graph\":[{\"@type\":\"Article\",\"@id\":\"https:\/\/agenciainfra.com\/blog\/malha-paulista-ministro-defende-que-vantajosidade-do-projeto-esta-maior\/#article\",\"isPartOf\":{\"@id\":\"https:\/\/agenciainfra.com\/blog\/malha-paulista-ministro-defende-que-vantajosidade-do-projeto-esta-maior\/\"},\"author\":{\"name\":\"Rodrigo Zuquim\",\"@id\":\"https:\/\/agenciainfra.com\/blog\/#\/schema\/person\/04dbb79bd6d8951f063da71f3e4c1eb1\"},\"headline\":\"Malha Paulista: ministro defende que vantajosidade do projeto est\u00e1 maior\",\"datePublished\":\"2020-05-06T16:00:44+00:00\",\"mainEntityOfPage\":{\"@id\":\"https:\/\/agenciainfra.com\/blog\/malha-paulista-ministro-defende-que-vantajosidade-do-projeto-esta-maior\/\"},\"wordCount\":728,\"publisher\":{\"@id\":\"https:\/\/agenciainfra.com\/blog\/#organization\"},\"image\":{\"@id\":\"https:\/\/agenciainfra.com\/blog\/malha-paulista-ministro-defende-que-vantajosidade-do-projeto-esta-maior\/#primaryimage\"},\"thumbnailUrl\":\"https:\/\/agenciainfra.com\/blog\/wp-content\/uploads\/2020\/05\/trem-rumo-foto-divulgacao.jpg\",\"keywords\":[\"ANTT\",\"Augusto Nardes\",\"Malha Paulista\",\"Rumo\",\"Tarc\u00edsio de Freitas\",\"TCU\",\"vantajosidade\"],\"articleSection\":[\"iNFRATransporte\"],\"inLanguage\":\"pt-BR\",\"copyrightYear\":\"2020\",\"copyrightHolder\":{\"@id\":\"https:\/\/agenciainfra.com\/blog\/#organization\"}},{\"@type\":\"WebPage\",\"@id\":\"https:\/\/agenciainfra.com\/blog\/malha-paulista-ministro-defende-que-vantajosidade-do-projeto-esta-maior\/\",\"url\":\"https:\/\/agenciainfra.com\/blog\/malha-paulista-ministro-defende-que-vantajosidade-do-projeto-esta-maior\/\",\"name\":\"Malha Paulista: ministro defende que vantajosidade do projeto est\u00e1 maior - Ag\u00eancia iNFRA\",\"isPartOf\":{\"@id\":\"https:\/\/agenciainfra.com\/blog\/#website\"},\"primaryImageOfPage\":{\"@id\":\"https:\/\/agenciainfra.com\/blog\/malha-paulista-ministro-defende-que-vantajosidade-do-projeto-esta-maior\/#primaryimage\"},\"image\":{\"@id\":\"https:\/\/agenciainfra.com\/blog\/malha-paulista-ministro-defende-que-vantajosidade-do-projeto-esta-maior\/#primaryimage\"},\"thumbnailUrl\":\"https:\/\/agenciainfra.com\/blog\/wp-content\/uploads\/2020\/05\/trem-rumo-foto-divulgacao.jpg\",\"datePublished\":\"2020-05-06T16:00:44+00:00\",\"breadcrumb\":{\"@id\":\"https:\/\/agenciainfra.com\/blog\/malha-paulista-ministro-defende-que-vantajosidade-do-projeto-esta-maior\/#breadcrumb\"},\"inLanguage\":\"pt-BR\",\"potentialAction\":[{\"@type\":\"ReadAction\",\"target\":[\"https:\/\/agenciainfra.com\/blog\/malha-paulista-ministro-defende-que-vantajosidade-do-projeto-esta-maior\/\"]}]},{\"@type\":\"ImageObject\",\"inLanguage\":\"pt-BR\",\"@id\":\"https:\/\/agenciainfra.com\/blog\/malha-paulista-ministro-defende-que-vantajosidade-do-projeto-esta-maior\/#primaryimage\",\"url\":\"https:\/\/agenciainfra.com\/blog\/wp-content\/uploads\/2020\/05\/trem-rumo-foto-divulgacao.jpg\",\"contentUrl\":\"https:\/\/agenciainfra.com\/blog\/wp-content\/uploads\/2020\/05\/trem-rumo-foto-divulgacao.jpg\",\"width\":1280,\"height\":853,\"caption\":\"Foto: Divulga\u00e7\u00e3o Rumo\"},{\"@type\":\"BreadcrumbList\",\"@id\":\"https:\/\/agenciainfra.com\/blog\/malha-paulista-ministro-defende-que-vantajosidade-do-projeto-esta-maior\/#breadcrumb\",\"itemListElement\":[{\"@type\":\"ListItem\",\"position\":1,\"name\":\"In\u00edcio\",\"item\":\"https:\/\/agenciainfra.com\/blog\/\"},{\"@type\":\"ListItem\",\"position\":2,\"name\":\"Malha Paulista: ministro defende que vantajosidade do projeto est\u00e1 maior\"}]},{\"@type\":\"WebSite\",\"@id\":\"https:\/\/agenciainfra.com\/blog\/#website\",\"url\":\"https:\/\/agenciainfra.com\/blog\/\",\"name\":\"Ag\u00eancia iNFRA\",\"description\":\"Multiplataforma de informa\u00e7\u00e3o jornal\u00edstica refer\u00eancia na \u00e1rea de infraestrutura no Brasil!\",\"publisher\":{\"@id\":\"https:\/\/agenciainfra.com\/blog\/#organization\"},\"potentialAction\":[{\"@type\":\"SearchAction\",\"target\":{\"@type\":\"EntryPoint\",\"urlTemplate\":\"https:\/\/agenciainfra.com\/blog\/?s={search_term_string}\"},\"query-input\":{\"@type\":\"PropertyValueSpecification\",\"valueRequired\":true,\"valueName\":\"search_term_string\"}}],\"inLanguage\":\"pt-BR\"},{\"@type\":\"Organization\",\"@id\":\"https:\/\/agenciainfra.com\/blog\/#organization\",\"name\":\"Ag\u00eancia iNFRA\",\"url\":\"https:\/\/agenciainfra.com\/blog\/\",\"logo\":{\"@type\":\"ImageObject\",\"inLanguage\":\"pt-BR\",\"@id\":\"https:\/\/agenciainfra.com\/blog\/#\/schema\/logo\/image\/\",\"url\":\"https:\/\/agenciainfra.com\/blog\/wp-content\/uploads\/2023\/09\/iNFRA_5-e1761735885940.png\",\"contentUrl\":\"https:\/\/agenciainfra.com\/blog\/wp-content\/uploads\/2023\/09\/iNFRA_5-e1761735885940.png\",\"width\":1672,\"height\":454,\"caption\":\"Ag\u00eancia iNFRA\"},\"image\":{\"@id\":\"https:\/\/agenciainfra.com\/blog\/#\/schema\/logo\/image\/\"},\"sameAs\":[\"https:\/\/www.facebook.com\/ageninfra\",\"https:\/\/x.com\/agencia_infra\",\"https:\/\/www.linkedin.com\/company\/ag\u00eanciainfra\/\",\"https:\/\/www.instagram.com\/agenciainfra\/\"]},{\"@type\":\"Person\",\"@id\":\"https:\/\/agenciainfra.com\/blog\/#\/schema\/person\/04dbb79bd6d8951f063da71f3e4c1eb1\",\"name\":\"Rodrigo Zuquim\",\"image\":{\"@type\":\"ImageObject\",\"inLanguage\":\"pt-BR\",\"@id\":\"https:\/\/agenciainfra.com\/blog\/#\/schema\/person\/image\/\",\"url\":\"https:\/\/secure.gravatar.com\/avatar\/594abfe82761d620726242ff34ca472a705a4b97f16c790053a6b4c4035274d0?s=96&d=mm&r=g\",\"contentUrl\":\"https:\/\/secure.gravatar.com\/avatar\/594abfe82761d620726242ff34ca472a705a4b97f16c790053a6b4c4035274d0?s=96&d=mm&r=g\",\"caption\":\"Rodrigo Zuquim\"},\"url\":\"https:\/\/agenciainfra.com\/blog\/author\/rodrigo-zuquim\/\"}]}<\/script>\n<!-- \/ Yoast SEO Premium plugin. -->","yoast_head_json":{"title":"Malha Paulista: ministro defende que vantajosidade do projeto est\u00e1 maior - Ag\u00eancia iNFRA","robots":{"index":"index","follow":"follow","max-snippet":"max-snippet:-1","max-image-preview":"max-image-preview:large","max-video-preview":"max-video-preview:-1"},"canonical":"https:\/\/agenciainfra.com\/blog\/malha-paulista-ministro-defende-que-vantajosidade-do-projeto-esta-maior\/","og_locale":"pt_BR","og_type":"article","og_title":"Malha Paulista: ministro defende que vantajosidade do projeto est\u00e1 maior","og_description":"da Ag\u00eancia iNFRA O ministro da Infraestrutura, Tarc\u00edsio de Freitas, afirmou que a vantajosidade da renova\u00e7\u00e3o antecipada da concess\u00e3o da Malha Paulista de Ferrovias, da Rumo, ficou maior depois da revis\u00e3o feita pelos t\u00e9cnicos do governo e da ANTT (Ag\u00eancia Nacional de Transportes Terrestres) na proposta ap\u00f3s a aprova\u00e7\u00e3o pelo TCU (Tribunal de Contas da [&hellip;]","og_url":"https:\/\/agenciainfra.com\/blog\/malha-paulista-ministro-defende-que-vantajosidade-do-projeto-esta-maior\/","og_site_name":"Ag\u00eancia iNFRA","article_publisher":"https:\/\/www.facebook.com\/ageninfra","article_published_time":"2020-05-06T16:00:44+00:00","og_image":[{"width":1280,"height":853,"url":"https:\/\/agenciainfra.com\/blog\/wp-content\/uploads\/2020\/05\/trem-rumo-foto-divulgacao.jpg","type":"image\/jpeg"}],"author":"Rodrigo Zuquim","twitter_card":"summary_large_image","twitter_creator":"@agencia_infra","twitter_site":"@agencia_infra","twitter_misc":{"Escrito por":"Rodrigo Zuquim","Est. tempo de leitura":"4 minutos"},"schema":{"@context":"https:\/\/schema.org","@graph":[{"@type":"Article","@id":"https:\/\/agenciainfra.com\/blog\/malha-paulista-ministro-defende-que-vantajosidade-do-projeto-esta-maior\/#article","isPartOf":{"@id":"https:\/\/agenciainfra.com\/blog\/malha-paulista-ministro-defende-que-vantajosidade-do-projeto-esta-maior\/"},"author":{"name":"Rodrigo Zuquim","@id":"https:\/\/agenciainfra.com\/blog\/#\/schema\/person\/04dbb79bd6d8951f063da71f3e4c1eb1"},"headline":"Malha Paulista: ministro defende que vantajosidade do projeto est\u00e1 maior","datePublished":"2020-05-06T16:00:44+00:00","mainEntityOfPage":{"@id":"https:\/\/agenciainfra.com\/blog\/malha-paulista-ministro-defende-que-vantajosidade-do-projeto-esta-maior\/"},"wordCount":728,"publisher":{"@id":"https:\/\/agenciainfra.com\/blog\/#organization"},"image":{"@id":"https:\/\/agenciainfra.com\/blog\/malha-paulista-ministro-defende-que-vantajosidade-do-projeto-esta-maior\/#primaryimage"},"thumbnailUrl":"https:\/\/agenciainfra.com\/blog\/wp-content\/uploads\/2020\/05\/trem-rumo-foto-divulgacao.jpg","keywords":["ANTT","Augusto Nardes","Malha Paulista","Rumo","Tarc\u00edsio de Freitas","TCU","vantajosidade"],"articleSection":["iNFRATransporte"],"inLanguage":"pt-BR","copyrightYear":"2020","copyrightHolder":{"@id":"https:\/\/agenciainfra.com\/blog\/#organization"}},{"@type":"WebPage","@id":"https:\/\/agenciainfra.com\/blog\/malha-paulista-ministro-defende-que-vantajosidade-do-projeto-esta-maior\/","url":"https:\/\/agenciainfra.com\/blog\/malha-paulista-ministro-defende-que-vantajosidade-do-projeto-esta-maior\/","name":"Malha Paulista: ministro defende que vantajosidade do projeto est\u00e1 maior - Ag\u00eancia iNFRA","isPartOf":{"@id":"https:\/\/agenciainfra.com\/blog\/#website"},"primaryImageOfPage":{"@id":"https:\/\/agenciainfra.com\/blog\/malha-paulista-ministro-defende-que-vantajosidade-do-projeto-esta-maior\/#primaryimage"},"image":{"@id":"https:\/\/agenciainfra.com\/blog\/malha-paulista-ministro-defende-que-vantajosidade-do-projeto-esta-maior\/#primaryimage"},"thumbnailUrl":"https:\/\/agenciainfra.com\/blog\/wp-content\/uploads\/2020\/05\/trem-rumo-foto-divulgacao.jpg","datePublished":"2020-05-06T16:00:44+00:00","breadcrumb":{"@id":"https:\/\/agenciainfra.com\/blog\/malha-paulista-ministro-defende-que-vantajosidade-do-projeto-esta-maior\/#breadcrumb"},"inLanguage":"pt-BR","potentialAction":[{"@type":"ReadAction","target":["https:\/\/agenciainfra.com\/blog\/malha-paulista-ministro-defende-que-vantajosidade-do-projeto-esta-maior\/"]}]},{"@type":"ImageObject","inLanguage":"pt-BR","@id":"https:\/\/agenciainfra.com\/blog\/malha-paulista-ministro-defende-que-vantajosidade-do-projeto-esta-maior\/#primaryimage","url":"https:\/\/agenciainfra.com\/blog\/wp-content\/uploads\/2020\/05\/trem-rumo-foto-divulgacao.jpg","contentUrl":"https:\/\/agenciainfra.com\/blog\/wp-content\/uploads\/2020\/05\/trem-rumo-foto-divulgacao.jpg","width":1280,"height":853,"caption":"Foto: Divulga\u00e7\u00e3o Rumo"},{"@type":"BreadcrumbList","@id":"https:\/\/agenciainfra.com\/blog\/malha-paulista-ministro-defende-que-vantajosidade-do-projeto-esta-maior\/#breadcrumb","itemListElement":[{"@type":"ListItem","position":1,"name":"In\u00edcio","item":"https:\/\/agenciainfra.com\/blog\/"},{"@type":"ListItem","position":2,"name":"Malha Paulista: ministro defende que vantajosidade do projeto est\u00e1 maior"}]},{"@type":"WebSite","@id":"https:\/\/agenciainfra.com\/blog\/#website","url":"https:\/\/agenciainfra.com\/blog\/","name":"Ag\u00eancia iNFRA","description":"Multiplataforma de informa\u00e7\u00e3o jornal\u00edstica refer\u00eancia na \u00e1rea de infraestrutura no Brasil!","publisher":{"@id":"https:\/\/agenciainfra.com\/blog\/#organization"},"potentialAction":[{"@type":"SearchAction","target":{"@type":"EntryPoint","urlTemplate":"https:\/\/agenciainfra.com\/blog\/?s={search_term_string}"},"query-input":{"@type":"PropertyValueSpecification","valueRequired":true,"valueName":"search_term_string"}}],"inLanguage":"pt-BR"},{"@type":"Organization","@id":"https:\/\/agenciainfra.com\/blog\/#organization","name":"Ag\u00eancia iNFRA","url":"https:\/\/agenciainfra.com\/blog\/","logo":{"@type":"ImageObject","inLanguage":"pt-BR","@id":"https:\/\/agenciainfra.com\/blog\/#\/schema\/logo\/image\/","url":"https:\/\/agenciainfra.com\/blog\/wp-content\/uploads\/2023\/09\/iNFRA_5-e1761735885940.png","contentUrl":"https:\/\/agenciainfra.com\/blog\/wp-content\/uploads\/2023\/09\/iNFRA_5-e1761735885940.png","width":1672,"height":454,"caption":"Ag\u00eancia iNFRA"},"image":{"@id":"https:\/\/agenciainfra.com\/blog\/#\/schema\/logo\/image\/"},"sameAs":["https:\/\/www.facebook.com\/ageninfra","https:\/\/x.com\/agencia_infra","https:\/\/www.linkedin.com\/company\/ag\u00eanciainfra\/","https:\/\/www.instagram.com\/agenciainfra\/"]},{"@type":"Person","@id":"https:\/\/agenciainfra.com\/blog\/#\/schema\/person\/04dbb79bd6d8951f063da71f3e4c1eb1","name":"Rodrigo Zuquim","image":{"@type":"ImageObject","inLanguage":"pt-BR","@id":"https:\/\/agenciainfra.com\/blog\/#\/schema\/person\/image\/","url":"https:\/\/secure.gravatar.com\/avatar\/594abfe82761d620726242ff34ca472a705a4b97f16c790053a6b4c4035274d0?s=96&d=mm&r=g","contentUrl":"https:\/\/secure.gravatar.com\/avatar\/594abfe82761d620726242ff34ca472a705a4b97f16c790053a6b4c4035274d0?s=96&d=mm&r=g","caption":"Rodrigo Zuquim"},"url":"https:\/\/agenciainfra.com\/blog\/author\/rodrigo-zuquim\/"}]}},"_links":{"self":[{"href":"https:\/\/agenciainfra.com\/blog\/wp-json\/wp\/v2\/posts\/4816","targetHints":{"allow":["GET"]}}],"collection":[{"href":"https:\/\/agenciainfra.com\/blog\/wp-json\/wp\/v2\/posts"}],"about":[{"href":"https:\/\/agenciainfra.com\/blog\/wp-json\/wp\/v2\/types\/post"}],"author":[{"embeddable":true,"href":"https:\/\/agenciainfra.com\/blog\/wp-json\/wp\/v2\/users\/9"}],"replies":[{"embeddable":true,"href":"https:\/\/agenciainfra.com\/blog\/wp-json\/wp\/v2\/comments?post=4816"}],"version-history":[{"count":0,"href":"https:\/\/agenciainfra.com\/blog\/wp-json\/wp\/v2\/posts\/4816\/revisions"}],"wp:featuredmedia":[{"embeddable":true,"href":"https:\/\/agenciainfra.com\/blog\/wp-json\/wp\/v2\/media\/4817"}],"wp:attachment":[{"href":"https:\/\/agenciainfra.com\/blog\/wp-json\/wp\/v2\/media?parent=4816"}],"wp:term":[{"taxonomy":"category","embeddable":true,"href":"https:\/\/agenciainfra.com\/blog\/wp-json\/wp\/v2\/categories?post=4816"},{"taxonomy":"post_tag","embeddable":true,"href":"https:\/\/agenciainfra.com\/blog\/wp-json\/wp\/v2\/tags?post=4816"}],"curies":[{"name":"wp","href":"https:\/\/api.w.org\/{rel}","templated":true}]}}