{"id":4822,"date":"2020-05-08T08:00:11","date_gmt":"2020-05-08T11:00:11","guid":{"rendered":"http:\/\/www.agenciainfra.com\/blog\/?p=4822"},"modified":"2020-05-06T17:45:54","modified_gmt":"2020-05-06T20:45:54","slug":"apos-debate-ganha-forca-proposta-para-resolver-reequilibrios-em-camaras-de-mediacao","status":"publish","type":"post","link":"https:\/\/agenciainfra.com\/blog\/apos-debate-ganha-forca-proposta-para-resolver-reequilibrios-em-camaras-de-mediacao\/","title":{"rendered":"Ap\u00f3s debate, ganha for\u00e7a proposta para resolver reequil\u00edbrios em c\u00e2maras de media\u00e7\u00e3o"},"content":{"rendered":"<div>\n<h5 style=\"text-align: right;\"><strong>Dimmi Amora, da\u00a0Ag\u00eancia iNFRA<\/strong><\/h5>\n<p dir=\"ltr\">C\u00e2maras de media\u00e7\u00e3o ligadas a um tribunal de contas poder\u00e3o tratar de temas de reequil\u00edbrio de contratos de concess\u00e3o entre governos e iniciativa privada. A ideia surgiu em debate promovido na ter\u00e7a-feira (5) entre o ministro da Infraestrutura, Tarc\u00edsio de Freitas, o ministro do TCU (Tribunal de Contas da Uni\u00e3o) Bruno Dantas e o deputado federal Arnaldo Jardim (Cidadania-SP). O encontro tamb\u00e9m contou com a presen\u00e7a de outros integrantes da corte de contas.<\/p>\n<p>O encontro durou mais de tr\u00eas horas, e a ideia das c\u00e2maras de media\u00e7\u00e3o surgiu numa esp\u00e9cie de fus\u00e3o das vis\u00f5es dos ministro do TCU com a proposta do deputado federal, que trabalha a ideia de apresentar um projeto de lei para regulamentar os reequil\u00edbrios de contrato.<\/p>\n<p>O ministro da Infraestrutura \u00e9 contr\u00e1rio a uma nova lei, dizendo que ela traz risco jur\u00eddico, e voltou a\u00a0afirmar que os regulamentos atuais j\u00e1 trazem instrumentos para que o governo reequilibre os contratos na pandemia. O ministro afirmou que esse trabalho j\u00e1 est\u00e1 em andamento nos \u00f3rg\u00e3os da sua pasta, mas que vai se restringir ao per\u00edodo da emerg\u00eancia.<\/p>\n<p>&#8220;Pandemia n\u00e3o pode ser t\u00e1bua de salva\u00e7\u00e3o para salva\u00e7\u00e3o de concess\u00f5es com alto grau de inadimpl\u00eancia&#8221;, disse Freitas, querendo evitar o que chamou de oportunismo para a solu\u00e7\u00e3o de contratos que j\u00e1 n\u00e3o estavam equilibrados.<\/p>\n<p>Jardim afirmou que concorda com a vis\u00e3o sobre evitar o oportunismo, mas apresentou uma vis\u00e3o mais ampla\u00a0sobre o tema, elaborada com o apoio de um\u00a0grupo de especialistas no setor,\u00a0que apresentou a ele um diagn\u00f3stico sobre como o problema dos reequil\u00edbrios est\u00e1 sendo tratado em outros pa\u00edses.<\/p>\n<p>Segundo o deputado, h\u00e1 dois temas que v\u00e3o precisar ser melhor trabalhados nos reequil\u00edbrios: a padroniza\u00e7\u00e3o e a transpar\u00eancia dessas opera\u00e7\u00f5es. A apresenta\u00e7\u00e3o de Jardim est\u00e1\u00a0<a href=\"https:\/\/agenciainfra.us14.list-manage.com\/track\/click?u=d460dd1bcf9ba0ae040e1fc0f&amp;id=1db999f395&amp;e=c099169394\" target=\"_blank\" rel=\"noopener noreferrer\" data-saferedirecturl=\"https:\/\/www.google.com\/url?q=https:\/\/agenciainfra.us14.list-manage.com\/track\/click?u%3Dd460dd1bcf9ba0ae040e1fc0f%26id%3D1db999f395%26e%3Dc099169394&amp;source=gmail&amp;ust=1588861384356000&amp;usg=AFQjCNELmseUqwaLpoPsZE_73hH4SOCdhw\">neste link<\/a>.<\/p>\n<p>&#8220;\u00c9 preciso ter par\u00e2metros comuns para analisar esses pleitos&#8221;, disse o deputado.<\/p>\n<p>O ministro Dantas afirmou que a ideia do deputado est\u00e1 em conson\u00e2ncia com uma proposta que ele j\u00e1 havia levado a ministros do tribunal ap\u00f3s regressar de um per\u00edodo de estudos na Fran\u00e7a, no ano passado, que seriam c\u00e2maras de concilia\u00e7\u00e3o para discuss\u00e3o de contratos de parceria com a iniciativa privada.<\/p>\n<p>A ideia, segundo ele, \u00e9 evitar o que ele mesmo classifica como &#8220;apag\u00e3o das canetas&#8221;, express\u00e3o usada para definir o temor de agentes do executivo de tomar decis\u00f5es que posteriormente podem ser consideradas ilegais ou irregulares pelo tribunal.<\/p>\n<p>&#8220;Eu sei que n\u00e3o gostam dessa express\u00e3o no tribunal, mas \u00e9 a realidade&#8221;, afirmou Dantas.<\/p>\n<p>Segundo ele, as c\u00e2maras seriam formadas por pessoal qualificado e aprovadas por todas as partes e a decis\u00e3o delas seria submetida ao plen\u00e1rio do \u00f3rg\u00e3o, num processo que, para ele, tornaria mais c\u00e9lere as an\u00e1lises.<\/p>\n<p>Ao fim do encontro, o ministro Freitas e o deputado Jardim disseram que topam seguir trabalhando nesse formato que, segundo Dantas, nem precisaria de novas leis, podendo ser regulamentado por instru\u00e7\u00e3o normativa do TCU. Toda a sess\u00e3o do\u00a0evento est\u00e1 dispon\u00edvel\u00a0<a href=\"https:\/\/agenciainfra.us14.list-manage.com\/track\/click?u=d460dd1bcf9ba0ae040e1fc0f&amp;id=a176ff31cd&amp;e=c099169394\" target=\"_blank\" rel=\"noopener noreferrer\" data-saferedirecturl=\"https:\/\/www.google.com\/url?q=https:\/\/agenciainfra.us14.list-manage.com\/track\/click?u%3Dd460dd1bcf9ba0ae040e1fc0f%26id%3Da176ff31cd%26e%3Dc099169394&amp;source=gmail&amp;ust=1588861384356000&amp;usg=AFQjCNHpty7jEZXWQMTucwYMEGnKKx2OFw\">neste link<\/a>.<\/p>\n<\/div>\n","protected":false},"excerpt":{"rendered":"<p>Dimmi Amora, da\u00a0Ag\u00eancia iNFRA C\u00e2maras de media\u00e7\u00e3o ligadas a um tribunal de contas poder\u00e3o tratar de temas de reequil\u00edbrio de contratos de concess\u00e3o entre governos e iniciativa privada. A ideia surgiu em debate promovido na ter\u00e7a-feira (5) entre o ministro da Infraestrutura, Tarc\u00edsio de Freitas, o ministro do TCU (Tribunal de Contas da Uni\u00e3o) Bruno [&hellip;]<\/p>\n","protected":false},"author":9,"featured_media":4824,"comment_status":"closed","ping_status":"closed","sticky":false,"template":"","format":"standard","meta":{"_monsterinsights_skip_tracking":false,"_monsterinsights_sitenote_active":false,"_monsterinsights_sitenote_note":"","_monsterinsights_sitenote_category":0,"footnotes":""},"categories":[7],"tags":[888,396,1758,1759,1261,1936,1938,448,18],"class_list":["post-4822","post","type-post","status-publish","format-standard","has-post-thumbnail","hentry","category-infratransporte","tag-arnaldo-jardim","tag-bruno-dantas","tag-coronavirus","tag-covid-19","tag-mediacao","tag-pandemia","tag-reequilibrio","tag-tarcisio-de-freitas","tag-tcu"],"yoast_head":"<!-- This site is optimized with the Yoast SEO Premium plugin v25.4 (Yoast SEO v26.0) - https:\/\/yoast.com\/wordpress\/plugins\/seo\/ -->\n<title>Ap\u00f3s debate, ganha for\u00e7a proposta para resolver reequil\u00edbrios em c\u00e2maras de media\u00e7\u00e3o - Ag\u00eancia iNFRA<\/title>\n<meta name=\"robots\" content=\"index, follow, max-snippet:-1, max-image-preview:large, max-video-preview:-1\" \/>\n<link rel=\"canonical\" href=\"https:\/\/agenciainfra.com\/blog\/apos-debate-ganha-forca-proposta-para-resolver-reequilibrios-em-camaras-de-mediacao\/\" \/>\n<meta property=\"og:locale\" content=\"pt_BR\" \/>\n<meta property=\"og:type\" content=\"article\" \/>\n<meta property=\"og:title\" content=\"Ap\u00f3s debate, ganha for\u00e7a proposta para resolver reequil\u00edbrios em c\u00e2maras de media\u00e7\u00e3o\" \/>\n<meta property=\"og:description\" content=\"Dimmi Amora, da\u00a0Ag\u00eancia iNFRA C\u00e2maras de media\u00e7\u00e3o ligadas a um tribunal de contas poder\u00e3o tratar de temas de reequil\u00edbrio de contratos de concess\u00e3o entre governos e iniciativa privada. A ideia surgiu em debate promovido na ter\u00e7a-feira (5) entre o ministro da Infraestrutura, Tarc\u00edsio de Freitas, o ministro do TCU (Tribunal de Contas da Uni\u00e3o) Bruno [&hellip;]\" \/>\n<meta property=\"og:url\" content=\"https:\/\/agenciainfra.com\/blog\/apos-debate-ganha-forca-proposta-para-resolver-reequilibrios-em-camaras-de-mediacao\/\" \/>\n<meta property=\"og:site_name\" content=\"Ag\u00eancia iNFRA\" \/>\n<meta property=\"article:publisher\" content=\"https:\/\/www.facebook.com\/ageninfra\" \/>\n<meta property=\"article:published_time\" content=\"2020-05-08T11:00:11+00:00\" \/>\n<meta property=\"og:image\" content=\"https:\/\/agenciainfra.com\/blog\/wp-content\/uploads\/2020\/05\/tarcisio-webinar-tcu-foto-alberto-ruy-minfra.jpg\" \/>\n\t<meta property=\"og:image:width\" content=\"1280\" \/>\n\t<meta property=\"og:image:height\" content=\"852\" \/>\n\t<meta property=\"og:image:type\" content=\"image\/jpeg\" \/>\n<meta name=\"author\" content=\"Rodrigo Zuquim\" \/>\n<meta name=\"twitter:card\" content=\"summary_large_image\" \/>\n<meta name=\"twitter:creator\" content=\"@agencia_infra\" \/>\n<meta name=\"twitter:site\" content=\"@agencia_infra\" \/>\n<meta name=\"twitter:label1\" content=\"Escrito por\" \/>\n\t<meta name=\"twitter:data1\" content=\"Rodrigo Zuquim\" \/>\n\t<meta name=\"twitter:label2\" content=\"Est. tempo de leitura\" \/>\n\t<meta name=\"twitter:data2\" content=\"3 minutos\" \/>\n<script type=\"application\/ld+json\" class=\"yoast-schema-graph\">{\"@context\":\"https:\/\/schema.org\",\"@graph\":[{\"@type\":\"Article\",\"@id\":\"https:\/\/agenciainfra.com\/blog\/apos-debate-ganha-forca-proposta-para-resolver-reequilibrios-em-camaras-de-mediacao\/#article\",\"isPartOf\":{\"@id\":\"https:\/\/agenciainfra.com\/blog\/apos-debate-ganha-forca-proposta-para-resolver-reequilibrios-em-camaras-de-mediacao\/\"},\"author\":{\"name\":\"Rodrigo Zuquim\",\"@id\":\"https:\/\/agenciainfra.com\/blog\/#\/schema\/person\/04dbb79bd6d8951f063da71f3e4c1eb1\"},\"headline\":\"Ap\u00f3s debate, ganha for\u00e7a proposta para resolver reequil\u00edbrios em c\u00e2maras de media\u00e7\u00e3o\",\"datePublished\":\"2020-05-08T11:00:11+00:00\",\"mainEntityOfPage\":{\"@id\":\"https:\/\/agenciainfra.com\/blog\/apos-debate-ganha-forca-proposta-para-resolver-reequilibrios-em-camaras-de-mediacao\/\"},\"wordCount\":567,\"publisher\":{\"@id\":\"https:\/\/agenciainfra.com\/blog\/#organization\"},\"image\":{\"@id\":\"https:\/\/agenciainfra.com\/blog\/apos-debate-ganha-forca-proposta-para-resolver-reequilibrios-em-camaras-de-mediacao\/#primaryimage\"},\"thumbnailUrl\":\"https:\/\/agenciainfra.com\/blog\/wp-content\/uploads\/2020\/05\/tarcisio-webinar-tcu-foto-alberto-ruy-minfra.jpg\",\"keywords\":[\"Arnaldo Jardim\",\"Bruno Dantas\",\"coronav\u00edrus\",\"Covid-19\",\"media\u00e7\u00e3o\",\"pandemia\",\"reequil\u00edbrio\",\"Tarc\u00edsio de Freitas\",\"TCU\"],\"articleSection\":[\"iNFRATransporte\"],\"inLanguage\":\"pt-BR\",\"copyrightYear\":\"2020\",\"copyrightHolder\":{\"@id\":\"https:\/\/agenciainfra.com\/blog\/#organization\"}},{\"@type\":\"WebPage\",\"@id\":\"https:\/\/agenciainfra.com\/blog\/apos-debate-ganha-forca-proposta-para-resolver-reequilibrios-em-camaras-de-mediacao\/\",\"url\":\"https:\/\/agenciainfra.com\/blog\/apos-debate-ganha-forca-proposta-para-resolver-reequilibrios-em-camaras-de-mediacao\/\",\"name\":\"Ap\u00f3s debate, ganha for\u00e7a proposta para resolver reequil\u00edbrios em c\u00e2maras de media\u00e7\u00e3o - Ag\u00eancia iNFRA\",\"isPartOf\":{\"@id\":\"https:\/\/agenciainfra.com\/blog\/#website\"},\"primaryImageOfPage\":{\"@id\":\"https:\/\/agenciainfra.com\/blog\/apos-debate-ganha-forca-proposta-para-resolver-reequilibrios-em-camaras-de-mediacao\/#primaryimage\"},\"image\":{\"@id\":\"https:\/\/agenciainfra.com\/blog\/apos-debate-ganha-forca-proposta-para-resolver-reequilibrios-em-camaras-de-mediacao\/#primaryimage\"},\"thumbnailUrl\":\"https:\/\/agenciainfra.com\/blog\/wp-content\/uploads\/2020\/05\/tarcisio-webinar-tcu-foto-alberto-ruy-minfra.jpg\",\"datePublished\":\"2020-05-08T11:00:11+00:00\",\"breadcrumb\":{\"@id\":\"https:\/\/agenciainfra.com\/blog\/apos-debate-ganha-forca-proposta-para-resolver-reequilibrios-em-camaras-de-mediacao\/#breadcrumb\"},\"inLanguage\":\"pt-BR\",\"potentialAction\":[{\"@type\":\"ReadAction\",\"target\":[\"https:\/\/agenciainfra.com\/blog\/apos-debate-ganha-forca-proposta-para-resolver-reequilibrios-em-camaras-de-mediacao\/\"]}]},{\"@type\":\"ImageObject\",\"inLanguage\":\"pt-BR\",\"@id\":\"https:\/\/agenciainfra.com\/blog\/apos-debate-ganha-forca-proposta-para-resolver-reequilibrios-em-camaras-de-mediacao\/#primaryimage\",\"url\":\"https:\/\/agenciainfra.com\/blog\/wp-content\/uploads\/2020\/05\/tarcisio-webinar-tcu-foto-alberto-ruy-minfra.jpg\",\"contentUrl\":\"https:\/\/agenciainfra.com\/blog\/wp-content\/uploads\/2020\/05\/tarcisio-webinar-tcu-foto-alberto-ruy-minfra.jpg\",\"width\":1280,\"height\":852},{\"@type\":\"BreadcrumbList\",\"@id\":\"https:\/\/agenciainfra.com\/blog\/apos-debate-ganha-forca-proposta-para-resolver-reequilibrios-em-camaras-de-mediacao\/#breadcrumb\",\"itemListElement\":[{\"@type\":\"ListItem\",\"position\":1,\"name\":\"In\u00edcio\",\"item\":\"https:\/\/agenciainfra.com\/blog\/\"},{\"@type\":\"ListItem\",\"position\":2,\"name\":\"Ap\u00f3s debate, ganha for\u00e7a proposta para resolver reequil\u00edbrios em c\u00e2maras de media\u00e7\u00e3o\"}]},{\"@type\":\"WebSite\",\"@id\":\"https:\/\/agenciainfra.com\/blog\/#website\",\"url\":\"https:\/\/agenciainfra.com\/blog\/\",\"name\":\"Ag\u00eancia iNFRA\",\"description\":\"Multiplataforma de informa\u00e7\u00e3o jornal\u00edstica refer\u00eancia na \u00e1rea de infraestrutura no Brasil!\",\"publisher\":{\"@id\":\"https:\/\/agenciainfra.com\/blog\/#organization\"},\"potentialAction\":[{\"@type\":\"SearchAction\",\"target\":{\"@type\":\"EntryPoint\",\"urlTemplate\":\"https:\/\/agenciainfra.com\/blog\/?s={search_term_string}\"},\"query-input\":{\"@type\":\"PropertyValueSpecification\",\"valueRequired\":true,\"valueName\":\"search_term_string\"}}],\"inLanguage\":\"pt-BR\"},{\"@type\":\"Organization\",\"@id\":\"https:\/\/agenciainfra.com\/blog\/#organization\",\"name\":\"Ag\u00eancia iNFRA\",\"url\":\"https:\/\/agenciainfra.com\/blog\/\",\"logo\":{\"@type\":\"ImageObject\",\"inLanguage\":\"pt-BR\",\"@id\":\"https:\/\/agenciainfra.com\/blog\/#\/schema\/logo\/image\/\",\"url\":\"https:\/\/agenciainfra.com\/blog\/wp-content\/uploads\/2023\/09\/iNFRA_5-e1761735885940.png\",\"contentUrl\":\"https:\/\/agenciainfra.com\/blog\/wp-content\/uploads\/2023\/09\/iNFRA_5-e1761735885940.png\",\"width\":1672,\"height\":454,\"caption\":\"Ag\u00eancia iNFRA\"},\"image\":{\"@id\":\"https:\/\/agenciainfra.com\/blog\/#\/schema\/logo\/image\/\"},\"sameAs\":[\"https:\/\/www.facebook.com\/ageninfra\",\"https:\/\/x.com\/agencia_infra\",\"https:\/\/www.linkedin.com\/company\/ag\u00eanciainfra\/\",\"https:\/\/www.instagram.com\/agenciainfra\/\"]},{\"@type\":\"Person\",\"@id\":\"https:\/\/agenciainfra.com\/blog\/#\/schema\/person\/04dbb79bd6d8951f063da71f3e4c1eb1\",\"name\":\"Rodrigo Zuquim\",\"image\":{\"@type\":\"ImageObject\",\"inLanguage\":\"pt-BR\",\"@id\":\"https:\/\/agenciainfra.com\/blog\/#\/schema\/person\/image\/\",\"url\":\"https:\/\/secure.gravatar.com\/avatar\/594abfe82761d620726242ff34ca472a705a4b97f16c790053a6b4c4035274d0?s=96&d=mm&r=g\",\"contentUrl\":\"https:\/\/secure.gravatar.com\/avatar\/594abfe82761d620726242ff34ca472a705a4b97f16c790053a6b4c4035274d0?s=96&d=mm&r=g\",\"caption\":\"Rodrigo Zuquim\"},\"url\":\"https:\/\/agenciainfra.com\/blog\/author\/rodrigo-zuquim\/\"}]}<\/script>\n<!-- \/ Yoast SEO Premium plugin. -->","yoast_head_json":{"title":"Ap\u00f3s debate, ganha for\u00e7a proposta para resolver reequil\u00edbrios em c\u00e2maras de media\u00e7\u00e3o - Ag\u00eancia iNFRA","robots":{"index":"index","follow":"follow","max-snippet":"max-snippet:-1","max-image-preview":"max-image-preview:large","max-video-preview":"max-video-preview:-1"},"canonical":"https:\/\/agenciainfra.com\/blog\/apos-debate-ganha-forca-proposta-para-resolver-reequilibrios-em-camaras-de-mediacao\/","og_locale":"pt_BR","og_type":"article","og_title":"Ap\u00f3s debate, ganha for\u00e7a proposta para resolver reequil\u00edbrios em c\u00e2maras de media\u00e7\u00e3o","og_description":"Dimmi Amora, da\u00a0Ag\u00eancia iNFRA C\u00e2maras de media\u00e7\u00e3o ligadas a um tribunal de contas poder\u00e3o tratar de temas de reequil\u00edbrio de contratos de concess\u00e3o entre governos e iniciativa privada. A ideia surgiu em debate promovido na ter\u00e7a-feira (5) entre o ministro da Infraestrutura, Tarc\u00edsio de Freitas, o ministro do TCU (Tribunal de Contas da Uni\u00e3o) Bruno [&hellip;]","og_url":"https:\/\/agenciainfra.com\/blog\/apos-debate-ganha-forca-proposta-para-resolver-reequilibrios-em-camaras-de-mediacao\/","og_site_name":"Ag\u00eancia iNFRA","article_publisher":"https:\/\/www.facebook.com\/ageninfra","article_published_time":"2020-05-08T11:00:11+00:00","og_image":[{"width":1280,"height":852,"url":"https:\/\/agenciainfra.com\/blog\/wp-content\/uploads\/2020\/05\/tarcisio-webinar-tcu-foto-alberto-ruy-minfra.jpg","type":"image\/jpeg"}],"author":"Rodrigo Zuquim","twitter_card":"summary_large_image","twitter_creator":"@agencia_infra","twitter_site":"@agencia_infra","twitter_misc":{"Escrito por":"Rodrigo Zuquim","Est. tempo de leitura":"3 minutos"},"schema":{"@context":"https:\/\/schema.org","@graph":[{"@type":"Article","@id":"https:\/\/agenciainfra.com\/blog\/apos-debate-ganha-forca-proposta-para-resolver-reequilibrios-em-camaras-de-mediacao\/#article","isPartOf":{"@id":"https:\/\/agenciainfra.com\/blog\/apos-debate-ganha-forca-proposta-para-resolver-reequilibrios-em-camaras-de-mediacao\/"},"author":{"name":"Rodrigo Zuquim","@id":"https:\/\/agenciainfra.com\/blog\/#\/schema\/person\/04dbb79bd6d8951f063da71f3e4c1eb1"},"headline":"Ap\u00f3s debate, ganha for\u00e7a proposta para resolver reequil\u00edbrios em c\u00e2maras de media\u00e7\u00e3o","datePublished":"2020-05-08T11:00:11+00:00","mainEntityOfPage":{"@id":"https:\/\/agenciainfra.com\/blog\/apos-debate-ganha-forca-proposta-para-resolver-reequilibrios-em-camaras-de-mediacao\/"},"wordCount":567,"publisher":{"@id":"https:\/\/agenciainfra.com\/blog\/#organization"},"image":{"@id":"https:\/\/agenciainfra.com\/blog\/apos-debate-ganha-forca-proposta-para-resolver-reequilibrios-em-camaras-de-mediacao\/#primaryimage"},"thumbnailUrl":"https:\/\/agenciainfra.com\/blog\/wp-content\/uploads\/2020\/05\/tarcisio-webinar-tcu-foto-alberto-ruy-minfra.jpg","keywords":["Arnaldo Jardim","Bruno Dantas","coronav\u00edrus","Covid-19","media\u00e7\u00e3o","pandemia","reequil\u00edbrio","Tarc\u00edsio de Freitas","TCU"],"articleSection":["iNFRATransporte"],"inLanguage":"pt-BR","copyrightYear":"2020","copyrightHolder":{"@id":"https:\/\/agenciainfra.com\/blog\/#organization"}},{"@type":"WebPage","@id":"https:\/\/agenciainfra.com\/blog\/apos-debate-ganha-forca-proposta-para-resolver-reequilibrios-em-camaras-de-mediacao\/","url":"https:\/\/agenciainfra.com\/blog\/apos-debate-ganha-forca-proposta-para-resolver-reequilibrios-em-camaras-de-mediacao\/","name":"Ap\u00f3s debate, ganha for\u00e7a proposta para resolver reequil\u00edbrios em c\u00e2maras de media\u00e7\u00e3o - Ag\u00eancia iNFRA","isPartOf":{"@id":"https:\/\/agenciainfra.com\/blog\/#website"},"primaryImageOfPage":{"@id":"https:\/\/agenciainfra.com\/blog\/apos-debate-ganha-forca-proposta-para-resolver-reequilibrios-em-camaras-de-mediacao\/#primaryimage"},"image":{"@id":"https:\/\/agenciainfra.com\/blog\/apos-debate-ganha-forca-proposta-para-resolver-reequilibrios-em-camaras-de-mediacao\/#primaryimage"},"thumbnailUrl":"https:\/\/agenciainfra.com\/blog\/wp-content\/uploads\/2020\/05\/tarcisio-webinar-tcu-foto-alberto-ruy-minfra.jpg","datePublished":"2020-05-08T11:00:11+00:00","breadcrumb":{"@id":"https:\/\/agenciainfra.com\/blog\/apos-debate-ganha-forca-proposta-para-resolver-reequilibrios-em-camaras-de-mediacao\/#breadcrumb"},"inLanguage":"pt-BR","potentialAction":[{"@type":"ReadAction","target":["https:\/\/agenciainfra.com\/blog\/apos-debate-ganha-forca-proposta-para-resolver-reequilibrios-em-camaras-de-mediacao\/"]}]},{"@type":"ImageObject","inLanguage":"pt-BR","@id":"https:\/\/agenciainfra.com\/blog\/apos-debate-ganha-forca-proposta-para-resolver-reequilibrios-em-camaras-de-mediacao\/#primaryimage","url":"https:\/\/agenciainfra.com\/blog\/wp-content\/uploads\/2020\/05\/tarcisio-webinar-tcu-foto-alberto-ruy-minfra.jpg","contentUrl":"https:\/\/agenciainfra.com\/blog\/wp-content\/uploads\/2020\/05\/tarcisio-webinar-tcu-foto-alberto-ruy-minfra.jpg","width":1280,"height":852},{"@type":"BreadcrumbList","@id":"https:\/\/agenciainfra.com\/blog\/apos-debate-ganha-forca-proposta-para-resolver-reequilibrios-em-camaras-de-mediacao\/#breadcrumb","itemListElement":[{"@type":"ListItem","position":1,"name":"In\u00edcio","item":"https:\/\/agenciainfra.com\/blog\/"},{"@type":"ListItem","position":2,"name":"Ap\u00f3s debate, ganha for\u00e7a proposta para resolver reequil\u00edbrios em c\u00e2maras de media\u00e7\u00e3o"}]},{"@type":"WebSite","@id":"https:\/\/agenciainfra.com\/blog\/#website","url":"https:\/\/agenciainfra.com\/blog\/","name":"Ag\u00eancia iNFRA","description":"Multiplataforma de informa\u00e7\u00e3o jornal\u00edstica refer\u00eancia na \u00e1rea de infraestrutura no Brasil!","publisher":{"@id":"https:\/\/agenciainfra.com\/blog\/#organization"},"potentialAction":[{"@type":"SearchAction","target":{"@type":"EntryPoint","urlTemplate":"https:\/\/agenciainfra.com\/blog\/?s={search_term_string}"},"query-input":{"@type":"PropertyValueSpecification","valueRequired":true,"valueName":"search_term_string"}}],"inLanguage":"pt-BR"},{"@type":"Organization","@id":"https:\/\/agenciainfra.com\/blog\/#organization","name":"Ag\u00eancia iNFRA","url":"https:\/\/agenciainfra.com\/blog\/","logo":{"@type":"ImageObject","inLanguage":"pt-BR","@id":"https:\/\/agenciainfra.com\/blog\/#\/schema\/logo\/image\/","url":"https:\/\/agenciainfra.com\/blog\/wp-content\/uploads\/2023\/09\/iNFRA_5-e1761735885940.png","contentUrl":"https:\/\/agenciainfra.com\/blog\/wp-content\/uploads\/2023\/09\/iNFRA_5-e1761735885940.png","width":1672,"height":454,"caption":"Ag\u00eancia iNFRA"},"image":{"@id":"https:\/\/agenciainfra.com\/blog\/#\/schema\/logo\/image\/"},"sameAs":["https:\/\/www.facebook.com\/ageninfra","https:\/\/x.com\/agencia_infra","https:\/\/www.linkedin.com\/company\/ag\u00eanciainfra\/","https:\/\/www.instagram.com\/agenciainfra\/"]},{"@type":"Person","@id":"https:\/\/agenciainfra.com\/blog\/#\/schema\/person\/04dbb79bd6d8951f063da71f3e4c1eb1","name":"Rodrigo Zuquim","image":{"@type":"ImageObject","inLanguage":"pt-BR","@id":"https:\/\/agenciainfra.com\/blog\/#\/schema\/person\/image\/","url":"https:\/\/secure.gravatar.com\/avatar\/594abfe82761d620726242ff34ca472a705a4b97f16c790053a6b4c4035274d0?s=96&d=mm&r=g","contentUrl":"https:\/\/secure.gravatar.com\/avatar\/594abfe82761d620726242ff34ca472a705a4b97f16c790053a6b4c4035274d0?s=96&d=mm&r=g","caption":"Rodrigo Zuquim"},"url":"https:\/\/agenciainfra.com\/blog\/author\/rodrigo-zuquim\/"}]}},"_links":{"self":[{"href":"https:\/\/agenciainfra.com\/blog\/wp-json\/wp\/v2\/posts\/4822","targetHints":{"allow":["GET"]}}],"collection":[{"href":"https:\/\/agenciainfra.com\/blog\/wp-json\/wp\/v2\/posts"}],"about":[{"href":"https:\/\/agenciainfra.com\/blog\/wp-json\/wp\/v2\/types\/post"}],"author":[{"embeddable":true,"href":"https:\/\/agenciainfra.com\/blog\/wp-json\/wp\/v2\/users\/9"}],"replies":[{"embeddable":true,"href":"https:\/\/agenciainfra.com\/blog\/wp-json\/wp\/v2\/comments?post=4822"}],"version-history":[{"count":0,"href":"https:\/\/agenciainfra.com\/blog\/wp-json\/wp\/v2\/posts\/4822\/revisions"}],"wp:featuredmedia":[{"embeddable":true,"href":"https:\/\/agenciainfra.com\/blog\/wp-json\/wp\/v2\/media\/4824"}],"wp:attachment":[{"href":"https:\/\/agenciainfra.com\/blog\/wp-json\/wp\/v2\/media?parent=4822"}],"wp:term":[{"taxonomy":"category","embeddable":true,"href":"https:\/\/agenciainfra.com\/blog\/wp-json\/wp\/v2\/categories?post=4822"},{"taxonomy":"post_tag","embeddable":true,"href":"https:\/\/agenciainfra.com\/blog\/wp-json\/wp\/v2\/tags?post=4822"}],"curies":[{"name":"wp","href":"https:\/\/api.w.org\/{rel}","templated":true}]}}