{"id":4854,"date":"2020-05-13T08:00:27","date_gmt":"2020-05-13T11:00:27","guid":{"rendered":"http:\/\/www.agenciainfra.com\/blog\/?p=4854"},"modified":"2020-05-11T18:48:17","modified_gmt":"2020-05-11T21:48:17","slug":"regulacao-inadequada-impede-concorrencia-nas-ferrovias-do-brasil-diz-estudo-do-banco-mundial","status":"publish","type":"post","link":"https:\/\/agenciainfra.com\/blog\/regulacao-inadequada-impede-concorrencia-nas-ferrovias-do-brasil-diz-estudo-do-banco-mundial\/","title":{"rendered":"Regula\u00e7\u00e3o inadequada impede concorr\u00eancia nas ferrovias do Brasil, diz estudo do Banco Mundial"},"content":{"rendered":"<div>\n<h5 style=\"text-align: right;\"><strong>Dimmi Amora, da\u00a0Ag\u00eancia iNFRA<\/strong><\/h5>\n<p dir=\"ltr\">Desenho inadequado da regula\u00e7\u00e3o, aplica\u00e7\u00e3o insuficiente de regras existentes e v\u00e1cuo regulat\u00f3rio em mat\u00e9rias importantes levaram \u00e0 falta de concorr\u00eancia dentro do sistema ferrovi\u00e1rio do pa\u00eds. \u00c9 o que aponta um relat\u00f3rio rec\u00e9m-conclu\u00eddo do Banco Mundial sobre as ferrovias nacionais. Uma vers\u00e3o do trabalho obtida pela\u00a0<strong>Ag\u00eancia iNFRA<\/strong>\u00a0est\u00e1\u00a0<a href=\"https:\/\/agenciainfra.us14.list-manage.com\/track\/click?u=d460dd1bcf9ba0ae040e1fc0f&amp;id=2340aa6a7c&amp;e=c099169394\" target=\"_blank\" rel=\"noopener noreferrer\" data-saferedirecturl=\"https:\/\/www.google.com\/url?q=https:\/\/agenciainfra.us14.list-manage.com\/track\/click?u%3Dd460dd1bcf9ba0ae040e1fc0f%26id%3D2340aa6a7c%26e%3Dc099169394&amp;source=gmail&amp;ust=1589316104802000&amp;usg=AFQjCNH0FHD_Gyodnx9Pcw6zCrphBG9Kzw\">neste link<\/a>.<\/p>\n<p>A nota foi preparada pela equipe de Mercados e Concorr\u00eancia, da Pr\u00e1tica Global de Finan\u00e7as, Competitividade e Inova\u00e7\u00e3o do Grupo Banco Mundial, num projeto de assessoria t\u00e9cnica \u00e0 Secretaria de Advocacia da Concorr\u00eancia e Competitividade, Minist\u00e9rio da Economia.<\/p>\n<p>Segundo os autores, os economistas Mariana Iootty e Guilherme de Aguiar Falco, o\u00a0objetivo \u00e9 identificar pol\u00edticas e regula\u00e7\u00f5es que estejam de alguma maneira dificultando din\u00e2micas de mercado e concorr\u00eancia na economia. Os autores concederam entrevista \u00e0\u00a0<strong>Ag\u00eancia iNFRA<\/strong>\u00a0por e-mail, dispon\u00edvel\u00a0<a href=\"http:\/\/www.agenciainfra.com\/blog\/autores-de-estudo-do-banco-mundial-defendem-mais-concorrencia-para-ferrovias-no-brasil\/\" target=\"_blank\" rel=\"noopener noreferrer\" data-saferedirecturl=\"https:\/\/www.google.com\/url?q=https:\/\/agenciainfra.us14.list-manage.com\/track\/click?u%3Dd460dd1bcf9ba0ae040e1fc0f%26id%3D86635187a9%26e%3Dc099169394&amp;source=gmail&amp;ust=1589316104802000&amp;usg=AFQjCNHiIeY86LfR-mxogUQD6VmkezEcCQ\">neste link<\/a>.<\/p>\n<p>No diagn\u00f3stico, os autores apontam que &#8220;grande parte dos concession\u00e1rios n\u00e3o foi capaz de cumprir as metas de investimento contratadas com o governo&#8221; e &#8220;quase um ter\u00e7o da malha concedida n\u00e3o foi explorada&#8221;.<\/p>\n<p>Mostram ainda que houve &#8220;consolida\u00e7\u00e3o ainda maior do min\u00e9rio de ferro como principal volume transportado, chegando a 77% em 2018 contra apenas 13% de produtos agr\u00edcolas&#8221; e que &#8220;as velocidades m\u00e9dias comerciais e de percurso, historicamente baixas, recuaram respectivamente 19% e 24% na \u00faltima d\u00e9cada&#8221;.<\/p>\n<p><strong>Problemas atuais<\/strong><br \/>\nPara os autores, os problemas de concorr\u00eancia ocorrem por praticamente n\u00e3o haver regras de compartilhamento de ativos. Segundo ele, h\u00e1 &#8220;relevantes v\u00e1cuos regulat\u00f3rios, em especial aqueles relacionados \u00e0 falta de mecanismos capazes de controlar potencial abuso de poder de mercado na defini\u00e7\u00e3o de pre\u00e7os de servi\u00e7os acess\u00f3rios&#8221;.<\/p>\n<p>Segundo eles, o elemento que poderia criar concorr\u00eancia intramodal nas ferrovias, o OFI (Operador Ferrovi\u00e1rio Independente), \u00e9 tratado como elemento suplementar no sistema.<\/p>\n<p>&#8220;Em um contexto em que as concession\u00e1rias s\u00e3o verticalizadas \u2013 o que implicaria concorr\u00eancia com os OFIs por clientes finais ao longo da sua malha, n\u00e3o h\u00e1 incentivo para a oferta de capacidade a terceiros em regi\u00f5es com potencial econ\u00f4mico&#8221;, afirma o texto, reconhecendo a baixa ociosidade nas malhas principais. &#8220;A inefic\u00e1cia das regras de compartilhamento de ativos mina a possibilidade de promover no Brasil a concorr\u00eancia intramodal experimentada por outros pa\u00edses.&#8221;<\/p>\n<p><strong>Problemas com o PLS 261<\/strong><br \/>\nSegundo o trabalho, o regime de concess\u00e3o &#8220;tem sido incapaz de levar a mais concorr\u00eancia&#8221;, mas os autores n\u00e3o veem no atual PLS 261, em tramita\u00e7\u00e3o no Senado, a alternativa adequada para se alcan\u00e7ar esse fim. De acordo com eles, o regime privado poderia criar discrimina\u00e7\u00e3o regulat\u00f3ria, e a possibilidade de migra\u00e7\u00e3o dos atuais concession\u00e1rios para autorizat\u00e1rios criaria ainda mais distor\u00e7\u00f5es concorrenciais.<\/p>\n<p>&#8220;O PL n\u00e3o se dedica a promover concorr\u00eancia intramodal&#8221;, afirma o trabalho. &#8220;Sem concorr\u00eancia intermodal, e sem regula\u00e7\u00f5es efetivas para promo\u00e7\u00e3o de concorr\u00eancia intramodal, a desregulamenta\u00e7\u00e3o econ\u00f4mica prevista pelo PL pode gerar monop\u00f3lios privados n\u00e3o regulados.&#8221;<\/p>\n<p>Em recente debate na Casa Infra, o ex-diretor-geral da ANTT (Ag\u00eancia Nacional de Transportes Terrestres), Bernardo Figueiredo, e o atual diretor da ag\u00eancia, Davi Barreto, convergiram no sentido de que o projeto em seu atual formato precisa de ajustes.<\/p>\n<p>Na mesma linha do estudo, Figueiredo diz que a proposta atual limita o acesso a terceiros, beneficiando ainda mais os gestores da infraestrutura, o que manter\u00e1 as atuais distor\u00e7\u00f5es de pre\u00e7os observadas no mercado.<\/p>\n<p>Barreto lembrou que o incentivo \u00e0 cria\u00e7\u00e3o de ferrovias privadas \u00e9 ben\u00e9fico no projeto para dar um choque de oferta na ferrovia, mas acredita que a proposta, se aprovada, n\u00e3o ser\u00e1 panaceia para solucionar os problemas ferrovi\u00e1rios do pa\u00eds. Segundo ele, mesmo num regime privado, ser\u00e3o necess\u00e1rias regras de acesso para que se tenha concorr\u00eancia.<\/p>\n<p><strong>Posi\u00e7\u00e3o do minist\u00e9rio<\/strong><br \/>\nEm nota a pedido da\u00a0<strong>Ag\u00eancia iNFRA<\/strong>, o Minist\u00e9rio da Infraestrutura informou que est\u00e1 aberto ao di\u00e1logo sobre a formula\u00e7\u00e3o da pol\u00edtica p\u00fablica no setor ferrovi\u00e1rio e entende a import\u00e2ncia de contribui\u00e7\u00f5es de institui\u00e7\u00f5es e \u00f3rg\u00e3os de governo com vis\u00f5es diversas como parte relevante desse processo.<\/p>\n<p>&#8220;Os processos de prorroga\u00e7\u00e3o antecipada e de novas concess\u00f5es ferrovi\u00e1rias passam por extenso e profundo processo de participa\u00e7\u00e3o social durante o qual s\u00e3o ouvidos todos os interessados, desde \u00f3rg\u00e3os p\u00fablicos ao setor privado. As contribui\u00e7\u00f5es s\u00e3o avaliadas e incorporadas em aten\u00e7\u00e3o ao interesse p\u00fablico objetivado&#8221;, diz o texto.<\/p>\n<p>Ainda de acordo com o minist\u00e9rio, o estudo apresentado procura conceituar alguns &#8220;questionamentos de amplo conhecimento do setor, como a busca pela efici\u00eancia na regula\u00e7\u00e3o e o desafio de incrementar a competitividade&#8221;.<\/p>\n<p>&#8220;O Minist\u00e9rio da Infraestrutura compreende que parte das preocupa\u00e7\u00f5es regulat\u00f3rias apontadas no estudo est\u00e3o sendo tratadas no \u00e2mbito da moderniza\u00e7\u00e3o dos contratos de concess\u00e3o, por meio de aditivos de renova\u00e7\u00e3o antecipada, que cont\u00eam mecanismos adequados de provis\u00e3o e compartilhamento de infraestruturas, que t\u00eam passado por tempestivo acompanhamento dos \u00f3rg\u00e3os externos de controle. Contudo, enaltecendo a import\u00e2ncia do estudo, indicamos a continuidade da pol\u00edtica atual, em raz\u00e3o dos benef\u00edcios de desenvolvimento econ\u00f4mico, gera\u00e7\u00e3o de emprego e renda.&#8221;<\/p>\n<\/div>\n","protected":false},"excerpt":{"rendered":"<p>Dimmi Amora, da\u00a0Ag\u00eancia iNFRA Desenho inadequado da regula\u00e7\u00e3o, aplica\u00e7\u00e3o insuficiente de regras existentes e v\u00e1cuo regulat\u00f3rio em mat\u00e9rias importantes levaram \u00e0 falta de concorr\u00eancia dentro do sistema ferrovi\u00e1rio do pa\u00eds. \u00c9 o que aponta um relat\u00f3rio rec\u00e9m-conclu\u00eddo do Banco Mundial sobre as ferrovias nacionais. Uma vers\u00e3o do trabalho obtida pela\u00a0Ag\u00eancia iNFRA\u00a0est\u00e1\u00a0neste link. A nota foi [&hellip;]<\/p>\n","protected":false},"author":9,"featured_media":4855,"comment_status":"closed","ping_status":"closed","sticky":false,"template":"","format":"standard","meta":{"_monsterinsights_skip_tracking":false,"_monsterinsights_sitenote_active":false,"_monsterinsights_sitenote_note":"","_monsterinsights_sitenote_category":0,"footnotes":""},"categories":[7],"tags":[19,522,538,1050,120,1981,1980,775,1982],"class_list":["post-4854","post","type-post","status-publish","format-standard","has-post-thumbnail","hentry","category-infratransporte","tag-antt","tag-banco-mundial","tag-bernardo-figueiredo","tag-davi-barreto","tag-ferrovias","tag-guilherme-de-aguiar-falco","tag-mariana-iootty","tag-ministerio-da-infraestrutura","tag-pls-261"],"yoast_head":"<!-- This site is optimized with the Yoast SEO Premium plugin v25.4 (Yoast SEO v26.0) - https:\/\/yoast.com\/wordpress\/plugins\/seo\/ -->\n<title>Regula\u00e7\u00e3o inadequada impede concorr\u00eancia nas ferrovias do Brasil, diz estudo do Banco Mundial - Ag\u00eancia iNFRA<\/title>\n<meta name=\"robots\" content=\"index, follow, max-snippet:-1, max-image-preview:large, max-video-preview:-1\" \/>\n<link rel=\"canonical\" href=\"https:\/\/agenciainfra.com\/blog\/regulacao-inadequada-impede-concorrencia-nas-ferrovias-do-brasil-diz-estudo-do-banco-mundial\/\" \/>\n<meta property=\"og:locale\" content=\"pt_BR\" \/>\n<meta property=\"og:type\" content=\"article\" \/>\n<meta property=\"og:title\" content=\"Regula\u00e7\u00e3o inadequada impede concorr\u00eancia nas ferrovias do Brasil, diz estudo do Banco Mundial\" \/>\n<meta property=\"og:description\" content=\"Dimmi Amora, da\u00a0Ag\u00eancia iNFRA Desenho inadequado da regula\u00e7\u00e3o, aplica\u00e7\u00e3o insuficiente de regras existentes e v\u00e1cuo regulat\u00f3rio em mat\u00e9rias importantes levaram \u00e0 falta de concorr\u00eancia dentro do sistema ferrovi\u00e1rio do pa\u00eds. \u00c9 o que aponta um relat\u00f3rio rec\u00e9m-conclu\u00eddo do Banco Mundial sobre as ferrovias nacionais. Uma vers\u00e3o do trabalho obtida pela\u00a0Ag\u00eancia iNFRA\u00a0est\u00e1\u00a0neste link. A nota foi [&hellip;]\" \/>\n<meta property=\"og:url\" content=\"https:\/\/agenciainfra.com\/blog\/regulacao-inadequada-impede-concorrencia-nas-ferrovias-do-brasil-diz-estudo-do-banco-mundial\/\" \/>\n<meta property=\"og:site_name\" content=\"Ag\u00eancia iNFRA\" \/>\n<meta property=\"article:publisher\" content=\"https:\/\/www.facebook.com\/ageninfra\" \/>\n<meta property=\"article:published_time\" content=\"2020-05-13T11:00:27+00:00\" \/>\n<meta property=\"og:image\" content=\"https:\/\/agenciainfra.com\/blog\/wp-content\/uploads\/2020\/05\/linha-ferrea-foto-dominio-publico.jpg\" \/>\n\t<meta property=\"og:image:width\" content=\"808\" \/>\n\t<meta property=\"og:image:height\" content=\"480\" \/>\n\t<meta property=\"og:image:type\" content=\"image\/jpeg\" \/>\n<meta name=\"author\" content=\"Rodrigo Zuquim\" \/>\n<meta name=\"twitter:card\" content=\"summary_large_image\" \/>\n<meta name=\"twitter:creator\" content=\"@agencia_infra\" \/>\n<meta name=\"twitter:site\" content=\"@agencia_infra\" \/>\n<meta name=\"twitter:label1\" content=\"Escrito por\" \/>\n\t<meta name=\"twitter:data1\" content=\"Rodrigo Zuquim\" \/>\n\t<meta name=\"twitter:label2\" content=\"Est. tempo de leitura\" \/>\n\t<meta name=\"twitter:data2\" content=\"5 minutos\" \/>\n<script type=\"application\/ld+json\" class=\"yoast-schema-graph\">{\"@context\":\"https:\/\/schema.org\",\"@graph\":[{\"@type\":\"Article\",\"@id\":\"https:\/\/agenciainfra.com\/blog\/regulacao-inadequada-impede-concorrencia-nas-ferrovias-do-brasil-diz-estudo-do-banco-mundial\/#article\",\"isPartOf\":{\"@id\":\"https:\/\/agenciainfra.com\/blog\/regulacao-inadequada-impede-concorrencia-nas-ferrovias-do-brasil-diz-estudo-do-banco-mundial\/\"},\"author\":{\"name\":\"Rodrigo Zuquim\",\"@id\":\"https:\/\/agenciainfra.com\/blog\/#\/schema\/person\/04dbb79bd6d8951f063da71f3e4c1eb1\"},\"headline\":\"Regula\u00e7\u00e3o inadequada impede concorr\u00eancia nas ferrovias do Brasil, diz estudo do Banco Mundial\",\"datePublished\":\"2020-05-13T11:00:27+00:00\",\"mainEntityOfPage\":{\"@id\":\"https:\/\/agenciainfra.com\/blog\/regulacao-inadequada-impede-concorrencia-nas-ferrovias-do-brasil-diz-estudo-do-banco-mundial\/\"},\"wordCount\":928,\"publisher\":{\"@id\":\"https:\/\/agenciainfra.com\/blog\/#organization\"},\"image\":{\"@id\":\"https:\/\/agenciainfra.com\/blog\/regulacao-inadequada-impede-concorrencia-nas-ferrovias-do-brasil-diz-estudo-do-banco-mundial\/#primaryimage\"},\"thumbnailUrl\":\"https:\/\/agenciainfra.com\/blog\/wp-content\/uploads\/2020\/05\/linha-ferrea-foto-dominio-publico.jpg\",\"keywords\":[\"ANTT\",\"Banco Mundial\",\"Bernardo Figueiredo\",\"Davi Barreto\",\"Ferrovias\",\"Guilherme de Aguiar Falco\",\"Mariana Iootty\",\"Minist\u00e9rio da Infraestrutura\",\"PLS 261\"],\"articleSection\":[\"iNFRATransporte\"],\"inLanguage\":\"pt-BR\",\"copyrightYear\":\"2020\",\"copyrightHolder\":{\"@id\":\"https:\/\/agenciainfra.com\/blog\/#organization\"}},{\"@type\":\"WebPage\",\"@id\":\"https:\/\/agenciainfra.com\/blog\/regulacao-inadequada-impede-concorrencia-nas-ferrovias-do-brasil-diz-estudo-do-banco-mundial\/\",\"url\":\"https:\/\/agenciainfra.com\/blog\/regulacao-inadequada-impede-concorrencia-nas-ferrovias-do-brasil-diz-estudo-do-banco-mundial\/\",\"name\":\"Regula\u00e7\u00e3o inadequada impede concorr\u00eancia nas ferrovias do Brasil, diz estudo do Banco Mundial - Ag\u00eancia iNFRA\",\"isPartOf\":{\"@id\":\"https:\/\/agenciainfra.com\/blog\/#website\"},\"primaryImageOfPage\":{\"@id\":\"https:\/\/agenciainfra.com\/blog\/regulacao-inadequada-impede-concorrencia-nas-ferrovias-do-brasil-diz-estudo-do-banco-mundial\/#primaryimage\"},\"image\":{\"@id\":\"https:\/\/agenciainfra.com\/blog\/regulacao-inadequada-impede-concorrencia-nas-ferrovias-do-brasil-diz-estudo-do-banco-mundial\/#primaryimage\"},\"thumbnailUrl\":\"https:\/\/agenciainfra.com\/blog\/wp-content\/uploads\/2020\/05\/linha-ferrea-foto-dominio-publico.jpg\",\"datePublished\":\"2020-05-13T11:00:27+00:00\",\"breadcrumb\":{\"@id\":\"https:\/\/agenciainfra.com\/blog\/regulacao-inadequada-impede-concorrencia-nas-ferrovias-do-brasil-diz-estudo-do-banco-mundial\/#breadcrumb\"},\"inLanguage\":\"pt-BR\",\"potentialAction\":[{\"@type\":\"ReadAction\",\"target\":[\"https:\/\/agenciainfra.com\/blog\/regulacao-inadequada-impede-concorrencia-nas-ferrovias-do-brasil-diz-estudo-do-banco-mundial\/\"]}]},{\"@type\":\"ImageObject\",\"inLanguage\":\"pt-BR\",\"@id\":\"https:\/\/agenciainfra.com\/blog\/regulacao-inadequada-impede-concorrencia-nas-ferrovias-do-brasil-diz-estudo-do-banco-mundial\/#primaryimage\",\"url\":\"https:\/\/agenciainfra.com\/blog\/wp-content\/uploads\/2020\/05\/linha-ferrea-foto-dominio-publico.jpg\",\"contentUrl\":\"https:\/\/agenciainfra.com\/blog\/wp-content\/uploads\/2020\/05\/linha-ferrea-foto-dominio-publico.jpg\",\"width\":808,\"height\":480},{\"@type\":\"BreadcrumbList\",\"@id\":\"https:\/\/agenciainfra.com\/blog\/regulacao-inadequada-impede-concorrencia-nas-ferrovias-do-brasil-diz-estudo-do-banco-mundial\/#breadcrumb\",\"itemListElement\":[{\"@type\":\"ListItem\",\"position\":1,\"name\":\"In\u00edcio\",\"item\":\"https:\/\/agenciainfra.com\/blog\/\"},{\"@type\":\"ListItem\",\"position\":2,\"name\":\"Regula\u00e7\u00e3o inadequada impede concorr\u00eancia nas ferrovias do Brasil, diz estudo do Banco Mundial\"}]},{\"@type\":\"WebSite\",\"@id\":\"https:\/\/agenciainfra.com\/blog\/#website\",\"url\":\"https:\/\/agenciainfra.com\/blog\/\",\"name\":\"Ag\u00eancia iNFRA\",\"description\":\"Multiplataforma de informa\u00e7\u00e3o jornal\u00edstica refer\u00eancia na \u00e1rea de infraestrutura no Brasil!\",\"publisher\":{\"@id\":\"https:\/\/agenciainfra.com\/blog\/#organization\"},\"potentialAction\":[{\"@type\":\"SearchAction\",\"target\":{\"@type\":\"EntryPoint\",\"urlTemplate\":\"https:\/\/agenciainfra.com\/blog\/?s={search_term_string}\"},\"query-input\":{\"@type\":\"PropertyValueSpecification\",\"valueRequired\":true,\"valueName\":\"search_term_string\"}}],\"inLanguage\":\"pt-BR\"},{\"@type\":\"Organization\",\"@id\":\"https:\/\/agenciainfra.com\/blog\/#organization\",\"name\":\"Ag\u00eancia iNFRA\",\"url\":\"https:\/\/agenciainfra.com\/blog\/\",\"logo\":{\"@type\":\"ImageObject\",\"inLanguage\":\"pt-BR\",\"@id\":\"https:\/\/agenciainfra.com\/blog\/#\/schema\/logo\/image\/\",\"url\":\"https:\/\/agenciainfra.com\/blog\/wp-content\/uploads\/2023\/09\/iNFRA_5-e1761735885940.png\",\"contentUrl\":\"https:\/\/agenciainfra.com\/blog\/wp-content\/uploads\/2023\/09\/iNFRA_5-e1761735885940.png\",\"width\":1672,\"height\":454,\"caption\":\"Ag\u00eancia iNFRA\"},\"image\":{\"@id\":\"https:\/\/agenciainfra.com\/blog\/#\/schema\/logo\/image\/\"},\"sameAs\":[\"https:\/\/www.facebook.com\/ageninfra\",\"https:\/\/x.com\/agencia_infra\",\"https:\/\/www.linkedin.com\/company\/ag\u00eanciainfra\/\",\"https:\/\/www.instagram.com\/agenciainfra\/\"]},{\"@type\":\"Person\",\"@id\":\"https:\/\/agenciainfra.com\/blog\/#\/schema\/person\/04dbb79bd6d8951f063da71f3e4c1eb1\",\"name\":\"Rodrigo Zuquim\",\"image\":{\"@type\":\"ImageObject\",\"inLanguage\":\"pt-BR\",\"@id\":\"https:\/\/agenciainfra.com\/blog\/#\/schema\/person\/image\/\",\"url\":\"https:\/\/secure.gravatar.com\/avatar\/594abfe82761d620726242ff34ca472a705a4b97f16c790053a6b4c4035274d0?s=96&d=mm&r=g\",\"contentUrl\":\"https:\/\/secure.gravatar.com\/avatar\/594abfe82761d620726242ff34ca472a705a4b97f16c790053a6b4c4035274d0?s=96&d=mm&r=g\",\"caption\":\"Rodrigo Zuquim\"},\"url\":\"https:\/\/agenciainfra.com\/blog\/author\/rodrigo-zuquim\/\"}]}<\/script>\n<!-- \/ Yoast SEO Premium plugin. -->","yoast_head_json":{"title":"Regula\u00e7\u00e3o inadequada impede concorr\u00eancia nas ferrovias do Brasil, diz estudo do Banco Mundial - Ag\u00eancia iNFRA","robots":{"index":"index","follow":"follow","max-snippet":"max-snippet:-1","max-image-preview":"max-image-preview:large","max-video-preview":"max-video-preview:-1"},"canonical":"https:\/\/agenciainfra.com\/blog\/regulacao-inadequada-impede-concorrencia-nas-ferrovias-do-brasil-diz-estudo-do-banco-mundial\/","og_locale":"pt_BR","og_type":"article","og_title":"Regula\u00e7\u00e3o inadequada impede concorr\u00eancia nas ferrovias do Brasil, diz estudo do Banco Mundial","og_description":"Dimmi Amora, da\u00a0Ag\u00eancia iNFRA Desenho inadequado da regula\u00e7\u00e3o, aplica\u00e7\u00e3o insuficiente de regras existentes e v\u00e1cuo regulat\u00f3rio em mat\u00e9rias importantes levaram \u00e0 falta de concorr\u00eancia dentro do sistema ferrovi\u00e1rio do pa\u00eds. \u00c9 o que aponta um relat\u00f3rio rec\u00e9m-conclu\u00eddo do Banco Mundial sobre as ferrovias nacionais. Uma vers\u00e3o do trabalho obtida pela\u00a0Ag\u00eancia iNFRA\u00a0est\u00e1\u00a0neste link. A nota foi [&hellip;]","og_url":"https:\/\/agenciainfra.com\/blog\/regulacao-inadequada-impede-concorrencia-nas-ferrovias-do-brasil-diz-estudo-do-banco-mundial\/","og_site_name":"Ag\u00eancia iNFRA","article_publisher":"https:\/\/www.facebook.com\/ageninfra","article_published_time":"2020-05-13T11:00:27+00:00","og_image":[{"width":808,"height":480,"url":"https:\/\/agenciainfra.com\/blog\/wp-content\/uploads\/2020\/05\/linha-ferrea-foto-dominio-publico.jpg","type":"image\/jpeg"}],"author":"Rodrigo Zuquim","twitter_card":"summary_large_image","twitter_creator":"@agencia_infra","twitter_site":"@agencia_infra","twitter_misc":{"Escrito por":"Rodrigo Zuquim","Est. tempo de leitura":"5 minutos"},"schema":{"@context":"https:\/\/schema.org","@graph":[{"@type":"Article","@id":"https:\/\/agenciainfra.com\/blog\/regulacao-inadequada-impede-concorrencia-nas-ferrovias-do-brasil-diz-estudo-do-banco-mundial\/#article","isPartOf":{"@id":"https:\/\/agenciainfra.com\/blog\/regulacao-inadequada-impede-concorrencia-nas-ferrovias-do-brasil-diz-estudo-do-banco-mundial\/"},"author":{"name":"Rodrigo Zuquim","@id":"https:\/\/agenciainfra.com\/blog\/#\/schema\/person\/04dbb79bd6d8951f063da71f3e4c1eb1"},"headline":"Regula\u00e7\u00e3o inadequada impede concorr\u00eancia nas ferrovias do Brasil, diz estudo do Banco Mundial","datePublished":"2020-05-13T11:00:27+00:00","mainEntityOfPage":{"@id":"https:\/\/agenciainfra.com\/blog\/regulacao-inadequada-impede-concorrencia-nas-ferrovias-do-brasil-diz-estudo-do-banco-mundial\/"},"wordCount":928,"publisher":{"@id":"https:\/\/agenciainfra.com\/blog\/#organization"},"image":{"@id":"https:\/\/agenciainfra.com\/blog\/regulacao-inadequada-impede-concorrencia-nas-ferrovias-do-brasil-diz-estudo-do-banco-mundial\/#primaryimage"},"thumbnailUrl":"https:\/\/agenciainfra.com\/blog\/wp-content\/uploads\/2020\/05\/linha-ferrea-foto-dominio-publico.jpg","keywords":["ANTT","Banco Mundial","Bernardo Figueiredo","Davi Barreto","Ferrovias","Guilherme de Aguiar Falco","Mariana Iootty","Minist\u00e9rio da Infraestrutura","PLS 261"],"articleSection":["iNFRATransporte"],"inLanguage":"pt-BR","copyrightYear":"2020","copyrightHolder":{"@id":"https:\/\/agenciainfra.com\/blog\/#organization"}},{"@type":"WebPage","@id":"https:\/\/agenciainfra.com\/blog\/regulacao-inadequada-impede-concorrencia-nas-ferrovias-do-brasil-diz-estudo-do-banco-mundial\/","url":"https:\/\/agenciainfra.com\/blog\/regulacao-inadequada-impede-concorrencia-nas-ferrovias-do-brasil-diz-estudo-do-banco-mundial\/","name":"Regula\u00e7\u00e3o inadequada impede concorr\u00eancia nas ferrovias do Brasil, diz estudo do Banco Mundial - Ag\u00eancia iNFRA","isPartOf":{"@id":"https:\/\/agenciainfra.com\/blog\/#website"},"primaryImageOfPage":{"@id":"https:\/\/agenciainfra.com\/blog\/regulacao-inadequada-impede-concorrencia-nas-ferrovias-do-brasil-diz-estudo-do-banco-mundial\/#primaryimage"},"image":{"@id":"https:\/\/agenciainfra.com\/blog\/regulacao-inadequada-impede-concorrencia-nas-ferrovias-do-brasil-diz-estudo-do-banco-mundial\/#primaryimage"},"thumbnailUrl":"https:\/\/agenciainfra.com\/blog\/wp-content\/uploads\/2020\/05\/linha-ferrea-foto-dominio-publico.jpg","datePublished":"2020-05-13T11:00:27+00:00","breadcrumb":{"@id":"https:\/\/agenciainfra.com\/blog\/regulacao-inadequada-impede-concorrencia-nas-ferrovias-do-brasil-diz-estudo-do-banco-mundial\/#breadcrumb"},"inLanguage":"pt-BR","potentialAction":[{"@type":"ReadAction","target":["https:\/\/agenciainfra.com\/blog\/regulacao-inadequada-impede-concorrencia-nas-ferrovias-do-brasil-diz-estudo-do-banco-mundial\/"]}]},{"@type":"ImageObject","inLanguage":"pt-BR","@id":"https:\/\/agenciainfra.com\/blog\/regulacao-inadequada-impede-concorrencia-nas-ferrovias-do-brasil-diz-estudo-do-banco-mundial\/#primaryimage","url":"https:\/\/agenciainfra.com\/blog\/wp-content\/uploads\/2020\/05\/linha-ferrea-foto-dominio-publico.jpg","contentUrl":"https:\/\/agenciainfra.com\/blog\/wp-content\/uploads\/2020\/05\/linha-ferrea-foto-dominio-publico.jpg","width":808,"height":480},{"@type":"BreadcrumbList","@id":"https:\/\/agenciainfra.com\/blog\/regulacao-inadequada-impede-concorrencia-nas-ferrovias-do-brasil-diz-estudo-do-banco-mundial\/#breadcrumb","itemListElement":[{"@type":"ListItem","position":1,"name":"In\u00edcio","item":"https:\/\/agenciainfra.com\/blog\/"},{"@type":"ListItem","position":2,"name":"Regula\u00e7\u00e3o inadequada impede concorr\u00eancia nas ferrovias do Brasil, diz estudo do Banco Mundial"}]},{"@type":"WebSite","@id":"https:\/\/agenciainfra.com\/blog\/#website","url":"https:\/\/agenciainfra.com\/blog\/","name":"Ag\u00eancia iNFRA","description":"Multiplataforma de informa\u00e7\u00e3o jornal\u00edstica refer\u00eancia na \u00e1rea de infraestrutura no Brasil!","publisher":{"@id":"https:\/\/agenciainfra.com\/blog\/#organization"},"potentialAction":[{"@type":"SearchAction","target":{"@type":"EntryPoint","urlTemplate":"https:\/\/agenciainfra.com\/blog\/?s={search_term_string}"},"query-input":{"@type":"PropertyValueSpecification","valueRequired":true,"valueName":"search_term_string"}}],"inLanguage":"pt-BR"},{"@type":"Organization","@id":"https:\/\/agenciainfra.com\/blog\/#organization","name":"Ag\u00eancia iNFRA","url":"https:\/\/agenciainfra.com\/blog\/","logo":{"@type":"ImageObject","inLanguage":"pt-BR","@id":"https:\/\/agenciainfra.com\/blog\/#\/schema\/logo\/image\/","url":"https:\/\/agenciainfra.com\/blog\/wp-content\/uploads\/2023\/09\/iNFRA_5-e1761735885940.png","contentUrl":"https:\/\/agenciainfra.com\/blog\/wp-content\/uploads\/2023\/09\/iNFRA_5-e1761735885940.png","width":1672,"height":454,"caption":"Ag\u00eancia iNFRA"},"image":{"@id":"https:\/\/agenciainfra.com\/blog\/#\/schema\/logo\/image\/"},"sameAs":["https:\/\/www.facebook.com\/ageninfra","https:\/\/x.com\/agencia_infra","https:\/\/www.linkedin.com\/company\/ag\u00eanciainfra\/","https:\/\/www.instagram.com\/agenciainfra\/"]},{"@type":"Person","@id":"https:\/\/agenciainfra.com\/blog\/#\/schema\/person\/04dbb79bd6d8951f063da71f3e4c1eb1","name":"Rodrigo Zuquim","image":{"@type":"ImageObject","inLanguage":"pt-BR","@id":"https:\/\/agenciainfra.com\/blog\/#\/schema\/person\/image\/","url":"https:\/\/secure.gravatar.com\/avatar\/594abfe82761d620726242ff34ca472a705a4b97f16c790053a6b4c4035274d0?s=96&d=mm&r=g","contentUrl":"https:\/\/secure.gravatar.com\/avatar\/594abfe82761d620726242ff34ca472a705a4b97f16c790053a6b4c4035274d0?s=96&d=mm&r=g","caption":"Rodrigo Zuquim"},"url":"https:\/\/agenciainfra.com\/blog\/author\/rodrigo-zuquim\/"}]}},"_links":{"self":[{"href":"https:\/\/agenciainfra.com\/blog\/wp-json\/wp\/v2\/posts\/4854","targetHints":{"allow":["GET"]}}],"collection":[{"href":"https:\/\/agenciainfra.com\/blog\/wp-json\/wp\/v2\/posts"}],"about":[{"href":"https:\/\/agenciainfra.com\/blog\/wp-json\/wp\/v2\/types\/post"}],"author":[{"embeddable":true,"href":"https:\/\/agenciainfra.com\/blog\/wp-json\/wp\/v2\/users\/9"}],"replies":[{"embeddable":true,"href":"https:\/\/agenciainfra.com\/blog\/wp-json\/wp\/v2\/comments?post=4854"}],"version-history":[{"count":0,"href":"https:\/\/agenciainfra.com\/blog\/wp-json\/wp\/v2\/posts\/4854\/revisions"}],"wp:featuredmedia":[{"embeddable":true,"href":"https:\/\/agenciainfra.com\/blog\/wp-json\/wp\/v2\/media\/4855"}],"wp:attachment":[{"href":"https:\/\/agenciainfra.com\/blog\/wp-json\/wp\/v2\/media?parent=4854"}],"wp:term":[{"taxonomy":"category","embeddable":true,"href":"https:\/\/agenciainfra.com\/blog\/wp-json\/wp\/v2\/categories?post=4854"},{"taxonomy":"post_tag","embeddable":true,"href":"https:\/\/agenciainfra.com\/blog\/wp-json\/wp\/v2\/tags?post=4854"}],"curies":[{"name":"wp","href":"https:\/\/api.w.org\/{rel}","templated":true}]}}