{"id":4885,"date":"2020-05-16T08:00:39","date_gmt":"2020-05-16T11:00:39","guid":{"rendered":"http:\/\/www.agenciainfra.com\/blog\/?p=4885"},"modified":"2020-05-15T19:29:24","modified_gmt":"2020-05-15T22:29:24","slug":"recuperacao-da-carga-deve-ocorrer-ate-2022-antes-do-que-preve-ons-avalia-ceo-da-thymos","status":"publish","type":"post","link":"https:\/\/agenciainfra.com\/blog\/recuperacao-da-carga-deve-ocorrer-ate-2022-antes-do-que-preve-ons-avalia-ceo-da-thymos\/","title":{"rendered":"Recupera\u00e7\u00e3o da carga deve ocorrer at\u00e9 2022, antes do que prev\u00ea ONS, avalia CEO da Thymos"},"content":{"rendered":"<h5 style=\"text-align: right;\"><strong>Guilherme Mendes, da Ag\u00eancia iNFRA<\/strong><\/h5>\n<div>\n<p>Na semana passada, o ONS (Operador Nacional do Sistema El\u00e9trico), a EPE (Empresa de Pesquisa Energ\u00e9tica) e a CCEE (C\u00e2mara de Comercializa\u00e7\u00e3o de Energia El\u00e9trica) pediram revis\u00e3o para a carga de energia do SIN (Sistema Interligado Nacional). Em documento enviado \u00e0 ANEEL (Ag\u00eancia Nacional de Energia El\u00e9trica), os agentes apontaram que o Brasil pode ter uma queda na carga de at\u00e9 5 GW m\u00e9dios pelos pr\u00f3ximos cinco anos, o que traria impactos diretos nos leil\u00f5es de energia, planejados pelo Executivo e esperados por investidores.<\/p>\n<p>O presidente da Thymos Energia, Jo\u00e3o Carlos Mello, entende que a recupera\u00e7\u00e3o pode ser\u00a0mais r\u00e1pida. Em entrevista, ele concorda com a an\u00e1lise dos \u00f3rg\u00e3os p\u00fablicos de que o ano de 2020 ser\u00e1 de busca por uma recupera\u00e7\u00e3o da carga energ\u00e9tica do pa\u00eds, mas que o horizonte pode ser de expans\u00e3o, caso previs\u00f5es de crescimento do PIB mais &#8220;ousadas&#8221; na casa de 4%, se concretizem \u2013 o operador apresentou \u00e0 ANEEL previs\u00f5es de crescimento de at\u00e9 2,9%, em 2024.<\/p>\n<p>Em entrevista \u00e0\u00a0<strong>Ag\u00eancia iNFRA<\/strong>, Mello tamb\u00e9m apontou que a recupera\u00e7\u00e3o do consumo ainda em 2020 parte de um cen\u00e1rio moderado, no qual a fase mais aguda da pandemia dure mais 45 dias. Tal retomada, por\u00e9m, n\u00e3o seria suficiente para tornar o consumo deste ano maior que o do ano passado. Abaixo, trechos da entrevista:<\/p>\n<p><strong>Por que o senhor avalia as previs\u00f5es do ONS como pessimistas?\u00a0<\/strong><br \/>\nO ONS, a EPE e a CCEE usam um cen\u00e1rio em que temos esta falta de crescimento em 2020 por causa da Covid-19, e a revis\u00e3o anterior apresentava um empate, a carga de 2020 empatando com a carga de 2019. Nesta [nova revis\u00e3o], mais baixo que 2019, chegando no final do ano com uma carga menor do que aquela do ano passado. \u00c9 um ano realmente perdido.<\/p>\n<p>E 2020 estamos juntos nesta perspectiva. S\u00f3 que, na sequ\u00eancia, h\u00e1 uma revers\u00e3o sobre como seria o PIB de 2021, 22, 23 e da\u00ed para frente. E essa perda em 2020 fica registrada, na previs\u00e3o do ONS\/CCEE\/EPE, de maneira perene at\u00e9 2024. Com isso, deixaria de se crescer 5 GW m\u00e9dios, como previsto, ficando-se assim at\u00e9 o final do per\u00edodo, em 2024. A hip\u00f3tese deles \u00e9 que n\u00e3o haver\u00e1 PIBs extraordin\u00e1rios em 2022 e 2023, uma recupera\u00e7\u00e3o mais forte.<\/p>\n<p><strong>A expectativa \u00e9 de um PIB mais forte, ent\u00e3o?<\/strong><br \/>\nMeu ponto de vista, do Wilson [Ferreira Jr., da Eletrobras, presente com ele a uma live na quarta-feira, 13, em que o tema foi debatido] e de outros \u00e9 que talvez haja uma recupera\u00e7\u00e3o mais forte do PIB, muito baseada em investimentos de infraestrutura e similares, mobilizando mais a economia.<\/p>\n<p>A gente entendeu que talvez haja um cen\u00e1rio melhor que o previsto pelo ONS, porque seria um cen\u00e1rio de recupera\u00e7\u00e3o com PIBs mais ousados, vamos dizer assim, em 2021 e 2022. Passando esta crise, a an\u00e1lise do ONS \u00e9 de PIB na casa de 2%, e apostamos em PIBs mais fortes para o per\u00edodo.<\/p>\n<p><strong>E mais fortes quanto?<\/strong><br \/>\n4%.<\/p>\n<p><strong>A mesma expectativa de recupera\u00e7\u00e3o vale para o PLD e o pre\u00e7o de mercado?<\/strong><br \/>\nO PLD (Pre\u00e7o de Liquida\u00e7\u00e3o de Diferen\u00e7as) \u00e9 de uma influ\u00eancia de seis meses a um ano para a frente. Houve uma queda extraordin\u00e1ria, em rela\u00e7\u00e3o ao que prev\u00edamos em janeiro \u2013 e essa mesma cota\u00e7\u00e3o que fizemos em janeira e \u00e9 revista toda semana, despencou \u00e0 metade hoje. Por conta de uma hidrologia mais ou menos boa, perto da m\u00e9dia, e a quest\u00e3o do pr\u00f3prio mercado, o\u00a0PLD desabou, e os pre\u00e7os de mercado desabaram em 2020.<\/p>\n<p>Mas se percebe, ao se analisar uma cota\u00e7\u00e3o em janeiro e uma agora, uma queda brutal em 2020, uma queda menor em 2021, e em 2022 quase n\u00e3o h\u00e1 queda nenhuma. Em 2023 e 2024, quase igual. O mercado analisa que a quest\u00e3o dos pre\u00e7os vai se interromper, e esta diferen\u00e7a que est\u00e1 ocorrendo, de pre\u00e7os mais baixos por conta de falta de mercado, se encerra em 2022.<\/p>\n<p>Mercado digo aqui geradores, comercializadoras e afins. Quem oferta energia o faz em um mercado que n\u00e3o tem muita diferen\u00e7a de pre\u00e7os em 2022. S\u00e3o pre\u00e7os convidativos, muito bons, j\u00e1 que h\u00e1 uma redu\u00e7\u00e3o de pre\u00e7os l\u00e1 na frente. O mercado n\u00e3o est\u00e1 enxergando, al\u00e9m de 2022, uma diferen\u00e7a de pre\u00e7os muito grande.<\/p>\n<p><strong>H\u00e1 como prever quanto tempo o consumo leva para retomar seu n\u00edvel, ap\u00f3s uma reabertura gradual?<\/strong><br \/>\nIndo por um cen\u00e1rio moderado, a nossa perspectiva \u00e9 que a partir de agosto aconte\u00e7a uma recupera\u00e7\u00e3o, e que se chegue no final do ano a uma carga que seja igual a 2019. As ind\u00fastrias est\u00e3o basicamente paradas por n\u00e3o poderem trabalhar \u2013 ent\u00e3o, quando elas voltarem, \u00e9 s\u00f3 apertar um bot\u00e3o. E aquelas que trabalham com exporta\u00e7\u00e3o, ou que j\u00e1 tem um grande volume contratado e comprado, tem uma retomada mais rapidamente. E tamb\u00e9m o agroneg\u00f3cio, que n\u00e3o para.<\/p>\n<p>Temos uma vis\u00e3o de um segundo semestre de retomada, mas evidentemente eu n\u00e3o sou especialista em sa\u00fade, e estou considerando, neste cen\u00e1rio moderado, que este lockdown dure at\u00e9 o final de junho.<\/p>\n<\/div>\n","protected":false},"excerpt":{"rendered":"<p>Guilherme Mendes, da Ag\u00eancia iNFRA Na semana passada, o ONS (Operador Nacional do Sistema El\u00e9trico), a EPE (Empresa de Pesquisa Energ\u00e9tica) e a CCEE (C\u00e2mara de Comercializa\u00e7\u00e3o de Energia El\u00e9trica) pediram revis\u00e3o para a carga de energia do SIN (Sistema Interligado Nacional). Em documento enviado \u00e0 ANEEL (Ag\u00eancia Nacional de Energia El\u00e9trica), os agentes apontaram [&hellip;]<\/p>\n","protected":false},"author":9,"featured_media":4887,"comment_status":"closed","ping_status":"closed","sticky":false,"template":"","format":"standard","meta":{"_monsterinsights_skip_tracking":false,"_monsterinsights_sitenote_active":false,"_monsterinsights_sitenote_note":"","_monsterinsights_sitenote_category":0,"footnotes":""},"categories":[10],"tags":[53,14,12,1855,216,1169,2000,1856,2001],"class_list":["post-4885","post","type-post","status-publish","format-standard","has-post-thumbnail","hentry","category-infraenergia","tag-aneel","tag-ccee","tag-epe","tag-joao-carlos-mello","tag-ons","tag-pld","tag-revisao-da-carga","tag-thymos-energia","tag-wilson-ferreira-jr"],"yoast_head":"<!-- This site is optimized with the Yoast SEO Premium plugin v25.4 (Yoast SEO v26.0) - https:\/\/yoast.com\/wordpress\/plugins\/seo\/ -->\n<title>Recupera\u00e7\u00e3o da carga deve ocorrer at\u00e9 2022, antes do que prev\u00ea ONS, avalia CEO da Thymos - Ag\u00eancia iNFRA<\/title>\n<meta name=\"robots\" content=\"index, follow, max-snippet:-1, max-image-preview:large, max-video-preview:-1\" \/>\n<link rel=\"canonical\" href=\"https:\/\/agenciainfra.com\/blog\/recuperacao-da-carga-deve-ocorrer-ate-2022-antes-do-que-preve-ons-avalia-ceo-da-thymos\/\" \/>\n<meta property=\"og:locale\" content=\"pt_BR\" \/>\n<meta property=\"og:type\" content=\"article\" \/>\n<meta property=\"og:title\" content=\"Recupera\u00e7\u00e3o da carga deve ocorrer at\u00e9 2022, antes do que prev\u00ea ONS, avalia CEO da Thymos\" \/>\n<meta property=\"og:description\" content=\"Guilherme Mendes, da Ag\u00eancia iNFRA Na semana passada, o ONS (Operador Nacional do Sistema El\u00e9trico), a EPE (Empresa de Pesquisa Energ\u00e9tica) e a CCEE (C\u00e2mara de Comercializa\u00e7\u00e3o de Energia El\u00e9trica) pediram revis\u00e3o para a carga de energia do SIN (Sistema Interligado Nacional). Em documento enviado \u00e0 ANEEL (Ag\u00eancia Nacional de Energia El\u00e9trica), os agentes apontaram [&hellip;]\" \/>\n<meta property=\"og:url\" content=\"https:\/\/agenciainfra.com\/blog\/recuperacao-da-carga-deve-ocorrer-ate-2022-antes-do-que-preve-ons-avalia-ceo-da-thymos\/\" \/>\n<meta property=\"og:site_name\" content=\"Ag\u00eancia iNFRA\" \/>\n<meta property=\"article:publisher\" content=\"https:\/\/www.facebook.com\/ageninfra\" \/>\n<meta property=\"article:published_time\" content=\"2020-05-16T11:00:39+00:00\" \/>\n<meta property=\"og:image\" content=\"https:\/\/agenciainfra.com\/blog\/wp-content\/uploads\/2020\/05\/joao-carlos-mello-foto-thymos-redes-sociais.jpg\" \/>\n\t<meta property=\"og:image:width\" content=\"1280\" \/>\n\t<meta property=\"og:image:height\" content=\"853\" \/>\n\t<meta property=\"og:image:type\" content=\"image\/jpeg\" \/>\n<meta name=\"author\" content=\"Rodrigo Zuquim\" \/>\n<meta name=\"twitter:card\" content=\"summary_large_image\" \/>\n<meta name=\"twitter:creator\" content=\"@agencia_infra\" \/>\n<meta name=\"twitter:site\" content=\"@agencia_infra\" \/>\n<meta name=\"twitter:label1\" content=\"Escrito por\" \/>\n\t<meta name=\"twitter:data1\" content=\"Rodrigo Zuquim\" \/>\n\t<meta name=\"twitter:label2\" content=\"Est. tempo de leitura\" \/>\n\t<meta name=\"twitter:data2\" content=\"4 minutos\" \/>\n<script type=\"application\/ld+json\" class=\"yoast-schema-graph\">{\"@context\":\"https:\/\/schema.org\",\"@graph\":[{\"@type\":\"Article\",\"@id\":\"https:\/\/agenciainfra.com\/blog\/recuperacao-da-carga-deve-ocorrer-ate-2022-antes-do-que-preve-ons-avalia-ceo-da-thymos\/#article\",\"isPartOf\":{\"@id\":\"https:\/\/agenciainfra.com\/blog\/recuperacao-da-carga-deve-ocorrer-ate-2022-antes-do-que-preve-ons-avalia-ceo-da-thymos\/\"},\"author\":{\"name\":\"Rodrigo Zuquim\",\"@id\":\"https:\/\/agenciainfra.com\/blog\/#\/schema\/person\/04dbb79bd6d8951f063da71f3e4c1eb1\"},\"headline\":\"Recupera\u00e7\u00e3o da carga deve ocorrer at\u00e9 2022, antes do que prev\u00ea ONS, avalia CEO da Thymos\",\"datePublished\":\"2020-05-16T11:00:39+00:00\",\"mainEntityOfPage\":{\"@id\":\"https:\/\/agenciainfra.com\/blog\/recuperacao-da-carga-deve-ocorrer-ate-2022-antes-do-que-preve-ons-avalia-ceo-da-thymos\/\"},\"wordCount\":904,\"publisher\":{\"@id\":\"https:\/\/agenciainfra.com\/blog\/#organization\"},\"image\":{\"@id\":\"https:\/\/agenciainfra.com\/blog\/recuperacao-da-carga-deve-ocorrer-ate-2022-antes-do-que-preve-ons-avalia-ceo-da-thymos\/#primaryimage\"},\"thumbnailUrl\":\"https:\/\/agenciainfra.com\/blog\/wp-content\/uploads\/2020\/05\/joao-carlos-mello-foto-thymos-redes-sociais.jpg\",\"keywords\":[\"ANEEL\",\"ccee\",\"epe\",\"Jo\u00e3o Carlos Mello\",\"ONS\",\"PLD\",\"revis\u00e3o da carga\",\"Thymos Energia\",\"Wilson Ferreira Jr.\"],\"articleSection\":[\"iNFRAEnergia\"],\"inLanguage\":\"pt-BR\",\"copyrightYear\":\"2020\",\"copyrightHolder\":{\"@id\":\"https:\/\/agenciainfra.com\/blog\/#organization\"}},{\"@type\":\"WebPage\",\"@id\":\"https:\/\/agenciainfra.com\/blog\/recuperacao-da-carga-deve-ocorrer-ate-2022-antes-do-que-preve-ons-avalia-ceo-da-thymos\/\",\"url\":\"https:\/\/agenciainfra.com\/blog\/recuperacao-da-carga-deve-ocorrer-ate-2022-antes-do-que-preve-ons-avalia-ceo-da-thymos\/\",\"name\":\"Recupera\u00e7\u00e3o da carga deve ocorrer at\u00e9 2022, antes do que prev\u00ea ONS, avalia CEO da Thymos - Ag\u00eancia iNFRA\",\"isPartOf\":{\"@id\":\"https:\/\/agenciainfra.com\/blog\/#website\"},\"primaryImageOfPage\":{\"@id\":\"https:\/\/agenciainfra.com\/blog\/recuperacao-da-carga-deve-ocorrer-ate-2022-antes-do-que-preve-ons-avalia-ceo-da-thymos\/#primaryimage\"},\"image\":{\"@id\":\"https:\/\/agenciainfra.com\/blog\/recuperacao-da-carga-deve-ocorrer-ate-2022-antes-do-que-preve-ons-avalia-ceo-da-thymos\/#primaryimage\"},\"thumbnailUrl\":\"https:\/\/agenciainfra.com\/blog\/wp-content\/uploads\/2020\/05\/joao-carlos-mello-foto-thymos-redes-sociais.jpg\",\"datePublished\":\"2020-05-16T11:00:39+00:00\",\"breadcrumb\":{\"@id\":\"https:\/\/agenciainfra.com\/blog\/recuperacao-da-carga-deve-ocorrer-ate-2022-antes-do-que-preve-ons-avalia-ceo-da-thymos\/#breadcrumb\"},\"inLanguage\":\"pt-BR\",\"potentialAction\":[{\"@type\":\"ReadAction\",\"target\":[\"https:\/\/agenciainfra.com\/blog\/recuperacao-da-carga-deve-ocorrer-ate-2022-antes-do-que-preve-ons-avalia-ceo-da-thymos\/\"]}]},{\"@type\":\"ImageObject\",\"inLanguage\":\"pt-BR\",\"@id\":\"https:\/\/agenciainfra.com\/blog\/recuperacao-da-carga-deve-ocorrer-ate-2022-antes-do-que-preve-ons-avalia-ceo-da-thymos\/#primaryimage\",\"url\":\"https:\/\/agenciainfra.com\/blog\/wp-content\/uploads\/2020\/05\/joao-carlos-mello-foto-thymos-redes-sociais.jpg\",\"contentUrl\":\"https:\/\/agenciainfra.com\/blog\/wp-content\/uploads\/2020\/05\/joao-carlos-mello-foto-thymos-redes-sociais.jpg\",\"width\":1280,\"height\":853,\"caption\":\"Foto: Divulga\u00e7\u00e3o\"},{\"@type\":\"BreadcrumbList\",\"@id\":\"https:\/\/agenciainfra.com\/blog\/recuperacao-da-carga-deve-ocorrer-ate-2022-antes-do-que-preve-ons-avalia-ceo-da-thymos\/#breadcrumb\",\"itemListElement\":[{\"@type\":\"ListItem\",\"position\":1,\"name\":\"In\u00edcio\",\"item\":\"https:\/\/agenciainfra.com\/blog\/\"},{\"@type\":\"ListItem\",\"position\":2,\"name\":\"Recupera\u00e7\u00e3o da carga deve ocorrer at\u00e9 2022, antes do que prev\u00ea ONS, avalia CEO da Thymos\"}]},{\"@type\":\"WebSite\",\"@id\":\"https:\/\/agenciainfra.com\/blog\/#website\",\"url\":\"https:\/\/agenciainfra.com\/blog\/\",\"name\":\"Ag\u00eancia iNFRA\",\"description\":\"Multiplataforma de informa\u00e7\u00e3o jornal\u00edstica refer\u00eancia na \u00e1rea de infraestrutura no Brasil!\",\"publisher\":{\"@id\":\"https:\/\/agenciainfra.com\/blog\/#organization\"},\"potentialAction\":[{\"@type\":\"SearchAction\",\"target\":{\"@type\":\"EntryPoint\",\"urlTemplate\":\"https:\/\/agenciainfra.com\/blog\/?s={search_term_string}\"},\"query-input\":{\"@type\":\"PropertyValueSpecification\",\"valueRequired\":true,\"valueName\":\"search_term_string\"}}],\"inLanguage\":\"pt-BR\"},{\"@type\":\"Organization\",\"@id\":\"https:\/\/agenciainfra.com\/blog\/#organization\",\"name\":\"Ag\u00eancia iNFRA\",\"url\":\"https:\/\/agenciainfra.com\/blog\/\",\"logo\":{\"@type\":\"ImageObject\",\"inLanguage\":\"pt-BR\",\"@id\":\"https:\/\/agenciainfra.com\/blog\/#\/schema\/logo\/image\/\",\"url\":\"https:\/\/agenciainfra.com\/blog\/wp-content\/uploads\/2023\/09\/iNFRA_5-e1761735885940.png\",\"contentUrl\":\"https:\/\/agenciainfra.com\/blog\/wp-content\/uploads\/2023\/09\/iNFRA_5-e1761735885940.png\",\"width\":1672,\"height\":454,\"caption\":\"Ag\u00eancia iNFRA\"},\"image\":{\"@id\":\"https:\/\/agenciainfra.com\/blog\/#\/schema\/logo\/image\/\"},\"sameAs\":[\"https:\/\/www.facebook.com\/ageninfra\",\"https:\/\/x.com\/agencia_infra\",\"https:\/\/www.linkedin.com\/company\/ag\u00eanciainfra\/\",\"https:\/\/www.instagram.com\/agenciainfra\/\"]},{\"@type\":\"Person\",\"@id\":\"https:\/\/agenciainfra.com\/blog\/#\/schema\/person\/04dbb79bd6d8951f063da71f3e4c1eb1\",\"name\":\"Rodrigo Zuquim\",\"image\":{\"@type\":\"ImageObject\",\"inLanguage\":\"pt-BR\",\"@id\":\"https:\/\/agenciainfra.com\/blog\/#\/schema\/person\/image\/\",\"url\":\"https:\/\/secure.gravatar.com\/avatar\/594abfe82761d620726242ff34ca472a705a4b97f16c790053a6b4c4035274d0?s=96&d=mm&r=g\",\"contentUrl\":\"https:\/\/secure.gravatar.com\/avatar\/594abfe82761d620726242ff34ca472a705a4b97f16c790053a6b4c4035274d0?s=96&d=mm&r=g\",\"caption\":\"Rodrigo Zuquim\"},\"url\":\"https:\/\/agenciainfra.com\/blog\/author\/rodrigo-zuquim\/\"}]}<\/script>\n<!-- \/ Yoast SEO Premium plugin. -->","yoast_head_json":{"title":"Recupera\u00e7\u00e3o da carga deve ocorrer at\u00e9 2022, antes do que prev\u00ea ONS, avalia CEO da Thymos - Ag\u00eancia iNFRA","robots":{"index":"index","follow":"follow","max-snippet":"max-snippet:-1","max-image-preview":"max-image-preview:large","max-video-preview":"max-video-preview:-1"},"canonical":"https:\/\/agenciainfra.com\/blog\/recuperacao-da-carga-deve-ocorrer-ate-2022-antes-do-que-preve-ons-avalia-ceo-da-thymos\/","og_locale":"pt_BR","og_type":"article","og_title":"Recupera\u00e7\u00e3o da carga deve ocorrer at\u00e9 2022, antes do que prev\u00ea ONS, avalia CEO da Thymos","og_description":"Guilherme Mendes, da Ag\u00eancia iNFRA Na semana passada, o ONS (Operador Nacional do Sistema El\u00e9trico), a EPE (Empresa de Pesquisa Energ\u00e9tica) e a CCEE (C\u00e2mara de Comercializa\u00e7\u00e3o de Energia El\u00e9trica) pediram revis\u00e3o para a carga de energia do SIN (Sistema Interligado Nacional). Em documento enviado \u00e0 ANEEL (Ag\u00eancia Nacional de Energia El\u00e9trica), os agentes apontaram [&hellip;]","og_url":"https:\/\/agenciainfra.com\/blog\/recuperacao-da-carga-deve-ocorrer-ate-2022-antes-do-que-preve-ons-avalia-ceo-da-thymos\/","og_site_name":"Ag\u00eancia iNFRA","article_publisher":"https:\/\/www.facebook.com\/ageninfra","article_published_time":"2020-05-16T11:00:39+00:00","og_image":[{"width":1280,"height":853,"url":"https:\/\/agenciainfra.com\/blog\/wp-content\/uploads\/2020\/05\/joao-carlos-mello-foto-thymos-redes-sociais.jpg","type":"image\/jpeg"}],"author":"Rodrigo Zuquim","twitter_card":"summary_large_image","twitter_creator":"@agencia_infra","twitter_site":"@agencia_infra","twitter_misc":{"Escrito por":"Rodrigo Zuquim","Est. tempo de leitura":"4 minutos"},"schema":{"@context":"https:\/\/schema.org","@graph":[{"@type":"Article","@id":"https:\/\/agenciainfra.com\/blog\/recuperacao-da-carga-deve-ocorrer-ate-2022-antes-do-que-preve-ons-avalia-ceo-da-thymos\/#article","isPartOf":{"@id":"https:\/\/agenciainfra.com\/blog\/recuperacao-da-carga-deve-ocorrer-ate-2022-antes-do-que-preve-ons-avalia-ceo-da-thymos\/"},"author":{"name":"Rodrigo Zuquim","@id":"https:\/\/agenciainfra.com\/blog\/#\/schema\/person\/04dbb79bd6d8951f063da71f3e4c1eb1"},"headline":"Recupera\u00e7\u00e3o da carga deve ocorrer at\u00e9 2022, antes do que prev\u00ea ONS, avalia CEO da Thymos","datePublished":"2020-05-16T11:00:39+00:00","mainEntityOfPage":{"@id":"https:\/\/agenciainfra.com\/blog\/recuperacao-da-carga-deve-ocorrer-ate-2022-antes-do-que-preve-ons-avalia-ceo-da-thymos\/"},"wordCount":904,"publisher":{"@id":"https:\/\/agenciainfra.com\/blog\/#organization"},"image":{"@id":"https:\/\/agenciainfra.com\/blog\/recuperacao-da-carga-deve-ocorrer-ate-2022-antes-do-que-preve-ons-avalia-ceo-da-thymos\/#primaryimage"},"thumbnailUrl":"https:\/\/agenciainfra.com\/blog\/wp-content\/uploads\/2020\/05\/joao-carlos-mello-foto-thymos-redes-sociais.jpg","keywords":["ANEEL","ccee","epe","Jo\u00e3o Carlos Mello","ONS","PLD","revis\u00e3o da carga","Thymos Energia","Wilson Ferreira Jr."],"articleSection":["iNFRAEnergia"],"inLanguage":"pt-BR","copyrightYear":"2020","copyrightHolder":{"@id":"https:\/\/agenciainfra.com\/blog\/#organization"}},{"@type":"WebPage","@id":"https:\/\/agenciainfra.com\/blog\/recuperacao-da-carga-deve-ocorrer-ate-2022-antes-do-que-preve-ons-avalia-ceo-da-thymos\/","url":"https:\/\/agenciainfra.com\/blog\/recuperacao-da-carga-deve-ocorrer-ate-2022-antes-do-que-preve-ons-avalia-ceo-da-thymos\/","name":"Recupera\u00e7\u00e3o da carga deve ocorrer at\u00e9 2022, antes do que prev\u00ea ONS, avalia CEO da Thymos - Ag\u00eancia iNFRA","isPartOf":{"@id":"https:\/\/agenciainfra.com\/blog\/#website"},"primaryImageOfPage":{"@id":"https:\/\/agenciainfra.com\/blog\/recuperacao-da-carga-deve-ocorrer-ate-2022-antes-do-que-preve-ons-avalia-ceo-da-thymos\/#primaryimage"},"image":{"@id":"https:\/\/agenciainfra.com\/blog\/recuperacao-da-carga-deve-ocorrer-ate-2022-antes-do-que-preve-ons-avalia-ceo-da-thymos\/#primaryimage"},"thumbnailUrl":"https:\/\/agenciainfra.com\/blog\/wp-content\/uploads\/2020\/05\/joao-carlos-mello-foto-thymos-redes-sociais.jpg","datePublished":"2020-05-16T11:00:39+00:00","breadcrumb":{"@id":"https:\/\/agenciainfra.com\/blog\/recuperacao-da-carga-deve-ocorrer-ate-2022-antes-do-que-preve-ons-avalia-ceo-da-thymos\/#breadcrumb"},"inLanguage":"pt-BR","potentialAction":[{"@type":"ReadAction","target":["https:\/\/agenciainfra.com\/blog\/recuperacao-da-carga-deve-ocorrer-ate-2022-antes-do-que-preve-ons-avalia-ceo-da-thymos\/"]}]},{"@type":"ImageObject","inLanguage":"pt-BR","@id":"https:\/\/agenciainfra.com\/blog\/recuperacao-da-carga-deve-ocorrer-ate-2022-antes-do-que-preve-ons-avalia-ceo-da-thymos\/#primaryimage","url":"https:\/\/agenciainfra.com\/blog\/wp-content\/uploads\/2020\/05\/joao-carlos-mello-foto-thymos-redes-sociais.jpg","contentUrl":"https:\/\/agenciainfra.com\/blog\/wp-content\/uploads\/2020\/05\/joao-carlos-mello-foto-thymos-redes-sociais.jpg","width":1280,"height":853,"caption":"Foto: Divulga\u00e7\u00e3o"},{"@type":"BreadcrumbList","@id":"https:\/\/agenciainfra.com\/blog\/recuperacao-da-carga-deve-ocorrer-ate-2022-antes-do-que-preve-ons-avalia-ceo-da-thymos\/#breadcrumb","itemListElement":[{"@type":"ListItem","position":1,"name":"In\u00edcio","item":"https:\/\/agenciainfra.com\/blog\/"},{"@type":"ListItem","position":2,"name":"Recupera\u00e7\u00e3o da carga deve ocorrer at\u00e9 2022, antes do que prev\u00ea ONS, avalia CEO da Thymos"}]},{"@type":"WebSite","@id":"https:\/\/agenciainfra.com\/blog\/#website","url":"https:\/\/agenciainfra.com\/blog\/","name":"Ag\u00eancia iNFRA","description":"Multiplataforma de informa\u00e7\u00e3o jornal\u00edstica refer\u00eancia na \u00e1rea de infraestrutura no Brasil!","publisher":{"@id":"https:\/\/agenciainfra.com\/blog\/#organization"},"potentialAction":[{"@type":"SearchAction","target":{"@type":"EntryPoint","urlTemplate":"https:\/\/agenciainfra.com\/blog\/?s={search_term_string}"},"query-input":{"@type":"PropertyValueSpecification","valueRequired":true,"valueName":"search_term_string"}}],"inLanguage":"pt-BR"},{"@type":"Organization","@id":"https:\/\/agenciainfra.com\/blog\/#organization","name":"Ag\u00eancia iNFRA","url":"https:\/\/agenciainfra.com\/blog\/","logo":{"@type":"ImageObject","inLanguage":"pt-BR","@id":"https:\/\/agenciainfra.com\/blog\/#\/schema\/logo\/image\/","url":"https:\/\/agenciainfra.com\/blog\/wp-content\/uploads\/2023\/09\/iNFRA_5-e1761735885940.png","contentUrl":"https:\/\/agenciainfra.com\/blog\/wp-content\/uploads\/2023\/09\/iNFRA_5-e1761735885940.png","width":1672,"height":454,"caption":"Ag\u00eancia iNFRA"},"image":{"@id":"https:\/\/agenciainfra.com\/blog\/#\/schema\/logo\/image\/"},"sameAs":["https:\/\/www.facebook.com\/ageninfra","https:\/\/x.com\/agencia_infra","https:\/\/www.linkedin.com\/company\/ag\u00eanciainfra\/","https:\/\/www.instagram.com\/agenciainfra\/"]},{"@type":"Person","@id":"https:\/\/agenciainfra.com\/blog\/#\/schema\/person\/04dbb79bd6d8951f063da71f3e4c1eb1","name":"Rodrigo Zuquim","image":{"@type":"ImageObject","inLanguage":"pt-BR","@id":"https:\/\/agenciainfra.com\/blog\/#\/schema\/person\/image\/","url":"https:\/\/secure.gravatar.com\/avatar\/594abfe82761d620726242ff34ca472a705a4b97f16c790053a6b4c4035274d0?s=96&d=mm&r=g","contentUrl":"https:\/\/secure.gravatar.com\/avatar\/594abfe82761d620726242ff34ca472a705a4b97f16c790053a6b4c4035274d0?s=96&d=mm&r=g","caption":"Rodrigo Zuquim"},"url":"https:\/\/agenciainfra.com\/blog\/author\/rodrigo-zuquim\/"}]}},"_links":{"self":[{"href":"https:\/\/agenciainfra.com\/blog\/wp-json\/wp\/v2\/posts\/4885","targetHints":{"allow":["GET"]}}],"collection":[{"href":"https:\/\/agenciainfra.com\/blog\/wp-json\/wp\/v2\/posts"}],"about":[{"href":"https:\/\/agenciainfra.com\/blog\/wp-json\/wp\/v2\/types\/post"}],"author":[{"embeddable":true,"href":"https:\/\/agenciainfra.com\/blog\/wp-json\/wp\/v2\/users\/9"}],"replies":[{"embeddable":true,"href":"https:\/\/agenciainfra.com\/blog\/wp-json\/wp\/v2\/comments?post=4885"}],"version-history":[{"count":0,"href":"https:\/\/agenciainfra.com\/blog\/wp-json\/wp\/v2\/posts\/4885\/revisions"}],"wp:featuredmedia":[{"embeddable":true,"href":"https:\/\/agenciainfra.com\/blog\/wp-json\/wp\/v2\/media\/4887"}],"wp:attachment":[{"href":"https:\/\/agenciainfra.com\/blog\/wp-json\/wp\/v2\/media?parent=4885"}],"wp:term":[{"taxonomy":"category","embeddable":true,"href":"https:\/\/agenciainfra.com\/blog\/wp-json\/wp\/v2\/categories?post=4885"},{"taxonomy":"post_tag","embeddable":true,"href":"https:\/\/agenciainfra.com\/blog\/wp-json\/wp\/v2\/tags?post=4885"}],"curies":[{"name":"wp","href":"https:\/\/api.w.org\/{rel}","templated":true}]}}