{"id":4904,"date":"2020-05-19T08:00:24","date_gmt":"2020-05-19T11:00:24","guid":{"rendered":"http:\/\/www.agenciainfra.com\/blog\/?p=4904"},"modified":"2020-05-18T16:18:02","modified_gmt":"2020-05-18T19:18:02","slug":"antt-muda-e-tera-superintendencia-exclusiva-para-cuidar-de-estudos-e-leiloes-de-novas-concessoes","status":"publish","type":"post","link":"https:\/\/agenciainfra.com\/blog\/antt-muda-e-tera-superintendencia-exclusiva-para-cuidar-de-estudos-e-leiloes-de-novas-concessoes\/","title":{"rendered":"ANTT muda e ter\u00e1 superintend\u00eancia exclusiva para cuidar de estudos e leil\u00f5es de novas concess\u00f5es"},"content":{"rendered":"<div>\n<h5 style=\"text-align: right;\"><strong>Dimmi Amora, da\u00a0Ag\u00eancia iNFRA<\/strong><\/h5>\n<p dir=\"ltr\">A ANTT (Ag\u00eancia Nacional de Transportes Terrestres) criou uma nova superintend\u00eancia com a finalidade exclusiva de realizar processos de concess\u00e3o na ag\u00eancia. O novo \u00f3rg\u00e3o vai assumir fun\u00e7\u00f5es que estavam a cargo das superintend\u00eancias dos setores de rodovia (Suinf) e de ferrovia (Sufer).<\/p>\n<p>De acordo com o diretor-geral interino, Marcelo Vinaud, a ag\u00eancia estava sem a capacidade operacional para analisar os materiais dos estudos que chegam para a realiza\u00e7\u00e3o das concess\u00f5es e, por isso, \u00e9 necess\u00e1ria a cria\u00e7\u00e3o desse novo \u00f3rg\u00e3o para se dedicar ao tema.<\/p>\n<p>&#8220;A ideia \u00e9 ter um controle sobre a qualidade de tudo o que chega para n\u00f3s&#8221;, disse Vinaud em entrevista \u00e0\u00a0<strong>Ag\u00eancia iNFRA<\/strong>.<\/p>\n<p>O novo regimento interno da ag\u00eancia foi publicado no Di\u00e1rio Oficial desta segunda-feira (18), por meio da <a href=\"https:\/\/agenciainfra.us14.list-manage.com\/track\/click?u=d460dd1bcf9ba0ae040e1fc0f&amp;id=9b54d64709&amp;e=c099169394\" target=\"_blank\" rel=\"noopener noreferrer\" data-saferedirecturl=\"https:\/\/www.google.com\/url?q=https:\/\/agenciainfra.us14.list-manage.com\/track\/click?u%3Dd460dd1bcf9ba0ae040e1fc0f%26id%3D9b54d64709%26e%3Dc099169394&amp;source=gmail&amp;ust=1589914189888000&amp;usg=AFQjCNH23kGNG6eV0_U0tKq5NCOHj8h3_g\">Resolu\u00e7\u00e3o 5.888<\/a>.\u00a0J\u00e1 a\u00a0<a href=\"https:\/\/agenciainfra.us14.list-manage.com\/track\/click?u=d460dd1bcf9ba0ae040e1fc0f&amp;id=7428042865&amp;e=c099169394\" target=\"_blank\" rel=\"noopener noreferrer\" data-saferedirecturl=\"https:\/\/www.google.com\/url?q=https:\/\/agenciainfra.us14.list-manage.com\/track\/click?u%3Dd460dd1bcf9ba0ae040e1fc0f%26id%3D7428042865%26e%3Dc099169394&amp;source=gmail&amp;ust=1589914189888000&amp;usg=AFQjCNFxcyfhdVEZ4B90VzWYYQNQDaFuag\">Delibera\u00e7\u00e3o 270<\/a>\u00a0aprovou novas compet\u00eancias gerais e a vincula\u00e7\u00e3o das Ger\u00eancias \u00e0s Superintend\u00eancias de Processos Organizacionais.\u00a0Houve ainda uma s\u00e9rie de mudan\u00e7as nos cargos da ag\u00eancia, dispon\u00edveis\u00a0<a href=\"https:\/\/agenciainfra.us14.list-manage.com\/track\/click?u=d460dd1bcf9ba0ae040e1fc0f&amp;id=fa3295ad75&amp;e=c099169394\" target=\"_blank\" rel=\"noopener noreferrer\" data-saferedirecturl=\"https:\/\/www.google.com\/url?q=https:\/\/agenciainfra.us14.list-manage.com\/track\/click?u%3Dd460dd1bcf9ba0ae040e1fc0f%26id%3Dfa3295ad75%26e%3Dc099169394&amp;source=gmail&amp;ust=1589914189888000&amp;usg=AFQjCNEDfwOCMkwtQPfnNAF7nuhy2D-poQ\">neste link<\/a>.<\/p>\n<p>A mudan\u00e7a \u00e9 parte de uma reorganiza\u00e7\u00e3o da ag\u00eancia federal respons\u00e1vel pelos transportes terrestres iniciada com a gest\u00e3o Vinaud, que assumiu em fevereiro e est\u00e1 realizando uma transforma\u00e7\u00e3o no \u00f3rg\u00e3o.<\/p>\n<p>Interino com a sa\u00edda do diretor-geral M\u00e1rio Rodrigues, ele dever\u00e1 ficar na dire\u00e7\u00e3o da ANTT at\u00e9 fevereiro de 2021 ou se o novo nome for aprovado para o posto. O desejo do ministro da Infraestrutura, Tarc\u00edsio de Freitas, \u00e9 que o diretor Davi Barreto assuma o comando da ag\u00eancia. O projeto atual tem sido tratado em parceria com Barreto.<\/p>\n<p>A nova superintend\u00eancia de Concess\u00f5es tenta reduzir uma cr\u00edtica feita \u00e0 ag\u00eancia de que os mesmos servidores que trabalhavam na concep\u00e7\u00e3o de uma concess\u00e3o eram os respons\u00e1veis depois por fiscaliz\u00e1-la. Agora, a Sucon (Superintend\u00eancia de Concess\u00f5es) ficar\u00e1 respons\u00e1vel pelos estudos at\u00e9 a assinatura do contrato. Na parte seguinte, a operacional,\u00a0as superintend\u00eancias passam a gerir o trabalho.<\/p>\n<p>Segundo Vinaud, a ANTT se voltou ao longo dos anos\u00a0para uma diretriz que visava observar o n\u00edvel de servi\u00e7o das concess\u00f5es, especialmente as de rodovia, mas havia cr\u00edticas especialmente do TCU (Tribunal de Contas da Uni\u00e3o) de que era necess\u00e1rio fiscalizar tamb\u00e9m o n\u00edvel de qualidade e a execu\u00e7\u00e3o dos empreendimentos previstos em contrato.<\/p>\n<p>Para o diretor, \u00e9 necess\u00e1rio um equil\u00edbrio entre essas duas vis\u00f5es para que seja poss\u00edvel manter a qualidade do servi\u00e7o, mas sem perder de vista que a rodovia \u00e9 um ativo e precisa dos investimentos, ainda que n\u00e3o sejam para atender um aspecto espec\u00edfico do n\u00edvel de servi\u00e7o no momento. A cria\u00e7\u00e3o da nova superintend\u00eancia\u00a0abrir\u00e1 espa\u00e7o para que a Sufer e a Suinf possam se dedicar mais aos contratos, segundo ele.<\/p>\n<p><strong>Superintendente do BNDES<\/strong><br \/>\nQuem vai assumir a Sucon \u00e9 Renan Brand\u00e3o, t\u00e9cnico do BNDES que est\u00e1 atualmente no PPI (Programa de Parcerias de Investimentos). A superintend\u00eancia ter\u00e1 tr\u00eas ger\u00eancias: Projetos de Engenharia e Ambiental; de Modelagem Econ\u00f4mico-Financeira; e de Ger\u00eancia de Estrutura\u00e7\u00e3o Regulat\u00f3ria.<\/p>\n<p>Segundo Vinaud, n\u00e3o haver\u00e1 cria\u00e7\u00e3o de cargos para a nova superintend\u00eancia e nem redu\u00e7\u00e3o do n\u00famero de servidores das duas superintend\u00eancias de onde as atribui\u00e7\u00f5es foram retiradas. \u00c9 nessa parte que, segundo ele, est\u00e1 sendo feita uma reformula\u00e7\u00e3o que atinge toda a ag\u00eancia.<\/p>\n<p>De acordo com o diretor, pessoas e cargos que n\u00e3o tinham atribui\u00e7\u00e3o espec\u00edfica em v\u00e1rias superintend\u00eancias est\u00e3o sendo retirados para compor esse novo setor. Parte das superintend\u00eancias ser\u00e1 condensada. Segundo ele, a ag\u00eancia tinha muito pessoal alocado em atividades-meio que agora ser\u00e3o levados para as atividades final\u00edsticas.<\/p>\n<p>Entre as novidades est\u00e1 a cria\u00e7\u00e3o de um n\u00facleo que ficar\u00e1 respons\u00e1vel por atender as demandas sobre rodovias vindo do TCU. A ag\u00eancia identificou que precisa melhorar a qualidade das respostas para aumentar a velocidade de an\u00e1lise das quest\u00f5es por parte do \u00f3rg\u00e3o de controle.<\/p>\n<\/div>\n","protected":false},"excerpt":{"rendered":"<p>Dimmi Amora, da\u00a0Ag\u00eancia iNFRA A ANTT (Ag\u00eancia Nacional de Transportes Terrestres) criou uma nova superintend\u00eancia com a finalidade exclusiva de realizar processos de concess\u00e3o na ag\u00eancia. O novo \u00f3rg\u00e3o vai assumir fun\u00e7\u00f5es que estavam a cargo das superintend\u00eancias dos setores de rodovia (Suinf) e de ferrovia (Sufer). De acordo com o diretor-geral interino, Marcelo Vinaud, [&hellip;]<\/p>\n","protected":false},"author":9,"featured_media":1849,"comment_status":"closed","ping_status":"closed","sticky":false,"template":"","format":"standard","meta":{"_monsterinsights_skip_tracking":false,"_monsterinsights_sitenote_active":false,"_monsterinsights_sitenote_note":"","_monsterinsights_sitenote_category":0,"footnotes":""},"categories":[7],"tags":[19,78,1050,922,1425,2009,2010],"class_list":["post-4904","post","type-post","status-publish","format-standard","has-post-thumbnail","hentry","category-infratransporte","tag-antt","tag-concessoes","tag-davi-barreto","tag-marcelo-vinaud","tag-renan-brandao","tag-sucon","tag-superintendencia-de-concessoes"],"yoast_head":"<!-- This site is optimized with the Yoast SEO Premium plugin v25.4 (Yoast SEO v26.0) - https:\/\/yoast.com\/wordpress\/plugins\/seo\/ -->\n<title>ANTT muda e ter\u00e1 superintend\u00eancia exclusiva para cuidar de estudos e leil\u00f5es de novas concess\u00f5es - Ag\u00eancia iNFRA<\/title>\n<meta name=\"robots\" content=\"index, follow, max-snippet:-1, max-image-preview:large, max-video-preview:-1\" \/>\n<link rel=\"canonical\" href=\"https:\/\/agenciainfra.com\/blog\/antt-muda-e-tera-superintendencia-exclusiva-para-cuidar-de-estudos-e-leiloes-de-novas-concessoes\/\" \/>\n<meta property=\"og:locale\" content=\"pt_BR\" \/>\n<meta property=\"og:type\" content=\"article\" \/>\n<meta property=\"og:title\" content=\"ANTT muda e ter\u00e1 superintend\u00eancia exclusiva para cuidar de estudos e leil\u00f5es de novas concess\u00f5es\" \/>\n<meta property=\"og:description\" content=\"Dimmi Amora, da\u00a0Ag\u00eancia iNFRA A ANTT (Ag\u00eancia Nacional de Transportes Terrestres) criou uma nova superintend\u00eancia com a finalidade exclusiva de realizar processos de concess\u00e3o na ag\u00eancia. O novo \u00f3rg\u00e3o vai assumir fun\u00e7\u00f5es que estavam a cargo das superintend\u00eancias dos setores de rodovia (Suinf) e de ferrovia (Sufer). De acordo com o diretor-geral interino, Marcelo Vinaud, [&hellip;]\" \/>\n<meta property=\"og:url\" content=\"https:\/\/agenciainfra.com\/blog\/antt-muda-e-tera-superintendencia-exclusiva-para-cuidar-de-estudos-e-leiloes-de-novas-concessoes\/\" \/>\n<meta property=\"og:site_name\" content=\"Ag\u00eancia iNFRA\" \/>\n<meta property=\"article:publisher\" content=\"https:\/\/www.facebook.com\/ageninfra\" \/>\n<meta property=\"article:published_time\" content=\"2020-05-19T11:00:24+00:00\" \/>\n<meta property=\"og:image\" content=\"https:\/\/agenciainfra.com\/blog\/wp-content\/uploads\/2018\/06\/antt-sede_divulgacao_antt.jpg\" \/>\n\t<meta property=\"og:image:width\" content=\"660\" \/>\n\t<meta property=\"og:image:height\" content=\"440\" \/>\n\t<meta property=\"og:image:type\" content=\"image\/jpeg\" \/>\n<meta name=\"author\" content=\"Rodrigo Zuquim\" \/>\n<meta name=\"twitter:card\" content=\"summary_large_image\" \/>\n<meta name=\"twitter:creator\" content=\"@agencia_infra\" \/>\n<meta name=\"twitter:site\" content=\"@agencia_infra\" \/>\n<meta name=\"twitter:label1\" content=\"Escrito por\" \/>\n\t<meta name=\"twitter:data1\" content=\"Rodrigo Zuquim\" \/>\n\t<meta name=\"twitter:label2\" content=\"Est. tempo de leitura\" \/>\n\t<meta name=\"twitter:data2\" content=\"4 minutos\" \/>\n<script type=\"application\/ld+json\" class=\"yoast-schema-graph\">{\"@context\":\"https:\/\/schema.org\",\"@graph\":[{\"@type\":\"Article\",\"@id\":\"https:\/\/agenciainfra.com\/blog\/antt-muda-e-tera-superintendencia-exclusiva-para-cuidar-de-estudos-e-leiloes-de-novas-concessoes\/#article\",\"isPartOf\":{\"@id\":\"https:\/\/agenciainfra.com\/blog\/antt-muda-e-tera-superintendencia-exclusiva-para-cuidar-de-estudos-e-leiloes-de-novas-concessoes\/\"},\"author\":{\"name\":\"Rodrigo Zuquim\",\"@id\":\"https:\/\/agenciainfra.com\/blog\/#\/schema\/person\/04dbb79bd6d8951f063da71f3e4c1eb1\"},\"headline\":\"ANTT muda e ter\u00e1 superintend\u00eancia exclusiva para cuidar de estudos e leil\u00f5es de novas concess\u00f5es\",\"datePublished\":\"2020-05-19T11:00:24+00:00\",\"mainEntityOfPage\":{\"@id\":\"https:\/\/agenciainfra.com\/blog\/antt-muda-e-tera-superintendencia-exclusiva-para-cuidar-de-estudos-e-leiloes-de-novas-concessoes\/\"},\"wordCount\":727,\"publisher\":{\"@id\":\"https:\/\/agenciainfra.com\/blog\/#organization\"},\"image\":{\"@id\":\"https:\/\/agenciainfra.com\/blog\/antt-muda-e-tera-superintendencia-exclusiva-para-cuidar-de-estudos-e-leiloes-de-novas-concessoes\/#primaryimage\"},\"thumbnailUrl\":\"https:\/\/agenciainfra.com\/blog\/wp-content\/uploads\/2018\/06\/antt-sede_divulgacao_antt.jpg\",\"keywords\":[\"ANTT\",\"concess\u00f5es\",\"Davi Barreto\",\"Marcelo Vinaud\",\"Renan Brand\u00e3o\",\"Sucon\",\"Superintend\u00eancia de Concess\u00f5es\"],\"articleSection\":[\"iNFRATransporte\"],\"inLanguage\":\"pt-BR\",\"copyrightYear\":\"2020\",\"copyrightHolder\":{\"@id\":\"https:\/\/agenciainfra.com\/blog\/#organization\"}},{\"@type\":\"WebPage\",\"@id\":\"https:\/\/agenciainfra.com\/blog\/antt-muda-e-tera-superintendencia-exclusiva-para-cuidar-de-estudos-e-leiloes-de-novas-concessoes\/\",\"url\":\"https:\/\/agenciainfra.com\/blog\/antt-muda-e-tera-superintendencia-exclusiva-para-cuidar-de-estudos-e-leiloes-de-novas-concessoes\/\",\"name\":\"ANTT muda e ter\u00e1 superintend\u00eancia exclusiva para cuidar de estudos e leil\u00f5es de novas concess\u00f5es - Ag\u00eancia iNFRA\",\"isPartOf\":{\"@id\":\"https:\/\/agenciainfra.com\/blog\/#website\"},\"primaryImageOfPage\":{\"@id\":\"https:\/\/agenciainfra.com\/blog\/antt-muda-e-tera-superintendencia-exclusiva-para-cuidar-de-estudos-e-leiloes-de-novas-concessoes\/#primaryimage\"},\"image\":{\"@id\":\"https:\/\/agenciainfra.com\/blog\/antt-muda-e-tera-superintendencia-exclusiva-para-cuidar-de-estudos-e-leiloes-de-novas-concessoes\/#primaryimage\"},\"thumbnailUrl\":\"https:\/\/agenciainfra.com\/blog\/wp-content\/uploads\/2018\/06\/antt-sede_divulgacao_antt.jpg\",\"datePublished\":\"2020-05-19T11:00:24+00:00\",\"breadcrumb\":{\"@id\":\"https:\/\/agenciainfra.com\/blog\/antt-muda-e-tera-superintendencia-exclusiva-para-cuidar-de-estudos-e-leiloes-de-novas-concessoes\/#breadcrumb\"},\"inLanguage\":\"pt-BR\",\"potentialAction\":[{\"@type\":\"ReadAction\",\"target\":[\"https:\/\/agenciainfra.com\/blog\/antt-muda-e-tera-superintendencia-exclusiva-para-cuidar-de-estudos-e-leiloes-de-novas-concessoes\/\"]}]},{\"@type\":\"ImageObject\",\"inLanguage\":\"pt-BR\",\"@id\":\"https:\/\/agenciainfra.com\/blog\/antt-muda-e-tera-superintendencia-exclusiva-para-cuidar-de-estudos-e-leiloes-de-novas-concessoes\/#primaryimage\",\"url\":\"https:\/\/agenciainfra.com\/blog\/wp-content\/uploads\/2018\/06\/antt-sede_divulgacao_antt.jpg\",\"contentUrl\":\"https:\/\/agenciainfra.com\/blog\/wp-content\/uploads\/2018\/06\/antt-sede_divulgacao_antt.jpg\",\"width\":660,\"height\":440},{\"@type\":\"BreadcrumbList\",\"@id\":\"https:\/\/agenciainfra.com\/blog\/antt-muda-e-tera-superintendencia-exclusiva-para-cuidar-de-estudos-e-leiloes-de-novas-concessoes\/#breadcrumb\",\"itemListElement\":[{\"@type\":\"ListItem\",\"position\":1,\"name\":\"In\u00edcio\",\"item\":\"https:\/\/agenciainfra.com\/blog\/\"},{\"@type\":\"ListItem\",\"position\":2,\"name\":\"ANTT muda e ter\u00e1 superintend\u00eancia exclusiva para cuidar de estudos e leil\u00f5es de novas concess\u00f5es\"}]},{\"@type\":\"WebSite\",\"@id\":\"https:\/\/agenciainfra.com\/blog\/#website\",\"url\":\"https:\/\/agenciainfra.com\/blog\/\",\"name\":\"Ag\u00eancia iNFRA\",\"description\":\"Multiplataforma de informa\u00e7\u00e3o jornal\u00edstica refer\u00eancia na \u00e1rea de infraestrutura no Brasil!\",\"publisher\":{\"@id\":\"https:\/\/agenciainfra.com\/blog\/#organization\"},\"potentialAction\":[{\"@type\":\"SearchAction\",\"target\":{\"@type\":\"EntryPoint\",\"urlTemplate\":\"https:\/\/agenciainfra.com\/blog\/?s={search_term_string}\"},\"query-input\":{\"@type\":\"PropertyValueSpecification\",\"valueRequired\":true,\"valueName\":\"search_term_string\"}}],\"inLanguage\":\"pt-BR\"},{\"@type\":\"Organization\",\"@id\":\"https:\/\/agenciainfra.com\/blog\/#organization\",\"name\":\"Ag\u00eancia iNFRA\",\"url\":\"https:\/\/agenciainfra.com\/blog\/\",\"logo\":{\"@type\":\"ImageObject\",\"inLanguage\":\"pt-BR\",\"@id\":\"https:\/\/agenciainfra.com\/blog\/#\/schema\/logo\/image\/\",\"url\":\"https:\/\/agenciainfra.com\/blog\/wp-content\/uploads\/2023\/09\/iNFRA_5-e1761735885940.png\",\"contentUrl\":\"https:\/\/agenciainfra.com\/blog\/wp-content\/uploads\/2023\/09\/iNFRA_5-e1761735885940.png\",\"width\":1672,\"height\":454,\"caption\":\"Ag\u00eancia iNFRA\"},\"image\":{\"@id\":\"https:\/\/agenciainfra.com\/blog\/#\/schema\/logo\/image\/\"},\"sameAs\":[\"https:\/\/www.facebook.com\/ageninfra\",\"https:\/\/x.com\/agencia_infra\",\"https:\/\/www.linkedin.com\/company\/ag\u00eanciainfra\/\",\"https:\/\/www.instagram.com\/agenciainfra\/\"]},{\"@type\":\"Person\",\"@id\":\"https:\/\/agenciainfra.com\/blog\/#\/schema\/person\/04dbb79bd6d8951f063da71f3e4c1eb1\",\"name\":\"Rodrigo Zuquim\",\"image\":{\"@type\":\"ImageObject\",\"inLanguage\":\"pt-BR\",\"@id\":\"https:\/\/agenciainfra.com\/blog\/#\/schema\/person\/image\/\",\"url\":\"https:\/\/secure.gravatar.com\/avatar\/594abfe82761d620726242ff34ca472a705a4b97f16c790053a6b4c4035274d0?s=96&d=mm&r=g\",\"contentUrl\":\"https:\/\/secure.gravatar.com\/avatar\/594abfe82761d620726242ff34ca472a705a4b97f16c790053a6b4c4035274d0?s=96&d=mm&r=g\",\"caption\":\"Rodrigo Zuquim\"},\"url\":\"https:\/\/agenciainfra.com\/blog\/author\/rodrigo-zuquim\/\"}]}<\/script>\n<!-- \/ Yoast SEO Premium plugin. -->","yoast_head_json":{"title":"ANTT muda e ter\u00e1 superintend\u00eancia exclusiva para cuidar de estudos e leil\u00f5es de novas concess\u00f5es - Ag\u00eancia iNFRA","robots":{"index":"index","follow":"follow","max-snippet":"max-snippet:-1","max-image-preview":"max-image-preview:large","max-video-preview":"max-video-preview:-1"},"canonical":"https:\/\/agenciainfra.com\/blog\/antt-muda-e-tera-superintendencia-exclusiva-para-cuidar-de-estudos-e-leiloes-de-novas-concessoes\/","og_locale":"pt_BR","og_type":"article","og_title":"ANTT muda e ter\u00e1 superintend\u00eancia exclusiva para cuidar de estudos e leil\u00f5es de novas concess\u00f5es","og_description":"Dimmi Amora, da\u00a0Ag\u00eancia iNFRA A ANTT (Ag\u00eancia Nacional de Transportes Terrestres) criou uma nova superintend\u00eancia com a finalidade exclusiva de realizar processos de concess\u00e3o na ag\u00eancia. O novo \u00f3rg\u00e3o vai assumir fun\u00e7\u00f5es que estavam a cargo das superintend\u00eancias dos setores de rodovia (Suinf) e de ferrovia (Sufer). De acordo com o diretor-geral interino, Marcelo Vinaud, [&hellip;]","og_url":"https:\/\/agenciainfra.com\/blog\/antt-muda-e-tera-superintendencia-exclusiva-para-cuidar-de-estudos-e-leiloes-de-novas-concessoes\/","og_site_name":"Ag\u00eancia iNFRA","article_publisher":"https:\/\/www.facebook.com\/ageninfra","article_published_time":"2020-05-19T11:00:24+00:00","og_image":[{"width":660,"height":440,"url":"https:\/\/agenciainfra.com\/blog\/wp-content\/uploads\/2018\/06\/antt-sede_divulgacao_antt.jpg","type":"image\/jpeg"}],"author":"Rodrigo Zuquim","twitter_card":"summary_large_image","twitter_creator":"@agencia_infra","twitter_site":"@agencia_infra","twitter_misc":{"Escrito por":"Rodrigo Zuquim","Est. tempo de leitura":"4 minutos"},"schema":{"@context":"https:\/\/schema.org","@graph":[{"@type":"Article","@id":"https:\/\/agenciainfra.com\/blog\/antt-muda-e-tera-superintendencia-exclusiva-para-cuidar-de-estudos-e-leiloes-de-novas-concessoes\/#article","isPartOf":{"@id":"https:\/\/agenciainfra.com\/blog\/antt-muda-e-tera-superintendencia-exclusiva-para-cuidar-de-estudos-e-leiloes-de-novas-concessoes\/"},"author":{"name":"Rodrigo Zuquim","@id":"https:\/\/agenciainfra.com\/blog\/#\/schema\/person\/04dbb79bd6d8951f063da71f3e4c1eb1"},"headline":"ANTT muda e ter\u00e1 superintend\u00eancia exclusiva para cuidar de estudos e leil\u00f5es de novas concess\u00f5es","datePublished":"2020-05-19T11:00:24+00:00","mainEntityOfPage":{"@id":"https:\/\/agenciainfra.com\/blog\/antt-muda-e-tera-superintendencia-exclusiva-para-cuidar-de-estudos-e-leiloes-de-novas-concessoes\/"},"wordCount":727,"publisher":{"@id":"https:\/\/agenciainfra.com\/blog\/#organization"},"image":{"@id":"https:\/\/agenciainfra.com\/blog\/antt-muda-e-tera-superintendencia-exclusiva-para-cuidar-de-estudos-e-leiloes-de-novas-concessoes\/#primaryimage"},"thumbnailUrl":"https:\/\/agenciainfra.com\/blog\/wp-content\/uploads\/2018\/06\/antt-sede_divulgacao_antt.jpg","keywords":["ANTT","concess\u00f5es","Davi Barreto","Marcelo Vinaud","Renan Brand\u00e3o","Sucon","Superintend\u00eancia de Concess\u00f5es"],"articleSection":["iNFRATransporte"],"inLanguage":"pt-BR","copyrightYear":"2020","copyrightHolder":{"@id":"https:\/\/agenciainfra.com\/blog\/#organization"}},{"@type":"WebPage","@id":"https:\/\/agenciainfra.com\/blog\/antt-muda-e-tera-superintendencia-exclusiva-para-cuidar-de-estudos-e-leiloes-de-novas-concessoes\/","url":"https:\/\/agenciainfra.com\/blog\/antt-muda-e-tera-superintendencia-exclusiva-para-cuidar-de-estudos-e-leiloes-de-novas-concessoes\/","name":"ANTT muda e ter\u00e1 superintend\u00eancia exclusiva para cuidar de estudos e leil\u00f5es de novas concess\u00f5es - Ag\u00eancia iNFRA","isPartOf":{"@id":"https:\/\/agenciainfra.com\/blog\/#website"},"primaryImageOfPage":{"@id":"https:\/\/agenciainfra.com\/blog\/antt-muda-e-tera-superintendencia-exclusiva-para-cuidar-de-estudos-e-leiloes-de-novas-concessoes\/#primaryimage"},"image":{"@id":"https:\/\/agenciainfra.com\/blog\/antt-muda-e-tera-superintendencia-exclusiva-para-cuidar-de-estudos-e-leiloes-de-novas-concessoes\/#primaryimage"},"thumbnailUrl":"https:\/\/agenciainfra.com\/blog\/wp-content\/uploads\/2018\/06\/antt-sede_divulgacao_antt.jpg","datePublished":"2020-05-19T11:00:24+00:00","breadcrumb":{"@id":"https:\/\/agenciainfra.com\/blog\/antt-muda-e-tera-superintendencia-exclusiva-para-cuidar-de-estudos-e-leiloes-de-novas-concessoes\/#breadcrumb"},"inLanguage":"pt-BR","potentialAction":[{"@type":"ReadAction","target":["https:\/\/agenciainfra.com\/blog\/antt-muda-e-tera-superintendencia-exclusiva-para-cuidar-de-estudos-e-leiloes-de-novas-concessoes\/"]}]},{"@type":"ImageObject","inLanguage":"pt-BR","@id":"https:\/\/agenciainfra.com\/blog\/antt-muda-e-tera-superintendencia-exclusiva-para-cuidar-de-estudos-e-leiloes-de-novas-concessoes\/#primaryimage","url":"https:\/\/agenciainfra.com\/blog\/wp-content\/uploads\/2018\/06\/antt-sede_divulgacao_antt.jpg","contentUrl":"https:\/\/agenciainfra.com\/blog\/wp-content\/uploads\/2018\/06\/antt-sede_divulgacao_antt.jpg","width":660,"height":440},{"@type":"BreadcrumbList","@id":"https:\/\/agenciainfra.com\/blog\/antt-muda-e-tera-superintendencia-exclusiva-para-cuidar-de-estudos-e-leiloes-de-novas-concessoes\/#breadcrumb","itemListElement":[{"@type":"ListItem","position":1,"name":"In\u00edcio","item":"https:\/\/agenciainfra.com\/blog\/"},{"@type":"ListItem","position":2,"name":"ANTT muda e ter\u00e1 superintend\u00eancia exclusiva para cuidar de estudos e leil\u00f5es de novas concess\u00f5es"}]},{"@type":"WebSite","@id":"https:\/\/agenciainfra.com\/blog\/#website","url":"https:\/\/agenciainfra.com\/blog\/","name":"Ag\u00eancia iNFRA","description":"Multiplataforma de informa\u00e7\u00e3o jornal\u00edstica refer\u00eancia na \u00e1rea de infraestrutura no Brasil!","publisher":{"@id":"https:\/\/agenciainfra.com\/blog\/#organization"},"potentialAction":[{"@type":"SearchAction","target":{"@type":"EntryPoint","urlTemplate":"https:\/\/agenciainfra.com\/blog\/?s={search_term_string}"},"query-input":{"@type":"PropertyValueSpecification","valueRequired":true,"valueName":"search_term_string"}}],"inLanguage":"pt-BR"},{"@type":"Organization","@id":"https:\/\/agenciainfra.com\/blog\/#organization","name":"Ag\u00eancia iNFRA","url":"https:\/\/agenciainfra.com\/blog\/","logo":{"@type":"ImageObject","inLanguage":"pt-BR","@id":"https:\/\/agenciainfra.com\/blog\/#\/schema\/logo\/image\/","url":"https:\/\/agenciainfra.com\/blog\/wp-content\/uploads\/2023\/09\/iNFRA_5-e1761735885940.png","contentUrl":"https:\/\/agenciainfra.com\/blog\/wp-content\/uploads\/2023\/09\/iNFRA_5-e1761735885940.png","width":1672,"height":454,"caption":"Ag\u00eancia iNFRA"},"image":{"@id":"https:\/\/agenciainfra.com\/blog\/#\/schema\/logo\/image\/"},"sameAs":["https:\/\/www.facebook.com\/ageninfra","https:\/\/x.com\/agencia_infra","https:\/\/www.linkedin.com\/company\/ag\u00eanciainfra\/","https:\/\/www.instagram.com\/agenciainfra\/"]},{"@type":"Person","@id":"https:\/\/agenciainfra.com\/blog\/#\/schema\/person\/04dbb79bd6d8951f063da71f3e4c1eb1","name":"Rodrigo Zuquim","image":{"@type":"ImageObject","inLanguage":"pt-BR","@id":"https:\/\/agenciainfra.com\/blog\/#\/schema\/person\/image\/","url":"https:\/\/secure.gravatar.com\/avatar\/594abfe82761d620726242ff34ca472a705a4b97f16c790053a6b4c4035274d0?s=96&d=mm&r=g","contentUrl":"https:\/\/secure.gravatar.com\/avatar\/594abfe82761d620726242ff34ca472a705a4b97f16c790053a6b4c4035274d0?s=96&d=mm&r=g","caption":"Rodrigo Zuquim"},"url":"https:\/\/agenciainfra.com\/blog\/author\/rodrigo-zuquim\/"}]}},"_links":{"self":[{"href":"https:\/\/agenciainfra.com\/blog\/wp-json\/wp\/v2\/posts\/4904","targetHints":{"allow":["GET"]}}],"collection":[{"href":"https:\/\/agenciainfra.com\/blog\/wp-json\/wp\/v2\/posts"}],"about":[{"href":"https:\/\/agenciainfra.com\/blog\/wp-json\/wp\/v2\/types\/post"}],"author":[{"embeddable":true,"href":"https:\/\/agenciainfra.com\/blog\/wp-json\/wp\/v2\/users\/9"}],"replies":[{"embeddable":true,"href":"https:\/\/agenciainfra.com\/blog\/wp-json\/wp\/v2\/comments?post=4904"}],"version-history":[{"count":0,"href":"https:\/\/agenciainfra.com\/blog\/wp-json\/wp\/v2\/posts\/4904\/revisions"}],"wp:featuredmedia":[{"embeddable":true,"href":"https:\/\/agenciainfra.com\/blog\/wp-json\/wp\/v2\/media\/1849"}],"wp:attachment":[{"href":"https:\/\/agenciainfra.com\/blog\/wp-json\/wp\/v2\/media?parent=4904"}],"wp:term":[{"taxonomy":"category","embeddable":true,"href":"https:\/\/agenciainfra.com\/blog\/wp-json\/wp\/v2\/categories?post=4904"},{"taxonomy":"post_tag","embeddable":true,"href":"https:\/\/agenciainfra.com\/blog\/wp-json\/wp\/v2\/tags?post=4904"}],"curies":[{"name":"wp","href":"https:\/\/api.w.org\/{rel}","templated":true}]}}