{"id":4906,"date":"2020-05-19T13:00:53","date_gmt":"2020-05-19T16:00:53","guid":{"rendered":"http:\/\/www.agenciainfra.com\/blog\/?p=4906"},"modified":"2020-06-09T10:43:27","modified_gmt":"2020-06-09T13:43:27","slug":"infradebate-live-reequilibrios-de-contratos-buscam-protocolos-com-orgaos-de-controle","status":"publish","type":"post","link":"https:\/\/agenciainfra.com\/blog\/infradebate-live-reequilibrios-de-contratos-buscam-protocolos-com-orgaos-de-controle\/","title":{"rendered":"iNFRADebate Live: Reequil\u00edbrios de contratos buscam protocolos com \u00f3rg\u00e3os de controle"},"content":{"rendered":"<div>\n<h5 style=\"text-align: right;\"><strong>da Ag\u00eancia iNFRA<\/strong><\/h5>\n<\/div>\n<p dir=\"ltr\">As decis\u00f5es acerca dos reequil\u00edbrios dos contratos de concess\u00e3o devem acontecer em conjunto com o Minist\u00e9rio P\u00fablico e com o TCU (Tribunal de Contas da Uni\u00e3o). Foi o que afirmou, na \u00faltima sexta-feira (15), a secret\u00e1ria de Fomento, Planejamento e Parcerias do Minist\u00e9rio da Infraestrutura, Nat\u00e1lia Marcassa.<\/p>\n<p>\u201cQueremos instituir o protocolo de an\u00e1lise dos contratos, em conjunto. O TCU [Tribunal de Contas da Uni\u00e3o] j\u00e1 criou um relator com as mat\u00e9rias para a Covid-19 e o Minist\u00e9rio P\u00fablico tamb\u00e9m j\u00e1 fechou com a gente um acordo para tratar dessas quest\u00f5es\u201d, explicou.<\/p>\n<p>Marcassa foi entrevistada\u00a0no\u00a0<strong>iNFRADebate\u00a0<wbr \/>Live<\/strong>, evento exclusivo para assinantes promovido pela<strong>\u00a0Ag\u00eancia iNFRA.\u00a0<\/strong>O encontro contou com a participa\u00e7\u00e3o da ex-diretora do BNDES (Banco Nacional de Desenvolvimento) Karla Bertocco. Assista \u00e0 \u00edntegra abaixo:<\/p>\n<p><iframe src=\"https:\/\/www.youtube.com\/embed\/DSpnzLKXjNQ\" width=\"560\" height=\"315\" frameborder=\"0\" allowfullscreen=\"allowfullscreen\"><\/iframe><\/p>\n<p>Segundo a secret\u00e1ria, a uni\u00e3o entre os \u00f3rg\u00e3os reguladores e auditores evitaria que houvesse, em futuras auditorias, questionamentos \u00e0s diretrizes implantadas nos processos.<\/p>\n<p>\u201cSempre na hora da decis\u00e3o tem a quest\u00e3o do contexto e calor que precisa ser levada em conta. Talvez, depois de uns sete anos, quem for auditar possa n\u00e3o entender um pouco desse contexto\u201d, comentou.<\/p>\n<p>A preocupa\u00e7\u00e3o da representante do minist\u00e9rio \u00e9 corroborada pela ex-diretora do BNDES. De acordo com Karla Bertocco, atualmente a pandemia do coronav\u00edrus trouxe grande inseguran\u00e7a aos agentes reguladores.<\/p>\n<p>\u201cHoje, a inseguran\u00e7a do gestor \u00e9 avaliar como o tribunal de contas vai, posteriormente, auditar essas decis\u00f5es. A medida [Medida Provis\u00f3ria 966\/20] editada ontem [quinta-feira, 14] prova essa inseguran\u00e7a\u201d, disse.<\/p>\n<p><strong>Sugest\u00f5es<\/strong><br \/>\nDurante o debate, Bertocco sugeriu algumas pr\u00e1ticas para an\u00e1lises dos contratos adotadas na Inglaterra. A principal delas seria a cria\u00e7\u00e3o do que ela chamou de &#8220;c\u00e2mara transit\u00f3ria&#8221;, que consiste em uma reuni\u00e3o de representantes de \u00f3rg\u00e3os reguladores e auditores. O objetivo seria estabelecer diretrizes iniciais e dar seguran\u00e7a para o estabelecimento pr\u00e9vio de c\u00e1lculo nos reequil\u00edbrios dos contratos.<\/p>\n<p>\u201cAqui eu acho que a ideia seria transportar um pouco desse ambiente de seguran\u00e7a para, talvez, uma c\u00e2mara de suporte \u00e0queles que t\u00eam que tomar a solu\u00e7\u00e3o. Estamos chamando de c\u00e2maras transit\u00f3rias de apoio \u00e0s decis\u00f5es, que pudessem j\u00e1 estabelecer protocolos pr\u00e9vios para orientar inicialmente os c\u00e1lculos\u201d, sugeriu.<\/p>\n<p>Outro modelo, j\u00e1 experimentado na Inglaterra e apontado como possibilidade para o Brasil, seria a defini\u00e7\u00e3o, por parte do estado, de protocolos e consultas regulares com as concession\u00e1rias. Isso mitigaria futuros problemas em reuni\u00f5es de concilia\u00e7\u00e3o.<\/p>\n<p>\u201cL\u00e1, as ag\u00eancias j\u00e1 come\u00e7aram a fazer planilhas pedindo informa\u00e7\u00f5es. Tamb\u00e9m est\u00e3o estabelecendo um grau de regularidade nos pedidos de informa\u00e7\u00e3o. Ent\u00e3o, come\u00e7a a criar esse tipo de troca de informa\u00e7\u00f5es que mitiga efeitos como o de informar, somente no momento da concilia\u00e7\u00e3o, problemas que existiram\u201d, explicou.<\/p>\n<p>Marcassa afirmou que as medidas adotadas no Brasil \u2013 apesar de n\u00e3o estarem acontecendo de forma organizada como a inglesa \u2013 seguiram diretrizes similares.<\/p>\n<p><strong>Deb\u00eantures<\/strong><br \/>\nUm ponto comemorado pelas entrevistadas foi a cria\u00e7\u00e3o do\u00a0<a href=\"https:\/\/agenciainfra.us14.list-manage.com\/track\/click?u=d460dd1bcf9ba0ae040e1fc0f&amp;id=71d47e8f97&amp;e=c099169394\" target=\"_blank\" rel=\"noopener noreferrer\" data-saferedirecturl=\"https:\/\/www.google.com\/url?q=https:\/\/agenciainfra.us14.list-manage.com\/track\/click?u%3Dd460dd1bcf9ba0ae040e1fc0f%26id%3D71d47e8f97%26e%3Dc099169394&amp;source=gmail&amp;ust=1589979200288000&amp;usg=AFQjCNEkEgSVqisHCKtmIg54aczc1QZPhw\">PL (Projeto de Lei) 2.646\/20<\/a>. A proposta, apresentada na quinta-feira (14), visa permitir deb\u00eantures para captar recursos na implementa\u00e7\u00e3o de projetos de investimento da \u00e1rea de infraestrutura ou de produ\u00e7\u00e3o econ\u00f4mica. Segundo Marcassa, o PL trar\u00e1 novas fontes de financiamento para o setor de infraestrutura.<\/p>\n<p>\u201cAcho muito importante o Legislativo ter pautado o PL de deb\u00eantures. \u00c9 uma fonte superimportante para gente no financiamento da infraestrutura. Ano passado batemos recorde e, cada vez mais, o mercado de capitais vai ser importante no financiamento de infraestrutura. A crise nos traz oportunidades\u201d, comemorou.<\/p>\n<p>J\u00e1 Bertocco explicou que o projeto vai possibilitar o advento de green bonds &#8211; tamb\u00e9m chamados de t\u00edtulos verdes \u2013, que s\u00e3o t\u00edtulos emitidos para a capta\u00e7\u00e3o de recursos em investimentos em projetos de sustentabilidade.<\/p>\n<p>\u201c\u00c9 uma proposta que a gente estava esperando muito. Tamb\u00e9m tem a quest\u00e3o dos green bonds, que ajuda no saneamento. Ent\u00e3o, teremos benef\u00edcios tribut\u00e1rios diferenciados para os projetos sustent\u00e1veis. E acredito que na \u00e1rea de infra tem projetos que se qualificam nisso. H\u00e1 tamb\u00e9m a possibilidade de se ter deb\u00eantures que trabalhem com varia\u00e7\u00e3o cambial. S\u00e3o instrumentos perfeitos para o momento em que a gente vive\u201d, falou. Todo o programa pode ser visto\u00a0<a href=\"https:\/\/agenciainfra.us14.list-manage.com\/track\/click?u=d460dd1bcf9ba0ae040e1fc0f&amp;id=ba035e1f33&amp;e=c099169394\" target=\"_blank\" rel=\"noopener noreferrer\" data-saferedirecturl=\"https:\/\/www.google.com\/url?q=https:\/\/agenciainfra.us14.list-manage.com\/track\/click?u%3Dd460dd1bcf9ba0ae040e1fc0f%26id%3Dba035e1f33%26e%3Dc099169394&amp;source=gmail&amp;ust=1589979200288000&amp;usg=AFQjCNG-rIn35PwfpqAskASjGZmfEUZD7A\">neste link<\/a>.<\/p>\n","protected":false},"excerpt":{"rendered":"<p>da Ag\u00eancia iNFRA As decis\u00f5es acerca dos reequil\u00edbrios dos contratos de concess\u00e3o devem acontecer em conjunto com o Minist\u00e9rio P\u00fablico e com o TCU (Tribunal de Contas da Uni\u00e3o). Foi o que afirmou, na \u00faltima sexta-feira (15), a secret\u00e1ria de Fomento, Planejamento e Parcerias do Minist\u00e9rio da Infraestrutura, Nat\u00e1lia Marcassa. \u201cQueremos instituir o protocolo de [&hellip;]<\/p>\n","protected":false},"author":9,"featured_media":4907,"comment_status":"closed","ping_status":"closed","sticky":false,"template":"","format":"standard","meta":{"_monsterinsights_skip_tracking":false,"_monsterinsights_sitenote_active":false,"_monsterinsights_sitenote_note":"","_monsterinsights_sitenote_category":0,"footnotes":""},"categories":[1,2053],"tags":[2012,775,890,2002,2011,18],"class_list":["post-4906","post","type-post","status-publish","format-standard","has-post-thumbnail","hentry","category-geral","category-infraliveventos","tag-karla-bertocco","tag-ministerio-da-infraestrutura","tag-natalia-marcassa","tag-pl-2-646-2020","tag-reequilibrios-de-contratos","tag-tcu"],"yoast_head":"<!-- This site is optimized with the Yoast SEO Premium plugin v25.4 (Yoast SEO v26.0) - https:\/\/yoast.com\/wordpress\/plugins\/seo\/ -->\n<title>iNFRADebate Live: Reequil\u00edbrios de contratos buscam protocolos com \u00f3rg\u00e3os de controle - Ag\u00eancia iNFRA<\/title>\n<meta name=\"robots\" content=\"index, follow, max-snippet:-1, max-image-preview:large, max-video-preview:-1\" \/>\n<link rel=\"canonical\" href=\"https:\/\/agenciainfra.com\/blog\/infradebate-live-reequilibrios-de-contratos-buscam-protocolos-com-orgaos-de-controle\/\" \/>\n<meta property=\"og:locale\" content=\"pt_BR\" \/>\n<meta property=\"og:type\" content=\"article\" \/>\n<meta property=\"og:title\" content=\"iNFRADebate Live: Reequil\u00edbrios de contratos buscam protocolos com \u00f3rg\u00e3os de controle\" \/>\n<meta property=\"og:description\" content=\"da Ag\u00eancia iNFRA As decis\u00f5es acerca dos reequil\u00edbrios dos contratos de concess\u00e3o devem acontecer em conjunto com o Minist\u00e9rio P\u00fablico e com o TCU (Tribunal de Contas da Uni\u00e3o). Foi o que afirmou, na \u00faltima sexta-feira (15), a secret\u00e1ria de Fomento, Planejamento e Parcerias do Minist\u00e9rio da Infraestrutura, Nat\u00e1lia Marcassa. \u201cQueremos instituir o protocolo de [&hellip;]\" \/>\n<meta property=\"og:url\" content=\"https:\/\/agenciainfra.com\/blog\/infradebate-live-reequilibrios-de-contratos-buscam-protocolos-com-orgaos-de-controle\/\" \/>\n<meta property=\"og:site_name\" content=\"Ag\u00eancia iNFRA\" \/>\n<meta property=\"article:publisher\" content=\"https:\/\/www.facebook.com\/ageninfra\" \/>\n<meta property=\"article:published_time\" content=\"2020-05-19T16:00:53+00:00\" \/>\n<meta property=\"article:modified_time\" content=\"2020-06-09T13:43:27+00:00\" \/>\n<meta property=\"og:image\" content=\"https:\/\/agenciainfra.com\/blog\/wp-content\/uploads\/2020\/05\/natalia-marcassa-foto-agencia-infra.png\" \/>\n\t<meta property=\"og:image:width\" content=\"1280\" \/>\n\t<meta property=\"og:image:height\" content=\"800\" \/>\n\t<meta property=\"og:image:type\" content=\"image\/png\" \/>\n<meta name=\"author\" content=\"Rodrigo Zuquim\" \/>\n<meta name=\"twitter:card\" content=\"summary_large_image\" \/>\n<meta name=\"twitter:creator\" content=\"@agencia_infra\" \/>\n<meta name=\"twitter:site\" content=\"@agencia_infra\" \/>\n<meta name=\"twitter:label1\" content=\"Escrito por\" \/>\n\t<meta name=\"twitter:data1\" content=\"Rodrigo Zuquim\" \/>\n\t<meta name=\"twitter:label2\" content=\"Est. tempo de leitura\" \/>\n\t<meta name=\"twitter:data2\" content=\"4 minutos\" \/>\n<script type=\"application\/ld+json\" class=\"yoast-schema-graph\">{\"@context\":\"https:\/\/schema.org\",\"@graph\":[{\"@type\":\"Article\",\"@id\":\"https:\/\/agenciainfra.com\/blog\/infradebate-live-reequilibrios-de-contratos-buscam-protocolos-com-orgaos-de-controle\/#article\",\"isPartOf\":{\"@id\":\"https:\/\/agenciainfra.com\/blog\/infradebate-live-reequilibrios-de-contratos-buscam-protocolos-com-orgaos-de-controle\/\"},\"author\":{\"name\":\"Rodrigo Zuquim\",\"@id\":\"https:\/\/agenciainfra.com\/blog\/#\/schema\/person\/04dbb79bd6d8951f063da71f3e4c1eb1\"},\"headline\":\"iNFRADebate Live: Reequil\u00edbrios de contratos buscam protocolos com \u00f3rg\u00e3os de controle\",\"datePublished\":\"2020-05-19T16:00:53+00:00\",\"dateModified\":\"2020-06-09T13:43:27+00:00\",\"mainEntityOfPage\":{\"@id\":\"https:\/\/agenciainfra.com\/blog\/infradebate-live-reequilibrios-de-contratos-buscam-protocolos-com-orgaos-de-controle\/\"},\"wordCount\":760,\"publisher\":{\"@id\":\"https:\/\/agenciainfra.com\/blog\/#organization\"},\"image\":{\"@id\":\"https:\/\/agenciainfra.com\/blog\/infradebate-live-reequilibrios-de-contratos-buscam-protocolos-com-orgaos-de-controle\/#primaryimage\"},\"thumbnailUrl\":\"https:\/\/agenciainfra.com\/blog\/wp-content\/uploads\/2020\/05\/natalia-marcassa-foto-agencia-infra.png\",\"keywords\":[\"Karla Bertocco\",\"Minist\u00e9rio da Infraestrutura\",\"Nat\u00e1lia Marcassa\",\"PL 2.646\/2020\",\"reequil\u00edbrios de contratos\",\"TCU\"],\"articleSection\":[\"Geral\",\"iNFRALive e Eventos\"],\"inLanguage\":\"pt-BR\",\"copyrightYear\":\"2020\",\"copyrightHolder\":{\"@id\":\"https:\/\/agenciainfra.com\/blog\/#organization\"}},{\"@type\":\"WebPage\",\"@id\":\"https:\/\/agenciainfra.com\/blog\/infradebate-live-reequilibrios-de-contratos-buscam-protocolos-com-orgaos-de-controle\/\",\"url\":\"https:\/\/agenciainfra.com\/blog\/infradebate-live-reequilibrios-de-contratos-buscam-protocolos-com-orgaos-de-controle\/\",\"name\":\"iNFRADebate Live: Reequil\u00edbrios de contratos buscam protocolos com \u00f3rg\u00e3os de controle - Ag\u00eancia iNFRA\",\"isPartOf\":{\"@id\":\"https:\/\/agenciainfra.com\/blog\/#website\"},\"primaryImageOfPage\":{\"@id\":\"https:\/\/agenciainfra.com\/blog\/infradebate-live-reequilibrios-de-contratos-buscam-protocolos-com-orgaos-de-controle\/#primaryimage\"},\"image\":{\"@id\":\"https:\/\/agenciainfra.com\/blog\/infradebate-live-reequilibrios-de-contratos-buscam-protocolos-com-orgaos-de-controle\/#primaryimage\"},\"thumbnailUrl\":\"https:\/\/agenciainfra.com\/blog\/wp-content\/uploads\/2020\/05\/natalia-marcassa-foto-agencia-infra.png\",\"datePublished\":\"2020-05-19T16:00:53+00:00\",\"dateModified\":\"2020-06-09T13:43:27+00:00\",\"breadcrumb\":{\"@id\":\"https:\/\/agenciainfra.com\/blog\/infradebate-live-reequilibrios-de-contratos-buscam-protocolos-com-orgaos-de-controle\/#breadcrumb\"},\"inLanguage\":\"pt-BR\",\"potentialAction\":[{\"@type\":\"ReadAction\",\"target\":[\"https:\/\/agenciainfra.com\/blog\/infradebate-live-reequilibrios-de-contratos-buscam-protocolos-com-orgaos-de-controle\/\"]}]},{\"@type\":\"ImageObject\",\"inLanguage\":\"pt-BR\",\"@id\":\"https:\/\/agenciainfra.com\/blog\/infradebate-live-reequilibrios-de-contratos-buscam-protocolos-com-orgaos-de-controle\/#primaryimage\",\"url\":\"https:\/\/agenciainfra.com\/blog\/wp-content\/uploads\/2020\/05\/natalia-marcassa-foto-agencia-infra.png\",\"contentUrl\":\"https:\/\/agenciainfra.com\/blog\/wp-content\/uploads\/2020\/05\/natalia-marcassa-foto-agencia-infra.png\",\"width\":1280,\"height\":800},{\"@type\":\"BreadcrumbList\",\"@id\":\"https:\/\/agenciainfra.com\/blog\/infradebate-live-reequilibrios-de-contratos-buscam-protocolos-com-orgaos-de-controle\/#breadcrumb\",\"itemListElement\":[{\"@type\":\"ListItem\",\"position\":1,\"name\":\"In\u00edcio\",\"item\":\"https:\/\/agenciainfra.com\/blog\/\"},{\"@type\":\"ListItem\",\"position\":2,\"name\":\"iNFRADebate Live: Reequil\u00edbrios de contratos buscam protocolos com \u00f3rg\u00e3os de controle\"}]},{\"@type\":\"WebSite\",\"@id\":\"https:\/\/agenciainfra.com\/blog\/#website\",\"url\":\"https:\/\/agenciainfra.com\/blog\/\",\"name\":\"Ag\u00eancia iNFRA\",\"description\":\"Multiplataforma de informa\u00e7\u00e3o jornal\u00edstica refer\u00eancia na \u00e1rea de infraestrutura no Brasil!\",\"publisher\":{\"@id\":\"https:\/\/agenciainfra.com\/blog\/#organization\"},\"potentialAction\":[{\"@type\":\"SearchAction\",\"target\":{\"@type\":\"EntryPoint\",\"urlTemplate\":\"https:\/\/agenciainfra.com\/blog\/?s={search_term_string}\"},\"query-input\":{\"@type\":\"PropertyValueSpecification\",\"valueRequired\":true,\"valueName\":\"search_term_string\"}}],\"inLanguage\":\"pt-BR\"},{\"@type\":\"Organization\",\"@id\":\"https:\/\/agenciainfra.com\/blog\/#organization\",\"name\":\"Ag\u00eancia iNFRA\",\"url\":\"https:\/\/agenciainfra.com\/blog\/\",\"logo\":{\"@type\":\"ImageObject\",\"inLanguage\":\"pt-BR\",\"@id\":\"https:\/\/agenciainfra.com\/blog\/#\/schema\/logo\/image\/\",\"url\":\"https:\/\/agenciainfra.com\/blog\/wp-content\/uploads\/2023\/09\/iNFRA_5-e1761735885940.png\",\"contentUrl\":\"https:\/\/agenciainfra.com\/blog\/wp-content\/uploads\/2023\/09\/iNFRA_5-e1761735885940.png\",\"width\":1672,\"height\":454,\"caption\":\"Ag\u00eancia iNFRA\"},\"image\":{\"@id\":\"https:\/\/agenciainfra.com\/blog\/#\/schema\/logo\/image\/\"},\"sameAs\":[\"https:\/\/www.facebook.com\/ageninfra\",\"https:\/\/x.com\/agencia_infra\",\"https:\/\/www.linkedin.com\/company\/ag\u00eanciainfra\/\",\"https:\/\/www.instagram.com\/agenciainfra\/\"]},{\"@type\":\"Person\",\"@id\":\"https:\/\/agenciainfra.com\/blog\/#\/schema\/person\/04dbb79bd6d8951f063da71f3e4c1eb1\",\"name\":\"Rodrigo Zuquim\",\"image\":{\"@type\":\"ImageObject\",\"inLanguage\":\"pt-BR\",\"@id\":\"https:\/\/agenciainfra.com\/blog\/#\/schema\/person\/image\/\",\"url\":\"https:\/\/secure.gravatar.com\/avatar\/594abfe82761d620726242ff34ca472a705a4b97f16c790053a6b4c4035274d0?s=96&d=mm&r=g\",\"contentUrl\":\"https:\/\/secure.gravatar.com\/avatar\/594abfe82761d620726242ff34ca472a705a4b97f16c790053a6b4c4035274d0?s=96&d=mm&r=g\",\"caption\":\"Rodrigo Zuquim\"},\"url\":\"https:\/\/agenciainfra.com\/blog\/author\/rodrigo-zuquim\/\"}]}<\/script>\n<!-- \/ Yoast SEO Premium plugin. -->","yoast_head_json":{"title":"iNFRADebate Live: Reequil\u00edbrios de contratos buscam protocolos com \u00f3rg\u00e3os de controle - Ag\u00eancia iNFRA","robots":{"index":"index","follow":"follow","max-snippet":"max-snippet:-1","max-image-preview":"max-image-preview:large","max-video-preview":"max-video-preview:-1"},"canonical":"https:\/\/agenciainfra.com\/blog\/infradebate-live-reequilibrios-de-contratos-buscam-protocolos-com-orgaos-de-controle\/","og_locale":"pt_BR","og_type":"article","og_title":"iNFRADebate Live: Reequil\u00edbrios de contratos buscam protocolos com \u00f3rg\u00e3os de controle","og_description":"da Ag\u00eancia iNFRA As decis\u00f5es acerca dos reequil\u00edbrios dos contratos de concess\u00e3o devem acontecer em conjunto com o Minist\u00e9rio P\u00fablico e com o TCU (Tribunal de Contas da Uni\u00e3o). Foi o que afirmou, na \u00faltima sexta-feira (15), a secret\u00e1ria de Fomento, Planejamento e Parcerias do Minist\u00e9rio da Infraestrutura, Nat\u00e1lia Marcassa. \u201cQueremos instituir o protocolo de [&hellip;]","og_url":"https:\/\/agenciainfra.com\/blog\/infradebate-live-reequilibrios-de-contratos-buscam-protocolos-com-orgaos-de-controle\/","og_site_name":"Ag\u00eancia iNFRA","article_publisher":"https:\/\/www.facebook.com\/ageninfra","article_published_time":"2020-05-19T16:00:53+00:00","article_modified_time":"2020-06-09T13:43:27+00:00","og_image":[{"width":1280,"height":800,"url":"https:\/\/agenciainfra.com\/blog\/wp-content\/uploads\/2020\/05\/natalia-marcassa-foto-agencia-infra.png","type":"image\/png"}],"author":"Rodrigo Zuquim","twitter_card":"summary_large_image","twitter_creator":"@agencia_infra","twitter_site":"@agencia_infra","twitter_misc":{"Escrito por":"Rodrigo Zuquim","Est. tempo de leitura":"4 minutos"},"schema":{"@context":"https:\/\/schema.org","@graph":[{"@type":"Article","@id":"https:\/\/agenciainfra.com\/blog\/infradebate-live-reequilibrios-de-contratos-buscam-protocolos-com-orgaos-de-controle\/#article","isPartOf":{"@id":"https:\/\/agenciainfra.com\/blog\/infradebate-live-reequilibrios-de-contratos-buscam-protocolos-com-orgaos-de-controle\/"},"author":{"name":"Rodrigo Zuquim","@id":"https:\/\/agenciainfra.com\/blog\/#\/schema\/person\/04dbb79bd6d8951f063da71f3e4c1eb1"},"headline":"iNFRADebate Live: Reequil\u00edbrios de contratos buscam protocolos com \u00f3rg\u00e3os de controle","datePublished":"2020-05-19T16:00:53+00:00","dateModified":"2020-06-09T13:43:27+00:00","mainEntityOfPage":{"@id":"https:\/\/agenciainfra.com\/blog\/infradebate-live-reequilibrios-de-contratos-buscam-protocolos-com-orgaos-de-controle\/"},"wordCount":760,"publisher":{"@id":"https:\/\/agenciainfra.com\/blog\/#organization"},"image":{"@id":"https:\/\/agenciainfra.com\/blog\/infradebate-live-reequilibrios-de-contratos-buscam-protocolos-com-orgaos-de-controle\/#primaryimage"},"thumbnailUrl":"https:\/\/agenciainfra.com\/blog\/wp-content\/uploads\/2020\/05\/natalia-marcassa-foto-agencia-infra.png","keywords":["Karla Bertocco","Minist\u00e9rio da Infraestrutura","Nat\u00e1lia Marcassa","PL 2.646\/2020","reequil\u00edbrios de contratos","TCU"],"articleSection":["Geral","iNFRALive e Eventos"],"inLanguage":"pt-BR","copyrightYear":"2020","copyrightHolder":{"@id":"https:\/\/agenciainfra.com\/blog\/#organization"}},{"@type":"WebPage","@id":"https:\/\/agenciainfra.com\/blog\/infradebate-live-reequilibrios-de-contratos-buscam-protocolos-com-orgaos-de-controle\/","url":"https:\/\/agenciainfra.com\/blog\/infradebate-live-reequilibrios-de-contratos-buscam-protocolos-com-orgaos-de-controle\/","name":"iNFRADebate Live: Reequil\u00edbrios de contratos buscam protocolos com \u00f3rg\u00e3os de controle - Ag\u00eancia iNFRA","isPartOf":{"@id":"https:\/\/agenciainfra.com\/blog\/#website"},"primaryImageOfPage":{"@id":"https:\/\/agenciainfra.com\/blog\/infradebate-live-reequilibrios-de-contratos-buscam-protocolos-com-orgaos-de-controle\/#primaryimage"},"image":{"@id":"https:\/\/agenciainfra.com\/blog\/infradebate-live-reequilibrios-de-contratos-buscam-protocolos-com-orgaos-de-controle\/#primaryimage"},"thumbnailUrl":"https:\/\/agenciainfra.com\/blog\/wp-content\/uploads\/2020\/05\/natalia-marcassa-foto-agencia-infra.png","datePublished":"2020-05-19T16:00:53+00:00","dateModified":"2020-06-09T13:43:27+00:00","breadcrumb":{"@id":"https:\/\/agenciainfra.com\/blog\/infradebate-live-reequilibrios-de-contratos-buscam-protocolos-com-orgaos-de-controle\/#breadcrumb"},"inLanguage":"pt-BR","potentialAction":[{"@type":"ReadAction","target":["https:\/\/agenciainfra.com\/blog\/infradebate-live-reequilibrios-de-contratos-buscam-protocolos-com-orgaos-de-controle\/"]}]},{"@type":"ImageObject","inLanguage":"pt-BR","@id":"https:\/\/agenciainfra.com\/blog\/infradebate-live-reequilibrios-de-contratos-buscam-protocolos-com-orgaos-de-controle\/#primaryimage","url":"https:\/\/agenciainfra.com\/blog\/wp-content\/uploads\/2020\/05\/natalia-marcassa-foto-agencia-infra.png","contentUrl":"https:\/\/agenciainfra.com\/blog\/wp-content\/uploads\/2020\/05\/natalia-marcassa-foto-agencia-infra.png","width":1280,"height":800},{"@type":"BreadcrumbList","@id":"https:\/\/agenciainfra.com\/blog\/infradebate-live-reequilibrios-de-contratos-buscam-protocolos-com-orgaos-de-controle\/#breadcrumb","itemListElement":[{"@type":"ListItem","position":1,"name":"In\u00edcio","item":"https:\/\/agenciainfra.com\/blog\/"},{"@type":"ListItem","position":2,"name":"iNFRADebate Live: Reequil\u00edbrios de contratos buscam protocolos com \u00f3rg\u00e3os de controle"}]},{"@type":"WebSite","@id":"https:\/\/agenciainfra.com\/blog\/#website","url":"https:\/\/agenciainfra.com\/blog\/","name":"Ag\u00eancia iNFRA","description":"Multiplataforma de informa\u00e7\u00e3o jornal\u00edstica refer\u00eancia na \u00e1rea de infraestrutura no Brasil!","publisher":{"@id":"https:\/\/agenciainfra.com\/blog\/#organization"},"potentialAction":[{"@type":"SearchAction","target":{"@type":"EntryPoint","urlTemplate":"https:\/\/agenciainfra.com\/blog\/?s={search_term_string}"},"query-input":{"@type":"PropertyValueSpecification","valueRequired":true,"valueName":"search_term_string"}}],"inLanguage":"pt-BR"},{"@type":"Organization","@id":"https:\/\/agenciainfra.com\/blog\/#organization","name":"Ag\u00eancia iNFRA","url":"https:\/\/agenciainfra.com\/blog\/","logo":{"@type":"ImageObject","inLanguage":"pt-BR","@id":"https:\/\/agenciainfra.com\/blog\/#\/schema\/logo\/image\/","url":"https:\/\/agenciainfra.com\/blog\/wp-content\/uploads\/2023\/09\/iNFRA_5-e1761735885940.png","contentUrl":"https:\/\/agenciainfra.com\/blog\/wp-content\/uploads\/2023\/09\/iNFRA_5-e1761735885940.png","width":1672,"height":454,"caption":"Ag\u00eancia iNFRA"},"image":{"@id":"https:\/\/agenciainfra.com\/blog\/#\/schema\/logo\/image\/"},"sameAs":["https:\/\/www.facebook.com\/ageninfra","https:\/\/x.com\/agencia_infra","https:\/\/www.linkedin.com\/company\/ag\u00eanciainfra\/","https:\/\/www.instagram.com\/agenciainfra\/"]},{"@type":"Person","@id":"https:\/\/agenciainfra.com\/blog\/#\/schema\/person\/04dbb79bd6d8951f063da71f3e4c1eb1","name":"Rodrigo Zuquim","image":{"@type":"ImageObject","inLanguage":"pt-BR","@id":"https:\/\/agenciainfra.com\/blog\/#\/schema\/person\/image\/","url":"https:\/\/secure.gravatar.com\/avatar\/594abfe82761d620726242ff34ca472a705a4b97f16c790053a6b4c4035274d0?s=96&d=mm&r=g","contentUrl":"https:\/\/secure.gravatar.com\/avatar\/594abfe82761d620726242ff34ca472a705a4b97f16c790053a6b4c4035274d0?s=96&d=mm&r=g","caption":"Rodrigo Zuquim"},"url":"https:\/\/agenciainfra.com\/blog\/author\/rodrigo-zuquim\/"}]}},"_links":{"self":[{"href":"https:\/\/agenciainfra.com\/blog\/wp-json\/wp\/v2\/posts\/4906","targetHints":{"allow":["GET"]}}],"collection":[{"href":"https:\/\/agenciainfra.com\/blog\/wp-json\/wp\/v2\/posts"}],"about":[{"href":"https:\/\/agenciainfra.com\/blog\/wp-json\/wp\/v2\/types\/post"}],"author":[{"embeddable":true,"href":"https:\/\/agenciainfra.com\/blog\/wp-json\/wp\/v2\/users\/9"}],"replies":[{"embeddable":true,"href":"https:\/\/agenciainfra.com\/blog\/wp-json\/wp\/v2\/comments?post=4906"}],"version-history":[{"count":0,"href":"https:\/\/agenciainfra.com\/blog\/wp-json\/wp\/v2\/posts\/4906\/revisions"}],"wp:featuredmedia":[{"embeddable":true,"href":"https:\/\/agenciainfra.com\/blog\/wp-json\/wp\/v2\/media\/4907"}],"wp:attachment":[{"href":"https:\/\/agenciainfra.com\/blog\/wp-json\/wp\/v2\/media?parent=4906"}],"wp:term":[{"taxonomy":"category","embeddable":true,"href":"https:\/\/agenciainfra.com\/blog\/wp-json\/wp\/v2\/categories?post=4906"},{"taxonomy":"post_tag","embeddable":true,"href":"https:\/\/agenciainfra.com\/blog\/wp-json\/wp\/v2\/tags?post=4906"}],"curies":[{"name":"wp","href":"https:\/\/api.w.org\/{rel}","templated":true}]}}