{"id":4923,"date":"2020-05-23T08:00:04","date_gmt":"2020-05-23T11:00:04","guid":{"rendered":"http:\/\/www.agenciainfra.com\/blog\/?p=4923"},"modified":"2020-05-21T20:12:31","modified_gmt":"2020-05-21T23:12:31","slug":"antaq-nega-recurso-da-cni-contra-cobranca-de-inspecao-de-conteineres-e-inicia-regulacao","status":"publish","type":"post","link":"https:\/\/agenciainfra.com\/blog\/antaq-nega-recurso-da-cni-contra-cobranca-de-inspecao-de-conteineres-e-inicia-regulacao\/","title":{"rendered":"ANTAQ nega recurso da CNI contra cobran\u00e7a de inspe\u00e7\u00e3o de cont\u00eaineres e inicia regula\u00e7\u00e3o"},"content":{"rendered":"<div>\n<h5 style=\"text-align: right;\"><strong>da Ag\u00eancia iNFRA<\/strong><\/h5>\n<\/div>\n<p dir=\"ltr\">A diretoria da ANTAQ (Ag\u00eancia Nacional de Transportes Aquavi\u00e1rios) negou provimento a recurso da CNI (Confedera\u00e7\u00e3o Nacional da Ind\u00fastria) contra decis\u00e3o da ag\u00eancia do fim do ano passado que considerou regular a cobran\u00e7a de escaneamento de cont\u00eaineres (INI, Inspe\u00e7\u00e3o N\u00e3o Invasiva). A decis\u00e3o da ag\u00eancia est\u00e1\u00a0<a href=\"https:\/\/agenciainfra.us14.list-manage.com\/track\/click?u=d460dd1bcf9ba0ae040e1fc0f&amp;id=33d9c8d565&amp;e=c099169394\" target=\"_blank\" rel=\"noopener noreferrer\" data-saferedirecturl=\"https:\/\/www.google.com\/url?q=https:\/\/agenciainfra.us14.list-manage.com\/track\/click?u%3Dd460dd1bcf9ba0ae040e1fc0f%26id%3D33d9c8d565%26e%3Dc099169394&amp;source=gmail&amp;ust=1590188444288000&amp;usg=AFQjCNEjdk_w_ZcTMJ33gBIcX3se5neQJA\">neste link<\/a>.<\/p>\n<p>A decis\u00e3o referendou que a Instru\u00e7\u00e3o Normativa 34, que regulamenta a cobran\u00e7a, est\u00e1 de acordo e que a ag\u00eancia vai seguir em sua prerrogativa de fazer a regula\u00e7\u00e3o dos abusos nesse tipo de cobran\u00e7a, que desde 2016 \u00e9 contestada pela confedera\u00e7\u00e3o.<\/p>\n<p>&#8220;Entendeu-se por manter a cobran\u00e7a da INI como est\u00e1 (individualizada) e regular poss\u00edveis abusividades, com vistas \u00e0 aplica\u00e7\u00e3o de uma forte e incisiva regula\u00e7\u00e3o ex post, a fim de monitorar e coibir cobran\u00e7as n\u00e3o justific\u00e1veis e em abuso de eventual posi\u00e7\u00e3o dominante constatada&#8221;, diz o voto do diretor-geral interino, Francisval Mendes, que aprovou um calend\u00e1rio de 180 dias\u00a0para a execu\u00e7\u00e3o do plano de trabalho da proposta que vai regular abusividades na cobran\u00e7a.<\/p>\n<p><strong>Para o minist\u00e9rio<\/strong><br \/>\nEm outra decis\u00e3o, em pedido do Tecab (Terminais de Armazenagens de Cabedelo), na Para\u00edba,\u00a0para que o arrendamento fosse isentado de cumprimento de obriga\u00e7\u00f5es em decorr\u00eancia da pandemia da Covid-19, a diretoria da ag\u00eancia entendeu que n\u00e3o \u00e9 fun\u00e7\u00e3o dela esse tipo de an\u00e1lise.<\/p>\n<p>De acordo com o voto do diretor Mendes, essa atribui\u00e7\u00e3o \u00e9 do poder concedente, no caso o Minist\u00e9rio da Infraestrutura, para onde o pedido foi encaminhado. A decis\u00e3o est\u00e1\u00a0<a href=\"https:\/\/agenciainfra.us14.list-manage.com\/track\/click?u=d460dd1bcf9ba0ae040e1fc0f&amp;id=6567ad4032&amp;e=c099169394\" target=\"_blank\" rel=\"noopener noreferrer\" data-saferedirecturl=\"https:\/\/www.google.com\/url?q=https:\/\/agenciainfra.us14.list-manage.com\/track\/click?u%3Dd460dd1bcf9ba0ae040e1fc0f%26id%3D6567ad4032%26e%3Dc099169394&amp;source=gmail&amp;ust=1590188444288000&amp;usg=AFQjCNFcfQrbVhhx8lAPAO5WjPnwHVoMYg\">neste link<\/a>.<\/p>\n<p>A ag\u00eancia tamb\u00e9m manteve decis\u00e3o de indeferir, por inexist\u00eancia dos pressupostos m\u00ednimos para a ado\u00e7\u00e3o da medida,\u00a0pedido de medida administrativa cautelar da Abac (Associa\u00e7\u00e3o Brasileira dos Armadores de Cabotagem) contra Resolu\u00e7\u00e3o DIPRE 154, da Codesp (Companhia Docas do Estado de S\u00e3o Paulo), que estabeleceu nova metodologia para a cobran\u00e7a da Tabela I de tarifas. A decis\u00e3o est\u00e1\u00a0<a href=\"https:\/\/agenciainfra.us14.list-manage.com\/track\/click?u=d460dd1bcf9ba0ae040e1fc0f&amp;id=ea1d0f09fc&amp;e=c099169394\" target=\"_blank\" rel=\"noopener noreferrer\" data-saferedirecturl=\"https:\/\/www.google.com\/url?q=https:\/\/agenciainfra.us14.list-manage.com\/track\/click?u%3Dd460dd1bcf9ba0ae040e1fc0f%26id%3Dea1d0f09fc%26e%3Dc099169394&amp;source=gmail&amp;ust=1590188444288000&amp;usg=AFQjCNHlYA1OuR31COWovIfJmgzGwXJXgA\">neste link<\/a>.<\/p>\n<p>Os diretores votaram por responder\u00a0<a href=\"https:\/\/agenciainfra.us14.list-manage.com\/track\/click?u=d460dd1bcf9ba0ae040e1fc0f&amp;id=5d09a42b98&amp;e=c099169394\" target=\"_blank\" rel=\"noopener noreferrer\" data-saferedirecturl=\"https:\/\/www.google.com\/url?q=https:\/\/agenciainfra.us14.list-manage.com\/track\/click?u%3Dd460dd1bcf9ba0ae040e1fc0f%26id%3D5d09a42b98%26e%3Dc099169394&amp;source=gmail&amp;ust=1590188444288000&amp;usg=AFQjCNFDrcwe2zErKHOAzn0fW_GaK8rz1A\">consulta da Zemax Log<\/a>\u00a0sobre interpreta\u00e7\u00e3o da Resolu\u00e7\u00e3o Normativa 01\/2015, que trata das regras de afretamento;\u00a0e\u00a0retiraram de pauta o processo 50300.004838\/2018-01, que trata de &#8220;Relat\u00f3rio de Grupo de Trabalho acerca dos requisitos contidos no artigo 5\u00ba da Resolu\u00e7\u00e3o Normativa 01-ANTAQ\/2015&#8221;; e o processo 50300.007179\/2016-95, consulta externa da Marimex Despachos e Transportes. A p\u00e1gina com as decis\u00f5es est\u00e1\u00a0<a href=\"https:\/\/agenciainfra.us14.list-manage.com\/track\/click?u=d460dd1bcf9ba0ae040e1fc0f&amp;id=40214a3213&amp;e=c099169394\" target=\"_blank\" rel=\"noopener noreferrer\" data-saferedirecturl=\"https:\/\/www.google.com\/url?q=https:\/\/agenciainfra.us14.list-manage.com\/track\/click?u%3Dd460dd1bcf9ba0ae040e1fc0f%26id%3D40214a3213%26e%3Dc099169394&amp;source=gmail&amp;ust=1590188444288000&amp;usg=AFQjCNE2sMFUljSzwvhx-y2Y4aDPfCQMog\">neste link<\/a>.<\/p>\n","protected":false},"excerpt":{"rendered":"<p>da Ag\u00eancia iNFRA A diretoria da ANTAQ (Ag\u00eancia Nacional de Transportes Aquavi\u00e1rios) negou provimento a recurso da CNI (Confedera\u00e7\u00e3o Nacional da Ind\u00fastria) contra decis\u00e3o da ag\u00eancia do fim do ano passado que considerou regular a cobran\u00e7a de escaneamento de cont\u00eaineres (INI, Inspe\u00e7\u00e3o N\u00e3o Invasiva). A decis\u00e3o da ag\u00eancia est\u00e1\u00a0neste link. A decis\u00e3o referendou que a [&hellip;]<\/p>\n","protected":false},"author":9,"featured_media":4925,"comment_status":"closed","ping_status":"closed","sticky":false,"template":"","format":"standard","meta":{"_monsterinsights_skip_tracking":false,"_monsterinsights_sitenote_active":false,"_monsterinsights_sitenote_note":"","_monsterinsights_sitenote_category":0,"footnotes":""},"categories":[7],"tags":[2018,86,350,307,925,2014,2015,2016,1718,2017,2019],"class_list":["post-4923","post","type-post","status-publish","format-standard","has-post-thumbnail","hentry","category-infratransporte","tag-acab","tag-antaq","tag-cni","tag-codesp","tag-francisval-mendes","tag-ini","tag-inspecao-nao-invasiva","tag-instrucao-normativa-34","tag-marimex","tag-tecab","tag-zemax-log"],"yoast_head":"<!-- This site is optimized with the Yoast SEO Premium plugin v25.4 (Yoast SEO v26.0) - https:\/\/yoast.com\/wordpress\/plugins\/seo\/ -->\n<title>ANTAQ nega recurso da CNI contra cobran\u00e7a de inspe\u00e7\u00e3o de cont\u00eaineres e inicia regula\u00e7\u00e3o - Ag\u00eancia iNFRA<\/title>\n<meta name=\"robots\" content=\"index, follow, max-snippet:-1, max-image-preview:large, max-video-preview:-1\" \/>\n<link rel=\"canonical\" href=\"https:\/\/agenciainfra.com\/blog\/antaq-nega-recurso-da-cni-contra-cobranca-de-inspecao-de-conteineres-e-inicia-regulacao\/\" \/>\n<meta property=\"og:locale\" content=\"pt_BR\" \/>\n<meta property=\"og:type\" content=\"article\" \/>\n<meta property=\"og:title\" content=\"ANTAQ nega recurso da CNI contra cobran\u00e7a de inspe\u00e7\u00e3o de cont\u00eaineres e inicia regula\u00e7\u00e3o\" \/>\n<meta property=\"og:description\" content=\"da Ag\u00eancia iNFRA A diretoria da ANTAQ (Ag\u00eancia Nacional de Transportes Aquavi\u00e1rios) negou provimento a recurso da CNI (Confedera\u00e7\u00e3o Nacional da Ind\u00fastria) contra decis\u00e3o da ag\u00eancia do fim do ano passado que considerou regular a cobran\u00e7a de escaneamento de cont\u00eaineres (INI, Inspe\u00e7\u00e3o N\u00e3o Invasiva). A decis\u00e3o da ag\u00eancia est\u00e1\u00a0neste link. A decis\u00e3o referendou que a [&hellip;]\" \/>\n<meta property=\"og:url\" content=\"https:\/\/agenciainfra.com\/blog\/antaq-nega-recurso-da-cni-contra-cobranca-de-inspecao-de-conteineres-e-inicia-regulacao\/\" \/>\n<meta property=\"og:site_name\" content=\"Ag\u00eancia iNFRA\" \/>\n<meta property=\"article:publisher\" content=\"https:\/\/www.facebook.com\/ageninfra\" \/>\n<meta property=\"article:published_time\" content=\"2020-05-23T11:00:04+00:00\" \/>\n<meta property=\"og:image\" content=\"https:\/\/agenciainfra.com\/blog\/wp-content\/uploads\/2020\/05\/conteineres-foto-dominio-publico.jpg\" \/>\n\t<meta property=\"og:image:width\" content=\"1280\" \/>\n\t<meta property=\"og:image:height\" content=\"853\" \/>\n\t<meta property=\"og:image:type\" content=\"image\/jpeg\" \/>\n<meta name=\"author\" content=\"Rodrigo Zuquim\" \/>\n<meta name=\"twitter:card\" content=\"summary_large_image\" \/>\n<meta name=\"twitter:creator\" content=\"@agencia_infra\" \/>\n<meta name=\"twitter:site\" content=\"@agencia_infra\" \/>\n<meta name=\"twitter:label1\" content=\"Escrito por\" \/>\n\t<meta name=\"twitter:data1\" content=\"Rodrigo Zuquim\" \/>\n\t<meta name=\"twitter:label2\" content=\"Est. tempo de leitura\" \/>\n\t<meta name=\"twitter:data2\" content=\"2 minutos\" \/>\n<script type=\"application\/ld+json\" class=\"yoast-schema-graph\">{\"@context\":\"https:\/\/schema.org\",\"@graph\":[{\"@type\":\"Article\",\"@id\":\"https:\/\/agenciainfra.com\/blog\/antaq-nega-recurso-da-cni-contra-cobranca-de-inspecao-de-conteineres-e-inicia-regulacao\/#article\",\"isPartOf\":{\"@id\":\"https:\/\/agenciainfra.com\/blog\/antaq-nega-recurso-da-cni-contra-cobranca-de-inspecao-de-conteineres-e-inicia-regulacao\/\"},\"author\":{\"name\":\"Rodrigo Zuquim\",\"@id\":\"https:\/\/agenciainfra.com\/blog\/#\/schema\/person\/04dbb79bd6d8951f063da71f3e4c1eb1\"},\"headline\":\"ANTAQ nega recurso da CNI contra cobran\u00e7a de inspe\u00e7\u00e3o de cont\u00eaineres e inicia regula\u00e7\u00e3o\",\"datePublished\":\"2020-05-23T11:00:04+00:00\",\"mainEntityOfPage\":{\"@id\":\"https:\/\/agenciainfra.com\/blog\/antaq-nega-recurso-da-cni-contra-cobranca-de-inspecao-de-conteineres-e-inicia-regulacao\/\"},\"wordCount\":437,\"publisher\":{\"@id\":\"https:\/\/agenciainfra.com\/blog\/#organization\"},\"image\":{\"@id\":\"https:\/\/agenciainfra.com\/blog\/antaq-nega-recurso-da-cni-contra-cobranca-de-inspecao-de-conteineres-e-inicia-regulacao\/#primaryimage\"},\"thumbnailUrl\":\"https:\/\/agenciainfra.com\/blog\/wp-content\/uploads\/2020\/05\/conteineres-foto-dominio-publico.jpg\",\"keywords\":[\"Acab\",\"ANTAQ\",\"CNI\",\"Codesp\",\"Francisval Mendes\",\"INI\",\"Inspe\u00e7\u00e3o N\u00e3o Invasiva\",\"Instru\u00e7\u00e3o Normativa 34\",\"Marimex\",\"Tecab\",\"Zemax Log\"],\"articleSection\":[\"iNFRATransporte\"],\"inLanguage\":\"pt-BR\",\"copyrightYear\":\"2020\",\"copyrightHolder\":{\"@id\":\"https:\/\/agenciainfra.com\/blog\/#organization\"}},{\"@type\":\"WebPage\",\"@id\":\"https:\/\/agenciainfra.com\/blog\/antaq-nega-recurso-da-cni-contra-cobranca-de-inspecao-de-conteineres-e-inicia-regulacao\/\",\"url\":\"https:\/\/agenciainfra.com\/blog\/antaq-nega-recurso-da-cni-contra-cobranca-de-inspecao-de-conteineres-e-inicia-regulacao\/\",\"name\":\"ANTAQ nega recurso da CNI contra cobran\u00e7a de inspe\u00e7\u00e3o de cont\u00eaineres e inicia regula\u00e7\u00e3o - Ag\u00eancia iNFRA\",\"isPartOf\":{\"@id\":\"https:\/\/agenciainfra.com\/blog\/#website\"},\"primaryImageOfPage\":{\"@id\":\"https:\/\/agenciainfra.com\/blog\/antaq-nega-recurso-da-cni-contra-cobranca-de-inspecao-de-conteineres-e-inicia-regulacao\/#primaryimage\"},\"image\":{\"@id\":\"https:\/\/agenciainfra.com\/blog\/antaq-nega-recurso-da-cni-contra-cobranca-de-inspecao-de-conteineres-e-inicia-regulacao\/#primaryimage\"},\"thumbnailUrl\":\"https:\/\/agenciainfra.com\/blog\/wp-content\/uploads\/2020\/05\/conteineres-foto-dominio-publico.jpg\",\"datePublished\":\"2020-05-23T11:00:04+00:00\",\"breadcrumb\":{\"@id\":\"https:\/\/agenciainfra.com\/blog\/antaq-nega-recurso-da-cni-contra-cobranca-de-inspecao-de-conteineres-e-inicia-regulacao\/#breadcrumb\"},\"inLanguage\":\"pt-BR\",\"potentialAction\":[{\"@type\":\"ReadAction\",\"target\":[\"https:\/\/agenciainfra.com\/blog\/antaq-nega-recurso-da-cni-contra-cobranca-de-inspecao-de-conteineres-e-inicia-regulacao\/\"]}]},{\"@type\":\"ImageObject\",\"inLanguage\":\"pt-BR\",\"@id\":\"https:\/\/agenciainfra.com\/blog\/antaq-nega-recurso-da-cni-contra-cobranca-de-inspecao-de-conteineres-e-inicia-regulacao\/#primaryimage\",\"url\":\"https:\/\/agenciainfra.com\/blog\/wp-content\/uploads\/2020\/05\/conteineres-foto-dominio-publico.jpg\",\"contentUrl\":\"https:\/\/agenciainfra.com\/blog\/wp-content\/uploads\/2020\/05\/conteineres-foto-dominio-publico.jpg\",\"width\":1280,\"height\":853,\"caption\":\"Foto: Dom\u00ednio p\u00fablico\"},{\"@type\":\"BreadcrumbList\",\"@id\":\"https:\/\/agenciainfra.com\/blog\/antaq-nega-recurso-da-cni-contra-cobranca-de-inspecao-de-conteineres-e-inicia-regulacao\/#breadcrumb\",\"itemListElement\":[{\"@type\":\"ListItem\",\"position\":1,\"name\":\"In\u00edcio\",\"item\":\"https:\/\/agenciainfra.com\/blog\/\"},{\"@type\":\"ListItem\",\"position\":2,\"name\":\"ANTAQ nega recurso da CNI contra cobran\u00e7a de inspe\u00e7\u00e3o de cont\u00eaineres e inicia regula\u00e7\u00e3o\"}]},{\"@type\":\"WebSite\",\"@id\":\"https:\/\/agenciainfra.com\/blog\/#website\",\"url\":\"https:\/\/agenciainfra.com\/blog\/\",\"name\":\"Ag\u00eancia iNFRA\",\"description\":\"Multiplataforma de informa\u00e7\u00e3o jornal\u00edstica refer\u00eancia na \u00e1rea de infraestrutura no Brasil!\",\"publisher\":{\"@id\":\"https:\/\/agenciainfra.com\/blog\/#organization\"},\"potentialAction\":[{\"@type\":\"SearchAction\",\"target\":{\"@type\":\"EntryPoint\",\"urlTemplate\":\"https:\/\/agenciainfra.com\/blog\/?s={search_term_string}\"},\"query-input\":{\"@type\":\"PropertyValueSpecification\",\"valueRequired\":true,\"valueName\":\"search_term_string\"}}],\"inLanguage\":\"pt-BR\"},{\"@type\":\"Organization\",\"@id\":\"https:\/\/agenciainfra.com\/blog\/#organization\",\"name\":\"Ag\u00eancia iNFRA\",\"url\":\"https:\/\/agenciainfra.com\/blog\/\",\"logo\":{\"@type\":\"ImageObject\",\"inLanguage\":\"pt-BR\",\"@id\":\"https:\/\/agenciainfra.com\/blog\/#\/schema\/logo\/image\/\",\"url\":\"https:\/\/agenciainfra.com\/blog\/wp-content\/uploads\/2023\/09\/iNFRA_5-e1761735885940.png\",\"contentUrl\":\"https:\/\/agenciainfra.com\/blog\/wp-content\/uploads\/2023\/09\/iNFRA_5-e1761735885940.png\",\"width\":1672,\"height\":454,\"caption\":\"Ag\u00eancia iNFRA\"},\"image\":{\"@id\":\"https:\/\/agenciainfra.com\/blog\/#\/schema\/logo\/image\/\"},\"sameAs\":[\"https:\/\/www.facebook.com\/ageninfra\",\"https:\/\/x.com\/agencia_infra\",\"https:\/\/www.linkedin.com\/company\/ag\u00eanciainfra\/\",\"https:\/\/www.instagram.com\/agenciainfra\/\"]},{\"@type\":\"Person\",\"@id\":\"https:\/\/agenciainfra.com\/blog\/#\/schema\/person\/04dbb79bd6d8951f063da71f3e4c1eb1\",\"name\":\"Rodrigo Zuquim\",\"image\":{\"@type\":\"ImageObject\",\"inLanguage\":\"pt-BR\",\"@id\":\"https:\/\/agenciainfra.com\/blog\/#\/schema\/person\/image\/\",\"url\":\"https:\/\/secure.gravatar.com\/avatar\/594abfe82761d620726242ff34ca472a705a4b97f16c790053a6b4c4035274d0?s=96&d=mm&r=g\",\"contentUrl\":\"https:\/\/secure.gravatar.com\/avatar\/594abfe82761d620726242ff34ca472a705a4b97f16c790053a6b4c4035274d0?s=96&d=mm&r=g\",\"caption\":\"Rodrigo Zuquim\"},\"url\":\"https:\/\/agenciainfra.com\/blog\/author\/rodrigo-zuquim\/\"}]}<\/script>\n<!-- \/ Yoast SEO Premium plugin. -->","yoast_head_json":{"title":"ANTAQ nega recurso da CNI contra cobran\u00e7a de inspe\u00e7\u00e3o de cont\u00eaineres e inicia regula\u00e7\u00e3o - Ag\u00eancia iNFRA","robots":{"index":"index","follow":"follow","max-snippet":"max-snippet:-1","max-image-preview":"max-image-preview:large","max-video-preview":"max-video-preview:-1"},"canonical":"https:\/\/agenciainfra.com\/blog\/antaq-nega-recurso-da-cni-contra-cobranca-de-inspecao-de-conteineres-e-inicia-regulacao\/","og_locale":"pt_BR","og_type":"article","og_title":"ANTAQ nega recurso da CNI contra cobran\u00e7a de inspe\u00e7\u00e3o de cont\u00eaineres e inicia regula\u00e7\u00e3o","og_description":"da Ag\u00eancia iNFRA A diretoria da ANTAQ (Ag\u00eancia Nacional de Transportes Aquavi\u00e1rios) negou provimento a recurso da CNI (Confedera\u00e7\u00e3o Nacional da Ind\u00fastria) contra decis\u00e3o da ag\u00eancia do fim do ano passado que considerou regular a cobran\u00e7a de escaneamento de cont\u00eaineres (INI, Inspe\u00e7\u00e3o N\u00e3o Invasiva). A decis\u00e3o da ag\u00eancia est\u00e1\u00a0neste link. A decis\u00e3o referendou que a [&hellip;]","og_url":"https:\/\/agenciainfra.com\/blog\/antaq-nega-recurso-da-cni-contra-cobranca-de-inspecao-de-conteineres-e-inicia-regulacao\/","og_site_name":"Ag\u00eancia iNFRA","article_publisher":"https:\/\/www.facebook.com\/ageninfra","article_published_time":"2020-05-23T11:00:04+00:00","og_image":[{"width":1280,"height":853,"url":"https:\/\/agenciainfra.com\/blog\/wp-content\/uploads\/2020\/05\/conteineres-foto-dominio-publico.jpg","type":"image\/jpeg"}],"author":"Rodrigo Zuquim","twitter_card":"summary_large_image","twitter_creator":"@agencia_infra","twitter_site":"@agencia_infra","twitter_misc":{"Escrito por":"Rodrigo Zuquim","Est. tempo de leitura":"2 minutos"},"schema":{"@context":"https:\/\/schema.org","@graph":[{"@type":"Article","@id":"https:\/\/agenciainfra.com\/blog\/antaq-nega-recurso-da-cni-contra-cobranca-de-inspecao-de-conteineres-e-inicia-regulacao\/#article","isPartOf":{"@id":"https:\/\/agenciainfra.com\/blog\/antaq-nega-recurso-da-cni-contra-cobranca-de-inspecao-de-conteineres-e-inicia-regulacao\/"},"author":{"name":"Rodrigo Zuquim","@id":"https:\/\/agenciainfra.com\/blog\/#\/schema\/person\/04dbb79bd6d8951f063da71f3e4c1eb1"},"headline":"ANTAQ nega recurso da CNI contra cobran\u00e7a de inspe\u00e7\u00e3o de cont\u00eaineres e inicia regula\u00e7\u00e3o","datePublished":"2020-05-23T11:00:04+00:00","mainEntityOfPage":{"@id":"https:\/\/agenciainfra.com\/blog\/antaq-nega-recurso-da-cni-contra-cobranca-de-inspecao-de-conteineres-e-inicia-regulacao\/"},"wordCount":437,"publisher":{"@id":"https:\/\/agenciainfra.com\/blog\/#organization"},"image":{"@id":"https:\/\/agenciainfra.com\/blog\/antaq-nega-recurso-da-cni-contra-cobranca-de-inspecao-de-conteineres-e-inicia-regulacao\/#primaryimage"},"thumbnailUrl":"https:\/\/agenciainfra.com\/blog\/wp-content\/uploads\/2020\/05\/conteineres-foto-dominio-publico.jpg","keywords":["Acab","ANTAQ","CNI","Codesp","Francisval Mendes","INI","Inspe\u00e7\u00e3o N\u00e3o Invasiva","Instru\u00e7\u00e3o Normativa 34","Marimex","Tecab","Zemax Log"],"articleSection":["iNFRATransporte"],"inLanguage":"pt-BR","copyrightYear":"2020","copyrightHolder":{"@id":"https:\/\/agenciainfra.com\/blog\/#organization"}},{"@type":"WebPage","@id":"https:\/\/agenciainfra.com\/blog\/antaq-nega-recurso-da-cni-contra-cobranca-de-inspecao-de-conteineres-e-inicia-regulacao\/","url":"https:\/\/agenciainfra.com\/blog\/antaq-nega-recurso-da-cni-contra-cobranca-de-inspecao-de-conteineres-e-inicia-regulacao\/","name":"ANTAQ nega recurso da CNI contra cobran\u00e7a de inspe\u00e7\u00e3o de cont\u00eaineres e inicia regula\u00e7\u00e3o - Ag\u00eancia iNFRA","isPartOf":{"@id":"https:\/\/agenciainfra.com\/blog\/#website"},"primaryImageOfPage":{"@id":"https:\/\/agenciainfra.com\/blog\/antaq-nega-recurso-da-cni-contra-cobranca-de-inspecao-de-conteineres-e-inicia-regulacao\/#primaryimage"},"image":{"@id":"https:\/\/agenciainfra.com\/blog\/antaq-nega-recurso-da-cni-contra-cobranca-de-inspecao-de-conteineres-e-inicia-regulacao\/#primaryimage"},"thumbnailUrl":"https:\/\/agenciainfra.com\/blog\/wp-content\/uploads\/2020\/05\/conteineres-foto-dominio-publico.jpg","datePublished":"2020-05-23T11:00:04+00:00","breadcrumb":{"@id":"https:\/\/agenciainfra.com\/blog\/antaq-nega-recurso-da-cni-contra-cobranca-de-inspecao-de-conteineres-e-inicia-regulacao\/#breadcrumb"},"inLanguage":"pt-BR","potentialAction":[{"@type":"ReadAction","target":["https:\/\/agenciainfra.com\/blog\/antaq-nega-recurso-da-cni-contra-cobranca-de-inspecao-de-conteineres-e-inicia-regulacao\/"]}]},{"@type":"ImageObject","inLanguage":"pt-BR","@id":"https:\/\/agenciainfra.com\/blog\/antaq-nega-recurso-da-cni-contra-cobranca-de-inspecao-de-conteineres-e-inicia-regulacao\/#primaryimage","url":"https:\/\/agenciainfra.com\/blog\/wp-content\/uploads\/2020\/05\/conteineres-foto-dominio-publico.jpg","contentUrl":"https:\/\/agenciainfra.com\/blog\/wp-content\/uploads\/2020\/05\/conteineres-foto-dominio-publico.jpg","width":1280,"height":853,"caption":"Foto: Dom\u00ednio p\u00fablico"},{"@type":"BreadcrumbList","@id":"https:\/\/agenciainfra.com\/blog\/antaq-nega-recurso-da-cni-contra-cobranca-de-inspecao-de-conteineres-e-inicia-regulacao\/#breadcrumb","itemListElement":[{"@type":"ListItem","position":1,"name":"In\u00edcio","item":"https:\/\/agenciainfra.com\/blog\/"},{"@type":"ListItem","position":2,"name":"ANTAQ nega recurso da CNI contra cobran\u00e7a de inspe\u00e7\u00e3o de cont\u00eaineres e inicia regula\u00e7\u00e3o"}]},{"@type":"WebSite","@id":"https:\/\/agenciainfra.com\/blog\/#website","url":"https:\/\/agenciainfra.com\/blog\/","name":"Ag\u00eancia iNFRA","description":"Multiplataforma de informa\u00e7\u00e3o jornal\u00edstica refer\u00eancia na \u00e1rea de infraestrutura no Brasil!","publisher":{"@id":"https:\/\/agenciainfra.com\/blog\/#organization"},"potentialAction":[{"@type":"SearchAction","target":{"@type":"EntryPoint","urlTemplate":"https:\/\/agenciainfra.com\/blog\/?s={search_term_string}"},"query-input":{"@type":"PropertyValueSpecification","valueRequired":true,"valueName":"search_term_string"}}],"inLanguage":"pt-BR"},{"@type":"Organization","@id":"https:\/\/agenciainfra.com\/blog\/#organization","name":"Ag\u00eancia iNFRA","url":"https:\/\/agenciainfra.com\/blog\/","logo":{"@type":"ImageObject","inLanguage":"pt-BR","@id":"https:\/\/agenciainfra.com\/blog\/#\/schema\/logo\/image\/","url":"https:\/\/agenciainfra.com\/blog\/wp-content\/uploads\/2023\/09\/iNFRA_5-e1761735885940.png","contentUrl":"https:\/\/agenciainfra.com\/blog\/wp-content\/uploads\/2023\/09\/iNFRA_5-e1761735885940.png","width":1672,"height":454,"caption":"Ag\u00eancia iNFRA"},"image":{"@id":"https:\/\/agenciainfra.com\/blog\/#\/schema\/logo\/image\/"},"sameAs":["https:\/\/www.facebook.com\/ageninfra","https:\/\/x.com\/agencia_infra","https:\/\/www.linkedin.com\/company\/ag\u00eanciainfra\/","https:\/\/www.instagram.com\/agenciainfra\/"]},{"@type":"Person","@id":"https:\/\/agenciainfra.com\/blog\/#\/schema\/person\/04dbb79bd6d8951f063da71f3e4c1eb1","name":"Rodrigo Zuquim","image":{"@type":"ImageObject","inLanguage":"pt-BR","@id":"https:\/\/agenciainfra.com\/blog\/#\/schema\/person\/image\/","url":"https:\/\/secure.gravatar.com\/avatar\/594abfe82761d620726242ff34ca472a705a4b97f16c790053a6b4c4035274d0?s=96&d=mm&r=g","contentUrl":"https:\/\/secure.gravatar.com\/avatar\/594abfe82761d620726242ff34ca472a705a4b97f16c790053a6b4c4035274d0?s=96&d=mm&r=g","caption":"Rodrigo Zuquim"},"url":"https:\/\/agenciainfra.com\/blog\/author\/rodrigo-zuquim\/"}]}},"_links":{"self":[{"href":"https:\/\/agenciainfra.com\/blog\/wp-json\/wp\/v2\/posts\/4923","targetHints":{"allow":["GET"]}}],"collection":[{"href":"https:\/\/agenciainfra.com\/blog\/wp-json\/wp\/v2\/posts"}],"about":[{"href":"https:\/\/agenciainfra.com\/blog\/wp-json\/wp\/v2\/types\/post"}],"author":[{"embeddable":true,"href":"https:\/\/agenciainfra.com\/blog\/wp-json\/wp\/v2\/users\/9"}],"replies":[{"embeddable":true,"href":"https:\/\/agenciainfra.com\/blog\/wp-json\/wp\/v2\/comments?post=4923"}],"version-history":[{"count":0,"href":"https:\/\/agenciainfra.com\/blog\/wp-json\/wp\/v2\/posts\/4923\/revisions"}],"wp:featuredmedia":[{"embeddable":true,"href":"https:\/\/agenciainfra.com\/blog\/wp-json\/wp\/v2\/media\/4925"}],"wp:attachment":[{"href":"https:\/\/agenciainfra.com\/blog\/wp-json\/wp\/v2\/media?parent=4923"}],"wp:term":[{"taxonomy":"category","embeddable":true,"href":"https:\/\/agenciainfra.com\/blog\/wp-json\/wp\/v2\/categories?post=4923"},{"taxonomy":"post_tag","embeddable":true,"href":"https:\/\/agenciainfra.com\/blog\/wp-json\/wp\/v2\/tags?post=4923"}],"curies":[{"name":"wp","href":"https:\/\/api.w.org\/{rel}","templated":true}]}}