{"id":4935,"date":"2020-05-24T08:00:53","date_gmt":"2020-05-24T11:00:53","guid":{"rendered":"http:\/\/www.agenciainfra.com\/blog\/?p=4935"},"modified":"2020-05-22T11:51:02","modified_gmt":"2020-05-22T14:51:02","slug":"bndes-diz-que-nao-faltara-real-e-quer-sindicalizacao-de-bancos-para-financiar-infraestrutura","status":"publish","type":"post","link":"https:\/\/agenciainfra.com\/blog\/bndes-diz-que-nao-faltara-real-e-quer-sindicalizacao-de-bancos-para-financiar-infraestrutura\/","title":{"rendered":"BNDES diz que n\u00e3o faltar\u00e1 real e quer sindicaliza\u00e7\u00e3o de bancos para financiar infraestrutura"},"content":{"rendered":"<div>\n<h5 style=\"text-align: right;\"><strong>Dimmi Amora, da\u00a0Ag\u00eancia iNFRA<\/strong><\/h5>\n<p dir=\"ltr\">O presidente do BNDES, Gustavo Montezano, afirmou que n\u00e3o faltar\u00e3o recursos em real para garantir o financiamento de projetos de infraestrutura no pa\u00eds e sinalizou que o banco vai buscar um processo de sindicaliza\u00e7\u00e3o com outras institui\u00e7\u00f5es financeiras para ampliar os financiamentos e dar mais instrumentos de garantia para a execu\u00e7\u00e3o dos projetos.<\/p>\n<p>&#8220;Vamos atuar com garantias e atuar mais pr\u00f3ximo de mercado para cofinanciar os projetos e assim ampliar muito os recursos para infraestrutura. Garantia e sindicaliza\u00e7\u00e3o v\u00e3o fazer cada vez mais parte do BNDES&#8221;, disse o presidente da institui\u00e7\u00e3o.<\/p>\n<p>As falas foram feitas durante uma live promovida pelo banco com o que ele chamou de um de seus principais clientes, o Minist\u00e9rio da Infraestrutura, representado pelo ministro Tarc\u00edsio de Freitas e pelo secret\u00e1rio-executivo Marcelo Sampaio. O evento est\u00e1\u00a0<a href=\"https:\/\/agenciainfra.us14.list-manage.com\/track\/click?u=d460dd1bcf9ba0ae040e1fc0f&amp;id=f348529e8d&amp;e=c099169394\" target=\"_blank\" rel=\"noopener noreferrer\" data-saferedirecturl=\"https:\/\/www.google.com\/url?q=https:\/\/agenciainfra.us14.list-manage.com\/track\/click?u%3Dd460dd1bcf9ba0ae040e1fc0f%26id%3Df348529e8d%26e%3Dc099169394&amp;source=gmail&amp;ust=1590244150100000&amp;usg=AFQjCNEPXOK9LeLJ_shUm5aNFWWXwzP2IA\">neste link<\/a>.<\/p>\n<p>A live foi para anunciar a contrata\u00e7\u00e3o do banco para a execu\u00e7\u00e3o dos estudos de viabilidade de 15 novas concess\u00f5es rodovi\u00e1rias no pa\u00eds, com cerca de 7 mil km de extens\u00e3o. O diretor de Infraestrutura do banco, F\u00e1bio Abrah\u00e3o, afirmou que estudos das concess\u00f5es terminam no 2\u00ba trimestre de 2021 e, no 2\u00ba trimestre do ano seguinte, elas v\u00e3o a leil\u00e3o.<\/p>\n<p>Al\u00e9m dessas 15 concess\u00f5es, h\u00e1 outros nove trechos rodovi\u00e1rios j\u00e1 previstos no PPI (Programa de Parcerias de Investimentos) para concess\u00f5es ou relicita\u00e7\u00f5es, tamb\u00e9m at\u00e9 2022. A carteira do minist\u00e9rio tem 45 projetos de aeroportos, 24 de portos, 1,8 mil km de ferrovias e mais de 19 mil km de rodovias. Outros 13 mil km de ferrovias devem ser renovados no mesmo per\u00edodo. O minist\u00e9rio prev\u00ea R$ 233,5 bilh\u00f5es em investimentos privados nos pr\u00f3ximos anos.<\/p>\n<p>Segundo F\u00e1bio Abrah\u00e3o, o banco tem hoje uma carteira de R$ 190 bilh\u00f5es em financiamentos para infraestrutura. Ele defendeu que os investimentos s\u00e3o essenciais para ampliar a competitividade do pa\u00eds. Al\u00e9m do projeto de rodovias, o banco tamb\u00e9m cuida dos estudos de desestatiza\u00e7\u00e3o das autoridades portu\u00e1rias dos portos do Esp\u00edrito Santo e de Santos e S\u00e3o Sebasti\u00e3o (SP), cujas concess\u00f5es tamb\u00e9m est\u00e3o prometidas para este governo.<\/p>\n<p><strong>Taxas maiores<\/strong><br \/>\nMontezano e Tarc\u00edsio de Freitas falaram que ter um grande programa de concess\u00f5es \u00e9 positivo porque ajuda a trazer investidores que querem vir quando h\u00e1 uma carteira de projetos cont\u00ednua, e n\u00e3o apenas um projeto.<\/p>\n<p>&#8220;O desafio global \u00e9 de aloca\u00e7\u00e3o, fazer cheques grandes&#8221;, disse Montezano.<\/p>\n<p>Tarc\u00edsio de Freitas lembrou ainda que ter um grande programa pode ajudar a trazer diferentes competidores para disputar ativos que tenham sinergia entre si ou com ativos j\u00e1 existentes. Por isso, ele n\u00e3o acredita que haver\u00e1 menos interesse por ativos novos em detrimento aos brownfields, por exemplo.<\/p>\n<p>&#8220;Vamos ver players que n\u00e3o est\u00e3o no mercado nacional&#8221;, disse Freitas. &#8220;N\u00e3o quer dizer que 100% do que estamos colocando ser\u00e1 vi\u00e1vel. Os estudos v\u00e3o mostrar para n\u00f3s. Vamos procurar sempre o resultado \u00f3timo para buscar fazer a maior transfer\u00eancia poss\u00edvel de ativos para a iniciativa privada.&#8221;<\/p>\n<p>Os dois tamb\u00e9m estavam alinhados na defesa de que ser\u00e1 poss\u00edvel trazer investidores, mesmo diante da crise. Segundo Freitas, os projetos ser\u00e3o atrativos, com o aumento de taxas de retorno, citando valores entre 10% e 12% ao ano, e com diferimento para investimentos. Ele n\u00e3o v\u00ea dificuldades para que essa taxas maiores sejam aprovadas no TCU (Tribunal de Contas da Uni\u00e3o) por elas serem referenciais.<\/p>\n<p>&#8220;Quem diz o que \u00e9 a TIR \u00e9 o bid (proposta do leil\u00e3o)&#8221;, explicou Freitas.<\/p>\n<p>Montezano afirmou que o mundo tem crescimento baixo e juro baixo, tornando o ativo de infraestrutura mais atrativo pelo caixa que gera. Ele lembrou que a equa\u00e7\u00e3o de modelagem tem essencialmente quatro vari\u00e1veis principais: tarifas, outorgas, custo de financiamento e taxa de retorno.<\/p>\n<p>&#8220;A principal vari\u00e1vel que vamos trabalhar \u00e9 a taxa de retorno e com isso resolvermos as outras tr\u00eas&#8221;, destacando que o BNDES n\u00e3o vai usar contas de chegada, como foi feito antes, para dar as condi\u00e7\u00f5es de financiamento. &#8220;A fun\u00e7\u00e3o do BNDES como mitigador de riscos \u00e9 fundamental.&#8221;<\/p>\n<p><strong>An\u00fancios<\/strong><br \/>\nO ministro da Infraestrutura comemorou a aprova\u00e7\u00e3o pelo TCU da renova\u00e7\u00e3o antecipada da Malha Paulista e anunciou que ap\u00f3s uma rodada de conversas individuais com investidores, na semana que vem, vai encaminhar a proposta de relicita\u00e7\u00e3o da Dutra ao \u00f3rg\u00e3o de controle. Tamb\u00e9m foi prometido o envio da concess\u00e3o da BR-262-381\/MG-ES neste m\u00eas.<\/p>\n<p>Ainda segundo ele, o leil\u00e3o da Fiol (Ferrovia Oeste-Leste) acontece neste ano. Logo depois, ele teve encontro com o ministro do TCU (Tribunal de Contas da Uni\u00e3o), Aroldo Cedraz, e com o ministro de Minas e Energia, Bento Albuquerque, para tratar do tema. A Fiol seria a liga\u00e7\u00e3o de uma mina de min\u00e9rio de ferro de grande porte no interior da Bahia e o litoral.<\/p>\n<p>Freitas defendeu tamb\u00e9m que a concess\u00e3o do Porto de Santos (SP), ainda em modelagem pelo BNDES, ser\u00e1 importante para dar uma governan\u00e7a mais adequada para a gest\u00e3o do ativo, o que vai dar mais estabilidade para os investimentos.<\/p>\n<p><strong>Sem preg\u00e3o<\/strong><br \/>\nSegundo F\u00e1bio Abrah\u00e3o, as consultorias para os estudos de rodovias n\u00e3o ser\u00e3o contratadas por meio de preg\u00e3o. Segundo ele, o modelo n\u00e3o se aplica porque a qualidade nesse tipo de contrata\u00e7\u00e3o \u00e9 comprometida.<\/p>\n<p>O modelo de contrata\u00e7\u00e3o ser\u00e1 por qualifica\u00e7\u00e3o, que vai usar as permiss\u00f5es dadas pela Lei das Estatais, e ele est\u00e1 em debate com o TCU no momento.<\/p>\n<p>&#8220;S\u00e3o projetos pilotos, e os times est\u00e3o bastante engajados. Vamos usar uma outra modelagem, muito mais adequada a esse tipo de projeto. Estamos confiantes&#8221;, afirmou.<\/p>\n<\/div>\n","protected":false},"excerpt":{"rendered":"<p>Dimmi Amora, da\u00a0Ag\u00eancia iNFRA O presidente do BNDES, Gustavo Montezano, afirmou que n\u00e3o faltar\u00e3o recursos em real para garantir o financiamento de projetos de infraestrutura no pa\u00eds e sinalizou que o banco vai buscar um processo de sindicaliza\u00e7\u00e3o com outras institui\u00e7\u00f5es financeiras para ampliar os financiamentos e dar mais instrumentos de garantia para a execu\u00e7\u00e3o [&hellip;]<\/p>\n","protected":false},"author":9,"featured_media":4936,"comment_status":"closed","ping_status":"closed","sticky":false,"template":"","format":"standard","meta":{"_monsterinsights_skip_tracking":false,"_monsterinsights_sitenote_active":false,"_monsterinsights_sitenote_note":"","_monsterinsights_sitenote_category":0,"footnotes":""},"categories":[7],"tags":[103,78,1781,156,1928,997,775,36,448,18],"class_list":["post-4935","post","type-post","status-publish","format-standard","has-post-thumbnail","hentry","category-infratransporte","tag-bndes","tag-concessoes","tag-fabio-abrahao","tag-fiol","tag-gustavo-montezano","tag-marcelo-sampaio","tag-ministerio-da-infraestrutura","tag-ppi","tag-tarcisio-de-freitas","tag-tcu"],"yoast_head":"<!-- This site is optimized with the Yoast SEO Premium plugin v25.4 (Yoast SEO v26.0) - https:\/\/yoast.com\/wordpress\/plugins\/seo\/ -->\n<title>BNDES diz que n\u00e3o faltar\u00e1 real e quer sindicaliza\u00e7\u00e3o de bancos para financiar infraestrutura - Ag\u00eancia iNFRA<\/title>\n<meta name=\"robots\" content=\"index, follow, max-snippet:-1, max-image-preview:large, max-video-preview:-1\" \/>\n<link rel=\"canonical\" href=\"https:\/\/agenciainfra.com\/blog\/bndes-diz-que-nao-faltara-real-e-quer-sindicalizacao-de-bancos-para-financiar-infraestrutura\/\" \/>\n<meta property=\"og:locale\" content=\"pt_BR\" \/>\n<meta property=\"og:type\" content=\"article\" \/>\n<meta property=\"og:title\" content=\"BNDES diz que n\u00e3o faltar\u00e1 real e quer sindicaliza\u00e7\u00e3o de bancos para financiar infraestrutura\" \/>\n<meta property=\"og:description\" content=\"Dimmi Amora, da\u00a0Ag\u00eancia iNFRA O presidente do BNDES, Gustavo Montezano, afirmou que n\u00e3o faltar\u00e3o recursos em real para garantir o financiamento de projetos de infraestrutura no pa\u00eds e sinalizou que o banco vai buscar um processo de sindicaliza\u00e7\u00e3o com outras institui\u00e7\u00f5es financeiras para ampliar os financiamentos e dar mais instrumentos de garantia para a execu\u00e7\u00e3o [&hellip;]\" \/>\n<meta property=\"og:url\" content=\"https:\/\/agenciainfra.com\/blog\/bndes-diz-que-nao-faltara-real-e-quer-sindicalizacao-de-bancos-para-financiar-infraestrutura\/\" \/>\n<meta property=\"og:site_name\" content=\"Ag\u00eancia iNFRA\" \/>\n<meta property=\"article:publisher\" content=\"https:\/\/www.facebook.com\/ageninfra\" \/>\n<meta property=\"article:published_time\" content=\"2020-05-24T11:00:53+00:00\" \/>\n<meta property=\"og:image\" content=\"https:\/\/agenciainfra.com\/blog\/wp-content\/uploads\/2020\/05\/bndes-minfra-foto-ricardo-botelho-minfra.jpg\" \/>\n\t<meta property=\"og:image:width\" content=\"1280\" \/>\n\t<meta property=\"og:image:height\" content=\"854\" \/>\n\t<meta property=\"og:image:type\" content=\"image\/jpeg\" \/>\n<meta name=\"author\" content=\"Rodrigo Zuquim\" \/>\n<meta name=\"twitter:card\" content=\"summary_large_image\" \/>\n<meta name=\"twitter:creator\" content=\"@agencia_infra\" \/>\n<meta name=\"twitter:site\" content=\"@agencia_infra\" \/>\n<meta name=\"twitter:label1\" content=\"Escrito por\" \/>\n\t<meta name=\"twitter:data1\" content=\"Rodrigo Zuquim\" \/>\n\t<meta name=\"twitter:label2\" content=\"Est. tempo de leitura\" \/>\n\t<meta name=\"twitter:data2\" content=\"5 minutos\" \/>\n<script type=\"application\/ld+json\" class=\"yoast-schema-graph\">{\"@context\":\"https:\/\/schema.org\",\"@graph\":[{\"@type\":\"Article\",\"@id\":\"https:\/\/agenciainfra.com\/blog\/bndes-diz-que-nao-faltara-real-e-quer-sindicalizacao-de-bancos-para-financiar-infraestrutura\/#article\",\"isPartOf\":{\"@id\":\"https:\/\/agenciainfra.com\/blog\/bndes-diz-que-nao-faltara-real-e-quer-sindicalizacao-de-bancos-para-financiar-infraestrutura\/\"},\"author\":{\"name\":\"Rodrigo Zuquim\",\"@id\":\"https:\/\/agenciainfra.com\/blog\/#\/schema\/person\/04dbb79bd6d8951f063da71f3e4c1eb1\"},\"headline\":\"BNDES diz que n\u00e3o faltar\u00e1 real e quer sindicaliza\u00e7\u00e3o de bancos para financiar infraestrutura\",\"datePublished\":\"2020-05-24T11:00:53+00:00\",\"mainEntityOfPage\":{\"@id\":\"https:\/\/agenciainfra.com\/blog\/bndes-diz-que-nao-faltara-real-e-quer-sindicalizacao-de-bancos-para-financiar-infraestrutura\/\"},\"wordCount\":998,\"publisher\":{\"@id\":\"https:\/\/agenciainfra.com\/blog\/#organization\"},\"image\":{\"@id\":\"https:\/\/agenciainfra.com\/blog\/bndes-diz-que-nao-faltara-real-e-quer-sindicalizacao-de-bancos-para-financiar-infraestrutura\/#primaryimage\"},\"thumbnailUrl\":\"https:\/\/agenciainfra.com\/blog\/wp-content\/uploads\/2020\/05\/bndes-minfra-foto-ricardo-botelho-minfra.jpg\",\"keywords\":[\"BNDES\",\"concess\u00f5es\",\"F\u00e1bio Abrah\u00e3o\",\"FIOL\",\"Gustavo Montezano\",\"Marcelo Sampaio\",\"Minist\u00e9rio da Infraestrutura\",\"PPI\",\"Tarc\u00edsio de Freitas\",\"TCU\"],\"articleSection\":[\"iNFRATransporte\"],\"inLanguage\":\"pt-BR\",\"copyrightYear\":\"2020\",\"copyrightHolder\":{\"@id\":\"https:\/\/agenciainfra.com\/blog\/#organization\"}},{\"@type\":\"WebPage\",\"@id\":\"https:\/\/agenciainfra.com\/blog\/bndes-diz-que-nao-faltara-real-e-quer-sindicalizacao-de-bancos-para-financiar-infraestrutura\/\",\"url\":\"https:\/\/agenciainfra.com\/blog\/bndes-diz-que-nao-faltara-real-e-quer-sindicalizacao-de-bancos-para-financiar-infraestrutura\/\",\"name\":\"BNDES diz que n\u00e3o faltar\u00e1 real e quer sindicaliza\u00e7\u00e3o de bancos para financiar infraestrutura - Ag\u00eancia iNFRA\",\"isPartOf\":{\"@id\":\"https:\/\/agenciainfra.com\/blog\/#website\"},\"primaryImageOfPage\":{\"@id\":\"https:\/\/agenciainfra.com\/blog\/bndes-diz-que-nao-faltara-real-e-quer-sindicalizacao-de-bancos-para-financiar-infraestrutura\/#primaryimage\"},\"image\":{\"@id\":\"https:\/\/agenciainfra.com\/blog\/bndes-diz-que-nao-faltara-real-e-quer-sindicalizacao-de-bancos-para-financiar-infraestrutura\/#primaryimage\"},\"thumbnailUrl\":\"https:\/\/agenciainfra.com\/blog\/wp-content\/uploads\/2020\/05\/bndes-minfra-foto-ricardo-botelho-minfra.jpg\",\"datePublished\":\"2020-05-24T11:00:53+00:00\",\"breadcrumb\":{\"@id\":\"https:\/\/agenciainfra.com\/blog\/bndes-diz-que-nao-faltara-real-e-quer-sindicalizacao-de-bancos-para-financiar-infraestrutura\/#breadcrumb\"},\"inLanguage\":\"pt-BR\",\"potentialAction\":[{\"@type\":\"ReadAction\",\"target\":[\"https:\/\/agenciainfra.com\/blog\/bndes-diz-que-nao-faltara-real-e-quer-sindicalizacao-de-bancos-para-financiar-infraestrutura\/\"]}]},{\"@type\":\"ImageObject\",\"inLanguage\":\"pt-BR\",\"@id\":\"https:\/\/agenciainfra.com\/blog\/bndes-diz-que-nao-faltara-real-e-quer-sindicalizacao-de-bancos-para-financiar-infraestrutura\/#primaryimage\",\"url\":\"https:\/\/agenciainfra.com\/blog\/wp-content\/uploads\/2020\/05\/bndes-minfra-foto-ricardo-botelho-minfra.jpg\",\"contentUrl\":\"https:\/\/agenciainfra.com\/blog\/wp-content\/uploads\/2020\/05\/bndes-minfra-foto-ricardo-botelho-minfra.jpg\",\"width\":1280,\"height\":854},{\"@type\":\"BreadcrumbList\",\"@id\":\"https:\/\/agenciainfra.com\/blog\/bndes-diz-que-nao-faltara-real-e-quer-sindicalizacao-de-bancos-para-financiar-infraestrutura\/#breadcrumb\",\"itemListElement\":[{\"@type\":\"ListItem\",\"position\":1,\"name\":\"In\u00edcio\",\"item\":\"https:\/\/agenciainfra.com\/blog\/\"},{\"@type\":\"ListItem\",\"position\":2,\"name\":\"BNDES diz que n\u00e3o faltar\u00e1 real e quer sindicaliza\u00e7\u00e3o de bancos para financiar infraestrutura\"}]},{\"@type\":\"WebSite\",\"@id\":\"https:\/\/agenciainfra.com\/blog\/#website\",\"url\":\"https:\/\/agenciainfra.com\/blog\/\",\"name\":\"Ag\u00eancia iNFRA\",\"description\":\"Multiplataforma de informa\u00e7\u00e3o jornal\u00edstica refer\u00eancia na \u00e1rea de infraestrutura no Brasil!\",\"publisher\":{\"@id\":\"https:\/\/agenciainfra.com\/blog\/#organization\"},\"potentialAction\":[{\"@type\":\"SearchAction\",\"target\":{\"@type\":\"EntryPoint\",\"urlTemplate\":\"https:\/\/agenciainfra.com\/blog\/?s={search_term_string}\"},\"query-input\":{\"@type\":\"PropertyValueSpecification\",\"valueRequired\":true,\"valueName\":\"search_term_string\"}}],\"inLanguage\":\"pt-BR\"},{\"@type\":\"Organization\",\"@id\":\"https:\/\/agenciainfra.com\/blog\/#organization\",\"name\":\"Ag\u00eancia iNFRA\",\"url\":\"https:\/\/agenciainfra.com\/blog\/\",\"logo\":{\"@type\":\"ImageObject\",\"inLanguage\":\"pt-BR\",\"@id\":\"https:\/\/agenciainfra.com\/blog\/#\/schema\/logo\/image\/\",\"url\":\"https:\/\/agenciainfra.com\/blog\/wp-content\/uploads\/2023\/09\/iNFRA_5-e1761735885940.png\",\"contentUrl\":\"https:\/\/agenciainfra.com\/blog\/wp-content\/uploads\/2023\/09\/iNFRA_5-e1761735885940.png\",\"width\":1672,\"height\":454,\"caption\":\"Ag\u00eancia iNFRA\"},\"image\":{\"@id\":\"https:\/\/agenciainfra.com\/blog\/#\/schema\/logo\/image\/\"},\"sameAs\":[\"https:\/\/www.facebook.com\/ageninfra\",\"https:\/\/x.com\/agencia_infra\",\"https:\/\/www.linkedin.com\/company\/ag\u00eanciainfra\/\",\"https:\/\/www.instagram.com\/agenciainfra\/\"]},{\"@type\":\"Person\",\"@id\":\"https:\/\/agenciainfra.com\/blog\/#\/schema\/person\/04dbb79bd6d8951f063da71f3e4c1eb1\",\"name\":\"Rodrigo Zuquim\",\"image\":{\"@type\":\"ImageObject\",\"inLanguage\":\"pt-BR\",\"@id\":\"https:\/\/agenciainfra.com\/blog\/#\/schema\/person\/image\/\",\"url\":\"https:\/\/secure.gravatar.com\/avatar\/594abfe82761d620726242ff34ca472a705a4b97f16c790053a6b4c4035274d0?s=96&d=mm&r=g\",\"contentUrl\":\"https:\/\/secure.gravatar.com\/avatar\/594abfe82761d620726242ff34ca472a705a4b97f16c790053a6b4c4035274d0?s=96&d=mm&r=g\",\"caption\":\"Rodrigo Zuquim\"},\"url\":\"https:\/\/agenciainfra.com\/blog\/author\/rodrigo-zuquim\/\"}]}<\/script>\n<!-- \/ Yoast SEO Premium plugin. -->","yoast_head_json":{"title":"BNDES diz que n\u00e3o faltar\u00e1 real e quer sindicaliza\u00e7\u00e3o de bancos para financiar infraestrutura - Ag\u00eancia iNFRA","robots":{"index":"index","follow":"follow","max-snippet":"max-snippet:-1","max-image-preview":"max-image-preview:large","max-video-preview":"max-video-preview:-1"},"canonical":"https:\/\/agenciainfra.com\/blog\/bndes-diz-que-nao-faltara-real-e-quer-sindicalizacao-de-bancos-para-financiar-infraestrutura\/","og_locale":"pt_BR","og_type":"article","og_title":"BNDES diz que n\u00e3o faltar\u00e1 real e quer sindicaliza\u00e7\u00e3o de bancos para financiar infraestrutura","og_description":"Dimmi Amora, da\u00a0Ag\u00eancia iNFRA O presidente do BNDES, Gustavo Montezano, afirmou que n\u00e3o faltar\u00e3o recursos em real para garantir o financiamento de projetos de infraestrutura no pa\u00eds e sinalizou que o banco vai buscar um processo de sindicaliza\u00e7\u00e3o com outras institui\u00e7\u00f5es financeiras para ampliar os financiamentos e dar mais instrumentos de garantia para a execu\u00e7\u00e3o [&hellip;]","og_url":"https:\/\/agenciainfra.com\/blog\/bndes-diz-que-nao-faltara-real-e-quer-sindicalizacao-de-bancos-para-financiar-infraestrutura\/","og_site_name":"Ag\u00eancia iNFRA","article_publisher":"https:\/\/www.facebook.com\/ageninfra","article_published_time":"2020-05-24T11:00:53+00:00","og_image":[{"width":1280,"height":854,"url":"https:\/\/agenciainfra.com\/blog\/wp-content\/uploads\/2020\/05\/bndes-minfra-foto-ricardo-botelho-minfra.jpg","type":"image\/jpeg"}],"author":"Rodrigo Zuquim","twitter_card":"summary_large_image","twitter_creator":"@agencia_infra","twitter_site":"@agencia_infra","twitter_misc":{"Escrito por":"Rodrigo Zuquim","Est. tempo de leitura":"5 minutos"},"schema":{"@context":"https:\/\/schema.org","@graph":[{"@type":"Article","@id":"https:\/\/agenciainfra.com\/blog\/bndes-diz-que-nao-faltara-real-e-quer-sindicalizacao-de-bancos-para-financiar-infraestrutura\/#article","isPartOf":{"@id":"https:\/\/agenciainfra.com\/blog\/bndes-diz-que-nao-faltara-real-e-quer-sindicalizacao-de-bancos-para-financiar-infraestrutura\/"},"author":{"name":"Rodrigo Zuquim","@id":"https:\/\/agenciainfra.com\/blog\/#\/schema\/person\/04dbb79bd6d8951f063da71f3e4c1eb1"},"headline":"BNDES diz que n\u00e3o faltar\u00e1 real e quer sindicaliza\u00e7\u00e3o de bancos para financiar infraestrutura","datePublished":"2020-05-24T11:00:53+00:00","mainEntityOfPage":{"@id":"https:\/\/agenciainfra.com\/blog\/bndes-diz-que-nao-faltara-real-e-quer-sindicalizacao-de-bancos-para-financiar-infraestrutura\/"},"wordCount":998,"publisher":{"@id":"https:\/\/agenciainfra.com\/blog\/#organization"},"image":{"@id":"https:\/\/agenciainfra.com\/blog\/bndes-diz-que-nao-faltara-real-e-quer-sindicalizacao-de-bancos-para-financiar-infraestrutura\/#primaryimage"},"thumbnailUrl":"https:\/\/agenciainfra.com\/blog\/wp-content\/uploads\/2020\/05\/bndes-minfra-foto-ricardo-botelho-minfra.jpg","keywords":["BNDES","concess\u00f5es","F\u00e1bio Abrah\u00e3o","FIOL","Gustavo Montezano","Marcelo Sampaio","Minist\u00e9rio da Infraestrutura","PPI","Tarc\u00edsio de Freitas","TCU"],"articleSection":["iNFRATransporte"],"inLanguage":"pt-BR","copyrightYear":"2020","copyrightHolder":{"@id":"https:\/\/agenciainfra.com\/blog\/#organization"}},{"@type":"WebPage","@id":"https:\/\/agenciainfra.com\/blog\/bndes-diz-que-nao-faltara-real-e-quer-sindicalizacao-de-bancos-para-financiar-infraestrutura\/","url":"https:\/\/agenciainfra.com\/blog\/bndes-diz-que-nao-faltara-real-e-quer-sindicalizacao-de-bancos-para-financiar-infraestrutura\/","name":"BNDES diz que n\u00e3o faltar\u00e1 real e quer sindicaliza\u00e7\u00e3o de bancos para financiar infraestrutura - Ag\u00eancia iNFRA","isPartOf":{"@id":"https:\/\/agenciainfra.com\/blog\/#website"},"primaryImageOfPage":{"@id":"https:\/\/agenciainfra.com\/blog\/bndes-diz-que-nao-faltara-real-e-quer-sindicalizacao-de-bancos-para-financiar-infraestrutura\/#primaryimage"},"image":{"@id":"https:\/\/agenciainfra.com\/blog\/bndes-diz-que-nao-faltara-real-e-quer-sindicalizacao-de-bancos-para-financiar-infraestrutura\/#primaryimage"},"thumbnailUrl":"https:\/\/agenciainfra.com\/blog\/wp-content\/uploads\/2020\/05\/bndes-minfra-foto-ricardo-botelho-minfra.jpg","datePublished":"2020-05-24T11:00:53+00:00","breadcrumb":{"@id":"https:\/\/agenciainfra.com\/blog\/bndes-diz-que-nao-faltara-real-e-quer-sindicalizacao-de-bancos-para-financiar-infraestrutura\/#breadcrumb"},"inLanguage":"pt-BR","potentialAction":[{"@type":"ReadAction","target":["https:\/\/agenciainfra.com\/blog\/bndes-diz-que-nao-faltara-real-e-quer-sindicalizacao-de-bancos-para-financiar-infraestrutura\/"]}]},{"@type":"ImageObject","inLanguage":"pt-BR","@id":"https:\/\/agenciainfra.com\/blog\/bndes-diz-que-nao-faltara-real-e-quer-sindicalizacao-de-bancos-para-financiar-infraestrutura\/#primaryimage","url":"https:\/\/agenciainfra.com\/blog\/wp-content\/uploads\/2020\/05\/bndes-minfra-foto-ricardo-botelho-minfra.jpg","contentUrl":"https:\/\/agenciainfra.com\/blog\/wp-content\/uploads\/2020\/05\/bndes-minfra-foto-ricardo-botelho-minfra.jpg","width":1280,"height":854},{"@type":"BreadcrumbList","@id":"https:\/\/agenciainfra.com\/blog\/bndes-diz-que-nao-faltara-real-e-quer-sindicalizacao-de-bancos-para-financiar-infraestrutura\/#breadcrumb","itemListElement":[{"@type":"ListItem","position":1,"name":"In\u00edcio","item":"https:\/\/agenciainfra.com\/blog\/"},{"@type":"ListItem","position":2,"name":"BNDES diz que n\u00e3o faltar\u00e1 real e quer sindicaliza\u00e7\u00e3o de bancos para financiar infraestrutura"}]},{"@type":"WebSite","@id":"https:\/\/agenciainfra.com\/blog\/#website","url":"https:\/\/agenciainfra.com\/blog\/","name":"Ag\u00eancia iNFRA","description":"Multiplataforma de informa\u00e7\u00e3o jornal\u00edstica refer\u00eancia na \u00e1rea de infraestrutura no Brasil!","publisher":{"@id":"https:\/\/agenciainfra.com\/blog\/#organization"},"potentialAction":[{"@type":"SearchAction","target":{"@type":"EntryPoint","urlTemplate":"https:\/\/agenciainfra.com\/blog\/?s={search_term_string}"},"query-input":{"@type":"PropertyValueSpecification","valueRequired":true,"valueName":"search_term_string"}}],"inLanguage":"pt-BR"},{"@type":"Organization","@id":"https:\/\/agenciainfra.com\/blog\/#organization","name":"Ag\u00eancia iNFRA","url":"https:\/\/agenciainfra.com\/blog\/","logo":{"@type":"ImageObject","inLanguage":"pt-BR","@id":"https:\/\/agenciainfra.com\/blog\/#\/schema\/logo\/image\/","url":"https:\/\/agenciainfra.com\/blog\/wp-content\/uploads\/2023\/09\/iNFRA_5-e1761735885940.png","contentUrl":"https:\/\/agenciainfra.com\/blog\/wp-content\/uploads\/2023\/09\/iNFRA_5-e1761735885940.png","width":1672,"height":454,"caption":"Ag\u00eancia iNFRA"},"image":{"@id":"https:\/\/agenciainfra.com\/blog\/#\/schema\/logo\/image\/"},"sameAs":["https:\/\/www.facebook.com\/ageninfra","https:\/\/x.com\/agencia_infra","https:\/\/www.linkedin.com\/company\/ag\u00eanciainfra\/","https:\/\/www.instagram.com\/agenciainfra\/"]},{"@type":"Person","@id":"https:\/\/agenciainfra.com\/blog\/#\/schema\/person\/04dbb79bd6d8951f063da71f3e4c1eb1","name":"Rodrigo Zuquim","image":{"@type":"ImageObject","inLanguage":"pt-BR","@id":"https:\/\/agenciainfra.com\/blog\/#\/schema\/person\/image\/","url":"https:\/\/secure.gravatar.com\/avatar\/594abfe82761d620726242ff34ca472a705a4b97f16c790053a6b4c4035274d0?s=96&d=mm&r=g","contentUrl":"https:\/\/secure.gravatar.com\/avatar\/594abfe82761d620726242ff34ca472a705a4b97f16c790053a6b4c4035274d0?s=96&d=mm&r=g","caption":"Rodrigo Zuquim"},"url":"https:\/\/agenciainfra.com\/blog\/author\/rodrigo-zuquim\/"}]}},"_links":{"self":[{"href":"https:\/\/agenciainfra.com\/blog\/wp-json\/wp\/v2\/posts\/4935","targetHints":{"allow":["GET"]}}],"collection":[{"href":"https:\/\/agenciainfra.com\/blog\/wp-json\/wp\/v2\/posts"}],"about":[{"href":"https:\/\/agenciainfra.com\/blog\/wp-json\/wp\/v2\/types\/post"}],"author":[{"embeddable":true,"href":"https:\/\/agenciainfra.com\/blog\/wp-json\/wp\/v2\/users\/9"}],"replies":[{"embeddable":true,"href":"https:\/\/agenciainfra.com\/blog\/wp-json\/wp\/v2\/comments?post=4935"}],"version-history":[{"count":0,"href":"https:\/\/agenciainfra.com\/blog\/wp-json\/wp\/v2\/posts\/4935\/revisions"}],"wp:featuredmedia":[{"embeddable":true,"href":"https:\/\/agenciainfra.com\/blog\/wp-json\/wp\/v2\/media\/4936"}],"wp:attachment":[{"href":"https:\/\/agenciainfra.com\/blog\/wp-json\/wp\/v2\/media?parent=4935"}],"wp:term":[{"taxonomy":"category","embeddable":true,"href":"https:\/\/agenciainfra.com\/blog\/wp-json\/wp\/v2\/categories?post=4935"},{"taxonomy":"post_tag","embeddable":true,"href":"https:\/\/agenciainfra.com\/blog\/wp-json\/wp\/v2\/tags?post=4935"}],"curies":[{"name":"wp","href":"https:\/\/api.w.org\/{rel}","templated":true}]}}