{"id":4939,"date":"2020-05-24T13:00:04","date_gmt":"2020-05-24T16:00:04","guid":{"rendered":"http:\/\/www.agenciainfra.com\/blog\/?p=4939"},"modified":"2020-05-22T12:10:31","modified_gmt":"2020-05-22T15:10:31","slug":"artesp-diz-que-fez-consulta-a-procuradoria-sobre-o-que-sera-possivel-considerar-em-reequilibrios","status":"publish","type":"post","link":"https:\/\/agenciainfra.com\/blog\/artesp-diz-que-fez-consulta-a-procuradoria-sobre-o-que-sera-possivel-considerar-em-reequilibrios\/","title":{"rendered":"Artesp diz que fez consulta \u00e0 procuradoria sobre o que ser\u00e1 poss\u00edvel considerar em reequil\u00edbrios"},"content":{"rendered":"<div>\n<h5 style=\"text-align: right;\"><strong>da\u00a0Ag\u00eancia iNFRA<\/strong><\/h5>\n<div>\n<div id=\"m_-6193780545679857535:8dn\">\n<div id=\"m_-6193780545679857535:8dm\">\n<div dir=\"ltr\">\nA diretora-geral interina da Artesp (Ag\u00eancia Reguladora de Transportes de S\u00e3o Paulo), Renata Dantas, afirmou que apresentou \u00e0 procuradoria do estado uma consulta para ajudar a delimitar os primeiros aspectos dos reequil\u00edbrios de contratos de concess\u00e3o rodovi\u00e1ria no per\u00edodo da Covid-19.<\/p>\n<p>A informa\u00e7\u00e3o foi dada na live &#8220;Regula\u00e7\u00e3o &#8211; Desafios dos Aspectos Regulat\u00f3rios das Concess\u00f5es&#8221;, promovida pela FGV Projetos em parceria com o Ibeji, na \u00faltima quinta-feira (21). O evento contou com representantes do setor privado, que citaram graves problemas de caixa nas empresas e a necessidade de urg\u00eancia nas a\u00e7\u00f5es que deem f\u00f4lego de caixa para as companhias diante de impactos nunca vistos.<\/p>\n<p>Segundo Dantas, a consulta foi para evitar que nas negocia\u00e7\u00f5es espec\u00edficas sobre os reequil\u00edbrios, que ela defende que ser\u00e3o individualizadas, a ag\u00eancia saiba que par\u00e2metros e tipos de dados vai poder aceitar das empresas, por exemplo. Isso evitaria, segundo ela, que ao fim de uma negocia\u00e7\u00e3o ela n\u00e3o fosse aceita.<\/p>\n<p>A diretora-geral\u00a0tamb\u00e9m pediu que os \u00f3rg\u00e3os de controle sejam trazidos para a discuss\u00e3o dos reequil\u00edbrios previamente para evitar que, posteriormente, os agentes possam ser penalizados pelas a\u00e7\u00f5es que est\u00e3o tomando agora.<\/p>\n<p>&#8220;Ningu\u00e9m quer errar. Mas \u00e9 f\u00e1cil depois de feito algu\u00e9m apontar que est\u00e1 errado&#8221;, disse.<\/p>\n<p>Segundo Dantas, para efetuar os reequil\u00edbrios, ser\u00e1 necess\u00e1rio entender o fluxo de caixa para saber onde se poder\u00e1 ou n\u00e3o aliviar um pouco o &#8220;estresse do fluxo de caixa atual&#8221;. Mas, segundo ela, n\u00e3o h\u00e1 esperan\u00e7a de que esse problema v\u00e1 se resolver rapidamente e a ag\u00eancia pretende manter os par\u00e2metros usados historicamente nessas negocia\u00e7\u00f5es.<\/p>\n<p>&#8220;N\u00e3o adianta tapar os olhos e achar que vai ficar tudo bem, que quando terminar j\u00e1 resolveu&#8221;, disse Dantas.<\/p>\n<p>Karina Fera, gerente jur\u00eddica da ABCR (Associa\u00e7\u00e3o Brasileira de Concession\u00e1rias de Rodovias), afirmou que, na situa\u00e7\u00e3o atual, j\u00e1 seria poss\u00edvel efetuar alguns reequil\u00edbrios. Ela citou que em outros pa\u00edses que analisados por ela, como Espanha e It\u00e1lia, as concession\u00e1rias foram desobrigadas de obriga\u00e7\u00f5es durante o per\u00edodo da pandemia.<\/p>\n<p>Dantas lembrou que poss\u00edveis solu\u00e7\u00f5es s\u00e3o complexas porque a principal, um reajuste de ped\u00e1gio, seria politicamente dif\u00edcil de aprovar em um momento em que h\u00e1 muitas propostas para abrir cancelas de ped\u00e1gio, por exemplo. O v\u00eddeo est\u00e1\u00a0<a href=\"https:\/\/agenciainfra.us14.list-manage.com\/track\/click?u=d460dd1bcf9ba0ae040e1fc0f&amp;id=70966066a4&amp;e=c099169394\" target=\"_blank\" rel=\"noopener noreferrer\" data-saferedirecturl=\"https:\/\/www.google.com\/url?q=https:\/\/agenciainfra.us14.list-manage.com\/track\/click?u%3Dd460dd1bcf9ba0ae040e1fc0f%26id%3D70966066a4%26e%3Dc099169394&amp;source=gmail&amp;ust=1590244150100000&amp;usg=AFQjCNGVXTdklcJLycDblDqNxtpv9pYVHA\">neste link<\/a>.<\/div>\n<\/div>\n<\/div>\n<\/div>\n<\/div>\n","protected":false},"excerpt":{"rendered":"<p>da\u00a0Ag\u00eancia iNFRA A diretora-geral interina da Artesp (Ag\u00eancia Reguladora de Transportes de S\u00e3o Paulo), Renata Dantas, afirmou que apresentou \u00e0 procuradoria do estado uma consulta para ajudar a delimitar os primeiros aspectos dos reequil\u00edbrios de contratos de concess\u00e3o rodovi\u00e1ria no per\u00edodo da Covid-19. A informa\u00e7\u00e3o foi dada na live &#8220;Regula\u00e7\u00e3o &#8211; Desafios dos Aspectos Regulat\u00f3rios [&hellip;]<\/p>\n","protected":false},"author":9,"featured_media":4940,"comment_status":"closed","ping_status":"closed","sticky":false,"template":"","format":"standard","meta":{"_monsterinsights_skip_tracking":false,"_monsterinsights_sitenote_active":false,"_monsterinsights_sitenote_note":"","_monsterinsights_sitenote_category":0,"footnotes":""},"categories":[7],"tags":[613,1247,78,2021,1937,1939],"class_list":["post-4939","post","type-post","status-publish","format-standard","has-post-thumbnail","hentry","category-infratransporte","tag-abcr","tag-artesp","tag-concessoes","tag-karina-fera","tag-reequilibrio-de-contratos","tag-renata-dantas"],"yoast_head":"<!-- This site is optimized with the Yoast SEO Premium plugin v25.4 (Yoast SEO v26.0) - https:\/\/yoast.com\/wordpress\/plugins\/seo\/ -->\n<title>Artesp diz que fez consulta \u00e0 procuradoria sobre o que ser\u00e1 poss\u00edvel considerar em reequil\u00edbrios - Ag\u00eancia iNFRA<\/title>\n<meta name=\"robots\" content=\"index, follow, max-snippet:-1, max-image-preview:large, max-video-preview:-1\" \/>\n<link rel=\"canonical\" href=\"https:\/\/agenciainfra.com\/blog\/artesp-diz-que-fez-consulta-a-procuradoria-sobre-o-que-sera-possivel-considerar-em-reequilibrios\/\" \/>\n<meta property=\"og:locale\" content=\"pt_BR\" \/>\n<meta property=\"og:type\" content=\"article\" \/>\n<meta property=\"og:title\" content=\"Artesp diz que fez consulta \u00e0 procuradoria sobre o que ser\u00e1 poss\u00edvel considerar em reequil\u00edbrios\" \/>\n<meta property=\"og:description\" content=\"da\u00a0Ag\u00eancia iNFRA A diretora-geral interina da Artesp (Ag\u00eancia Reguladora de Transportes de S\u00e3o Paulo), Renata Dantas, afirmou que apresentou \u00e0 procuradoria do estado uma consulta para ajudar a delimitar os primeiros aspectos dos reequil\u00edbrios de contratos de concess\u00e3o rodovi\u00e1ria no per\u00edodo da Covid-19. A informa\u00e7\u00e3o foi dada na live &#8220;Regula\u00e7\u00e3o &#8211; Desafios dos Aspectos Regulat\u00f3rios [&hellip;]\" \/>\n<meta property=\"og:url\" content=\"https:\/\/agenciainfra.com\/blog\/artesp-diz-que-fez-consulta-a-procuradoria-sobre-o-que-sera-possivel-considerar-em-reequilibrios\/\" \/>\n<meta property=\"og:site_name\" content=\"Ag\u00eancia iNFRA\" \/>\n<meta property=\"article:publisher\" content=\"https:\/\/www.facebook.com\/ageninfra\" \/>\n<meta property=\"article:published_time\" content=\"2020-05-24T16:00:04+00:00\" \/>\n<meta property=\"og:image\" content=\"https:\/\/agenciainfra.com\/blog\/wp-content\/uploads\/2020\/05\/artesp-foto-governo-sp.jpg\" \/>\n\t<meta property=\"og:image:width\" content=\"1280\" \/>\n\t<meta property=\"og:image:height\" content=\"880\" \/>\n\t<meta property=\"og:image:type\" content=\"image\/jpeg\" \/>\n<meta name=\"author\" content=\"Rodrigo Zuquim\" \/>\n<meta name=\"twitter:card\" content=\"summary_large_image\" \/>\n<meta name=\"twitter:creator\" content=\"@agencia_infra\" \/>\n<meta name=\"twitter:site\" content=\"@agencia_infra\" \/>\n<meta name=\"twitter:label1\" content=\"Escrito por\" \/>\n\t<meta name=\"twitter:data1\" content=\"Rodrigo Zuquim\" \/>\n\t<meta name=\"twitter:label2\" content=\"Est. tempo de leitura\" \/>\n\t<meta name=\"twitter:data2\" content=\"2 minutos\" \/>\n<script type=\"application\/ld+json\" class=\"yoast-schema-graph\">{\"@context\":\"https:\/\/schema.org\",\"@graph\":[{\"@type\":\"Article\",\"@id\":\"https:\/\/agenciainfra.com\/blog\/artesp-diz-que-fez-consulta-a-procuradoria-sobre-o-que-sera-possivel-considerar-em-reequilibrios\/#article\",\"isPartOf\":{\"@id\":\"https:\/\/agenciainfra.com\/blog\/artesp-diz-que-fez-consulta-a-procuradoria-sobre-o-que-sera-possivel-considerar-em-reequilibrios\/\"},\"author\":{\"name\":\"Rodrigo Zuquim\",\"@id\":\"https:\/\/agenciainfra.com\/blog\/#\/schema\/person\/04dbb79bd6d8951f063da71f3e4c1eb1\"},\"headline\":\"Artesp diz que fez consulta \u00e0 procuradoria sobre o que ser\u00e1 poss\u00edvel considerar em reequil\u00edbrios\",\"datePublished\":\"2020-05-24T16:00:04+00:00\",\"mainEntityOfPage\":{\"@id\":\"https:\/\/agenciainfra.com\/blog\/artesp-diz-que-fez-consulta-a-procuradoria-sobre-o-que-sera-possivel-considerar-em-reequilibrios\/\"},\"wordCount\":436,\"publisher\":{\"@id\":\"https:\/\/agenciainfra.com\/blog\/#organization\"},\"image\":{\"@id\":\"https:\/\/agenciainfra.com\/blog\/artesp-diz-que-fez-consulta-a-procuradoria-sobre-o-que-sera-possivel-considerar-em-reequilibrios\/#primaryimage\"},\"thumbnailUrl\":\"https:\/\/agenciainfra.com\/blog\/wp-content\/uploads\/2020\/05\/artesp-foto-governo-sp-e1747993610779.jpg\",\"keywords\":[\"abcr\",\"Artesp\",\"concess\u00f5es\",\"Karina Fera\",\"reequil\u00edbrio de contratos\",\"Renata Dantas\"],\"articleSection\":[\"iNFRATransporte\"],\"inLanguage\":\"pt-BR\",\"copyrightYear\":\"2020\",\"copyrightHolder\":{\"@id\":\"https:\/\/agenciainfra.com\/blog\/#organization\"}},{\"@type\":\"WebPage\",\"@id\":\"https:\/\/agenciainfra.com\/blog\/artesp-diz-que-fez-consulta-a-procuradoria-sobre-o-que-sera-possivel-considerar-em-reequilibrios\/\",\"url\":\"https:\/\/agenciainfra.com\/blog\/artesp-diz-que-fez-consulta-a-procuradoria-sobre-o-que-sera-possivel-considerar-em-reequilibrios\/\",\"name\":\"Artesp diz que fez consulta \u00e0 procuradoria sobre o que ser\u00e1 poss\u00edvel considerar em reequil\u00edbrios - Ag\u00eancia iNFRA\",\"isPartOf\":{\"@id\":\"https:\/\/agenciainfra.com\/blog\/#website\"},\"primaryImageOfPage\":{\"@id\":\"https:\/\/agenciainfra.com\/blog\/artesp-diz-que-fez-consulta-a-procuradoria-sobre-o-que-sera-possivel-considerar-em-reequilibrios\/#primaryimage\"},\"image\":{\"@id\":\"https:\/\/agenciainfra.com\/blog\/artesp-diz-que-fez-consulta-a-procuradoria-sobre-o-que-sera-possivel-considerar-em-reequilibrios\/#primaryimage\"},\"thumbnailUrl\":\"https:\/\/agenciainfra.com\/blog\/wp-content\/uploads\/2020\/05\/artesp-foto-governo-sp-e1747993610779.jpg\",\"datePublished\":\"2020-05-24T16:00:04+00:00\",\"breadcrumb\":{\"@id\":\"https:\/\/agenciainfra.com\/blog\/artesp-diz-que-fez-consulta-a-procuradoria-sobre-o-que-sera-possivel-considerar-em-reequilibrios\/#breadcrumb\"},\"inLanguage\":\"pt-BR\",\"potentialAction\":[{\"@type\":\"ReadAction\",\"target\":[\"https:\/\/agenciainfra.com\/blog\/artesp-diz-que-fez-consulta-a-procuradoria-sobre-o-que-sera-possivel-considerar-em-reequilibrios\/\"]}]},{\"@type\":\"ImageObject\",\"inLanguage\":\"pt-BR\",\"@id\":\"https:\/\/agenciainfra.com\/blog\/artesp-diz-que-fez-consulta-a-procuradoria-sobre-o-que-sera-possivel-considerar-em-reequilibrios\/#primaryimage\",\"url\":\"https:\/\/agenciainfra.com\/blog\/wp-content\/uploads\/2020\/05\/artesp-foto-governo-sp-e1747993610779.jpg\",\"contentUrl\":\"https:\/\/agenciainfra.com\/blog\/wp-content\/uploads\/2020\/05\/artesp-foto-governo-sp-e1747993610779.jpg\",\"width\":1280,\"height\":753},{\"@type\":\"BreadcrumbList\",\"@id\":\"https:\/\/agenciainfra.com\/blog\/artesp-diz-que-fez-consulta-a-procuradoria-sobre-o-que-sera-possivel-considerar-em-reequilibrios\/#breadcrumb\",\"itemListElement\":[{\"@type\":\"ListItem\",\"position\":1,\"name\":\"In\u00edcio\",\"item\":\"https:\/\/agenciainfra.com\/blog\/\"},{\"@type\":\"ListItem\",\"position\":2,\"name\":\"Artesp diz que fez consulta \u00e0 procuradoria sobre o que ser\u00e1 poss\u00edvel considerar em reequil\u00edbrios\"}]},{\"@type\":\"WebSite\",\"@id\":\"https:\/\/agenciainfra.com\/blog\/#website\",\"url\":\"https:\/\/agenciainfra.com\/blog\/\",\"name\":\"Ag\u00eancia iNFRA\",\"description\":\"Multiplataforma de informa\u00e7\u00e3o jornal\u00edstica refer\u00eancia na \u00e1rea de infraestrutura no Brasil!\",\"publisher\":{\"@id\":\"https:\/\/agenciainfra.com\/blog\/#organization\"},\"potentialAction\":[{\"@type\":\"SearchAction\",\"target\":{\"@type\":\"EntryPoint\",\"urlTemplate\":\"https:\/\/agenciainfra.com\/blog\/?s={search_term_string}\"},\"query-input\":{\"@type\":\"PropertyValueSpecification\",\"valueRequired\":true,\"valueName\":\"search_term_string\"}}],\"inLanguage\":\"pt-BR\"},{\"@type\":\"Organization\",\"@id\":\"https:\/\/agenciainfra.com\/blog\/#organization\",\"name\":\"Ag\u00eancia iNFRA\",\"url\":\"https:\/\/agenciainfra.com\/blog\/\",\"logo\":{\"@type\":\"ImageObject\",\"inLanguage\":\"pt-BR\",\"@id\":\"https:\/\/agenciainfra.com\/blog\/#\/schema\/logo\/image\/\",\"url\":\"https:\/\/agenciainfra.com\/blog\/wp-content\/uploads\/2023\/09\/iNFRA_5-e1761735885940.png\",\"contentUrl\":\"https:\/\/agenciainfra.com\/blog\/wp-content\/uploads\/2023\/09\/iNFRA_5-e1761735885940.png\",\"width\":1672,\"height\":454,\"caption\":\"Ag\u00eancia iNFRA\"},\"image\":{\"@id\":\"https:\/\/agenciainfra.com\/blog\/#\/schema\/logo\/image\/\"},\"sameAs\":[\"https:\/\/www.facebook.com\/ageninfra\",\"https:\/\/x.com\/agencia_infra\",\"https:\/\/www.linkedin.com\/company\/ag\u00eanciainfra\/\",\"https:\/\/www.instagram.com\/agenciainfra\/\"]},{\"@type\":\"Person\",\"@id\":\"https:\/\/agenciainfra.com\/blog\/#\/schema\/person\/04dbb79bd6d8951f063da71f3e4c1eb1\",\"name\":\"Rodrigo Zuquim\",\"image\":{\"@type\":\"ImageObject\",\"inLanguage\":\"pt-BR\",\"@id\":\"https:\/\/agenciainfra.com\/blog\/#\/schema\/person\/image\/\",\"url\":\"https:\/\/secure.gravatar.com\/avatar\/594abfe82761d620726242ff34ca472a705a4b97f16c790053a6b4c4035274d0?s=96&d=mm&r=g\",\"contentUrl\":\"https:\/\/secure.gravatar.com\/avatar\/594abfe82761d620726242ff34ca472a705a4b97f16c790053a6b4c4035274d0?s=96&d=mm&r=g\",\"caption\":\"Rodrigo Zuquim\"},\"url\":\"https:\/\/agenciainfra.com\/blog\/author\/rodrigo-zuquim\/\"}]}<\/script>\n<!-- \/ Yoast SEO Premium plugin. -->","yoast_head_json":{"title":"Artesp diz que fez consulta \u00e0 procuradoria sobre o que ser\u00e1 poss\u00edvel considerar em reequil\u00edbrios - Ag\u00eancia iNFRA","robots":{"index":"index","follow":"follow","max-snippet":"max-snippet:-1","max-image-preview":"max-image-preview:large","max-video-preview":"max-video-preview:-1"},"canonical":"https:\/\/agenciainfra.com\/blog\/artesp-diz-que-fez-consulta-a-procuradoria-sobre-o-que-sera-possivel-considerar-em-reequilibrios\/","og_locale":"pt_BR","og_type":"article","og_title":"Artesp diz que fez consulta \u00e0 procuradoria sobre o que ser\u00e1 poss\u00edvel considerar em reequil\u00edbrios","og_description":"da\u00a0Ag\u00eancia iNFRA A diretora-geral interina da Artesp (Ag\u00eancia Reguladora de Transportes de S\u00e3o Paulo), Renata Dantas, afirmou que apresentou \u00e0 procuradoria do estado uma consulta para ajudar a delimitar os primeiros aspectos dos reequil\u00edbrios de contratos de concess\u00e3o rodovi\u00e1ria no per\u00edodo da Covid-19. A informa\u00e7\u00e3o foi dada na live &#8220;Regula\u00e7\u00e3o &#8211; Desafios dos Aspectos Regulat\u00f3rios [&hellip;]","og_url":"https:\/\/agenciainfra.com\/blog\/artesp-diz-que-fez-consulta-a-procuradoria-sobre-o-que-sera-possivel-considerar-em-reequilibrios\/","og_site_name":"Ag\u00eancia iNFRA","article_publisher":"https:\/\/www.facebook.com\/ageninfra","article_published_time":"2020-05-24T16:00:04+00:00","og_image":[{"width":1280,"height":880,"url":"https:\/\/agenciainfra.com\/blog\/wp-content\/uploads\/2020\/05\/artesp-foto-governo-sp.jpg","type":"image\/jpeg"}],"author":"Rodrigo Zuquim","twitter_card":"summary_large_image","twitter_creator":"@agencia_infra","twitter_site":"@agencia_infra","twitter_misc":{"Escrito por":"Rodrigo Zuquim","Est. tempo de leitura":"2 minutos"},"schema":{"@context":"https:\/\/schema.org","@graph":[{"@type":"Article","@id":"https:\/\/agenciainfra.com\/blog\/artesp-diz-que-fez-consulta-a-procuradoria-sobre-o-que-sera-possivel-considerar-em-reequilibrios\/#article","isPartOf":{"@id":"https:\/\/agenciainfra.com\/blog\/artesp-diz-que-fez-consulta-a-procuradoria-sobre-o-que-sera-possivel-considerar-em-reequilibrios\/"},"author":{"name":"Rodrigo Zuquim","@id":"https:\/\/agenciainfra.com\/blog\/#\/schema\/person\/04dbb79bd6d8951f063da71f3e4c1eb1"},"headline":"Artesp diz que fez consulta \u00e0 procuradoria sobre o que ser\u00e1 poss\u00edvel considerar em reequil\u00edbrios","datePublished":"2020-05-24T16:00:04+00:00","mainEntityOfPage":{"@id":"https:\/\/agenciainfra.com\/blog\/artesp-diz-que-fez-consulta-a-procuradoria-sobre-o-que-sera-possivel-considerar-em-reequilibrios\/"},"wordCount":436,"publisher":{"@id":"https:\/\/agenciainfra.com\/blog\/#organization"},"image":{"@id":"https:\/\/agenciainfra.com\/blog\/artesp-diz-que-fez-consulta-a-procuradoria-sobre-o-que-sera-possivel-considerar-em-reequilibrios\/#primaryimage"},"thumbnailUrl":"https:\/\/agenciainfra.com\/blog\/wp-content\/uploads\/2020\/05\/artesp-foto-governo-sp-e1747993610779.jpg","keywords":["abcr","Artesp","concess\u00f5es","Karina Fera","reequil\u00edbrio de contratos","Renata Dantas"],"articleSection":["iNFRATransporte"],"inLanguage":"pt-BR","copyrightYear":"2020","copyrightHolder":{"@id":"https:\/\/agenciainfra.com\/blog\/#organization"}},{"@type":"WebPage","@id":"https:\/\/agenciainfra.com\/blog\/artesp-diz-que-fez-consulta-a-procuradoria-sobre-o-que-sera-possivel-considerar-em-reequilibrios\/","url":"https:\/\/agenciainfra.com\/blog\/artesp-diz-que-fez-consulta-a-procuradoria-sobre-o-que-sera-possivel-considerar-em-reequilibrios\/","name":"Artesp diz que fez consulta \u00e0 procuradoria sobre o que ser\u00e1 poss\u00edvel considerar em reequil\u00edbrios - Ag\u00eancia iNFRA","isPartOf":{"@id":"https:\/\/agenciainfra.com\/blog\/#website"},"primaryImageOfPage":{"@id":"https:\/\/agenciainfra.com\/blog\/artesp-diz-que-fez-consulta-a-procuradoria-sobre-o-que-sera-possivel-considerar-em-reequilibrios\/#primaryimage"},"image":{"@id":"https:\/\/agenciainfra.com\/blog\/artesp-diz-que-fez-consulta-a-procuradoria-sobre-o-que-sera-possivel-considerar-em-reequilibrios\/#primaryimage"},"thumbnailUrl":"https:\/\/agenciainfra.com\/blog\/wp-content\/uploads\/2020\/05\/artesp-foto-governo-sp-e1747993610779.jpg","datePublished":"2020-05-24T16:00:04+00:00","breadcrumb":{"@id":"https:\/\/agenciainfra.com\/blog\/artesp-diz-que-fez-consulta-a-procuradoria-sobre-o-que-sera-possivel-considerar-em-reequilibrios\/#breadcrumb"},"inLanguage":"pt-BR","potentialAction":[{"@type":"ReadAction","target":["https:\/\/agenciainfra.com\/blog\/artesp-diz-que-fez-consulta-a-procuradoria-sobre-o-que-sera-possivel-considerar-em-reequilibrios\/"]}]},{"@type":"ImageObject","inLanguage":"pt-BR","@id":"https:\/\/agenciainfra.com\/blog\/artesp-diz-que-fez-consulta-a-procuradoria-sobre-o-que-sera-possivel-considerar-em-reequilibrios\/#primaryimage","url":"https:\/\/agenciainfra.com\/blog\/wp-content\/uploads\/2020\/05\/artesp-foto-governo-sp-e1747993610779.jpg","contentUrl":"https:\/\/agenciainfra.com\/blog\/wp-content\/uploads\/2020\/05\/artesp-foto-governo-sp-e1747993610779.jpg","width":1280,"height":753},{"@type":"BreadcrumbList","@id":"https:\/\/agenciainfra.com\/blog\/artesp-diz-que-fez-consulta-a-procuradoria-sobre-o-que-sera-possivel-considerar-em-reequilibrios\/#breadcrumb","itemListElement":[{"@type":"ListItem","position":1,"name":"In\u00edcio","item":"https:\/\/agenciainfra.com\/blog\/"},{"@type":"ListItem","position":2,"name":"Artesp diz que fez consulta \u00e0 procuradoria sobre o que ser\u00e1 poss\u00edvel considerar em reequil\u00edbrios"}]},{"@type":"WebSite","@id":"https:\/\/agenciainfra.com\/blog\/#website","url":"https:\/\/agenciainfra.com\/blog\/","name":"Ag\u00eancia iNFRA","description":"Multiplataforma de informa\u00e7\u00e3o jornal\u00edstica refer\u00eancia na \u00e1rea de infraestrutura no Brasil!","publisher":{"@id":"https:\/\/agenciainfra.com\/blog\/#organization"},"potentialAction":[{"@type":"SearchAction","target":{"@type":"EntryPoint","urlTemplate":"https:\/\/agenciainfra.com\/blog\/?s={search_term_string}"},"query-input":{"@type":"PropertyValueSpecification","valueRequired":true,"valueName":"search_term_string"}}],"inLanguage":"pt-BR"},{"@type":"Organization","@id":"https:\/\/agenciainfra.com\/blog\/#organization","name":"Ag\u00eancia iNFRA","url":"https:\/\/agenciainfra.com\/blog\/","logo":{"@type":"ImageObject","inLanguage":"pt-BR","@id":"https:\/\/agenciainfra.com\/blog\/#\/schema\/logo\/image\/","url":"https:\/\/agenciainfra.com\/blog\/wp-content\/uploads\/2023\/09\/iNFRA_5-e1761735885940.png","contentUrl":"https:\/\/agenciainfra.com\/blog\/wp-content\/uploads\/2023\/09\/iNFRA_5-e1761735885940.png","width":1672,"height":454,"caption":"Ag\u00eancia iNFRA"},"image":{"@id":"https:\/\/agenciainfra.com\/blog\/#\/schema\/logo\/image\/"},"sameAs":["https:\/\/www.facebook.com\/ageninfra","https:\/\/x.com\/agencia_infra","https:\/\/www.linkedin.com\/company\/ag\u00eanciainfra\/","https:\/\/www.instagram.com\/agenciainfra\/"]},{"@type":"Person","@id":"https:\/\/agenciainfra.com\/blog\/#\/schema\/person\/04dbb79bd6d8951f063da71f3e4c1eb1","name":"Rodrigo Zuquim","image":{"@type":"ImageObject","inLanguage":"pt-BR","@id":"https:\/\/agenciainfra.com\/blog\/#\/schema\/person\/image\/","url":"https:\/\/secure.gravatar.com\/avatar\/594abfe82761d620726242ff34ca472a705a4b97f16c790053a6b4c4035274d0?s=96&d=mm&r=g","contentUrl":"https:\/\/secure.gravatar.com\/avatar\/594abfe82761d620726242ff34ca472a705a4b97f16c790053a6b4c4035274d0?s=96&d=mm&r=g","caption":"Rodrigo Zuquim"},"url":"https:\/\/agenciainfra.com\/blog\/author\/rodrigo-zuquim\/"}]}},"_links":{"self":[{"href":"https:\/\/agenciainfra.com\/blog\/wp-json\/wp\/v2\/posts\/4939","targetHints":{"allow":["GET"]}}],"collection":[{"href":"https:\/\/agenciainfra.com\/blog\/wp-json\/wp\/v2\/posts"}],"about":[{"href":"https:\/\/agenciainfra.com\/blog\/wp-json\/wp\/v2\/types\/post"}],"author":[{"embeddable":true,"href":"https:\/\/agenciainfra.com\/blog\/wp-json\/wp\/v2\/users\/9"}],"replies":[{"embeddable":true,"href":"https:\/\/agenciainfra.com\/blog\/wp-json\/wp\/v2\/comments?post=4939"}],"version-history":[{"count":0,"href":"https:\/\/agenciainfra.com\/blog\/wp-json\/wp\/v2\/posts\/4939\/revisions"}],"wp:featuredmedia":[{"embeddable":true,"href":"https:\/\/agenciainfra.com\/blog\/wp-json\/wp\/v2\/media\/4940"}],"wp:attachment":[{"href":"https:\/\/agenciainfra.com\/blog\/wp-json\/wp\/v2\/media?parent=4939"}],"wp:term":[{"taxonomy":"category","embeddable":true,"href":"https:\/\/agenciainfra.com\/blog\/wp-json\/wp\/v2\/categories?post=4939"},{"taxonomy":"post_tag","embeddable":true,"href":"https:\/\/agenciainfra.com\/blog\/wp-json\/wp\/v2\/tags?post=4939"}],"curies":[{"name":"wp","href":"https:\/\/api.w.org\/{rel}","templated":true}]}}