{"id":4945,"date":"2020-05-26T08:00:10","date_gmt":"2020-05-26T11:00:10","guid":{"rendered":"http:\/\/www.agenciainfra.com\/blog\/?p=4945"},"modified":"2020-05-25T10:55:44","modified_gmt":"2020-05-25T13:55:44","slug":"para-tce-am-veto-a-abertura-do-gas-sera-tema-forte-em-reprovacao-de-contas-do-executivo","status":"publish","type":"post","link":"https:\/\/agenciainfra.com\/blog\/para-tce-am-veto-a-abertura-do-gas-sera-tema-forte-em-reprovacao-de-contas-do-executivo\/","title":{"rendered":"Para TCE-AM, veto a abertura do g\u00e1s ser\u00e1 &#8220;tema forte em reprova\u00e7\u00e3o de contas&#8221; do Executivo"},"content":{"rendered":"<h5 style=\"text-align: right;\"><strong>Guilherme Mendes, da Ag\u00eancia iNFRA<\/strong><\/h5>\n<div>\n<p dir=\"ltr\">O TCE-AM (Tribunal de Contas do Estado do Amazonas) avan\u00e7a com uma representa\u00e7\u00e3o contra o governador do estado, Wilson Lima (PSC), por conta da sua atua\u00e7\u00e3o contr\u00e1ria \u00e0 quebra do monop\u00f3lio estadual de g\u00e1s. Lima decidiu vetar a lei aprovada em abril pela\u00a0Assembleia Legislativa amazonense permitindo a abertura do mercado livre de g\u00e1s \u2013 esse veto ainda pode ser derrubado pelos deputados estaduais.<\/p>\n<p>Enquanto analisa\u00a0den\u00fancias contra o chefe do Poder Executivo internamente, o conselheiro do tribunal Ari Moutinho Jr. j\u00e1 afirma publicamente que a a\u00e7\u00e3o de bloquear a abertura do mercado poder\u00e1 refletir-se na pr\u00f3pria governabilidade do estado.<\/p>\n<p>&#8220;Se ele [Lima] tiver ju\u00edzo, em um momento onde todos os governadores est\u00e3o com pires na m\u00e3o, esperando ajuda do governo federal, ele n\u00e3o vai literalmente queimar uma expectativa presente de receita e emprego no estado do Amazonas&#8221;, afirmou Moutinho Jr. \u00e0\u00a0<strong>Ag\u00eancia iNFRA\u00a0<\/strong>na \u00faltima sexta-feira (22), e complementou: &#8220;Ser\u00e1 um tema muito forte da reprova\u00e7\u00e3o das contas do seu governo&#8221;.<\/p>\n<p>O TCE analisa atualmente\u00a0diversos aspectos do mercado de g\u00e1s no estado: al\u00e9m da decis\u00e3o do governo estadual em vetar o mercado de g\u00e1s, o tribunal investiga supostas irregularidades em benef\u00edcios concedidos \u00e0 Eneva e tamb\u00e9m den\u00fancias sobre os termos do contrato firmado com a Cig\u00e1s, estatal que tem a concess\u00e3o da distribui\u00e7\u00e3o e comercializa\u00e7\u00e3o do g\u00e1s no estado at\u00e9 o ano de 2040.<\/p>\n<p>Questionado, o conselheiro pontuou que a abertura da explora\u00e7\u00e3o do g\u00e1s poderia ser essencial para a instala\u00e7\u00e3o de novos polos industriais na regi\u00e3o de Manaus, al\u00e9m de trazer fundos para o combate da pandemia do novo coronav\u00edrus no estado. Para Moutinho Jr., o governo do estado n\u00e3o poderia ser omisso ao n\u00e3o se utilizar dessa fonte de recursos. &#8220;\u00c9 algo surreal&#8221;, afirmou o conselheiro, que comparou: &#8220;\u00c9 como se o governo do estado do Rio de Janeiro fechasse os campos de petr\u00f3leo, reinjetasse os ativos e deixasse que o povo vivesse na mis\u00e9ria&#8221;.<\/p>\n<p><strong>Executivo vetou proposta<\/strong><br \/>\nA fala aumenta a instabilidade sobre a quest\u00e3o energ\u00e9tica\u00a0no Amazonas, dono de uma das maiores reservas de g\u00e1s natural no pa\u00eds e que pode se encaminhar para a quebra do monop\u00f3lio estatal do g\u00e1s nesta semana se os deputados derrubarem o veto.<\/p>\n<p>No in\u00edcio de abril, a Assembleia Legislativa do estado aprovou, de maneira rel\u00e2mpago e com duas vota\u00e7\u00f5es no mesmo dia, um\u00a0<a href=\"https:\/\/agenciainfra.us14.list-manage.com\/track\/click?u=d460dd1bcf9ba0ae040e1fc0f&amp;id=ec3df68b70&amp;e=c099169394\" target=\"_blank\" rel=\"noopener noreferrer\" data-saferedirecturl=\"https:\/\/www.google.com\/url?q=https:\/\/agenciainfra.us14.list-manage.com\/track\/click?u%3Dd460dd1bcf9ba0ae040e1fc0f%26id%3Dec3df68b70%26e%3Dc099169394&amp;source=gmail&amp;ust=1590499881126000&amp;usg=AFQjCNGz4bfhUnzxd0zNlELrDKFpsSN-gQ\">PL (projeto de lei)<\/a>\u00a0pela abertura do mercado de g\u00e1s no Amazonas, retirando o monop\u00f3lio da Cig\u00e1s. A vota\u00e7\u00e3o foi contr\u00e1ria aos planos do governador \u2013\u00a0que vetou o PL no in\u00edcio de maio. Nesta semana o veto ser\u00e1 analisado.<\/p>\n<p>Na\u00a0<a href=\"https:\/\/agenciainfra.us14.list-manage.com\/track\/click?u=d460dd1bcf9ba0ae040e1fc0f&amp;id=e07179ae67&amp;e=c099169394\" target=\"_blank\" rel=\"noopener noreferrer\" data-saferedirecturl=\"https:\/\/www.google.com\/url?q=https:\/\/agenciainfra.us14.list-manage.com\/track\/click?u%3Dd460dd1bcf9ba0ae040e1fc0f%26id%3De07179ae67%26e%3Dc099169394&amp;source=gmail&amp;ust=1590499881126000&amp;usg=AFQjCNGyW3b5ZOfo32VcqL0uageGdSmb1A\">mensagem de veto<\/a>\u00a0encaminhada ao Legislativo, o governador anunciou a cria\u00e7\u00e3o de uma comiss\u00e3o de estudos para rever a pol\u00edtica estadual de g\u00e1s, mas disse que n\u00e3o promulgaria a lei por haver v\u00edcio de iniciativa por parte dos deputados \u2013\u00a0isto \u00e9, como a Constitui\u00e7\u00e3o Federal prev\u00ea apenas a regula\u00e7\u00e3o de jazidas por parte da Uni\u00e3o, e como cabe ao governador definir a concess\u00e3o de servi\u00e7os p\u00fablicos, n\u00e3o caberia ao Legislativo nenhuma das decis\u00f5es por ele tomadas.<\/p>\n<p>&#8220;A proposi\u00e7\u00e3o, tendo em vista sua natureza e teor, poder\u00e1 afetar a concess\u00e3o p\u00fablica outorgada \u00e0 Cig\u00e1s, o que potencialmente acarretaria em mais preju\u00edzos ao estado do Amazonas, advindos de eventual perda financeira, decorrente de sua participa\u00e7\u00e3o acion\u00e1ria na referida companhia&#8221;, anotou o governador.<\/p>\n<p>Segundo o TCE-AM ,\u00a0&#8220;a\u00a0sua san\u00e7\u00e3o, a promulga\u00e7\u00e3o e a posterior vig\u00eancia da lei correspondente s\u00e3o medidas necess\u00e1rias, tendo em vista que unificar\u00e1 a legisla\u00e7\u00e3o que suporta todo o mercado do g\u00e1s natural em territ\u00f3rio estadual, com a formula\u00e7\u00e3o desse novo marco regulat\u00f3rio para essa importante fonte de energia natural, e vai ao encontro das diretrizes do Novo Mercado de G\u00e1s, apresentadas pelo governo federal&#8221;,\u00a0<a href=\"https:\/\/agenciainfra.us14.list-manage.com\/track\/click?u=d460dd1bcf9ba0ae040e1fc0f&amp;id=73b0b35769&amp;e=c099169394\" target=\"_blank\" rel=\"noopener noreferrer\" data-saferedirecturl=\"https:\/\/www.google.com\/url?q=https:\/\/agenciainfra.us14.list-manage.com\/track\/click?u%3Dd460dd1bcf9ba0ae040e1fc0f%26id%3D73b0b35769%26e%3Dc099169394&amp;source=gmail&amp;ust=1590499881126000&amp;usg=AFQjCNHqZnxiYN8rP3Dp3PUhW9XJwpTdrw\">votou<\/a> Ari Moutinho Jr.<\/p>\n<p><strong>Den\u00fancia original envolve a Eneva<\/strong><br \/>\nO conselheiro aponta que o processo, ainda em fase de instru\u00e7\u00e3o dentro do tribunal de contas, n\u00e3o trata especificamente do projeto de lei, mas de uma den\u00fancia, apresentada por um deputado da oposi\u00e7\u00e3o, sobre supostas irregularidades em explora\u00e7\u00f5es feitas pela Eneva no campo de Azul\u00e3o.<\/p>\n<p>A den\u00fancia, movida pelo deputado Wilker Barreto (Podemos), aponta que a Eneva, respons\u00e1vel por explorar o campo de Azul\u00e3o, estaria encaminhando o g\u00e1s para o estado de Roraima, o que impactaria diretamente no recolhimento do ICMS (Imposto sobre a Circula\u00e7\u00e3o de Mercadorias e Servi\u00e7os) do Amazonas. Ao permitir a opera\u00e7\u00e3o, aponta o parlamentar, o governo estaria promovendo\u00a0uma isen\u00e7\u00e3o tribut\u00e1ria indevida, sem base legal. A den\u00fancia, caso acolhida em sua totalidade pelo TCE, pode suspender de maneira cautelar os benef\u00edcios tribut\u00e1rios da empresa\u00a0na opera\u00e7\u00e3o do campo, situado\u00a0a cerca de 200 km de Manaus.<\/p>\n<p>O TCE analisa tamb\u00e9m quest\u00f5es relativas ao funcionamento da concession\u00e1ria estatal: em um\u00a0<a href=\"https:\/\/agenciainfra.us14.list-manage.com\/track\/click?u=d460dd1bcf9ba0ae040e1fc0f&amp;id=57f7b5dfe3&amp;e=c099169394\" target=\"_blank\" rel=\"noopener noreferrer\" data-saferedirecturl=\"https:\/\/www.google.com\/url?q=https:\/\/agenciainfra.us14.list-manage.com\/track\/click?u%3Dd460dd1bcf9ba0ae040e1fc0f%26id%3D57f7b5dfe3%26e%3Dc099169394&amp;source=gmail&amp;ust=1590499881126000&amp;usg=AFQjCNElY8ip9ES6FVVvwPBTrp54qs09iA\">documento<\/a> enviado pela Arsepam (Ag\u00eancia Reguladora dos Servi\u00e7os P\u00fablicos Delegados e Contratados do Estado do Amazonas) ao TCE, h\u00e1 a den\u00fancia de supostas fraudes e mau uso do dinheiro p\u00fablico na opera\u00e7\u00e3o da Cig\u00e1s. Segundo a den\u00fancia, enviada pelo\u00a0pr\u00f3prio diretor-geral da Arsepam, a Cig\u00e1s enviaria o m\u00ednimo de 75% dos seus dividendos aos acionistas \u2013 valores que a den\u00fancia considera acima da m\u00e9dia do mercado, de 25% \u2013 e n\u00e3o teria os requisitos m\u00ednimos de transpar\u00eancia cobrados de empresas estatais. Segundo Moutinho Jr., a den\u00fancia foi retirada pela pr\u00f3pria Arsepam\u00a0uma semana depois de enviada.<\/p>\n<p>Procurada, a Eneva afirmou que se manifestar\u00e1 apenas nos autos e encaminhou \u00e0 reportagem uma manifesta\u00e7\u00e3o de 2019 da ABPIP (Associa\u00e7\u00e3o Brasileira dos Produtores Independentes de Petr\u00f3leo e G\u00e1s) de que, por conta do monop\u00f3lio do g\u00e1s no estado, inexiste no Amazonas a figura dos autoprodutores e dos consumidores livres.\u00a0O governo do Amazonas\u00a0e a Cig\u00e1s n\u00e3o responderam aos contatos da reportagem para esta mat\u00e9ria.<\/p>\n<p><strong>TCE fez consulta p\u00fablica<\/strong><br \/>\nAo se aprofundar\u00a0no tema da abertura do mercado de g\u00e1s, o TCE abriu consulta p\u00fablica para coletar subs\u00eddios sobre o tema e &#8220;29 entidades que reputo como de credibilidade se manifestaram&#8221;, relembrou Moutinho Jr. No<a href=\"https:\/\/agenciainfra.us14.list-manage.com\/track\/click?u=d460dd1bcf9ba0ae040e1fc0f&amp;id=85a350199f&amp;e=c099169394\" target=\"_blank\" rel=\"noopener noreferrer\" data-saferedirecturl=\"https:\/\/www.google.com\/url?q=https:\/\/agenciainfra.us14.list-manage.com\/track\/click?u%3Dd460dd1bcf9ba0ae040e1fc0f%26id%3D85a350199f%26e%3Dc099169394&amp;source=gmail&amp;ust=1590499881126000&amp;usg=AFQjCNHqdALyetKG7SLswE8tSqbTPKuSug\">\u00a0Di\u00e1rio Oficial<\/a>\u00a0sobre a consulta p\u00fablica, \u00e9 poss\u00edvel encontrar 28 contribui\u00e7\u00f5es, entre elas do\u00a0<a href=\"https:\/\/agenciainfra.us14.list-manage.com\/track\/click?u=d460dd1bcf9ba0ae040e1fc0f&amp;id=8eac696481&amp;e=c099169394\" target=\"_blank\" rel=\"noopener noreferrer\" data-saferedirecturl=\"https:\/\/www.google.com\/url?q=https:\/\/agenciainfra.us14.list-manage.com\/track\/click?u%3Dd460dd1bcf9ba0ae040e1fc0f%26id%3D8eac696481%26e%3Dc099169394&amp;source=gmail&amp;ust=1590499881126000&amp;usg=AFQjCNGvJghtolVmcgNJF44n1iNlKUfY4A\">governador de Roraima, Antonio Denarium<\/a>\u00a0(sem partido), favor\u00e1vel, e da\u00a0<a href=\"https:\/\/agenciainfra.us14.list-manage.com\/track\/click?u=d460dd1bcf9ba0ae040e1fc0f&amp;id=795f061d48&amp;e=c099169394\" target=\"_blank\" rel=\"noopener noreferrer\" data-saferedirecturl=\"https:\/\/www.google.com\/url?q=https:\/\/agenciainfra.us14.list-manage.com\/track\/click?u%3Dd460dd1bcf9ba0ae040e1fc0f%26id%3D795f061d48%26e%3Dc099169394&amp;source=gmail&amp;ust=1590499881126000&amp;usg=AFQjCNGcBUxr4XEpuxLNfybjj3IEp17pig\">Petrobras<\/a>, tamb\u00e9m favor\u00e1vel.\u00a0A\u00a0<a href=\"https:\/\/agenciainfra.us14.list-manage.com\/track\/click?u=d460dd1bcf9ba0ae040e1fc0f&amp;id=422fde9f46&amp;e=c099169394\" target=\"_blank\" rel=\"noopener noreferrer\" data-saferedirecturl=\"https:\/\/www.google.com\/url?q=https:\/\/agenciainfra.us14.list-manage.com\/track\/click?u%3Dd460dd1bcf9ba0ae040e1fc0f%26id%3D422fde9f46%26e%3Dc099169394&amp;source=gmail&amp;ust=1590499881126000&amp;usg=AFQjCNG4si0bwBZEM-NvU8plT8dLdqvXCQ\">Cig\u00e1s<\/a>\u00a0e o\u00a0<a href=\"https:\/\/agenciainfra.us14.list-manage.com\/track\/click?u=d460dd1bcf9ba0ae040e1fc0f&amp;id=53fa8e82c3&amp;e=c099169394\" target=\"_blank\" rel=\"noopener noreferrer\" data-saferedirecturl=\"https:\/\/www.google.com\/url?q=https:\/\/agenciainfra.us14.list-manage.com\/track\/click?u%3Dd460dd1bcf9ba0ae040e1fc0f%26id%3D53fa8e82c3%26e%3Dc099169394&amp;source=gmail&amp;ust=1590499881126000&amp;usg=AFQjCNEQbicF3Dd5gNsFxPYz4AI0GdUpYQ\">governo do estado<\/a>\u00a0enviaram duas notas semelhantes, em\u00a0que se posicionam contra a\u00a0abertura.<\/p>\n<p>A Abrace (Associa\u00e7\u00e3o Brasileira dos Grandes Consumidores Industriais de Energia e de Consumidores Livres) tamb\u00e9m se mostrou favor\u00e1vel ao projeto. &#8220;O Amazonas possui uma representativa participa\u00e7\u00e3o na produ\u00e7\u00e3o do pa\u00eds de g\u00e1s natural em terra, com 14% de produ\u00e7\u00e3o, por\u00e9m seus percentuais de reinje\u00e7\u00e3o alcan\u00e7am 50% da produ\u00e7\u00e3o&#8221;, apontou a entidade em\u00a0<a href=\"https:\/\/agenciainfra.us14.list-manage.com\/track\/click?u=d460dd1bcf9ba0ae040e1fc0f&amp;id=7380b8cb42&amp;e=c099169394\" target=\"_blank\" rel=\"noopener noreferrer\" data-saferedirecturl=\"https:\/\/www.google.com\/url?q=https:\/\/agenciainfra.us14.list-manage.com\/track\/click?u%3Dd460dd1bcf9ba0ae040e1fc0f%26id%3D7380b8cb42%26e%3Dc099169394&amp;source=gmail&amp;ust=1590499881126000&amp;usg=AFQjCNFd5CnYFFEKU_sGln1ByjBbjHmyyA\">of\u00edcio<\/a>\u00a0encaminhado ao TCE. &#8220;O aproveitamento desse recurso pode promover o desenvolvimento local, trazer mais investimentos para o estado, tendo como refer\u00eancia as melhores pr\u00e1ticas internacionais do setor.&#8221;<\/p>\n<p>Com isso, o tribunal j\u00e1 se manifestou a favor da derrubada do veto. O motivo, apontou Moutinho Jr. em seu voto, seria &#8220;pela grande import\u00e2ncia e relev\u00e2ncia da mat\u00e9ria, tendo em vista que unificar\u00e1 a legisla\u00e7\u00e3o que suporta todo o mercado do g\u00e1s natural em territ\u00f3rio estadual&#8221;. Haveria, com o projeto de lei, a formula\u00e7\u00e3o de um novo marco regulat\u00f3rio para essa fonte de energia natural &#8220;e considerando ainda ser uma promissora alternativa para o desenvolvimento da economia e do mercado interno de consumo do combust\u00edvel&#8221;.<\/p>\n<\/div>\n","protected":false},"excerpt":{"rendered":"<p>Guilherme Mendes, da Ag\u00eancia iNFRA O TCE-AM (Tribunal de Contas do Estado do Amazonas) avan\u00e7a com uma representa\u00e7\u00e3o contra o governador do estado, Wilson Lima (PSC), por conta da sua atua\u00e7\u00e3o contr\u00e1ria \u00e0 quebra do monop\u00f3lio estadual de g\u00e1s. Lima decidiu vetar a lei aprovada em abril pela\u00a0Assembleia Legislativa amazonense permitindo a abertura do mercado [&hellip;]<\/p>\n","protected":false},"author":9,"featured_media":4946,"comment_status":"closed","ping_status":"closed","sticky":false,"template":"","format":"standard","meta":{"_monsterinsights_skip_tracking":false,"_monsterinsights_sitenote_active":false,"_monsterinsights_sitenote_note":"","_monsterinsights_sitenote_category":0,"footnotes":""},"categories":[10],"tags":[41,672,2027,2026,343,2024,2025],"class_list":["post-4945","post","type-post","status-publish","format-standard","has-post-thumbnail","hentry","category-infraenergia","tag-abrace","tag-amazonas","tag-ari-moutinho-jr","tag-cigas","tag-gas","tag-tce-am","tag-wilson-lima-jr"],"yoast_head":"<!-- This site is optimized with the Yoast SEO Premium plugin v25.4 (Yoast SEO v26.0) - https:\/\/yoast.com\/wordpress\/plugins\/seo\/ -->\n<title>Para TCE-AM, veto a abertura do g\u00e1s ser\u00e1 &quot;tema forte em reprova\u00e7\u00e3o de contas&quot; do Executivo - Ag\u00eancia iNFRA<\/title>\n<meta name=\"robots\" content=\"index, follow, max-snippet:-1, max-image-preview:large, max-video-preview:-1\" \/>\n<link rel=\"canonical\" href=\"https:\/\/agenciainfra.com\/blog\/para-tce-am-veto-a-abertura-do-gas-sera-tema-forte-em-reprovacao-de-contas-do-executivo\/\" \/>\n<meta property=\"og:locale\" content=\"pt_BR\" \/>\n<meta property=\"og:type\" content=\"article\" \/>\n<meta property=\"og:title\" content=\"Para TCE-AM, veto a abertura do g\u00e1s ser\u00e1 &quot;tema forte em reprova\u00e7\u00e3o de contas&quot; do Executivo\" \/>\n<meta property=\"og:description\" content=\"Guilherme Mendes, da Ag\u00eancia iNFRA O TCE-AM (Tribunal de Contas do Estado do Amazonas) avan\u00e7a com uma representa\u00e7\u00e3o contra o governador do estado, Wilson Lima (PSC), por conta da sua atua\u00e7\u00e3o contr\u00e1ria \u00e0 quebra do monop\u00f3lio estadual de g\u00e1s. Lima decidiu vetar a lei aprovada em abril pela\u00a0Assembleia Legislativa amazonense permitindo a abertura do mercado [&hellip;]\" \/>\n<meta property=\"og:url\" content=\"https:\/\/agenciainfra.com\/blog\/para-tce-am-veto-a-abertura-do-gas-sera-tema-forte-em-reprovacao-de-contas-do-executivo\/\" \/>\n<meta property=\"og:site_name\" content=\"Ag\u00eancia iNFRA\" \/>\n<meta property=\"article:publisher\" content=\"https:\/\/www.facebook.com\/ageninfra\" \/>\n<meta property=\"article:published_time\" content=\"2020-05-26T11:00:10+00:00\" \/>\n<meta property=\"og:image\" content=\"https:\/\/agenciainfra.com\/blog\/wp-content\/uploads\/2020\/05\/ari-moutinho-jr-foto-tce-am.jpg\" \/>\n\t<meta property=\"og:image:width\" content=\"1280\" \/>\n\t<meta property=\"og:image:height\" content=\"853\" \/>\n\t<meta property=\"og:image:type\" content=\"image\/jpeg\" \/>\n<meta name=\"author\" content=\"Rodrigo Zuquim\" \/>\n<meta name=\"twitter:card\" content=\"summary_large_image\" \/>\n<meta name=\"twitter:creator\" content=\"@agencia_infra\" \/>\n<meta name=\"twitter:site\" content=\"@agencia_infra\" \/>\n<meta name=\"twitter:label1\" content=\"Escrito por\" \/>\n\t<meta name=\"twitter:data1\" content=\"Rodrigo Zuquim\" \/>\n\t<meta name=\"twitter:label2\" content=\"Est. tempo de leitura\" \/>\n\t<meta name=\"twitter:data2\" content=\"7 minutos\" \/>\n<script type=\"application\/ld+json\" class=\"yoast-schema-graph\">{\"@context\":\"https:\/\/schema.org\",\"@graph\":[{\"@type\":\"Article\",\"@id\":\"https:\/\/agenciainfra.com\/blog\/para-tce-am-veto-a-abertura-do-gas-sera-tema-forte-em-reprovacao-de-contas-do-executivo\/#article\",\"isPartOf\":{\"@id\":\"https:\/\/agenciainfra.com\/blog\/para-tce-am-veto-a-abertura-do-gas-sera-tema-forte-em-reprovacao-de-contas-do-executivo\/\"},\"author\":{\"name\":\"Rodrigo Zuquim\",\"@id\":\"https:\/\/agenciainfra.com\/blog\/#\/schema\/person\/04dbb79bd6d8951f063da71f3e4c1eb1\"},\"headline\":\"Para TCE-AM, veto a abertura do g\u00e1s ser\u00e1 &#8220;tema forte em reprova\u00e7\u00e3o de contas&#8221; do Executivo\",\"datePublished\":\"2020-05-26T11:00:10+00:00\",\"mainEntityOfPage\":{\"@id\":\"https:\/\/agenciainfra.com\/blog\/para-tce-am-veto-a-abertura-do-gas-sera-tema-forte-em-reprovacao-de-contas-do-executivo\/\"},\"wordCount\":1359,\"publisher\":{\"@id\":\"https:\/\/agenciainfra.com\/blog\/#organization\"},\"image\":{\"@id\":\"https:\/\/agenciainfra.com\/blog\/para-tce-am-veto-a-abertura-do-gas-sera-tema-forte-em-reprovacao-de-contas-do-executivo\/#primaryimage\"},\"thumbnailUrl\":\"https:\/\/agenciainfra.com\/blog\/wp-content\/uploads\/2020\/05\/ari-moutinho-jr-foto-tce-am.jpg\",\"keywords\":[\"Abrace\",\"amazonas\",\"Ari Moutinho Jr.\",\"Cig\u00e1s\",\"g\u00e1s\",\"TCE-AM\",\"Wilson Lima Jr.\"],\"articleSection\":[\"iNFRAEnergia\"],\"inLanguage\":\"pt-BR\",\"copyrightYear\":\"2020\",\"copyrightHolder\":{\"@id\":\"https:\/\/agenciainfra.com\/blog\/#organization\"}},{\"@type\":\"WebPage\",\"@id\":\"https:\/\/agenciainfra.com\/blog\/para-tce-am-veto-a-abertura-do-gas-sera-tema-forte-em-reprovacao-de-contas-do-executivo\/\",\"url\":\"https:\/\/agenciainfra.com\/blog\/para-tce-am-veto-a-abertura-do-gas-sera-tema-forte-em-reprovacao-de-contas-do-executivo\/\",\"name\":\"Para TCE-AM, veto a abertura do g\u00e1s ser\u00e1 \\\"tema forte em reprova\u00e7\u00e3o de contas\\\" do Executivo - Ag\u00eancia iNFRA\",\"isPartOf\":{\"@id\":\"https:\/\/agenciainfra.com\/blog\/#website\"},\"primaryImageOfPage\":{\"@id\":\"https:\/\/agenciainfra.com\/blog\/para-tce-am-veto-a-abertura-do-gas-sera-tema-forte-em-reprovacao-de-contas-do-executivo\/#primaryimage\"},\"image\":{\"@id\":\"https:\/\/agenciainfra.com\/blog\/para-tce-am-veto-a-abertura-do-gas-sera-tema-forte-em-reprovacao-de-contas-do-executivo\/#primaryimage\"},\"thumbnailUrl\":\"https:\/\/agenciainfra.com\/blog\/wp-content\/uploads\/2020\/05\/ari-moutinho-jr-foto-tce-am.jpg\",\"datePublished\":\"2020-05-26T11:00:10+00:00\",\"breadcrumb\":{\"@id\":\"https:\/\/agenciainfra.com\/blog\/para-tce-am-veto-a-abertura-do-gas-sera-tema-forte-em-reprovacao-de-contas-do-executivo\/#breadcrumb\"},\"inLanguage\":\"pt-BR\",\"potentialAction\":[{\"@type\":\"ReadAction\",\"target\":[\"https:\/\/agenciainfra.com\/blog\/para-tce-am-veto-a-abertura-do-gas-sera-tema-forte-em-reprovacao-de-contas-do-executivo\/\"]}]},{\"@type\":\"ImageObject\",\"inLanguage\":\"pt-BR\",\"@id\":\"https:\/\/agenciainfra.com\/blog\/para-tce-am-veto-a-abertura-do-gas-sera-tema-forte-em-reprovacao-de-contas-do-executivo\/#primaryimage\",\"url\":\"https:\/\/agenciainfra.com\/blog\/wp-content\/uploads\/2020\/05\/ari-moutinho-jr-foto-tce-am.jpg\",\"contentUrl\":\"https:\/\/agenciainfra.com\/blog\/wp-content\/uploads\/2020\/05\/ari-moutinho-jr-foto-tce-am.jpg\",\"width\":1280,\"height\":853},{\"@type\":\"BreadcrumbList\",\"@id\":\"https:\/\/agenciainfra.com\/blog\/para-tce-am-veto-a-abertura-do-gas-sera-tema-forte-em-reprovacao-de-contas-do-executivo\/#breadcrumb\",\"itemListElement\":[{\"@type\":\"ListItem\",\"position\":1,\"name\":\"In\u00edcio\",\"item\":\"https:\/\/agenciainfra.com\/blog\/\"},{\"@type\":\"ListItem\",\"position\":2,\"name\":\"Para TCE-AM, veto a abertura do g\u00e1s ser\u00e1 &#8220;tema forte em reprova\u00e7\u00e3o de contas&#8221; do Executivo\"}]},{\"@type\":\"WebSite\",\"@id\":\"https:\/\/agenciainfra.com\/blog\/#website\",\"url\":\"https:\/\/agenciainfra.com\/blog\/\",\"name\":\"Ag\u00eancia iNFRA\",\"description\":\"Multiplataforma de informa\u00e7\u00e3o jornal\u00edstica refer\u00eancia na \u00e1rea de infraestrutura no Brasil!\",\"publisher\":{\"@id\":\"https:\/\/agenciainfra.com\/blog\/#organization\"},\"potentialAction\":[{\"@type\":\"SearchAction\",\"target\":{\"@type\":\"EntryPoint\",\"urlTemplate\":\"https:\/\/agenciainfra.com\/blog\/?s={search_term_string}\"},\"query-input\":{\"@type\":\"PropertyValueSpecification\",\"valueRequired\":true,\"valueName\":\"search_term_string\"}}],\"inLanguage\":\"pt-BR\"},{\"@type\":\"Organization\",\"@id\":\"https:\/\/agenciainfra.com\/blog\/#organization\",\"name\":\"Ag\u00eancia iNFRA\",\"url\":\"https:\/\/agenciainfra.com\/blog\/\",\"logo\":{\"@type\":\"ImageObject\",\"inLanguage\":\"pt-BR\",\"@id\":\"https:\/\/agenciainfra.com\/blog\/#\/schema\/logo\/image\/\",\"url\":\"https:\/\/agenciainfra.com\/blog\/wp-content\/uploads\/2023\/09\/iNFRA_5-e1761735885940.png\",\"contentUrl\":\"https:\/\/agenciainfra.com\/blog\/wp-content\/uploads\/2023\/09\/iNFRA_5-e1761735885940.png\",\"width\":1672,\"height\":454,\"caption\":\"Ag\u00eancia iNFRA\"},\"image\":{\"@id\":\"https:\/\/agenciainfra.com\/blog\/#\/schema\/logo\/image\/\"},\"sameAs\":[\"https:\/\/www.facebook.com\/ageninfra\",\"https:\/\/x.com\/agencia_infra\",\"https:\/\/www.linkedin.com\/company\/ag\u00eanciainfra\/\",\"https:\/\/www.instagram.com\/agenciainfra\/\"]},{\"@type\":\"Person\",\"@id\":\"https:\/\/agenciainfra.com\/blog\/#\/schema\/person\/04dbb79bd6d8951f063da71f3e4c1eb1\",\"name\":\"Rodrigo Zuquim\",\"image\":{\"@type\":\"ImageObject\",\"inLanguage\":\"pt-BR\",\"@id\":\"https:\/\/agenciainfra.com\/blog\/#\/schema\/person\/image\/\",\"url\":\"https:\/\/secure.gravatar.com\/avatar\/594abfe82761d620726242ff34ca472a705a4b97f16c790053a6b4c4035274d0?s=96&d=mm&r=g\",\"contentUrl\":\"https:\/\/secure.gravatar.com\/avatar\/594abfe82761d620726242ff34ca472a705a4b97f16c790053a6b4c4035274d0?s=96&d=mm&r=g\",\"caption\":\"Rodrigo Zuquim\"},\"url\":\"https:\/\/agenciainfra.com\/blog\/author\/rodrigo-zuquim\/\"}]}<\/script>\n<!-- \/ Yoast SEO Premium plugin. -->","yoast_head_json":{"title":"Para TCE-AM, veto a abertura do g\u00e1s ser\u00e1 \"tema forte em reprova\u00e7\u00e3o de contas\" do Executivo - Ag\u00eancia iNFRA","robots":{"index":"index","follow":"follow","max-snippet":"max-snippet:-1","max-image-preview":"max-image-preview:large","max-video-preview":"max-video-preview:-1"},"canonical":"https:\/\/agenciainfra.com\/blog\/para-tce-am-veto-a-abertura-do-gas-sera-tema-forte-em-reprovacao-de-contas-do-executivo\/","og_locale":"pt_BR","og_type":"article","og_title":"Para TCE-AM, veto a abertura do g\u00e1s ser\u00e1 \"tema forte em reprova\u00e7\u00e3o de contas\" do Executivo","og_description":"Guilherme Mendes, da Ag\u00eancia iNFRA O TCE-AM (Tribunal de Contas do Estado do Amazonas) avan\u00e7a com uma representa\u00e7\u00e3o contra o governador do estado, Wilson Lima (PSC), por conta da sua atua\u00e7\u00e3o contr\u00e1ria \u00e0 quebra do monop\u00f3lio estadual de g\u00e1s. Lima decidiu vetar a lei aprovada em abril pela\u00a0Assembleia Legislativa amazonense permitindo a abertura do mercado [&hellip;]","og_url":"https:\/\/agenciainfra.com\/blog\/para-tce-am-veto-a-abertura-do-gas-sera-tema-forte-em-reprovacao-de-contas-do-executivo\/","og_site_name":"Ag\u00eancia iNFRA","article_publisher":"https:\/\/www.facebook.com\/ageninfra","article_published_time":"2020-05-26T11:00:10+00:00","og_image":[{"width":1280,"height":853,"url":"https:\/\/agenciainfra.com\/blog\/wp-content\/uploads\/2020\/05\/ari-moutinho-jr-foto-tce-am.jpg","type":"image\/jpeg"}],"author":"Rodrigo Zuquim","twitter_card":"summary_large_image","twitter_creator":"@agencia_infra","twitter_site":"@agencia_infra","twitter_misc":{"Escrito por":"Rodrigo Zuquim","Est. tempo de leitura":"7 minutos"},"schema":{"@context":"https:\/\/schema.org","@graph":[{"@type":"Article","@id":"https:\/\/agenciainfra.com\/blog\/para-tce-am-veto-a-abertura-do-gas-sera-tema-forte-em-reprovacao-de-contas-do-executivo\/#article","isPartOf":{"@id":"https:\/\/agenciainfra.com\/blog\/para-tce-am-veto-a-abertura-do-gas-sera-tema-forte-em-reprovacao-de-contas-do-executivo\/"},"author":{"name":"Rodrigo Zuquim","@id":"https:\/\/agenciainfra.com\/blog\/#\/schema\/person\/04dbb79bd6d8951f063da71f3e4c1eb1"},"headline":"Para TCE-AM, veto a abertura do g\u00e1s ser\u00e1 &#8220;tema forte em reprova\u00e7\u00e3o de contas&#8221; do Executivo","datePublished":"2020-05-26T11:00:10+00:00","mainEntityOfPage":{"@id":"https:\/\/agenciainfra.com\/blog\/para-tce-am-veto-a-abertura-do-gas-sera-tema-forte-em-reprovacao-de-contas-do-executivo\/"},"wordCount":1359,"publisher":{"@id":"https:\/\/agenciainfra.com\/blog\/#organization"},"image":{"@id":"https:\/\/agenciainfra.com\/blog\/para-tce-am-veto-a-abertura-do-gas-sera-tema-forte-em-reprovacao-de-contas-do-executivo\/#primaryimage"},"thumbnailUrl":"https:\/\/agenciainfra.com\/blog\/wp-content\/uploads\/2020\/05\/ari-moutinho-jr-foto-tce-am.jpg","keywords":["Abrace","amazonas","Ari Moutinho Jr.","Cig\u00e1s","g\u00e1s","TCE-AM","Wilson Lima Jr."],"articleSection":["iNFRAEnergia"],"inLanguage":"pt-BR","copyrightYear":"2020","copyrightHolder":{"@id":"https:\/\/agenciainfra.com\/blog\/#organization"}},{"@type":"WebPage","@id":"https:\/\/agenciainfra.com\/blog\/para-tce-am-veto-a-abertura-do-gas-sera-tema-forte-em-reprovacao-de-contas-do-executivo\/","url":"https:\/\/agenciainfra.com\/blog\/para-tce-am-veto-a-abertura-do-gas-sera-tema-forte-em-reprovacao-de-contas-do-executivo\/","name":"Para TCE-AM, veto a abertura do g\u00e1s ser\u00e1 \"tema forte em reprova\u00e7\u00e3o de contas\" do Executivo - Ag\u00eancia iNFRA","isPartOf":{"@id":"https:\/\/agenciainfra.com\/blog\/#website"},"primaryImageOfPage":{"@id":"https:\/\/agenciainfra.com\/blog\/para-tce-am-veto-a-abertura-do-gas-sera-tema-forte-em-reprovacao-de-contas-do-executivo\/#primaryimage"},"image":{"@id":"https:\/\/agenciainfra.com\/blog\/para-tce-am-veto-a-abertura-do-gas-sera-tema-forte-em-reprovacao-de-contas-do-executivo\/#primaryimage"},"thumbnailUrl":"https:\/\/agenciainfra.com\/blog\/wp-content\/uploads\/2020\/05\/ari-moutinho-jr-foto-tce-am.jpg","datePublished":"2020-05-26T11:00:10+00:00","breadcrumb":{"@id":"https:\/\/agenciainfra.com\/blog\/para-tce-am-veto-a-abertura-do-gas-sera-tema-forte-em-reprovacao-de-contas-do-executivo\/#breadcrumb"},"inLanguage":"pt-BR","potentialAction":[{"@type":"ReadAction","target":["https:\/\/agenciainfra.com\/blog\/para-tce-am-veto-a-abertura-do-gas-sera-tema-forte-em-reprovacao-de-contas-do-executivo\/"]}]},{"@type":"ImageObject","inLanguage":"pt-BR","@id":"https:\/\/agenciainfra.com\/blog\/para-tce-am-veto-a-abertura-do-gas-sera-tema-forte-em-reprovacao-de-contas-do-executivo\/#primaryimage","url":"https:\/\/agenciainfra.com\/blog\/wp-content\/uploads\/2020\/05\/ari-moutinho-jr-foto-tce-am.jpg","contentUrl":"https:\/\/agenciainfra.com\/blog\/wp-content\/uploads\/2020\/05\/ari-moutinho-jr-foto-tce-am.jpg","width":1280,"height":853},{"@type":"BreadcrumbList","@id":"https:\/\/agenciainfra.com\/blog\/para-tce-am-veto-a-abertura-do-gas-sera-tema-forte-em-reprovacao-de-contas-do-executivo\/#breadcrumb","itemListElement":[{"@type":"ListItem","position":1,"name":"In\u00edcio","item":"https:\/\/agenciainfra.com\/blog\/"},{"@type":"ListItem","position":2,"name":"Para TCE-AM, veto a abertura do g\u00e1s ser\u00e1 &#8220;tema forte em reprova\u00e7\u00e3o de contas&#8221; do Executivo"}]},{"@type":"WebSite","@id":"https:\/\/agenciainfra.com\/blog\/#website","url":"https:\/\/agenciainfra.com\/blog\/","name":"Ag\u00eancia iNFRA","description":"Multiplataforma de informa\u00e7\u00e3o jornal\u00edstica refer\u00eancia na \u00e1rea de infraestrutura no Brasil!","publisher":{"@id":"https:\/\/agenciainfra.com\/blog\/#organization"},"potentialAction":[{"@type":"SearchAction","target":{"@type":"EntryPoint","urlTemplate":"https:\/\/agenciainfra.com\/blog\/?s={search_term_string}"},"query-input":{"@type":"PropertyValueSpecification","valueRequired":true,"valueName":"search_term_string"}}],"inLanguage":"pt-BR"},{"@type":"Organization","@id":"https:\/\/agenciainfra.com\/blog\/#organization","name":"Ag\u00eancia iNFRA","url":"https:\/\/agenciainfra.com\/blog\/","logo":{"@type":"ImageObject","inLanguage":"pt-BR","@id":"https:\/\/agenciainfra.com\/blog\/#\/schema\/logo\/image\/","url":"https:\/\/agenciainfra.com\/blog\/wp-content\/uploads\/2023\/09\/iNFRA_5-e1761735885940.png","contentUrl":"https:\/\/agenciainfra.com\/blog\/wp-content\/uploads\/2023\/09\/iNFRA_5-e1761735885940.png","width":1672,"height":454,"caption":"Ag\u00eancia iNFRA"},"image":{"@id":"https:\/\/agenciainfra.com\/blog\/#\/schema\/logo\/image\/"},"sameAs":["https:\/\/www.facebook.com\/ageninfra","https:\/\/x.com\/agencia_infra","https:\/\/www.linkedin.com\/company\/ag\u00eanciainfra\/","https:\/\/www.instagram.com\/agenciainfra\/"]},{"@type":"Person","@id":"https:\/\/agenciainfra.com\/blog\/#\/schema\/person\/04dbb79bd6d8951f063da71f3e4c1eb1","name":"Rodrigo Zuquim","image":{"@type":"ImageObject","inLanguage":"pt-BR","@id":"https:\/\/agenciainfra.com\/blog\/#\/schema\/person\/image\/","url":"https:\/\/secure.gravatar.com\/avatar\/594abfe82761d620726242ff34ca472a705a4b97f16c790053a6b4c4035274d0?s=96&d=mm&r=g","contentUrl":"https:\/\/secure.gravatar.com\/avatar\/594abfe82761d620726242ff34ca472a705a4b97f16c790053a6b4c4035274d0?s=96&d=mm&r=g","caption":"Rodrigo Zuquim"},"url":"https:\/\/agenciainfra.com\/blog\/author\/rodrigo-zuquim\/"}]}},"_links":{"self":[{"href":"https:\/\/agenciainfra.com\/blog\/wp-json\/wp\/v2\/posts\/4945","targetHints":{"allow":["GET"]}}],"collection":[{"href":"https:\/\/agenciainfra.com\/blog\/wp-json\/wp\/v2\/posts"}],"about":[{"href":"https:\/\/agenciainfra.com\/blog\/wp-json\/wp\/v2\/types\/post"}],"author":[{"embeddable":true,"href":"https:\/\/agenciainfra.com\/blog\/wp-json\/wp\/v2\/users\/9"}],"replies":[{"embeddable":true,"href":"https:\/\/agenciainfra.com\/blog\/wp-json\/wp\/v2\/comments?post=4945"}],"version-history":[{"count":0,"href":"https:\/\/agenciainfra.com\/blog\/wp-json\/wp\/v2\/posts\/4945\/revisions"}],"wp:featuredmedia":[{"embeddable":true,"href":"https:\/\/agenciainfra.com\/blog\/wp-json\/wp\/v2\/media\/4946"}],"wp:attachment":[{"href":"https:\/\/agenciainfra.com\/blog\/wp-json\/wp\/v2\/media?parent=4945"}],"wp:term":[{"taxonomy":"category","embeddable":true,"href":"https:\/\/agenciainfra.com\/blog\/wp-json\/wp\/v2\/categories?post=4945"},{"taxonomy":"post_tag","embeddable":true,"href":"https:\/\/agenciainfra.com\/blog\/wp-json\/wp\/v2\/tags?post=4945"}],"curies":[{"name":"wp","href":"https:\/\/api.w.org\/{rel}","templated":true}]}}