{"id":4948,"date":"2020-05-26T13:00:23","date_gmt":"2020-05-26T16:00:23","guid":{"rendered":"http:\/\/www.agenciainfra.com\/blog\/?p=4948"},"modified":"2020-06-09T10:44:16","modified_gmt":"2020-06-09T13:44:16","slug":"diretor-geral-da-antt-diz-que-agencia-vai-precisar-de-reforcos-para-concessoes","status":"publish","type":"post","link":"https:\/\/agenciainfra.com\/blog\/diretor-geral-da-antt-diz-que-agencia-vai-precisar-de-reforcos-para-concessoes\/","title":{"rendered":"iNFRADebate Live: Diretor-geral da ANTT diz que ag\u00eancia vai precisar de refor\u00e7os para concess\u00f5es"},"content":{"rendered":"<div>\n<h5 style=\"text-align: right;\"><strong>da Ag\u00eancia iNFRA<\/strong><\/h5>\n<\/div>\n<p dir=\"ltr\">A ANTT (Ag\u00eancia Nacional de Transportes Terrestres) precisar\u00e1 de refor\u00e7os para gerir e regular as novas concess\u00f5es rodovi\u00e1rias previstas a serem leiloadas nos pr\u00f3ximos anos. Foi o que afirmou o diretor-geral do \u00f3rg\u00e3o, Marcelo Vinaud.<\/p>\n<p>\u201cConsideramos que vamos precisar de refor\u00e7os para os estudos externos, como este do BNDES\u00a0que estimamos em 7.500 quil\u00f4metros de rodovias por meio de contrato. Vamos ter que fazer tanto a sua gest\u00e3o, quanto a sua devida regula\u00e7\u00e3o. Por isso, queremos ter uma equipe de pronta resposta para todos os estudos que chegar\u00e3o\u201d, disse Vinaud.<\/p>\n<p>O diretor-geral foi o entrevistado, na \u00faltima sexta-feira (22), do\u00a0<strong>iNFRADebate<\/strong>\u00a0<strong>Live<\/strong>, evento exclusivo para assinantes promovido pela<strong>\u00a0Ag\u00eancia\u00a0iNFRA<\/strong>. O encontro contou com a participa\u00e7\u00e3o do diretor regional da ABCR (Associa\u00e7\u00e3o Brasileira de Concession\u00e1rias de Rodovias), Alexandre Barra. Assista \u00e0 \u00edntegra abaixo:<\/p>\n<p><iframe src=\"https:\/\/www.youtube.com\/embed\/ZTaK55xSoOQ\" width=\"560\" height=\"315\" frameborder=\"0\" allowfullscreen=\"allowfullscreen\"><\/iframe><\/p>\n<p>Segundo Vinaud, para solucionar o problema, a ag\u00eancia far\u00e1 a redistribui\u00e7\u00e3o de integrantes do quadro dos servidores para que possam atender a demanda que est\u00e1 por vir. Tamb\u00e9m ser\u00e1 desenvolvido um plano de capacita\u00e7\u00e3o continuada no intuito de qualificar o quadro para a opera\u00e7\u00e3o e gest\u00e3o de todos os ativos.<\/p>\n<p>\u201cVamos utilizar uma m\u00e3o de obra que, na nossa vis\u00e3o, est\u00e1 subutilizada. Temos cerca de 50 engenheiros que est\u00e3o em outras \u00e1reas. Pretendemos resgatar esses profissionais. Hoje o or\u00e7amento de capacita\u00e7\u00e3o da ag\u00eancia \u00e9 R$ 900 mil\/ano e temos mil servidores aptos a receber essa capacita\u00e7\u00e3o. Ent\u00e3o estamos reformulando para um sistema de capacita\u00e7\u00e3o continuada. Queremos que todos os servidores envolvidos nesta quest\u00e3o de infraestrutura possam melhorar a nossa capacidade de dar respostas\u201d, explicou.<\/p>\n<p>Durante o debate, Vinaud explicou como ser\u00e1 o processo de transi\u00e7\u00e3o de concess\u00f5es para a Sucon (Superintend\u00eancia de Concess\u00f5es), \u00f3rg\u00e3o criado em 18 de maio para realizar os processos de concess\u00e3o da ag\u00eancia. Antes, os processos estavam a cargo das superintend\u00eancias dos setores de rodovia (Suinf) e de ferrovia (Sufer).<\/p>\n<p>\u201cImediatamente esses processos ir\u00e3o migrar para a superintend\u00eancia com o suporte da Suinf e Sufer. V\u00e1rios servidores que j\u00e1 acompanham esses contratos nas \u00e1reas-fim\u00a0v\u00e3o dar suporte\u201d, comentou.<\/p>\n<p>Quanto aos contratos que atualmente est\u00e3o tramitando no TCU (Tribunal de Contas da Uni\u00e3o), o diretor-geral informou que tamb\u00e9m seguir\u00e3o para a Sucon.<\/p>\n<p>\u201cOs que est\u00e3o em an\u00e1lise no TCU, ao retornar, j\u00e1 seguem para a an\u00e1lise da nova estrutura em sua determinada ger\u00eancia. A ideia \u00e9 que essa transi\u00e7\u00e3o fique transparente. Hoje j\u00e1 publicamos a Portaria 227, que possui diretrizes tanto para Sucon quanto para o n\u00facleo de acompanhamento e monitoramento de assuntos estrat\u00e9gicos. Tamb\u00e9m para Suroc e Sufer, que ir\u00e3o cuidar somente da gest\u00e3o do contrato de fiscaliza\u00e7\u00e3o\u201d, explicou.<\/p>\n<p><strong>Reequil\u00edbrio dos contratos<\/strong><br \/>\nNo encontro, o diretor regional da ABCR salientou que, atualmente, o maior problema da ag\u00eancia \u00e9 o reequil\u00edbrio dos contratos. Para Barra, o governo n\u00e3o pode demorar a apresentar os c\u00e1lculos.<\/p>\n<p>\u201cAs empresas precisam de a\u00e7\u00f5es imediatas. N\u00e3o podemos esperar que daqui a seis meses ou um ano saiam ideias sobre reequil\u00edbrios devido \u00e0 pandemia. Sem misturar com quest\u00f5es antigas, o que j\u00e1 est\u00e1 claro para os dois lados. Precisamos buscar a sobreviv\u00eancia das empresas\u201d, comentou.<\/p>\n<p>Vinaud argumentou que o problema est\u00e1 sendo olhado com aten\u00e7\u00e3o. Por\u00e9m, explicou que, al\u00e9m de diferirem entre si, os contratos contemplam de forma superficial o tema.<\/p>\n<p>\u201cOs contratos tratam de maneira rasa essa quest\u00e3o de casos fortuitos e planos de conting\u00eancia. A situa\u00e7\u00e3o da pandemia e a propor\u00e7\u00e3o que ela tomou mostram que n\u00e3o \u00e9 t\u00e3o simples assim dar respostas r\u00e1pidas e que atendam a todos\u201d, informou.<\/p>\n<p><strong>Obras nos contratos<\/strong><br \/>\nOutro ponto levantado por Vinaud trata da inclus\u00e3o de novas obras nos contratos vigentes. Segundo ele, n\u00e3o h\u00e1 uma regulamenta\u00e7\u00e3o para esse tipo de\u00a0evento e essa \u00e9 uma quest\u00e3o que n\u00e3o \u00e9 mais cab\u00edvel dentro da ag\u00eancia e, portanto, deve ser prontamente solucionada.<\/p>\n<p>\u201c\u00c9 um paradigma a ser vencido. N\u00e3o \u00e9 razo\u00e1vel pensar que, em um contrato de 25 a 30 anos, novas obras n\u00e3o ser\u00e3o necess\u00e1rias. N\u00e3o \u00e9 cab\u00edvel. N\u00e3o \u00e9 cab\u00edvel tamb\u00e9m n\u00e3o termos uma metodologia madura para tratar dessa quest\u00e3o at\u00e9 hoje. Temos contratos da primeira etapa vencendo agora e acompanhamos, ao longo destes, diferentes entendimentos de inclus\u00e3o de obras\u201d, disse.<\/p>\n<p>Barra acredita que \u00e9 preciso ainda uma mudan\u00e7a de entendimentos. Um deles \u00e9 de que o PER (Programa de Explora\u00e7\u00e3o da Rodovia) impossibilite novos investimentos, e seus devidos reajustes aconte\u00e7am para melhorar a fluidez e a seguran\u00e7a das rodovias.<\/p>\n<p>&#8220;[Os contratos] precisam ser din\u00e2micos, podendo abarcar altera\u00e7\u00f5es. Logicamente com transpar\u00eancia e que sejam tecnicamente vi\u00e1veis e necess\u00e1rias. As concession\u00e1rias s\u00e3o prestadoras de servi\u00e7o e querem prestar o melhor servi\u00e7o para o usu\u00e1rio\u201d, comentou.<\/p>\n","protected":false},"excerpt":{"rendered":"<p>da Ag\u00eancia iNFRA A ANTT (Ag\u00eancia Nacional de Transportes Terrestres) precisar\u00e1 de refor\u00e7os para gerir e regular as novas concess\u00f5es rodovi\u00e1rias previstas a serem leiloadas nos pr\u00f3ximos anos. Foi o que afirmou o diretor-geral do \u00f3rg\u00e3o, Marcelo Vinaud. \u201cConsideramos que vamos precisar de refor\u00e7os para os estudos externos, como este do BNDES\u00a0que estimamos em 7.500 [&hellip;]<\/p>\n","protected":false},"author":9,"featured_media":4949,"comment_status":"closed","ping_status":"closed","sticky":false,"template":"","format":"standard","meta":{"_monsterinsights_skip_tracking":false,"_monsterinsights_sitenote_active":false,"_monsterinsights_sitenote_note":"","_monsterinsights_sitenote_category":0,"footnotes":""},"categories":[1,2053],"tags":[613,2028,19,78,922],"class_list":["post-4948","post","type-post","status-publish","format-standard","has-post-thumbnail","hentry","category-geral","category-infraliveventos","tag-abcr","tag-alexandre-barra","tag-antt","tag-concessoes","tag-marcelo-vinaud"],"yoast_head":"<!-- This site is optimized with the Yoast SEO Premium plugin v25.4 (Yoast SEO v26.0) - https:\/\/yoast.com\/wordpress\/plugins\/seo\/ -->\n<title>iNFRADebate Live: Diretor-geral da ANTT diz que ag\u00eancia vai precisar de refor\u00e7os para concess\u00f5es - Ag\u00eancia iNFRA<\/title>\n<meta name=\"robots\" content=\"index, follow, max-snippet:-1, max-image-preview:large, max-video-preview:-1\" \/>\n<link rel=\"canonical\" href=\"https:\/\/agenciainfra.com\/blog\/diretor-geral-da-antt-diz-que-agencia-vai-precisar-de-reforcos-para-concessoes\/\" \/>\n<meta property=\"og:locale\" content=\"pt_BR\" \/>\n<meta property=\"og:type\" content=\"article\" \/>\n<meta property=\"og:title\" content=\"iNFRADebate Live: Diretor-geral da ANTT diz que ag\u00eancia vai precisar de refor\u00e7os para concess\u00f5es\" \/>\n<meta property=\"og:description\" content=\"da Ag\u00eancia iNFRA A ANTT (Ag\u00eancia Nacional de Transportes Terrestres) precisar\u00e1 de refor\u00e7os para gerir e regular as novas concess\u00f5es rodovi\u00e1rias previstas a serem leiloadas nos pr\u00f3ximos anos. Foi o que afirmou o diretor-geral do \u00f3rg\u00e3o, Marcelo Vinaud. \u201cConsideramos que vamos precisar de refor\u00e7os para os estudos externos, como este do BNDES\u00a0que estimamos em 7.500 [&hellip;]\" \/>\n<meta property=\"og:url\" content=\"https:\/\/agenciainfra.com\/blog\/diretor-geral-da-antt-diz-que-agencia-vai-precisar-de-reforcos-para-concessoes\/\" \/>\n<meta property=\"og:site_name\" content=\"Ag\u00eancia iNFRA\" \/>\n<meta property=\"article:publisher\" content=\"https:\/\/www.facebook.com\/ageninfra\" \/>\n<meta property=\"article:published_time\" content=\"2020-05-26T16:00:23+00:00\" \/>\n<meta property=\"article:modified_time\" content=\"2020-06-09T13:44:16+00:00\" \/>\n<meta property=\"og:image\" content=\"https:\/\/agenciainfra.com\/blog\/wp-content\/uploads\/2020\/05\/marcelo-vinaud-foto-reproducao.png\" \/>\n\t<meta property=\"og:image:width\" content=\"1280\" \/>\n\t<meta property=\"og:image:height\" content=\"800\" \/>\n\t<meta property=\"og:image:type\" content=\"image\/png\" \/>\n<meta name=\"author\" content=\"Rodrigo Zuquim\" \/>\n<meta name=\"twitter:card\" content=\"summary_large_image\" \/>\n<meta name=\"twitter:creator\" content=\"@agencia_infra\" \/>\n<meta name=\"twitter:site\" content=\"@agencia_infra\" \/>\n<meta name=\"twitter:label1\" content=\"Escrito por\" \/>\n\t<meta name=\"twitter:data1\" content=\"Rodrigo Zuquim\" \/>\n\t<meta name=\"twitter:label2\" content=\"Est. tempo de leitura\" \/>\n\t<meta name=\"twitter:data2\" content=\"4 minutos\" \/>\n<script type=\"application\/ld+json\" class=\"yoast-schema-graph\">{\"@context\":\"https:\/\/schema.org\",\"@graph\":[{\"@type\":\"Article\",\"@id\":\"https:\/\/agenciainfra.com\/blog\/diretor-geral-da-antt-diz-que-agencia-vai-precisar-de-reforcos-para-concessoes\/#article\",\"isPartOf\":{\"@id\":\"https:\/\/agenciainfra.com\/blog\/diretor-geral-da-antt-diz-que-agencia-vai-precisar-de-reforcos-para-concessoes\/\"},\"author\":{\"name\":\"Rodrigo Zuquim\",\"@id\":\"https:\/\/agenciainfra.com\/blog\/#\/schema\/person\/04dbb79bd6d8951f063da71f3e4c1eb1\"},\"headline\":\"iNFRADebate Live: Diretor-geral da ANTT diz que ag\u00eancia vai precisar de refor\u00e7os para concess\u00f5es\",\"datePublished\":\"2020-05-26T16:00:23+00:00\",\"dateModified\":\"2020-06-09T13:44:16+00:00\",\"mainEntityOfPage\":{\"@id\":\"https:\/\/agenciainfra.com\/blog\/diretor-geral-da-antt-diz-que-agencia-vai-precisar-de-reforcos-para-concessoes\/\"},\"wordCount\":865,\"publisher\":{\"@id\":\"https:\/\/agenciainfra.com\/blog\/#organization\"},\"image\":{\"@id\":\"https:\/\/agenciainfra.com\/blog\/diretor-geral-da-antt-diz-que-agencia-vai-precisar-de-reforcos-para-concessoes\/#primaryimage\"},\"thumbnailUrl\":\"https:\/\/agenciainfra.com\/blog\/wp-content\/uploads\/2020\/05\/marcelo-vinaud-foto-reproducao.png\",\"keywords\":[\"abcr\",\"Alexandre Barra\",\"ANTT\",\"concess\u00f5es\",\"Marcelo Vinaud\"],\"articleSection\":[\"Geral\",\"iNFRALive e Eventos\"],\"inLanguage\":\"pt-BR\",\"copyrightYear\":\"2020\",\"copyrightHolder\":{\"@id\":\"https:\/\/agenciainfra.com\/blog\/#organization\"}},{\"@type\":\"WebPage\",\"@id\":\"https:\/\/agenciainfra.com\/blog\/diretor-geral-da-antt-diz-que-agencia-vai-precisar-de-reforcos-para-concessoes\/\",\"url\":\"https:\/\/agenciainfra.com\/blog\/diretor-geral-da-antt-diz-que-agencia-vai-precisar-de-reforcos-para-concessoes\/\",\"name\":\"iNFRADebate Live: Diretor-geral da ANTT diz que ag\u00eancia vai precisar de refor\u00e7os para concess\u00f5es - Ag\u00eancia iNFRA\",\"isPartOf\":{\"@id\":\"https:\/\/agenciainfra.com\/blog\/#website\"},\"primaryImageOfPage\":{\"@id\":\"https:\/\/agenciainfra.com\/blog\/diretor-geral-da-antt-diz-que-agencia-vai-precisar-de-reforcos-para-concessoes\/#primaryimage\"},\"image\":{\"@id\":\"https:\/\/agenciainfra.com\/blog\/diretor-geral-da-antt-diz-que-agencia-vai-precisar-de-reforcos-para-concessoes\/#primaryimage\"},\"thumbnailUrl\":\"https:\/\/agenciainfra.com\/blog\/wp-content\/uploads\/2020\/05\/marcelo-vinaud-foto-reproducao.png\",\"datePublished\":\"2020-05-26T16:00:23+00:00\",\"dateModified\":\"2020-06-09T13:44:16+00:00\",\"breadcrumb\":{\"@id\":\"https:\/\/agenciainfra.com\/blog\/diretor-geral-da-antt-diz-que-agencia-vai-precisar-de-reforcos-para-concessoes\/#breadcrumb\"},\"inLanguage\":\"pt-BR\",\"potentialAction\":[{\"@type\":\"ReadAction\",\"target\":[\"https:\/\/agenciainfra.com\/blog\/diretor-geral-da-antt-diz-que-agencia-vai-precisar-de-reforcos-para-concessoes\/\"]}]},{\"@type\":\"ImageObject\",\"inLanguage\":\"pt-BR\",\"@id\":\"https:\/\/agenciainfra.com\/blog\/diretor-geral-da-antt-diz-que-agencia-vai-precisar-de-reforcos-para-concessoes\/#primaryimage\",\"url\":\"https:\/\/agenciainfra.com\/blog\/wp-content\/uploads\/2020\/05\/marcelo-vinaud-foto-reproducao.png\",\"contentUrl\":\"https:\/\/agenciainfra.com\/blog\/wp-content\/uploads\/2020\/05\/marcelo-vinaud-foto-reproducao.png\",\"width\":1280,\"height\":800},{\"@type\":\"BreadcrumbList\",\"@id\":\"https:\/\/agenciainfra.com\/blog\/diretor-geral-da-antt-diz-que-agencia-vai-precisar-de-reforcos-para-concessoes\/#breadcrumb\",\"itemListElement\":[{\"@type\":\"ListItem\",\"position\":1,\"name\":\"In\u00edcio\",\"item\":\"https:\/\/agenciainfra.com\/blog\/\"},{\"@type\":\"ListItem\",\"position\":2,\"name\":\"iNFRADebate Live: Diretor-geral da ANTT diz que ag\u00eancia vai precisar de refor\u00e7os para concess\u00f5es\"}]},{\"@type\":\"WebSite\",\"@id\":\"https:\/\/agenciainfra.com\/blog\/#website\",\"url\":\"https:\/\/agenciainfra.com\/blog\/\",\"name\":\"Ag\u00eancia iNFRA\",\"description\":\"Multiplataforma de informa\u00e7\u00e3o jornal\u00edstica refer\u00eancia na \u00e1rea de infraestrutura no Brasil!\",\"publisher\":{\"@id\":\"https:\/\/agenciainfra.com\/blog\/#organization\"},\"potentialAction\":[{\"@type\":\"SearchAction\",\"target\":{\"@type\":\"EntryPoint\",\"urlTemplate\":\"https:\/\/agenciainfra.com\/blog\/?s={search_term_string}\"},\"query-input\":{\"@type\":\"PropertyValueSpecification\",\"valueRequired\":true,\"valueName\":\"search_term_string\"}}],\"inLanguage\":\"pt-BR\"},{\"@type\":\"Organization\",\"@id\":\"https:\/\/agenciainfra.com\/blog\/#organization\",\"name\":\"Ag\u00eancia iNFRA\",\"url\":\"https:\/\/agenciainfra.com\/blog\/\",\"logo\":{\"@type\":\"ImageObject\",\"inLanguage\":\"pt-BR\",\"@id\":\"https:\/\/agenciainfra.com\/blog\/#\/schema\/logo\/image\/\",\"url\":\"https:\/\/agenciainfra.com\/blog\/wp-content\/uploads\/2023\/09\/iNFRA_5-e1761735885940.png\",\"contentUrl\":\"https:\/\/agenciainfra.com\/blog\/wp-content\/uploads\/2023\/09\/iNFRA_5-e1761735885940.png\",\"width\":1672,\"height\":454,\"caption\":\"Ag\u00eancia iNFRA\"},\"image\":{\"@id\":\"https:\/\/agenciainfra.com\/blog\/#\/schema\/logo\/image\/\"},\"sameAs\":[\"https:\/\/www.facebook.com\/ageninfra\",\"https:\/\/x.com\/agencia_infra\",\"https:\/\/www.linkedin.com\/company\/ag\u00eanciainfra\/\",\"https:\/\/www.instagram.com\/agenciainfra\/\"]},{\"@type\":\"Person\",\"@id\":\"https:\/\/agenciainfra.com\/blog\/#\/schema\/person\/04dbb79bd6d8951f063da71f3e4c1eb1\",\"name\":\"Rodrigo Zuquim\",\"image\":{\"@type\":\"ImageObject\",\"inLanguage\":\"pt-BR\",\"@id\":\"https:\/\/agenciainfra.com\/blog\/#\/schema\/person\/image\/\",\"url\":\"https:\/\/secure.gravatar.com\/avatar\/594abfe82761d620726242ff34ca472a705a4b97f16c790053a6b4c4035274d0?s=96&d=mm&r=g\",\"contentUrl\":\"https:\/\/secure.gravatar.com\/avatar\/594abfe82761d620726242ff34ca472a705a4b97f16c790053a6b4c4035274d0?s=96&d=mm&r=g\",\"caption\":\"Rodrigo Zuquim\"},\"url\":\"https:\/\/agenciainfra.com\/blog\/author\/rodrigo-zuquim\/\"}]}<\/script>\n<!-- \/ Yoast SEO Premium plugin. -->","yoast_head_json":{"title":"iNFRADebate Live: Diretor-geral da ANTT diz que ag\u00eancia vai precisar de refor\u00e7os para concess\u00f5es - Ag\u00eancia iNFRA","robots":{"index":"index","follow":"follow","max-snippet":"max-snippet:-1","max-image-preview":"max-image-preview:large","max-video-preview":"max-video-preview:-1"},"canonical":"https:\/\/agenciainfra.com\/blog\/diretor-geral-da-antt-diz-que-agencia-vai-precisar-de-reforcos-para-concessoes\/","og_locale":"pt_BR","og_type":"article","og_title":"iNFRADebate Live: Diretor-geral da ANTT diz que ag\u00eancia vai precisar de refor\u00e7os para concess\u00f5es","og_description":"da Ag\u00eancia iNFRA A ANTT (Ag\u00eancia Nacional de Transportes Terrestres) precisar\u00e1 de refor\u00e7os para gerir e regular as novas concess\u00f5es rodovi\u00e1rias previstas a serem leiloadas nos pr\u00f3ximos anos. Foi o que afirmou o diretor-geral do \u00f3rg\u00e3o, Marcelo Vinaud. \u201cConsideramos que vamos precisar de refor\u00e7os para os estudos externos, como este do BNDES\u00a0que estimamos em 7.500 [&hellip;]","og_url":"https:\/\/agenciainfra.com\/blog\/diretor-geral-da-antt-diz-que-agencia-vai-precisar-de-reforcos-para-concessoes\/","og_site_name":"Ag\u00eancia iNFRA","article_publisher":"https:\/\/www.facebook.com\/ageninfra","article_published_time":"2020-05-26T16:00:23+00:00","article_modified_time":"2020-06-09T13:44:16+00:00","og_image":[{"width":1280,"height":800,"url":"https:\/\/agenciainfra.com\/blog\/wp-content\/uploads\/2020\/05\/marcelo-vinaud-foto-reproducao.png","type":"image\/png"}],"author":"Rodrigo Zuquim","twitter_card":"summary_large_image","twitter_creator":"@agencia_infra","twitter_site":"@agencia_infra","twitter_misc":{"Escrito por":"Rodrigo Zuquim","Est. tempo de leitura":"4 minutos"},"schema":{"@context":"https:\/\/schema.org","@graph":[{"@type":"Article","@id":"https:\/\/agenciainfra.com\/blog\/diretor-geral-da-antt-diz-que-agencia-vai-precisar-de-reforcos-para-concessoes\/#article","isPartOf":{"@id":"https:\/\/agenciainfra.com\/blog\/diretor-geral-da-antt-diz-que-agencia-vai-precisar-de-reforcos-para-concessoes\/"},"author":{"name":"Rodrigo Zuquim","@id":"https:\/\/agenciainfra.com\/blog\/#\/schema\/person\/04dbb79bd6d8951f063da71f3e4c1eb1"},"headline":"iNFRADebate Live: Diretor-geral da ANTT diz que ag\u00eancia vai precisar de refor\u00e7os para concess\u00f5es","datePublished":"2020-05-26T16:00:23+00:00","dateModified":"2020-06-09T13:44:16+00:00","mainEntityOfPage":{"@id":"https:\/\/agenciainfra.com\/blog\/diretor-geral-da-antt-diz-que-agencia-vai-precisar-de-reforcos-para-concessoes\/"},"wordCount":865,"publisher":{"@id":"https:\/\/agenciainfra.com\/blog\/#organization"},"image":{"@id":"https:\/\/agenciainfra.com\/blog\/diretor-geral-da-antt-diz-que-agencia-vai-precisar-de-reforcos-para-concessoes\/#primaryimage"},"thumbnailUrl":"https:\/\/agenciainfra.com\/blog\/wp-content\/uploads\/2020\/05\/marcelo-vinaud-foto-reproducao.png","keywords":["abcr","Alexandre Barra","ANTT","concess\u00f5es","Marcelo Vinaud"],"articleSection":["Geral","iNFRALive e Eventos"],"inLanguage":"pt-BR","copyrightYear":"2020","copyrightHolder":{"@id":"https:\/\/agenciainfra.com\/blog\/#organization"}},{"@type":"WebPage","@id":"https:\/\/agenciainfra.com\/blog\/diretor-geral-da-antt-diz-que-agencia-vai-precisar-de-reforcos-para-concessoes\/","url":"https:\/\/agenciainfra.com\/blog\/diretor-geral-da-antt-diz-que-agencia-vai-precisar-de-reforcos-para-concessoes\/","name":"iNFRADebate Live: Diretor-geral da ANTT diz que ag\u00eancia vai precisar de refor\u00e7os para concess\u00f5es - Ag\u00eancia iNFRA","isPartOf":{"@id":"https:\/\/agenciainfra.com\/blog\/#website"},"primaryImageOfPage":{"@id":"https:\/\/agenciainfra.com\/blog\/diretor-geral-da-antt-diz-que-agencia-vai-precisar-de-reforcos-para-concessoes\/#primaryimage"},"image":{"@id":"https:\/\/agenciainfra.com\/blog\/diretor-geral-da-antt-diz-que-agencia-vai-precisar-de-reforcos-para-concessoes\/#primaryimage"},"thumbnailUrl":"https:\/\/agenciainfra.com\/blog\/wp-content\/uploads\/2020\/05\/marcelo-vinaud-foto-reproducao.png","datePublished":"2020-05-26T16:00:23+00:00","dateModified":"2020-06-09T13:44:16+00:00","breadcrumb":{"@id":"https:\/\/agenciainfra.com\/blog\/diretor-geral-da-antt-diz-que-agencia-vai-precisar-de-reforcos-para-concessoes\/#breadcrumb"},"inLanguage":"pt-BR","potentialAction":[{"@type":"ReadAction","target":["https:\/\/agenciainfra.com\/blog\/diretor-geral-da-antt-diz-que-agencia-vai-precisar-de-reforcos-para-concessoes\/"]}]},{"@type":"ImageObject","inLanguage":"pt-BR","@id":"https:\/\/agenciainfra.com\/blog\/diretor-geral-da-antt-diz-que-agencia-vai-precisar-de-reforcos-para-concessoes\/#primaryimage","url":"https:\/\/agenciainfra.com\/blog\/wp-content\/uploads\/2020\/05\/marcelo-vinaud-foto-reproducao.png","contentUrl":"https:\/\/agenciainfra.com\/blog\/wp-content\/uploads\/2020\/05\/marcelo-vinaud-foto-reproducao.png","width":1280,"height":800},{"@type":"BreadcrumbList","@id":"https:\/\/agenciainfra.com\/blog\/diretor-geral-da-antt-diz-que-agencia-vai-precisar-de-reforcos-para-concessoes\/#breadcrumb","itemListElement":[{"@type":"ListItem","position":1,"name":"In\u00edcio","item":"https:\/\/agenciainfra.com\/blog\/"},{"@type":"ListItem","position":2,"name":"iNFRADebate Live: Diretor-geral da ANTT diz que ag\u00eancia vai precisar de refor\u00e7os para concess\u00f5es"}]},{"@type":"WebSite","@id":"https:\/\/agenciainfra.com\/blog\/#website","url":"https:\/\/agenciainfra.com\/blog\/","name":"Ag\u00eancia iNFRA","description":"Multiplataforma de informa\u00e7\u00e3o jornal\u00edstica refer\u00eancia na \u00e1rea de infraestrutura no Brasil!","publisher":{"@id":"https:\/\/agenciainfra.com\/blog\/#organization"},"potentialAction":[{"@type":"SearchAction","target":{"@type":"EntryPoint","urlTemplate":"https:\/\/agenciainfra.com\/blog\/?s={search_term_string}"},"query-input":{"@type":"PropertyValueSpecification","valueRequired":true,"valueName":"search_term_string"}}],"inLanguage":"pt-BR"},{"@type":"Organization","@id":"https:\/\/agenciainfra.com\/blog\/#organization","name":"Ag\u00eancia iNFRA","url":"https:\/\/agenciainfra.com\/blog\/","logo":{"@type":"ImageObject","inLanguage":"pt-BR","@id":"https:\/\/agenciainfra.com\/blog\/#\/schema\/logo\/image\/","url":"https:\/\/agenciainfra.com\/blog\/wp-content\/uploads\/2023\/09\/iNFRA_5-e1761735885940.png","contentUrl":"https:\/\/agenciainfra.com\/blog\/wp-content\/uploads\/2023\/09\/iNFRA_5-e1761735885940.png","width":1672,"height":454,"caption":"Ag\u00eancia iNFRA"},"image":{"@id":"https:\/\/agenciainfra.com\/blog\/#\/schema\/logo\/image\/"},"sameAs":["https:\/\/www.facebook.com\/ageninfra","https:\/\/x.com\/agencia_infra","https:\/\/www.linkedin.com\/company\/ag\u00eanciainfra\/","https:\/\/www.instagram.com\/agenciainfra\/"]},{"@type":"Person","@id":"https:\/\/agenciainfra.com\/blog\/#\/schema\/person\/04dbb79bd6d8951f063da71f3e4c1eb1","name":"Rodrigo Zuquim","image":{"@type":"ImageObject","inLanguage":"pt-BR","@id":"https:\/\/agenciainfra.com\/blog\/#\/schema\/person\/image\/","url":"https:\/\/secure.gravatar.com\/avatar\/594abfe82761d620726242ff34ca472a705a4b97f16c790053a6b4c4035274d0?s=96&d=mm&r=g","contentUrl":"https:\/\/secure.gravatar.com\/avatar\/594abfe82761d620726242ff34ca472a705a4b97f16c790053a6b4c4035274d0?s=96&d=mm&r=g","caption":"Rodrigo Zuquim"},"url":"https:\/\/agenciainfra.com\/blog\/author\/rodrigo-zuquim\/"}]}},"_links":{"self":[{"href":"https:\/\/agenciainfra.com\/blog\/wp-json\/wp\/v2\/posts\/4948","targetHints":{"allow":["GET"]}}],"collection":[{"href":"https:\/\/agenciainfra.com\/blog\/wp-json\/wp\/v2\/posts"}],"about":[{"href":"https:\/\/agenciainfra.com\/blog\/wp-json\/wp\/v2\/types\/post"}],"author":[{"embeddable":true,"href":"https:\/\/agenciainfra.com\/blog\/wp-json\/wp\/v2\/users\/9"}],"replies":[{"embeddable":true,"href":"https:\/\/agenciainfra.com\/blog\/wp-json\/wp\/v2\/comments?post=4948"}],"version-history":[{"count":0,"href":"https:\/\/agenciainfra.com\/blog\/wp-json\/wp\/v2\/posts\/4948\/revisions"}],"wp:featuredmedia":[{"embeddable":true,"href":"https:\/\/agenciainfra.com\/blog\/wp-json\/wp\/v2\/media\/4949"}],"wp:attachment":[{"href":"https:\/\/agenciainfra.com\/blog\/wp-json\/wp\/v2\/media?parent=4948"}],"wp:term":[{"taxonomy":"category","embeddable":true,"href":"https:\/\/agenciainfra.com\/blog\/wp-json\/wp\/v2\/categories?post=4948"},{"taxonomy":"post_tag","embeddable":true,"href":"https:\/\/agenciainfra.com\/blog\/wp-json\/wp\/v2\/tags?post=4948"}],"curies":[{"name":"wp","href":"https:\/\/api.w.org\/{rel}","templated":true}]}}