{"id":4951,"date":"2020-05-27T08:00:53","date_gmt":"2020-05-27T11:00:53","guid":{"rendered":"http:\/\/www.agenciainfra.com\/blog\/?p=4951"},"modified":"2020-05-25T11:24:36","modified_gmt":"2020-05-25T14:24:36","slug":"secretaria-do-tcu-rejeita-proposta-de-renovacao-da-efc-da-vale-e-governo-tenta-reverter-com-relator","status":"publish","type":"post","link":"https:\/\/agenciainfra.com\/blog\/secretaria-do-tcu-rejeita-proposta-de-renovacao-da-efc-da-vale-e-governo-tenta-reverter-com-relator\/","title":{"rendered":"Secretaria do TCU rejeita proposta de renova\u00e7\u00e3o da EFC, da Vale, e governo tenta reverter com relator"},"content":{"rendered":"<div>\n<h5 style=\"text-align: right;\"><strong>Dimmi Amora, da\u00a0Ag\u00eancia iNFRA<\/strong><\/h5>\n<p dir=\"ltr\">A Secretaria de Infraestrutura de Portos e Ferrovias do TCU (Tribunal de Contas da Uni\u00e3o) emitiu parecer rejeitando e pedindo o arquivamento da proposta feita pelo governo para a renova\u00e7\u00e3o antecipada da concess\u00e3o da EFC (Estrada de Ferro Caraj\u00e1s), da Vale, apresentada pelo governo em 2018.<\/p>\n<p>Os t\u00e9cnicos apontaram motivos diversos para a rejei\u00e7\u00e3o em cinco pontos analisados: a base de ativos, o estudo de demanda, o pre\u00e7o de transfer\u00eancia (valor estimado do transporte das cargas de min\u00e9rio), a\u00a0estimativa de WACC e a falta de demonstra\u00e7\u00e3o de vantajosidade para a renova\u00e7\u00e3o na proposta.<\/p>\n<p>A an\u00e1lise ocorreu ap\u00f3s o Minist\u00e9rio da Infraestrutura, a ANTT (Ag\u00eancia Nacional de Transportes Terrestres) e a Vale apresentarem contra-argumenta\u00e7\u00f5es aos pedidos feitos pela secretaria no fim do ano passado apontando problemas nos estudos, conforme informado nas edi\u00e7\u00f5es\u00a0<a href=\"https:\/\/agenciainfra.us14.list-manage.com\/track\/click?u=d460dd1bcf9ba0ae040e1fc0f&amp;id=e395cee083&amp;e=c099169394\" target=\"_blank\" rel=\"noopener noreferrer\" data-saferedirecturl=\"https:\/\/www.google.com\/url?q=https:\/\/agenciainfra.us14.list-manage.com\/track\/click?u%3Dd460dd1bcf9ba0ae040e1fc0f%26id%3De395cee083%26e%3Dc099169394&amp;source=gmail&amp;ust=1590499881845000&amp;usg=AFQjCNEvhVSq6T5bTaNH9Iv1nzN46pJO5A\">681<\/a>\u00a0e\u00a0<a href=\"https:\/\/agenciainfra.us14.list-manage.com\/track\/click?u=d460dd1bcf9ba0ae040e1fc0f&amp;id=a6094dd0bc&amp;e=c099169394\" target=\"_blank\" rel=\"noopener noreferrer\" data-saferedirecturl=\"https:\/\/www.google.com\/url?q=https:\/\/agenciainfra.us14.list-manage.com\/track\/click?u%3Dd460dd1bcf9ba0ae040e1fc0f%26id%3Da6094dd0bc%26e%3Dc099169394&amp;source=gmail&amp;ust=1590499881845000&amp;usg=AFQjCNHINcIKCIrYlxx2jbWZBuYrY00sVw\">705<\/a>\u00a0da\u00a0<strong>Ag\u00eancia iNFRA<\/strong>.<\/p>\n<p>Governo e Vale defenderam praticamente de forma integral a proposta apresentada ap\u00f3s a audi\u00eancia p\u00fablica de 2017, mas esses argumentos n\u00e3o foram aceitos pela unidade t\u00e9cnica, que encaminhou ao relator o pedido pela rejei\u00e7\u00e3o desse projeto de renova\u00e7\u00e3o apresentado.<\/p>\n<p>O ministro Bruno Dantas, relator do processo, est\u00e1 com o material desde a semana passada em an\u00e1lise no seu gabinete. O governo agora tenta convencer o relator sobre seu ponto de vista de vantajosidade para a renova\u00e7\u00e3o da estrada de ferro que liga a regi\u00e3o mineira de Caraj\u00e1s (PA) aos portos no Maranh\u00e3o.<\/p>\n<p>O relator tem a inten\u00e7\u00e3o de levar sua proposta \u2013 que pode seguir a recomenda\u00e7\u00e3o da secretaria, aceitar o projeto do governo ou ser uma esp\u00e9cie de terceira via \u2013 ao plen\u00e1rio de maneira c\u00e9lere. A decis\u00e3o do plen\u00e1rio se d\u00e1 por maioria de nove ministros e pode acatar ou n\u00e3o o que o relator sugerir.<\/p>\n<p><strong>Confiabilidade dos n\u00fameros<\/strong><br \/>\nA rejei\u00e7\u00e3o pela secretaria do estudo apresentado pela ANTT baseou-se na baixa confiabilidade que os n\u00fameros levados apresentados suscitam, na opini\u00e3o dos auditores. Segundo eles, n\u00e3o h\u00e1 seguran\u00e7a de que o valor da base de ativos (os bens necess\u00e1rios) \u00e0 concess\u00e3o est\u00e3o corretamente caracterizados, por exemplo.<\/p>\n<p>Isso \u00e9 relevante porque o governo tem que indenizar a Vale por ativos que ainda n\u00e3o foram depreciados e, no caso da EFC, o valor \u00e9 estimado em R$ 20 bilh\u00f5es por causa de obras de amplia\u00e7\u00e3o da capacidade da ferrovia feitas nesta d\u00e9cada. Se o bem n\u00e3o for essencial ao funcionamento da ferrovia, ele n\u00e3o deve ser indenizado.<\/p>\n<p>&#8220;A base de ativos da EFC a ser indenizada pelo er\u00e1rio soma aproximadamente R$ 20 bilh\u00f5es e o valor do saldo livre do fluxo de caixa da modelagem financeira apresentada \u00e9 de R$ 231 milh\u00f5es. A depender dos resultados das an\u00e1lises a respeito da essencialidade dos bens, o valor de outorga pode ser significativamente alterado&#8221;, diz o texto, alegando que isso poderia configurar preju\u00edzo ao er\u00e1rio.<\/p>\n<p>O mesmo vale para o pre\u00e7o estimado para o transporte de produto, que os auditores apontam que vai beneficiar a Vale por ter um valor abaixo do mercado. No caso da EFC, todo o min\u00e9rio transportado \u00e9 da pr\u00f3pria Vale. H\u00e1 tamb\u00e9m apontamento que o WACC, que baliza a taxa de retorno do projeto, em 11,05%, est\u00e1 desatualizado, tamb\u00e9m beneficiando a empresa.<\/p>\n<p><strong>Poder discricion\u00e1rio<\/strong><br \/>\nA defesa do minist\u00e9rio e da ag\u00eancia est\u00e1 fundada na tese de que os auditores estariam entrando no poder discricion\u00e1rio do governo de tomar decis\u00f5es. Tamb\u00e9m h\u00e1 a defesa de que os valores apresentados pelo governo para a renova\u00e7\u00e3o s\u00e3o razo\u00e1veis e que a proposta da\u00a0secretaria do TCU levaria a pagamentos fora da realidade.<\/p>\n<p>No caso do chamado pre\u00e7o de transfer\u00eancia (o valor que a Vale paga \u00e0 Concession\u00e1ria EFC pelo transporte), o governo e a empresa mostram que os valores propostos pela Seinfra resultariam em uma taxa de lucratividade (Ebitda\/ROL) de 71%, fora dos padr\u00f5es, segundo eles. A secretaria defende-se dizendo que esses n\u00fameros estariam influenciados pela contabilidade da EFC, que est\u00e1 inflada por causa do elevado investimento na duplica\u00e7\u00e3o.<\/p>\n<p>Al\u00e9m disso, segundo o governo, os auditores do TCU se basearam num formato\u00a0de pre\u00e7o de transfer\u00eancia decidido pelo Cade (Conselho Administrativo de Defesa Econ\u00f4mica) e que o pr\u00f3prio \u00f3rg\u00e3o informou, em reuni\u00f5es recentes sobre o tema, n\u00e3o ser adequado para o tipo de conta feito para a renova\u00e7\u00e3o.<\/p>\n<p>A Vale tamb\u00e9m se defendeu dizendo que usa os padr\u00f5es de contabilidade internacionais e n\u00e3o haveria nenhum benef\u00edcio da empresa em fazer altera\u00e7\u00f5es. A empresa tamb\u00e9m se defendeu dizendo que fazer um estudo independente, diferente dos dados que ela apresentou, como prop\u00f4s a secretaria e foi rejeitado pelo governo, levaria a empresa a revelar segredos comerciais.<\/p>\n<p><strong>Vantajosidade<\/strong><br \/>\nSobre ser vantajoso ou n\u00e3o renovar a concess\u00e3o da EFC nesse formato, o embate entre a secretaria t\u00e9cnica e o governo, que j\u00e1 ocorreu no processo da Malha Paulista, parece ter chegado a um ponto de ruptura.<\/p>\n<p>Os auditores apontam que, pela forma como \u00e9 feita a an\u00e1lise, o governo n\u00e3o tem crit\u00e9rio para apontar que \u00e9 melhor renovar frente a outras op\u00e7\u00f5es e que a demonstra\u00e7\u00e3o disso \u00e9 exigida\u00a0em lei. J\u00e1 o governo alega que essa decis\u00e3o est\u00e1 a cargo do gestor p\u00fablico e que uma a\u00e7\u00e3o do TCU em impedir isso\u00a0configuraria invas\u00e3o sobre o poder discricion\u00e1rio do gestor.<\/p>\n<\/div>\n","protected":false},"excerpt":{"rendered":"<p>Dimmi Amora, da\u00a0Ag\u00eancia iNFRA A Secretaria de Infraestrutura de Portos e Ferrovias do TCU (Tribunal de Contas da Uni\u00e3o) emitiu parecer rejeitando e pedindo o arquivamento da proposta feita pelo governo para a renova\u00e7\u00e3o antecipada da concess\u00e3o da EFC (Estrada de Ferro Caraj\u00e1s), da Vale, apresentada pelo governo em 2018. Os t\u00e9cnicos apontaram motivos diversos [&hellip;]<\/p>\n","protected":false},"author":9,"featured_media":4952,"comment_status":"closed","ping_status":"closed","sticky":false,"template":"","format":"standard","meta":{"_monsterinsights_skip_tracking":false,"_monsterinsights_sitenote_active":false,"_monsterinsights_sitenote_note":"","_monsterinsights_sitenote_category":0,"footnotes":""},"categories":[7],"tags":[19,396,229,470,775,18,83],"class_list":["post-4951","post","type-post","status-publish","format-standard","has-post-thumbnail","hentry","category-infratransporte","tag-antt","tag-bruno-dantas","tag-efc","tag-estrada-de-ferro-carajas","tag-ministerio-da-infraestrutura","tag-tcu","tag-vale"],"yoast_head":"<!-- This site is optimized with the Yoast SEO Premium plugin v25.4 (Yoast SEO v26.0) - https:\/\/yoast.com\/wordpress\/plugins\/seo\/ -->\n<title>Secretaria do TCU rejeita proposta de renova\u00e7\u00e3o da EFC, da Vale, e governo tenta reverter com relator - Ag\u00eancia iNFRA<\/title>\n<meta name=\"robots\" content=\"index, follow, max-snippet:-1, max-image-preview:large, max-video-preview:-1\" \/>\n<link rel=\"canonical\" href=\"https:\/\/agenciainfra.com\/blog\/secretaria-do-tcu-rejeita-proposta-de-renovacao-da-efc-da-vale-e-governo-tenta-reverter-com-relator\/\" \/>\n<meta property=\"og:locale\" content=\"pt_BR\" \/>\n<meta property=\"og:type\" content=\"article\" \/>\n<meta property=\"og:title\" content=\"Secretaria do TCU rejeita proposta de renova\u00e7\u00e3o da EFC, da Vale, e governo tenta reverter com relator\" \/>\n<meta property=\"og:description\" content=\"Dimmi Amora, da\u00a0Ag\u00eancia iNFRA A Secretaria de Infraestrutura de Portos e Ferrovias do TCU (Tribunal de Contas da Uni\u00e3o) emitiu parecer rejeitando e pedindo o arquivamento da proposta feita pelo governo para a renova\u00e7\u00e3o antecipada da concess\u00e3o da EFC (Estrada de Ferro Caraj\u00e1s), da Vale, apresentada pelo governo em 2018. Os t\u00e9cnicos apontaram motivos diversos [&hellip;]\" \/>\n<meta property=\"og:url\" content=\"https:\/\/agenciainfra.com\/blog\/secretaria-do-tcu-rejeita-proposta-de-renovacao-da-efc-da-vale-e-governo-tenta-reverter-com-relator\/\" \/>\n<meta property=\"og:site_name\" content=\"Ag\u00eancia iNFRA\" \/>\n<meta property=\"article:publisher\" content=\"https:\/\/www.facebook.com\/ageninfra\" \/>\n<meta property=\"article:published_time\" content=\"2020-05-27T11:00:53+00:00\" \/>\n<meta property=\"og:image\" content=\"https:\/\/agenciainfra.com\/blog\/wp-content\/uploads\/2020\/05\/estrada-de-ferro-carajas-foto-vale.jpg\" \/>\n\t<meta property=\"og:image:width\" content=\"1024\" \/>\n\t<meta property=\"og:image:height\" content=\"536\" \/>\n\t<meta property=\"og:image:type\" content=\"image\/jpeg\" \/>\n<meta name=\"author\" content=\"Rodrigo Zuquim\" \/>\n<meta name=\"twitter:card\" content=\"summary_large_image\" \/>\n<meta name=\"twitter:creator\" content=\"@agencia_infra\" \/>\n<meta name=\"twitter:site\" content=\"@agencia_infra\" \/>\n<meta name=\"twitter:label1\" content=\"Escrito por\" \/>\n\t<meta name=\"twitter:data1\" content=\"Rodrigo Zuquim\" \/>\n\t<meta name=\"twitter:label2\" content=\"Est. tempo de leitura\" \/>\n\t<meta name=\"twitter:data2\" content=\"5 minutos\" \/>\n<script type=\"application\/ld+json\" class=\"yoast-schema-graph\">{\"@context\":\"https:\/\/schema.org\",\"@graph\":[{\"@type\":\"Article\",\"@id\":\"https:\/\/agenciainfra.com\/blog\/secretaria-do-tcu-rejeita-proposta-de-renovacao-da-efc-da-vale-e-governo-tenta-reverter-com-relator\/#article\",\"isPartOf\":{\"@id\":\"https:\/\/agenciainfra.com\/blog\/secretaria-do-tcu-rejeita-proposta-de-renovacao-da-efc-da-vale-e-governo-tenta-reverter-com-relator\/\"},\"author\":{\"name\":\"Rodrigo Zuquim\",\"@id\":\"https:\/\/agenciainfra.com\/blog\/#\/schema\/person\/04dbb79bd6d8951f063da71f3e4c1eb1\"},\"headline\":\"Secretaria do TCU rejeita proposta de renova\u00e7\u00e3o da EFC, da Vale, e governo tenta reverter com relator\",\"datePublished\":\"2020-05-27T11:00:53+00:00\",\"mainEntityOfPage\":{\"@id\":\"https:\/\/agenciainfra.com\/blog\/secretaria-do-tcu-rejeita-proposta-de-renovacao-da-efc-da-vale-e-governo-tenta-reverter-com-relator\/\"},\"wordCount\":967,\"publisher\":{\"@id\":\"https:\/\/agenciainfra.com\/blog\/#organization\"},\"image\":{\"@id\":\"https:\/\/agenciainfra.com\/blog\/secretaria-do-tcu-rejeita-proposta-de-renovacao-da-efc-da-vale-e-governo-tenta-reverter-com-relator\/#primaryimage\"},\"thumbnailUrl\":\"https:\/\/agenciainfra.com\/blog\/wp-content\/uploads\/2020\/05\/estrada-de-ferro-carajas-foto-vale.jpg\",\"keywords\":[\"ANTT\",\"Bruno Dantas\",\"EFC\",\"Estrada de Ferro Caraj\u00e1s\",\"Minist\u00e9rio da Infraestrutura\",\"TCU\",\"Vale\"],\"articleSection\":[\"iNFRATransporte\"],\"inLanguage\":\"pt-BR\",\"copyrightYear\":\"2020\",\"copyrightHolder\":{\"@id\":\"https:\/\/agenciainfra.com\/blog\/#organization\"}},{\"@type\":\"WebPage\",\"@id\":\"https:\/\/agenciainfra.com\/blog\/secretaria-do-tcu-rejeita-proposta-de-renovacao-da-efc-da-vale-e-governo-tenta-reverter-com-relator\/\",\"url\":\"https:\/\/agenciainfra.com\/blog\/secretaria-do-tcu-rejeita-proposta-de-renovacao-da-efc-da-vale-e-governo-tenta-reverter-com-relator\/\",\"name\":\"Secretaria do TCU rejeita proposta de renova\u00e7\u00e3o da EFC, da Vale, e governo tenta reverter com relator - Ag\u00eancia iNFRA\",\"isPartOf\":{\"@id\":\"https:\/\/agenciainfra.com\/blog\/#website\"},\"primaryImageOfPage\":{\"@id\":\"https:\/\/agenciainfra.com\/blog\/secretaria-do-tcu-rejeita-proposta-de-renovacao-da-efc-da-vale-e-governo-tenta-reverter-com-relator\/#primaryimage\"},\"image\":{\"@id\":\"https:\/\/agenciainfra.com\/blog\/secretaria-do-tcu-rejeita-proposta-de-renovacao-da-efc-da-vale-e-governo-tenta-reverter-com-relator\/#primaryimage\"},\"thumbnailUrl\":\"https:\/\/agenciainfra.com\/blog\/wp-content\/uploads\/2020\/05\/estrada-de-ferro-carajas-foto-vale.jpg\",\"datePublished\":\"2020-05-27T11:00:53+00:00\",\"breadcrumb\":{\"@id\":\"https:\/\/agenciainfra.com\/blog\/secretaria-do-tcu-rejeita-proposta-de-renovacao-da-efc-da-vale-e-governo-tenta-reverter-com-relator\/#breadcrumb\"},\"inLanguage\":\"pt-BR\",\"potentialAction\":[{\"@type\":\"ReadAction\",\"target\":[\"https:\/\/agenciainfra.com\/blog\/secretaria-do-tcu-rejeita-proposta-de-renovacao-da-efc-da-vale-e-governo-tenta-reverter-com-relator\/\"]}]},{\"@type\":\"ImageObject\",\"inLanguage\":\"pt-BR\",\"@id\":\"https:\/\/agenciainfra.com\/blog\/secretaria-do-tcu-rejeita-proposta-de-renovacao-da-efc-da-vale-e-governo-tenta-reverter-com-relator\/#primaryimage\",\"url\":\"https:\/\/agenciainfra.com\/blog\/wp-content\/uploads\/2020\/05\/estrada-de-ferro-carajas-foto-vale.jpg\",\"contentUrl\":\"https:\/\/agenciainfra.com\/blog\/wp-content\/uploads\/2020\/05\/estrada-de-ferro-carajas-foto-vale.jpg\",\"width\":1024,\"height\":536,\"caption\":\"estrada-de-ferro-carajas-foto-vale\"},{\"@type\":\"BreadcrumbList\",\"@id\":\"https:\/\/agenciainfra.com\/blog\/secretaria-do-tcu-rejeita-proposta-de-renovacao-da-efc-da-vale-e-governo-tenta-reverter-com-relator\/#breadcrumb\",\"itemListElement\":[{\"@type\":\"ListItem\",\"position\":1,\"name\":\"In\u00edcio\",\"item\":\"https:\/\/agenciainfra.com\/blog\/\"},{\"@type\":\"ListItem\",\"position\":2,\"name\":\"Secretaria do TCU rejeita proposta de renova\u00e7\u00e3o da EFC, da Vale, e governo tenta reverter com relator\"}]},{\"@type\":\"WebSite\",\"@id\":\"https:\/\/agenciainfra.com\/blog\/#website\",\"url\":\"https:\/\/agenciainfra.com\/blog\/\",\"name\":\"Ag\u00eancia iNFRA\",\"description\":\"Multiplataforma de informa\u00e7\u00e3o jornal\u00edstica refer\u00eancia na \u00e1rea de infraestrutura no Brasil!\",\"publisher\":{\"@id\":\"https:\/\/agenciainfra.com\/blog\/#organization\"},\"potentialAction\":[{\"@type\":\"SearchAction\",\"target\":{\"@type\":\"EntryPoint\",\"urlTemplate\":\"https:\/\/agenciainfra.com\/blog\/?s={search_term_string}\"},\"query-input\":{\"@type\":\"PropertyValueSpecification\",\"valueRequired\":true,\"valueName\":\"search_term_string\"}}],\"inLanguage\":\"pt-BR\"},{\"@type\":\"Organization\",\"@id\":\"https:\/\/agenciainfra.com\/blog\/#organization\",\"name\":\"Ag\u00eancia iNFRA\",\"url\":\"https:\/\/agenciainfra.com\/blog\/\",\"logo\":{\"@type\":\"ImageObject\",\"inLanguage\":\"pt-BR\",\"@id\":\"https:\/\/agenciainfra.com\/blog\/#\/schema\/logo\/image\/\",\"url\":\"https:\/\/agenciainfra.com\/blog\/wp-content\/uploads\/2023\/09\/iNFRA_5-e1761735885940.png\",\"contentUrl\":\"https:\/\/agenciainfra.com\/blog\/wp-content\/uploads\/2023\/09\/iNFRA_5-e1761735885940.png\",\"width\":1672,\"height\":454,\"caption\":\"Ag\u00eancia iNFRA\"},\"image\":{\"@id\":\"https:\/\/agenciainfra.com\/blog\/#\/schema\/logo\/image\/\"},\"sameAs\":[\"https:\/\/www.facebook.com\/ageninfra\",\"https:\/\/x.com\/agencia_infra\",\"https:\/\/www.linkedin.com\/company\/ag\u00eanciainfra\/\",\"https:\/\/www.instagram.com\/agenciainfra\/\"]},{\"@type\":\"Person\",\"@id\":\"https:\/\/agenciainfra.com\/blog\/#\/schema\/person\/04dbb79bd6d8951f063da71f3e4c1eb1\",\"name\":\"Rodrigo Zuquim\",\"image\":{\"@type\":\"ImageObject\",\"inLanguage\":\"pt-BR\",\"@id\":\"https:\/\/agenciainfra.com\/blog\/#\/schema\/person\/image\/\",\"url\":\"https:\/\/secure.gravatar.com\/avatar\/594abfe82761d620726242ff34ca472a705a4b97f16c790053a6b4c4035274d0?s=96&d=mm&r=g\",\"contentUrl\":\"https:\/\/secure.gravatar.com\/avatar\/594abfe82761d620726242ff34ca472a705a4b97f16c790053a6b4c4035274d0?s=96&d=mm&r=g\",\"caption\":\"Rodrigo Zuquim\"},\"url\":\"https:\/\/agenciainfra.com\/blog\/author\/rodrigo-zuquim\/\"}]}<\/script>\n<!-- \/ Yoast SEO Premium plugin. -->","yoast_head_json":{"title":"Secretaria do TCU rejeita proposta de renova\u00e7\u00e3o da EFC, da Vale, e governo tenta reverter com relator - Ag\u00eancia iNFRA","robots":{"index":"index","follow":"follow","max-snippet":"max-snippet:-1","max-image-preview":"max-image-preview:large","max-video-preview":"max-video-preview:-1"},"canonical":"https:\/\/agenciainfra.com\/blog\/secretaria-do-tcu-rejeita-proposta-de-renovacao-da-efc-da-vale-e-governo-tenta-reverter-com-relator\/","og_locale":"pt_BR","og_type":"article","og_title":"Secretaria do TCU rejeita proposta de renova\u00e7\u00e3o da EFC, da Vale, e governo tenta reverter com relator","og_description":"Dimmi Amora, da\u00a0Ag\u00eancia iNFRA A Secretaria de Infraestrutura de Portos e Ferrovias do TCU (Tribunal de Contas da Uni\u00e3o) emitiu parecer rejeitando e pedindo o arquivamento da proposta feita pelo governo para a renova\u00e7\u00e3o antecipada da concess\u00e3o da EFC (Estrada de Ferro Caraj\u00e1s), da Vale, apresentada pelo governo em 2018. Os t\u00e9cnicos apontaram motivos diversos [&hellip;]","og_url":"https:\/\/agenciainfra.com\/blog\/secretaria-do-tcu-rejeita-proposta-de-renovacao-da-efc-da-vale-e-governo-tenta-reverter-com-relator\/","og_site_name":"Ag\u00eancia iNFRA","article_publisher":"https:\/\/www.facebook.com\/ageninfra","article_published_time":"2020-05-27T11:00:53+00:00","og_image":[{"width":1024,"height":536,"url":"https:\/\/agenciainfra.com\/blog\/wp-content\/uploads\/2020\/05\/estrada-de-ferro-carajas-foto-vale.jpg","type":"image\/jpeg"}],"author":"Rodrigo Zuquim","twitter_card":"summary_large_image","twitter_creator":"@agencia_infra","twitter_site":"@agencia_infra","twitter_misc":{"Escrito por":"Rodrigo Zuquim","Est. tempo de leitura":"5 minutos"},"schema":{"@context":"https:\/\/schema.org","@graph":[{"@type":"Article","@id":"https:\/\/agenciainfra.com\/blog\/secretaria-do-tcu-rejeita-proposta-de-renovacao-da-efc-da-vale-e-governo-tenta-reverter-com-relator\/#article","isPartOf":{"@id":"https:\/\/agenciainfra.com\/blog\/secretaria-do-tcu-rejeita-proposta-de-renovacao-da-efc-da-vale-e-governo-tenta-reverter-com-relator\/"},"author":{"name":"Rodrigo Zuquim","@id":"https:\/\/agenciainfra.com\/blog\/#\/schema\/person\/04dbb79bd6d8951f063da71f3e4c1eb1"},"headline":"Secretaria do TCU rejeita proposta de renova\u00e7\u00e3o da EFC, da Vale, e governo tenta reverter com relator","datePublished":"2020-05-27T11:00:53+00:00","mainEntityOfPage":{"@id":"https:\/\/agenciainfra.com\/blog\/secretaria-do-tcu-rejeita-proposta-de-renovacao-da-efc-da-vale-e-governo-tenta-reverter-com-relator\/"},"wordCount":967,"publisher":{"@id":"https:\/\/agenciainfra.com\/blog\/#organization"},"image":{"@id":"https:\/\/agenciainfra.com\/blog\/secretaria-do-tcu-rejeita-proposta-de-renovacao-da-efc-da-vale-e-governo-tenta-reverter-com-relator\/#primaryimage"},"thumbnailUrl":"https:\/\/agenciainfra.com\/blog\/wp-content\/uploads\/2020\/05\/estrada-de-ferro-carajas-foto-vale.jpg","keywords":["ANTT","Bruno Dantas","EFC","Estrada de Ferro Caraj\u00e1s","Minist\u00e9rio da Infraestrutura","TCU","Vale"],"articleSection":["iNFRATransporte"],"inLanguage":"pt-BR","copyrightYear":"2020","copyrightHolder":{"@id":"https:\/\/agenciainfra.com\/blog\/#organization"}},{"@type":"WebPage","@id":"https:\/\/agenciainfra.com\/blog\/secretaria-do-tcu-rejeita-proposta-de-renovacao-da-efc-da-vale-e-governo-tenta-reverter-com-relator\/","url":"https:\/\/agenciainfra.com\/blog\/secretaria-do-tcu-rejeita-proposta-de-renovacao-da-efc-da-vale-e-governo-tenta-reverter-com-relator\/","name":"Secretaria do TCU rejeita proposta de renova\u00e7\u00e3o da EFC, da Vale, e governo tenta reverter com relator - Ag\u00eancia iNFRA","isPartOf":{"@id":"https:\/\/agenciainfra.com\/blog\/#website"},"primaryImageOfPage":{"@id":"https:\/\/agenciainfra.com\/blog\/secretaria-do-tcu-rejeita-proposta-de-renovacao-da-efc-da-vale-e-governo-tenta-reverter-com-relator\/#primaryimage"},"image":{"@id":"https:\/\/agenciainfra.com\/blog\/secretaria-do-tcu-rejeita-proposta-de-renovacao-da-efc-da-vale-e-governo-tenta-reverter-com-relator\/#primaryimage"},"thumbnailUrl":"https:\/\/agenciainfra.com\/blog\/wp-content\/uploads\/2020\/05\/estrada-de-ferro-carajas-foto-vale.jpg","datePublished":"2020-05-27T11:00:53+00:00","breadcrumb":{"@id":"https:\/\/agenciainfra.com\/blog\/secretaria-do-tcu-rejeita-proposta-de-renovacao-da-efc-da-vale-e-governo-tenta-reverter-com-relator\/#breadcrumb"},"inLanguage":"pt-BR","potentialAction":[{"@type":"ReadAction","target":["https:\/\/agenciainfra.com\/blog\/secretaria-do-tcu-rejeita-proposta-de-renovacao-da-efc-da-vale-e-governo-tenta-reverter-com-relator\/"]}]},{"@type":"ImageObject","inLanguage":"pt-BR","@id":"https:\/\/agenciainfra.com\/blog\/secretaria-do-tcu-rejeita-proposta-de-renovacao-da-efc-da-vale-e-governo-tenta-reverter-com-relator\/#primaryimage","url":"https:\/\/agenciainfra.com\/blog\/wp-content\/uploads\/2020\/05\/estrada-de-ferro-carajas-foto-vale.jpg","contentUrl":"https:\/\/agenciainfra.com\/blog\/wp-content\/uploads\/2020\/05\/estrada-de-ferro-carajas-foto-vale.jpg","width":1024,"height":536,"caption":"estrada-de-ferro-carajas-foto-vale"},{"@type":"BreadcrumbList","@id":"https:\/\/agenciainfra.com\/blog\/secretaria-do-tcu-rejeita-proposta-de-renovacao-da-efc-da-vale-e-governo-tenta-reverter-com-relator\/#breadcrumb","itemListElement":[{"@type":"ListItem","position":1,"name":"In\u00edcio","item":"https:\/\/agenciainfra.com\/blog\/"},{"@type":"ListItem","position":2,"name":"Secretaria do TCU rejeita proposta de renova\u00e7\u00e3o da EFC, da Vale, e governo tenta reverter com relator"}]},{"@type":"WebSite","@id":"https:\/\/agenciainfra.com\/blog\/#website","url":"https:\/\/agenciainfra.com\/blog\/","name":"Ag\u00eancia iNFRA","description":"Multiplataforma de informa\u00e7\u00e3o jornal\u00edstica refer\u00eancia na \u00e1rea de infraestrutura no Brasil!","publisher":{"@id":"https:\/\/agenciainfra.com\/blog\/#organization"},"potentialAction":[{"@type":"SearchAction","target":{"@type":"EntryPoint","urlTemplate":"https:\/\/agenciainfra.com\/blog\/?s={search_term_string}"},"query-input":{"@type":"PropertyValueSpecification","valueRequired":true,"valueName":"search_term_string"}}],"inLanguage":"pt-BR"},{"@type":"Organization","@id":"https:\/\/agenciainfra.com\/blog\/#organization","name":"Ag\u00eancia iNFRA","url":"https:\/\/agenciainfra.com\/blog\/","logo":{"@type":"ImageObject","inLanguage":"pt-BR","@id":"https:\/\/agenciainfra.com\/blog\/#\/schema\/logo\/image\/","url":"https:\/\/agenciainfra.com\/blog\/wp-content\/uploads\/2023\/09\/iNFRA_5-e1761735885940.png","contentUrl":"https:\/\/agenciainfra.com\/blog\/wp-content\/uploads\/2023\/09\/iNFRA_5-e1761735885940.png","width":1672,"height":454,"caption":"Ag\u00eancia iNFRA"},"image":{"@id":"https:\/\/agenciainfra.com\/blog\/#\/schema\/logo\/image\/"},"sameAs":["https:\/\/www.facebook.com\/ageninfra","https:\/\/x.com\/agencia_infra","https:\/\/www.linkedin.com\/company\/ag\u00eanciainfra\/","https:\/\/www.instagram.com\/agenciainfra\/"]},{"@type":"Person","@id":"https:\/\/agenciainfra.com\/blog\/#\/schema\/person\/04dbb79bd6d8951f063da71f3e4c1eb1","name":"Rodrigo Zuquim","image":{"@type":"ImageObject","inLanguage":"pt-BR","@id":"https:\/\/agenciainfra.com\/blog\/#\/schema\/person\/image\/","url":"https:\/\/secure.gravatar.com\/avatar\/594abfe82761d620726242ff34ca472a705a4b97f16c790053a6b4c4035274d0?s=96&d=mm&r=g","contentUrl":"https:\/\/secure.gravatar.com\/avatar\/594abfe82761d620726242ff34ca472a705a4b97f16c790053a6b4c4035274d0?s=96&d=mm&r=g","caption":"Rodrigo Zuquim"},"url":"https:\/\/agenciainfra.com\/blog\/author\/rodrigo-zuquim\/"}]}},"_links":{"self":[{"href":"https:\/\/agenciainfra.com\/blog\/wp-json\/wp\/v2\/posts\/4951","targetHints":{"allow":["GET"]}}],"collection":[{"href":"https:\/\/agenciainfra.com\/blog\/wp-json\/wp\/v2\/posts"}],"about":[{"href":"https:\/\/agenciainfra.com\/blog\/wp-json\/wp\/v2\/types\/post"}],"author":[{"embeddable":true,"href":"https:\/\/agenciainfra.com\/blog\/wp-json\/wp\/v2\/users\/9"}],"replies":[{"embeddable":true,"href":"https:\/\/agenciainfra.com\/blog\/wp-json\/wp\/v2\/comments?post=4951"}],"version-history":[{"count":0,"href":"https:\/\/agenciainfra.com\/blog\/wp-json\/wp\/v2\/posts\/4951\/revisions"}],"wp:featuredmedia":[{"embeddable":true,"href":"https:\/\/agenciainfra.com\/blog\/wp-json\/wp\/v2\/media\/4952"}],"wp:attachment":[{"href":"https:\/\/agenciainfra.com\/blog\/wp-json\/wp\/v2\/media?parent=4951"}],"wp:term":[{"taxonomy":"category","embeddable":true,"href":"https:\/\/agenciainfra.com\/blog\/wp-json\/wp\/v2\/categories?post=4951"},{"taxonomy":"post_tag","embeddable":true,"href":"https:\/\/agenciainfra.com\/blog\/wp-json\/wp\/v2\/tags?post=4951"}],"curies":[{"name":"wp","href":"https:\/\/api.w.org\/{rel}","templated":true}]}}