{"id":4978,"date":"2020-05-31T08:00:00","date_gmt":"2020-05-31T11:00:00","guid":{"rendered":"http:\/\/www.agenciainfra.com\/blog\/?p=4978"},"modified":"2020-05-29T18:50:42","modified_gmt":"2020-05-29T21:50:42","slug":"rumo-quer-agora-o-norte-do-mato-grosso","status":"publish","type":"post","link":"https:\/\/agenciainfra.com\/blog\/rumo-quer-agora-o-norte-do-mato-grosso\/","title":{"rendered":"Rumo quer, agora, o norte do Mato Grosso"},"content":{"rendered":"<div>\n<h5 style=\"text-align: right;\"><strong>da Ag\u00eancia iNFRA<\/strong><\/h5>\n<\/div>\n<p dir=\"ltr\">O presidente do Conselho da Rumo Log\u00edstica, Marcos Lutz, afirmou que a empresa est\u00e1 pronta para fazer extens\u00e3o da Malha Norte de Ferrovias, que vai hoje at\u00e9 Rondon\u00f3polis (MT), para a regi\u00e3o norte do estado. A fala ocorreu durante live promovida pela empresa e pelo Minist\u00e9rio da Infraestrutura para comentar a assinatura do aditivo que renovou o contrato de concess\u00e3o da Rumo Malha Paulista, na \u00faltima quarta-feira (27).<\/p>\n<p>Segundo Lutz, a inten\u00e7\u00e3o da empresa, que ele afirmou estar capitalizada, \u00e9 levar a ferrovia at\u00e9 a regi\u00e3o de Nova Mutum\/Lucas do Rio Verde, passando pela regi\u00e3o de Cuiab\u00e1. A informa\u00e7\u00e3o foi dada em resposta a questionamento do governador do estado, Mauro Mendes.<\/p>\n<p>A Rumo quer chegar a essa regi\u00e3o que \u00e9 a maior produtora de gr\u00e3os do pa\u00eds. Outro projeto ferrovi\u00e1rio que concorre com ela \u00e9 o da Ferrogr\u00e3o, que o governo diz que envia no m\u00eas que vem ao TCU para an\u00e1lise, mas est\u00e1 em estudos h\u00e1 mais de dois anos na ANTT (Ag\u00eancia Nacional de Transportes Terrestres).<\/p>\n<p>Tamb\u00e9m \u00e9 a ag\u00eancia que vai ter que analisar o pedido da Rumo para ampliar a concess\u00e3o da Malha Norte\u00a0sem nova licita\u00e7\u00e3o. A empresa concordou em devolver esse trecho ao governo anos atr\u00e1s e, agora, ser\u00e1 preciso uma an\u00e1lise para saber se \u00e9 juridicamente poss\u00edvel permitir essa extens\u00e3o da linha.<\/p>\n<p>&#8220;Estamos prontos. Mas h\u00e1 dificuldades regulat\u00f3rias para implementa\u00e7\u00e3o do projeto&#8221;, disse Lutz.<\/p>\n<p><strong>Amplia\u00e7\u00e3o do Terminal de Rondon\u00f3polis<\/strong><br \/>\nA live foi marcada pelos agradecimentos e comemora\u00e7\u00f5es dos integrantes do governo e da empresa pela conclus\u00e3o do processo da Malha Paulista, que durou cerca de cinco anos entre a solicita\u00e7\u00e3o da empresa e a assinatura do termo aditivo.<\/p>\n<p>O presidente da Rumo, Beto Abreu, afirmou que a empresa segue confiante no crescimento do setor ferrovi\u00e1rio e que haver\u00e1 agora a possibilidade de uma maior diversifica\u00e7\u00e3o de cargas que transitam entre o Mato Grosso e S\u00e3o Paulo, prometendo seguran\u00e7a e pre\u00e7os mais competitivos no frete. Ele anunciou que a amplia\u00e7\u00e3o do terminal multimodal da empresa em Rondon\u00f3polis est\u00e1 95% conclu\u00edda e que, ao fim das obras, a capacidade do terminal vai dobrar. Hoje, ele j\u00e1 opera 22 milh\u00f5es de toneladas.<\/p>\n<p><strong>Outorga da Malha Paulista<\/strong><br \/>\nPerguntado sobre o que ser\u00e1 feito com os recursos da outorga da Malha Paulista, que chegaram ao valor de R$ 2,9 bilh\u00f5es ao longo do contrato, mas n\u00e3o ser\u00e3o usados no processo de investimentos cruzados, o ministro da Infraestrutura, Tarc\u00edsio de Freitas, disse que &#8220;eles n\u00e3o v\u00e3o necessariamente para o Tesouro&#8221; e podem ser usados para obras futuras na pr\u00f3pria via ou em outras ferrovias.<\/p>\n<p>O diretor da ANTT, Alexandre Porto, afirmou que o projeto vai investir R$ 1 bilh\u00e3o em obras para solucionar conflitos com as cidades e reduzir acidentes ferrovi\u00e1rios. Ele lembrou ainda que o contrato tem um instrumento que obriga a empresa a fazer 80% dos investimentos em cinco anos ou o novo aditivo deixa de ter validade.<\/p>\n<p>Porto tamb\u00e9m garantiu que, com a moderniza\u00e7\u00e3o regulat\u00f3ria do contrato e investimentos j\u00e1 feitos na ANTT, como o Centro de Controle Operacional, ser\u00e1 poss\u00edvel fomentar a competi\u00e7\u00e3o na ferrovia. Ele citou, por exemplo, que o aditivo prev\u00ea at\u00e9 mesmo uma disciplina para despacho de trens. Freitas lembrou que tamb\u00e9m foram reduzidas exig\u00eancias que configuravam barreiras de entrada.<\/p>\n<p>Ao fim do programa, o ministro agradeceu ao presidente Jair Bolsonaro, dizendo que a manuten\u00e7\u00e3o da equipe que j\u00e1 vinha trabalhando e a aposta no programa foi o que tornou poss\u00edvel a renova\u00e7\u00e3o, que \u00e9 um passo dentro do projeto de fazer com que a matriz de transportes do pa\u00eds tenha at\u00e9 30% de cargas nas ferrovias. A transmiss\u00e3o est\u00e1\u00a0<a href=\"https:\/\/agenciainfra.us14.list-manage.com\/track\/click?u=d460dd1bcf9ba0ae040e1fc0f&amp;id=d9b4e5a734&amp;e=c099169394\" target=\"_blank\" rel=\"noopener noreferrer\" data-saferedirecturl=\"https:\/\/www.google.com\/url?q=https:\/\/agenciainfra.us14.list-manage.com\/track\/click?u%3Dd460dd1bcf9ba0ae040e1fc0f%26id%3Dd9b4e5a734%26e%3Dc099169394&amp;source=gmail&amp;ust=1590875026519000&amp;usg=AFQjCNHEJgMIO5G34J5bvcYiN-dv683Atw\">neste link<\/a>.<\/p>\n<p><strong>Formato dos reequil\u00edbrios<\/strong><br \/>\nEm live promovida pela\u00a0Comiss\u00e3o Especial de Direito de Infraestrutura\u00a0da OAB (Ordem dos Advogados do Brasil), o diretor da ANTT Davi Barreto defendeu que o projeto ferrovi\u00e1rio que o governo est\u00e1 executando tem uma l\u00f3gica para criar corredores estruturantes que podem ser depois complementados com linhas mais curtas para atender a demandas espec\u00edficas.<\/p>\n<p>No encontro, o consultor Bernardo Figueiredo, ex-diretor da ANTT, apresentou ponto de vista cr\u00edtico \u00e0 falta de um direcionamento maior do projeto ferrovi\u00e1rio para ampliar o transporte de carga geral pelo pa\u00eds. Os investimentos atuais, segundo ele, direcionam-se a cargas de gran\u00e9is, que representam cerca de metade das cargas do pa\u00eds, j\u00e1 atendidas por ferrovias.<\/p>\n<p>Fernando Paes, presidente da ANTF (Associa\u00e7\u00e3o Nacional dos Transportadores Ferrovi\u00e1rios), tamb\u00e9m presente ao encontro,\u00a0afirmou que o projeto atual do governo nas renova\u00e7\u00f5es tamb\u00e9m tem o intuito de ampliar o transporte desse tipo de carga pelas ferrovias, inclusive com apoio para a solu\u00e7\u00e3o de trechos hoje abandonados pelas concession\u00e1rias.<\/p>\n<p><strong>Reequil\u00edbrios de contratos<\/strong><br \/>\nO diretor da ANTT Barreto\u00a0tratou, ainda,\u00a0de reequil\u00edbrios de contratos de concess\u00e3o no setor de transporte rodovi\u00e1rio, dizendo que \u00e9 necess\u00e1rio tratar o problema de forma n\u00e3o a\u00e7odada para evitar que a ag\u00eancia cometa erros, agindo com seguran\u00e7a t\u00e9cnica.<\/p>\n<p>Ele adiantou que, como h\u00e1 impactos diferentes no setor, ser\u00e1 preciso entender cada contrato. Ele sugeriu a constru\u00e7\u00e3o de\u00a0premissas horizontais, aceitas pelo setor,\u00a0para aplica\u00e7\u00e3o caso a caso posteriormente. Barreto disse que, para isso, n\u00e3o ser\u00e1 necess\u00e1ria nova lei e que n\u00e3o haver\u00e1 &#8220;apag\u00e3o das canetas&#8221;.<\/p>\n<p>&#8220;N\u00e3o tenho receio de apag\u00e3o das canetas. Quando se tem base t\u00e9cnica e processo transparente, \u00e9 tudo o que precisamos para atuar&#8221;, disse Barreto. A transmiss\u00e3o est\u00e1\u00a0<a href=\"https:\/\/agenciainfra.us14.list-manage.com\/track\/click?u=d460dd1bcf9ba0ae040e1fc0f&amp;id=8717247710&amp;e=c099169394\" target=\"_blank\" rel=\"noopener noreferrer\" data-saferedirecturl=\"https:\/\/www.google.com\/url?q=https:\/\/agenciainfra.us14.list-manage.com\/track\/click?u%3Dd460dd1bcf9ba0ae040e1fc0f%26id%3D8717247710%26e%3Dc099169394&amp;source=gmail&amp;ust=1590875026519000&amp;usg=AFQjCNH9RA8Lg_vuuWo508pz_rqBhvpbYQ\">neste link<\/a>.<\/p>\n","protected":false},"excerpt":{"rendered":"<p>da Ag\u00eancia iNFRA O presidente do Conselho da Rumo Log\u00edstica, Marcos Lutz, afirmou que a empresa est\u00e1 pronta para fazer extens\u00e3o da Malha Norte de Ferrovias, que vai hoje at\u00e9 Rondon\u00f3polis (MT), para a regi\u00e3o norte do estado. A fala ocorreu durante live promovida pela empresa e pelo Minist\u00e9rio da Infraestrutura para comentar a assinatura [&hellip;]<\/p>\n","protected":false},"author":9,"featured_media":4979,"comment_status":"closed","ping_status":"closed","sticky":false,"template":"","format":"standard","meta":{"_monsterinsights_skip_tracking":false,"_monsterinsights_sitenote_active":false,"_monsterinsights_sitenote_note":"","_monsterinsights_sitenote_category":0,"footnotes":""},"categories":[7],"tags":[1910,59,19,1039,1050,2048,158,2046,2045,1992,1130,823,18,2047],"class_list":["post-4978","post","type-post","status-publish","format-standard","has-post-thumbnail","hentry","category-infratransporte","tag-alexandre-porto","tag-antf","tag-antt","tag-beto-abreu","tag-davi-barreto","tag-fernando-paes","tag-ferrograo","tag-malha-norte-de-ferrovias","tag-marcos-lutz","tag-reequilibrios","tag-rumo-logistica","tag-rumo-malha-paulista","tag-tcu","tag-terminal-de-rondonopolis"],"yoast_head":"<!-- This site is optimized with the Yoast SEO Premium plugin v25.4 (Yoast SEO v26.0) - https:\/\/yoast.com\/wordpress\/plugins\/seo\/ -->\n<title>Rumo quer, agora, o norte do Mato Grosso - Ag\u00eancia iNFRA<\/title>\n<meta name=\"robots\" content=\"index, follow, max-snippet:-1, max-image-preview:large, max-video-preview:-1\" \/>\n<link rel=\"canonical\" href=\"https:\/\/agenciainfra.com\/blog\/rumo-quer-agora-o-norte-do-mato-grosso\/\" \/>\n<meta property=\"og:locale\" content=\"pt_BR\" \/>\n<meta property=\"og:type\" content=\"article\" \/>\n<meta property=\"og:title\" content=\"Rumo quer, agora, o norte do Mato Grosso\" \/>\n<meta property=\"og:description\" content=\"da Ag\u00eancia iNFRA O presidente do Conselho da Rumo Log\u00edstica, Marcos Lutz, afirmou que a empresa est\u00e1 pronta para fazer extens\u00e3o da Malha Norte de Ferrovias, que vai hoje at\u00e9 Rondon\u00f3polis (MT), para a regi\u00e3o norte do estado. A fala ocorreu durante live promovida pela empresa e pelo Minist\u00e9rio da Infraestrutura para comentar a assinatura [&hellip;]\" \/>\n<meta property=\"og:url\" content=\"https:\/\/agenciainfra.com\/blog\/rumo-quer-agora-o-norte-do-mato-grosso\/\" \/>\n<meta property=\"og:site_name\" content=\"Ag\u00eancia iNFRA\" \/>\n<meta property=\"article:publisher\" content=\"https:\/\/www.facebook.com\/ageninfra\" \/>\n<meta property=\"article:published_time\" content=\"2020-05-31T11:00:00+00:00\" \/>\n<meta property=\"og:image\" content=\"https:\/\/agenciainfra.com\/blog\/wp-content\/uploads\/2020\/05\/marcos-lutz-foto-alberto-ruy-minfra.jpg\" \/>\n\t<meta property=\"og:image:width\" content=\"1280\" \/>\n\t<meta property=\"og:image:height\" content=\"852\" \/>\n\t<meta property=\"og:image:type\" content=\"image\/jpeg\" \/>\n<meta name=\"author\" content=\"Rodrigo Zuquim\" \/>\n<meta name=\"twitter:card\" content=\"summary_large_image\" \/>\n<meta name=\"twitter:creator\" content=\"@agencia_infra\" \/>\n<meta name=\"twitter:site\" content=\"@agencia_infra\" \/>\n<meta name=\"twitter:label1\" content=\"Escrito por\" \/>\n\t<meta name=\"twitter:data1\" content=\"Rodrigo Zuquim\" \/>\n\t<meta name=\"twitter:label2\" content=\"Est. tempo de leitura\" \/>\n\t<meta name=\"twitter:data2\" content=\"5 minutos\" \/>\n<script type=\"application\/ld+json\" class=\"yoast-schema-graph\">{\"@context\":\"https:\/\/schema.org\",\"@graph\":[{\"@type\":\"Article\",\"@id\":\"https:\/\/agenciainfra.com\/blog\/rumo-quer-agora-o-norte-do-mato-grosso\/#article\",\"isPartOf\":{\"@id\":\"https:\/\/agenciainfra.com\/blog\/rumo-quer-agora-o-norte-do-mato-grosso\/\"},\"author\":{\"name\":\"Rodrigo Zuquim\",\"@id\":\"https:\/\/agenciainfra.com\/blog\/#\/schema\/person\/04dbb79bd6d8951f063da71f3e4c1eb1\"},\"headline\":\"Rumo quer, agora, o norte do Mato Grosso\",\"datePublished\":\"2020-05-31T11:00:00+00:00\",\"mainEntityOfPage\":{\"@id\":\"https:\/\/agenciainfra.com\/blog\/rumo-quer-agora-o-norte-do-mato-grosso\/\"},\"wordCount\":977,\"publisher\":{\"@id\":\"https:\/\/agenciainfra.com\/blog\/#organization\"},\"image\":{\"@id\":\"https:\/\/agenciainfra.com\/blog\/rumo-quer-agora-o-norte-do-mato-grosso\/#primaryimage\"},\"thumbnailUrl\":\"https:\/\/agenciainfra.com\/blog\/wp-content\/uploads\/2020\/05\/marcos-lutz-foto-alberto-ruy-minfra.jpg\",\"keywords\":[\"Alexandre Porto\",\"ANTF\",\"ANTT\",\"Beto Abreu\",\"Davi Barreto\",\"Fernando Paes\",\"Ferrogr\u00e3o\",\"Malha Norte de Ferrovias\",\"Marcos Lutz\",\"reequil\u00edbrios\",\"Rumo Log\u00edstica\",\"Rumo Malha Paulista\",\"TCU\",\"Terminal de Rondon\u00f3polis\"],\"articleSection\":[\"iNFRATransporte\"],\"inLanguage\":\"pt-BR\",\"copyrightYear\":\"2020\",\"copyrightHolder\":{\"@id\":\"https:\/\/agenciainfra.com\/blog\/#organization\"}},{\"@type\":\"WebPage\",\"@id\":\"https:\/\/agenciainfra.com\/blog\/rumo-quer-agora-o-norte-do-mato-grosso\/\",\"url\":\"https:\/\/agenciainfra.com\/blog\/rumo-quer-agora-o-norte-do-mato-grosso\/\",\"name\":\"Rumo quer, agora, o norte do Mato Grosso - Ag\u00eancia iNFRA\",\"isPartOf\":{\"@id\":\"https:\/\/agenciainfra.com\/blog\/#website\"},\"primaryImageOfPage\":{\"@id\":\"https:\/\/agenciainfra.com\/blog\/rumo-quer-agora-o-norte-do-mato-grosso\/#primaryimage\"},\"image\":{\"@id\":\"https:\/\/agenciainfra.com\/blog\/rumo-quer-agora-o-norte-do-mato-grosso\/#primaryimage\"},\"thumbnailUrl\":\"https:\/\/agenciainfra.com\/blog\/wp-content\/uploads\/2020\/05\/marcos-lutz-foto-alberto-ruy-minfra.jpg\",\"datePublished\":\"2020-05-31T11:00:00+00:00\",\"breadcrumb\":{\"@id\":\"https:\/\/agenciainfra.com\/blog\/rumo-quer-agora-o-norte-do-mato-grosso\/#breadcrumb\"},\"inLanguage\":\"pt-BR\",\"potentialAction\":[{\"@type\":\"ReadAction\",\"target\":[\"https:\/\/agenciainfra.com\/blog\/rumo-quer-agora-o-norte-do-mato-grosso\/\"]}]},{\"@type\":\"ImageObject\",\"inLanguage\":\"pt-BR\",\"@id\":\"https:\/\/agenciainfra.com\/blog\/rumo-quer-agora-o-norte-do-mato-grosso\/#primaryimage\",\"url\":\"https:\/\/agenciainfra.com\/blog\/wp-content\/uploads\/2020\/05\/marcos-lutz-foto-alberto-ruy-minfra.jpg\",\"contentUrl\":\"https:\/\/agenciainfra.com\/blog\/wp-content\/uploads\/2020\/05\/marcos-lutz-foto-alberto-ruy-minfra.jpg\",\"width\":1280,\"height\":852},{\"@type\":\"BreadcrumbList\",\"@id\":\"https:\/\/agenciainfra.com\/blog\/rumo-quer-agora-o-norte-do-mato-grosso\/#breadcrumb\",\"itemListElement\":[{\"@type\":\"ListItem\",\"position\":1,\"name\":\"In\u00edcio\",\"item\":\"https:\/\/agenciainfra.com\/blog\/\"},{\"@type\":\"ListItem\",\"position\":2,\"name\":\"Rumo quer, agora, o norte do Mato Grosso\"}]},{\"@type\":\"WebSite\",\"@id\":\"https:\/\/agenciainfra.com\/blog\/#website\",\"url\":\"https:\/\/agenciainfra.com\/blog\/\",\"name\":\"Ag\u00eancia iNFRA\",\"description\":\"Multiplataforma de informa\u00e7\u00e3o jornal\u00edstica refer\u00eancia na \u00e1rea de infraestrutura no Brasil!\",\"publisher\":{\"@id\":\"https:\/\/agenciainfra.com\/blog\/#organization\"},\"potentialAction\":[{\"@type\":\"SearchAction\",\"target\":{\"@type\":\"EntryPoint\",\"urlTemplate\":\"https:\/\/agenciainfra.com\/blog\/?s={search_term_string}\"},\"query-input\":{\"@type\":\"PropertyValueSpecification\",\"valueRequired\":true,\"valueName\":\"search_term_string\"}}],\"inLanguage\":\"pt-BR\"},{\"@type\":\"Organization\",\"@id\":\"https:\/\/agenciainfra.com\/blog\/#organization\",\"name\":\"Ag\u00eancia iNFRA\",\"url\":\"https:\/\/agenciainfra.com\/blog\/\",\"logo\":{\"@type\":\"ImageObject\",\"inLanguage\":\"pt-BR\",\"@id\":\"https:\/\/agenciainfra.com\/blog\/#\/schema\/logo\/image\/\",\"url\":\"https:\/\/agenciainfra.com\/blog\/wp-content\/uploads\/2023\/09\/iNFRA_5-e1761735885940.png\",\"contentUrl\":\"https:\/\/agenciainfra.com\/blog\/wp-content\/uploads\/2023\/09\/iNFRA_5-e1761735885940.png\",\"width\":1672,\"height\":454,\"caption\":\"Ag\u00eancia iNFRA\"},\"image\":{\"@id\":\"https:\/\/agenciainfra.com\/blog\/#\/schema\/logo\/image\/\"},\"sameAs\":[\"https:\/\/www.facebook.com\/ageninfra\",\"https:\/\/x.com\/agencia_infra\",\"https:\/\/www.linkedin.com\/company\/ag\u00eanciainfra\/\",\"https:\/\/www.instagram.com\/agenciainfra\/\"]},{\"@type\":\"Person\",\"@id\":\"https:\/\/agenciainfra.com\/blog\/#\/schema\/person\/04dbb79bd6d8951f063da71f3e4c1eb1\",\"name\":\"Rodrigo Zuquim\",\"image\":{\"@type\":\"ImageObject\",\"inLanguage\":\"pt-BR\",\"@id\":\"https:\/\/agenciainfra.com\/blog\/#\/schema\/person\/image\/\",\"url\":\"https:\/\/secure.gravatar.com\/avatar\/594abfe82761d620726242ff34ca472a705a4b97f16c790053a6b4c4035274d0?s=96&d=mm&r=g\",\"contentUrl\":\"https:\/\/secure.gravatar.com\/avatar\/594abfe82761d620726242ff34ca472a705a4b97f16c790053a6b4c4035274d0?s=96&d=mm&r=g\",\"caption\":\"Rodrigo Zuquim\"},\"url\":\"https:\/\/agenciainfra.com\/blog\/author\/rodrigo-zuquim\/\"}]}<\/script>\n<!-- \/ Yoast SEO Premium plugin. -->","yoast_head_json":{"title":"Rumo quer, agora, o norte do Mato Grosso - Ag\u00eancia iNFRA","robots":{"index":"index","follow":"follow","max-snippet":"max-snippet:-1","max-image-preview":"max-image-preview:large","max-video-preview":"max-video-preview:-1"},"canonical":"https:\/\/agenciainfra.com\/blog\/rumo-quer-agora-o-norte-do-mato-grosso\/","og_locale":"pt_BR","og_type":"article","og_title":"Rumo quer, agora, o norte do Mato Grosso","og_description":"da Ag\u00eancia iNFRA O presidente do Conselho da Rumo Log\u00edstica, Marcos Lutz, afirmou que a empresa est\u00e1 pronta para fazer extens\u00e3o da Malha Norte de Ferrovias, que vai hoje at\u00e9 Rondon\u00f3polis (MT), para a regi\u00e3o norte do estado. A fala ocorreu durante live promovida pela empresa e pelo Minist\u00e9rio da Infraestrutura para comentar a assinatura [&hellip;]","og_url":"https:\/\/agenciainfra.com\/blog\/rumo-quer-agora-o-norte-do-mato-grosso\/","og_site_name":"Ag\u00eancia iNFRA","article_publisher":"https:\/\/www.facebook.com\/ageninfra","article_published_time":"2020-05-31T11:00:00+00:00","og_image":[{"width":1280,"height":852,"url":"https:\/\/agenciainfra.com\/blog\/wp-content\/uploads\/2020\/05\/marcos-lutz-foto-alberto-ruy-minfra.jpg","type":"image\/jpeg"}],"author":"Rodrigo Zuquim","twitter_card":"summary_large_image","twitter_creator":"@agencia_infra","twitter_site":"@agencia_infra","twitter_misc":{"Escrito por":"Rodrigo Zuquim","Est. tempo de leitura":"5 minutos"},"schema":{"@context":"https:\/\/schema.org","@graph":[{"@type":"Article","@id":"https:\/\/agenciainfra.com\/blog\/rumo-quer-agora-o-norte-do-mato-grosso\/#article","isPartOf":{"@id":"https:\/\/agenciainfra.com\/blog\/rumo-quer-agora-o-norte-do-mato-grosso\/"},"author":{"name":"Rodrigo Zuquim","@id":"https:\/\/agenciainfra.com\/blog\/#\/schema\/person\/04dbb79bd6d8951f063da71f3e4c1eb1"},"headline":"Rumo quer, agora, o norte do Mato Grosso","datePublished":"2020-05-31T11:00:00+00:00","mainEntityOfPage":{"@id":"https:\/\/agenciainfra.com\/blog\/rumo-quer-agora-o-norte-do-mato-grosso\/"},"wordCount":977,"publisher":{"@id":"https:\/\/agenciainfra.com\/blog\/#organization"},"image":{"@id":"https:\/\/agenciainfra.com\/blog\/rumo-quer-agora-o-norte-do-mato-grosso\/#primaryimage"},"thumbnailUrl":"https:\/\/agenciainfra.com\/blog\/wp-content\/uploads\/2020\/05\/marcos-lutz-foto-alberto-ruy-minfra.jpg","keywords":["Alexandre Porto","ANTF","ANTT","Beto Abreu","Davi Barreto","Fernando Paes","Ferrogr\u00e3o","Malha Norte de Ferrovias","Marcos Lutz","reequil\u00edbrios","Rumo Log\u00edstica","Rumo Malha Paulista","TCU","Terminal de Rondon\u00f3polis"],"articleSection":["iNFRATransporte"],"inLanguage":"pt-BR","copyrightYear":"2020","copyrightHolder":{"@id":"https:\/\/agenciainfra.com\/blog\/#organization"}},{"@type":"WebPage","@id":"https:\/\/agenciainfra.com\/blog\/rumo-quer-agora-o-norte-do-mato-grosso\/","url":"https:\/\/agenciainfra.com\/blog\/rumo-quer-agora-o-norte-do-mato-grosso\/","name":"Rumo quer, agora, o norte do Mato Grosso - Ag\u00eancia iNFRA","isPartOf":{"@id":"https:\/\/agenciainfra.com\/blog\/#website"},"primaryImageOfPage":{"@id":"https:\/\/agenciainfra.com\/blog\/rumo-quer-agora-o-norte-do-mato-grosso\/#primaryimage"},"image":{"@id":"https:\/\/agenciainfra.com\/blog\/rumo-quer-agora-o-norte-do-mato-grosso\/#primaryimage"},"thumbnailUrl":"https:\/\/agenciainfra.com\/blog\/wp-content\/uploads\/2020\/05\/marcos-lutz-foto-alberto-ruy-minfra.jpg","datePublished":"2020-05-31T11:00:00+00:00","breadcrumb":{"@id":"https:\/\/agenciainfra.com\/blog\/rumo-quer-agora-o-norte-do-mato-grosso\/#breadcrumb"},"inLanguage":"pt-BR","potentialAction":[{"@type":"ReadAction","target":["https:\/\/agenciainfra.com\/blog\/rumo-quer-agora-o-norte-do-mato-grosso\/"]}]},{"@type":"ImageObject","inLanguage":"pt-BR","@id":"https:\/\/agenciainfra.com\/blog\/rumo-quer-agora-o-norte-do-mato-grosso\/#primaryimage","url":"https:\/\/agenciainfra.com\/blog\/wp-content\/uploads\/2020\/05\/marcos-lutz-foto-alberto-ruy-minfra.jpg","contentUrl":"https:\/\/agenciainfra.com\/blog\/wp-content\/uploads\/2020\/05\/marcos-lutz-foto-alberto-ruy-minfra.jpg","width":1280,"height":852},{"@type":"BreadcrumbList","@id":"https:\/\/agenciainfra.com\/blog\/rumo-quer-agora-o-norte-do-mato-grosso\/#breadcrumb","itemListElement":[{"@type":"ListItem","position":1,"name":"In\u00edcio","item":"https:\/\/agenciainfra.com\/blog\/"},{"@type":"ListItem","position":2,"name":"Rumo quer, agora, o norte do Mato Grosso"}]},{"@type":"WebSite","@id":"https:\/\/agenciainfra.com\/blog\/#website","url":"https:\/\/agenciainfra.com\/blog\/","name":"Ag\u00eancia iNFRA","description":"Multiplataforma de informa\u00e7\u00e3o jornal\u00edstica refer\u00eancia na \u00e1rea de infraestrutura no Brasil!","publisher":{"@id":"https:\/\/agenciainfra.com\/blog\/#organization"},"potentialAction":[{"@type":"SearchAction","target":{"@type":"EntryPoint","urlTemplate":"https:\/\/agenciainfra.com\/blog\/?s={search_term_string}"},"query-input":{"@type":"PropertyValueSpecification","valueRequired":true,"valueName":"search_term_string"}}],"inLanguage":"pt-BR"},{"@type":"Organization","@id":"https:\/\/agenciainfra.com\/blog\/#organization","name":"Ag\u00eancia iNFRA","url":"https:\/\/agenciainfra.com\/blog\/","logo":{"@type":"ImageObject","inLanguage":"pt-BR","@id":"https:\/\/agenciainfra.com\/blog\/#\/schema\/logo\/image\/","url":"https:\/\/agenciainfra.com\/blog\/wp-content\/uploads\/2023\/09\/iNFRA_5-e1761735885940.png","contentUrl":"https:\/\/agenciainfra.com\/blog\/wp-content\/uploads\/2023\/09\/iNFRA_5-e1761735885940.png","width":1672,"height":454,"caption":"Ag\u00eancia iNFRA"},"image":{"@id":"https:\/\/agenciainfra.com\/blog\/#\/schema\/logo\/image\/"},"sameAs":["https:\/\/www.facebook.com\/ageninfra","https:\/\/x.com\/agencia_infra","https:\/\/www.linkedin.com\/company\/ag\u00eanciainfra\/","https:\/\/www.instagram.com\/agenciainfra\/"]},{"@type":"Person","@id":"https:\/\/agenciainfra.com\/blog\/#\/schema\/person\/04dbb79bd6d8951f063da71f3e4c1eb1","name":"Rodrigo Zuquim","image":{"@type":"ImageObject","inLanguage":"pt-BR","@id":"https:\/\/agenciainfra.com\/blog\/#\/schema\/person\/image\/","url":"https:\/\/secure.gravatar.com\/avatar\/594abfe82761d620726242ff34ca472a705a4b97f16c790053a6b4c4035274d0?s=96&d=mm&r=g","contentUrl":"https:\/\/secure.gravatar.com\/avatar\/594abfe82761d620726242ff34ca472a705a4b97f16c790053a6b4c4035274d0?s=96&d=mm&r=g","caption":"Rodrigo Zuquim"},"url":"https:\/\/agenciainfra.com\/blog\/author\/rodrigo-zuquim\/"}]}},"_links":{"self":[{"href":"https:\/\/agenciainfra.com\/blog\/wp-json\/wp\/v2\/posts\/4978","targetHints":{"allow":["GET"]}}],"collection":[{"href":"https:\/\/agenciainfra.com\/blog\/wp-json\/wp\/v2\/posts"}],"about":[{"href":"https:\/\/agenciainfra.com\/blog\/wp-json\/wp\/v2\/types\/post"}],"author":[{"embeddable":true,"href":"https:\/\/agenciainfra.com\/blog\/wp-json\/wp\/v2\/users\/9"}],"replies":[{"embeddable":true,"href":"https:\/\/agenciainfra.com\/blog\/wp-json\/wp\/v2\/comments?post=4978"}],"version-history":[{"count":0,"href":"https:\/\/agenciainfra.com\/blog\/wp-json\/wp\/v2\/posts\/4978\/revisions"}],"wp:featuredmedia":[{"embeddable":true,"href":"https:\/\/agenciainfra.com\/blog\/wp-json\/wp\/v2\/media\/4979"}],"wp:attachment":[{"href":"https:\/\/agenciainfra.com\/blog\/wp-json\/wp\/v2\/media?parent=4978"}],"wp:term":[{"taxonomy":"category","embeddable":true,"href":"https:\/\/agenciainfra.com\/blog\/wp-json\/wp\/v2\/categories?post=4978"},{"taxonomy":"post_tag","embeddable":true,"href":"https:\/\/agenciainfra.com\/blog\/wp-json\/wp\/v2\/tags?post=4978"}],"curies":[{"name":"wp","href":"https:\/\/api.w.org\/{rel}","templated":true}]}}