{"id":4997,"date":"2020-06-04T08:00:35","date_gmt":"2020-06-04T11:00:35","guid":{"rendered":"http:\/\/www.agenciainfra.com\/blog\/?p=4997"},"modified":"2020-06-03T17:57:34","modified_gmt":"2020-06-03T20:57:34","slug":"distribuidoras-pedem-aumento-no-emprestimo-da-conta-covid","status":"publish","type":"post","link":"https:\/\/agenciainfra.com\/blog\/distribuidoras-pedem-aumento-no-emprestimo-da-conta-covid\/","title":{"rendered":"Distribuidoras pedem aumento no empr\u00e9stimo da Conta-Covid"},"content":{"rendered":"<h5 style=\"text-align: right;\"><strong>Guilherme Mendes, da Ag\u00eancia iNFRA<\/strong><\/h5>\n<div>\nAs distribuidoras de energia acharam insuficiente o empr\u00e9stimo de at\u00e9 R$ 15,29 bilh\u00f5es para aliviar os efeitos da crise do coronav\u00edrus. Em v\u00e1rias contribui\u00e7\u00f5es feitas \u00e0 consulta p\u00fablica para a resolu\u00e7\u00e3o que regulamentar\u00e1 o financiamento da chamada Conta-Covid, a Abradee (Associa\u00e7\u00e3o Brasileira das Distribuidoras de Energia El\u00e9trica) pediu a flexibiliza\u00e7\u00e3o do teto e que as empresas tenham direito a novas tranches caso necess\u00e1rio.<\/p>\n<p>A consulta p\u00fablica da ANEEL (Ag\u00eancia Nacional de Energia El\u00e9trica) recebeu, no prazo de uma semana, mais de 400 contribui\u00e7\u00f5es para altera\u00e7\u00f5es no texto. O prazo se encerrou na \u00faltima segunda-feira (1\u00ba).<\/p>\n<p>Tanto a Abradee\u00a0quanto as pr\u00f3prias distribuidoras,\u00a0de maneira individual, apresentaram pedidos de flexibiliza\u00e7\u00e3o dos valores da opera\u00e7\u00e3o, permitindo novas tranches de empr\u00e9stimo ao contrato\u00a0\u2013 o que, se aceito pelo regulador, pode gerar uma opera\u00e7\u00e3o maior que os atuais R$ 15,29 bilh\u00f5es.<\/p>\n<p>&#8220;O que se pretende n\u00e3o \u00e9 ter valores maiores que o necess\u00e1rio&#8221;, afirmou o presidente da Abradee, Marcos Madureira. &#8220;Mas eles n\u00e3o podem ser\u00a0valores menores do que aqueles que se tem constatado como impacto da pandemia. Se se pretende que a empresa d\u00ea uma garantia que ficar\u00e1 adimplente e que as distribuidoras deem uma garantia disso com toda a cadeia, \u00e9 importante que existam recursos suficientes para a cobertura desses custos.&#8221;<\/p>\n<p>A \u00edntegra das contribui\u00e7\u00f5es est\u00e1 na p\u00e1gina da consulta publica, no\u00a0<a href=\"https:\/\/agenciainfra.us14.list-manage.com\/track\/click?u=d460dd1bcf9ba0ae040e1fc0f&amp;id=3427e7e4d4&amp;e=c099169394\" target=\"_blank\" rel=\"noopener noreferrer\" data-saferedirecturl=\"https:\/\/www.google.com\/url?q=https:\/\/agenciainfra.us14.list-manage.com\/track\/click?u%3Dd460dd1bcf9ba0ae040e1fc0f%26id%3D3427e7e4d4%26e%3Dc099169394&amp;source=gmail&amp;ust=1591303820369000&amp;usg=AFQjCNFJJzsJio4TREY5DSnuQ9pDpGDEAw\">site da ANEEL<\/a>. As distribuidoras argumentam pela flexibiliza\u00e7\u00e3o da Conta-Covid, com o objetivo de que, caso necess\u00e1rio no futuro, novas divis\u00f5es aos empr\u00e9stimos sejam abertas.<\/p>\n<p>Repetindo o discurso da Abradee, a Enel argumentou em sua contribui\u00e7\u00e3o: &#8220;A\u00a0oportunidade de uma reavalia\u00e7\u00e3o dos pedidos e estimativas \u00e9 prudente para que se defina a necessidade de capta\u00e7\u00e3o de nova tranche ou oportunidade&#8221;, apontou.<\/p>\n<p>A Abradee argumenta que as estimativas\u00a0feitas pela ANEEL\u00a0teriam um elevado grau de incerteza. Com isso, a opera\u00e7\u00e3o deveria ser mais flex\u00edvel em seu dimensionamento inicial e permitir sua expans\u00e3o em caso de necessidade adicional de recursos.<\/p>\n<p>&#8220;Na proposta, n\u00e3o h\u00e1 custo de arrependimento de se captar um valor maior. Havendo oferta no mercado banc\u00e1rio, mesmo que os recursos solicitados inicialmente pelas empresas n\u00e3o sejam utilizados por elas, h\u00e1 medida vantajosa na redu\u00e7\u00e3o dos efeitos financeiros e econ\u00f4micos da sobrecontrata\u00e7\u00e3o&#8221;, aponta uma das contribui\u00e7\u00f5es da associa\u00e7\u00e3o.<\/p>\n<p>A representante das distribuidoras aponta que, em cen\u00e1rio de eventual insufici\u00eancia de recursos, os preju\u00edzos seriam muito maiores ao setor, uma vez que colocariam em risco todo o esfor\u00e7o despendido na operacionaliza\u00e7\u00e3o da Conta-Covid.<\/p>\n<p><strong>Cumprimento de contratos pelas distribuidoras<\/strong><br \/>\nSetores de gera\u00e7\u00e3o e transmiss\u00e3o tamb\u00e9m apresentaram cobran\u00e7as, pressionando a ANEEL a garantir o efetivo cumprimento aos contratos pelas distribuidoras. Um dos pedidos mais frequentes era de que a resolu\u00e7\u00e3o associasse o termo de aceita\u00e7\u00e3o da opera\u00e7\u00e3o \u00e0 impossibilidade de suspens\u00e3o ou redu\u00e7\u00e3o de todos os contratos firmados pelas distribuidoras, n\u00e3o apenas dos chamados CCEARs (Contratos de Comercializa\u00e7\u00e3o de Energia El\u00e9trica no Ambiente Regulado).<\/p>\n<p>Abraceel (Associa\u00e7\u00e3o Brasileira de Comercializadores de Energia El\u00e9trica), Absolar (Associa\u00e7\u00e3o Brasileira de Energia Solar Fotovoltaica), Abee\u00f3lica (Associa\u00e7\u00e3o Brasileira de Energia E\u00f3lica), Eletrobras e Eneva foram algumas das contribuintes a requerer tal mudan\u00e7a.<\/p>\n<p>&#8220;Diferentemente do disposto no\u00a0<a href=\"https:\/\/agenciainfra.us14.list-manage.com\/track\/click?u=d460dd1bcf9ba0ae040e1fc0f&amp;id=ba1b8a46c3&amp;e=c099169394\" target=\"_blank\" rel=\"noopener noreferrer\" data-saferedirecturl=\"https:\/\/www.google.com\/url?q=https:\/\/agenciainfra.us14.list-manage.com\/track\/click?u%3Dd460dd1bcf9ba0ae040e1fc0f%26id%3Dba1b8a46c3%26e%3Dc099169394&amp;source=gmail&amp;ust=1591303820369000&amp;usg=AFQjCNGhbq0ppK0E-snWQpnzIwqYlVhhgA\">Decreto 10.350<\/a>, a minuta de resolu\u00e7\u00e3o especifica apenas CCEARs, o que n\u00e3o incluiria, por exemplo, os contratos bilaterais, criando inseguran\u00e7a jur\u00eddica no setor&#8221;, apontou a Abraceel em sua contribui\u00e7\u00e3o. &#8220;Por isso, \u00e9 preciso adequar a resolu\u00e7\u00e3o ao disposto no decreto para garantir o respeito a todos os contratos, em linha com os princ\u00edpios defendidos pela ANEEL.&#8221;<\/p>\n<p>Furnas aponta que a ANEEL deve ancorar a adimpl\u00eancia das distribuidoras \u00e0s suas obriga\u00e7\u00f5es de compra e venda de energia. &#8220;Em primeiro lugar porque a CDE suportar\u00e1 e lastrear\u00e1 a Conta-Covid\u00a0e as suas opera\u00e7\u00f5es. Assim, ao fim e ao cabo, os repasses recebidos da Conta-Covid\u00a0ser\u00e3o repasses oriundos, mesmo que indiretamente, da CDE&#8221;, apontou o texto enviado pela estatal.<\/p>\n<p>&#8220;Em segundo lugar, a exig\u00eancia de comprova\u00e7\u00e3o pr\u00e9via da adimpl\u00eancia das distribuidoras \u00e9 a medida com maior capacidade de fazer com que o disposto no artigo\u00a02\u00ba, inciso II, do Decreto 10.350\/2020 [relativo \u00e0 impossibilidade da diminui\u00e7\u00e3o de contratos] seja efetivamente respeitado.&#8221;<\/p>\n<p><strong>Mais algumas\u00a0semanas pela frente<\/strong><br \/>\nO alto volume de contribui\u00e7\u00f5es deve inviabilizar a delibera\u00e7\u00e3o pela resolu\u00e7\u00e3o sobre o empr\u00e9stimo em uma semana. &#8220;Improv\u00e1vel que saia na pr\u00f3xima semana&#8221;, afirmou uma fonte \u00e0\u00a0<strong>iNFRA<\/strong>.<\/p>\n<p>H\u00e1 tamb\u00e9m a expectativa de que, como algumas contribui\u00e7\u00f5es tratam do mesmo tema, a consulta p\u00fablica seja analisada por t\u00f3picos e n\u00e3o por contribuintes, como \u00e9 de praxe nas consultas com menor n\u00famero de respostas.<\/p><\/div>\n","protected":false},"excerpt":{"rendered":"<p>Guilherme Mendes, da Ag\u00eancia iNFRA As distribuidoras de energia acharam insuficiente o empr\u00e9stimo de at\u00e9 R$ 15,29 bilh\u00f5es para aliviar os efeitos da crise do coronav\u00edrus. Em v\u00e1rias contribui\u00e7\u00f5es feitas \u00e0 consulta p\u00fablica para a resolu\u00e7\u00e3o que regulamentar\u00e1 o financiamento da chamada Conta-Covid, a Abradee (Associa\u00e7\u00e3o Brasileira das Distribuidoras de Energia El\u00e9trica) pediu a flexibiliza\u00e7\u00e3o [&hellip;]<\/p>\n","protected":false},"author":9,"featured_media":4998,"comment_status":"closed","ping_status":"closed","sticky":false,"template":"","format":"standard","meta":{"_monsterinsights_skip_tracking":false,"_monsterinsights_sitenote_active":false,"_monsterinsights_sitenote_note":"","_monsterinsights_sitenote_category":0,"footnotes":""},"categories":[1,10],"tags":[725,40,494,1385,53,1949,616,1127,1484],"class_list":["post-4997","post","type-post","status-publish","format-standard","has-post-thumbnail","hentry","category-geral","category-infraenergia","tag-abeeolica","tag-abraceel","tag-abradee","tag-absolar","tag-aneel","tag-conta-covid","tag-enel","tag-eneva","tag-marcos-madureira"],"yoast_head":"<!-- This site is optimized with the Yoast SEO Premium plugin v25.4 (Yoast SEO v26.0) - https:\/\/yoast.com\/wordpress\/plugins\/seo\/ -->\n<title>Distribuidoras pedem aumento no empr\u00e9stimo da Conta-Covid - Ag\u00eancia iNFRA<\/title>\n<meta name=\"robots\" content=\"index, follow, max-snippet:-1, max-image-preview:large, max-video-preview:-1\" \/>\n<link rel=\"canonical\" href=\"https:\/\/agenciainfra.com\/blog\/distribuidoras-pedem-aumento-no-emprestimo-da-conta-covid\/\" \/>\n<meta property=\"og:locale\" content=\"pt_BR\" \/>\n<meta property=\"og:type\" content=\"article\" \/>\n<meta property=\"og:title\" content=\"Distribuidoras pedem aumento no empr\u00e9stimo da Conta-Covid\" \/>\n<meta property=\"og:description\" content=\"Guilherme Mendes, da Ag\u00eancia iNFRA As distribuidoras de energia acharam insuficiente o empr\u00e9stimo de at\u00e9 R$ 15,29 bilh\u00f5es para aliviar os efeitos da crise do coronav\u00edrus. Em v\u00e1rias contribui\u00e7\u00f5es feitas \u00e0 consulta p\u00fablica para a resolu\u00e7\u00e3o que regulamentar\u00e1 o financiamento da chamada Conta-Covid, a Abradee (Associa\u00e7\u00e3o Brasileira das Distribuidoras de Energia El\u00e9trica) pediu a flexibiliza\u00e7\u00e3o [&hellip;]\" \/>\n<meta property=\"og:url\" content=\"https:\/\/agenciainfra.com\/blog\/distribuidoras-pedem-aumento-no-emprestimo-da-conta-covid\/\" \/>\n<meta property=\"og:site_name\" content=\"Ag\u00eancia iNFRA\" \/>\n<meta property=\"article:publisher\" content=\"https:\/\/www.facebook.com\/ageninfra\" \/>\n<meta property=\"article:published_time\" content=\"2020-06-04T11:00:35+00:00\" \/>\n<meta property=\"og:image\" content=\"https:\/\/agenciainfra.com\/blog\/wp-content\/uploads\/2020\/06\/energia-eletrica-foto-dominio-publico.jpg\" \/>\n\t<meta property=\"og:image:width\" content=\"1280\" \/>\n\t<meta property=\"og:image:height\" content=\"853\" \/>\n\t<meta property=\"og:image:type\" content=\"image\/jpeg\" \/>\n<meta name=\"author\" content=\"Rodrigo Zuquim\" \/>\n<meta name=\"twitter:card\" content=\"summary_large_image\" \/>\n<meta name=\"twitter:creator\" content=\"@agencia_infra\" \/>\n<meta name=\"twitter:site\" content=\"@agencia_infra\" \/>\n<meta name=\"twitter:label1\" content=\"Escrito por\" \/>\n\t<meta name=\"twitter:data1\" content=\"Rodrigo Zuquim\" \/>\n\t<meta name=\"twitter:label2\" content=\"Est. tempo de leitura\" \/>\n\t<meta name=\"twitter:data2\" content=\"4 minutos\" \/>\n<script type=\"application\/ld+json\" class=\"yoast-schema-graph\">{\"@context\":\"https:\/\/schema.org\",\"@graph\":[{\"@type\":\"Article\",\"@id\":\"https:\/\/agenciainfra.com\/blog\/distribuidoras-pedem-aumento-no-emprestimo-da-conta-covid\/#article\",\"isPartOf\":{\"@id\":\"https:\/\/agenciainfra.com\/blog\/distribuidoras-pedem-aumento-no-emprestimo-da-conta-covid\/\"},\"author\":{\"name\":\"Rodrigo Zuquim\",\"@id\":\"https:\/\/agenciainfra.com\/blog\/#\/schema\/person\/04dbb79bd6d8951f063da71f3e4c1eb1\"},\"headline\":\"Distribuidoras pedem aumento no empr\u00e9stimo da Conta-Covid\",\"datePublished\":\"2020-06-04T11:00:35+00:00\",\"mainEntityOfPage\":{\"@id\":\"https:\/\/agenciainfra.com\/blog\/distribuidoras-pedem-aumento-no-emprestimo-da-conta-covid\/\"},\"wordCount\":827,\"publisher\":{\"@id\":\"https:\/\/agenciainfra.com\/blog\/#organization\"},\"image\":{\"@id\":\"https:\/\/agenciainfra.com\/blog\/distribuidoras-pedem-aumento-no-emprestimo-da-conta-covid\/#primaryimage\"},\"thumbnailUrl\":\"https:\/\/agenciainfra.com\/blog\/wp-content\/uploads\/2020\/06\/energia-eletrica-foto-dominio-publico.jpg\",\"keywords\":[\"abeeolica\",\"Abraceel\",\"Abradee\",\"Absolar\",\"ANEEL\",\"Conta-Covid\",\"Enel\",\"Eneva\",\"Marcos Madureira\"],\"articleSection\":[\"Geral\",\"iNFRAEnergia\"],\"inLanguage\":\"pt-BR\",\"copyrightYear\":\"2020\",\"copyrightHolder\":{\"@id\":\"https:\/\/agenciainfra.com\/blog\/#organization\"}},{\"@type\":\"WebPage\",\"@id\":\"https:\/\/agenciainfra.com\/blog\/distribuidoras-pedem-aumento-no-emprestimo-da-conta-covid\/\",\"url\":\"https:\/\/agenciainfra.com\/blog\/distribuidoras-pedem-aumento-no-emprestimo-da-conta-covid\/\",\"name\":\"Distribuidoras pedem aumento no empr\u00e9stimo da Conta-Covid - Ag\u00eancia iNFRA\",\"isPartOf\":{\"@id\":\"https:\/\/agenciainfra.com\/blog\/#website\"},\"primaryImageOfPage\":{\"@id\":\"https:\/\/agenciainfra.com\/blog\/distribuidoras-pedem-aumento-no-emprestimo-da-conta-covid\/#primaryimage\"},\"image\":{\"@id\":\"https:\/\/agenciainfra.com\/blog\/distribuidoras-pedem-aumento-no-emprestimo-da-conta-covid\/#primaryimage\"},\"thumbnailUrl\":\"https:\/\/agenciainfra.com\/blog\/wp-content\/uploads\/2020\/06\/energia-eletrica-foto-dominio-publico.jpg\",\"datePublished\":\"2020-06-04T11:00:35+00:00\",\"breadcrumb\":{\"@id\":\"https:\/\/agenciainfra.com\/blog\/distribuidoras-pedem-aumento-no-emprestimo-da-conta-covid\/#breadcrumb\"},\"inLanguage\":\"pt-BR\",\"potentialAction\":[{\"@type\":\"ReadAction\",\"target\":[\"https:\/\/agenciainfra.com\/blog\/distribuidoras-pedem-aumento-no-emprestimo-da-conta-covid\/\"]}]},{\"@type\":\"ImageObject\",\"inLanguage\":\"pt-BR\",\"@id\":\"https:\/\/agenciainfra.com\/blog\/distribuidoras-pedem-aumento-no-emprestimo-da-conta-covid\/#primaryimage\",\"url\":\"https:\/\/agenciainfra.com\/blog\/wp-content\/uploads\/2020\/06\/energia-eletrica-foto-dominio-publico.jpg\",\"contentUrl\":\"https:\/\/agenciainfra.com\/blog\/wp-content\/uploads\/2020\/06\/energia-eletrica-foto-dominio-publico.jpg\",\"width\":1280,\"height\":853},{\"@type\":\"BreadcrumbList\",\"@id\":\"https:\/\/agenciainfra.com\/blog\/distribuidoras-pedem-aumento-no-emprestimo-da-conta-covid\/#breadcrumb\",\"itemListElement\":[{\"@type\":\"ListItem\",\"position\":1,\"name\":\"In\u00edcio\",\"item\":\"https:\/\/agenciainfra.com\/blog\/\"},{\"@type\":\"ListItem\",\"position\":2,\"name\":\"Distribuidoras pedem aumento no empr\u00e9stimo da Conta-Covid\"}]},{\"@type\":\"WebSite\",\"@id\":\"https:\/\/agenciainfra.com\/blog\/#website\",\"url\":\"https:\/\/agenciainfra.com\/blog\/\",\"name\":\"Ag\u00eancia iNFRA\",\"description\":\"Multiplataforma de informa\u00e7\u00e3o jornal\u00edstica refer\u00eancia na \u00e1rea de infraestrutura no Brasil!\",\"publisher\":{\"@id\":\"https:\/\/agenciainfra.com\/blog\/#organization\"},\"potentialAction\":[{\"@type\":\"SearchAction\",\"target\":{\"@type\":\"EntryPoint\",\"urlTemplate\":\"https:\/\/agenciainfra.com\/blog\/?s={search_term_string}\"},\"query-input\":{\"@type\":\"PropertyValueSpecification\",\"valueRequired\":true,\"valueName\":\"search_term_string\"}}],\"inLanguage\":\"pt-BR\"},{\"@type\":\"Organization\",\"@id\":\"https:\/\/agenciainfra.com\/blog\/#organization\",\"name\":\"Ag\u00eancia iNFRA\",\"url\":\"https:\/\/agenciainfra.com\/blog\/\",\"logo\":{\"@type\":\"ImageObject\",\"inLanguage\":\"pt-BR\",\"@id\":\"https:\/\/agenciainfra.com\/blog\/#\/schema\/logo\/image\/\",\"url\":\"https:\/\/agenciainfra.com\/blog\/wp-content\/uploads\/2023\/09\/iNFRA_5-e1761735885940.png\",\"contentUrl\":\"https:\/\/agenciainfra.com\/blog\/wp-content\/uploads\/2023\/09\/iNFRA_5-e1761735885940.png\",\"width\":1672,\"height\":454,\"caption\":\"Ag\u00eancia iNFRA\"},\"image\":{\"@id\":\"https:\/\/agenciainfra.com\/blog\/#\/schema\/logo\/image\/\"},\"sameAs\":[\"https:\/\/www.facebook.com\/ageninfra\",\"https:\/\/x.com\/agencia_infra\",\"https:\/\/www.linkedin.com\/company\/ag\u00eanciainfra\/\",\"https:\/\/www.instagram.com\/agenciainfra\/\"]},{\"@type\":\"Person\",\"@id\":\"https:\/\/agenciainfra.com\/blog\/#\/schema\/person\/04dbb79bd6d8951f063da71f3e4c1eb1\",\"name\":\"Rodrigo Zuquim\",\"image\":{\"@type\":\"ImageObject\",\"inLanguage\":\"pt-BR\",\"@id\":\"https:\/\/agenciainfra.com\/blog\/#\/schema\/person\/image\/\",\"url\":\"https:\/\/secure.gravatar.com\/avatar\/594abfe82761d620726242ff34ca472a705a4b97f16c790053a6b4c4035274d0?s=96&d=mm&r=g\",\"contentUrl\":\"https:\/\/secure.gravatar.com\/avatar\/594abfe82761d620726242ff34ca472a705a4b97f16c790053a6b4c4035274d0?s=96&d=mm&r=g\",\"caption\":\"Rodrigo Zuquim\"},\"url\":\"https:\/\/agenciainfra.com\/blog\/author\/rodrigo-zuquim\/\"}]}<\/script>\n<!-- \/ Yoast SEO Premium plugin. -->","yoast_head_json":{"title":"Distribuidoras pedem aumento no empr\u00e9stimo da Conta-Covid - Ag\u00eancia iNFRA","robots":{"index":"index","follow":"follow","max-snippet":"max-snippet:-1","max-image-preview":"max-image-preview:large","max-video-preview":"max-video-preview:-1"},"canonical":"https:\/\/agenciainfra.com\/blog\/distribuidoras-pedem-aumento-no-emprestimo-da-conta-covid\/","og_locale":"pt_BR","og_type":"article","og_title":"Distribuidoras pedem aumento no empr\u00e9stimo da Conta-Covid","og_description":"Guilherme Mendes, da Ag\u00eancia iNFRA As distribuidoras de energia acharam insuficiente o empr\u00e9stimo de at\u00e9 R$ 15,29 bilh\u00f5es para aliviar os efeitos da crise do coronav\u00edrus. Em v\u00e1rias contribui\u00e7\u00f5es feitas \u00e0 consulta p\u00fablica para a resolu\u00e7\u00e3o que regulamentar\u00e1 o financiamento da chamada Conta-Covid, a Abradee (Associa\u00e7\u00e3o Brasileira das Distribuidoras de Energia El\u00e9trica) pediu a flexibiliza\u00e7\u00e3o [&hellip;]","og_url":"https:\/\/agenciainfra.com\/blog\/distribuidoras-pedem-aumento-no-emprestimo-da-conta-covid\/","og_site_name":"Ag\u00eancia iNFRA","article_publisher":"https:\/\/www.facebook.com\/ageninfra","article_published_time":"2020-06-04T11:00:35+00:00","og_image":[{"width":1280,"height":853,"url":"https:\/\/agenciainfra.com\/blog\/wp-content\/uploads\/2020\/06\/energia-eletrica-foto-dominio-publico.jpg","type":"image\/jpeg"}],"author":"Rodrigo Zuquim","twitter_card":"summary_large_image","twitter_creator":"@agencia_infra","twitter_site":"@agencia_infra","twitter_misc":{"Escrito por":"Rodrigo Zuquim","Est. tempo de leitura":"4 minutos"},"schema":{"@context":"https:\/\/schema.org","@graph":[{"@type":"Article","@id":"https:\/\/agenciainfra.com\/blog\/distribuidoras-pedem-aumento-no-emprestimo-da-conta-covid\/#article","isPartOf":{"@id":"https:\/\/agenciainfra.com\/blog\/distribuidoras-pedem-aumento-no-emprestimo-da-conta-covid\/"},"author":{"name":"Rodrigo Zuquim","@id":"https:\/\/agenciainfra.com\/blog\/#\/schema\/person\/04dbb79bd6d8951f063da71f3e4c1eb1"},"headline":"Distribuidoras pedem aumento no empr\u00e9stimo da Conta-Covid","datePublished":"2020-06-04T11:00:35+00:00","mainEntityOfPage":{"@id":"https:\/\/agenciainfra.com\/blog\/distribuidoras-pedem-aumento-no-emprestimo-da-conta-covid\/"},"wordCount":827,"publisher":{"@id":"https:\/\/agenciainfra.com\/blog\/#organization"},"image":{"@id":"https:\/\/agenciainfra.com\/blog\/distribuidoras-pedem-aumento-no-emprestimo-da-conta-covid\/#primaryimage"},"thumbnailUrl":"https:\/\/agenciainfra.com\/blog\/wp-content\/uploads\/2020\/06\/energia-eletrica-foto-dominio-publico.jpg","keywords":["abeeolica","Abraceel","Abradee","Absolar","ANEEL","Conta-Covid","Enel","Eneva","Marcos Madureira"],"articleSection":["Geral","iNFRAEnergia"],"inLanguage":"pt-BR","copyrightYear":"2020","copyrightHolder":{"@id":"https:\/\/agenciainfra.com\/blog\/#organization"}},{"@type":"WebPage","@id":"https:\/\/agenciainfra.com\/blog\/distribuidoras-pedem-aumento-no-emprestimo-da-conta-covid\/","url":"https:\/\/agenciainfra.com\/blog\/distribuidoras-pedem-aumento-no-emprestimo-da-conta-covid\/","name":"Distribuidoras pedem aumento no empr\u00e9stimo da Conta-Covid - Ag\u00eancia iNFRA","isPartOf":{"@id":"https:\/\/agenciainfra.com\/blog\/#website"},"primaryImageOfPage":{"@id":"https:\/\/agenciainfra.com\/blog\/distribuidoras-pedem-aumento-no-emprestimo-da-conta-covid\/#primaryimage"},"image":{"@id":"https:\/\/agenciainfra.com\/blog\/distribuidoras-pedem-aumento-no-emprestimo-da-conta-covid\/#primaryimage"},"thumbnailUrl":"https:\/\/agenciainfra.com\/blog\/wp-content\/uploads\/2020\/06\/energia-eletrica-foto-dominio-publico.jpg","datePublished":"2020-06-04T11:00:35+00:00","breadcrumb":{"@id":"https:\/\/agenciainfra.com\/blog\/distribuidoras-pedem-aumento-no-emprestimo-da-conta-covid\/#breadcrumb"},"inLanguage":"pt-BR","potentialAction":[{"@type":"ReadAction","target":["https:\/\/agenciainfra.com\/blog\/distribuidoras-pedem-aumento-no-emprestimo-da-conta-covid\/"]}]},{"@type":"ImageObject","inLanguage":"pt-BR","@id":"https:\/\/agenciainfra.com\/blog\/distribuidoras-pedem-aumento-no-emprestimo-da-conta-covid\/#primaryimage","url":"https:\/\/agenciainfra.com\/blog\/wp-content\/uploads\/2020\/06\/energia-eletrica-foto-dominio-publico.jpg","contentUrl":"https:\/\/agenciainfra.com\/blog\/wp-content\/uploads\/2020\/06\/energia-eletrica-foto-dominio-publico.jpg","width":1280,"height":853},{"@type":"BreadcrumbList","@id":"https:\/\/agenciainfra.com\/blog\/distribuidoras-pedem-aumento-no-emprestimo-da-conta-covid\/#breadcrumb","itemListElement":[{"@type":"ListItem","position":1,"name":"In\u00edcio","item":"https:\/\/agenciainfra.com\/blog\/"},{"@type":"ListItem","position":2,"name":"Distribuidoras pedem aumento no empr\u00e9stimo da Conta-Covid"}]},{"@type":"WebSite","@id":"https:\/\/agenciainfra.com\/blog\/#website","url":"https:\/\/agenciainfra.com\/blog\/","name":"Ag\u00eancia iNFRA","description":"Multiplataforma de informa\u00e7\u00e3o jornal\u00edstica refer\u00eancia na \u00e1rea de infraestrutura no Brasil!","publisher":{"@id":"https:\/\/agenciainfra.com\/blog\/#organization"},"potentialAction":[{"@type":"SearchAction","target":{"@type":"EntryPoint","urlTemplate":"https:\/\/agenciainfra.com\/blog\/?s={search_term_string}"},"query-input":{"@type":"PropertyValueSpecification","valueRequired":true,"valueName":"search_term_string"}}],"inLanguage":"pt-BR"},{"@type":"Organization","@id":"https:\/\/agenciainfra.com\/blog\/#organization","name":"Ag\u00eancia iNFRA","url":"https:\/\/agenciainfra.com\/blog\/","logo":{"@type":"ImageObject","inLanguage":"pt-BR","@id":"https:\/\/agenciainfra.com\/blog\/#\/schema\/logo\/image\/","url":"https:\/\/agenciainfra.com\/blog\/wp-content\/uploads\/2023\/09\/iNFRA_5-e1761735885940.png","contentUrl":"https:\/\/agenciainfra.com\/blog\/wp-content\/uploads\/2023\/09\/iNFRA_5-e1761735885940.png","width":1672,"height":454,"caption":"Ag\u00eancia iNFRA"},"image":{"@id":"https:\/\/agenciainfra.com\/blog\/#\/schema\/logo\/image\/"},"sameAs":["https:\/\/www.facebook.com\/ageninfra","https:\/\/x.com\/agencia_infra","https:\/\/www.linkedin.com\/company\/ag\u00eanciainfra\/","https:\/\/www.instagram.com\/agenciainfra\/"]},{"@type":"Person","@id":"https:\/\/agenciainfra.com\/blog\/#\/schema\/person\/04dbb79bd6d8951f063da71f3e4c1eb1","name":"Rodrigo Zuquim","image":{"@type":"ImageObject","inLanguage":"pt-BR","@id":"https:\/\/agenciainfra.com\/blog\/#\/schema\/person\/image\/","url":"https:\/\/secure.gravatar.com\/avatar\/594abfe82761d620726242ff34ca472a705a4b97f16c790053a6b4c4035274d0?s=96&d=mm&r=g","contentUrl":"https:\/\/secure.gravatar.com\/avatar\/594abfe82761d620726242ff34ca472a705a4b97f16c790053a6b4c4035274d0?s=96&d=mm&r=g","caption":"Rodrigo Zuquim"},"url":"https:\/\/agenciainfra.com\/blog\/author\/rodrigo-zuquim\/"}]}},"_links":{"self":[{"href":"https:\/\/agenciainfra.com\/blog\/wp-json\/wp\/v2\/posts\/4997","targetHints":{"allow":["GET"]}}],"collection":[{"href":"https:\/\/agenciainfra.com\/blog\/wp-json\/wp\/v2\/posts"}],"about":[{"href":"https:\/\/agenciainfra.com\/blog\/wp-json\/wp\/v2\/types\/post"}],"author":[{"embeddable":true,"href":"https:\/\/agenciainfra.com\/blog\/wp-json\/wp\/v2\/users\/9"}],"replies":[{"embeddable":true,"href":"https:\/\/agenciainfra.com\/blog\/wp-json\/wp\/v2\/comments?post=4997"}],"version-history":[{"count":0,"href":"https:\/\/agenciainfra.com\/blog\/wp-json\/wp\/v2\/posts\/4997\/revisions"}],"wp:featuredmedia":[{"embeddable":true,"href":"https:\/\/agenciainfra.com\/blog\/wp-json\/wp\/v2\/media\/4998"}],"wp:attachment":[{"href":"https:\/\/agenciainfra.com\/blog\/wp-json\/wp\/v2\/media?parent=4997"}],"wp:term":[{"taxonomy":"category","embeddable":true,"href":"https:\/\/agenciainfra.com\/blog\/wp-json\/wp\/v2\/categories?post=4997"},{"taxonomy":"post_tag","embeddable":true,"href":"https:\/\/agenciainfra.com\/blog\/wp-json\/wp\/v2\/tags?post=4997"}],"curies":[{"name":"wp","href":"https:\/\/api.w.org\/{rel}","templated":true}]}}