{"id":5013,"date":"2020-06-06T08:00:10","date_gmt":"2020-06-06T11:00:10","guid":{"rendered":"http:\/\/www.agenciainfra.com\/blog\/?p=5013"},"modified":"2020-06-04T17:42:22","modified_gmt":"2020-06-04T20:42:22","slug":"cade-adia-votacao-de-cobranca-do-sse-thc2-com-relator-indicando-irregularidade-da-cobranca","status":"publish","type":"post","link":"https:\/\/agenciainfra.com\/blog\/cade-adia-votacao-de-cobranca-do-sse-thc2-com-relator-indicando-irregularidade-da-cobranca\/","title":{"rendered":"Cade adia vota\u00e7\u00e3o de cobran\u00e7a do SSE\/THC2 com relator indicando irregularidade da cobran\u00e7a"},"content":{"rendered":"<h5 style=\"text-align: right;\"><strong>Tales Silveira, da\u00a0Ag\u00eancia iNFRA<\/strong><\/h5>\n<p dir=\"ltr\">O Cade (Conselho Administrativo de Defesa Econ\u00f4mica) adiou, na \u00faltima quarta-feira (3), a decis\u00e3o para restabelecer, ou n\u00e3o, a medida preventiva que pro\u00edbe a Embraport, terminal de cont\u00eaineres no Porto de Santos (SP), de realizar cobran\u00e7as do SSE (Servi\u00e7o de Segrega\u00e7\u00e3o e Entrega), tamb\u00e9m chamado de THC2.<\/p>\n<p>O SSE \u00e9 a taxa cobrada por terminais portu\u00e1rios com acesso aos navios para movimentar cont\u00eaineres que v\u00e3o para terminais retroalfandegados. A cobran\u00e7a \u00e9 contestada por esses terminais sem acesso, mas foi considerada legal pela ANTAQ (Ag\u00eancia Nacional de Transportes Aquavi\u00e1rios).<\/p>\n<p>O adiamento se deu por um pedido de vista feito pela conselheira do Cade Lenisa Prado no processo 08700.001984\/2020-12. O conselheiro relator, Mauricio Oscar Bandeira Maia, ainda teve tempo de manifestar seu voto antes do adiamento.<\/p>\n<p>Em seu voto, o relator d\u00e1 provimento ao pedido, feito pela empresa Marimex, terminal retroportu\u00e1rio tamb\u00e9m em Santos (SP),\u00a0determinando o corte imediato da cobran\u00e7a do SSE\/THC2 cobrado pela\u00a0Embraport. A multa di\u00e1ria para o descumprimento de corte de cobran\u00e7a foi estabelecida em R$ 20 mil.<\/p>\n<p>\u201cDetermino a cess\u00e3o imediata, por parte da Embraport, da cobran\u00e7a de valores voltados ao SSE ou de outros valores a t\u00edtulo de supostas despesas adicionais e segrega\u00e7\u00e3o e entrega de cont\u00eaineres a recintos alfandegados independentes na zona de influ\u00eancia do Porto de Santos, inclusive a Marimex\u201d, relatou Maia.<\/p>\n<p>O relator ainda discordou da nota t\u00e9cnica do Cade, emitida em abril deste ano, conforme publicou a\u00a0<strong>Ag\u00eancia iNFRA<\/strong>\u00a0em sua\u00a0<a href=\"https:\/\/agenciainfra.us14.list-manage.com\/track\/click?u=d460dd1bcf9ba0ae040e1fc0f&amp;id=9549787e38&amp;e=c099169394\" target=\"_blank\" rel=\"noopener noreferrer\" data-saferedirecturl=\"https:\/\/www.google.com\/url?q=https:\/\/agenciainfra.us14.list-manage.com\/track\/click?u%3Dd460dd1bcf9ba0ae040e1fc0f%26id%3D9549787e38%26e%3Dc099169394&amp;source=gmail&amp;ust=1591382813951000&amp;usg=AFQjCNGZPsWNMc4K4i2JFdWf0xGnC3WUDw\">edi\u00e7\u00e3o 757<\/a>. Nela ficou entendido\u00a0que a cobran\u00e7a da taxa configurou infra\u00e7\u00e3o \u00e0 ordem econ\u00f4mica at\u00e9 o ano passado, quando a ANTAQ (Ag\u00eancia Nacional de Transportes Aquavi\u00e1rios), editou a Resolu\u00e7\u00e3o 34\/2019 estabelecendo novas regras para esse tipo de cobran\u00e7a. E propunha a regularidade da cobran\u00e7a ap\u00f3s a edi\u00e7\u00e3o da resolu\u00e7\u00e3o.<\/p>\n<p>&#8220;N\u00e3o vislumbro na nova resolu\u00e7\u00e3o da ANTAQ altera\u00e7\u00e3o substancial sobre a natureza do servi\u00e7o analisado e, consequentemente, n\u00e3o a classifico como fato novo capaz de ensejar mudan\u00e7a no entendimento da jurisprud\u00eancia do Cade no sentido de que a cobran\u00e7a dos recintos alfandeg\u00e1rios independentes constitui conduta anticompetitiva&#8221;, disse o relator.<\/p>\n<p><strong>Tentativa de concilia\u00e7\u00e3o<\/strong><br \/>\nRecentemente, a ANTAQ iniciou processo para regulamentar o pre\u00e7o teto dessa cobran\u00e7a, conforme informou a\u00a0<a href=\"https:\/\/agenciainfra.us14.list-manage.com\/track\/click?u=d460dd1bcf9ba0ae040e1fc0f&amp;id=c3c60e3969&amp;e=c099169394\" target=\"_blank\" rel=\"noopener noreferrer\" data-saferedirecturl=\"https:\/\/www.google.com\/url?q=https:\/\/agenciainfra.us14.list-manage.com\/track\/click?u%3Dd460dd1bcf9ba0ae040e1fc0f%26id%3Dc3c60e3969%26e%3Dc099169394&amp;source=gmail&amp;ust=1591382813951000&amp;usg=AFQjCNF8FkvhWaa-XNkftaXBTQWOj184JQ\">edi\u00e7\u00e3o 778<\/a>\u00a0da\u00a0<strong>Ag\u00eancia iNFRA<\/strong>. Havia esperan\u00e7a na ag\u00eancia de que o Cade pudesse convergir para o mesmo entendimento da ag\u00eancia, mas o voto do relator foi em dire\u00e7\u00e3o oposta.<\/p>\n<p>No in\u00edcio da sess\u00e3o, o procurador Walter Angra pediu a palavra, em nome da ProCade (Procuradoria-Geral do Cade), para apresentar observa\u00e7\u00f5es. Em seu pronunciamento, Angra classificou como \u201cfal\u00e1cia\u201d o argumento de que a previs\u00e3o, posta na Resolu\u00e7\u00e3o 34\/2019, de o SSE\/THC2 n\u00e3o estar na cobran\u00e7a do Box Rate \u2013 servi\u00e7o de movimenta\u00e7\u00e3o de cargas \u2013, seria suficiente para justificar a cobran\u00e7a.<\/p>\n<p>Antes do pedido de vista, dois conselheiros votaram em favor do relat\u00f3rio apresentado por Maia. S\u00e3o eles a conselheira Paula Azevedo e o conselheiro Sergio Ravagnani. Faltam os votos dos conselheiros Luiz Augusto Azevedo, Luis Henrique Bertolino e do presidente Alexandre Barreto.<\/p>\n","protected":false},"excerpt":{"rendered":"<p>Tales Silveira, da\u00a0Ag\u00eancia iNFRA O Cade (Conselho Administrativo de Defesa Econ\u00f4mica) adiou, na \u00faltima quarta-feira (3), a decis\u00e3o para restabelecer, ou n\u00e3o, a medida preventiva que pro\u00edbe a Embraport, terminal de cont\u00eaineres no Porto de Santos (SP), de realizar cobran\u00e7as do SSE (Servi\u00e7o de Segrega\u00e7\u00e3o e Entrega), tamb\u00e9m chamado de THC2. O SSE \u00e9 a [&hellip;]<\/p>\n","protected":false},"author":9,"featured_media":5014,"comment_status":"closed","ping_status":"closed","sticky":false,"template":"","format":"standard","meta":{"_monsterinsights_skip_tracking":false,"_monsterinsights_sitenote_active":false,"_monsterinsights_sitenote_note":"","_monsterinsights_sitenote_category":0,"footnotes":""},"categories":[1,7],"tags":[86,371,1719,2064,1718,2063,260,1174,552,2065],"class_list":["post-5013","post","type-post","status-publish","format-standard","has-post-thumbnail","hentry","category-geral","category-infratransporte","tag-antaq","tag-cade","tag-embraport","tag-lenisa-prado","tag-marimex","tag-mauricio-oscar-bandeira-maia","tag-porto-de-santos","tag-servico-de-segregacao-e-entrega","tag-thc2","tag-walter-angra"],"yoast_head":"<!-- This site is optimized with the Yoast SEO Premium plugin v25.4 (Yoast SEO v26.0) - https:\/\/yoast.com\/wordpress\/plugins\/seo\/ -->\n<title>Cade adia vota\u00e7\u00e3o de cobran\u00e7a do SSE\/THC2 com relator indicando irregularidade da cobran\u00e7a - Ag\u00eancia iNFRA<\/title>\n<meta name=\"robots\" content=\"index, follow, max-snippet:-1, max-image-preview:large, max-video-preview:-1\" \/>\n<link rel=\"canonical\" href=\"https:\/\/agenciainfra.com\/blog\/cade-adia-votacao-de-cobranca-do-sse-thc2-com-relator-indicando-irregularidade-da-cobranca\/\" \/>\n<meta property=\"og:locale\" content=\"pt_BR\" \/>\n<meta property=\"og:type\" content=\"article\" \/>\n<meta property=\"og:title\" content=\"Cade adia vota\u00e7\u00e3o de cobran\u00e7a do SSE\/THC2 com relator indicando irregularidade da cobran\u00e7a\" \/>\n<meta property=\"og:description\" content=\"Tales Silveira, da\u00a0Ag\u00eancia iNFRA O Cade (Conselho Administrativo de Defesa Econ\u00f4mica) adiou, na \u00faltima quarta-feira (3), a decis\u00e3o para restabelecer, ou n\u00e3o, a medida preventiva que pro\u00edbe a Embraport, terminal de cont\u00eaineres no Porto de Santos (SP), de realizar cobran\u00e7as do SSE (Servi\u00e7o de Segrega\u00e7\u00e3o e Entrega), tamb\u00e9m chamado de THC2. O SSE \u00e9 a [&hellip;]\" \/>\n<meta property=\"og:url\" content=\"https:\/\/agenciainfra.com\/blog\/cade-adia-votacao-de-cobranca-do-sse-thc2-com-relator-indicando-irregularidade-da-cobranca\/\" \/>\n<meta property=\"og:site_name\" content=\"Ag\u00eancia iNFRA\" \/>\n<meta property=\"article:publisher\" content=\"https:\/\/www.facebook.com\/ageninfra\" \/>\n<meta property=\"article:published_time\" content=\"2020-06-06T11:00:10+00:00\" \/>\n<meta property=\"og:image\" content=\"https:\/\/agenciainfra.com\/blog\/wp-content\/uploads\/2020\/06\/cade-sede-foto-cade.png\" \/>\n\t<meta property=\"og:image:width\" content=\"738\" \/>\n\t<meta property=\"og:image:height\" content=\"366\" \/>\n\t<meta property=\"og:image:type\" content=\"image\/png\" \/>\n<meta name=\"author\" content=\"Rodrigo Zuquim\" \/>\n<meta name=\"twitter:card\" content=\"summary_large_image\" \/>\n<meta name=\"twitter:creator\" content=\"@agencia_infra\" \/>\n<meta name=\"twitter:site\" content=\"@agencia_infra\" \/>\n<meta name=\"twitter:label1\" content=\"Escrito por\" \/>\n\t<meta name=\"twitter:data1\" content=\"Rodrigo Zuquim\" \/>\n\t<meta name=\"twitter:label2\" content=\"Est. tempo de leitura\" \/>\n\t<meta name=\"twitter:data2\" content=\"3 minutos\" \/>\n<script type=\"application\/ld+json\" class=\"yoast-schema-graph\">{\"@context\":\"https:\/\/schema.org\",\"@graph\":[{\"@type\":\"Article\",\"@id\":\"https:\/\/agenciainfra.com\/blog\/cade-adia-votacao-de-cobranca-do-sse-thc2-com-relator-indicando-irregularidade-da-cobranca\/#article\",\"isPartOf\":{\"@id\":\"https:\/\/agenciainfra.com\/blog\/cade-adia-votacao-de-cobranca-do-sse-thc2-com-relator-indicando-irregularidade-da-cobranca\/\"},\"author\":{\"name\":\"Rodrigo Zuquim\",\"@id\":\"https:\/\/agenciainfra.com\/blog\/#\/schema\/person\/04dbb79bd6d8951f063da71f3e4c1eb1\"},\"headline\":\"Cade adia vota\u00e7\u00e3o de cobran\u00e7a do SSE\/THC2 com relator indicando irregularidade da cobran\u00e7a\",\"datePublished\":\"2020-06-06T11:00:10+00:00\",\"mainEntityOfPage\":{\"@id\":\"https:\/\/agenciainfra.com\/blog\/cade-adia-votacao-de-cobranca-do-sse-thc2-com-relator-indicando-irregularidade-da-cobranca\/\"},\"wordCount\":574,\"publisher\":{\"@id\":\"https:\/\/agenciainfra.com\/blog\/#organization\"},\"image\":{\"@id\":\"https:\/\/agenciainfra.com\/blog\/cade-adia-votacao-de-cobranca-do-sse-thc2-com-relator-indicando-irregularidade-da-cobranca\/#primaryimage\"},\"thumbnailUrl\":\"https:\/\/agenciainfra.com\/blog\/wp-content\/uploads\/2020\/06\/cade-sede-foto-cade.png\",\"keywords\":[\"ANTAQ\",\"Cade\",\"Embraport\",\"Lenisa Prado\",\"Marimex\",\"Mauricio Oscar Bandeira Maia\",\"Porto de Santos\",\"Servi\u00e7o de Segrega\u00e7\u00e3o e Entrega\",\"THC2\",\"Walter Angra\"],\"articleSection\":[\"Geral\",\"iNFRATransporte\"],\"inLanguage\":\"pt-BR\",\"copyrightYear\":\"2020\",\"copyrightHolder\":{\"@id\":\"https:\/\/agenciainfra.com\/blog\/#organization\"}},{\"@type\":\"WebPage\",\"@id\":\"https:\/\/agenciainfra.com\/blog\/cade-adia-votacao-de-cobranca-do-sse-thc2-com-relator-indicando-irregularidade-da-cobranca\/\",\"url\":\"https:\/\/agenciainfra.com\/blog\/cade-adia-votacao-de-cobranca-do-sse-thc2-com-relator-indicando-irregularidade-da-cobranca\/\",\"name\":\"Cade adia vota\u00e7\u00e3o de cobran\u00e7a do SSE\/THC2 com relator indicando irregularidade da cobran\u00e7a - Ag\u00eancia iNFRA\",\"isPartOf\":{\"@id\":\"https:\/\/agenciainfra.com\/blog\/#website\"},\"primaryImageOfPage\":{\"@id\":\"https:\/\/agenciainfra.com\/blog\/cade-adia-votacao-de-cobranca-do-sse-thc2-com-relator-indicando-irregularidade-da-cobranca\/#primaryimage\"},\"image\":{\"@id\":\"https:\/\/agenciainfra.com\/blog\/cade-adia-votacao-de-cobranca-do-sse-thc2-com-relator-indicando-irregularidade-da-cobranca\/#primaryimage\"},\"thumbnailUrl\":\"https:\/\/agenciainfra.com\/blog\/wp-content\/uploads\/2020\/06\/cade-sede-foto-cade.png\",\"datePublished\":\"2020-06-06T11:00:10+00:00\",\"breadcrumb\":{\"@id\":\"https:\/\/agenciainfra.com\/blog\/cade-adia-votacao-de-cobranca-do-sse-thc2-com-relator-indicando-irregularidade-da-cobranca\/#breadcrumb\"},\"inLanguage\":\"pt-BR\",\"potentialAction\":[{\"@type\":\"ReadAction\",\"target\":[\"https:\/\/agenciainfra.com\/blog\/cade-adia-votacao-de-cobranca-do-sse-thc2-com-relator-indicando-irregularidade-da-cobranca\/\"]}]},{\"@type\":\"ImageObject\",\"inLanguage\":\"pt-BR\",\"@id\":\"https:\/\/agenciainfra.com\/blog\/cade-adia-votacao-de-cobranca-do-sse-thc2-com-relator-indicando-irregularidade-da-cobranca\/#primaryimage\",\"url\":\"https:\/\/agenciainfra.com\/blog\/wp-content\/uploads\/2020\/06\/cade-sede-foto-cade.png\",\"contentUrl\":\"https:\/\/agenciainfra.com\/blog\/wp-content\/uploads\/2020\/06\/cade-sede-foto-cade.png\",\"width\":738,\"height\":366,\"caption\":\"Foto: Divulga\u00e7\u00e3o Cade\"},{\"@type\":\"BreadcrumbList\",\"@id\":\"https:\/\/agenciainfra.com\/blog\/cade-adia-votacao-de-cobranca-do-sse-thc2-com-relator-indicando-irregularidade-da-cobranca\/#breadcrumb\",\"itemListElement\":[{\"@type\":\"ListItem\",\"position\":1,\"name\":\"In\u00edcio\",\"item\":\"https:\/\/agenciainfra.com\/blog\/\"},{\"@type\":\"ListItem\",\"position\":2,\"name\":\"Cade adia vota\u00e7\u00e3o de cobran\u00e7a do SSE\/THC2 com relator indicando irregularidade da cobran\u00e7a\"}]},{\"@type\":\"WebSite\",\"@id\":\"https:\/\/agenciainfra.com\/blog\/#website\",\"url\":\"https:\/\/agenciainfra.com\/blog\/\",\"name\":\"Ag\u00eancia iNFRA\",\"description\":\"Multiplataforma de informa\u00e7\u00e3o jornal\u00edstica refer\u00eancia na \u00e1rea de infraestrutura no Brasil!\",\"publisher\":{\"@id\":\"https:\/\/agenciainfra.com\/blog\/#organization\"},\"potentialAction\":[{\"@type\":\"SearchAction\",\"target\":{\"@type\":\"EntryPoint\",\"urlTemplate\":\"https:\/\/agenciainfra.com\/blog\/?s={search_term_string}\"},\"query-input\":{\"@type\":\"PropertyValueSpecification\",\"valueRequired\":true,\"valueName\":\"search_term_string\"}}],\"inLanguage\":\"pt-BR\"},{\"@type\":\"Organization\",\"@id\":\"https:\/\/agenciainfra.com\/blog\/#organization\",\"name\":\"Ag\u00eancia iNFRA\",\"url\":\"https:\/\/agenciainfra.com\/blog\/\",\"logo\":{\"@type\":\"ImageObject\",\"inLanguage\":\"pt-BR\",\"@id\":\"https:\/\/agenciainfra.com\/blog\/#\/schema\/logo\/image\/\",\"url\":\"https:\/\/agenciainfra.com\/blog\/wp-content\/uploads\/2023\/09\/iNFRA_5-e1761735885940.png\",\"contentUrl\":\"https:\/\/agenciainfra.com\/blog\/wp-content\/uploads\/2023\/09\/iNFRA_5-e1761735885940.png\",\"width\":1672,\"height\":454,\"caption\":\"Ag\u00eancia iNFRA\"},\"image\":{\"@id\":\"https:\/\/agenciainfra.com\/blog\/#\/schema\/logo\/image\/\"},\"sameAs\":[\"https:\/\/www.facebook.com\/ageninfra\",\"https:\/\/x.com\/agencia_infra\",\"https:\/\/www.linkedin.com\/company\/ag\u00eanciainfra\/\",\"https:\/\/www.instagram.com\/agenciainfra\/\"]},{\"@type\":\"Person\",\"@id\":\"https:\/\/agenciainfra.com\/blog\/#\/schema\/person\/04dbb79bd6d8951f063da71f3e4c1eb1\",\"name\":\"Rodrigo Zuquim\",\"image\":{\"@type\":\"ImageObject\",\"inLanguage\":\"pt-BR\",\"@id\":\"https:\/\/agenciainfra.com\/blog\/#\/schema\/person\/image\/\",\"url\":\"https:\/\/secure.gravatar.com\/avatar\/594abfe82761d620726242ff34ca472a705a4b97f16c790053a6b4c4035274d0?s=96&d=mm&r=g\",\"contentUrl\":\"https:\/\/secure.gravatar.com\/avatar\/594abfe82761d620726242ff34ca472a705a4b97f16c790053a6b4c4035274d0?s=96&d=mm&r=g\",\"caption\":\"Rodrigo Zuquim\"},\"url\":\"https:\/\/agenciainfra.com\/blog\/author\/rodrigo-zuquim\/\"}]}<\/script>\n<!-- \/ Yoast SEO Premium plugin. -->","yoast_head_json":{"title":"Cade adia vota\u00e7\u00e3o de cobran\u00e7a do SSE\/THC2 com relator indicando irregularidade da cobran\u00e7a - Ag\u00eancia iNFRA","robots":{"index":"index","follow":"follow","max-snippet":"max-snippet:-1","max-image-preview":"max-image-preview:large","max-video-preview":"max-video-preview:-1"},"canonical":"https:\/\/agenciainfra.com\/blog\/cade-adia-votacao-de-cobranca-do-sse-thc2-com-relator-indicando-irregularidade-da-cobranca\/","og_locale":"pt_BR","og_type":"article","og_title":"Cade adia vota\u00e7\u00e3o de cobran\u00e7a do SSE\/THC2 com relator indicando irregularidade da cobran\u00e7a","og_description":"Tales Silveira, da\u00a0Ag\u00eancia iNFRA O Cade (Conselho Administrativo de Defesa Econ\u00f4mica) adiou, na \u00faltima quarta-feira (3), a decis\u00e3o para restabelecer, ou n\u00e3o, a medida preventiva que pro\u00edbe a Embraport, terminal de cont\u00eaineres no Porto de Santos (SP), de realizar cobran\u00e7as do SSE (Servi\u00e7o de Segrega\u00e7\u00e3o e Entrega), tamb\u00e9m chamado de THC2. O SSE \u00e9 a [&hellip;]","og_url":"https:\/\/agenciainfra.com\/blog\/cade-adia-votacao-de-cobranca-do-sse-thc2-com-relator-indicando-irregularidade-da-cobranca\/","og_site_name":"Ag\u00eancia iNFRA","article_publisher":"https:\/\/www.facebook.com\/ageninfra","article_published_time":"2020-06-06T11:00:10+00:00","og_image":[{"width":738,"height":366,"url":"https:\/\/agenciainfra.com\/blog\/wp-content\/uploads\/2020\/06\/cade-sede-foto-cade.png","type":"image\/png"}],"author":"Rodrigo Zuquim","twitter_card":"summary_large_image","twitter_creator":"@agencia_infra","twitter_site":"@agencia_infra","twitter_misc":{"Escrito por":"Rodrigo Zuquim","Est. tempo de leitura":"3 minutos"},"schema":{"@context":"https:\/\/schema.org","@graph":[{"@type":"Article","@id":"https:\/\/agenciainfra.com\/blog\/cade-adia-votacao-de-cobranca-do-sse-thc2-com-relator-indicando-irregularidade-da-cobranca\/#article","isPartOf":{"@id":"https:\/\/agenciainfra.com\/blog\/cade-adia-votacao-de-cobranca-do-sse-thc2-com-relator-indicando-irregularidade-da-cobranca\/"},"author":{"name":"Rodrigo Zuquim","@id":"https:\/\/agenciainfra.com\/blog\/#\/schema\/person\/04dbb79bd6d8951f063da71f3e4c1eb1"},"headline":"Cade adia vota\u00e7\u00e3o de cobran\u00e7a do SSE\/THC2 com relator indicando irregularidade da cobran\u00e7a","datePublished":"2020-06-06T11:00:10+00:00","mainEntityOfPage":{"@id":"https:\/\/agenciainfra.com\/blog\/cade-adia-votacao-de-cobranca-do-sse-thc2-com-relator-indicando-irregularidade-da-cobranca\/"},"wordCount":574,"publisher":{"@id":"https:\/\/agenciainfra.com\/blog\/#organization"},"image":{"@id":"https:\/\/agenciainfra.com\/blog\/cade-adia-votacao-de-cobranca-do-sse-thc2-com-relator-indicando-irregularidade-da-cobranca\/#primaryimage"},"thumbnailUrl":"https:\/\/agenciainfra.com\/blog\/wp-content\/uploads\/2020\/06\/cade-sede-foto-cade.png","keywords":["ANTAQ","Cade","Embraport","Lenisa Prado","Marimex","Mauricio Oscar Bandeira Maia","Porto de Santos","Servi\u00e7o de Segrega\u00e7\u00e3o e Entrega","THC2","Walter Angra"],"articleSection":["Geral","iNFRATransporte"],"inLanguage":"pt-BR","copyrightYear":"2020","copyrightHolder":{"@id":"https:\/\/agenciainfra.com\/blog\/#organization"}},{"@type":"WebPage","@id":"https:\/\/agenciainfra.com\/blog\/cade-adia-votacao-de-cobranca-do-sse-thc2-com-relator-indicando-irregularidade-da-cobranca\/","url":"https:\/\/agenciainfra.com\/blog\/cade-adia-votacao-de-cobranca-do-sse-thc2-com-relator-indicando-irregularidade-da-cobranca\/","name":"Cade adia vota\u00e7\u00e3o de cobran\u00e7a do SSE\/THC2 com relator indicando irregularidade da cobran\u00e7a - Ag\u00eancia iNFRA","isPartOf":{"@id":"https:\/\/agenciainfra.com\/blog\/#website"},"primaryImageOfPage":{"@id":"https:\/\/agenciainfra.com\/blog\/cade-adia-votacao-de-cobranca-do-sse-thc2-com-relator-indicando-irregularidade-da-cobranca\/#primaryimage"},"image":{"@id":"https:\/\/agenciainfra.com\/blog\/cade-adia-votacao-de-cobranca-do-sse-thc2-com-relator-indicando-irregularidade-da-cobranca\/#primaryimage"},"thumbnailUrl":"https:\/\/agenciainfra.com\/blog\/wp-content\/uploads\/2020\/06\/cade-sede-foto-cade.png","datePublished":"2020-06-06T11:00:10+00:00","breadcrumb":{"@id":"https:\/\/agenciainfra.com\/blog\/cade-adia-votacao-de-cobranca-do-sse-thc2-com-relator-indicando-irregularidade-da-cobranca\/#breadcrumb"},"inLanguage":"pt-BR","potentialAction":[{"@type":"ReadAction","target":["https:\/\/agenciainfra.com\/blog\/cade-adia-votacao-de-cobranca-do-sse-thc2-com-relator-indicando-irregularidade-da-cobranca\/"]}]},{"@type":"ImageObject","inLanguage":"pt-BR","@id":"https:\/\/agenciainfra.com\/blog\/cade-adia-votacao-de-cobranca-do-sse-thc2-com-relator-indicando-irregularidade-da-cobranca\/#primaryimage","url":"https:\/\/agenciainfra.com\/blog\/wp-content\/uploads\/2020\/06\/cade-sede-foto-cade.png","contentUrl":"https:\/\/agenciainfra.com\/blog\/wp-content\/uploads\/2020\/06\/cade-sede-foto-cade.png","width":738,"height":366,"caption":"Foto: Divulga\u00e7\u00e3o Cade"},{"@type":"BreadcrumbList","@id":"https:\/\/agenciainfra.com\/blog\/cade-adia-votacao-de-cobranca-do-sse-thc2-com-relator-indicando-irregularidade-da-cobranca\/#breadcrumb","itemListElement":[{"@type":"ListItem","position":1,"name":"In\u00edcio","item":"https:\/\/agenciainfra.com\/blog\/"},{"@type":"ListItem","position":2,"name":"Cade adia vota\u00e7\u00e3o de cobran\u00e7a do SSE\/THC2 com relator indicando irregularidade da cobran\u00e7a"}]},{"@type":"WebSite","@id":"https:\/\/agenciainfra.com\/blog\/#website","url":"https:\/\/agenciainfra.com\/blog\/","name":"Ag\u00eancia iNFRA","description":"Multiplataforma de informa\u00e7\u00e3o jornal\u00edstica refer\u00eancia na \u00e1rea de infraestrutura no Brasil!","publisher":{"@id":"https:\/\/agenciainfra.com\/blog\/#organization"},"potentialAction":[{"@type":"SearchAction","target":{"@type":"EntryPoint","urlTemplate":"https:\/\/agenciainfra.com\/blog\/?s={search_term_string}"},"query-input":{"@type":"PropertyValueSpecification","valueRequired":true,"valueName":"search_term_string"}}],"inLanguage":"pt-BR"},{"@type":"Organization","@id":"https:\/\/agenciainfra.com\/blog\/#organization","name":"Ag\u00eancia iNFRA","url":"https:\/\/agenciainfra.com\/blog\/","logo":{"@type":"ImageObject","inLanguage":"pt-BR","@id":"https:\/\/agenciainfra.com\/blog\/#\/schema\/logo\/image\/","url":"https:\/\/agenciainfra.com\/blog\/wp-content\/uploads\/2023\/09\/iNFRA_5-e1761735885940.png","contentUrl":"https:\/\/agenciainfra.com\/blog\/wp-content\/uploads\/2023\/09\/iNFRA_5-e1761735885940.png","width":1672,"height":454,"caption":"Ag\u00eancia iNFRA"},"image":{"@id":"https:\/\/agenciainfra.com\/blog\/#\/schema\/logo\/image\/"},"sameAs":["https:\/\/www.facebook.com\/ageninfra","https:\/\/x.com\/agencia_infra","https:\/\/www.linkedin.com\/company\/ag\u00eanciainfra\/","https:\/\/www.instagram.com\/agenciainfra\/"]},{"@type":"Person","@id":"https:\/\/agenciainfra.com\/blog\/#\/schema\/person\/04dbb79bd6d8951f063da71f3e4c1eb1","name":"Rodrigo Zuquim","image":{"@type":"ImageObject","inLanguage":"pt-BR","@id":"https:\/\/agenciainfra.com\/blog\/#\/schema\/person\/image\/","url":"https:\/\/secure.gravatar.com\/avatar\/594abfe82761d620726242ff34ca472a705a4b97f16c790053a6b4c4035274d0?s=96&d=mm&r=g","contentUrl":"https:\/\/secure.gravatar.com\/avatar\/594abfe82761d620726242ff34ca472a705a4b97f16c790053a6b4c4035274d0?s=96&d=mm&r=g","caption":"Rodrigo Zuquim"},"url":"https:\/\/agenciainfra.com\/blog\/author\/rodrigo-zuquim\/"}]}},"_links":{"self":[{"href":"https:\/\/agenciainfra.com\/blog\/wp-json\/wp\/v2\/posts\/5013","targetHints":{"allow":["GET"]}}],"collection":[{"href":"https:\/\/agenciainfra.com\/blog\/wp-json\/wp\/v2\/posts"}],"about":[{"href":"https:\/\/agenciainfra.com\/blog\/wp-json\/wp\/v2\/types\/post"}],"author":[{"embeddable":true,"href":"https:\/\/agenciainfra.com\/blog\/wp-json\/wp\/v2\/users\/9"}],"replies":[{"embeddable":true,"href":"https:\/\/agenciainfra.com\/blog\/wp-json\/wp\/v2\/comments?post=5013"}],"version-history":[{"count":0,"href":"https:\/\/agenciainfra.com\/blog\/wp-json\/wp\/v2\/posts\/5013\/revisions"}],"wp:featuredmedia":[{"embeddable":true,"href":"https:\/\/agenciainfra.com\/blog\/wp-json\/wp\/v2\/media\/5014"}],"wp:attachment":[{"href":"https:\/\/agenciainfra.com\/blog\/wp-json\/wp\/v2\/media?parent=5013"}],"wp:term":[{"taxonomy":"category","embeddable":true,"href":"https:\/\/agenciainfra.com\/blog\/wp-json\/wp\/v2\/categories?post=5013"},{"taxonomy":"post_tag","embeddable":true,"href":"https:\/\/agenciainfra.com\/blog\/wp-json\/wp\/v2\/tags?post=5013"}],"curies":[{"name":"wp","href":"https:\/\/api.w.org\/{rel}","templated":true}]}}