{"id":5034,"date":"2020-06-08T09:00:26","date_gmt":"2020-06-08T12:00:26","guid":{"rendered":"https:\/\/www.agenciainfra.com\/blog\/?p=5034"},"modified":"2020-06-08T07:57:59","modified_gmt":"2020-06-08T10:57:59","slug":"e-hoje-infralive-com-o-ministro-da-infraestrutura-tarcisio-de-freitas","status":"publish","type":"post","link":"https:\/\/agenciainfra.com\/blog\/e-hoje-infralive-com-o-ministro-da-infraestrutura-tarcisio-de-freitas\/","title":{"rendered":"\u00c9 hoje: iNFRALive com o ministro da Infraestrutura, Tarc\u00edsio de Freitas"},"content":{"rendered":"<h5 style=\"text-align: right;\"><strong>da Ag\u00eancia iNFRA<\/strong><\/h5>\n<p>O ministro da Infraestrutura Tarc\u00edsio de Freitas ser\u00e1 o convidado do iNFRALive, entrevista ao vivo com transmiss\u00e3o a partir das 17h30 no canal da <strong>Ag\u00eancia iNFRA<\/strong> no Youtube. Assista abaixo:<\/p>\n<p><iframe src=\"https:\/\/www.youtube.com\/embed\/-gT03HxbJPk\" width=\"560\" height=\"315\" frameborder=\"0\" allowfullscreen=\"allowfullscreen\"><\/iframe><\/p>\n<p>O ministro responder\u00e1 a perguntas dos jornalista da <strong>Ag\u00eancia iNFRA<\/strong> sobre a retomada do setor de infraestrutura p\u00f3s-pandemia e como ser\u00e1 a atua\u00e7\u00e3o do governo em rela\u00e7\u00e3o ao desenvolvimento das a\u00e7\u00f5es necess\u00e1rias.<\/p>\n<p>Tarc\u00edsio de Freitas \u00e9 engenheiro formado pelo IME (Instituto Militar de Engenharia). Ele deixou o Ex\u00e9rcito no posto de capit\u00e3o para trabalhar na Controladoria-Geral da Uni\u00e3o. \u00c9 consultor legislativo concursado da C\u00e2mara dos Deputados.<\/p>\n<p>No governo, foi diretor-executivo do DNIT (Departamento Nacional de Infraestrutura de Transportes) e secret\u00e1rio do PPI (Programa de Parcerias de Investimentos). Desde 2019 \u00e9 o ministro da Infraestrutura do governo Jair Bolsonaro.<\/p>\n<div>Freitas vai falar sobre os principais impactos da pandemia no setor e dos planos do governo para que a infraestrutura possa alavancar a retomada do crescimento do pa\u00eds nos pr\u00f3ximos anos. O evento tem previs\u00e3o de durar cerca de uma hora.<\/div>\n","protected":false},"excerpt":{"rendered":"<p>da Ag\u00eancia iNFRA O ministro da Infraestrutura Tarc\u00edsio de Freitas ser\u00e1 o convidado do iNFRALive, entrevista ao vivo com transmiss\u00e3o a partir das 17h30 no canal da Ag\u00eancia iNFRA no Youtube. Assista abaixo: O ministro responder\u00e1 a perguntas dos jornalista da Ag\u00eancia iNFRA sobre a retomada do setor de infraestrutura p\u00f3s-pandemia e como ser\u00e1 a [&hellip;]<\/p>\n","protected":false},"author":9,"featured_media":5035,"comment_status":"closed","ping_status":"closed","sticky":false,"template":"","format":"standard","meta":{"_monsterinsights_skip_tracking":false,"_monsterinsights_sitenote_active":false,"_monsterinsights_sitenote_note":"","_monsterinsights_sitenote_category":0,"footnotes":""},"categories":[1,2053],"tags":[34,2100,775,2101,448],"class_list":["post-5034","post","type-post","status-publish","format-standard","has-post-thumbnail","hentry","category-geral","category-infraliveventos","tag-infraestrutura","tag-infralive","tag-ministerio-da-infraestrutura","tag-pos-pandemia","tag-tarcisio-de-freitas"],"yoast_head":"<!-- This site is optimized with the Yoast SEO Premium plugin v25.4 (Yoast SEO v26.0) - https:\/\/yoast.com\/wordpress\/plugins\/seo\/ -->\n<title>\u00c9 hoje: iNFRALive com o ministro da Infraestrutura, Tarc\u00edsio de Freitas - Ag\u00eancia iNFRA<\/title>\n<meta name=\"robots\" content=\"index, follow, max-snippet:-1, max-image-preview:large, max-video-preview:-1\" \/>\n<link rel=\"canonical\" href=\"https:\/\/agenciainfra.com\/blog\/e-hoje-infralive-com-o-ministro-da-infraestrutura-tarcisio-de-freitas\/\" \/>\n<meta property=\"og:locale\" content=\"pt_BR\" \/>\n<meta property=\"og:type\" content=\"article\" \/>\n<meta property=\"og:title\" content=\"\u00c9 hoje: iNFRALive com o ministro da Infraestrutura, Tarc\u00edsio de Freitas\" \/>\n<meta property=\"og:description\" content=\"da Ag\u00eancia iNFRA O ministro da Infraestrutura Tarc\u00edsio de Freitas ser\u00e1 o convidado do iNFRALive, entrevista ao vivo com transmiss\u00e3o a partir das 17h30 no canal da Ag\u00eancia iNFRA no Youtube. Assista abaixo: O ministro responder\u00e1 a perguntas dos jornalista da Ag\u00eancia iNFRA sobre a retomada do setor de infraestrutura p\u00f3s-pandemia e como ser\u00e1 a [&hellip;]\" \/>\n<meta property=\"og:url\" content=\"https:\/\/agenciainfra.com\/blog\/e-hoje-infralive-com-o-ministro-da-infraestrutura-tarcisio-de-freitas\/\" \/>\n<meta property=\"og:site_name\" content=\"Ag\u00eancia iNFRA\" \/>\n<meta property=\"article:publisher\" content=\"https:\/\/www.facebook.com\/ageninfra\" \/>\n<meta property=\"article:published_time\" content=\"2020-06-08T12:00:26+00:00\" \/>\n<meta property=\"og:image\" content=\"https:\/\/agenciainfra.com\/blog\/wp-content\/uploads\/2020\/06\/tarcisio-de-freitas-foto-ricardo-botelho-minfra.jpg\" \/>\n\t<meta property=\"og:image:width\" content=\"1280\" \/>\n\t<meta property=\"og:image:height\" content=\"853\" \/>\n\t<meta property=\"og:image:type\" content=\"image\/jpeg\" \/>\n<meta name=\"author\" content=\"Rodrigo Zuquim\" \/>\n<meta name=\"twitter:card\" content=\"summary_large_image\" \/>\n<meta name=\"twitter:creator\" content=\"@agencia_infra\" \/>\n<meta name=\"twitter:site\" content=\"@agencia_infra\" \/>\n<meta name=\"twitter:label1\" content=\"Escrito por\" \/>\n\t<meta name=\"twitter:data1\" content=\"Rodrigo Zuquim\" \/>\n\t<meta name=\"twitter:label2\" content=\"Est. tempo de leitura\" \/>\n\t<meta name=\"twitter:data2\" content=\"1 minuto\" \/>\n<script type=\"application\/ld+json\" class=\"yoast-schema-graph\">{\"@context\":\"https:\/\/schema.org\",\"@graph\":[{\"@type\":\"Article\",\"@id\":\"https:\/\/agenciainfra.com\/blog\/e-hoje-infralive-com-o-ministro-da-infraestrutura-tarcisio-de-freitas\/#article\",\"isPartOf\":{\"@id\":\"https:\/\/agenciainfra.com\/blog\/e-hoje-infralive-com-o-ministro-da-infraestrutura-tarcisio-de-freitas\/\"},\"author\":{\"name\":\"Rodrigo Zuquim\",\"@id\":\"https:\/\/agenciainfra.com\/blog\/#\/schema\/person\/04dbb79bd6d8951f063da71f3e4c1eb1\"},\"headline\":\"\u00c9 hoje: iNFRALive com o ministro da Infraestrutura, Tarc\u00edsio de Freitas\",\"datePublished\":\"2020-06-08T12:00:26+00:00\",\"mainEntityOfPage\":{\"@id\":\"https:\/\/agenciainfra.com\/blog\/e-hoje-infralive-com-o-ministro-da-infraestrutura-tarcisio-de-freitas\/\"},\"wordCount\":198,\"publisher\":{\"@id\":\"https:\/\/agenciainfra.com\/blog\/#organization\"},\"image\":{\"@id\":\"https:\/\/agenciainfra.com\/blog\/e-hoje-infralive-com-o-ministro-da-infraestrutura-tarcisio-de-freitas\/#primaryimage\"},\"thumbnailUrl\":\"https:\/\/agenciainfra.com\/blog\/wp-content\/uploads\/2020\/06\/tarcisio-de-freitas-foto-ricardo-botelho-minfra.jpg\",\"keywords\":[\"Infraestrutura\",\"iNFRALive\",\"Minist\u00e9rio da Infraestrutura\",\"p\u00f3s-pandemia\",\"Tarc\u00edsio de Freitas\"],\"articleSection\":[\"Geral\",\"iNFRALive e Eventos\"],\"inLanguage\":\"pt-BR\",\"copyrightYear\":\"2020\",\"copyrightHolder\":{\"@id\":\"https:\/\/agenciainfra.com\/blog\/#organization\"}},{\"@type\":\"WebPage\",\"@id\":\"https:\/\/agenciainfra.com\/blog\/e-hoje-infralive-com-o-ministro-da-infraestrutura-tarcisio-de-freitas\/\",\"url\":\"https:\/\/agenciainfra.com\/blog\/e-hoje-infralive-com-o-ministro-da-infraestrutura-tarcisio-de-freitas\/\",\"name\":\"\u00c9 hoje: iNFRALive com o ministro da Infraestrutura, Tarc\u00edsio de Freitas - Ag\u00eancia iNFRA\",\"isPartOf\":{\"@id\":\"https:\/\/agenciainfra.com\/blog\/#website\"},\"primaryImageOfPage\":{\"@id\":\"https:\/\/agenciainfra.com\/blog\/e-hoje-infralive-com-o-ministro-da-infraestrutura-tarcisio-de-freitas\/#primaryimage\"},\"image\":{\"@id\":\"https:\/\/agenciainfra.com\/blog\/e-hoje-infralive-com-o-ministro-da-infraestrutura-tarcisio-de-freitas\/#primaryimage\"},\"thumbnailUrl\":\"https:\/\/agenciainfra.com\/blog\/wp-content\/uploads\/2020\/06\/tarcisio-de-freitas-foto-ricardo-botelho-minfra.jpg\",\"datePublished\":\"2020-06-08T12:00:26+00:00\",\"breadcrumb\":{\"@id\":\"https:\/\/agenciainfra.com\/blog\/e-hoje-infralive-com-o-ministro-da-infraestrutura-tarcisio-de-freitas\/#breadcrumb\"},\"inLanguage\":\"pt-BR\",\"potentialAction\":[{\"@type\":\"ReadAction\",\"target\":[\"https:\/\/agenciainfra.com\/blog\/e-hoje-infralive-com-o-ministro-da-infraestrutura-tarcisio-de-freitas\/\"]}]},{\"@type\":\"ImageObject\",\"inLanguage\":\"pt-BR\",\"@id\":\"https:\/\/agenciainfra.com\/blog\/e-hoje-infralive-com-o-ministro-da-infraestrutura-tarcisio-de-freitas\/#primaryimage\",\"url\":\"https:\/\/agenciainfra.com\/blog\/wp-content\/uploads\/2020\/06\/tarcisio-de-freitas-foto-ricardo-botelho-minfra.jpg\",\"contentUrl\":\"https:\/\/agenciainfra.com\/blog\/wp-content\/uploads\/2020\/06\/tarcisio-de-freitas-foto-ricardo-botelho-minfra.jpg\",\"width\":1280,\"height\":853},{\"@type\":\"BreadcrumbList\",\"@id\":\"https:\/\/agenciainfra.com\/blog\/e-hoje-infralive-com-o-ministro-da-infraestrutura-tarcisio-de-freitas\/#breadcrumb\",\"itemListElement\":[{\"@type\":\"ListItem\",\"position\":1,\"name\":\"In\u00edcio\",\"item\":\"https:\/\/agenciainfra.com\/blog\/\"},{\"@type\":\"ListItem\",\"position\":2,\"name\":\"\u00c9 hoje: iNFRALive com o ministro da Infraestrutura, Tarc\u00edsio de Freitas\"}]},{\"@type\":\"WebSite\",\"@id\":\"https:\/\/agenciainfra.com\/blog\/#website\",\"url\":\"https:\/\/agenciainfra.com\/blog\/\",\"name\":\"Ag\u00eancia iNFRA\",\"description\":\"Multiplataforma de informa\u00e7\u00e3o jornal\u00edstica refer\u00eancia na \u00e1rea de infraestrutura no Brasil!\",\"publisher\":{\"@id\":\"https:\/\/agenciainfra.com\/blog\/#organization\"},\"potentialAction\":[{\"@type\":\"SearchAction\",\"target\":{\"@type\":\"EntryPoint\",\"urlTemplate\":\"https:\/\/agenciainfra.com\/blog\/?s={search_term_string}\"},\"query-input\":{\"@type\":\"PropertyValueSpecification\",\"valueRequired\":true,\"valueName\":\"search_term_string\"}}],\"inLanguage\":\"pt-BR\"},{\"@type\":\"Organization\",\"@id\":\"https:\/\/agenciainfra.com\/blog\/#organization\",\"name\":\"Ag\u00eancia iNFRA\",\"url\":\"https:\/\/agenciainfra.com\/blog\/\",\"logo\":{\"@type\":\"ImageObject\",\"inLanguage\":\"pt-BR\",\"@id\":\"https:\/\/agenciainfra.com\/blog\/#\/schema\/logo\/image\/\",\"url\":\"https:\/\/agenciainfra.com\/blog\/wp-content\/uploads\/2023\/09\/iNFRA_5-e1761735885940.png\",\"contentUrl\":\"https:\/\/agenciainfra.com\/blog\/wp-content\/uploads\/2023\/09\/iNFRA_5-e1761735885940.png\",\"width\":1672,\"height\":454,\"caption\":\"Ag\u00eancia iNFRA\"},\"image\":{\"@id\":\"https:\/\/agenciainfra.com\/blog\/#\/schema\/logo\/image\/\"},\"sameAs\":[\"https:\/\/www.facebook.com\/ageninfra\",\"https:\/\/x.com\/agencia_infra\",\"https:\/\/www.linkedin.com\/company\/ag\u00eanciainfra\/\",\"https:\/\/www.instagram.com\/agenciainfra\/\"]},{\"@type\":\"Person\",\"@id\":\"https:\/\/agenciainfra.com\/blog\/#\/schema\/person\/04dbb79bd6d8951f063da71f3e4c1eb1\",\"name\":\"Rodrigo Zuquim\",\"image\":{\"@type\":\"ImageObject\",\"inLanguage\":\"pt-BR\",\"@id\":\"https:\/\/agenciainfra.com\/blog\/#\/schema\/person\/image\/\",\"url\":\"https:\/\/secure.gravatar.com\/avatar\/594abfe82761d620726242ff34ca472a705a4b97f16c790053a6b4c4035274d0?s=96&d=mm&r=g\",\"contentUrl\":\"https:\/\/secure.gravatar.com\/avatar\/594abfe82761d620726242ff34ca472a705a4b97f16c790053a6b4c4035274d0?s=96&d=mm&r=g\",\"caption\":\"Rodrigo Zuquim\"},\"url\":\"https:\/\/agenciainfra.com\/blog\/author\/rodrigo-zuquim\/\"}]}<\/script>\n<!-- \/ Yoast SEO Premium plugin. -->","yoast_head_json":{"title":"\u00c9 hoje: iNFRALive com o ministro da Infraestrutura, Tarc\u00edsio de Freitas - Ag\u00eancia iNFRA","robots":{"index":"index","follow":"follow","max-snippet":"max-snippet:-1","max-image-preview":"max-image-preview:large","max-video-preview":"max-video-preview:-1"},"canonical":"https:\/\/agenciainfra.com\/blog\/e-hoje-infralive-com-o-ministro-da-infraestrutura-tarcisio-de-freitas\/","og_locale":"pt_BR","og_type":"article","og_title":"\u00c9 hoje: iNFRALive com o ministro da Infraestrutura, Tarc\u00edsio de Freitas","og_description":"da Ag\u00eancia iNFRA O ministro da Infraestrutura Tarc\u00edsio de Freitas ser\u00e1 o convidado do iNFRALive, entrevista ao vivo com transmiss\u00e3o a partir das 17h30 no canal da Ag\u00eancia iNFRA no Youtube. Assista abaixo: O ministro responder\u00e1 a perguntas dos jornalista da Ag\u00eancia iNFRA sobre a retomada do setor de infraestrutura p\u00f3s-pandemia e como ser\u00e1 a [&hellip;]","og_url":"https:\/\/agenciainfra.com\/blog\/e-hoje-infralive-com-o-ministro-da-infraestrutura-tarcisio-de-freitas\/","og_site_name":"Ag\u00eancia iNFRA","article_publisher":"https:\/\/www.facebook.com\/ageninfra","article_published_time":"2020-06-08T12:00:26+00:00","og_image":[{"width":1280,"height":853,"url":"https:\/\/agenciainfra.com\/blog\/wp-content\/uploads\/2020\/06\/tarcisio-de-freitas-foto-ricardo-botelho-minfra.jpg","type":"image\/jpeg"}],"author":"Rodrigo Zuquim","twitter_card":"summary_large_image","twitter_creator":"@agencia_infra","twitter_site":"@agencia_infra","twitter_misc":{"Escrito por":"Rodrigo Zuquim","Est. tempo de leitura":"1 minuto"},"schema":{"@context":"https:\/\/schema.org","@graph":[{"@type":"Article","@id":"https:\/\/agenciainfra.com\/blog\/e-hoje-infralive-com-o-ministro-da-infraestrutura-tarcisio-de-freitas\/#article","isPartOf":{"@id":"https:\/\/agenciainfra.com\/blog\/e-hoje-infralive-com-o-ministro-da-infraestrutura-tarcisio-de-freitas\/"},"author":{"name":"Rodrigo Zuquim","@id":"https:\/\/agenciainfra.com\/blog\/#\/schema\/person\/04dbb79bd6d8951f063da71f3e4c1eb1"},"headline":"\u00c9 hoje: iNFRALive com o ministro da Infraestrutura, Tarc\u00edsio de Freitas","datePublished":"2020-06-08T12:00:26+00:00","mainEntityOfPage":{"@id":"https:\/\/agenciainfra.com\/blog\/e-hoje-infralive-com-o-ministro-da-infraestrutura-tarcisio-de-freitas\/"},"wordCount":198,"publisher":{"@id":"https:\/\/agenciainfra.com\/blog\/#organization"},"image":{"@id":"https:\/\/agenciainfra.com\/blog\/e-hoje-infralive-com-o-ministro-da-infraestrutura-tarcisio-de-freitas\/#primaryimage"},"thumbnailUrl":"https:\/\/agenciainfra.com\/blog\/wp-content\/uploads\/2020\/06\/tarcisio-de-freitas-foto-ricardo-botelho-minfra.jpg","keywords":["Infraestrutura","iNFRALive","Minist\u00e9rio da Infraestrutura","p\u00f3s-pandemia","Tarc\u00edsio de Freitas"],"articleSection":["Geral","iNFRALive e Eventos"],"inLanguage":"pt-BR","copyrightYear":"2020","copyrightHolder":{"@id":"https:\/\/agenciainfra.com\/blog\/#organization"}},{"@type":"WebPage","@id":"https:\/\/agenciainfra.com\/blog\/e-hoje-infralive-com-o-ministro-da-infraestrutura-tarcisio-de-freitas\/","url":"https:\/\/agenciainfra.com\/blog\/e-hoje-infralive-com-o-ministro-da-infraestrutura-tarcisio-de-freitas\/","name":"\u00c9 hoje: iNFRALive com o ministro da Infraestrutura, Tarc\u00edsio de Freitas - Ag\u00eancia iNFRA","isPartOf":{"@id":"https:\/\/agenciainfra.com\/blog\/#website"},"primaryImageOfPage":{"@id":"https:\/\/agenciainfra.com\/blog\/e-hoje-infralive-com-o-ministro-da-infraestrutura-tarcisio-de-freitas\/#primaryimage"},"image":{"@id":"https:\/\/agenciainfra.com\/blog\/e-hoje-infralive-com-o-ministro-da-infraestrutura-tarcisio-de-freitas\/#primaryimage"},"thumbnailUrl":"https:\/\/agenciainfra.com\/blog\/wp-content\/uploads\/2020\/06\/tarcisio-de-freitas-foto-ricardo-botelho-minfra.jpg","datePublished":"2020-06-08T12:00:26+00:00","breadcrumb":{"@id":"https:\/\/agenciainfra.com\/blog\/e-hoje-infralive-com-o-ministro-da-infraestrutura-tarcisio-de-freitas\/#breadcrumb"},"inLanguage":"pt-BR","potentialAction":[{"@type":"ReadAction","target":["https:\/\/agenciainfra.com\/blog\/e-hoje-infralive-com-o-ministro-da-infraestrutura-tarcisio-de-freitas\/"]}]},{"@type":"ImageObject","inLanguage":"pt-BR","@id":"https:\/\/agenciainfra.com\/blog\/e-hoje-infralive-com-o-ministro-da-infraestrutura-tarcisio-de-freitas\/#primaryimage","url":"https:\/\/agenciainfra.com\/blog\/wp-content\/uploads\/2020\/06\/tarcisio-de-freitas-foto-ricardo-botelho-minfra.jpg","contentUrl":"https:\/\/agenciainfra.com\/blog\/wp-content\/uploads\/2020\/06\/tarcisio-de-freitas-foto-ricardo-botelho-minfra.jpg","width":1280,"height":853},{"@type":"BreadcrumbList","@id":"https:\/\/agenciainfra.com\/blog\/e-hoje-infralive-com-o-ministro-da-infraestrutura-tarcisio-de-freitas\/#breadcrumb","itemListElement":[{"@type":"ListItem","position":1,"name":"In\u00edcio","item":"https:\/\/agenciainfra.com\/blog\/"},{"@type":"ListItem","position":2,"name":"\u00c9 hoje: iNFRALive com o ministro da Infraestrutura, Tarc\u00edsio de Freitas"}]},{"@type":"WebSite","@id":"https:\/\/agenciainfra.com\/blog\/#website","url":"https:\/\/agenciainfra.com\/blog\/","name":"Ag\u00eancia iNFRA","description":"Multiplataforma de informa\u00e7\u00e3o jornal\u00edstica refer\u00eancia na \u00e1rea de infraestrutura no Brasil!","publisher":{"@id":"https:\/\/agenciainfra.com\/blog\/#organization"},"potentialAction":[{"@type":"SearchAction","target":{"@type":"EntryPoint","urlTemplate":"https:\/\/agenciainfra.com\/blog\/?s={search_term_string}"},"query-input":{"@type":"PropertyValueSpecification","valueRequired":true,"valueName":"search_term_string"}}],"inLanguage":"pt-BR"},{"@type":"Organization","@id":"https:\/\/agenciainfra.com\/blog\/#organization","name":"Ag\u00eancia iNFRA","url":"https:\/\/agenciainfra.com\/blog\/","logo":{"@type":"ImageObject","inLanguage":"pt-BR","@id":"https:\/\/agenciainfra.com\/blog\/#\/schema\/logo\/image\/","url":"https:\/\/agenciainfra.com\/blog\/wp-content\/uploads\/2023\/09\/iNFRA_5-e1761735885940.png","contentUrl":"https:\/\/agenciainfra.com\/blog\/wp-content\/uploads\/2023\/09\/iNFRA_5-e1761735885940.png","width":1672,"height":454,"caption":"Ag\u00eancia iNFRA"},"image":{"@id":"https:\/\/agenciainfra.com\/blog\/#\/schema\/logo\/image\/"},"sameAs":["https:\/\/www.facebook.com\/ageninfra","https:\/\/x.com\/agencia_infra","https:\/\/www.linkedin.com\/company\/ag\u00eanciainfra\/","https:\/\/www.instagram.com\/agenciainfra\/"]},{"@type":"Person","@id":"https:\/\/agenciainfra.com\/blog\/#\/schema\/person\/04dbb79bd6d8951f063da71f3e4c1eb1","name":"Rodrigo Zuquim","image":{"@type":"ImageObject","inLanguage":"pt-BR","@id":"https:\/\/agenciainfra.com\/blog\/#\/schema\/person\/image\/","url":"https:\/\/secure.gravatar.com\/avatar\/594abfe82761d620726242ff34ca472a705a4b97f16c790053a6b4c4035274d0?s=96&d=mm&r=g","contentUrl":"https:\/\/secure.gravatar.com\/avatar\/594abfe82761d620726242ff34ca472a705a4b97f16c790053a6b4c4035274d0?s=96&d=mm&r=g","caption":"Rodrigo Zuquim"},"url":"https:\/\/agenciainfra.com\/blog\/author\/rodrigo-zuquim\/"}]}},"_links":{"self":[{"href":"https:\/\/agenciainfra.com\/blog\/wp-json\/wp\/v2\/posts\/5034","targetHints":{"allow":["GET"]}}],"collection":[{"href":"https:\/\/agenciainfra.com\/blog\/wp-json\/wp\/v2\/posts"}],"about":[{"href":"https:\/\/agenciainfra.com\/blog\/wp-json\/wp\/v2\/types\/post"}],"author":[{"embeddable":true,"href":"https:\/\/agenciainfra.com\/blog\/wp-json\/wp\/v2\/users\/9"}],"replies":[{"embeddable":true,"href":"https:\/\/agenciainfra.com\/blog\/wp-json\/wp\/v2\/comments?post=5034"}],"version-history":[{"count":0,"href":"https:\/\/agenciainfra.com\/blog\/wp-json\/wp\/v2\/posts\/5034\/revisions"}],"wp:featuredmedia":[{"embeddable":true,"href":"https:\/\/agenciainfra.com\/blog\/wp-json\/wp\/v2\/media\/5035"}],"wp:attachment":[{"href":"https:\/\/agenciainfra.com\/blog\/wp-json\/wp\/v2\/media?parent=5034"}],"wp:term":[{"taxonomy":"category","embeddable":true,"href":"https:\/\/agenciainfra.com\/blog\/wp-json\/wp\/v2\/categories?post=5034"},{"taxonomy":"post_tag","embeddable":true,"href":"https:\/\/agenciainfra.com\/blog\/wp-json\/wp\/v2\/tags?post=5034"}],"curies":[{"name":"wp","href":"https:\/\/api.w.org\/{rel}","templated":true}]}}