{"id":5072,"date":"2020-06-09T08:00:44","date_gmt":"2020-06-09T11:00:44","guid":{"rendered":"https:\/\/www.agenciainfra.com\/blog\/?p=5072"},"modified":"2020-06-09T09:48:52","modified_gmt":"2020-06-09T12:48:52","slug":"pandemia-acelera-modernizacao-de-relogios-medidores-de-distribuidoras","status":"publish","type":"post","link":"https:\/\/agenciainfra.com\/blog\/pandemia-acelera-modernizacao-de-relogios-medidores-de-distribuidoras\/","title":{"rendered":"Pandemia acelera moderniza\u00e7\u00e3o de rel\u00f3gios medidores de distribuidoras"},"content":{"rendered":"<h5 style=\"text-align: right;\"><strong>Guilherme Mendes, da Ag\u00eancia iNFRA<\/strong><\/h5>\n<div>\n<p>A pandemia de Covid-19 e a restri\u00e7\u00e3o na circula\u00e7\u00e3o das equipes de companhias de distribui\u00e7\u00e3o\u00a0nas ruas pode representar um novo incentivo para que o setor de distribui\u00e7\u00e3o promova a digitaliza\u00e7\u00e3o dos seus rel\u00f3gios medidores.<\/p>\n<p>O tema entrou em foco novamente ap\u00f3s a\u00a0<a href=\"https:\/\/agenciainfra.us14.list-manage.com\/track\/click?u=d460dd1bcf9ba0ae040e1fc0f&amp;id=c00e9bd558&amp;e=c099169394\" target=\"_blank\" rel=\"noopener noreferrer\" data-saferedirecturl=\"https:\/\/www.google.com\/url?q=https:\/\/agenciainfra.us14.list-manage.com\/track\/click?u%3Dd460dd1bcf9ba0ae040e1fc0f%26id%3Dc00e9bd558%26e%3Dc099169394&amp;source=gmail&amp;ust=1591712426905000&amp;usg=AFQjCNG--eA9gdQA8NAioJc-H1R_lQL_Ow\">Resolu\u00e7\u00e3o Normativa 878\u00a0<\/a>da ANEEL (Ag\u00eancia Nacional de Energia El\u00e9trica), publicada no final de mar\u00e7o. Entre as medidas voltadas \u00e0 prote\u00e7\u00e3o dos trabalhadores do setor el\u00e9trico, h\u00e1 a previs\u00e3o de que, enquanto durar a pandemia, as distribuidoras possam optar por mandar seus leituristas aferirem medi\u00e7\u00f5es em hor\u00e1rios alternativos, ou simplesmente n\u00e3o envi\u00e1-los.<\/p>\n<p>Para o setor, h\u00e1 otimismo com a digitaliza\u00e7\u00e3o da medi\u00e7\u00e3o, que refletiria numa nova maneira de solucionar problemas de distribui\u00e7\u00e3o e poderia auxiliar no planejamento estrat\u00e9gico de centros urbanos. H\u00e1, por\u00e9m, o sentimento de que tal mudan\u00e7a n\u00e3o pode ocorrer sem uma nova racionalidade sobre as tarifas cobradas.<\/p>\n<p><strong>Avan\u00e7o hist\u00f3rico<\/strong><br \/>\n&#8220;As companhias de distribui\u00e7\u00e3o de energia el\u00e9trica foram as primeiras concession\u00e1rias de servi\u00e7o p\u00fablico a implementar solu\u00e7\u00f5es de telemetria, no in\u00edcio deste s\u00e9culo&#8221;, lembrou o gerente da CAS Tecnologia, Octavio Brasil, que completou: &#8220;Na \u00e9poca, n\u00e3o se imaginava que, vinte anos depois, seria \u00fatil para auxiliar no combate a uma pandemia como esta&#8221;.<\/p>\n<p>Segundo o diretor, esse adiantamento se mostra presente at\u00e9 hoje: por ter sido um dos primeiros a serem privatizados, hoje o setor de distribui\u00e7\u00e3o el\u00e9trica \u00e9 o mais preparado em termos de telemetria de rede. Empresas de g\u00e1s est\u00e3o, segundo Brasil, no est\u00e1gio intermedi\u00e1rio entre a dianteira tomada pelas distribuidoras de\u00a0energia e no est\u00e1gio ainda inicial da telemetria para a distribui\u00e7\u00e3o de \u00e1gua.<\/p>\n<p>Dentro do setor el\u00e9trico, de acordo com o diretor, a pandemia fez com que empresas interessadas adotassem ritmos distintos \u2013 h\u00e1 as conservadoras, que diminu\u00edram investimentos durante a pandemia, e as que impulsionaram a discuss\u00e3o interna sobre a digitaliza\u00e7\u00e3o.\u00a0Em qualquer caso, a moderniza\u00e7\u00e3o na rede, aposta ele, viria junto com uma retomada na confian\u00e7a sobre o investimento ap\u00f3s o pico da pandemia.<\/p>\n<p>Os benef\u00edcios para a sociedade iriam al\u00e9m da menor exposi\u00e7\u00e3o de t\u00e9cnicos das companhias em campo. &#8220;O objetivo principal nem \u00e9 esse, porque n\u00e3o justificaria implementar uma rede inteligente para isso&#8221;, apontou Brasil. &#8220;H\u00e1 uma s\u00e9rie de an\u00e1lises que podem ser feitas com uma medi\u00e7\u00e3o constante: quando uma concession\u00e1ria percebe que h\u00e1 uma demanda crescente em determinada regi\u00e3o, h\u00e1 a chance de se fazer um trabalho preventivo para garantir o atendimento&#8221;, exemplificou.<\/p>\n<p>Para as distribuidoras que j\u00e1 investem nesse sentido, a pandemia trouxe um incentivo \u00e0 proposta. &#8220;Seguindo uma l\u00f3gica de investimento prudente, como pede a ANEEL, e seguindo uma estrat\u00e9gia de digitaliza\u00e7\u00e3o, estamos h\u00e1 v\u00e1rios anos expandindo nossa miss\u00e3o inteligente&#8221;, afirmou\u00a0Heron Fontana, que\u00a0\u00e9\u00a0superintendente de smart grids da Neoenergia. &#8220;Neste momento de pandemia, se refor\u00e7a ainda mais essa estrat\u00e9gia, sem mud\u00e1-la.&#8221;<\/p>\n<p><strong>Restabelecimento mais r\u00e1pido do fornecimento<\/strong><br \/>\nO esfor\u00e7o atual da Neoenergia, comenta, prioriza grandes clientes e clientes livres, depois clientes comerciais industriais, al\u00e9m do combate a perdas n\u00e3o t\u00e9cnicas, no caso fraude ou roubo de energia. Os pontos positivos do investimento seriam grandes. &#8220;H\u00e1 benef\u00edcios para seus consumidores e benef\u00edcios para a sociedade. Para consumidores, \u00e9 uma qualidade de energia \u2013 esse cliente n\u00e3o precisa, por exemplo, ligar para informar que h\u00e1 falta de energia&#8221;, explicou Fontana.<\/p>\n<p>Uma queda na energia gera um aviso direto \u00e0 central da distribuidora, ao mesmo tempo que uma ordem de servi\u00e7o autom\u00e1tica \u00e9 encaminhada \u00e0 equipe de atendimento, reduzindo o tempo necess\u00e1rio para que o fornecimento seja restabelecido.<\/p>\n<p>A redu\u00e7\u00e3o de perdas n\u00e3o t\u00e9cnicas tamb\u00e9m seria uma forma de tarifas mais justas. &#8220;Hoje quem paga pela fraude, pelo roubo de energia, s\u00e3o os consumidores que pagam pela conta regularmente. Eles t\u00eam de pagar tamb\u00e9m pela energia fraudada ou roubada do sistema interligado&#8221;, disse o superintendente.<\/p>\n<p><strong>Quem vem primeiro: o\u00a0aparelho, ou a tarifa nova?<\/strong><br \/>\nEntre os consumidores, a renova\u00e7\u00e3o tecnol\u00f3gica \u00e9 bem-vinda, mas n\u00e3o pode ser a \u00fanica revolu\u00e7\u00e3o a ser tratada. &#8220;N\u00e3o faz sentido, simplesmente, trocarmos os medidores por algum motivo de moderniza\u00e7\u00e3o, com o \u00fanico objetivo de acesso remoto, se dentro da ANEEL, n\u00e3o se trabalhar com a moderniza\u00e7\u00e3o das tarifas&#8221;, ressaltou Victor Iocca, que \u00e9 gerente de energia el\u00e9trica da Abrace (Associa\u00e7\u00e3o dos Grandes Consumidores de\u00a0Energia\u00a0e Consumidores Livres).<\/p>\n<p>Iocca lembra do alto custo em se modernizar um ativo t\u00e3o numeroso:\u00a0&#8220;Estamos falando de 70 milh\u00f5es a 80 milh\u00f5es de unidades consumidoras&#8221;.<\/p>\n<p>O gerente da Abrace\u00a0enxerga que a troca dos aparelhos \u00e9 positiva para a sociedade, abrindo diversas oportunidades de consumo e planejamento de energia: &#8220;Do ponto de vista do consumidor, a moderniza\u00e7\u00e3o \u00e9 muito interessante sim&#8221;, comentou.<\/p>\n<p>O melhor seria, por\u00e9m, n\u00e3o a moderniza\u00e7\u00e3o do maquin\u00e1rio, mas sim da pr\u00f3pria tarifa de energia. &#8220;Se migrarmos para um sistema de tarifas modernas\u00a0e din\u00e2micas, que sinaliza quanto\u00a0custa a energia e a demanda de pot\u00eancia em um per\u00edodo espec\u00edfico, obviamente precisaremos de um medidor mais moderno&#8221;.<\/p>\n<p>Segundo o diretor, as\u00a0primeiras discuss\u00f5es dentro do ambiente regulat\u00f3rio para a moderniza\u00e7\u00e3o tarif\u00e1ria, n\u00e3o colocariam o Brasil em um ambiente de destaque, mas sim tirariam o atraso promovido por um c\u00e1lculo que considerou defasado. &#8220;A nossa moderniza\u00e7\u00e3o de tarifas seria uma atualiza\u00e7\u00e3o de tarifas para outros pa\u00edses, e iremos nos atualizar frente \u00e0 maior parte do mercado&#8221;, definiu.<\/p>\n<p>Heron Fontana, da Neoenergia, ressalta a import\u00e2ncia de que as duas discuss\u00f5es corram juntas. &#8220;Para termos tarifas mais temporais e locacionais, precisamos de um sistema inteligente&#8221;, respondeu. &#8220;Mas por que precisamos ter tamb\u00e9m uma tarifa inteligente? Para se ter mais efici\u00eancia no consumo, para uma resposta melhor \u00e0 demanda, e de recursos energ\u00e9ticos distribu\u00eddos&#8221;. A Neoenergia ressalta, por\u00e9m, que isso \u00e9 uma discuss\u00e3o que deve ser travada dentro da ANEEL.<\/p>\n<\/div>\n","protected":false},"excerpt":{"rendered":"<p>Guilherme Mendes, da Ag\u00eancia iNFRA A pandemia de Covid-19 e a restri\u00e7\u00e3o na circula\u00e7\u00e3o das equipes de companhias de distribui\u00e7\u00e3o\u00a0nas ruas pode representar um novo incentivo para que o setor de distribui\u00e7\u00e3o promova a digitaliza\u00e7\u00e3o dos seus rel\u00f3gios medidores. O tema entrou em foco novamente ap\u00f3s a\u00a0Resolu\u00e7\u00e3o Normativa 878\u00a0da ANEEL (Ag\u00eancia Nacional de Energia El\u00e9trica), [&hellip;]<\/p>\n","protected":false},"author":9,"featured_media":5073,"comment_status":"closed","ping_status":"closed","sticky":false,"template":"","format":"standard","meta":{"_monsterinsights_skip_tracking":false,"_monsterinsights_sitenote_active":false,"_monsterinsights_sitenote_note":"","_monsterinsights_sitenote_category":0,"footnotes":""},"categories":[1,10],"tags":[41,53,2105,1758,1759,1082,2107,593,2106,1936,2103,2104,2108],"class_list":["post-5072","post","type-post","status-publish","format-standard","has-post-thumbnail","hentry","category-geral","category-infraenergia","tag-abrace","tag-aneel","tag-cas-tecnologia","tag-coronavirus","tag-covid-19","tag-distribuicao-de-energia","tag-heron-fontana","tag-neoenergia","tag-octavio-brasil","tag-pandemia","tag-relogios-medidores","tag-resolucao-normativa-878","tag-victor-iocca"],"yoast_head":"<!-- This site is optimized with the Yoast SEO Premium plugin v25.4 (Yoast SEO v26.0) - https:\/\/yoast.com\/wordpress\/plugins\/seo\/ -->\n<title>Pandemia acelera moderniza\u00e7\u00e3o de rel\u00f3gios medidores de distribuidoras - Ag\u00eancia iNFRA<\/title>\n<meta name=\"robots\" content=\"index, follow, max-snippet:-1, max-image-preview:large, max-video-preview:-1\" \/>\n<link rel=\"canonical\" href=\"https:\/\/agenciainfra.com\/blog\/pandemia-acelera-modernizacao-de-relogios-medidores-de-distribuidoras\/\" \/>\n<meta property=\"og:locale\" content=\"pt_BR\" \/>\n<meta property=\"og:type\" content=\"article\" \/>\n<meta property=\"og:title\" content=\"Pandemia acelera moderniza\u00e7\u00e3o de rel\u00f3gios medidores de distribuidoras\" \/>\n<meta property=\"og:description\" content=\"Guilherme Mendes, da Ag\u00eancia iNFRA A pandemia de Covid-19 e a restri\u00e7\u00e3o na circula\u00e7\u00e3o das equipes de companhias de distribui\u00e7\u00e3o\u00a0nas ruas pode representar um novo incentivo para que o setor de distribui\u00e7\u00e3o promova a digitaliza\u00e7\u00e3o dos seus rel\u00f3gios medidores. O tema entrou em foco novamente ap\u00f3s a\u00a0Resolu\u00e7\u00e3o Normativa 878\u00a0da ANEEL (Ag\u00eancia Nacional de Energia El\u00e9trica), [&hellip;]\" \/>\n<meta property=\"og:url\" content=\"https:\/\/agenciainfra.com\/blog\/pandemia-acelera-modernizacao-de-relogios-medidores-de-distribuidoras\/\" \/>\n<meta property=\"og:site_name\" content=\"Ag\u00eancia iNFRA\" \/>\n<meta property=\"article:publisher\" content=\"https:\/\/www.facebook.com\/ageninfra\" \/>\n<meta property=\"article:published_time\" content=\"2020-06-09T11:00:44+00:00\" \/>\n<meta property=\"article:modified_time\" content=\"2020-06-09T12:48:52+00:00\" \/>\n<meta property=\"og:image\" content=\"https:\/\/agenciainfra.com\/blog\/wp-content\/uploads\/2020\/06\/medidor-energia-foto-rafael-wallace-alerj.jpg\" \/>\n\t<meta property=\"og:image:width\" content=\"1280\" \/>\n\t<meta property=\"og:image:height\" content=\"853\" \/>\n\t<meta property=\"og:image:type\" content=\"image\/jpeg\" \/>\n<meta name=\"author\" content=\"Rodrigo Zuquim\" \/>\n<meta name=\"twitter:card\" content=\"summary_large_image\" \/>\n<meta name=\"twitter:creator\" content=\"@agencia_infra\" \/>\n<meta name=\"twitter:site\" content=\"@agencia_infra\" \/>\n<meta name=\"twitter:label1\" content=\"Escrito por\" \/>\n\t<meta name=\"twitter:data1\" content=\"Rodrigo Zuquim\" \/>\n\t<meta name=\"twitter:label2\" content=\"Est. tempo de leitura\" \/>\n\t<meta name=\"twitter:data2\" content=\"5 minutos\" \/>\n<script type=\"application\/ld+json\" class=\"yoast-schema-graph\">{\"@context\":\"https:\/\/schema.org\",\"@graph\":[{\"@type\":\"Article\",\"@id\":\"https:\/\/agenciainfra.com\/blog\/pandemia-acelera-modernizacao-de-relogios-medidores-de-distribuidoras\/#article\",\"isPartOf\":{\"@id\":\"https:\/\/agenciainfra.com\/blog\/pandemia-acelera-modernizacao-de-relogios-medidores-de-distribuidoras\/\"},\"author\":{\"name\":\"Rodrigo Zuquim\",\"@id\":\"https:\/\/agenciainfra.com\/blog\/#\/schema\/person\/04dbb79bd6d8951f063da71f3e4c1eb1\"},\"headline\":\"Pandemia acelera moderniza\u00e7\u00e3o de rel\u00f3gios medidores de distribuidoras\",\"datePublished\":\"2020-06-09T11:00:44+00:00\",\"dateModified\":\"2020-06-09T12:48:52+00:00\",\"mainEntityOfPage\":{\"@id\":\"https:\/\/agenciainfra.com\/blog\/pandemia-acelera-modernizacao-de-relogios-medidores-de-distribuidoras\/\"},\"wordCount\":1056,\"publisher\":{\"@id\":\"https:\/\/agenciainfra.com\/blog\/#organization\"},\"image\":{\"@id\":\"https:\/\/agenciainfra.com\/blog\/pandemia-acelera-modernizacao-de-relogios-medidores-de-distribuidoras\/#primaryimage\"},\"thumbnailUrl\":\"https:\/\/agenciainfra.com\/blog\/wp-content\/uploads\/2020\/06\/medidor-energia-foto-rafael-wallace-alerj.jpg\",\"keywords\":[\"Abrace\",\"ANEEL\",\"CAS Tecnologia\",\"coronav\u00edrus\",\"Covid-19\",\"distribui\u00e7\u00e3o de energia\",\"Heron Fontana\",\"neoenergia\",\"Octavio Brasil\",\"pandemia\",\"rel\u00f3gios medidores\",\"Resolu\u00e7\u00e3o Normativa 878\",\"Victor Iocca\"],\"articleSection\":[\"Geral\",\"iNFRAEnergia\"],\"inLanguage\":\"pt-BR\",\"copyrightYear\":\"2020\",\"copyrightHolder\":{\"@id\":\"https:\/\/agenciainfra.com\/blog\/#organization\"}},{\"@type\":\"WebPage\",\"@id\":\"https:\/\/agenciainfra.com\/blog\/pandemia-acelera-modernizacao-de-relogios-medidores-de-distribuidoras\/\",\"url\":\"https:\/\/agenciainfra.com\/blog\/pandemia-acelera-modernizacao-de-relogios-medidores-de-distribuidoras\/\",\"name\":\"Pandemia acelera moderniza\u00e7\u00e3o de rel\u00f3gios medidores de distribuidoras - Ag\u00eancia iNFRA\",\"isPartOf\":{\"@id\":\"https:\/\/agenciainfra.com\/blog\/#website\"},\"primaryImageOfPage\":{\"@id\":\"https:\/\/agenciainfra.com\/blog\/pandemia-acelera-modernizacao-de-relogios-medidores-de-distribuidoras\/#primaryimage\"},\"image\":{\"@id\":\"https:\/\/agenciainfra.com\/blog\/pandemia-acelera-modernizacao-de-relogios-medidores-de-distribuidoras\/#primaryimage\"},\"thumbnailUrl\":\"https:\/\/agenciainfra.com\/blog\/wp-content\/uploads\/2020\/06\/medidor-energia-foto-rafael-wallace-alerj.jpg\",\"datePublished\":\"2020-06-09T11:00:44+00:00\",\"dateModified\":\"2020-06-09T12:48:52+00:00\",\"breadcrumb\":{\"@id\":\"https:\/\/agenciainfra.com\/blog\/pandemia-acelera-modernizacao-de-relogios-medidores-de-distribuidoras\/#breadcrumb\"},\"inLanguage\":\"pt-BR\",\"potentialAction\":[{\"@type\":\"ReadAction\",\"target\":[\"https:\/\/agenciainfra.com\/blog\/pandemia-acelera-modernizacao-de-relogios-medidores-de-distribuidoras\/\"]}]},{\"@type\":\"ImageObject\",\"inLanguage\":\"pt-BR\",\"@id\":\"https:\/\/agenciainfra.com\/blog\/pandemia-acelera-modernizacao-de-relogios-medidores-de-distribuidoras\/#primaryimage\",\"url\":\"https:\/\/agenciainfra.com\/blog\/wp-content\/uploads\/2020\/06\/medidor-energia-foto-rafael-wallace-alerj.jpg\",\"contentUrl\":\"https:\/\/agenciainfra.com\/blog\/wp-content\/uploads\/2020\/06\/medidor-energia-foto-rafael-wallace-alerj.jpg\",\"width\":1280,\"height\":853,\"caption\":\"Foto: Rafael Wallace\/Alerj\"},{\"@type\":\"BreadcrumbList\",\"@id\":\"https:\/\/agenciainfra.com\/blog\/pandemia-acelera-modernizacao-de-relogios-medidores-de-distribuidoras\/#breadcrumb\",\"itemListElement\":[{\"@type\":\"ListItem\",\"position\":1,\"name\":\"In\u00edcio\",\"item\":\"https:\/\/agenciainfra.com\/blog\/\"},{\"@type\":\"ListItem\",\"position\":2,\"name\":\"Pandemia acelera moderniza\u00e7\u00e3o de rel\u00f3gios medidores de distribuidoras\"}]},{\"@type\":\"WebSite\",\"@id\":\"https:\/\/agenciainfra.com\/blog\/#website\",\"url\":\"https:\/\/agenciainfra.com\/blog\/\",\"name\":\"Ag\u00eancia iNFRA\",\"description\":\"Multiplataforma de informa\u00e7\u00e3o jornal\u00edstica refer\u00eancia na \u00e1rea de infraestrutura no Brasil!\",\"publisher\":{\"@id\":\"https:\/\/agenciainfra.com\/blog\/#organization\"},\"potentialAction\":[{\"@type\":\"SearchAction\",\"target\":{\"@type\":\"EntryPoint\",\"urlTemplate\":\"https:\/\/agenciainfra.com\/blog\/?s={search_term_string}\"},\"query-input\":{\"@type\":\"PropertyValueSpecification\",\"valueRequired\":true,\"valueName\":\"search_term_string\"}}],\"inLanguage\":\"pt-BR\"},{\"@type\":\"Organization\",\"@id\":\"https:\/\/agenciainfra.com\/blog\/#organization\",\"name\":\"Ag\u00eancia iNFRA\",\"url\":\"https:\/\/agenciainfra.com\/blog\/\",\"logo\":{\"@type\":\"ImageObject\",\"inLanguage\":\"pt-BR\",\"@id\":\"https:\/\/agenciainfra.com\/blog\/#\/schema\/logo\/image\/\",\"url\":\"https:\/\/agenciainfra.com\/blog\/wp-content\/uploads\/2023\/09\/iNFRA_5-e1761735885940.png\",\"contentUrl\":\"https:\/\/agenciainfra.com\/blog\/wp-content\/uploads\/2023\/09\/iNFRA_5-e1761735885940.png\",\"width\":1672,\"height\":454,\"caption\":\"Ag\u00eancia iNFRA\"},\"image\":{\"@id\":\"https:\/\/agenciainfra.com\/blog\/#\/schema\/logo\/image\/\"},\"sameAs\":[\"https:\/\/www.facebook.com\/ageninfra\",\"https:\/\/x.com\/agencia_infra\",\"https:\/\/www.linkedin.com\/company\/ag\u00eanciainfra\/\",\"https:\/\/www.instagram.com\/agenciainfra\/\"]},{\"@type\":\"Person\",\"@id\":\"https:\/\/agenciainfra.com\/blog\/#\/schema\/person\/04dbb79bd6d8951f063da71f3e4c1eb1\",\"name\":\"Rodrigo Zuquim\",\"image\":{\"@type\":\"ImageObject\",\"inLanguage\":\"pt-BR\",\"@id\":\"https:\/\/agenciainfra.com\/blog\/#\/schema\/person\/image\/\",\"url\":\"https:\/\/secure.gravatar.com\/avatar\/594abfe82761d620726242ff34ca472a705a4b97f16c790053a6b4c4035274d0?s=96&d=mm&r=g\",\"contentUrl\":\"https:\/\/secure.gravatar.com\/avatar\/594abfe82761d620726242ff34ca472a705a4b97f16c790053a6b4c4035274d0?s=96&d=mm&r=g\",\"caption\":\"Rodrigo Zuquim\"},\"url\":\"https:\/\/agenciainfra.com\/blog\/author\/rodrigo-zuquim\/\"}]}<\/script>\n<!-- \/ Yoast SEO Premium plugin. -->","yoast_head_json":{"title":"Pandemia acelera moderniza\u00e7\u00e3o de rel\u00f3gios medidores de distribuidoras - Ag\u00eancia iNFRA","robots":{"index":"index","follow":"follow","max-snippet":"max-snippet:-1","max-image-preview":"max-image-preview:large","max-video-preview":"max-video-preview:-1"},"canonical":"https:\/\/agenciainfra.com\/blog\/pandemia-acelera-modernizacao-de-relogios-medidores-de-distribuidoras\/","og_locale":"pt_BR","og_type":"article","og_title":"Pandemia acelera moderniza\u00e7\u00e3o de rel\u00f3gios medidores de distribuidoras","og_description":"Guilherme Mendes, da Ag\u00eancia iNFRA A pandemia de Covid-19 e a restri\u00e7\u00e3o na circula\u00e7\u00e3o das equipes de companhias de distribui\u00e7\u00e3o\u00a0nas ruas pode representar um novo incentivo para que o setor de distribui\u00e7\u00e3o promova a digitaliza\u00e7\u00e3o dos seus rel\u00f3gios medidores. O tema entrou em foco novamente ap\u00f3s a\u00a0Resolu\u00e7\u00e3o Normativa 878\u00a0da ANEEL (Ag\u00eancia Nacional de Energia El\u00e9trica), [&hellip;]","og_url":"https:\/\/agenciainfra.com\/blog\/pandemia-acelera-modernizacao-de-relogios-medidores-de-distribuidoras\/","og_site_name":"Ag\u00eancia iNFRA","article_publisher":"https:\/\/www.facebook.com\/ageninfra","article_published_time":"2020-06-09T11:00:44+00:00","article_modified_time":"2020-06-09T12:48:52+00:00","og_image":[{"width":1280,"height":853,"url":"https:\/\/agenciainfra.com\/blog\/wp-content\/uploads\/2020\/06\/medidor-energia-foto-rafael-wallace-alerj.jpg","type":"image\/jpeg"}],"author":"Rodrigo Zuquim","twitter_card":"summary_large_image","twitter_creator":"@agencia_infra","twitter_site":"@agencia_infra","twitter_misc":{"Escrito por":"Rodrigo Zuquim","Est. tempo de leitura":"5 minutos"},"schema":{"@context":"https:\/\/schema.org","@graph":[{"@type":"Article","@id":"https:\/\/agenciainfra.com\/blog\/pandemia-acelera-modernizacao-de-relogios-medidores-de-distribuidoras\/#article","isPartOf":{"@id":"https:\/\/agenciainfra.com\/blog\/pandemia-acelera-modernizacao-de-relogios-medidores-de-distribuidoras\/"},"author":{"name":"Rodrigo Zuquim","@id":"https:\/\/agenciainfra.com\/blog\/#\/schema\/person\/04dbb79bd6d8951f063da71f3e4c1eb1"},"headline":"Pandemia acelera moderniza\u00e7\u00e3o de rel\u00f3gios medidores de distribuidoras","datePublished":"2020-06-09T11:00:44+00:00","dateModified":"2020-06-09T12:48:52+00:00","mainEntityOfPage":{"@id":"https:\/\/agenciainfra.com\/blog\/pandemia-acelera-modernizacao-de-relogios-medidores-de-distribuidoras\/"},"wordCount":1056,"publisher":{"@id":"https:\/\/agenciainfra.com\/blog\/#organization"},"image":{"@id":"https:\/\/agenciainfra.com\/blog\/pandemia-acelera-modernizacao-de-relogios-medidores-de-distribuidoras\/#primaryimage"},"thumbnailUrl":"https:\/\/agenciainfra.com\/blog\/wp-content\/uploads\/2020\/06\/medidor-energia-foto-rafael-wallace-alerj.jpg","keywords":["Abrace","ANEEL","CAS Tecnologia","coronav\u00edrus","Covid-19","distribui\u00e7\u00e3o de energia","Heron Fontana","neoenergia","Octavio Brasil","pandemia","rel\u00f3gios medidores","Resolu\u00e7\u00e3o Normativa 878","Victor Iocca"],"articleSection":["Geral","iNFRAEnergia"],"inLanguage":"pt-BR","copyrightYear":"2020","copyrightHolder":{"@id":"https:\/\/agenciainfra.com\/blog\/#organization"}},{"@type":"WebPage","@id":"https:\/\/agenciainfra.com\/blog\/pandemia-acelera-modernizacao-de-relogios-medidores-de-distribuidoras\/","url":"https:\/\/agenciainfra.com\/blog\/pandemia-acelera-modernizacao-de-relogios-medidores-de-distribuidoras\/","name":"Pandemia acelera moderniza\u00e7\u00e3o de rel\u00f3gios medidores de distribuidoras - Ag\u00eancia iNFRA","isPartOf":{"@id":"https:\/\/agenciainfra.com\/blog\/#website"},"primaryImageOfPage":{"@id":"https:\/\/agenciainfra.com\/blog\/pandemia-acelera-modernizacao-de-relogios-medidores-de-distribuidoras\/#primaryimage"},"image":{"@id":"https:\/\/agenciainfra.com\/blog\/pandemia-acelera-modernizacao-de-relogios-medidores-de-distribuidoras\/#primaryimage"},"thumbnailUrl":"https:\/\/agenciainfra.com\/blog\/wp-content\/uploads\/2020\/06\/medidor-energia-foto-rafael-wallace-alerj.jpg","datePublished":"2020-06-09T11:00:44+00:00","dateModified":"2020-06-09T12:48:52+00:00","breadcrumb":{"@id":"https:\/\/agenciainfra.com\/blog\/pandemia-acelera-modernizacao-de-relogios-medidores-de-distribuidoras\/#breadcrumb"},"inLanguage":"pt-BR","potentialAction":[{"@type":"ReadAction","target":["https:\/\/agenciainfra.com\/blog\/pandemia-acelera-modernizacao-de-relogios-medidores-de-distribuidoras\/"]}]},{"@type":"ImageObject","inLanguage":"pt-BR","@id":"https:\/\/agenciainfra.com\/blog\/pandemia-acelera-modernizacao-de-relogios-medidores-de-distribuidoras\/#primaryimage","url":"https:\/\/agenciainfra.com\/blog\/wp-content\/uploads\/2020\/06\/medidor-energia-foto-rafael-wallace-alerj.jpg","contentUrl":"https:\/\/agenciainfra.com\/blog\/wp-content\/uploads\/2020\/06\/medidor-energia-foto-rafael-wallace-alerj.jpg","width":1280,"height":853,"caption":"Foto: Rafael Wallace\/Alerj"},{"@type":"BreadcrumbList","@id":"https:\/\/agenciainfra.com\/blog\/pandemia-acelera-modernizacao-de-relogios-medidores-de-distribuidoras\/#breadcrumb","itemListElement":[{"@type":"ListItem","position":1,"name":"In\u00edcio","item":"https:\/\/agenciainfra.com\/blog\/"},{"@type":"ListItem","position":2,"name":"Pandemia acelera moderniza\u00e7\u00e3o de rel\u00f3gios medidores de distribuidoras"}]},{"@type":"WebSite","@id":"https:\/\/agenciainfra.com\/blog\/#website","url":"https:\/\/agenciainfra.com\/blog\/","name":"Ag\u00eancia iNFRA","description":"Multiplataforma de informa\u00e7\u00e3o jornal\u00edstica refer\u00eancia na \u00e1rea de infraestrutura no Brasil!","publisher":{"@id":"https:\/\/agenciainfra.com\/blog\/#organization"},"potentialAction":[{"@type":"SearchAction","target":{"@type":"EntryPoint","urlTemplate":"https:\/\/agenciainfra.com\/blog\/?s={search_term_string}"},"query-input":{"@type":"PropertyValueSpecification","valueRequired":true,"valueName":"search_term_string"}}],"inLanguage":"pt-BR"},{"@type":"Organization","@id":"https:\/\/agenciainfra.com\/blog\/#organization","name":"Ag\u00eancia iNFRA","url":"https:\/\/agenciainfra.com\/blog\/","logo":{"@type":"ImageObject","inLanguage":"pt-BR","@id":"https:\/\/agenciainfra.com\/blog\/#\/schema\/logo\/image\/","url":"https:\/\/agenciainfra.com\/blog\/wp-content\/uploads\/2023\/09\/iNFRA_5-e1761735885940.png","contentUrl":"https:\/\/agenciainfra.com\/blog\/wp-content\/uploads\/2023\/09\/iNFRA_5-e1761735885940.png","width":1672,"height":454,"caption":"Ag\u00eancia iNFRA"},"image":{"@id":"https:\/\/agenciainfra.com\/blog\/#\/schema\/logo\/image\/"},"sameAs":["https:\/\/www.facebook.com\/ageninfra","https:\/\/x.com\/agencia_infra","https:\/\/www.linkedin.com\/company\/ag\u00eanciainfra\/","https:\/\/www.instagram.com\/agenciainfra\/"]},{"@type":"Person","@id":"https:\/\/agenciainfra.com\/blog\/#\/schema\/person\/04dbb79bd6d8951f063da71f3e4c1eb1","name":"Rodrigo Zuquim","image":{"@type":"ImageObject","inLanguage":"pt-BR","@id":"https:\/\/agenciainfra.com\/blog\/#\/schema\/person\/image\/","url":"https:\/\/secure.gravatar.com\/avatar\/594abfe82761d620726242ff34ca472a705a4b97f16c790053a6b4c4035274d0?s=96&d=mm&r=g","contentUrl":"https:\/\/secure.gravatar.com\/avatar\/594abfe82761d620726242ff34ca472a705a4b97f16c790053a6b4c4035274d0?s=96&d=mm&r=g","caption":"Rodrigo Zuquim"},"url":"https:\/\/agenciainfra.com\/blog\/author\/rodrigo-zuquim\/"}]}},"_links":{"self":[{"href":"https:\/\/agenciainfra.com\/blog\/wp-json\/wp\/v2\/posts\/5072","targetHints":{"allow":["GET"]}}],"collection":[{"href":"https:\/\/agenciainfra.com\/blog\/wp-json\/wp\/v2\/posts"}],"about":[{"href":"https:\/\/agenciainfra.com\/blog\/wp-json\/wp\/v2\/types\/post"}],"author":[{"embeddable":true,"href":"https:\/\/agenciainfra.com\/blog\/wp-json\/wp\/v2\/users\/9"}],"replies":[{"embeddable":true,"href":"https:\/\/agenciainfra.com\/blog\/wp-json\/wp\/v2\/comments?post=5072"}],"version-history":[{"count":0,"href":"https:\/\/agenciainfra.com\/blog\/wp-json\/wp\/v2\/posts\/5072\/revisions"}],"wp:featuredmedia":[{"embeddable":true,"href":"https:\/\/agenciainfra.com\/blog\/wp-json\/wp\/v2\/media\/5073"}],"wp:attachment":[{"href":"https:\/\/agenciainfra.com\/blog\/wp-json\/wp\/v2\/media?parent=5072"}],"wp:term":[{"taxonomy":"category","embeddable":true,"href":"https:\/\/agenciainfra.com\/blog\/wp-json\/wp\/v2\/categories?post=5072"},{"taxonomy":"post_tag","embeddable":true,"href":"https:\/\/agenciainfra.com\/blog\/wp-json\/wp\/v2\/tags?post=5072"}],"curies":[{"name":"wp","href":"https:\/\/api.w.org\/{rel}","templated":true}]}}