{"id":5106,"date":"2020-06-11T08:00:45","date_gmt":"2020-06-11T11:00:45","guid":{"rendered":"https:\/\/www.agenciainfra.com\/blog\/?p=5106"},"modified":"2020-06-09T13:25:27","modified_gmt":"2020-06-09T16:25:27","slug":"infralive-ministro-reconhece-que-relicitacao-de-rodovias-e-mais-complexa-que-a-de-aeroportos","status":"publish","type":"post","link":"https:\/\/agenciainfra.com\/blog\/infralive-ministro-reconhece-que-relicitacao-de-rodovias-e-mais-complexa-que-a-de-aeroportos\/","title":{"rendered":"iNFRALive: Ministro reconhece que relicita\u00e7\u00e3o de rodovias \u00e9 mais complexa que a de aeroportos"},"content":{"rendered":"<div>\n<h5 style=\"text-align: right;\"><strong>da Ag\u00eancia iNFRA<\/strong><\/h5>\n<\/div>\n<p dir=\"ltr\">O ministro da Infraestrutura, Tarc\u00edsio de Freitas, afirmou na <a href=\"https:\/\/www.youtube.com\/watch?v=-gT03HxbJPk\" target=\"_blank\" rel=\"noopener noreferrer\">live<\/a> promovida pela\u00a0<strong>Ag\u00eancia iNFRA<\/strong>\u00a0que h\u00e1 diferen\u00e7as de natureza do problema da relicita\u00e7\u00e3o dos aeroportos e das rodovias concedidas durante a gest\u00e3o da ex-presidente Dilma Rousseff.<\/p>\n<p>&#8220;O inadimplemento das rodovias \u00e9 muito maior. H\u00e1 um cuidado maior e uma disputa maior na quest\u00e3o dos termos do aditivo e nas considera\u00e7\u00f5es como ser\u00e1 o para frente&#8221;, disse Freitas ao responder pergunta sobre porque o processo dos aeroportos est\u00e1 andando mais rapidamente (o aditivo ao novo contrato de dois aeroportos deve ser assinado neste m\u00eas, segundo ele, enquanto quatro rodovias ainda aguardam a confec\u00e7\u00e3o desse termo).<\/p>\n<p>Tarc\u00edsio explicou que o problema dos aeroportos \u00e9 financeiro, mas que as empresas j\u00e1 fizeram as obras necess\u00e1rias e t\u00eam receitas suficientes para sua opera\u00e7\u00e3o (as concession\u00e1rias de aeroportos n\u00e3o conseguiriam pagar as outorgas previstas).<\/p>\n<p>&#8220;O processo de rodovia tem o inadimplemento f\u00edsico. Deixou-se de atender uma s\u00e9rie de quest\u00f5es e isso tem repercuss\u00e3o diferente nos encaminhamentos que vamos dar&#8221;, disse o ministro, citando a transfer\u00eancia de d\u00edvida com bancos. &#8220;Uma coisa \u00e9 transferir d\u00edvida e ativo quando o capex foi realizado. Outra coisa \u00e9 transferir d\u00edvida e ativo quando n\u00e3o foi.&#8221;<\/p>\n<p><strong>Rodovias do Rio de Janeiro<\/strong><br \/>\nFreitas afirmou ainda que, em rela\u00e7\u00e3o a rodovias da primeira etapa de concess\u00f5es, pode usar o expediente permitido na Lei 13.448\/2017 para ampliar por at\u00e9 dois anos os contratos de concess\u00e3o\u00a0que vencem em fevereiro de 2021, caso n\u00e3o haja licita\u00e7\u00e3o at\u00e9 la. No entanto, ele n\u00e3o descartou a possibilidade de o DNIT\u00a0assumir por um per\u00edodo.<\/p>\n<p>O ministro argumentou que est\u00e1 promovendo mudan\u00e7as nessas tr\u00eas concess\u00f5es que ficam no Rio de Janeiro, integrando a elas novos trechos, e por isso os atuais trechos da\u00a0Concer e da CRT ainda n\u00e3o foram para audi\u00eancia p\u00fablica.<\/p>\n<p>&#8220;Vimos que faz muito mais sentido fazer a liga\u00e7\u00e3o Rio de Janeiro a Belo Horizonte ou Sete Lagoas do que simplesmente a Juiz de Fora [atual configura\u00e7\u00e3o da Concer]. Para que se tenham capex e reduza tarifa. Se fizer todo o capex na Juiz de Fora, a tarifa seria muito parecida com a de hoje, o que \u00e9 caro para os usu\u00e1rios. A simula\u00e7\u00e3o t\u00e1 mostrando que at\u00e9 Belo Horizonte vai ser melhor&#8221;, disse Freitas.<\/p>\n<p><strong>Setor a\u00e9reo<\/strong><br \/>\nSobre o setor a\u00e9reo, Freitas afirmou que a proposta do Minist\u00e9rio da Infraestrutura de compra de passagens de forma antecipada pelo Governo Federal teria um valor baixo para o problema atual das empresas a\u00e9reas, cerca de R$ 600 milh\u00f5es, e o mais importante \u00e9 o cr\u00e9dito banc\u00e1rio para elas.<\/p>\n<p>&#8220;O poder de fogo que temos aqui na Infraestrutura \u00e9 muito pequeno. O que ela precisa no momento de dificuldade \u00e9 cr\u00e9dito, e o BNDES come\u00e7ou a atuar. O Minist\u00e9rio da Economia atuou na liquidez, no tributo e nos cr\u00e9ditos&#8221;, disse Freitas lembrando que o governo n\u00e3o tem condi\u00e7\u00f5es econ\u00f4micas de fazer socorros como pa\u00edses de primeiro mundo fizeram, defendendo que o pa\u00eds mantenha os pilares da pol\u00edtica fiscal. &#8220;N\u00e3o d\u00e1 para sair fazendo estripulia.&#8221;<\/p>\n<p><strong>Leia mais:<\/strong><br \/>\n<a href=\"https:\/\/agenciainfra.com\/blog\/infralive-nao-temos-motivo-para-ter-receio-dos-orgaos-de-controle-diz-ministro-tarcisio-de-freitas\/\" target=\"_blank\" rel=\"noopener noreferrer\">&#8220;N\u00e3o temos motivo para ter receio dos \u00f3rg\u00e3os de controle&#8221;, diz ministro Tarc\u00edsio de Freitas<\/a><\/p>\n<p dir=\"ltr\"><a href=\"https:\/\/agenciainfra.com\/blog\/infralive-tarcisio-sobre-cargos-no-ministerio-ali-esta-dando-certo-nao-vamos-mexer\/\" target=\"_blank\" rel=\"noopener noreferrer\">Tarc\u00edsio sobre cargos no minist\u00e9rio: &#8220;Ali est\u00e1 dando certo, n\u00e3o vamos mexer&#8221;<\/a><\/p>\n","protected":false},"excerpt":{"rendered":"<p>da Ag\u00eancia iNFRA O ministro da Infraestrutura, Tarc\u00edsio de Freitas, afirmou na live promovida pela\u00a0Ag\u00eancia iNFRA\u00a0que h\u00e1 diferen\u00e7as de natureza do problema da relicita\u00e7\u00e3o dos aeroportos e das rodovias concedidas durante a gest\u00e3o da ex-presidente Dilma Rousseff. &#8220;O inadimplemento das rodovias \u00e9 muito maior. H\u00e1 um cuidado maior e uma disputa maior na quest\u00e3o dos [&hellip;]<\/p>\n","protected":false},"author":9,"featured_media":5107,"comment_status":"closed","ping_status":"closed","sticky":false,"template":"","format":"standard","meta":{"_monsterinsights_skip_tracking":false,"_monsterinsights_sitenote_active":false,"_monsterinsights_sitenote_note":"","_monsterinsights_sitenote_category":0,"footnotes":""},"categories":[1,2053],"tags":[107,103,505,687,328,2100,525,775,800,126,448],"class_list":["post-5106","post","type-post","status-publish","format-standard","has-post-thumbnail","hentry","category-geral","category-infraliveventos","tag-aeroportos","tag-bndes","tag-concer","tag-crt","tag-dnit","tag-infralive","tag-lei-13-448-2017","tag-ministerio-da-infraestrutura","tag-relicitacoes","tag-rodovias","tag-tarcisio-de-freitas"],"yoast_head":"<!-- This site is optimized with the Yoast SEO Premium plugin v25.4 (Yoast SEO v26.0) - https:\/\/yoast.com\/wordpress\/plugins\/seo\/ -->\n<title>iNFRALive: Ministro reconhece que relicita\u00e7\u00e3o de rodovias \u00e9 mais complexa que a de aeroportos - Ag\u00eancia iNFRA<\/title>\n<meta name=\"robots\" content=\"index, follow, max-snippet:-1, max-image-preview:large, max-video-preview:-1\" \/>\n<link rel=\"canonical\" href=\"https:\/\/agenciainfra.com\/blog\/infralive-ministro-reconhece-que-relicitacao-de-rodovias-e-mais-complexa-que-a-de-aeroportos\/\" \/>\n<meta property=\"og:locale\" content=\"pt_BR\" \/>\n<meta property=\"og:type\" content=\"article\" \/>\n<meta property=\"og:title\" content=\"iNFRALive: Ministro reconhece que relicita\u00e7\u00e3o de rodovias \u00e9 mais complexa que a de aeroportos\" \/>\n<meta property=\"og:description\" content=\"da Ag\u00eancia iNFRA O ministro da Infraestrutura, Tarc\u00edsio de Freitas, afirmou na live promovida pela\u00a0Ag\u00eancia iNFRA\u00a0que h\u00e1 diferen\u00e7as de natureza do problema da relicita\u00e7\u00e3o dos aeroportos e das rodovias concedidas durante a gest\u00e3o da ex-presidente Dilma Rousseff. &#8220;O inadimplemento das rodovias \u00e9 muito maior. H\u00e1 um cuidado maior e uma disputa maior na quest\u00e3o dos [&hellip;]\" \/>\n<meta property=\"og:url\" content=\"https:\/\/agenciainfra.com\/blog\/infralive-ministro-reconhece-que-relicitacao-de-rodovias-e-mais-complexa-que-a-de-aeroportos\/\" \/>\n<meta property=\"og:site_name\" content=\"Ag\u00eancia iNFRA\" \/>\n<meta property=\"article:publisher\" content=\"https:\/\/www.facebook.com\/ageninfra\" \/>\n<meta property=\"article:published_time\" content=\"2020-06-11T11:00:45+00:00\" \/>\n<meta property=\"og:image\" content=\"https:\/\/agenciainfra.com\/blog\/wp-content\/uploads\/2020\/06\/tarcisio-foto-ricardo-botelho-minfra.jpg\" \/>\n\t<meta property=\"og:image:width\" content=\"1280\" \/>\n\t<meta property=\"og:image:height\" content=\"853\" \/>\n\t<meta property=\"og:image:type\" content=\"image\/jpeg\" \/>\n<meta name=\"author\" content=\"Rodrigo Zuquim\" \/>\n<meta name=\"twitter:card\" content=\"summary_large_image\" \/>\n<meta name=\"twitter:creator\" content=\"@agencia_infra\" \/>\n<meta name=\"twitter:site\" content=\"@agencia_infra\" \/>\n<meta name=\"twitter:label1\" content=\"Escrito por\" \/>\n\t<meta name=\"twitter:data1\" content=\"Rodrigo Zuquim\" \/>\n\t<meta name=\"twitter:label2\" content=\"Est. tempo de leitura\" \/>\n\t<meta name=\"twitter:data2\" content=\"3 minutos\" \/>\n<script type=\"application\/ld+json\" class=\"yoast-schema-graph\">{\"@context\":\"https:\/\/schema.org\",\"@graph\":[{\"@type\":\"Article\",\"@id\":\"https:\/\/agenciainfra.com\/blog\/infralive-ministro-reconhece-que-relicitacao-de-rodovias-e-mais-complexa-que-a-de-aeroportos\/#article\",\"isPartOf\":{\"@id\":\"https:\/\/agenciainfra.com\/blog\/infralive-ministro-reconhece-que-relicitacao-de-rodovias-e-mais-complexa-que-a-de-aeroportos\/\"},\"author\":{\"name\":\"Rodrigo Zuquim\",\"@id\":\"https:\/\/agenciainfra.com\/blog\/#\/schema\/person\/04dbb79bd6d8951f063da71f3e4c1eb1\"},\"headline\":\"iNFRALive: Ministro reconhece que relicita\u00e7\u00e3o de rodovias \u00e9 mais complexa que a de aeroportos\",\"datePublished\":\"2020-06-11T11:00:45+00:00\",\"mainEntityOfPage\":{\"@id\":\"https:\/\/agenciainfra.com\/blog\/infralive-ministro-reconhece-que-relicitacao-de-rodovias-e-mais-complexa-que-a-de-aeroportos\/\"},\"wordCount\":598,\"publisher\":{\"@id\":\"https:\/\/agenciainfra.com\/blog\/#organization\"},\"image\":{\"@id\":\"https:\/\/agenciainfra.com\/blog\/infralive-ministro-reconhece-que-relicitacao-de-rodovias-e-mais-complexa-que-a-de-aeroportos\/#primaryimage\"},\"thumbnailUrl\":\"https:\/\/agenciainfra.com\/blog\/wp-content\/uploads\/2020\/06\/tarcisio-foto-ricardo-botelho-minfra.jpg\",\"keywords\":[\"aeroportos\",\"BNDES\",\"Concer\",\"CRT\",\"DNIT\",\"iNFRALive\",\"Lei 13.448\/2017\",\"Minist\u00e9rio da Infraestrutura\",\"relicita\u00e7\u00f5es\",\"rodovias\",\"Tarc\u00edsio de Freitas\"],\"articleSection\":[\"Geral\",\"iNFRALive e Eventos\"],\"inLanguage\":\"pt-BR\",\"copyrightYear\":\"2020\",\"copyrightHolder\":{\"@id\":\"https:\/\/agenciainfra.com\/blog\/#organization\"}},{\"@type\":\"WebPage\",\"@id\":\"https:\/\/agenciainfra.com\/blog\/infralive-ministro-reconhece-que-relicitacao-de-rodovias-e-mais-complexa-que-a-de-aeroportos\/\",\"url\":\"https:\/\/agenciainfra.com\/blog\/infralive-ministro-reconhece-que-relicitacao-de-rodovias-e-mais-complexa-que-a-de-aeroportos\/\",\"name\":\"iNFRALive: Ministro reconhece que relicita\u00e7\u00e3o de rodovias \u00e9 mais complexa que a de aeroportos - Ag\u00eancia iNFRA\",\"isPartOf\":{\"@id\":\"https:\/\/agenciainfra.com\/blog\/#website\"},\"primaryImageOfPage\":{\"@id\":\"https:\/\/agenciainfra.com\/blog\/infralive-ministro-reconhece-que-relicitacao-de-rodovias-e-mais-complexa-que-a-de-aeroportos\/#primaryimage\"},\"image\":{\"@id\":\"https:\/\/agenciainfra.com\/blog\/infralive-ministro-reconhece-que-relicitacao-de-rodovias-e-mais-complexa-que-a-de-aeroportos\/#primaryimage\"},\"thumbnailUrl\":\"https:\/\/agenciainfra.com\/blog\/wp-content\/uploads\/2020\/06\/tarcisio-foto-ricardo-botelho-minfra.jpg\",\"datePublished\":\"2020-06-11T11:00:45+00:00\",\"breadcrumb\":{\"@id\":\"https:\/\/agenciainfra.com\/blog\/infralive-ministro-reconhece-que-relicitacao-de-rodovias-e-mais-complexa-que-a-de-aeroportos\/#breadcrumb\"},\"inLanguage\":\"pt-BR\",\"potentialAction\":[{\"@type\":\"ReadAction\",\"target\":[\"https:\/\/agenciainfra.com\/blog\/infralive-ministro-reconhece-que-relicitacao-de-rodovias-e-mais-complexa-que-a-de-aeroportos\/\"]}]},{\"@type\":\"ImageObject\",\"inLanguage\":\"pt-BR\",\"@id\":\"https:\/\/agenciainfra.com\/blog\/infralive-ministro-reconhece-que-relicitacao-de-rodovias-e-mais-complexa-que-a-de-aeroportos\/#primaryimage\",\"url\":\"https:\/\/agenciainfra.com\/blog\/wp-content\/uploads\/2020\/06\/tarcisio-foto-ricardo-botelho-minfra.jpg\",\"contentUrl\":\"https:\/\/agenciainfra.com\/blog\/wp-content\/uploads\/2020\/06\/tarcisio-foto-ricardo-botelho-minfra.jpg\",\"width\":1280,\"height\":853},{\"@type\":\"BreadcrumbList\",\"@id\":\"https:\/\/agenciainfra.com\/blog\/infralive-ministro-reconhece-que-relicitacao-de-rodovias-e-mais-complexa-que-a-de-aeroportos\/#breadcrumb\",\"itemListElement\":[{\"@type\":\"ListItem\",\"position\":1,\"name\":\"In\u00edcio\",\"item\":\"https:\/\/agenciainfra.com\/blog\/\"},{\"@type\":\"ListItem\",\"position\":2,\"name\":\"iNFRALive: Ministro reconhece que relicita\u00e7\u00e3o de rodovias \u00e9 mais complexa que a de aeroportos\"}]},{\"@type\":\"WebSite\",\"@id\":\"https:\/\/agenciainfra.com\/blog\/#website\",\"url\":\"https:\/\/agenciainfra.com\/blog\/\",\"name\":\"Ag\u00eancia iNFRA\",\"description\":\"Multiplataforma de informa\u00e7\u00e3o jornal\u00edstica refer\u00eancia na \u00e1rea de infraestrutura no Brasil!\",\"publisher\":{\"@id\":\"https:\/\/agenciainfra.com\/blog\/#organization\"},\"potentialAction\":[{\"@type\":\"SearchAction\",\"target\":{\"@type\":\"EntryPoint\",\"urlTemplate\":\"https:\/\/agenciainfra.com\/blog\/?s={search_term_string}\"},\"query-input\":{\"@type\":\"PropertyValueSpecification\",\"valueRequired\":true,\"valueName\":\"search_term_string\"}}],\"inLanguage\":\"pt-BR\"},{\"@type\":\"Organization\",\"@id\":\"https:\/\/agenciainfra.com\/blog\/#organization\",\"name\":\"Ag\u00eancia iNFRA\",\"url\":\"https:\/\/agenciainfra.com\/blog\/\",\"logo\":{\"@type\":\"ImageObject\",\"inLanguage\":\"pt-BR\",\"@id\":\"https:\/\/agenciainfra.com\/blog\/#\/schema\/logo\/image\/\",\"url\":\"https:\/\/agenciainfra.com\/blog\/wp-content\/uploads\/2023\/09\/iNFRA_5-e1761735885940.png\",\"contentUrl\":\"https:\/\/agenciainfra.com\/blog\/wp-content\/uploads\/2023\/09\/iNFRA_5-e1761735885940.png\",\"width\":1672,\"height\":454,\"caption\":\"Ag\u00eancia iNFRA\"},\"image\":{\"@id\":\"https:\/\/agenciainfra.com\/blog\/#\/schema\/logo\/image\/\"},\"sameAs\":[\"https:\/\/www.facebook.com\/ageninfra\",\"https:\/\/x.com\/agencia_infra\",\"https:\/\/www.linkedin.com\/company\/ag\u00eanciainfra\/\",\"https:\/\/www.instagram.com\/agenciainfra\/\"]},{\"@type\":\"Person\",\"@id\":\"https:\/\/agenciainfra.com\/blog\/#\/schema\/person\/04dbb79bd6d8951f063da71f3e4c1eb1\",\"name\":\"Rodrigo Zuquim\",\"image\":{\"@type\":\"ImageObject\",\"inLanguage\":\"pt-BR\",\"@id\":\"https:\/\/agenciainfra.com\/blog\/#\/schema\/person\/image\/\",\"url\":\"https:\/\/secure.gravatar.com\/avatar\/594abfe82761d620726242ff34ca472a705a4b97f16c790053a6b4c4035274d0?s=96&d=mm&r=g\",\"contentUrl\":\"https:\/\/secure.gravatar.com\/avatar\/594abfe82761d620726242ff34ca472a705a4b97f16c790053a6b4c4035274d0?s=96&d=mm&r=g\",\"caption\":\"Rodrigo Zuquim\"},\"url\":\"https:\/\/agenciainfra.com\/blog\/author\/rodrigo-zuquim\/\"}]}<\/script>\n<!-- \/ Yoast SEO Premium plugin. -->","yoast_head_json":{"title":"iNFRALive: Ministro reconhece que relicita\u00e7\u00e3o de rodovias \u00e9 mais complexa que a de aeroportos - Ag\u00eancia iNFRA","robots":{"index":"index","follow":"follow","max-snippet":"max-snippet:-1","max-image-preview":"max-image-preview:large","max-video-preview":"max-video-preview:-1"},"canonical":"https:\/\/agenciainfra.com\/blog\/infralive-ministro-reconhece-que-relicitacao-de-rodovias-e-mais-complexa-que-a-de-aeroportos\/","og_locale":"pt_BR","og_type":"article","og_title":"iNFRALive: Ministro reconhece que relicita\u00e7\u00e3o de rodovias \u00e9 mais complexa que a de aeroportos","og_description":"da Ag\u00eancia iNFRA O ministro da Infraestrutura, Tarc\u00edsio de Freitas, afirmou na live promovida pela\u00a0Ag\u00eancia iNFRA\u00a0que h\u00e1 diferen\u00e7as de natureza do problema da relicita\u00e7\u00e3o dos aeroportos e das rodovias concedidas durante a gest\u00e3o da ex-presidente Dilma Rousseff. &#8220;O inadimplemento das rodovias \u00e9 muito maior. H\u00e1 um cuidado maior e uma disputa maior na quest\u00e3o dos [&hellip;]","og_url":"https:\/\/agenciainfra.com\/blog\/infralive-ministro-reconhece-que-relicitacao-de-rodovias-e-mais-complexa-que-a-de-aeroportos\/","og_site_name":"Ag\u00eancia iNFRA","article_publisher":"https:\/\/www.facebook.com\/ageninfra","article_published_time":"2020-06-11T11:00:45+00:00","og_image":[{"width":1280,"height":853,"url":"https:\/\/agenciainfra.com\/blog\/wp-content\/uploads\/2020\/06\/tarcisio-foto-ricardo-botelho-minfra.jpg","type":"image\/jpeg"}],"author":"Rodrigo Zuquim","twitter_card":"summary_large_image","twitter_creator":"@agencia_infra","twitter_site":"@agencia_infra","twitter_misc":{"Escrito por":"Rodrigo Zuquim","Est. tempo de leitura":"3 minutos"},"schema":{"@context":"https:\/\/schema.org","@graph":[{"@type":"Article","@id":"https:\/\/agenciainfra.com\/blog\/infralive-ministro-reconhece-que-relicitacao-de-rodovias-e-mais-complexa-que-a-de-aeroportos\/#article","isPartOf":{"@id":"https:\/\/agenciainfra.com\/blog\/infralive-ministro-reconhece-que-relicitacao-de-rodovias-e-mais-complexa-que-a-de-aeroportos\/"},"author":{"name":"Rodrigo Zuquim","@id":"https:\/\/agenciainfra.com\/blog\/#\/schema\/person\/04dbb79bd6d8951f063da71f3e4c1eb1"},"headline":"iNFRALive: Ministro reconhece que relicita\u00e7\u00e3o de rodovias \u00e9 mais complexa que a de aeroportos","datePublished":"2020-06-11T11:00:45+00:00","mainEntityOfPage":{"@id":"https:\/\/agenciainfra.com\/blog\/infralive-ministro-reconhece-que-relicitacao-de-rodovias-e-mais-complexa-que-a-de-aeroportos\/"},"wordCount":598,"publisher":{"@id":"https:\/\/agenciainfra.com\/blog\/#organization"},"image":{"@id":"https:\/\/agenciainfra.com\/blog\/infralive-ministro-reconhece-que-relicitacao-de-rodovias-e-mais-complexa-que-a-de-aeroportos\/#primaryimage"},"thumbnailUrl":"https:\/\/agenciainfra.com\/blog\/wp-content\/uploads\/2020\/06\/tarcisio-foto-ricardo-botelho-minfra.jpg","keywords":["aeroportos","BNDES","Concer","CRT","DNIT","iNFRALive","Lei 13.448\/2017","Minist\u00e9rio da Infraestrutura","relicita\u00e7\u00f5es","rodovias","Tarc\u00edsio de Freitas"],"articleSection":["Geral","iNFRALive e Eventos"],"inLanguage":"pt-BR","copyrightYear":"2020","copyrightHolder":{"@id":"https:\/\/agenciainfra.com\/blog\/#organization"}},{"@type":"WebPage","@id":"https:\/\/agenciainfra.com\/blog\/infralive-ministro-reconhece-que-relicitacao-de-rodovias-e-mais-complexa-que-a-de-aeroportos\/","url":"https:\/\/agenciainfra.com\/blog\/infralive-ministro-reconhece-que-relicitacao-de-rodovias-e-mais-complexa-que-a-de-aeroportos\/","name":"iNFRALive: Ministro reconhece que relicita\u00e7\u00e3o de rodovias \u00e9 mais complexa que a de aeroportos - Ag\u00eancia iNFRA","isPartOf":{"@id":"https:\/\/agenciainfra.com\/blog\/#website"},"primaryImageOfPage":{"@id":"https:\/\/agenciainfra.com\/blog\/infralive-ministro-reconhece-que-relicitacao-de-rodovias-e-mais-complexa-que-a-de-aeroportos\/#primaryimage"},"image":{"@id":"https:\/\/agenciainfra.com\/blog\/infralive-ministro-reconhece-que-relicitacao-de-rodovias-e-mais-complexa-que-a-de-aeroportos\/#primaryimage"},"thumbnailUrl":"https:\/\/agenciainfra.com\/blog\/wp-content\/uploads\/2020\/06\/tarcisio-foto-ricardo-botelho-minfra.jpg","datePublished":"2020-06-11T11:00:45+00:00","breadcrumb":{"@id":"https:\/\/agenciainfra.com\/blog\/infralive-ministro-reconhece-que-relicitacao-de-rodovias-e-mais-complexa-que-a-de-aeroportos\/#breadcrumb"},"inLanguage":"pt-BR","potentialAction":[{"@type":"ReadAction","target":["https:\/\/agenciainfra.com\/blog\/infralive-ministro-reconhece-que-relicitacao-de-rodovias-e-mais-complexa-que-a-de-aeroportos\/"]}]},{"@type":"ImageObject","inLanguage":"pt-BR","@id":"https:\/\/agenciainfra.com\/blog\/infralive-ministro-reconhece-que-relicitacao-de-rodovias-e-mais-complexa-que-a-de-aeroportos\/#primaryimage","url":"https:\/\/agenciainfra.com\/blog\/wp-content\/uploads\/2020\/06\/tarcisio-foto-ricardo-botelho-minfra.jpg","contentUrl":"https:\/\/agenciainfra.com\/blog\/wp-content\/uploads\/2020\/06\/tarcisio-foto-ricardo-botelho-minfra.jpg","width":1280,"height":853},{"@type":"BreadcrumbList","@id":"https:\/\/agenciainfra.com\/blog\/infralive-ministro-reconhece-que-relicitacao-de-rodovias-e-mais-complexa-que-a-de-aeroportos\/#breadcrumb","itemListElement":[{"@type":"ListItem","position":1,"name":"In\u00edcio","item":"https:\/\/agenciainfra.com\/blog\/"},{"@type":"ListItem","position":2,"name":"iNFRALive: Ministro reconhece que relicita\u00e7\u00e3o de rodovias \u00e9 mais complexa que a de aeroportos"}]},{"@type":"WebSite","@id":"https:\/\/agenciainfra.com\/blog\/#website","url":"https:\/\/agenciainfra.com\/blog\/","name":"Ag\u00eancia iNFRA","description":"Multiplataforma de informa\u00e7\u00e3o jornal\u00edstica refer\u00eancia na \u00e1rea de infraestrutura no Brasil!","publisher":{"@id":"https:\/\/agenciainfra.com\/blog\/#organization"},"potentialAction":[{"@type":"SearchAction","target":{"@type":"EntryPoint","urlTemplate":"https:\/\/agenciainfra.com\/blog\/?s={search_term_string}"},"query-input":{"@type":"PropertyValueSpecification","valueRequired":true,"valueName":"search_term_string"}}],"inLanguage":"pt-BR"},{"@type":"Organization","@id":"https:\/\/agenciainfra.com\/blog\/#organization","name":"Ag\u00eancia iNFRA","url":"https:\/\/agenciainfra.com\/blog\/","logo":{"@type":"ImageObject","inLanguage":"pt-BR","@id":"https:\/\/agenciainfra.com\/blog\/#\/schema\/logo\/image\/","url":"https:\/\/agenciainfra.com\/blog\/wp-content\/uploads\/2023\/09\/iNFRA_5-e1761735885940.png","contentUrl":"https:\/\/agenciainfra.com\/blog\/wp-content\/uploads\/2023\/09\/iNFRA_5-e1761735885940.png","width":1672,"height":454,"caption":"Ag\u00eancia iNFRA"},"image":{"@id":"https:\/\/agenciainfra.com\/blog\/#\/schema\/logo\/image\/"},"sameAs":["https:\/\/www.facebook.com\/ageninfra","https:\/\/x.com\/agencia_infra","https:\/\/www.linkedin.com\/company\/ag\u00eanciainfra\/","https:\/\/www.instagram.com\/agenciainfra\/"]},{"@type":"Person","@id":"https:\/\/agenciainfra.com\/blog\/#\/schema\/person\/04dbb79bd6d8951f063da71f3e4c1eb1","name":"Rodrigo Zuquim","image":{"@type":"ImageObject","inLanguage":"pt-BR","@id":"https:\/\/agenciainfra.com\/blog\/#\/schema\/person\/image\/","url":"https:\/\/secure.gravatar.com\/avatar\/594abfe82761d620726242ff34ca472a705a4b97f16c790053a6b4c4035274d0?s=96&d=mm&r=g","contentUrl":"https:\/\/secure.gravatar.com\/avatar\/594abfe82761d620726242ff34ca472a705a4b97f16c790053a6b4c4035274d0?s=96&d=mm&r=g","caption":"Rodrigo Zuquim"},"url":"https:\/\/agenciainfra.com\/blog\/author\/rodrigo-zuquim\/"}]}},"_links":{"self":[{"href":"https:\/\/agenciainfra.com\/blog\/wp-json\/wp\/v2\/posts\/5106","targetHints":{"allow":["GET"]}}],"collection":[{"href":"https:\/\/agenciainfra.com\/blog\/wp-json\/wp\/v2\/posts"}],"about":[{"href":"https:\/\/agenciainfra.com\/blog\/wp-json\/wp\/v2\/types\/post"}],"author":[{"embeddable":true,"href":"https:\/\/agenciainfra.com\/blog\/wp-json\/wp\/v2\/users\/9"}],"replies":[{"embeddable":true,"href":"https:\/\/agenciainfra.com\/blog\/wp-json\/wp\/v2\/comments?post=5106"}],"version-history":[{"count":0,"href":"https:\/\/agenciainfra.com\/blog\/wp-json\/wp\/v2\/posts\/5106\/revisions"}],"wp:featuredmedia":[{"embeddable":true,"href":"https:\/\/agenciainfra.com\/blog\/wp-json\/wp\/v2\/media\/5107"}],"wp:attachment":[{"href":"https:\/\/agenciainfra.com\/blog\/wp-json\/wp\/v2\/media?parent=5106"}],"wp:term":[{"taxonomy":"category","embeddable":true,"href":"https:\/\/agenciainfra.com\/blog\/wp-json\/wp\/v2\/categories?post=5106"},{"taxonomy":"post_tag","embeddable":true,"href":"https:\/\/agenciainfra.com\/blog\/wp-json\/wp\/v2\/tags?post=5106"}],"curies":[{"name":"wp","href":"https:\/\/api.w.org\/{rel}","templated":true}]}}