{"id":5108,"date":"2020-06-11T08:00:01","date_gmt":"2020-06-11T11:00:01","guid":{"rendered":"https:\/\/www.agenciainfra.com\/blog\/?p=5108"},"modified":"2020-06-09T13:24:26","modified_gmt":"2020-06-09T16:24:26","slug":"infralive-tarcisio-sobre-cargos-no-ministerio-ali-esta-dando-certo-nao-vamos-mexer","status":"publish","type":"post","link":"https:\/\/agenciainfra.com\/blog\/infralive-tarcisio-sobre-cargos-no-ministerio-ali-esta-dando-certo-nao-vamos-mexer\/","title":{"rendered":"iNFRALive: Tarc\u00edsio sobre cargos no minist\u00e9rio: &#8220;Ali est\u00e1 dando certo, n\u00e3o vamos mexer&#8221;"},"content":{"rendered":"<div>\n<h5 style=\"text-align: right;\"><strong>da\u00a0Ag\u00eancia iNFRA<\/strong><\/h5>\n<p dir=\"ltr\">O ministro da Infraestrutura, Tarc\u00edsio de Freitas, disse na <a href=\"https:\/\/www.youtube.com\/watch?v=-gT03HxbJPk\" target=\"_blank\" rel=\"noopener noreferrer\">live<\/a> da <strong>Ag\u00eancia iNFRA<\/strong>\u00a0que n\u00e3o se sente pressionado pelo fato de haver uma reconfigura\u00e7\u00e3o pol\u00edtica do governo, que est\u00e1 se aliando a partidos do chamado Centr\u00e3o.\u00a0Segundo ele, os cargos principais na pasta est\u00e3o sendo ocupados por pessoas que passam por processo seletivo interno, e isso tem gerado qualidade na execu\u00e7\u00e3o dos projetos.<\/p>\n<p>&#8220;Quando o resultado come\u00e7a a vir, as pessoas come\u00e7am a perceber que est\u00e1 dando certo. Ali est\u00e1 dando certo, n\u00e3o vamos mexer, as coisas est\u00e3o indo bem&#8221;, disse Freitas.<\/p>\n<p>Freitas brincou dizendo que seu time tem um craque em cada \u00e1rea, o que torna a vida dele mais f\u00e1cil. &#8220;Eu digo aqui que sou o grande pinguim de Madagascar. Eu sorrio e aceno e a turma faz o que \u00e9 dif\u00edcil. Eles d\u00e3o solu\u00e7\u00e3o para problemas dif\u00edceis.&#8221;<\/p>\n<p>Freitas\u00a0defendeu ainda que o minist\u00e9rio pela primeira vez se preocupou com quest\u00f5es de governan\u00e7a e implementou\u00a0na estrutura da pasta um \u00f3rg\u00e3o para cuidar dos processos de\u00a0integridade. A secretaria \u00e9 ocupada por policiais federais, segundo ele.<\/p>\n<p>Freitas afirmou ainda que tem tido uma rela\u00e7\u00e3o de parceria com o Parlamento, sendo prestigiado pelos parlamentares ao se aliar a eles para ampliar a capacidade de receber e executar emendas, dando resposta a pleitos deles no setor de infraestrutura.<\/p>\n<p>&#8220;A gente fica feliz quando um deputado pede uma obra e n\u00f3s conseguimos concluir&#8221;, disse Freitas.<\/p>\n<p><strong>Confian\u00e7a nos projetos<\/strong><br \/>\nFreitas manteve sua confian\u00e7a no projeto da pasta de ampliar as concess\u00f5es do setor de infraestrutura dentro do mandato do presidente Jair Bolsonaro, dizendo que a pandemia trouxe impacto pequeno nesse processo, j\u00e1 que a maior parte das concess\u00f5es j\u00e1 estava programada a partir do segundo semestre.<\/p>\n<p>O ministro citou ainda que segue com os leil\u00f5es por haver\u00a0interessados no portf\u00f3lio do pa\u00eds, que\u00a0mant\u00e9m a seguran\u00e7a jur\u00eddica por n\u00e3o haver ruptura de contrato, mesmo em per\u00edodo de pandemia.<\/p>\n<p>&#8220;Estamos tranquilos em rela\u00e7\u00e3o ao interesse dos investidores nas nossas concess\u00f5es, sobretudo os estrangeiros&#8221;, disse o ministro, lembrando que o pa\u00eds aprendeu muito com rodadas passadas e est\u00e1 conseguindo transpor esse conhecimento para as novas rodadas.<\/p>\n<p><strong>Pr\u00f3-Brasil e Marco do Saneamento<\/strong><br \/>\nEm seu discurso final, Freitas defendeu o Pr\u00f3-Brasil, que, segundo ele,\u00a0nasce para deixar um legado de transforma\u00e7\u00e3o jur\u00eddica no \u00e2mbito da infraestrutura.<\/p>\n<p>\u201cTemos que tirar da crise uma oportunidade para deixarmos um legado que transforme o ambiente de neg\u00f3cio e a vida do empreendedor, tornando-a mais f\u00e1cil e com maior seguran\u00e7a jur\u00eddica. O Pr\u00f3-Brasil nasce nesse sentido. Promover um grande impacto, sobretudo na infraestrutura\u201d, falou.<\/p>\n<p>Tarc\u00edsio enfatizou a necessidade de aprova\u00e7\u00e3o, por parte do parlamento, do PL (projeto de lei) 4.162\/2019 \u2013 que estabelece o novo marco regulat\u00f3rio do saneamento b\u00e1sico. A aprova\u00e7\u00e3o deixaria o caminho livre para novas licita\u00e7\u00f5es que renderiam bilh\u00f5es para o estado.<\/p>\n<p><strong>Leia mais:<\/strong><br \/>\n<a href=\"https:\/\/agenciainfra.com\/blog\/infralive-nao-temos-motivo-para-ter-receio-dos-orgaos-de-controle-diz-ministro-tarcisio-de-freitas\/\" target=\"_blank\" rel=\"noopener noreferrer\">&#8220;N\u00e3o temos motivo para ter receio dos \u00f3rg\u00e3os de controle&#8221;, diz ministro Tarc\u00edsio de Freitas<\/a><\/p>\n<p dir=\"ltr\"><a href=\"https:\/\/agenciainfra.com\/blog\/infralive-ministro-reconhece-que-relicitacao-de-rodovias-e-mais-complexa-que-a-de-aeroportos\/\" target=\"_blank\" rel=\"noopener noreferrer\">Ministro reconhece que relicita\u00e7\u00e3o de rodovias \u00e9 mais complexa que a de aeroportos<\/a><\/p>\n<\/div>\n","protected":false},"excerpt":{"rendered":"<p>da\u00a0Ag\u00eancia iNFRA O ministro da Infraestrutura, Tarc\u00edsio de Freitas, disse na live da Ag\u00eancia iNFRA\u00a0que n\u00e3o se sente pressionado pelo fato de haver uma reconfigura\u00e7\u00e3o pol\u00edtica do governo, que est\u00e1 se aliando a partidos do chamado Centr\u00e3o.\u00a0Segundo ele, os cargos principais na pasta est\u00e3o sendo ocupados por pessoas que passam por processo seletivo interno, e [&hellip;]<\/p>\n","protected":false},"author":9,"featured_media":5110,"comment_status":"closed","ping_status":"closed","sticky":false,"template":"","format":"standard","meta":{"_monsterinsights_skip_tracking":false,"_monsterinsights_sitenote_active":false,"_monsterinsights_sitenote_note":"","_monsterinsights_sitenote_category":0,"footnotes":""},"categories":[1],"tags":[],"class_list":["post-5108","post","type-post","status-publish","format-standard","has-post-thumbnail","hentry","category-geral"],"yoast_head":"<!-- This site is optimized with the Yoast SEO Premium plugin v25.4 (Yoast SEO v26.0) - https:\/\/yoast.com\/wordpress\/plugins\/seo\/ -->\n<title>iNFRALive: Tarc\u00edsio sobre cargos no minist\u00e9rio: &quot;Ali est\u00e1 dando certo, n\u00e3o vamos mexer&quot; - Ag\u00eancia iNFRA<\/title>\n<meta name=\"robots\" content=\"index, follow, max-snippet:-1, max-image-preview:large, max-video-preview:-1\" \/>\n<link rel=\"canonical\" href=\"https:\/\/agenciainfra.com\/blog\/infralive-tarcisio-sobre-cargos-no-ministerio-ali-esta-dando-certo-nao-vamos-mexer\/\" \/>\n<meta property=\"og:locale\" content=\"pt_BR\" \/>\n<meta property=\"og:type\" content=\"article\" \/>\n<meta property=\"og:title\" content=\"iNFRALive: Tarc\u00edsio sobre cargos no minist\u00e9rio: &quot;Ali est\u00e1 dando certo, n\u00e3o vamos mexer&quot;\" \/>\n<meta property=\"og:description\" content=\"da\u00a0Ag\u00eancia iNFRA O ministro da Infraestrutura, Tarc\u00edsio de Freitas, disse na live da Ag\u00eancia iNFRA\u00a0que n\u00e3o se sente pressionado pelo fato de haver uma reconfigura\u00e7\u00e3o pol\u00edtica do governo, que est\u00e1 se aliando a partidos do chamado Centr\u00e3o.\u00a0Segundo ele, os cargos principais na pasta est\u00e3o sendo ocupados por pessoas que passam por processo seletivo interno, e [&hellip;]\" \/>\n<meta property=\"og:url\" content=\"https:\/\/agenciainfra.com\/blog\/infralive-tarcisio-sobre-cargos-no-ministerio-ali-esta-dando-certo-nao-vamos-mexer\/\" \/>\n<meta property=\"og:site_name\" content=\"Ag\u00eancia iNFRA\" \/>\n<meta property=\"article:publisher\" content=\"https:\/\/www.facebook.com\/ageninfra\" \/>\n<meta property=\"article:published_time\" content=\"2020-06-11T11:00:01+00:00\" \/>\n<meta property=\"og:image\" content=\"https:\/\/agenciainfra.com\/blog\/wp-content\/uploads\/2020\/06\/min-tarcisio-freitas-foto-ricardo-botelho-minfra.jpg\" \/>\n\t<meta property=\"og:image:width\" content=\"1280\" \/>\n\t<meta property=\"og:image:height\" content=\"853\" \/>\n\t<meta property=\"og:image:type\" content=\"image\/jpeg\" \/>\n<meta name=\"author\" content=\"Rodrigo Zuquim\" \/>\n<meta name=\"twitter:card\" content=\"summary_large_image\" \/>\n<meta name=\"twitter:creator\" content=\"@agencia_infra\" \/>\n<meta name=\"twitter:site\" content=\"@agencia_infra\" \/>\n<meta name=\"twitter:label1\" content=\"Escrito por\" \/>\n\t<meta name=\"twitter:data1\" content=\"Rodrigo Zuquim\" \/>\n\t<meta name=\"twitter:label2\" content=\"Est. tempo de leitura\" \/>\n\t<meta name=\"twitter:data2\" content=\"3 minutos\" \/>\n<script type=\"application\/ld+json\" class=\"yoast-schema-graph\">{\"@context\":\"https:\/\/schema.org\",\"@graph\":[{\"@type\":\"Article\",\"@id\":\"https:\/\/agenciainfra.com\/blog\/infralive-tarcisio-sobre-cargos-no-ministerio-ali-esta-dando-certo-nao-vamos-mexer\/#article\",\"isPartOf\":{\"@id\":\"https:\/\/agenciainfra.com\/blog\/infralive-tarcisio-sobre-cargos-no-ministerio-ali-esta-dando-certo-nao-vamos-mexer\/\"},\"author\":{\"name\":\"Rodrigo Zuquim\",\"@id\":\"https:\/\/agenciainfra.com\/blog\/#\/schema\/person\/04dbb79bd6d8951f063da71f3e4c1eb1\"},\"headline\":\"iNFRALive: Tarc\u00edsio sobre cargos no minist\u00e9rio: &#8220;Ali est\u00e1 dando certo, n\u00e3o vamos mexer&#8221;\",\"datePublished\":\"2020-06-11T11:00:01+00:00\",\"mainEntityOfPage\":{\"@id\":\"https:\/\/agenciainfra.com\/blog\/infralive-tarcisio-sobre-cargos-no-ministerio-ali-esta-dando-certo-nao-vamos-mexer\/\"},\"wordCount\":567,\"publisher\":{\"@id\":\"https:\/\/agenciainfra.com\/blog\/#organization\"},\"image\":{\"@id\":\"https:\/\/agenciainfra.com\/blog\/infralive-tarcisio-sobre-cargos-no-ministerio-ali-esta-dando-certo-nao-vamos-mexer\/#primaryimage\"},\"thumbnailUrl\":\"https:\/\/agenciainfra.com\/blog\/wp-content\/uploads\/2020\/06\/min-tarcisio-freitas-foto-ricardo-botelho-minfra.jpg\",\"articleSection\":[\"Geral\"],\"inLanguage\":\"pt-BR\",\"copyrightYear\":\"2020\",\"copyrightHolder\":{\"@id\":\"https:\/\/agenciainfra.com\/blog\/#organization\"}},{\"@type\":\"WebPage\",\"@id\":\"https:\/\/agenciainfra.com\/blog\/infralive-tarcisio-sobre-cargos-no-ministerio-ali-esta-dando-certo-nao-vamos-mexer\/\",\"url\":\"https:\/\/agenciainfra.com\/blog\/infralive-tarcisio-sobre-cargos-no-ministerio-ali-esta-dando-certo-nao-vamos-mexer\/\",\"name\":\"iNFRALive: Tarc\u00edsio sobre cargos no minist\u00e9rio: \\\"Ali est\u00e1 dando certo, n\u00e3o vamos mexer\\\" - Ag\u00eancia iNFRA\",\"isPartOf\":{\"@id\":\"https:\/\/agenciainfra.com\/blog\/#website\"},\"primaryImageOfPage\":{\"@id\":\"https:\/\/agenciainfra.com\/blog\/infralive-tarcisio-sobre-cargos-no-ministerio-ali-esta-dando-certo-nao-vamos-mexer\/#primaryimage\"},\"image\":{\"@id\":\"https:\/\/agenciainfra.com\/blog\/infralive-tarcisio-sobre-cargos-no-ministerio-ali-esta-dando-certo-nao-vamos-mexer\/#primaryimage\"},\"thumbnailUrl\":\"https:\/\/agenciainfra.com\/blog\/wp-content\/uploads\/2020\/06\/min-tarcisio-freitas-foto-ricardo-botelho-minfra.jpg\",\"datePublished\":\"2020-06-11T11:00:01+00:00\",\"breadcrumb\":{\"@id\":\"https:\/\/agenciainfra.com\/blog\/infralive-tarcisio-sobre-cargos-no-ministerio-ali-esta-dando-certo-nao-vamos-mexer\/#breadcrumb\"},\"inLanguage\":\"pt-BR\",\"potentialAction\":[{\"@type\":\"ReadAction\",\"target\":[\"https:\/\/agenciainfra.com\/blog\/infralive-tarcisio-sobre-cargos-no-ministerio-ali-esta-dando-certo-nao-vamos-mexer\/\"]}]},{\"@type\":\"ImageObject\",\"inLanguage\":\"pt-BR\",\"@id\":\"https:\/\/agenciainfra.com\/blog\/infralive-tarcisio-sobre-cargos-no-ministerio-ali-esta-dando-certo-nao-vamos-mexer\/#primaryimage\",\"url\":\"https:\/\/agenciainfra.com\/blog\/wp-content\/uploads\/2020\/06\/min-tarcisio-freitas-foto-ricardo-botelho-minfra.jpg\",\"contentUrl\":\"https:\/\/agenciainfra.com\/blog\/wp-content\/uploads\/2020\/06\/min-tarcisio-freitas-foto-ricardo-botelho-minfra.jpg\",\"width\":1280,\"height\":853},{\"@type\":\"BreadcrumbList\",\"@id\":\"https:\/\/agenciainfra.com\/blog\/infralive-tarcisio-sobre-cargos-no-ministerio-ali-esta-dando-certo-nao-vamos-mexer\/#breadcrumb\",\"itemListElement\":[{\"@type\":\"ListItem\",\"position\":1,\"name\":\"In\u00edcio\",\"item\":\"https:\/\/agenciainfra.com\/blog\/\"},{\"@type\":\"ListItem\",\"position\":2,\"name\":\"iNFRALive: Tarc\u00edsio sobre cargos no minist\u00e9rio: &#8220;Ali est\u00e1 dando certo, n\u00e3o vamos mexer&#8221;\"}]},{\"@type\":\"WebSite\",\"@id\":\"https:\/\/agenciainfra.com\/blog\/#website\",\"url\":\"https:\/\/agenciainfra.com\/blog\/\",\"name\":\"Ag\u00eancia iNFRA\",\"description\":\"Multiplataforma de informa\u00e7\u00e3o jornal\u00edstica refer\u00eancia na \u00e1rea de infraestrutura no Brasil!\",\"publisher\":{\"@id\":\"https:\/\/agenciainfra.com\/blog\/#organization\"},\"potentialAction\":[{\"@type\":\"SearchAction\",\"target\":{\"@type\":\"EntryPoint\",\"urlTemplate\":\"https:\/\/agenciainfra.com\/blog\/?s={search_term_string}\"},\"query-input\":{\"@type\":\"PropertyValueSpecification\",\"valueRequired\":true,\"valueName\":\"search_term_string\"}}],\"inLanguage\":\"pt-BR\"},{\"@type\":\"Organization\",\"@id\":\"https:\/\/agenciainfra.com\/blog\/#organization\",\"name\":\"Ag\u00eancia iNFRA\",\"url\":\"https:\/\/agenciainfra.com\/blog\/\",\"logo\":{\"@type\":\"ImageObject\",\"inLanguage\":\"pt-BR\",\"@id\":\"https:\/\/agenciainfra.com\/blog\/#\/schema\/logo\/image\/\",\"url\":\"https:\/\/agenciainfra.com\/blog\/wp-content\/uploads\/2023\/09\/iNFRA_5-e1761735885940.png\",\"contentUrl\":\"https:\/\/agenciainfra.com\/blog\/wp-content\/uploads\/2023\/09\/iNFRA_5-e1761735885940.png\",\"width\":1672,\"height\":454,\"caption\":\"Ag\u00eancia iNFRA\"},\"image\":{\"@id\":\"https:\/\/agenciainfra.com\/blog\/#\/schema\/logo\/image\/\"},\"sameAs\":[\"https:\/\/www.facebook.com\/ageninfra\",\"https:\/\/x.com\/agencia_infra\",\"https:\/\/www.linkedin.com\/company\/ag\u00eanciainfra\/\",\"https:\/\/www.instagram.com\/agenciainfra\/\"]},{\"@type\":\"Person\",\"@id\":\"https:\/\/agenciainfra.com\/blog\/#\/schema\/person\/04dbb79bd6d8951f063da71f3e4c1eb1\",\"name\":\"Rodrigo Zuquim\",\"image\":{\"@type\":\"ImageObject\",\"inLanguage\":\"pt-BR\",\"@id\":\"https:\/\/agenciainfra.com\/blog\/#\/schema\/person\/image\/\",\"url\":\"https:\/\/secure.gravatar.com\/avatar\/594abfe82761d620726242ff34ca472a705a4b97f16c790053a6b4c4035274d0?s=96&d=mm&r=g\",\"contentUrl\":\"https:\/\/secure.gravatar.com\/avatar\/594abfe82761d620726242ff34ca472a705a4b97f16c790053a6b4c4035274d0?s=96&d=mm&r=g\",\"caption\":\"Rodrigo Zuquim\"},\"url\":\"https:\/\/agenciainfra.com\/blog\/author\/rodrigo-zuquim\/\"}]}<\/script>\n<!-- \/ Yoast SEO Premium plugin. -->","yoast_head_json":{"title":"iNFRALive: Tarc\u00edsio sobre cargos no minist\u00e9rio: \"Ali est\u00e1 dando certo, n\u00e3o vamos mexer\" - Ag\u00eancia iNFRA","robots":{"index":"index","follow":"follow","max-snippet":"max-snippet:-1","max-image-preview":"max-image-preview:large","max-video-preview":"max-video-preview:-1"},"canonical":"https:\/\/agenciainfra.com\/blog\/infralive-tarcisio-sobre-cargos-no-ministerio-ali-esta-dando-certo-nao-vamos-mexer\/","og_locale":"pt_BR","og_type":"article","og_title":"iNFRALive: Tarc\u00edsio sobre cargos no minist\u00e9rio: \"Ali est\u00e1 dando certo, n\u00e3o vamos mexer\"","og_description":"da\u00a0Ag\u00eancia iNFRA O ministro da Infraestrutura, Tarc\u00edsio de Freitas, disse na live da Ag\u00eancia iNFRA\u00a0que n\u00e3o se sente pressionado pelo fato de haver uma reconfigura\u00e7\u00e3o pol\u00edtica do governo, que est\u00e1 se aliando a partidos do chamado Centr\u00e3o.\u00a0Segundo ele, os cargos principais na pasta est\u00e3o sendo ocupados por pessoas que passam por processo seletivo interno, e [&hellip;]","og_url":"https:\/\/agenciainfra.com\/blog\/infralive-tarcisio-sobre-cargos-no-ministerio-ali-esta-dando-certo-nao-vamos-mexer\/","og_site_name":"Ag\u00eancia iNFRA","article_publisher":"https:\/\/www.facebook.com\/ageninfra","article_published_time":"2020-06-11T11:00:01+00:00","og_image":[{"width":1280,"height":853,"url":"https:\/\/agenciainfra.com\/blog\/wp-content\/uploads\/2020\/06\/min-tarcisio-freitas-foto-ricardo-botelho-minfra.jpg","type":"image\/jpeg"}],"author":"Rodrigo Zuquim","twitter_card":"summary_large_image","twitter_creator":"@agencia_infra","twitter_site":"@agencia_infra","twitter_misc":{"Escrito por":"Rodrigo Zuquim","Est. tempo de leitura":"3 minutos"},"schema":{"@context":"https:\/\/schema.org","@graph":[{"@type":"Article","@id":"https:\/\/agenciainfra.com\/blog\/infralive-tarcisio-sobre-cargos-no-ministerio-ali-esta-dando-certo-nao-vamos-mexer\/#article","isPartOf":{"@id":"https:\/\/agenciainfra.com\/blog\/infralive-tarcisio-sobre-cargos-no-ministerio-ali-esta-dando-certo-nao-vamos-mexer\/"},"author":{"name":"Rodrigo Zuquim","@id":"https:\/\/agenciainfra.com\/blog\/#\/schema\/person\/04dbb79bd6d8951f063da71f3e4c1eb1"},"headline":"iNFRALive: Tarc\u00edsio sobre cargos no minist\u00e9rio: &#8220;Ali est\u00e1 dando certo, n\u00e3o vamos mexer&#8221;","datePublished":"2020-06-11T11:00:01+00:00","mainEntityOfPage":{"@id":"https:\/\/agenciainfra.com\/blog\/infralive-tarcisio-sobre-cargos-no-ministerio-ali-esta-dando-certo-nao-vamos-mexer\/"},"wordCount":567,"publisher":{"@id":"https:\/\/agenciainfra.com\/blog\/#organization"},"image":{"@id":"https:\/\/agenciainfra.com\/blog\/infralive-tarcisio-sobre-cargos-no-ministerio-ali-esta-dando-certo-nao-vamos-mexer\/#primaryimage"},"thumbnailUrl":"https:\/\/agenciainfra.com\/blog\/wp-content\/uploads\/2020\/06\/min-tarcisio-freitas-foto-ricardo-botelho-minfra.jpg","articleSection":["Geral"],"inLanguage":"pt-BR","copyrightYear":"2020","copyrightHolder":{"@id":"https:\/\/agenciainfra.com\/blog\/#organization"}},{"@type":"WebPage","@id":"https:\/\/agenciainfra.com\/blog\/infralive-tarcisio-sobre-cargos-no-ministerio-ali-esta-dando-certo-nao-vamos-mexer\/","url":"https:\/\/agenciainfra.com\/blog\/infralive-tarcisio-sobre-cargos-no-ministerio-ali-esta-dando-certo-nao-vamos-mexer\/","name":"iNFRALive: Tarc\u00edsio sobre cargos no minist\u00e9rio: \"Ali est\u00e1 dando certo, n\u00e3o vamos mexer\" - Ag\u00eancia iNFRA","isPartOf":{"@id":"https:\/\/agenciainfra.com\/blog\/#website"},"primaryImageOfPage":{"@id":"https:\/\/agenciainfra.com\/blog\/infralive-tarcisio-sobre-cargos-no-ministerio-ali-esta-dando-certo-nao-vamos-mexer\/#primaryimage"},"image":{"@id":"https:\/\/agenciainfra.com\/blog\/infralive-tarcisio-sobre-cargos-no-ministerio-ali-esta-dando-certo-nao-vamos-mexer\/#primaryimage"},"thumbnailUrl":"https:\/\/agenciainfra.com\/blog\/wp-content\/uploads\/2020\/06\/min-tarcisio-freitas-foto-ricardo-botelho-minfra.jpg","datePublished":"2020-06-11T11:00:01+00:00","breadcrumb":{"@id":"https:\/\/agenciainfra.com\/blog\/infralive-tarcisio-sobre-cargos-no-ministerio-ali-esta-dando-certo-nao-vamos-mexer\/#breadcrumb"},"inLanguage":"pt-BR","potentialAction":[{"@type":"ReadAction","target":["https:\/\/agenciainfra.com\/blog\/infralive-tarcisio-sobre-cargos-no-ministerio-ali-esta-dando-certo-nao-vamos-mexer\/"]}]},{"@type":"ImageObject","inLanguage":"pt-BR","@id":"https:\/\/agenciainfra.com\/blog\/infralive-tarcisio-sobre-cargos-no-ministerio-ali-esta-dando-certo-nao-vamos-mexer\/#primaryimage","url":"https:\/\/agenciainfra.com\/blog\/wp-content\/uploads\/2020\/06\/min-tarcisio-freitas-foto-ricardo-botelho-minfra.jpg","contentUrl":"https:\/\/agenciainfra.com\/blog\/wp-content\/uploads\/2020\/06\/min-tarcisio-freitas-foto-ricardo-botelho-minfra.jpg","width":1280,"height":853},{"@type":"BreadcrumbList","@id":"https:\/\/agenciainfra.com\/blog\/infralive-tarcisio-sobre-cargos-no-ministerio-ali-esta-dando-certo-nao-vamos-mexer\/#breadcrumb","itemListElement":[{"@type":"ListItem","position":1,"name":"In\u00edcio","item":"https:\/\/agenciainfra.com\/blog\/"},{"@type":"ListItem","position":2,"name":"iNFRALive: Tarc\u00edsio sobre cargos no minist\u00e9rio: &#8220;Ali est\u00e1 dando certo, n\u00e3o vamos mexer&#8221;"}]},{"@type":"WebSite","@id":"https:\/\/agenciainfra.com\/blog\/#website","url":"https:\/\/agenciainfra.com\/blog\/","name":"Ag\u00eancia iNFRA","description":"Multiplataforma de informa\u00e7\u00e3o jornal\u00edstica refer\u00eancia na \u00e1rea de infraestrutura no Brasil!","publisher":{"@id":"https:\/\/agenciainfra.com\/blog\/#organization"},"potentialAction":[{"@type":"SearchAction","target":{"@type":"EntryPoint","urlTemplate":"https:\/\/agenciainfra.com\/blog\/?s={search_term_string}"},"query-input":{"@type":"PropertyValueSpecification","valueRequired":true,"valueName":"search_term_string"}}],"inLanguage":"pt-BR"},{"@type":"Organization","@id":"https:\/\/agenciainfra.com\/blog\/#organization","name":"Ag\u00eancia iNFRA","url":"https:\/\/agenciainfra.com\/blog\/","logo":{"@type":"ImageObject","inLanguage":"pt-BR","@id":"https:\/\/agenciainfra.com\/blog\/#\/schema\/logo\/image\/","url":"https:\/\/agenciainfra.com\/blog\/wp-content\/uploads\/2023\/09\/iNFRA_5-e1761735885940.png","contentUrl":"https:\/\/agenciainfra.com\/blog\/wp-content\/uploads\/2023\/09\/iNFRA_5-e1761735885940.png","width":1672,"height":454,"caption":"Ag\u00eancia iNFRA"},"image":{"@id":"https:\/\/agenciainfra.com\/blog\/#\/schema\/logo\/image\/"},"sameAs":["https:\/\/www.facebook.com\/ageninfra","https:\/\/x.com\/agencia_infra","https:\/\/www.linkedin.com\/company\/ag\u00eanciainfra\/","https:\/\/www.instagram.com\/agenciainfra\/"]},{"@type":"Person","@id":"https:\/\/agenciainfra.com\/blog\/#\/schema\/person\/04dbb79bd6d8951f063da71f3e4c1eb1","name":"Rodrigo Zuquim","image":{"@type":"ImageObject","inLanguage":"pt-BR","@id":"https:\/\/agenciainfra.com\/blog\/#\/schema\/person\/image\/","url":"https:\/\/secure.gravatar.com\/avatar\/594abfe82761d620726242ff34ca472a705a4b97f16c790053a6b4c4035274d0?s=96&d=mm&r=g","contentUrl":"https:\/\/secure.gravatar.com\/avatar\/594abfe82761d620726242ff34ca472a705a4b97f16c790053a6b4c4035274d0?s=96&d=mm&r=g","caption":"Rodrigo Zuquim"},"url":"https:\/\/agenciainfra.com\/blog\/author\/rodrigo-zuquim\/"}]}},"_links":{"self":[{"href":"https:\/\/agenciainfra.com\/blog\/wp-json\/wp\/v2\/posts\/5108","targetHints":{"allow":["GET"]}}],"collection":[{"href":"https:\/\/agenciainfra.com\/blog\/wp-json\/wp\/v2\/posts"}],"about":[{"href":"https:\/\/agenciainfra.com\/blog\/wp-json\/wp\/v2\/types\/post"}],"author":[{"embeddable":true,"href":"https:\/\/agenciainfra.com\/blog\/wp-json\/wp\/v2\/users\/9"}],"replies":[{"embeddable":true,"href":"https:\/\/agenciainfra.com\/blog\/wp-json\/wp\/v2\/comments?post=5108"}],"version-history":[{"count":0,"href":"https:\/\/agenciainfra.com\/blog\/wp-json\/wp\/v2\/posts\/5108\/revisions"}],"wp:featuredmedia":[{"embeddable":true,"href":"https:\/\/agenciainfra.com\/blog\/wp-json\/wp\/v2\/media\/5110"}],"wp:attachment":[{"href":"https:\/\/agenciainfra.com\/blog\/wp-json\/wp\/v2\/media?parent=5108"}],"wp:term":[{"taxonomy":"category","embeddable":true,"href":"https:\/\/agenciainfra.com\/blog\/wp-json\/wp\/v2\/categories?post=5108"},{"taxonomy":"post_tag","embeddable":true,"href":"https:\/\/agenciainfra.com\/blog\/wp-json\/wp\/v2\/tags?post=5108"}],"curies":[{"name":"wp","href":"https:\/\/api.w.org\/{rel}","templated":true}]}}