{"id":5117,"date":"2020-06-10T13:00:31","date_gmt":"2020-06-10T16:00:31","guid":{"rendered":"https:\/\/www.agenciainfra.com\/blog\/?p=5117"},"modified":"2020-06-10T11:29:16","modified_gmt":"2020-06-10T14:29:16","slug":"o-legado-da-maior-e-mais-nova-concessao-de-rodovias-paulistas","status":"publish","type":"post","link":"https:\/\/agenciainfra.com\/blog\/o-legado-da-maior-e-mais-nova-concessao-de-rodovias-paulistas\/","title":{"rendered":"iNFRADebate: O legado da maior e mais nova concess\u00e3o de rodovias paulistas"},"content":{"rendered":"<h5 class=\"p1\" style=\"text-align: right;\"><strong><span class=\"s1\">Renata Perez Dantas<\/span><\/strong><strong><span class=\"s1\">*<\/span><\/strong><\/h5>\n<p><b><\/b><span style=\"font-weight: 400;\">Ao assumir a opera\u00e7\u00e3o dos 1.273 quil\u00f4metros do trecho entre Piracicaba e Panorama, no \u00faltimo dia 4, a nova concession\u00e1ria de rodovias deu o primeiro passo para o novo legado do Programa de Concess\u00f5es Rodovi\u00e1rias do Estado de S\u00e3o Paulo. Um importante marco nestes 22 anos desde o primeiro trecho concedido e um modelo a ser seguido nos pr\u00f3ximos contratos do setor de infraestrutura sob a \u00f3tica dos aspectos econ\u00f4micos e regulat\u00f3rios.\u00a0<\/span><\/p>\n<p><span style=\"font-weight: 400;\">\u00c9 absolutamente justo afirmar que o programa de concess\u00e3o no estado de S\u00e3o Paulo caminha em um processo hist\u00f3rico de aprendizados e ganhos relevantes para a economia paulista, para o desenvolvimento socioecon\u00f4mico regional e assume protagonismo fundamental, contribuindo com o escoamento da produ\u00e7\u00e3o com toda fluidez necess\u00e1ria para garantia do abastecimento das principais regi\u00f5es do pa\u00eds.\u00a0<\/span><\/p>\n<p><span style=\"font-weight: 400;\">Por isso, o in\u00edcio da atua\u00e7\u00e3o da concession\u00e1ria Eixo-SP ocorre em um momento oportuno e crucial, simbolizando a retomada da economia no estado, uma vez que a malha concedida compreende importante eixo de produ\u00e7\u00e3o do agroneg\u00f3cio nacional. O investimento, de R$ 14 bilh\u00f5es ao longo de 30 anos, certamente ter\u00e1 papel relevante no cen\u00e1rio atual, j\u00e1 que R$ 800 milh\u00f5es ser\u00e3o injetados logo no primeiro ano da concess\u00e3o.\u00a0<\/span><\/p>\n<p><span style=\"font-weight: 400;\">O impulsionamento ganha ainda mais for\u00e7a com a gera\u00e7\u00e3o de sete mil postos de trabalho, a serem distribu\u00eddos entre os 62 munic\u00edpios lindeiros aos trechos concedidos. O est\u00edmulo com novos empregos e a movimenta\u00e7\u00e3o de atividades de com\u00e9rcio e servi\u00e7os, impulsionadas pela concess\u00e3o, s\u00e3o dinamizadores para o crescimento e fortalecimento da economia.\u00a0\u00a0<\/span><\/p>\n<p><span style=\"font-weight: 400;\">Ainda que em um cen\u00e1rio desafiador, os n\u00fameros mostram um futuro promissor, que j\u00e1 foi pavimentado com investimentos, at\u00e9 2019, de R$ 121 bilh\u00f5es em obras e manuten\u00e7\u00e3o ao longo das vias concedidas, que agora somam quase 50% do total da malha estadual.\u00a0<\/span><\/p>\n<p><span style=\"font-weight: 400;\">Comprovadamente, a concess\u00e3o de uma rodovia vem para melhorar a vida dos usu\u00e1rios, oferecendo mais seguran\u00e7a aos motoristas e benef\u00edcios para as cidades lindeiras, ind\u00fastrias e com\u00e9rcios. At\u00e9 hoje, foram repassados \u00e0s gest\u00f5es municipais impactadas pelas concess\u00f5es R$ 5,6 bilh\u00f5es de ISSQN (Imposto Sobre Servi\u00e7os sobre Qualquer Natureza). Com o Lote PiPa, est\u00e3o previstos repasses de R$ 2 bilh\u00f5es para as prefeituras locais durante o per\u00edodo contratual, que ser\u00e3o convertidos em melhores servi\u00e7os municipais e desenvolvimento regional.<\/span><\/p>\n<p><span style=\"font-weight: 400;\">Para al\u00e9m dos ganhos socioecon\u00f4micos, esse contrato possui car\u00e1ter inovador, agregando itens que v\u00e3o mudar a modelagem de concess\u00e3o no pa\u00eds. A cada novo passo nesse sentido, a Artesp (Ag\u00eancia de Transporte do Estado de S\u00e3o Paulo) aperfei\u00e7oa os modelos contratuais, buscando conciliar interesses de usu\u00e1rios, investidores e governo.<\/span><\/p>\n<p><span style=\"font-weight: 400;\">Essa equa\u00e7\u00e3o abarca necessidades dos usu\u00e1rios, como refinamento na metodologia de seguran\u00e7a vi\u00e1ria para redu\u00e7\u00e3o de acidentes e n\u00famero de mortes.\u00a0 A experi\u00eancia levou \u00e0 elabora\u00e7\u00e3o de um processo extremamente justo com cria\u00e7\u00e3o de incentivos e penaliza\u00e7\u00f5es, compartilhamento de riscos e escolhas de crit\u00e9rios de sele\u00e7\u00e3o, bem como instrumentos claros no fluxo de recomposi\u00e7\u00e3o de equil\u00edbrio econ\u00f4mico-financeiro.<\/span><\/p>\n<p><span style=\"font-weight: 400;\">Os avan\u00e7os no desenho contratual s\u00e3o resultado de uma maturidade do ambiente de concess\u00f5es de infraestrutura do pa\u00eds e traz vantagens competitivas. Mais: estabelece novo paradigma para atrair investimentos em projetos do setor, oferecendo credibilidade, seguran\u00e7a jur\u00eddica e retornos atrativos.\u00a0<\/span><\/p>\n<p><span style=\"font-weight: 400;\">\u00c9 leg\u00edtimo afirmar que um ambiente regulat\u00f3rio bem estruturado atrai os melhores operadores de concess\u00f5es rodovi\u00e1rias e investidores por meio de um processo de licita\u00e7\u00e3o competitivo, transparente e internacional. Seguindo essa tend\u00eancia, o contrato elaborado para a &#8220;PiPa&#8221; \u00e9 um modelo bem-sucedido e poss\u00edvel de ser replicado, uma vez que traz solu\u00e7\u00f5es adotadas em excelentes vias internacionais, adaptadas para a realidade brasileira.\u00a0<\/span><\/p>\n<p><span style=\"font-weight: 400;\">A concess\u00e3o comum de uma rodovia pressup\u00f5e o pagamento de tarifa para viabilizar os investimentos. A contrapartida, no entanto, n\u00e3o prescinde da quest\u00e3o social. Estudamos e chegamos a um modelo que re\u00fane pilares consistentes, tanto do ponto de vista econ\u00f4mico-financeiro, como regulat\u00f3rio e social. Estabelecemos justi\u00e7a tarif\u00e1ria, com a sistem\u00e1tica de descontos progressivos para usu\u00e1rios frequentes, inova\u00e7\u00e3o nos instrumentos e mecanismos contratuais e melhoria do pacote de servi\u00e7os.\u00a0 O usu\u00e1rio est\u00e1 ganhando uma malha rodovi\u00e1ria com tecnologia das mais avan\u00e7adas em todos os aspectos. E S\u00e3o Paulo, por sua vez, ganha novamente com a inje\u00e7\u00e3o de recursos e fortalecimento da economia regional. Uma estrada de sucesso e inova\u00e7\u00e3o<\/span>.<\/p>\n<h6 class=\"p1\"><\/h6>\n<h6 class=\"p1\"><span class=\"s1\"><b>*Renata Perez Dantas \u00e9 diretora-geral interina da Artesp (Ag\u00eancia de Transporte do Estado de S\u00e3o Paulo).<\/b><\/span><\/h6>\n<p>&nbsp;<\/p>\n<h5>O iNFRADebate \u00e9 o espa\u00e7o de artigos da Ag\u00eancia iNFRA com opini\u00f5es de seus atores que n\u00e3o refletem necessariamente o pensamento da Ag\u00eancia iNFRA, sendo de total responsabilidade do autor as informa\u00e7\u00f5es, ju\u00edzos de valor e conceitos descritos no texto.<\/h5>\n","protected":false},"excerpt":{"rendered":"<p>Renata Perez Dantas* Ao assumir a opera\u00e7\u00e3o dos 1.273 quil\u00f4metros do trecho entre Piracicaba e Panorama, no \u00faltimo dia 4, a nova concession\u00e1ria de rodovias deu o primeiro passo para o novo legado do Programa de Concess\u00f5es Rodovi\u00e1rias do Estado de S\u00e3o Paulo. Um importante marco nestes 22 anos desde o primeiro trecho concedido e [&hellip;]<\/p>\n","protected":false},"author":9,"featured_media":5118,"comment_status":"closed","ping_status":"closed","sticky":false,"template":"","format":"standard","meta":{"_monsterinsights_skip_tracking":false,"_monsterinsights_sitenote_active":false,"_monsterinsights_sitenote_note":"","_monsterinsights_sitenote_category":0,"footnotes":""},"categories":[1,11],"tags":[1247,78,2124,1995,2126,2123,2125,1939,21],"class_list":["post-5117","post","type-post","status-publish","format-standard","has-post-thumbnail","hentry","category-geral","category-infradebate","tag-artesp","tag-concessoes","tag-eixo-sp","tag-equilibrio-economico-financeiro","tag-panorama","tag-pipa","tag-piracicaba","tag-renata-dantas","tag-rodovia"],"yoast_head":"<!-- This site is optimized with the Yoast SEO Premium plugin v25.4 (Yoast SEO v26.0) - https:\/\/yoast.com\/wordpress\/plugins\/seo\/ -->\n<title>iNFRADebate: O legado da maior e mais nova concess\u00e3o de rodovias paulistas - Ag\u00eancia iNFRA<\/title>\n<meta name=\"robots\" content=\"index, follow, max-snippet:-1, max-image-preview:large, max-video-preview:-1\" \/>\n<link rel=\"canonical\" href=\"https:\/\/agenciainfra.com\/blog\/o-legado-da-maior-e-mais-nova-concessao-de-rodovias-paulistas\/\" \/>\n<meta property=\"og:locale\" content=\"pt_BR\" \/>\n<meta property=\"og:type\" content=\"article\" \/>\n<meta property=\"og:title\" content=\"iNFRADebate: O legado da maior e mais nova concess\u00e3o de rodovias paulistas\" \/>\n<meta property=\"og:description\" content=\"Renata Perez Dantas* Ao assumir a opera\u00e7\u00e3o dos 1.273 quil\u00f4metros do trecho entre Piracicaba e Panorama, no \u00faltimo dia 4, a nova concession\u00e1ria de rodovias deu o primeiro passo para o novo legado do Programa de Concess\u00f5es Rodovi\u00e1rias do Estado de S\u00e3o Paulo. Um importante marco nestes 22 anos desde o primeiro trecho concedido e [&hellip;]\" \/>\n<meta property=\"og:url\" content=\"https:\/\/agenciainfra.com\/blog\/o-legado-da-maior-e-mais-nova-concessao-de-rodovias-paulistas\/\" \/>\n<meta property=\"og:site_name\" content=\"Ag\u00eancia iNFRA\" \/>\n<meta property=\"article:publisher\" content=\"https:\/\/www.facebook.com\/ageninfra\" \/>\n<meta property=\"article:published_time\" content=\"2020-06-10T16:00:31+00:00\" \/>\n<meta property=\"og:image\" content=\"https:\/\/agenciainfra.com\/blog\/wp-content\/uploads\/2020\/06\/renata-dantas-foto-arquivo.jpg\" \/>\n\t<meta property=\"og:image:width\" content=\"1280\" \/>\n\t<meta property=\"og:image:height\" content=\"853\" \/>\n\t<meta property=\"og:image:type\" content=\"image\/jpeg\" \/>\n<meta name=\"author\" content=\"Rodrigo Zuquim\" \/>\n<meta name=\"twitter:card\" content=\"summary_large_image\" \/>\n<meta name=\"twitter:creator\" content=\"@agencia_infra\" \/>\n<meta name=\"twitter:site\" content=\"@agencia_infra\" \/>\n<meta name=\"twitter:label1\" content=\"Escrito por\" \/>\n\t<meta name=\"twitter:data1\" content=\"Rodrigo Zuquim\" \/>\n\t<meta name=\"twitter:label2\" content=\"Est. tempo de leitura\" \/>\n\t<meta name=\"twitter:data2\" content=\"4 minutos\" \/>\n<script type=\"application\/ld+json\" class=\"yoast-schema-graph\">{\"@context\":\"https:\/\/schema.org\",\"@graph\":[{\"@type\":\"Article\",\"@id\":\"https:\/\/agenciainfra.com\/blog\/o-legado-da-maior-e-mais-nova-concessao-de-rodovias-paulistas\/#article\",\"isPartOf\":{\"@id\":\"https:\/\/agenciainfra.com\/blog\/o-legado-da-maior-e-mais-nova-concessao-de-rodovias-paulistas\/\"},\"author\":{\"name\":\"Rodrigo Zuquim\",\"@id\":\"https:\/\/agenciainfra.com\/blog\/#\/schema\/person\/04dbb79bd6d8951f063da71f3e4c1eb1\"},\"headline\":\"iNFRADebate: O legado da maior e mais nova concess\u00e3o de rodovias paulistas\",\"datePublished\":\"2020-06-10T16:00:31+00:00\",\"mainEntityOfPage\":{\"@id\":\"https:\/\/agenciainfra.com\/blog\/o-legado-da-maior-e-mais-nova-concessao-de-rodovias-paulistas\/\"},\"wordCount\":862,\"publisher\":{\"@id\":\"https:\/\/agenciainfra.com\/blog\/#organization\"},\"image\":{\"@id\":\"https:\/\/agenciainfra.com\/blog\/o-legado-da-maior-e-mais-nova-concessao-de-rodovias-paulistas\/#primaryimage\"},\"thumbnailUrl\":\"https:\/\/agenciainfra.com\/blog\/wp-content\/uploads\/2020\/06\/renata-dantas-foto-arquivo.jpg\",\"keywords\":[\"Artesp\",\"concess\u00f5es\",\"Eixo-SP\",\"equil\u00edbrio econ\u00f4mico-financeiro\",\"Panorama\",\"PiPa\",\"Piracicaba\",\"Renata Dantas\",\"Rodovia\"],\"articleSection\":[\"Geral\",\"iNFRADebate\"],\"inLanguage\":\"pt-BR\",\"copyrightYear\":\"2020\",\"copyrightHolder\":{\"@id\":\"https:\/\/agenciainfra.com\/blog\/#organization\"}},{\"@type\":\"WebPage\",\"@id\":\"https:\/\/agenciainfra.com\/blog\/o-legado-da-maior-e-mais-nova-concessao-de-rodovias-paulistas\/\",\"url\":\"https:\/\/agenciainfra.com\/blog\/o-legado-da-maior-e-mais-nova-concessao-de-rodovias-paulistas\/\",\"name\":\"iNFRADebate: O legado da maior e mais nova concess\u00e3o de rodovias paulistas - Ag\u00eancia iNFRA\",\"isPartOf\":{\"@id\":\"https:\/\/agenciainfra.com\/blog\/#website\"},\"primaryImageOfPage\":{\"@id\":\"https:\/\/agenciainfra.com\/blog\/o-legado-da-maior-e-mais-nova-concessao-de-rodovias-paulistas\/#primaryimage\"},\"image\":{\"@id\":\"https:\/\/agenciainfra.com\/blog\/o-legado-da-maior-e-mais-nova-concessao-de-rodovias-paulistas\/#primaryimage\"},\"thumbnailUrl\":\"https:\/\/agenciainfra.com\/blog\/wp-content\/uploads\/2020\/06\/renata-dantas-foto-arquivo.jpg\",\"datePublished\":\"2020-06-10T16:00:31+00:00\",\"breadcrumb\":{\"@id\":\"https:\/\/agenciainfra.com\/blog\/o-legado-da-maior-e-mais-nova-concessao-de-rodovias-paulistas\/#breadcrumb\"},\"inLanguage\":\"pt-BR\",\"potentialAction\":[{\"@type\":\"ReadAction\",\"target\":[\"https:\/\/agenciainfra.com\/blog\/o-legado-da-maior-e-mais-nova-concessao-de-rodovias-paulistas\/\"]}]},{\"@type\":\"ImageObject\",\"inLanguage\":\"pt-BR\",\"@id\":\"https:\/\/agenciainfra.com\/blog\/o-legado-da-maior-e-mais-nova-concessao-de-rodovias-paulistas\/#primaryimage\",\"url\":\"https:\/\/agenciainfra.com\/blog\/wp-content\/uploads\/2020\/06\/renata-dantas-foto-arquivo.jpg\",\"contentUrl\":\"https:\/\/agenciainfra.com\/blog\/wp-content\/uploads\/2020\/06\/renata-dantas-foto-arquivo.jpg\",\"width\":1280,\"height\":853},{\"@type\":\"BreadcrumbList\",\"@id\":\"https:\/\/agenciainfra.com\/blog\/o-legado-da-maior-e-mais-nova-concessao-de-rodovias-paulistas\/#breadcrumb\",\"itemListElement\":[{\"@type\":\"ListItem\",\"position\":1,\"name\":\"In\u00edcio\",\"item\":\"https:\/\/agenciainfra.com\/blog\/\"},{\"@type\":\"ListItem\",\"position\":2,\"name\":\"iNFRADebate: O legado da maior e mais nova concess\u00e3o de rodovias paulistas\"}]},{\"@type\":\"WebSite\",\"@id\":\"https:\/\/agenciainfra.com\/blog\/#website\",\"url\":\"https:\/\/agenciainfra.com\/blog\/\",\"name\":\"Ag\u00eancia iNFRA\",\"description\":\"Multiplataforma de informa\u00e7\u00e3o jornal\u00edstica refer\u00eancia na \u00e1rea de infraestrutura no Brasil!\",\"publisher\":{\"@id\":\"https:\/\/agenciainfra.com\/blog\/#organization\"},\"potentialAction\":[{\"@type\":\"SearchAction\",\"target\":{\"@type\":\"EntryPoint\",\"urlTemplate\":\"https:\/\/agenciainfra.com\/blog\/?s={search_term_string}\"},\"query-input\":{\"@type\":\"PropertyValueSpecification\",\"valueRequired\":true,\"valueName\":\"search_term_string\"}}],\"inLanguage\":\"pt-BR\"},{\"@type\":\"Organization\",\"@id\":\"https:\/\/agenciainfra.com\/blog\/#organization\",\"name\":\"Ag\u00eancia iNFRA\",\"url\":\"https:\/\/agenciainfra.com\/blog\/\",\"logo\":{\"@type\":\"ImageObject\",\"inLanguage\":\"pt-BR\",\"@id\":\"https:\/\/agenciainfra.com\/blog\/#\/schema\/logo\/image\/\",\"url\":\"https:\/\/agenciainfra.com\/blog\/wp-content\/uploads\/2023\/09\/iNFRA_5-e1761735885940.png\",\"contentUrl\":\"https:\/\/agenciainfra.com\/blog\/wp-content\/uploads\/2023\/09\/iNFRA_5-e1761735885940.png\",\"width\":1672,\"height\":454,\"caption\":\"Ag\u00eancia iNFRA\"},\"image\":{\"@id\":\"https:\/\/agenciainfra.com\/blog\/#\/schema\/logo\/image\/\"},\"sameAs\":[\"https:\/\/www.facebook.com\/ageninfra\",\"https:\/\/x.com\/agencia_infra\",\"https:\/\/www.linkedin.com\/company\/ag\u00eanciainfra\/\",\"https:\/\/www.instagram.com\/agenciainfra\/\"]},{\"@type\":\"Person\",\"@id\":\"https:\/\/agenciainfra.com\/blog\/#\/schema\/person\/04dbb79bd6d8951f063da71f3e4c1eb1\",\"name\":\"Rodrigo Zuquim\",\"image\":{\"@type\":\"ImageObject\",\"inLanguage\":\"pt-BR\",\"@id\":\"https:\/\/agenciainfra.com\/blog\/#\/schema\/person\/image\/\",\"url\":\"https:\/\/secure.gravatar.com\/avatar\/594abfe82761d620726242ff34ca472a705a4b97f16c790053a6b4c4035274d0?s=96&d=mm&r=g\",\"contentUrl\":\"https:\/\/secure.gravatar.com\/avatar\/594abfe82761d620726242ff34ca472a705a4b97f16c790053a6b4c4035274d0?s=96&d=mm&r=g\",\"caption\":\"Rodrigo Zuquim\"},\"url\":\"https:\/\/agenciainfra.com\/blog\/author\/rodrigo-zuquim\/\"}]}<\/script>\n<!-- \/ Yoast SEO Premium plugin. -->","yoast_head_json":{"title":"iNFRADebate: O legado da maior e mais nova concess\u00e3o de rodovias paulistas - Ag\u00eancia iNFRA","robots":{"index":"index","follow":"follow","max-snippet":"max-snippet:-1","max-image-preview":"max-image-preview:large","max-video-preview":"max-video-preview:-1"},"canonical":"https:\/\/agenciainfra.com\/blog\/o-legado-da-maior-e-mais-nova-concessao-de-rodovias-paulistas\/","og_locale":"pt_BR","og_type":"article","og_title":"iNFRADebate: O legado da maior e mais nova concess\u00e3o de rodovias paulistas","og_description":"Renata Perez Dantas* Ao assumir a opera\u00e7\u00e3o dos 1.273 quil\u00f4metros do trecho entre Piracicaba e Panorama, no \u00faltimo dia 4, a nova concession\u00e1ria de rodovias deu o primeiro passo para o novo legado do Programa de Concess\u00f5es Rodovi\u00e1rias do Estado de S\u00e3o Paulo. Um importante marco nestes 22 anos desde o primeiro trecho concedido e [&hellip;]","og_url":"https:\/\/agenciainfra.com\/blog\/o-legado-da-maior-e-mais-nova-concessao-de-rodovias-paulistas\/","og_site_name":"Ag\u00eancia iNFRA","article_publisher":"https:\/\/www.facebook.com\/ageninfra","article_published_time":"2020-06-10T16:00:31+00:00","og_image":[{"width":1280,"height":853,"url":"https:\/\/agenciainfra.com\/blog\/wp-content\/uploads\/2020\/06\/renata-dantas-foto-arquivo.jpg","type":"image\/jpeg"}],"author":"Rodrigo Zuquim","twitter_card":"summary_large_image","twitter_creator":"@agencia_infra","twitter_site":"@agencia_infra","twitter_misc":{"Escrito por":"Rodrigo Zuquim","Est. tempo de leitura":"4 minutos"},"schema":{"@context":"https:\/\/schema.org","@graph":[{"@type":"Article","@id":"https:\/\/agenciainfra.com\/blog\/o-legado-da-maior-e-mais-nova-concessao-de-rodovias-paulistas\/#article","isPartOf":{"@id":"https:\/\/agenciainfra.com\/blog\/o-legado-da-maior-e-mais-nova-concessao-de-rodovias-paulistas\/"},"author":{"name":"Rodrigo Zuquim","@id":"https:\/\/agenciainfra.com\/blog\/#\/schema\/person\/04dbb79bd6d8951f063da71f3e4c1eb1"},"headline":"iNFRADebate: O legado da maior e mais nova concess\u00e3o de rodovias paulistas","datePublished":"2020-06-10T16:00:31+00:00","mainEntityOfPage":{"@id":"https:\/\/agenciainfra.com\/blog\/o-legado-da-maior-e-mais-nova-concessao-de-rodovias-paulistas\/"},"wordCount":862,"publisher":{"@id":"https:\/\/agenciainfra.com\/blog\/#organization"},"image":{"@id":"https:\/\/agenciainfra.com\/blog\/o-legado-da-maior-e-mais-nova-concessao-de-rodovias-paulistas\/#primaryimage"},"thumbnailUrl":"https:\/\/agenciainfra.com\/blog\/wp-content\/uploads\/2020\/06\/renata-dantas-foto-arquivo.jpg","keywords":["Artesp","concess\u00f5es","Eixo-SP","equil\u00edbrio econ\u00f4mico-financeiro","Panorama","PiPa","Piracicaba","Renata Dantas","Rodovia"],"articleSection":["Geral","iNFRADebate"],"inLanguage":"pt-BR","copyrightYear":"2020","copyrightHolder":{"@id":"https:\/\/agenciainfra.com\/blog\/#organization"}},{"@type":"WebPage","@id":"https:\/\/agenciainfra.com\/blog\/o-legado-da-maior-e-mais-nova-concessao-de-rodovias-paulistas\/","url":"https:\/\/agenciainfra.com\/blog\/o-legado-da-maior-e-mais-nova-concessao-de-rodovias-paulistas\/","name":"iNFRADebate: O legado da maior e mais nova concess\u00e3o de rodovias paulistas - Ag\u00eancia iNFRA","isPartOf":{"@id":"https:\/\/agenciainfra.com\/blog\/#website"},"primaryImageOfPage":{"@id":"https:\/\/agenciainfra.com\/blog\/o-legado-da-maior-e-mais-nova-concessao-de-rodovias-paulistas\/#primaryimage"},"image":{"@id":"https:\/\/agenciainfra.com\/blog\/o-legado-da-maior-e-mais-nova-concessao-de-rodovias-paulistas\/#primaryimage"},"thumbnailUrl":"https:\/\/agenciainfra.com\/blog\/wp-content\/uploads\/2020\/06\/renata-dantas-foto-arquivo.jpg","datePublished":"2020-06-10T16:00:31+00:00","breadcrumb":{"@id":"https:\/\/agenciainfra.com\/blog\/o-legado-da-maior-e-mais-nova-concessao-de-rodovias-paulistas\/#breadcrumb"},"inLanguage":"pt-BR","potentialAction":[{"@type":"ReadAction","target":["https:\/\/agenciainfra.com\/blog\/o-legado-da-maior-e-mais-nova-concessao-de-rodovias-paulistas\/"]}]},{"@type":"ImageObject","inLanguage":"pt-BR","@id":"https:\/\/agenciainfra.com\/blog\/o-legado-da-maior-e-mais-nova-concessao-de-rodovias-paulistas\/#primaryimage","url":"https:\/\/agenciainfra.com\/blog\/wp-content\/uploads\/2020\/06\/renata-dantas-foto-arquivo.jpg","contentUrl":"https:\/\/agenciainfra.com\/blog\/wp-content\/uploads\/2020\/06\/renata-dantas-foto-arquivo.jpg","width":1280,"height":853},{"@type":"BreadcrumbList","@id":"https:\/\/agenciainfra.com\/blog\/o-legado-da-maior-e-mais-nova-concessao-de-rodovias-paulistas\/#breadcrumb","itemListElement":[{"@type":"ListItem","position":1,"name":"In\u00edcio","item":"https:\/\/agenciainfra.com\/blog\/"},{"@type":"ListItem","position":2,"name":"iNFRADebate: O legado da maior e mais nova concess\u00e3o de rodovias paulistas"}]},{"@type":"WebSite","@id":"https:\/\/agenciainfra.com\/blog\/#website","url":"https:\/\/agenciainfra.com\/blog\/","name":"Ag\u00eancia iNFRA","description":"Multiplataforma de informa\u00e7\u00e3o jornal\u00edstica refer\u00eancia na \u00e1rea de infraestrutura no Brasil!","publisher":{"@id":"https:\/\/agenciainfra.com\/blog\/#organization"},"potentialAction":[{"@type":"SearchAction","target":{"@type":"EntryPoint","urlTemplate":"https:\/\/agenciainfra.com\/blog\/?s={search_term_string}"},"query-input":{"@type":"PropertyValueSpecification","valueRequired":true,"valueName":"search_term_string"}}],"inLanguage":"pt-BR"},{"@type":"Organization","@id":"https:\/\/agenciainfra.com\/blog\/#organization","name":"Ag\u00eancia iNFRA","url":"https:\/\/agenciainfra.com\/blog\/","logo":{"@type":"ImageObject","inLanguage":"pt-BR","@id":"https:\/\/agenciainfra.com\/blog\/#\/schema\/logo\/image\/","url":"https:\/\/agenciainfra.com\/blog\/wp-content\/uploads\/2023\/09\/iNFRA_5-e1761735885940.png","contentUrl":"https:\/\/agenciainfra.com\/blog\/wp-content\/uploads\/2023\/09\/iNFRA_5-e1761735885940.png","width":1672,"height":454,"caption":"Ag\u00eancia iNFRA"},"image":{"@id":"https:\/\/agenciainfra.com\/blog\/#\/schema\/logo\/image\/"},"sameAs":["https:\/\/www.facebook.com\/ageninfra","https:\/\/x.com\/agencia_infra","https:\/\/www.linkedin.com\/company\/ag\u00eanciainfra\/","https:\/\/www.instagram.com\/agenciainfra\/"]},{"@type":"Person","@id":"https:\/\/agenciainfra.com\/blog\/#\/schema\/person\/04dbb79bd6d8951f063da71f3e4c1eb1","name":"Rodrigo Zuquim","image":{"@type":"ImageObject","inLanguage":"pt-BR","@id":"https:\/\/agenciainfra.com\/blog\/#\/schema\/person\/image\/","url":"https:\/\/secure.gravatar.com\/avatar\/594abfe82761d620726242ff34ca472a705a4b97f16c790053a6b4c4035274d0?s=96&d=mm&r=g","contentUrl":"https:\/\/secure.gravatar.com\/avatar\/594abfe82761d620726242ff34ca472a705a4b97f16c790053a6b4c4035274d0?s=96&d=mm&r=g","caption":"Rodrigo Zuquim"},"url":"https:\/\/agenciainfra.com\/blog\/author\/rodrigo-zuquim\/"}]}},"_links":{"self":[{"href":"https:\/\/agenciainfra.com\/blog\/wp-json\/wp\/v2\/posts\/5117","targetHints":{"allow":["GET"]}}],"collection":[{"href":"https:\/\/agenciainfra.com\/blog\/wp-json\/wp\/v2\/posts"}],"about":[{"href":"https:\/\/agenciainfra.com\/blog\/wp-json\/wp\/v2\/types\/post"}],"author":[{"embeddable":true,"href":"https:\/\/agenciainfra.com\/blog\/wp-json\/wp\/v2\/users\/9"}],"replies":[{"embeddable":true,"href":"https:\/\/agenciainfra.com\/blog\/wp-json\/wp\/v2\/comments?post=5117"}],"version-history":[{"count":0,"href":"https:\/\/agenciainfra.com\/blog\/wp-json\/wp\/v2\/posts\/5117\/revisions"}],"wp:featuredmedia":[{"embeddable":true,"href":"https:\/\/agenciainfra.com\/blog\/wp-json\/wp\/v2\/media\/5118"}],"wp:attachment":[{"href":"https:\/\/agenciainfra.com\/blog\/wp-json\/wp\/v2\/media?parent=5117"}],"wp:term":[{"taxonomy":"category","embeddable":true,"href":"https:\/\/agenciainfra.com\/blog\/wp-json\/wp\/v2\/categories?post=5117"},{"taxonomy":"post_tag","embeddable":true,"href":"https:\/\/agenciainfra.com\/blog\/wp-json\/wp\/v2\/tags?post=5117"}],"curies":[{"name":"wp","href":"https:\/\/api.w.org\/{rel}","templated":true}]}}