{"id":5124,"date":"2020-06-13T08:00:42","date_gmt":"2020-06-13T11:00:42","guid":{"rendered":"https:\/\/www.agenciainfra.com\/blog\/?p=5124"},"modified":"2020-06-10T11:54:53","modified_gmt":"2020-06-10T14:54:53","slug":"antt-retira-de-pauta-proposta-de-edital-de-concessao-da-br-381-262-mg-es","status":"publish","type":"post","link":"https:\/\/agenciainfra.com\/blog\/antt-retira-de-pauta-proposta-de-edital-de-concessao-da-br-381-262-mg-es\/","title":{"rendered":"ANTT retira de pauta proposta de edital de concess\u00e3o da BR-381-262\/MG-ES"},"content":{"rendered":"<div>\n<h5 style=\"text-align: right;\"><strong>Gabriel Tabatcheik, da Ag\u00eancia iNFRA<\/strong><\/h5>\n<p dir=\"ltr\">\nA nova proposta de edital para a concess\u00e3o das BRs 381 e 262, nos estados de Minas Gerais e Esp\u00edrito Santo, estava prevista para ser apreciada na reuni\u00e3o da diretoria da ANTT (Ag\u00eancia Nacional de Transportes Terrestres) da \u00faltima ter\u00e7a-feira (9). Era o que constava na pauta do encontro. Por\u00e9m, a pedido do diretor-geral em exerc\u00edcio e relator da mat\u00e9ria, Marcelo Vinaud, o tema foi retirado. A reuni\u00e3o realizou-se por meio de videoconfer\u00eancia, em raz\u00e3o das restri\u00e7\u00f5es de sa\u00fade impostas pela pandemia de Covid-19.<\/p>\n<p>&#8216;&#8221;Eu gostaria de retirar esse processo de pauta, dado que em an\u00e1lise mais comedida n\u00f3s verificamos que existem ainda algumas quest\u00f5es a serem superadas nas propostas que estamos fazendo. Ent\u00e3o eu vou retirar de pauta para que possamos discutir melhor isso com a \u00e1rea t\u00e9cnica e com a diretoria, e pretendo reapresentar o mais breve poss\u00edvel&#8221;, disse o diretor. O processo leva o n\u00famero 50500.316231\/2019-98.<\/p>\n<p><strong>R$ 1,2 bilh\u00e3o<\/strong><br \/>\nA diretoria aprovou a proposta de celebra\u00e7\u00e3o de termo aditivo ao contrato de concess\u00e3o da FCA (Ferrovia Centro-Atl\u00e2ntica), referente \u00e0 malha Centro-Leste. O termo, fruto de acordo judicial envolvendo o DNIT, o MPF (Minist\u00e9rio P\u00fablico Federal) e a VLI Log\u00edstica, al\u00e9m da pr\u00f3pria FCA e da Uni\u00e3o, estabelece que a empresa deve pagar um montante de R$ 1,2 bilh\u00e3o em 60 parcelas mensais e realizar uma s\u00e9rie de obras que estavam paradas. A delibera\u00e7\u00e3o foi publicada na quarta-feira (10) no Di\u00e1rio Oficial da Uni\u00e3o (<a href=\"https:\/\/agenciainfra.us14.list-manage.com\/track\/click?u=d460dd1bcf9ba0ae040e1fc0f&amp;id=e3743301dc&amp;e=c099169394\" target=\"_blank\" rel=\"noopener noreferrer\" data-saferedirecturl=\"https:\/\/www.google.com\/url?q=https:\/\/agenciainfra.us14.list-manage.com\/track\/click?u%3Dd460dd1bcf9ba0ae040e1fc0f%26id%3De3743301dc%26e%3Dc099169394&amp;source=gmail&amp;ust=1591881953103000&amp;usg=AFQjCNEHbAZ4PMSvg9jeZ5kVwplCcrhj4Q\">neste link<\/a>).<\/p>\n<p><strong>S\u00famulas<\/strong><br \/>\nO diretor Alexandre Porto prop\u00f4s a edi\u00e7\u00e3o de duas s\u00famulas que visam estabelecer normativos para os casos de regulariza\u00e7\u00e3o de linhas rodovi\u00e1rias. A ideia \u00e9 que, para que linhas judiciais se tornem linhas administrativas, a empresa em quest\u00e3o dever\u00e1 desistir de a\u00e7\u00f5es na Justi\u00e7a relativas a essas linhas e renunciar ao direito em que o pedido se funda. Pelo regimento interno da ANTT, edi\u00e7\u00e3o de s\u00famula deve vir precedida de pedido coletivo de vista dos diretores, obrigatoriamente. A quest\u00e3o ser\u00e1 deliberada na pr\u00f3xima semana.<\/p>\n<p><strong>Covid-19<\/strong><br \/>\nA Resolu\u00e7\u00e3o 5.893\/2020 foi publicada na semana passada mas j\u00e1 recebeu uma edi\u00e7\u00e3o pela diretoria, sendo alterada pela Resolu\u00e7\u00e3o 5.894\/2020 (<a href=\"https:\/\/agenciainfra.us14.list-manage.com\/track\/click?u=d460dd1bcf9ba0ae040e1fc0f&amp;id=54bf05bc09&amp;e=c099169394\" target=\"_blank\" rel=\"noopener noreferrer\" data-saferedirecturl=\"https:\/\/www.google.com\/url?q=https:\/\/agenciainfra.us14.list-manage.com\/track\/click?u%3Dd460dd1bcf9ba0ae040e1fc0f%26id%3D54bf05bc09%26e%3Dc099169394&amp;source=gmail&amp;ust=1591881953103000&amp;usg=AFQjCNGNzJwZW4sJILFKuRCoxss3nxmhOQ\">neste link<\/a>). A norma prev\u00ea medidas de preven\u00e7\u00e3o \u00e0 Covid-19 a serem adotadas nos transportes de passageiros, tanto interestadual quando internacional, em rodovias e ferrovias. As mudan\u00e7as sugeridas incluem a instru\u00e7\u00e3o de passageiros sobre cuidados a serem observados nas viagens, al\u00e9m de revogar trecho que previa 120 dias para a devolu\u00e7\u00e3o de valores de passagens em transporte rodovi\u00e1rio. \u00c9 que a Lei 11.975\/2009 j\u00e1 prev\u00ea isso, e com um prazo de 30 dias.<\/p>\n<\/div>\n","protected":false},"excerpt":{"rendered":"<p>Gabriel Tabatcheik, da Ag\u00eancia iNFRA A nova proposta de edital para a concess\u00e3o das BRs 381 e 262, nos estados de Minas Gerais e Esp\u00edrito Santo, estava prevista para ser apreciada na reuni\u00e3o da diretoria da ANTT (Ag\u00eancia Nacional de Transportes Terrestres) da \u00faltima ter\u00e7a-feira (9). Era o que constava na pauta do encontro. Por\u00e9m, [&hellip;]<\/p>\n","protected":false},"author":9,"featured_media":5125,"comment_status":"closed","ping_status":"closed","sticky":false,"template":"","format":"standard","meta":{"_monsterinsights_skip_tracking":false,"_monsterinsights_sitenote_active":false,"_monsterinsights_sitenote_note":"","_monsterinsights_sitenote_category":0,"footnotes":""},"categories":[1,7],"tags":[1910,19,1135,1136,22,446,754,922],"class_list":["post-5124","post","type-post","status-publish","format-standard","has-post-thumbnail","hentry","category-geral","category-infratransporte","tag-alexandre-porto","tag-antt","tag-br-262","tag-br-381","tag-concessao","tag-fca","tag-ferrovia-centro-atlantica","tag-marcelo-vinaud"],"yoast_head":"<!-- This site is optimized with the Yoast SEO Premium plugin v25.4 (Yoast SEO v26.0) - https:\/\/yoast.com\/wordpress\/plugins\/seo\/ -->\n<title>ANTT retira de pauta proposta de edital de concess\u00e3o da BR-381-262\/MG-ES - Ag\u00eancia iNFRA<\/title>\n<meta name=\"robots\" content=\"index, follow, max-snippet:-1, max-image-preview:large, max-video-preview:-1\" \/>\n<link rel=\"canonical\" href=\"https:\/\/agenciainfra.com\/blog\/antt-retira-de-pauta-proposta-de-edital-de-concessao-da-br-381-262-mg-es\/\" \/>\n<meta property=\"og:locale\" content=\"pt_BR\" \/>\n<meta property=\"og:type\" content=\"article\" \/>\n<meta property=\"og:title\" content=\"ANTT retira de pauta proposta de edital de concess\u00e3o da BR-381-262\/MG-ES\" \/>\n<meta property=\"og:description\" content=\"Gabriel Tabatcheik, da Ag\u00eancia iNFRA A nova proposta de edital para a concess\u00e3o das BRs 381 e 262, nos estados de Minas Gerais e Esp\u00edrito Santo, estava prevista para ser apreciada na reuni\u00e3o da diretoria da ANTT (Ag\u00eancia Nacional de Transportes Terrestres) da \u00faltima ter\u00e7a-feira (9). Era o que constava na pauta do encontro. Por\u00e9m, [&hellip;]\" \/>\n<meta property=\"og:url\" content=\"https:\/\/agenciainfra.com\/blog\/antt-retira-de-pauta-proposta-de-edital-de-concessao-da-br-381-262-mg-es\/\" \/>\n<meta property=\"og:site_name\" content=\"Ag\u00eancia iNFRA\" \/>\n<meta property=\"article:publisher\" content=\"https:\/\/www.facebook.com\/ageninfra\" \/>\n<meta property=\"article:published_time\" content=\"2020-06-13T11:00:42+00:00\" \/>\n<meta property=\"og:image\" content=\"https:\/\/agenciainfra.com\/blog\/wp-content\/uploads\/2020\/06\/marcelo-vinaud-foto-pedro-franca-agencia-senado.jpg\" \/>\n\t<meta property=\"og:image:width\" content=\"1280\" \/>\n\t<meta property=\"og:image:height\" content=\"850\" \/>\n\t<meta property=\"og:image:type\" content=\"image\/jpeg\" \/>\n<meta name=\"author\" content=\"Rodrigo Zuquim\" \/>\n<meta name=\"twitter:card\" content=\"summary_large_image\" \/>\n<meta name=\"twitter:creator\" content=\"@agencia_infra\" \/>\n<meta name=\"twitter:site\" content=\"@agencia_infra\" \/>\n<meta name=\"twitter:label1\" content=\"Escrito por\" \/>\n\t<meta name=\"twitter:data1\" content=\"Rodrigo Zuquim\" \/>\n\t<meta name=\"twitter:label2\" content=\"Est. tempo de leitura\" \/>\n\t<meta name=\"twitter:data2\" content=\"2 minutos\" \/>\n<script type=\"application\/ld+json\" class=\"yoast-schema-graph\">{\"@context\":\"https:\/\/schema.org\",\"@graph\":[{\"@type\":\"Article\",\"@id\":\"https:\/\/agenciainfra.com\/blog\/antt-retira-de-pauta-proposta-de-edital-de-concessao-da-br-381-262-mg-es\/#article\",\"isPartOf\":{\"@id\":\"https:\/\/agenciainfra.com\/blog\/antt-retira-de-pauta-proposta-de-edital-de-concessao-da-br-381-262-mg-es\/\"},\"author\":{\"name\":\"Rodrigo Zuquim\",\"@id\":\"https:\/\/agenciainfra.com\/blog\/#\/schema\/person\/04dbb79bd6d8951f063da71f3e4c1eb1\"},\"headline\":\"ANTT retira de pauta proposta de edital de concess\u00e3o da BR-381-262\/MG-ES\",\"datePublished\":\"2020-06-13T11:00:42+00:00\",\"mainEntityOfPage\":{\"@id\":\"https:\/\/agenciainfra.com\/blog\/antt-retira-de-pauta-proposta-de-edital-de-concessao-da-br-381-262-mg-es\/\"},\"wordCount\":478,\"publisher\":{\"@id\":\"https:\/\/agenciainfra.com\/blog\/#organization\"},\"image\":{\"@id\":\"https:\/\/agenciainfra.com\/blog\/antt-retira-de-pauta-proposta-de-edital-de-concessao-da-br-381-262-mg-es\/#primaryimage\"},\"thumbnailUrl\":\"https:\/\/agenciainfra.com\/blog\/wp-content\/uploads\/2020\/06\/marcelo-vinaud-foto-pedro-franca-agencia-senado.jpg\",\"keywords\":[\"Alexandre Porto\",\"ANTT\",\"BR-262\",\"BR-381\",\"Concess\u00e3o\",\"FCA\",\"Ferrovia Centro-Atl\u00e2ntica\",\"Marcelo Vinaud\"],\"articleSection\":[\"Geral\",\"iNFRATransporte\"],\"inLanguage\":\"pt-BR\",\"copyrightYear\":\"2020\",\"copyrightHolder\":{\"@id\":\"https:\/\/agenciainfra.com\/blog\/#organization\"}},{\"@type\":\"WebPage\",\"@id\":\"https:\/\/agenciainfra.com\/blog\/antt-retira-de-pauta-proposta-de-edital-de-concessao-da-br-381-262-mg-es\/\",\"url\":\"https:\/\/agenciainfra.com\/blog\/antt-retira-de-pauta-proposta-de-edital-de-concessao-da-br-381-262-mg-es\/\",\"name\":\"ANTT retira de pauta proposta de edital de concess\u00e3o da BR-381-262\/MG-ES - Ag\u00eancia iNFRA\",\"isPartOf\":{\"@id\":\"https:\/\/agenciainfra.com\/blog\/#website\"},\"primaryImageOfPage\":{\"@id\":\"https:\/\/agenciainfra.com\/blog\/antt-retira-de-pauta-proposta-de-edital-de-concessao-da-br-381-262-mg-es\/#primaryimage\"},\"image\":{\"@id\":\"https:\/\/agenciainfra.com\/blog\/antt-retira-de-pauta-proposta-de-edital-de-concessao-da-br-381-262-mg-es\/#primaryimage\"},\"thumbnailUrl\":\"https:\/\/agenciainfra.com\/blog\/wp-content\/uploads\/2020\/06\/marcelo-vinaud-foto-pedro-franca-agencia-senado.jpg\",\"datePublished\":\"2020-06-13T11:00:42+00:00\",\"breadcrumb\":{\"@id\":\"https:\/\/agenciainfra.com\/blog\/antt-retira-de-pauta-proposta-de-edital-de-concessao-da-br-381-262-mg-es\/#breadcrumb\"},\"inLanguage\":\"pt-BR\",\"potentialAction\":[{\"@type\":\"ReadAction\",\"target\":[\"https:\/\/agenciainfra.com\/blog\/antt-retira-de-pauta-proposta-de-edital-de-concessao-da-br-381-262-mg-es\/\"]}]},{\"@type\":\"ImageObject\",\"inLanguage\":\"pt-BR\",\"@id\":\"https:\/\/agenciainfra.com\/blog\/antt-retira-de-pauta-proposta-de-edital-de-concessao-da-br-381-262-mg-es\/#primaryimage\",\"url\":\"https:\/\/agenciainfra.com\/blog\/wp-content\/uploads\/2020\/06\/marcelo-vinaud-foto-pedro-franca-agencia-senado.jpg\",\"contentUrl\":\"https:\/\/agenciainfra.com\/blog\/wp-content\/uploads\/2020\/06\/marcelo-vinaud-foto-pedro-franca-agencia-senado.jpg\",\"width\":1280,\"height\":850},{\"@type\":\"BreadcrumbList\",\"@id\":\"https:\/\/agenciainfra.com\/blog\/antt-retira-de-pauta-proposta-de-edital-de-concessao-da-br-381-262-mg-es\/#breadcrumb\",\"itemListElement\":[{\"@type\":\"ListItem\",\"position\":1,\"name\":\"In\u00edcio\",\"item\":\"https:\/\/agenciainfra.com\/blog\/\"},{\"@type\":\"ListItem\",\"position\":2,\"name\":\"ANTT retira de pauta proposta de edital de concess\u00e3o da BR-381-262\/MG-ES\"}]},{\"@type\":\"WebSite\",\"@id\":\"https:\/\/agenciainfra.com\/blog\/#website\",\"url\":\"https:\/\/agenciainfra.com\/blog\/\",\"name\":\"Ag\u00eancia iNFRA\",\"description\":\"Multiplataforma de informa\u00e7\u00e3o jornal\u00edstica refer\u00eancia na \u00e1rea de infraestrutura no Brasil!\",\"publisher\":{\"@id\":\"https:\/\/agenciainfra.com\/blog\/#organization\"},\"potentialAction\":[{\"@type\":\"SearchAction\",\"target\":{\"@type\":\"EntryPoint\",\"urlTemplate\":\"https:\/\/agenciainfra.com\/blog\/?s={search_term_string}\"},\"query-input\":{\"@type\":\"PropertyValueSpecification\",\"valueRequired\":true,\"valueName\":\"search_term_string\"}}],\"inLanguage\":\"pt-BR\"},{\"@type\":\"Organization\",\"@id\":\"https:\/\/agenciainfra.com\/blog\/#organization\",\"name\":\"Ag\u00eancia iNFRA\",\"url\":\"https:\/\/agenciainfra.com\/blog\/\",\"logo\":{\"@type\":\"ImageObject\",\"inLanguage\":\"pt-BR\",\"@id\":\"https:\/\/agenciainfra.com\/blog\/#\/schema\/logo\/image\/\",\"url\":\"https:\/\/agenciainfra.com\/blog\/wp-content\/uploads\/2023\/09\/iNFRA_5-e1761735885940.png\",\"contentUrl\":\"https:\/\/agenciainfra.com\/blog\/wp-content\/uploads\/2023\/09\/iNFRA_5-e1761735885940.png\",\"width\":1672,\"height\":454,\"caption\":\"Ag\u00eancia iNFRA\"},\"image\":{\"@id\":\"https:\/\/agenciainfra.com\/blog\/#\/schema\/logo\/image\/\"},\"sameAs\":[\"https:\/\/www.facebook.com\/ageninfra\",\"https:\/\/x.com\/agencia_infra\",\"https:\/\/www.linkedin.com\/company\/ag\u00eanciainfra\/\",\"https:\/\/www.instagram.com\/agenciainfra\/\"]},{\"@type\":\"Person\",\"@id\":\"https:\/\/agenciainfra.com\/blog\/#\/schema\/person\/04dbb79bd6d8951f063da71f3e4c1eb1\",\"name\":\"Rodrigo Zuquim\",\"image\":{\"@type\":\"ImageObject\",\"inLanguage\":\"pt-BR\",\"@id\":\"https:\/\/agenciainfra.com\/blog\/#\/schema\/person\/image\/\",\"url\":\"https:\/\/secure.gravatar.com\/avatar\/594abfe82761d620726242ff34ca472a705a4b97f16c790053a6b4c4035274d0?s=96&d=mm&r=g\",\"contentUrl\":\"https:\/\/secure.gravatar.com\/avatar\/594abfe82761d620726242ff34ca472a705a4b97f16c790053a6b4c4035274d0?s=96&d=mm&r=g\",\"caption\":\"Rodrigo Zuquim\"},\"url\":\"https:\/\/agenciainfra.com\/blog\/author\/rodrigo-zuquim\/\"}]}<\/script>\n<!-- \/ Yoast SEO Premium plugin. -->","yoast_head_json":{"title":"ANTT retira de pauta proposta de edital de concess\u00e3o da BR-381-262\/MG-ES - Ag\u00eancia iNFRA","robots":{"index":"index","follow":"follow","max-snippet":"max-snippet:-1","max-image-preview":"max-image-preview:large","max-video-preview":"max-video-preview:-1"},"canonical":"https:\/\/agenciainfra.com\/blog\/antt-retira-de-pauta-proposta-de-edital-de-concessao-da-br-381-262-mg-es\/","og_locale":"pt_BR","og_type":"article","og_title":"ANTT retira de pauta proposta de edital de concess\u00e3o da BR-381-262\/MG-ES","og_description":"Gabriel Tabatcheik, da Ag\u00eancia iNFRA A nova proposta de edital para a concess\u00e3o das BRs 381 e 262, nos estados de Minas Gerais e Esp\u00edrito Santo, estava prevista para ser apreciada na reuni\u00e3o da diretoria da ANTT (Ag\u00eancia Nacional de Transportes Terrestres) da \u00faltima ter\u00e7a-feira (9). Era o que constava na pauta do encontro. Por\u00e9m, [&hellip;]","og_url":"https:\/\/agenciainfra.com\/blog\/antt-retira-de-pauta-proposta-de-edital-de-concessao-da-br-381-262-mg-es\/","og_site_name":"Ag\u00eancia iNFRA","article_publisher":"https:\/\/www.facebook.com\/ageninfra","article_published_time":"2020-06-13T11:00:42+00:00","og_image":[{"width":1280,"height":850,"url":"https:\/\/agenciainfra.com\/blog\/wp-content\/uploads\/2020\/06\/marcelo-vinaud-foto-pedro-franca-agencia-senado.jpg","type":"image\/jpeg"}],"author":"Rodrigo Zuquim","twitter_card":"summary_large_image","twitter_creator":"@agencia_infra","twitter_site":"@agencia_infra","twitter_misc":{"Escrito por":"Rodrigo Zuquim","Est. tempo de leitura":"2 minutos"},"schema":{"@context":"https:\/\/schema.org","@graph":[{"@type":"Article","@id":"https:\/\/agenciainfra.com\/blog\/antt-retira-de-pauta-proposta-de-edital-de-concessao-da-br-381-262-mg-es\/#article","isPartOf":{"@id":"https:\/\/agenciainfra.com\/blog\/antt-retira-de-pauta-proposta-de-edital-de-concessao-da-br-381-262-mg-es\/"},"author":{"name":"Rodrigo Zuquim","@id":"https:\/\/agenciainfra.com\/blog\/#\/schema\/person\/04dbb79bd6d8951f063da71f3e4c1eb1"},"headline":"ANTT retira de pauta proposta de edital de concess\u00e3o da BR-381-262\/MG-ES","datePublished":"2020-06-13T11:00:42+00:00","mainEntityOfPage":{"@id":"https:\/\/agenciainfra.com\/blog\/antt-retira-de-pauta-proposta-de-edital-de-concessao-da-br-381-262-mg-es\/"},"wordCount":478,"publisher":{"@id":"https:\/\/agenciainfra.com\/blog\/#organization"},"image":{"@id":"https:\/\/agenciainfra.com\/blog\/antt-retira-de-pauta-proposta-de-edital-de-concessao-da-br-381-262-mg-es\/#primaryimage"},"thumbnailUrl":"https:\/\/agenciainfra.com\/blog\/wp-content\/uploads\/2020\/06\/marcelo-vinaud-foto-pedro-franca-agencia-senado.jpg","keywords":["Alexandre Porto","ANTT","BR-262","BR-381","Concess\u00e3o","FCA","Ferrovia Centro-Atl\u00e2ntica","Marcelo Vinaud"],"articleSection":["Geral","iNFRATransporte"],"inLanguage":"pt-BR","copyrightYear":"2020","copyrightHolder":{"@id":"https:\/\/agenciainfra.com\/blog\/#organization"}},{"@type":"WebPage","@id":"https:\/\/agenciainfra.com\/blog\/antt-retira-de-pauta-proposta-de-edital-de-concessao-da-br-381-262-mg-es\/","url":"https:\/\/agenciainfra.com\/blog\/antt-retira-de-pauta-proposta-de-edital-de-concessao-da-br-381-262-mg-es\/","name":"ANTT retira de pauta proposta de edital de concess\u00e3o da BR-381-262\/MG-ES - Ag\u00eancia iNFRA","isPartOf":{"@id":"https:\/\/agenciainfra.com\/blog\/#website"},"primaryImageOfPage":{"@id":"https:\/\/agenciainfra.com\/blog\/antt-retira-de-pauta-proposta-de-edital-de-concessao-da-br-381-262-mg-es\/#primaryimage"},"image":{"@id":"https:\/\/agenciainfra.com\/blog\/antt-retira-de-pauta-proposta-de-edital-de-concessao-da-br-381-262-mg-es\/#primaryimage"},"thumbnailUrl":"https:\/\/agenciainfra.com\/blog\/wp-content\/uploads\/2020\/06\/marcelo-vinaud-foto-pedro-franca-agencia-senado.jpg","datePublished":"2020-06-13T11:00:42+00:00","breadcrumb":{"@id":"https:\/\/agenciainfra.com\/blog\/antt-retira-de-pauta-proposta-de-edital-de-concessao-da-br-381-262-mg-es\/#breadcrumb"},"inLanguage":"pt-BR","potentialAction":[{"@type":"ReadAction","target":["https:\/\/agenciainfra.com\/blog\/antt-retira-de-pauta-proposta-de-edital-de-concessao-da-br-381-262-mg-es\/"]}]},{"@type":"ImageObject","inLanguage":"pt-BR","@id":"https:\/\/agenciainfra.com\/blog\/antt-retira-de-pauta-proposta-de-edital-de-concessao-da-br-381-262-mg-es\/#primaryimage","url":"https:\/\/agenciainfra.com\/blog\/wp-content\/uploads\/2020\/06\/marcelo-vinaud-foto-pedro-franca-agencia-senado.jpg","contentUrl":"https:\/\/agenciainfra.com\/blog\/wp-content\/uploads\/2020\/06\/marcelo-vinaud-foto-pedro-franca-agencia-senado.jpg","width":1280,"height":850},{"@type":"BreadcrumbList","@id":"https:\/\/agenciainfra.com\/blog\/antt-retira-de-pauta-proposta-de-edital-de-concessao-da-br-381-262-mg-es\/#breadcrumb","itemListElement":[{"@type":"ListItem","position":1,"name":"In\u00edcio","item":"https:\/\/agenciainfra.com\/blog\/"},{"@type":"ListItem","position":2,"name":"ANTT retira de pauta proposta de edital de concess\u00e3o da BR-381-262\/MG-ES"}]},{"@type":"WebSite","@id":"https:\/\/agenciainfra.com\/blog\/#website","url":"https:\/\/agenciainfra.com\/blog\/","name":"Ag\u00eancia iNFRA","description":"Multiplataforma de informa\u00e7\u00e3o jornal\u00edstica refer\u00eancia na \u00e1rea de infraestrutura no Brasil!","publisher":{"@id":"https:\/\/agenciainfra.com\/blog\/#organization"},"potentialAction":[{"@type":"SearchAction","target":{"@type":"EntryPoint","urlTemplate":"https:\/\/agenciainfra.com\/blog\/?s={search_term_string}"},"query-input":{"@type":"PropertyValueSpecification","valueRequired":true,"valueName":"search_term_string"}}],"inLanguage":"pt-BR"},{"@type":"Organization","@id":"https:\/\/agenciainfra.com\/blog\/#organization","name":"Ag\u00eancia iNFRA","url":"https:\/\/agenciainfra.com\/blog\/","logo":{"@type":"ImageObject","inLanguage":"pt-BR","@id":"https:\/\/agenciainfra.com\/blog\/#\/schema\/logo\/image\/","url":"https:\/\/agenciainfra.com\/blog\/wp-content\/uploads\/2023\/09\/iNFRA_5-e1761735885940.png","contentUrl":"https:\/\/agenciainfra.com\/blog\/wp-content\/uploads\/2023\/09\/iNFRA_5-e1761735885940.png","width":1672,"height":454,"caption":"Ag\u00eancia iNFRA"},"image":{"@id":"https:\/\/agenciainfra.com\/blog\/#\/schema\/logo\/image\/"},"sameAs":["https:\/\/www.facebook.com\/ageninfra","https:\/\/x.com\/agencia_infra","https:\/\/www.linkedin.com\/company\/ag\u00eanciainfra\/","https:\/\/www.instagram.com\/agenciainfra\/"]},{"@type":"Person","@id":"https:\/\/agenciainfra.com\/blog\/#\/schema\/person\/04dbb79bd6d8951f063da71f3e4c1eb1","name":"Rodrigo Zuquim","image":{"@type":"ImageObject","inLanguage":"pt-BR","@id":"https:\/\/agenciainfra.com\/blog\/#\/schema\/person\/image\/","url":"https:\/\/secure.gravatar.com\/avatar\/594abfe82761d620726242ff34ca472a705a4b97f16c790053a6b4c4035274d0?s=96&d=mm&r=g","contentUrl":"https:\/\/secure.gravatar.com\/avatar\/594abfe82761d620726242ff34ca472a705a4b97f16c790053a6b4c4035274d0?s=96&d=mm&r=g","caption":"Rodrigo Zuquim"},"url":"https:\/\/agenciainfra.com\/blog\/author\/rodrigo-zuquim\/"}]}},"_links":{"self":[{"href":"https:\/\/agenciainfra.com\/blog\/wp-json\/wp\/v2\/posts\/5124","targetHints":{"allow":["GET"]}}],"collection":[{"href":"https:\/\/agenciainfra.com\/blog\/wp-json\/wp\/v2\/posts"}],"about":[{"href":"https:\/\/agenciainfra.com\/blog\/wp-json\/wp\/v2\/types\/post"}],"author":[{"embeddable":true,"href":"https:\/\/agenciainfra.com\/blog\/wp-json\/wp\/v2\/users\/9"}],"replies":[{"embeddable":true,"href":"https:\/\/agenciainfra.com\/blog\/wp-json\/wp\/v2\/comments?post=5124"}],"version-history":[{"count":0,"href":"https:\/\/agenciainfra.com\/blog\/wp-json\/wp\/v2\/posts\/5124\/revisions"}],"wp:featuredmedia":[{"embeddable":true,"href":"https:\/\/agenciainfra.com\/blog\/wp-json\/wp\/v2\/media\/5125"}],"wp:attachment":[{"href":"https:\/\/agenciainfra.com\/blog\/wp-json\/wp\/v2\/media?parent=5124"}],"wp:term":[{"taxonomy":"category","embeddable":true,"href":"https:\/\/agenciainfra.com\/blog\/wp-json\/wp\/v2\/categories?post=5124"},{"taxonomy":"post_tag","embeddable":true,"href":"https:\/\/agenciainfra.com\/blog\/wp-json\/wp\/v2\/tags?post=5124"}],"curies":[{"name":"wp","href":"https:\/\/api.w.org\/{rel}","templated":true}]}}