{"id":5170,"date":"2020-06-18T08:00:08","date_gmt":"2020-06-18T11:00:08","guid":{"rendered":"https:\/\/www.agenciainfra.com\/blog\/?p=5170"},"modified":"2020-06-16T11:25:03","modified_gmt":"2020-06-16T14:25:03","slug":"custo-da-judicializacao-no-setor-aereo-e-de-r-1-bi-ao-ano-apontam-diretores-da-anac","status":"publish","type":"post","link":"https:\/\/agenciainfra.com\/blog\/custo-da-judicializacao-no-setor-aereo-e-de-r-1-bi-ao-ano-apontam-diretores-da-anac\/","title":{"rendered":"Custo da judicializa\u00e7\u00e3o no setor a\u00e9reo \u00e9 de R$ 1 bi ao ano, apontam diretores da ANAC"},"content":{"rendered":"<div>\n<h5 style=\"text-align: right;\"><strong>Dimmi Amora, da\u00a0Ag\u00eancia iNFRA<\/strong><\/h5>\n<p dir=\"ltr\">Dados das companhias a\u00e9reas nacionais informam que a judicializa\u00e7\u00e3o do setor no Brasil chegou ao custo de quase R$ 1 bilh\u00e3o por ano. Dividido pelos bilhetes comercializados, cada emiss\u00e3o de passagem embutiu um custo estimado de R$ 10 por causa desse item.<\/p>\n<p>&#8220;Come\u00e7amos a levantar os n\u00fameros disso. Um s\u00f3 CPF judicializou 27 vezes, com 19 extravios de mala. Uma s\u00f3 pessoa judicializou tr\u00eas vezes o mesmo evento&#8221;, reclamou o diretor-geral interino da ANAC (Ag\u00eancia Nacional de Avia\u00e7\u00e3o Civil), Juliano Noman.<\/p>\n<p>Segundo Noman, os R$ 10 parecem pouco, mas na forma\u00e7\u00e3o do pre\u00e7o de uma passagem t\u00eam import\u00e2ncia enorme, j\u00e1 que podem reduzir principalmente as passagens mais baratas e deixar de ampliar, assim, o n\u00famero de passageiros.<\/p>\n<p>Os dados foram apresentados em um evento interno dos diretores da ag\u00eancia realizado na semana passada e foram qualificados como preocupantes e fator de inibi\u00e7\u00e3o ao crescimento do setor.<\/p>\n<p>Ricardo Catanant, diretor substituto da ag\u00eancia, disse que as empresas internacionais que operam no pa\u00eds, sem exce\u00e7\u00e3o, informam que o Brasil representa para elas o maior custo no mundo com a\u00e7\u00f5es judiciais.<\/p>\n<p>Segundo ele, a Fly Bond, companhia que come\u00e7ou a operar na Argentina tr\u00eas anos atr\u00e1s, relatou que em tr\u00eas meses de opera\u00e7\u00e3o no Brasil j\u00e1 havia recebido a mesma quantidade de demandas judiciais que em todo o seu per\u00edodo no pa\u00eds vizinho.<\/p>\n<p>&#8220;Dif\u00edcil acreditar que uma empresa entrou no Brasil e piorou tanto assim a qualidade do seu servi\u00e7o&#8221;, afirmou o diretor da ag\u00eancia, qualificando o problema como grave e que conduz a &#8220;uma espiral de pre\u00e7os cada vez mais alta&#8221;.<\/p>\n<p>Catanant revelou ainda que hoje h\u00e1 aplicativos para a judicializa\u00e7\u00e3o de a\u00e7\u00f5es contra empresas a\u00e9reas em que o passageiro vende o direito de indeniza\u00e7\u00e3o. Segundo ele, o modelo de neg\u00f3cio desses aplicativos \u00e9 que qualquer atraso gera uma indeniza\u00e7\u00e3o, mesmo por atrasos que n\u00e3o s\u00e3o de responsabilidade da companhia.<\/p>\n<p>Segundo Catanant, h\u00e1 problemas referentes \u00e0 administra\u00e7\u00e3o da Justi\u00e7a e tamb\u00e9m legislativos e ser\u00e1 necess\u00e1rio um debate mais amplo do que simplesmente o setor a\u00e9reo, j\u00e1 que judicializa\u00e7\u00e3o tem sido crescente em outros setores como telecomunica\u00e7\u00f5es\u00a0e sa\u00fade.<\/p>\n<p><strong>Outros custos judiciais<\/strong><br \/>\nMas, segundo os diretores, n\u00e3o \u00e9 apenas o custo das empresas que onera. Nas contas da ag\u00eancia, a ANAC tem um custo anual de R$ 100 mil somente para responder a pedidos feitos pelo Minist\u00e9rio P\u00fablico, por exemplo. Al\u00e9m disso, h\u00e1 gastos com as viagens para defender a\u00e7\u00f5es em praticamente todos os estados, muitas delas de urg\u00eancia.<\/p>\n<p>Os diretores apontaram, no entanto, que a ag\u00eancia tem sido vitoriosa na maior parte dos casos, mesmo os mais complexos, como os pedidos para anular os itens da Resolu\u00e7\u00e3o 400, que tratava da permiss\u00e3o para o pagamento pela bagagem despachada.<\/p>\n<p>No caso das concess\u00f5es, a ag\u00eancia tamb\u00e9m tem tido trabalho forte para manter as propostas levadas aos leil\u00f5es contra a\u00e7\u00f5es que tentam paralisar as disputas. E, principalmente para defender suas posi\u00e7\u00f5es na manuten\u00e7\u00e3o dos contratos.<\/p>\n<p>O caso de Viracopos foi apresentado como complexo porque foi preciso mostrar aos ju\u00edzes que era necess\u00e1rio manter o cumprimento do contrato, mesmo diante de um processo de recupera\u00e7\u00e3o judicial solicitado pela empresa, o que era in\u00e9dito para o sistema de concess\u00f5es. Segundo o diretor Tiago Pereira, a solu\u00e7\u00e3o amig\u00e1vel foi a \u00fanica que se mostrou vi\u00e1vel diante dessas duas vis\u00f5es.<\/p>\n<p>O diretor-geral interino, Juliano Noman, atribui as vit\u00f3rias nas a\u00e7\u00f5es judiciais \u00e0 proatividade da ag\u00eancia no monitoramento das a\u00e7\u00f5es e na tentativa de estar presente na defesa dos pontos de vista em praticamente todas as a\u00e7\u00f5es. Segundo ele, \u00e9 importante fazer a defesa de cada a\u00e7\u00e3o para que a ag\u00eancia mantenha o controle da pol\u00edtica p\u00fablica.<\/p>\n<p><strong>Atitude pr\u00e9via<\/strong><br \/>\nO procurador-geral da ag\u00eancia, Gustavo Albuquerque, lembrou ainda que tamb\u00e9m s\u00e3o necess\u00e1rias\u00a0uma atua\u00e7\u00e3o pr\u00e9via e qualidade na produ\u00e7\u00e3o dos processos administrativos para que seja poss\u00edvel defender os pontos de vista da ag\u00eancia na Justi\u00e7a.<\/p>\n<p>No caso da Resolu\u00e7\u00e3o 400, ele lembra que eram &#8220;todos contra n\u00f3s&#8221; e que a percep\u00e7\u00e3o era sempre que os ju\u00edzes eram contr\u00e1rios \u00e0 norma. Segundo ele, foi necess\u00e1rio mostrar que era importante para a ANAC manter o trabalho de anos dos t\u00e9cnicos para que o projeto n\u00e3o se perdesse.<\/p>\n<p>&#8220;Nos questionam porque temos tamanho \u00edmpeto. N\u00e3o \u00e9 s\u00f3 quest\u00e3o de ganhar. Se n\u00e3o fizermos a defesa judicial com essa vontade, botamos por \u00e1gua abaixo um trabalho de anos dos t\u00e9cnicos, que n\u00e3o \u00e9 f\u00e1cil&#8221;, disse o procurador.<\/p>\n<\/div>\n","protected":false},"excerpt":{"rendered":"<p>Dimmi Amora, da\u00a0Ag\u00eancia iNFRA Dados das companhias a\u00e9reas nacionais informam que a judicializa\u00e7\u00e3o do setor no Brasil chegou ao custo de quase R$ 1 bilh\u00e3o por ano. Dividido pelos bilhetes comercializados, cada emiss\u00e3o de passagem embutiu um custo estimado de R$ 10 por causa desse item. &#8220;Come\u00e7amos a levantar os n\u00fameros disso. Um s\u00f3 CPF [&hellip;]<\/p>\n","protected":false},"author":9,"featured_media":5171,"comment_status":"closed","ping_status":"closed","sticky":false,"template":"","format":"standard","meta":{"_monsterinsights_skip_tracking":false,"_monsterinsights_sitenote_active":false,"_monsterinsights_sitenote_note":"","_monsterinsights_sitenote_category":0,"footnotes":""},"categories":[1,7],"tags":[242,2140,2141,572,511,1338,1915,1376,241],"class_list":["post-5170","post","type-post","status-publish","format-standard","has-post-thumbnail","hentry","category-geral","category-infratransporte","tag-anac","tag-fly-bond","tag-gustavo-albuquerque","tag-judicializacao","tag-juliano-noman","tag-ricardo-catanant","tag-setor-aereo","tag-tiago-pereira","tag-viracopos"],"yoast_head":"<!-- This site is optimized with the Yoast SEO Premium plugin v25.4 (Yoast SEO v26.0) - https:\/\/yoast.com\/wordpress\/plugins\/seo\/ -->\n<title>Custo da judicializa\u00e7\u00e3o no setor a\u00e9reo \u00e9 de R$ 1 bi ao ano, apontam diretores da ANAC - Ag\u00eancia iNFRA<\/title>\n<meta name=\"robots\" content=\"index, follow, max-snippet:-1, max-image-preview:large, max-video-preview:-1\" \/>\n<link rel=\"canonical\" href=\"https:\/\/agenciainfra.com\/blog\/custo-da-judicializacao-no-setor-aereo-e-de-r-1-bi-ao-ano-apontam-diretores-da-anac\/\" \/>\n<meta property=\"og:locale\" content=\"pt_BR\" \/>\n<meta property=\"og:type\" content=\"article\" \/>\n<meta property=\"og:title\" content=\"Custo da judicializa\u00e7\u00e3o no setor a\u00e9reo \u00e9 de R$ 1 bi ao ano, apontam diretores da ANAC\" \/>\n<meta property=\"og:description\" content=\"Dimmi Amora, da\u00a0Ag\u00eancia iNFRA Dados das companhias a\u00e9reas nacionais informam que a judicializa\u00e7\u00e3o do setor no Brasil chegou ao custo de quase R$ 1 bilh\u00e3o por ano. Dividido pelos bilhetes comercializados, cada emiss\u00e3o de passagem embutiu um custo estimado de R$ 10 por causa desse item. &#8220;Come\u00e7amos a levantar os n\u00fameros disso. Um s\u00f3 CPF [&hellip;]\" \/>\n<meta property=\"og:url\" content=\"https:\/\/agenciainfra.com\/blog\/custo-da-judicializacao-no-setor-aereo-e-de-r-1-bi-ao-ano-apontam-diretores-da-anac\/\" \/>\n<meta property=\"og:site_name\" content=\"Ag\u00eancia iNFRA\" \/>\n<meta property=\"article:publisher\" content=\"https:\/\/www.facebook.com\/ageninfra\" \/>\n<meta property=\"article:published_time\" content=\"2020-06-18T11:00:08+00:00\" \/>\n<meta property=\"og:image\" content=\"https:\/\/agenciainfra.com\/blog\/wp-content\/uploads\/2020\/06\/aeroporto-foto-divulgacao-minfra.jpeg\" \/>\n\t<meta property=\"og:image:width\" content=\"768\" \/>\n\t<meta property=\"og:image:height\" content=\"510\" \/>\n\t<meta property=\"og:image:type\" content=\"image\/jpeg\" \/>\n<meta name=\"author\" content=\"Rodrigo Zuquim\" \/>\n<meta name=\"twitter:card\" content=\"summary_large_image\" \/>\n<meta name=\"twitter:creator\" content=\"@agencia_infra\" \/>\n<meta name=\"twitter:site\" content=\"@agencia_infra\" \/>\n<meta name=\"twitter:label1\" content=\"Escrito por\" \/>\n\t<meta name=\"twitter:data1\" content=\"Rodrigo Zuquim\" \/>\n\t<meta name=\"twitter:label2\" content=\"Est. tempo de leitura\" \/>\n\t<meta name=\"twitter:data2\" content=\"4 minutos\" \/>\n<script type=\"application\/ld+json\" class=\"yoast-schema-graph\">{\"@context\":\"https:\/\/schema.org\",\"@graph\":[{\"@type\":\"Article\",\"@id\":\"https:\/\/agenciainfra.com\/blog\/custo-da-judicializacao-no-setor-aereo-e-de-r-1-bi-ao-ano-apontam-diretores-da-anac\/#article\",\"isPartOf\":{\"@id\":\"https:\/\/agenciainfra.com\/blog\/custo-da-judicializacao-no-setor-aereo-e-de-r-1-bi-ao-ano-apontam-diretores-da-anac\/\"},\"author\":{\"name\":\"Rodrigo Zuquim\",\"@id\":\"https:\/\/agenciainfra.com\/blog\/#\/schema\/person\/04dbb79bd6d8951f063da71f3e4c1eb1\"},\"headline\":\"Custo da judicializa\u00e7\u00e3o no setor a\u00e9reo \u00e9 de R$ 1 bi ao ano, apontam diretores da ANAC\",\"datePublished\":\"2020-06-18T11:00:08+00:00\",\"mainEntityOfPage\":{\"@id\":\"https:\/\/agenciainfra.com\/blog\/custo-da-judicializacao-no-setor-aereo-e-de-r-1-bi-ao-ano-apontam-diretores-da-anac\/\"},\"wordCount\":837,\"publisher\":{\"@id\":\"https:\/\/agenciainfra.com\/blog\/#organization\"},\"image\":{\"@id\":\"https:\/\/agenciainfra.com\/blog\/custo-da-judicializacao-no-setor-aereo-e-de-r-1-bi-ao-ano-apontam-diretores-da-anac\/#primaryimage\"},\"thumbnailUrl\":\"https:\/\/agenciainfra.com\/blog\/wp-content\/uploads\/2020\/06\/aeroporto-foto-divulgacao-minfra.jpeg\",\"keywords\":[\"ANAC\",\"Fly Bond\",\"Gustavo Albuquerque\",\"judicializa\u00e7\u00e3o\",\"Juliano Noman\",\"Ricardo Catanant\",\"setor a\u00e9reo\",\"Tiago Pereira\",\"Viracopos\"],\"articleSection\":[\"Geral\",\"iNFRATransporte\"],\"inLanguage\":\"pt-BR\",\"copyrightYear\":\"2020\",\"copyrightHolder\":{\"@id\":\"https:\/\/agenciainfra.com\/blog\/#organization\"}},{\"@type\":\"WebPage\",\"@id\":\"https:\/\/agenciainfra.com\/blog\/custo-da-judicializacao-no-setor-aereo-e-de-r-1-bi-ao-ano-apontam-diretores-da-anac\/\",\"url\":\"https:\/\/agenciainfra.com\/blog\/custo-da-judicializacao-no-setor-aereo-e-de-r-1-bi-ao-ano-apontam-diretores-da-anac\/\",\"name\":\"Custo da judicializa\u00e7\u00e3o no setor a\u00e9reo \u00e9 de R$ 1 bi ao ano, apontam diretores da ANAC - Ag\u00eancia iNFRA\",\"isPartOf\":{\"@id\":\"https:\/\/agenciainfra.com\/blog\/#website\"},\"primaryImageOfPage\":{\"@id\":\"https:\/\/agenciainfra.com\/blog\/custo-da-judicializacao-no-setor-aereo-e-de-r-1-bi-ao-ano-apontam-diretores-da-anac\/#primaryimage\"},\"image\":{\"@id\":\"https:\/\/agenciainfra.com\/blog\/custo-da-judicializacao-no-setor-aereo-e-de-r-1-bi-ao-ano-apontam-diretores-da-anac\/#primaryimage\"},\"thumbnailUrl\":\"https:\/\/agenciainfra.com\/blog\/wp-content\/uploads\/2020\/06\/aeroporto-foto-divulgacao-minfra.jpeg\",\"datePublished\":\"2020-06-18T11:00:08+00:00\",\"breadcrumb\":{\"@id\":\"https:\/\/agenciainfra.com\/blog\/custo-da-judicializacao-no-setor-aereo-e-de-r-1-bi-ao-ano-apontam-diretores-da-anac\/#breadcrumb\"},\"inLanguage\":\"pt-BR\",\"potentialAction\":[{\"@type\":\"ReadAction\",\"target\":[\"https:\/\/agenciainfra.com\/blog\/custo-da-judicializacao-no-setor-aereo-e-de-r-1-bi-ao-ano-apontam-diretores-da-anac\/\"]}]},{\"@type\":\"ImageObject\",\"inLanguage\":\"pt-BR\",\"@id\":\"https:\/\/agenciainfra.com\/blog\/custo-da-judicializacao-no-setor-aereo-e-de-r-1-bi-ao-ano-apontam-diretores-da-anac\/#primaryimage\",\"url\":\"https:\/\/agenciainfra.com\/blog\/wp-content\/uploads\/2020\/06\/aeroporto-foto-divulgacao-minfra.jpeg\",\"contentUrl\":\"https:\/\/agenciainfra.com\/blog\/wp-content\/uploads\/2020\/06\/aeroporto-foto-divulgacao-minfra.jpeg\",\"width\":768,\"height\":510},{\"@type\":\"BreadcrumbList\",\"@id\":\"https:\/\/agenciainfra.com\/blog\/custo-da-judicializacao-no-setor-aereo-e-de-r-1-bi-ao-ano-apontam-diretores-da-anac\/#breadcrumb\",\"itemListElement\":[{\"@type\":\"ListItem\",\"position\":1,\"name\":\"In\u00edcio\",\"item\":\"https:\/\/agenciainfra.com\/blog\/\"},{\"@type\":\"ListItem\",\"position\":2,\"name\":\"Custo da judicializa\u00e7\u00e3o no setor a\u00e9reo \u00e9 de R$ 1 bi ao ano, apontam diretores da ANAC\"}]},{\"@type\":\"WebSite\",\"@id\":\"https:\/\/agenciainfra.com\/blog\/#website\",\"url\":\"https:\/\/agenciainfra.com\/blog\/\",\"name\":\"Ag\u00eancia iNFRA\",\"description\":\"Multiplataforma de informa\u00e7\u00e3o jornal\u00edstica refer\u00eancia na \u00e1rea de infraestrutura no Brasil!\",\"publisher\":{\"@id\":\"https:\/\/agenciainfra.com\/blog\/#organization\"},\"potentialAction\":[{\"@type\":\"SearchAction\",\"target\":{\"@type\":\"EntryPoint\",\"urlTemplate\":\"https:\/\/agenciainfra.com\/blog\/?s={search_term_string}\"},\"query-input\":{\"@type\":\"PropertyValueSpecification\",\"valueRequired\":true,\"valueName\":\"search_term_string\"}}],\"inLanguage\":\"pt-BR\"},{\"@type\":\"Organization\",\"@id\":\"https:\/\/agenciainfra.com\/blog\/#organization\",\"name\":\"Ag\u00eancia iNFRA\",\"url\":\"https:\/\/agenciainfra.com\/blog\/\",\"logo\":{\"@type\":\"ImageObject\",\"inLanguage\":\"pt-BR\",\"@id\":\"https:\/\/agenciainfra.com\/blog\/#\/schema\/logo\/image\/\",\"url\":\"https:\/\/agenciainfra.com\/blog\/wp-content\/uploads\/2023\/09\/iNFRA_5-e1761735885940.png\",\"contentUrl\":\"https:\/\/agenciainfra.com\/blog\/wp-content\/uploads\/2023\/09\/iNFRA_5-e1761735885940.png\",\"width\":1672,\"height\":454,\"caption\":\"Ag\u00eancia iNFRA\"},\"image\":{\"@id\":\"https:\/\/agenciainfra.com\/blog\/#\/schema\/logo\/image\/\"},\"sameAs\":[\"https:\/\/www.facebook.com\/ageninfra\",\"https:\/\/x.com\/agencia_infra\",\"https:\/\/www.linkedin.com\/company\/ag\u00eanciainfra\/\",\"https:\/\/www.instagram.com\/agenciainfra\/\"]},{\"@type\":\"Person\",\"@id\":\"https:\/\/agenciainfra.com\/blog\/#\/schema\/person\/04dbb79bd6d8951f063da71f3e4c1eb1\",\"name\":\"Rodrigo Zuquim\",\"image\":{\"@type\":\"ImageObject\",\"inLanguage\":\"pt-BR\",\"@id\":\"https:\/\/agenciainfra.com\/blog\/#\/schema\/person\/image\/\",\"url\":\"https:\/\/secure.gravatar.com\/avatar\/594abfe82761d620726242ff34ca472a705a4b97f16c790053a6b4c4035274d0?s=96&d=mm&r=g\",\"contentUrl\":\"https:\/\/secure.gravatar.com\/avatar\/594abfe82761d620726242ff34ca472a705a4b97f16c790053a6b4c4035274d0?s=96&d=mm&r=g\",\"caption\":\"Rodrigo Zuquim\"},\"url\":\"https:\/\/agenciainfra.com\/blog\/author\/rodrigo-zuquim\/\"}]}<\/script>\n<!-- \/ Yoast SEO Premium plugin. -->","yoast_head_json":{"title":"Custo da judicializa\u00e7\u00e3o no setor a\u00e9reo \u00e9 de R$ 1 bi ao ano, apontam diretores da ANAC - Ag\u00eancia iNFRA","robots":{"index":"index","follow":"follow","max-snippet":"max-snippet:-1","max-image-preview":"max-image-preview:large","max-video-preview":"max-video-preview:-1"},"canonical":"https:\/\/agenciainfra.com\/blog\/custo-da-judicializacao-no-setor-aereo-e-de-r-1-bi-ao-ano-apontam-diretores-da-anac\/","og_locale":"pt_BR","og_type":"article","og_title":"Custo da judicializa\u00e7\u00e3o no setor a\u00e9reo \u00e9 de R$ 1 bi ao ano, apontam diretores da ANAC","og_description":"Dimmi Amora, da\u00a0Ag\u00eancia iNFRA Dados das companhias a\u00e9reas nacionais informam que a judicializa\u00e7\u00e3o do setor no Brasil chegou ao custo de quase R$ 1 bilh\u00e3o por ano. Dividido pelos bilhetes comercializados, cada emiss\u00e3o de passagem embutiu um custo estimado de R$ 10 por causa desse item. &#8220;Come\u00e7amos a levantar os n\u00fameros disso. Um s\u00f3 CPF [&hellip;]","og_url":"https:\/\/agenciainfra.com\/blog\/custo-da-judicializacao-no-setor-aereo-e-de-r-1-bi-ao-ano-apontam-diretores-da-anac\/","og_site_name":"Ag\u00eancia iNFRA","article_publisher":"https:\/\/www.facebook.com\/ageninfra","article_published_time":"2020-06-18T11:00:08+00:00","og_image":[{"width":768,"height":510,"url":"https:\/\/agenciainfra.com\/blog\/wp-content\/uploads\/2020\/06\/aeroporto-foto-divulgacao-minfra.jpeg","type":"image\/jpeg"}],"author":"Rodrigo Zuquim","twitter_card":"summary_large_image","twitter_creator":"@agencia_infra","twitter_site":"@agencia_infra","twitter_misc":{"Escrito por":"Rodrigo Zuquim","Est. tempo de leitura":"4 minutos"},"schema":{"@context":"https:\/\/schema.org","@graph":[{"@type":"Article","@id":"https:\/\/agenciainfra.com\/blog\/custo-da-judicializacao-no-setor-aereo-e-de-r-1-bi-ao-ano-apontam-diretores-da-anac\/#article","isPartOf":{"@id":"https:\/\/agenciainfra.com\/blog\/custo-da-judicializacao-no-setor-aereo-e-de-r-1-bi-ao-ano-apontam-diretores-da-anac\/"},"author":{"name":"Rodrigo Zuquim","@id":"https:\/\/agenciainfra.com\/blog\/#\/schema\/person\/04dbb79bd6d8951f063da71f3e4c1eb1"},"headline":"Custo da judicializa\u00e7\u00e3o no setor a\u00e9reo \u00e9 de R$ 1 bi ao ano, apontam diretores da ANAC","datePublished":"2020-06-18T11:00:08+00:00","mainEntityOfPage":{"@id":"https:\/\/agenciainfra.com\/blog\/custo-da-judicializacao-no-setor-aereo-e-de-r-1-bi-ao-ano-apontam-diretores-da-anac\/"},"wordCount":837,"publisher":{"@id":"https:\/\/agenciainfra.com\/blog\/#organization"},"image":{"@id":"https:\/\/agenciainfra.com\/blog\/custo-da-judicializacao-no-setor-aereo-e-de-r-1-bi-ao-ano-apontam-diretores-da-anac\/#primaryimage"},"thumbnailUrl":"https:\/\/agenciainfra.com\/blog\/wp-content\/uploads\/2020\/06\/aeroporto-foto-divulgacao-minfra.jpeg","keywords":["ANAC","Fly Bond","Gustavo Albuquerque","judicializa\u00e7\u00e3o","Juliano Noman","Ricardo Catanant","setor a\u00e9reo","Tiago Pereira","Viracopos"],"articleSection":["Geral","iNFRATransporte"],"inLanguage":"pt-BR","copyrightYear":"2020","copyrightHolder":{"@id":"https:\/\/agenciainfra.com\/blog\/#organization"}},{"@type":"WebPage","@id":"https:\/\/agenciainfra.com\/blog\/custo-da-judicializacao-no-setor-aereo-e-de-r-1-bi-ao-ano-apontam-diretores-da-anac\/","url":"https:\/\/agenciainfra.com\/blog\/custo-da-judicializacao-no-setor-aereo-e-de-r-1-bi-ao-ano-apontam-diretores-da-anac\/","name":"Custo da judicializa\u00e7\u00e3o no setor a\u00e9reo \u00e9 de R$ 1 bi ao ano, apontam diretores da ANAC - Ag\u00eancia iNFRA","isPartOf":{"@id":"https:\/\/agenciainfra.com\/blog\/#website"},"primaryImageOfPage":{"@id":"https:\/\/agenciainfra.com\/blog\/custo-da-judicializacao-no-setor-aereo-e-de-r-1-bi-ao-ano-apontam-diretores-da-anac\/#primaryimage"},"image":{"@id":"https:\/\/agenciainfra.com\/blog\/custo-da-judicializacao-no-setor-aereo-e-de-r-1-bi-ao-ano-apontam-diretores-da-anac\/#primaryimage"},"thumbnailUrl":"https:\/\/agenciainfra.com\/blog\/wp-content\/uploads\/2020\/06\/aeroporto-foto-divulgacao-minfra.jpeg","datePublished":"2020-06-18T11:00:08+00:00","breadcrumb":{"@id":"https:\/\/agenciainfra.com\/blog\/custo-da-judicializacao-no-setor-aereo-e-de-r-1-bi-ao-ano-apontam-diretores-da-anac\/#breadcrumb"},"inLanguage":"pt-BR","potentialAction":[{"@type":"ReadAction","target":["https:\/\/agenciainfra.com\/blog\/custo-da-judicializacao-no-setor-aereo-e-de-r-1-bi-ao-ano-apontam-diretores-da-anac\/"]}]},{"@type":"ImageObject","inLanguage":"pt-BR","@id":"https:\/\/agenciainfra.com\/blog\/custo-da-judicializacao-no-setor-aereo-e-de-r-1-bi-ao-ano-apontam-diretores-da-anac\/#primaryimage","url":"https:\/\/agenciainfra.com\/blog\/wp-content\/uploads\/2020\/06\/aeroporto-foto-divulgacao-minfra.jpeg","contentUrl":"https:\/\/agenciainfra.com\/blog\/wp-content\/uploads\/2020\/06\/aeroporto-foto-divulgacao-minfra.jpeg","width":768,"height":510},{"@type":"BreadcrumbList","@id":"https:\/\/agenciainfra.com\/blog\/custo-da-judicializacao-no-setor-aereo-e-de-r-1-bi-ao-ano-apontam-diretores-da-anac\/#breadcrumb","itemListElement":[{"@type":"ListItem","position":1,"name":"In\u00edcio","item":"https:\/\/agenciainfra.com\/blog\/"},{"@type":"ListItem","position":2,"name":"Custo da judicializa\u00e7\u00e3o no setor a\u00e9reo \u00e9 de R$ 1 bi ao ano, apontam diretores da ANAC"}]},{"@type":"WebSite","@id":"https:\/\/agenciainfra.com\/blog\/#website","url":"https:\/\/agenciainfra.com\/blog\/","name":"Ag\u00eancia iNFRA","description":"Multiplataforma de informa\u00e7\u00e3o jornal\u00edstica refer\u00eancia na \u00e1rea de infraestrutura no Brasil!","publisher":{"@id":"https:\/\/agenciainfra.com\/blog\/#organization"},"potentialAction":[{"@type":"SearchAction","target":{"@type":"EntryPoint","urlTemplate":"https:\/\/agenciainfra.com\/blog\/?s={search_term_string}"},"query-input":{"@type":"PropertyValueSpecification","valueRequired":true,"valueName":"search_term_string"}}],"inLanguage":"pt-BR"},{"@type":"Organization","@id":"https:\/\/agenciainfra.com\/blog\/#organization","name":"Ag\u00eancia iNFRA","url":"https:\/\/agenciainfra.com\/blog\/","logo":{"@type":"ImageObject","inLanguage":"pt-BR","@id":"https:\/\/agenciainfra.com\/blog\/#\/schema\/logo\/image\/","url":"https:\/\/agenciainfra.com\/blog\/wp-content\/uploads\/2023\/09\/iNFRA_5-e1761735885940.png","contentUrl":"https:\/\/agenciainfra.com\/blog\/wp-content\/uploads\/2023\/09\/iNFRA_5-e1761735885940.png","width":1672,"height":454,"caption":"Ag\u00eancia iNFRA"},"image":{"@id":"https:\/\/agenciainfra.com\/blog\/#\/schema\/logo\/image\/"},"sameAs":["https:\/\/www.facebook.com\/ageninfra","https:\/\/x.com\/agencia_infra","https:\/\/www.linkedin.com\/company\/ag\u00eanciainfra\/","https:\/\/www.instagram.com\/agenciainfra\/"]},{"@type":"Person","@id":"https:\/\/agenciainfra.com\/blog\/#\/schema\/person\/04dbb79bd6d8951f063da71f3e4c1eb1","name":"Rodrigo Zuquim","image":{"@type":"ImageObject","inLanguage":"pt-BR","@id":"https:\/\/agenciainfra.com\/blog\/#\/schema\/person\/image\/","url":"https:\/\/secure.gravatar.com\/avatar\/594abfe82761d620726242ff34ca472a705a4b97f16c790053a6b4c4035274d0?s=96&d=mm&r=g","contentUrl":"https:\/\/secure.gravatar.com\/avatar\/594abfe82761d620726242ff34ca472a705a4b97f16c790053a6b4c4035274d0?s=96&d=mm&r=g","caption":"Rodrigo Zuquim"},"url":"https:\/\/agenciainfra.com\/blog\/author\/rodrigo-zuquim\/"}]}},"_links":{"self":[{"href":"https:\/\/agenciainfra.com\/blog\/wp-json\/wp\/v2\/posts\/5170","targetHints":{"allow":["GET"]}}],"collection":[{"href":"https:\/\/agenciainfra.com\/blog\/wp-json\/wp\/v2\/posts"}],"about":[{"href":"https:\/\/agenciainfra.com\/blog\/wp-json\/wp\/v2\/types\/post"}],"author":[{"embeddable":true,"href":"https:\/\/agenciainfra.com\/blog\/wp-json\/wp\/v2\/users\/9"}],"replies":[{"embeddable":true,"href":"https:\/\/agenciainfra.com\/blog\/wp-json\/wp\/v2\/comments?post=5170"}],"version-history":[{"count":0,"href":"https:\/\/agenciainfra.com\/blog\/wp-json\/wp\/v2\/posts\/5170\/revisions"}],"wp:featuredmedia":[{"embeddable":true,"href":"https:\/\/agenciainfra.com\/blog\/wp-json\/wp\/v2\/media\/5171"}],"wp:attachment":[{"href":"https:\/\/agenciainfra.com\/blog\/wp-json\/wp\/v2\/media?parent=5170"}],"wp:term":[{"taxonomy":"category","embeddable":true,"href":"https:\/\/agenciainfra.com\/blog\/wp-json\/wp\/v2\/categories?post=5170"},{"taxonomy":"post_tag","embeddable":true,"href":"https:\/\/agenciainfra.com\/blog\/wp-json\/wp\/v2\/tags?post=5170"}],"curies":[{"name":"wp","href":"https:\/\/api.w.org\/{rel}","templated":true}]}}