{"id":5173,"date":"2020-06-17T13:00:00","date_gmt":"2020-06-17T16:00:00","guid":{"rendered":"https:\/\/www.agenciainfra.com\/blog\/?p=5173"},"modified":"2020-06-16T12:29:40","modified_gmt":"2020-06-16T15:29:40","slug":"infradebate-o-que-esperar-da-relicitacao-das-concessoes-aeroportuarias-de-viracopos-e-sao-goncalo-do-amarante","status":"publish","type":"post","link":"https:\/\/agenciainfra.com\/blog\/infradebate-o-que-esperar-da-relicitacao-das-concessoes-aeroportuarias-de-viracopos-e-sao-goncalo-do-amarante\/","title":{"rendered":"iNFRADebate: O que esperar da relicita\u00e7\u00e3o das concess\u00f5es aeroportu\u00e1rias de Viracopos e S\u00e3o Gon\u00e7alo do Amarante?"},"content":{"rendered":"<h5 class=\"p1\" style=\"text-align: right;\"><strong><span class=\"s1\">Mauro C\u00e9sar Santiago Chaves<\/span><\/strong><strong><span class=\"s1\">*<\/span><\/strong><\/h5>\n<p><b><\/b><span style=\"font-weight: 400;\">O CPPI (Conselho do Programa de Parcerias e Investimentos) aprovou, na reuni\u00e3o do dia 10 de junho 2020, as duas primeiras relicita\u00e7\u00f5es do setor aeroportu\u00e1rio, relativas aos contratos de concess\u00e3o dos aeroportos internacionais de Viracopos, em Campinas (SP), e o de S\u00e3o Gon\u00e7alo do Amarante (ASGA), que atende a regi\u00e3o de Natal (RN). Sendo essas as primeiras relicita\u00e7\u00f5es do setor aeroportu\u00e1rio, conv\u00e9m fazer uma breve reflex\u00e3o sobre o instituto da relicita\u00e7\u00e3o no setor a\u00e9reo, seu enquadramento na PNAC (Pol\u00edtica Nacional de Avia\u00e7\u00e3o Civil) e as expectativas quanto ao futuro de tais empreendimentos.<\/span><\/p>\n<p><span style=\"font-weight: 400;\">O instituto da relicita\u00e7\u00e3o corresponde a uma nova forma de extin\u00e7\u00e3o amig\u00e1vel do contrato de parceria, com a celebra\u00e7\u00e3o de um ajuste negocial para o empreendimento, em novas condi\u00e7\u00f5es contratuais e com contratados distintos, por meio de procedimento licitat\u00f3rio promovido especificamente para esse fim. No Brasil, o instituto teve origem com a edi\u00e7\u00e3o da Medida Provis\u00f3ria 752, de 24 de novembro de 2016, posteriormente convertida na Lei 13.448, de 5 de junho de 2017.<\/span><\/p>\n<p><span style=\"font-weight: 400;\">O objetivo da relicita\u00e7\u00e3o \u00e9 garantir a continuidade do servi\u00e7o p\u00fablico j\u00e1 concedido, nos casos de descumprimento contratual ou em face a concession\u00e1rios que n\u00e3o demonstrem capacidade de adimplir as obriga\u00e7\u00f5es contratuais ou financeiras assumidas originalmente. O procedimento corresponde, assim, a um mecanismo de devolu\u00e7\u00e3o coordenada e negociada da concess\u00e3o, com o intuito de evitar o processo de caducidade, geralmente caracterizado por disputas judiciais e grande morosidade que acabam por prejudicar a presta\u00e7\u00e3o do servi\u00e7o p\u00fablico e, consequentemente, a qualidade do atendimento aos usu\u00e1rios.<\/span><\/p>\n<p><span style=\"font-weight: 400;\">O instituto foi regulamentado pelo Decreto 9.957, de 6 de agosto de 2019, e se inicia com o requerimento de relicita\u00e7\u00e3o formulado pelo concession\u00e1rio em dificuldade ou j\u00e1 inadimplente, o qual deve comprometer-se a garantir a continuidade na presta\u00e7\u00e3o dos servi\u00e7os essenciais, at\u00e9 a conclus\u00e3o do processo de relicita\u00e7\u00e3o e assinatura do novo contrato de parceria. Nesse \u00ednterim, o poder concedente reavaliar\u00e1 as condi\u00e7\u00f5es originalmente pactuadas no contrato de concess\u00e3o, bem como promover\u00e1 a sele\u00e7\u00e3o de um novo parceiro apto \u00e0 execu\u00e7\u00e3o do objeto. No procedimento licitat\u00f3rio para a relicita\u00e7\u00e3o a entidade originalmente contratada e seus acionistas relevantes n\u00e3o poder\u00e3o participar, de forma a evitar que o contratado se beneficie da pr\u00f3pria inadimpl\u00eancia contratual.<\/span><\/p>\n<p><span style=\"font-weight: 400;\">Nas relicita\u00e7\u00f5es aeroportu\u00e1rias qualificadas na \u00faltima reuni\u00e3o do Conselho do PPI, o procedimento iniciou-se com o protocolo dos requerimentos de relicita\u00e7\u00e3o junto \u00e0 ANAC (Ag\u00eancia Nacional de Avia\u00e7\u00e3o Civil). A ag\u00eancia, ap\u00f3s analisar os requerimentos, manifestou-se sobre a viabilidade t\u00e9cnica e jur\u00eddica de cada um dos empreendimentos. Em seguida, os processos foram remetidos ao Minist\u00e9rio da Infraestrutura, que analisou a compatibilidade dos requerimentos com o escopo da pol\u00edtica p\u00fablica do setor de avia\u00e7\u00e3o civil.<\/span><\/p>\n<p><span style=\"font-weight: 400;\">Sabe-se que a orienta\u00e7\u00e3o contida no arcabou\u00e7o normativo e regulat\u00f3rio da avia\u00e7\u00e3o civil nacional estimula o investimento privado no desenvolvimento, explora\u00e7\u00e3o e opera\u00e7\u00e3o dos aer\u00f3dromos p\u00fablicos. Tanto a Constitui\u00e7\u00e3o Federal, em seu artigo 21, inciso XII, al\u00ednea \u201cc\u201d, como o C\u00f3digo Brasileiro de Aeron\u00e1utica (Lei 7.565\/86), em seu artigo 36, inciso IV, preveem a possibilidade de concess\u00e3o da infraestrutura aeroportu\u00e1ria de aer\u00f3dromos p\u00fablicos. No mesmo sentido, a PNAC, institu\u00edda pelo Decreto 6.780\/2009, tamb\u00e9m prev\u00ea a participa\u00e7\u00e3o da iniciativa privada na constru\u00e7\u00e3o, opera\u00e7\u00e3o e explora\u00e7\u00e3o de aeroportos. J\u00e1 o Decreto 7.624\/2011 disp\u00f5e especificamente sobre as condi\u00e7\u00f5es de explora\u00e7\u00e3o pela iniciativa privada da infraestrutura aeroportu\u00e1ria, por meio de concess\u00e3o.<\/span><\/p>\n<p><span style=\"font-weight: 400;\">Segundo informa\u00e7\u00f5es fornecidas pela ANAC, desde o in\u00edcio do programa federal de concess\u00f5es aeroportu\u00e1rias foram investidos mais de R$ 16 bilh\u00f5es na melhoria da infraestrutura aeroportu\u00e1ria nacional. Tais investimentos superam os valores investidos em infraestrutura aeroportu\u00e1ria nacional nos 15 anos anteriores (1995 a 2010), al\u00e9m das contrapartidas financeiras recolhidas pelos operadores privados pelo direito de explora\u00e7\u00e3o da infraestrutura aeroportu\u00e1ria. Esse modelo de explora\u00e7\u00e3o e investimento permite ao Estado aumentar a capacidade instalada, bem como arrecadar recursos para o financiamento de suas pr\u00f3prias atividades, por meio das outorgas pagas pelos contratados.<\/span><\/p>\n<p><span style=\"font-weight: 400;\">Mais importante que os valores arrecadados \u00e9 o aumento na satisfa\u00e7\u00e3o dos passageiros em rela\u00e7\u00e3o aos servi\u00e7os prestados nos aeroportos, conforme pesquisa realizada pela Secretaria Nacional de Avia\u00e7\u00e3o Civil<\/span><span class=\"s1\"><sup>1<\/sup><\/span><span style=\"font-weight: 400;\">. Assim, al\u00e9m de ampliar a infraestrutura com redu\u00e7\u00e3o de custos ao contribuinte, o modelo de concess\u00e3o aeroportu\u00e1ria tem o m\u00e9rito de ampliar a infraestrutura do setor a\u00e9reo, como tamb\u00e9m a qualidade na presta\u00e7\u00e3o do servi\u00e7o p\u00fablico, o que sinaliza o sucesso da estrat\u00e9gia adotada nos \u00faltimos 10 anos.<\/span><\/p>\n<p><span style=\"font-weight: 400;\">O aeroporto internacional Alu\u00edzio Alves, em S\u00e3o Gon\u00e7alo do Amarante (RN) foi originalmente leiloado em 2011 e corresponde, atualmente, ao maior exportador de cargas do Nordeste. Foi considerado o 2\u00ba melhor aeroporto do pa\u00eds na categoria que recebe at\u00e9 5 milh\u00f5es de passageiros na Pesquisa de Satisfa\u00e7\u00e3o da Secretaria de Avia\u00e7\u00e3o Civil, tendo transportado em 2019 mais de 2,2 milh\u00f5es de passageiros em voos dom\u00e9sticos e 89 mil em voos internacionais. Com voca\u00e7\u00e3o de polo exportador e tur\u00edstico, o aeroporto disp\u00f5e de localiza\u00e7\u00e3o estrat\u00e9gica e privilegiada, devido \u00e0 proximidade com a Europa, \u00c1frica e Am\u00e9ricas.<\/span><\/p>\n<p><span style=\"font-weight: 400;\">J\u00e1 o aeroporto internacional de Viracopos (SBKP) foi leiloado em 2012, sendo atualmente o segundo mais importante do Brasil no setor de cargas (em volume). Em 2019, movimentou mais de 53,4 mil toneladas em voos dom\u00e9sticos e 200,5 mil toneladas em internacionais. Tamb\u00e9m transportou mais de 9,7 milh\u00f5es de passageiros em voos dom\u00e9sticos e 966 mil em voos internacionais. \u00c9 considerado um aeroporto essencial na din\u00e2mica da economia do pa\u00eds, como indutor do desenvolvimento, devido ao apoio log\u00edstico ligado \u00e0s opera\u00e7\u00f5es industriais que oferece como parte das estrat\u00e9gias de concorr\u00eancia das grandes empresas instaladas no Brasil, especialmente aquelas que atuam no com\u00e9rcio internacional<\/span><span class=\"s1\"><sup>2<\/sup><\/span><span style=\"font-weight: 400;\">.<\/span><\/p>\n<p><span style=\"font-weight: 400;\">Como se sabe, j\u00e1 foram publicados os editais de chamamento p\u00fablico de estudos para as relicita\u00e7\u00f5es de ambos os aeroportos<\/span><span class=\"s1\"><sup>3<\/sup><\/span><span style=\"font-weight: 400;\">\u00a0e as expectativas s\u00e3o positivas, especialmente porque o problema dos contratos de concess\u00e3o desses aeroportos n\u00e3o est\u00e1 relacionado ao investimento na infraestrutura, mas a problemas financeiros das concession\u00e1rias que comprometem o pagamento das outorgas. As obras j\u00e1 foram realizadas e as opera\u00e7\u00f5es s\u00e3o superavit\u00e1rias, de forma que h\u00e1 receitas suficientes para opera\u00e7\u00e3o das novas concession\u00e1rias.<\/span><\/p>\n<p><span style=\"font-weight: 400;\">Assim, apesar dos problemas pontuais existentes nessas duas concess\u00f5es a serem relicitadas e da atual crise que o setor a\u00e9reo enfrenta em raz\u00e3o da pandemia do COVID-19, o processo de concess\u00e3o de aeroportos tem sido aprimorado gradativamente ao longo dos \u00faltimos 10 anos, encontrando-se atualmente na sua 6\u00aa rodada. A experi\u00eancia at\u00e9 aqui adquirida e a qualidade dos ativos a serem relicitados indicam que, nos pr\u00f3ximos anos, os aeroportos de Viracopos e S\u00e3o Gon\u00e7alo do Amarante ter\u00e3o novos operadores, com contratos atualizados e compat\u00edveis com as novas demandas existentes no setor a\u00e9reo<\/span>.<\/p>\n<h6 class=\"p1\"><\/h6>\n<h6 class=\"p1\"><span class=\"s1\"><b>*Mauro C\u00e9sar Santiago Chaves \u00e9 procurador federal. Coordenador-geral jur\u00eddico de Transportes Aerovi\u00e1rios do Minist\u00e9rio da Infraestrutura. Mestre em Direito pela Universidade de Bras\u00edlia. Secret\u00e1rio-geral da Comiss\u00e3o de Direito Aeron\u00e1utico, Aeroportu\u00e1rio e Espacial da OAB\/DF.<\/b><\/span><\/h6>\n<h6><\/h6>\n<h6 class=\"p1\"><span class=\"s1\"><b>1 <span style=\"font-weight: 400;\">Maiores detalhes sobre a pesquisa e os resultados podem ser obtidos no link: <a href=\"https:\/\/infraestrutura.gov.br\/pesquisa-satisfacao.html\" target=\"_blank\" rel=\"noopener noreferrer\">https:\/\/infraestrutura.gov.br\/pesquisa-satisfacao.html<\/a> (Acessado em 11\/06\/2020).<\/span><\/b><\/span><\/h6>\n<h6 class=\"p1\"><span class=\"s1\"><b>2 <span style=\"font-weight: 400;\">Dados obtidos na p\u00e1gina do PPI, no link: <a href=\"https:\/\/bit.ly\/13ReuniaoCPPI\" target=\"_blank\" rel=\"noopener noreferrer\">https:\/\/bit.ly\/13ReuniaoCPPI<\/a> (Acessado em 11\/06\/2020)<\/span><span style=\"font-weight: 400;\">.<\/span><\/b><\/span><\/h6>\n<h6 class=\"p1\"><span class=\"s1\"><b>3 <span style=\"font-weight: 400;\">Maiores detalhes sobre a PMI de ASGA podem ser obtidos no link: <a href=\"http:\/\/infraestrutura.gov.br\/component\/content\/article\/2-uncategorised\/9901-estudos-e-documentos-aeroporto-internacional-de-s%C3%A3o-gon%C3%A7alo-do-amarante.html\" target=\"_blank\" rel=\"noopener noreferrer\">http:\/\/infraestrutura.gov.br\/component\/content\/article\/2-uncategorised\/9901-estudos-e-documentos-aeroporto-internacional-de-s%C3%A3o-gon%C3%A7alo-do-amarante.html<\/a> (Acessado em 11\/06\/2020); e maiores detalhes sobre a PMI do Aeroporto de Viracopos podem ser obtidos no link: <a href=\"https:\/\/www.infraestrutura.gov.br\/estudos-e-documentos\/2-uncategorised\/8287-evtea-viracopos.html\" target=\"_blank\" rel=\"noopener noreferrer\">https:\/\/www.infraestrutura.gov.br\/estudos-e-documentos\/2-uncategorised\/8287-evtea-viracopos.html<\/a> (Acessado em 11\/06\/2020)<\/span><\/b><\/span><span class=\"s1\"><b><span style=\"font-weight: 400;\">.<\/span><\/b><\/span><\/h6>\n<p>&nbsp;<\/p>\n<h5>O iNFRADebate \u00e9 o espa\u00e7o de artigos da Ag\u00eancia iNFRA com opini\u00f5es de seus atores que n\u00e3o refletem necessariamente o pensamento da Ag\u00eancia iNFRA, sendo de total responsabilidade do autor as informa\u00e7\u00f5es, ju\u00edzos de valor e conceitos descritos no texto.<\/h5>\n","protected":false},"excerpt":{"rendered":"<p>Mauro C\u00e9sar Santiago Chaves* O CPPI (Conselho do Programa de Parcerias e Investimentos) aprovou, na reuni\u00e3o do dia 10 de junho 2020, as duas primeiras relicita\u00e7\u00f5es do setor aeroportu\u00e1rio, relativas aos contratos de concess\u00e3o dos aeroportos internacionais de Viracopos, em Campinas (SP), e o de S\u00e3o Gon\u00e7alo do Amarante (ASGA), que atende a regi\u00e3o de [&hellip;]<\/p>\n","protected":false},"author":9,"featured_media":5174,"comment_status":"closed","ping_status":"closed","sticky":false,"template":"","format":"standard","meta":{"_monsterinsights_skip_tracking":false,"_monsterinsights_sitenote_active":false,"_monsterinsights_sitenote_note":"","_monsterinsights_sitenote_category":0,"footnotes":""},"categories":[1,11],"tags":[107,242,22,2144,2143,36,1027,2142,241],"class_list":["post-5173","post","type-post","status-publish","format-standard","has-post-thumbnail","hentry","category-geral","category-infradebate","tag-aeroportos","tag-anac","tag-concessao","tag-mauro-cesar-santiago-chaves","tag-pnac","tag-ppi","tag-relicitacao","tag-sao-goncalo-do-amarante","tag-viracopos"],"yoast_head":"<!-- This site is optimized with the Yoast SEO Premium plugin v25.4 (Yoast SEO v26.0) - https:\/\/yoast.com\/wordpress\/plugins\/seo\/ -->\n<title>iNFRADebate: O que esperar da relicita\u00e7\u00e3o das concess\u00f5es aeroportu\u00e1rias de Viracopos e S\u00e3o Gon\u00e7alo do Amarante? - Ag\u00eancia iNFRA<\/title>\n<meta name=\"robots\" content=\"index, follow, max-snippet:-1, max-image-preview:large, max-video-preview:-1\" \/>\n<link rel=\"canonical\" href=\"https:\/\/agenciainfra.com\/blog\/infradebate-o-que-esperar-da-relicitacao-das-concessoes-aeroportuarias-de-viracopos-e-sao-goncalo-do-amarante\/\" \/>\n<meta property=\"og:locale\" content=\"pt_BR\" \/>\n<meta property=\"og:type\" content=\"article\" \/>\n<meta property=\"og:title\" content=\"iNFRADebate: O que esperar da relicita\u00e7\u00e3o das concess\u00f5es aeroportu\u00e1rias de Viracopos e S\u00e3o Gon\u00e7alo do Amarante?\" \/>\n<meta property=\"og:description\" content=\"Mauro C\u00e9sar Santiago Chaves* O CPPI (Conselho do Programa de Parcerias e Investimentos) aprovou, na reuni\u00e3o do dia 10 de junho 2020, as duas primeiras relicita\u00e7\u00f5es do setor aeroportu\u00e1rio, relativas aos contratos de concess\u00e3o dos aeroportos internacionais de Viracopos, em Campinas (SP), e o de S\u00e3o Gon\u00e7alo do Amarante (ASGA), que atende a regi\u00e3o de [&hellip;]\" \/>\n<meta property=\"og:url\" content=\"https:\/\/agenciainfra.com\/blog\/infradebate-o-que-esperar-da-relicitacao-das-concessoes-aeroportuarias-de-viracopos-e-sao-goncalo-do-amarante\/\" \/>\n<meta property=\"og:site_name\" content=\"Ag\u00eancia iNFRA\" \/>\n<meta property=\"article:publisher\" content=\"https:\/\/www.facebook.com\/ageninfra\" \/>\n<meta property=\"article:published_time\" content=\"2020-06-17T16:00:00+00:00\" \/>\n<meta property=\"og:image\" content=\"https:\/\/agenciainfra.com\/blog\/wp-content\/uploads\/2020\/06\/viracopos-foto-carlos-bassan-prefeitura-de-campinas.jpg\" \/>\n\t<meta property=\"og:image:width\" content=\"1280\" \/>\n\t<meta property=\"og:image:height\" content=\"781\" \/>\n\t<meta property=\"og:image:type\" content=\"image\/jpeg\" \/>\n<meta name=\"author\" content=\"Rodrigo Zuquim\" \/>\n<meta name=\"twitter:card\" content=\"summary_large_image\" \/>\n<meta name=\"twitter:creator\" content=\"@agencia_infra\" \/>\n<meta name=\"twitter:site\" content=\"@agencia_infra\" \/>\n<meta name=\"twitter:label1\" content=\"Escrito por\" \/>\n\t<meta name=\"twitter:data1\" content=\"Rodrigo Zuquim\" \/>\n\t<meta name=\"twitter:label2\" content=\"Est. tempo de leitura\" \/>\n\t<meta name=\"twitter:data2\" content=\"7 minutos\" \/>\n<script type=\"application\/ld+json\" class=\"yoast-schema-graph\">{\"@context\":\"https:\/\/schema.org\",\"@graph\":[{\"@type\":\"Article\",\"@id\":\"https:\/\/agenciainfra.com\/blog\/infradebate-o-que-esperar-da-relicitacao-das-concessoes-aeroportuarias-de-viracopos-e-sao-goncalo-do-amarante\/#article\",\"isPartOf\":{\"@id\":\"https:\/\/agenciainfra.com\/blog\/infradebate-o-que-esperar-da-relicitacao-das-concessoes-aeroportuarias-de-viracopos-e-sao-goncalo-do-amarante\/\"},\"author\":{\"name\":\"Rodrigo Zuquim\",\"@id\":\"https:\/\/agenciainfra.com\/blog\/#\/schema\/person\/04dbb79bd6d8951f063da71f3e4c1eb1\"},\"headline\":\"iNFRADebate: O que esperar da relicita\u00e7\u00e3o das concess\u00f5es aeroportu\u00e1rias de Viracopos e S\u00e3o Gon\u00e7alo do Amarante?\",\"datePublished\":\"2020-06-17T16:00:00+00:00\",\"mainEntityOfPage\":{\"@id\":\"https:\/\/agenciainfra.com\/blog\/infradebate-o-que-esperar-da-relicitacao-das-concessoes-aeroportuarias-de-viracopos-e-sao-goncalo-do-amarante\/\"},\"wordCount\":1411,\"publisher\":{\"@id\":\"https:\/\/agenciainfra.com\/blog\/#organization\"},\"image\":{\"@id\":\"https:\/\/agenciainfra.com\/blog\/infradebate-o-que-esperar-da-relicitacao-das-concessoes-aeroportuarias-de-viracopos-e-sao-goncalo-do-amarante\/#primaryimage\"},\"thumbnailUrl\":\"https:\/\/agenciainfra.com\/blog\/wp-content\/uploads\/2020\/06\/viracopos-foto-carlos-bassan-prefeitura-de-campinas.jpg\",\"keywords\":[\"aeroportos\",\"ANAC\",\"Concess\u00e3o\",\"Mauro C\u00e9sar Santiago Chaves\",\"PNAC\",\"PPI\",\"relicita\u00e7\u00e3o\",\"S\u00e3o Gon\u00e7alo do Amarante\",\"Viracopos\"],\"articleSection\":[\"Geral\",\"iNFRADebate\"],\"inLanguage\":\"pt-BR\",\"copyrightYear\":\"2020\",\"copyrightHolder\":{\"@id\":\"https:\/\/agenciainfra.com\/blog\/#organization\"}},{\"@type\":\"WebPage\",\"@id\":\"https:\/\/agenciainfra.com\/blog\/infradebate-o-que-esperar-da-relicitacao-das-concessoes-aeroportuarias-de-viracopos-e-sao-goncalo-do-amarante\/\",\"url\":\"https:\/\/agenciainfra.com\/blog\/infradebate-o-que-esperar-da-relicitacao-das-concessoes-aeroportuarias-de-viracopos-e-sao-goncalo-do-amarante\/\",\"name\":\"iNFRADebate: O que esperar da relicita\u00e7\u00e3o das concess\u00f5es aeroportu\u00e1rias de Viracopos e S\u00e3o Gon\u00e7alo do Amarante? - Ag\u00eancia iNFRA\",\"isPartOf\":{\"@id\":\"https:\/\/agenciainfra.com\/blog\/#website\"},\"primaryImageOfPage\":{\"@id\":\"https:\/\/agenciainfra.com\/blog\/infradebate-o-que-esperar-da-relicitacao-das-concessoes-aeroportuarias-de-viracopos-e-sao-goncalo-do-amarante\/#primaryimage\"},\"image\":{\"@id\":\"https:\/\/agenciainfra.com\/blog\/infradebate-o-que-esperar-da-relicitacao-das-concessoes-aeroportuarias-de-viracopos-e-sao-goncalo-do-amarante\/#primaryimage\"},\"thumbnailUrl\":\"https:\/\/agenciainfra.com\/blog\/wp-content\/uploads\/2020\/06\/viracopos-foto-carlos-bassan-prefeitura-de-campinas.jpg\",\"datePublished\":\"2020-06-17T16:00:00+00:00\",\"breadcrumb\":{\"@id\":\"https:\/\/agenciainfra.com\/blog\/infradebate-o-que-esperar-da-relicitacao-das-concessoes-aeroportuarias-de-viracopos-e-sao-goncalo-do-amarante\/#breadcrumb\"},\"inLanguage\":\"pt-BR\",\"potentialAction\":[{\"@type\":\"ReadAction\",\"target\":[\"https:\/\/agenciainfra.com\/blog\/infradebate-o-que-esperar-da-relicitacao-das-concessoes-aeroportuarias-de-viracopos-e-sao-goncalo-do-amarante\/\"]}]},{\"@type\":\"ImageObject\",\"inLanguage\":\"pt-BR\",\"@id\":\"https:\/\/agenciainfra.com\/blog\/infradebate-o-que-esperar-da-relicitacao-das-concessoes-aeroportuarias-de-viracopos-e-sao-goncalo-do-amarante\/#primaryimage\",\"url\":\"https:\/\/agenciainfra.com\/blog\/wp-content\/uploads\/2020\/06\/viracopos-foto-carlos-bassan-prefeitura-de-campinas.jpg\",\"contentUrl\":\"https:\/\/agenciainfra.com\/blog\/wp-content\/uploads\/2020\/06\/viracopos-foto-carlos-bassan-prefeitura-de-campinas.jpg\",\"width\":1280,\"height\":781,\"caption\":\"Foto: Carlos Bassan\/Prefeitura de Campinas\"},{\"@type\":\"BreadcrumbList\",\"@id\":\"https:\/\/agenciainfra.com\/blog\/infradebate-o-que-esperar-da-relicitacao-das-concessoes-aeroportuarias-de-viracopos-e-sao-goncalo-do-amarante\/#breadcrumb\",\"itemListElement\":[{\"@type\":\"ListItem\",\"position\":1,\"name\":\"In\u00edcio\",\"item\":\"https:\/\/agenciainfra.com\/blog\/\"},{\"@type\":\"ListItem\",\"position\":2,\"name\":\"iNFRADebate: O que esperar da relicita\u00e7\u00e3o das concess\u00f5es aeroportu\u00e1rias de Viracopos e S\u00e3o Gon\u00e7alo do Amarante?\"}]},{\"@type\":\"WebSite\",\"@id\":\"https:\/\/agenciainfra.com\/blog\/#website\",\"url\":\"https:\/\/agenciainfra.com\/blog\/\",\"name\":\"Ag\u00eancia iNFRA\",\"description\":\"Multiplataforma de informa\u00e7\u00e3o jornal\u00edstica refer\u00eancia na \u00e1rea de infraestrutura no Brasil!\",\"publisher\":{\"@id\":\"https:\/\/agenciainfra.com\/blog\/#organization\"},\"potentialAction\":[{\"@type\":\"SearchAction\",\"target\":{\"@type\":\"EntryPoint\",\"urlTemplate\":\"https:\/\/agenciainfra.com\/blog\/?s={search_term_string}\"},\"query-input\":{\"@type\":\"PropertyValueSpecification\",\"valueRequired\":true,\"valueName\":\"search_term_string\"}}],\"inLanguage\":\"pt-BR\"},{\"@type\":\"Organization\",\"@id\":\"https:\/\/agenciainfra.com\/blog\/#organization\",\"name\":\"Ag\u00eancia iNFRA\",\"url\":\"https:\/\/agenciainfra.com\/blog\/\",\"logo\":{\"@type\":\"ImageObject\",\"inLanguage\":\"pt-BR\",\"@id\":\"https:\/\/agenciainfra.com\/blog\/#\/schema\/logo\/image\/\",\"url\":\"https:\/\/agenciainfra.com\/blog\/wp-content\/uploads\/2023\/09\/iNFRA_5-e1761735885940.png\",\"contentUrl\":\"https:\/\/agenciainfra.com\/blog\/wp-content\/uploads\/2023\/09\/iNFRA_5-e1761735885940.png\",\"width\":1672,\"height\":454,\"caption\":\"Ag\u00eancia iNFRA\"},\"image\":{\"@id\":\"https:\/\/agenciainfra.com\/blog\/#\/schema\/logo\/image\/\"},\"sameAs\":[\"https:\/\/www.facebook.com\/ageninfra\",\"https:\/\/x.com\/agencia_infra\",\"https:\/\/www.linkedin.com\/company\/ag\u00eanciainfra\/\",\"https:\/\/www.instagram.com\/agenciainfra\/\"]},{\"@type\":\"Person\",\"@id\":\"https:\/\/agenciainfra.com\/blog\/#\/schema\/person\/04dbb79bd6d8951f063da71f3e4c1eb1\",\"name\":\"Rodrigo Zuquim\",\"image\":{\"@type\":\"ImageObject\",\"inLanguage\":\"pt-BR\",\"@id\":\"https:\/\/agenciainfra.com\/blog\/#\/schema\/person\/image\/\",\"url\":\"https:\/\/secure.gravatar.com\/avatar\/594abfe82761d620726242ff34ca472a705a4b97f16c790053a6b4c4035274d0?s=96&d=mm&r=g\",\"contentUrl\":\"https:\/\/secure.gravatar.com\/avatar\/594abfe82761d620726242ff34ca472a705a4b97f16c790053a6b4c4035274d0?s=96&d=mm&r=g\",\"caption\":\"Rodrigo Zuquim\"},\"url\":\"https:\/\/agenciainfra.com\/blog\/author\/rodrigo-zuquim\/\"}]}<\/script>\n<!-- \/ Yoast SEO Premium plugin. -->","yoast_head_json":{"title":"iNFRADebate: O que esperar da relicita\u00e7\u00e3o das concess\u00f5es aeroportu\u00e1rias de Viracopos e S\u00e3o Gon\u00e7alo do Amarante? - Ag\u00eancia iNFRA","robots":{"index":"index","follow":"follow","max-snippet":"max-snippet:-1","max-image-preview":"max-image-preview:large","max-video-preview":"max-video-preview:-1"},"canonical":"https:\/\/agenciainfra.com\/blog\/infradebate-o-que-esperar-da-relicitacao-das-concessoes-aeroportuarias-de-viracopos-e-sao-goncalo-do-amarante\/","og_locale":"pt_BR","og_type":"article","og_title":"iNFRADebate: O que esperar da relicita\u00e7\u00e3o das concess\u00f5es aeroportu\u00e1rias de Viracopos e S\u00e3o Gon\u00e7alo do Amarante?","og_description":"Mauro C\u00e9sar Santiago Chaves* O CPPI (Conselho do Programa de Parcerias e Investimentos) aprovou, na reuni\u00e3o do dia 10 de junho 2020, as duas primeiras relicita\u00e7\u00f5es do setor aeroportu\u00e1rio, relativas aos contratos de concess\u00e3o dos aeroportos internacionais de Viracopos, em Campinas (SP), e o de S\u00e3o Gon\u00e7alo do Amarante (ASGA), que atende a regi\u00e3o de [&hellip;]","og_url":"https:\/\/agenciainfra.com\/blog\/infradebate-o-que-esperar-da-relicitacao-das-concessoes-aeroportuarias-de-viracopos-e-sao-goncalo-do-amarante\/","og_site_name":"Ag\u00eancia iNFRA","article_publisher":"https:\/\/www.facebook.com\/ageninfra","article_published_time":"2020-06-17T16:00:00+00:00","og_image":[{"width":1280,"height":781,"url":"https:\/\/agenciainfra.com\/blog\/wp-content\/uploads\/2020\/06\/viracopos-foto-carlos-bassan-prefeitura-de-campinas.jpg","type":"image\/jpeg"}],"author":"Rodrigo Zuquim","twitter_card":"summary_large_image","twitter_creator":"@agencia_infra","twitter_site":"@agencia_infra","twitter_misc":{"Escrito por":"Rodrigo Zuquim","Est. tempo de leitura":"7 minutos"},"schema":{"@context":"https:\/\/schema.org","@graph":[{"@type":"Article","@id":"https:\/\/agenciainfra.com\/blog\/infradebate-o-que-esperar-da-relicitacao-das-concessoes-aeroportuarias-de-viracopos-e-sao-goncalo-do-amarante\/#article","isPartOf":{"@id":"https:\/\/agenciainfra.com\/blog\/infradebate-o-que-esperar-da-relicitacao-das-concessoes-aeroportuarias-de-viracopos-e-sao-goncalo-do-amarante\/"},"author":{"name":"Rodrigo Zuquim","@id":"https:\/\/agenciainfra.com\/blog\/#\/schema\/person\/04dbb79bd6d8951f063da71f3e4c1eb1"},"headline":"iNFRADebate: O que esperar da relicita\u00e7\u00e3o das concess\u00f5es aeroportu\u00e1rias de Viracopos e S\u00e3o Gon\u00e7alo do Amarante?","datePublished":"2020-06-17T16:00:00+00:00","mainEntityOfPage":{"@id":"https:\/\/agenciainfra.com\/blog\/infradebate-o-que-esperar-da-relicitacao-das-concessoes-aeroportuarias-de-viracopos-e-sao-goncalo-do-amarante\/"},"wordCount":1411,"publisher":{"@id":"https:\/\/agenciainfra.com\/blog\/#organization"},"image":{"@id":"https:\/\/agenciainfra.com\/blog\/infradebate-o-que-esperar-da-relicitacao-das-concessoes-aeroportuarias-de-viracopos-e-sao-goncalo-do-amarante\/#primaryimage"},"thumbnailUrl":"https:\/\/agenciainfra.com\/blog\/wp-content\/uploads\/2020\/06\/viracopos-foto-carlos-bassan-prefeitura-de-campinas.jpg","keywords":["aeroportos","ANAC","Concess\u00e3o","Mauro C\u00e9sar Santiago Chaves","PNAC","PPI","relicita\u00e7\u00e3o","S\u00e3o Gon\u00e7alo do Amarante","Viracopos"],"articleSection":["Geral","iNFRADebate"],"inLanguage":"pt-BR","copyrightYear":"2020","copyrightHolder":{"@id":"https:\/\/agenciainfra.com\/blog\/#organization"}},{"@type":"WebPage","@id":"https:\/\/agenciainfra.com\/blog\/infradebate-o-que-esperar-da-relicitacao-das-concessoes-aeroportuarias-de-viracopos-e-sao-goncalo-do-amarante\/","url":"https:\/\/agenciainfra.com\/blog\/infradebate-o-que-esperar-da-relicitacao-das-concessoes-aeroportuarias-de-viracopos-e-sao-goncalo-do-amarante\/","name":"iNFRADebate: O que esperar da relicita\u00e7\u00e3o das concess\u00f5es aeroportu\u00e1rias de Viracopos e S\u00e3o Gon\u00e7alo do Amarante? - Ag\u00eancia iNFRA","isPartOf":{"@id":"https:\/\/agenciainfra.com\/blog\/#website"},"primaryImageOfPage":{"@id":"https:\/\/agenciainfra.com\/blog\/infradebate-o-que-esperar-da-relicitacao-das-concessoes-aeroportuarias-de-viracopos-e-sao-goncalo-do-amarante\/#primaryimage"},"image":{"@id":"https:\/\/agenciainfra.com\/blog\/infradebate-o-que-esperar-da-relicitacao-das-concessoes-aeroportuarias-de-viracopos-e-sao-goncalo-do-amarante\/#primaryimage"},"thumbnailUrl":"https:\/\/agenciainfra.com\/blog\/wp-content\/uploads\/2020\/06\/viracopos-foto-carlos-bassan-prefeitura-de-campinas.jpg","datePublished":"2020-06-17T16:00:00+00:00","breadcrumb":{"@id":"https:\/\/agenciainfra.com\/blog\/infradebate-o-que-esperar-da-relicitacao-das-concessoes-aeroportuarias-de-viracopos-e-sao-goncalo-do-amarante\/#breadcrumb"},"inLanguage":"pt-BR","potentialAction":[{"@type":"ReadAction","target":["https:\/\/agenciainfra.com\/blog\/infradebate-o-que-esperar-da-relicitacao-das-concessoes-aeroportuarias-de-viracopos-e-sao-goncalo-do-amarante\/"]}]},{"@type":"ImageObject","inLanguage":"pt-BR","@id":"https:\/\/agenciainfra.com\/blog\/infradebate-o-que-esperar-da-relicitacao-das-concessoes-aeroportuarias-de-viracopos-e-sao-goncalo-do-amarante\/#primaryimage","url":"https:\/\/agenciainfra.com\/blog\/wp-content\/uploads\/2020\/06\/viracopos-foto-carlos-bassan-prefeitura-de-campinas.jpg","contentUrl":"https:\/\/agenciainfra.com\/blog\/wp-content\/uploads\/2020\/06\/viracopos-foto-carlos-bassan-prefeitura-de-campinas.jpg","width":1280,"height":781,"caption":"Foto: Carlos Bassan\/Prefeitura de Campinas"},{"@type":"BreadcrumbList","@id":"https:\/\/agenciainfra.com\/blog\/infradebate-o-que-esperar-da-relicitacao-das-concessoes-aeroportuarias-de-viracopos-e-sao-goncalo-do-amarante\/#breadcrumb","itemListElement":[{"@type":"ListItem","position":1,"name":"In\u00edcio","item":"https:\/\/agenciainfra.com\/blog\/"},{"@type":"ListItem","position":2,"name":"iNFRADebate: O que esperar da relicita\u00e7\u00e3o das concess\u00f5es aeroportu\u00e1rias de Viracopos e S\u00e3o Gon\u00e7alo do Amarante?"}]},{"@type":"WebSite","@id":"https:\/\/agenciainfra.com\/blog\/#website","url":"https:\/\/agenciainfra.com\/blog\/","name":"Ag\u00eancia iNFRA","description":"Multiplataforma de informa\u00e7\u00e3o jornal\u00edstica refer\u00eancia na \u00e1rea de infraestrutura no Brasil!","publisher":{"@id":"https:\/\/agenciainfra.com\/blog\/#organization"},"potentialAction":[{"@type":"SearchAction","target":{"@type":"EntryPoint","urlTemplate":"https:\/\/agenciainfra.com\/blog\/?s={search_term_string}"},"query-input":{"@type":"PropertyValueSpecification","valueRequired":true,"valueName":"search_term_string"}}],"inLanguage":"pt-BR"},{"@type":"Organization","@id":"https:\/\/agenciainfra.com\/blog\/#organization","name":"Ag\u00eancia iNFRA","url":"https:\/\/agenciainfra.com\/blog\/","logo":{"@type":"ImageObject","inLanguage":"pt-BR","@id":"https:\/\/agenciainfra.com\/blog\/#\/schema\/logo\/image\/","url":"https:\/\/agenciainfra.com\/blog\/wp-content\/uploads\/2023\/09\/iNFRA_5-e1761735885940.png","contentUrl":"https:\/\/agenciainfra.com\/blog\/wp-content\/uploads\/2023\/09\/iNFRA_5-e1761735885940.png","width":1672,"height":454,"caption":"Ag\u00eancia iNFRA"},"image":{"@id":"https:\/\/agenciainfra.com\/blog\/#\/schema\/logo\/image\/"},"sameAs":["https:\/\/www.facebook.com\/ageninfra","https:\/\/x.com\/agencia_infra","https:\/\/www.linkedin.com\/company\/ag\u00eanciainfra\/","https:\/\/www.instagram.com\/agenciainfra\/"]},{"@type":"Person","@id":"https:\/\/agenciainfra.com\/blog\/#\/schema\/person\/04dbb79bd6d8951f063da71f3e4c1eb1","name":"Rodrigo Zuquim","image":{"@type":"ImageObject","inLanguage":"pt-BR","@id":"https:\/\/agenciainfra.com\/blog\/#\/schema\/person\/image\/","url":"https:\/\/secure.gravatar.com\/avatar\/594abfe82761d620726242ff34ca472a705a4b97f16c790053a6b4c4035274d0?s=96&d=mm&r=g","contentUrl":"https:\/\/secure.gravatar.com\/avatar\/594abfe82761d620726242ff34ca472a705a4b97f16c790053a6b4c4035274d0?s=96&d=mm&r=g","caption":"Rodrigo Zuquim"},"url":"https:\/\/agenciainfra.com\/blog\/author\/rodrigo-zuquim\/"}]}},"_links":{"self":[{"href":"https:\/\/agenciainfra.com\/blog\/wp-json\/wp\/v2\/posts\/5173","targetHints":{"allow":["GET"]}}],"collection":[{"href":"https:\/\/agenciainfra.com\/blog\/wp-json\/wp\/v2\/posts"}],"about":[{"href":"https:\/\/agenciainfra.com\/blog\/wp-json\/wp\/v2\/types\/post"}],"author":[{"embeddable":true,"href":"https:\/\/agenciainfra.com\/blog\/wp-json\/wp\/v2\/users\/9"}],"replies":[{"embeddable":true,"href":"https:\/\/agenciainfra.com\/blog\/wp-json\/wp\/v2\/comments?post=5173"}],"version-history":[{"count":0,"href":"https:\/\/agenciainfra.com\/blog\/wp-json\/wp\/v2\/posts\/5173\/revisions"}],"wp:featuredmedia":[{"embeddable":true,"href":"https:\/\/agenciainfra.com\/blog\/wp-json\/wp\/v2\/media\/5174"}],"wp:attachment":[{"href":"https:\/\/agenciainfra.com\/blog\/wp-json\/wp\/v2\/media?parent=5173"}],"wp:term":[{"taxonomy":"category","embeddable":true,"href":"https:\/\/agenciainfra.com\/blog\/wp-json\/wp\/v2\/categories?post=5173"},{"taxonomy":"post_tag","embeddable":true,"href":"https:\/\/agenciainfra.com\/blog\/wp-json\/wp\/v2\/tags?post=5173"}],"curies":[{"name":"wp","href":"https:\/\/api.w.org\/{rel}","templated":true}]}}