{"id":5177,"date":"2020-06-17T07:32:05","date_gmt":"2020-06-17T10:32:05","guid":{"rendered":"https:\/\/www.agenciainfra.com\/blog\/?p=5177"},"modified":"2020-06-17T07:32:05","modified_gmt":"2020-06-17T10:32:05","slug":"obras-de-ate-r-15-milhao-com-recurso-federal-poderao-ter-orcamento-parametrico","status":"publish","type":"post","link":"https:\/\/agenciainfra.com\/blog\/obras-de-ate-r-15-milhao-com-recurso-federal-poderao-ter-orcamento-parametrico\/","title":{"rendered":"Obras de at\u00e9 R$ 1,5 milh\u00e3o com recurso federal poder\u00e3o ter or\u00e7amento param\u00e9trico"},"content":{"rendered":"<h5 style=\"text-align: right;\"><strong>da Ag\u00eancia iNFRA<\/strong><\/h5>\n<p>Portaria Interministerial 13.395, coordenada pela Secretaria Especial de Desburocratiza\u00e7\u00e3o, Gest\u00e3o e Governo Digital do Minist\u00e9rio da Economia, estabeleceu regras e crit\u00e9rios para a an\u00e1lise param\u00e9trica de or\u00e7amentos de obras e servi\u00e7os de engenharia do governo federal.<\/p>\n<p>Esse tipo de or\u00e7amento, que torna mais simples a estimativa de valores para a execu\u00e7\u00e3o dos servi\u00e7os e tende a aumentar a velocidade do tempo de repasse, vai servir para obras de pequeno porte, at\u00e9 R$ 1,5 milh\u00e3o, de acordo com ato publicado no Di\u00e1rio Oficial da Uni\u00e3o de hoje (17). O ato est\u00e1 dispon\u00edvel <a href=\"http:\/\/pesquisa.in.gov.br\/imprensa\/jsp\/visualiza\/index.jsp?data=17\/06\/2020&amp;jornal=515&amp;pagina=48&amp;totalArquivos=98\" target=\"_blank\" rel=\"noopener noreferrer\">neste link<\/a>.<\/p>\n<p>As transfer\u00eancias de recursos s\u00e3o as tratadas no artigo 16 do Decreto 7.983\/2013, que &#8220;estabelece regras e crit\u00e9rios para elabora\u00e7\u00e3o de or\u00e7amento de refer\u00eancia de obras e servi\u00e7os de engenharia&#8221; com recursos da Uni\u00e3o. O artigo 16 trata de transfer\u00eancia de recursos para entes subnacionais.<\/p>\n<p>A nova norma permite que a an\u00e1lise param\u00e9trica do or\u00e7amento seja feita, a crit\u00e9rio dos \u00f3rg\u00e3os locais, por modelos referenciais de custos ou por modelos fundamentados em bases de dados oficiais de projetos, sugerindo algumas do governo federal.<\/p>\n<p>Os \u00f3rg\u00e3os locais dever\u00e3o ainda manter registro na Plataforma +Brasil sobre os valores dos custos referenciais dos projetos, entre outras medidas.<\/p>\n","protected":false},"excerpt":{"rendered":"<p>da Ag\u00eancia iNFRA Portaria Interministerial 13.395, coordenada pela Secretaria Especial de Desburocratiza\u00e7\u00e3o, Gest\u00e3o e Governo Digital do Minist\u00e9rio da Economia, estabeleceu regras e crit\u00e9rios para a an\u00e1lise param\u00e9trica de or\u00e7amentos de obras e servi\u00e7os de engenharia do governo federal. Esse tipo de or\u00e7amento, que torna mais simples a estimativa de valores para a execu\u00e7\u00e3o dos [&hellip;]<\/p>\n","protected":false},"author":9,"featured_media":5178,"comment_status":"closed","ping_status":"closed","sticky":false,"template":"","format":"standard","meta":{"_monsterinsights_skip_tracking":false,"_monsterinsights_sitenote_active":false,"_monsterinsights_sitenote_note":"","_monsterinsights_sitenote_category":0,"footnotes":""},"categories":[1,2052],"tags":[2147,627,2145,2148,2146],"class_list":["post-5177","post","type-post","status-publish","format-standard","has-post-thumbnail","hentry","category-geral","category-infra-transicao","tag-decreto-7-983-2013","tag-obras-publicas","tag-orcamento-parametrico","tag-plataforma-brasil","tag-portaria-interministerial-13-395"],"yoast_head":"<!-- This site is optimized with the Yoast SEO Premium plugin v25.4 (Yoast SEO v26.0) - https:\/\/yoast.com\/wordpress\/plugins\/seo\/ -->\n<title>Obras de at\u00e9 R$ 1,5 milh\u00e3o com recurso federal poder\u00e3o ter or\u00e7amento param\u00e9trico - Ag\u00eancia iNFRA<\/title>\n<meta name=\"robots\" content=\"index, follow, max-snippet:-1, max-image-preview:large, max-video-preview:-1\" \/>\n<link rel=\"canonical\" href=\"https:\/\/agenciainfra.com\/blog\/obras-de-ate-r-15-milhao-com-recurso-federal-poderao-ter-orcamento-parametrico\/\" \/>\n<meta property=\"og:locale\" content=\"pt_BR\" \/>\n<meta property=\"og:type\" content=\"article\" \/>\n<meta property=\"og:title\" content=\"Obras de at\u00e9 R$ 1,5 milh\u00e3o com recurso federal poder\u00e3o ter or\u00e7amento param\u00e9trico\" \/>\n<meta property=\"og:description\" content=\"da Ag\u00eancia iNFRA Portaria Interministerial 13.395, coordenada pela Secretaria Especial de Desburocratiza\u00e7\u00e3o, Gest\u00e3o e Governo Digital do Minist\u00e9rio da Economia, estabeleceu regras e crit\u00e9rios para a an\u00e1lise param\u00e9trica de or\u00e7amentos de obras e servi\u00e7os de engenharia do governo federal. Esse tipo de or\u00e7amento, que torna mais simples a estimativa de valores para a execu\u00e7\u00e3o dos [&hellip;]\" \/>\n<meta property=\"og:url\" content=\"https:\/\/agenciainfra.com\/blog\/obras-de-ate-r-15-milhao-com-recurso-federal-poderao-ter-orcamento-parametrico\/\" \/>\n<meta property=\"og:site_name\" content=\"Ag\u00eancia iNFRA\" \/>\n<meta property=\"article:publisher\" content=\"https:\/\/www.facebook.com\/ageninfra\" \/>\n<meta property=\"article:published_time\" content=\"2020-06-17T10:32:05+00:00\" \/>\n<meta property=\"og:image\" content=\"https:\/\/agenciainfra.com\/blog\/wp-content\/uploads\/2020\/06\/calculadora-foto-dominio-publico.jpg\" \/>\n\t<meta property=\"og:image:width\" content=\"1280\" \/>\n\t<meta property=\"og:image:height\" content=\"853\" \/>\n\t<meta property=\"og:image:type\" content=\"image\/jpeg\" \/>\n<meta name=\"author\" content=\"Rodrigo Zuquim\" \/>\n<meta name=\"twitter:card\" content=\"summary_large_image\" \/>\n<meta name=\"twitter:creator\" content=\"@agencia_infra\" \/>\n<meta name=\"twitter:site\" content=\"@agencia_infra\" \/>\n<meta name=\"twitter:label1\" content=\"Escrito por\" \/>\n\t<meta name=\"twitter:data1\" content=\"Rodrigo Zuquim\" \/>\n\t<meta name=\"twitter:label2\" content=\"Est. tempo de leitura\" \/>\n\t<meta name=\"twitter:data2\" content=\"1 minuto\" \/>\n<script type=\"application\/ld+json\" class=\"yoast-schema-graph\">{\"@context\":\"https:\/\/schema.org\",\"@graph\":[{\"@type\":\"Article\",\"@id\":\"https:\/\/agenciainfra.com\/blog\/obras-de-ate-r-15-milhao-com-recurso-federal-poderao-ter-orcamento-parametrico\/#article\",\"isPartOf\":{\"@id\":\"https:\/\/agenciainfra.com\/blog\/obras-de-ate-r-15-milhao-com-recurso-federal-poderao-ter-orcamento-parametrico\/\"},\"author\":{\"name\":\"Rodrigo Zuquim\",\"@id\":\"https:\/\/agenciainfra.com\/blog\/#\/schema\/person\/04dbb79bd6d8951f063da71f3e4c1eb1\"},\"headline\":\"Obras de at\u00e9 R$ 1,5 milh\u00e3o com recurso federal poder\u00e3o ter or\u00e7amento param\u00e9trico\",\"datePublished\":\"2020-06-17T10:32:05+00:00\",\"mainEntityOfPage\":{\"@id\":\"https:\/\/agenciainfra.com\/blog\/obras-de-ate-r-15-milhao-com-recurso-federal-poderao-ter-orcamento-parametrico\/\"},\"wordCount\":242,\"publisher\":{\"@id\":\"https:\/\/agenciainfra.com\/blog\/#organization\"},\"image\":{\"@id\":\"https:\/\/agenciainfra.com\/blog\/obras-de-ate-r-15-milhao-com-recurso-federal-poderao-ter-orcamento-parametrico\/#primaryimage\"},\"thumbnailUrl\":\"https:\/\/agenciainfra.com\/blog\/wp-content\/uploads\/2020\/06\/calculadora-foto-dominio-publico.jpg\",\"keywords\":[\"Decreto 7.983\/2013\",\"obras p\u00fablicas\",\"or\u00e7amento param\u00e9trico\",\"Plataforma +Brasil\",\"Portaria Interministerial 13.395\"],\"articleSection\":[\"Geral\",\"iNFRA Na Transi\u00e7\u00e3o\"],\"inLanguage\":\"pt-BR\",\"copyrightYear\":\"2020\",\"copyrightHolder\":{\"@id\":\"https:\/\/agenciainfra.com\/blog\/#organization\"}},{\"@type\":\"WebPage\",\"@id\":\"https:\/\/agenciainfra.com\/blog\/obras-de-ate-r-15-milhao-com-recurso-federal-poderao-ter-orcamento-parametrico\/\",\"url\":\"https:\/\/agenciainfra.com\/blog\/obras-de-ate-r-15-milhao-com-recurso-federal-poderao-ter-orcamento-parametrico\/\",\"name\":\"Obras de at\u00e9 R$ 1,5 milh\u00e3o com recurso federal poder\u00e3o ter or\u00e7amento param\u00e9trico - Ag\u00eancia iNFRA\",\"isPartOf\":{\"@id\":\"https:\/\/agenciainfra.com\/blog\/#website\"},\"primaryImageOfPage\":{\"@id\":\"https:\/\/agenciainfra.com\/blog\/obras-de-ate-r-15-milhao-com-recurso-federal-poderao-ter-orcamento-parametrico\/#primaryimage\"},\"image\":{\"@id\":\"https:\/\/agenciainfra.com\/blog\/obras-de-ate-r-15-milhao-com-recurso-federal-poderao-ter-orcamento-parametrico\/#primaryimage\"},\"thumbnailUrl\":\"https:\/\/agenciainfra.com\/blog\/wp-content\/uploads\/2020\/06\/calculadora-foto-dominio-publico.jpg\",\"datePublished\":\"2020-06-17T10:32:05+00:00\",\"breadcrumb\":{\"@id\":\"https:\/\/agenciainfra.com\/blog\/obras-de-ate-r-15-milhao-com-recurso-federal-poderao-ter-orcamento-parametrico\/#breadcrumb\"},\"inLanguage\":\"pt-BR\",\"potentialAction\":[{\"@type\":\"ReadAction\",\"target\":[\"https:\/\/agenciainfra.com\/blog\/obras-de-ate-r-15-milhao-com-recurso-federal-poderao-ter-orcamento-parametrico\/\"]}]},{\"@type\":\"ImageObject\",\"inLanguage\":\"pt-BR\",\"@id\":\"https:\/\/agenciainfra.com\/blog\/obras-de-ate-r-15-milhao-com-recurso-federal-poderao-ter-orcamento-parametrico\/#primaryimage\",\"url\":\"https:\/\/agenciainfra.com\/blog\/wp-content\/uploads\/2020\/06\/calculadora-foto-dominio-publico.jpg\",\"contentUrl\":\"https:\/\/agenciainfra.com\/blog\/wp-content\/uploads\/2020\/06\/calculadora-foto-dominio-publico.jpg\",\"width\":1280,\"height\":853,\"caption\":\"Foto: Dom\u00ednio P\u00fablico\"},{\"@type\":\"BreadcrumbList\",\"@id\":\"https:\/\/agenciainfra.com\/blog\/obras-de-ate-r-15-milhao-com-recurso-federal-poderao-ter-orcamento-parametrico\/#breadcrumb\",\"itemListElement\":[{\"@type\":\"ListItem\",\"position\":1,\"name\":\"In\u00edcio\",\"item\":\"https:\/\/agenciainfra.com\/blog\/\"},{\"@type\":\"ListItem\",\"position\":2,\"name\":\"Obras de at\u00e9 R$ 1,5 milh\u00e3o com recurso federal poder\u00e3o ter or\u00e7amento param\u00e9trico\"}]},{\"@type\":\"WebSite\",\"@id\":\"https:\/\/agenciainfra.com\/blog\/#website\",\"url\":\"https:\/\/agenciainfra.com\/blog\/\",\"name\":\"Ag\u00eancia iNFRA\",\"description\":\"Multiplataforma de informa\u00e7\u00e3o jornal\u00edstica refer\u00eancia na \u00e1rea de infraestrutura no Brasil!\",\"publisher\":{\"@id\":\"https:\/\/agenciainfra.com\/blog\/#organization\"},\"potentialAction\":[{\"@type\":\"SearchAction\",\"target\":{\"@type\":\"EntryPoint\",\"urlTemplate\":\"https:\/\/agenciainfra.com\/blog\/?s={search_term_string}\"},\"query-input\":{\"@type\":\"PropertyValueSpecification\",\"valueRequired\":true,\"valueName\":\"search_term_string\"}}],\"inLanguage\":\"pt-BR\"},{\"@type\":\"Organization\",\"@id\":\"https:\/\/agenciainfra.com\/blog\/#organization\",\"name\":\"Ag\u00eancia iNFRA\",\"url\":\"https:\/\/agenciainfra.com\/blog\/\",\"logo\":{\"@type\":\"ImageObject\",\"inLanguage\":\"pt-BR\",\"@id\":\"https:\/\/agenciainfra.com\/blog\/#\/schema\/logo\/image\/\",\"url\":\"https:\/\/agenciainfra.com\/blog\/wp-content\/uploads\/2023\/09\/iNFRA_5-e1761735885940.png\",\"contentUrl\":\"https:\/\/agenciainfra.com\/blog\/wp-content\/uploads\/2023\/09\/iNFRA_5-e1761735885940.png\",\"width\":1672,\"height\":454,\"caption\":\"Ag\u00eancia iNFRA\"},\"image\":{\"@id\":\"https:\/\/agenciainfra.com\/blog\/#\/schema\/logo\/image\/\"},\"sameAs\":[\"https:\/\/www.facebook.com\/ageninfra\",\"https:\/\/x.com\/agencia_infra\",\"https:\/\/www.linkedin.com\/company\/ag\u00eanciainfra\/\",\"https:\/\/www.instagram.com\/agenciainfra\/\"]},{\"@type\":\"Person\",\"@id\":\"https:\/\/agenciainfra.com\/blog\/#\/schema\/person\/04dbb79bd6d8951f063da71f3e4c1eb1\",\"name\":\"Rodrigo Zuquim\",\"image\":{\"@type\":\"ImageObject\",\"inLanguage\":\"pt-BR\",\"@id\":\"https:\/\/agenciainfra.com\/blog\/#\/schema\/person\/image\/\",\"url\":\"https:\/\/secure.gravatar.com\/avatar\/594abfe82761d620726242ff34ca472a705a4b97f16c790053a6b4c4035274d0?s=96&d=mm&r=g\",\"contentUrl\":\"https:\/\/secure.gravatar.com\/avatar\/594abfe82761d620726242ff34ca472a705a4b97f16c790053a6b4c4035274d0?s=96&d=mm&r=g\",\"caption\":\"Rodrigo Zuquim\"},\"url\":\"https:\/\/agenciainfra.com\/blog\/author\/rodrigo-zuquim\/\"}]}<\/script>\n<!-- \/ Yoast SEO Premium plugin. -->","yoast_head_json":{"title":"Obras de at\u00e9 R$ 1,5 milh\u00e3o com recurso federal poder\u00e3o ter or\u00e7amento param\u00e9trico - Ag\u00eancia iNFRA","robots":{"index":"index","follow":"follow","max-snippet":"max-snippet:-1","max-image-preview":"max-image-preview:large","max-video-preview":"max-video-preview:-1"},"canonical":"https:\/\/agenciainfra.com\/blog\/obras-de-ate-r-15-milhao-com-recurso-federal-poderao-ter-orcamento-parametrico\/","og_locale":"pt_BR","og_type":"article","og_title":"Obras de at\u00e9 R$ 1,5 milh\u00e3o com recurso federal poder\u00e3o ter or\u00e7amento param\u00e9trico","og_description":"da Ag\u00eancia iNFRA Portaria Interministerial 13.395, coordenada pela Secretaria Especial de Desburocratiza\u00e7\u00e3o, Gest\u00e3o e Governo Digital do Minist\u00e9rio da Economia, estabeleceu regras e crit\u00e9rios para a an\u00e1lise param\u00e9trica de or\u00e7amentos de obras e servi\u00e7os de engenharia do governo federal. Esse tipo de or\u00e7amento, que torna mais simples a estimativa de valores para a execu\u00e7\u00e3o dos [&hellip;]","og_url":"https:\/\/agenciainfra.com\/blog\/obras-de-ate-r-15-milhao-com-recurso-federal-poderao-ter-orcamento-parametrico\/","og_site_name":"Ag\u00eancia iNFRA","article_publisher":"https:\/\/www.facebook.com\/ageninfra","article_published_time":"2020-06-17T10:32:05+00:00","og_image":[{"width":1280,"height":853,"url":"https:\/\/agenciainfra.com\/blog\/wp-content\/uploads\/2020\/06\/calculadora-foto-dominio-publico.jpg","type":"image\/jpeg"}],"author":"Rodrigo Zuquim","twitter_card":"summary_large_image","twitter_creator":"@agencia_infra","twitter_site":"@agencia_infra","twitter_misc":{"Escrito por":"Rodrigo Zuquim","Est. tempo de leitura":"1 minuto"},"schema":{"@context":"https:\/\/schema.org","@graph":[{"@type":"Article","@id":"https:\/\/agenciainfra.com\/blog\/obras-de-ate-r-15-milhao-com-recurso-federal-poderao-ter-orcamento-parametrico\/#article","isPartOf":{"@id":"https:\/\/agenciainfra.com\/blog\/obras-de-ate-r-15-milhao-com-recurso-federal-poderao-ter-orcamento-parametrico\/"},"author":{"name":"Rodrigo Zuquim","@id":"https:\/\/agenciainfra.com\/blog\/#\/schema\/person\/04dbb79bd6d8951f063da71f3e4c1eb1"},"headline":"Obras de at\u00e9 R$ 1,5 milh\u00e3o com recurso federal poder\u00e3o ter or\u00e7amento param\u00e9trico","datePublished":"2020-06-17T10:32:05+00:00","mainEntityOfPage":{"@id":"https:\/\/agenciainfra.com\/blog\/obras-de-ate-r-15-milhao-com-recurso-federal-poderao-ter-orcamento-parametrico\/"},"wordCount":242,"publisher":{"@id":"https:\/\/agenciainfra.com\/blog\/#organization"},"image":{"@id":"https:\/\/agenciainfra.com\/blog\/obras-de-ate-r-15-milhao-com-recurso-federal-poderao-ter-orcamento-parametrico\/#primaryimage"},"thumbnailUrl":"https:\/\/agenciainfra.com\/blog\/wp-content\/uploads\/2020\/06\/calculadora-foto-dominio-publico.jpg","keywords":["Decreto 7.983\/2013","obras p\u00fablicas","or\u00e7amento param\u00e9trico","Plataforma +Brasil","Portaria Interministerial 13.395"],"articleSection":["Geral","iNFRA Na Transi\u00e7\u00e3o"],"inLanguage":"pt-BR","copyrightYear":"2020","copyrightHolder":{"@id":"https:\/\/agenciainfra.com\/blog\/#organization"}},{"@type":"WebPage","@id":"https:\/\/agenciainfra.com\/blog\/obras-de-ate-r-15-milhao-com-recurso-federal-poderao-ter-orcamento-parametrico\/","url":"https:\/\/agenciainfra.com\/blog\/obras-de-ate-r-15-milhao-com-recurso-federal-poderao-ter-orcamento-parametrico\/","name":"Obras de at\u00e9 R$ 1,5 milh\u00e3o com recurso federal poder\u00e3o ter or\u00e7amento param\u00e9trico - Ag\u00eancia iNFRA","isPartOf":{"@id":"https:\/\/agenciainfra.com\/blog\/#website"},"primaryImageOfPage":{"@id":"https:\/\/agenciainfra.com\/blog\/obras-de-ate-r-15-milhao-com-recurso-federal-poderao-ter-orcamento-parametrico\/#primaryimage"},"image":{"@id":"https:\/\/agenciainfra.com\/blog\/obras-de-ate-r-15-milhao-com-recurso-federal-poderao-ter-orcamento-parametrico\/#primaryimage"},"thumbnailUrl":"https:\/\/agenciainfra.com\/blog\/wp-content\/uploads\/2020\/06\/calculadora-foto-dominio-publico.jpg","datePublished":"2020-06-17T10:32:05+00:00","breadcrumb":{"@id":"https:\/\/agenciainfra.com\/blog\/obras-de-ate-r-15-milhao-com-recurso-federal-poderao-ter-orcamento-parametrico\/#breadcrumb"},"inLanguage":"pt-BR","potentialAction":[{"@type":"ReadAction","target":["https:\/\/agenciainfra.com\/blog\/obras-de-ate-r-15-milhao-com-recurso-federal-poderao-ter-orcamento-parametrico\/"]}]},{"@type":"ImageObject","inLanguage":"pt-BR","@id":"https:\/\/agenciainfra.com\/blog\/obras-de-ate-r-15-milhao-com-recurso-federal-poderao-ter-orcamento-parametrico\/#primaryimage","url":"https:\/\/agenciainfra.com\/blog\/wp-content\/uploads\/2020\/06\/calculadora-foto-dominio-publico.jpg","contentUrl":"https:\/\/agenciainfra.com\/blog\/wp-content\/uploads\/2020\/06\/calculadora-foto-dominio-publico.jpg","width":1280,"height":853,"caption":"Foto: Dom\u00ednio P\u00fablico"},{"@type":"BreadcrumbList","@id":"https:\/\/agenciainfra.com\/blog\/obras-de-ate-r-15-milhao-com-recurso-federal-poderao-ter-orcamento-parametrico\/#breadcrumb","itemListElement":[{"@type":"ListItem","position":1,"name":"In\u00edcio","item":"https:\/\/agenciainfra.com\/blog\/"},{"@type":"ListItem","position":2,"name":"Obras de at\u00e9 R$ 1,5 milh\u00e3o com recurso federal poder\u00e3o ter or\u00e7amento param\u00e9trico"}]},{"@type":"WebSite","@id":"https:\/\/agenciainfra.com\/blog\/#website","url":"https:\/\/agenciainfra.com\/blog\/","name":"Ag\u00eancia iNFRA","description":"Multiplataforma de informa\u00e7\u00e3o jornal\u00edstica refer\u00eancia na \u00e1rea de infraestrutura no Brasil!","publisher":{"@id":"https:\/\/agenciainfra.com\/blog\/#organization"},"potentialAction":[{"@type":"SearchAction","target":{"@type":"EntryPoint","urlTemplate":"https:\/\/agenciainfra.com\/blog\/?s={search_term_string}"},"query-input":{"@type":"PropertyValueSpecification","valueRequired":true,"valueName":"search_term_string"}}],"inLanguage":"pt-BR"},{"@type":"Organization","@id":"https:\/\/agenciainfra.com\/blog\/#organization","name":"Ag\u00eancia iNFRA","url":"https:\/\/agenciainfra.com\/blog\/","logo":{"@type":"ImageObject","inLanguage":"pt-BR","@id":"https:\/\/agenciainfra.com\/blog\/#\/schema\/logo\/image\/","url":"https:\/\/agenciainfra.com\/blog\/wp-content\/uploads\/2023\/09\/iNFRA_5-e1761735885940.png","contentUrl":"https:\/\/agenciainfra.com\/blog\/wp-content\/uploads\/2023\/09\/iNFRA_5-e1761735885940.png","width":1672,"height":454,"caption":"Ag\u00eancia iNFRA"},"image":{"@id":"https:\/\/agenciainfra.com\/blog\/#\/schema\/logo\/image\/"},"sameAs":["https:\/\/www.facebook.com\/ageninfra","https:\/\/x.com\/agencia_infra","https:\/\/www.linkedin.com\/company\/ag\u00eanciainfra\/","https:\/\/www.instagram.com\/agenciainfra\/"]},{"@type":"Person","@id":"https:\/\/agenciainfra.com\/blog\/#\/schema\/person\/04dbb79bd6d8951f063da71f3e4c1eb1","name":"Rodrigo Zuquim","image":{"@type":"ImageObject","inLanguage":"pt-BR","@id":"https:\/\/agenciainfra.com\/blog\/#\/schema\/person\/image\/","url":"https:\/\/secure.gravatar.com\/avatar\/594abfe82761d620726242ff34ca472a705a4b97f16c790053a6b4c4035274d0?s=96&d=mm&r=g","contentUrl":"https:\/\/secure.gravatar.com\/avatar\/594abfe82761d620726242ff34ca472a705a4b97f16c790053a6b4c4035274d0?s=96&d=mm&r=g","caption":"Rodrigo Zuquim"},"url":"https:\/\/agenciainfra.com\/blog\/author\/rodrigo-zuquim\/"}]}},"_links":{"self":[{"href":"https:\/\/agenciainfra.com\/blog\/wp-json\/wp\/v2\/posts\/5177","targetHints":{"allow":["GET"]}}],"collection":[{"href":"https:\/\/agenciainfra.com\/blog\/wp-json\/wp\/v2\/posts"}],"about":[{"href":"https:\/\/agenciainfra.com\/blog\/wp-json\/wp\/v2\/types\/post"}],"author":[{"embeddable":true,"href":"https:\/\/agenciainfra.com\/blog\/wp-json\/wp\/v2\/users\/9"}],"replies":[{"embeddable":true,"href":"https:\/\/agenciainfra.com\/blog\/wp-json\/wp\/v2\/comments?post=5177"}],"version-history":[{"count":0,"href":"https:\/\/agenciainfra.com\/blog\/wp-json\/wp\/v2\/posts\/5177\/revisions"}],"wp:featuredmedia":[{"embeddable":true,"href":"https:\/\/agenciainfra.com\/blog\/wp-json\/wp\/v2\/media\/5178"}],"wp:attachment":[{"href":"https:\/\/agenciainfra.com\/blog\/wp-json\/wp\/v2\/media?parent=5177"}],"wp:term":[{"taxonomy":"category","embeddable":true,"href":"https:\/\/agenciainfra.com\/blog\/wp-json\/wp\/v2\/categories?post=5177"},{"taxonomy":"post_tag","embeddable":true,"href":"https:\/\/agenciainfra.com\/blog\/wp-json\/wp\/v2\/tags?post=5177"}],"curies":[{"name":"wp","href":"https:\/\/api.w.org\/{rel}","templated":true}]}}