{"id":5203,"date":"2020-06-19T08:00:00","date_gmt":"2020-06-19T11:00:00","guid":{"rendered":"https:\/\/www.agenciainfra.com\/blog\/?p=5203"},"modified":"2020-06-18T15:16:30","modified_gmt":"2020-06-18T18:16:30","slug":"presidente-da-assembleia-do-amazonas-da-15-dias-para-que-executivo-envie-nova-proposta-sobre-abertura-de-mercado-de-gas","status":"publish","type":"post","link":"https:\/\/agenciainfra.com\/blog\/presidente-da-assembleia-do-amazonas-da-15-dias-para-que-executivo-envie-nova-proposta-sobre-abertura-de-mercado-de-gas\/","title":{"rendered":"Presidente da Assembleia do Amazonas d\u00e1 15 dias para que Executivo envie nova proposta sobre abertura de mercado de g\u00e1s"},"content":{"rendered":"\n<hr class=\"wp-block-separator\"\/>\n\n\n\n<p class=\"has-text-align-right\"><strong>Guilherme Mendes, da Ag\u00eancia iNFRA<\/strong><\/p>\n\n\n\n<p>O presidente da Aleam (Assembleia Legislativa do Amazonas), deputado Josu\u00e9 Neto (PRTB),&nbsp;deu ultimato ao governador do estado, Wilson Lima (PSC), para resolver a quest\u00e3o da abertura do mercado de g\u00e1s local: o chefe do Executivo poder\u00e1 enviar, em at\u00e9 duas semanas, um projeto de sua autoria sobre a quebra de monop\u00f3lio.<br><br>Caso isso n\u00e3o ocorra, a Casa dever\u00e1 concluir projeto pr\u00f3prio que abre \u00e0 explora\u00e7\u00e3o os campos e a distribui\u00e7\u00e3o, derrubando o&nbsp;veto do governador que&nbsp;tranca a pauta.<br><br>Em nota publicada no site da Assembleia, Josu\u00e9, que faz parte da oposi\u00e7\u00e3o ao governo, prometeu votar a favor do projeto que o Executivo enviar \u2013 desde que este se comprometa a quebrar o monop\u00f3lio da Cig\u00e1s (Companhia de G\u00e1s do Amazonas, de maioria estatal) e promova o livre mercado de g\u00e1s.<br><br>\u201cEstou me despindo de qualquer vaidade. Eu n\u00e3o estou fazendo cr\u00edticas a qualquer colega deputado, eu n\u00e3o estou fazendo cr\u00edticas ao governo do estado. Eu estou dizendo que o povo do Amazonas precisa dessa lei\u201d, escreveu Josu\u00e9.<br><br>O deputado foi o autor do projeto de lei que busca tirar da Cig\u00e1s a exclusividade no setor de g\u00e1s do estado, que det\u00e9m uma das maiores reservas de g\u00e1s comprovadas do pa\u00eds. Ap\u00f3s uma aprova\u00e7\u00e3o rel\u00e2mpago em abril, o projeto foi vetado pelo governador em maio, que alegou caber apenas ao Poder Executivo definir quest\u00f5es sobre o tema.<br><br>Este veto ao PL hoje tranca a pauta da assembleia e conta com parecer favor\u00e1vel pela sua derrubada. Caso os deputados assim decidam, haver\u00e1 a definitiva quebra do mercado.<br><br>\u201cA pauta est\u00e1 trancada, n\u00e3o sou eu que estou trancando a pauta&#8221;, afirmou o parlamentar em nota enviada \u00e0 assembleia. &#8220;Quem est\u00e1 trancando a pauta \u00e9 a lei que n\u00e3o chega.&nbsp;Quando a lei chegar, n\u00f3s vamos destrancar a pauta. N\u00f3s temos 45 dias de discuss\u00e3o, faltam 15 dias, que s\u00e3o duas semanas. Eu estou dando duas semanas para que o governo do estado encaminhe essa nova lei\u201d, disse o parlamentar.<br><br>O presidente da Assembleia voltou a se referir ao mercado de g\u00e1s como um mercado que poder\u00e1 render &#8220;trilh\u00f5es de reais&#8221; em 10 anos e que poder\u00e1 mudar a sorte do estado. &#8220;Ela vai tirar da fome milhares de amazonenses,&nbsp;vai tirar da mis\u00e9ria milhares de amazonenses&#8221;, afirmou. O deputado&nbsp;n\u00e3o retornou os contatos para comentar a quest\u00e3o.<br><br>Na \u00faltima segunda-feira (15), uma audi\u00eancia p\u00fablica promovida pela assembleia sobre o tema foi esvaziada ap\u00f3s um severo desentendimento entre o presidente da Cig\u00e1s, Rene Levy, e o conselheiro do TCE-AM (Tribunal de Contas do Estado do Amazonas) Ari Moutinho Jr., que analisa o mercado de g\u00e1s dentro da corte. Moutinho \u00e9 cr\u00edtico ao veto, e o TCE j\u00e1 recomendou a aprova\u00e7\u00e3o do projeto por meio de um voto seu.<br><br>A defini\u00e7\u00e3o sobre o novo mercado de g\u00e1s no estado \u00e9 um dos focos conflagrados de atrito entre o Legislativo e o Executivo. Por conta da sua gest\u00e3o da pandemia, a Assembleia Legislativa tamb\u00e9m abriu um pedido de impeachment contra Lima.<\/p>\n","protected":false},"excerpt":{"rendered":"<p>Guilherme Mendes, da Ag\u00eancia iNFRA O presidente da Aleam (Assembleia Legislativa do Amazonas), deputado Josu\u00e9 Neto (PRTB),&nbsp;deu ultimato ao governador do estado, Wilson Lima (PSC), para resolver a quest\u00e3o da abertura do mercado de g\u00e1s local: o chefe do Executivo poder\u00e1 enviar, em at\u00e9 duas semanas, um projeto de sua autoria sobre a quebra de [&hellip;]<\/p>\n","protected":false},"author":9,"featured_media":5206,"comment_status":"closed","ping_status":"closed","sticky":false,"template":"","format":"standard","meta":{"_monsterinsights_skip_tracking":false,"_monsterinsights_sitenote_active":false,"_monsterinsights_sitenote_note":"","_monsterinsights_sitenote_category":0,"footnotes":""},"categories":[1,10],"tags":[2158,672,2027,2026,2160,2161,2159],"class_list":["post-5203","post","type-post","status-publish","format-standard","has-post-thumbnail","hentry","category-geral","category-infraenergia","tag-aleam","tag-amazonas","tag-ari-moutinho-jr","tag-cigas","tag-josue-neto","tag-rene-levy","tag-wilson-lima"],"yoast_head":"<!-- This site is optimized with the Yoast SEO Premium plugin v25.4 (Yoast SEO v26.0) - https:\/\/yoast.com\/wordpress\/plugins\/seo\/ -->\n<title>Presidente da Assembleia do Amazonas d\u00e1 15 dias para que Executivo envie nova proposta sobre abertura de mercado de g\u00e1s - Ag\u00eancia iNFRA<\/title>\n<meta name=\"robots\" content=\"index, follow, max-snippet:-1, max-image-preview:large, max-video-preview:-1\" \/>\n<link rel=\"canonical\" href=\"https:\/\/agenciainfra.com\/blog\/presidente-da-assembleia-do-amazonas-da-15-dias-para-que-executivo-envie-nova-proposta-sobre-abertura-de-mercado-de-gas\/\" \/>\n<meta property=\"og:locale\" content=\"pt_BR\" \/>\n<meta property=\"og:type\" content=\"article\" \/>\n<meta property=\"og:title\" content=\"Presidente da Assembleia do Amazonas d\u00e1 15 dias para que Executivo envie nova proposta sobre abertura de mercado de g\u00e1s\" \/>\n<meta property=\"og:description\" content=\"Guilherme Mendes, da Ag\u00eancia iNFRA O presidente da Aleam (Assembleia Legislativa do Amazonas), deputado Josu\u00e9 Neto (PRTB),&nbsp;deu ultimato ao governador do estado, Wilson Lima (PSC), para resolver a quest\u00e3o da abertura do mercado de g\u00e1s local: o chefe do Executivo poder\u00e1 enviar, em at\u00e9 duas semanas, um projeto de sua autoria sobre a quebra de [&hellip;]\" \/>\n<meta property=\"og:url\" content=\"https:\/\/agenciainfra.com\/blog\/presidente-da-assembleia-do-amazonas-da-15-dias-para-que-executivo-envie-nova-proposta-sobre-abertura-de-mercado-de-gas\/\" \/>\n<meta property=\"og:site_name\" content=\"Ag\u00eancia iNFRA\" \/>\n<meta property=\"article:publisher\" content=\"https:\/\/www.facebook.com\/ageninfra\" \/>\n<meta property=\"article:published_time\" content=\"2020-06-19T11:00:00+00:00\" \/>\n<meta property=\"og:image\" content=\"https:\/\/agenciainfra.com\/blog\/wp-content\/uploads\/2020\/06\/mercado-de-gas-foto-cigas.png\" \/>\n\t<meta property=\"og:image:width\" content=\"1280\" \/>\n\t<meta property=\"og:image:height\" content=\"851\" \/>\n\t<meta property=\"og:image:type\" content=\"image\/png\" \/>\n<meta name=\"author\" content=\"Rodrigo Zuquim\" \/>\n<meta name=\"twitter:card\" content=\"summary_large_image\" \/>\n<meta name=\"twitter:creator\" content=\"@agencia_infra\" \/>\n<meta name=\"twitter:site\" content=\"@agencia_infra\" \/>\n<meta name=\"twitter:label1\" content=\"Escrito por\" \/>\n\t<meta name=\"twitter:data1\" content=\"Rodrigo Zuquim\" \/>\n\t<meta name=\"twitter:label2\" content=\"Est. tempo de leitura\" \/>\n\t<meta name=\"twitter:data2\" content=\"3 minutos\" \/>\n<script type=\"application\/ld+json\" class=\"yoast-schema-graph\">{\"@context\":\"https:\/\/schema.org\",\"@graph\":[{\"@type\":\"Article\",\"@id\":\"https:\/\/agenciainfra.com\/blog\/presidente-da-assembleia-do-amazonas-da-15-dias-para-que-executivo-envie-nova-proposta-sobre-abertura-de-mercado-de-gas\/#article\",\"isPartOf\":{\"@id\":\"https:\/\/agenciainfra.com\/blog\/presidente-da-assembleia-do-amazonas-da-15-dias-para-que-executivo-envie-nova-proposta-sobre-abertura-de-mercado-de-gas\/\"},\"author\":{\"name\":\"Rodrigo Zuquim\",\"@id\":\"https:\/\/agenciainfra.com\/blog\/#\/schema\/person\/04dbb79bd6d8951f063da71f3e4c1eb1\"},\"headline\":\"Presidente da Assembleia do Amazonas d\u00e1 15 dias para que Executivo envie nova proposta sobre abertura de mercado de g\u00e1s\",\"datePublished\":\"2020-06-19T11:00:00+00:00\",\"mainEntityOfPage\":{\"@id\":\"https:\/\/agenciainfra.com\/blog\/presidente-da-assembleia-do-amazonas-da-15-dias-para-que-executivo-envie-nova-proposta-sobre-abertura-de-mercado-de-gas\/\"},\"wordCount\":567,\"publisher\":{\"@id\":\"https:\/\/agenciainfra.com\/blog\/#organization\"},\"image\":{\"@id\":\"https:\/\/agenciainfra.com\/blog\/presidente-da-assembleia-do-amazonas-da-15-dias-para-que-executivo-envie-nova-proposta-sobre-abertura-de-mercado-de-gas\/#primaryimage\"},\"thumbnailUrl\":\"https:\/\/agenciainfra.com\/blog\/wp-content\/uploads\/2020\/06\/mercado-de-gas-foto-cigas.png\",\"keywords\":[\"Aleam\",\"amazonas\",\"Ari Moutinho Jr.\",\"Cig\u00e1s\",\"Josu\u00e9 Neto\",\"Rene Levy\",\"Wilson Lima\"],\"articleSection\":[\"Geral\",\"iNFRAEnergia\"],\"inLanguage\":\"pt-BR\",\"copyrightYear\":\"2020\",\"copyrightHolder\":{\"@id\":\"https:\/\/agenciainfra.com\/blog\/#organization\"}},{\"@type\":\"WebPage\",\"@id\":\"https:\/\/agenciainfra.com\/blog\/presidente-da-assembleia-do-amazonas-da-15-dias-para-que-executivo-envie-nova-proposta-sobre-abertura-de-mercado-de-gas\/\",\"url\":\"https:\/\/agenciainfra.com\/blog\/presidente-da-assembleia-do-amazonas-da-15-dias-para-que-executivo-envie-nova-proposta-sobre-abertura-de-mercado-de-gas\/\",\"name\":\"Presidente da Assembleia do Amazonas d\u00e1 15 dias para que Executivo envie nova proposta sobre abertura de mercado de g\u00e1s - Ag\u00eancia iNFRA\",\"isPartOf\":{\"@id\":\"https:\/\/agenciainfra.com\/blog\/#website\"},\"primaryImageOfPage\":{\"@id\":\"https:\/\/agenciainfra.com\/blog\/presidente-da-assembleia-do-amazonas-da-15-dias-para-que-executivo-envie-nova-proposta-sobre-abertura-de-mercado-de-gas\/#primaryimage\"},\"image\":{\"@id\":\"https:\/\/agenciainfra.com\/blog\/presidente-da-assembleia-do-amazonas-da-15-dias-para-que-executivo-envie-nova-proposta-sobre-abertura-de-mercado-de-gas\/#primaryimage\"},\"thumbnailUrl\":\"https:\/\/agenciainfra.com\/blog\/wp-content\/uploads\/2020\/06\/mercado-de-gas-foto-cigas.png\",\"datePublished\":\"2020-06-19T11:00:00+00:00\",\"breadcrumb\":{\"@id\":\"https:\/\/agenciainfra.com\/blog\/presidente-da-assembleia-do-amazonas-da-15-dias-para-que-executivo-envie-nova-proposta-sobre-abertura-de-mercado-de-gas\/#breadcrumb\"},\"inLanguage\":\"pt-BR\",\"potentialAction\":[{\"@type\":\"ReadAction\",\"target\":[\"https:\/\/agenciainfra.com\/blog\/presidente-da-assembleia-do-amazonas-da-15-dias-para-que-executivo-envie-nova-proposta-sobre-abertura-de-mercado-de-gas\/\"]}]},{\"@type\":\"ImageObject\",\"inLanguage\":\"pt-BR\",\"@id\":\"https:\/\/agenciainfra.com\/blog\/presidente-da-assembleia-do-amazonas-da-15-dias-para-que-executivo-envie-nova-proposta-sobre-abertura-de-mercado-de-gas\/#primaryimage\",\"url\":\"https:\/\/agenciainfra.com\/blog\/wp-content\/uploads\/2020\/06\/mercado-de-gas-foto-cigas.png\",\"contentUrl\":\"https:\/\/agenciainfra.com\/blog\/wp-content\/uploads\/2020\/06\/mercado-de-gas-foto-cigas.png\",\"width\":1280,\"height\":851},{\"@type\":\"BreadcrumbList\",\"@id\":\"https:\/\/agenciainfra.com\/blog\/presidente-da-assembleia-do-amazonas-da-15-dias-para-que-executivo-envie-nova-proposta-sobre-abertura-de-mercado-de-gas\/#breadcrumb\",\"itemListElement\":[{\"@type\":\"ListItem\",\"position\":1,\"name\":\"In\u00edcio\",\"item\":\"https:\/\/agenciainfra.com\/blog\/\"},{\"@type\":\"ListItem\",\"position\":2,\"name\":\"Presidente da Assembleia do Amazonas d\u00e1 15 dias para que Executivo envie nova proposta sobre abertura de mercado de g\u00e1s\"}]},{\"@type\":\"WebSite\",\"@id\":\"https:\/\/agenciainfra.com\/blog\/#website\",\"url\":\"https:\/\/agenciainfra.com\/blog\/\",\"name\":\"Ag\u00eancia iNFRA\",\"description\":\"Multiplataforma de informa\u00e7\u00e3o jornal\u00edstica refer\u00eancia na \u00e1rea de infraestrutura no Brasil!\",\"publisher\":{\"@id\":\"https:\/\/agenciainfra.com\/blog\/#organization\"},\"potentialAction\":[{\"@type\":\"SearchAction\",\"target\":{\"@type\":\"EntryPoint\",\"urlTemplate\":\"https:\/\/agenciainfra.com\/blog\/?s={search_term_string}\"},\"query-input\":{\"@type\":\"PropertyValueSpecification\",\"valueRequired\":true,\"valueName\":\"search_term_string\"}}],\"inLanguage\":\"pt-BR\"},{\"@type\":\"Organization\",\"@id\":\"https:\/\/agenciainfra.com\/blog\/#organization\",\"name\":\"Ag\u00eancia iNFRA\",\"url\":\"https:\/\/agenciainfra.com\/blog\/\",\"logo\":{\"@type\":\"ImageObject\",\"inLanguage\":\"pt-BR\",\"@id\":\"https:\/\/agenciainfra.com\/blog\/#\/schema\/logo\/image\/\",\"url\":\"https:\/\/agenciainfra.com\/blog\/wp-content\/uploads\/2023\/09\/iNFRA_5-e1761735885940.png\",\"contentUrl\":\"https:\/\/agenciainfra.com\/blog\/wp-content\/uploads\/2023\/09\/iNFRA_5-e1761735885940.png\",\"width\":1672,\"height\":454,\"caption\":\"Ag\u00eancia iNFRA\"},\"image\":{\"@id\":\"https:\/\/agenciainfra.com\/blog\/#\/schema\/logo\/image\/\"},\"sameAs\":[\"https:\/\/www.facebook.com\/ageninfra\",\"https:\/\/x.com\/agencia_infra\",\"https:\/\/www.linkedin.com\/company\/ag\u00eanciainfra\/\",\"https:\/\/www.instagram.com\/agenciainfra\/\"]},{\"@type\":\"Person\",\"@id\":\"https:\/\/agenciainfra.com\/blog\/#\/schema\/person\/04dbb79bd6d8951f063da71f3e4c1eb1\",\"name\":\"Rodrigo Zuquim\",\"image\":{\"@type\":\"ImageObject\",\"inLanguage\":\"pt-BR\",\"@id\":\"https:\/\/agenciainfra.com\/blog\/#\/schema\/person\/image\/\",\"url\":\"https:\/\/secure.gravatar.com\/avatar\/594abfe82761d620726242ff34ca472a705a4b97f16c790053a6b4c4035274d0?s=96&d=mm&r=g\",\"contentUrl\":\"https:\/\/secure.gravatar.com\/avatar\/594abfe82761d620726242ff34ca472a705a4b97f16c790053a6b4c4035274d0?s=96&d=mm&r=g\",\"caption\":\"Rodrigo Zuquim\"},\"url\":\"https:\/\/agenciainfra.com\/blog\/author\/rodrigo-zuquim\/\"}]}<\/script>\n<!-- \/ Yoast SEO Premium plugin. -->","yoast_head_json":{"title":"Presidente da Assembleia do Amazonas d\u00e1 15 dias para que Executivo envie nova proposta sobre abertura de mercado de g\u00e1s - Ag\u00eancia iNFRA","robots":{"index":"index","follow":"follow","max-snippet":"max-snippet:-1","max-image-preview":"max-image-preview:large","max-video-preview":"max-video-preview:-1"},"canonical":"https:\/\/agenciainfra.com\/blog\/presidente-da-assembleia-do-amazonas-da-15-dias-para-que-executivo-envie-nova-proposta-sobre-abertura-de-mercado-de-gas\/","og_locale":"pt_BR","og_type":"article","og_title":"Presidente da Assembleia do Amazonas d\u00e1 15 dias para que Executivo envie nova proposta sobre abertura de mercado de g\u00e1s","og_description":"Guilherme Mendes, da Ag\u00eancia iNFRA O presidente da Aleam (Assembleia Legislativa do Amazonas), deputado Josu\u00e9 Neto (PRTB),&nbsp;deu ultimato ao governador do estado, Wilson Lima (PSC), para resolver a quest\u00e3o da abertura do mercado de g\u00e1s local: o chefe do Executivo poder\u00e1 enviar, em at\u00e9 duas semanas, um projeto de sua autoria sobre a quebra de [&hellip;]","og_url":"https:\/\/agenciainfra.com\/blog\/presidente-da-assembleia-do-amazonas-da-15-dias-para-que-executivo-envie-nova-proposta-sobre-abertura-de-mercado-de-gas\/","og_site_name":"Ag\u00eancia iNFRA","article_publisher":"https:\/\/www.facebook.com\/ageninfra","article_published_time":"2020-06-19T11:00:00+00:00","og_image":[{"width":1280,"height":851,"url":"https:\/\/agenciainfra.com\/blog\/wp-content\/uploads\/2020\/06\/mercado-de-gas-foto-cigas.png","type":"image\/png"}],"author":"Rodrigo Zuquim","twitter_card":"summary_large_image","twitter_creator":"@agencia_infra","twitter_site":"@agencia_infra","twitter_misc":{"Escrito por":"Rodrigo Zuquim","Est. tempo de leitura":"3 minutos"},"schema":{"@context":"https:\/\/schema.org","@graph":[{"@type":"Article","@id":"https:\/\/agenciainfra.com\/blog\/presidente-da-assembleia-do-amazonas-da-15-dias-para-que-executivo-envie-nova-proposta-sobre-abertura-de-mercado-de-gas\/#article","isPartOf":{"@id":"https:\/\/agenciainfra.com\/blog\/presidente-da-assembleia-do-amazonas-da-15-dias-para-que-executivo-envie-nova-proposta-sobre-abertura-de-mercado-de-gas\/"},"author":{"name":"Rodrigo Zuquim","@id":"https:\/\/agenciainfra.com\/blog\/#\/schema\/person\/04dbb79bd6d8951f063da71f3e4c1eb1"},"headline":"Presidente da Assembleia do Amazonas d\u00e1 15 dias para que Executivo envie nova proposta sobre abertura de mercado de g\u00e1s","datePublished":"2020-06-19T11:00:00+00:00","mainEntityOfPage":{"@id":"https:\/\/agenciainfra.com\/blog\/presidente-da-assembleia-do-amazonas-da-15-dias-para-que-executivo-envie-nova-proposta-sobre-abertura-de-mercado-de-gas\/"},"wordCount":567,"publisher":{"@id":"https:\/\/agenciainfra.com\/blog\/#organization"},"image":{"@id":"https:\/\/agenciainfra.com\/blog\/presidente-da-assembleia-do-amazonas-da-15-dias-para-que-executivo-envie-nova-proposta-sobre-abertura-de-mercado-de-gas\/#primaryimage"},"thumbnailUrl":"https:\/\/agenciainfra.com\/blog\/wp-content\/uploads\/2020\/06\/mercado-de-gas-foto-cigas.png","keywords":["Aleam","amazonas","Ari Moutinho Jr.","Cig\u00e1s","Josu\u00e9 Neto","Rene Levy","Wilson Lima"],"articleSection":["Geral","iNFRAEnergia"],"inLanguage":"pt-BR","copyrightYear":"2020","copyrightHolder":{"@id":"https:\/\/agenciainfra.com\/blog\/#organization"}},{"@type":"WebPage","@id":"https:\/\/agenciainfra.com\/blog\/presidente-da-assembleia-do-amazonas-da-15-dias-para-que-executivo-envie-nova-proposta-sobre-abertura-de-mercado-de-gas\/","url":"https:\/\/agenciainfra.com\/blog\/presidente-da-assembleia-do-amazonas-da-15-dias-para-que-executivo-envie-nova-proposta-sobre-abertura-de-mercado-de-gas\/","name":"Presidente da Assembleia do Amazonas d\u00e1 15 dias para que Executivo envie nova proposta sobre abertura de mercado de g\u00e1s - Ag\u00eancia iNFRA","isPartOf":{"@id":"https:\/\/agenciainfra.com\/blog\/#website"},"primaryImageOfPage":{"@id":"https:\/\/agenciainfra.com\/blog\/presidente-da-assembleia-do-amazonas-da-15-dias-para-que-executivo-envie-nova-proposta-sobre-abertura-de-mercado-de-gas\/#primaryimage"},"image":{"@id":"https:\/\/agenciainfra.com\/blog\/presidente-da-assembleia-do-amazonas-da-15-dias-para-que-executivo-envie-nova-proposta-sobre-abertura-de-mercado-de-gas\/#primaryimage"},"thumbnailUrl":"https:\/\/agenciainfra.com\/blog\/wp-content\/uploads\/2020\/06\/mercado-de-gas-foto-cigas.png","datePublished":"2020-06-19T11:00:00+00:00","breadcrumb":{"@id":"https:\/\/agenciainfra.com\/blog\/presidente-da-assembleia-do-amazonas-da-15-dias-para-que-executivo-envie-nova-proposta-sobre-abertura-de-mercado-de-gas\/#breadcrumb"},"inLanguage":"pt-BR","potentialAction":[{"@type":"ReadAction","target":["https:\/\/agenciainfra.com\/blog\/presidente-da-assembleia-do-amazonas-da-15-dias-para-que-executivo-envie-nova-proposta-sobre-abertura-de-mercado-de-gas\/"]}]},{"@type":"ImageObject","inLanguage":"pt-BR","@id":"https:\/\/agenciainfra.com\/blog\/presidente-da-assembleia-do-amazonas-da-15-dias-para-que-executivo-envie-nova-proposta-sobre-abertura-de-mercado-de-gas\/#primaryimage","url":"https:\/\/agenciainfra.com\/blog\/wp-content\/uploads\/2020\/06\/mercado-de-gas-foto-cigas.png","contentUrl":"https:\/\/agenciainfra.com\/blog\/wp-content\/uploads\/2020\/06\/mercado-de-gas-foto-cigas.png","width":1280,"height":851},{"@type":"BreadcrumbList","@id":"https:\/\/agenciainfra.com\/blog\/presidente-da-assembleia-do-amazonas-da-15-dias-para-que-executivo-envie-nova-proposta-sobre-abertura-de-mercado-de-gas\/#breadcrumb","itemListElement":[{"@type":"ListItem","position":1,"name":"In\u00edcio","item":"https:\/\/agenciainfra.com\/blog\/"},{"@type":"ListItem","position":2,"name":"Presidente da Assembleia do Amazonas d\u00e1 15 dias para que Executivo envie nova proposta sobre abertura de mercado de g\u00e1s"}]},{"@type":"WebSite","@id":"https:\/\/agenciainfra.com\/blog\/#website","url":"https:\/\/agenciainfra.com\/blog\/","name":"Ag\u00eancia iNFRA","description":"Multiplataforma de informa\u00e7\u00e3o jornal\u00edstica refer\u00eancia na \u00e1rea de infraestrutura no Brasil!","publisher":{"@id":"https:\/\/agenciainfra.com\/blog\/#organization"},"potentialAction":[{"@type":"SearchAction","target":{"@type":"EntryPoint","urlTemplate":"https:\/\/agenciainfra.com\/blog\/?s={search_term_string}"},"query-input":{"@type":"PropertyValueSpecification","valueRequired":true,"valueName":"search_term_string"}}],"inLanguage":"pt-BR"},{"@type":"Organization","@id":"https:\/\/agenciainfra.com\/blog\/#organization","name":"Ag\u00eancia iNFRA","url":"https:\/\/agenciainfra.com\/blog\/","logo":{"@type":"ImageObject","inLanguage":"pt-BR","@id":"https:\/\/agenciainfra.com\/blog\/#\/schema\/logo\/image\/","url":"https:\/\/agenciainfra.com\/blog\/wp-content\/uploads\/2023\/09\/iNFRA_5-e1761735885940.png","contentUrl":"https:\/\/agenciainfra.com\/blog\/wp-content\/uploads\/2023\/09\/iNFRA_5-e1761735885940.png","width":1672,"height":454,"caption":"Ag\u00eancia iNFRA"},"image":{"@id":"https:\/\/agenciainfra.com\/blog\/#\/schema\/logo\/image\/"},"sameAs":["https:\/\/www.facebook.com\/ageninfra","https:\/\/x.com\/agencia_infra","https:\/\/www.linkedin.com\/company\/ag\u00eanciainfra\/","https:\/\/www.instagram.com\/agenciainfra\/"]},{"@type":"Person","@id":"https:\/\/agenciainfra.com\/blog\/#\/schema\/person\/04dbb79bd6d8951f063da71f3e4c1eb1","name":"Rodrigo Zuquim","image":{"@type":"ImageObject","inLanguage":"pt-BR","@id":"https:\/\/agenciainfra.com\/blog\/#\/schema\/person\/image\/","url":"https:\/\/secure.gravatar.com\/avatar\/594abfe82761d620726242ff34ca472a705a4b97f16c790053a6b4c4035274d0?s=96&d=mm&r=g","contentUrl":"https:\/\/secure.gravatar.com\/avatar\/594abfe82761d620726242ff34ca472a705a4b97f16c790053a6b4c4035274d0?s=96&d=mm&r=g","caption":"Rodrigo Zuquim"},"url":"https:\/\/agenciainfra.com\/blog\/author\/rodrigo-zuquim\/"}]}},"_links":{"self":[{"href":"https:\/\/agenciainfra.com\/blog\/wp-json\/wp\/v2\/posts\/5203","targetHints":{"allow":["GET"]}}],"collection":[{"href":"https:\/\/agenciainfra.com\/blog\/wp-json\/wp\/v2\/posts"}],"about":[{"href":"https:\/\/agenciainfra.com\/blog\/wp-json\/wp\/v2\/types\/post"}],"author":[{"embeddable":true,"href":"https:\/\/agenciainfra.com\/blog\/wp-json\/wp\/v2\/users\/9"}],"replies":[{"embeddable":true,"href":"https:\/\/agenciainfra.com\/blog\/wp-json\/wp\/v2\/comments?post=5203"}],"version-history":[{"count":0,"href":"https:\/\/agenciainfra.com\/blog\/wp-json\/wp\/v2\/posts\/5203\/revisions"}],"wp:featuredmedia":[{"embeddable":true,"href":"https:\/\/agenciainfra.com\/blog\/wp-json\/wp\/v2\/media\/5206"}],"wp:attachment":[{"href":"https:\/\/agenciainfra.com\/blog\/wp-json\/wp\/v2\/media?parent=5203"}],"wp:term":[{"taxonomy":"category","embeddable":true,"href":"https:\/\/agenciainfra.com\/blog\/wp-json\/wp\/v2\/categories?post=5203"},{"taxonomy":"post_tag","embeddable":true,"href":"https:\/\/agenciainfra.com\/blog\/wp-json\/wp\/v2\/tags?post=5203"}],"curies":[{"name":"wp","href":"https:\/\/api.w.org\/{rel}","templated":true}]}}