{"id":5211,"date":"2020-06-19T07:56:22","date_gmt":"2020-06-19T10:56:22","guid":{"rendered":"https:\/\/www.agenciainfra.com\/blog\/?p=5211"},"modified":"2020-06-22T09:03:59","modified_gmt":"2020-06-22T12:03:59","slug":"resolucao-da-conaero-abre-caminho-para-reabertura-das-fronteiras-aereas-do-brasil-neste-fim-de-semana","status":"publish","type":"post","link":"https:\/\/agenciainfra.com\/blog\/resolucao-da-conaero-abre-caminho-para-reabertura-das-fronteiras-aereas-do-brasil-neste-fim-de-semana\/","title":{"rendered":"Resolu\u00e7\u00e3o da Conaero abre caminho para reabertura das fronteiras a\u00e9reas do Brasil neste fim de semana"},"content":{"rendered":"\n<p class=\"has-text-align-right\"><strong>da Ag\u00eancia iNFRA<\/strong><\/p>\n\n\n\n<p>Resolu\u00e7\u00e3o&nbsp;01 da Conaero (Comiss\u00e3o Nacional de Autoridades Aeroportu\u00e1rias), \u00f3rg\u00e3o ligado ao Minist\u00e9rio da Infraestrutura, prop\u00f4s ao Comit\u00ea de Crise para Supervis\u00e3o e Monitoramento dos Impactos da Covid-19 e ao Grupo Executivo Interministerial de Emerg\u00eancia em Sa\u00fade P\u00fablica do Governo Federal que reavaliem a restri\u00e7\u00e3o \u00e0 entrada de estrangeiros no pa\u00eds pelo transporte a\u00e9reo.<\/p>\n\n\n\n<p>A norma, dispon\u00edvel <a href=\"http:\/\/pesquisa.in.gov.br\/imprensa\/jsp\/visualiza\/index.jsp?data=19\/06\/2020&amp;jornal=515&amp;pagina=36&amp;totalArquivos=167\" target=\"_blank\" rel=\"noreferrer noopener\">neste link<\/a>, foi publicada no Di\u00e1rio Oficial da Uni\u00e3o de hoje (19) e abre caminho para que o pa\u00eds possa abrir as fronteiras a\u00e9reas para estrangeiros a partir deste fim de semana. O coordenador da comiss\u00e3o, o secret\u00e1rio-executivo do Minist\u00e9rio da Infraestrutura, Marcelo Sampaio, anunciou a reabertura das fronteiras em evento nesta quinta-feira (18).<\/p>\n\n\n\n<p>De acordo com a Resolu\u00e7\u00e3o, a reabertura deve ser feita devido \u00e0 &#8220;import\u00e2ncia do transporte a\u00e9reo como servi\u00e7o p\u00fablico e atividade essencial&#8221; e \u00e0s &#8220;caracter\u00edsticas atuais e moment\u00e2neas do mercado de transporte a\u00e9reo internacional, diante dos efeitos da pandemia de Covid-19, notadamente no tocante \u00e0 expressiva redu\u00e7\u00e3o da demanda do setor, \u00e0 perspectiva de retomada gradual das opera\u00e7\u00f5es e \u00e0 tend\u00eancia natural de concentra\u00e7\u00e3o dessas opera\u00e7\u00f5es em quantidade reduzida de aeroportos&#8221;.<\/p>\n\n\n\n<p>A norma recomenda ainda que todos os integrantes do setor de avia\u00e7\u00e3o civil brasileiro cumpram as &#8220;recomenda\u00e7\u00f5es, orienta\u00e7\u00f5es e protocolos das autoridades p\u00fablicas federais&#8221;, especialmente da Anvisa (Ag\u00eancia Nacional de Vigil\u00e2ncia Sanit\u00e1ria), nos aeroportos e nas opera\u00e7\u00f5es de transporte a\u00e9reo.<\/p>\n\n\n\n<p>A portaria recomenda ainda \u00e0 Anvisa que &#8220;considere a necessidade de regulamenta\u00e7\u00e3o espec\u00edfica, por meio de resolu\u00e7\u00e3o aprovada pela sua diretoria colegiada, dos protocolos de seguran\u00e7a sanit\u00e1ria, com o objetivo de efetiva aplica\u00e7\u00e3o no setor de avia\u00e7\u00e3o civil&#8221;.<\/p>\n\n\n\n<div class=\"wp-block-group\"><div class=\"wp-block-group__inner-container is-layout-flow wp-block-group-is-layout-flow\">\n<p><strong><em>Atualiza\u00e7\u00e3o em 22 de junho de 2020:<\/em><\/strong> <em>A informa\u00e7\u00e3o do secret\u00e1rio n\u00e3o se confirmou e a previs\u00e3o agora \u00e9 que as fronteiras sejam reabertas em 15 dias.<\/em><\/p>\n<\/div><\/div>\n","protected":false},"excerpt":{"rendered":"<p>da Ag\u00eancia iNFRA Resolu\u00e7\u00e3o&nbsp;01 da Conaero (Comiss\u00e3o Nacional de Autoridades Aeroportu\u00e1rias), \u00f3rg\u00e3o ligado ao Minist\u00e9rio da Infraestrutura, prop\u00f4s ao Comit\u00ea de Crise para Supervis\u00e3o e Monitoramento dos Impactos da Covid-19 e ao Grupo Executivo Interministerial de Emerg\u00eancia em Sa\u00fade P\u00fablica do Governo Federal que reavaliem a restri\u00e7\u00e3o \u00e0 entrada de estrangeiros no pa\u00eds pelo transporte [&hellip;]<\/p>\n","protected":false},"author":9,"featured_media":5212,"comment_status":"closed","ping_status":"closed","sticky":false,"template":"","format":"standard","meta":{"_monsterinsights_skip_tracking":false,"_monsterinsights_sitenote_active":false,"_monsterinsights_sitenote_note":"","_monsterinsights_sitenote_category":0,"footnotes":""},"categories":[1,2052],"tags":[2168,2169,1936,362],"class_list":["post-5211","post","type-post","status-publish","format-standard","has-post-thumbnail","hentry","category-geral","category-infra-transicao","tag-conaero","tag-fronteiras-aereas","tag-pandemia","tag-transporte-aereo"],"yoast_head":"<!-- This site is optimized with the Yoast SEO Premium plugin v25.4 (Yoast SEO v26.0) - https:\/\/yoast.com\/wordpress\/plugins\/seo\/ -->\n<title>Resolu\u00e7\u00e3o da Conaero abre caminho para reabertura das fronteiras a\u00e9reas do Brasil neste fim de semana - Ag\u00eancia iNFRA<\/title>\n<meta name=\"robots\" content=\"index, follow, max-snippet:-1, max-image-preview:large, max-video-preview:-1\" \/>\n<link rel=\"canonical\" href=\"https:\/\/agenciainfra.com\/blog\/resolucao-da-conaero-abre-caminho-para-reabertura-das-fronteiras-aereas-do-brasil-neste-fim-de-semana\/\" \/>\n<meta property=\"og:locale\" content=\"pt_BR\" \/>\n<meta property=\"og:type\" content=\"article\" \/>\n<meta property=\"og:title\" content=\"Resolu\u00e7\u00e3o da Conaero abre caminho para reabertura das fronteiras a\u00e9reas do Brasil neste fim de semana\" \/>\n<meta property=\"og:description\" content=\"da Ag\u00eancia iNFRA Resolu\u00e7\u00e3o&nbsp;01 da Conaero (Comiss\u00e3o Nacional de Autoridades Aeroportu\u00e1rias), \u00f3rg\u00e3o ligado ao Minist\u00e9rio da Infraestrutura, prop\u00f4s ao Comit\u00ea de Crise para Supervis\u00e3o e Monitoramento dos Impactos da Covid-19 e ao Grupo Executivo Interministerial de Emerg\u00eancia em Sa\u00fade P\u00fablica do Governo Federal que reavaliem a restri\u00e7\u00e3o \u00e0 entrada de estrangeiros no pa\u00eds pelo transporte [&hellip;]\" \/>\n<meta property=\"og:url\" content=\"https:\/\/agenciainfra.com\/blog\/resolucao-da-conaero-abre-caminho-para-reabertura-das-fronteiras-aereas-do-brasil-neste-fim-de-semana\/\" \/>\n<meta property=\"og:site_name\" content=\"Ag\u00eancia iNFRA\" \/>\n<meta property=\"article:publisher\" content=\"https:\/\/www.facebook.com\/ageninfra\" \/>\n<meta property=\"article:published_time\" content=\"2020-06-19T10:56:22+00:00\" \/>\n<meta property=\"article:modified_time\" content=\"2020-06-22T12:03:59+00:00\" \/>\n<meta property=\"og:image\" content=\"https:\/\/agenciainfra.com\/blog\/wp-content\/uploads\/2020\/06\/aviao-dominio-publico.jpg\" \/>\n\t<meta property=\"og:image:width\" content=\"1200\" \/>\n\t<meta property=\"og:image:height\" content=\"800\" \/>\n\t<meta property=\"og:image:type\" content=\"image\/jpeg\" \/>\n<meta name=\"author\" content=\"Rodrigo Zuquim\" \/>\n<meta name=\"twitter:card\" content=\"summary_large_image\" \/>\n<meta name=\"twitter:creator\" content=\"@agencia_infra\" \/>\n<meta name=\"twitter:site\" content=\"@agencia_infra\" \/>\n<meta name=\"twitter:label1\" content=\"Escrito por\" \/>\n\t<meta name=\"twitter:data1\" content=\"Rodrigo Zuquim\" \/>\n\t<meta name=\"twitter:label2\" content=\"Est. tempo de leitura\" \/>\n\t<meta name=\"twitter:data2\" content=\"2 minutos\" \/>\n<script type=\"application\/ld+json\" class=\"yoast-schema-graph\">{\"@context\":\"https:\/\/schema.org\",\"@graph\":[{\"@type\":\"Article\",\"@id\":\"https:\/\/agenciainfra.com\/blog\/resolucao-da-conaero-abre-caminho-para-reabertura-das-fronteiras-aereas-do-brasil-neste-fim-de-semana\/#article\",\"isPartOf\":{\"@id\":\"https:\/\/agenciainfra.com\/blog\/resolucao-da-conaero-abre-caminho-para-reabertura-das-fronteiras-aereas-do-brasil-neste-fim-de-semana\/\"},\"author\":{\"name\":\"Rodrigo Zuquim\",\"@id\":\"https:\/\/agenciainfra.com\/blog\/#\/schema\/person\/04dbb79bd6d8951f063da71f3e4c1eb1\"},\"headline\":\"Resolu\u00e7\u00e3o da Conaero abre caminho para reabertura das fronteiras a\u00e9reas do Brasil neste fim de semana\",\"datePublished\":\"2020-06-19T10:56:22+00:00\",\"dateModified\":\"2020-06-22T12:03:59+00:00\",\"mainEntityOfPage\":{\"@id\":\"https:\/\/agenciainfra.com\/blog\/resolucao-da-conaero-abre-caminho-para-reabertura-das-fronteiras-aereas-do-brasil-neste-fim-de-semana\/\"},\"wordCount\":352,\"publisher\":{\"@id\":\"https:\/\/agenciainfra.com\/blog\/#organization\"},\"image\":{\"@id\":\"https:\/\/agenciainfra.com\/blog\/resolucao-da-conaero-abre-caminho-para-reabertura-das-fronteiras-aereas-do-brasil-neste-fim-de-semana\/#primaryimage\"},\"thumbnailUrl\":\"https:\/\/agenciainfra.com\/blog\/wp-content\/uploads\/2020\/06\/aviao-dominio-publico.jpg\",\"keywords\":[\"Conaero\",\"fronteiras a\u00e9reas\",\"pandemia\",\"transporte a\u00e9reo\"],\"articleSection\":[\"Geral\",\"iNFRA Na Transi\u00e7\u00e3o\"],\"inLanguage\":\"pt-BR\",\"copyrightYear\":\"2020\",\"copyrightHolder\":{\"@id\":\"https:\/\/agenciainfra.com\/blog\/#organization\"}},{\"@type\":\"WebPage\",\"@id\":\"https:\/\/agenciainfra.com\/blog\/resolucao-da-conaero-abre-caminho-para-reabertura-das-fronteiras-aereas-do-brasil-neste-fim-de-semana\/\",\"url\":\"https:\/\/agenciainfra.com\/blog\/resolucao-da-conaero-abre-caminho-para-reabertura-das-fronteiras-aereas-do-brasil-neste-fim-de-semana\/\",\"name\":\"Resolu\u00e7\u00e3o da Conaero abre caminho para reabertura das fronteiras a\u00e9reas do Brasil neste fim de semana - Ag\u00eancia iNFRA\",\"isPartOf\":{\"@id\":\"https:\/\/agenciainfra.com\/blog\/#website\"},\"primaryImageOfPage\":{\"@id\":\"https:\/\/agenciainfra.com\/blog\/resolucao-da-conaero-abre-caminho-para-reabertura-das-fronteiras-aereas-do-brasil-neste-fim-de-semana\/#primaryimage\"},\"image\":{\"@id\":\"https:\/\/agenciainfra.com\/blog\/resolucao-da-conaero-abre-caminho-para-reabertura-das-fronteiras-aereas-do-brasil-neste-fim-de-semana\/#primaryimage\"},\"thumbnailUrl\":\"https:\/\/agenciainfra.com\/blog\/wp-content\/uploads\/2020\/06\/aviao-dominio-publico.jpg\",\"datePublished\":\"2020-06-19T10:56:22+00:00\",\"dateModified\":\"2020-06-22T12:03:59+00:00\",\"breadcrumb\":{\"@id\":\"https:\/\/agenciainfra.com\/blog\/resolucao-da-conaero-abre-caminho-para-reabertura-das-fronteiras-aereas-do-brasil-neste-fim-de-semana\/#breadcrumb\"},\"inLanguage\":\"pt-BR\",\"potentialAction\":[{\"@type\":\"ReadAction\",\"target\":[\"https:\/\/agenciainfra.com\/blog\/resolucao-da-conaero-abre-caminho-para-reabertura-das-fronteiras-aereas-do-brasil-neste-fim-de-semana\/\"]}]},{\"@type\":\"ImageObject\",\"inLanguage\":\"pt-BR\",\"@id\":\"https:\/\/agenciainfra.com\/blog\/resolucao-da-conaero-abre-caminho-para-reabertura-das-fronteiras-aereas-do-brasil-neste-fim-de-semana\/#primaryimage\",\"url\":\"https:\/\/agenciainfra.com\/blog\/wp-content\/uploads\/2020\/06\/aviao-dominio-publico.jpg\",\"contentUrl\":\"https:\/\/agenciainfra.com\/blog\/wp-content\/uploads\/2020\/06\/aviao-dominio-publico.jpg\",\"width\":1200,\"height\":800,\"caption\":\"Foto: Dom\u00ednio P\u00fablico\"},{\"@type\":\"BreadcrumbList\",\"@id\":\"https:\/\/agenciainfra.com\/blog\/resolucao-da-conaero-abre-caminho-para-reabertura-das-fronteiras-aereas-do-brasil-neste-fim-de-semana\/#breadcrumb\",\"itemListElement\":[{\"@type\":\"ListItem\",\"position\":1,\"name\":\"In\u00edcio\",\"item\":\"https:\/\/agenciainfra.com\/blog\/\"},{\"@type\":\"ListItem\",\"position\":2,\"name\":\"Resolu\u00e7\u00e3o da Conaero abre caminho para reabertura das fronteiras a\u00e9reas do Brasil neste fim de semana\"}]},{\"@type\":\"WebSite\",\"@id\":\"https:\/\/agenciainfra.com\/blog\/#website\",\"url\":\"https:\/\/agenciainfra.com\/blog\/\",\"name\":\"Ag\u00eancia iNFRA\",\"description\":\"Multiplataforma de informa\u00e7\u00e3o jornal\u00edstica refer\u00eancia na \u00e1rea de infraestrutura no Brasil!\",\"publisher\":{\"@id\":\"https:\/\/agenciainfra.com\/blog\/#organization\"},\"potentialAction\":[{\"@type\":\"SearchAction\",\"target\":{\"@type\":\"EntryPoint\",\"urlTemplate\":\"https:\/\/agenciainfra.com\/blog\/?s={search_term_string}\"},\"query-input\":{\"@type\":\"PropertyValueSpecification\",\"valueRequired\":true,\"valueName\":\"search_term_string\"}}],\"inLanguage\":\"pt-BR\"},{\"@type\":\"Organization\",\"@id\":\"https:\/\/agenciainfra.com\/blog\/#organization\",\"name\":\"Ag\u00eancia iNFRA\",\"url\":\"https:\/\/agenciainfra.com\/blog\/\",\"logo\":{\"@type\":\"ImageObject\",\"inLanguage\":\"pt-BR\",\"@id\":\"https:\/\/agenciainfra.com\/blog\/#\/schema\/logo\/image\/\",\"url\":\"https:\/\/agenciainfra.com\/blog\/wp-content\/uploads\/2023\/09\/iNFRA_5-e1761735885940.png\",\"contentUrl\":\"https:\/\/agenciainfra.com\/blog\/wp-content\/uploads\/2023\/09\/iNFRA_5-e1761735885940.png\",\"width\":1672,\"height\":454,\"caption\":\"Ag\u00eancia iNFRA\"},\"image\":{\"@id\":\"https:\/\/agenciainfra.com\/blog\/#\/schema\/logo\/image\/\"},\"sameAs\":[\"https:\/\/www.facebook.com\/ageninfra\",\"https:\/\/x.com\/agencia_infra\",\"https:\/\/www.linkedin.com\/company\/ag\u00eanciainfra\/\",\"https:\/\/www.instagram.com\/agenciainfra\/\"]},{\"@type\":\"Person\",\"@id\":\"https:\/\/agenciainfra.com\/blog\/#\/schema\/person\/04dbb79bd6d8951f063da71f3e4c1eb1\",\"name\":\"Rodrigo Zuquim\",\"image\":{\"@type\":\"ImageObject\",\"inLanguage\":\"pt-BR\",\"@id\":\"https:\/\/agenciainfra.com\/blog\/#\/schema\/person\/image\/\",\"url\":\"https:\/\/secure.gravatar.com\/avatar\/594abfe82761d620726242ff34ca472a705a4b97f16c790053a6b4c4035274d0?s=96&d=mm&r=g\",\"contentUrl\":\"https:\/\/secure.gravatar.com\/avatar\/594abfe82761d620726242ff34ca472a705a4b97f16c790053a6b4c4035274d0?s=96&d=mm&r=g\",\"caption\":\"Rodrigo Zuquim\"},\"url\":\"https:\/\/agenciainfra.com\/blog\/author\/rodrigo-zuquim\/\"}]}<\/script>\n<!-- \/ Yoast SEO Premium plugin. -->","yoast_head_json":{"title":"Resolu\u00e7\u00e3o da Conaero abre caminho para reabertura das fronteiras a\u00e9reas do Brasil neste fim de semana - Ag\u00eancia iNFRA","robots":{"index":"index","follow":"follow","max-snippet":"max-snippet:-1","max-image-preview":"max-image-preview:large","max-video-preview":"max-video-preview:-1"},"canonical":"https:\/\/agenciainfra.com\/blog\/resolucao-da-conaero-abre-caminho-para-reabertura-das-fronteiras-aereas-do-brasil-neste-fim-de-semana\/","og_locale":"pt_BR","og_type":"article","og_title":"Resolu\u00e7\u00e3o da Conaero abre caminho para reabertura das fronteiras a\u00e9reas do Brasil neste fim de semana","og_description":"da Ag\u00eancia iNFRA Resolu\u00e7\u00e3o&nbsp;01 da Conaero (Comiss\u00e3o Nacional de Autoridades Aeroportu\u00e1rias), \u00f3rg\u00e3o ligado ao Minist\u00e9rio da Infraestrutura, prop\u00f4s ao Comit\u00ea de Crise para Supervis\u00e3o e Monitoramento dos Impactos da Covid-19 e ao Grupo Executivo Interministerial de Emerg\u00eancia em Sa\u00fade P\u00fablica do Governo Federal que reavaliem a restri\u00e7\u00e3o \u00e0 entrada de estrangeiros no pa\u00eds pelo transporte [&hellip;]","og_url":"https:\/\/agenciainfra.com\/blog\/resolucao-da-conaero-abre-caminho-para-reabertura-das-fronteiras-aereas-do-brasil-neste-fim-de-semana\/","og_site_name":"Ag\u00eancia iNFRA","article_publisher":"https:\/\/www.facebook.com\/ageninfra","article_published_time":"2020-06-19T10:56:22+00:00","article_modified_time":"2020-06-22T12:03:59+00:00","og_image":[{"width":1200,"height":800,"url":"https:\/\/agenciainfra.com\/blog\/wp-content\/uploads\/2020\/06\/aviao-dominio-publico.jpg","type":"image\/jpeg"}],"author":"Rodrigo Zuquim","twitter_card":"summary_large_image","twitter_creator":"@agencia_infra","twitter_site":"@agencia_infra","twitter_misc":{"Escrito por":"Rodrigo Zuquim","Est. tempo de leitura":"2 minutos"},"schema":{"@context":"https:\/\/schema.org","@graph":[{"@type":"Article","@id":"https:\/\/agenciainfra.com\/blog\/resolucao-da-conaero-abre-caminho-para-reabertura-das-fronteiras-aereas-do-brasil-neste-fim-de-semana\/#article","isPartOf":{"@id":"https:\/\/agenciainfra.com\/blog\/resolucao-da-conaero-abre-caminho-para-reabertura-das-fronteiras-aereas-do-brasil-neste-fim-de-semana\/"},"author":{"name":"Rodrigo Zuquim","@id":"https:\/\/agenciainfra.com\/blog\/#\/schema\/person\/04dbb79bd6d8951f063da71f3e4c1eb1"},"headline":"Resolu\u00e7\u00e3o da Conaero abre caminho para reabertura das fronteiras a\u00e9reas do Brasil neste fim de semana","datePublished":"2020-06-19T10:56:22+00:00","dateModified":"2020-06-22T12:03:59+00:00","mainEntityOfPage":{"@id":"https:\/\/agenciainfra.com\/blog\/resolucao-da-conaero-abre-caminho-para-reabertura-das-fronteiras-aereas-do-brasil-neste-fim-de-semana\/"},"wordCount":352,"publisher":{"@id":"https:\/\/agenciainfra.com\/blog\/#organization"},"image":{"@id":"https:\/\/agenciainfra.com\/blog\/resolucao-da-conaero-abre-caminho-para-reabertura-das-fronteiras-aereas-do-brasil-neste-fim-de-semana\/#primaryimage"},"thumbnailUrl":"https:\/\/agenciainfra.com\/blog\/wp-content\/uploads\/2020\/06\/aviao-dominio-publico.jpg","keywords":["Conaero","fronteiras a\u00e9reas","pandemia","transporte a\u00e9reo"],"articleSection":["Geral","iNFRA Na Transi\u00e7\u00e3o"],"inLanguage":"pt-BR","copyrightYear":"2020","copyrightHolder":{"@id":"https:\/\/agenciainfra.com\/blog\/#organization"}},{"@type":"WebPage","@id":"https:\/\/agenciainfra.com\/blog\/resolucao-da-conaero-abre-caminho-para-reabertura-das-fronteiras-aereas-do-brasil-neste-fim-de-semana\/","url":"https:\/\/agenciainfra.com\/blog\/resolucao-da-conaero-abre-caminho-para-reabertura-das-fronteiras-aereas-do-brasil-neste-fim-de-semana\/","name":"Resolu\u00e7\u00e3o da Conaero abre caminho para reabertura das fronteiras a\u00e9reas do Brasil neste fim de semana - Ag\u00eancia iNFRA","isPartOf":{"@id":"https:\/\/agenciainfra.com\/blog\/#website"},"primaryImageOfPage":{"@id":"https:\/\/agenciainfra.com\/blog\/resolucao-da-conaero-abre-caminho-para-reabertura-das-fronteiras-aereas-do-brasil-neste-fim-de-semana\/#primaryimage"},"image":{"@id":"https:\/\/agenciainfra.com\/blog\/resolucao-da-conaero-abre-caminho-para-reabertura-das-fronteiras-aereas-do-brasil-neste-fim-de-semana\/#primaryimage"},"thumbnailUrl":"https:\/\/agenciainfra.com\/blog\/wp-content\/uploads\/2020\/06\/aviao-dominio-publico.jpg","datePublished":"2020-06-19T10:56:22+00:00","dateModified":"2020-06-22T12:03:59+00:00","breadcrumb":{"@id":"https:\/\/agenciainfra.com\/blog\/resolucao-da-conaero-abre-caminho-para-reabertura-das-fronteiras-aereas-do-brasil-neste-fim-de-semana\/#breadcrumb"},"inLanguage":"pt-BR","potentialAction":[{"@type":"ReadAction","target":["https:\/\/agenciainfra.com\/blog\/resolucao-da-conaero-abre-caminho-para-reabertura-das-fronteiras-aereas-do-brasil-neste-fim-de-semana\/"]}]},{"@type":"ImageObject","inLanguage":"pt-BR","@id":"https:\/\/agenciainfra.com\/blog\/resolucao-da-conaero-abre-caminho-para-reabertura-das-fronteiras-aereas-do-brasil-neste-fim-de-semana\/#primaryimage","url":"https:\/\/agenciainfra.com\/blog\/wp-content\/uploads\/2020\/06\/aviao-dominio-publico.jpg","contentUrl":"https:\/\/agenciainfra.com\/blog\/wp-content\/uploads\/2020\/06\/aviao-dominio-publico.jpg","width":1200,"height":800,"caption":"Foto: Dom\u00ednio P\u00fablico"},{"@type":"BreadcrumbList","@id":"https:\/\/agenciainfra.com\/blog\/resolucao-da-conaero-abre-caminho-para-reabertura-das-fronteiras-aereas-do-brasil-neste-fim-de-semana\/#breadcrumb","itemListElement":[{"@type":"ListItem","position":1,"name":"In\u00edcio","item":"https:\/\/agenciainfra.com\/blog\/"},{"@type":"ListItem","position":2,"name":"Resolu\u00e7\u00e3o da Conaero abre caminho para reabertura das fronteiras a\u00e9reas do Brasil neste fim de semana"}]},{"@type":"WebSite","@id":"https:\/\/agenciainfra.com\/blog\/#website","url":"https:\/\/agenciainfra.com\/blog\/","name":"Ag\u00eancia iNFRA","description":"Multiplataforma de informa\u00e7\u00e3o jornal\u00edstica refer\u00eancia na \u00e1rea de infraestrutura no Brasil!","publisher":{"@id":"https:\/\/agenciainfra.com\/blog\/#organization"},"potentialAction":[{"@type":"SearchAction","target":{"@type":"EntryPoint","urlTemplate":"https:\/\/agenciainfra.com\/blog\/?s={search_term_string}"},"query-input":{"@type":"PropertyValueSpecification","valueRequired":true,"valueName":"search_term_string"}}],"inLanguage":"pt-BR"},{"@type":"Organization","@id":"https:\/\/agenciainfra.com\/blog\/#organization","name":"Ag\u00eancia iNFRA","url":"https:\/\/agenciainfra.com\/blog\/","logo":{"@type":"ImageObject","inLanguage":"pt-BR","@id":"https:\/\/agenciainfra.com\/blog\/#\/schema\/logo\/image\/","url":"https:\/\/agenciainfra.com\/blog\/wp-content\/uploads\/2023\/09\/iNFRA_5-e1761735885940.png","contentUrl":"https:\/\/agenciainfra.com\/blog\/wp-content\/uploads\/2023\/09\/iNFRA_5-e1761735885940.png","width":1672,"height":454,"caption":"Ag\u00eancia iNFRA"},"image":{"@id":"https:\/\/agenciainfra.com\/blog\/#\/schema\/logo\/image\/"},"sameAs":["https:\/\/www.facebook.com\/ageninfra","https:\/\/x.com\/agencia_infra","https:\/\/www.linkedin.com\/company\/ag\u00eanciainfra\/","https:\/\/www.instagram.com\/agenciainfra\/"]},{"@type":"Person","@id":"https:\/\/agenciainfra.com\/blog\/#\/schema\/person\/04dbb79bd6d8951f063da71f3e4c1eb1","name":"Rodrigo Zuquim","image":{"@type":"ImageObject","inLanguage":"pt-BR","@id":"https:\/\/agenciainfra.com\/blog\/#\/schema\/person\/image\/","url":"https:\/\/secure.gravatar.com\/avatar\/594abfe82761d620726242ff34ca472a705a4b97f16c790053a6b4c4035274d0?s=96&d=mm&r=g","contentUrl":"https:\/\/secure.gravatar.com\/avatar\/594abfe82761d620726242ff34ca472a705a4b97f16c790053a6b4c4035274d0?s=96&d=mm&r=g","caption":"Rodrigo Zuquim"},"url":"https:\/\/agenciainfra.com\/blog\/author\/rodrigo-zuquim\/"}]}},"_links":{"self":[{"href":"https:\/\/agenciainfra.com\/blog\/wp-json\/wp\/v2\/posts\/5211","targetHints":{"allow":["GET"]}}],"collection":[{"href":"https:\/\/agenciainfra.com\/blog\/wp-json\/wp\/v2\/posts"}],"about":[{"href":"https:\/\/agenciainfra.com\/blog\/wp-json\/wp\/v2\/types\/post"}],"author":[{"embeddable":true,"href":"https:\/\/agenciainfra.com\/blog\/wp-json\/wp\/v2\/users\/9"}],"replies":[{"embeddable":true,"href":"https:\/\/agenciainfra.com\/blog\/wp-json\/wp\/v2\/comments?post=5211"}],"version-history":[{"count":0,"href":"https:\/\/agenciainfra.com\/blog\/wp-json\/wp\/v2\/posts\/5211\/revisions"}],"wp:featuredmedia":[{"embeddable":true,"href":"https:\/\/agenciainfra.com\/blog\/wp-json\/wp\/v2\/media\/5212"}],"wp:attachment":[{"href":"https:\/\/agenciainfra.com\/blog\/wp-json\/wp\/v2\/media?parent=5211"}],"wp:term":[{"taxonomy":"category","embeddable":true,"href":"https:\/\/agenciainfra.com\/blog\/wp-json\/wp\/v2\/categories?post=5211"},{"taxonomy":"post_tag","embeddable":true,"href":"https:\/\/agenciainfra.com\/blog\/wp-json\/wp\/v2\/tags?post=5211"}],"curies":[{"name":"wp","href":"https:\/\/api.w.org\/{rel}","templated":true}]}}