{"id":5231,"date":"2020-06-23T08:00:14","date_gmt":"2020-06-23T11:00:14","guid":{"rendered":"https:\/\/www.agenciainfra.com\/blog\/?p=5231"},"modified":"2020-06-22T10:34:40","modified_gmt":"2020-06-22T13:34:40","slug":"transicao-para-frota-eletrica-e-hibrida-no-pais-nao-deve-pressionar-matriz-energetica-brasileira","status":"publish","type":"post","link":"https:\/\/agenciainfra.com\/blog\/transicao-para-frota-eletrica-e-hibrida-no-pais-nao-deve-pressionar-matriz-energetica-brasileira\/","title":{"rendered":"Transi\u00e7\u00e3o para frota el\u00e9trica e h\u00edbrida no pa\u00eds n\u00e3o deve pressionar matriz energ\u00e9tica brasileira"},"content":{"rendered":"\n<hr class=\"wp-block-separator\"\/>\n\n\n\n<p class=\"has-text-align-right\"><strong>Guilherme Mendes, da Ag\u00eancia iNFRA<\/strong><\/p>\n\n\n\n<p>O desenvolvimento energ\u00e9tico do pa\u00eds para o futuro imp\u00f5e os mais variados desafios aos formuladores de pol\u00edticas p\u00fablicas \u2013 e a entrada de ve\u00edculos el\u00e9tricos e h\u00edbridos no pa\u00eds n\u00e3o parece ser uma delas.<br><br>T\u00e9cnicos do setor e professores ouvidos pela&nbsp;<strong>Ag\u00eancia iNFRA<\/strong>&nbsp;apontam que, apesar de constante, o aumento da frota movida parcial ou totalmente por energia el\u00e9trica n\u00e3o ser\u00e1 predominante entre o total circulante no pa\u00eds at\u00e9 2030 nem dever\u00e1 gerar maiores demandas sobre o sistema el\u00e9trico brasileiro.<\/p>\n\n\n\n<p>A EPE&nbsp; (Empresa de Pesquisa Energ\u00e9tica) est\u00e1 atualizando as suas pesquisas a respeito de eletromobilidade \u2013 nos&nbsp;<a href=\"https:\/\/agenciainfra.us14.list-manage.com\/track\/click?u=d460dd1bcf9ba0ae040e1fc0f&amp;id=86527c88fe&amp;e=c099169394\" target=\"_blank\" rel=\"noreferrer noopener\">dados mais recentes<\/a>, do final de 2018, a empresa ligada ao Minist\u00e9rio de Minas e Energia projeta que ve\u00edculos el\u00e9tricos e h\u00edbridos responder\u00e3o por cerca de 4,5% do licenciamento em 2030, o que geraria, segundo o&nbsp;diretor de Estudos Econ\u00f4mico-Energ\u00e9ticos da entidade, Giovani Vitoria Machado, uma press\u00e3o de 6% sobre a demanda energ\u00e9tica em 2030. &#8220;N\u00e3o \u00e9 preocupante do ponto de vista de atendimento&#8221;, resumiu.&nbsp;<\/p>\n\n\n\n<p>A transi\u00e7\u00e3o do Brasil a uma matriz energ\u00e9tica mais limpa \u00e9 inevit\u00e1vel \u2013 vide os carros&nbsp;<em>flex fuel<\/em>, que hoje s\u00e3o 80% da frota e poder\u00e3o chegar a 90% no fim da pr\u00f3xima d\u00e9cada, segundo a EPE. A curva de entrada dos ve\u00edculos el\u00e9tricos, por\u00e9m, ser\u00e1 mais alongada no Brasil, e n\u00e3o apenas por quest\u00f5es de infraestrutura el\u00e9trica.<\/p>\n\n\n\n<p>O n\u00famero de ve\u00edculos licenciados el\u00e9tricos ainda \u00e9 um percentual muito baixo, apontam especialistas. A afirma\u00e7\u00e3o \u00e9 respaldada pelos dados da Anfavea (Associa\u00e7\u00e3o Nacional dos Fabricantes de Ve\u00edculos Automotores), que&nbsp;<a href=\"https:\/\/agenciainfra.us14.list-manage.com\/track\/click?u=d460dd1bcf9ba0ae040e1fc0f&amp;id=c934fca938&amp;e=c099169394\" target=\"_blank\" rel=\"noreferrer noopener\">registrou o licenciamento<\/a>&nbsp;de 6.234 ve\u00edculos do tipo el\u00e9trico ou h\u00edbrido at\u00e9 maio deste ano \u2013 foram 11.858 do mesmo tipo no ano passado. O n\u00famero \u00e9 marginal perto dos ve\u00edculos do tipo&nbsp;<em>flex fuel,&nbsp;<\/em>que tiveram 547.016 unidades emplacadas at\u00e9 maio e 2.328.650 em todo o ano de 2019.<\/p>\n\n\n\n<p><strong>Pre\u00e7o alto inibe demanda<\/strong><br>Outro ponto que inibe o aumento da frota de ve\u00edculos el\u00e9tricos e h\u00edbridos no pa\u00eds \u00e9 o alto pre\u00e7o de venda: um novo exemplar do Toyota Prius, um dos mais populares dentro dessa categoria, custa R$ 126 mil. &#8220;O market share de ve\u00edculos acima de R$ 80 mil vendidos no Brasil \u00e9 de 6%. Acima de R$ 100 mil, \u00e9 de 4%. Isso j\u00e1 mostra que o nicho de mercado para entrada \u00e9 muito pequeno \u2013 uma vez que o valor m\u00e9dio do ve\u00edculo no Brasil \u00e9 entre R$ 30 e R$ 40 mil&#8221;, analisa Giovani Machado, da EPE. &#8220;E isso j\u00e1 restringe bastante a preocupa\u00e7\u00e3o sobre se a entrada poder\u00e1 gerar problemas de abastecimento el\u00e9trico ou n\u00e3o.&#8221;&nbsp;<\/p>\n\n\n\n<p>&#8220;Em termos de ind\u00fastria automobil\u00edstica, o governo incentiva a produ\u00e7\u00e3o de carros convencionais, via isen\u00e7\u00f5es tribut\u00e1rias, tentando manter essas f\u00e1bricas aqui. O nosso governo n\u00e3o est\u00e1 pensando em carros el\u00e9tricos neste momento&#8221;,&nbsp;apontou o&nbsp;doutor&nbsp;em Ci\u00eancias pela Universidade de S\u00e3o Paulo e professor da Faculdade de Computa\u00e7\u00e3o e Inform\u00e1tica da Universidade Presbiteriana Mackenzie, Vivaldo Jos\u00e9 Breternitz. &#8220;Pode-se falar em uma pol\u00edtica ou outra, mas nada a n\u00edvel macro.&#8221;<br><br><strong>Projetos pioneiros s\u00e3o otimistas<\/strong><br>H\u00e1 quem consiga ver a conjuntura como otimista: &#8220;Mesmo durante este ano, crescemos em 13% o volume de carros el\u00e9tricos&#8221;, ressaltou Aksel Krieger, CEO do BMW Group Brasil,&nbsp;durante&nbsp;<a href=\"https:\/\/agenciainfra.us14.list-manage.com\/track\/click?u=d460dd1bcf9ba0ae040e1fc0f&amp;id=55dc8eda7c&amp;e=c099169394\" target=\"_blank\" rel=\"noreferrer noopener\">transmiss\u00e3o<\/a>&nbsp;promovida na \u00faltima segunda-feira (15) pela FGV (Funda\u00e7\u00e3o Getulio Vargas).<br><br>Apesar de n\u00e3o especificar se o n\u00famero se refere ao Brasil ou ao mundo, o CEO aponta para uma diminui\u00e7\u00e3o de custos do carro el\u00e9trico ao longo do tempo: &#8220;Ao longo do tempo, ser\u00e1 poss\u00edvel ver que o ve\u00edculo [el\u00e9trico] ter\u00e1 o custo reduzido, com outras montadoras entrando. Isso obviamente ajuda a baixar pre\u00e7os de bateria e infraestrutura&#8221;. A BMW foi a primeira vender um ve\u00edculo totalmente el\u00e9trico no pa\u00eds \u2013 desde 2016, o i3 \u00e9 uma das alternativas no mercado, custando cerca de R$ 160 mil.<\/p>\n\n\n\n<p>A montadora se aliou \u00e0 rede de postos Ipiranga e opera, desde julho de 2018, um corredor de postos de carregamento para ve\u00edculos el\u00e9tricos entre S\u00e3o Paulo e Rio de Janeiro, distantes em cerca de 430 km. A iniciativa, adotada junto com a EDP Brasil e a BMW, permite que um ve\u00edculo que carregue suas baterias em um dos seis postos no trajeto, preencha 80% da bateria de 22kWh em 25 minutos.&nbsp;<\/p>\n\n\n\n<p>Hoje, a rede opera 20 pontos de recarga em 11 estados. &#8220;Ainda \u00e9 um processo inicial de transforma\u00e7\u00e3o, mas j\u00e1 estamos come\u00e7ando&#8221;, afirmou Marcelo Ara\u00fajo, CEO da Petr\u00f3leo Ipiranga, durante a transmiss\u00e3o virtual da FGV.<br><br><strong>Infraestrutura e mercado enfrentam problemas distintos<\/strong><br>H\u00e1 problemas que o pr\u00f3prio mercado n\u00e3o consegue resolver: uma das marcas de refer\u00eancia em ve\u00edculos el\u00e9tricos (e ainda ausente no Brasil), a Tesla anunciou em 2019 um ve\u00edculo capaz de percorrer&nbsp;<a href=\"https:\/\/agenciainfra.us14.list-manage.com\/track\/click?u=d460dd1bcf9ba0ae040e1fc0f&amp;id=da4acf1f71&amp;e=c099169394\" target=\"_blank\" rel=\"noreferrer noopener\">500 milhas<\/a>&nbsp;(ou 800 km) com uma \u00fanica carga de bateria.<br><br>Apesar da autonomia superior a muitos concorrentes e de ser capaz de percorrer o corredor montado entre Rio e S\u00e3o Paulo, o ve\u00edculo seria incapaz de percorrer a dist\u00e2ncia entre S\u00e3o Paulo e Bras\u00edlia (1.016 km) sem ao menos uma recarga, ou entre Salvador e Belo Horizonte (1.416 km).&nbsp;<\/p>\n\n\n\n<p>&#8220;\u00c9 comum pessoas fazerem longas viagens de carro no Brasil&#8221;, argumentou o professor Vivaldo Breternitz, do Mackenzie. &#8220;Nenhum dos carros no mercado brasileiro atinge 400 milhas, ou 600 km de autonomia&#8221;, o que inviabilizaria viagens apenas utilizando-se da eletricidade entre, por exemplo, a capital paulista e Presidente Prudente, no extremo-oeste do estado.\u00a0<br><br>Segundo o professor, as\u00a0cerca de 140 esta\u00e7\u00f5es de abastecimento existentes no pa\u00eds, assim como a indecis\u00e3o da ind\u00fastria automobil\u00edstica sobre que rumo tomar,\u00a0acabam por inviabilizar um crescimento desse tipo de frota.<br><br><strong>Demanda n\u00e3o por energia, mas por pot\u00eancia<\/strong><br>Mas h\u00e1 a possibilidade de que donos de carros carreguem seus carros em casa \u2013 o que, \u00e0 primeira vista, poderia trazer ainda mais pres\u00e3o em determinados hor\u00e1rios. Questionado se um aumento repentino da frota, n\u00e3o previsto pela EPE, acarretaria em aumento de demanda de energia, Giovani Machado relativizou a quest\u00e3o: &#8220;O mais complicado n\u00e3o \u00e9 a demanda de energia, e sim a demanda de pot\u00eancia. Porque n\u00e3o se sabe a hora em que todo mundo carregar\u00e1&#8221;.\u00a0\u00a0<\/p>\n\n\n\n<p>&#8220;Digamos que a pessoa chegue do trabalho \u00e0s 18h&#8221;, exemplifica o diretor da Empresa de Pesquisa Energ\u00e9tica. &#8220;Se a entrada de ve\u00edculos el\u00e9tricos for muito grande e todo mundo colocar o seu carro na tomada assim que chegar em casa, \u00e0s 18h, 19h, haver\u00e1 uma sobreposi\u00e7\u00e3o com outras demandas que poder\u00e1 gerar um problema de pot\u00eancia.&#8221;<\/p>\n\n\n\n<p>Para n\u00e3o ter risco deste problema de simultaneidade, argumenta, seriam necess\u00e1rias medidas mais profundas, como medidores inteligentes e a ado\u00e7\u00e3o de uma pol\u00edtica de pre\u00e7o hor\u00e1rio. &#8220;\u00c9 um dos fatores que tornam a entrada do carro el\u00e9trico mais complexa&#8221;, reconheceu.<\/p>\n\n\n\n<p>As fichas estariam apostadas, portanto, em ve\u00edculos h\u00edbridos, que poderiam contornar melhor dificuldades de mercado e de infraestrutura. &#8220;Ainda vejo a solu\u00e7\u00e3o, para o Brasil, em cima do h\u00edbrido&#8221;, afirmou Aksel Krieger, da BMW. &#8220;N\u00e3o vamos conseguir ter tantos pontos de carregamento, mas o h\u00edbrido consegue dar a transi\u00e7\u00e3o para o el\u00e9trico de maneira bem interessante.&#8221;<\/p>\n","protected":false},"excerpt":{"rendered":"<p>Guilherme Mendes, da Ag\u00eancia iNFRA O desenvolvimento energ\u00e9tico do pa\u00eds para o futuro imp\u00f5e os mais variados desafios aos formuladores de pol\u00edticas p\u00fablicas \u2013 e a entrada de ve\u00edculos el\u00e9tricos e h\u00edbridos no pa\u00eds n\u00e3o parece ser uma delas. T\u00e9cnicos do setor e professores ouvidos pela&nbsp;Ag\u00eancia iNFRA&nbsp;apontam que, apesar de constante, o aumento da frota [&hellip;]<\/p>\n","protected":false},"author":9,"featured_media":5232,"comment_status":"closed","ping_status":"closed","sticky":false,"template":"","format":"standard","meta":{"_monsterinsights_skip_tracking":false,"_monsterinsights_sitenote_active":false,"_monsterinsights_sitenote_note":"","_monsterinsights_sitenote_category":0,"footnotes":""},"categories":[1,10],"tags":[2182,2180,1067,12,2179,2177,2178,2181],"class_list":["post-5231","post","type-post","status-publish","format-standard","has-post-thumbnail","hentry","category-geral","category-infraenergia","tag-aksel-krieger","tag-anfavea","tag-empresa-de-pesquisa-energetica","tag-epe","tag-giovani-vitoria-machado","tag-veiculos-eletricos","tag-veiculos-hibridos","tag-vivaldo-jose-breternitz"],"yoast_head":"<!-- This site is optimized with the Yoast SEO Premium plugin v25.4 (Yoast SEO v26.0) - https:\/\/yoast.com\/wordpress\/plugins\/seo\/ -->\n<title>Transi\u00e7\u00e3o para frota el\u00e9trica e h\u00edbrida no pa\u00eds n\u00e3o deve pressionar matriz energ\u00e9tica brasileira - Ag\u00eancia iNFRA<\/title>\n<meta name=\"robots\" content=\"index, follow, max-snippet:-1, max-image-preview:large, max-video-preview:-1\" \/>\n<link rel=\"canonical\" href=\"https:\/\/agenciainfra.com\/blog\/transicao-para-frota-eletrica-e-hibrida-no-pais-nao-deve-pressionar-matriz-energetica-brasileira\/\" \/>\n<meta property=\"og:locale\" content=\"pt_BR\" \/>\n<meta property=\"og:type\" content=\"article\" \/>\n<meta property=\"og:title\" content=\"Transi\u00e7\u00e3o para frota el\u00e9trica e h\u00edbrida no pa\u00eds n\u00e3o deve pressionar matriz energ\u00e9tica brasileira\" \/>\n<meta property=\"og:description\" content=\"Guilherme Mendes, da Ag\u00eancia iNFRA O desenvolvimento energ\u00e9tico do pa\u00eds para o futuro imp\u00f5e os mais variados desafios aos formuladores de pol\u00edticas p\u00fablicas \u2013 e a entrada de ve\u00edculos el\u00e9tricos e h\u00edbridos no pa\u00eds n\u00e3o parece ser uma delas. T\u00e9cnicos do setor e professores ouvidos pela&nbsp;Ag\u00eancia iNFRA&nbsp;apontam que, apesar de constante, o aumento da frota [&hellip;]\" \/>\n<meta property=\"og:url\" content=\"https:\/\/agenciainfra.com\/blog\/transicao-para-frota-eletrica-e-hibrida-no-pais-nao-deve-pressionar-matriz-energetica-brasileira\/\" \/>\n<meta property=\"og:site_name\" content=\"Ag\u00eancia iNFRA\" \/>\n<meta property=\"article:publisher\" content=\"https:\/\/www.facebook.com\/ageninfra\" \/>\n<meta property=\"article:published_time\" content=\"2020-06-23T11:00:14+00:00\" \/>\n<meta property=\"og:image\" content=\"https:\/\/agenciainfra.com\/blog\/wp-content\/uploads\/2020\/06\/carro-eletrico-foto-lucio-bernardo-agencia-brasilia.jpg\" \/>\n\t<meta property=\"og:image:width\" content=\"1280\" \/>\n\t<meta property=\"og:image:height\" content=\"853\" \/>\n\t<meta property=\"og:image:type\" content=\"image\/jpeg\" \/>\n<meta name=\"author\" content=\"Rodrigo Zuquim\" \/>\n<meta name=\"twitter:card\" content=\"summary_large_image\" \/>\n<meta name=\"twitter:creator\" content=\"@agencia_infra\" \/>\n<meta name=\"twitter:site\" content=\"@agencia_infra\" \/>\n<meta name=\"twitter:label1\" content=\"Escrito por\" \/>\n\t<meta name=\"twitter:data1\" content=\"Rodrigo Zuquim\" \/>\n\t<meta name=\"twitter:label2\" content=\"Est. tempo de leitura\" \/>\n\t<meta name=\"twitter:data2\" content=\"6 minutos\" \/>\n<script type=\"application\/ld+json\" class=\"yoast-schema-graph\">{\"@context\":\"https:\/\/schema.org\",\"@graph\":[{\"@type\":\"Article\",\"@id\":\"https:\/\/agenciainfra.com\/blog\/transicao-para-frota-eletrica-e-hibrida-no-pais-nao-deve-pressionar-matriz-energetica-brasileira\/#article\",\"isPartOf\":{\"@id\":\"https:\/\/agenciainfra.com\/blog\/transicao-para-frota-eletrica-e-hibrida-no-pais-nao-deve-pressionar-matriz-energetica-brasileira\/\"},\"author\":{\"name\":\"Rodrigo Zuquim\",\"@id\":\"https:\/\/agenciainfra.com\/blog\/#\/schema\/person\/04dbb79bd6d8951f063da71f3e4c1eb1\"},\"headline\":\"Transi\u00e7\u00e3o para frota el\u00e9trica e h\u00edbrida no pa\u00eds n\u00e3o deve pressionar matriz energ\u00e9tica brasileira\",\"datePublished\":\"2020-06-23T11:00:14+00:00\",\"mainEntityOfPage\":{\"@id\":\"https:\/\/agenciainfra.com\/blog\/transicao-para-frota-eletrica-e-hibrida-no-pais-nao-deve-pressionar-matriz-energetica-brasileira\/\"},\"wordCount\":1280,\"publisher\":{\"@id\":\"https:\/\/agenciainfra.com\/blog\/#organization\"},\"image\":{\"@id\":\"https:\/\/agenciainfra.com\/blog\/transicao-para-frota-eletrica-e-hibrida-no-pais-nao-deve-pressionar-matriz-energetica-brasileira\/#primaryimage\"},\"thumbnailUrl\":\"https:\/\/agenciainfra.com\/blog\/wp-content\/uploads\/2020\/06\/carro-eletrico-foto-lucio-bernardo-agencia-brasilia.jpg\",\"keywords\":[\"Aksel Krieger\",\"Anfavea\",\"Empresa de Pesquisa Energ\u00e9tica\",\"epe\",\"Giovani Vitoria Machado\",\"ve\u00edculos el\u00e9tricos\",\"ve\u00edculos h\u00edbridos\",\"Vivaldo Jos\u00e9 Breternitz\"],\"articleSection\":[\"Geral\",\"iNFRAEnergia\"],\"inLanguage\":\"pt-BR\",\"copyrightYear\":\"2020\",\"copyrightHolder\":{\"@id\":\"https:\/\/agenciainfra.com\/blog\/#organization\"}},{\"@type\":\"WebPage\",\"@id\":\"https:\/\/agenciainfra.com\/blog\/transicao-para-frota-eletrica-e-hibrida-no-pais-nao-deve-pressionar-matriz-energetica-brasileira\/\",\"url\":\"https:\/\/agenciainfra.com\/blog\/transicao-para-frota-eletrica-e-hibrida-no-pais-nao-deve-pressionar-matriz-energetica-brasileira\/\",\"name\":\"Transi\u00e7\u00e3o para frota el\u00e9trica e h\u00edbrida no pa\u00eds n\u00e3o deve pressionar matriz energ\u00e9tica brasileira - Ag\u00eancia iNFRA\",\"isPartOf\":{\"@id\":\"https:\/\/agenciainfra.com\/blog\/#website\"},\"primaryImageOfPage\":{\"@id\":\"https:\/\/agenciainfra.com\/blog\/transicao-para-frota-eletrica-e-hibrida-no-pais-nao-deve-pressionar-matriz-energetica-brasileira\/#primaryimage\"},\"image\":{\"@id\":\"https:\/\/agenciainfra.com\/blog\/transicao-para-frota-eletrica-e-hibrida-no-pais-nao-deve-pressionar-matriz-energetica-brasileira\/#primaryimage\"},\"thumbnailUrl\":\"https:\/\/agenciainfra.com\/blog\/wp-content\/uploads\/2020\/06\/carro-eletrico-foto-lucio-bernardo-agencia-brasilia.jpg\",\"datePublished\":\"2020-06-23T11:00:14+00:00\",\"breadcrumb\":{\"@id\":\"https:\/\/agenciainfra.com\/blog\/transicao-para-frota-eletrica-e-hibrida-no-pais-nao-deve-pressionar-matriz-energetica-brasileira\/#breadcrumb\"},\"inLanguage\":\"pt-BR\",\"potentialAction\":[{\"@type\":\"ReadAction\",\"target\":[\"https:\/\/agenciainfra.com\/blog\/transicao-para-frota-eletrica-e-hibrida-no-pais-nao-deve-pressionar-matriz-energetica-brasileira\/\"]}]},{\"@type\":\"ImageObject\",\"inLanguage\":\"pt-BR\",\"@id\":\"https:\/\/agenciainfra.com\/blog\/transicao-para-frota-eletrica-e-hibrida-no-pais-nao-deve-pressionar-matriz-energetica-brasileira\/#primaryimage\",\"url\":\"https:\/\/agenciainfra.com\/blog\/wp-content\/uploads\/2020\/06\/carro-eletrico-foto-lucio-bernardo-agencia-brasilia.jpg\",\"contentUrl\":\"https:\/\/agenciainfra.com\/blog\/wp-content\/uploads\/2020\/06\/carro-eletrico-foto-lucio-bernardo-agencia-brasilia.jpg\",\"width\":1280,\"height\":853,\"caption\":\"Foto: L\u00facio Bernardo\/Ag\u00eancia Bras\u00edlia\"},{\"@type\":\"BreadcrumbList\",\"@id\":\"https:\/\/agenciainfra.com\/blog\/transicao-para-frota-eletrica-e-hibrida-no-pais-nao-deve-pressionar-matriz-energetica-brasileira\/#breadcrumb\",\"itemListElement\":[{\"@type\":\"ListItem\",\"position\":1,\"name\":\"In\u00edcio\",\"item\":\"https:\/\/agenciainfra.com\/blog\/\"},{\"@type\":\"ListItem\",\"position\":2,\"name\":\"Transi\u00e7\u00e3o para frota el\u00e9trica e h\u00edbrida no pa\u00eds n\u00e3o deve pressionar matriz energ\u00e9tica brasileira\"}]},{\"@type\":\"WebSite\",\"@id\":\"https:\/\/agenciainfra.com\/blog\/#website\",\"url\":\"https:\/\/agenciainfra.com\/blog\/\",\"name\":\"Ag\u00eancia iNFRA\",\"description\":\"Multiplataforma de informa\u00e7\u00e3o jornal\u00edstica refer\u00eancia na \u00e1rea de infraestrutura no Brasil!\",\"publisher\":{\"@id\":\"https:\/\/agenciainfra.com\/blog\/#organization\"},\"potentialAction\":[{\"@type\":\"SearchAction\",\"target\":{\"@type\":\"EntryPoint\",\"urlTemplate\":\"https:\/\/agenciainfra.com\/blog\/?s={search_term_string}\"},\"query-input\":{\"@type\":\"PropertyValueSpecification\",\"valueRequired\":true,\"valueName\":\"search_term_string\"}}],\"inLanguage\":\"pt-BR\"},{\"@type\":\"Organization\",\"@id\":\"https:\/\/agenciainfra.com\/blog\/#organization\",\"name\":\"Ag\u00eancia iNFRA\",\"url\":\"https:\/\/agenciainfra.com\/blog\/\",\"logo\":{\"@type\":\"ImageObject\",\"inLanguage\":\"pt-BR\",\"@id\":\"https:\/\/agenciainfra.com\/blog\/#\/schema\/logo\/image\/\",\"url\":\"https:\/\/agenciainfra.com\/blog\/wp-content\/uploads\/2023\/09\/iNFRA_5-e1761735885940.png\",\"contentUrl\":\"https:\/\/agenciainfra.com\/blog\/wp-content\/uploads\/2023\/09\/iNFRA_5-e1761735885940.png\",\"width\":1672,\"height\":454,\"caption\":\"Ag\u00eancia iNFRA\"},\"image\":{\"@id\":\"https:\/\/agenciainfra.com\/blog\/#\/schema\/logo\/image\/\"},\"sameAs\":[\"https:\/\/www.facebook.com\/ageninfra\",\"https:\/\/x.com\/agencia_infra\",\"https:\/\/www.linkedin.com\/company\/ag\u00eanciainfra\/\",\"https:\/\/www.instagram.com\/agenciainfra\/\"]},{\"@type\":\"Person\",\"@id\":\"https:\/\/agenciainfra.com\/blog\/#\/schema\/person\/04dbb79bd6d8951f063da71f3e4c1eb1\",\"name\":\"Rodrigo Zuquim\",\"image\":{\"@type\":\"ImageObject\",\"inLanguage\":\"pt-BR\",\"@id\":\"https:\/\/agenciainfra.com\/blog\/#\/schema\/person\/image\/\",\"url\":\"https:\/\/secure.gravatar.com\/avatar\/594abfe82761d620726242ff34ca472a705a4b97f16c790053a6b4c4035274d0?s=96&d=mm&r=g\",\"contentUrl\":\"https:\/\/secure.gravatar.com\/avatar\/594abfe82761d620726242ff34ca472a705a4b97f16c790053a6b4c4035274d0?s=96&d=mm&r=g\",\"caption\":\"Rodrigo Zuquim\"},\"url\":\"https:\/\/agenciainfra.com\/blog\/author\/rodrigo-zuquim\/\"}]}<\/script>\n<!-- \/ Yoast SEO Premium plugin. -->","yoast_head_json":{"title":"Transi\u00e7\u00e3o para frota el\u00e9trica e h\u00edbrida no pa\u00eds n\u00e3o deve pressionar matriz energ\u00e9tica brasileira - Ag\u00eancia iNFRA","robots":{"index":"index","follow":"follow","max-snippet":"max-snippet:-1","max-image-preview":"max-image-preview:large","max-video-preview":"max-video-preview:-1"},"canonical":"https:\/\/agenciainfra.com\/blog\/transicao-para-frota-eletrica-e-hibrida-no-pais-nao-deve-pressionar-matriz-energetica-brasileira\/","og_locale":"pt_BR","og_type":"article","og_title":"Transi\u00e7\u00e3o para frota el\u00e9trica e h\u00edbrida no pa\u00eds n\u00e3o deve pressionar matriz energ\u00e9tica brasileira","og_description":"Guilherme Mendes, da Ag\u00eancia iNFRA O desenvolvimento energ\u00e9tico do pa\u00eds para o futuro imp\u00f5e os mais variados desafios aos formuladores de pol\u00edticas p\u00fablicas \u2013 e a entrada de ve\u00edculos el\u00e9tricos e h\u00edbridos no pa\u00eds n\u00e3o parece ser uma delas. T\u00e9cnicos do setor e professores ouvidos pela&nbsp;Ag\u00eancia iNFRA&nbsp;apontam que, apesar de constante, o aumento da frota [&hellip;]","og_url":"https:\/\/agenciainfra.com\/blog\/transicao-para-frota-eletrica-e-hibrida-no-pais-nao-deve-pressionar-matriz-energetica-brasileira\/","og_site_name":"Ag\u00eancia iNFRA","article_publisher":"https:\/\/www.facebook.com\/ageninfra","article_published_time":"2020-06-23T11:00:14+00:00","og_image":[{"width":1280,"height":853,"url":"https:\/\/agenciainfra.com\/blog\/wp-content\/uploads\/2020\/06\/carro-eletrico-foto-lucio-bernardo-agencia-brasilia.jpg","type":"image\/jpeg"}],"author":"Rodrigo Zuquim","twitter_card":"summary_large_image","twitter_creator":"@agencia_infra","twitter_site":"@agencia_infra","twitter_misc":{"Escrito por":"Rodrigo Zuquim","Est. tempo de leitura":"6 minutos"},"schema":{"@context":"https:\/\/schema.org","@graph":[{"@type":"Article","@id":"https:\/\/agenciainfra.com\/blog\/transicao-para-frota-eletrica-e-hibrida-no-pais-nao-deve-pressionar-matriz-energetica-brasileira\/#article","isPartOf":{"@id":"https:\/\/agenciainfra.com\/blog\/transicao-para-frota-eletrica-e-hibrida-no-pais-nao-deve-pressionar-matriz-energetica-brasileira\/"},"author":{"name":"Rodrigo Zuquim","@id":"https:\/\/agenciainfra.com\/blog\/#\/schema\/person\/04dbb79bd6d8951f063da71f3e4c1eb1"},"headline":"Transi\u00e7\u00e3o para frota el\u00e9trica e h\u00edbrida no pa\u00eds n\u00e3o deve pressionar matriz energ\u00e9tica brasileira","datePublished":"2020-06-23T11:00:14+00:00","mainEntityOfPage":{"@id":"https:\/\/agenciainfra.com\/blog\/transicao-para-frota-eletrica-e-hibrida-no-pais-nao-deve-pressionar-matriz-energetica-brasileira\/"},"wordCount":1280,"publisher":{"@id":"https:\/\/agenciainfra.com\/blog\/#organization"},"image":{"@id":"https:\/\/agenciainfra.com\/blog\/transicao-para-frota-eletrica-e-hibrida-no-pais-nao-deve-pressionar-matriz-energetica-brasileira\/#primaryimage"},"thumbnailUrl":"https:\/\/agenciainfra.com\/blog\/wp-content\/uploads\/2020\/06\/carro-eletrico-foto-lucio-bernardo-agencia-brasilia.jpg","keywords":["Aksel Krieger","Anfavea","Empresa de Pesquisa Energ\u00e9tica","epe","Giovani Vitoria Machado","ve\u00edculos el\u00e9tricos","ve\u00edculos h\u00edbridos","Vivaldo Jos\u00e9 Breternitz"],"articleSection":["Geral","iNFRAEnergia"],"inLanguage":"pt-BR","copyrightYear":"2020","copyrightHolder":{"@id":"https:\/\/agenciainfra.com\/blog\/#organization"}},{"@type":"WebPage","@id":"https:\/\/agenciainfra.com\/blog\/transicao-para-frota-eletrica-e-hibrida-no-pais-nao-deve-pressionar-matriz-energetica-brasileira\/","url":"https:\/\/agenciainfra.com\/blog\/transicao-para-frota-eletrica-e-hibrida-no-pais-nao-deve-pressionar-matriz-energetica-brasileira\/","name":"Transi\u00e7\u00e3o para frota el\u00e9trica e h\u00edbrida no pa\u00eds n\u00e3o deve pressionar matriz energ\u00e9tica brasileira - Ag\u00eancia iNFRA","isPartOf":{"@id":"https:\/\/agenciainfra.com\/blog\/#website"},"primaryImageOfPage":{"@id":"https:\/\/agenciainfra.com\/blog\/transicao-para-frota-eletrica-e-hibrida-no-pais-nao-deve-pressionar-matriz-energetica-brasileira\/#primaryimage"},"image":{"@id":"https:\/\/agenciainfra.com\/blog\/transicao-para-frota-eletrica-e-hibrida-no-pais-nao-deve-pressionar-matriz-energetica-brasileira\/#primaryimage"},"thumbnailUrl":"https:\/\/agenciainfra.com\/blog\/wp-content\/uploads\/2020\/06\/carro-eletrico-foto-lucio-bernardo-agencia-brasilia.jpg","datePublished":"2020-06-23T11:00:14+00:00","breadcrumb":{"@id":"https:\/\/agenciainfra.com\/blog\/transicao-para-frota-eletrica-e-hibrida-no-pais-nao-deve-pressionar-matriz-energetica-brasileira\/#breadcrumb"},"inLanguage":"pt-BR","potentialAction":[{"@type":"ReadAction","target":["https:\/\/agenciainfra.com\/blog\/transicao-para-frota-eletrica-e-hibrida-no-pais-nao-deve-pressionar-matriz-energetica-brasileira\/"]}]},{"@type":"ImageObject","inLanguage":"pt-BR","@id":"https:\/\/agenciainfra.com\/blog\/transicao-para-frota-eletrica-e-hibrida-no-pais-nao-deve-pressionar-matriz-energetica-brasileira\/#primaryimage","url":"https:\/\/agenciainfra.com\/blog\/wp-content\/uploads\/2020\/06\/carro-eletrico-foto-lucio-bernardo-agencia-brasilia.jpg","contentUrl":"https:\/\/agenciainfra.com\/blog\/wp-content\/uploads\/2020\/06\/carro-eletrico-foto-lucio-bernardo-agencia-brasilia.jpg","width":1280,"height":853,"caption":"Foto: L\u00facio Bernardo\/Ag\u00eancia Bras\u00edlia"},{"@type":"BreadcrumbList","@id":"https:\/\/agenciainfra.com\/blog\/transicao-para-frota-eletrica-e-hibrida-no-pais-nao-deve-pressionar-matriz-energetica-brasileira\/#breadcrumb","itemListElement":[{"@type":"ListItem","position":1,"name":"In\u00edcio","item":"https:\/\/agenciainfra.com\/blog\/"},{"@type":"ListItem","position":2,"name":"Transi\u00e7\u00e3o para frota el\u00e9trica e h\u00edbrida no pa\u00eds n\u00e3o deve pressionar matriz energ\u00e9tica brasileira"}]},{"@type":"WebSite","@id":"https:\/\/agenciainfra.com\/blog\/#website","url":"https:\/\/agenciainfra.com\/blog\/","name":"Ag\u00eancia iNFRA","description":"Multiplataforma de informa\u00e7\u00e3o jornal\u00edstica refer\u00eancia na \u00e1rea de infraestrutura no Brasil!","publisher":{"@id":"https:\/\/agenciainfra.com\/blog\/#organization"},"potentialAction":[{"@type":"SearchAction","target":{"@type":"EntryPoint","urlTemplate":"https:\/\/agenciainfra.com\/blog\/?s={search_term_string}"},"query-input":{"@type":"PropertyValueSpecification","valueRequired":true,"valueName":"search_term_string"}}],"inLanguage":"pt-BR"},{"@type":"Organization","@id":"https:\/\/agenciainfra.com\/blog\/#organization","name":"Ag\u00eancia iNFRA","url":"https:\/\/agenciainfra.com\/blog\/","logo":{"@type":"ImageObject","inLanguage":"pt-BR","@id":"https:\/\/agenciainfra.com\/blog\/#\/schema\/logo\/image\/","url":"https:\/\/agenciainfra.com\/blog\/wp-content\/uploads\/2023\/09\/iNFRA_5-e1761735885940.png","contentUrl":"https:\/\/agenciainfra.com\/blog\/wp-content\/uploads\/2023\/09\/iNFRA_5-e1761735885940.png","width":1672,"height":454,"caption":"Ag\u00eancia iNFRA"},"image":{"@id":"https:\/\/agenciainfra.com\/blog\/#\/schema\/logo\/image\/"},"sameAs":["https:\/\/www.facebook.com\/ageninfra","https:\/\/x.com\/agencia_infra","https:\/\/www.linkedin.com\/company\/ag\u00eanciainfra\/","https:\/\/www.instagram.com\/agenciainfra\/"]},{"@type":"Person","@id":"https:\/\/agenciainfra.com\/blog\/#\/schema\/person\/04dbb79bd6d8951f063da71f3e4c1eb1","name":"Rodrigo Zuquim","image":{"@type":"ImageObject","inLanguage":"pt-BR","@id":"https:\/\/agenciainfra.com\/blog\/#\/schema\/person\/image\/","url":"https:\/\/secure.gravatar.com\/avatar\/594abfe82761d620726242ff34ca472a705a4b97f16c790053a6b4c4035274d0?s=96&d=mm&r=g","contentUrl":"https:\/\/secure.gravatar.com\/avatar\/594abfe82761d620726242ff34ca472a705a4b97f16c790053a6b4c4035274d0?s=96&d=mm&r=g","caption":"Rodrigo Zuquim"},"url":"https:\/\/agenciainfra.com\/blog\/author\/rodrigo-zuquim\/"}]}},"_links":{"self":[{"href":"https:\/\/agenciainfra.com\/blog\/wp-json\/wp\/v2\/posts\/5231","targetHints":{"allow":["GET"]}}],"collection":[{"href":"https:\/\/agenciainfra.com\/blog\/wp-json\/wp\/v2\/posts"}],"about":[{"href":"https:\/\/agenciainfra.com\/blog\/wp-json\/wp\/v2\/types\/post"}],"author":[{"embeddable":true,"href":"https:\/\/agenciainfra.com\/blog\/wp-json\/wp\/v2\/users\/9"}],"replies":[{"embeddable":true,"href":"https:\/\/agenciainfra.com\/blog\/wp-json\/wp\/v2\/comments?post=5231"}],"version-history":[{"count":0,"href":"https:\/\/agenciainfra.com\/blog\/wp-json\/wp\/v2\/posts\/5231\/revisions"}],"wp:featuredmedia":[{"embeddable":true,"href":"https:\/\/agenciainfra.com\/blog\/wp-json\/wp\/v2\/media\/5232"}],"wp:attachment":[{"href":"https:\/\/agenciainfra.com\/blog\/wp-json\/wp\/v2\/media?parent=5231"}],"wp:term":[{"taxonomy":"category","embeddable":true,"href":"https:\/\/agenciainfra.com\/blog\/wp-json\/wp\/v2\/categories?post=5231"},{"taxonomy":"post_tag","embeddable":true,"href":"https:\/\/agenciainfra.com\/blog\/wp-json\/wp\/v2\/tags?post=5231"}],"curies":[{"name":"wp","href":"https:\/\/api.w.org\/{rel}","templated":true}]}}