{"id":5241,"date":"2020-06-24T08:00:00","date_gmt":"2020-06-24T11:00:00","guid":{"rendered":"https:\/\/www.agenciainfra.com\/blog\/?p=5241"},"modified":"2020-06-23T09:50:00","modified_gmt":"2020-06-23T12:50:00","slug":"relicitacao-da-dutra-deve-sair-nesta-semana-com-previsao-de-ate-15-de-desconto-no-teto-do-pedagio","status":"publish","type":"post","link":"https:\/\/agenciainfra.com\/blog\/relicitacao-da-dutra-deve-sair-nesta-semana-com-previsao-de-ate-15-de-desconto-no-teto-do-pedagio\/","title":{"rendered":"Relicita\u00e7\u00e3o da Dutra deve sair nesta semana com previs\u00e3o de at\u00e9 15% de desconto no teto do ped\u00e1gio"},"content":{"rendered":"\n<hr class=\"wp-block-separator\"\/>\n\n\n\n<p class=\"has-text-align-right\"><strong>Dimmi Amora, da\u00a0Ag\u00eancia iNFRA<\/strong><\/p>\n\n\n\n<p>O governo federal dever\u00e1 concluir nesta semana a proposta de relicita\u00e7\u00e3o da Rodovia Presidente Dutra, incluindo novos trechos concessionados na liga\u00e7\u00e3o entre os estados de S\u00e3o Paulo e Rio de Janeiro.<\/p>\n\n\n\n<p>A proposta dever\u00e1 ser encaminhada para avalia\u00e7\u00e3o do TCU (Tribunal de Contas da Uni\u00e3o) na pr\u00f3xima semana, ap\u00f3s aprova\u00e7\u00e3o da ANTT (Ag\u00eancia Nacional de Transportes Terrestres), com o chamado modelo h\u00edbrido para a escolha do vencedor.<\/p>\n\n\n\n<p>Os proponentes v\u00e3o poder oferecer uma redu\u00e7\u00e3o no valor teto do ped\u00e1gio at\u00e9 um limite e, se houver mais de uma empresa ofertando o limite do desconto, elas poder\u00e3o decidir pelo maior valor de outorga.<\/p>\n\n\n\n<p>Em live realizada a clientes do Bradesco na segunda-feira (22), o ministro da Infraestrutura, Tarc\u00edsio de Freitas, afirmou que o valor do ped\u00e1gio pode ficar at\u00e9 35% mais baixo que o atual. Segundo ele, o teto ser\u00e1 20% inferior ao valor atual das tarifas, e o desconto no leil\u00e3o poder\u00e1 elevar o valor at\u00e9 os 35% citados.<\/p>\n\n\n\n<p>Isso indica um valor de desconto de tarifa por volta de 15%, superior aos 12% que vinham sendo apontados pelo governo como m\u00e1ximo para as empresas darem de lance para vencer a disputa. Segundo o ministro, entre investimentos para constru\u00e7\u00e3o e manuten\u00e7\u00e3o, a previs\u00e3o \u00e9 de mais de R$ 40 bilh\u00f5es ao longo da concess\u00e3o desse trecho rodovi\u00e1rio.<\/p>\n\n\n\n<p>Nas \u00faltimas semanas, t\u00e9cnicos de diferentes \u00f3rg\u00e3os do governo est\u00e3o fazendo os ajustes para tentar concluir o projeto e envi\u00e1-lo ao TCU. O cronograma do governo era fazer isso em mar\u00e7o, mas a audi\u00eancia p\u00fablica teve\u00a0<a rel=\"noreferrer noopener\" href=\"https:\/\/agenciainfra.us14.list-manage.com\/track\/click?u=d460dd1bcf9ba0ae040e1fc0f&amp;id=09d0006fe6&amp;e=c099169394\" target=\"_blank\">forte questionamento sobre o modelo<\/a>, o que levou a ajustes na proposta.<\/p>\n\n\n\n<p>Os representantes do Rio de Janeiro est\u00e3o fazendo pedidos de altera\u00e7\u00f5es na proposta colocada em audi\u00eancia p\u00fablica no ano passado. Entre elas, a inclus\u00e3o de mais trechos de outras vias federais do estado para conserva\u00e7\u00e3o pela concess\u00e3o.<\/p>\n\n\n\n<p>A proposta prev\u00ea que, al\u00e9m da BR-116, a BR-101 tamb\u00e9m est\u00e1 no pacote. Mas o governo do Rio quer que mais trechos federais no estado entrem no projeto. A proposta apresentada pelo governo estadual \u00e9 que n\u00e3o haja mais rodovias federais sob os cuidados do DNIT no estado, como\u00a0<a rel=\"noreferrer noopener\" href=\"https:\/\/agenciainfra.us14.list-manage.com\/track\/click?u=d460dd1bcf9ba0ae040e1fc0f&amp;id=f16f85eebf&amp;e=c099169394\" target=\"_blank\">mostra o quadro obtido<\/a>\u00a0pela\u00a0<strong>Ag\u00eancia iNFRA<\/strong>.<\/p>\n\n\n\n<p><strong>Fim de contrato<\/strong><\/p>\n\n\n\n<p>O TCU, em tese, tem prazo de 90 dias a 105 dias, a depender do andamento do processo, para an\u00e1lise. O prazo tamb\u00e9m depende da qualidade dos documentos que ser\u00e3o enviados pelo governo. Como o governo tem dado 100 dias para o leil\u00e3o, o mais prov\u00e1vel \u00e9 que ele seja feito no ano que vem.<\/p>\n\n\n\n<p>Mas o contrato com a concession\u00e1ria da BR-116 (Nova Dutra) acabar\u00e1 em fevereiro de 2021. O ministro Tarc\u00edsio de Freitas j\u00e1 afirmou que poder\u00e1 ampliar em at\u00e9 dois anos o contrato atual, para a conserva\u00e7\u00e3o da rodovia.<\/p>\n\n\n\n<p>A outra solu\u00e7\u00e3o, mais improv\u00e1vel, \u00e9 que o DNIT assuma a conserva\u00e7\u00e3o da rodovia at\u00e9 a nova licita\u00e7\u00e3o. Isso implicaria em recursos do or\u00e7amento federal, que j\u00e1 s\u00e3o os menores para conserva\u00e7\u00e3o de rodovias em mais de uma d\u00e9cada. Isso j\u00e1 ocorreu na relicita\u00e7\u00e3o da Concepa, no Rio Grande do Sul, e houve\u00a0<a rel=\"noreferrer noopener\" href=\"https:\/\/agenciainfra.us14.list-manage.com\/track\/click?u=d460dd1bcf9ba0ae040e1fc0f&amp;id=4036923e87&amp;e=c099169394\" target=\"_blank\">problemas no gerenciamento da rodovia<\/a>.<\/p>\n\n\n\n<p>Outro problema \u00e9 que um trecho da BR-116 entre as cidades de Serop\u00e9dica e Rio de Janeiro, que hoje est\u00e1 sob responsabilidade da\u00a0Nova Dutra, n\u00e3o faz parte da nova concess\u00e3o entre Rio de Janeiro e S\u00e3o Paulo. O plano \u00e9 coloc\u00e1-lo na concess\u00e3o da BR-116 que vai do Rio de Janeiro\u00a0para Minas Gerais.<\/p>\n\n\n\n<p>No entanto, essa concess\u00e3o est\u00e1 em etapa ainda anterior \u00e0 de S\u00e3o Paulo-Rio de Janeiro. A audi\u00eancia p\u00fablica ainda n\u00e3o foi lan\u00e7ada. As entidades do setor no Rio de Janeiro querem que as duas concorr\u00eancias sejam feitas simultaneamente para evitar que esse trecho fique sem conserva\u00e7\u00e3o por uma concession\u00e1ria.<\/p>\n\n\n\n<p><strong>Outros projetos no TCU<\/strong><\/p>\n\n\n\n<p>Na live do banco, o ministro tamb\u00e9m afirmou que dever\u00e1 encaminhar ao TCU em breve a proposta para a 6\u00aa Rodada de Concess\u00e3o de Aeroportos, que sofreu ajustes de demanda para se adequar aos novos par\u00e2metros da Covid-19, e que o tribunal est\u00e1 &#8220;perto de liberar&#8221; a renova\u00e7\u00e3o antecipada das ferrovias da Vale.<\/p>\n\n\n\n<p>&#8220;At\u00e9 julho, teremos enviado 37 projetos ao TCU, com previs\u00e3o de investimentos de R$ 80 bilh\u00f5es&#8221;, afirmou o ministro.<\/p>\n\n\n\n<p>Sobre o financiamento dos projetos, Freitas afirmou que o BNDES atuar\u00e1 mais na parte inicial do financiamento das concess\u00f5es (pre-completion) onde tomar\u00e1 mais riscos e que pretende &#8220;subir o tom&#8221; da taxa de\u00a0retorno dos projetos.<\/p>\n\n\n\n<p>Freitas tamb\u00e9m afirmou que ser\u00e1 &#8220;f\u00e1cil obter consenso&#8221; para votar projetos no Congresso que tratam do tema, citando as novas leis de deb\u00eantures e de swap cambial.<\/p>\n","protected":false},"excerpt":{"rendered":"<p>Dimmi Amora, da\u00a0Ag\u00eancia iNFRA O governo federal dever\u00e1 concluir nesta semana a proposta de relicita\u00e7\u00e3o da Rodovia Presidente Dutra, incluindo novos trechos concessionados na liga\u00e7\u00e3o entre os estados de S\u00e3o Paulo e Rio de Janeiro. A proposta dever\u00e1 ser encaminhada para avalia\u00e7\u00e3o do TCU (Tribunal de Contas da Uni\u00e3o) na pr\u00f3xima semana, ap\u00f3s aprova\u00e7\u00e3o da [&hellip;]<\/p>\n","protected":false},"author":9,"featured_media":5243,"comment_status":"closed","ping_status":"closed","sticky":false,"template":"","format":"standard","meta":{"_monsterinsights_skip_tracking":false,"_monsterinsights_sitenote_active":false,"_monsterinsights_sitenote_note":"","_monsterinsights_sitenote_category":0,"footnotes":""},"categories":[1,7],"tags":[19,1575,328,20,1027,1576,448,18],"class_list":["post-5241","post","type-post","status-publish","format-standard","has-post-thumbnail","hentry","category-geral","category-infratransporte","tag-antt","tag-br-116","tag-dnit","tag-pedagio","tag-relicitacao","tag-rodovia-presidente-dutra","tag-tarcisio-de-freitas","tag-tcu"],"yoast_head":"<!-- This site is optimized with the Yoast SEO Premium plugin v25.4 (Yoast SEO v26.0) - https:\/\/yoast.com\/wordpress\/plugins\/seo\/ -->\n<title>Relicita\u00e7\u00e3o da Dutra deve sair nesta semana com previs\u00e3o de at\u00e9 15% de desconto no teto do ped\u00e1gio - Ag\u00eancia iNFRA<\/title>\n<meta name=\"robots\" content=\"index, follow, max-snippet:-1, max-image-preview:large, max-video-preview:-1\" \/>\n<link rel=\"canonical\" href=\"https:\/\/agenciainfra.com\/blog\/relicitacao-da-dutra-deve-sair-nesta-semana-com-previsao-de-ate-15-de-desconto-no-teto-do-pedagio\/\" \/>\n<meta property=\"og:locale\" content=\"pt_BR\" \/>\n<meta property=\"og:type\" content=\"article\" \/>\n<meta property=\"og:title\" content=\"Relicita\u00e7\u00e3o da Dutra deve sair nesta semana com previs\u00e3o de at\u00e9 15% de desconto no teto do ped\u00e1gio\" \/>\n<meta property=\"og:description\" content=\"Dimmi Amora, da\u00a0Ag\u00eancia iNFRA O governo federal dever\u00e1 concluir nesta semana a proposta de relicita\u00e7\u00e3o da Rodovia Presidente Dutra, incluindo novos trechos concessionados na liga\u00e7\u00e3o entre os estados de S\u00e3o Paulo e Rio de Janeiro. A proposta dever\u00e1 ser encaminhada para avalia\u00e7\u00e3o do TCU (Tribunal de Contas da Uni\u00e3o) na pr\u00f3xima semana, ap\u00f3s aprova\u00e7\u00e3o da [&hellip;]\" \/>\n<meta property=\"og:url\" content=\"https:\/\/agenciainfra.com\/blog\/relicitacao-da-dutra-deve-sair-nesta-semana-com-previsao-de-ate-15-de-desconto-no-teto-do-pedagio\/\" \/>\n<meta property=\"og:site_name\" content=\"Ag\u00eancia iNFRA\" \/>\n<meta property=\"article:publisher\" content=\"https:\/\/www.facebook.com\/ageninfra\" \/>\n<meta property=\"article:published_time\" content=\"2020-06-24T11:00:00+00:00\" \/>\n<meta property=\"og:image\" content=\"https:\/\/agenciainfra.com\/blog\/wp-content\/uploads\/2020\/06\/rodovia-dutra-foto-charles-de-moura-PMSJC.jpg\" \/>\n\t<meta property=\"og:image:width\" content=\"1200\" \/>\n\t<meta property=\"og:image:height\" content=\"799\" \/>\n\t<meta property=\"og:image:type\" content=\"image\/jpeg\" \/>\n<meta name=\"author\" content=\"Rodrigo Zuquim\" \/>\n<meta name=\"twitter:card\" content=\"summary_large_image\" \/>\n<meta name=\"twitter:creator\" content=\"@agencia_infra\" \/>\n<meta name=\"twitter:site\" content=\"@agencia_infra\" \/>\n<meta name=\"twitter:label1\" content=\"Escrito por\" \/>\n\t<meta name=\"twitter:data1\" content=\"Rodrigo Zuquim\" \/>\n\t<meta name=\"twitter:label2\" content=\"Est. tempo de leitura\" \/>\n\t<meta name=\"twitter:data2\" content=\"4 minutos\" \/>\n<script type=\"application\/ld+json\" class=\"yoast-schema-graph\">{\"@context\":\"https:\/\/schema.org\",\"@graph\":[{\"@type\":\"Article\",\"@id\":\"https:\/\/agenciainfra.com\/blog\/relicitacao-da-dutra-deve-sair-nesta-semana-com-previsao-de-ate-15-de-desconto-no-teto-do-pedagio\/#article\",\"isPartOf\":{\"@id\":\"https:\/\/agenciainfra.com\/blog\/relicitacao-da-dutra-deve-sair-nesta-semana-com-previsao-de-ate-15-de-desconto-no-teto-do-pedagio\/\"},\"author\":{\"name\":\"Rodrigo Zuquim\",\"@id\":\"https:\/\/agenciainfra.com\/blog\/#\/schema\/person\/04dbb79bd6d8951f063da71f3e4c1eb1\"},\"headline\":\"Relicita\u00e7\u00e3o da Dutra deve sair nesta semana com previs\u00e3o de at\u00e9 15% de desconto no teto do ped\u00e1gio\",\"datePublished\":\"2020-06-24T11:00:00+00:00\",\"mainEntityOfPage\":{\"@id\":\"https:\/\/agenciainfra.com\/blog\/relicitacao-da-dutra-deve-sair-nesta-semana-com-previsao-de-ate-15-de-desconto-no-teto-do-pedagio\/\"},\"wordCount\":843,\"publisher\":{\"@id\":\"https:\/\/agenciainfra.com\/blog\/#organization\"},\"image\":{\"@id\":\"https:\/\/agenciainfra.com\/blog\/relicitacao-da-dutra-deve-sair-nesta-semana-com-previsao-de-ate-15-de-desconto-no-teto-do-pedagio\/#primaryimage\"},\"thumbnailUrl\":\"https:\/\/agenciainfra.com\/blog\/wp-content\/uploads\/2020\/06\/rodovia-dutra-foto-charles-de-moura-PMSJC.jpg\",\"keywords\":[\"ANTT\",\"BR-116\",\"DNIT\",\"Ped\u00e1gio\",\"relicita\u00e7\u00e3o\",\"Rodovia Presidente Dutra\",\"Tarc\u00edsio de Freitas\",\"TCU\"],\"articleSection\":[\"Geral\",\"iNFRATransporte\"],\"inLanguage\":\"pt-BR\",\"copyrightYear\":\"2020\",\"copyrightHolder\":{\"@id\":\"https:\/\/agenciainfra.com\/blog\/#organization\"}},{\"@type\":\"WebPage\",\"@id\":\"https:\/\/agenciainfra.com\/blog\/relicitacao-da-dutra-deve-sair-nesta-semana-com-previsao-de-ate-15-de-desconto-no-teto-do-pedagio\/\",\"url\":\"https:\/\/agenciainfra.com\/blog\/relicitacao-da-dutra-deve-sair-nesta-semana-com-previsao-de-ate-15-de-desconto-no-teto-do-pedagio\/\",\"name\":\"Relicita\u00e7\u00e3o da Dutra deve sair nesta semana com previs\u00e3o de at\u00e9 15% de desconto no teto do ped\u00e1gio - Ag\u00eancia iNFRA\",\"isPartOf\":{\"@id\":\"https:\/\/agenciainfra.com\/blog\/#website\"},\"primaryImageOfPage\":{\"@id\":\"https:\/\/agenciainfra.com\/blog\/relicitacao-da-dutra-deve-sair-nesta-semana-com-previsao-de-ate-15-de-desconto-no-teto-do-pedagio\/#primaryimage\"},\"image\":{\"@id\":\"https:\/\/agenciainfra.com\/blog\/relicitacao-da-dutra-deve-sair-nesta-semana-com-previsao-de-ate-15-de-desconto-no-teto-do-pedagio\/#primaryimage\"},\"thumbnailUrl\":\"https:\/\/agenciainfra.com\/blog\/wp-content\/uploads\/2020\/06\/rodovia-dutra-foto-charles-de-moura-PMSJC.jpg\",\"datePublished\":\"2020-06-24T11:00:00+00:00\",\"breadcrumb\":{\"@id\":\"https:\/\/agenciainfra.com\/blog\/relicitacao-da-dutra-deve-sair-nesta-semana-com-previsao-de-ate-15-de-desconto-no-teto-do-pedagio\/#breadcrumb\"},\"inLanguage\":\"pt-BR\",\"potentialAction\":[{\"@type\":\"ReadAction\",\"target\":[\"https:\/\/agenciainfra.com\/blog\/relicitacao-da-dutra-deve-sair-nesta-semana-com-previsao-de-ate-15-de-desconto-no-teto-do-pedagio\/\"]}]},{\"@type\":\"ImageObject\",\"inLanguage\":\"pt-BR\",\"@id\":\"https:\/\/agenciainfra.com\/blog\/relicitacao-da-dutra-deve-sair-nesta-semana-com-previsao-de-ate-15-de-desconto-no-teto-do-pedagio\/#primaryimage\",\"url\":\"https:\/\/agenciainfra.com\/blog\/wp-content\/uploads\/2020\/06\/rodovia-dutra-foto-charles-de-moura-PMSJC.jpg\",\"contentUrl\":\"https:\/\/agenciainfra.com\/blog\/wp-content\/uploads\/2020\/06\/rodovia-dutra-foto-charles-de-moura-PMSJC.jpg\",\"width\":1200,\"height\":799,\"caption\":\"Via Dutra\"},{\"@type\":\"BreadcrumbList\",\"@id\":\"https:\/\/agenciainfra.com\/blog\/relicitacao-da-dutra-deve-sair-nesta-semana-com-previsao-de-ate-15-de-desconto-no-teto-do-pedagio\/#breadcrumb\",\"itemListElement\":[{\"@type\":\"ListItem\",\"position\":1,\"name\":\"In\u00edcio\",\"item\":\"https:\/\/agenciainfra.com\/blog\/\"},{\"@type\":\"ListItem\",\"position\":2,\"name\":\"Relicita\u00e7\u00e3o da Dutra deve sair nesta semana com previs\u00e3o de at\u00e9 15% de desconto no teto do ped\u00e1gio\"}]},{\"@type\":\"WebSite\",\"@id\":\"https:\/\/agenciainfra.com\/blog\/#website\",\"url\":\"https:\/\/agenciainfra.com\/blog\/\",\"name\":\"Ag\u00eancia iNFRA\",\"description\":\"Multiplataforma de informa\u00e7\u00e3o jornal\u00edstica refer\u00eancia na \u00e1rea de infraestrutura no Brasil!\",\"publisher\":{\"@id\":\"https:\/\/agenciainfra.com\/blog\/#organization\"},\"potentialAction\":[{\"@type\":\"SearchAction\",\"target\":{\"@type\":\"EntryPoint\",\"urlTemplate\":\"https:\/\/agenciainfra.com\/blog\/?s={search_term_string}\"},\"query-input\":{\"@type\":\"PropertyValueSpecification\",\"valueRequired\":true,\"valueName\":\"search_term_string\"}}],\"inLanguage\":\"pt-BR\"},{\"@type\":\"Organization\",\"@id\":\"https:\/\/agenciainfra.com\/blog\/#organization\",\"name\":\"Ag\u00eancia iNFRA\",\"url\":\"https:\/\/agenciainfra.com\/blog\/\",\"logo\":{\"@type\":\"ImageObject\",\"inLanguage\":\"pt-BR\",\"@id\":\"https:\/\/agenciainfra.com\/blog\/#\/schema\/logo\/image\/\",\"url\":\"https:\/\/agenciainfra.com\/blog\/wp-content\/uploads\/2023\/09\/iNFRA_5-e1761735885940.png\",\"contentUrl\":\"https:\/\/agenciainfra.com\/blog\/wp-content\/uploads\/2023\/09\/iNFRA_5-e1761735885940.png\",\"width\":1672,\"height\":454,\"caption\":\"Ag\u00eancia iNFRA\"},\"image\":{\"@id\":\"https:\/\/agenciainfra.com\/blog\/#\/schema\/logo\/image\/\"},\"sameAs\":[\"https:\/\/www.facebook.com\/ageninfra\",\"https:\/\/x.com\/agencia_infra\",\"https:\/\/www.linkedin.com\/company\/ag\u00eanciainfra\/\",\"https:\/\/www.instagram.com\/agenciainfra\/\"]},{\"@type\":\"Person\",\"@id\":\"https:\/\/agenciainfra.com\/blog\/#\/schema\/person\/04dbb79bd6d8951f063da71f3e4c1eb1\",\"name\":\"Rodrigo Zuquim\",\"image\":{\"@type\":\"ImageObject\",\"inLanguage\":\"pt-BR\",\"@id\":\"https:\/\/agenciainfra.com\/blog\/#\/schema\/person\/image\/\",\"url\":\"https:\/\/secure.gravatar.com\/avatar\/594abfe82761d620726242ff34ca472a705a4b97f16c790053a6b4c4035274d0?s=96&d=mm&r=g\",\"contentUrl\":\"https:\/\/secure.gravatar.com\/avatar\/594abfe82761d620726242ff34ca472a705a4b97f16c790053a6b4c4035274d0?s=96&d=mm&r=g\",\"caption\":\"Rodrigo Zuquim\"},\"url\":\"https:\/\/agenciainfra.com\/blog\/author\/rodrigo-zuquim\/\"}]}<\/script>\n<!-- \/ Yoast SEO Premium plugin. -->","yoast_head_json":{"title":"Relicita\u00e7\u00e3o da Dutra deve sair nesta semana com previs\u00e3o de at\u00e9 15% de desconto no teto do ped\u00e1gio - Ag\u00eancia iNFRA","robots":{"index":"index","follow":"follow","max-snippet":"max-snippet:-1","max-image-preview":"max-image-preview:large","max-video-preview":"max-video-preview:-1"},"canonical":"https:\/\/agenciainfra.com\/blog\/relicitacao-da-dutra-deve-sair-nesta-semana-com-previsao-de-ate-15-de-desconto-no-teto-do-pedagio\/","og_locale":"pt_BR","og_type":"article","og_title":"Relicita\u00e7\u00e3o da Dutra deve sair nesta semana com previs\u00e3o de at\u00e9 15% de desconto no teto do ped\u00e1gio","og_description":"Dimmi Amora, da\u00a0Ag\u00eancia iNFRA O governo federal dever\u00e1 concluir nesta semana a proposta de relicita\u00e7\u00e3o da Rodovia Presidente Dutra, incluindo novos trechos concessionados na liga\u00e7\u00e3o entre os estados de S\u00e3o Paulo e Rio de Janeiro. A proposta dever\u00e1 ser encaminhada para avalia\u00e7\u00e3o do TCU (Tribunal de Contas da Uni\u00e3o) na pr\u00f3xima semana, ap\u00f3s aprova\u00e7\u00e3o da [&hellip;]","og_url":"https:\/\/agenciainfra.com\/blog\/relicitacao-da-dutra-deve-sair-nesta-semana-com-previsao-de-ate-15-de-desconto-no-teto-do-pedagio\/","og_site_name":"Ag\u00eancia iNFRA","article_publisher":"https:\/\/www.facebook.com\/ageninfra","article_published_time":"2020-06-24T11:00:00+00:00","og_image":[{"width":1200,"height":799,"url":"https:\/\/agenciainfra.com\/blog\/wp-content\/uploads\/2020\/06\/rodovia-dutra-foto-charles-de-moura-PMSJC.jpg","type":"image\/jpeg"}],"author":"Rodrigo Zuquim","twitter_card":"summary_large_image","twitter_creator":"@agencia_infra","twitter_site":"@agencia_infra","twitter_misc":{"Escrito por":"Rodrigo Zuquim","Est. tempo de leitura":"4 minutos"},"schema":{"@context":"https:\/\/schema.org","@graph":[{"@type":"Article","@id":"https:\/\/agenciainfra.com\/blog\/relicitacao-da-dutra-deve-sair-nesta-semana-com-previsao-de-ate-15-de-desconto-no-teto-do-pedagio\/#article","isPartOf":{"@id":"https:\/\/agenciainfra.com\/blog\/relicitacao-da-dutra-deve-sair-nesta-semana-com-previsao-de-ate-15-de-desconto-no-teto-do-pedagio\/"},"author":{"name":"Rodrigo Zuquim","@id":"https:\/\/agenciainfra.com\/blog\/#\/schema\/person\/04dbb79bd6d8951f063da71f3e4c1eb1"},"headline":"Relicita\u00e7\u00e3o da Dutra deve sair nesta semana com previs\u00e3o de at\u00e9 15% de desconto no teto do ped\u00e1gio","datePublished":"2020-06-24T11:00:00+00:00","mainEntityOfPage":{"@id":"https:\/\/agenciainfra.com\/blog\/relicitacao-da-dutra-deve-sair-nesta-semana-com-previsao-de-ate-15-de-desconto-no-teto-do-pedagio\/"},"wordCount":843,"publisher":{"@id":"https:\/\/agenciainfra.com\/blog\/#organization"},"image":{"@id":"https:\/\/agenciainfra.com\/blog\/relicitacao-da-dutra-deve-sair-nesta-semana-com-previsao-de-ate-15-de-desconto-no-teto-do-pedagio\/#primaryimage"},"thumbnailUrl":"https:\/\/agenciainfra.com\/blog\/wp-content\/uploads\/2020\/06\/rodovia-dutra-foto-charles-de-moura-PMSJC.jpg","keywords":["ANTT","BR-116","DNIT","Ped\u00e1gio","relicita\u00e7\u00e3o","Rodovia Presidente Dutra","Tarc\u00edsio de Freitas","TCU"],"articleSection":["Geral","iNFRATransporte"],"inLanguage":"pt-BR","copyrightYear":"2020","copyrightHolder":{"@id":"https:\/\/agenciainfra.com\/blog\/#organization"}},{"@type":"WebPage","@id":"https:\/\/agenciainfra.com\/blog\/relicitacao-da-dutra-deve-sair-nesta-semana-com-previsao-de-ate-15-de-desconto-no-teto-do-pedagio\/","url":"https:\/\/agenciainfra.com\/blog\/relicitacao-da-dutra-deve-sair-nesta-semana-com-previsao-de-ate-15-de-desconto-no-teto-do-pedagio\/","name":"Relicita\u00e7\u00e3o da Dutra deve sair nesta semana com previs\u00e3o de at\u00e9 15% de desconto no teto do ped\u00e1gio - Ag\u00eancia iNFRA","isPartOf":{"@id":"https:\/\/agenciainfra.com\/blog\/#website"},"primaryImageOfPage":{"@id":"https:\/\/agenciainfra.com\/blog\/relicitacao-da-dutra-deve-sair-nesta-semana-com-previsao-de-ate-15-de-desconto-no-teto-do-pedagio\/#primaryimage"},"image":{"@id":"https:\/\/agenciainfra.com\/blog\/relicitacao-da-dutra-deve-sair-nesta-semana-com-previsao-de-ate-15-de-desconto-no-teto-do-pedagio\/#primaryimage"},"thumbnailUrl":"https:\/\/agenciainfra.com\/blog\/wp-content\/uploads\/2020\/06\/rodovia-dutra-foto-charles-de-moura-PMSJC.jpg","datePublished":"2020-06-24T11:00:00+00:00","breadcrumb":{"@id":"https:\/\/agenciainfra.com\/blog\/relicitacao-da-dutra-deve-sair-nesta-semana-com-previsao-de-ate-15-de-desconto-no-teto-do-pedagio\/#breadcrumb"},"inLanguage":"pt-BR","potentialAction":[{"@type":"ReadAction","target":["https:\/\/agenciainfra.com\/blog\/relicitacao-da-dutra-deve-sair-nesta-semana-com-previsao-de-ate-15-de-desconto-no-teto-do-pedagio\/"]}]},{"@type":"ImageObject","inLanguage":"pt-BR","@id":"https:\/\/agenciainfra.com\/blog\/relicitacao-da-dutra-deve-sair-nesta-semana-com-previsao-de-ate-15-de-desconto-no-teto-do-pedagio\/#primaryimage","url":"https:\/\/agenciainfra.com\/blog\/wp-content\/uploads\/2020\/06\/rodovia-dutra-foto-charles-de-moura-PMSJC.jpg","contentUrl":"https:\/\/agenciainfra.com\/blog\/wp-content\/uploads\/2020\/06\/rodovia-dutra-foto-charles-de-moura-PMSJC.jpg","width":1200,"height":799,"caption":"Via Dutra"},{"@type":"BreadcrumbList","@id":"https:\/\/agenciainfra.com\/blog\/relicitacao-da-dutra-deve-sair-nesta-semana-com-previsao-de-ate-15-de-desconto-no-teto-do-pedagio\/#breadcrumb","itemListElement":[{"@type":"ListItem","position":1,"name":"In\u00edcio","item":"https:\/\/agenciainfra.com\/blog\/"},{"@type":"ListItem","position":2,"name":"Relicita\u00e7\u00e3o da Dutra deve sair nesta semana com previs\u00e3o de at\u00e9 15% de desconto no teto do ped\u00e1gio"}]},{"@type":"WebSite","@id":"https:\/\/agenciainfra.com\/blog\/#website","url":"https:\/\/agenciainfra.com\/blog\/","name":"Ag\u00eancia iNFRA","description":"Multiplataforma de informa\u00e7\u00e3o jornal\u00edstica refer\u00eancia na \u00e1rea de infraestrutura no Brasil!","publisher":{"@id":"https:\/\/agenciainfra.com\/blog\/#organization"},"potentialAction":[{"@type":"SearchAction","target":{"@type":"EntryPoint","urlTemplate":"https:\/\/agenciainfra.com\/blog\/?s={search_term_string}"},"query-input":{"@type":"PropertyValueSpecification","valueRequired":true,"valueName":"search_term_string"}}],"inLanguage":"pt-BR"},{"@type":"Organization","@id":"https:\/\/agenciainfra.com\/blog\/#organization","name":"Ag\u00eancia iNFRA","url":"https:\/\/agenciainfra.com\/blog\/","logo":{"@type":"ImageObject","inLanguage":"pt-BR","@id":"https:\/\/agenciainfra.com\/blog\/#\/schema\/logo\/image\/","url":"https:\/\/agenciainfra.com\/blog\/wp-content\/uploads\/2023\/09\/iNFRA_5-e1761735885940.png","contentUrl":"https:\/\/agenciainfra.com\/blog\/wp-content\/uploads\/2023\/09\/iNFRA_5-e1761735885940.png","width":1672,"height":454,"caption":"Ag\u00eancia iNFRA"},"image":{"@id":"https:\/\/agenciainfra.com\/blog\/#\/schema\/logo\/image\/"},"sameAs":["https:\/\/www.facebook.com\/ageninfra","https:\/\/x.com\/agencia_infra","https:\/\/www.linkedin.com\/company\/ag\u00eanciainfra\/","https:\/\/www.instagram.com\/agenciainfra\/"]},{"@type":"Person","@id":"https:\/\/agenciainfra.com\/blog\/#\/schema\/person\/04dbb79bd6d8951f063da71f3e4c1eb1","name":"Rodrigo Zuquim","image":{"@type":"ImageObject","inLanguage":"pt-BR","@id":"https:\/\/agenciainfra.com\/blog\/#\/schema\/person\/image\/","url":"https:\/\/secure.gravatar.com\/avatar\/594abfe82761d620726242ff34ca472a705a4b97f16c790053a6b4c4035274d0?s=96&d=mm&r=g","contentUrl":"https:\/\/secure.gravatar.com\/avatar\/594abfe82761d620726242ff34ca472a705a4b97f16c790053a6b4c4035274d0?s=96&d=mm&r=g","caption":"Rodrigo Zuquim"},"url":"https:\/\/agenciainfra.com\/blog\/author\/rodrigo-zuquim\/"}]}},"_links":{"self":[{"href":"https:\/\/agenciainfra.com\/blog\/wp-json\/wp\/v2\/posts\/5241","targetHints":{"allow":["GET"]}}],"collection":[{"href":"https:\/\/agenciainfra.com\/blog\/wp-json\/wp\/v2\/posts"}],"about":[{"href":"https:\/\/agenciainfra.com\/blog\/wp-json\/wp\/v2\/types\/post"}],"author":[{"embeddable":true,"href":"https:\/\/agenciainfra.com\/blog\/wp-json\/wp\/v2\/users\/9"}],"replies":[{"embeddable":true,"href":"https:\/\/agenciainfra.com\/blog\/wp-json\/wp\/v2\/comments?post=5241"}],"version-history":[{"count":0,"href":"https:\/\/agenciainfra.com\/blog\/wp-json\/wp\/v2\/posts\/5241\/revisions"}],"wp:featuredmedia":[{"embeddable":true,"href":"https:\/\/agenciainfra.com\/blog\/wp-json\/wp\/v2\/media\/5243"}],"wp:attachment":[{"href":"https:\/\/agenciainfra.com\/blog\/wp-json\/wp\/v2\/media?parent=5241"}],"wp:term":[{"taxonomy":"category","embeddable":true,"href":"https:\/\/agenciainfra.com\/blog\/wp-json\/wp\/v2\/categories?post=5241"},{"taxonomy":"post_tag","embeddable":true,"href":"https:\/\/agenciainfra.com\/blog\/wp-json\/wp\/v2\/tags?post=5241"}],"curies":[{"name":"wp","href":"https:\/\/api.w.org\/{rel}","templated":true}]}}