{"id":5261,"date":"2020-06-27T08:00:00","date_gmt":"2020-06-27T11:00:00","guid":{"rendered":"https:\/\/www.agenciainfra.com\/blog\/?p=5261"},"modified":"2020-06-25T12:16:26","modified_gmt":"2020-06-25T15:16:26","slug":"emprestimo-nao-garante-o-equilibrio-economico-para-a-distribuicao-diz-presidente-da-abradee","status":"publish","type":"post","link":"https:\/\/agenciainfra.com\/blog\/emprestimo-nao-garante-o-equilibrio-economico-para-a-distribuicao-diz-presidente-da-abradee\/","title":{"rendered":"Empr\u00e9stimo n\u00e3o garante o equil\u00edbrio econ\u00f4mico para a distribui\u00e7\u00e3o, diz presidente da Abradee"},"content":{"rendered":"\n<hr class=\"wp-block-separator\"\/>\n\n\n\n<p class=\"has-text-align-right\"><strong>Guilherme Mendes, da Ag\u00eancia iNFRA<\/strong><\/p>\n\n\n\n<p>O presidente da Abradee (Associa\u00e7\u00e3o Brasileira de Distribuidoras de Energia El\u00e9trica), Marcos Madureira, afirmou que a &#8220;<a href=\"https:\/\/agenciainfra.us14.list-manage.com\/track\/click?u=d460dd1bcf9ba0ae040e1fc0f&amp;id=afb993b85d&amp;e=c099169394\" target=\"_blank\" rel=\"noreferrer noopener\">Conta-Covid<\/a>&#8220;, opera\u00e7\u00e3o de empr\u00e9stimo destinada a prover liquidez ao setor el\u00e9trico, n\u00e3o garante o equil\u00edbrio do segmento de distribui\u00e7\u00e3o.<br><br>&#8220;Ela [a Conta-Covid] \u00e9 uma conta que viabiliza o equil\u00edbrio econ\u00f4mico-financeiro do segmento de transmiss\u00e3o, do setor de gera\u00e7\u00e3o e viabiliza a arrecada\u00e7\u00e3o de encargos e recursos. Mas&nbsp;n\u00e3o traz o necess\u00e1rio equil\u00edbrio econ\u00f4mico do segmento de distribui\u00e7\u00e3o&#8221;, disse Madureira em entrevista \u00e0&nbsp;<strong>Ag\u00eancia&nbsp;iNFRA.&nbsp;<\/strong><\/p>\n\n\n\n<p>Segundo o executivo, o texto normativo j\u00e1 deveria tratar dessa quest\u00e3o, e n\u00e3o aguardar o processo de consultas p\u00fablicas: &#8220;Isso teria que j\u00e1 estar sendo enfrentado neste momento, para trazer devida seguran\u00e7a para o segmento de distribui\u00e7\u00e3o&#8221;, comentou.<br><br>Apesar do comprometimento da ANEEL (Ag\u00eancia Nacional de Energia El\u00e9trica) em iniciar a discuss\u00e3o sobre o reequil\u00edbrio das distribuidoras em at\u00e9 60 dias, o presidente da Abradee afirmou que a solu\u00e7\u00e3o precisa se transformar em realidade. &#8220;Esperamos que o processo seja feito de maneira c\u00e9lere&#8221;, defendeu.<\/p>\n\n\n\n<p>Ao comentar a quest\u00e3o, Madureira tamb\u00e9m criticou a prorroga\u00e7\u00e3o, por mais 30 dias, da resolu\u00e7\u00e3o que impede os cortes de energia de consumidores inadimplentes durante a pandemia. &#8220;Tudo isso tem impacto no efeito da conta e que, quanto mais tempo sem poder resolver a inadimpl\u00eancia, mais dif\u00edcil de ser equacionada&#8221;, afirmou.<\/p>\n\n\n\n<p>Abaixo, os principais trechos da entrevista:<br><br><strong>Ag\u00eancia iNFRA &#8211; Como a Abradee enxerga a nova resolu\u00e7\u00e3o?<\/strong><br><strong>Marcos Madureira<\/strong>&nbsp;&#8211; O empr\u00e9stimo serve para financiar o setor el\u00e9trico, por meio da distribuidora, at\u00e9 pelo sistema de arrecada\u00e7\u00e3o do setor el\u00e9trico. Ela \u00e9 uma conta que viabiliza o equil\u00edbrio econ\u00f4mico-financeiro do segmento de transmiss\u00e3o, do setor de gera\u00e7\u00e3o e viabiliza a arrecada\u00e7\u00e3o de encargos e recursos. Mas ela n\u00e3o traz o necess\u00e1rio equil\u00edbrio econ\u00f4mico do segmento de distribui\u00e7\u00e3o.&nbsp;&nbsp;<\/p>\n\n\n\n<p>Isso \u00e9 uma quest\u00e3o importante: A Abradee, junto a seus associados, tem se manifestado nesse sentido desde antes da&nbsp;<a href=\"https:\/\/agenciainfra.us14.list-manage.com\/track\/click?u=d460dd1bcf9ba0ae040e1fc0f&amp;id=28dd1d2df3&amp;e=c099169394\" target=\"_blank\" rel=\"noreferrer noopener\">Medida Provis\u00f3ria<\/a>&nbsp;950, do&nbsp;<a href=\"https:\/\/agenciainfra.us14.list-manage.com\/track\/click?u=d460dd1bcf9ba0ae040e1fc0f&amp;id=05c567708f&amp;e=c099169394\" target=\"_blank\" rel=\"noreferrer noopener\">Decreto 10.350<\/a>, do processo da consulta p\u00fablica. Buscamos trazer nossas contribui\u00e7\u00f5es e, para n\u00f3s, deveria estar sendo tratada tamb\u00e9m a quest\u00e3o do equil\u00edbrio econ\u00f4mico das distribuidoras. No momento em que a distribui\u00e7\u00e3o paga integralmente o contrato de gera\u00e7\u00e3o ou de transmiss\u00e3o, o gerador e transmissor t\u00eam assegurado seu equil\u00edbrio econ\u00f4mico-financeiro, e na distribui\u00e7\u00e3o h\u00e1 impactos importantes na perda de mercado e de receita, fruto do aumento da inadimpl\u00eancia.&nbsp;<\/p>\n\n\n\n<p>S\u00e3o impactos no segmento de distribui\u00e7\u00e3o que, pelo contrato de concess\u00e3o e de equil\u00edbrio, devem estar sendo mantidos. Isso j\u00e1 teria que estar sendo enfrentado neste momento, para trazer devida seguran\u00e7a para o segmento de distribui\u00e7\u00e3o. Sentimos que isso n\u00e3o pode ser dentro de prazos grandes \u2013 existem fundamentos j\u00e1 dentro dos processos de RTE (Revis\u00e3o Tarif\u00e1ria Extraordin\u00e1ria) da ag\u00eancia que s\u00e3o suficientes para serem ajustados, neste momento em que estamos passando, desse efeito que estamos vendo, que permita que possamos ter essa discuss\u00e3o. Nosso ponto agora \u00e9 celeridade.<br><br><strong>A diretoria da ANEEL prometeu iniciar os debates em at\u00e9 60 dias,&nbsp;mais r\u00e1pido que os 120 dias planejados anteriormente&#8230;<\/strong><br>Houve essa sinaliza\u00e7\u00e3o, mas ela precisa se transformar em realidade. Estamos abrindo um tempo para a abertura de consulta p\u00fablica, com o devido processo de uma consulta p\u00fablica. O que n\u00f3s esperamos \u00e9 que esse processo seja feito de maneira c\u00e9lere.<\/p>\n\n\n\n<p>Estamos dentro de uma pandemia onde n\u00e3o \u00e9 poss\u00edvel medir seu tamanho e sua extens\u00e3o, quanto tempo ela vai persistir \u2013 e que ainda possuem alguns fatores, que v\u00e3o correndo em paralelo.&nbsp;<\/p>\n\n\n\n<p>Por exemplo: tivemos agora o aumento do prazo de aplica\u00e7\u00e3o da&nbsp;<a href=\"https:\/\/agenciainfra.us14.list-manage.com\/track\/click?u=d460dd1bcf9ba0ae040e1fc0f&amp;id=96a9b9c4e7&amp;e=c099169394\" target=\"_blank\" rel=\"noreferrer noopener\">Resolu\u00e7\u00e3o 878<\/a>, para que n\u00e3o se possa fazer a suspens\u00e3o de inadimplentes; temos uma Medida Provis\u00f3ria com mais de 180 emendas propostas e algumas delas querendo limitar, ainda mais, a capacidade de gest\u00e3o da inadimpl\u00eancia; a pr\u00f3pria quest\u00e3o da queda de mercado, que ainda n\u00e3o voltou e que alguns segmentos abrem e depois fecham de novo, sem se ter clara no\u00e7\u00e3o de como se dar\u00e1 a&nbsp;restri\u00e7\u00e3o do funcionamento. Tudo isso tem impacto no efeito da conta e que, quanto mais tempo sem poder resolver a inadimpl\u00eancia, mais dif\u00edcil de ser equacionada.<\/p>\n\n\n\n<p>S\u00e3o pontos em que se exige, o mais r\u00e1pido poss\u00edvel, n\u00e3o s\u00f3 condi\u00e7\u00f5es de um reajuste tarif\u00e1rio \u2013 n\u00e3o \u00e9 esta a alternativa que consideramos a mais adequada \u2013 mas sim reconhecendo o ativo regulat\u00f3rio. [O reconhecimento \u00e9 necess\u00e1rio]&nbsp; exatamente em fun\u00e7\u00e3o da redu\u00e7\u00e3o de mercado e da inadimpl\u00eancia, do efeito que isso tem sobre aspectos econ\u00f4micos da distribui\u00e7\u00e3o, para que mais \u00e0 frente sejam feitos os ajustes e os processos naturais de reajustes que as empresas t\u00eam.<br><br><strong>Bateu-se o martelo em uma opera\u00e7\u00e3o de mais de R$ 16 bilh\u00f5es que colocar\u00e1 a Conta-Covid de p\u00e9 \u2013 e o diretor-geral da ANEEL, Andr\u00e9 Pepitone, j\u00e1 sinalizou que \u00e9 improv\u00e1vel que haja novas tranches \u00e0 opera\u00e7\u00e3o, como sugerido pela associa\u00e7\u00e3o. A necessidade de novos aportes no futuro, aliada a uma sinaliza\u00e7\u00e3o negativa, preocupa a Abradee desde agora?<\/strong><br>Se ser\u00e1 necess\u00e1rio mais recursos, vamos ter de acompanhar e verificar \u2013 pois n\u00e3o h\u00e1 como dizer agora se ele ser\u00e1 suficiente ou insuficiente. Diria que a ANEEL se baseou em par\u00e2metros para uma curva de retorno, com dados recebidos das distribuidoras, com atualiza\u00e7\u00f5es di\u00e1rias sobre a inadimpl\u00eancia. A partir da\u00ed ela construiu um plano, dizendo em quanto tempo ela acha que o consumo volta ao normal. Se \u00e9 suficiente ou n\u00e3o, s\u00f3 saberemos com o passar do tempo.&nbsp;<\/p>\n\n\n\n<p>Mas temos a preocupa\u00e7\u00e3o de que o recurso esteja sim suficiente. N\u00f3s sempre defendemos que o volume n\u00e3o precisa ser maior que o necess\u00e1rio. O grande problema \u00e9 que&nbsp;ainda n\u00e3o temos uma medida do tamanho da crise.&nbsp;<\/p>\n\n\n\n<p>Por exemplo: tivemos esta extens\u00e3o da 878 para impedir que o consumidor residencial e outros consumidores considerados essenciais tenham o corte de energia suspenso em caso de falta de pagamento. Ao mesmo tempo, n\u00e3o tivemos ainda uma medida que leve a uma extens\u00e3o do prazo para aquele subs\u00eddio adicional para os consumidores de baixa renda. Se n\u00e3o houver essa prorroga\u00e7\u00e3o, teremos seguramente um aumento da inadimpl\u00eancia.<\/p>\n\n\n\n<p>Mas n\u00e3o consigo saber como se dar\u00e1 essa curva de retorno tanto do consumo quanto do da inadimpl\u00eancia, e tudo isso definir\u00e1 a necessidade e o tamanho da conta.<\/p>\n","protected":false},"excerpt":{"rendered":"<p>Guilherme Mendes, da Ag\u00eancia iNFRA O presidente da Abradee (Associa\u00e7\u00e3o Brasileira de Distribuidoras de Energia El\u00e9trica), Marcos Madureira, afirmou que a &#8220;Conta-Covid&#8220;, opera\u00e7\u00e3o de empr\u00e9stimo destinada a prover liquidez ao setor el\u00e9trico, n\u00e3o garante o equil\u00edbrio do segmento de distribui\u00e7\u00e3o. &#8220;Ela [a Conta-Covid] \u00e9 uma conta que viabiliza o equil\u00edbrio econ\u00f4mico-financeiro do segmento de transmiss\u00e3o, [&hellip;]<\/p>\n","protected":false},"author":9,"featured_media":5262,"comment_status":"closed","ping_status":"closed","sticky":false,"template":"","format":"standard","meta":{"_monsterinsights_skip_tracking":false,"_monsterinsights_sitenote_active":false,"_monsterinsights_sitenote_note":"","_monsterinsights_sitenote_category":0,"footnotes":""},"categories":[1,10],"tags":[494,820,53,1949,2013,2199,1995,1484,1885,2201,2200,2043,54],"class_list":["post-5261","post","type-post","status-publish","format-standard","has-post-thumbnail","hentry","category-geral","category-infraenergia","tag-abradee","tag-andre-pepitone","tag-aneel","tag-conta-covid","tag-decreto-10-350","tag-distribuicao","tag-equilibrio-economico-financeiro","tag-marcos-madureira","tag-mp-950","tag-resolucao-878","tag-revisao-tarifaria-extraordinaria","tag-rte","tag-setor-eletrico"],"yoast_head":"<!-- This site is optimized with the Yoast SEO Premium plugin v25.4 (Yoast SEO v26.0) - https:\/\/yoast.com\/wordpress\/plugins\/seo\/ -->\n<title>Empr\u00e9stimo n\u00e3o garante o equil\u00edbrio econ\u00f4mico para a distribui\u00e7\u00e3o, diz presidente da Abradee - Ag\u00eancia iNFRA<\/title>\n<meta name=\"robots\" content=\"index, follow, max-snippet:-1, max-image-preview:large, max-video-preview:-1\" \/>\n<link rel=\"canonical\" href=\"https:\/\/agenciainfra.com\/blog\/emprestimo-nao-garante-o-equilibrio-economico-para-a-distribuicao-diz-presidente-da-abradee\/\" \/>\n<meta property=\"og:locale\" content=\"pt_BR\" \/>\n<meta property=\"og:type\" content=\"article\" \/>\n<meta property=\"og:title\" content=\"Empr\u00e9stimo n\u00e3o garante o equil\u00edbrio econ\u00f4mico para a distribui\u00e7\u00e3o, diz presidente da Abradee\" \/>\n<meta property=\"og:description\" content=\"Guilherme Mendes, da Ag\u00eancia iNFRA O presidente da Abradee (Associa\u00e7\u00e3o Brasileira de Distribuidoras de Energia El\u00e9trica), Marcos Madureira, afirmou que a &#8220;Conta-Covid&#8220;, opera\u00e7\u00e3o de empr\u00e9stimo destinada a prover liquidez ao setor el\u00e9trico, n\u00e3o garante o equil\u00edbrio do segmento de distribui\u00e7\u00e3o. &#8220;Ela [a Conta-Covid] \u00e9 uma conta que viabiliza o equil\u00edbrio econ\u00f4mico-financeiro do segmento de transmiss\u00e3o, [&hellip;]\" \/>\n<meta property=\"og:url\" content=\"https:\/\/agenciainfra.com\/blog\/emprestimo-nao-garante-o-equilibrio-economico-para-a-distribuicao-diz-presidente-da-abradee\/\" \/>\n<meta property=\"og:site_name\" content=\"Ag\u00eancia iNFRA\" \/>\n<meta property=\"article:publisher\" content=\"https:\/\/www.facebook.com\/ageninfra\" \/>\n<meta property=\"article:published_time\" content=\"2020-06-27T11:00:00+00:00\" \/>\n<meta property=\"og:image\" content=\"https:\/\/agenciainfra.com\/blog\/wp-content\/uploads\/2020\/06\/marcos-madureira-abradee-geraldo-magela-agencia-senado.jpg\" \/>\n\t<meta property=\"og:image:width\" content=\"1280\" \/>\n\t<meta property=\"og:image:height\" content=\"853\" \/>\n\t<meta property=\"og:image:type\" content=\"image\/jpeg\" \/>\n<meta name=\"author\" content=\"Rodrigo Zuquim\" \/>\n<meta name=\"twitter:card\" content=\"summary_large_image\" \/>\n<meta name=\"twitter:creator\" content=\"@agencia_infra\" \/>\n<meta name=\"twitter:site\" content=\"@agencia_infra\" \/>\n<meta name=\"twitter:label1\" content=\"Escrito por\" \/>\n\t<meta name=\"twitter:data1\" content=\"Rodrigo Zuquim\" \/>\n\t<meta name=\"twitter:label2\" content=\"Est. tempo de leitura\" \/>\n\t<meta name=\"twitter:data2\" content=\"6 minutos\" \/>\n<script type=\"application\/ld+json\" class=\"yoast-schema-graph\">{\"@context\":\"https:\/\/schema.org\",\"@graph\":[{\"@type\":\"Article\",\"@id\":\"https:\/\/agenciainfra.com\/blog\/emprestimo-nao-garante-o-equilibrio-economico-para-a-distribuicao-diz-presidente-da-abradee\/#article\",\"isPartOf\":{\"@id\":\"https:\/\/agenciainfra.com\/blog\/emprestimo-nao-garante-o-equilibrio-economico-para-a-distribuicao-diz-presidente-da-abradee\/\"},\"author\":{\"name\":\"Rodrigo Zuquim\",\"@id\":\"https:\/\/agenciainfra.com\/blog\/#\/schema\/person\/04dbb79bd6d8951f063da71f3e4c1eb1\"},\"headline\":\"Empr\u00e9stimo n\u00e3o garante o equil\u00edbrio econ\u00f4mico para a distribui\u00e7\u00e3o, diz presidente da Abradee\",\"datePublished\":\"2020-06-27T11:00:00+00:00\",\"mainEntityOfPage\":{\"@id\":\"https:\/\/agenciainfra.com\/blog\/emprestimo-nao-garante-o-equilibrio-economico-para-a-distribuicao-diz-presidente-da-abradee\/\"},\"wordCount\":1176,\"publisher\":{\"@id\":\"https:\/\/agenciainfra.com\/blog\/#organization\"},\"image\":{\"@id\":\"https:\/\/agenciainfra.com\/blog\/emprestimo-nao-garante-o-equilibrio-economico-para-a-distribuicao-diz-presidente-da-abradee\/#primaryimage\"},\"thumbnailUrl\":\"https:\/\/agenciainfra.com\/blog\/wp-content\/uploads\/2020\/06\/marcos-madureira-abradee-geraldo-magela-agencia-senado.jpg\",\"keywords\":[\"Abradee\",\"Andr\u00e9 Pepitone\",\"ANEEL\",\"Conta-Covid\",\"Decreto 10.350\",\"distribui\u00e7\u00e3o\",\"equil\u00edbrio econ\u00f4mico-financeiro\",\"Marcos Madureira\",\"MP 950\",\"Resolu\u00e7\u00e3o 878\",\"Revis\u00e3o Tarif\u00e1ria Extraordin\u00e1ria\",\"RTE\",\"Setor El\u00e9trico\"],\"articleSection\":[\"Geral\",\"iNFRAEnergia\"],\"inLanguage\":\"pt-BR\",\"copyrightYear\":\"2020\",\"copyrightHolder\":{\"@id\":\"https:\/\/agenciainfra.com\/blog\/#organization\"}},{\"@type\":\"WebPage\",\"@id\":\"https:\/\/agenciainfra.com\/blog\/emprestimo-nao-garante-o-equilibrio-economico-para-a-distribuicao-diz-presidente-da-abradee\/\",\"url\":\"https:\/\/agenciainfra.com\/blog\/emprestimo-nao-garante-o-equilibrio-economico-para-a-distribuicao-diz-presidente-da-abradee\/\",\"name\":\"Empr\u00e9stimo n\u00e3o garante o equil\u00edbrio econ\u00f4mico para a distribui\u00e7\u00e3o, diz presidente da Abradee - Ag\u00eancia iNFRA\",\"isPartOf\":{\"@id\":\"https:\/\/agenciainfra.com\/blog\/#website\"},\"primaryImageOfPage\":{\"@id\":\"https:\/\/agenciainfra.com\/blog\/emprestimo-nao-garante-o-equilibrio-economico-para-a-distribuicao-diz-presidente-da-abradee\/#primaryimage\"},\"image\":{\"@id\":\"https:\/\/agenciainfra.com\/blog\/emprestimo-nao-garante-o-equilibrio-economico-para-a-distribuicao-diz-presidente-da-abradee\/#primaryimage\"},\"thumbnailUrl\":\"https:\/\/agenciainfra.com\/blog\/wp-content\/uploads\/2020\/06\/marcos-madureira-abradee-geraldo-magela-agencia-senado.jpg\",\"datePublished\":\"2020-06-27T11:00:00+00:00\",\"breadcrumb\":{\"@id\":\"https:\/\/agenciainfra.com\/blog\/emprestimo-nao-garante-o-equilibrio-economico-para-a-distribuicao-diz-presidente-da-abradee\/#breadcrumb\"},\"inLanguage\":\"pt-BR\",\"potentialAction\":[{\"@type\":\"ReadAction\",\"target\":[\"https:\/\/agenciainfra.com\/blog\/emprestimo-nao-garante-o-equilibrio-economico-para-a-distribuicao-diz-presidente-da-abradee\/\"]}]},{\"@type\":\"ImageObject\",\"inLanguage\":\"pt-BR\",\"@id\":\"https:\/\/agenciainfra.com\/blog\/emprestimo-nao-garante-o-equilibrio-economico-para-a-distribuicao-diz-presidente-da-abradee\/#primaryimage\",\"url\":\"https:\/\/agenciainfra.com\/blog\/wp-content\/uploads\/2020\/06\/marcos-madureira-abradee-geraldo-magela-agencia-senado.jpg\",\"contentUrl\":\"https:\/\/agenciainfra.com\/blog\/wp-content\/uploads\/2020\/06\/marcos-madureira-abradee-geraldo-magela-agencia-senado.jpg\",\"width\":1280,\"height\":853},{\"@type\":\"BreadcrumbList\",\"@id\":\"https:\/\/agenciainfra.com\/blog\/emprestimo-nao-garante-o-equilibrio-economico-para-a-distribuicao-diz-presidente-da-abradee\/#breadcrumb\",\"itemListElement\":[{\"@type\":\"ListItem\",\"position\":1,\"name\":\"In\u00edcio\",\"item\":\"https:\/\/agenciainfra.com\/blog\/\"},{\"@type\":\"ListItem\",\"position\":2,\"name\":\"Empr\u00e9stimo n\u00e3o garante o equil\u00edbrio econ\u00f4mico para a distribui\u00e7\u00e3o, diz presidente da Abradee\"}]},{\"@type\":\"WebSite\",\"@id\":\"https:\/\/agenciainfra.com\/blog\/#website\",\"url\":\"https:\/\/agenciainfra.com\/blog\/\",\"name\":\"Ag\u00eancia iNFRA\",\"description\":\"Multiplataforma de informa\u00e7\u00e3o jornal\u00edstica refer\u00eancia na \u00e1rea de infraestrutura no Brasil!\",\"publisher\":{\"@id\":\"https:\/\/agenciainfra.com\/blog\/#organization\"},\"potentialAction\":[{\"@type\":\"SearchAction\",\"target\":{\"@type\":\"EntryPoint\",\"urlTemplate\":\"https:\/\/agenciainfra.com\/blog\/?s={search_term_string}\"},\"query-input\":{\"@type\":\"PropertyValueSpecification\",\"valueRequired\":true,\"valueName\":\"search_term_string\"}}],\"inLanguage\":\"pt-BR\"},{\"@type\":\"Organization\",\"@id\":\"https:\/\/agenciainfra.com\/blog\/#organization\",\"name\":\"Ag\u00eancia iNFRA\",\"url\":\"https:\/\/agenciainfra.com\/blog\/\",\"logo\":{\"@type\":\"ImageObject\",\"inLanguage\":\"pt-BR\",\"@id\":\"https:\/\/agenciainfra.com\/blog\/#\/schema\/logo\/image\/\",\"url\":\"https:\/\/agenciainfra.com\/blog\/wp-content\/uploads\/2023\/09\/iNFRA_5-e1761735885940.png\",\"contentUrl\":\"https:\/\/agenciainfra.com\/blog\/wp-content\/uploads\/2023\/09\/iNFRA_5-e1761735885940.png\",\"width\":1672,\"height\":454,\"caption\":\"Ag\u00eancia iNFRA\"},\"image\":{\"@id\":\"https:\/\/agenciainfra.com\/blog\/#\/schema\/logo\/image\/\"},\"sameAs\":[\"https:\/\/www.facebook.com\/ageninfra\",\"https:\/\/x.com\/agencia_infra\",\"https:\/\/www.linkedin.com\/company\/ag\u00eanciainfra\/\",\"https:\/\/www.instagram.com\/agenciainfra\/\"]},{\"@type\":\"Person\",\"@id\":\"https:\/\/agenciainfra.com\/blog\/#\/schema\/person\/04dbb79bd6d8951f063da71f3e4c1eb1\",\"name\":\"Rodrigo Zuquim\",\"image\":{\"@type\":\"ImageObject\",\"inLanguage\":\"pt-BR\",\"@id\":\"https:\/\/agenciainfra.com\/blog\/#\/schema\/person\/image\/\",\"url\":\"https:\/\/secure.gravatar.com\/avatar\/594abfe82761d620726242ff34ca472a705a4b97f16c790053a6b4c4035274d0?s=96&d=mm&r=g\",\"contentUrl\":\"https:\/\/secure.gravatar.com\/avatar\/594abfe82761d620726242ff34ca472a705a4b97f16c790053a6b4c4035274d0?s=96&d=mm&r=g\",\"caption\":\"Rodrigo Zuquim\"},\"url\":\"https:\/\/agenciainfra.com\/blog\/author\/rodrigo-zuquim\/\"}]}<\/script>\n<!-- \/ Yoast SEO Premium plugin. -->","yoast_head_json":{"title":"Empr\u00e9stimo n\u00e3o garante o equil\u00edbrio econ\u00f4mico para a distribui\u00e7\u00e3o, diz presidente da Abradee - Ag\u00eancia iNFRA","robots":{"index":"index","follow":"follow","max-snippet":"max-snippet:-1","max-image-preview":"max-image-preview:large","max-video-preview":"max-video-preview:-1"},"canonical":"https:\/\/agenciainfra.com\/blog\/emprestimo-nao-garante-o-equilibrio-economico-para-a-distribuicao-diz-presidente-da-abradee\/","og_locale":"pt_BR","og_type":"article","og_title":"Empr\u00e9stimo n\u00e3o garante o equil\u00edbrio econ\u00f4mico para a distribui\u00e7\u00e3o, diz presidente da Abradee","og_description":"Guilherme Mendes, da Ag\u00eancia iNFRA O presidente da Abradee (Associa\u00e7\u00e3o Brasileira de Distribuidoras de Energia El\u00e9trica), Marcos Madureira, afirmou que a &#8220;Conta-Covid&#8220;, opera\u00e7\u00e3o de empr\u00e9stimo destinada a prover liquidez ao setor el\u00e9trico, n\u00e3o garante o equil\u00edbrio do segmento de distribui\u00e7\u00e3o. &#8220;Ela [a Conta-Covid] \u00e9 uma conta que viabiliza o equil\u00edbrio econ\u00f4mico-financeiro do segmento de transmiss\u00e3o, [&hellip;]","og_url":"https:\/\/agenciainfra.com\/blog\/emprestimo-nao-garante-o-equilibrio-economico-para-a-distribuicao-diz-presidente-da-abradee\/","og_site_name":"Ag\u00eancia iNFRA","article_publisher":"https:\/\/www.facebook.com\/ageninfra","article_published_time":"2020-06-27T11:00:00+00:00","og_image":[{"width":1280,"height":853,"url":"https:\/\/agenciainfra.com\/blog\/wp-content\/uploads\/2020\/06\/marcos-madureira-abradee-geraldo-magela-agencia-senado.jpg","type":"image\/jpeg"}],"author":"Rodrigo Zuquim","twitter_card":"summary_large_image","twitter_creator":"@agencia_infra","twitter_site":"@agencia_infra","twitter_misc":{"Escrito por":"Rodrigo Zuquim","Est. tempo de leitura":"6 minutos"},"schema":{"@context":"https:\/\/schema.org","@graph":[{"@type":"Article","@id":"https:\/\/agenciainfra.com\/blog\/emprestimo-nao-garante-o-equilibrio-economico-para-a-distribuicao-diz-presidente-da-abradee\/#article","isPartOf":{"@id":"https:\/\/agenciainfra.com\/blog\/emprestimo-nao-garante-o-equilibrio-economico-para-a-distribuicao-diz-presidente-da-abradee\/"},"author":{"name":"Rodrigo Zuquim","@id":"https:\/\/agenciainfra.com\/blog\/#\/schema\/person\/04dbb79bd6d8951f063da71f3e4c1eb1"},"headline":"Empr\u00e9stimo n\u00e3o garante o equil\u00edbrio econ\u00f4mico para a distribui\u00e7\u00e3o, diz presidente da Abradee","datePublished":"2020-06-27T11:00:00+00:00","mainEntityOfPage":{"@id":"https:\/\/agenciainfra.com\/blog\/emprestimo-nao-garante-o-equilibrio-economico-para-a-distribuicao-diz-presidente-da-abradee\/"},"wordCount":1176,"publisher":{"@id":"https:\/\/agenciainfra.com\/blog\/#organization"},"image":{"@id":"https:\/\/agenciainfra.com\/blog\/emprestimo-nao-garante-o-equilibrio-economico-para-a-distribuicao-diz-presidente-da-abradee\/#primaryimage"},"thumbnailUrl":"https:\/\/agenciainfra.com\/blog\/wp-content\/uploads\/2020\/06\/marcos-madureira-abradee-geraldo-magela-agencia-senado.jpg","keywords":["Abradee","Andr\u00e9 Pepitone","ANEEL","Conta-Covid","Decreto 10.350","distribui\u00e7\u00e3o","equil\u00edbrio econ\u00f4mico-financeiro","Marcos Madureira","MP 950","Resolu\u00e7\u00e3o 878","Revis\u00e3o Tarif\u00e1ria Extraordin\u00e1ria","RTE","Setor El\u00e9trico"],"articleSection":["Geral","iNFRAEnergia"],"inLanguage":"pt-BR","copyrightYear":"2020","copyrightHolder":{"@id":"https:\/\/agenciainfra.com\/blog\/#organization"}},{"@type":"WebPage","@id":"https:\/\/agenciainfra.com\/blog\/emprestimo-nao-garante-o-equilibrio-economico-para-a-distribuicao-diz-presidente-da-abradee\/","url":"https:\/\/agenciainfra.com\/blog\/emprestimo-nao-garante-o-equilibrio-economico-para-a-distribuicao-diz-presidente-da-abradee\/","name":"Empr\u00e9stimo n\u00e3o garante o equil\u00edbrio econ\u00f4mico para a distribui\u00e7\u00e3o, diz presidente da Abradee - Ag\u00eancia iNFRA","isPartOf":{"@id":"https:\/\/agenciainfra.com\/blog\/#website"},"primaryImageOfPage":{"@id":"https:\/\/agenciainfra.com\/blog\/emprestimo-nao-garante-o-equilibrio-economico-para-a-distribuicao-diz-presidente-da-abradee\/#primaryimage"},"image":{"@id":"https:\/\/agenciainfra.com\/blog\/emprestimo-nao-garante-o-equilibrio-economico-para-a-distribuicao-diz-presidente-da-abradee\/#primaryimage"},"thumbnailUrl":"https:\/\/agenciainfra.com\/blog\/wp-content\/uploads\/2020\/06\/marcos-madureira-abradee-geraldo-magela-agencia-senado.jpg","datePublished":"2020-06-27T11:00:00+00:00","breadcrumb":{"@id":"https:\/\/agenciainfra.com\/blog\/emprestimo-nao-garante-o-equilibrio-economico-para-a-distribuicao-diz-presidente-da-abradee\/#breadcrumb"},"inLanguage":"pt-BR","potentialAction":[{"@type":"ReadAction","target":["https:\/\/agenciainfra.com\/blog\/emprestimo-nao-garante-o-equilibrio-economico-para-a-distribuicao-diz-presidente-da-abradee\/"]}]},{"@type":"ImageObject","inLanguage":"pt-BR","@id":"https:\/\/agenciainfra.com\/blog\/emprestimo-nao-garante-o-equilibrio-economico-para-a-distribuicao-diz-presidente-da-abradee\/#primaryimage","url":"https:\/\/agenciainfra.com\/blog\/wp-content\/uploads\/2020\/06\/marcos-madureira-abradee-geraldo-magela-agencia-senado.jpg","contentUrl":"https:\/\/agenciainfra.com\/blog\/wp-content\/uploads\/2020\/06\/marcos-madureira-abradee-geraldo-magela-agencia-senado.jpg","width":1280,"height":853},{"@type":"BreadcrumbList","@id":"https:\/\/agenciainfra.com\/blog\/emprestimo-nao-garante-o-equilibrio-economico-para-a-distribuicao-diz-presidente-da-abradee\/#breadcrumb","itemListElement":[{"@type":"ListItem","position":1,"name":"In\u00edcio","item":"https:\/\/agenciainfra.com\/blog\/"},{"@type":"ListItem","position":2,"name":"Empr\u00e9stimo n\u00e3o garante o equil\u00edbrio econ\u00f4mico para a distribui\u00e7\u00e3o, diz presidente da Abradee"}]},{"@type":"WebSite","@id":"https:\/\/agenciainfra.com\/blog\/#website","url":"https:\/\/agenciainfra.com\/blog\/","name":"Ag\u00eancia iNFRA","description":"Multiplataforma de informa\u00e7\u00e3o jornal\u00edstica refer\u00eancia na \u00e1rea de infraestrutura no Brasil!","publisher":{"@id":"https:\/\/agenciainfra.com\/blog\/#organization"},"potentialAction":[{"@type":"SearchAction","target":{"@type":"EntryPoint","urlTemplate":"https:\/\/agenciainfra.com\/blog\/?s={search_term_string}"},"query-input":{"@type":"PropertyValueSpecification","valueRequired":true,"valueName":"search_term_string"}}],"inLanguage":"pt-BR"},{"@type":"Organization","@id":"https:\/\/agenciainfra.com\/blog\/#organization","name":"Ag\u00eancia iNFRA","url":"https:\/\/agenciainfra.com\/blog\/","logo":{"@type":"ImageObject","inLanguage":"pt-BR","@id":"https:\/\/agenciainfra.com\/blog\/#\/schema\/logo\/image\/","url":"https:\/\/agenciainfra.com\/blog\/wp-content\/uploads\/2023\/09\/iNFRA_5-e1761735885940.png","contentUrl":"https:\/\/agenciainfra.com\/blog\/wp-content\/uploads\/2023\/09\/iNFRA_5-e1761735885940.png","width":1672,"height":454,"caption":"Ag\u00eancia iNFRA"},"image":{"@id":"https:\/\/agenciainfra.com\/blog\/#\/schema\/logo\/image\/"},"sameAs":["https:\/\/www.facebook.com\/ageninfra","https:\/\/x.com\/agencia_infra","https:\/\/www.linkedin.com\/company\/ag\u00eanciainfra\/","https:\/\/www.instagram.com\/agenciainfra\/"]},{"@type":"Person","@id":"https:\/\/agenciainfra.com\/blog\/#\/schema\/person\/04dbb79bd6d8951f063da71f3e4c1eb1","name":"Rodrigo Zuquim","image":{"@type":"ImageObject","inLanguage":"pt-BR","@id":"https:\/\/agenciainfra.com\/blog\/#\/schema\/person\/image\/","url":"https:\/\/secure.gravatar.com\/avatar\/594abfe82761d620726242ff34ca472a705a4b97f16c790053a6b4c4035274d0?s=96&d=mm&r=g","contentUrl":"https:\/\/secure.gravatar.com\/avatar\/594abfe82761d620726242ff34ca472a705a4b97f16c790053a6b4c4035274d0?s=96&d=mm&r=g","caption":"Rodrigo Zuquim"},"url":"https:\/\/agenciainfra.com\/blog\/author\/rodrigo-zuquim\/"}]}},"_links":{"self":[{"href":"https:\/\/agenciainfra.com\/blog\/wp-json\/wp\/v2\/posts\/5261","targetHints":{"allow":["GET"]}}],"collection":[{"href":"https:\/\/agenciainfra.com\/blog\/wp-json\/wp\/v2\/posts"}],"about":[{"href":"https:\/\/agenciainfra.com\/blog\/wp-json\/wp\/v2\/types\/post"}],"author":[{"embeddable":true,"href":"https:\/\/agenciainfra.com\/blog\/wp-json\/wp\/v2\/users\/9"}],"replies":[{"embeddable":true,"href":"https:\/\/agenciainfra.com\/blog\/wp-json\/wp\/v2\/comments?post=5261"}],"version-history":[{"count":0,"href":"https:\/\/agenciainfra.com\/blog\/wp-json\/wp\/v2\/posts\/5261\/revisions"}],"wp:featuredmedia":[{"embeddable":true,"href":"https:\/\/agenciainfra.com\/blog\/wp-json\/wp\/v2\/media\/5262"}],"wp:attachment":[{"href":"https:\/\/agenciainfra.com\/blog\/wp-json\/wp\/v2\/media?parent=5261"}],"wp:term":[{"taxonomy":"category","embeddable":true,"href":"https:\/\/agenciainfra.com\/blog\/wp-json\/wp\/v2\/categories?post=5261"},{"taxonomy":"post_tag","embeddable":true,"href":"https:\/\/agenciainfra.com\/blog\/wp-json\/wp\/v2\/tags?post=5261"}],"curies":[{"name":"wp","href":"https:\/\/api.w.org\/{rel}","templated":true}]}}