{"id":5264,"date":"2020-06-28T08:00:41","date_gmt":"2020-06-28T11:00:41","guid":{"rendered":"https:\/\/www.agenciainfra.com\/blog\/?p=5264"},"modified":"2020-06-26T11:18:44","modified_gmt":"2020-06-26T14:18:44","slug":"ana-focara-em-normas-para-novos-contratos-de-programa-governanca-de-agencias-e-tarifas","status":"publish","type":"post","link":"https:\/\/agenciainfra.com\/blog\/ana-focara-em-normas-para-novos-contratos-de-programa-governanca-de-agencias-e-tarifas\/","title":{"rendered":"Saneamento: ANA focar\u00e1 em normas para novos contratos de programa, governan\u00e7a de ag\u00eancias e tarifas"},"content":{"rendered":"\n<hr class=\"wp-block-separator\"\/>\n\n\n\n<p class=\"has-text-align-right\"><strong>Dimmi Amora e Tales Silveira, da\u00a0Ag\u00eancia iNFRA<\/strong><\/p>\n\n\n\n<p>Grupo de trabalho criado pela ANA (Ag\u00eancia Nacional de \u00c1guas) para adaptar a ag\u00eancia \u00e0s suas novas atribui\u00e7\u00f5es de reguladora de refer\u00eancia do saneamento j\u00e1 identificou as propostas que devem ter prioridade da ag\u00eancia: os modelos de novos contratos de programa, normas de governan\u00e7a das ag\u00eancia subnacionais e regras para as tarifas dos contratos<\/p>\n\n\n\n<p>\u00c9 o que afirmou Carlos Motta, superintendente adjunto da ag\u00eancia e coordenador do grupo, que trabalha na ag\u00eancia desde o in\u00edcio de 2019 para adapt\u00e1-la \u00e0s suas novas fun\u00e7\u00f5es definidas no novo Marco Legal do Saneamento, aprovado pelo Congresso nesta semana. Ele lembrou que o trabalho come\u00e7ou na edi\u00e7\u00e3o da \u00faltima medida provis\u00f3ria sobre o tema, que acabou caducando.<\/p>\n\n\n\n<p>&#8220;Elaborar uma norma, mesmo de refer\u00eancia, \u00e9 um caminho longo&#8221;, lembrou Motta citando a necessidade de estudos, AIR (An\u00e1lise de Impacto Regulat\u00f3rio), audi\u00eancias p\u00fablicas, entre outros atos.<\/p>\n\n\n\n<p>Segundo Motta, o grupo come\u00e7ou o trabalho fazendo uma rodada de conversas com agentes p\u00fablicos e privados que trabalham&nbsp;no saneamento para identificar o que era mais urgente normatizar. O tema quase un\u00e2nime, segundo o coordenador, foi a governan\u00e7a das ag\u00eancias subnacionais.<\/p>\n\n\n\n<p>A ideia apresentada \u00e9 tentar chegar a uma proposta que seja na linha da Lei das Ag\u00eancias, aprovada no ano passado, que valha tamb\u00e9m para as ag\u00eancias locais, para dar a elas mais autonomia e proporcionar seguran\u00e7a aos investimentos. Segundo ele, esse foi um pedido tanto de regulados quanto de reguladores.<\/p>\n\n\n\n<p>De acordo com Motta, outro tema que apareceu fortemente foi a regula\u00e7\u00e3o das tarifas. Segundo ele, apesar de haver diferen\u00e7as entre a MP e a lei aprovada pelos parlamentares nesta semana, esses temas devem voltar na nova rodada de conversas que ser\u00e1 feita com os atores sobre a lei aprovada, para ver quais s\u00e3o as prioridades agora.<\/p>\n\n\n\n<p>&#8220;O ideal \u00e9 sempre tentar fazer passo a passo as mudan\u00e7as dentro de um plano, mas algumas vezes a realidade nos imp\u00f5e pular etapas&#8221;, lembrou Motta.<\/p>\n\n\n\n<p>Segundo ele, uma das etapas a ser puladas ser\u00e1 a de elaborar as normas que dar\u00e3o as diretrizes para as renova\u00e7\u00f5es de contratos de programa. A lei permitiu que at\u00e9 o fim de 2022 os contratos atuais podem ser renovados, contanto que cumpram as novas regras.<\/p>\n\n\n\n<p>A ideia, de acordo com Motta, \u00e9 dar aos contratos de programa (que s\u00e3o feitos entre munic\u00edpios e estatais) normas que o coloquem mais pr\u00f3ximo dos contratos de concess\u00e3o (feitos com empresas privadas), com metas e indicadores de desempenho a serem cobrados.<\/p>\n\n\n\n<p><strong>A\u00e7\u00f5es internas<\/strong><br>Motta afirmou ainda que o grupo de trabalho tamb\u00e9m trabalhou em plano a ser apresentado para a diretoria da ANA sobre a adapta\u00e7\u00e3o da ag\u00eancia para suas novas atribui\u00e7\u00f5es, seja em rela\u00e7\u00e3o a suas normas internas, seja em rela\u00e7\u00e3o a qualifica\u00e7\u00e3o e n\u00famero de pessoas para as novas fun\u00e7\u00f5es.<\/p>\n\n\n\n<p>O coordenador lembrou que, ainda em 2016, no in\u00edcio das conversas sobre a nova lei, houve a ideia de criar uma ag\u00eancia nova e ela foi descartada pelo fato de que haveria um longo ciclo at\u00e9 que uma nova ag\u00eancia pudesse ser operacional.<\/p>\n\n\n\n<p>Pela rela\u00e7\u00e3o com o setor, a ANA foi escolhida&nbsp;e agora est\u00e1 se planejando para receber as novas atribui\u00e7\u00f5es. Motta afirmou que o planejamento \u00e9 ter uma equipe de cerca de 50 pessoas para trabalhar no setor.<\/p>\n\n\n\n<p>A pr\u00f3pria lei j\u00e1 previu que cerca de 40 pessoas possam vir para a ag\u00eancia em um chamamento interno de servidores federais, que j\u00e1 foi realizado. Haver\u00e1 ainda um chamamento de pessoas da ag\u00eancia.&nbsp;Esse grupo ter\u00e1 26 cargos de confian\u00e7a, que foram criados no projeto, para poder hierarquizar o time, sendo que apenas quatro cargos s\u00e3o de livre nomea\u00e7\u00e3o. Motta lembrou que o trabalho j\u00e1 pode come\u00e7ar logo que a lei seja sancionada. Mas n\u00e3o \u00e9 simples:<\/p>\n\n\n\n<p>&#8220;Se solto uma norma hoje, tenho que dar pelo menos de seis meses a um ano para as ag\u00eancias se adaptarem. E elas ter\u00e3o que dar outro prazo parecido para os entes regulados&#8221;, disse Motta.<\/p>\n","protected":false},"excerpt":{"rendered":"<p>Dimmi Amora e Tales Silveira, da\u00a0Ag\u00eancia iNFRA Grupo de trabalho criado pela ANA (Ag\u00eancia Nacional de \u00c1guas) para adaptar a ag\u00eancia \u00e0s suas novas atribui\u00e7\u00f5es de reguladora de refer\u00eancia do saneamento j\u00e1 identificou as propostas que devem ter prioridade da ag\u00eancia: os modelos de novos contratos de programa, normas de governan\u00e7a das ag\u00eancia subnacionais e [&hellip;]<\/p>\n","protected":false},"author":9,"featured_media":5265,"comment_status":"closed","ping_status":"closed","sticky":false,"template":"","format":"standard","meta":{"_monsterinsights_skip_tracking":false,"_monsterinsights_sitenote_active":false,"_monsterinsights_sitenote_note":"","_monsterinsights_sitenote_category":0,"footnotes":""},"categories":[1,7],"tags":[763,77,2202,1352,179],"class_list":["post-5264","post","type-post","status-publish","format-standard","has-post-thumbnail","hentry","category-geral","category-infratransporte","tag-agencia-nacional-de-aguas","tag-ana","tag-carlos-motta","tag-marco-legal-do-saneamento-basico","tag-saneamento"],"yoast_head":"<!-- This site is optimized with the Yoast SEO Premium plugin v25.4 (Yoast SEO v26.0) - https:\/\/yoast.com\/wordpress\/plugins\/seo\/ -->\n<title>Saneamento: ANA focar\u00e1 em normas para novos contratos de programa, governan\u00e7a de ag\u00eancias e tarifas - Ag\u00eancia iNFRA<\/title>\n<meta name=\"robots\" content=\"index, follow, max-snippet:-1, max-image-preview:large, max-video-preview:-1\" \/>\n<link rel=\"canonical\" href=\"https:\/\/agenciainfra.com\/blog\/ana-focara-em-normas-para-novos-contratos-de-programa-governanca-de-agencias-e-tarifas\/\" \/>\n<meta property=\"og:locale\" content=\"pt_BR\" \/>\n<meta property=\"og:type\" content=\"article\" \/>\n<meta property=\"og:title\" content=\"Saneamento: ANA focar\u00e1 em normas para novos contratos de programa, governan\u00e7a de ag\u00eancias e tarifas\" \/>\n<meta property=\"og:description\" content=\"Dimmi Amora e Tales Silveira, da\u00a0Ag\u00eancia iNFRA Grupo de trabalho criado pela ANA (Ag\u00eancia Nacional de \u00c1guas) para adaptar a ag\u00eancia \u00e0s suas novas atribui\u00e7\u00f5es de reguladora de refer\u00eancia do saneamento j\u00e1 identificou as propostas que devem ter prioridade da ag\u00eancia: os modelos de novos contratos de programa, normas de governan\u00e7a das ag\u00eancia subnacionais e [&hellip;]\" \/>\n<meta property=\"og:url\" content=\"https:\/\/agenciainfra.com\/blog\/ana-focara-em-normas-para-novos-contratos-de-programa-governanca-de-agencias-e-tarifas\/\" \/>\n<meta property=\"og:site_name\" content=\"Ag\u00eancia iNFRA\" \/>\n<meta property=\"article:publisher\" content=\"https:\/\/www.facebook.com\/ageninfra\" \/>\n<meta property=\"article:published_time\" content=\"2020-06-28T11:00:41+00:00\" \/>\n<meta property=\"og:image\" content=\"https:\/\/agenciainfra.com\/blog\/wp-content\/uploads\/2020\/06\/sede-ana-foto-raylton-alves-ana.jpeg\" \/>\n\t<meta property=\"og:image:width\" content=\"1280\" \/>\n\t<meta property=\"og:image:height\" content=\"853\" \/>\n\t<meta property=\"og:image:type\" content=\"image\/jpeg\" \/>\n<meta name=\"author\" content=\"Rodrigo Zuquim\" \/>\n<meta name=\"twitter:card\" content=\"summary_large_image\" \/>\n<meta name=\"twitter:creator\" content=\"@agencia_infra\" \/>\n<meta name=\"twitter:site\" content=\"@agencia_infra\" \/>\n<meta name=\"twitter:label1\" content=\"Escrito por\" \/>\n\t<meta name=\"twitter:data1\" content=\"Rodrigo Zuquim\" \/>\n\t<meta name=\"twitter:label2\" content=\"Est. tempo de leitura\" \/>\n\t<meta name=\"twitter:data2\" content=\"4 minutos\" \/>\n<script type=\"application\/ld+json\" class=\"yoast-schema-graph\">{\"@context\":\"https:\/\/schema.org\",\"@graph\":[{\"@type\":\"Article\",\"@id\":\"https:\/\/agenciainfra.com\/blog\/ana-focara-em-normas-para-novos-contratos-de-programa-governanca-de-agencias-e-tarifas\/#article\",\"isPartOf\":{\"@id\":\"https:\/\/agenciainfra.com\/blog\/ana-focara-em-normas-para-novos-contratos-de-programa-governanca-de-agencias-e-tarifas\/\"},\"author\":{\"name\":\"Rodrigo Zuquim\",\"@id\":\"https:\/\/agenciainfra.com\/blog\/#\/schema\/person\/04dbb79bd6d8951f063da71f3e4c1eb1\"},\"headline\":\"Saneamento: ANA focar\u00e1 em normas para novos contratos de programa, governan\u00e7a de ag\u00eancias e tarifas\",\"datePublished\":\"2020-06-28T11:00:41+00:00\",\"mainEntityOfPage\":{\"@id\":\"https:\/\/agenciainfra.com\/blog\/ana-focara-em-normas-para-novos-contratos-de-programa-governanca-de-agencias-e-tarifas\/\"},\"wordCount\":729,\"publisher\":{\"@id\":\"https:\/\/agenciainfra.com\/blog\/#organization\"},\"image\":{\"@id\":\"https:\/\/agenciainfra.com\/blog\/ana-focara-em-normas-para-novos-contratos-de-programa-governanca-de-agencias-e-tarifas\/#primaryimage\"},\"thumbnailUrl\":\"https:\/\/agenciainfra.com\/blog\/wp-content\/uploads\/2020\/06\/sede-ana-foto-raylton-alves-ana.jpeg\",\"keywords\":[\"Ag\u00eancia Nacional de \u00c1guas\",\"ANA\",\"Carlos Motta\",\"Marco Legal do Saneamento B\u00e1sico\",\"saneamento\"],\"articleSection\":[\"Geral\",\"iNFRATransporte\"],\"inLanguage\":\"pt-BR\",\"copyrightYear\":\"2020\",\"copyrightHolder\":{\"@id\":\"https:\/\/agenciainfra.com\/blog\/#organization\"}},{\"@type\":\"WebPage\",\"@id\":\"https:\/\/agenciainfra.com\/blog\/ana-focara-em-normas-para-novos-contratos-de-programa-governanca-de-agencias-e-tarifas\/\",\"url\":\"https:\/\/agenciainfra.com\/blog\/ana-focara-em-normas-para-novos-contratos-de-programa-governanca-de-agencias-e-tarifas\/\",\"name\":\"Saneamento: ANA focar\u00e1 em normas para novos contratos de programa, governan\u00e7a de ag\u00eancias e tarifas - Ag\u00eancia iNFRA\",\"isPartOf\":{\"@id\":\"https:\/\/agenciainfra.com\/blog\/#website\"},\"primaryImageOfPage\":{\"@id\":\"https:\/\/agenciainfra.com\/blog\/ana-focara-em-normas-para-novos-contratos-de-programa-governanca-de-agencias-e-tarifas\/#primaryimage\"},\"image\":{\"@id\":\"https:\/\/agenciainfra.com\/blog\/ana-focara-em-normas-para-novos-contratos-de-programa-governanca-de-agencias-e-tarifas\/#primaryimage\"},\"thumbnailUrl\":\"https:\/\/agenciainfra.com\/blog\/wp-content\/uploads\/2020\/06\/sede-ana-foto-raylton-alves-ana.jpeg\",\"datePublished\":\"2020-06-28T11:00:41+00:00\",\"breadcrumb\":{\"@id\":\"https:\/\/agenciainfra.com\/blog\/ana-focara-em-normas-para-novos-contratos-de-programa-governanca-de-agencias-e-tarifas\/#breadcrumb\"},\"inLanguage\":\"pt-BR\",\"potentialAction\":[{\"@type\":\"ReadAction\",\"target\":[\"https:\/\/agenciainfra.com\/blog\/ana-focara-em-normas-para-novos-contratos-de-programa-governanca-de-agencias-e-tarifas\/\"]}]},{\"@type\":\"ImageObject\",\"inLanguage\":\"pt-BR\",\"@id\":\"https:\/\/agenciainfra.com\/blog\/ana-focara-em-normas-para-novos-contratos-de-programa-governanca-de-agencias-e-tarifas\/#primaryimage\",\"url\":\"https:\/\/agenciainfra.com\/blog\/wp-content\/uploads\/2020\/06\/sede-ana-foto-raylton-alves-ana.jpeg\",\"contentUrl\":\"https:\/\/agenciainfra.com\/blog\/wp-content\/uploads\/2020\/06\/sede-ana-foto-raylton-alves-ana.jpeg\",\"width\":1280,\"height\":853,\"caption\":\"Foto: Raylton Alves\/ANA\"},{\"@type\":\"BreadcrumbList\",\"@id\":\"https:\/\/agenciainfra.com\/blog\/ana-focara-em-normas-para-novos-contratos-de-programa-governanca-de-agencias-e-tarifas\/#breadcrumb\",\"itemListElement\":[{\"@type\":\"ListItem\",\"position\":1,\"name\":\"In\u00edcio\",\"item\":\"https:\/\/agenciainfra.com\/blog\/\"},{\"@type\":\"ListItem\",\"position\":2,\"name\":\"Saneamento: ANA focar\u00e1 em normas para novos contratos de programa, governan\u00e7a de ag\u00eancias e tarifas\"}]},{\"@type\":\"WebSite\",\"@id\":\"https:\/\/agenciainfra.com\/blog\/#website\",\"url\":\"https:\/\/agenciainfra.com\/blog\/\",\"name\":\"Ag\u00eancia iNFRA\",\"description\":\"Multiplataforma de informa\u00e7\u00e3o jornal\u00edstica refer\u00eancia na \u00e1rea de infraestrutura no Brasil!\",\"publisher\":{\"@id\":\"https:\/\/agenciainfra.com\/blog\/#organization\"},\"potentialAction\":[{\"@type\":\"SearchAction\",\"target\":{\"@type\":\"EntryPoint\",\"urlTemplate\":\"https:\/\/agenciainfra.com\/blog\/?s={search_term_string}\"},\"query-input\":{\"@type\":\"PropertyValueSpecification\",\"valueRequired\":true,\"valueName\":\"search_term_string\"}}],\"inLanguage\":\"pt-BR\"},{\"@type\":\"Organization\",\"@id\":\"https:\/\/agenciainfra.com\/blog\/#organization\",\"name\":\"Ag\u00eancia iNFRA\",\"url\":\"https:\/\/agenciainfra.com\/blog\/\",\"logo\":{\"@type\":\"ImageObject\",\"inLanguage\":\"pt-BR\",\"@id\":\"https:\/\/agenciainfra.com\/blog\/#\/schema\/logo\/image\/\",\"url\":\"https:\/\/agenciainfra.com\/blog\/wp-content\/uploads\/2023\/09\/iNFRA_5-e1761735885940.png\",\"contentUrl\":\"https:\/\/agenciainfra.com\/blog\/wp-content\/uploads\/2023\/09\/iNFRA_5-e1761735885940.png\",\"width\":1672,\"height\":454,\"caption\":\"Ag\u00eancia iNFRA\"},\"image\":{\"@id\":\"https:\/\/agenciainfra.com\/blog\/#\/schema\/logo\/image\/\"},\"sameAs\":[\"https:\/\/www.facebook.com\/ageninfra\",\"https:\/\/x.com\/agencia_infra\",\"https:\/\/www.linkedin.com\/company\/ag\u00eanciainfra\/\",\"https:\/\/www.instagram.com\/agenciainfra\/\"]},{\"@type\":\"Person\",\"@id\":\"https:\/\/agenciainfra.com\/blog\/#\/schema\/person\/04dbb79bd6d8951f063da71f3e4c1eb1\",\"name\":\"Rodrigo Zuquim\",\"image\":{\"@type\":\"ImageObject\",\"inLanguage\":\"pt-BR\",\"@id\":\"https:\/\/agenciainfra.com\/blog\/#\/schema\/person\/image\/\",\"url\":\"https:\/\/secure.gravatar.com\/avatar\/594abfe82761d620726242ff34ca472a705a4b97f16c790053a6b4c4035274d0?s=96&d=mm&r=g\",\"contentUrl\":\"https:\/\/secure.gravatar.com\/avatar\/594abfe82761d620726242ff34ca472a705a4b97f16c790053a6b4c4035274d0?s=96&d=mm&r=g\",\"caption\":\"Rodrigo Zuquim\"},\"url\":\"https:\/\/agenciainfra.com\/blog\/author\/rodrigo-zuquim\/\"}]}<\/script>\n<!-- \/ Yoast SEO Premium plugin. -->","yoast_head_json":{"title":"Saneamento: ANA focar\u00e1 em normas para novos contratos de programa, governan\u00e7a de ag\u00eancias e tarifas - Ag\u00eancia iNFRA","robots":{"index":"index","follow":"follow","max-snippet":"max-snippet:-1","max-image-preview":"max-image-preview:large","max-video-preview":"max-video-preview:-1"},"canonical":"https:\/\/agenciainfra.com\/blog\/ana-focara-em-normas-para-novos-contratos-de-programa-governanca-de-agencias-e-tarifas\/","og_locale":"pt_BR","og_type":"article","og_title":"Saneamento: ANA focar\u00e1 em normas para novos contratos de programa, governan\u00e7a de ag\u00eancias e tarifas","og_description":"Dimmi Amora e Tales Silveira, da\u00a0Ag\u00eancia iNFRA Grupo de trabalho criado pela ANA (Ag\u00eancia Nacional de \u00c1guas) para adaptar a ag\u00eancia \u00e0s suas novas atribui\u00e7\u00f5es de reguladora de refer\u00eancia do saneamento j\u00e1 identificou as propostas que devem ter prioridade da ag\u00eancia: os modelos de novos contratos de programa, normas de governan\u00e7a das ag\u00eancia subnacionais e [&hellip;]","og_url":"https:\/\/agenciainfra.com\/blog\/ana-focara-em-normas-para-novos-contratos-de-programa-governanca-de-agencias-e-tarifas\/","og_site_name":"Ag\u00eancia iNFRA","article_publisher":"https:\/\/www.facebook.com\/ageninfra","article_published_time":"2020-06-28T11:00:41+00:00","og_image":[{"width":1280,"height":853,"url":"https:\/\/agenciainfra.com\/blog\/wp-content\/uploads\/2020\/06\/sede-ana-foto-raylton-alves-ana.jpeg","type":"image\/jpeg"}],"author":"Rodrigo Zuquim","twitter_card":"summary_large_image","twitter_creator":"@agencia_infra","twitter_site":"@agencia_infra","twitter_misc":{"Escrito por":"Rodrigo Zuquim","Est. tempo de leitura":"4 minutos"},"schema":{"@context":"https:\/\/schema.org","@graph":[{"@type":"Article","@id":"https:\/\/agenciainfra.com\/blog\/ana-focara-em-normas-para-novos-contratos-de-programa-governanca-de-agencias-e-tarifas\/#article","isPartOf":{"@id":"https:\/\/agenciainfra.com\/blog\/ana-focara-em-normas-para-novos-contratos-de-programa-governanca-de-agencias-e-tarifas\/"},"author":{"name":"Rodrigo Zuquim","@id":"https:\/\/agenciainfra.com\/blog\/#\/schema\/person\/04dbb79bd6d8951f063da71f3e4c1eb1"},"headline":"Saneamento: ANA focar\u00e1 em normas para novos contratos de programa, governan\u00e7a de ag\u00eancias e tarifas","datePublished":"2020-06-28T11:00:41+00:00","mainEntityOfPage":{"@id":"https:\/\/agenciainfra.com\/blog\/ana-focara-em-normas-para-novos-contratos-de-programa-governanca-de-agencias-e-tarifas\/"},"wordCount":729,"publisher":{"@id":"https:\/\/agenciainfra.com\/blog\/#organization"},"image":{"@id":"https:\/\/agenciainfra.com\/blog\/ana-focara-em-normas-para-novos-contratos-de-programa-governanca-de-agencias-e-tarifas\/#primaryimage"},"thumbnailUrl":"https:\/\/agenciainfra.com\/blog\/wp-content\/uploads\/2020\/06\/sede-ana-foto-raylton-alves-ana.jpeg","keywords":["Ag\u00eancia Nacional de \u00c1guas","ANA","Carlos Motta","Marco Legal do Saneamento B\u00e1sico","saneamento"],"articleSection":["Geral","iNFRATransporte"],"inLanguage":"pt-BR","copyrightYear":"2020","copyrightHolder":{"@id":"https:\/\/agenciainfra.com\/blog\/#organization"}},{"@type":"WebPage","@id":"https:\/\/agenciainfra.com\/blog\/ana-focara-em-normas-para-novos-contratos-de-programa-governanca-de-agencias-e-tarifas\/","url":"https:\/\/agenciainfra.com\/blog\/ana-focara-em-normas-para-novos-contratos-de-programa-governanca-de-agencias-e-tarifas\/","name":"Saneamento: ANA focar\u00e1 em normas para novos contratos de programa, governan\u00e7a de ag\u00eancias e tarifas - Ag\u00eancia iNFRA","isPartOf":{"@id":"https:\/\/agenciainfra.com\/blog\/#website"},"primaryImageOfPage":{"@id":"https:\/\/agenciainfra.com\/blog\/ana-focara-em-normas-para-novos-contratos-de-programa-governanca-de-agencias-e-tarifas\/#primaryimage"},"image":{"@id":"https:\/\/agenciainfra.com\/blog\/ana-focara-em-normas-para-novos-contratos-de-programa-governanca-de-agencias-e-tarifas\/#primaryimage"},"thumbnailUrl":"https:\/\/agenciainfra.com\/blog\/wp-content\/uploads\/2020\/06\/sede-ana-foto-raylton-alves-ana.jpeg","datePublished":"2020-06-28T11:00:41+00:00","breadcrumb":{"@id":"https:\/\/agenciainfra.com\/blog\/ana-focara-em-normas-para-novos-contratos-de-programa-governanca-de-agencias-e-tarifas\/#breadcrumb"},"inLanguage":"pt-BR","potentialAction":[{"@type":"ReadAction","target":["https:\/\/agenciainfra.com\/blog\/ana-focara-em-normas-para-novos-contratos-de-programa-governanca-de-agencias-e-tarifas\/"]}]},{"@type":"ImageObject","inLanguage":"pt-BR","@id":"https:\/\/agenciainfra.com\/blog\/ana-focara-em-normas-para-novos-contratos-de-programa-governanca-de-agencias-e-tarifas\/#primaryimage","url":"https:\/\/agenciainfra.com\/blog\/wp-content\/uploads\/2020\/06\/sede-ana-foto-raylton-alves-ana.jpeg","contentUrl":"https:\/\/agenciainfra.com\/blog\/wp-content\/uploads\/2020\/06\/sede-ana-foto-raylton-alves-ana.jpeg","width":1280,"height":853,"caption":"Foto: Raylton Alves\/ANA"},{"@type":"BreadcrumbList","@id":"https:\/\/agenciainfra.com\/blog\/ana-focara-em-normas-para-novos-contratos-de-programa-governanca-de-agencias-e-tarifas\/#breadcrumb","itemListElement":[{"@type":"ListItem","position":1,"name":"In\u00edcio","item":"https:\/\/agenciainfra.com\/blog\/"},{"@type":"ListItem","position":2,"name":"Saneamento: ANA focar\u00e1 em normas para novos contratos de programa, governan\u00e7a de ag\u00eancias e tarifas"}]},{"@type":"WebSite","@id":"https:\/\/agenciainfra.com\/blog\/#website","url":"https:\/\/agenciainfra.com\/blog\/","name":"Ag\u00eancia iNFRA","description":"Multiplataforma de informa\u00e7\u00e3o jornal\u00edstica refer\u00eancia na \u00e1rea de infraestrutura no Brasil!","publisher":{"@id":"https:\/\/agenciainfra.com\/blog\/#organization"},"potentialAction":[{"@type":"SearchAction","target":{"@type":"EntryPoint","urlTemplate":"https:\/\/agenciainfra.com\/blog\/?s={search_term_string}"},"query-input":{"@type":"PropertyValueSpecification","valueRequired":true,"valueName":"search_term_string"}}],"inLanguage":"pt-BR"},{"@type":"Organization","@id":"https:\/\/agenciainfra.com\/blog\/#organization","name":"Ag\u00eancia iNFRA","url":"https:\/\/agenciainfra.com\/blog\/","logo":{"@type":"ImageObject","inLanguage":"pt-BR","@id":"https:\/\/agenciainfra.com\/blog\/#\/schema\/logo\/image\/","url":"https:\/\/agenciainfra.com\/blog\/wp-content\/uploads\/2023\/09\/iNFRA_5-e1761735885940.png","contentUrl":"https:\/\/agenciainfra.com\/blog\/wp-content\/uploads\/2023\/09\/iNFRA_5-e1761735885940.png","width":1672,"height":454,"caption":"Ag\u00eancia iNFRA"},"image":{"@id":"https:\/\/agenciainfra.com\/blog\/#\/schema\/logo\/image\/"},"sameAs":["https:\/\/www.facebook.com\/ageninfra","https:\/\/x.com\/agencia_infra","https:\/\/www.linkedin.com\/company\/ag\u00eanciainfra\/","https:\/\/www.instagram.com\/agenciainfra\/"]},{"@type":"Person","@id":"https:\/\/agenciainfra.com\/blog\/#\/schema\/person\/04dbb79bd6d8951f063da71f3e4c1eb1","name":"Rodrigo Zuquim","image":{"@type":"ImageObject","inLanguage":"pt-BR","@id":"https:\/\/agenciainfra.com\/blog\/#\/schema\/person\/image\/","url":"https:\/\/secure.gravatar.com\/avatar\/594abfe82761d620726242ff34ca472a705a4b97f16c790053a6b4c4035274d0?s=96&d=mm&r=g","contentUrl":"https:\/\/secure.gravatar.com\/avatar\/594abfe82761d620726242ff34ca472a705a4b97f16c790053a6b4c4035274d0?s=96&d=mm&r=g","caption":"Rodrigo Zuquim"},"url":"https:\/\/agenciainfra.com\/blog\/author\/rodrigo-zuquim\/"}]}},"_links":{"self":[{"href":"https:\/\/agenciainfra.com\/blog\/wp-json\/wp\/v2\/posts\/5264","targetHints":{"allow":["GET"]}}],"collection":[{"href":"https:\/\/agenciainfra.com\/blog\/wp-json\/wp\/v2\/posts"}],"about":[{"href":"https:\/\/agenciainfra.com\/blog\/wp-json\/wp\/v2\/types\/post"}],"author":[{"embeddable":true,"href":"https:\/\/agenciainfra.com\/blog\/wp-json\/wp\/v2\/users\/9"}],"replies":[{"embeddable":true,"href":"https:\/\/agenciainfra.com\/blog\/wp-json\/wp\/v2\/comments?post=5264"}],"version-history":[{"count":0,"href":"https:\/\/agenciainfra.com\/blog\/wp-json\/wp\/v2\/posts\/5264\/revisions"}],"wp:featuredmedia":[{"embeddable":true,"href":"https:\/\/agenciainfra.com\/blog\/wp-json\/wp\/v2\/media\/5265"}],"wp:attachment":[{"href":"https:\/\/agenciainfra.com\/blog\/wp-json\/wp\/v2\/media?parent=5264"}],"wp:term":[{"taxonomy":"category","embeddable":true,"href":"https:\/\/agenciainfra.com\/blog\/wp-json\/wp\/v2\/categories?post=5264"},{"taxonomy":"post_tag","embeddable":true,"href":"https:\/\/agenciainfra.com\/blog\/wp-json\/wp\/v2\/tags?post=5264"}],"curies":[{"name":"wp","href":"https:\/\/api.w.org\/{rel}","templated":true}]}}