{"id":5280,"date":"2020-06-30T08:00:00","date_gmt":"2020-06-30T11:00:00","guid":{"rendered":"https:\/\/www.agenciainfra.com\/blog\/?p=5280"},"modified":"2020-07-01T10:25:05","modified_gmt":"2020-07-01T13:25:05","slug":"geradores-querem-rever-contratos-de-maneira-retroativa-por-covid-afirma-presidente-da-abeeolica","status":"publish","type":"post","link":"https:\/\/agenciainfra.com\/blog\/geradores-querem-rever-contratos-de-maneira-retroativa-por-covid-afirma-presidente-da-abeeolica\/","title":{"rendered":"Geradores querem rever contratos de maneira retroativa por Covid, afirma presidente da Abee\u00f3lica"},"content":{"rendered":"\n<hr class=\"wp-block-separator\"\/>\n\n\n\n<p class=\"has-text-align-right\"><strong>&nbsp;Guilherme Mendes, da Ag\u00eancia iNFRA<\/strong><\/p>\n\n\n\n<p>Aos geradores de energia e\u00f3lica interessa reduzir os contratos de comercializa\u00e7\u00e3o de energia el\u00e9trica de maneira retroativa, por conta da queda da carga gerada pela pandemia do novo coronav\u00edrus. A an\u00e1lise \u00e9 da presidente-executiva da Abee\u00f3lica (Associa\u00e7\u00e3o Brasileira de Energia E\u00f3lica), Elbia Gannoum.<br><br>Para a\u00a0<strong>Ag\u00eancia iNFRA<\/strong>, Elbia explicou que a renegocia\u00e7\u00e3o de contratos, incentivada ap\u00f3s a publica\u00e7\u00e3o da chamada &#8220;<a rel=\"noreferrer noopener\" href=\"https:\/\/agenciainfra.us14.list-manage.com\/track\/click?u=d460dd1bcf9ba0ae040e1fc0f&amp;id=2d8bc24bd0&amp;e=c099169394\" target=\"_blank\">Conta-Covid<\/a>&#8220;, pode se apresentar como uma solu\u00e7\u00e3o positiva aos dois lados.\u00a0&#8220;Alguns geradores e\u00f3licos que tiveram gera\u00e7\u00e3o baixa nesse per\u00edodo est\u00e3o conversando com a ANEEL [Ag\u00eancia Nacional de Energia El\u00e9trica] e distribuidora para reduzir contratos por tr\u00eas meses, para ajudar a Conta-Covid&#8221;, afirmou. &#8220;Se o gerador propor a redu\u00e7\u00e3o de contrato por tr\u00eas meses, pode se apresentar como uma solu\u00e7\u00e3o.&#8221;<br><br>E esta solu\u00e7\u00e3o se encaixaria, retroativa para tr\u00eas meses a partir de abril, em um per\u00edodo\u00a0de redu\u00e7\u00e3o hist\u00f3rica de carga para o sistema, simult\u00e2neo \u00e0 temporada de baixa gera\u00e7\u00e3o das e\u00f3licas, que dura at\u00e9 junho. Elbia tamb\u00e9m comentou as expectativas de crescimento para o setor ap\u00f3s a pandemia, assim como a competitividade da gera\u00e7\u00e3o renov\u00e1vel na matriz el\u00e9trica. A seguir, os principais trechos da entrevista:<\/p>\n\n\n\n<p><strong>Ag\u00eancia iNFRA &#8211; Este \u00e9 um segmento que era praticamente insignificante h\u00e1 20 anos, e hoje tem quase 17 GW da pot\u00eancia instalada do SIN. Como ele se comporta depois de um baque t\u00e3o forte como a pandemia?<br>Elbia Gannoum<\/strong>\u00a0&#8211; Haver\u00e1 um impacto estrutural na pot\u00eancia instalada, que durar\u00e1 de dois a tr\u00eas anos, que afetar\u00e1 contrata\u00e7\u00f5es que estou fazendo hoje. E vai trazer certa lentid\u00e3o, porque as ind\u00fastrias pararam. Mas tudo indica que o mercado livre est\u00e1 com determinado ritmo, houve contrata\u00e7\u00f5es [de energia] durante a pandemia. A\u00a0Covid traz uma desacelera\u00e7\u00e3o que ser\u00e1 recuperada num futuro muito pr\u00f3ximo.<br><br>Temos antes de separar conjuntura e estrutura. H\u00e1 pouco impacto de curt\u00edssimo prazo na ind\u00fastria e\u00f3lica brasileira \u2013 e \u00e9 uma ind\u00fastria, porque constru\u00edmos nos \u00faltimos 10 anos uma cadeia produtiva com 80% de nacionaliza\u00e7\u00e3o,\u00a0e que move alguns bilh\u00f5es de reais por ano.<br><br>\u00c9 uma ind\u00fastria que cresce em torno de 2 GW por ano. De outro lado, nossa m\u00e9dia de contrata\u00e7\u00e3o anual, desde 2009, \u00e9 tamb\u00e9m em torno de 2 GW ao ano, com a exce\u00e7\u00e3o de 2016, que foi zero, um ano ruim de conjuntura \u2013 mas em compensa\u00e7\u00e3o nos anos seguintes foi melhorando, e em 2019 foi 3 GW, passando a uma m\u00e9dia de 3,5 GW. E, a partir de 2018, passamos a vender mais no livre do que no regulado.<br><br>Em 2020, est\u00e1vamos vindo na mesma velocidade, esperando contratar de 2,5 a 3 GW no livre e pouco mais de 1 GW no regulado. Do ponto de vista de entrada de e\u00f3lica neste ano, a Covid n\u00e3o muda a m\u00e9dia que se tinha, pois o que estou construindo e entregando hoje \u00e9 porque eu estou entregando o que vendi em um leil\u00e3o A-4 ou A-5, ou no mercado livre que estou entregando\u00a0 \u2013 essas decis\u00f5es que tomei no passado n\u00e3o mudaram. Mas neste ano, o que ser\u00e1 contratado para os pr\u00f3ximos tr\u00eas, quatro ou cinco anos mudar\u00e1. A demanda das distribuidoras caiu em torno de 12% por conta da\u00a0Covid, e essa demanda vai se recuperar quando a gente sair dessa. Quando ela voltar a crescer, voltar\u00e1 a crescer em um ritmo lento.\u00a0<br><br><strong>Nessa retomada, as t\u00e9rmicas a g\u00e1s agiriam como complementares \u00e0s matrizes renov\u00e1veis? H\u00e1 esse espa\u00e7o ou a partir de agora h\u00e1 apenas espa\u00e7o para renov\u00e1vel?<\/strong><br>\u00c9 a quest\u00e3o mais discutida \u2013 e sobre a qual ainda n\u00e3o se tem uma resposta clara. A \u00fanica coisa que posso dizer \u00e9 que pessoas tradicionais, muito com aquele modelo hidrot\u00e9rmico em mente, j\u00e1 est\u00e3o dizendo que o Brasil n\u00e3o precisa\u00a0colocar mais t\u00e9rmicas no futuro. Eu, pessoalmente, n\u00e3o gosto de fazer esta afirma\u00e7\u00e3o por n\u00e3o ter elementos muito fortes<br><br>Operar o sistema, hoje, est\u00e1 muito mais complexo do que no passado, quando era apenas ligar\/desligar a t\u00e9rmica ou hidrel\u00e9trica. Lida-se com fontes intermitentes, e o resultado disso \u00e9 que o sistema precisa de flexibilidade, in\u00e9rcia e de pot\u00eancia. S\u00e3o requisitos que precisamos para operar um sistema deste tamanho como \u00e9 o SIN [Sistema Interligado Nacional].<br><br>Hoje h\u00e1 uma fonte vari\u00e1vel como a e\u00f3lica, s\u00f3 que se conhece o vento muito bem e, para surpresa de muitos, do ponto de vista anual, o vento \u00e9 muito mais previs\u00edvel do que a [matriz] h\u00eddrica. Prev\u00ea-se melhor vento do que chuva. O ONS [Operador Nacional do Sistema El\u00e9trico] precisar\u00e1 da t\u00e9rmica, mas j\u00e1 pode programar as t\u00e9rmicas a g\u00e1s que possuem acionamento com rampa, mais lento. O sistema ficou complexo, mas h\u00e1 ferramentas para operar o sistema. O que se diz \u00e9 que se tem t\u00e9rmica o suficiente ou reservat\u00f3rios o suficiente, e que talvez precisamos de pot\u00eancia, disponibilidade de gera\u00e7\u00e3o.<br><br><strong>Isso aponta para uma matriz mais renov\u00e1vel?<\/strong><br>Mais importante que discutir se a matriz ser\u00e1 mais ou menos renov\u00e1vel, \u00e9 a competitividade \u2013 e o Brasil \u00e9 praticamente o \u00fanico a se dar ao luxo dessa discuss\u00e3o, tendo tantos recursos para produzir energia, fontes renov\u00e1veis competindo entre si, e a t\u00e9rmica a g\u00e1s. E a fonte e\u00f3lica \u00e9 a fonte que puxar\u00e1 a expans\u00e3o, que vir\u00e1 em primeiro lugar. Vir\u00e1 solar, g\u00e1s, gera\u00e7\u00e3o distribu\u00edda, mas quem puxar\u00e1 essa fila no pr\u00f3ximo dec\u00eanio \u00e9 a e\u00f3lica e ponto.\u00a0<br><br><strong>Em termos de grandeza, esse percentual de quase 17 GW pode crescer para quanto?<\/strong><br>Hoje, em 2020, se tem com 16,4 GW da carga, o que representa 9,3% da matriz, sendo a segunda fonte de gera\u00e7\u00e3o da matriz. Subir esse n\u00famero de 10% para 15% pode demorar. Ent\u00e3o passar\u00e1 de quase 9,5% hoje para algo como 12% em 2024.<br><br>Isso depender\u00e1 de como outras fontes se reposicionam mas, em termos de gigawatts, no horizonte de dez anos, v\u00ea-se um crescimento da fonte e\u00f3lica de 3 GW a cada ano. At\u00e9 2029, segundo o \u00faltimo PDE (Plano Decenal de Expans\u00e3o de Energia), teremos 39,5 GW de capacidade instalada, sendo ainda a segunda fonte de gera\u00e7\u00e3o, e chegando a algo como 14% a 15% da matriz el\u00e9trica nacional.<br><br><strong>A CCEE apontou que houve uma diminui\u00e7\u00e3o da produ\u00e7\u00e3o e\u00f3lica neste m\u00eas de junho, fruto do que seriam chuvas at\u00edpicas no Nordeste. Como est\u00e1 a previs\u00e3o para a safra de ventos em 2020 e quais s\u00e3o as expectativas para a gera\u00e7\u00e3o?<\/strong>\u00a0<br>A e\u00f3lica atingiu o mais baixo n\u00edvel de gera\u00e7\u00e3o da hist\u00f3ria h\u00e1 tr\u00eas semanas. Mas a EPE [Empresa de Pesquisa Energ\u00e9tica] tamb\u00e9m diz que as e\u00f3licas diminu\u00edram a gera\u00e7\u00e3o, mas est\u00e3o dentro da m\u00e9dia prevista. Vento e chuva n\u00e3o est\u00e3o sempre juntos, ao contr\u00e1rio do que se pensa \u2013 o vento avisa que a chuva vir\u00e1, e enquanto h\u00e1 vento n\u00e3o h\u00e1 chuva e vice-versa. E isso \u00e9 bom, uma vez que nossa matriz \u00e9 de recursos renov\u00e1veis complementares entre si.\u00a0\u00a0<br><br>Aconteceu uma gera\u00e7\u00e3o menor em um ou dois dias, mas era previsto e estava na conta do setor. O setor possui ferramentas para fazer essa previs\u00e3o e \u00e9 isso que importa. E no dia 20 de junho, iniciando a safra dos ventos, batemos recorde de gera\u00e7\u00e3o. Ou seja: h\u00e1 um m\u00eas nunca t\u00ednhamos produzido t\u00e3o pouco, e um m\u00eas depois batemos o recorde de gera\u00e7\u00e3o ao entrar na safra.<br><br>A partir de agora essa gera\u00e7\u00e3o s\u00f3 aumenta. Chega um momento de pico, em setembro\/outubro, onde os reservat\u00f3rios est\u00e3o l\u00e1 embaixo, e o operador estaria arrancando os cabelos para atender o sistema, com a e\u00f3lica gerando muito e o Nordeste exportando energia para o Sudeste.\u00a0\u00a0<br><br><strong>Com a Covid, n\u00e3o houve necessidade de renegocia\u00e7\u00e3o de contratos com distribui\u00e7\u00e3o?<\/strong>\u00a0<br>Alguns geradores e\u00f3licos que tiveram gera\u00e7\u00e3o baixa nesse per\u00edodo est\u00e3o conversando com a ANEEL e distribuidora para reduzir contratos por tr\u00eas meses, para ajudar a Conta-Covid. Se a distribuidora n\u00e3o pegar a energia, tem de pagar por ela do mesmo jeito. Se o gerador propor a redu\u00e7\u00e3o de contrato por tr\u00eas meses, pode-se apresentar como uma solu\u00e7\u00e3o.<br><br>A discuss\u00e3o contratual hoje \u00e9: a MP [medida provis\u00f3ria 950], o decreto [10.350]\u00a0e a resolu\u00e7\u00e3o normativa [855] deram os mecanismos para que distribuidoras sejam ressarcidas destas eventuais perdas que elas poder\u00e3o ter. S\u00f3 que ao longo dessa discuss\u00e3o toda, o que se coloca \u00e9 que, eventualmente, os geradores que quiserem reduzir contratos com as distribuidoras nesse per\u00edodo de redu\u00e7\u00e3o, isso \u00e9 aconselh\u00e1vel.<br><br><strong>Isso \u00e9 para a frente? Ou \u00e9 retroativo?<\/strong><br>Talvez possa [ser retroativo] \u2013 tivemos uma reuni\u00e3o com o MME sobre isso. N\u00f3s, geradores e\u00f3licos, queremos reduzir o contrato de abril a junho\/julho, porque foi de mar\u00e7o para c\u00e1 que a carga caiu, e foi de mar\u00e7o para c\u00e1 que a minha gera\u00e7\u00e3o tamb\u00e9m caiu. O ideal \u00e9 que pegue esse per\u00edodo de Covid.<br><br>Fizemos a conta de tr\u00eas meses. Estava tudo em torno de tr\u00eas meses, mas precisaremos daqui a pouco falar em quatro, cinco meses. Geradores solares, e\u00f3licos e hidrel\u00e9tricos est\u00e3o querendo reduzir contrato. Al\u00e9m disso, o [diretor da ANEEL] J\u00falio [C\u00e9sar Rezende Ferraz] j\u00e1 abriu uma consulta p\u00fablica para ver se algum gerador quer reduzir o contrato para sempre.<br><br>\u00c0s vezes o gerador, que vendeu em um leil\u00e3o para a distribuidora\u00a0 a um pre\u00e7o X, hoje pode estar vendo oportunidades de vender a um pre\u00e7o melhor no mercado livre. Pode ser tamb\u00e9m que a obra dele tenha atrasado, ou que a linha de transmiss\u00e3o tenha atrasado. \u00c9 uma oportunidade para que se fa\u00e7a ajustes. De certa forma, isso desonera a tarifa \u2013 e n\u00e3o a Conta-Covid, porque esse \u00e9 o econ\u00f4mico, que ser\u00e1 discutido numa segunda fase.<br><br><strong>\u00c9 poss\u00edvel calcular essa redu\u00e7\u00e3o de contratos na parte e\u00f3lica?<\/strong><br>N\u00e3o. Mas se for, ser\u00e1 pouca coisa. Se temos 16 GW contratados, 10% d\u00e3o 1,6 GW&#8230; talvez 1% ou 2%. Mas qualquer megawatt pode virar milh\u00f5es. Iremos perceber, de uma forma geral e n\u00e3o apenas na e\u00f3lica, que quem tiver de enxergar alguma redu\u00e7\u00e3o tempor\u00e1ria de contrato ir\u00e1 fazer e contribuir para o impacto da Conta-Covid.<br><br><strong>A quarentena\/isolamento social afetou obras na infraestrutura como um todo. Isso impactou a fonte e\u00f3lica?<\/strong><br>Em termos de efeito, de entrega, ainda n\u00e3o percebemos [impactos], por ser uma obra que para uma semana ou duas, e consegue-se recuperar o cronograma ao longo do caminho. Pela natureza do nosso projeto, isso n\u00e3o nos afeta tanto. H\u00e1 outros setores de infraestrutura com um impacto maior.<br><br><strong>Houve alguma revis\u00e3o de n\u00fameros e programa\u00e7\u00e3o ap\u00f3s a Covid?<\/strong><br>N\u00e3o, justamente por conta dessa caracter\u00edstica. \u00c9 como a ponte a\u00e9rea: um voo marca de sair \u00e0s duas, sai efetivamente \u00e0s duas e vinte, mas ainda assim chega no hor\u00e1rio programado, seja porque recuperou no meio do caminho, porque pegou um vento favor\u00e1vel. As nossas obras ter\u00e3o essas caracter\u00edsticas. Elas estavam no ritmo e, se houver redu\u00e7\u00e3o, \u00e9 atraso de obra \u2013 revers\u00e3o de investimento raramente ocorre, porque esse investimento j\u00e1 estava no meio do caminho.<\/p>\n\n\n\n<p><strong>Mas haver\u00e1 um gap em 2020?<\/strong><br>De contrata\u00e7\u00e3o. Esta minha curva de aumento de gera\u00e7\u00e3o at\u00e9 2024 n\u00e3o vai mudar porque j\u00e1 est\u00e1 contratado. Aconteceu em 2016 de se vender zero, e em 2020 se entregaria zero. Mas, como havia projetos no mercado livre, isso n\u00e3o ocorrer\u00e1. A mesma coisa em 2020: vende-se zero em leil\u00e3o, mas se contrata um monte em mercado livre. Estes 24 GW em 2024 n\u00e3o ser\u00e3o 24 GW, ser\u00e3o mais, uma vez que est\u00e1 se vendendo mais no mercado livre e essa curva ser\u00e1 ajustada no ano que vem.<\/p>\n","protected":false},"excerpt":{"rendered":"<p>&nbsp;Guilherme Mendes, da Ag\u00eancia iNFRA Aos geradores de energia e\u00f3lica interessa reduzir os contratos de comercializa\u00e7\u00e3o de energia el\u00e9trica de maneira retroativa, por conta da queda da carga gerada pela pandemia do novo coronav\u00edrus. A an\u00e1lise \u00e9 da presidente-executiva da Abee\u00f3lica (Associa\u00e7\u00e3o Brasileira de Energia E\u00f3lica), Elbia Gannoum. Para a\u00a0Ag\u00eancia iNFRA, Elbia explicou que a [&hellip;]<\/p>\n","protected":false},"author":9,"featured_media":5281,"comment_status":"closed","ping_status":"closed","sticky":false,"template":"","format":"standard","meta":{"_monsterinsights_skip_tracking":false,"_monsterinsights_sitenote_active":false,"_monsterinsights_sitenote_note":"","_monsterinsights_sitenote_category":0,"footnotes":""},"categories":[1,10],"tags":[2215,53,14,1949,1113,1275,12,659,785],"class_list":["post-5280","post","type-post","status-publish","format-standard","has-post-thumbnail","hentry","category-geral","category-infraenergia","tag-abeeolica-2","tag-aneel","tag-ccee","tag-conta-covid","tag-elbia-gannoum","tag-energia-eolica","tag-epe","tag-geradores","tag-termicas-a-gas"],"yoast_head":"<!-- This site is optimized with the Yoast SEO Premium plugin v25.4 (Yoast SEO v26.0) - https:\/\/yoast.com\/wordpress\/plugins\/seo\/ -->\n<title>Geradores querem rever contratos de maneira retroativa por Covid, afirma presidente da Abee\u00f3lica - Ag\u00eancia iNFRA<\/title>\n<meta name=\"robots\" content=\"index, follow, max-snippet:-1, max-image-preview:large, max-video-preview:-1\" \/>\n<link rel=\"canonical\" href=\"https:\/\/agenciainfra.com\/blog\/geradores-querem-rever-contratos-de-maneira-retroativa-por-covid-afirma-presidente-da-abeeolica\/\" \/>\n<meta property=\"og:locale\" content=\"pt_BR\" \/>\n<meta property=\"og:type\" content=\"article\" \/>\n<meta property=\"og:title\" content=\"Geradores querem rever contratos de maneira retroativa por Covid, afirma presidente da Abee\u00f3lica\" \/>\n<meta property=\"og:description\" content=\"&nbsp;Guilherme Mendes, da Ag\u00eancia iNFRA Aos geradores de energia e\u00f3lica interessa reduzir os contratos de comercializa\u00e7\u00e3o de energia el\u00e9trica de maneira retroativa, por conta da queda da carga gerada pela pandemia do novo coronav\u00edrus. A an\u00e1lise \u00e9 da presidente-executiva da Abee\u00f3lica (Associa\u00e7\u00e3o Brasileira de Energia E\u00f3lica), Elbia Gannoum. Para a\u00a0Ag\u00eancia iNFRA, Elbia explicou que a [&hellip;]\" \/>\n<meta property=\"og:url\" content=\"https:\/\/agenciainfra.com\/blog\/geradores-querem-rever-contratos-de-maneira-retroativa-por-covid-afirma-presidente-da-abeeolica\/\" \/>\n<meta property=\"og:site_name\" content=\"Ag\u00eancia iNFRA\" \/>\n<meta property=\"article:publisher\" content=\"https:\/\/www.facebook.com\/ageninfra\" \/>\n<meta property=\"article:published_time\" content=\"2020-06-30T11:00:00+00:00\" \/>\n<meta property=\"article:modified_time\" content=\"2020-07-01T13:25:05+00:00\" \/>\n<meta property=\"og:image\" content=\"https:\/\/agenciainfra.com\/blog\/wp-content\/uploads\/2020\/06\/elbia-gannoum-foto-edilson-rodrigues-agencia-senado.jpg\" \/>\n\t<meta property=\"og:image:width\" content=\"1280\" \/>\n\t<meta property=\"og:image:height\" content=\"854\" \/>\n\t<meta property=\"og:image:type\" content=\"image\/jpeg\" \/>\n<meta name=\"author\" content=\"Rodrigo Zuquim\" \/>\n<meta name=\"twitter:card\" content=\"summary_large_image\" \/>\n<meta name=\"twitter:creator\" content=\"@agencia_infra\" \/>\n<meta name=\"twitter:site\" content=\"@agencia_infra\" \/>\n<meta name=\"twitter:label1\" content=\"Escrito por\" \/>\n\t<meta name=\"twitter:data1\" content=\"Rodrigo Zuquim\" \/>\n\t<meta name=\"twitter:label2\" content=\"Est. tempo de leitura\" \/>\n\t<meta name=\"twitter:data2\" content=\"10 minutos\" \/>\n<script type=\"application\/ld+json\" class=\"yoast-schema-graph\">{\"@context\":\"https:\/\/schema.org\",\"@graph\":[{\"@type\":\"Article\",\"@id\":\"https:\/\/agenciainfra.com\/blog\/geradores-querem-rever-contratos-de-maneira-retroativa-por-covid-afirma-presidente-da-abeeolica\/#article\",\"isPartOf\":{\"@id\":\"https:\/\/agenciainfra.com\/blog\/geradores-querem-rever-contratos-de-maneira-retroativa-por-covid-afirma-presidente-da-abeeolica\/\"},\"author\":{\"name\":\"Rodrigo Zuquim\",\"@id\":\"https:\/\/agenciainfra.com\/blog\/#\/schema\/person\/04dbb79bd6d8951f063da71f3e4c1eb1\"},\"headline\":\"Geradores querem rever contratos de maneira retroativa por Covid, afirma presidente da Abee\u00f3lica\",\"datePublished\":\"2020-06-30T11:00:00+00:00\",\"dateModified\":\"2020-07-01T13:25:05+00:00\",\"mainEntityOfPage\":{\"@id\":\"https:\/\/agenciainfra.com\/blog\/geradores-querem-rever-contratos-de-maneira-retroativa-por-covid-afirma-presidente-da-abeeolica\/\"},\"wordCount\":2056,\"publisher\":{\"@id\":\"https:\/\/agenciainfra.com\/blog\/#organization\"},\"image\":{\"@id\":\"https:\/\/agenciainfra.com\/blog\/geradores-querem-rever-contratos-de-maneira-retroativa-por-covid-afirma-presidente-da-abeeolica\/#primaryimage\"},\"thumbnailUrl\":\"https:\/\/agenciainfra.com\/blog\/wp-content\/uploads\/2020\/06\/elbia-gannoum-foto-edilson-rodrigues-agencia-senado.jpg\",\"keywords\":[\"Abee\u00f3lica\",\"ANEEL\",\"ccee\",\"Conta-Covid\",\"Elbia Gannoum\",\"energia e\u00f3lica\",\"epe\",\"Geradores\",\"t\u00e9rmicas a g\u00e1s\"],\"articleSection\":[\"Geral\",\"iNFRAEnergia\"],\"inLanguage\":\"pt-BR\",\"copyrightYear\":\"2020\",\"copyrightHolder\":{\"@id\":\"https:\/\/agenciainfra.com\/blog\/#organization\"}},{\"@type\":\"WebPage\",\"@id\":\"https:\/\/agenciainfra.com\/blog\/geradores-querem-rever-contratos-de-maneira-retroativa-por-covid-afirma-presidente-da-abeeolica\/\",\"url\":\"https:\/\/agenciainfra.com\/blog\/geradores-querem-rever-contratos-de-maneira-retroativa-por-covid-afirma-presidente-da-abeeolica\/\",\"name\":\"Geradores querem rever contratos de maneira retroativa por Covid, afirma presidente da Abee\u00f3lica - Ag\u00eancia iNFRA\",\"isPartOf\":{\"@id\":\"https:\/\/agenciainfra.com\/blog\/#website\"},\"primaryImageOfPage\":{\"@id\":\"https:\/\/agenciainfra.com\/blog\/geradores-querem-rever-contratos-de-maneira-retroativa-por-covid-afirma-presidente-da-abeeolica\/#primaryimage\"},\"image\":{\"@id\":\"https:\/\/agenciainfra.com\/blog\/geradores-querem-rever-contratos-de-maneira-retroativa-por-covid-afirma-presidente-da-abeeolica\/#primaryimage\"},\"thumbnailUrl\":\"https:\/\/agenciainfra.com\/blog\/wp-content\/uploads\/2020\/06\/elbia-gannoum-foto-edilson-rodrigues-agencia-senado.jpg\",\"datePublished\":\"2020-06-30T11:00:00+00:00\",\"dateModified\":\"2020-07-01T13:25:05+00:00\",\"breadcrumb\":{\"@id\":\"https:\/\/agenciainfra.com\/blog\/geradores-querem-rever-contratos-de-maneira-retroativa-por-covid-afirma-presidente-da-abeeolica\/#breadcrumb\"},\"inLanguage\":\"pt-BR\",\"potentialAction\":[{\"@type\":\"ReadAction\",\"target\":[\"https:\/\/agenciainfra.com\/blog\/geradores-querem-rever-contratos-de-maneira-retroativa-por-covid-afirma-presidente-da-abeeolica\/\"]}]},{\"@type\":\"ImageObject\",\"inLanguage\":\"pt-BR\",\"@id\":\"https:\/\/agenciainfra.com\/blog\/geradores-querem-rever-contratos-de-maneira-retroativa-por-covid-afirma-presidente-da-abeeolica\/#primaryimage\",\"url\":\"https:\/\/agenciainfra.com\/blog\/wp-content\/uploads\/2020\/06\/elbia-gannoum-foto-edilson-rodrigues-agencia-senado.jpg\",\"contentUrl\":\"https:\/\/agenciainfra.com\/blog\/wp-content\/uploads\/2020\/06\/elbia-gannoum-foto-edilson-rodrigues-agencia-senado.jpg\",\"width\":1280,\"height\":854},{\"@type\":\"BreadcrumbList\",\"@id\":\"https:\/\/agenciainfra.com\/blog\/geradores-querem-rever-contratos-de-maneira-retroativa-por-covid-afirma-presidente-da-abeeolica\/#breadcrumb\",\"itemListElement\":[{\"@type\":\"ListItem\",\"position\":1,\"name\":\"In\u00edcio\",\"item\":\"https:\/\/agenciainfra.com\/blog\/\"},{\"@type\":\"ListItem\",\"position\":2,\"name\":\"Geradores querem rever contratos de maneira retroativa por Covid, afirma presidente da Abee\u00f3lica\"}]},{\"@type\":\"WebSite\",\"@id\":\"https:\/\/agenciainfra.com\/blog\/#website\",\"url\":\"https:\/\/agenciainfra.com\/blog\/\",\"name\":\"Ag\u00eancia iNFRA\",\"description\":\"Multiplataforma de informa\u00e7\u00e3o jornal\u00edstica refer\u00eancia na \u00e1rea de infraestrutura no Brasil!\",\"publisher\":{\"@id\":\"https:\/\/agenciainfra.com\/blog\/#organization\"},\"potentialAction\":[{\"@type\":\"SearchAction\",\"target\":{\"@type\":\"EntryPoint\",\"urlTemplate\":\"https:\/\/agenciainfra.com\/blog\/?s={search_term_string}\"},\"query-input\":{\"@type\":\"PropertyValueSpecification\",\"valueRequired\":true,\"valueName\":\"search_term_string\"}}],\"inLanguage\":\"pt-BR\"},{\"@type\":\"Organization\",\"@id\":\"https:\/\/agenciainfra.com\/blog\/#organization\",\"name\":\"Ag\u00eancia iNFRA\",\"url\":\"https:\/\/agenciainfra.com\/blog\/\",\"logo\":{\"@type\":\"ImageObject\",\"inLanguage\":\"pt-BR\",\"@id\":\"https:\/\/agenciainfra.com\/blog\/#\/schema\/logo\/image\/\",\"url\":\"https:\/\/agenciainfra.com\/blog\/wp-content\/uploads\/2023\/09\/iNFRA_5-e1761735885940.png\",\"contentUrl\":\"https:\/\/agenciainfra.com\/blog\/wp-content\/uploads\/2023\/09\/iNFRA_5-e1761735885940.png\",\"width\":1672,\"height\":454,\"caption\":\"Ag\u00eancia iNFRA\"},\"image\":{\"@id\":\"https:\/\/agenciainfra.com\/blog\/#\/schema\/logo\/image\/\"},\"sameAs\":[\"https:\/\/www.facebook.com\/ageninfra\",\"https:\/\/x.com\/agencia_infra\",\"https:\/\/www.linkedin.com\/company\/ag\u00eanciainfra\/\",\"https:\/\/www.instagram.com\/agenciainfra\/\"]},{\"@type\":\"Person\",\"@id\":\"https:\/\/agenciainfra.com\/blog\/#\/schema\/person\/04dbb79bd6d8951f063da71f3e4c1eb1\",\"name\":\"Rodrigo Zuquim\",\"image\":{\"@type\":\"ImageObject\",\"inLanguage\":\"pt-BR\",\"@id\":\"https:\/\/agenciainfra.com\/blog\/#\/schema\/person\/image\/\",\"url\":\"https:\/\/secure.gravatar.com\/avatar\/594abfe82761d620726242ff34ca472a705a4b97f16c790053a6b4c4035274d0?s=96&d=mm&r=g\",\"contentUrl\":\"https:\/\/secure.gravatar.com\/avatar\/594abfe82761d620726242ff34ca472a705a4b97f16c790053a6b4c4035274d0?s=96&d=mm&r=g\",\"caption\":\"Rodrigo Zuquim\"},\"url\":\"https:\/\/agenciainfra.com\/blog\/author\/rodrigo-zuquim\/\"}]}<\/script>\n<!-- \/ Yoast SEO Premium plugin. -->","yoast_head_json":{"title":"Geradores querem rever contratos de maneira retroativa por Covid, afirma presidente da Abee\u00f3lica - Ag\u00eancia iNFRA","robots":{"index":"index","follow":"follow","max-snippet":"max-snippet:-1","max-image-preview":"max-image-preview:large","max-video-preview":"max-video-preview:-1"},"canonical":"https:\/\/agenciainfra.com\/blog\/geradores-querem-rever-contratos-de-maneira-retroativa-por-covid-afirma-presidente-da-abeeolica\/","og_locale":"pt_BR","og_type":"article","og_title":"Geradores querem rever contratos de maneira retroativa por Covid, afirma presidente da Abee\u00f3lica","og_description":"&nbsp;Guilherme Mendes, da Ag\u00eancia iNFRA Aos geradores de energia e\u00f3lica interessa reduzir os contratos de comercializa\u00e7\u00e3o de energia el\u00e9trica de maneira retroativa, por conta da queda da carga gerada pela pandemia do novo coronav\u00edrus. A an\u00e1lise \u00e9 da presidente-executiva da Abee\u00f3lica (Associa\u00e7\u00e3o Brasileira de Energia E\u00f3lica), Elbia Gannoum. Para a\u00a0Ag\u00eancia iNFRA, Elbia explicou que a [&hellip;]","og_url":"https:\/\/agenciainfra.com\/blog\/geradores-querem-rever-contratos-de-maneira-retroativa-por-covid-afirma-presidente-da-abeeolica\/","og_site_name":"Ag\u00eancia iNFRA","article_publisher":"https:\/\/www.facebook.com\/ageninfra","article_published_time":"2020-06-30T11:00:00+00:00","article_modified_time":"2020-07-01T13:25:05+00:00","og_image":[{"width":1280,"height":854,"url":"https:\/\/agenciainfra.com\/blog\/wp-content\/uploads\/2020\/06\/elbia-gannoum-foto-edilson-rodrigues-agencia-senado.jpg","type":"image\/jpeg"}],"author":"Rodrigo Zuquim","twitter_card":"summary_large_image","twitter_creator":"@agencia_infra","twitter_site":"@agencia_infra","twitter_misc":{"Escrito por":"Rodrigo Zuquim","Est. tempo de leitura":"10 minutos"},"schema":{"@context":"https:\/\/schema.org","@graph":[{"@type":"Article","@id":"https:\/\/agenciainfra.com\/blog\/geradores-querem-rever-contratos-de-maneira-retroativa-por-covid-afirma-presidente-da-abeeolica\/#article","isPartOf":{"@id":"https:\/\/agenciainfra.com\/blog\/geradores-querem-rever-contratos-de-maneira-retroativa-por-covid-afirma-presidente-da-abeeolica\/"},"author":{"name":"Rodrigo Zuquim","@id":"https:\/\/agenciainfra.com\/blog\/#\/schema\/person\/04dbb79bd6d8951f063da71f3e4c1eb1"},"headline":"Geradores querem rever contratos de maneira retroativa por Covid, afirma presidente da Abee\u00f3lica","datePublished":"2020-06-30T11:00:00+00:00","dateModified":"2020-07-01T13:25:05+00:00","mainEntityOfPage":{"@id":"https:\/\/agenciainfra.com\/blog\/geradores-querem-rever-contratos-de-maneira-retroativa-por-covid-afirma-presidente-da-abeeolica\/"},"wordCount":2056,"publisher":{"@id":"https:\/\/agenciainfra.com\/blog\/#organization"},"image":{"@id":"https:\/\/agenciainfra.com\/blog\/geradores-querem-rever-contratos-de-maneira-retroativa-por-covid-afirma-presidente-da-abeeolica\/#primaryimage"},"thumbnailUrl":"https:\/\/agenciainfra.com\/blog\/wp-content\/uploads\/2020\/06\/elbia-gannoum-foto-edilson-rodrigues-agencia-senado.jpg","keywords":["Abee\u00f3lica","ANEEL","ccee","Conta-Covid","Elbia Gannoum","energia e\u00f3lica","epe","Geradores","t\u00e9rmicas a g\u00e1s"],"articleSection":["Geral","iNFRAEnergia"],"inLanguage":"pt-BR","copyrightYear":"2020","copyrightHolder":{"@id":"https:\/\/agenciainfra.com\/blog\/#organization"}},{"@type":"WebPage","@id":"https:\/\/agenciainfra.com\/blog\/geradores-querem-rever-contratos-de-maneira-retroativa-por-covid-afirma-presidente-da-abeeolica\/","url":"https:\/\/agenciainfra.com\/blog\/geradores-querem-rever-contratos-de-maneira-retroativa-por-covid-afirma-presidente-da-abeeolica\/","name":"Geradores querem rever contratos de maneira retroativa por Covid, afirma presidente da Abee\u00f3lica - Ag\u00eancia iNFRA","isPartOf":{"@id":"https:\/\/agenciainfra.com\/blog\/#website"},"primaryImageOfPage":{"@id":"https:\/\/agenciainfra.com\/blog\/geradores-querem-rever-contratos-de-maneira-retroativa-por-covid-afirma-presidente-da-abeeolica\/#primaryimage"},"image":{"@id":"https:\/\/agenciainfra.com\/blog\/geradores-querem-rever-contratos-de-maneira-retroativa-por-covid-afirma-presidente-da-abeeolica\/#primaryimage"},"thumbnailUrl":"https:\/\/agenciainfra.com\/blog\/wp-content\/uploads\/2020\/06\/elbia-gannoum-foto-edilson-rodrigues-agencia-senado.jpg","datePublished":"2020-06-30T11:00:00+00:00","dateModified":"2020-07-01T13:25:05+00:00","breadcrumb":{"@id":"https:\/\/agenciainfra.com\/blog\/geradores-querem-rever-contratos-de-maneira-retroativa-por-covid-afirma-presidente-da-abeeolica\/#breadcrumb"},"inLanguage":"pt-BR","potentialAction":[{"@type":"ReadAction","target":["https:\/\/agenciainfra.com\/blog\/geradores-querem-rever-contratos-de-maneira-retroativa-por-covid-afirma-presidente-da-abeeolica\/"]}]},{"@type":"ImageObject","inLanguage":"pt-BR","@id":"https:\/\/agenciainfra.com\/blog\/geradores-querem-rever-contratos-de-maneira-retroativa-por-covid-afirma-presidente-da-abeeolica\/#primaryimage","url":"https:\/\/agenciainfra.com\/blog\/wp-content\/uploads\/2020\/06\/elbia-gannoum-foto-edilson-rodrigues-agencia-senado.jpg","contentUrl":"https:\/\/agenciainfra.com\/blog\/wp-content\/uploads\/2020\/06\/elbia-gannoum-foto-edilson-rodrigues-agencia-senado.jpg","width":1280,"height":854},{"@type":"BreadcrumbList","@id":"https:\/\/agenciainfra.com\/blog\/geradores-querem-rever-contratos-de-maneira-retroativa-por-covid-afirma-presidente-da-abeeolica\/#breadcrumb","itemListElement":[{"@type":"ListItem","position":1,"name":"In\u00edcio","item":"https:\/\/agenciainfra.com\/blog\/"},{"@type":"ListItem","position":2,"name":"Geradores querem rever contratos de maneira retroativa por Covid, afirma presidente da Abee\u00f3lica"}]},{"@type":"WebSite","@id":"https:\/\/agenciainfra.com\/blog\/#website","url":"https:\/\/agenciainfra.com\/blog\/","name":"Ag\u00eancia iNFRA","description":"Multiplataforma de informa\u00e7\u00e3o jornal\u00edstica refer\u00eancia na \u00e1rea de infraestrutura no Brasil!","publisher":{"@id":"https:\/\/agenciainfra.com\/blog\/#organization"},"potentialAction":[{"@type":"SearchAction","target":{"@type":"EntryPoint","urlTemplate":"https:\/\/agenciainfra.com\/blog\/?s={search_term_string}"},"query-input":{"@type":"PropertyValueSpecification","valueRequired":true,"valueName":"search_term_string"}}],"inLanguage":"pt-BR"},{"@type":"Organization","@id":"https:\/\/agenciainfra.com\/blog\/#organization","name":"Ag\u00eancia iNFRA","url":"https:\/\/agenciainfra.com\/blog\/","logo":{"@type":"ImageObject","inLanguage":"pt-BR","@id":"https:\/\/agenciainfra.com\/blog\/#\/schema\/logo\/image\/","url":"https:\/\/agenciainfra.com\/blog\/wp-content\/uploads\/2023\/09\/iNFRA_5-e1761735885940.png","contentUrl":"https:\/\/agenciainfra.com\/blog\/wp-content\/uploads\/2023\/09\/iNFRA_5-e1761735885940.png","width":1672,"height":454,"caption":"Ag\u00eancia iNFRA"},"image":{"@id":"https:\/\/agenciainfra.com\/blog\/#\/schema\/logo\/image\/"},"sameAs":["https:\/\/www.facebook.com\/ageninfra","https:\/\/x.com\/agencia_infra","https:\/\/www.linkedin.com\/company\/ag\u00eanciainfra\/","https:\/\/www.instagram.com\/agenciainfra\/"]},{"@type":"Person","@id":"https:\/\/agenciainfra.com\/blog\/#\/schema\/person\/04dbb79bd6d8951f063da71f3e4c1eb1","name":"Rodrigo Zuquim","image":{"@type":"ImageObject","inLanguage":"pt-BR","@id":"https:\/\/agenciainfra.com\/blog\/#\/schema\/person\/image\/","url":"https:\/\/secure.gravatar.com\/avatar\/594abfe82761d620726242ff34ca472a705a4b97f16c790053a6b4c4035274d0?s=96&d=mm&r=g","contentUrl":"https:\/\/secure.gravatar.com\/avatar\/594abfe82761d620726242ff34ca472a705a4b97f16c790053a6b4c4035274d0?s=96&d=mm&r=g","caption":"Rodrigo Zuquim"},"url":"https:\/\/agenciainfra.com\/blog\/author\/rodrigo-zuquim\/"}]}},"_links":{"self":[{"href":"https:\/\/agenciainfra.com\/blog\/wp-json\/wp\/v2\/posts\/5280","targetHints":{"allow":["GET"]}}],"collection":[{"href":"https:\/\/agenciainfra.com\/blog\/wp-json\/wp\/v2\/posts"}],"about":[{"href":"https:\/\/agenciainfra.com\/blog\/wp-json\/wp\/v2\/types\/post"}],"author":[{"embeddable":true,"href":"https:\/\/agenciainfra.com\/blog\/wp-json\/wp\/v2\/users\/9"}],"replies":[{"embeddable":true,"href":"https:\/\/agenciainfra.com\/blog\/wp-json\/wp\/v2\/comments?post=5280"}],"version-history":[{"count":0,"href":"https:\/\/agenciainfra.com\/blog\/wp-json\/wp\/v2\/posts\/5280\/revisions"}],"wp:featuredmedia":[{"embeddable":true,"href":"https:\/\/agenciainfra.com\/blog\/wp-json\/wp\/v2\/media\/5281"}],"wp:attachment":[{"href":"https:\/\/agenciainfra.com\/blog\/wp-json\/wp\/v2\/media?parent=5280"}],"wp:term":[{"taxonomy":"category","embeddable":true,"href":"https:\/\/agenciainfra.com\/blog\/wp-json\/wp\/v2\/categories?post=5280"},{"taxonomy":"post_tag","embeddable":true,"href":"https:\/\/agenciainfra.com\/blog\/wp-json\/wp\/v2\/tags?post=5280"}],"curies":[{"name":"wp","href":"https:\/\/api.w.org\/{rel}","templated":true}]}}