{"id":5307,"date":"2020-07-03T08:00:01","date_gmt":"2020-07-03T11:00:01","guid":{"rendered":"https:\/\/www.agenciainfra.com\/blog\/?p=5307"},"modified":"2020-07-02T18:43:30","modified_gmt":"2020-07-02T21:43:30","slug":"abrate-aponta-retorno-a-sustentabilidade-de-contratos-com-revisao-de-rap-de-transmissoras","status":"publish","type":"post","link":"https:\/\/agenciainfra.com\/blog\/abrate-aponta-retorno-a-sustentabilidade-de-contratos-com-revisao-de-rap-de-transmissoras\/","title":{"rendered":"Abrate aponta retorno \u00e0 sustentabilidade de contratos com revis\u00e3o de RAP de transmissoras"},"content":{"rendered":"\n<hr class=\"wp-block-separator\"\/>\n\n\n\n<p class=\"has-text-align-right\"><strong>&nbsp;Guilherme Mendes,&nbsp;da Ag\u00eancia iNFRA<\/strong><\/p>\n\n\n\n<p>A diretoria da ANEEL (Ag\u00eancia Nacional de Energia El\u00e9trica) revisou, na \u00faltima ter\u00e7a-feira (30), as RAPs (Receitas Anuais Permitidas) de nove dos chamados &#8220;contratos prorrogados&#8221; de 2013. A ag\u00eancia tamb\u00e9m reviu, para baixo, a RAP de duas transmissoras com contratos mais recentes.<br><br>Para as transmissoras com contratos renovados, houve aumento m\u00e9dio da RAP de\u00a013,82%, passando de R$ 13,7 bilh\u00f5es para R$ 15,6 bilh\u00f5es. A medida, segundo o presidente da Abrate (Associa\u00e7\u00e3o Brasileira das Empresas de Transmiss\u00e3o de Energia El\u00e9trica), Mario Miranda,\u00a0apesar de precisar de pequenos ajustes, representa um importante momento para o setor. &#8220;Foi dado um grande passo na busca da sustentabilidade dos contratos de concess\u00e3o no segmento&#8221;, afirmou.<br><br>De acordo com\u00a0o executivo, a grande discuss\u00e3o estava sobre a disponibilidade, \u00e0s concession\u00e1rias, do valor relativo aos ativos considerados n\u00e3o depreciados existentes em 31 de maio de 2000, registrados pela concession\u00e1ria e reconhecidos pela ANEEL. Apesar de o entendimento estar presente na\u00a0<a rel=\"noreferrer noopener\" href=\"https:\/\/agenciainfra.us14.list-manage.com\/track\/click?u=d460dd1bcf9ba0ae040e1fc0f&amp;id=d0990c80a5&amp;e=c099169394\" target=\"_blank\">MP (Medida Provis\u00f3ria) 579\u00a0<\/a>e na\u00a0<a rel=\"noreferrer noopener\" href=\"https:\/\/agenciainfra.us14.list-manage.com\/track\/click?u=d460dd1bcf9ba0ae040e1fc0f&amp;id=bfc5da6bc2&amp;e=c099169394\" target=\"_blank\">lei<\/a>\u00a0que a seguiu, o Minist\u00e9rio de Minas e Energia s\u00f3 viria a regulamentar o tema em\u00a0<a rel=\"noreferrer noopener\" href=\"https:\/\/agenciainfra.us14.list-manage.com\/track\/click?u=d460dd1bcf9ba0ae040e1fc0f&amp;id=e1a4b8a8e4&amp;e=c099169394\" target=\"_blank\">portaria de 2016<\/a>.<br><br>&#8220;Somente quatro anos depois da edi\u00e7\u00e3o da medida provis\u00f3ria \u00e9 que o Minist\u00e9rio de Minas e Energia regulamentou a quest\u00e3o. E o que isso significa? Que de janeiro de 2013 para frente, at\u00e9 a data do reconhecimento parcial, as transmissoras tiveram 70% da sua RAP reduzida&#8221;, afirmou Miranda. &#8220;E isso significou que empresas tinham de continuar prestando o servi\u00e7o adequado, sendo obrigadas\u00a0a fazer obras de refor\u00e7o e melhorias autorizadas pela ANEEL, sem a receita adequada.&#8221;<br><br>Ap\u00f3s a regulamenta\u00e7\u00e3o, outra disputa foi travada nos tribunais do Judici\u00e1rio entre os conselhos dos consumidores e as transmissoras. &#8220;Quando as empresas ficaram com 70% das suas receitas reduzidas, sendo obrigadas a fazer obras de refor\u00e7os, eram obrigadas a buscar dinheiro em bancos a pre\u00e7os caros&#8221;, afirmou Miranda. &#8220;E isso foi a causa da perda de valor das transmissoras.&#8221;<br><br>As liminares, concentradas em uma \u00fanica vara, foram derrubadas em prol das transmissoras \u2013 segundo Mario Miranda, foi isso que permitiu que, desde janeiro, a associa\u00e7\u00e3o e a ag\u00eancia reguladora buscassem melhores sa\u00eddas para o segmento. Mas agora, ap\u00f3s a revis\u00e3o positiva, a sensa\u00e7\u00e3o apontada pelo dirigente da Abrate foi a de volta \u00e0 normalidade: &#8220;Foi uma excelente decis\u00e3o da ANEEL em retirar essas pend\u00eancias, agora que livrou-se dos obst\u00e1culos judiciais&#8221;, concluiu.<br><br>Segundo a ANEEL, a revis\u00e3o causar\u00e1, j\u00e1 no ciclo 2020\/21, um aumento m\u00e9dio nas receitas das transmissoras de 30%, chegando a 43% no caso da Eletronorte. A medida\u00a0representar\u00e1 acr\u00e9scimo de R$ 6,3 bilh\u00f5es na receita a ser paga pelo consumidor at\u00e9 a pr\u00f3xima revis\u00e3o da RAP em 2023. Ele ser\u00e1 dilu\u00eddo em tr\u00eas parcelas anuais de R$ 2,092 bilh\u00f5es.<br><br>O associado do Siqueira Castro Advogados, Eduardo Evangelista, considera a decis\u00e3o como relevante, apesar de n\u00e3o considerar que houve tanta defasagem. &#8220;N\u00e3o tinha essa percep\u00e7\u00e3o de que estava t\u00e3o defasado assim, a ponto de distribuidoras terem um aumento na ordem de 30%&#8221;, comentou. Haveria espa\u00e7o ainda, apontou Evangelista, para discuss\u00f5es em ambiente regulat\u00f3rio sobre o alcance da pol\u00edtica de revis\u00f5es e o princ\u00edpio equil\u00edbrio econ\u00f4mico-financeiro dos contratos.<br><br><strong>Na pr\u00e1tica<\/strong><br>No caso dos contratos mais antigos, todos foram prorrogados por meio de\u00a0<a rel=\"noreferrer noopener\" href=\"https:\/\/agenciainfra.us14.list-manage.com\/track\/click?u=d460dd1bcf9ba0ae040e1fc0f&amp;id=d5a7f12e67&amp;e=c099169394\" target=\"_blank\">lei<\/a>\u00a0em 2013. Nesta ter\u00e7a-feira, a ag\u00eancia homologou a revis\u00e3o retroativa ao ano de 2018, ap\u00f3s consulta p\u00fablica. Segundo a \u00e1rea t\u00e9cnica da ANEEL, as nove consultas p\u00fablicas feitas pela ag\u00eancia totalizaram 171 contribui\u00e7\u00f5es de 13 contribuintes \u2013 61% das propostas acabaram aceitas pelo colegiado.<br><br>Entre as propostas acolhidas ap\u00f3s audi\u00eancia p\u00fablica, est\u00e1 a incorpora\u00e7\u00e3o do par\u00e2metro de capital pr\u00f3prio no componente financeiro da chamada &#8220;base blindada&#8221;, ocorrida ap\u00f3s o final da judicializa\u00e7\u00e3o. A diretoria tamb\u00e9m acolheu\u00a0melhores premissas para se considerar um ativo como eleg\u00edvel \u00e0 RAP.<br><br>Todas as revis\u00f5es da RAP, dentro dos contratos prorrogados, variam positivamente. As corre\u00e7\u00f5es atingiram as seguintes empresas:<br><br>&#8211; CEEE-GT:<br>Reposicionamento provis\u00f3rio de 15,79%, passando de R$ 657 milh\u00f5es\u00a0para\u00a0R$760 milh\u00f5es;<br><br>-Furnas Centrais El\u00e9tricas<br>Reposicionamento\u00a0de 13,07%, passando de R$ 4,257\u00a0bilh\u00f5es\u00a0para\u00a0R$4,813\u00a0bilh\u00f5es;<br><br>-CELG-GT<br>Reposicionamento\u00a0de 15,66%, passando de R$ 123 milh\u00f5es\u00a0para\u00a0R$143 milh\u00f5es;<br><br>-Cemig<br>Reposicionamento de 9,13%, passando de R$ 649 milh\u00f5es\u00a0para\u00a0R$698 milh\u00f5es;<br><br>-Eletronorte<br>Reposicionamento provis\u00f3rio de 18,46%, passando de\u00a0R$1,430 bilh\u00e3o para\u00a0R$1,694 bilh\u00e3o;<br><br>-CTEEP<br>Reposicionamento de 9,75%, passando de\u00a0R$2,452\u00a0bilh\u00f5es para R$2,691 bilh\u00f5es;<br><br>-Copel<br>Reposicionamento de 10,16%, passando de\u00a0R$438 milh\u00f5es para R$482 milh\u00f5es;<br><br>&#8211; Eletrosul<br>Reposicionamento de 7,28%, passando de 960 milh\u00f5es para R$1,030 bilh\u00e3o;<br><br>-Chesf<br>Reposicionamento provis\u00f3rio de 19,65%, passando de R$ 2,725 bilh\u00f5es para R$3,261 bilh\u00f5es.<br><br>Os valores ser\u00e3o divididos nos pr\u00f3ximos tr\u00eas ciclos tarif\u00e1rios. Chesf, Eletronorte e CEEE ter\u00e3o revis\u00f5es provis\u00f3rias, uma vez que a pandemia do novo coronav\u00edrus n\u00e3o permitiu que os c\u00e1lculos fossem conclu\u00eddos.<br><br><strong>Redu\u00e7\u00e3o de Light e Afluente<\/strong><br>Ainda durante a reuni\u00e3o p\u00fablica ordin\u00e1ria desta ter\u00e7a-feira, a diretoria analisou a revis\u00e3o da RAP\u00a0de dois contratos de concess\u00e3o mais recentes: o da Afluente Transmiss\u00e3o, firmado em 2010 e que passaria por sua segunda revis\u00e3o; e o da Light, que envolve o contrato de concess\u00e3o 32\/2018.<br><br>Em ambos os casos, a diretoria foi un\u00e2nime ao rever as receitas para baixo: a da Light foi reduzida em 7,99%, enquanto a da Afluente foi reduzida em 6,99%. A \u00fanica decis\u00e3o com voto publicado, at\u00e9 o momento, \u00e9 o da\u00a0<a rel=\"noreferrer noopener\" href=\"https:\/\/agenciainfra.us14.list-manage.com\/track\/click?u=d460dd1bcf9ba0ae040e1fc0f&amp;id=93c3371c69&amp;e=c099169394\" target=\"_blank\">Afluente<\/a>, respons\u00e1vel por obras para linhas no polo de Cama\u00e7ari.<\/p>\n","protected":false},"excerpt":{"rendered":"<p>&nbsp;Guilherme Mendes,&nbsp;da Ag\u00eancia iNFRA A diretoria da ANEEL (Ag\u00eancia Nacional de Energia El\u00e9trica) revisou, na \u00faltima ter\u00e7a-feira (30), as RAPs (Receitas Anuais Permitidas) de nove dos chamados &#8220;contratos prorrogados&#8221; de 2013. A ag\u00eancia tamb\u00e9m reviu, para baixo, a RAP de duas transmissoras com contratos mais recentes. Para as transmissoras com contratos renovados, houve aumento m\u00e9dio [&hellip;]<\/p>\n","protected":false},"author":9,"featured_media":5308,"comment_status":"closed","ping_status":"closed","sticky":false,"template":"","format":"standard","meta":{"_monsterinsights_skip_tracking":false,"_monsterinsights_sitenote_active":false,"_monsterinsights_sitenote_note":"","_monsterinsights_sitenote_category":0,"footnotes":""},"categories":[1,10],"tags":[576,53,2225,2224,96,2222,2223,2221],"class_list":["post-5307","post","type-post","status-publish","format-standard","has-post-thumbnail","hentry","category-geral","category-infraenergia","tag-abrate","tag-aneel","tag-eduardo-evangelista","tag-mario-miranda-2","tag-ministerio-de-minas-e-energia","tag-rap","tag-receita-anual-permitida","tag-transmissoras"],"yoast_head":"<!-- This site is optimized with the Yoast SEO Premium plugin v25.4 (Yoast SEO v26.0) - https:\/\/yoast.com\/wordpress\/plugins\/seo\/ -->\n<title>Abrate aponta retorno \u00e0 sustentabilidade de contratos com revis\u00e3o de RAP de transmissoras - Ag\u00eancia iNFRA<\/title>\n<meta name=\"robots\" content=\"index, follow, max-snippet:-1, max-image-preview:large, max-video-preview:-1\" \/>\n<link rel=\"canonical\" href=\"https:\/\/agenciainfra.com\/blog\/abrate-aponta-retorno-a-sustentabilidade-de-contratos-com-revisao-de-rap-de-transmissoras\/\" \/>\n<meta property=\"og:locale\" content=\"pt_BR\" \/>\n<meta property=\"og:type\" content=\"article\" \/>\n<meta property=\"og:title\" content=\"Abrate aponta retorno \u00e0 sustentabilidade de contratos com revis\u00e3o de RAP de transmissoras\" \/>\n<meta property=\"og:description\" content=\"&nbsp;Guilherme Mendes,&nbsp;da Ag\u00eancia iNFRA A diretoria da ANEEL (Ag\u00eancia Nacional de Energia El\u00e9trica) revisou, na \u00faltima ter\u00e7a-feira (30), as RAPs (Receitas Anuais Permitidas) de nove dos chamados &#8220;contratos prorrogados&#8221; de 2013. A ag\u00eancia tamb\u00e9m reviu, para baixo, a RAP de duas transmissoras com contratos mais recentes. Para as transmissoras com contratos renovados, houve aumento m\u00e9dio [&hellip;]\" \/>\n<meta property=\"og:url\" content=\"https:\/\/agenciainfra.com\/blog\/abrate-aponta-retorno-a-sustentabilidade-de-contratos-com-revisao-de-rap-de-transmissoras\/\" \/>\n<meta property=\"og:site_name\" content=\"Ag\u00eancia iNFRA\" \/>\n<meta property=\"article:publisher\" content=\"https:\/\/www.facebook.com\/ageninfra\" \/>\n<meta property=\"article:published_time\" content=\"2020-07-03T11:00:01+00:00\" \/>\n<meta property=\"og:image\" content=\"https:\/\/agenciainfra.com\/blog\/wp-content\/uploads\/2020\/07\/linha-transmissao-dominio-publico.jpg\" \/>\n\t<meta property=\"og:image:width\" content=\"1280\" \/>\n\t<meta property=\"og:image:height\" content=\"960\" \/>\n\t<meta property=\"og:image:type\" content=\"image\/jpeg\" \/>\n<meta name=\"author\" content=\"Rodrigo Zuquim\" \/>\n<meta name=\"twitter:card\" content=\"summary_large_image\" \/>\n<meta name=\"twitter:creator\" content=\"@agencia_infra\" \/>\n<meta name=\"twitter:site\" content=\"@agencia_infra\" \/>\n<meta name=\"twitter:label1\" content=\"Escrito por\" \/>\n\t<meta name=\"twitter:data1\" content=\"Rodrigo Zuquim\" \/>\n\t<meta name=\"twitter:label2\" content=\"Est. tempo de leitura\" \/>\n\t<meta name=\"twitter:data2\" content=\"5 minutos\" \/>\n<script type=\"application\/ld+json\" class=\"yoast-schema-graph\">{\"@context\":\"https:\/\/schema.org\",\"@graph\":[{\"@type\":\"Article\",\"@id\":\"https:\/\/agenciainfra.com\/blog\/abrate-aponta-retorno-a-sustentabilidade-de-contratos-com-revisao-de-rap-de-transmissoras\/#article\",\"isPartOf\":{\"@id\":\"https:\/\/agenciainfra.com\/blog\/abrate-aponta-retorno-a-sustentabilidade-de-contratos-com-revisao-de-rap-de-transmissoras\/\"},\"author\":{\"name\":\"Rodrigo Zuquim\",\"@id\":\"https:\/\/agenciainfra.com\/blog\/#\/schema\/person\/04dbb79bd6d8951f063da71f3e4c1eb1\"},\"headline\":\"Abrate aponta retorno \u00e0 sustentabilidade de contratos com revis\u00e3o de RAP de transmissoras\",\"datePublished\":\"2020-07-03T11:00:01+00:00\",\"mainEntityOfPage\":{\"@id\":\"https:\/\/agenciainfra.com\/blog\/abrate-aponta-retorno-a-sustentabilidade-de-contratos-com-revisao-de-rap-de-transmissoras\/\"},\"wordCount\":971,\"publisher\":{\"@id\":\"https:\/\/agenciainfra.com\/blog\/#organization\"},\"image\":{\"@id\":\"https:\/\/agenciainfra.com\/blog\/abrate-aponta-retorno-a-sustentabilidade-de-contratos-com-revisao-de-rap-de-transmissoras\/#primaryimage\"},\"thumbnailUrl\":\"https:\/\/agenciainfra.com\/blog\/wp-content\/uploads\/2020\/07\/linha-transmissao-dominio-publico-e1763034002488.jpg\",\"keywords\":[\"Abrate\",\"ANEEL\",\"Eduardo Evangelista\",\"Mario Miranda\",\"Minist\u00e9rio de Minas e Energia\",\"RAP\",\"receita anual permitida\",\"transmissoras\"],\"articleSection\":[\"Geral\",\"iNFRAEnergia\"],\"inLanguage\":\"pt-BR\",\"copyrightYear\":\"2020\",\"copyrightHolder\":{\"@id\":\"https:\/\/agenciainfra.com\/blog\/#organization\"}},{\"@type\":\"WebPage\",\"@id\":\"https:\/\/agenciainfra.com\/blog\/abrate-aponta-retorno-a-sustentabilidade-de-contratos-com-revisao-de-rap-de-transmissoras\/\",\"url\":\"https:\/\/agenciainfra.com\/blog\/abrate-aponta-retorno-a-sustentabilidade-de-contratos-com-revisao-de-rap-de-transmissoras\/\",\"name\":\"Abrate aponta retorno \u00e0 sustentabilidade de contratos com revis\u00e3o de RAP de transmissoras - Ag\u00eancia iNFRA\",\"isPartOf\":{\"@id\":\"https:\/\/agenciainfra.com\/blog\/#website\"},\"primaryImageOfPage\":{\"@id\":\"https:\/\/agenciainfra.com\/blog\/abrate-aponta-retorno-a-sustentabilidade-de-contratos-com-revisao-de-rap-de-transmissoras\/#primaryimage\"},\"image\":{\"@id\":\"https:\/\/agenciainfra.com\/blog\/abrate-aponta-retorno-a-sustentabilidade-de-contratos-com-revisao-de-rap-de-transmissoras\/#primaryimage\"},\"thumbnailUrl\":\"https:\/\/agenciainfra.com\/blog\/wp-content\/uploads\/2020\/07\/linha-transmissao-dominio-publico-e1763034002488.jpg\",\"datePublished\":\"2020-07-03T11:00:01+00:00\",\"breadcrumb\":{\"@id\":\"https:\/\/agenciainfra.com\/blog\/abrate-aponta-retorno-a-sustentabilidade-de-contratos-com-revisao-de-rap-de-transmissoras\/#breadcrumb\"},\"inLanguage\":\"pt-BR\",\"potentialAction\":[{\"@type\":\"ReadAction\",\"target\":[\"https:\/\/agenciainfra.com\/blog\/abrate-aponta-retorno-a-sustentabilidade-de-contratos-com-revisao-de-rap-de-transmissoras\/\"]}]},{\"@type\":\"ImageObject\",\"inLanguage\":\"pt-BR\",\"@id\":\"https:\/\/agenciainfra.com\/blog\/abrate-aponta-retorno-a-sustentabilidade-de-contratos-com-revisao-de-rap-de-transmissoras\/#primaryimage\",\"url\":\"https:\/\/agenciainfra.com\/blog\/wp-content\/uploads\/2020\/07\/linha-transmissao-dominio-publico-e1763034002488.jpg\",\"contentUrl\":\"https:\/\/agenciainfra.com\/blog\/wp-content\/uploads\/2020\/07\/linha-transmissao-dominio-publico-e1763034002488.jpg\",\"width\":1280,\"height\":760,\"caption\":\"Foto: Dom\u00ednio P\u00fablico\"},{\"@type\":\"BreadcrumbList\",\"@id\":\"https:\/\/agenciainfra.com\/blog\/abrate-aponta-retorno-a-sustentabilidade-de-contratos-com-revisao-de-rap-de-transmissoras\/#breadcrumb\",\"itemListElement\":[{\"@type\":\"ListItem\",\"position\":1,\"name\":\"In\u00edcio\",\"item\":\"https:\/\/agenciainfra.com\/blog\/\"},{\"@type\":\"ListItem\",\"position\":2,\"name\":\"Abrate aponta retorno \u00e0 sustentabilidade de contratos com revis\u00e3o de RAP de transmissoras\"}]},{\"@type\":\"WebSite\",\"@id\":\"https:\/\/agenciainfra.com\/blog\/#website\",\"url\":\"https:\/\/agenciainfra.com\/blog\/\",\"name\":\"Ag\u00eancia iNFRA\",\"description\":\"Multiplataforma de informa\u00e7\u00e3o jornal\u00edstica refer\u00eancia na \u00e1rea de infraestrutura no Brasil!\",\"publisher\":{\"@id\":\"https:\/\/agenciainfra.com\/blog\/#organization\"},\"potentialAction\":[{\"@type\":\"SearchAction\",\"target\":{\"@type\":\"EntryPoint\",\"urlTemplate\":\"https:\/\/agenciainfra.com\/blog\/?s={search_term_string}\"},\"query-input\":{\"@type\":\"PropertyValueSpecification\",\"valueRequired\":true,\"valueName\":\"search_term_string\"}}],\"inLanguage\":\"pt-BR\"},{\"@type\":\"Organization\",\"@id\":\"https:\/\/agenciainfra.com\/blog\/#organization\",\"name\":\"Ag\u00eancia iNFRA\",\"url\":\"https:\/\/agenciainfra.com\/blog\/\",\"logo\":{\"@type\":\"ImageObject\",\"inLanguage\":\"pt-BR\",\"@id\":\"https:\/\/agenciainfra.com\/blog\/#\/schema\/logo\/image\/\",\"url\":\"https:\/\/agenciainfra.com\/blog\/wp-content\/uploads\/2023\/09\/iNFRA_5-e1761735885940.png\",\"contentUrl\":\"https:\/\/agenciainfra.com\/blog\/wp-content\/uploads\/2023\/09\/iNFRA_5-e1761735885940.png\",\"width\":1672,\"height\":454,\"caption\":\"Ag\u00eancia iNFRA\"},\"image\":{\"@id\":\"https:\/\/agenciainfra.com\/blog\/#\/schema\/logo\/image\/\"},\"sameAs\":[\"https:\/\/www.facebook.com\/ageninfra\",\"https:\/\/x.com\/agencia_infra\",\"https:\/\/www.linkedin.com\/company\/ag\u00eanciainfra\/\",\"https:\/\/www.instagram.com\/agenciainfra\/\"]},{\"@type\":\"Person\",\"@id\":\"https:\/\/agenciainfra.com\/blog\/#\/schema\/person\/04dbb79bd6d8951f063da71f3e4c1eb1\",\"name\":\"Rodrigo Zuquim\",\"image\":{\"@type\":\"ImageObject\",\"inLanguage\":\"pt-BR\",\"@id\":\"https:\/\/agenciainfra.com\/blog\/#\/schema\/person\/image\/\",\"url\":\"https:\/\/secure.gravatar.com\/avatar\/594abfe82761d620726242ff34ca472a705a4b97f16c790053a6b4c4035274d0?s=96&d=mm&r=g\",\"contentUrl\":\"https:\/\/secure.gravatar.com\/avatar\/594abfe82761d620726242ff34ca472a705a4b97f16c790053a6b4c4035274d0?s=96&d=mm&r=g\",\"caption\":\"Rodrigo Zuquim\"},\"url\":\"https:\/\/agenciainfra.com\/blog\/author\/rodrigo-zuquim\/\"}]}<\/script>\n<!-- \/ Yoast SEO Premium plugin. -->","yoast_head_json":{"title":"Abrate aponta retorno \u00e0 sustentabilidade de contratos com revis\u00e3o de RAP de transmissoras - Ag\u00eancia iNFRA","robots":{"index":"index","follow":"follow","max-snippet":"max-snippet:-1","max-image-preview":"max-image-preview:large","max-video-preview":"max-video-preview:-1"},"canonical":"https:\/\/agenciainfra.com\/blog\/abrate-aponta-retorno-a-sustentabilidade-de-contratos-com-revisao-de-rap-de-transmissoras\/","og_locale":"pt_BR","og_type":"article","og_title":"Abrate aponta retorno \u00e0 sustentabilidade de contratos com revis\u00e3o de RAP de transmissoras","og_description":"&nbsp;Guilherme Mendes,&nbsp;da Ag\u00eancia iNFRA A diretoria da ANEEL (Ag\u00eancia Nacional de Energia El\u00e9trica) revisou, na \u00faltima ter\u00e7a-feira (30), as RAPs (Receitas Anuais Permitidas) de nove dos chamados &#8220;contratos prorrogados&#8221; de 2013. A ag\u00eancia tamb\u00e9m reviu, para baixo, a RAP de duas transmissoras com contratos mais recentes. Para as transmissoras com contratos renovados, houve aumento m\u00e9dio [&hellip;]","og_url":"https:\/\/agenciainfra.com\/blog\/abrate-aponta-retorno-a-sustentabilidade-de-contratos-com-revisao-de-rap-de-transmissoras\/","og_site_name":"Ag\u00eancia iNFRA","article_publisher":"https:\/\/www.facebook.com\/ageninfra","article_published_time":"2020-07-03T11:00:01+00:00","og_image":[{"width":1280,"height":960,"url":"https:\/\/agenciainfra.com\/blog\/wp-content\/uploads\/2020\/07\/linha-transmissao-dominio-publico.jpg","type":"image\/jpeg"}],"author":"Rodrigo Zuquim","twitter_card":"summary_large_image","twitter_creator":"@agencia_infra","twitter_site":"@agencia_infra","twitter_misc":{"Escrito por":"Rodrigo Zuquim","Est. tempo de leitura":"5 minutos"},"schema":{"@context":"https:\/\/schema.org","@graph":[{"@type":"Article","@id":"https:\/\/agenciainfra.com\/blog\/abrate-aponta-retorno-a-sustentabilidade-de-contratos-com-revisao-de-rap-de-transmissoras\/#article","isPartOf":{"@id":"https:\/\/agenciainfra.com\/blog\/abrate-aponta-retorno-a-sustentabilidade-de-contratos-com-revisao-de-rap-de-transmissoras\/"},"author":{"name":"Rodrigo Zuquim","@id":"https:\/\/agenciainfra.com\/blog\/#\/schema\/person\/04dbb79bd6d8951f063da71f3e4c1eb1"},"headline":"Abrate aponta retorno \u00e0 sustentabilidade de contratos com revis\u00e3o de RAP de transmissoras","datePublished":"2020-07-03T11:00:01+00:00","mainEntityOfPage":{"@id":"https:\/\/agenciainfra.com\/blog\/abrate-aponta-retorno-a-sustentabilidade-de-contratos-com-revisao-de-rap-de-transmissoras\/"},"wordCount":971,"publisher":{"@id":"https:\/\/agenciainfra.com\/blog\/#organization"},"image":{"@id":"https:\/\/agenciainfra.com\/blog\/abrate-aponta-retorno-a-sustentabilidade-de-contratos-com-revisao-de-rap-de-transmissoras\/#primaryimage"},"thumbnailUrl":"https:\/\/agenciainfra.com\/blog\/wp-content\/uploads\/2020\/07\/linha-transmissao-dominio-publico-e1763034002488.jpg","keywords":["Abrate","ANEEL","Eduardo Evangelista","Mario Miranda","Minist\u00e9rio de Minas e Energia","RAP","receita anual permitida","transmissoras"],"articleSection":["Geral","iNFRAEnergia"],"inLanguage":"pt-BR","copyrightYear":"2020","copyrightHolder":{"@id":"https:\/\/agenciainfra.com\/blog\/#organization"}},{"@type":"WebPage","@id":"https:\/\/agenciainfra.com\/blog\/abrate-aponta-retorno-a-sustentabilidade-de-contratos-com-revisao-de-rap-de-transmissoras\/","url":"https:\/\/agenciainfra.com\/blog\/abrate-aponta-retorno-a-sustentabilidade-de-contratos-com-revisao-de-rap-de-transmissoras\/","name":"Abrate aponta retorno \u00e0 sustentabilidade de contratos com revis\u00e3o de RAP de transmissoras - Ag\u00eancia iNFRA","isPartOf":{"@id":"https:\/\/agenciainfra.com\/blog\/#website"},"primaryImageOfPage":{"@id":"https:\/\/agenciainfra.com\/blog\/abrate-aponta-retorno-a-sustentabilidade-de-contratos-com-revisao-de-rap-de-transmissoras\/#primaryimage"},"image":{"@id":"https:\/\/agenciainfra.com\/blog\/abrate-aponta-retorno-a-sustentabilidade-de-contratos-com-revisao-de-rap-de-transmissoras\/#primaryimage"},"thumbnailUrl":"https:\/\/agenciainfra.com\/blog\/wp-content\/uploads\/2020\/07\/linha-transmissao-dominio-publico-e1763034002488.jpg","datePublished":"2020-07-03T11:00:01+00:00","breadcrumb":{"@id":"https:\/\/agenciainfra.com\/blog\/abrate-aponta-retorno-a-sustentabilidade-de-contratos-com-revisao-de-rap-de-transmissoras\/#breadcrumb"},"inLanguage":"pt-BR","potentialAction":[{"@type":"ReadAction","target":["https:\/\/agenciainfra.com\/blog\/abrate-aponta-retorno-a-sustentabilidade-de-contratos-com-revisao-de-rap-de-transmissoras\/"]}]},{"@type":"ImageObject","inLanguage":"pt-BR","@id":"https:\/\/agenciainfra.com\/blog\/abrate-aponta-retorno-a-sustentabilidade-de-contratos-com-revisao-de-rap-de-transmissoras\/#primaryimage","url":"https:\/\/agenciainfra.com\/blog\/wp-content\/uploads\/2020\/07\/linha-transmissao-dominio-publico-e1763034002488.jpg","contentUrl":"https:\/\/agenciainfra.com\/blog\/wp-content\/uploads\/2020\/07\/linha-transmissao-dominio-publico-e1763034002488.jpg","width":1280,"height":760,"caption":"Foto: Dom\u00ednio P\u00fablico"},{"@type":"BreadcrumbList","@id":"https:\/\/agenciainfra.com\/blog\/abrate-aponta-retorno-a-sustentabilidade-de-contratos-com-revisao-de-rap-de-transmissoras\/#breadcrumb","itemListElement":[{"@type":"ListItem","position":1,"name":"In\u00edcio","item":"https:\/\/agenciainfra.com\/blog\/"},{"@type":"ListItem","position":2,"name":"Abrate aponta retorno \u00e0 sustentabilidade de contratos com revis\u00e3o de RAP de transmissoras"}]},{"@type":"WebSite","@id":"https:\/\/agenciainfra.com\/blog\/#website","url":"https:\/\/agenciainfra.com\/blog\/","name":"Ag\u00eancia iNFRA","description":"Multiplataforma de informa\u00e7\u00e3o jornal\u00edstica refer\u00eancia na \u00e1rea de infraestrutura no Brasil!","publisher":{"@id":"https:\/\/agenciainfra.com\/blog\/#organization"},"potentialAction":[{"@type":"SearchAction","target":{"@type":"EntryPoint","urlTemplate":"https:\/\/agenciainfra.com\/blog\/?s={search_term_string}"},"query-input":{"@type":"PropertyValueSpecification","valueRequired":true,"valueName":"search_term_string"}}],"inLanguage":"pt-BR"},{"@type":"Organization","@id":"https:\/\/agenciainfra.com\/blog\/#organization","name":"Ag\u00eancia iNFRA","url":"https:\/\/agenciainfra.com\/blog\/","logo":{"@type":"ImageObject","inLanguage":"pt-BR","@id":"https:\/\/agenciainfra.com\/blog\/#\/schema\/logo\/image\/","url":"https:\/\/agenciainfra.com\/blog\/wp-content\/uploads\/2023\/09\/iNFRA_5-e1761735885940.png","contentUrl":"https:\/\/agenciainfra.com\/blog\/wp-content\/uploads\/2023\/09\/iNFRA_5-e1761735885940.png","width":1672,"height":454,"caption":"Ag\u00eancia iNFRA"},"image":{"@id":"https:\/\/agenciainfra.com\/blog\/#\/schema\/logo\/image\/"},"sameAs":["https:\/\/www.facebook.com\/ageninfra","https:\/\/x.com\/agencia_infra","https:\/\/www.linkedin.com\/company\/ag\u00eanciainfra\/","https:\/\/www.instagram.com\/agenciainfra\/"]},{"@type":"Person","@id":"https:\/\/agenciainfra.com\/blog\/#\/schema\/person\/04dbb79bd6d8951f063da71f3e4c1eb1","name":"Rodrigo Zuquim","image":{"@type":"ImageObject","inLanguage":"pt-BR","@id":"https:\/\/agenciainfra.com\/blog\/#\/schema\/person\/image\/","url":"https:\/\/secure.gravatar.com\/avatar\/594abfe82761d620726242ff34ca472a705a4b97f16c790053a6b4c4035274d0?s=96&d=mm&r=g","contentUrl":"https:\/\/secure.gravatar.com\/avatar\/594abfe82761d620726242ff34ca472a705a4b97f16c790053a6b4c4035274d0?s=96&d=mm&r=g","caption":"Rodrigo Zuquim"},"url":"https:\/\/agenciainfra.com\/blog\/author\/rodrigo-zuquim\/"}]}},"_links":{"self":[{"href":"https:\/\/agenciainfra.com\/blog\/wp-json\/wp\/v2\/posts\/5307","targetHints":{"allow":["GET"]}}],"collection":[{"href":"https:\/\/agenciainfra.com\/blog\/wp-json\/wp\/v2\/posts"}],"about":[{"href":"https:\/\/agenciainfra.com\/blog\/wp-json\/wp\/v2\/types\/post"}],"author":[{"embeddable":true,"href":"https:\/\/agenciainfra.com\/blog\/wp-json\/wp\/v2\/users\/9"}],"replies":[{"embeddable":true,"href":"https:\/\/agenciainfra.com\/blog\/wp-json\/wp\/v2\/comments?post=5307"}],"version-history":[{"count":0,"href":"https:\/\/agenciainfra.com\/blog\/wp-json\/wp\/v2\/posts\/5307\/revisions"}],"wp:featuredmedia":[{"embeddable":true,"href":"https:\/\/agenciainfra.com\/blog\/wp-json\/wp\/v2\/media\/5308"}],"wp:attachment":[{"href":"https:\/\/agenciainfra.com\/blog\/wp-json\/wp\/v2\/media?parent=5307"}],"wp:term":[{"taxonomy":"category","embeddable":true,"href":"https:\/\/agenciainfra.com\/blog\/wp-json\/wp\/v2\/categories?post=5307"},{"taxonomy":"post_tag","embeddable":true,"href":"https:\/\/agenciainfra.com\/blog\/wp-json\/wp\/v2\/tags?post=5307"}],"curies":[{"name":"wp","href":"https:\/\/api.w.org\/{rel}","templated":true}]}}