{"id":5310,"date":"2020-07-04T08:00:00","date_gmt":"2020-07-04T11:00:00","guid":{"rendered":"https:\/\/www.agenciainfra.com\/blog\/?p=5310"},"modified":"2020-07-02T18:57:25","modified_gmt":"2020-07-02T21:57:25","slug":"com-ferrovia-so-de-um-lado-logistica-do-algodao-enfrenta-dificuldades-no-porto-de-santos","status":"publish","type":"post","link":"https:\/\/agenciainfra.com\/blog\/com-ferrovia-so-de-um-lado-logistica-do-algodao-enfrenta-dificuldades-no-porto-de-santos\/","title":{"rendered":"Com ferrovia s\u00f3 de um lado, log\u00edstica do algod\u00e3o enfrenta dificuldades no Porto de Santos"},"content":{"rendered":"\n<hr class=\"wp-block-separator\"\/>\n\n\n\n<p class=\"has-text-align-right\"><strong>Dimmi Amora, da\u00a0Ag\u00eancia iNFRA<\/strong><\/p>\n\n\n\n<p>O Brasil poder\u00e1 bater novamente recorde de exporta\u00e7\u00e3o de algod\u00e3o em 2020, uma das commodities agr\u00edcolas que mais cresceram nos \u00faltimos anos, mesmo com cen\u00e1rio de pandemia de Covid-19.\u00a0O v\u00edrus n\u00e3o foi capaz de reduzir a demanda pelo produto. Mas uma doen\u00e7a cr\u00f4nica pode ter mais efeitos sobre essa produ\u00e7\u00e3o: a falta de log\u00edstica adequada ao transporte do produto.<br><br>No principal porto de exporta\u00e7\u00e3o do pa\u00eds, Santos (SP), apenas uma parte dos terminais pode ser atendida da maneira mais econ\u00f4mica de transportar o produto internamente: por ferrovia.<br><br>E o estado que \u00e9 o segundo maior produtor do pa\u00eds, a Bahia, tem que levar de caminh\u00e3o seus produtos para S\u00e3o Paulo por n\u00e3o haver servi\u00e7os de navega\u00e7\u00e3o dispon\u00edveis nos portos locais para exportar o produto.<br><br>As informa\u00e7\u00f5es foram dadas por Gustavo Paschoa, diretor comercial para costa leste da Am\u00e9rica do Sul da Maersk, companhia de internacional de log\u00edstica, que apresentou um relat\u00f3rio sobre a opera\u00e7\u00e3o do produto no Brasil na \u00faltima ter\u00e7a-feira (30). O relat\u00f3rio est\u00e1 dispon\u00edvel\u00a0<a rel=\"noreferrer noopener\" href=\"https:\/\/agenciainfra.us14.list-manage.com\/track\/click?u=d460dd1bcf9ba0ae040e1fc0f&amp;id=8e7dc90698&amp;e=c099169394\" target=\"_blank\">neste link<\/a>.\u00a0<br><br>Segundo Paschoa, da safra de 2,8 milh\u00f5es de toneladas do pa\u00eds, 1,8 milh\u00e3o ser\u00e3o exportadas. Cerca de 70% da safra j\u00e1 foi vendida para tradings do setor. O desafio para o com\u00e9rcio do produto agora tem dois aspectos.\u00a0<br><br>O primeiro, segundo ele, \u00e9 saber como ficar\u00e3o as rela\u00e7\u00f5es entre China e EUA no com\u00e9rcio bilateral, o que pode levar a impactos na compra desse produto pelos chineses, nosso maior mercado. Caso os chineses aceitem comprar mais dos americanos, concorrentes do Brasil, nosso pa\u00eds ter\u00e1 que buscar novos mercados e os pre\u00e7os podem ser mais baixos.<br><br>O outro aspecto \u00e9 operacionalizar o contato entre as regi\u00f5es produtoras e os portos. Segundo Paschoa, as ferrovias t\u00eam pouca capilaridade, o que torna o custo de log\u00edstica mais elevado. O transporte por trens torna a opera\u00e7\u00e3o log\u00edstica 40% a 50% mais barata, de acordo com o diretor.<br><br>Por isso, a empresa construiu um terminal log\u00edstico em Rondon\u00f3polis (MT) para enviar por trem a produ\u00e7\u00e3o do estado, que \u00e9 l\u00edder nesse produto, por via ferrovi\u00e1ria. Paschoa afirmou que os cont\u00eaineres s\u00e3o estufados (preparados para o produto) em Rondon\u00f3polis para seguir numa viagem de trem pelas malhas ferrovi\u00e1rias Norte e Paulista, operadas pela Rumo, at\u00e9 Santos, em composi\u00e7\u00f5es da Brado Log\u00edstica, empresa ferrovi\u00e1ria de transporte de cont\u00eaineres tamb\u00e9m da Rumo.<br><br>Com isso, a opera\u00e7\u00e3o ferrovi\u00e1ria conseguiu pular de cerca de 10% do total transportado para exporta\u00e7\u00e3o em Santos pela empresa, h\u00e1 dois anos, para algo em torno dos 35% atualmente. No entanto, a infraestrutura ferrovi\u00e1ria do porto traz um limite para o crescimento.<br><br>Segundo Paschoa, apenas o terminal da Santos Brasil, na margem esquerda do porto, pode receber cont\u00eaineres diretamente da ferrovia. Para os outros, \u00e9 necess\u00e1rio que o cont\u00eainer seja desembarcado num terminal em Sumar\u00e9 e seja colocado num caminh\u00e3o para seguir para os terminais da margem direita do Porto, como o BTP. &#8220;Essa desconex\u00e3o dificulta&#8221;, admitiu o diretor da empresa.<br><br><strong>Tentativa de solu\u00e7\u00e3o<\/strong><br>O Minist\u00e9rio da Infraestrutura informou que deu mais um passo na tentativa de ampliar a capacidade ferrovi\u00e1ria do porto com a publica\u00e7\u00e3o na ter\u00e7a-feira (30) da nova poligonal do Porto de Santos. Segundo a pasta, h\u00e1 agora &#8220;clara delimita\u00e7\u00e3o da \u00e1rea do porto organizado, por meio de 79 pol\u00edgonos identificados com precis\u00e3o&#8221;.<br><br>Com as novas delimita\u00e7\u00f5es do porto, o minist\u00e9rio informou que ser\u00e1 poss\u00edvel dar prosseguimento ao processo de aprova\u00e7\u00e3o do novo PDZ (Plano de Desenvolvimento e Zoneamento), que prev\u00ea uma reestrutura\u00e7\u00e3o dos terminais, e que tem como um dos objetivos ampliar a opera\u00e7\u00e3o ferrovi\u00e1ria na margem direita. Apresenta\u00e7\u00e3o sobre o novo PDZ est\u00e1 dispon\u00edvel\u00a0<a rel=\"noreferrer noopener\" href=\"https:\/\/agenciainfra.us14.list-manage.com\/track\/click?u=d460dd1bcf9ba0ae040e1fc0f&amp;id=5cd515c6c4&amp;e=c099169394\" target=\"_blank\">neste link<\/a>.<br><br>Para isso, o governo enfrenta a oposi\u00e7\u00e3o de um dos terminais com opera\u00e7\u00e3o no porto, a Marimex, cuja \u00e1rea seria usada para criar uma pera ferrovi\u00e1ria na regi\u00e3o. A empresa alega ter direito a uma renova\u00e7\u00e3o de seu contrato e que sua sa\u00edda poder\u00e1 resultar em concentra\u00e7\u00e3o do mercado de cont\u00eaineres e consequente aumento de pre\u00e7os, o que o governo nega.<br><br>Uma apela\u00e7\u00e3o da companhia (1012715-91.2020.4.01.0000) impetrada junto ao TRF (Tribunal Regional Federal) da 1\u00aa Regi\u00e3o para impedir o fim do contrato teve liminar negada nesta ter\u00e7a-feira. Uma outra liminar do TCU (Tribunal de Contas da Uni\u00e3o) ainda impede o governo de iniciar um processo de transi\u00e7\u00e3o da \u00e1rea.<br><br>Em nota, o ministro da Infraestrutura, Tarc\u00edsio de Freitas, afirmou que o PDZ anterior tinha 18 anos e que o novo plano ser\u00e1 passo importante para o processo de desestatiza\u00e7\u00e3o do porto.<br><br>&#8220;A nova poligonal estabelece um marco para a moderniza\u00e7\u00e3o do Porto de Santos ao permitir a concretiza\u00e7\u00e3o do planejamento de longo prazo de acordo com as diretrizes do Minfra de tornar o porto mais racional e eficiente&#8221;, diz o texto.<br><br><strong>Concentra\u00e7\u00e3o<\/strong><br>Mesmo com os problemas, Santos \u00e9 o maior porto de exporta\u00e7\u00e3o de cont\u00eaineres do Brasil, concentrando pouco mais de um de cada tr\u00eas movimentados no longo curso, segundo dados da ANTAQ (Ag\u00eancia Nacional de Transportes Aquavi\u00e1rios). Isso faz com que os servi\u00e7os das companhias mar\u00edtimas concentrem-se na regi\u00e3o e os produtores do pa\u00eds vejam-se obrigados a levar suas cargas para l\u00e1.<br><br>Segundo Paschoa, da Maersk, \u00e9 o caso dos produtores de algod\u00e3o da Bahia, que s\u00f3 produz menos que o Mato Grosso, mas que tem que enviar toda a sua produ\u00e7\u00e3o, de caminh\u00e3o, para S\u00e3o Paulo por n\u00e3o haver servi\u00e7os dispon\u00edveis para a exporta\u00e7\u00e3o nos portos do estado. E nem trens para lev\u00e1-los a S\u00e3o Paulo.<\/p>\n","protected":false},"excerpt":{"rendered":"<p>Dimmi Amora, da\u00a0Ag\u00eancia iNFRA O Brasil poder\u00e1 bater novamente recorde de exporta\u00e7\u00e3o de algod\u00e3o em 2020, uma das commodities agr\u00edcolas que mais cresceram nos \u00faltimos anos, mesmo com cen\u00e1rio de pandemia de Covid-19.\u00a0O v\u00edrus n\u00e3o foi capaz de reduzir a demanda pelo produto. Mas uma doen\u00e7a cr\u00f4nica pode ter mais efeitos sobre essa produ\u00e7\u00e3o: a [&hellip;]<\/p>\n","protected":false},"author":9,"featured_media":5311,"comment_status":"closed","ping_status":"closed","sticky":false,"template":"","format":"standard","meta":{"_monsterinsights_skip_tracking":false,"_monsterinsights_sitenote_active":false,"_monsterinsights_sitenote_note":"","_monsterinsights_sitenote_category":0,"footnotes":""},"categories":[1,7],"tags":[2226,86,2228,79,2227,66,1057,1718,775,2229,260,80,448],"class_list":["post-5310","post","type-post","status-publish","format-standard","has-post-thumbnail","hentry","category-geral","category-infratransporte","tag-algodao","tag-antaq","tag-brado-logistica","tag-ferrovia","tag-gustavo-paschoa","tag-logistica","tag-maersk","tag-marimex","tag-ministerio-da-infraestrutura","tag-pdz","tag-porto-de-santos","tag-rumo","tag-tarcisio-de-freitas"],"yoast_head":"<!-- This site is optimized with the Yoast SEO Premium plugin v25.4 (Yoast SEO v26.0) - https:\/\/yoast.com\/wordpress\/plugins\/seo\/ -->\n<title>Com ferrovia s\u00f3 de um lado, log\u00edstica do algod\u00e3o enfrenta dificuldades no Porto de Santos - Ag\u00eancia iNFRA<\/title>\n<meta name=\"robots\" content=\"index, follow, max-snippet:-1, max-image-preview:large, max-video-preview:-1\" \/>\n<link rel=\"canonical\" href=\"https:\/\/agenciainfra.com\/blog\/com-ferrovia-so-de-um-lado-logistica-do-algodao-enfrenta-dificuldades-no-porto-de-santos\/\" \/>\n<meta property=\"og:locale\" content=\"pt_BR\" \/>\n<meta property=\"og:type\" content=\"article\" \/>\n<meta property=\"og:title\" content=\"Com ferrovia s\u00f3 de um lado, log\u00edstica do algod\u00e3o enfrenta dificuldades no Porto de Santos\" \/>\n<meta property=\"og:description\" content=\"Dimmi Amora, da\u00a0Ag\u00eancia iNFRA O Brasil poder\u00e1 bater novamente recorde de exporta\u00e7\u00e3o de algod\u00e3o em 2020, uma das commodities agr\u00edcolas que mais cresceram nos \u00faltimos anos, mesmo com cen\u00e1rio de pandemia de Covid-19.\u00a0O v\u00edrus n\u00e3o foi capaz de reduzir a demanda pelo produto. Mas uma doen\u00e7a cr\u00f4nica pode ter mais efeitos sobre essa produ\u00e7\u00e3o: a [&hellip;]\" \/>\n<meta property=\"og:url\" content=\"https:\/\/agenciainfra.com\/blog\/com-ferrovia-so-de-um-lado-logistica-do-algodao-enfrenta-dificuldades-no-porto-de-santos\/\" \/>\n<meta property=\"og:site_name\" content=\"Ag\u00eancia iNFRA\" \/>\n<meta property=\"article:publisher\" content=\"https:\/\/www.facebook.com\/ageninfra\" \/>\n<meta property=\"article:published_time\" content=\"2020-07-04T11:00:00+00:00\" \/>\n<meta property=\"og:image\" content=\"https:\/\/agenciainfra.com\/blog\/wp-content\/uploads\/2020\/07\/algodao-dominio-publico.jpg\" \/>\n\t<meta property=\"og:image:width\" content=\"1280\" \/>\n\t<meta property=\"og:image:height\" content=\"853\" \/>\n\t<meta property=\"og:image:type\" content=\"image\/jpeg\" \/>\n<meta name=\"author\" content=\"Rodrigo Zuquim\" \/>\n<meta name=\"twitter:card\" content=\"summary_large_image\" \/>\n<meta name=\"twitter:creator\" content=\"@agencia_infra\" \/>\n<meta name=\"twitter:site\" content=\"@agencia_infra\" \/>\n<meta name=\"twitter:label1\" content=\"Escrito por\" \/>\n\t<meta name=\"twitter:data1\" content=\"Rodrigo Zuquim\" \/>\n\t<meta name=\"twitter:label2\" content=\"Est. tempo de leitura\" \/>\n\t<meta name=\"twitter:data2\" content=\"5 minutos\" \/>\n<script type=\"application\/ld+json\" class=\"yoast-schema-graph\">{\"@context\":\"https:\/\/schema.org\",\"@graph\":[{\"@type\":\"Article\",\"@id\":\"https:\/\/agenciainfra.com\/blog\/com-ferrovia-so-de-um-lado-logistica-do-algodao-enfrenta-dificuldades-no-porto-de-santos\/#article\",\"isPartOf\":{\"@id\":\"https:\/\/agenciainfra.com\/blog\/com-ferrovia-so-de-um-lado-logistica-do-algodao-enfrenta-dificuldades-no-porto-de-santos\/\"},\"author\":{\"name\":\"Rodrigo Zuquim\",\"@id\":\"https:\/\/agenciainfra.com\/blog\/#\/schema\/person\/04dbb79bd6d8951f063da71f3e4c1eb1\"},\"headline\":\"Com ferrovia s\u00f3 de um lado, log\u00edstica do algod\u00e3o enfrenta dificuldades no Porto de Santos\",\"datePublished\":\"2020-07-04T11:00:00+00:00\",\"mainEntityOfPage\":{\"@id\":\"https:\/\/agenciainfra.com\/blog\/com-ferrovia-so-de-um-lado-logistica-do-algodao-enfrenta-dificuldades-no-porto-de-santos\/\"},\"wordCount\":1017,\"publisher\":{\"@id\":\"https:\/\/agenciainfra.com\/blog\/#organization\"},\"image\":{\"@id\":\"https:\/\/agenciainfra.com\/blog\/com-ferrovia-so-de-um-lado-logistica-do-algodao-enfrenta-dificuldades-no-porto-de-santos\/#primaryimage\"},\"thumbnailUrl\":\"https:\/\/agenciainfra.com\/blog\/wp-content\/uploads\/2020\/07\/algodao-dominio-publico.jpg\",\"keywords\":[\"algod\u00e3o\",\"ANTAQ\",\"Brado Log\u00edstica\",\"Ferrovia\",\"Gustavo Paschoa\",\"log\u00edstica\",\"Maersk\",\"Marimex\",\"Minist\u00e9rio da Infraestrutura\",\"PDZ\",\"Porto de Santos\",\"Rumo\",\"Tarc\u00edsio de Freitas\"],\"articleSection\":[\"Geral\",\"iNFRATransporte\"],\"inLanguage\":\"pt-BR\",\"copyrightYear\":\"2020\",\"copyrightHolder\":{\"@id\":\"https:\/\/agenciainfra.com\/blog\/#organization\"}},{\"@type\":\"WebPage\",\"@id\":\"https:\/\/agenciainfra.com\/blog\/com-ferrovia-so-de-um-lado-logistica-do-algodao-enfrenta-dificuldades-no-porto-de-santos\/\",\"url\":\"https:\/\/agenciainfra.com\/blog\/com-ferrovia-so-de-um-lado-logistica-do-algodao-enfrenta-dificuldades-no-porto-de-santos\/\",\"name\":\"Com ferrovia s\u00f3 de um lado, log\u00edstica do algod\u00e3o enfrenta dificuldades no Porto de Santos - Ag\u00eancia iNFRA\",\"isPartOf\":{\"@id\":\"https:\/\/agenciainfra.com\/blog\/#website\"},\"primaryImageOfPage\":{\"@id\":\"https:\/\/agenciainfra.com\/blog\/com-ferrovia-so-de-um-lado-logistica-do-algodao-enfrenta-dificuldades-no-porto-de-santos\/#primaryimage\"},\"image\":{\"@id\":\"https:\/\/agenciainfra.com\/blog\/com-ferrovia-so-de-um-lado-logistica-do-algodao-enfrenta-dificuldades-no-porto-de-santos\/#primaryimage\"},\"thumbnailUrl\":\"https:\/\/agenciainfra.com\/blog\/wp-content\/uploads\/2020\/07\/algodao-dominio-publico.jpg\",\"datePublished\":\"2020-07-04T11:00:00+00:00\",\"breadcrumb\":{\"@id\":\"https:\/\/agenciainfra.com\/blog\/com-ferrovia-so-de-um-lado-logistica-do-algodao-enfrenta-dificuldades-no-porto-de-santos\/#breadcrumb\"},\"inLanguage\":\"pt-BR\",\"potentialAction\":[{\"@type\":\"ReadAction\",\"target\":[\"https:\/\/agenciainfra.com\/blog\/com-ferrovia-so-de-um-lado-logistica-do-algodao-enfrenta-dificuldades-no-porto-de-santos\/\"]}]},{\"@type\":\"ImageObject\",\"inLanguage\":\"pt-BR\",\"@id\":\"https:\/\/agenciainfra.com\/blog\/com-ferrovia-so-de-um-lado-logistica-do-algodao-enfrenta-dificuldades-no-porto-de-santos\/#primaryimage\",\"url\":\"https:\/\/agenciainfra.com\/blog\/wp-content\/uploads\/2020\/07\/algodao-dominio-publico.jpg\",\"contentUrl\":\"https:\/\/agenciainfra.com\/blog\/wp-content\/uploads\/2020\/07\/algodao-dominio-publico.jpg\",\"width\":1280,\"height\":853},{\"@type\":\"BreadcrumbList\",\"@id\":\"https:\/\/agenciainfra.com\/blog\/com-ferrovia-so-de-um-lado-logistica-do-algodao-enfrenta-dificuldades-no-porto-de-santos\/#breadcrumb\",\"itemListElement\":[{\"@type\":\"ListItem\",\"position\":1,\"name\":\"In\u00edcio\",\"item\":\"https:\/\/agenciainfra.com\/blog\/\"},{\"@type\":\"ListItem\",\"position\":2,\"name\":\"Com ferrovia s\u00f3 de um lado, log\u00edstica do algod\u00e3o enfrenta dificuldades no Porto de Santos\"}]},{\"@type\":\"WebSite\",\"@id\":\"https:\/\/agenciainfra.com\/blog\/#website\",\"url\":\"https:\/\/agenciainfra.com\/blog\/\",\"name\":\"Ag\u00eancia iNFRA\",\"description\":\"Multiplataforma de informa\u00e7\u00e3o jornal\u00edstica refer\u00eancia na \u00e1rea de infraestrutura no Brasil!\",\"publisher\":{\"@id\":\"https:\/\/agenciainfra.com\/blog\/#organization\"},\"potentialAction\":[{\"@type\":\"SearchAction\",\"target\":{\"@type\":\"EntryPoint\",\"urlTemplate\":\"https:\/\/agenciainfra.com\/blog\/?s={search_term_string}\"},\"query-input\":{\"@type\":\"PropertyValueSpecification\",\"valueRequired\":true,\"valueName\":\"search_term_string\"}}],\"inLanguage\":\"pt-BR\"},{\"@type\":\"Organization\",\"@id\":\"https:\/\/agenciainfra.com\/blog\/#organization\",\"name\":\"Ag\u00eancia iNFRA\",\"url\":\"https:\/\/agenciainfra.com\/blog\/\",\"logo\":{\"@type\":\"ImageObject\",\"inLanguage\":\"pt-BR\",\"@id\":\"https:\/\/agenciainfra.com\/blog\/#\/schema\/logo\/image\/\",\"url\":\"https:\/\/agenciainfra.com\/blog\/wp-content\/uploads\/2023\/09\/iNFRA_5-e1761735885940.png\",\"contentUrl\":\"https:\/\/agenciainfra.com\/blog\/wp-content\/uploads\/2023\/09\/iNFRA_5-e1761735885940.png\",\"width\":1672,\"height\":454,\"caption\":\"Ag\u00eancia iNFRA\"},\"image\":{\"@id\":\"https:\/\/agenciainfra.com\/blog\/#\/schema\/logo\/image\/\"},\"sameAs\":[\"https:\/\/www.facebook.com\/ageninfra\",\"https:\/\/x.com\/agencia_infra\",\"https:\/\/www.linkedin.com\/company\/ag\u00eanciainfra\/\",\"https:\/\/www.instagram.com\/agenciainfra\/\"]},{\"@type\":\"Person\",\"@id\":\"https:\/\/agenciainfra.com\/blog\/#\/schema\/person\/04dbb79bd6d8951f063da71f3e4c1eb1\",\"name\":\"Rodrigo Zuquim\",\"image\":{\"@type\":\"ImageObject\",\"inLanguage\":\"pt-BR\",\"@id\":\"https:\/\/agenciainfra.com\/blog\/#\/schema\/person\/image\/\",\"url\":\"https:\/\/secure.gravatar.com\/avatar\/594abfe82761d620726242ff34ca472a705a4b97f16c790053a6b4c4035274d0?s=96&d=mm&r=g\",\"contentUrl\":\"https:\/\/secure.gravatar.com\/avatar\/594abfe82761d620726242ff34ca472a705a4b97f16c790053a6b4c4035274d0?s=96&d=mm&r=g\",\"caption\":\"Rodrigo Zuquim\"},\"url\":\"https:\/\/agenciainfra.com\/blog\/author\/rodrigo-zuquim\/\"}]}<\/script>\n<!-- \/ Yoast SEO Premium plugin. -->","yoast_head_json":{"title":"Com ferrovia s\u00f3 de um lado, log\u00edstica do algod\u00e3o enfrenta dificuldades no Porto de Santos - Ag\u00eancia iNFRA","robots":{"index":"index","follow":"follow","max-snippet":"max-snippet:-1","max-image-preview":"max-image-preview:large","max-video-preview":"max-video-preview:-1"},"canonical":"https:\/\/agenciainfra.com\/blog\/com-ferrovia-so-de-um-lado-logistica-do-algodao-enfrenta-dificuldades-no-porto-de-santos\/","og_locale":"pt_BR","og_type":"article","og_title":"Com ferrovia s\u00f3 de um lado, log\u00edstica do algod\u00e3o enfrenta dificuldades no Porto de Santos","og_description":"Dimmi Amora, da\u00a0Ag\u00eancia iNFRA O Brasil poder\u00e1 bater novamente recorde de exporta\u00e7\u00e3o de algod\u00e3o em 2020, uma das commodities agr\u00edcolas que mais cresceram nos \u00faltimos anos, mesmo com cen\u00e1rio de pandemia de Covid-19.\u00a0O v\u00edrus n\u00e3o foi capaz de reduzir a demanda pelo produto. Mas uma doen\u00e7a cr\u00f4nica pode ter mais efeitos sobre essa produ\u00e7\u00e3o: a [&hellip;]","og_url":"https:\/\/agenciainfra.com\/blog\/com-ferrovia-so-de-um-lado-logistica-do-algodao-enfrenta-dificuldades-no-porto-de-santos\/","og_site_name":"Ag\u00eancia iNFRA","article_publisher":"https:\/\/www.facebook.com\/ageninfra","article_published_time":"2020-07-04T11:00:00+00:00","og_image":[{"width":1280,"height":853,"url":"https:\/\/agenciainfra.com\/blog\/wp-content\/uploads\/2020\/07\/algodao-dominio-publico.jpg","type":"image\/jpeg"}],"author":"Rodrigo Zuquim","twitter_card":"summary_large_image","twitter_creator":"@agencia_infra","twitter_site":"@agencia_infra","twitter_misc":{"Escrito por":"Rodrigo Zuquim","Est. tempo de leitura":"5 minutos"},"schema":{"@context":"https:\/\/schema.org","@graph":[{"@type":"Article","@id":"https:\/\/agenciainfra.com\/blog\/com-ferrovia-so-de-um-lado-logistica-do-algodao-enfrenta-dificuldades-no-porto-de-santos\/#article","isPartOf":{"@id":"https:\/\/agenciainfra.com\/blog\/com-ferrovia-so-de-um-lado-logistica-do-algodao-enfrenta-dificuldades-no-porto-de-santos\/"},"author":{"name":"Rodrigo Zuquim","@id":"https:\/\/agenciainfra.com\/blog\/#\/schema\/person\/04dbb79bd6d8951f063da71f3e4c1eb1"},"headline":"Com ferrovia s\u00f3 de um lado, log\u00edstica do algod\u00e3o enfrenta dificuldades no Porto de Santos","datePublished":"2020-07-04T11:00:00+00:00","mainEntityOfPage":{"@id":"https:\/\/agenciainfra.com\/blog\/com-ferrovia-so-de-um-lado-logistica-do-algodao-enfrenta-dificuldades-no-porto-de-santos\/"},"wordCount":1017,"publisher":{"@id":"https:\/\/agenciainfra.com\/blog\/#organization"},"image":{"@id":"https:\/\/agenciainfra.com\/blog\/com-ferrovia-so-de-um-lado-logistica-do-algodao-enfrenta-dificuldades-no-porto-de-santos\/#primaryimage"},"thumbnailUrl":"https:\/\/agenciainfra.com\/blog\/wp-content\/uploads\/2020\/07\/algodao-dominio-publico.jpg","keywords":["algod\u00e3o","ANTAQ","Brado Log\u00edstica","Ferrovia","Gustavo Paschoa","log\u00edstica","Maersk","Marimex","Minist\u00e9rio da Infraestrutura","PDZ","Porto de Santos","Rumo","Tarc\u00edsio de Freitas"],"articleSection":["Geral","iNFRATransporte"],"inLanguage":"pt-BR","copyrightYear":"2020","copyrightHolder":{"@id":"https:\/\/agenciainfra.com\/blog\/#organization"}},{"@type":"WebPage","@id":"https:\/\/agenciainfra.com\/blog\/com-ferrovia-so-de-um-lado-logistica-do-algodao-enfrenta-dificuldades-no-porto-de-santos\/","url":"https:\/\/agenciainfra.com\/blog\/com-ferrovia-so-de-um-lado-logistica-do-algodao-enfrenta-dificuldades-no-porto-de-santos\/","name":"Com ferrovia s\u00f3 de um lado, log\u00edstica do algod\u00e3o enfrenta dificuldades no Porto de Santos - Ag\u00eancia iNFRA","isPartOf":{"@id":"https:\/\/agenciainfra.com\/blog\/#website"},"primaryImageOfPage":{"@id":"https:\/\/agenciainfra.com\/blog\/com-ferrovia-so-de-um-lado-logistica-do-algodao-enfrenta-dificuldades-no-porto-de-santos\/#primaryimage"},"image":{"@id":"https:\/\/agenciainfra.com\/blog\/com-ferrovia-so-de-um-lado-logistica-do-algodao-enfrenta-dificuldades-no-porto-de-santos\/#primaryimage"},"thumbnailUrl":"https:\/\/agenciainfra.com\/blog\/wp-content\/uploads\/2020\/07\/algodao-dominio-publico.jpg","datePublished":"2020-07-04T11:00:00+00:00","breadcrumb":{"@id":"https:\/\/agenciainfra.com\/blog\/com-ferrovia-so-de-um-lado-logistica-do-algodao-enfrenta-dificuldades-no-porto-de-santos\/#breadcrumb"},"inLanguage":"pt-BR","potentialAction":[{"@type":"ReadAction","target":["https:\/\/agenciainfra.com\/blog\/com-ferrovia-so-de-um-lado-logistica-do-algodao-enfrenta-dificuldades-no-porto-de-santos\/"]}]},{"@type":"ImageObject","inLanguage":"pt-BR","@id":"https:\/\/agenciainfra.com\/blog\/com-ferrovia-so-de-um-lado-logistica-do-algodao-enfrenta-dificuldades-no-porto-de-santos\/#primaryimage","url":"https:\/\/agenciainfra.com\/blog\/wp-content\/uploads\/2020\/07\/algodao-dominio-publico.jpg","contentUrl":"https:\/\/agenciainfra.com\/blog\/wp-content\/uploads\/2020\/07\/algodao-dominio-publico.jpg","width":1280,"height":853},{"@type":"BreadcrumbList","@id":"https:\/\/agenciainfra.com\/blog\/com-ferrovia-so-de-um-lado-logistica-do-algodao-enfrenta-dificuldades-no-porto-de-santos\/#breadcrumb","itemListElement":[{"@type":"ListItem","position":1,"name":"In\u00edcio","item":"https:\/\/agenciainfra.com\/blog\/"},{"@type":"ListItem","position":2,"name":"Com ferrovia s\u00f3 de um lado, log\u00edstica do algod\u00e3o enfrenta dificuldades no Porto de Santos"}]},{"@type":"WebSite","@id":"https:\/\/agenciainfra.com\/blog\/#website","url":"https:\/\/agenciainfra.com\/blog\/","name":"Ag\u00eancia iNFRA","description":"Multiplataforma de informa\u00e7\u00e3o jornal\u00edstica refer\u00eancia na \u00e1rea de infraestrutura no Brasil!","publisher":{"@id":"https:\/\/agenciainfra.com\/blog\/#organization"},"potentialAction":[{"@type":"SearchAction","target":{"@type":"EntryPoint","urlTemplate":"https:\/\/agenciainfra.com\/blog\/?s={search_term_string}"},"query-input":{"@type":"PropertyValueSpecification","valueRequired":true,"valueName":"search_term_string"}}],"inLanguage":"pt-BR"},{"@type":"Organization","@id":"https:\/\/agenciainfra.com\/blog\/#organization","name":"Ag\u00eancia iNFRA","url":"https:\/\/agenciainfra.com\/blog\/","logo":{"@type":"ImageObject","inLanguage":"pt-BR","@id":"https:\/\/agenciainfra.com\/blog\/#\/schema\/logo\/image\/","url":"https:\/\/agenciainfra.com\/blog\/wp-content\/uploads\/2023\/09\/iNFRA_5-e1761735885940.png","contentUrl":"https:\/\/agenciainfra.com\/blog\/wp-content\/uploads\/2023\/09\/iNFRA_5-e1761735885940.png","width":1672,"height":454,"caption":"Ag\u00eancia iNFRA"},"image":{"@id":"https:\/\/agenciainfra.com\/blog\/#\/schema\/logo\/image\/"},"sameAs":["https:\/\/www.facebook.com\/ageninfra","https:\/\/x.com\/agencia_infra","https:\/\/www.linkedin.com\/company\/ag\u00eanciainfra\/","https:\/\/www.instagram.com\/agenciainfra\/"]},{"@type":"Person","@id":"https:\/\/agenciainfra.com\/blog\/#\/schema\/person\/04dbb79bd6d8951f063da71f3e4c1eb1","name":"Rodrigo Zuquim","image":{"@type":"ImageObject","inLanguage":"pt-BR","@id":"https:\/\/agenciainfra.com\/blog\/#\/schema\/person\/image\/","url":"https:\/\/secure.gravatar.com\/avatar\/594abfe82761d620726242ff34ca472a705a4b97f16c790053a6b4c4035274d0?s=96&d=mm&r=g","contentUrl":"https:\/\/secure.gravatar.com\/avatar\/594abfe82761d620726242ff34ca472a705a4b97f16c790053a6b4c4035274d0?s=96&d=mm&r=g","caption":"Rodrigo Zuquim"},"url":"https:\/\/agenciainfra.com\/blog\/author\/rodrigo-zuquim\/"}]}},"_links":{"self":[{"href":"https:\/\/agenciainfra.com\/blog\/wp-json\/wp\/v2\/posts\/5310","targetHints":{"allow":["GET"]}}],"collection":[{"href":"https:\/\/agenciainfra.com\/blog\/wp-json\/wp\/v2\/posts"}],"about":[{"href":"https:\/\/agenciainfra.com\/blog\/wp-json\/wp\/v2\/types\/post"}],"author":[{"embeddable":true,"href":"https:\/\/agenciainfra.com\/blog\/wp-json\/wp\/v2\/users\/9"}],"replies":[{"embeddable":true,"href":"https:\/\/agenciainfra.com\/blog\/wp-json\/wp\/v2\/comments?post=5310"}],"version-history":[{"count":0,"href":"https:\/\/agenciainfra.com\/blog\/wp-json\/wp\/v2\/posts\/5310\/revisions"}],"wp:featuredmedia":[{"embeddable":true,"href":"https:\/\/agenciainfra.com\/blog\/wp-json\/wp\/v2\/media\/5311"}],"wp:attachment":[{"href":"https:\/\/agenciainfra.com\/blog\/wp-json\/wp\/v2\/media?parent=5310"}],"wp:term":[{"taxonomy":"category","embeddable":true,"href":"https:\/\/agenciainfra.com\/blog\/wp-json\/wp\/v2\/categories?post=5310"},{"taxonomy":"post_tag","embeddable":true,"href":"https:\/\/agenciainfra.com\/blog\/wp-json\/wp\/v2\/tags?post=5310"}],"curies":[{"name":"wp","href":"https:\/\/api.w.org\/{rel}","templated":true}]}}