{"id":5313,"date":"2020-07-05T08:00:00","date_gmt":"2020-07-05T11:00:00","guid":{"rendered":"https:\/\/www.agenciainfra.com\/blog\/?p=5313"},"modified":"2020-07-03T12:34:54","modified_gmt":"2020-07-03T15:34:54","slug":"ministro-da-infraestrutura-indica-que-estendera-contratos-de-concessoes-de-rodovias-do-rj","status":"publish","type":"post","link":"https:\/\/agenciainfra.com\/blog\/ministro-da-infraestrutura-indica-que-estendera-contratos-de-concessoes-de-rodovias-do-rj\/","title":{"rendered":"Ministro da Infraestrutura indica que estender\u00e1 contratos de concess\u00f5es de rodovias do RJ"},"content":{"rendered":"\n<hr class=\"wp-block-separator\"\/>\n\n\n\n<p class=\"has-text-align-right\"><strong>Dimmi Amora, da\u00a0Ag\u00eancia iNFRA<\/strong><\/p>\n\n\n\n<p>O ministro da Infraestrutura, Tarc\u00edsio de Freitas, indicou que ampliar\u00e1 os contratos de concess\u00e3o de tr\u00eas rodovias do Rio de Janeiro que vencem em fevereiro de 2021. S\u00e3o elas a CCR Nova Dutra (Rio-S\u00e3o Paulo), a Concer (Rio-Juiz de Fora) e a CRT (Rio-Al\u00e9m Para\u00edba).<\/p>\n\n\n\n<p>A amplia\u00e7\u00e3o, segundo o ministro, seria pelo prazo at\u00e9 que seja conclu\u00eddo o processo de licita\u00e7\u00e3o de novos concession\u00e1rios, cujo cronograma inicial coincidia com o fim da concess\u00e3o, mas que n\u00e3o ser\u00e1 mais poss\u00edvel executar.<\/p>\n\n\n\n<p>Das tr\u00eas concess\u00f5es, a mais adiantada \u00e9 a da Dutra, que est\u00e1 quase pronta para ir para an\u00e1lise do TCU (Tribunal de Contas da Uni\u00e3o), ap\u00f3s mais de seis meses de realiza\u00e7\u00e3o de audi\u00eancia p\u00fablica. A mais nova previs\u00e3o era ir nesta semana, mas as altera\u00e7\u00f5es n\u00e3o foram conclu\u00eddas.<\/p>\n\n\n\n<p>O prazo do TCU para an\u00e1lise de uma concess\u00e3o varia entre 90 e 105 dias, mas para o caso das rodovias a m\u00e9dia tem sido muito superior a isso. O governo tamb\u00e9m costuma dar 100 dias entre o lan\u00e7amento do edital e a concorr\u00eancia.&nbsp;<\/p>\n\n\n\n<p>Al\u00e9m desses tempos, h\u00e1 prazos at\u00e9 a assinatura do contrato, o que j\u00e1 inviabiliza um novo concession\u00e1rio para administrar a mais movimentada rodovia interestadual do pa\u00eds.<\/p>\n\n\n\n<p>No caso das outras duas concess\u00f5es, elas nem sequer tiveram as audi\u00eancias p\u00fablicas iniciadas. O ministro defendeu que a lei permite a amplia\u00e7\u00e3o por at\u00e9 dois anos do contrato e que foram feitas mudan\u00e7as na configura\u00e7\u00e3o que tornariam natural o novo prazo de contrato.&nbsp;<\/p>\n\n\n\n<p>Ele citou que isso j\u00e1 ocorreu com outra rodovia, a antiga Concepa (BR-116\/RS), e que a concess\u00e3o foi ampliada por um per\u00edodo e o DNIT assumiu por outro at\u00e9 que a nova concess\u00e3o fosse iniciada.<\/p>\n\n\n\n<p>De fato houve esse formato, mas foi com muito estresse, conforme mostram reportagens da&nbsp;<a href=\"https:\/\/agenciainfra.us14.list-manage.com\/track\/click?u=d460dd1bcf9ba0ae040e1fc0f&amp;id=3eb11e1910&amp;e=c099169394\" target=\"_blank\" rel=\"noreferrer noopener\">Ag\u00eancia iNFRA da \u00e9poca<\/a>. Como o fim do contrato representa em tese a amortiza\u00e7\u00e3o dos investimentos, o concession\u00e1rio&nbsp;teria que reduzir as tarifas. A Triunfo, que administrava a Concepa, concordou com a redu\u00e7\u00e3o dos valores em mais de metade do valor original.<\/p>\n\n\n\n<p>Mas auditoria do TCU apontou que a redu\u00e7\u00e3o teria que ser ainda maior. A empresa n\u00e3o concordou e se negou a assumir por mais um ano. At\u00e9 hoje a metodologia usada pela ANTT (Ag\u00eancia Nacional de Transportes Terrestres) para a redu\u00e7\u00e3o do ped\u00e1gio n\u00e3o est\u00e1 aprovada pelo \u00f3rg\u00e3o de controle.&nbsp;<\/p>\n\n\n\n<p>Quando a Concepa saiu, o DNIT assumiu a administra\u00e7\u00e3o da via e houve relatos de piora na qualidade dos servi\u00e7os e da rodovia at\u00e9 que a nova empresa assumisse o trecho. Naquele ano, o or\u00e7amento de manuten\u00e7\u00e3o do DNIT era muito superior ao previsto para 2021.<\/p>\n\n\n\n<p><strong>Redu\u00e7\u00e3o na previs\u00e3o<\/strong><br>Nova Dutra, Concer e CRT estavam entre as 44 concess\u00f5es que o minist\u00e9rio previa fazer em 2020 nas \u00e1reas de infraestrutura e foram anunciadas no balan\u00e7o semestral do fim de 2019. Mas, na vers\u00e3o de quinta-feira (2), mostrou-se que apenas 11 v\u00e3o se concretizar no per\u00edodo previsto. Outras tr\u00eas j\u00e1 foram conclu\u00eddas, e foram inclu\u00eddas mais tr\u00eas concess\u00f5es, n\u00e3o previstas naquele balan\u00e7o.<\/p>\n\n\n\n<p>Parte substancial da redu\u00e7\u00e3o se deu porque o leil\u00e3o de tr\u00eas blocos de aeroportos &#8211; contabilizado em 2019 como 22 unidades, est\u00e1 previsto agora para o 1\u00ba trimestre de 2021.<\/p>\n\n\n\n<p>Nas outras \u00e1reas, tamb\u00e9m h\u00e1 projetos que n\u00e3o s\u00e3o mais poss\u00edveis de serem realizados neste ano, de acordo com o pr\u00f3prio minist\u00e9rio. Das sete rodovias previstas, tr\u00eas seriam neste ano (uma delas j\u00e1 conclu\u00edda). Nas ferrovias, o governo j\u00e1 n\u00e3o conta mais com a renova\u00e7\u00e3o da MRS e o leil\u00e3o da Ferrogr\u00e3o para 2020 entre os seis projetos previstos.<\/p>\n\n\n\n<p>No caso dos terminais portu\u00e1rios, o n\u00famero de projetos aumentou. Al\u00e9m de um que j\u00e1 foi leiloado (o terminal de passageiros de Fortaleza), o governo conta com mais 11 propostas para 2020. No in\u00edcio do ano, eram nove. As tr\u00eas inclu\u00eddas foram&nbsp;ATU18, no Porto de Aratu-Candeias (BA); MCP02, no Porto de Santana (AP); e MAC10, no Porto de Macei\u00f3 (AL).<\/p>\n\n\n\n<p>Al\u00e9m desses terminais, o governo segue numa agenda intensa no setor. Na \u00faltima quinta-feira (2), a ANTAQ (Ag\u00eancia Nacional de Transportes Aquavi\u00e1rios) aprovou em sua reuni\u00e3o de diretoria o in\u00edcio da audi\u00eancia p\u00fablica para arrendamento do Tersab, um terminal salineiro em Areia Branca (RN), e tornou virtual a sess\u00e3o presencial da audi\u00eancia p\u00fablica do terminal MAC13, de a\u00e7\u00facar em Macei\u00f3 (AL), que ser\u00e1 realizada em 13 de julho.<\/p>\n\n\n\n<p><strong>Otimismo<\/strong><br>Mesmo com os atrasos e com a pandemia, o ministro manteve seu discurso otimista sobre a viabilidade dos projetos e o interesse de empresas pelos ativos que est\u00e3o sendo estruturados.<\/p>\n\n\n\n<p>&#8220;Enfrentamos a maior crise de nossas gera\u00e7\u00f5es. Mas seguimos extremamente otimistas. N\u00e3o \u00e9 um otimismo v\u00e3o&#8221;, afirmou o ministro atribuindo \u00e0 qualidade da sua equipe e \u00e0 percep\u00e7\u00e3o do mercado sobre os projetos. &#8220;Temos o programa de concess\u00e3o mais sofisticado do mundo.&#8221;<\/p>\n\n\n\n<p>Tamb\u00e9m sobre rodovias, Freitas indicou que a concess\u00e3o da BR-163\/MT, da Odebrecht Transport, caminha para o desfecho de ser repassada para a administra\u00e7\u00e3o de outra empresa.<\/p>\n\n\n\n<p><strong>Cabotagem<\/strong><br>Questionado sobre o tema cabotagem, o ministro afirmou que o incentivo ao setor j\u00e1 foi iniciado e que o projeto vai ao Congresso. Ele disse que o projeto da senadora K\u00e1tia Abreu (PP-TO), que faz uma abertura mais radical, ajudar\u00e1 no debate e o Congresso vai verificar agora qual \u00e9 o melhor arranjo para o setor.&nbsp;<\/p>\n\n\n\n<p>&#8220;O projeto \u00fanico vai representar uma abertura em alguma medida e trazer incentivos importantes para o setor&#8221;, disse Freitas, lembrando que o setor cresceu 11% na pandemia e tem capacidade para mais.<\/p>\n\n\n\n<p>Freitas disse ainda que est\u00e1 em fase final de negocia\u00e7\u00e3o com o Minist\u00e9rio da Economia sobre o DT-e (Documento de Transporte Eletr\u00f4nico), cujos testes para informatizar documentos usados por transportadores est\u00e1 em andamento. O evento est\u00e1 dispon\u00edvel&nbsp;<a href=\"https:\/\/agenciainfra.us14.list-manage.com\/track\/click?u=d460dd1bcf9ba0ae040e1fc0f&amp;id=4c5e4d8d88&amp;e=c099169394\" target=\"_blank\" rel=\"noreferrer noopener\">neste link<\/a>.<\/p>\n","protected":false},"excerpt":{"rendered":"<p>Dimmi Amora, da\u00a0Ag\u00eancia iNFRA O ministro da Infraestrutura, Tarc\u00edsio de Freitas, indicou que ampliar\u00e1 os contratos de concess\u00e3o de tr\u00eas rodovias do Rio de Janeiro que vencem em fevereiro de 2021. S\u00e3o elas a CCR Nova Dutra (Rio-S\u00e3o Paulo), a Concer (Rio-Juiz de Fora) e a CRT (Rio-Al\u00e9m Para\u00edba). A amplia\u00e7\u00e3o, segundo o ministro, seria [&hellip;]<\/p>\n","protected":false},"author":9,"featured_media":5314,"comment_status":"closed","ping_status":"closed","sticky":false,"template":"","format":"standard","meta":{"_monsterinsights_skip_tracking":false,"_monsterinsights_sitenote_active":false,"_monsterinsights_sitenote_note":"","_monsterinsights_sitenote_category":0,"footnotes":""},"categories":[1,7],"tags":[86,19,407,799,505,687,328,158,1524,775,81,1654,126,448,18,623],"class_list":["post-5313","post","type-post","status-publish","format-standard","has-post-thumbnail","hentry","category-geral","category-infratransporte","tag-antaq","tag-antt","tag-cabotagem","tag-ccr-nova-dutra","tag-concer","tag-crt","tag-dnit","tag-ferrograo","tag-katia-abreu","tag-ministerio-da-infraestrutura","tag-mrs","tag-rio-de-janeiro","tag-rodovias","tag-tarcisio-de-freitas","tag-tcu","tag-terminais-portuarios"],"yoast_head":"<!-- This site is optimized with the Yoast SEO Premium plugin v25.4 (Yoast SEO v26.0) - https:\/\/yoast.com\/wordpress\/plugins\/seo\/ -->\n<title>Ministro da Infraestrutura indica que estender\u00e1 contratos de concess\u00f5es de rodovias do RJ - Ag\u00eancia iNFRA<\/title>\n<meta name=\"robots\" content=\"index, follow, max-snippet:-1, max-image-preview:large, max-video-preview:-1\" \/>\n<link rel=\"canonical\" href=\"https:\/\/agenciainfra.com\/blog\/ministro-da-infraestrutura-indica-que-estendera-contratos-de-concessoes-de-rodovias-do-rj\/\" \/>\n<meta property=\"og:locale\" content=\"pt_BR\" \/>\n<meta property=\"og:type\" content=\"article\" \/>\n<meta property=\"og:title\" content=\"Ministro da Infraestrutura indica que estender\u00e1 contratos de concess\u00f5es de rodovias do RJ\" \/>\n<meta property=\"og:description\" content=\"Dimmi Amora, da\u00a0Ag\u00eancia iNFRA O ministro da Infraestrutura, Tarc\u00edsio de Freitas, indicou que ampliar\u00e1 os contratos de concess\u00e3o de tr\u00eas rodovias do Rio de Janeiro que vencem em fevereiro de 2021. S\u00e3o elas a CCR Nova Dutra (Rio-S\u00e3o Paulo), a Concer (Rio-Juiz de Fora) e a CRT (Rio-Al\u00e9m Para\u00edba). A amplia\u00e7\u00e3o, segundo o ministro, seria [&hellip;]\" \/>\n<meta property=\"og:url\" content=\"https:\/\/agenciainfra.com\/blog\/ministro-da-infraestrutura-indica-que-estendera-contratos-de-concessoes-de-rodovias-do-rj\/\" \/>\n<meta property=\"og:site_name\" content=\"Ag\u00eancia iNFRA\" \/>\n<meta property=\"article:publisher\" content=\"https:\/\/www.facebook.com\/ageninfra\" \/>\n<meta property=\"article:published_time\" content=\"2020-07-05T11:00:00+00:00\" \/>\n<meta property=\"og:image\" content=\"https:\/\/agenciainfra.com\/blog\/wp-content\/uploads\/2020\/07\/tarcisio-marcelo-sampaio-foto-ricardo-botelho-minfra.jpg\" \/>\n\t<meta property=\"og:image:width\" content=\"1280\" \/>\n\t<meta property=\"og:image:height\" content=\"853\" \/>\n\t<meta property=\"og:image:type\" content=\"image\/jpeg\" \/>\n<meta name=\"author\" content=\"Rodrigo Zuquim\" \/>\n<meta name=\"twitter:card\" content=\"summary_large_image\" \/>\n<meta name=\"twitter:creator\" content=\"@agencia_infra\" \/>\n<meta name=\"twitter:site\" content=\"@agencia_infra\" \/>\n<meta name=\"twitter:label1\" content=\"Escrito por\" \/>\n\t<meta name=\"twitter:data1\" content=\"Rodrigo Zuquim\" \/>\n\t<meta name=\"twitter:label2\" content=\"Est. tempo de leitura\" \/>\n\t<meta name=\"twitter:data2\" content=\"5 minutos\" \/>\n<script type=\"application\/ld+json\" class=\"yoast-schema-graph\">{\"@context\":\"https:\/\/schema.org\",\"@graph\":[{\"@type\":\"Article\",\"@id\":\"https:\/\/agenciainfra.com\/blog\/ministro-da-infraestrutura-indica-que-estendera-contratos-de-concessoes-de-rodovias-do-rj\/#article\",\"isPartOf\":{\"@id\":\"https:\/\/agenciainfra.com\/blog\/ministro-da-infraestrutura-indica-que-estendera-contratos-de-concessoes-de-rodovias-do-rj\/\"},\"author\":{\"name\":\"Rodrigo Zuquim\",\"@id\":\"https:\/\/agenciainfra.com\/blog\/#\/schema\/person\/04dbb79bd6d8951f063da71f3e4c1eb1\"},\"headline\":\"Ministro da Infraestrutura indica que estender\u00e1 contratos de concess\u00f5es de rodovias do RJ\",\"datePublished\":\"2020-07-05T11:00:00+00:00\",\"mainEntityOfPage\":{\"@id\":\"https:\/\/agenciainfra.com\/blog\/ministro-da-infraestrutura-indica-que-estendera-contratos-de-concessoes-de-rodovias-do-rj\/\"},\"wordCount\":1065,\"publisher\":{\"@id\":\"https:\/\/agenciainfra.com\/blog\/#organization\"},\"image\":{\"@id\":\"https:\/\/agenciainfra.com\/blog\/ministro-da-infraestrutura-indica-que-estendera-contratos-de-concessoes-de-rodovias-do-rj\/#primaryimage\"},\"thumbnailUrl\":\"https:\/\/agenciainfra.com\/blog\/wp-content\/uploads\/2020\/07\/tarcisio-marcelo-sampaio-foto-ricardo-botelho-minfra.jpg\",\"keywords\":[\"ANTAQ\",\"ANTT\",\"cabotagem\",\"CCR Nova Dutra\",\"Concer\",\"CRT\",\"DNIT\",\"Ferrogr\u00e3o\",\"K\u00e1tia Abreu\",\"Minist\u00e9rio da Infraestrutura\",\"MRS\",\"Rio de Janeiro\",\"rodovias\",\"Tarc\u00edsio de Freitas\",\"TCU\",\"terminais portu\u00e1rios\"],\"articleSection\":[\"Geral\",\"iNFRATransporte\"],\"inLanguage\":\"pt-BR\",\"copyrightYear\":\"2020\",\"copyrightHolder\":{\"@id\":\"https:\/\/agenciainfra.com\/blog\/#organization\"}},{\"@type\":\"WebPage\",\"@id\":\"https:\/\/agenciainfra.com\/blog\/ministro-da-infraestrutura-indica-que-estendera-contratos-de-concessoes-de-rodovias-do-rj\/\",\"url\":\"https:\/\/agenciainfra.com\/blog\/ministro-da-infraestrutura-indica-que-estendera-contratos-de-concessoes-de-rodovias-do-rj\/\",\"name\":\"Ministro da Infraestrutura indica que estender\u00e1 contratos de concess\u00f5es de rodovias do RJ - Ag\u00eancia iNFRA\",\"isPartOf\":{\"@id\":\"https:\/\/agenciainfra.com\/blog\/#website\"},\"primaryImageOfPage\":{\"@id\":\"https:\/\/agenciainfra.com\/blog\/ministro-da-infraestrutura-indica-que-estendera-contratos-de-concessoes-de-rodovias-do-rj\/#primaryimage\"},\"image\":{\"@id\":\"https:\/\/agenciainfra.com\/blog\/ministro-da-infraestrutura-indica-que-estendera-contratos-de-concessoes-de-rodovias-do-rj\/#primaryimage\"},\"thumbnailUrl\":\"https:\/\/agenciainfra.com\/blog\/wp-content\/uploads\/2020\/07\/tarcisio-marcelo-sampaio-foto-ricardo-botelho-minfra.jpg\",\"datePublished\":\"2020-07-05T11:00:00+00:00\",\"breadcrumb\":{\"@id\":\"https:\/\/agenciainfra.com\/blog\/ministro-da-infraestrutura-indica-que-estendera-contratos-de-concessoes-de-rodovias-do-rj\/#breadcrumb\"},\"inLanguage\":\"pt-BR\",\"potentialAction\":[{\"@type\":\"ReadAction\",\"target\":[\"https:\/\/agenciainfra.com\/blog\/ministro-da-infraestrutura-indica-que-estendera-contratos-de-concessoes-de-rodovias-do-rj\/\"]}]},{\"@type\":\"ImageObject\",\"inLanguage\":\"pt-BR\",\"@id\":\"https:\/\/agenciainfra.com\/blog\/ministro-da-infraestrutura-indica-que-estendera-contratos-de-concessoes-de-rodovias-do-rj\/#primaryimage\",\"url\":\"https:\/\/agenciainfra.com\/blog\/wp-content\/uploads\/2020\/07\/tarcisio-marcelo-sampaio-foto-ricardo-botelho-minfra.jpg\",\"contentUrl\":\"https:\/\/agenciainfra.com\/blog\/wp-content\/uploads\/2020\/07\/tarcisio-marcelo-sampaio-foto-ricardo-botelho-minfra.jpg\",\"width\":1280,\"height\":853},{\"@type\":\"BreadcrumbList\",\"@id\":\"https:\/\/agenciainfra.com\/blog\/ministro-da-infraestrutura-indica-que-estendera-contratos-de-concessoes-de-rodovias-do-rj\/#breadcrumb\",\"itemListElement\":[{\"@type\":\"ListItem\",\"position\":1,\"name\":\"In\u00edcio\",\"item\":\"https:\/\/agenciainfra.com\/blog\/\"},{\"@type\":\"ListItem\",\"position\":2,\"name\":\"Ministro da Infraestrutura indica que estender\u00e1 contratos de concess\u00f5es de rodovias do RJ\"}]},{\"@type\":\"WebSite\",\"@id\":\"https:\/\/agenciainfra.com\/blog\/#website\",\"url\":\"https:\/\/agenciainfra.com\/blog\/\",\"name\":\"Ag\u00eancia iNFRA\",\"description\":\"Multiplataforma de informa\u00e7\u00e3o jornal\u00edstica refer\u00eancia na \u00e1rea de infraestrutura no Brasil!\",\"publisher\":{\"@id\":\"https:\/\/agenciainfra.com\/blog\/#organization\"},\"potentialAction\":[{\"@type\":\"SearchAction\",\"target\":{\"@type\":\"EntryPoint\",\"urlTemplate\":\"https:\/\/agenciainfra.com\/blog\/?s={search_term_string}\"},\"query-input\":{\"@type\":\"PropertyValueSpecification\",\"valueRequired\":true,\"valueName\":\"search_term_string\"}}],\"inLanguage\":\"pt-BR\"},{\"@type\":\"Organization\",\"@id\":\"https:\/\/agenciainfra.com\/blog\/#organization\",\"name\":\"Ag\u00eancia iNFRA\",\"url\":\"https:\/\/agenciainfra.com\/blog\/\",\"logo\":{\"@type\":\"ImageObject\",\"inLanguage\":\"pt-BR\",\"@id\":\"https:\/\/agenciainfra.com\/blog\/#\/schema\/logo\/image\/\",\"url\":\"https:\/\/agenciainfra.com\/blog\/wp-content\/uploads\/2023\/09\/iNFRA_5-e1761735885940.png\",\"contentUrl\":\"https:\/\/agenciainfra.com\/blog\/wp-content\/uploads\/2023\/09\/iNFRA_5-e1761735885940.png\",\"width\":1672,\"height\":454,\"caption\":\"Ag\u00eancia iNFRA\"},\"image\":{\"@id\":\"https:\/\/agenciainfra.com\/blog\/#\/schema\/logo\/image\/\"},\"sameAs\":[\"https:\/\/www.facebook.com\/ageninfra\",\"https:\/\/x.com\/agencia_infra\",\"https:\/\/www.linkedin.com\/company\/ag\u00eanciainfra\/\",\"https:\/\/www.instagram.com\/agenciainfra\/\"]},{\"@type\":\"Person\",\"@id\":\"https:\/\/agenciainfra.com\/blog\/#\/schema\/person\/04dbb79bd6d8951f063da71f3e4c1eb1\",\"name\":\"Rodrigo Zuquim\",\"image\":{\"@type\":\"ImageObject\",\"inLanguage\":\"pt-BR\",\"@id\":\"https:\/\/agenciainfra.com\/blog\/#\/schema\/person\/image\/\",\"url\":\"https:\/\/secure.gravatar.com\/avatar\/594abfe82761d620726242ff34ca472a705a4b97f16c790053a6b4c4035274d0?s=96&d=mm&r=g\",\"contentUrl\":\"https:\/\/secure.gravatar.com\/avatar\/594abfe82761d620726242ff34ca472a705a4b97f16c790053a6b4c4035274d0?s=96&d=mm&r=g\",\"caption\":\"Rodrigo Zuquim\"},\"url\":\"https:\/\/agenciainfra.com\/blog\/author\/rodrigo-zuquim\/\"}]}<\/script>\n<!-- \/ Yoast SEO Premium plugin. -->","yoast_head_json":{"title":"Ministro da Infraestrutura indica que estender\u00e1 contratos de concess\u00f5es de rodovias do RJ - Ag\u00eancia iNFRA","robots":{"index":"index","follow":"follow","max-snippet":"max-snippet:-1","max-image-preview":"max-image-preview:large","max-video-preview":"max-video-preview:-1"},"canonical":"https:\/\/agenciainfra.com\/blog\/ministro-da-infraestrutura-indica-que-estendera-contratos-de-concessoes-de-rodovias-do-rj\/","og_locale":"pt_BR","og_type":"article","og_title":"Ministro da Infraestrutura indica que estender\u00e1 contratos de concess\u00f5es de rodovias do RJ","og_description":"Dimmi Amora, da\u00a0Ag\u00eancia iNFRA O ministro da Infraestrutura, Tarc\u00edsio de Freitas, indicou que ampliar\u00e1 os contratos de concess\u00e3o de tr\u00eas rodovias do Rio de Janeiro que vencem em fevereiro de 2021. S\u00e3o elas a CCR Nova Dutra (Rio-S\u00e3o Paulo), a Concer (Rio-Juiz de Fora) e a CRT (Rio-Al\u00e9m Para\u00edba). A amplia\u00e7\u00e3o, segundo o ministro, seria [&hellip;]","og_url":"https:\/\/agenciainfra.com\/blog\/ministro-da-infraestrutura-indica-que-estendera-contratos-de-concessoes-de-rodovias-do-rj\/","og_site_name":"Ag\u00eancia iNFRA","article_publisher":"https:\/\/www.facebook.com\/ageninfra","article_published_time":"2020-07-05T11:00:00+00:00","og_image":[{"width":1280,"height":853,"url":"https:\/\/agenciainfra.com\/blog\/wp-content\/uploads\/2020\/07\/tarcisio-marcelo-sampaio-foto-ricardo-botelho-minfra.jpg","type":"image\/jpeg"}],"author":"Rodrigo Zuquim","twitter_card":"summary_large_image","twitter_creator":"@agencia_infra","twitter_site":"@agencia_infra","twitter_misc":{"Escrito por":"Rodrigo Zuquim","Est. tempo de leitura":"5 minutos"},"schema":{"@context":"https:\/\/schema.org","@graph":[{"@type":"Article","@id":"https:\/\/agenciainfra.com\/blog\/ministro-da-infraestrutura-indica-que-estendera-contratos-de-concessoes-de-rodovias-do-rj\/#article","isPartOf":{"@id":"https:\/\/agenciainfra.com\/blog\/ministro-da-infraestrutura-indica-que-estendera-contratos-de-concessoes-de-rodovias-do-rj\/"},"author":{"name":"Rodrigo Zuquim","@id":"https:\/\/agenciainfra.com\/blog\/#\/schema\/person\/04dbb79bd6d8951f063da71f3e4c1eb1"},"headline":"Ministro da Infraestrutura indica que estender\u00e1 contratos de concess\u00f5es de rodovias do RJ","datePublished":"2020-07-05T11:00:00+00:00","mainEntityOfPage":{"@id":"https:\/\/agenciainfra.com\/blog\/ministro-da-infraestrutura-indica-que-estendera-contratos-de-concessoes-de-rodovias-do-rj\/"},"wordCount":1065,"publisher":{"@id":"https:\/\/agenciainfra.com\/blog\/#organization"},"image":{"@id":"https:\/\/agenciainfra.com\/blog\/ministro-da-infraestrutura-indica-que-estendera-contratos-de-concessoes-de-rodovias-do-rj\/#primaryimage"},"thumbnailUrl":"https:\/\/agenciainfra.com\/blog\/wp-content\/uploads\/2020\/07\/tarcisio-marcelo-sampaio-foto-ricardo-botelho-minfra.jpg","keywords":["ANTAQ","ANTT","cabotagem","CCR Nova Dutra","Concer","CRT","DNIT","Ferrogr\u00e3o","K\u00e1tia Abreu","Minist\u00e9rio da Infraestrutura","MRS","Rio de Janeiro","rodovias","Tarc\u00edsio de Freitas","TCU","terminais portu\u00e1rios"],"articleSection":["Geral","iNFRATransporte"],"inLanguage":"pt-BR","copyrightYear":"2020","copyrightHolder":{"@id":"https:\/\/agenciainfra.com\/blog\/#organization"}},{"@type":"WebPage","@id":"https:\/\/agenciainfra.com\/blog\/ministro-da-infraestrutura-indica-que-estendera-contratos-de-concessoes-de-rodovias-do-rj\/","url":"https:\/\/agenciainfra.com\/blog\/ministro-da-infraestrutura-indica-que-estendera-contratos-de-concessoes-de-rodovias-do-rj\/","name":"Ministro da Infraestrutura indica que estender\u00e1 contratos de concess\u00f5es de rodovias do RJ - Ag\u00eancia iNFRA","isPartOf":{"@id":"https:\/\/agenciainfra.com\/blog\/#website"},"primaryImageOfPage":{"@id":"https:\/\/agenciainfra.com\/blog\/ministro-da-infraestrutura-indica-que-estendera-contratos-de-concessoes-de-rodovias-do-rj\/#primaryimage"},"image":{"@id":"https:\/\/agenciainfra.com\/blog\/ministro-da-infraestrutura-indica-que-estendera-contratos-de-concessoes-de-rodovias-do-rj\/#primaryimage"},"thumbnailUrl":"https:\/\/agenciainfra.com\/blog\/wp-content\/uploads\/2020\/07\/tarcisio-marcelo-sampaio-foto-ricardo-botelho-minfra.jpg","datePublished":"2020-07-05T11:00:00+00:00","breadcrumb":{"@id":"https:\/\/agenciainfra.com\/blog\/ministro-da-infraestrutura-indica-que-estendera-contratos-de-concessoes-de-rodovias-do-rj\/#breadcrumb"},"inLanguage":"pt-BR","potentialAction":[{"@type":"ReadAction","target":["https:\/\/agenciainfra.com\/blog\/ministro-da-infraestrutura-indica-que-estendera-contratos-de-concessoes-de-rodovias-do-rj\/"]}]},{"@type":"ImageObject","inLanguage":"pt-BR","@id":"https:\/\/agenciainfra.com\/blog\/ministro-da-infraestrutura-indica-que-estendera-contratos-de-concessoes-de-rodovias-do-rj\/#primaryimage","url":"https:\/\/agenciainfra.com\/blog\/wp-content\/uploads\/2020\/07\/tarcisio-marcelo-sampaio-foto-ricardo-botelho-minfra.jpg","contentUrl":"https:\/\/agenciainfra.com\/blog\/wp-content\/uploads\/2020\/07\/tarcisio-marcelo-sampaio-foto-ricardo-botelho-minfra.jpg","width":1280,"height":853},{"@type":"BreadcrumbList","@id":"https:\/\/agenciainfra.com\/blog\/ministro-da-infraestrutura-indica-que-estendera-contratos-de-concessoes-de-rodovias-do-rj\/#breadcrumb","itemListElement":[{"@type":"ListItem","position":1,"name":"In\u00edcio","item":"https:\/\/agenciainfra.com\/blog\/"},{"@type":"ListItem","position":2,"name":"Ministro da Infraestrutura indica que estender\u00e1 contratos de concess\u00f5es de rodovias do RJ"}]},{"@type":"WebSite","@id":"https:\/\/agenciainfra.com\/blog\/#website","url":"https:\/\/agenciainfra.com\/blog\/","name":"Ag\u00eancia iNFRA","description":"Multiplataforma de informa\u00e7\u00e3o jornal\u00edstica refer\u00eancia na \u00e1rea de infraestrutura no Brasil!","publisher":{"@id":"https:\/\/agenciainfra.com\/blog\/#organization"},"potentialAction":[{"@type":"SearchAction","target":{"@type":"EntryPoint","urlTemplate":"https:\/\/agenciainfra.com\/blog\/?s={search_term_string}"},"query-input":{"@type":"PropertyValueSpecification","valueRequired":true,"valueName":"search_term_string"}}],"inLanguage":"pt-BR"},{"@type":"Organization","@id":"https:\/\/agenciainfra.com\/blog\/#organization","name":"Ag\u00eancia iNFRA","url":"https:\/\/agenciainfra.com\/blog\/","logo":{"@type":"ImageObject","inLanguage":"pt-BR","@id":"https:\/\/agenciainfra.com\/blog\/#\/schema\/logo\/image\/","url":"https:\/\/agenciainfra.com\/blog\/wp-content\/uploads\/2023\/09\/iNFRA_5-e1761735885940.png","contentUrl":"https:\/\/agenciainfra.com\/blog\/wp-content\/uploads\/2023\/09\/iNFRA_5-e1761735885940.png","width":1672,"height":454,"caption":"Ag\u00eancia iNFRA"},"image":{"@id":"https:\/\/agenciainfra.com\/blog\/#\/schema\/logo\/image\/"},"sameAs":["https:\/\/www.facebook.com\/ageninfra","https:\/\/x.com\/agencia_infra","https:\/\/www.linkedin.com\/company\/ag\u00eanciainfra\/","https:\/\/www.instagram.com\/agenciainfra\/"]},{"@type":"Person","@id":"https:\/\/agenciainfra.com\/blog\/#\/schema\/person\/04dbb79bd6d8951f063da71f3e4c1eb1","name":"Rodrigo Zuquim","image":{"@type":"ImageObject","inLanguage":"pt-BR","@id":"https:\/\/agenciainfra.com\/blog\/#\/schema\/person\/image\/","url":"https:\/\/secure.gravatar.com\/avatar\/594abfe82761d620726242ff34ca472a705a4b97f16c790053a6b4c4035274d0?s=96&d=mm&r=g","contentUrl":"https:\/\/secure.gravatar.com\/avatar\/594abfe82761d620726242ff34ca472a705a4b97f16c790053a6b4c4035274d0?s=96&d=mm&r=g","caption":"Rodrigo Zuquim"},"url":"https:\/\/agenciainfra.com\/blog\/author\/rodrigo-zuquim\/"}]}},"_links":{"self":[{"href":"https:\/\/agenciainfra.com\/blog\/wp-json\/wp\/v2\/posts\/5313","targetHints":{"allow":["GET"]}}],"collection":[{"href":"https:\/\/agenciainfra.com\/blog\/wp-json\/wp\/v2\/posts"}],"about":[{"href":"https:\/\/agenciainfra.com\/blog\/wp-json\/wp\/v2\/types\/post"}],"author":[{"embeddable":true,"href":"https:\/\/agenciainfra.com\/blog\/wp-json\/wp\/v2\/users\/9"}],"replies":[{"embeddable":true,"href":"https:\/\/agenciainfra.com\/blog\/wp-json\/wp\/v2\/comments?post=5313"}],"version-history":[{"count":0,"href":"https:\/\/agenciainfra.com\/blog\/wp-json\/wp\/v2\/posts\/5313\/revisions"}],"wp:featuredmedia":[{"embeddable":true,"href":"https:\/\/agenciainfra.com\/blog\/wp-json\/wp\/v2\/media\/5314"}],"wp:attachment":[{"href":"https:\/\/agenciainfra.com\/blog\/wp-json\/wp\/v2\/media?parent=5313"}],"wp:term":[{"taxonomy":"category","embeddable":true,"href":"https:\/\/agenciainfra.com\/blog\/wp-json\/wp\/v2\/categories?post=5313"},{"taxonomy":"post_tag","embeddable":true,"href":"https:\/\/agenciainfra.com\/blog\/wp-json\/wp\/v2\/tags?post=5313"}],"curies":[{"name":"wp","href":"https:\/\/api.w.org\/{rel}","templated":true}]}}