{"id":5316,"date":"2020-07-06T08:00:05","date_gmt":"2020-07-06T11:00:05","guid":{"rendered":"https:\/\/www.agenciainfra.com\/blog\/?p=5316"},"modified":"2020-07-03T12:52:35","modified_gmt":"2020-07-03T15:52:35","slug":"empresas-conseguiram-emprestimos-individuais-com-condicoes-melhores-as-da-conta-covid-ja-na-pandemia","status":"publish","type":"post","link":"https:\/\/agenciainfra.com\/blog\/empresas-conseguiram-emprestimos-individuais-com-condicoes-melhores-as-da-conta-covid-ja-na-pandemia\/","title":{"rendered":"Empresas conseguiram empr\u00e9stimos individuais com condi\u00e7\u00f5es melhores \u00e0s da Conta-Covid j\u00e1 na pandemia"},"content":{"rendered":"\n<hr class=\"wp-block-separator\"\/>\n\n\n\n<p class=\"has-text-align-right\"><strong>Leila Coimbra e Guilherme Mendes,&nbsp;da Ag\u00eancia iNFRA<\/strong><\/p>\n\n\n\n<p>Empresas do setor de distribui\u00e7\u00e3o de energia el\u00e9trica j\u00e1 negociaram, nos \u00faltimos tr\u00eas meses, ofertas\u00a0de empr\u00e9stimos com taxas mais atrativas do que as apresentadas para a chamada &#8220;Conta-Covid&#8221; pelo BNDES e um pool de bancos, apresentada na \u00faltima quinta-feira (2), e que estabelecem regras \u00e0\u00a0opera\u00e7\u00e3o de mercado que dar\u00e1 liquidez ao setor el\u00e9trico.<br><br><strong>Neoenergia: IPCA+ 4,65%<\/strong><br>Segundo a\u00a0<a rel=\"noreferrer noopener\" href=\"https:\/\/agenciainfra.us14.list-manage.com\/track\/click?u=d460dd1bcf9ba0ae040e1fc0f&amp;id=f2d798ac71&amp;e=c099169394\" target=\"_blank\">ANEEL<\/a>\u00a0(Ag\u00eancia Nacional de Energia El\u00e9trica), a Conta-Covid ter\u00e1 uma taxa de juros equivalente\u00a0ao IPCA+5,2% ao ano. Mas, em meados de junho, a Neoenergia aceitou\u00a0a tomada de um financiamento de R$ 3,41 bilh\u00f5es com o BNDES a um\u00a0custo total de IPCA+4,65% ao ano.<br><br>O empr\u00e9stimo, como registra a\u00a0<a rel=\"noreferrer noopener\" href=\"https:\/\/agenciainfra.us14.list-manage.com\/track\/click?u=d460dd1bcf9ba0ae040e1fc0f&amp;id=c42bc47bc0&amp;e=c099169394\" target=\"_blank\">ata<\/a>\u00a0da reuni\u00e3o do conselho, beneficia as quatro concession\u00e1rias de distribui\u00e7\u00e3o do grupo: a baiana Coelba ficaria com R$ 1,6 bilh\u00e3o; a potiguar Cosern, com R$ 390 milh\u00f5es; a Celpe, de Pernambuco, com R$ 720 milh\u00f5es; e a Elektro receberia R$ 700 milh\u00f5es para a sua opera\u00e7\u00e3o nos estados de S\u00e3o Paulo e Mato Grosso do Sul.<\/p>\n\n\n\n<p>As condi\u00e7\u00f5es de pagamento dessa opera\u00e7\u00e3o preveem que, caso as concess\u00f5es sejam renovadas, o prazo do financiamento poder\u00e1 ser de at\u00e9 20 anos contados da assinatura do acordo \u2013 e caindo para quatro meses antes do fim do contrato em caso de n\u00e3o renova\u00e7\u00e3o.<br><br>A Conta-Covid, capitaneada pelo BNDES, e que conta com um pool de 19 bancos, ter\u00e1 um prazo de 65 meses.<br><br><strong>Equatorial e RGE tamb\u00e9m acertaram empr\u00e9stimo<\/strong><br>Mais exemplos mostram que opera\u00e7\u00f5es de financiamentos individuais, com condi\u00e7\u00f5es melhores \u00e0s da Conta-Covid, desenrolaram-se nos \u00faltimos meses. Em meados de maio, a Ceal e a Cepisa, ambas controladas pelo grupo Equatorial Energia, obtiveram\u00a0financiamento tamb\u00e9m junto ao BNDES. A Ceal receberia cerca de R$ 491 milh\u00f5es, e a Cepisa, R$ 643 milh\u00f5es, como consta\u00a0na<a rel=\"noreferrer noopener\" href=\"https:\/\/agenciainfra.us14.list-manage.com\/track\/click?u=d460dd1bcf9ba0ae040e1fc0f&amp;id=1c91079652&amp;e=c099169394\" target=\"_blank\">\u00a0ata\u00a0<\/a>de reuni\u00e3o de administra\u00e7\u00e3o.<br><br>O empr\u00e9stimo de R$ 1,1 bilh\u00e3o\u00a0mostra a mesma condi\u00e7\u00e3o de pagamento para as duas distribuidoras: IPCA + taxa de juros prefixada de TLP (Taxa de Longo Prazo) + spread de 2,26 % ao ano. Como a TLP atual do BNDES \u00e9 composta do\u00a0<a rel=\"noreferrer noopener\" href=\"https:\/\/agenciainfra.us14.list-manage.com\/track\/click?u=d460dd1bcf9ba0ae040e1fc0f&amp;id=1d076413d6&amp;e=c099169394\" target=\"_blank\">IPCA + 2,06% ao ano<\/a>, a opera\u00e7\u00e3o para as empresas do Piau\u00ed e de Alagoas ainda poderia se mostrar mais vantajosa ao contribuinte que a da Conta-Covid.<br><br>Em abril, foi a vez da RGE Sul, empresa do grupo CPFL (Companhia Paulista de For\u00e7a e Luz), deliberar sobre a tomada de uma opera\u00e7\u00e3o\u00a0junto ao banco de fomento federal. O conselho de administra\u00e7\u00e3o aceitou o\u00a0<a rel=\"noreferrer noopener\" href=\"https:\/\/agenciainfra.us14.list-manage.com\/track\/click?u=d460dd1bcf9ba0ae040e1fc0f&amp;id=faa5d527f1&amp;e=c099169394\" target=\"_blank\">repasse de R$ 1,485 bilh\u00e3o<\/a>, com o custo do IPCA + taxa de juros prefixada de TLP + spread de 2,25% ao ano.<br><br>O montante, a ser utilizado para efetivar o plano de investimentos da RGE Sul para o per\u00edodo 2020-2022, seria dividido em subcr\u00e9ditos, com amortiza\u00e7\u00e3o at\u00e9 abril de 2040.<br><br><strong>Light emitiu t\u00edtulos em condi\u00e7\u00f5es melhores<\/strong><br>Em abril, a Light tamb\u00e9m promoveu opera\u00e7\u00e3o de tomada de cr\u00e9ditos de maneira mais vantajosa que a Conta-Covid. O mecanismo utilizado, por\u00e9m, n\u00e3o foi o empr\u00e9stimo banc\u00e1rio, mas sim a emiss\u00e3o de t\u00edtulos (deb\u00eantures).<br><br>Conhecida pelo alto endividamento e pelo baixo rating em alguns \u00edndices (como um BB- pela\u00a0<a rel=\"noreferrer noopener\" href=\"https:\/\/agenciainfra.us14.list-manage.com\/track\/click?u=d460dd1bcf9ba0ae040e1fc0f&amp;id=e8dc275fae&amp;e=c099169394\" target=\"_blank\">Fitch<\/a>\u00a0em n\u00edvel global), a empresa promoveu a 18\u00aa rodada de emiss\u00e3o de t\u00edtulos para captar R$ 400 milh\u00f5es.<br><br>Segundo o\u00a0<a rel=\"noreferrer noopener\" href=\"https:\/\/agenciainfra.us14.list-manage.com\/track\/click?u=d460dd1bcf9ba0ae040e1fc0f&amp;id=ab2ac649ea&amp;e=c099169394\" target=\"_blank\">fato relevante<\/a>\u00a0publicado \u00e0 \u00e9poca, a empresa se valeu de juros remunerat\u00f3rios correspondentes a CDI + 2,51% ao ano. Para compara\u00e7\u00e3o, segundo o\u00a0<a rel=\"noreferrer noopener\" href=\"https:\/\/agenciainfra.us14.list-manage.com\/track\/click?u=d460dd1bcf9ba0ae040e1fc0f&amp;id=2d289d8eb8&amp;e=c099169394\" target=\"_blank\">comunicado da CCEE<\/a>\u00a0(C\u00e2mara de Comercializa\u00e7\u00e3o de Energia El\u00e9trica), a Conta-Covid ter\u00e1 custo total estimado de CDI + 3,9% ao ano (ou CDI+ taxa de juros de 2,9%).<br><br><strong>Al\u00e9m do esperado<\/strong><br>Ao comentar as condi\u00e7\u00f5es da opera\u00e7\u00e3o de empr\u00e9stimo \u00e0s distribuidoras apresentadas pelo BNDES, o presidente da Abradee (Associa\u00e7\u00e3o Brasileira das Distribuidoras de Energia El\u00e9trica), Marcos Madureira, afirmou que o custo da opera\u00e7\u00e3o est\u00e1 al\u00e9m do esperado. &#8220;A princ\u00edpio imagin\u00e1vamos que fosse um valor menor, at\u00e9 por tudo que vinha sendo colocado&#8221;, afirmou.<br><br>O prazo para a ades\u00e3o \u00e0 Conta-Covid, pelas distribuidoras, terminou na sexta-feira (3).<\/p>\n","protected":false},"excerpt":{"rendered":"<p>Leila Coimbra e Guilherme Mendes,&nbsp;da Ag\u00eancia iNFRA Empresas do setor de distribui\u00e7\u00e3o de energia el\u00e9trica j\u00e1 negociaram, nos \u00faltimos tr\u00eas meses, ofertas\u00a0de empr\u00e9stimos com taxas mais atrativas do que as apresentadas para a chamada &#8220;Conta-Covid&#8221; pelo BNDES e um pool de bancos, apresentada na \u00faltima quinta-feira (2), e que estabelecem regras \u00e0\u00a0opera\u00e7\u00e3o de mercado que [&hellip;]<\/p>\n","protected":false},"author":9,"featured_media":5317,"comment_status":"closed","ping_status":"closed","sticky":false,"template":"","format":"standard","meta":{"_monsterinsights_skip_tracking":false,"_monsterinsights_sitenote_active":false,"_monsterinsights_sitenote_note":"","_monsterinsights_sitenote_category":0,"footnotes":""},"categories":[1,10],"tags":[494,53,103,1949,1082,591,1867,593,1936,2230,54],"class_list":["post-5316","post","type-post","status-publish","format-standard","has-post-thumbnail","hentry","category-geral","category-infraenergia","tag-abradee","tag-aneel","tag-bndes","tag-conta-covid","tag-distribuicao-de-energia","tag-equatorial","tag-light","tag-neoenergia","tag-pandemia","tag-rge","tag-setor-eletrico"],"yoast_head":"<!-- This site is optimized with the Yoast SEO Premium plugin v25.4 (Yoast SEO v26.0) - https:\/\/yoast.com\/wordpress\/plugins\/seo\/ -->\n<title>Empresas conseguiram empr\u00e9stimos individuais com condi\u00e7\u00f5es melhores \u00e0s da Conta-Covid j\u00e1 na pandemia - Ag\u00eancia iNFRA<\/title>\n<meta name=\"robots\" content=\"index, follow, max-snippet:-1, max-image-preview:large, max-video-preview:-1\" \/>\n<link rel=\"canonical\" href=\"https:\/\/agenciainfra.com\/blog\/empresas-conseguiram-emprestimos-individuais-com-condicoes-melhores-as-da-conta-covid-ja-na-pandemia\/\" \/>\n<meta property=\"og:locale\" content=\"pt_BR\" \/>\n<meta property=\"og:type\" content=\"article\" \/>\n<meta property=\"og:title\" content=\"Empresas conseguiram empr\u00e9stimos individuais com condi\u00e7\u00f5es melhores \u00e0s da Conta-Covid j\u00e1 na pandemia\" \/>\n<meta property=\"og:description\" content=\"Leila Coimbra e Guilherme Mendes,&nbsp;da Ag\u00eancia iNFRA Empresas do setor de distribui\u00e7\u00e3o de energia el\u00e9trica j\u00e1 negociaram, nos \u00faltimos tr\u00eas meses, ofertas\u00a0de empr\u00e9stimos com taxas mais atrativas do que as apresentadas para a chamada &#8220;Conta-Covid&#8221; pelo BNDES e um pool de bancos, apresentada na \u00faltima quinta-feira (2), e que estabelecem regras \u00e0\u00a0opera\u00e7\u00e3o de mercado que [&hellip;]\" \/>\n<meta property=\"og:url\" content=\"https:\/\/agenciainfra.com\/blog\/empresas-conseguiram-emprestimos-individuais-com-condicoes-melhores-as-da-conta-covid-ja-na-pandemia\/\" \/>\n<meta property=\"og:site_name\" content=\"Ag\u00eancia iNFRA\" \/>\n<meta property=\"article:publisher\" content=\"https:\/\/www.facebook.com\/ageninfra\" \/>\n<meta property=\"article:published_time\" content=\"2020-07-06T11:00:05+00:00\" \/>\n<meta property=\"og:image\" content=\"https:\/\/agenciainfra.com\/blog\/wp-content\/uploads\/2020\/07\/montezano-bndes-foto-tomaz-silva-agencia-brasil.jpg\" \/>\n\t<meta property=\"og:image:width\" content=\"1280\" \/>\n\t<meta property=\"og:image:height\" content=\"853\" \/>\n\t<meta property=\"og:image:type\" content=\"image\/jpeg\" \/>\n<meta name=\"author\" content=\"Rodrigo Zuquim\" \/>\n<meta name=\"twitter:card\" content=\"summary_large_image\" \/>\n<meta name=\"twitter:creator\" content=\"@agencia_infra\" \/>\n<meta name=\"twitter:site\" content=\"@agencia_infra\" \/>\n<meta name=\"twitter:label1\" content=\"Escrito por\" \/>\n\t<meta name=\"twitter:data1\" content=\"Rodrigo Zuquim\" \/>\n\t<meta name=\"twitter:label2\" content=\"Est. tempo de leitura\" \/>\n\t<meta name=\"twitter:data2\" content=\"3 minutos\" \/>\n<script type=\"application\/ld+json\" class=\"yoast-schema-graph\">{\"@context\":\"https:\/\/schema.org\",\"@graph\":[{\"@type\":\"Article\",\"@id\":\"https:\/\/agenciainfra.com\/blog\/empresas-conseguiram-emprestimos-individuais-com-condicoes-melhores-as-da-conta-covid-ja-na-pandemia\/#article\",\"isPartOf\":{\"@id\":\"https:\/\/agenciainfra.com\/blog\/empresas-conseguiram-emprestimos-individuais-com-condicoes-melhores-as-da-conta-covid-ja-na-pandemia\/\"},\"author\":{\"name\":\"Rodrigo Zuquim\",\"@id\":\"https:\/\/agenciainfra.com\/blog\/#\/schema\/person\/04dbb79bd6d8951f063da71f3e4c1eb1\"},\"headline\":\"Empresas conseguiram empr\u00e9stimos individuais com condi\u00e7\u00f5es melhores \u00e0s da Conta-Covid j\u00e1 na pandemia\",\"datePublished\":\"2020-07-06T11:00:05+00:00\",\"mainEntityOfPage\":{\"@id\":\"https:\/\/agenciainfra.com\/blog\/empresas-conseguiram-emprestimos-individuais-com-condicoes-melhores-as-da-conta-covid-ja-na-pandemia\/\"},\"wordCount\":717,\"publisher\":{\"@id\":\"https:\/\/agenciainfra.com\/blog\/#organization\"},\"image\":{\"@id\":\"https:\/\/agenciainfra.com\/blog\/empresas-conseguiram-emprestimos-individuais-com-condicoes-melhores-as-da-conta-covid-ja-na-pandemia\/#primaryimage\"},\"thumbnailUrl\":\"https:\/\/agenciainfra.com\/blog\/wp-content\/uploads\/2020\/07\/montezano-bndes-foto-tomaz-silva-agencia-brasil.jpg\",\"keywords\":[\"Abradee\",\"ANEEL\",\"BNDES\",\"Conta-Covid\",\"distribui\u00e7\u00e3o de energia\",\"equatorial\",\"Light\",\"neoenergia\",\"pandemia\",\"RGE\",\"Setor El\u00e9trico\"],\"articleSection\":[\"Geral\",\"iNFRAEnergia\"],\"inLanguage\":\"pt-BR\",\"copyrightYear\":\"2020\",\"copyrightHolder\":{\"@id\":\"https:\/\/agenciainfra.com\/blog\/#organization\"}},{\"@type\":\"WebPage\",\"@id\":\"https:\/\/agenciainfra.com\/blog\/empresas-conseguiram-emprestimos-individuais-com-condicoes-melhores-as-da-conta-covid-ja-na-pandemia\/\",\"url\":\"https:\/\/agenciainfra.com\/blog\/empresas-conseguiram-emprestimos-individuais-com-condicoes-melhores-as-da-conta-covid-ja-na-pandemia\/\",\"name\":\"Empresas conseguiram empr\u00e9stimos individuais com condi\u00e7\u00f5es melhores \u00e0s da Conta-Covid j\u00e1 na pandemia - Ag\u00eancia iNFRA\",\"isPartOf\":{\"@id\":\"https:\/\/agenciainfra.com\/blog\/#website\"},\"primaryImageOfPage\":{\"@id\":\"https:\/\/agenciainfra.com\/blog\/empresas-conseguiram-emprestimos-individuais-com-condicoes-melhores-as-da-conta-covid-ja-na-pandemia\/#primaryimage\"},\"image\":{\"@id\":\"https:\/\/agenciainfra.com\/blog\/empresas-conseguiram-emprestimos-individuais-com-condicoes-melhores-as-da-conta-covid-ja-na-pandemia\/#primaryimage\"},\"thumbnailUrl\":\"https:\/\/agenciainfra.com\/blog\/wp-content\/uploads\/2020\/07\/montezano-bndes-foto-tomaz-silva-agencia-brasil.jpg\",\"datePublished\":\"2020-07-06T11:00:05+00:00\",\"breadcrumb\":{\"@id\":\"https:\/\/agenciainfra.com\/blog\/empresas-conseguiram-emprestimos-individuais-com-condicoes-melhores-as-da-conta-covid-ja-na-pandemia\/#breadcrumb\"},\"inLanguage\":\"pt-BR\",\"potentialAction\":[{\"@type\":\"ReadAction\",\"target\":[\"https:\/\/agenciainfra.com\/blog\/empresas-conseguiram-emprestimos-individuais-com-condicoes-melhores-as-da-conta-covid-ja-na-pandemia\/\"]}]},{\"@type\":\"ImageObject\",\"inLanguage\":\"pt-BR\",\"@id\":\"https:\/\/agenciainfra.com\/blog\/empresas-conseguiram-emprestimos-individuais-com-condicoes-melhores-as-da-conta-covid-ja-na-pandemia\/#primaryimage\",\"url\":\"https:\/\/agenciainfra.com\/blog\/wp-content\/uploads\/2020\/07\/montezano-bndes-foto-tomaz-silva-agencia-brasil.jpg\",\"contentUrl\":\"https:\/\/agenciainfra.com\/blog\/wp-content\/uploads\/2020\/07\/montezano-bndes-foto-tomaz-silva-agencia-brasil.jpg\",\"width\":1280,\"height\":853},{\"@type\":\"BreadcrumbList\",\"@id\":\"https:\/\/agenciainfra.com\/blog\/empresas-conseguiram-emprestimos-individuais-com-condicoes-melhores-as-da-conta-covid-ja-na-pandemia\/#breadcrumb\",\"itemListElement\":[{\"@type\":\"ListItem\",\"position\":1,\"name\":\"In\u00edcio\",\"item\":\"https:\/\/agenciainfra.com\/blog\/\"},{\"@type\":\"ListItem\",\"position\":2,\"name\":\"Empresas conseguiram empr\u00e9stimos individuais com condi\u00e7\u00f5es melhores \u00e0s da Conta-Covid j\u00e1 na pandemia\"}]},{\"@type\":\"WebSite\",\"@id\":\"https:\/\/agenciainfra.com\/blog\/#website\",\"url\":\"https:\/\/agenciainfra.com\/blog\/\",\"name\":\"Ag\u00eancia iNFRA\",\"description\":\"Multiplataforma de informa\u00e7\u00e3o jornal\u00edstica refer\u00eancia na \u00e1rea de infraestrutura no Brasil!\",\"publisher\":{\"@id\":\"https:\/\/agenciainfra.com\/blog\/#organization\"},\"potentialAction\":[{\"@type\":\"SearchAction\",\"target\":{\"@type\":\"EntryPoint\",\"urlTemplate\":\"https:\/\/agenciainfra.com\/blog\/?s={search_term_string}\"},\"query-input\":{\"@type\":\"PropertyValueSpecification\",\"valueRequired\":true,\"valueName\":\"search_term_string\"}}],\"inLanguage\":\"pt-BR\"},{\"@type\":\"Organization\",\"@id\":\"https:\/\/agenciainfra.com\/blog\/#organization\",\"name\":\"Ag\u00eancia iNFRA\",\"url\":\"https:\/\/agenciainfra.com\/blog\/\",\"logo\":{\"@type\":\"ImageObject\",\"inLanguage\":\"pt-BR\",\"@id\":\"https:\/\/agenciainfra.com\/blog\/#\/schema\/logo\/image\/\",\"url\":\"https:\/\/agenciainfra.com\/blog\/wp-content\/uploads\/2023\/09\/iNFRA_5-e1761735885940.png\",\"contentUrl\":\"https:\/\/agenciainfra.com\/blog\/wp-content\/uploads\/2023\/09\/iNFRA_5-e1761735885940.png\",\"width\":1672,\"height\":454,\"caption\":\"Ag\u00eancia iNFRA\"},\"image\":{\"@id\":\"https:\/\/agenciainfra.com\/blog\/#\/schema\/logo\/image\/\"},\"sameAs\":[\"https:\/\/www.facebook.com\/ageninfra\",\"https:\/\/x.com\/agencia_infra\",\"https:\/\/www.linkedin.com\/company\/ag\u00eanciainfra\/\",\"https:\/\/www.instagram.com\/agenciainfra\/\"]},{\"@type\":\"Person\",\"@id\":\"https:\/\/agenciainfra.com\/blog\/#\/schema\/person\/04dbb79bd6d8951f063da71f3e4c1eb1\",\"name\":\"Rodrigo Zuquim\",\"image\":{\"@type\":\"ImageObject\",\"inLanguage\":\"pt-BR\",\"@id\":\"https:\/\/agenciainfra.com\/blog\/#\/schema\/person\/image\/\",\"url\":\"https:\/\/secure.gravatar.com\/avatar\/594abfe82761d620726242ff34ca472a705a4b97f16c790053a6b4c4035274d0?s=96&d=mm&r=g\",\"contentUrl\":\"https:\/\/secure.gravatar.com\/avatar\/594abfe82761d620726242ff34ca472a705a4b97f16c790053a6b4c4035274d0?s=96&d=mm&r=g\",\"caption\":\"Rodrigo Zuquim\"},\"url\":\"https:\/\/agenciainfra.com\/blog\/author\/rodrigo-zuquim\/\"}]}<\/script>\n<!-- \/ Yoast SEO Premium plugin. -->","yoast_head_json":{"title":"Empresas conseguiram empr\u00e9stimos individuais com condi\u00e7\u00f5es melhores \u00e0s da Conta-Covid j\u00e1 na pandemia - Ag\u00eancia iNFRA","robots":{"index":"index","follow":"follow","max-snippet":"max-snippet:-1","max-image-preview":"max-image-preview:large","max-video-preview":"max-video-preview:-1"},"canonical":"https:\/\/agenciainfra.com\/blog\/empresas-conseguiram-emprestimos-individuais-com-condicoes-melhores-as-da-conta-covid-ja-na-pandemia\/","og_locale":"pt_BR","og_type":"article","og_title":"Empresas conseguiram empr\u00e9stimos individuais com condi\u00e7\u00f5es melhores \u00e0s da Conta-Covid j\u00e1 na pandemia","og_description":"Leila Coimbra e Guilherme Mendes,&nbsp;da Ag\u00eancia iNFRA Empresas do setor de distribui\u00e7\u00e3o de energia el\u00e9trica j\u00e1 negociaram, nos \u00faltimos tr\u00eas meses, ofertas\u00a0de empr\u00e9stimos com taxas mais atrativas do que as apresentadas para a chamada &#8220;Conta-Covid&#8221; pelo BNDES e um pool de bancos, apresentada na \u00faltima quinta-feira (2), e que estabelecem regras \u00e0\u00a0opera\u00e7\u00e3o de mercado que [&hellip;]","og_url":"https:\/\/agenciainfra.com\/blog\/empresas-conseguiram-emprestimos-individuais-com-condicoes-melhores-as-da-conta-covid-ja-na-pandemia\/","og_site_name":"Ag\u00eancia iNFRA","article_publisher":"https:\/\/www.facebook.com\/ageninfra","article_published_time":"2020-07-06T11:00:05+00:00","og_image":[{"width":1280,"height":853,"url":"https:\/\/agenciainfra.com\/blog\/wp-content\/uploads\/2020\/07\/montezano-bndes-foto-tomaz-silva-agencia-brasil.jpg","type":"image\/jpeg"}],"author":"Rodrigo Zuquim","twitter_card":"summary_large_image","twitter_creator":"@agencia_infra","twitter_site":"@agencia_infra","twitter_misc":{"Escrito por":"Rodrigo Zuquim","Est. tempo de leitura":"3 minutos"},"schema":{"@context":"https:\/\/schema.org","@graph":[{"@type":"Article","@id":"https:\/\/agenciainfra.com\/blog\/empresas-conseguiram-emprestimos-individuais-com-condicoes-melhores-as-da-conta-covid-ja-na-pandemia\/#article","isPartOf":{"@id":"https:\/\/agenciainfra.com\/blog\/empresas-conseguiram-emprestimos-individuais-com-condicoes-melhores-as-da-conta-covid-ja-na-pandemia\/"},"author":{"name":"Rodrigo Zuquim","@id":"https:\/\/agenciainfra.com\/blog\/#\/schema\/person\/04dbb79bd6d8951f063da71f3e4c1eb1"},"headline":"Empresas conseguiram empr\u00e9stimos individuais com condi\u00e7\u00f5es melhores \u00e0s da Conta-Covid j\u00e1 na pandemia","datePublished":"2020-07-06T11:00:05+00:00","mainEntityOfPage":{"@id":"https:\/\/agenciainfra.com\/blog\/empresas-conseguiram-emprestimos-individuais-com-condicoes-melhores-as-da-conta-covid-ja-na-pandemia\/"},"wordCount":717,"publisher":{"@id":"https:\/\/agenciainfra.com\/blog\/#organization"},"image":{"@id":"https:\/\/agenciainfra.com\/blog\/empresas-conseguiram-emprestimos-individuais-com-condicoes-melhores-as-da-conta-covid-ja-na-pandemia\/#primaryimage"},"thumbnailUrl":"https:\/\/agenciainfra.com\/blog\/wp-content\/uploads\/2020\/07\/montezano-bndes-foto-tomaz-silva-agencia-brasil.jpg","keywords":["Abradee","ANEEL","BNDES","Conta-Covid","distribui\u00e7\u00e3o de energia","equatorial","Light","neoenergia","pandemia","RGE","Setor El\u00e9trico"],"articleSection":["Geral","iNFRAEnergia"],"inLanguage":"pt-BR","copyrightYear":"2020","copyrightHolder":{"@id":"https:\/\/agenciainfra.com\/blog\/#organization"}},{"@type":"WebPage","@id":"https:\/\/agenciainfra.com\/blog\/empresas-conseguiram-emprestimos-individuais-com-condicoes-melhores-as-da-conta-covid-ja-na-pandemia\/","url":"https:\/\/agenciainfra.com\/blog\/empresas-conseguiram-emprestimos-individuais-com-condicoes-melhores-as-da-conta-covid-ja-na-pandemia\/","name":"Empresas conseguiram empr\u00e9stimos individuais com condi\u00e7\u00f5es melhores \u00e0s da Conta-Covid j\u00e1 na pandemia - Ag\u00eancia iNFRA","isPartOf":{"@id":"https:\/\/agenciainfra.com\/blog\/#website"},"primaryImageOfPage":{"@id":"https:\/\/agenciainfra.com\/blog\/empresas-conseguiram-emprestimos-individuais-com-condicoes-melhores-as-da-conta-covid-ja-na-pandemia\/#primaryimage"},"image":{"@id":"https:\/\/agenciainfra.com\/blog\/empresas-conseguiram-emprestimos-individuais-com-condicoes-melhores-as-da-conta-covid-ja-na-pandemia\/#primaryimage"},"thumbnailUrl":"https:\/\/agenciainfra.com\/blog\/wp-content\/uploads\/2020\/07\/montezano-bndes-foto-tomaz-silva-agencia-brasil.jpg","datePublished":"2020-07-06T11:00:05+00:00","breadcrumb":{"@id":"https:\/\/agenciainfra.com\/blog\/empresas-conseguiram-emprestimos-individuais-com-condicoes-melhores-as-da-conta-covid-ja-na-pandemia\/#breadcrumb"},"inLanguage":"pt-BR","potentialAction":[{"@type":"ReadAction","target":["https:\/\/agenciainfra.com\/blog\/empresas-conseguiram-emprestimos-individuais-com-condicoes-melhores-as-da-conta-covid-ja-na-pandemia\/"]}]},{"@type":"ImageObject","inLanguage":"pt-BR","@id":"https:\/\/agenciainfra.com\/blog\/empresas-conseguiram-emprestimos-individuais-com-condicoes-melhores-as-da-conta-covid-ja-na-pandemia\/#primaryimage","url":"https:\/\/agenciainfra.com\/blog\/wp-content\/uploads\/2020\/07\/montezano-bndes-foto-tomaz-silva-agencia-brasil.jpg","contentUrl":"https:\/\/agenciainfra.com\/blog\/wp-content\/uploads\/2020\/07\/montezano-bndes-foto-tomaz-silva-agencia-brasil.jpg","width":1280,"height":853},{"@type":"BreadcrumbList","@id":"https:\/\/agenciainfra.com\/blog\/empresas-conseguiram-emprestimos-individuais-com-condicoes-melhores-as-da-conta-covid-ja-na-pandemia\/#breadcrumb","itemListElement":[{"@type":"ListItem","position":1,"name":"In\u00edcio","item":"https:\/\/agenciainfra.com\/blog\/"},{"@type":"ListItem","position":2,"name":"Empresas conseguiram empr\u00e9stimos individuais com condi\u00e7\u00f5es melhores \u00e0s da Conta-Covid j\u00e1 na pandemia"}]},{"@type":"WebSite","@id":"https:\/\/agenciainfra.com\/blog\/#website","url":"https:\/\/agenciainfra.com\/blog\/","name":"Ag\u00eancia iNFRA","description":"Multiplataforma de informa\u00e7\u00e3o jornal\u00edstica refer\u00eancia na \u00e1rea de infraestrutura no Brasil!","publisher":{"@id":"https:\/\/agenciainfra.com\/blog\/#organization"},"potentialAction":[{"@type":"SearchAction","target":{"@type":"EntryPoint","urlTemplate":"https:\/\/agenciainfra.com\/blog\/?s={search_term_string}"},"query-input":{"@type":"PropertyValueSpecification","valueRequired":true,"valueName":"search_term_string"}}],"inLanguage":"pt-BR"},{"@type":"Organization","@id":"https:\/\/agenciainfra.com\/blog\/#organization","name":"Ag\u00eancia iNFRA","url":"https:\/\/agenciainfra.com\/blog\/","logo":{"@type":"ImageObject","inLanguage":"pt-BR","@id":"https:\/\/agenciainfra.com\/blog\/#\/schema\/logo\/image\/","url":"https:\/\/agenciainfra.com\/blog\/wp-content\/uploads\/2023\/09\/iNFRA_5-e1761735885940.png","contentUrl":"https:\/\/agenciainfra.com\/blog\/wp-content\/uploads\/2023\/09\/iNFRA_5-e1761735885940.png","width":1672,"height":454,"caption":"Ag\u00eancia iNFRA"},"image":{"@id":"https:\/\/agenciainfra.com\/blog\/#\/schema\/logo\/image\/"},"sameAs":["https:\/\/www.facebook.com\/ageninfra","https:\/\/x.com\/agencia_infra","https:\/\/www.linkedin.com\/company\/ag\u00eanciainfra\/","https:\/\/www.instagram.com\/agenciainfra\/"]},{"@type":"Person","@id":"https:\/\/agenciainfra.com\/blog\/#\/schema\/person\/04dbb79bd6d8951f063da71f3e4c1eb1","name":"Rodrigo Zuquim","image":{"@type":"ImageObject","inLanguage":"pt-BR","@id":"https:\/\/agenciainfra.com\/blog\/#\/schema\/person\/image\/","url":"https:\/\/secure.gravatar.com\/avatar\/594abfe82761d620726242ff34ca472a705a4b97f16c790053a6b4c4035274d0?s=96&d=mm&r=g","contentUrl":"https:\/\/secure.gravatar.com\/avatar\/594abfe82761d620726242ff34ca472a705a4b97f16c790053a6b4c4035274d0?s=96&d=mm&r=g","caption":"Rodrigo Zuquim"},"url":"https:\/\/agenciainfra.com\/blog\/author\/rodrigo-zuquim\/"}]}},"_links":{"self":[{"href":"https:\/\/agenciainfra.com\/blog\/wp-json\/wp\/v2\/posts\/5316","targetHints":{"allow":["GET"]}}],"collection":[{"href":"https:\/\/agenciainfra.com\/blog\/wp-json\/wp\/v2\/posts"}],"about":[{"href":"https:\/\/agenciainfra.com\/blog\/wp-json\/wp\/v2\/types\/post"}],"author":[{"embeddable":true,"href":"https:\/\/agenciainfra.com\/blog\/wp-json\/wp\/v2\/users\/9"}],"replies":[{"embeddable":true,"href":"https:\/\/agenciainfra.com\/blog\/wp-json\/wp\/v2\/comments?post=5316"}],"version-history":[{"count":0,"href":"https:\/\/agenciainfra.com\/blog\/wp-json\/wp\/v2\/posts\/5316\/revisions"}],"wp:featuredmedia":[{"embeddable":true,"href":"https:\/\/agenciainfra.com\/blog\/wp-json\/wp\/v2\/media\/5317"}],"wp:attachment":[{"href":"https:\/\/agenciainfra.com\/blog\/wp-json\/wp\/v2\/media?parent=5316"}],"wp:term":[{"taxonomy":"category","embeddable":true,"href":"https:\/\/agenciainfra.com\/blog\/wp-json\/wp\/v2\/categories?post=5316"},{"taxonomy":"post_tag","embeddable":true,"href":"https:\/\/agenciainfra.com\/blog\/wp-json\/wp\/v2\/tags?post=5316"}],"curies":[{"name":"wp","href":"https:\/\/api.w.org\/{rel}","templated":true}]}}