{"id":5319,"date":"2020-07-04T13:00:00","date_gmt":"2020-07-04T16:00:00","guid":{"rendered":"https:\/\/www.agenciainfra.com\/blog\/?p=5319"},"modified":"2020-07-03T16:58:01","modified_gmt":"2020-07-03T19:58:01","slug":"infradebate-o-novo-marco-regulatorio-do-saneamento-e-a-participacao-do-setor-privado","status":"publish","type":"post","link":"https:\/\/agenciainfra.com\/blog\/infradebate-o-novo-marco-regulatorio-do-saneamento-e-a-participacao-do-setor-privado\/","title":{"rendered":"iNFRADebate: O novo marco regulat\u00f3rio do saneamento e a participa\u00e7\u00e3o do setor privado"},"content":{"rendered":"\n<h5 class=\"has-text-align-right wp-block-heading\"><strong>Ana Luiza Q. M. Jacoby Fernandes*<\/strong><\/h5>\n\n\n\n<p>O Senado aprovou o novo marco legal do saneamento b\u00e1sico. Trata-se do projeto de lei 4.162\/2019. Nos pr\u00f3ximos dias seguir\u00e1 para san\u00e7\u00e3o presidencial, a qual poder\u00e1 ainda ter alguns vetos.&nbsp;<\/p>\n\n\n\n<p>Importante mencionar, em que pese a ampla gama de modifica\u00e7\u00f5es advindas do projeto, que a Lei 11.445, de 5 de janeiro de 2007, que estabelece as diretrizes nacionais para o saneamento b\u00e1sico, permanece em vigor. Com a san\u00e7\u00e3o do projeto, artigos espec\u00edficos ser\u00e3o alterados.<\/p>\n\n\n\n<p>Um dos grandes destaques da futura lei \u00e9 a amplia\u00e7\u00e3o da participa\u00e7\u00e3o de empresas privadas, seja pela privatiza\u00e7\u00e3o ou pelas concess\u00f5es.<\/p>\n\n\n\n<p>At\u00e9 agora, \u00e9 permitido aos entes federados contratar diretamente empresas estatais sem licita\u00e7\u00e3o. A partir de agora, ficam obrigados a realizar uma concorr\u00eancia aberta a empresas privadas. O marco legal, se sancionado, determina a \u201clivre concorr\u00eancia\u201d entre as empresas que prestam servi\u00e7o de saneamento \u2013 estatais ou n\u00e3o.<\/p>\n\n\n\n<p>Hoje, a participa\u00e7\u00e3o de empresas privadas no setor \u00e9 de apenas 6% em rela\u00e7\u00e3o ao abastecimento de \u00e1gua e 12% aos servi\u00e7os de esgoto. Nos demais setores da infraestrutura brasileira, a participa\u00e7\u00e3o do privado j\u00e1 alcan\u00e7a 65%<sup>1<\/sup>.<\/p>\n\n\n\n<p>A previs\u00e3o financeira para a universaliza\u00e7\u00e3o do saneamento chega a R$ 700 bilh\u00f5es at\u00e9 2033, com uma m\u00e9dia de R$ 53 bilh\u00f5es anuais. Nosso hist\u00f3rico, nas \u00faltimas d\u00e9cadas, alcan\u00e7ou recursos de, no m\u00e1ximo, R$ 15 bilh\u00f5es por ano. Os investimentos necess\u00e1rios t\u00eam permanecido aqu\u00e9m de todos os prazos planejados, por isso a participa\u00e7\u00e3o do setor privado \u00e9 essencial para que possamos superar o d\u00e9ficit de infraestrutura e presta\u00e7\u00e3o de servi\u00e7os neste setor.<\/p>\n\n\n\n<p>Os impactos da Covid-19 no Brasil evidenciaram ainda mais a situa\u00e7\u00e3o prec\u00e1ria do pa\u00eds em rela\u00e7\u00e3o ao saneamento b\u00e1sico. Mais do que m\u00e1scaras e \u00e1lcool, de primeira necessidade s\u00e3o \u00e1gua tratada e esgoto, \u00e9 o que esclarece a OMS (Organiza\u00e7\u00e3o Mundial da Sa\u00fade) ao afirmar \u201cque o saneamento b\u00e1sico \u00e9 essencial para a prote\u00e7\u00e3o da sa\u00fade humana nessa \u00e9poca de pandemia\u201d<sup>2<\/sup>.<\/p>\n\n\n\n<p>O relat\u00f3rio&nbsp;<em>A World At Risk<\/em>&nbsp;(Um mundo em risco) mostra que a falta de \u00e1gua tratada e de&nbsp;<strong>saneamento b\u00e1sico favorecem a r\u00e1pida circula\u00e7\u00e3o de v\u00edrus letais em todo o mundo<\/strong><sup>3<\/sup>.<\/p>\n\n\n\n<p><strong>Cr\u00edticas \u00e0 participa\u00e7\u00e3o privada<\/strong><\/p>\n\n\n\n<p>A participa\u00e7\u00e3o de empresas privadas no setor \u00e9 vista com maus olhos pelos opositores \u00e0 altera\u00e7\u00e3o do marco legal. As principais cr\u00edticas s\u00e3o:<\/p>\n\n\n\n<p>a) o movimento contr\u00e1rio de cidades em alguns pa\u00edses, \u00e0 exemplo de Berlim, Paris, Budapeste, Bamako (Mali), Buenos Aires, Maputo (Mo\u00e7ambique) e La Paz, que encamparam as concess\u00f5es, retomando a presta\u00e7\u00e3o de servi\u00e7os diretamente pelo Estado;<\/p>\n\n\n\n<p>b) o privado, no sistema capitalista, busca o lucro \u2013 por isso, sempre vai querer reduzir custos e consequentemente diminuir a qualidade da presta\u00e7\u00e3o de servi\u00e7os;<\/p>\n\n\n\n<p>c) o privado n\u00e3o ter\u00e1 interesse nos locais com poucos recursos;<\/p>\n\n\n\n<p>d) corrup\u00e7\u00e3o.<\/p>\n\n\n\n<p>De forma sucinta, essas cr\u00edticas s\u00e3o facilmente rebatidas por instrumentos j\u00e1 existentes em nosso ordenamento jur\u00eddico:<\/p>\n\n\n\n<p>a) da mesma forma que existem pa\u00edses, dentre eles alguns desenvolvidos, assumindo a presta\u00e7\u00e3o do servi\u00e7o, existem outros privatizando, \u00e0 exemplo do Canad\u00e1, Chile, Estados Unidos, Jap\u00e3o, M\u00e9xico e Inglaterra. Outro fator que justifica a escolha brasileira por esse modal \u00e9 que, diferentemente dos pa\u00edses desenvolvidos, al\u00e9m das dimens\u00f5es continentais do Brasil, \u00e9 invi\u00e1vel para o Poder P\u00fablico angariar investimentos no montante necess\u00e1rio sozinho;<\/p>\n\n\n\n<p>b) a TIR (Taxa Interna de Retorno) utilizada nas concess\u00f5es brasileiras \u00e9 a taxa que calcula a margem do lucro das empresas. \u00c9 definida no momento da apresenta\u00e7\u00e3o da proposta. Ocorre que, havendo fatores externos imprevistos, a TIR ser\u00e1 alterada. Portanto, impede que o privado tenha lucros abusivos. Outra quest\u00e3o, j\u00e1 prevista em nosso ordenamento, \u00e9 a aferi\u00e7\u00e3o da qualidade da presta\u00e7\u00e3o do servi\u00e7o, inclusive como condicionante para continuidade dos contratos. Importante registrar que nesse setor j\u00e1 existe uma ag\u00eancia reguladora que tem por finalidade, precisamente, garantir a qualidade dos servi\u00e7os, que \u00e9 a ANA (Agencia Nacional de \u00c1guas).<\/p>\n\n\n\n<p>c) para essa quest\u00e3o \u2013 abandono dos locais n\u00e3o rent\u00e1veis \u2013, existem algumas possibilidades de supera\u00e7\u00e3o. Uma dessas possibilidades, \u00e0 exemplo das concess\u00f5es de aeroportos, \u00e9 o subs\u00eddio cruzado, j\u00e1 previsto na Lei 11.445\/ 2007. Outra possibilidade \u00e9 que os recursos angariados com a privatiza\u00e7\u00e3o de locais rent\u00e1veis sejam utilizados para a presta\u00e7\u00e3o do servi\u00e7o em locais n\u00e3o rent\u00e1veis, \u00e0 exemplo do estado de Tocantins, em que, com os <em>royalties<\/em> da privatiza\u00e7\u00e3o, a autarquia Saneatins consegue subs\u00eddios para fornecer \u00e1gua e esgoto para os locais n\u00e3o rent\u00e1veis;<\/p>\n\n\n\n<p>d) a corrup\u00e7\u00e3o ocorre independente do contratante; as empresas estatais de saneamento j\u00e1 foram alvo de duras cr\u00edticas e, no ano passado, foi constatado que seu custo \u00e9 maior do que os investimentos<sup>4<\/sup>.<\/p>\n\n\n\n<p>O setor de saneamento \u00e9 altamente regulado e o advento da altera\u00e7\u00e3o do marco regulat\u00f3rio prev\u00ea metas de expans\u00e3o dos servi\u00e7os, de qualidade na presta\u00e7\u00e3o dos servi\u00e7os, de efici\u00eancia e de uso racional. A participa\u00e7\u00e3o do privado ser\u00e1, portanto, essencial para que possamos cumprir as metas de universaliza\u00e7\u00e3o e melhorar as condi\u00e7\u00f5es de saneamento no Brasil.<\/p>\n\n\n\n<h6 class=\"wp-block-heading\"><strong>*<\/strong>Ana Luiza Q. M. Jacoby Fernandes \u00e9 diretora administrativa da Jacoby Fernandes e Reolon Advogados Associados, advogada, mestranda em Direito Administrativo pela PUC-SP, p\u00f3s-graduada em Direito Administrativo pelo IDP e em Administra\u00e7\u00e3o de Empresas pela FGV.<\/h6>\n\n\n\n<h6 class=\"wp-block-heading\"><strong>1<\/strong> Estudos sobre perspectivas do investimento em infraestrutura, publicado pela InterB em 2019.<\/h6>\n\n\n\n<h6 class=\"wp-block-heading\"><strong>2<\/strong> Organiza\u00e7\u00e3o Mundial da Sa\u00fade (World Health Organization). Hygiene &#8211; UN-Water GLAAS findings on national policies, plans, targets and finance, 23 april 2020. Dispon\u00edvel em: &lt; <a href=\"https:\/\/apps.who.int\/iris\/bitstream\/handle\/10665\/332267\/9789240006751-eng.pdf?ua=1\">https:\/\/apps.who.int\/iris\/bitstream\/handle\/10665\/332267\/9789240006751-eng.pdf?ua=1<\/a>>. Acesso em 25 de maio de 2020.<\/h6>\n\n\n\n<h6 class=\"wp-block-heading\"><strong>3<\/strong> Organiza\u00e7\u00e3o Mundial da Sa\u00fade (World Health Organization). <a href=\"https:\/\/apps.who.int\/gpmb\/assets\/annual_report\/GPMB_Annual_Report_English.pdf\" target=\"_blank\" rel=\"noreferrer noopener\">https:\/\/apps.who.int\/gpmb\/assets\/annual_report\/GPMB_Annual_Report_English.pdf<\/a><\/h6>\n\n\n\n<h6 class=\"wp-block-heading\"><strong>4<\/strong> Estatais de \u00e1gua e esgoto gastam mais com sal\u00e1rio do que na expans\u00e3o das redes. O globo. Dispon\u00edvel em:\u00a0<a href=\"https:\/\/oglobo.globo.com\/economia\/estatais-de-agua-esgoto-gastam-mais-com-salario-do-que-na-expansao-das-redes-23885366\">https:\/\/oglobo.globo.com\/economia\/estatais-de-agua-esgoto-gastam-mais-com-salario-do-que-na-expansao-das-redes-23885366<\/a>. Acesso em 26 de junho de 2020.<\/h6>\n\n\n\n<h5 class=\"wp-block-heading\">O iNFRADebate \u00e9 o espa\u00e7o de artigos da Ag\u00eancia iNFRA com opini\u00f5es de seus atores que n\u00e3o refletem necessariamente o pensamento da Ag\u00eancia iNFRA, sendo de total responsabilidade do autor as informa\u00e7\u00f5es, ju\u00edzos de valor e conceitos descritos no texto.<\/h5>\n","protected":false},"excerpt":{"rendered":"<p>Ana Luiza Q. M. Jacoby Fernandes* O Senado aprovou o novo marco legal do saneamento b\u00e1sico. Trata-se do projeto de lei 4.162\/2019. Nos pr\u00f3ximos dias seguir\u00e1 para san\u00e7\u00e3o presidencial, a qual poder\u00e1 ainda ter alguns vetos.&nbsp; Importante mencionar, em que pese a ampla gama de modifica\u00e7\u00f5es advindas do projeto, que a Lei 11.445, de 5 [&hellip;]<\/p>\n","protected":false},"author":9,"featured_media":5321,"comment_status":"closed","ping_status":"closed","sticky":false,"template":"","format":"standard","meta":{"_monsterinsights_skip_tracking":false,"_monsterinsights_sitenote_active":false,"_monsterinsights_sitenote_note":"","_monsterinsights_sitenote_category":0,"footnotes":""},"categories":[1,11],"tags":[2231,78,2190,51,179],"class_list":["post-5319","post","type-post","status-publish","format-standard","has-post-thumbnail","hentry","category-geral","category-infradebate","tag-ana-luiza-q-m-jacoby-fernandes","tag-concessoes","tag-pl-4-162-2019","tag-privatizacao","tag-saneamento"],"yoast_head":"<!-- This site is optimized with the Yoast SEO Premium plugin v25.4 (Yoast SEO v26.0) - https:\/\/yoast.com\/wordpress\/plugins\/seo\/ -->\n<title>iNFRADebate: O novo marco regulat\u00f3rio do saneamento e a participa\u00e7\u00e3o do setor privado - Ag\u00eancia iNFRA<\/title>\n<meta name=\"robots\" content=\"index, follow, max-snippet:-1, max-image-preview:large, max-video-preview:-1\" \/>\n<link rel=\"canonical\" href=\"https:\/\/agenciainfra.com\/blog\/infradebate-o-novo-marco-regulatorio-do-saneamento-e-a-participacao-do-setor-privado\/\" \/>\n<meta property=\"og:locale\" content=\"pt_BR\" \/>\n<meta property=\"og:type\" content=\"article\" \/>\n<meta property=\"og:title\" content=\"iNFRADebate: O novo marco regulat\u00f3rio do saneamento e a participa\u00e7\u00e3o do setor privado\" \/>\n<meta property=\"og:description\" content=\"Ana Luiza Q. M. Jacoby Fernandes* O Senado aprovou o novo marco legal do saneamento b\u00e1sico. Trata-se do projeto de lei 4.162\/2019. Nos pr\u00f3ximos dias seguir\u00e1 para san\u00e7\u00e3o presidencial, a qual poder\u00e1 ainda ter alguns vetos.&nbsp; Importante mencionar, em que pese a ampla gama de modifica\u00e7\u00f5es advindas do projeto, que a Lei 11.445, de 5 [&hellip;]\" \/>\n<meta property=\"og:url\" content=\"https:\/\/agenciainfra.com\/blog\/infradebate-o-novo-marco-regulatorio-do-saneamento-e-a-participacao-do-setor-privado\/\" \/>\n<meta property=\"og:site_name\" content=\"Ag\u00eancia iNFRA\" \/>\n<meta property=\"article:publisher\" content=\"https:\/\/www.facebook.com\/ageninfra\" \/>\n<meta property=\"article:published_time\" content=\"2020-07-04T16:00:00+00:00\" \/>\n<meta property=\"og:image\" content=\"https:\/\/agenciainfra.com\/blog\/wp-content\/uploads\/2020\/07\/ana-luiza-jacoby-fernandes-foto-redes-sociais.jpg\" \/>\n\t<meta property=\"og:image:width\" content=\"1200\" \/>\n\t<meta property=\"og:image:height\" content=\"847\" \/>\n\t<meta property=\"og:image:type\" content=\"image\/jpeg\" \/>\n<meta name=\"author\" content=\"Rodrigo Zuquim\" \/>\n<meta name=\"twitter:card\" content=\"summary_large_image\" \/>\n<meta name=\"twitter:creator\" content=\"@agencia_infra\" \/>\n<meta name=\"twitter:site\" content=\"@agencia_infra\" \/>\n<meta name=\"twitter:label1\" content=\"Escrito por\" \/>\n\t<meta name=\"twitter:data1\" content=\"Rodrigo Zuquim\" \/>\n\t<meta name=\"twitter:label2\" content=\"Est. tempo de leitura\" \/>\n\t<meta name=\"twitter:data2\" content=\"5 minutos\" \/>\n<script type=\"application\/ld+json\" class=\"yoast-schema-graph\">{\"@context\":\"https:\/\/schema.org\",\"@graph\":[{\"@type\":\"Article\",\"@id\":\"https:\/\/agenciainfra.com\/blog\/infradebate-o-novo-marco-regulatorio-do-saneamento-e-a-participacao-do-setor-privado\/#article\",\"isPartOf\":{\"@id\":\"https:\/\/agenciainfra.com\/blog\/infradebate-o-novo-marco-regulatorio-do-saneamento-e-a-participacao-do-setor-privado\/\"},\"author\":{\"name\":\"Rodrigo Zuquim\",\"@id\":\"https:\/\/agenciainfra.com\/blog\/#\/schema\/person\/04dbb79bd6d8951f063da71f3e4c1eb1\"},\"headline\":\"iNFRADebate: O novo marco regulat\u00f3rio do saneamento e a participa\u00e7\u00e3o do setor privado\",\"datePublished\":\"2020-07-04T16:00:00+00:00\",\"mainEntityOfPage\":{\"@id\":\"https:\/\/agenciainfra.com\/blog\/infradebate-o-novo-marco-regulatorio-do-saneamento-e-a-participacao-do-setor-privado\/\"},\"wordCount\":1099,\"publisher\":{\"@id\":\"https:\/\/agenciainfra.com\/blog\/#organization\"},\"image\":{\"@id\":\"https:\/\/agenciainfra.com\/blog\/infradebate-o-novo-marco-regulatorio-do-saneamento-e-a-participacao-do-setor-privado\/#primaryimage\"},\"thumbnailUrl\":\"https:\/\/agenciainfra.com\/blog\/wp-content\/uploads\/2020\/07\/ana-luiza-jacoby-fernandes-foto-redes-sociais.jpg\",\"keywords\":[\"Ana Luiza Q. M. Jacoby Fernandes\",\"concess\u00f5es\",\"PL 4.162\/2019\",\"Privatiza\u00e7\u00e3o\",\"saneamento\"],\"articleSection\":[\"Geral\",\"iNFRADebate\"],\"inLanguage\":\"pt-BR\",\"copyrightYear\":\"2020\",\"copyrightHolder\":{\"@id\":\"https:\/\/agenciainfra.com\/blog\/#organization\"}},{\"@type\":\"WebPage\",\"@id\":\"https:\/\/agenciainfra.com\/blog\/infradebate-o-novo-marco-regulatorio-do-saneamento-e-a-participacao-do-setor-privado\/\",\"url\":\"https:\/\/agenciainfra.com\/blog\/infradebate-o-novo-marco-regulatorio-do-saneamento-e-a-participacao-do-setor-privado\/\",\"name\":\"iNFRADebate: O novo marco regulat\u00f3rio do saneamento e a participa\u00e7\u00e3o do setor privado - Ag\u00eancia iNFRA\",\"isPartOf\":{\"@id\":\"https:\/\/agenciainfra.com\/blog\/#website\"},\"primaryImageOfPage\":{\"@id\":\"https:\/\/agenciainfra.com\/blog\/infradebate-o-novo-marco-regulatorio-do-saneamento-e-a-participacao-do-setor-privado\/#primaryimage\"},\"image\":{\"@id\":\"https:\/\/agenciainfra.com\/blog\/infradebate-o-novo-marco-regulatorio-do-saneamento-e-a-participacao-do-setor-privado\/#primaryimage\"},\"thumbnailUrl\":\"https:\/\/agenciainfra.com\/blog\/wp-content\/uploads\/2020\/07\/ana-luiza-jacoby-fernandes-foto-redes-sociais.jpg\",\"datePublished\":\"2020-07-04T16:00:00+00:00\",\"breadcrumb\":{\"@id\":\"https:\/\/agenciainfra.com\/blog\/infradebate-o-novo-marco-regulatorio-do-saneamento-e-a-participacao-do-setor-privado\/#breadcrumb\"},\"inLanguage\":\"pt-BR\",\"potentialAction\":[{\"@type\":\"ReadAction\",\"target\":[\"https:\/\/agenciainfra.com\/blog\/infradebate-o-novo-marco-regulatorio-do-saneamento-e-a-participacao-do-setor-privado\/\"]}]},{\"@type\":\"ImageObject\",\"inLanguage\":\"pt-BR\",\"@id\":\"https:\/\/agenciainfra.com\/blog\/infradebate-o-novo-marco-regulatorio-do-saneamento-e-a-participacao-do-setor-privado\/#primaryimage\",\"url\":\"https:\/\/agenciainfra.com\/blog\/wp-content\/uploads\/2020\/07\/ana-luiza-jacoby-fernandes-foto-redes-sociais.jpg\",\"contentUrl\":\"https:\/\/agenciainfra.com\/blog\/wp-content\/uploads\/2020\/07\/ana-luiza-jacoby-fernandes-foto-redes-sociais.jpg\",\"width\":1200,\"height\":847},{\"@type\":\"BreadcrumbList\",\"@id\":\"https:\/\/agenciainfra.com\/blog\/infradebate-o-novo-marco-regulatorio-do-saneamento-e-a-participacao-do-setor-privado\/#breadcrumb\",\"itemListElement\":[{\"@type\":\"ListItem\",\"position\":1,\"name\":\"In\u00edcio\",\"item\":\"https:\/\/agenciainfra.com\/blog\/\"},{\"@type\":\"ListItem\",\"position\":2,\"name\":\"iNFRADebate: O novo marco regulat\u00f3rio do saneamento e a participa\u00e7\u00e3o do setor privado\"}]},{\"@type\":\"WebSite\",\"@id\":\"https:\/\/agenciainfra.com\/blog\/#website\",\"url\":\"https:\/\/agenciainfra.com\/blog\/\",\"name\":\"Ag\u00eancia iNFRA\",\"description\":\"Multiplataforma de informa\u00e7\u00e3o jornal\u00edstica refer\u00eancia na \u00e1rea de infraestrutura no Brasil!\",\"publisher\":{\"@id\":\"https:\/\/agenciainfra.com\/blog\/#organization\"},\"potentialAction\":[{\"@type\":\"SearchAction\",\"target\":{\"@type\":\"EntryPoint\",\"urlTemplate\":\"https:\/\/agenciainfra.com\/blog\/?s={search_term_string}\"},\"query-input\":{\"@type\":\"PropertyValueSpecification\",\"valueRequired\":true,\"valueName\":\"search_term_string\"}}],\"inLanguage\":\"pt-BR\"},{\"@type\":\"Organization\",\"@id\":\"https:\/\/agenciainfra.com\/blog\/#organization\",\"name\":\"Ag\u00eancia iNFRA\",\"url\":\"https:\/\/agenciainfra.com\/blog\/\",\"logo\":{\"@type\":\"ImageObject\",\"inLanguage\":\"pt-BR\",\"@id\":\"https:\/\/agenciainfra.com\/blog\/#\/schema\/logo\/image\/\",\"url\":\"https:\/\/agenciainfra.com\/blog\/wp-content\/uploads\/2023\/09\/iNFRA_5-e1761735885940.png\",\"contentUrl\":\"https:\/\/agenciainfra.com\/blog\/wp-content\/uploads\/2023\/09\/iNFRA_5-e1761735885940.png\",\"width\":1672,\"height\":454,\"caption\":\"Ag\u00eancia iNFRA\"},\"image\":{\"@id\":\"https:\/\/agenciainfra.com\/blog\/#\/schema\/logo\/image\/\"},\"sameAs\":[\"https:\/\/www.facebook.com\/ageninfra\",\"https:\/\/x.com\/agencia_infra\",\"https:\/\/www.linkedin.com\/company\/ag\u00eanciainfra\/\",\"https:\/\/www.instagram.com\/agenciainfra\/\"]},{\"@type\":\"Person\",\"@id\":\"https:\/\/agenciainfra.com\/blog\/#\/schema\/person\/04dbb79bd6d8951f063da71f3e4c1eb1\",\"name\":\"Rodrigo Zuquim\",\"image\":{\"@type\":\"ImageObject\",\"inLanguage\":\"pt-BR\",\"@id\":\"https:\/\/agenciainfra.com\/blog\/#\/schema\/person\/image\/\",\"url\":\"https:\/\/secure.gravatar.com\/avatar\/594abfe82761d620726242ff34ca472a705a4b97f16c790053a6b4c4035274d0?s=96&d=mm&r=g\",\"contentUrl\":\"https:\/\/secure.gravatar.com\/avatar\/594abfe82761d620726242ff34ca472a705a4b97f16c790053a6b4c4035274d0?s=96&d=mm&r=g\",\"caption\":\"Rodrigo Zuquim\"},\"url\":\"https:\/\/agenciainfra.com\/blog\/author\/rodrigo-zuquim\/\"}]}<\/script>\n<!-- \/ Yoast SEO Premium plugin. -->","yoast_head_json":{"title":"iNFRADebate: O novo marco regulat\u00f3rio do saneamento e a participa\u00e7\u00e3o do setor privado - Ag\u00eancia iNFRA","robots":{"index":"index","follow":"follow","max-snippet":"max-snippet:-1","max-image-preview":"max-image-preview:large","max-video-preview":"max-video-preview:-1"},"canonical":"https:\/\/agenciainfra.com\/blog\/infradebate-o-novo-marco-regulatorio-do-saneamento-e-a-participacao-do-setor-privado\/","og_locale":"pt_BR","og_type":"article","og_title":"iNFRADebate: O novo marco regulat\u00f3rio do saneamento e a participa\u00e7\u00e3o do setor privado","og_description":"Ana Luiza Q. M. Jacoby Fernandes* O Senado aprovou o novo marco legal do saneamento b\u00e1sico. Trata-se do projeto de lei 4.162\/2019. Nos pr\u00f3ximos dias seguir\u00e1 para san\u00e7\u00e3o presidencial, a qual poder\u00e1 ainda ter alguns vetos.&nbsp; Importante mencionar, em que pese a ampla gama de modifica\u00e7\u00f5es advindas do projeto, que a Lei 11.445, de 5 [&hellip;]","og_url":"https:\/\/agenciainfra.com\/blog\/infradebate-o-novo-marco-regulatorio-do-saneamento-e-a-participacao-do-setor-privado\/","og_site_name":"Ag\u00eancia iNFRA","article_publisher":"https:\/\/www.facebook.com\/ageninfra","article_published_time":"2020-07-04T16:00:00+00:00","og_image":[{"width":1200,"height":847,"url":"https:\/\/agenciainfra.com\/blog\/wp-content\/uploads\/2020\/07\/ana-luiza-jacoby-fernandes-foto-redes-sociais.jpg","type":"image\/jpeg"}],"author":"Rodrigo Zuquim","twitter_card":"summary_large_image","twitter_creator":"@agencia_infra","twitter_site":"@agencia_infra","twitter_misc":{"Escrito por":"Rodrigo Zuquim","Est. tempo de leitura":"5 minutos"},"schema":{"@context":"https:\/\/schema.org","@graph":[{"@type":"Article","@id":"https:\/\/agenciainfra.com\/blog\/infradebate-o-novo-marco-regulatorio-do-saneamento-e-a-participacao-do-setor-privado\/#article","isPartOf":{"@id":"https:\/\/agenciainfra.com\/blog\/infradebate-o-novo-marco-regulatorio-do-saneamento-e-a-participacao-do-setor-privado\/"},"author":{"name":"Rodrigo Zuquim","@id":"https:\/\/agenciainfra.com\/blog\/#\/schema\/person\/04dbb79bd6d8951f063da71f3e4c1eb1"},"headline":"iNFRADebate: O novo marco regulat\u00f3rio do saneamento e a participa\u00e7\u00e3o do setor privado","datePublished":"2020-07-04T16:00:00+00:00","mainEntityOfPage":{"@id":"https:\/\/agenciainfra.com\/blog\/infradebate-o-novo-marco-regulatorio-do-saneamento-e-a-participacao-do-setor-privado\/"},"wordCount":1099,"publisher":{"@id":"https:\/\/agenciainfra.com\/blog\/#organization"},"image":{"@id":"https:\/\/agenciainfra.com\/blog\/infradebate-o-novo-marco-regulatorio-do-saneamento-e-a-participacao-do-setor-privado\/#primaryimage"},"thumbnailUrl":"https:\/\/agenciainfra.com\/blog\/wp-content\/uploads\/2020\/07\/ana-luiza-jacoby-fernandes-foto-redes-sociais.jpg","keywords":["Ana Luiza Q. M. Jacoby Fernandes","concess\u00f5es","PL 4.162\/2019","Privatiza\u00e7\u00e3o","saneamento"],"articleSection":["Geral","iNFRADebate"],"inLanguage":"pt-BR","copyrightYear":"2020","copyrightHolder":{"@id":"https:\/\/agenciainfra.com\/blog\/#organization"}},{"@type":"WebPage","@id":"https:\/\/agenciainfra.com\/blog\/infradebate-o-novo-marco-regulatorio-do-saneamento-e-a-participacao-do-setor-privado\/","url":"https:\/\/agenciainfra.com\/blog\/infradebate-o-novo-marco-regulatorio-do-saneamento-e-a-participacao-do-setor-privado\/","name":"iNFRADebate: O novo marco regulat\u00f3rio do saneamento e a participa\u00e7\u00e3o do setor privado - Ag\u00eancia iNFRA","isPartOf":{"@id":"https:\/\/agenciainfra.com\/blog\/#website"},"primaryImageOfPage":{"@id":"https:\/\/agenciainfra.com\/blog\/infradebate-o-novo-marco-regulatorio-do-saneamento-e-a-participacao-do-setor-privado\/#primaryimage"},"image":{"@id":"https:\/\/agenciainfra.com\/blog\/infradebate-o-novo-marco-regulatorio-do-saneamento-e-a-participacao-do-setor-privado\/#primaryimage"},"thumbnailUrl":"https:\/\/agenciainfra.com\/blog\/wp-content\/uploads\/2020\/07\/ana-luiza-jacoby-fernandes-foto-redes-sociais.jpg","datePublished":"2020-07-04T16:00:00+00:00","breadcrumb":{"@id":"https:\/\/agenciainfra.com\/blog\/infradebate-o-novo-marco-regulatorio-do-saneamento-e-a-participacao-do-setor-privado\/#breadcrumb"},"inLanguage":"pt-BR","potentialAction":[{"@type":"ReadAction","target":["https:\/\/agenciainfra.com\/blog\/infradebate-o-novo-marco-regulatorio-do-saneamento-e-a-participacao-do-setor-privado\/"]}]},{"@type":"ImageObject","inLanguage":"pt-BR","@id":"https:\/\/agenciainfra.com\/blog\/infradebate-o-novo-marco-regulatorio-do-saneamento-e-a-participacao-do-setor-privado\/#primaryimage","url":"https:\/\/agenciainfra.com\/blog\/wp-content\/uploads\/2020\/07\/ana-luiza-jacoby-fernandes-foto-redes-sociais.jpg","contentUrl":"https:\/\/agenciainfra.com\/blog\/wp-content\/uploads\/2020\/07\/ana-luiza-jacoby-fernandes-foto-redes-sociais.jpg","width":1200,"height":847},{"@type":"BreadcrumbList","@id":"https:\/\/agenciainfra.com\/blog\/infradebate-o-novo-marco-regulatorio-do-saneamento-e-a-participacao-do-setor-privado\/#breadcrumb","itemListElement":[{"@type":"ListItem","position":1,"name":"In\u00edcio","item":"https:\/\/agenciainfra.com\/blog\/"},{"@type":"ListItem","position":2,"name":"iNFRADebate: O novo marco regulat\u00f3rio do saneamento e a participa\u00e7\u00e3o do setor privado"}]},{"@type":"WebSite","@id":"https:\/\/agenciainfra.com\/blog\/#website","url":"https:\/\/agenciainfra.com\/blog\/","name":"Ag\u00eancia iNFRA","description":"Multiplataforma de informa\u00e7\u00e3o jornal\u00edstica refer\u00eancia na \u00e1rea de infraestrutura no Brasil!","publisher":{"@id":"https:\/\/agenciainfra.com\/blog\/#organization"},"potentialAction":[{"@type":"SearchAction","target":{"@type":"EntryPoint","urlTemplate":"https:\/\/agenciainfra.com\/blog\/?s={search_term_string}"},"query-input":{"@type":"PropertyValueSpecification","valueRequired":true,"valueName":"search_term_string"}}],"inLanguage":"pt-BR"},{"@type":"Organization","@id":"https:\/\/agenciainfra.com\/blog\/#organization","name":"Ag\u00eancia iNFRA","url":"https:\/\/agenciainfra.com\/blog\/","logo":{"@type":"ImageObject","inLanguage":"pt-BR","@id":"https:\/\/agenciainfra.com\/blog\/#\/schema\/logo\/image\/","url":"https:\/\/agenciainfra.com\/blog\/wp-content\/uploads\/2023\/09\/iNFRA_5-e1761735885940.png","contentUrl":"https:\/\/agenciainfra.com\/blog\/wp-content\/uploads\/2023\/09\/iNFRA_5-e1761735885940.png","width":1672,"height":454,"caption":"Ag\u00eancia iNFRA"},"image":{"@id":"https:\/\/agenciainfra.com\/blog\/#\/schema\/logo\/image\/"},"sameAs":["https:\/\/www.facebook.com\/ageninfra","https:\/\/x.com\/agencia_infra","https:\/\/www.linkedin.com\/company\/ag\u00eanciainfra\/","https:\/\/www.instagram.com\/agenciainfra\/"]},{"@type":"Person","@id":"https:\/\/agenciainfra.com\/blog\/#\/schema\/person\/04dbb79bd6d8951f063da71f3e4c1eb1","name":"Rodrigo Zuquim","image":{"@type":"ImageObject","inLanguage":"pt-BR","@id":"https:\/\/agenciainfra.com\/blog\/#\/schema\/person\/image\/","url":"https:\/\/secure.gravatar.com\/avatar\/594abfe82761d620726242ff34ca472a705a4b97f16c790053a6b4c4035274d0?s=96&d=mm&r=g","contentUrl":"https:\/\/secure.gravatar.com\/avatar\/594abfe82761d620726242ff34ca472a705a4b97f16c790053a6b4c4035274d0?s=96&d=mm&r=g","caption":"Rodrigo Zuquim"},"url":"https:\/\/agenciainfra.com\/blog\/author\/rodrigo-zuquim\/"}]}},"_links":{"self":[{"href":"https:\/\/agenciainfra.com\/blog\/wp-json\/wp\/v2\/posts\/5319","targetHints":{"allow":["GET"]}}],"collection":[{"href":"https:\/\/agenciainfra.com\/blog\/wp-json\/wp\/v2\/posts"}],"about":[{"href":"https:\/\/agenciainfra.com\/blog\/wp-json\/wp\/v2\/types\/post"}],"author":[{"embeddable":true,"href":"https:\/\/agenciainfra.com\/blog\/wp-json\/wp\/v2\/users\/9"}],"replies":[{"embeddable":true,"href":"https:\/\/agenciainfra.com\/blog\/wp-json\/wp\/v2\/comments?post=5319"}],"version-history":[{"count":0,"href":"https:\/\/agenciainfra.com\/blog\/wp-json\/wp\/v2\/posts\/5319\/revisions"}],"wp:featuredmedia":[{"embeddable":true,"href":"https:\/\/agenciainfra.com\/blog\/wp-json\/wp\/v2\/media\/5321"}],"wp:attachment":[{"href":"https:\/\/agenciainfra.com\/blog\/wp-json\/wp\/v2\/media?parent=5319"}],"wp:term":[{"taxonomy":"category","embeddable":true,"href":"https:\/\/agenciainfra.com\/blog\/wp-json\/wp\/v2\/categories?post=5319"},{"taxonomy":"post_tag","embeddable":true,"href":"https:\/\/agenciainfra.com\/blog\/wp-json\/wp\/v2\/tags?post=5319"}],"curies":[{"name":"wp","href":"https:\/\/api.w.org\/{rel}","templated":true}]}}