{"id":5323,"date":"2020-07-06T10:19:00","date_gmt":"2020-07-06T13:19:00","guid":{"rendered":"https:\/\/www.agenciainfra.com\/blog\/?p=5323"},"modified":"2020-07-06T10:19:08","modified_gmt":"2020-07-06T13:19:08","slug":"conta-covid-e-para-capital-de-giro-e-nao-pode-ser-comparada-a-emprestimo-para-investimento-diz-diretor-geral-da-aneel","status":"publish","type":"post","link":"https:\/\/agenciainfra.com\/blog\/conta-covid-e-para-capital-de-giro-e-nao-pode-ser-comparada-a-emprestimo-para-investimento-diz-diretor-geral-da-aneel\/","title":{"rendered":"Conta-Covid \u00e9 para capital de giro e n\u00e3o pode ser comparada a empr\u00e9stimo para investimento, diz diretor-geral da ANEEL"},"content":{"rendered":"\n<hr class=\"wp-block-separator\"\/>\n\n\n\n<p class=\"has-text-align-right\"><strong>Leila Coimbra ,&nbsp;da Ag\u00eancia iNFRA<\/strong><\/p>\n\n\n\n<p>O empr\u00e9stimo da\u00a0Conta-Covid, que ficar\u00e1 em R$ 14,85 bilh\u00f5es \u2013 segundo dados da demanda das distribuidoras de energia fechados na \u00faltima sexta-feira (3) \u2013 \u00e9 para dar liquidez ao caixa das empresas, ou\u00a0capital de giro, segundo o diretor-geral da ANEEL (Ag\u00eancia Nacional de Energia El\u00e9trica), Andr\u00e9 Pepitone.<br>\u00a0<br>Por isso, a Conta-Covid n\u00e3o pode ser comparada aos empr\u00e9stimos concedidos ao setor el\u00e9trico para financiar investimentos, afirmou Pepitone em entrevista exclusiva.<br>\u00a0<br>O diretor-geral da ANEEL se referiu \u00e0 reportagem publicada pela\u00a0<strong>Ag\u00eancia iNFRA\u00a0<\/strong>na \u00faltima sexta-feira (3), que informou\u00a0que distribuidoras haviam negociado financiamentos junto ao BNDES, j\u00e1 na pandemia,\u00a0com taxas mais atrativas do que as da Conta-Covid \u2013 que ter\u00e1 IPCA + 5,2% ao ano.<br>\u00a0<br>\u201cN\u00e3o s\u00e3o de livre utiliza\u00e7\u00e3o [os recursos dos financiamentos\u00a0citados na reportagem]. N\u00e3o se destinam a capital de giro das empresas, mas sim a investimentos. J\u00e1 os recursos da Conta-Covid s\u00e3o desembolsados de uma vez e servem tamb\u00e9m para abater tarifas. J\u00e1 os empr\u00e9stimos [da reportagem], ao contr\u00e1rio, s\u00e3o desembolsados seguindo um cronograma f\u00edsico e financeiro, a partir da evolu\u00e7\u00e3o f\u00edsica das obras. N\u00e3o s\u00e3o compar\u00e1veis\u201d, disse Pepitone.<br>\u00a0<br>As informa\u00e7\u00f5es de que os financiamentos citados na reportagem da\u00a0<strong>Ag\u00eancia iNFRA\u00a0<\/strong>s\u00e3o para investimentos, e n\u00e3o capital de giro, foram dadas pelo presidente do BNDES, Gustavo Montezano, segundo o diretor-geral da ANEEL.<br>\u00a0<br>A mat\u00e9ria\u00a0citou apenas distribuidoras \u2013\u00a0e n\u00e3o empresas de gera\u00e7\u00e3o ou transmiss\u00e3o \u2013\u00a0para que a compara\u00e7\u00e3o ficasse o mais pr\u00f3ximo poss\u00edvel, j\u00e1 que a Conta-Covid \u00e9 destinada a concession\u00e1rias de distribui\u00e7\u00e3o apenas. Est\u00e3o no texto as opera\u00e7\u00f5es do BNDES feitas junto aos grupos Neoenergia e Equatorial e \u00e0 distribuidora RGE. Tamb\u00e9m foi citada uma opera\u00e7\u00e3o de deb\u00eantures da Light que n\u00e3o tem rela\u00e7\u00e3o com o banco estatal.<br>\u00a0<br>Segundo Pepitone, os recursos liberados pelo BNDES\u00a0para as distribuidoras do grupo Equatorial, em Alagoas e no Piau\u00ed, s\u00e3o para investimentos, assim como tamb\u00e9m o dinheiro para a\u00a0RGE. No caso da Equatorial, a taxa ficou em IPCA + 4,44%; e na RGE, em IPCA + 4,27% ao ano, contra um custo de IPCA + 5,52% da Conta-Covid.<br>\u00a0<br>No caso do empr\u00e9stimo para a Neoenergia, que soma R$ 3,4 bilh\u00f5es para as quatro distribuidoras do grupo (Elektro, Coelba, Celpe e Cosern), a opera\u00e7\u00e3o ainda nem sequer foi liberada pelo banco de fomento, segundo lista repassada pelo pr\u00f3prio BNDES. Leia a seguir os dados dos\u00a0financiamentos recentes ao setor el\u00e9trico:<\/p>\n\n\n\n<figure class=\"wp-block-image size-large\"><img fetchpriority=\"high\" decoding=\"async\" width=\"957\" height=\"364\" src=\"https:\/\/agenciainfra.com\/blog\/wp-content\/uploads\/2020\/07\/financiamentos.jpg\" alt=\"\" class=\"wp-image-5324\" srcset=\"https:\/\/agenciainfra.com\/blog\/wp-content\/uploads\/2020\/07\/financiamentos.jpg 957w, https:\/\/agenciainfra.com\/blog\/wp-content\/uploads\/2020\/07\/financiamentos-300x114.jpg 300w, https:\/\/agenciainfra.com\/blog\/wp-content\/uploads\/2020\/07\/financiamentos-768x292.jpg 768w\" sizes=\"(max-width: 957px) 100vw, 957px\" \/><\/figure>\n\n\n\n<p><strong>49 de 53 empresas aderiram<\/strong><br>Para Pepitone, a Conta-Covid tem se mostrado um \u201csucesso absoluto\u201d. O prazo para o termo de ades\u00e3o pelas distribuidoras terminou na \u00faltima sexta-feira (3) \u00e0 meia-noite e, segundo o balan\u00e7o final, 49 de um total de 53 distribuidoras aderiram ao programa.<br>\u00a0<br>Os recursos solicitados somaram R$ 14,85 bilh\u00f5es, de um teto de R$ 16,1 bilh\u00f5es, e apenas as empresas Cooperalian\u00e7a, Jo\u00e3o Cesa e Forcel n\u00e3o enviaram o termo de ades\u00e3o. A concession\u00e1ria Igua\u00e7u mandou o termo, mas n\u00e3o a planilha, e teve seu pedido inviabilizado.<br>\u00a0<br>\u201cA opera\u00e7\u00e3o \u00e9 um sucesso absoluto. \u00c9 um passo fundamental para a manuten\u00e7\u00e3o da confian\u00e7a no setor. E vale lembrar que a Conta-Covid tamb\u00e9m est\u00e1 atenuando as tarifas aos consumidores. De maio a dezembro o valor m\u00e9dio do reajuste seria de 12,6% e, agora, com a Conta-Covid, ser\u00e1 de 2,9%.\u201d<br>\u00a0<br>Do total do empr\u00e9stimo, R$ 805 milh\u00f5es se referem \u00e0 antecipa\u00e7\u00e3o da Parcela B e outros R$ 478 milh\u00f5es s\u00e3o para atendimento do Grupo A, que teria direito originalmente a um valor de R$ 900 milh\u00f5es.<\/p>\n","protected":false},"excerpt":{"rendered":"<p>Leila Coimbra ,&nbsp;da Ag\u00eancia iNFRA O empr\u00e9stimo da\u00a0Conta-Covid, que ficar\u00e1 em R$ 14,85 bilh\u00f5es \u2013 segundo dados da demanda das distribuidoras de energia fechados na \u00faltima sexta-feira (3) \u2013 \u00e9 para dar liquidez ao caixa das empresas, ou\u00a0capital de giro, segundo o diretor-geral da ANEEL (Ag\u00eancia Nacional de Energia El\u00e9trica), Andr\u00e9 Pepitone.\u00a0Por isso, a Conta-Covid [&hellip;]<\/p>\n","protected":false},"author":9,"featured_media":5325,"comment_status":"closed","ping_status":"closed","sticky":false,"template":"","format":"standard","meta":{"_monsterinsights_skip_tracking":false,"_monsterinsights_sitenote_active":false,"_monsterinsights_sitenote_note":"","_monsterinsights_sitenote_category":0,"footnotes":""},"categories":[1,10],"tags":[820,53,103,1949,591,1928,1867,593,2230],"class_list":["post-5323","post","type-post","status-publish","format-standard","has-post-thumbnail","hentry","category-geral","category-infraenergia","tag-andre-pepitone","tag-aneel","tag-bndes","tag-conta-covid","tag-equatorial","tag-gustavo-montezano","tag-light","tag-neoenergia","tag-rge"],"yoast_head":"<!-- This site is optimized with the Yoast SEO Premium plugin v25.4 (Yoast SEO v26.0) - https:\/\/yoast.com\/wordpress\/plugins\/seo\/ -->\n<title>Conta-Covid \u00e9 para capital de giro e n\u00e3o pode ser comparada a empr\u00e9stimo para investimento, diz diretor-geral da ANEEL - Ag\u00eancia iNFRA<\/title>\n<meta name=\"robots\" content=\"index, follow, max-snippet:-1, max-image-preview:large, max-video-preview:-1\" \/>\n<link rel=\"canonical\" href=\"https:\/\/agenciainfra.com\/blog\/conta-covid-e-para-capital-de-giro-e-nao-pode-ser-comparada-a-emprestimo-para-investimento-diz-diretor-geral-da-aneel\/\" \/>\n<meta property=\"og:locale\" content=\"pt_BR\" \/>\n<meta property=\"og:type\" content=\"article\" \/>\n<meta property=\"og:title\" content=\"Conta-Covid \u00e9 para capital de giro e n\u00e3o pode ser comparada a empr\u00e9stimo para investimento, diz diretor-geral da ANEEL\" \/>\n<meta property=\"og:description\" content=\"Leila Coimbra ,&nbsp;da Ag\u00eancia iNFRA O empr\u00e9stimo da\u00a0Conta-Covid, que ficar\u00e1 em R$ 14,85 bilh\u00f5es \u2013 segundo dados da demanda das distribuidoras de energia fechados na \u00faltima sexta-feira (3) \u2013 \u00e9 para dar liquidez ao caixa das empresas, ou\u00a0capital de giro, segundo o diretor-geral da ANEEL (Ag\u00eancia Nacional de Energia El\u00e9trica), Andr\u00e9 Pepitone.\u00a0Por isso, a Conta-Covid [&hellip;]\" \/>\n<meta property=\"og:url\" content=\"https:\/\/agenciainfra.com\/blog\/conta-covid-e-para-capital-de-giro-e-nao-pode-ser-comparada-a-emprestimo-para-investimento-diz-diretor-geral-da-aneel\/\" \/>\n<meta property=\"og:site_name\" content=\"Ag\u00eancia iNFRA\" \/>\n<meta property=\"article:publisher\" content=\"https:\/\/www.facebook.com\/ageninfra\" \/>\n<meta property=\"article:published_time\" content=\"2020-07-06T13:19:00+00:00\" \/>\n<meta property=\"article:modified_time\" content=\"2020-07-06T13:19:08+00:00\" \/>\n<meta property=\"og:image\" content=\"https:\/\/agenciainfra.com\/blog\/wp-content\/uploads\/2020\/07\/dir-andre-pepitone-foto-saulo-cruz-aneel.jpg\" \/>\n\t<meta property=\"og:image:width\" content=\"1280\" \/>\n\t<meta property=\"og:image:height\" content=\"889\" \/>\n\t<meta property=\"og:image:type\" content=\"image\/jpeg\" \/>\n<meta name=\"author\" content=\"Rodrigo Zuquim\" \/>\n<meta name=\"twitter:card\" content=\"summary_large_image\" \/>\n<meta name=\"twitter:creator\" content=\"@agencia_infra\" \/>\n<meta name=\"twitter:site\" content=\"@agencia_infra\" \/>\n<meta name=\"twitter:label1\" content=\"Escrito por\" \/>\n\t<meta name=\"twitter:data1\" content=\"Rodrigo Zuquim\" \/>\n\t<meta name=\"twitter:label2\" content=\"Est. tempo de leitura\" \/>\n\t<meta name=\"twitter:data2\" content=\"3 minutos\" \/>\n<script type=\"application\/ld+json\" class=\"yoast-schema-graph\">{\"@context\":\"https:\/\/schema.org\",\"@graph\":[{\"@type\":\"Article\",\"@id\":\"https:\/\/agenciainfra.com\/blog\/conta-covid-e-para-capital-de-giro-e-nao-pode-ser-comparada-a-emprestimo-para-investimento-diz-diretor-geral-da-aneel\/#article\",\"isPartOf\":{\"@id\":\"https:\/\/agenciainfra.com\/blog\/conta-covid-e-para-capital-de-giro-e-nao-pode-ser-comparada-a-emprestimo-para-investimento-diz-diretor-geral-da-aneel\/\"},\"author\":{\"name\":\"Rodrigo Zuquim\",\"@id\":\"https:\/\/agenciainfra.com\/blog\/#\/schema\/person\/04dbb79bd6d8951f063da71f3e4c1eb1\"},\"headline\":\"Conta-Covid \u00e9 para capital de giro e n\u00e3o pode ser comparada a empr\u00e9stimo para investimento, diz diretor-geral da ANEEL\",\"datePublished\":\"2020-07-06T13:19:00+00:00\",\"dateModified\":\"2020-07-06T13:19:08+00:00\",\"mainEntityOfPage\":{\"@id\":\"https:\/\/agenciainfra.com\/blog\/conta-covid-e-para-capital-de-giro-e-nao-pode-ser-comparada-a-emprestimo-para-investimento-diz-diretor-geral-da-aneel\/\"},\"wordCount\":634,\"publisher\":{\"@id\":\"https:\/\/agenciainfra.com\/blog\/#organization\"},\"image\":{\"@id\":\"https:\/\/agenciainfra.com\/blog\/conta-covid-e-para-capital-de-giro-e-nao-pode-ser-comparada-a-emprestimo-para-investimento-diz-diretor-geral-da-aneel\/#primaryimage\"},\"thumbnailUrl\":\"https:\/\/agenciainfra.com\/blog\/wp-content\/uploads\/2020\/07\/dir-andre-pepitone-foto-saulo-cruz-aneel.jpg\",\"keywords\":[\"Andr\u00e9 Pepitone\",\"ANEEL\",\"BNDES\",\"Conta-Covid\",\"equatorial\",\"Gustavo Montezano\",\"Light\",\"neoenergia\",\"RGE\"],\"articleSection\":[\"Geral\",\"iNFRAEnergia\"],\"inLanguage\":\"pt-BR\",\"copyrightYear\":\"2020\",\"copyrightHolder\":{\"@id\":\"https:\/\/agenciainfra.com\/blog\/#organization\"}},{\"@type\":\"WebPage\",\"@id\":\"https:\/\/agenciainfra.com\/blog\/conta-covid-e-para-capital-de-giro-e-nao-pode-ser-comparada-a-emprestimo-para-investimento-diz-diretor-geral-da-aneel\/\",\"url\":\"https:\/\/agenciainfra.com\/blog\/conta-covid-e-para-capital-de-giro-e-nao-pode-ser-comparada-a-emprestimo-para-investimento-diz-diretor-geral-da-aneel\/\",\"name\":\"Conta-Covid \u00e9 para capital de giro e n\u00e3o pode ser comparada a empr\u00e9stimo para investimento, diz diretor-geral da ANEEL - Ag\u00eancia iNFRA\",\"isPartOf\":{\"@id\":\"https:\/\/agenciainfra.com\/blog\/#website\"},\"primaryImageOfPage\":{\"@id\":\"https:\/\/agenciainfra.com\/blog\/conta-covid-e-para-capital-de-giro-e-nao-pode-ser-comparada-a-emprestimo-para-investimento-diz-diretor-geral-da-aneel\/#primaryimage\"},\"image\":{\"@id\":\"https:\/\/agenciainfra.com\/blog\/conta-covid-e-para-capital-de-giro-e-nao-pode-ser-comparada-a-emprestimo-para-investimento-diz-diretor-geral-da-aneel\/#primaryimage\"},\"thumbnailUrl\":\"https:\/\/agenciainfra.com\/blog\/wp-content\/uploads\/2020\/07\/dir-andre-pepitone-foto-saulo-cruz-aneel.jpg\",\"datePublished\":\"2020-07-06T13:19:00+00:00\",\"dateModified\":\"2020-07-06T13:19:08+00:00\",\"breadcrumb\":{\"@id\":\"https:\/\/agenciainfra.com\/blog\/conta-covid-e-para-capital-de-giro-e-nao-pode-ser-comparada-a-emprestimo-para-investimento-diz-diretor-geral-da-aneel\/#breadcrumb\"},\"inLanguage\":\"pt-BR\",\"potentialAction\":[{\"@type\":\"ReadAction\",\"target\":[\"https:\/\/agenciainfra.com\/blog\/conta-covid-e-para-capital-de-giro-e-nao-pode-ser-comparada-a-emprestimo-para-investimento-diz-diretor-geral-da-aneel\/\"]}]},{\"@type\":\"ImageObject\",\"inLanguage\":\"pt-BR\",\"@id\":\"https:\/\/agenciainfra.com\/blog\/conta-covid-e-para-capital-de-giro-e-nao-pode-ser-comparada-a-emprestimo-para-investimento-diz-diretor-geral-da-aneel\/#primaryimage\",\"url\":\"https:\/\/agenciainfra.com\/blog\/wp-content\/uploads\/2020\/07\/dir-andre-pepitone-foto-saulo-cruz-aneel.jpg\",\"contentUrl\":\"https:\/\/agenciainfra.com\/blog\/wp-content\/uploads\/2020\/07\/dir-andre-pepitone-foto-saulo-cruz-aneel.jpg\",\"width\":1280,\"height\":889},{\"@type\":\"BreadcrumbList\",\"@id\":\"https:\/\/agenciainfra.com\/blog\/conta-covid-e-para-capital-de-giro-e-nao-pode-ser-comparada-a-emprestimo-para-investimento-diz-diretor-geral-da-aneel\/#breadcrumb\",\"itemListElement\":[{\"@type\":\"ListItem\",\"position\":1,\"name\":\"In\u00edcio\",\"item\":\"https:\/\/agenciainfra.com\/blog\/\"},{\"@type\":\"ListItem\",\"position\":2,\"name\":\"Conta-Covid \u00e9 para capital de giro e n\u00e3o pode ser comparada a empr\u00e9stimo para investimento, diz diretor-geral da ANEEL\"}]},{\"@type\":\"WebSite\",\"@id\":\"https:\/\/agenciainfra.com\/blog\/#website\",\"url\":\"https:\/\/agenciainfra.com\/blog\/\",\"name\":\"Ag\u00eancia iNFRA\",\"description\":\"Multiplataforma de informa\u00e7\u00e3o jornal\u00edstica refer\u00eancia na \u00e1rea de infraestrutura no Brasil!\",\"publisher\":{\"@id\":\"https:\/\/agenciainfra.com\/blog\/#organization\"},\"potentialAction\":[{\"@type\":\"SearchAction\",\"target\":{\"@type\":\"EntryPoint\",\"urlTemplate\":\"https:\/\/agenciainfra.com\/blog\/?s={search_term_string}\"},\"query-input\":{\"@type\":\"PropertyValueSpecification\",\"valueRequired\":true,\"valueName\":\"search_term_string\"}}],\"inLanguage\":\"pt-BR\"},{\"@type\":\"Organization\",\"@id\":\"https:\/\/agenciainfra.com\/blog\/#organization\",\"name\":\"Ag\u00eancia iNFRA\",\"url\":\"https:\/\/agenciainfra.com\/blog\/\",\"logo\":{\"@type\":\"ImageObject\",\"inLanguage\":\"pt-BR\",\"@id\":\"https:\/\/agenciainfra.com\/blog\/#\/schema\/logo\/image\/\",\"url\":\"https:\/\/agenciainfra.com\/blog\/wp-content\/uploads\/2023\/09\/iNFRA_5-e1761735885940.png\",\"contentUrl\":\"https:\/\/agenciainfra.com\/blog\/wp-content\/uploads\/2023\/09\/iNFRA_5-e1761735885940.png\",\"width\":1672,\"height\":454,\"caption\":\"Ag\u00eancia iNFRA\"},\"image\":{\"@id\":\"https:\/\/agenciainfra.com\/blog\/#\/schema\/logo\/image\/\"},\"sameAs\":[\"https:\/\/www.facebook.com\/ageninfra\",\"https:\/\/x.com\/agencia_infra\",\"https:\/\/www.linkedin.com\/company\/ag\u00eanciainfra\/\",\"https:\/\/www.instagram.com\/agenciainfra\/\"]},{\"@type\":\"Person\",\"@id\":\"https:\/\/agenciainfra.com\/blog\/#\/schema\/person\/04dbb79bd6d8951f063da71f3e4c1eb1\",\"name\":\"Rodrigo Zuquim\",\"image\":{\"@type\":\"ImageObject\",\"inLanguage\":\"pt-BR\",\"@id\":\"https:\/\/agenciainfra.com\/blog\/#\/schema\/person\/image\/\",\"url\":\"https:\/\/secure.gravatar.com\/avatar\/594abfe82761d620726242ff34ca472a705a4b97f16c790053a6b4c4035274d0?s=96&d=mm&r=g\",\"contentUrl\":\"https:\/\/secure.gravatar.com\/avatar\/594abfe82761d620726242ff34ca472a705a4b97f16c790053a6b4c4035274d0?s=96&d=mm&r=g\",\"caption\":\"Rodrigo Zuquim\"},\"url\":\"https:\/\/agenciainfra.com\/blog\/author\/rodrigo-zuquim\/\"}]}<\/script>\n<!-- \/ Yoast SEO Premium plugin. -->","yoast_head_json":{"title":"Conta-Covid \u00e9 para capital de giro e n\u00e3o pode ser comparada a empr\u00e9stimo para investimento, diz diretor-geral da ANEEL - Ag\u00eancia iNFRA","robots":{"index":"index","follow":"follow","max-snippet":"max-snippet:-1","max-image-preview":"max-image-preview:large","max-video-preview":"max-video-preview:-1"},"canonical":"https:\/\/agenciainfra.com\/blog\/conta-covid-e-para-capital-de-giro-e-nao-pode-ser-comparada-a-emprestimo-para-investimento-diz-diretor-geral-da-aneel\/","og_locale":"pt_BR","og_type":"article","og_title":"Conta-Covid \u00e9 para capital de giro e n\u00e3o pode ser comparada a empr\u00e9stimo para investimento, diz diretor-geral da ANEEL","og_description":"Leila Coimbra ,&nbsp;da Ag\u00eancia iNFRA O empr\u00e9stimo da\u00a0Conta-Covid, que ficar\u00e1 em R$ 14,85 bilh\u00f5es \u2013 segundo dados da demanda das distribuidoras de energia fechados na \u00faltima sexta-feira (3) \u2013 \u00e9 para dar liquidez ao caixa das empresas, ou\u00a0capital de giro, segundo o diretor-geral da ANEEL (Ag\u00eancia Nacional de Energia El\u00e9trica), Andr\u00e9 Pepitone.\u00a0Por isso, a Conta-Covid [&hellip;]","og_url":"https:\/\/agenciainfra.com\/blog\/conta-covid-e-para-capital-de-giro-e-nao-pode-ser-comparada-a-emprestimo-para-investimento-diz-diretor-geral-da-aneel\/","og_site_name":"Ag\u00eancia iNFRA","article_publisher":"https:\/\/www.facebook.com\/ageninfra","article_published_time":"2020-07-06T13:19:00+00:00","article_modified_time":"2020-07-06T13:19:08+00:00","og_image":[{"width":1280,"height":889,"url":"https:\/\/agenciainfra.com\/blog\/wp-content\/uploads\/2020\/07\/dir-andre-pepitone-foto-saulo-cruz-aneel.jpg","type":"image\/jpeg"}],"author":"Rodrigo Zuquim","twitter_card":"summary_large_image","twitter_creator":"@agencia_infra","twitter_site":"@agencia_infra","twitter_misc":{"Escrito por":"Rodrigo Zuquim","Est. tempo de leitura":"3 minutos"},"schema":{"@context":"https:\/\/schema.org","@graph":[{"@type":"Article","@id":"https:\/\/agenciainfra.com\/blog\/conta-covid-e-para-capital-de-giro-e-nao-pode-ser-comparada-a-emprestimo-para-investimento-diz-diretor-geral-da-aneel\/#article","isPartOf":{"@id":"https:\/\/agenciainfra.com\/blog\/conta-covid-e-para-capital-de-giro-e-nao-pode-ser-comparada-a-emprestimo-para-investimento-diz-diretor-geral-da-aneel\/"},"author":{"name":"Rodrigo Zuquim","@id":"https:\/\/agenciainfra.com\/blog\/#\/schema\/person\/04dbb79bd6d8951f063da71f3e4c1eb1"},"headline":"Conta-Covid \u00e9 para capital de giro e n\u00e3o pode ser comparada a empr\u00e9stimo para investimento, diz diretor-geral da ANEEL","datePublished":"2020-07-06T13:19:00+00:00","dateModified":"2020-07-06T13:19:08+00:00","mainEntityOfPage":{"@id":"https:\/\/agenciainfra.com\/blog\/conta-covid-e-para-capital-de-giro-e-nao-pode-ser-comparada-a-emprestimo-para-investimento-diz-diretor-geral-da-aneel\/"},"wordCount":634,"publisher":{"@id":"https:\/\/agenciainfra.com\/blog\/#organization"},"image":{"@id":"https:\/\/agenciainfra.com\/blog\/conta-covid-e-para-capital-de-giro-e-nao-pode-ser-comparada-a-emprestimo-para-investimento-diz-diretor-geral-da-aneel\/#primaryimage"},"thumbnailUrl":"https:\/\/agenciainfra.com\/blog\/wp-content\/uploads\/2020\/07\/dir-andre-pepitone-foto-saulo-cruz-aneel.jpg","keywords":["Andr\u00e9 Pepitone","ANEEL","BNDES","Conta-Covid","equatorial","Gustavo Montezano","Light","neoenergia","RGE"],"articleSection":["Geral","iNFRAEnergia"],"inLanguage":"pt-BR","copyrightYear":"2020","copyrightHolder":{"@id":"https:\/\/agenciainfra.com\/blog\/#organization"}},{"@type":"WebPage","@id":"https:\/\/agenciainfra.com\/blog\/conta-covid-e-para-capital-de-giro-e-nao-pode-ser-comparada-a-emprestimo-para-investimento-diz-diretor-geral-da-aneel\/","url":"https:\/\/agenciainfra.com\/blog\/conta-covid-e-para-capital-de-giro-e-nao-pode-ser-comparada-a-emprestimo-para-investimento-diz-diretor-geral-da-aneel\/","name":"Conta-Covid \u00e9 para capital de giro e n\u00e3o pode ser comparada a empr\u00e9stimo para investimento, diz diretor-geral da ANEEL - Ag\u00eancia iNFRA","isPartOf":{"@id":"https:\/\/agenciainfra.com\/blog\/#website"},"primaryImageOfPage":{"@id":"https:\/\/agenciainfra.com\/blog\/conta-covid-e-para-capital-de-giro-e-nao-pode-ser-comparada-a-emprestimo-para-investimento-diz-diretor-geral-da-aneel\/#primaryimage"},"image":{"@id":"https:\/\/agenciainfra.com\/blog\/conta-covid-e-para-capital-de-giro-e-nao-pode-ser-comparada-a-emprestimo-para-investimento-diz-diretor-geral-da-aneel\/#primaryimage"},"thumbnailUrl":"https:\/\/agenciainfra.com\/blog\/wp-content\/uploads\/2020\/07\/dir-andre-pepitone-foto-saulo-cruz-aneel.jpg","datePublished":"2020-07-06T13:19:00+00:00","dateModified":"2020-07-06T13:19:08+00:00","breadcrumb":{"@id":"https:\/\/agenciainfra.com\/blog\/conta-covid-e-para-capital-de-giro-e-nao-pode-ser-comparada-a-emprestimo-para-investimento-diz-diretor-geral-da-aneel\/#breadcrumb"},"inLanguage":"pt-BR","potentialAction":[{"@type":"ReadAction","target":["https:\/\/agenciainfra.com\/blog\/conta-covid-e-para-capital-de-giro-e-nao-pode-ser-comparada-a-emprestimo-para-investimento-diz-diretor-geral-da-aneel\/"]}]},{"@type":"ImageObject","inLanguage":"pt-BR","@id":"https:\/\/agenciainfra.com\/blog\/conta-covid-e-para-capital-de-giro-e-nao-pode-ser-comparada-a-emprestimo-para-investimento-diz-diretor-geral-da-aneel\/#primaryimage","url":"https:\/\/agenciainfra.com\/blog\/wp-content\/uploads\/2020\/07\/dir-andre-pepitone-foto-saulo-cruz-aneel.jpg","contentUrl":"https:\/\/agenciainfra.com\/blog\/wp-content\/uploads\/2020\/07\/dir-andre-pepitone-foto-saulo-cruz-aneel.jpg","width":1280,"height":889},{"@type":"BreadcrumbList","@id":"https:\/\/agenciainfra.com\/blog\/conta-covid-e-para-capital-de-giro-e-nao-pode-ser-comparada-a-emprestimo-para-investimento-diz-diretor-geral-da-aneel\/#breadcrumb","itemListElement":[{"@type":"ListItem","position":1,"name":"In\u00edcio","item":"https:\/\/agenciainfra.com\/blog\/"},{"@type":"ListItem","position":2,"name":"Conta-Covid \u00e9 para capital de giro e n\u00e3o pode ser comparada a empr\u00e9stimo para investimento, diz diretor-geral da ANEEL"}]},{"@type":"WebSite","@id":"https:\/\/agenciainfra.com\/blog\/#website","url":"https:\/\/agenciainfra.com\/blog\/","name":"Ag\u00eancia iNFRA","description":"Multiplataforma de informa\u00e7\u00e3o jornal\u00edstica refer\u00eancia na \u00e1rea de infraestrutura no Brasil!","publisher":{"@id":"https:\/\/agenciainfra.com\/blog\/#organization"},"potentialAction":[{"@type":"SearchAction","target":{"@type":"EntryPoint","urlTemplate":"https:\/\/agenciainfra.com\/blog\/?s={search_term_string}"},"query-input":{"@type":"PropertyValueSpecification","valueRequired":true,"valueName":"search_term_string"}}],"inLanguage":"pt-BR"},{"@type":"Organization","@id":"https:\/\/agenciainfra.com\/blog\/#organization","name":"Ag\u00eancia iNFRA","url":"https:\/\/agenciainfra.com\/blog\/","logo":{"@type":"ImageObject","inLanguage":"pt-BR","@id":"https:\/\/agenciainfra.com\/blog\/#\/schema\/logo\/image\/","url":"https:\/\/agenciainfra.com\/blog\/wp-content\/uploads\/2023\/09\/iNFRA_5-e1761735885940.png","contentUrl":"https:\/\/agenciainfra.com\/blog\/wp-content\/uploads\/2023\/09\/iNFRA_5-e1761735885940.png","width":1672,"height":454,"caption":"Ag\u00eancia iNFRA"},"image":{"@id":"https:\/\/agenciainfra.com\/blog\/#\/schema\/logo\/image\/"},"sameAs":["https:\/\/www.facebook.com\/ageninfra","https:\/\/x.com\/agencia_infra","https:\/\/www.linkedin.com\/company\/ag\u00eanciainfra\/","https:\/\/www.instagram.com\/agenciainfra\/"]},{"@type":"Person","@id":"https:\/\/agenciainfra.com\/blog\/#\/schema\/person\/04dbb79bd6d8951f063da71f3e4c1eb1","name":"Rodrigo Zuquim","image":{"@type":"ImageObject","inLanguage":"pt-BR","@id":"https:\/\/agenciainfra.com\/blog\/#\/schema\/person\/image\/","url":"https:\/\/secure.gravatar.com\/avatar\/594abfe82761d620726242ff34ca472a705a4b97f16c790053a6b4c4035274d0?s=96&d=mm&r=g","contentUrl":"https:\/\/secure.gravatar.com\/avatar\/594abfe82761d620726242ff34ca472a705a4b97f16c790053a6b4c4035274d0?s=96&d=mm&r=g","caption":"Rodrigo Zuquim"},"url":"https:\/\/agenciainfra.com\/blog\/author\/rodrigo-zuquim\/"}]}},"_links":{"self":[{"href":"https:\/\/agenciainfra.com\/blog\/wp-json\/wp\/v2\/posts\/5323","targetHints":{"allow":["GET"]}}],"collection":[{"href":"https:\/\/agenciainfra.com\/blog\/wp-json\/wp\/v2\/posts"}],"about":[{"href":"https:\/\/agenciainfra.com\/blog\/wp-json\/wp\/v2\/types\/post"}],"author":[{"embeddable":true,"href":"https:\/\/agenciainfra.com\/blog\/wp-json\/wp\/v2\/users\/9"}],"replies":[{"embeddable":true,"href":"https:\/\/agenciainfra.com\/blog\/wp-json\/wp\/v2\/comments?post=5323"}],"version-history":[{"count":0,"href":"https:\/\/agenciainfra.com\/blog\/wp-json\/wp\/v2\/posts\/5323\/revisions"}],"wp:featuredmedia":[{"embeddable":true,"href":"https:\/\/agenciainfra.com\/blog\/wp-json\/wp\/v2\/media\/5325"}],"wp:attachment":[{"href":"https:\/\/agenciainfra.com\/blog\/wp-json\/wp\/v2\/media?parent=5323"}],"wp:term":[{"taxonomy":"category","embeddable":true,"href":"https:\/\/agenciainfra.com\/blog\/wp-json\/wp\/v2\/categories?post=5323"},{"taxonomy":"post_tag","embeddable":true,"href":"https:\/\/agenciainfra.com\/blog\/wp-json\/wp\/v2\/tags?post=5323"}],"curies":[{"name":"wp","href":"https:\/\/api.w.org\/{rel}","templated":true}]}}