{"id":5333,"date":"2020-07-07T08:00:08","date_gmt":"2020-07-07T11:00:08","guid":{"rendered":"https:\/\/www.agenciainfra.com\/blog\/?p=5333"},"modified":"2020-07-06T14:08:16","modified_gmt":"2020-07-06T17:08:16","slug":"secretaria-do-tcu-tambem-recomendou-veto-a-renovacao-antecipada-da-efvm-da-vale","status":"publish","type":"post","link":"https:\/\/agenciainfra.com\/blog\/secretaria-do-tcu-tambem-recomendou-veto-a-renovacao-antecipada-da-efvm-da-vale\/","title":{"rendered":"Secretaria do TCU tamb\u00e9m recomendou veto \u00e0 renova\u00e7\u00e3o antecipada da EFVM, da Vale"},"content":{"rendered":"\n<hr class=\"wp-block-separator\"\/>\n\n\n\n<p class=\"has-text-align-right\"><strong>Dimmi Amora, da\u00a0Ag\u00eancia iNFRA<\/strong><\/p>\n\n\n\n<p>Parecer da Secretaria de Infraestrutura de Portos e Ferrovias do TCU (Tribunal de Contas da Uni\u00e3o) recomendou ao relator do processo de renova\u00e7\u00e3o antecipada da EFVM (Estrada de Ferro Vit\u00f3ria a Minas), da Vale, veto ao pedido do governo para um novo per\u00edodo de contrato. O parecer est\u00e1 dispon\u00edvel\u00a0<a rel=\"noreferrer noopener\" href=\"https:\/\/agenciainfra.us14.list-manage.com\/track\/click?u=d460dd1bcf9ba0ae040e1fc0f&amp;id=ed679e695b&amp;e=c099169394\" target=\"_blank\">neste link<\/a>.<br><br>Com argumentos na mesma linha, mas um pouco diferentes dos apresentados na recomenda\u00e7\u00e3o de veto da renova\u00e7\u00e3o da EFC (Estrada de Ferro Caraj\u00e1s), tamb\u00e9m da Vale, os t\u00e9cnicos apontam que o governo n\u00e3o demonstrou ser vantajoso renovar a concess\u00e3o por mais 30 anos. O parecer referente \u00e0 EFC, sobre o qual a\u00a0<strong>Ag\u00eancia iNFRA<\/strong>\u00a0informou em sua\u00a0<a rel=\"noreferrer noopener\" href=\"https:\/\/agenciainfra.us14.list-manage.com\/track\/click?u=d460dd1bcf9ba0ae040e1fc0f&amp;id=5802ea7ea3&amp;e=c099169394\" target=\"_blank\">edi\u00e7\u00e3o 789<\/a>,\u00a0est\u00e1 dispon\u00edvel\u00a0<a rel=\"noreferrer noopener\" href=\"https:\/\/agenciainfra.us14.list-manage.com\/track\/click?u=d460dd1bcf9ba0ae040e1fc0f&amp;id=f697fe94eb&amp;e=c099169394\" target=\"_blank\">neste link<\/a>.<br><br>Os\u00a0motivos principais apontados\u00a0s\u00e3o a falta de uma regra da ANTT (Ag\u00eancia Nacional de Transportes Terrestres) que defina o que faz ou n\u00e3o parte da chamada base de ativos da ferrovia, ou seja, aquilo que \u00e9 bem essencial para o funcionamento da via; o inadequado valor da taxa de retorno (11,04% ao ano); e o pre\u00e7o de transfer\u00eancia do transporte do min\u00e9rio, que \u00e9 a estimativa de quanto a empresa pagaria para transportar o principal produto da ferrovia.<br><br>No caso das duas ferrovias da Vale, esse \u00e9 considerado um fator fundamental para avaliar a renova\u00e7\u00e3o\u00a0porque a companhia transporta produtos pr\u00f3prios (min\u00e9rio de ferro) para portos tamb\u00e9m dela. Por isso, n\u00e3o se saberia o pre\u00e7o adequado do transporte nessa equa\u00e7\u00e3o.<br><br>A ANTT ent\u00e3o criou uma metodologia pr\u00f3pria de c\u00e1lculo que estabelece esse valor pela m\u00e9dia dos pre\u00e7os de outras ferrovias do pa\u00eds. A secretaria contesta essa c\u00e1lculo e pede que seja usado o valor j\u00e1 estabelecido pela Vale e a ANTT quando houve uma contesta\u00e7\u00e3o no Cade (Conselho Administrativo de Defesa Econ\u00f4mica) sobre o tema. Ao falar sobre o caso da EFC,\u00a0<a rel=\"noreferrer noopener\" href=\"https:\/\/agenciainfra.us14.list-manage.com\/track\/click?u=d460dd1bcf9ba0ae040e1fc0f&amp;id=5b4fb1a532&amp;e=c099169394\" target=\"_blank\">o governo alega<\/a>\u00a0que o pr\u00f3prio Cade informou aos t\u00e9cnicos do TCU que a metodologia n\u00e3o se aplicaria para a finalidade prevista na renova\u00e7\u00e3o.\u00a0<br><br>Relata ainda que a metodologia aplicada pelo Cade causaria distor\u00e7\u00e3o nos pre\u00e7os fazendo com que a opera\u00e7\u00e3o necessitasse de taxas de retorno superiores a 80% e diz que vai apresentar essa defesa ao ministro relator, Bruno Dantas, defendendo a metodologia de c\u00e1lculo da ANTT.<br><br>Os auditores da Seinfra\u00a0analisaram esses argumentos e apontaram, em resumo, que investimentos feitos pela Vale, que posteriormente n\u00e3o ser\u00e3o mais contabilizados, est\u00e3o distorcendo os valores do c\u00e1lculo e que a metodologia da ANTT utiliza dados de ferrovias que tamb\u00e9m t\u00eam n\u00fameros distorcidos.<br><br>No caso da EFC, a diferen\u00e7a de c\u00e1lculo faz com que o valor de outorga a ser pago pela empresa para a renova\u00e7\u00e3o caia de cerca de R$ 14 bilh\u00f5es (com a metodologia do Cade) para cerca de R$ 200 milh\u00f5es (metodologia ANTT).<br><br>No relat\u00f3rio da EFVM, os auditores da secretaria n\u00e3o chegam a apresentar um c\u00e1lculo sobre quanto estimam que a outorga seria menor, mas a diferen\u00e7a n\u00e3o seria t\u00e3o elevada. No caso da EFVM,\u00a0a conta inicial \u00e9 que os recursos seriam superiores a R$ 2 bilh\u00f5es e seriam usados para construir parte da Fico (Ferrovia de Integra\u00e7\u00e3o do Centro-Oeste).\u00a0Posteriormente, o governo inseriu nessa contrapartida da Vale pela renova\u00e7\u00e3o a constru\u00e7\u00e3o de um trecho de cerca de 200 quil\u00f4metros entre Vit\u00f3ria, onde termina a EFVM, e a cidade de Anchieta (ES).<br><br><strong>Tr\u00e2mite<\/strong><br>Por enquanto, o ministro relator aguarda os memoriais de defesa do governo, que foi informado no m\u00eas passado sobre o parecer t\u00e9cnico, para concluir seu parecer que pode ou n\u00e3o acatar a posi\u00e7\u00e3o da Seinfra. Esse parecer\u00a0ser\u00e1 apresentado\u00a0ao plen\u00e1rio do \u00f3rg\u00e3o, que \u00e9 o respons\u00e1vel pela decis\u00e3o.<br><br>No caso do processo\u00a0de renova\u00e7\u00e3o\u00a0antecipada\u00a0de ferrovias j\u00e1 julgado, o da Malha Paulista, a secretaria fez um primeiro relat\u00f3rio apontando a necessidade de corre\u00e7\u00f5es, mas declarando que a renova\u00e7\u00e3o era vantajosa. O relator do processo, Augusto Nardes, acatou em parte os argumentos dos auditores e o plen\u00e1rio aprovou seu relat\u00f3rio recomendando a renova\u00e7\u00e3o.<br><br>Antes da assinatura da renova\u00e7\u00e3o, contudo, os auditores da Seinfra indicaram que teria\u00a0havido mudan\u00e7as na proposta final apresentada pela ANTT em rela\u00e7\u00e3o ao que foi apresentado inicialmente\u00a0e recomendaram que o TCU n\u00e3o permitisse a assinatura nos novos termos.\u00a0<br><br>Desta vez, o relator afastou todos os argumentos dos auditores e concordou com o governo, que apontou terem sido as mudan\u00e7as feitas para adequar o contrato aos pedidos do pr\u00f3prio \u00f3rg\u00e3o de controle. O contrato foi assinado em maio.<\/p>\n","protected":false},"excerpt":{"rendered":"<p>Dimmi Amora, da\u00a0Ag\u00eancia iNFRA Parecer da Secretaria de Infraestrutura de Portos e Ferrovias do TCU (Tribunal de Contas da Uni\u00e3o) recomendou ao relator do processo de renova\u00e7\u00e3o antecipada da EFVM (Estrada de Ferro Vit\u00f3ria a Minas), da Vale, veto ao pedido do governo para um novo per\u00edodo de contrato. O parecer est\u00e1 dispon\u00edvel\u00a0neste link. Com [&hellip;]<\/p>\n","protected":false},"author":9,"featured_media":5334,"comment_status":"closed","ping_status":"closed","sticky":false,"template":"","format":"standard","meta":{"_monsterinsights_skip_tracking":false,"_monsterinsights_sitenote_active":false,"_monsterinsights_sitenote_note":"","_monsterinsights_sitenote_category":0,"footnotes":""},"categories":[1,7],"tags":[19,396,371,229,228,18,83],"class_list":["post-5333","post","type-post","status-publish","format-standard","has-post-thumbnail","hentry","category-geral","category-infratransporte","tag-antt","tag-bruno-dantas","tag-cade","tag-efc","tag-efvm","tag-tcu","tag-vale"],"yoast_head":"<!-- This site is optimized with the Yoast SEO Premium plugin v25.4 (Yoast SEO v26.0) - https:\/\/yoast.com\/wordpress\/plugins\/seo\/ -->\n<title>Secretaria do TCU tamb\u00e9m recomendou veto \u00e0 renova\u00e7\u00e3o antecipada da EFVM, da Vale - Ag\u00eancia iNFRA<\/title>\n<meta name=\"robots\" content=\"index, follow, max-snippet:-1, max-image-preview:large, max-video-preview:-1\" \/>\n<link rel=\"canonical\" href=\"https:\/\/agenciainfra.com\/blog\/secretaria-do-tcu-tambem-recomendou-veto-a-renovacao-antecipada-da-efvm-da-vale\/\" \/>\n<meta property=\"og:locale\" content=\"pt_BR\" \/>\n<meta property=\"og:type\" content=\"article\" \/>\n<meta property=\"og:title\" content=\"Secretaria do TCU tamb\u00e9m recomendou veto \u00e0 renova\u00e7\u00e3o antecipada da EFVM, da Vale\" \/>\n<meta property=\"og:description\" content=\"Dimmi Amora, da\u00a0Ag\u00eancia iNFRA Parecer da Secretaria de Infraestrutura de Portos e Ferrovias do TCU (Tribunal de Contas da Uni\u00e3o) recomendou ao relator do processo de renova\u00e7\u00e3o antecipada da EFVM (Estrada de Ferro Vit\u00f3ria a Minas), da Vale, veto ao pedido do governo para um novo per\u00edodo de contrato. O parecer est\u00e1 dispon\u00edvel\u00a0neste link. Com [&hellip;]\" \/>\n<meta property=\"og:url\" content=\"https:\/\/agenciainfra.com\/blog\/secretaria-do-tcu-tambem-recomendou-veto-a-renovacao-antecipada-da-efvm-da-vale\/\" \/>\n<meta property=\"og:site_name\" content=\"Ag\u00eancia iNFRA\" \/>\n<meta property=\"article:publisher\" content=\"https:\/\/www.facebook.com\/ageninfra\" \/>\n<meta property=\"article:published_time\" content=\"2020-07-07T11:00:08+00:00\" \/>\n<meta property=\"og:image\" content=\"https:\/\/agenciainfra.com\/blog\/wp-content\/uploads\/2020\/07\/efvm-foto-embratur.jpg\" \/>\n\t<meta property=\"og:image:width\" content=\"1200\" \/>\n\t<meta property=\"og:image:height\" content=\"801\" \/>\n\t<meta property=\"og:image:type\" content=\"image\/jpeg\" \/>\n<meta name=\"author\" content=\"Rodrigo Zuquim\" \/>\n<meta name=\"twitter:card\" content=\"summary_large_image\" \/>\n<meta name=\"twitter:creator\" content=\"@agencia_infra\" \/>\n<meta name=\"twitter:site\" content=\"@agencia_infra\" \/>\n<meta name=\"twitter:label1\" content=\"Escrito por\" \/>\n\t<meta name=\"twitter:data1\" content=\"Rodrigo Zuquim\" \/>\n\t<meta name=\"twitter:label2\" content=\"Est. tempo de leitura\" \/>\n\t<meta name=\"twitter:data2\" content=\"4 minutos\" \/>\n<script type=\"application\/ld+json\" class=\"yoast-schema-graph\">{\"@context\":\"https:\/\/schema.org\",\"@graph\":[{\"@type\":\"Article\",\"@id\":\"https:\/\/agenciainfra.com\/blog\/secretaria-do-tcu-tambem-recomendou-veto-a-renovacao-antecipada-da-efvm-da-vale\/#article\",\"isPartOf\":{\"@id\":\"https:\/\/agenciainfra.com\/blog\/secretaria-do-tcu-tambem-recomendou-veto-a-renovacao-antecipada-da-efvm-da-vale\/\"},\"author\":{\"name\":\"Rodrigo Zuquim\",\"@id\":\"https:\/\/agenciainfra.com\/blog\/#\/schema\/person\/04dbb79bd6d8951f063da71f3e4c1eb1\"},\"headline\":\"Secretaria do TCU tamb\u00e9m recomendou veto \u00e0 renova\u00e7\u00e3o antecipada da EFVM, da Vale\",\"datePublished\":\"2020-07-07T11:00:08+00:00\",\"mainEntityOfPage\":{\"@id\":\"https:\/\/agenciainfra.com\/blog\/secretaria-do-tcu-tambem-recomendou-veto-a-renovacao-antecipada-da-efvm-da-vale\/\"},\"wordCount\":824,\"publisher\":{\"@id\":\"https:\/\/agenciainfra.com\/blog\/#organization\"},\"image\":{\"@id\":\"https:\/\/agenciainfra.com\/blog\/secretaria-do-tcu-tambem-recomendou-veto-a-renovacao-antecipada-da-efvm-da-vale\/#primaryimage\"},\"thumbnailUrl\":\"https:\/\/agenciainfra.com\/blog\/wp-content\/uploads\/2020\/07\/efvm-foto-embratur.jpg\",\"keywords\":[\"ANTT\",\"Bruno Dantas\",\"Cade\",\"EFC\",\"EFVM\",\"TCU\",\"Vale\"],\"articleSection\":[\"Geral\",\"iNFRATransporte\"],\"inLanguage\":\"pt-BR\",\"copyrightYear\":\"2020\",\"copyrightHolder\":{\"@id\":\"https:\/\/agenciainfra.com\/blog\/#organization\"}},{\"@type\":\"WebPage\",\"@id\":\"https:\/\/agenciainfra.com\/blog\/secretaria-do-tcu-tambem-recomendou-veto-a-renovacao-antecipada-da-efvm-da-vale\/\",\"url\":\"https:\/\/agenciainfra.com\/blog\/secretaria-do-tcu-tambem-recomendou-veto-a-renovacao-antecipada-da-efvm-da-vale\/\",\"name\":\"Secretaria do TCU tamb\u00e9m recomendou veto \u00e0 renova\u00e7\u00e3o antecipada da EFVM, da Vale - Ag\u00eancia iNFRA\",\"isPartOf\":{\"@id\":\"https:\/\/agenciainfra.com\/blog\/#website\"},\"primaryImageOfPage\":{\"@id\":\"https:\/\/agenciainfra.com\/blog\/secretaria-do-tcu-tambem-recomendou-veto-a-renovacao-antecipada-da-efvm-da-vale\/#primaryimage\"},\"image\":{\"@id\":\"https:\/\/agenciainfra.com\/blog\/secretaria-do-tcu-tambem-recomendou-veto-a-renovacao-antecipada-da-efvm-da-vale\/#primaryimage\"},\"thumbnailUrl\":\"https:\/\/agenciainfra.com\/blog\/wp-content\/uploads\/2020\/07\/efvm-foto-embratur.jpg\",\"datePublished\":\"2020-07-07T11:00:08+00:00\",\"breadcrumb\":{\"@id\":\"https:\/\/agenciainfra.com\/blog\/secretaria-do-tcu-tambem-recomendou-veto-a-renovacao-antecipada-da-efvm-da-vale\/#breadcrumb\"},\"inLanguage\":\"pt-BR\",\"potentialAction\":[{\"@type\":\"ReadAction\",\"target\":[\"https:\/\/agenciainfra.com\/blog\/secretaria-do-tcu-tambem-recomendou-veto-a-renovacao-antecipada-da-efvm-da-vale\/\"]}]},{\"@type\":\"ImageObject\",\"inLanguage\":\"pt-BR\",\"@id\":\"https:\/\/agenciainfra.com\/blog\/secretaria-do-tcu-tambem-recomendou-veto-a-renovacao-antecipada-da-efvm-da-vale\/#primaryimage\",\"url\":\"https:\/\/agenciainfra.com\/blog\/wp-content\/uploads\/2020\/07\/efvm-foto-embratur.jpg\",\"contentUrl\":\"https:\/\/agenciainfra.com\/blog\/wp-content\/uploads\/2020\/07\/efvm-foto-embratur.jpg\",\"width\":1200,\"height\":801},{\"@type\":\"BreadcrumbList\",\"@id\":\"https:\/\/agenciainfra.com\/blog\/secretaria-do-tcu-tambem-recomendou-veto-a-renovacao-antecipada-da-efvm-da-vale\/#breadcrumb\",\"itemListElement\":[{\"@type\":\"ListItem\",\"position\":1,\"name\":\"In\u00edcio\",\"item\":\"https:\/\/agenciainfra.com\/blog\/\"},{\"@type\":\"ListItem\",\"position\":2,\"name\":\"Secretaria do TCU tamb\u00e9m recomendou veto \u00e0 renova\u00e7\u00e3o antecipada da EFVM, da Vale\"}]},{\"@type\":\"WebSite\",\"@id\":\"https:\/\/agenciainfra.com\/blog\/#website\",\"url\":\"https:\/\/agenciainfra.com\/blog\/\",\"name\":\"Ag\u00eancia iNFRA\",\"description\":\"Multiplataforma de informa\u00e7\u00e3o jornal\u00edstica refer\u00eancia na \u00e1rea de infraestrutura no Brasil!\",\"publisher\":{\"@id\":\"https:\/\/agenciainfra.com\/blog\/#organization\"},\"potentialAction\":[{\"@type\":\"SearchAction\",\"target\":{\"@type\":\"EntryPoint\",\"urlTemplate\":\"https:\/\/agenciainfra.com\/blog\/?s={search_term_string}\"},\"query-input\":{\"@type\":\"PropertyValueSpecification\",\"valueRequired\":true,\"valueName\":\"search_term_string\"}}],\"inLanguage\":\"pt-BR\"},{\"@type\":\"Organization\",\"@id\":\"https:\/\/agenciainfra.com\/blog\/#organization\",\"name\":\"Ag\u00eancia iNFRA\",\"url\":\"https:\/\/agenciainfra.com\/blog\/\",\"logo\":{\"@type\":\"ImageObject\",\"inLanguage\":\"pt-BR\",\"@id\":\"https:\/\/agenciainfra.com\/blog\/#\/schema\/logo\/image\/\",\"url\":\"https:\/\/agenciainfra.com\/blog\/wp-content\/uploads\/2023\/09\/iNFRA_5-e1761735885940.png\",\"contentUrl\":\"https:\/\/agenciainfra.com\/blog\/wp-content\/uploads\/2023\/09\/iNFRA_5-e1761735885940.png\",\"width\":1672,\"height\":454,\"caption\":\"Ag\u00eancia iNFRA\"},\"image\":{\"@id\":\"https:\/\/agenciainfra.com\/blog\/#\/schema\/logo\/image\/\"},\"sameAs\":[\"https:\/\/www.facebook.com\/ageninfra\",\"https:\/\/x.com\/agencia_infra\",\"https:\/\/www.linkedin.com\/company\/ag\u00eanciainfra\/\",\"https:\/\/www.instagram.com\/agenciainfra\/\"]},{\"@type\":\"Person\",\"@id\":\"https:\/\/agenciainfra.com\/blog\/#\/schema\/person\/04dbb79bd6d8951f063da71f3e4c1eb1\",\"name\":\"Rodrigo Zuquim\",\"image\":{\"@type\":\"ImageObject\",\"inLanguage\":\"pt-BR\",\"@id\":\"https:\/\/agenciainfra.com\/blog\/#\/schema\/person\/image\/\",\"url\":\"https:\/\/secure.gravatar.com\/avatar\/594abfe82761d620726242ff34ca472a705a4b97f16c790053a6b4c4035274d0?s=96&d=mm&r=g\",\"contentUrl\":\"https:\/\/secure.gravatar.com\/avatar\/594abfe82761d620726242ff34ca472a705a4b97f16c790053a6b4c4035274d0?s=96&d=mm&r=g\",\"caption\":\"Rodrigo Zuquim\"},\"url\":\"https:\/\/agenciainfra.com\/blog\/author\/rodrigo-zuquim\/\"}]}<\/script>\n<!-- \/ Yoast SEO Premium plugin. -->","yoast_head_json":{"title":"Secretaria do TCU tamb\u00e9m recomendou veto \u00e0 renova\u00e7\u00e3o antecipada da EFVM, da Vale - Ag\u00eancia iNFRA","robots":{"index":"index","follow":"follow","max-snippet":"max-snippet:-1","max-image-preview":"max-image-preview:large","max-video-preview":"max-video-preview:-1"},"canonical":"https:\/\/agenciainfra.com\/blog\/secretaria-do-tcu-tambem-recomendou-veto-a-renovacao-antecipada-da-efvm-da-vale\/","og_locale":"pt_BR","og_type":"article","og_title":"Secretaria do TCU tamb\u00e9m recomendou veto \u00e0 renova\u00e7\u00e3o antecipada da EFVM, da Vale","og_description":"Dimmi Amora, da\u00a0Ag\u00eancia iNFRA Parecer da Secretaria de Infraestrutura de Portos e Ferrovias do TCU (Tribunal de Contas da Uni\u00e3o) recomendou ao relator do processo de renova\u00e7\u00e3o antecipada da EFVM (Estrada de Ferro Vit\u00f3ria a Minas), da Vale, veto ao pedido do governo para um novo per\u00edodo de contrato. O parecer est\u00e1 dispon\u00edvel\u00a0neste link. Com [&hellip;]","og_url":"https:\/\/agenciainfra.com\/blog\/secretaria-do-tcu-tambem-recomendou-veto-a-renovacao-antecipada-da-efvm-da-vale\/","og_site_name":"Ag\u00eancia iNFRA","article_publisher":"https:\/\/www.facebook.com\/ageninfra","article_published_time":"2020-07-07T11:00:08+00:00","og_image":[{"width":1200,"height":801,"url":"https:\/\/agenciainfra.com\/blog\/wp-content\/uploads\/2020\/07\/efvm-foto-embratur.jpg","type":"image\/jpeg"}],"author":"Rodrigo Zuquim","twitter_card":"summary_large_image","twitter_creator":"@agencia_infra","twitter_site":"@agencia_infra","twitter_misc":{"Escrito por":"Rodrigo Zuquim","Est. tempo de leitura":"4 minutos"},"schema":{"@context":"https:\/\/schema.org","@graph":[{"@type":"Article","@id":"https:\/\/agenciainfra.com\/blog\/secretaria-do-tcu-tambem-recomendou-veto-a-renovacao-antecipada-da-efvm-da-vale\/#article","isPartOf":{"@id":"https:\/\/agenciainfra.com\/blog\/secretaria-do-tcu-tambem-recomendou-veto-a-renovacao-antecipada-da-efvm-da-vale\/"},"author":{"name":"Rodrigo Zuquim","@id":"https:\/\/agenciainfra.com\/blog\/#\/schema\/person\/04dbb79bd6d8951f063da71f3e4c1eb1"},"headline":"Secretaria do TCU tamb\u00e9m recomendou veto \u00e0 renova\u00e7\u00e3o antecipada da EFVM, da Vale","datePublished":"2020-07-07T11:00:08+00:00","mainEntityOfPage":{"@id":"https:\/\/agenciainfra.com\/blog\/secretaria-do-tcu-tambem-recomendou-veto-a-renovacao-antecipada-da-efvm-da-vale\/"},"wordCount":824,"publisher":{"@id":"https:\/\/agenciainfra.com\/blog\/#organization"},"image":{"@id":"https:\/\/agenciainfra.com\/blog\/secretaria-do-tcu-tambem-recomendou-veto-a-renovacao-antecipada-da-efvm-da-vale\/#primaryimage"},"thumbnailUrl":"https:\/\/agenciainfra.com\/blog\/wp-content\/uploads\/2020\/07\/efvm-foto-embratur.jpg","keywords":["ANTT","Bruno Dantas","Cade","EFC","EFVM","TCU","Vale"],"articleSection":["Geral","iNFRATransporte"],"inLanguage":"pt-BR","copyrightYear":"2020","copyrightHolder":{"@id":"https:\/\/agenciainfra.com\/blog\/#organization"}},{"@type":"WebPage","@id":"https:\/\/agenciainfra.com\/blog\/secretaria-do-tcu-tambem-recomendou-veto-a-renovacao-antecipada-da-efvm-da-vale\/","url":"https:\/\/agenciainfra.com\/blog\/secretaria-do-tcu-tambem-recomendou-veto-a-renovacao-antecipada-da-efvm-da-vale\/","name":"Secretaria do TCU tamb\u00e9m recomendou veto \u00e0 renova\u00e7\u00e3o antecipada da EFVM, da Vale - Ag\u00eancia iNFRA","isPartOf":{"@id":"https:\/\/agenciainfra.com\/blog\/#website"},"primaryImageOfPage":{"@id":"https:\/\/agenciainfra.com\/blog\/secretaria-do-tcu-tambem-recomendou-veto-a-renovacao-antecipada-da-efvm-da-vale\/#primaryimage"},"image":{"@id":"https:\/\/agenciainfra.com\/blog\/secretaria-do-tcu-tambem-recomendou-veto-a-renovacao-antecipada-da-efvm-da-vale\/#primaryimage"},"thumbnailUrl":"https:\/\/agenciainfra.com\/blog\/wp-content\/uploads\/2020\/07\/efvm-foto-embratur.jpg","datePublished":"2020-07-07T11:00:08+00:00","breadcrumb":{"@id":"https:\/\/agenciainfra.com\/blog\/secretaria-do-tcu-tambem-recomendou-veto-a-renovacao-antecipada-da-efvm-da-vale\/#breadcrumb"},"inLanguage":"pt-BR","potentialAction":[{"@type":"ReadAction","target":["https:\/\/agenciainfra.com\/blog\/secretaria-do-tcu-tambem-recomendou-veto-a-renovacao-antecipada-da-efvm-da-vale\/"]}]},{"@type":"ImageObject","inLanguage":"pt-BR","@id":"https:\/\/agenciainfra.com\/blog\/secretaria-do-tcu-tambem-recomendou-veto-a-renovacao-antecipada-da-efvm-da-vale\/#primaryimage","url":"https:\/\/agenciainfra.com\/blog\/wp-content\/uploads\/2020\/07\/efvm-foto-embratur.jpg","contentUrl":"https:\/\/agenciainfra.com\/blog\/wp-content\/uploads\/2020\/07\/efvm-foto-embratur.jpg","width":1200,"height":801},{"@type":"BreadcrumbList","@id":"https:\/\/agenciainfra.com\/blog\/secretaria-do-tcu-tambem-recomendou-veto-a-renovacao-antecipada-da-efvm-da-vale\/#breadcrumb","itemListElement":[{"@type":"ListItem","position":1,"name":"In\u00edcio","item":"https:\/\/agenciainfra.com\/blog\/"},{"@type":"ListItem","position":2,"name":"Secretaria do TCU tamb\u00e9m recomendou veto \u00e0 renova\u00e7\u00e3o antecipada da EFVM, da Vale"}]},{"@type":"WebSite","@id":"https:\/\/agenciainfra.com\/blog\/#website","url":"https:\/\/agenciainfra.com\/blog\/","name":"Ag\u00eancia iNFRA","description":"Multiplataforma de informa\u00e7\u00e3o jornal\u00edstica refer\u00eancia na \u00e1rea de infraestrutura no Brasil!","publisher":{"@id":"https:\/\/agenciainfra.com\/blog\/#organization"},"potentialAction":[{"@type":"SearchAction","target":{"@type":"EntryPoint","urlTemplate":"https:\/\/agenciainfra.com\/blog\/?s={search_term_string}"},"query-input":{"@type":"PropertyValueSpecification","valueRequired":true,"valueName":"search_term_string"}}],"inLanguage":"pt-BR"},{"@type":"Organization","@id":"https:\/\/agenciainfra.com\/blog\/#organization","name":"Ag\u00eancia iNFRA","url":"https:\/\/agenciainfra.com\/blog\/","logo":{"@type":"ImageObject","inLanguage":"pt-BR","@id":"https:\/\/agenciainfra.com\/blog\/#\/schema\/logo\/image\/","url":"https:\/\/agenciainfra.com\/blog\/wp-content\/uploads\/2023\/09\/iNFRA_5-e1761735885940.png","contentUrl":"https:\/\/agenciainfra.com\/blog\/wp-content\/uploads\/2023\/09\/iNFRA_5-e1761735885940.png","width":1672,"height":454,"caption":"Ag\u00eancia iNFRA"},"image":{"@id":"https:\/\/agenciainfra.com\/blog\/#\/schema\/logo\/image\/"},"sameAs":["https:\/\/www.facebook.com\/ageninfra","https:\/\/x.com\/agencia_infra","https:\/\/www.linkedin.com\/company\/ag\u00eanciainfra\/","https:\/\/www.instagram.com\/agenciainfra\/"]},{"@type":"Person","@id":"https:\/\/agenciainfra.com\/blog\/#\/schema\/person\/04dbb79bd6d8951f063da71f3e4c1eb1","name":"Rodrigo Zuquim","image":{"@type":"ImageObject","inLanguage":"pt-BR","@id":"https:\/\/agenciainfra.com\/blog\/#\/schema\/person\/image\/","url":"https:\/\/secure.gravatar.com\/avatar\/594abfe82761d620726242ff34ca472a705a4b97f16c790053a6b4c4035274d0?s=96&d=mm&r=g","contentUrl":"https:\/\/secure.gravatar.com\/avatar\/594abfe82761d620726242ff34ca472a705a4b97f16c790053a6b4c4035274d0?s=96&d=mm&r=g","caption":"Rodrigo Zuquim"},"url":"https:\/\/agenciainfra.com\/blog\/author\/rodrigo-zuquim\/"}]}},"_links":{"self":[{"href":"https:\/\/agenciainfra.com\/blog\/wp-json\/wp\/v2\/posts\/5333","targetHints":{"allow":["GET"]}}],"collection":[{"href":"https:\/\/agenciainfra.com\/blog\/wp-json\/wp\/v2\/posts"}],"about":[{"href":"https:\/\/agenciainfra.com\/blog\/wp-json\/wp\/v2\/types\/post"}],"author":[{"embeddable":true,"href":"https:\/\/agenciainfra.com\/blog\/wp-json\/wp\/v2\/users\/9"}],"replies":[{"embeddable":true,"href":"https:\/\/agenciainfra.com\/blog\/wp-json\/wp\/v2\/comments?post=5333"}],"version-history":[{"count":0,"href":"https:\/\/agenciainfra.com\/blog\/wp-json\/wp\/v2\/posts\/5333\/revisions"}],"wp:featuredmedia":[{"embeddable":true,"href":"https:\/\/agenciainfra.com\/blog\/wp-json\/wp\/v2\/media\/5334"}],"wp:attachment":[{"href":"https:\/\/agenciainfra.com\/blog\/wp-json\/wp\/v2\/media?parent=5333"}],"wp:term":[{"taxonomy":"category","embeddable":true,"href":"https:\/\/agenciainfra.com\/blog\/wp-json\/wp\/v2\/categories?post=5333"},{"taxonomy":"post_tag","embeddable":true,"href":"https:\/\/agenciainfra.com\/blog\/wp-json\/wp\/v2\/tags?post=5333"}],"curies":[{"name":"wp","href":"https:\/\/api.w.org\/{rel}","templated":true}]}}