{"id":5349,"date":"2020-07-09T08:00:21","date_gmt":"2020-07-09T11:00:21","guid":{"rendered":"https:\/\/www.agenciainfra.com\/blog\/?p=5349"},"modified":"2020-07-09T07:54:18","modified_gmt":"2020-07-09T10:54:18","slug":"com-aprovacao-pela-antt-e-suspensao-de-liminar-ferrograo-vai-para-analise-do-tcu","status":"publish","type":"post","link":"https:\/\/agenciainfra.com\/blog\/com-aprovacao-pela-antt-e-suspensao-de-liminar-ferrograo-vai-para-analise-do-tcu\/","title":{"rendered":"Com aprova\u00e7\u00e3o pela ANTT e suspens\u00e3o de liminar, Ferrogr\u00e3o vai para an\u00e1lise do TCU"},"content":{"rendered":"\n<hr class=\"wp-block-separator\"\/>\n\n\n\n<p class=\"has-text-align-right\"><strong>Gabriel Tabatcheik, da&nbsp;Ag\u00eancia iNFRA<\/strong><\/p>\n\n\n\n<p>Desembargador do TRF (Tribunal Regional Federal) da 1\u00aa Regi\u00e3o, Jirair Meguerian, suspendeu nesta quarta-feira (8) liminar da Justi\u00e7a Federal do Par\u00e1 que impedia o envio da proposta de concess\u00e3o da Ferrogr\u00e3o para an\u00e1lise do TCU (Tribunal de Contas da Uni\u00e3o).<\/p>\n\n\n\n<p>Os estudos t\u00e9cnicos e jur\u00eddicos para a concess\u00e3o da estrada de ferro EF-170, que deve ser constru\u00edda entre os munic\u00edpios de Sinop (MT) e Itaituba (PA), no norte do pa\u00eds, foram liberados pela diretoria da ANTT (Ag\u00eancia Nacional de Transportes Terrestres) em reuni\u00e3o realiza na ter\u00e7a-feira (7).<\/p>\n\n\n\n<p>De acordo com o desembargador, n\u00e3o h\u00e1 &#8220;perigo de dano imediato a justificar a determina\u00e7\u00e3o de altera\u00e7\u00e3o do tra\u00e7ado&#8221; da ferrovia. Com a decis\u00e3o, o Minist\u00e9rio da Infraestrutura deve encaminhar a proposta ao TCU na pr\u00f3xima semana. A decis\u00e3o est\u00e1 dispon\u00edvel na \u00edntegra&nbsp;<a rel=\"noreferrer noopener\" href=\"https:\/\/agenciainfra.us14.list-manage.com\/track\/click?u=d460dd1bcf9ba0ae040e1fc0f&amp;id=28668f61bf&amp;e=c099169394\" target=\"_blank\">aqui<\/a>.<\/p>\n\n\n\n<p>Na ANTT, dois procedimentos sobre a ferrovia aguardavam pela aprecia\u00e7\u00e3o dos diretores. O primeiro, de relatoria do diretor Murshed Menezes, para aprovar um ap\u00eandice ao projeto original, fruto da Audi\u00eancia P\u00fablica 14\/2017 (processo&nbsp;50500.702124\/2017-17). E o segundo, de relatoria do diretor Davi Barreto, sobre a explora\u00e7\u00e3o da infraestrutura ferrovi\u00e1ria em si (processo 50500.036505\/2016-15). Ambas as delibera\u00e7\u00f5es foram publicadas na quarta-feira (8) no Di\u00e1rio Oficial da Uni\u00e3o (<a rel=\"noreferrer noopener\" href=\"https:\/\/agenciainfra.us14.list-manage.com\/track\/click?u=d460dd1bcf9ba0ae040e1fc0f&amp;id=cf9811c931&amp;e=c099169394\" target=\"_blank\">aqui<\/a>&nbsp;e&nbsp;<a rel=\"noreferrer noopener\" href=\"https:\/\/agenciainfra.us14.list-manage.com\/track\/click?u=d460dd1bcf9ba0ae040e1fc0f&amp;id=1e1a4f7d9e&amp;e=c099169394\" target=\"_blank\">aqui<\/a>, respectivamente).<\/p>\n\n\n\n<p>De acordo com Barreto, a Procuradoria Federal junto \u00e0 ag\u00eancia entendeu pela possibilidade de aprova\u00e7\u00e3o do plano de outorgas pela diretoria e consequente remessa ao Minfra (Minist\u00e9rio da Infraestrutura). A responsabilidade de envio ao TCU passa a ser do minist\u00e9rio.<\/p>\n\n\n\n<p>\u201cEntendo que a aprova\u00e7\u00e3o dos estudos e consequente submiss\u00e3o da mat\u00e9ria ao Minfra n\u00e3o se caracteriza como descumprimento da tutela antecipada, visto que a decis\u00e3o foi no sentido de que a mudan\u00e7a dos tra\u00e7ados deve se dar antes da remessa dos autos ao TCU, e n\u00e3o ao minist\u00e9rio, o que foi, inclusive, corroborado pelo ju\u00edzo\u201d, explicou Barreto.&nbsp;<\/p>\n\n\n\n<p>\u201cA medida liminar n\u00e3o determinou a paralisa\u00e7\u00e3o ou suspens\u00e3o do processo administrativo, mas t\u00e3o somente determinou a altera\u00e7\u00e3o do tra\u00e7ado da ferrovia antes da remessa do processo ao TCU\u201d, complementou.<\/p>\n\n\n\n<p>A Ferrogr\u00e3o \u00e9 um projeto que desde 2015 vem sendo tratado pelo governo como priorit\u00e1rio. A inten\u00e7\u00e3o \u00e9 criar uma linha ferrovi\u00e1ria no mesmo caminho da BR-163, ligando a regi\u00e3o agr\u00edcola do norte do Mato Grosso aos terminais portu\u00e1rios do Rio Tapaj\u00f3s, na cidade de Miritituba, no Par\u00e1. Desses terminais, os produtos seguem de balsa at\u00e9 terminais portu\u00e1rios em Bel\u00e9m (PA).<\/p>\n\n\n\n<p>A&nbsp;<a rel=\"noreferrer noopener\" href=\"https:\/\/agenciainfra.us14.list-manage.com\/track\/click?u=d460dd1bcf9ba0ae040e1fc0f&amp;id=647c50a6b1&amp;e=c099169394\" target=\"_blank\">audi\u00eancia p\u00fablica<\/a>&nbsp;durou mais de dois anos e teve oposi\u00e7\u00e3o de associa\u00e7\u00f5es da \u00e1rea ambiental, ind\u00edgena e tamb\u00e9m de associa\u00e7\u00f5es ligadas a transportadores rodovi\u00e1rios. Mas tem o apoio de associa\u00e7\u00f5es ligadas ao agroneg\u00f3cio por ter capacidade de reduzir o frete nesse trecho.<\/p>\n","protected":false},"excerpt":{"rendered":"<p>Gabriel Tabatcheik, da&nbsp;Ag\u00eancia iNFRA Desembargador do TRF (Tribunal Regional Federal) da 1\u00aa Regi\u00e3o, Jirair Meguerian, suspendeu nesta quarta-feira (8) liminar da Justi\u00e7a Federal do Par\u00e1 que impedia o envio da proposta de concess\u00e3o da Ferrogr\u00e3o para an\u00e1lise do TCU (Tribunal de Contas da Uni\u00e3o). Os estudos t\u00e9cnicos e jur\u00eddicos para a concess\u00e3o da estrada de [&hellip;]<\/p>\n","protected":false},"author":9,"featured_media":5350,"comment_status":"closed","ping_status":"closed","sticky":false,"template":"","format":"standard","meta":{"_monsterinsights_skip_tracking":false,"_monsterinsights_sitenote_active":false,"_monsterinsights_sitenote_note":"","_monsterinsights_sitenote_category":0,"footnotes":""},"categories":[1,7],"tags":[19,1050,158,2243,775,2244,18],"class_list":["post-5349","post","type-post","status-publish","format-standard","has-post-thumbnail","hentry","category-geral","category-infratransporte","tag-antt","tag-davi-barreto","tag-ferrograo","tag-instituto-socio-ambiental-floranativa","tag-ministerio-da-infraestrutura","tag-murshed-menezes","tag-tcu"],"yoast_head":"<!-- This site is optimized with the Yoast SEO Premium plugin v25.4 (Yoast SEO v26.0) - https:\/\/yoast.com\/wordpress\/plugins\/seo\/ -->\n<title>Com aprova\u00e7\u00e3o pela ANTT e suspens\u00e3o de liminar, Ferrogr\u00e3o vai para an\u00e1lise do TCU - Ag\u00eancia iNFRA<\/title>\n<meta name=\"robots\" content=\"index, follow, max-snippet:-1, max-image-preview:large, max-video-preview:-1\" \/>\n<link rel=\"canonical\" href=\"https:\/\/agenciainfra.com\/blog\/com-aprovacao-pela-antt-e-suspensao-de-liminar-ferrograo-vai-para-analise-do-tcu\/\" \/>\n<meta property=\"og:locale\" content=\"pt_BR\" \/>\n<meta property=\"og:type\" content=\"article\" \/>\n<meta property=\"og:title\" content=\"Com aprova\u00e7\u00e3o pela ANTT e suspens\u00e3o de liminar, Ferrogr\u00e3o vai para an\u00e1lise do TCU\" \/>\n<meta property=\"og:description\" content=\"Gabriel Tabatcheik, da&nbsp;Ag\u00eancia iNFRA Desembargador do TRF (Tribunal Regional Federal) da 1\u00aa Regi\u00e3o, Jirair Meguerian, suspendeu nesta quarta-feira (8) liminar da Justi\u00e7a Federal do Par\u00e1 que impedia o envio da proposta de concess\u00e3o da Ferrogr\u00e3o para an\u00e1lise do TCU (Tribunal de Contas da Uni\u00e3o). Os estudos t\u00e9cnicos e jur\u00eddicos para a concess\u00e3o da estrada de [&hellip;]\" \/>\n<meta property=\"og:url\" content=\"https:\/\/agenciainfra.com\/blog\/com-aprovacao-pela-antt-e-suspensao-de-liminar-ferrograo-vai-para-analise-do-tcu\/\" \/>\n<meta property=\"og:site_name\" content=\"Ag\u00eancia iNFRA\" \/>\n<meta property=\"article:publisher\" content=\"https:\/\/www.facebook.com\/ageninfra\" \/>\n<meta property=\"article:published_time\" content=\"2020-07-09T11:00:21+00:00\" \/>\n<meta property=\"og:image\" content=\"https:\/\/agenciainfra.com\/blog\/wp-content\/uploads\/2020\/07\/davi-barreto-foto-minfra-twitter.jpeg\" \/>\n\t<meta property=\"og:image:width\" content=\"1280\" \/>\n\t<meta property=\"og:image:height\" content=\"853\" \/>\n\t<meta property=\"og:image:type\" content=\"image\/jpeg\" \/>\n<meta name=\"author\" content=\"Rodrigo Zuquim\" \/>\n<meta name=\"twitter:card\" content=\"summary_large_image\" \/>\n<meta name=\"twitter:creator\" content=\"@agencia_infra\" \/>\n<meta name=\"twitter:site\" content=\"@agencia_infra\" \/>\n<meta name=\"twitter:label1\" content=\"Escrito por\" \/>\n\t<meta name=\"twitter:data1\" content=\"Rodrigo Zuquim\" \/>\n\t<meta name=\"twitter:label2\" content=\"Est. tempo de leitura\" \/>\n\t<meta name=\"twitter:data2\" content=\"3 minutos\" \/>\n<script type=\"application\/ld+json\" class=\"yoast-schema-graph\">{\"@context\":\"https:\/\/schema.org\",\"@graph\":[{\"@type\":\"Article\",\"@id\":\"https:\/\/agenciainfra.com\/blog\/com-aprovacao-pela-antt-e-suspensao-de-liminar-ferrograo-vai-para-analise-do-tcu\/#article\",\"isPartOf\":{\"@id\":\"https:\/\/agenciainfra.com\/blog\/com-aprovacao-pela-antt-e-suspensao-de-liminar-ferrograo-vai-para-analise-do-tcu\/\"},\"author\":{\"name\":\"Rodrigo Zuquim\",\"@id\":\"https:\/\/agenciainfra.com\/blog\/#\/schema\/person\/04dbb79bd6d8951f063da71f3e4c1eb1\"},\"headline\":\"Com aprova\u00e7\u00e3o pela ANTT e suspens\u00e3o de liminar, Ferrogr\u00e3o vai para an\u00e1lise do TCU\",\"datePublished\":\"2020-07-09T11:00:21+00:00\",\"mainEntityOfPage\":{\"@id\":\"https:\/\/agenciainfra.com\/blog\/com-aprovacao-pela-antt-e-suspensao-de-liminar-ferrograo-vai-para-analise-do-tcu\/\"},\"wordCount\":528,\"publisher\":{\"@id\":\"https:\/\/agenciainfra.com\/blog\/#organization\"},\"image\":{\"@id\":\"https:\/\/agenciainfra.com\/blog\/com-aprovacao-pela-antt-e-suspensao-de-liminar-ferrograo-vai-para-analise-do-tcu\/#primaryimage\"},\"thumbnailUrl\":\"https:\/\/agenciainfra.com\/blog\/wp-content\/uploads\/2020\/07\/davi-barreto-foto-minfra-twitter.jpeg\",\"keywords\":[\"ANTT\",\"Davi Barreto\",\"Ferrogr\u00e3o\",\"Instituto S\u00f3cio Ambiental Floranativa\",\"Minist\u00e9rio da Infraestrutura\",\"Murshed Menezes\",\"TCU\"],\"articleSection\":[\"Geral\",\"iNFRATransporte\"],\"inLanguage\":\"pt-BR\",\"copyrightYear\":\"2020\",\"copyrightHolder\":{\"@id\":\"https:\/\/agenciainfra.com\/blog\/#organization\"}},{\"@type\":\"WebPage\",\"@id\":\"https:\/\/agenciainfra.com\/blog\/com-aprovacao-pela-antt-e-suspensao-de-liminar-ferrograo-vai-para-analise-do-tcu\/\",\"url\":\"https:\/\/agenciainfra.com\/blog\/com-aprovacao-pela-antt-e-suspensao-de-liminar-ferrograo-vai-para-analise-do-tcu\/\",\"name\":\"Com aprova\u00e7\u00e3o pela ANTT e suspens\u00e3o de liminar, Ferrogr\u00e3o vai para an\u00e1lise do TCU - Ag\u00eancia iNFRA\",\"isPartOf\":{\"@id\":\"https:\/\/agenciainfra.com\/blog\/#website\"},\"primaryImageOfPage\":{\"@id\":\"https:\/\/agenciainfra.com\/blog\/com-aprovacao-pela-antt-e-suspensao-de-liminar-ferrograo-vai-para-analise-do-tcu\/#primaryimage\"},\"image\":{\"@id\":\"https:\/\/agenciainfra.com\/blog\/com-aprovacao-pela-antt-e-suspensao-de-liminar-ferrograo-vai-para-analise-do-tcu\/#primaryimage\"},\"thumbnailUrl\":\"https:\/\/agenciainfra.com\/blog\/wp-content\/uploads\/2020\/07\/davi-barreto-foto-minfra-twitter.jpeg\",\"datePublished\":\"2020-07-09T11:00:21+00:00\",\"breadcrumb\":{\"@id\":\"https:\/\/agenciainfra.com\/blog\/com-aprovacao-pela-antt-e-suspensao-de-liminar-ferrograo-vai-para-analise-do-tcu\/#breadcrumb\"},\"inLanguage\":\"pt-BR\",\"potentialAction\":[{\"@type\":\"ReadAction\",\"target\":[\"https:\/\/agenciainfra.com\/blog\/com-aprovacao-pela-antt-e-suspensao-de-liminar-ferrograo-vai-para-analise-do-tcu\/\"]}]},{\"@type\":\"ImageObject\",\"inLanguage\":\"pt-BR\",\"@id\":\"https:\/\/agenciainfra.com\/blog\/com-aprovacao-pela-antt-e-suspensao-de-liminar-ferrograo-vai-para-analise-do-tcu\/#primaryimage\",\"url\":\"https:\/\/agenciainfra.com\/blog\/wp-content\/uploads\/2020\/07\/davi-barreto-foto-minfra-twitter.jpeg\",\"contentUrl\":\"https:\/\/agenciainfra.com\/blog\/wp-content\/uploads\/2020\/07\/davi-barreto-foto-minfra-twitter.jpeg\",\"width\":1280,\"height\":853},{\"@type\":\"BreadcrumbList\",\"@id\":\"https:\/\/agenciainfra.com\/blog\/com-aprovacao-pela-antt-e-suspensao-de-liminar-ferrograo-vai-para-analise-do-tcu\/#breadcrumb\",\"itemListElement\":[{\"@type\":\"ListItem\",\"position\":1,\"name\":\"In\u00edcio\",\"item\":\"https:\/\/agenciainfra.com\/blog\/\"},{\"@type\":\"ListItem\",\"position\":2,\"name\":\"Com aprova\u00e7\u00e3o pela ANTT e suspens\u00e3o de liminar, Ferrogr\u00e3o vai para an\u00e1lise do TCU\"}]},{\"@type\":\"WebSite\",\"@id\":\"https:\/\/agenciainfra.com\/blog\/#website\",\"url\":\"https:\/\/agenciainfra.com\/blog\/\",\"name\":\"Ag\u00eancia iNFRA\",\"description\":\"Multiplataforma de informa\u00e7\u00e3o jornal\u00edstica refer\u00eancia na \u00e1rea de infraestrutura no Brasil!\",\"publisher\":{\"@id\":\"https:\/\/agenciainfra.com\/blog\/#organization\"},\"potentialAction\":[{\"@type\":\"SearchAction\",\"target\":{\"@type\":\"EntryPoint\",\"urlTemplate\":\"https:\/\/agenciainfra.com\/blog\/?s={search_term_string}\"},\"query-input\":{\"@type\":\"PropertyValueSpecification\",\"valueRequired\":true,\"valueName\":\"search_term_string\"}}],\"inLanguage\":\"pt-BR\"},{\"@type\":\"Organization\",\"@id\":\"https:\/\/agenciainfra.com\/blog\/#organization\",\"name\":\"Ag\u00eancia iNFRA\",\"url\":\"https:\/\/agenciainfra.com\/blog\/\",\"logo\":{\"@type\":\"ImageObject\",\"inLanguage\":\"pt-BR\",\"@id\":\"https:\/\/agenciainfra.com\/blog\/#\/schema\/logo\/image\/\",\"url\":\"https:\/\/agenciainfra.com\/blog\/wp-content\/uploads\/2023\/09\/iNFRA_5-e1761735885940.png\",\"contentUrl\":\"https:\/\/agenciainfra.com\/blog\/wp-content\/uploads\/2023\/09\/iNFRA_5-e1761735885940.png\",\"width\":1672,\"height\":454,\"caption\":\"Ag\u00eancia iNFRA\"},\"image\":{\"@id\":\"https:\/\/agenciainfra.com\/blog\/#\/schema\/logo\/image\/\"},\"sameAs\":[\"https:\/\/www.facebook.com\/ageninfra\",\"https:\/\/x.com\/agencia_infra\",\"https:\/\/www.linkedin.com\/company\/ag\u00eanciainfra\/\",\"https:\/\/www.instagram.com\/agenciainfra\/\"]},{\"@type\":\"Person\",\"@id\":\"https:\/\/agenciainfra.com\/blog\/#\/schema\/person\/04dbb79bd6d8951f063da71f3e4c1eb1\",\"name\":\"Rodrigo Zuquim\",\"image\":{\"@type\":\"ImageObject\",\"inLanguage\":\"pt-BR\",\"@id\":\"https:\/\/agenciainfra.com\/blog\/#\/schema\/person\/image\/\",\"url\":\"https:\/\/secure.gravatar.com\/avatar\/594abfe82761d620726242ff34ca472a705a4b97f16c790053a6b4c4035274d0?s=96&d=mm&r=g\",\"contentUrl\":\"https:\/\/secure.gravatar.com\/avatar\/594abfe82761d620726242ff34ca472a705a4b97f16c790053a6b4c4035274d0?s=96&d=mm&r=g\",\"caption\":\"Rodrigo Zuquim\"},\"url\":\"https:\/\/agenciainfra.com\/blog\/author\/rodrigo-zuquim\/\"}]}<\/script>\n<!-- \/ Yoast SEO Premium plugin. -->","yoast_head_json":{"title":"Com aprova\u00e7\u00e3o pela ANTT e suspens\u00e3o de liminar, Ferrogr\u00e3o vai para an\u00e1lise do TCU - Ag\u00eancia iNFRA","robots":{"index":"index","follow":"follow","max-snippet":"max-snippet:-1","max-image-preview":"max-image-preview:large","max-video-preview":"max-video-preview:-1"},"canonical":"https:\/\/agenciainfra.com\/blog\/com-aprovacao-pela-antt-e-suspensao-de-liminar-ferrograo-vai-para-analise-do-tcu\/","og_locale":"pt_BR","og_type":"article","og_title":"Com aprova\u00e7\u00e3o pela ANTT e suspens\u00e3o de liminar, Ferrogr\u00e3o vai para an\u00e1lise do TCU","og_description":"Gabriel Tabatcheik, da&nbsp;Ag\u00eancia iNFRA Desembargador do TRF (Tribunal Regional Federal) da 1\u00aa Regi\u00e3o, Jirair Meguerian, suspendeu nesta quarta-feira (8) liminar da Justi\u00e7a Federal do Par\u00e1 que impedia o envio da proposta de concess\u00e3o da Ferrogr\u00e3o para an\u00e1lise do TCU (Tribunal de Contas da Uni\u00e3o). Os estudos t\u00e9cnicos e jur\u00eddicos para a concess\u00e3o da estrada de [&hellip;]","og_url":"https:\/\/agenciainfra.com\/blog\/com-aprovacao-pela-antt-e-suspensao-de-liminar-ferrograo-vai-para-analise-do-tcu\/","og_site_name":"Ag\u00eancia iNFRA","article_publisher":"https:\/\/www.facebook.com\/ageninfra","article_published_time":"2020-07-09T11:00:21+00:00","og_image":[{"width":1280,"height":853,"url":"https:\/\/agenciainfra.com\/blog\/wp-content\/uploads\/2020\/07\/davi-barreto-foto-minfra-twitter.jpeg","type":"image\/jpeg"}],"author":"Rodrigo Zuquim","twitter_card":"summary_large_image","twitter_creator":"@agencia_infra","twitter_site":"@agencia_infra","twitter_misc":{"Escrito por":"Rodrigo Zuquim","Est. tempo de leitura":"3 minutos"},"schema":{"@context":"https:\/\/schema.org","@graph":[{"@type":"Article","@id":"https:\/\/agenciainfra.com\/blog\/com-aprovacao-pela-antt-e-suspensao-de-liminar-ferrograo-vai-para-analise-do-tcu\/#article","isPartOf":{"@id":"https:\/\/agenciainfra.com\/blog\/com-aprovacao-pela-antt-e-suspensao-de-liminar-ferrograo-vai-para-analise-do-tcu\/"},"author":{"name":"Rodrigo Zuquim","@id":"https:\/\/agenciainfra.com\/blog\/#\/schema\/person\/04dbb79bd6d8951f063da71f3e4c1eb1"},"headline":"Com aprova\u00e7\u00e3o pela ANTT e suspens\u00e3o de liminar, Ferrogr\u00e3o vai para an\u00e1lise do TCU","datePublished":"2020-07-09T11:00:21+00:00","mainEntityOfPage":{"@id":"https:\/\/agenciainfra.com\/blog\/com-aprovacao-pela-antt-e-suspensao-de-liminar-ferrograo-vai-para-analise-do-tcu\/"},"wordCount":528,"publisher":{"@id":"https:\/\/agenciainfra.com\/blog\/#organization"},"image":{"@id":"https:\/\/agenciainfra.com\/blog\/com-aprovacao-pela-antt-e-suspensao-de-liminar-ferrograo-vai-para-analise-do-tcu\/#primaryimage"},"thumbnailUrl":"https:\/\/agenciainfra.com\/blog\/wp-content\/uploads\/2020\/07\/davi-barreto-foto-minfra-twitter.jpeg","keywords":["ANTT","Davi Barreto","Ferrogr\u00e3o","Instituto S\u00f3cio Ambiental Floranativa","Minist\u00e9rio da Infraestrutura","Murshed Menezes","TCU"],"articleSection":["Geral","iNFRATransporte"],"inLanguage":"pt-BR","copyrightYear":"2020","copyrightHolder":{"@id":"https:\/\/agenciainfra.com\/blog\/#organization"}},{"@type":"WebPage","@id":"https:\/\/agenciainfra.com\/blog\/com-aprovacao-pela-antt-e-suspensao-de-liminar-ferrograo-vai-para-analise-do-tcu\/","url":"https:\/\/agenciainfra.com\/blog\/com-aprovacao-pela-antt-e-suspensao-de-liminar-ferrograo-vai-para-analise-do-tcu\/","name":"Com aprova\u00e7\u00e3o pela ANTT e suspens\u00e3o de liminar, Ferrogr\u00e3o vai para an\u00e1lise do TCU - Ag\u00eancia iNFRA","isPartOf":{"@id":"https:\/\/agenciainfra.com\/blog\/#website"},"primaryImageOfPage":{"@id":"https:\/\/agenciainfra.com\/blog\/com-aprovacao-pela-antt-e-suspensao-de-liminar-ferrograo-vai-para-analise-do-tcu\/#primaryimage"},"image":{"@id":"https:\/\/agenciainfra.com\/blog\/com-aprovacao-pela-antt-e-suspensao-de-liminar-ferrograo-vai-para-analise-do-tcu\/#primaryimage"},"thumbnailUrl":"https:\/\/agenciainfra.com\/blog\/wp-content\/uploads\/2020\/07\/davi-barreto-foto-minfra-twitter.jpeg","datePublished":"2020-07-09T11:00:21+00:00","breadcrumb":{"@id":"https:\/\/agenciainfra.com\/blog\/com-aprovacao-pela-antt-e-suspensao-de-liminar-ferrograo-vai-para-analise-do-tcu\/#breadcrumb"},"inLanguage":"pt-BR","potentialAction":[{"@type":"ReadAction","target":["https:\/\/agenciainfra.com\/blog\/com-aprovacao-pela-antt-e-suspensao-de-liminar-ferrograo-vai-para-analise-do-tcu\/"]}]},{"@type":"ImageObject","inLanguage":"pt-BR","@id":"https:\/\/agenciainfra.com\/blog\/com-aprovacao-pela-antt-e-suspensao-de-liminar-ferrograo-vai-para-analise-do-tcu\/#primaryimage","url":"https:\/\/agenciainfra.com\/blog\/wp-content\/uploads\/2020\/07\/davi-barreto-foto-minfra-twitter.jpeg","contentUrl":"https:\/\/agenciainfra.com\/blog\/wp-content\/uploads\/2020\/07\/davi-barreto-foto-minfra-twitter.jpeg","width":1280,"height":853},{"@type":"BreadcrumbList","@id":"https:\/\/agenciainfra.com\/blog\/com-aprovacao-pela-antt-e-suspensao-de-liminar-ferrograo-vai-para-analise-do-tcu\/#breadcrumb","itemListElement":[{"@type":"ListItem","position":1,"name":"In\u00edcio","item":"https:\/\/agenciainfra.com\/blog\/"},{"@type":"ListItem","position":2,"name":"Com aprova\u00e7\u00e3o pela ANTT e suspens\u00e3o de liminar, Ferrogr\u00e3o vai para an\u00e1lise do TCU"}]},{"@type":"WebSite","@id":"https:\/\/agenciainfra.com\/blog\/#website","url":"https:\/\/agenciainfra.com\/blog\/","name":"Ag\u00eancia iNFRA","description":"Multiplataforma de informa\u00e7\u00e3o jornal\u00edstica refer\u00eancia na \u00e1rea de infraestrutura no Brasil!","publisher":{"@id":"https:\/\/agenciainfra.com\/blog\/#organization"},"potentialAction":[{"@type":"SearchAction","target":{"@type":"EntryPoint","urlTemplate":"https:\/\/agenciainfra.com\/blog\/?s={search_term_string}"},"query-input":{"@type":"PropertyValueSpecification","valueRequired":true,"valueName":"search_term_string"}}],"inLanguage":"pt-BR"},{"@type":"Organization","@id":"https:\/\/agenciainfra.com\/blog\/#organization","name":"Ag\u00eancia iNFRA","url":"https:\/\/agenciainfra.com\/blog\/","logo":{"@type":"ImageObject","inLanguage":"pt-BR","@id":"https:\/\/agenciainfra.com\/blog\/#\/schema\/logo\/image\/","url":"https:\/\/agenciainfra.com\/blog\/wp-content\/uploads\/2023\/09\/iNFRA_5-e1761735885940.png","contentUrl":"https:\/\/agenciainfra.com\/blog\/wp-content\/uploads\/2023\/09\/iNFRA_5-e1761735885940.png","width":1672,"height":454,"caption":"Ag\u00eancia iNFRA"},"image":{"@id":"https:\/\/agenciainfra.com\/blog\/#\/schema\/logo\/image\/"},"sameAs":["https:\/\/www.facebook.com\/ageninfra","https:\/\/x.com\/agencia_infra","https:\/\/www.linkedin.com\/company\/ag\u00eanciainfra\/","https:\/\/www.instagram.com\/agenciainfra\/"]},{"@type":"Person","@id":"https:\/\/agenciainfra.com\/blog\/#\/schema\/person\/04dbb79bd6d8951f063da71f3e4c1eb1","name":"Rodrigo Zuquim","image":{"@type":"ImageObject","inLanguage":"pt-BR","@id":"https:\/\/agenciainfra.com\/blog\/#\/schema\/person\/image\/","url":"https:\/\/secure.gravatar.com\/avatar\/594abfe82761d620726242ff34ca472a705a4b97f16c790053a6b4c4035274d0?s=96&d=mm&r=g","contentUrl":"https:\/\/secure.gravatar.com\/avatar\/594abfe82761d620726242ff34ca472a705a4b97f16c790053a6b4c4035274d0?s=96&d=mm&r=g","caption":"Rodrigo Zuquim"},"url":"https:\/\/agenciainfra.com\/blog\/author\/rodrigo-zuquim\/"}]}},"_links":{"self":[{"href":"https:\/\/agenciainfra.com\/blog\/wp-json\/wp\/v2\/posts\/5349","targetHints":{"allow":["GET"]}}],"collection":[{"href":"https:\/\/agenciainfra.com\/blog\/wp-json\/wp\/v2\/posts"}],"about":[{"href":"https:\/\/agenciainfra.com\/blog\/wp-json\/wp\/v2\/types\/post"}],"author":[{"embeddable":true,"href":"https:\/\/agenciainfra.com\/blog\/wp-json\/wp\/v2\/users\/9"}],"replies":[{"embeddable":true,"href":"https:\/\/agenciainfra.com\/blog\/wp-json\/wp\/v2\/comments?post=5349"}],"version-history":[{"count":0,"href":"https:\/\/agenciainfra.com\/blog\/wp-json\/wp\/v2\/posts\/5349\/revisions"}],"wp:featuredmedia":[{"embeddable":true,"href":"https:\/\/agenciainfra.com\/blog\/wp-json\/wp\/v2\/media\/5350"}],"wp:attachment":[{"href":"https:\/\/agenciainfra.com\/blog\/wp-json\/wp\/v2\/media?parent=5349"}],"wp:term":[{"taxonomy":"category","embeddable":true,"href":"https:\/\/agenciainfra.com\/blog\/wp-json\/wp\/v2\/categories?post=5349"},{"taxonomy":"post_tag","embeddable":true,"href":"https:\/\/agenciainfra.com\/blog\/wp-json\/wp\/v2\/tags?post=5349"}],"curies":[{"name":"wp","href":"https:\/\/api.w.org\/{rel}","templated":true}]}}