{"id":5355,"date":"2020-07-09T07:38:22","date_gmt":"2020-07-09T10:38:22","guid":{"rendered":"https:\/\/www.agenciainfra.com\/blog\/?p=5355"},"modified":"2020-07-09T07:38:28","modified_gmt":"2020-07-09T10:38:28","slug":"aneel-publica-nova-resolucao-para-incentivar-ppps-de-iluminacao-publica","status":"publish","type":"post","link":"https:\/\/agenciainfra.com\/blog\/aneel-publica-nova-resolucao-para-incentivar-ppps-de-iluminacao-publica\/","title":{"rendered":"ANEEL publica nova resolu\u00e7\u00e3o para incentivar PPPs de ilumina\u00e7\u00e3o p\u00fablica"},"content":{"rendered":"\n<p class=\"has-text-align-right\"><strong>da Ag\u00eancia iNFRA<\/strong><\/p>\n\n\n\n<p>Distribuidoras de energia ser\u00e3o proibidas de cobrar\u00a0taxas das prefeituras para arrecadar a Cosip (Contribui\u00e7\u00e3o para Custeio de\u00a0Ilumina\u00e7\u00e3o\u00a0P\u00fablica). Essa e outras altera\u00e7\u00f5es no fornecimento de energia para a ilumina\u00e7\u00e3o p\u00fablica poder\u00e3o levar a maior incentivo para a realiza\u00e7\u00e3o de PPPs\u00a0 (parcerias p\u00fablico-privadas) no setor.<\/p>\n\n\n\n<p>A proibi\u00e7\u00e3o\u00a0decorre de decis\u00e3o da diretoria da ANEEL (Ag\u00eancia Nacional de Energia El\u00e9trica), que aprovou a Resolu\u00e7\u00e3o Normativa 888,\u00a0aprimorando as disposi\u00e7\u00f5es relacionadas ao fornecimento de energia el\u00e9trica para o servi\u00e7o p\u00fablico de ilumina\u00e7\u00e3o p\u00fablica. A RN 888 foi publicada no Di\u00e1rio Oficial desta quinta-feira (9), dispon\u00edvel <a rel=\"noreferrer noopener\" href=\"http:\/\/pesquisa.in.gov.br\/imprensa\/jsp\/visualiza\/index.jsp?data=09\/07\/2020&amp;jornal=515&amp;pagina=140&amp;totalArquivos=222\" target=\"_blank\">neste link<\/a>.<\/p>\n\n\n\n<p>A proposta de novas regras para o setor passou por audi\u00eancia p\u00fablica, analisada pela Superintend\u00eancia de Regula\u00e7\u00e3o dos Servi\u00e7os de Distribui\u00e7\u00e3o da ANEEL.<\/p>\n\n\n\n<p>A sugest\u00e3o de retirar esse ponto de nova normatiza\u00e7\u00e3o sobre o tema foi apresentada na\u00a0<a rel=\"noreferrer noopener\" href=\"https:\/\/agenciainfra.us14.list-manage.com\/track\/click?u=d460dd1bcf9ba0ae040e1fc0f&amp;id=a0d44064bc&amp;e=79cc876d14\" target=\"_blank\">consulta\u00a0p\u00fablica<\/a>.\u00a0Mas a superintend\u00eancia da\u00a0ag\u00eancia\u00a0entendeu que os custos para essa arrecada\u00e7\u00e3o j\u00e1 s\u00e3o cobrados e ressarcidos \u00e0s distribuidoras de outras maneiras.<\/p>\n\n\n\n<p>A proposta d\u00e1 um per\u00edodo de at\u00e9 cinco anos de adapta\u00e7\u00e3o (at\u00e9 a pr\u00f3xima revis\u00e3o quinquenal de cada distribuidora), mas a partir de 2021 seria permitida a cobran\u00e7a de um percentual de 1% da arrecada\u00e7\u00e3o. Segundo o relat\u00f3rio, algumas distribuidoras chegavam a cobrar 10%.<\/p>\n\n\n\n<p>Apesar de pedidos de adiamentos, principalmente dos representantes de distribuidoras, \u00f3rg\u00e3os do governo, especialmente o PPI (Programa de Parcerias de Investimentos), pediram a aprova\u00e7\u00e3o do texto.<br><br>A avalia\u00e7\u00e3o do \u00f3rg\u00e3o do governo, que presta apoio para as cidades implementarem PPPs de IP (ilumina\u00e7\u00e3o&nbsp;p\u00fablica) pelo pa\u00eds, \u00e9 que a padroniza\u00e7\u00e3o das regras de rela\u00e7\u00e3o entre as distribuidoras e os munic\u00edpios e suas contratadas pode dar mais um impulso no setor que vem crescendo anualmente.&nbsp;<\/p>\n\n\n\n<p>O BNDES e a Caixa, que modelam PPPs nessa \u00e1rea, t\u00eam conseguido cada vez mais velocidade para realizar esse trabalho de prepara\u00e7\u00e3o do leil\u00e3o, com prazos em alguns casos menores que seis meses. Por isso, h\u00e1 expectativa de uma grande quantidade de leil\u00f5es nos pr\u00f3ximos anos.<\/p>\n\n\n\n<p><strong>Potencial de R$ 1,25 bi em investimentos<\/strong><br>S\u00f3 no BNDES, que no ano passado fez o leil\u00e3o de IP de Porto Alegre (previs\u00e3o de R$ 290 milh\u00f5es em investimentos),&nbsp;h\u00e1 nove projetos de PPP de&nbsp;ilumina\u00e7\u00e3o&nbsp;p\u00fablica&nbsp;em carteira, com potencial de R$ 1,25 bilh\u00e3o em investimentos em 20 anos.<\/p>\n\n\n\n<p>O sucesso desses processos de concess\u00e3o \u00e9, em parte, atribu\u00eddo \u00e0 exist\u00eancia da Cosip, que garante uma arrecada\u00e7\u00e3o que \u00e9 suficiente para dar garantias ao contrato. Mas a falta de um padr\u00e3o para lidar com as distribuidoras tem sido relatada como um fator de risco para essas parcerias. Por isso, o pedido do PPI de celeridade na avalia\u00e7\u00e3o do novo marco legal.<\/p>\n\n\n\n<p>A norma aprovada pela ANEEL pretende refor\u00e7ar a impossibilidade de a distribuidora exigir &#8220;requisitos inerentes ao sistema de IP, ou especifica\u00e7\u00f5es excessivas, restritivas ou que reduzam o car\u00e1ter competitivo do mercado e que possam, por exemplo, criar regras que dificultem os processos licitat\u00f3rios realizados pelos munic\u00edpios&#8221;.&nbsp;<\/p>\n\n\n\n<p>As distribuidoras tamb\u00e9m ter\u00e3o prazos para analisar os projetos de IP enviados pelos munic\u00edpios. Foram acatadas, no entanto, contribui\u00e7\u00f5es de retirar a aprova\u00e7\u00e3o t\u00e1cita do projeto de IP em caso de decurso do prazo, sendo &#8220;explicitado que o n\u00e3o cumprimento dos prazos por parte da distribuidora enseja o direito de recebimento de cr\u00e9dito pelo atraso&#8221;.&nbsp;<\/p>\n\n\n\n<p>Outra previs\u00e3o \u00e9 que haja um modelo padr\u00e3o de contrato de IP e que as&nbsp;concession\u00e1rias de IP, delegadas pelo munic\u00edpio para prestar o servi\u00e7o, celebrem o contrato de fornecimento com a distribuidora, trocando a titularidade com as prefeituras.&nbsp;A medida&nbsp;trata ainda de temas como conex\u00e3o das instala\u00e7\u00f5es; cadastro dos pontos de&nbsp;ilumina\u00e7\u00e3o&nbsp;p\u00fablica; e medi\u00e7\u00e3o e faturamento.&nbsp;<\/p>\n\n\n\n<p>Marina Fochesato Cintra, advogada coordenadora dos projetos de PPP de\u00a0ilumina\u00e7\u00e3o\u00a0p\u00fablica\u00a0da Moys\u00e9s &amp; Pires Sociedade de Advogados, escrit\u00f3rio que apresentou contribui\u00e7\u00f5es \u00e0 consulta, diz que, mesmo com a pandemia, h\u00e1 projetos em andamento que devem ser licitados em breve.\u00a0 \u00a0 \u00a0 \u00a0<br>&#8220;O munic\u00edpio de Franco da Rocha (SP), por exemplo, publicou, na semana passada, o aviso de licita\u00e7\u00e3o de seu projeto. PPPs como essa trazem impactos positivos n\u00e3o apenas na economia e na qualidade da presta\u00e7\u00e3o do servi\u00e7o nas cidades, mas tamb\u00e9m na seguran\u00e7a\u00a0p\u00fablica&#8221;, lembrou.<\/p>\n\n\n\n<p>O \u00fanico leil\u00e3o de concess\u00f5es realizado na B3 at\u00e9 o momento (ocorreu em maio) foi o da PPP de IP da cidade de Angra dos Reis (RJ), que teve a participa\u00e7\u00e3o de tr\u00eas cons\u00f3rcios, com vit\u00f3ria da Enel X, com 31% de desconto sobre o valor ofertado.<\/p>\n\n\n\n<p>Camilo Fraga, da Houer Concess\u00f5es, empresa que estruturou o projeto, acredita que a norma da ANEEL vai impulsionar ainda mais o setor. Segundo Fraga, os munic\u00edpios v\u00e3o agora poder ter uma maior capacidade de an\u00e1lise sobre a&nbsp;ilumina\u00e7\u00e3o&nbsp;p\u00fablica. Ele destacou que a responsabilidade tribut\u00e1ria sobre as distribuidoras e a arrecada\u00e7\u00e3o n\u00e3o onerosa v\u00e3o dar possibilidade de mais concess\u00f5es por ampliarem as receitas.<\/p>\n\n\n\n<p>Outro avan\u00e7o, segundo ele, \u00e9 o fim da cobran\u00e7a por amostragem e o prazo para aprova\u00e7\u00e3o. &#8220;J\u00e1 vi distribuidora demorar mais de ano para aprovar projeto&#8221;, contou Fraga, cuja empresa j\u00e1 modelou concess\u00f5es de mais de 1 milh\u00e3o de pontos de&nbsp;ilumina\u00e7\u00e3o, e cobra que a ANEEL inicie processo para permitir \u00e0s prefeituras usar o Mercado Livre de Energia.<\/p>\n","protected":false},"excerpt":{"rendered":"<p>da Ag\u00eancia iNFRA Distribuidoras de energia ser\u00e3o proibidas de cobrar\u00a0taxas das prefeituras para arrecadar a Cosip (Contribui\u00e7\u00e3o para Custeio de\u00a0Ilumina\u00e7\u00e3o\u00a0P\u00fablica). Essa e outras altera\u00e7\u00f5es no fornecimento de energia para a ilumina\u00e7\u00e3o p\u00fablica poder\u00e3o levar a maior incentivo para a realiza\u00e7\u00e3o de PPPs\u00a0 (parcerias p\u00fablico-privadas) no setor. A proibi\u00e7\u00e3o\u00a0decorre de decis\u00e3o da diretoria da ANEEL (Ag\u00eancia [&hellip;]<\/p>\n","protected":false},"author":9,"featured_media":5356,"comment_status":"closed","ping_status":"closed","sticky":false,"template":"","format":"standard","meta":{"_monsterinsights_skip_tracking":false,"_monsterinsights_sitenote_active":false,"_monsterinsights_sitenote_note":"","_monsterinsights_sitenote_category":0,"footnotes":""},"categories":[1,2052,10],"tags":[53,2197,2249,1967,2251,916,97,2250],"class_list":["post-5355","post","type-post","status-publish","format-standard","has-post-thumbnail","hentry","category-geral","category-infra-transicao","category-infraenergia","tag-aneel","tag-camilo-fraga","tag-cosip","tag-iluminacao-publica","tag-marina-fochesato-cintra","tag-parceria-publico-privada","tag-ppp","tag-resolucao-normativa-888"],"yoast_head":"<!-- This site is optimized with the Yoast SEO Premium plugin v25.4 (Yoast SEO v26.0) - https:\/\/yoast.com\/wordpress\/plugins\/seo\/ -->\n<title>ANEEL publica nova resolu\u00e7\u00e3o para incentivar PPPs de ilumina\u00e7\u00e3o p\u00fablica - Ag\u00eancia iNFRA<\/title>\n<meta name=\"robots\" content=\"index, follow, max-snippet:-1, max-image-preview:large, max-video-preview:-1\" \/>\n<link rel=\"canonical\" href=\"https:\/\/agenciainfra.com\/blog\/aneel-publica-nova-resolucao-para-incentivar-ppps-de-iluminacao-publica\/\" \/>\n<meta property=\"og:locale\" content=\"pt_BR\" \/>\n<meta property=\"og:type\" content=\"article\" \/>\n<meta property=\"og:title\" content=\"ANEEL publica nova resolu\u00e7\u00e3o para incentivar PPPs de ilumina\u00e7\u00e3o p\u00fablica\" \/>\n<meta property=\"og:description\" content=\"da Ag\u00eancia iNFRA Distribuidoras de energia ser\u00e3o proibidas de cobrar\u00a0taxas das prefeituras para arrecadar a Cosip (Contribui\u00e7\u00e3o para Custeio de\u00a0Ilumina\u00e7\u00e3o\u00a0P\u00fablica). Essa e outras altera\u00e7\u00f5es no fornecimento de energia para a ilumina\u00e7\u00e3o p\u00fablica poder\u00e3o levar a maior incentivo para a realiza\u00e7\u00e3o de PPPs\u00a0 (parcerias p\u00fablico-privadas) no setor. A proibi\u00e7\u00e3o\u00a0decorre de decis\u00e3o da diretoria da ANEEL (Ag\u00eancia [&hellip;]\" \/>\n<meta property=\"og:url\" content=\"https:\/\/agenciainfra.com\/blog\/aneel-publica-nova-resolucao-para-incentivar-ppps-de-iluminacao-publica\/\" \/>\n<meta property=\"og:site_name\" content=\"Ag\u00eancia iNFRA\" \/>\n<meta property=\"article:publisher\" content=\"https:\/\/www.facebook.com\/ageninfra\" \/>\n<meta property=\"article:published_time\" content=\"2020-07-09T10:38:22+00:00\" \/>\n<meta property=\"article:modified_time\" content=\"2020-07-09T10:38:28+00:00\" \/>\n<meta property=\"og:image\" content=\"https:\/\/agenciainfra.com\/blog\/wp-content\/uploads\/2020\/07\/iluminacao-publica-foto-ppi.jpeg\" \/>\n\t<meta property=\"og:image:width\" content=\"1280\" \/>\n\t<meta property=\"og:image:height\" content=\"915\" \/>\n\t<meta property=\"og:image:type\" content=\"image\/jpeg\" \/>\n<meta name=\"author\" content=\"Rodrigo Zuquim\" \/>\n<meta name=\"twitter:card\" content=\"summary_large_image\" \/>\n<meta name=\"twitter:creator\" content=\"@agencia_infra\" \/>\n<meta name=\"twitter:site\" content=\"@agencia_infra\" \/>\n<meta name=\"twitter:label1\" content=\"Escrito por\" \/>\n\t<meta name=\"twitter:data1\" content=\"Rodrigo Zuquim\" \/>\n\t<meta name=\"twitter:label2\" content=\"Est. tempo de leitura\" \/>\n\t<meta name=\"twitter:data2\" content=\"5 minutos\" \/>\n<script type=\"application\/ld+json\" class=\"yoast-schema-graph\">{\"@context\":\"https:\/\/schema.org\",\"@graph\":[{\"@type\":\"Article\",\"@id\":\"https:\/\/agenciainfra.com\/blog\/aneel-publica-nova-resolucao-para-incentivar-ppps-de-iluminacao-publica\/#article\",\"isPartOf\":{\"@id\":\"https:\/\/agenciainfra.com\/blog\/aneel-publica-nova-resolucao-para-incentivar-ppps-de-iluminacao-publica\/\"},\"author\":{\"name\":\"Rodrigo Zuquim\",\"@id\":\"https:\/\/agenciainfra.com\/blog\/#\/schema\/person\/04dbb79bd6d8951f063da71f3e4c1eb1\"},\"headline\":\"ANEEL publica nova resolu\u00e7\u00e3o para incentivar PPPs de ilumina\u00e7\u00e3o p\u00fablica\",\"datePublished\":\"2020-07-09T10:38:22+00:00\",\"dateModified\":\"2020-07-09T10:38:28+00:00\",\"mainEntityOfPage\":{\"@id\":\"https:\/\/agenciainfra.com\/blog\/aneel-publica-nova-resolucao-para-incentivar-ppps-de-iluminacao-publica\/\"},\"wordCount\":993,\"publisher\":{\"@id\":\"https:\/\/agenciainfra.com\/blog\/#organization\"},\"image\":{\"@id\":\"https:\/\/agenciainfra.com\/blog\/aneel-publica-nova-resolucao-para-incentivar-ppps-de-iluminacao-publica\/#primaryimage\"},\"thumbnailUrl\":\"https:\/\/agenciainfra.com\/blog\/wp-content\/uploads\/2020\/07\/iluminacao-publica-foto-ppi.jpeg\",\"keywords\":[\"ANEEL\",\"Camilo Fraga\",\"Cosip\",\"ilumina\u00e7\u00e3o p\u00fablica\",\"Marina Fochesato Cintra\",\"parceria p\u00fablico-privada\",\"PPP\",\"Resolu\u00e7\u00e3o Normativa 888\"],\"articleSection\":[\"Geral\",\"iNFRA Na Transi\u00e7\u00e3o\",\"iNFRAEnergia\"],\"inLanguage\":\"pt-BR\",\"copyrightYear\":\"2020\",\"copyrightHolder\":{\"@id\":\"https:\/\/agenciainfra.com\/blog\/#organization\"}},{\"@type\":\"WebPage\",\"@id\":\"https:\/\/agenciainfra.com\/blog\/aneel-publica-nova-resolucao-para-incentivar-ppps-de-iluminacao-publica\/\",\"url\":\"https:\/\/agenciainfra.com\/blog\/aneel-publica-nova-resolucao-para-incentivar-ppps-de-iluminacao-publica\/\",\"name\":\"ANEEL publica nova resolu\u00e7\u00e3o para incentivar PPPs de ilumina\u00e7\u00e3o p\u00fablica - Ag\u00eancia iNFRA\",\"isPartOf\":{\"@id\":\"https:\/\/agenciainfra.com\/blog\/#website\"},\"primaryImageOfPage\":{\"@id\":\"https:\/\/agenciainfra.com\/blog\/aneel-publica-nova-resolucao-para-incentivar-ppps-de-iluminacao-publica\/#primaryimage\"},\"image\":{\"@id\":\"https:\/\/agenciainfra.com\/blog\/aneel-publica-nova-resolucao-para-incentivar-ppps-de-iluminacao-publica\/#primaryimage\"},\"thumbnailUrl\":\"https:\/\/agenciainfra.com\/blog\/wp-content\/uploads\/2020\/07\/iluminacao-publica-foto-ppi.jpeg\",\"datePublished\":\"2020-07-09T10:38:22+00:00\",\"dateModified\":\"2020-07-09T10:38:28+00:00\",\"breadcrumb\":{\"@id\":\"https:\/\/agenciainfra.com\/blog\/aneel-publica-nova-resolucao-para-incentivar-ppps-de-iluminacao-publica\/#breadcrumb\"},\"inLanguage\":\"pt-BR\",\"potentialAction\":[{\"@type\":\"ReadAction\",\"target\":[\"https:\/\/agenciainfra.com\/blog\/aneel-publica-nova-resolucao-para-incentivar-ppps-de-iluminacao-publica\/\"]}]},{\"@type\":\"ImageObject\",\"inLanguage\":\"pt-BR\",\"@id\":\"https:\/\/agenciainfra.com\/blog\/aneel-publica-nova-resolucao-para-incentivar-ppps-de-iluminacao-publica\/#primaryimage\",\"url\":\"https:\/\/agenciainfra.com\/blog\/wp-content\/uploads\/2020\/07\/iluminacao-publica-foto-ppi.jpeg\",\"contentUrl\":\"https:\/\/agenciainfra.com\/blog\/wp-content\/uploads\/2020\/07\/iluminacao-publica-foto-ppi.jpeg\",\"width\":1280,\"height\":915,\"caption\":\"Foto: PPI\"},{\"@type\":\"BreadcrumbList\",\"@id\":\"https:\/\/agenciainfra.com\/blog\/aneel-publica-nova-resolucao-para-incentivar-ppps-de-iluminacao-publica\/#breadcrumb\",\"itemListElement\":[{\"@type\":\"ListItem\",\"position\":1,\"name\":\"In\u00edcio\",\"item\":\"https:\/\/agenciainfra.com\/blog\/\"},{\"@type\":\"ListItem\",\"position\":2,\"name\":\"ANEEL publica nova resolu\u00e7\u00e3o para incentivar PPPs de ilumina\u00e7\u00e3o p\u00fablica\"}]},{\"@type\":\"WebSite\",\"@id\":\"https:\/\/agenciainfra.com\/blog\/#website\",\"url\":\"https:\/\/agenciainfra.com\/blog\/\",\"name\":\"Ag\u00eancia iNFRA\",\"description\":\"Multiplataforma de informa\u00e7\u00e3o jornal\u00edstica refer\u00eancia na \u00e1rea de infraestrutura no Brasil!\",\"publisher\":{\"@id\":\"https:\/\/agenciainfra.com\/blog\/#organization\"},\"potentialAction\":[{\"@type\":\"SearchAction\",\"target\":{\"@type\":\"EntryPoint\",\"urlTemplate\":\"https:\/\/agenciainfra.com\/blog\/?s={search_term_string}\"},\"query-input\":{\"@type\":\"PropertyValueSpecification\",\"valueRequired\":true,\"valueName\":\"search_term_string\"}}],\"inLanguage\":\"pt-BR\"},{\"@type\":\"Organization\",\"@id\":\"https:\/\/agenciainfra.com\/blog\/#organization\",\"name\":\"Ag\u00eancia iNFRA\",\"url\":\"https:\/\/agenciainfra.com\/blog\/\",\"logo\":{\"@type\":\"ImageObject\",\"inLanguage\":\"pt-BR\",\"@id\":\"https:\/\/agenciainfra.com\/blog\/#\/schema\/logo\/image\/\",\"url\":\"https:\/\/agenciainfra.com\/blog\/wp-content\/uploads\/2023\/09\/iNFRA_5-e1761735885940.png\",\"contentUrl\":\"https:\/\/agenciainfra.com\/blog\/wp-content\/uploads\/2023\/09\/iNFRA_5-e1761735885940.png\",\"width\":1672,\"height\":454,\"caption\":\"Ag\u00eancia iNFRA\"},\"image\":{\"@id\":\"https:\/\/agenciainfra.com\/blog\/#\/schema\/logo\/image\/\"},\"sameAs\":[\"https:\/\/www.facebook.com\/ageninfra\",\"https:\/\/x.com\/agencia_infra\",\"https:\/\/www.linkedin.com\/company\/ag\u00eanciainfra\/\",\"https:\/\/www.instagram.com\/agenciainfra\/\"]},{\"@type\":\"Person\",\"@id\":\"https:\/\/agenciainfra.com\/blog\/#\/schema\/person\/04dbb79bd6d8951f063da71f3e4c1eb1\",\"name\":\"Rodrigo Zuquim\",\"image\":{\"@type\":\"ImageObject\",\"inLanguage\":\"pt-BR\",\"@id\":\"https:\/\/agenciainfra.com\/blog\/#\/schema\/person\/image\/\",\"url\":\"https:\/\/secure.gravatar.com\/avatar\/594abfe82761d620726242ff34ca472a705a4b97f16c790053a6b4c4035274d0?s=96&d=mm&r=g\",\"contentUrl\":\"https:\/\/secure.gravatar.com\/avatar\/594abfe82761d620726242ff34ca472a705a4b97f16c790053a6b4c4035274d0?s=96&d=mm&r=g\",\"caption\":\"Rodrigo Zuquim\"},\"url\":\"https:\/\/agenciainfra.com\/blog\/author\/rodrigo-zuquim\/\"}]}<\/script>\n<!-- \/ Yoast SEO Premium plugin. -->","yoast_head_json":{"title":"ANEEL publica nova resolu\u00e7\u00e3o para incentivar PPPs de ilumina\u00e7\u00e3o p\u00fablica - Ag\u00eancia iNFRA","robots":{"index":"index","follow":"follow","max-snippet":"max-snippet:-1","max-image-preview":"max-image-preview:large","max-video-preview":"max-video-preview:-1"},"canonical":"https:\/\/agenciainfra.com\/blog\/aneel-publica-nova-resolucao-para-incentivar-ppps-de-iluminacao-publica\/","og_locale":"pt_BR","og_type":"article","og_title":"ANEEL publica nova resolu\u00e7\u00e3o para incentivar PPPs de ilumina\u00e7\u00e3o p\u00fablica","og_description":"da Ag\u00eancia iNFRA Distribuidoras de energia ser\u00e3o proibidas de cobrar\u00a0taxas das prefeituras para arrecadar a Cosip (Contribui\u00e7\u00e3o para Custeio de\u00a0Ilumina\u00e7\u00e3o\u00a0P\u00fablica). Essa e outras altera\u00e7\u00f5es no fornecimento de energia para a ilumina\u00e7\u00e3o p\u00fablica poder\u00e3o levar a maior incentivo para a realiza\u00e7\u00e3o de PPPs\u00a0 (parcerias p\u00fablico-privadas) no setor. A proibi\u00e7\u00e3o\u00a0decorre de decis\u00e3o da diretoria da ANEEL (Ag\u00eancia [&hellip;]","og_url":"https:\/\/agenciainfra.com\/blog\/aneel-publica-nova-resolucao-para-incentivar-ppps-de-iluminacao-publica\/","og_site_name":"Ag\u00eancia iNFRA","article_publisher":"https:\/\/www.facebook.com\/ageninfra","article_published_time":"2020-07-09T10:38:22+00:00","article_modified_time":"2020-07-09T10:38:28+00:00","og_image":[{"width":1280,"height":915,"url":"https:\/\/agenciainfra.com\/blog\/wp-content\/uploads\/2020\/07\/iluminacao-publica-foto-ppi.jpeg","type":"image\/jpeg"}],"author":"Rodrigo Zuquim","twitter_card":"summary_large_image","twitter_creator":"@agencia_infra","twitter_site":"@agencia_infra","twitter_misc":{"Escrito por":"Rodrigo Zuquim","Est. tempo de leitura":"5 minutos"},"schema":{"@context":"https:\/\/schema.org","@graph":[{"@type":"Article","@id":"https:\/\/agenciainfra.com\/blog\/aneel-publica-nova-resolucao-para-incentivar-ppps-de-iluminacao-publica\/#article","isPartOf":{"@id":"https:\/\/agenciainfra.com\/blog\/aneel-publica-nova-resolucao-para-incentivar-ppps-de-iluminacao-publica\/"},"author":{"name":"Rodrigo Zuquim","@id":"https:\/\/agenciainfra.com\/blog\/#\/schema\/person\/04dbb79bd6d8951f063da71f3e4c1eb1"},"headline":"ANEEL publica nova resolu\u00e7\u00e3o para incentivar PPPs de ilumina\u00e7\u00e3o p\u00fablica","datePublished":"2020-07-09T10:38:22+00:00","dateModified":"2020-07-09T10:38:28+00:00","mainEntityOfPage":{"@id":"https:\/\/agenciainfra.com\/blog\/aneel-publica-nova-resolucao-para-incentivar-ppps-de-iluminacao-publica\/"},"wordCount":993,"publisher":{"@id":"https:\/\/agenciainfra.com\/blog\/#organization"},"image":{"@id":"https:\/\/agenciainfra.com\/blog\/aneel-publica-nova-resolucao-para-incentivar-ppps-de-iluminacao-publica\/#primaryimage"},"thumbnailUrl":"https:\/\/agenciainfra.com\/blog\/wp-content\/uploads\/2020\/07\/iluminacao-publica-foto-ppi.jpeg","keywords":["ANEEL","Camilo Fraga","Cosip","ilumina\u00e7\u00e3o p\u00fablica","Marina Fochesato Cintra","parceria p\u00fablico-privada","PPP","Resolu\u00e7\u00e3o Normativa 888"],"articleSection":["Geral","iNFRA Na Transi\u00e7\u00e3o","iNFRAEnergia"],"inLanguage":"pt-BR","copyrightYear":"2020","copyrightHolder":{"@id":"https:\/\/agenciainfra.com\/blog\/#organization"}},{"@type":"WebPage","@id":"https:\/\/agenciainfra.com\/blog\/aneel-publica-nova-resolucao-para-incentivar-ppps-de-iluminacao-publica\/","url":"https:\/\/agenciainfra.com\/blog\/aneel-publica-nova-resolucao-para-incentivar-ppps-de-iluminacao-publica\/","name":"ANEEL publica nova resolu\u00e7\u00e3o para incentivar PPPs de ilumina\u00e7\u00e3o p\u00fablica - Ag\u00eancia iNFRA","isPartOf":{"@id":"https:\/\/agenciainfra.com\/blog\/#website"},"primaryImageOfPage":{"@id":"https:\/\/agenciainfra.com\/blog\/aneel-publica-nova-resolucao-para-incentivar-ppps-de-iluminacao-publica\/#primaryimage"},"image":{"@id":"https:\/\/agenciainfra.com\/blog\/aneel-publica-nova-resolucao-para-incentivar-ppps-de-iluminacao-publica\/#primaryimage"},"thumbnailUrl":"https:\/\/agenciainfra.com\/blog\/wp-content\/uploads\/2020\/07\/iluminacao-publica-foto-ppi.jpeg","datePublished":"2020-07-09T10:38:22+00:00","dateModified":"2020-07-09T10:38:28+00:00","breadcrumb":{"@id":"https:\/\/agenciainfra.com\/blog\/aneel-publica-nova-resolucao-para-incentivar-ppps-de-iluminacao-publica\/#breadcrumb"},"inLanguage":"pt-BR","potentialAction":[{"@type":"ReadAction","target":["https:\/\/agenciainfra.com\/blog\/aneel-publica-nova-resolucao-para-incentivar-ppps-de-iluminacao-publica\/"]}]},{"@type":"ImageObject","inLanguage":"pt-BR","@id":"https:\/\/agenciainfra.com\/blog\/aneel-publica-nova-resolucao-para-incentivar-ppps-de-iluminacao-publica\/#primaryimage","url":"https:\/\/agenciainfra.com\/blog\/wp-content\/uploads\/2020\/07\/iluminacao-publica-foto-ppi.jpeg","contentUrl":"https:\/\/agenciainfra.com\/blog\/wp-content\/uploads\/2020\/07\/iluminacao-publica-foto-ppi.jpeg","width":1280,"height":915,"caption":"Foto: PPI"},{"@type":"BreadcrumbList","@id":"https:\/\/agenciainfra.com\/blog\/aneel-publica-nova-resolucao-para-incentivar-ppps-de-iluminacao-publica\/#breadcrumb","itemListElement":[{"@type":"ListItem","position":1,"name":"In\u00edcio","item":"https:\/\/agenciainfra.com\/blog\/"},{"@type":"ListItem","position":2,"name":"ANEEL publica nova resolu\u00e7\u00e3o para incentivar PPPs de ilumina\u00e7\u00e3o p\u00fablica"}]},{"@type":"WebSite","@id":"https:\/\/agenciainfra.com\/blog\/#website","url":"https:\/\/agenciainfra.com\/blog\/","name":"Ag\u00eancia iNFRA","description":"Multiplataforma de informa\u00e7\u00e3o jornal\u00edstica refer\u00eancia na \u00e1rea de infraestrutura no Brasil!","publisher":{"@id":"https:\/\/agenciainfra.com\/blog\/#organization"},"potentialAction":[{"@type":"SearchAction","target":{"@type":"EntryPoint","urlTemplate":"https:\/\/agenciainfra.com\/blog\/?s={search_term_string}"},"query-input":{"@type":"PropertyValueSpecification","valueRequired":true,"valueName":"search_term_string"}}],"inLanguage":"pt-BR"},{"@type":"Organization","@id":"https:\/\/agenciainfra.com\/blog\/#organization","name":"Ag\u00eancia iNFRA","url":"https:\/\/agenciainfra.com\/blog\/","logo":{"@type":"ImageObject","inLanguage":"pt-BR","@id":"https:\/\/agenciainfra.com\/blog\/#\/schema\/logo\/image\/","url":"https:\/\/agenciainfra.com\/blog\/wp-content\/uploads\/2023\/09\/iNFRA_5-e1761735885940.png","contentUrl":"https:\/\/agenciainfra.com\/blog\/wp-content\/uploads\/2023\/09\/iNFRA_5-e1761735885940.png","width":1672,"height":454,"caption":"Ag\u00eancia iNFRA"},"image":{"@id":"https:\/\/agenciainfra.com\/blog\/#\/schema\/logo\/image\/"},"sameAs":["https:\/\/www.facebook.com\/ageninfra","https:\/\/x.com\/agencia_infra","https:\/\/www.linkedin.com\/company\/ag\u00eanciainfra\/","https:\/\/www.instagram.com\/agenciainfra\/"]},{"@type":"Person","@id":"https:\/\/agenciainfra.com\/blog\/#\/schema\/person\/04dbb79bd6d8951f063da71f3e4c1eb1","name":"Rodrigo Zuquim","image":{"@type":"ImageObject","inLanguage":"pt-BR","@id":"https:\/\/agenciainfra.com\/blog\/#\/schema\/person\/image\/","url":"https:\/\/secure.gravatar.com\/avatar\/594abfe82761d620726242ff34ca472a705a4b97f16c790053a6b4c4035274d0?s=96&d=mm&r=g","contentUrl":"https:\/\/secure.gravatar.com\/avatar\/594abfe82761d620726242ff34ca472a705a4b97f16c790053a6b4c4035274d0?s=96&d=mm&r=g","caption":"Rodrigo Zuquim"},"url":"https:\/\/agenciainfra.com\/blog\/author\/rodrigo-zuquim\/"}]}},"_links":{"self":[{"href":"https:\/\/agenciainfra.com\/blog\/wp-json\/wp\/v2\/posts\/5355","targetHints":{"allow":["GET"]}}],"collection":[{"href":"https:\/\/agenciainfra.com\/blog\/wp-json\/wp\/v2\/posts"}],"about":[{"href":"https:\/\/agenciainfra.com\/blog\/wp-json\/wp\/v2\/types\/post"}],"author":[{"embeddable":true,"href":"https:\/\/agenciainfra.com\/blog\/wp-json\/wp\/v2\/users\/9"}],"replies":[{"embeddable":true,"href":"https:\/\/agenciainfra.com\/blog\/wp-json\/wp\/v2\/comments?post=5355"}],"version-history":[{"count":0,"href":"https:\/\/agenciainfra.com\/blog\/wp-json\/wp\/v2\/posts\/5355\/revisions"}],"wp:featuredmedia":[{"embeddable":true,"href":"https:\/\/agenciainfra.com\/blog\/wp-json\/wp\/v2\/media\/5356"}],"wp:attachment":[{"href":"https:\/\/agenciainfra.com\/blog\/wp-json\/wp\/v2\/media?parent=5355"}],"wp:term":[{"taxonomy":"category","embeddable":true,"href":"https:\/\/agenciainfra.com\/blog\/wp-json\/wp\/v2\/categories?post=5355"},{"taxonomy":"post_tag","embeddable":true,"href":"https:\/\/agenciainfra.com\/blog\/wp-json\/wp\/v2\/tags?post=5355"}],"curies":[{"name":"wp","href":"https:\/\/api.w.org\/{rel}","templated":true}]}}