{"id":5364,"date":"2020-07-12T08:00:00","date_gmt":"2020-07-12T11:00:00","guid":{"rendered":"https:\/\/www.agenciainfra.com\/blog\/?p=5364"},"modified":"2020-07-10T17:46:44","modified_gmt":"2020-07-10T20:46:44","slug":"pesquisa-mostra-cenarios-para-o-futuro-da-industria-da-infraestrutura","status":"publish","type":"post","link":"https:\/\/agenciainfra.com\/blog\/pesquisa-mostra-cenarios-para-o-futuro-da-industria-da-infraestrutura\/","title":{"rendered":"Pesquisa mostra cen\u00e1rios para o futuro da ind\u00fastria da infraestrutura"},"content":{"rendered":"\n<hr class=\"wp-block-separator\"\/>\n\n\n\n<p class=\"has-text-align-right\"><strong>Rodrigo Zuquim, da&nbsp;Ag\u00eancia iNFRA<\/strong><\/p>\n\n\n\n<p>O futuro da ind\u00fastria da infraestrutura pode ser marcado pela ascens\u00e3o de campe\u00f5es nacionais em um mundo multipolar e isolado; pelo avan\u00e7o acelerado da tecnologia em um mundo dominado por corpora\u00e7\u00f5es; ou pela remodela\u00e7\u00e3o do setor em um mundo no qual a sustentabilidade \u00e9 o crit\u00e9rio principal da tomada de decis\u00f5es.<br>&nbsp;<br>Esses s\u00e3o os tr\u00eas poss\u00edveis cen\u00e1rios estimados por 400 l\u00edderes da ind\u00fastria ao redor de 70 pa\u00edses \u2013 com todas as na\u00e7\u00f5es do G20 representadas \u2013 que responderam a uma pesquisa sobre as grandes tend\u00eancias que podem impactar o desenvolvimento da infraestrutura nos pr\u00f3ximos 30 anos, seus impactos, o grau de certeza sobre as dire\u00e7\u00f5es que v\u00e3o tomar e o n\u00edvel de preparo do setor para lidar com elas.<br>&nbsp;<br>O estudo, desenvolvido pelo GI Hub (Global Infrastructure Hub) com o apoio do F\u00f3rum Econ\u00f4mico Mundial e do Boston Consulting Group, envolveu integrantes de governos, organiza\u00e7\u00f5es internacionais, bancos multilaterais de desenvolvimento, empreiteiros e operadores, investidores privados, empresas de tecnologia, membros da academia e think tanks.&nbsp;<a href=\"https:\/\/agenciainfra.us14.list-manage.com\/track\/click?u=d460dd1bcf9ba0ae040e1fc0f&amp;id=5fce05d7fd&amp;e=c099169394\" target=\"_blank\" rel=\"noreferrer noopener\">Leia neste link<\/a>&nbsp;a \u00edntegra dos resultados com gr\u00e1ficos e informa\u00e7\u00f5es detalhadas.<br>&nbsp;<br>De acordo com o relat\u00f3rio, para a ind\u00fastria, fatores como a evolu\u00e7\u00e3o acelerada da tecnologia, a urbaniza\u00e7\u00e3o crescente, a mudan\u00e7a no comportamento dos consumidores, as altera\u00e7\u00f5es clim\u00e1ticas e o encolhimento dos retornos financeiros em um mundo de baixas taxas, considerando um contexto de imprevisibilidade no ambiente internacional, promovem rupturas profundas e de forma mais r\u00e1pida do que no passado. A esses desafios, soma-se ainda o problema permanente da falta de recursos para o financiamento do setor \u2013 cuja necessidade \u00e9 da ordem de US$ 15 trilh\u00f5es.<br>&nbsp;<br>Entre os resultados levantados, destaca-se a vis\u00e3o da ind\u00fastria sobre o ambiente internacional como uma das maiores fontes de incerteza. O setor n\u00e3o se sente preparado para lidar com as tend\u00eancias relacionadas \u00e0 geopol\u00edtica e regula\u00e7\u00e3o, assim como ao tema da sustentabilidade e da resili\u00eancia. Este \u00faltimo, para os participantes da pesquisa, deve causar grande impacto e, junto \u00e0s tend\u00eancias tecnol\u00f3gicas, est\u00e3o entre as maiores influ\u00eancias para o futuro da infraestrutura.<br>&nbsp;<br>Para a ind\u00fastria, o maior risco \u00e9 representado pela tend\u00eancia do aumento das mudan\u00e7as clim\u00e1ticas, e a maior oportunidade est\u00e1 na tend\u00eancia \u00e0 urbaniza\u00e7\u00e3o e ao crescimento populacional.<br>&nbsp;<br><strong>Parceria e coordena\u00e7\u00e3o<\/strong><br>O relat\u00f3rio destaca quatro pontos cruciais sobre os quais a ind\u00fastria da infraestrutura deve se debru\u00e7ar de modo a se preparar para o futuro:<br><br>&#8211; a necessidade de uma melhor coordena\u00e7\u00e3o entre os atores do setor, com modelos de neg\u00f3cios ancorados na parceria;<br>&#8211; o crescente papel dos dados nos setores de infraestrutura, fonte de tens\u00e3o competitiva em todos os cen\u00e1rios;<br>&#8211; as mudan\u00e7as que o setor ter\u00e1 de encarar ao passo que a ind\u00fastria 4.0 remodela cadeias e processos de valor industrial;<br>&#8211; e a uni\u00e3o de esfor\u00e7os entre governo e setor privado para garantir uma infraestrutura inclusiva, que atenda \u00e0 sociedade equitativamente e proteja o meio-ambiente.<\/p>\n","protected":false},"excerpt":{"rendered":"<p>Rodrigo Zuquim, da&nbsp;Ag\u00eancia iNFRA O futuro da ind\u00fastria da infraestrutura pode ser marcado pela ascens\u00e3o de campe\u00f5es nacionais em um mundo multipolar e isolado; pelo avan\u00e7o acelerado da tecnologia em um mundo dominado por corpora\u00e7\u00f5es; ou pela remodela\u00e7\u00e3o do setor em um mundo no qual a sustentabilidade \u00e9 o crit\u00e9rio principal da tomada de decis\u00f5es.&nbsp;Esses [&hellip;]<\/p>\n","protected":false},"author":9,"featured_media":5365,"comment_status":"closed","ping_status":"closed","sticky":false,"template":"","format":"standard","meta":{"_monsterinsights_skip_tracking":false,"_monsterinsights_sitenote_active":false,"_monsterinsights_sitenote_note":"","_monsterinsights_sitenote_category":0,"footnotes":""},"categories":[1,7],"tags":[968,34,1573,1568,2253],"class_list":["post-5364","post","type-post","status-publish","format-standard","has-post-thumbnail","hentry","category-geral","category-infratransporte","tag-gi-hub","tag-infraestrutura","tag-sustentabilidade","tag-tecnologia","tag-urbanizacao"],"yoast_head":"<!-- This site is optimized with the Yoast SEO Premium plugin v25.4 (Yoast SEO v26.0) - https:\/\/yoast.com\/wordpress\/plugins\/seo\/ -->\n<title>Pesquisa mostra cen\u00e1rios para o futuro da ind\u00fastria da infraestrutura - Ag\u00eancia iNFRA<\/title>\n<meta name=\"robots\" content=\"index, follow, max-snippet:-1, max-image-preview:large, max-video-preview:-1\" \/>\n<link rel=\"canonical\" href=\"https:\/\/agenciainfra.com\/blog\/pesquisa-mostra-cenarios-para-o-futuro-da-industria-da-infraestrutura\/\" \/>\n<meta property=\"og:locale\" content=\"pt_BR\" \/>\n<meta property=\"og:type\" content=\"article\" \/>\n<meta property=\"og:title\" content=\"Pesquisa mostra cen\u00e1rios para o futuro da ind\u00fastria da infraestrutura\" \/>\n<meta property=\"og:description\" content=\"Rodrigo Zuquim, da&nbsp;Ag\u00eancia iNFRA O futuro da ind\u00fastria da infraestrutura pode ser marcado pela ascens\u00e3o de campe\u00f5es nacionais em um mundo multipolar e isolado; pelo avan\u00e7o acelerado da tecnologia em um mundo dominado por corpora\u00e7\u00f5es; ou pela remodela\u00e7\u00e3o do setor em um mundo no qual a sustentabilidade \u00e9 o crit\u00e9rio principal da tomada de decis\u00f5es.&nbsp;Esses [&hellip;]\" \/>\n<meta property=\"og:url\" content=\"https:\/\/agenciainfra.com\/blog\/pesquisa-mostra-cenarios-para-o-futuro-da-industria-da-infraestrutura\/\" \/>\n<meta property=\"og:site_name\" content=\"Ag\u00eancia iNFRA\" \/>\n<meta property=\"article:publisher\" content=\"https:\/\/www.facebook.com\/ageninfra\" \/>\n<meta property=\"article:published_time\" content=\"2020-07-12T11:00:00+00:00\" \/>\n<meta property=\"og:image\" content=\"https:\/\/agenciainfra.com\/blog\/wp-content\/uploads\/2020\/07\/arquitetura-foto-dominio-publico.jpg\" \/>\n\t<meta property=\"og:image:width\" content=\"1280\" \/>\n\t<meta property=\"og:image:height\" content=\"853\" \/>\n\t<meta property=\"og:image:type\" content=\"image\/jpeg\" \/>\n<meta name=\"author\" content=\"Rodrigo Zuquim\" \/>\n<meta name=\"twitter:card\" content=\"summary_large_image\" \/>\n<meta name=\"twitter:creator\" content=\"@agencia_infra\" \/>\n<meta name=\"twitter:site\" content=\"@agencia_infra\" \/>\n<meta name=\"twitter:label1\" content=\"Escrito por\" \/>\n\t<meta name=\"twitter:data1\" content=\"Rodrigo Zuquim\" \/>\n\t<meta name=\"twitter:label2\" content=\"Est. tempo de leitura\" \/>\n\t<meta name=\"twitter:data2\" content=\"3 minutos\" \/>\n<script type=\"application\/ld+json\" class=\"yoast-schema-graph\">{\"@context\":\"https:\/\/schema.org\",\"@graph\":[{\"@type\":\"Article\",\"@id\":\"https:\/\/agenciainfra.com\/blog\/pesquisa-mostra-cenarios-para-o-futuro-da-industria-da-infraestrutura\/#article\",\"isPartOf\":{\"@id\":\"https:\/\/agenciainfra.com\/blog\/pesquisa-mostra-cenarios-para-o-futuro-da-industria-da-infraestrutura\/\"},\"author\":{\"name\":\"Rodrigo Zuquim\",\"@id\":\"https:\/\/agenciainfra.com\/blog\/#\/schema\/person\/04dbb79bd6d8951f063da71f3e4c1eb1\"},\"headline\":\"Pesquisa mostra cen\u00e1rios para o futuro da ind\u00fastria da infraestrutura\",\"datePublished\":\"2020-07-12T11:00:00+00:00\",\"mainEntityOfPage\":{\"@id\":\"https:\/\/agenciainfra.com\/blog\/pesquisa-mostra-cenarios-para-o-futuro-da-industria-da-infraestrutura\/\"},\"wordCount\":550,\"publisher\":{\"@id\":\"https:\/\/agenciainfra.com\/blog\/#organization\"},\"image\":{\"@id\":\"https:\/\/agenciainfra.com\/blog\/pesquisa-mostra-cenarios-para-o-futuro-da-industria-da-infraestrutura\/#primaryimage\"},\"thumbnailUrl\":\"https:\/\/agenciainfra.com\/blog\/wp-content\/uploads\/2020\/07\/arquitetura-foto-dominio-publico.jpg\",\"keywords\":[\"GI Hub\",\"Infraestrutura\",\"sustentabilidade\",\"tecnologia\",\"urbaniza\u00e7\u00e3o\"],\"articleSection\":[\"Geral\",\"iNFRATransporte\"],\"inLanguage\":\"pt-BR\",\"copyrightYear\":\"2020\",\"copyrightHolder\":{\"@id\":\"https:\/\/agenciainfra.com\/blog\/#organization\"}},{\"@type\":\"WebPage\",\"@id\":\"https:\/\/agenciainfra.com\/blog\/pesquisa-mostra-cenarios-para-o-futuro-da-industria-da-infraestrutura\/\",\"url\":\"https:\/\/agenciainfra.com\/blog\/pesquisa-mostra-cenarios-para-o-futuro-da-industria-da-infraestrutura\/\",\"name\":\"Pesquisa mostra cen\u00e1rios para o futuro da ind\u00fastria da infraestrutura - Ag\u00eancia iNFRA\",\"isPartOf\":{\"@id\":\"https:\/\/agenciainfra.com\/blog\/#website\"},\"primaryImageOfPage\":{\"@id\":\"https:\/\/agenciainfra.com\/blog\/pesquisa-mostra-cenarios-para-o-futuro-da-industria-da-infraestrutura\/#primaryimage\"},\"image\":{\"@id\":\"https:\/\/agenciainfra.com\/blog\/pesquisa-mostra-cenarios-para-o-futuro-da-industria-da-infraestrutura\/#primaryimage\"},\"thumbnailUrl\":\"https:\/\/agenciainfra.com\/blog\/wp-content\/uploads\/2020\/07\/arquitetura-foto-dominio-publico.jpg\",\"datePublished\":\"2020-07-12T11:00:00+00:00\",\"breadcrumb\":{\"@id\":\"https:\/\/agenciainfra.com\/blog\/pesquisa-mostra-cenarios-para-o-futuro-da-industria-da-infraestrutura\/#breadcrumb\"},\"inLanguage\":\"pt-BR\",\"potentialAction\":[{\"@type\":\"ReadAction\",\"target\":[\"https:\/\/agenciainfra.com\/blog\/pesquisa-mostra-cenarios-para-o-futuro-da-industria-da-infraestrutura\/\"]}]},{\"@type\":\"ImageObject\",\"inLanguage\":\"pt-BR\",\"@id\":\"https:\/\/agenciainfra.com\/blog\/pesquisa-mostra-cenarios-para-o-futuro-da-industria-da-infraestrutura\/#primaryimage\",\"url\":\"https:\/\/agenciainfra.com\/blog\/wp-content\/uploads\/2020\/07\/arquitetura-foto-dominio-publico.jpg\",\"contentUrl\":\"https:\/\/agenciainfra.com\/blog\/wp-content\/uploads\/2020\/07\/arquitetura-foto-dominio-publico.jpg\",\"width\":1280,\"height\":853},{\"@type\":\"BreadcrumbList\",\"@id\":\"https:\/\/agenciainfra.com\/blog\/pesquisa-mostra-cenarios-para-o-futuro-da-industria-da-infraestrutura\/#breadcrumb\",\"itemListElement\":[{\"@type\":\"ListItem\",\"position\":1,\"name\":\"In\u00edcio\",\"item\":\"https:\/\/agenciainfra.com\/blog\/\"},{\"@type\":\"ListItem\",\"position\":2,\"name\":\"Pesquisa mostra cen\u00e1rios para o futuro da ind\u00fastria da infraestrutura\"}]},{\"@type\":\"WebSite\",\"@id\":\"https:\/\/agenciainfra.com\/blog\/#website\",\"url\":\"https:\/\/agenciainfra.com\/blog\/\",\"name\":\"Ag\u00eancia iNFRA\",\"description\":\"Multiplataforma de informa\u00e7\u00e3o jornal\u00edstica refer\u00eancia na \u00e1rea de infraestrutura no Brasil!\",\"publisher\":{\"@id\":\"https:\/\/agenciainfra.com\/blog\/#organization\"},\"potentialAction\":[{\"@type\":\"SearchAction\",\"target\":{\"@type\":\"EntryPoint\",\"urlTemplate\":\"https:\/\/agenciainfra.com\/blog\/?s={search_term_string}\"},\"query-input\":{\"@type\":\"PropertyValueSpecification\",\"valueRequired\":true,\"valueName\":\"search_term_string\"}}],\"inLanguage\":\"pt-BR\"},{\"@type\":\"Organization\",\"@id\":\"https:\/\/agenciainfra.com\/blog\/#organization\",\"name\":\"Ag\u00eancia iNFRA\",\"url\":\"https:\/\/agenciainfra.com\/blog\/\",\"logo\":{\"@type\":\"ImageObject\",\"inLanguage\":\"pt-BR\",\"@id\":\"https:\/\/agenciainfra.com\/blog\/#\/schema\/logo\/image\/\",\"url\":\"https:\/\/agenciainfra.com\/blog\/wp-content\/uploads\/2023\/09\/iNFRA_5-e1761735885940.png\",\"contentUrl\":\"https:\/\/agenciainfra.com\/blog\/wp-content\/uploads\/2023\/09\/iNFRA_5-e1761735885940.png\",\"width\":1672,\"height\":454,\"caption\":\"Ag\u00eancia iNFRA\"},\"image\":{\"@id\":\"https:\/\/agenciainfra.com\/blog\/#\/schema\/logo\/image\/\"},\"sameAs\":[\"https:\/\/www.facebook.com\/ageninfra\",\"https:\/\/x.com\/agencia_infra\",\"https:\/\/www.linkedin.com\/company\/ag\u00eanciainfra\/\",\"https:\/\/www.instagram.com\/agenciainfra\/\"]},{\"@type\":\"Person\",\"@id\":\"https:\/\/agenciainfra.com\/blog\/#\/schema\/person\/04dbb79bd6d8951f063da71f3e4c1eb1\",\"name\":\"Rodrigo Zuquim\",\"image\":{\"@type\":\"ImageObject\",\"inLanguage\":\"pt-BR\",\"@id\":\"https:\/\/agenciainfra.com\/blog\/#\/schema\/person\/image\/\",\"url\":\"https:\/\/secure.gravatar.com\/avatar\/594abfe82761d620726242ff34ca472a705a4b97f16c790053a6b4c4035274d0?s=96&d=mm&r=g\",\"contentUrl\":\"https:\/\/secure.gravatar.com\/avatar\/594abfe82761d620726242ff34ca472a705a4b97f16c790053a6b4c4035274d0?s=96&d=mm&r=g\",\"caption\":\"Rodrigo Zuquim\"},\"url\":\"https:\/\/agenciainfra.com\/blog\/author\/rodrigo-zuquim\/\"}]}<\/script>\n<!-- \/ Yoast SEO Premium plugin. -->","yoast_head_json":{"title":"Pesquisa mostra cen\u00e1rios para o futuro da ind\u00fastria da infraestrutura - Ag\u00eancia iNFRA","robots":{"index":"index","follow":"follow","max-snippet":"max-snippet:-1","max-image-preview":"max-image-preview:large","max-video-preview":"max-video-preview:-1"},"canonical":"https:\/\/agenciainfra.com\/blog\/pesquisa-mostra-cenarios-para-o-futuro-da-industria-da-infraestrutura\/","og_locale":"pt_BR","og_type":"article","og_title":"Pesquisa mostra cen\u00e1rios para o futuro da ind\u00fastria da infraestrutura","og_description":"Rodrigo Zuquim, da&nbsp;Ag\u00eancia iNFRA O futuro da ind\u00fastria da infraestrutura pode ser marcado pela ascens\u00e3o de campe\u00f5es nacionais em um mundo multipolar e isolado; pelo avan\u00e7o acelerado da tecnologia em um mundo dominado por corpora\u00e7\u00f5es; ou pela remodela\u00e7\u00e3o do setor em um mundo no qual a sustentabilidade \u00e9 o crit\u00e9rio principal da tomada de decis\u00f5es.&nbsp;Esses [&hellip;]","og_url":"https:\/\/agenciainfra.com\/blog\/pesquisa-mostra-cenarios-para-o-futuro-da-industria-da-infraestrutura\/","og_site_name":"Ag\u00eancia iNFRA","article_publisher":"https:\/\/www.facebook.com\/ageninfra","article_published_time":"2020-07-12T11:00:00+00:00","og_image":[{"width":1280,"height":853,"url":"https:\/\/agenciainfra.com\/blog\/wp-content\/uploads\/2020\/07\/arquitetura-foto-dominio-publico.jpg","type":"image\/jpeg"}],"author":"Rodrigo Zuquim","twitter_card":"summary_large_image","twitter_creator":"@agencia_infra","twitter_site":"@agencia_infra","twitter_misc":{"Escrito por":"Rodrigo Zuquim","Est. tempo de leitura":"3 minutos"},"schema":{"@context":"https:\/\/schema.org","@graph":[{"@type":"Article","@id":"https:\/\/agenciainfra.com\/blog\/pesquisa-mostra-cenarios-para-o-futuro-da-industria-da-infraestrutura\/#article","isPartOf":{"@id":"https:\/\/agenciainfra.com\/blog\/pesquisa-mostra-cenarios-para-o-futuro-da-industria-da-infraestrutura\/"},"author":{"name":"Rodrigo Zuquim","@id":"https:\/\/agenciainfra.com\/blog\/#\/schema\/person\/04dbb79bd6d8951f063da71f3e4c1eb1"},"headline":"Pesquisa mostra cen\u00e1rios para o futuro da ind\u00fastria da infraestrutura","datePublished":"2020-07-12T11:00:00+00:00","mainEntityOfPage":{"@id":"https:\/\/agenciainfra.com\/blog\/pesquisa-mostra-cenarios-para-o-futuro-da-industria-da-infraestrutura\/"},"wordCount":550,"publisher":{"@id":"https:\/\/agenciainfra.com\/blog\/#organization"},"image":{"@id":"https:\/\/agenciainfra.com\/blog\/pesquisa-mostra-cenarios-para-o-futuro-da-industria-da-infraestrutura\/#primaryimage"},"thumbnailUrl":"https:\/\/agenciainfra.com\/blog\/wp-content\/uploads\/2020\/07\/arquitetura-foto-dominio-publico.jpg","keywords":["GI Hub","Infraestrutura","sustentabilidade","tecnologia","urbaniza\u00e7\u00e3o"],"articleSection":["Geral","iNFRATransporte"],"inLanguage":"pt-BR","copyrightYear":"2020","copyrightHolder":{"@id":"https:\/\/agenciainfra.com\/blog\/#organization"}},{"@type":"WebPage","@id":"https:\/\/agenciainfra.com\/blog\/pesquisa-mostra-cenarios-para-o-futuro-da-industria-da-infraestrutura\/","url":"https:\/\/agenciainfra.com\/blog\/pesquisa-mostra-cenarios-para-o-futuro-da-industria-da-infraestrutura\/","name":"Pesquisa mostra cen\u00e1rios para o futuro da ind\u00fastria da infraestrutura - Ag\u00eancia iNFRA","isPartOf":{"@id":"https:\/\/agenciainfra.com\/blog\/#website"},"primaryImageOfPage":{"@id":"https:\/\/agenciainfra.com\/blog\/pesquisa-mostra-cenarios-para-o-futuro-da-industria-da-infraestrutura\/#primaryimage"},"image":{"@id":"https:\/\/agenciainfra.com\/blog\/pesquisa-mostra-cenarios-para-o-futuro-da-industria-da-infraestrutura\/#primaryimage"},"thumbnailUrl":"https:\/\/agenciainfra.com\/blog\/wp-content\/uploads\/2020\/07\/arquitetura-foto-dominio-publico.jpg","datePublished":"2020-07-12T11:00:00+00:00","breadcrumb":{"@id":"https:\/\/agenciainfra.com\/blog\/pesquisa-mostra-cenarios-para-o-futuro-da-industria-da-infraestrutura\/#breadcrumb"},"inLanguage":"pt-BR","potentialAction":[{"@type":"ReadAction","target":["https:\/\/agenciainfra.com\/blog\/pesquisa-mostra-cenarios-para-o-futuro-da-industria-da-infraestrutura\/"]}]},{"@type":"ImageObject","inLanguage":"pt-BR","@id":"https:\/\/agenciainfra.com\/blog\/pesquisa-mostra-cenarios-para-o-futuro-da-industria-da-infraestrutura\/#primaryimage","url":"https:\/\/agenciainfra.com\/blog\/wp-content\/uploads\/2020\/07\/arquitetura-foto-dominio-publico.jpg","contentUrl":"https:\/\/agenciainfra.com\/blog\/wp-content\/uploads\/2020\/07\/arquitetura-foto-dominio-publico.jpg","width":1280,"height":853},{"@type":"BreadcrumbList","@id":"https:\/\/agenciainfra.com\/blog\/pesquisa-mostra-cenarios-para-o-futuro-da-industria-da-infraestrutura\/#breadcrumb","itemListElement":[{"@type":"ListItem","position":1,"name":"In\u00edcio","item":"https:\/\/agenciainfra.com\/blog\/"},{"@type":"ListItem","position":2,"name":"Pesquisa mostra cen\u00e1rios para o futuro da ind\u00fastria da infraestrutura"}]},{"@type":"WebSite","@id":"https:\/\/agenciainfra.com\/blog\/#website","url":"https:\/\/agenciainfra.com\/blog\/","name":"Ag\u00eancia iNFRA","description":"Multiplataforma de informa\u00e7\u00e3o jornal\u00edstica refer\u00eancia na \u00e1rea de infraestrutura no Brasil!","publisher":{"@id":"https:\/\/agenciainfra.com\/blog\/#organization"},"potentialAction":[{"@type":"SearchAction","target":{"@type":"EntryPoint","urlTemplate":"https:\/\/agenciainfra.com\/blog\/?s={search_term_string}"},"query-input":{"@type":"PropertyValueSpecification","valueRequired":true,"valueName":"search_term_string"}}],"inLanguage":"pt-BR"},{"@type":"Organization","@id":"https:\/\/agenciainfra.com\/blog\/#organization","name":"Ag\u00eancia iNFRA","url":"https:\/\/agenciainfra.com\/blog\/","logo":{"@type":"ImageObject","inLanguage":"pt-BR","@id":"https:\/\/agenciainfra.com\/blog\/#\/schema\/logo\/image\/","url":"https:\/\/agenciainfra.com\/blog\/wp-content\/uploads\/2023\/09\/iNFRA_5-e1761735885940.png","contentUrl":"https:\/\/agenciainfra.com\/blog\/wp-content\/uploads\/2023\/09\/iNFRA_5-e1761735885940.png","width":1672,"height":454,"caption":"Ag\u00eancia iNFRA"},"image":{"@id":"https:\/\/agenciainfra.com\/blog\/#\/schema\/logo\/image\/"},"sameAs":["https:\/\/www.facebook.com\/ageninfra","https:\/\/x.com\/agencia_infra","https:\/\/www.linkedin.com\/company\/ag\u00eanciainfra\/","https:\/\/www.instagram.com\/agenciainfra\/"]},{"@type":"Person","@id":"https:\/\/agenciainfra.com\/blog\/#\/schema\/person\/04dbb79bd6d8951f063da71f3e4c1eb1","name":"Rodrigo Zuquim","image":{"@type":"ImageObject","inLanguage":"pt-BR","@id":"https:\/\/agenciainfra.com\/blog\/#\/schema\/person\/image\/","url":"https:\/\/secure.gravatar.com\/avatar\/594abfe82761d620726242ff34ca472a705a4b97f16c790053a6b4c4035274d0?s=96&d=mm&r=g","contentUrl":"https:\/\/secure.gravatar.com\/avatar\/594abfe82761d620726242ff34ca472a705a4b97f16c790053a6b4c4035274d0?s=96&d=mm&r=g","caption":"Rodrigo Zuquim"},"url":"https:\/\/agenciainfra.com\/blog\/author\/rodrigo-zuquim\/"}]}},"_links":{"self":[{"href":"https:\/\/agenciainfra.com\/blog\/wp-json\/wp\/v2\/posts\/5364","targetHints":{"allow":["GET"]}}],"collection":[{"href":"https:\/\/agenciainfra.com\/blog\/wp-json\/wp\/v2\/posts"}],"about":[{"href":"https:\/\/agenciainfra.com\/blog\/wp-json\/wp\/v2\/types\/post"}],"author":[{"embeddable":true,"href":"https:\/\/agenciainfra.com\/blog\/wp-json\/wp\/v2\/users\/9"}],"replies":[{"embeddable":true,"href":"https:\/\/agenciainfra.com\/blog\/wp-json\/wp\/v2\/comments?post=5364"}],"version-history":[{"count":0,"href":"https:\/\/agenciainfra.com\/blog\/wp-json\/wp\/v2\/posts\/5364\/revisions"}],"wp:featuredmedia":[{"embeddable":true,"href":"https:\/\/agenciainfra.com\/blog\/wp-json\/wp\/v2\/media\/5365"}],"wp:attachment":[{"href":"https:\/\/agenciainfra.com\/blog\/wp-json\/wp\/v2\/media?parent=5364"}],"wp:term":[{"taxonomy":"category","embeddable":true,"href":"https:\/\/agenciainfra.com\/blog\/wp-json\/wp\/v2\/categories?post=5364"},{"taxonomy":"post_tag","embeddable":true,"href":"https:\/\/agenciainfra.com\/blog\/wp-json\/wp\/v2\/tags?post=5364"}],"curies":[{"name":"wp","href":"https:\/\/api.w.org\/{rel}","templated":true}]}}