{"id":5371,"date":"2020-07-11T13:00:00","date_gmt":"2020-07-11T16:00:00","guid":{"rendered":"https:\/\/www.agenciainfra.com\/blog\/?p=5371"},"modified":"2020-07-10T18:38:13","modified_gmt":"2020-07-10T21:38:13","slug":"infradebate-ha-um-balanco-ideal-entre-intervencionismo-regulatorio-e-liberalismo-economico","status":"publish","type":"post","link":"https:\/\/agenciainfra.com\/blog\/infradebate-ha-um-balanco-ideal-entre-intervencionismo-regulatorio-e-liberalismo-economico\/","title":{"rendered":"iNFRADebate: H\u00e1 um balan\u00e7o ideal entre intervencionismo regulat\u00f3rio e liberalismo econ\u00f4mico?"},"content":{"rendered":"\n<p class=\"has-text-align-right\"><strong>Daniel Steffens G. Nogueira*<\/strong><\/p>\n\n\n\n<p>A introdu\u00e7\u00e3o deste artigo, inescapavelmente, far\u00e1 um breve coment\u00e1rio sobre as medidas de enfrentamento da pandemia aplicadas ao setor el\u00e9trico, as quais, embora tenham suscitado muitas opini\u00f5es (ora divergentes), aparentam ter sido bem recepcionadas pela comunidade t\u00e9cnica\/especializada.<\/p>\n\n\n\n<p>Uma vez que o isolamento social vem afetando intensamente as atividades econ\u00f4micas e o consumo de energia el\u00e9trica, o Governo Federal editou a Medida Provis\u00f3ria 950\/2020 (que determinou a cria\u00e7\u00e3o da Conta-Covid) com o cond\u00e3o de prover liquidez para a cadeia setorial, por meio de uma opera\u00e7\u00e3o especial de cr\u00e9dito. A referida MP foi regulamentada pelo Decreto 10.350\/2020 e o regulador deu o contorno normativo ao expediente com a edi\u00e7\u00e3o da Resolu\u00e7\u00e3o 885\/2020.<\/p>\n\n\n\n<p>Assim, todos os pilares de concerta\u00e7\u00e3o do arranjo operacional foram bem delineados: desde ter se valido o regulador da estrutura de encargo da CDE (promovendo maior garantia aos <em>Lender Banks<\/em>), passando pela atual taxa de juros do mercado (baixa hist\u00f3rica), bem como a escolha da gestora CCEE (C\u00e2mara de Comercializa\u00e7\u00e3o de Energia), que tem elevada expertise nesse \u00e2mbito \u2013 ela organizar\u00e1 os fluxos financeiros para promover o <em>buffer<\/em> tarif\u00e1rio nas distribuidoras nessas transa\u00e7\u00f5es.\u00a0\u00a0<\/p>\n\n\n\n<p>Mas n\u00e3o nos esque\u00e7amos: como bem salientado pelo diretor-geral da ANEEL em diversas oportunidades, a inje\u00e7\u00e3o de liquidez propiciada pela opera\u00e7\u00e3o pretendeu endere\u00e7ar uma quest\u00e3o conjuntural. Essa ressalva \u00e9 importante para que se possa trazer o contraponto, na medida em que se abordar\u00e1 quest\u00f5es estruturais adiante. Sigamos.\u00a0<\/p>\n\n\n\n<p>Temos exemplificado, a partir desse caso, que a regula\u00e7\u00e3o promovida pelo Estado caminha muito bem com este escopo: na elabora\u00e7\u00e3o de comandos que, como vimos, afiguraram-se como emergenciais, pontuais e de enfrentamento. Desse modo, ao se promover a defesa do liberalismo econ\u00f4mico (nos par\u00e1grafos logo abaixo), isso n\u00e3o significar\u00e1 postular contra o Estado; mas sim, a favor da interven\u00e7\u00e3o estatal focada em emanar diretrizes p\u00fablicas gerais e difusas, compliance regulat\u00f3rio e fiscaliza\u00e7\u00e3o dos abusos de poder econ\u00f4mico de agentes. Nada mais.<\/p>\n\n\n\n<p>Todas essas assertivas iniciais se fazem necess\u00e1rias, pois se nota que uma s\u00e9rie de cr\u00edticos da Conta-Covid emitiram seus julgamentos voltados para circunst\u00e2ncias inerentes \u00e0 modelagem setorial. Ent\u00e3o, conv\u00e9m a modula\u00e7\u00e3o.<\/p>\n\n\n\n<p>H\u00e1 certa impropriedade nesse tipo de exame, pois, conquanto o provimento regulat\u00f3rio se prop\u00f4s a endere\u00e7ar financiabilidade (conjuntura), as cr\u00edticas que aviltaram os subs\u00eddios cruzados, a assimetria alocativa entre o ACR e o ACL e tantas outras desse g\u00eanero \u2013 embora tenham atacado problemas leg\u00edtimos \u2013 deveriam ser dirigidas a quest\u00f5es estruturais.\u00a0\u00a0\u00a0\u00a0\u00a0<\/p>\n\n\n\n<p>Da\u00ed desponta a premente necessidade para que a agenda de moderniza\u00e7\u00e3o setorial \u2013 que, diga-se de passagem, vem sendo defendida com altivez pelo MME (Minist\u00e9rio de Minas e Energia) \u2013 retome protagonismo, especialmente no que toca \u00e0s quest\u00f5es de abertura do mercado.\u00a0<\/p>\n\n\n\n<p>N\u00e3o \u00e9 demasiado ilustrar que, no Brasil, secularmente, carreamos o end\u00eamico problema de uma m\u00e1quina estatal <strong>PPP <\/strong>(paquid\u00e9rmica, paternalista e perdul\u00e1ria), que desemboca num aparato burocr\u00e1tico descomunal e tributa\u00e7\u00e3o exorbitante. Esse paradigma suplica por simplifica\u00e7\u00e3o normativa e cria\u00e7\u00e3o de ambiente fluido de neg\u00f3cios se quisermos prosperar.\u00a0\u00a0<\/p>\n\n\n\n<p>Pelo tanto, apenas tangenciando a representativa import\u00e2ncia do pre\u00e7o hor\u00e1rio (tendente a granularidades ainda mais finas) e da separa\u00e7\u00e3o de lastro e energia, enfoca-se, por ora \u2013 para devida amarra\u00e7\u00e3o com os par\u00e1grafos iniciais \u2013, na atribui\u00e7\u00e3o das distribuidoras como ente basilar no losango setorial (G, T, D e C).\u00a0<\/p>\n\n\n\n<p>\u00c9 cedi\u00e7o que a ind\u00fastria da eletricidade nacional n\u00e3o foi completamente desverticalizada, mantendo-se a conjuga\u00e7\u00e3o das atividades de distribui\u00e7\u00e3o e comercializa\u00e7\u00e3o para os consumidores menores sob monop\u00f3lio dos agentes de distribui\u00e7\u00e3o. Por conseguinte, segundo essa premissa de <em>design<\/em>, h\u00e1 concentra\u00e7\u00e3o de riscos de contrata\u00e7\u00e3o de energia nessas concession\u00e1rias.&nbsp;<\/p>\n\n\n\n<p>Urge, dessa feita, separar as atividades de &#8220;fio\/transporte&#8221; das atividades de comercializa\u00e7\u00e3o de energia nas distribuidoras, robustecer a liberaliza\u00e7\u00e3o do mercado e afastar gradativamente os mecanismos que promovem o repasse financeiro excessivo (na forma de defici\u00eancia alocativa) que, inexoravelmente, terminam por onerar os consumidores cativos.&nbsp;<\/p>\n\n\n\n<p>Relembremo-nos: n\u00e3o se questiona que o modelo de leil\u00f5es que se consolidou a partir de 2004 foi fundamental para assegurar a confiabilidade sist\u00eamica e constituiu elemento fundamental do vetor expansionista. Ademais, toda financiabilidade setorial (bancos de fomento) que se arregimentou no entorno dessa fei\u00e7\u00e3o foi exitosa. Isso \u00e9 um ponto pac\u00edfico.\u00a0\u00a0<\/p>\n\n\n\n<p>Por outro lado, \u00e9 incontest\u00e1vel que o avan\u00e7o tecnol\u00f3gico, a penetra\u00e7\u00e3o das renov\u00e1veis na matriz e o <em>benchmarking<\/em> em rela\u00e7\u00e3o aos modelos mais liberalizados ao redor do mundo nos oferecem um sinal dif\u00edcil de ser ignorado.&nbsp;&nbsp;<\/p>\n\n\n\n<p>\u00c9 inadi\u00e1vel a mitiga\u00e7\u00e3o de monop\u00f3lios, a reformula\u00e7\u00e3o da m\u00e1-forma\u00e7\u00e3o de pre\u00e7os (pre\u00e7o por modelo a ser substitu\u00eddo por<em> bids<\/em> de gera\u00e7\u00e3o), a intensifica\u00e7\u00e3o da concorr\u00eancia e desmonte de uma s\u00e9rie de controles regulat\u00f3rio-burocr\u00e1ticos.\u00a0<\/p>\n\n\n\n<p>Vale somar a estes, o advento <em>retail wheeling<\/em> (mercado varejista) e o combate aos subs\u00eddios (cruzados, caroneiros, oportunistas, lobistas ou de quaisquer outras esp\u00e9cies),\u00a0 pela no\u00e7\u00e3o b\u00e1sica de que, se h\u00e1 alt\u00edssima transfer\u00eancia regulat\u00f3ria, h\u00e1, em igual propor\u00e7\u00e3o, impossibilidade do oferecimento de melhores pre\u00e7os. Com a aplica\u00e7\u00e3o bem modulada do cl\u00e1ssico <em>laissez-faire<\/em>, estar\u00e1 pavimentado um caminho alvissareiro para o SEB (Setor El\u00e9trico Brasileiro). Planejamento indicativo, sim. Planejamento de interven\u00e7\u00e3o centralizada para constri\u00e7\u00e3o das for\u00e7as de mercado por decreto estatal, n\u00e3o, obrigado.<\/p>\n\n\n\n<h6 class=\"wp-block-heading\"><strong>*<\/strong>Daniel Steffens G. Nogueira \u00e9 advogado especializado em Direito Regulat\u00f3rio. Atualmente, \u00e9 professor de Legisla\u00e7\u00e3o do Setor El\u00e9trico no Curso de Gest\u00e3o de Ativos de Energia da Fia Business School &#8211; SP.<\/h6>\n\n\n\n<h5 class=\"wp-block-heading\">O iNFRADebate \u00e9 o espa\u00e7o de artigos da Ag\u00eancia iNFRA com opini\u00f5es de seus atores que n\u00e3o refletem necessariamente o pensamento da Ag\u00eancia iNFRA, sendo de total responsabilidade do autor as informa\u00e7\u00f5es, ju\u00edzos de valor e conceitos descritos no texto.<\/h5>\n","protected":false},"excerpt":{"rendered":"<p>Daniel Steffens G. Nogueira* A introdu\u00e7\u00e3o deste artigo, inescapavelmente, far\u00e1 um breve coment\u00e1rio sobre as medidas de enfrentamento da pandemia aplicadas ao setor el\u00e9trico, as quais, embora tenham suscitado muitas opini\u00f5es (ora divergentes), aparentam ter sido bem recepcionadas pela comunidade t\u00e9cnica\/especializada. Uma vez que o isolamento social vem afetando intensamente as atividades econ\u00f4micas e o [&hellip;]<\/p>\n","protected":false},"author":9,"featured_media":5372,"comment_status":"closed","ping_status":"closed","sticky":false,"template":"","format":"standard","meta":{"_monsterinsights_skip_tracking":false,"_monsterinsights_sitenote_active":false,"_monsterinsights_sitenote_note":"","_monsterinsights_sitenote_category":0,"footnotes":""},"categories":[1,11],"tags":[14,1949,2257,2013,2258,2259,1885,1936,2252,54],"class_list":["post-5371","post","type-post","status-publish","format-standard","has-post-thumbnail","hentry","category-geral","category-infradebate","tag-ccee","tag-conta-covid","tag-daniel-steffens-g-nogueira","tag-decreto-10-350","tag-intervencionismo","tag-liberalismo-economico","tag-mp-950","tag-pandemia","tag-resolucao-885","tag-setor-eletrico"],"yoast_head":"<!-- This site is optimized with the Yoast SEO Premium plugin v25.4 (Yoast SEO v26.0) - https:\/\/yoast.com\/wordpress\/plugins\/seo\/ -->\n<title>iNFRADebate: H\u00e1 um balan\u00e7o ideal entre intervencionismo regulat\u00f3rio e liberalismo econ\u00f4mico? - Ag\u00eancia iNFRA<\/title>\n<meta name=\"robots\" content=\"index, follow, max-snippet:-1, max-image-preview:large, max-video-preview:-1\" \/>\n<link rel=\"canonical\" href=\"https:\/\/agenciainfra.com\/blog\/infradebate-ha-um-balanco-ideal-entre-intervencionismo-regulatorio-e-liberalismo-economico\/\" \/>\n<meta property=\"og:locale\" content=\"pt_BR\" \/>\n<meta property=\"og:type\" content=\"article\" \/>\n<meta property=\"og:title\" content=\"iNFRADebate: H\u00e1 um balan\u00e7o ideal entre intervencionismo regulat\u00f3rio e liberalismo econ\u00f4mico?\" \/>\n<meta property=\"og:description\" content=\"Daniel Steffens G. Nogueira* A introdu\u00e7\u00e3o deste artigo, inescapavelmente, far\u00e1 um breve coment\u00e1rio sobre as medidas de enfrentamento da pandemia aplicadas ao setor el\u00e9trico, as quais, embora tenham suscitado muitas opini\u00f5es (ora divergentes), aparentam ter sido bem recepcionadas pela comunidade t\u00e9cnica\/especializada. Uma vez que o isolamento social vem afetando intensamente as atividades econ\u00f4micas e o [&hellip;]\" \/>\n<meta property=\"og:url\" content=\"https:\/\/agenciainfra.com\/blog\/infradebate-ha-um-balanco-ideal-entre-intervencionismo-regulatorio-e-liberalismo-economico\/\" \/>\n<meta property=\"og:site_name\" content=\"Ag\u00eancia iNFRA\" \/>\n<meta property=\"article:publisher\" content=\"https:\/\/www.facebook.com\/ageninfra\" \/>\n<meta property=\"article:published_time\" content=\"2020-07-11T16:00:00+00:00\" \/>\n<meta property=\"og:image\" content=\"https:\/\/agenciainfra.com\/blog\/wp-content\/uploads\/2020\/07\/aneel-foto-saulo-cruz-aneel.jpg\" \/>\n\t<meta property=\"og:image:width\" content=\"1280\" \/>\n\t<meta property=\"og:image:height\" content=\"853\" \/>\n\t<meta property=\"og:image:type\" content=\"image\/jpeg\" \/>\n<meta name=\"author\" content=\"Rodrigo Zuquim\" \/>\n<meta name=\"twitter:card\" content=\"summary_large_image\" \/>\n<meta name=\"twitter:creator\" content=\"@agencia_infra\" \/>\n<meta name=\"twitter:site\" content=\"@agencia_infra\" \/>\n<meta name=\"twitter:label1\" content=\"Escrito por\" \/>\n\t<meta name=\"twitter:data1\" content=\"Rodrigo Zuquim\" \/>\n\t<meta name=\"twitter:label2\" content=\"Est. tempo de leitura\" \/>\n\t<meta name=\"twitter:data2\" content=\"5 minutos\" \/>\n<script type=\"application\/ld+json\" class=\"yoast-schema-graph\">{\"@context\":\"https:\/\/schema.org\",\"@graph\":[{\"@type\":\"Article\",\"@id\":\"https:\/\/agenciainfra.com\/blog\/infradebate-ha-um-balanco-ideal-entre-intervencionismo-regulatorio-e-liberalismo-economico\/#article\",\"isPartOf\":{\"@id\":\"https:\/\/agenciainfra.com\/blog\/infradebate-ha-um-balanco-ideal-entre-intervencionismo-regulatorio-e-liberalismo-economico\/\"},\"author\":{\"name\":\"Rodrigo Zuquim\",\"@id\":\"https:\/\/agenciainfra.com\/blog\/#\/schema\/person\/04dbb79bd6d8951f063da71f3e4c1eb1\"},\"headline\":\"iNFRADebate: H\u00e1 um balan\u00e7o ideal entre intervencionismo regulat\u00f3rio e liberalismo econ\u00f4mico?\",\"datePublished\":\"2020-07-11T16:00:00+00:00\",\"mainEntityOfPage\":{\"@id\":\"https:\/\/agenciainfra.com\/blog\/infradebate-ha-um-balanco-ideal-entre-intervencionismo-regulatorio-e-liberalismo-economico\/\"},\"wordCount\":1042,\"publisher\":{\"@id\":\"https:\/\/agenciainfra.com\/blog\/#organization\"},\"image\":{\"@id\":\"https:\/\/agenciainfra.com\/blog\/infradebate-ha-um-balanco-ideal-entre-intervencionismo-regulatorio-e-liberalismo-economico\/#primaryimage\"},\"thumbnailUrl\":\"https:\/\/agenciainfra.com\/blog\/wp-content\/uploads\/2020\/07\/aneel-foto-saulo-cruz-aneel.jpg\",\"keywords\":[\"ccee\",\"Conta-Covid\",\"Daniel Steffens G. Nogueira\",\"Decreto 10.350\",\"intervencionismo\",\"liberalismo econ\u00f4mico\",\"MP 950\",\"pandemia\",\"Resolu\u00e7\u00e3o 885\",\"Setor El\u00e9trico\"],\"articleSection\":[\"Geral\",\"iNFRADebate\"],\"inLanguage\":\"pt-BR\",\"copyrightYear\":\"2020\",\"copyrightHolder\":{\"@id\":\"https:\/\/agenciainfra.com\/blog\/#organization\"}},{\"@type\":\"WebPage\",\"@id\":\"https:\/\/agenciainfra.com\/blog\/infradebate-ha-um-balanco-ideal-entre-intervencionismo-regulatorio-e-liberalismo-economico\/\",\"url\":\"https:\/\/agenciainfra.com\/blog\/infradebate-ha-um-balanco-ideal-entre-intervencionismo-regulatorio-e-liberalismo-economico\/\",\"name\":\"iNFRADebate: H\u00e1 um balan\u00e7o ideal entre intervencionismo regulat\u00f3rio e liberalismo econ\u00f4mico? - Ag\u00eancia iNFRA\",\"isPartOf\":{\"@id\":\"https:\/\/agenciainfra.com\/blog\/#website\"},\"primaryImageOfPage\":{\"@id\":\"https:\/\/agenciainfra.com\/blog\/infradebate-ha-um-balanco-ideal-entre-intervencionismo-regulatorio-e-liberalismo-economico\/#primaryimage\"},\"image\":{\"@id\":\"https:\/\/agenciainfra.com\/blog\/infradebate-ha-um-balanco-ideal-entre-intervencionismo-regulatorio-e-liberalismo-economico\/#primaryimage\"},\"thumbnailUrl\":\"https:\/\/agenciainfra.com\/blog\/wp-content\/uploads\/2020\/07\/aneel-foto-saulo-cruz-aneel.jpg\",\"datePublished\":\"2020-07-11T16:00:00+00:00\",\"breadcrumb\":{\"@id\":\"https:\/\/agenciainfra.com\/blog\/infradebate-ha-um-balanco-ideal-entre-intervencionismo-regulatorio-e-liberalismo-economico\/#breadcrumb\"},\"inLanguage\":\"pt-BR\",\"potentialAction\":[{\"@type\":\"ReadAction\",\"target\":[\"https:\/\/agenciainfra.com\/blog\/infradebate-ha-um-balanco-ideal-entre-intervencionismo-regulatorio-e-liberalismo-economico\/\"]}]},{\"@type\":\"ImageObject\",\"inLanguage\":\"pt-BR\",\"@id\":\"https:\/\/agenciainfra.com\/blog\/infradebate-ha-um-balanco-ideal-entre-intervencionismo-regulatorio-e-liberalismo-economico\/#primaryimage\",\"url\":\"https:\/\/agenciainfra.com\/blog\/wp-content\/uploads\/2020\/07\/aneel-foto-saulo-cruz-aneel.jpg\",\"contentUrl\":\"https:\/\/agenciainfra.com\/blog\/wp-content\/uploads\/2020\/07\/aneel-foto-saulo-cruz-aneel.jpg\",\"width\":1280,\"height\":853},{\"@type\":\"BreadcrumbList\",\"@id\":\"https:\/\/agenciainfra.com\/blog\/infradebate-ha-um-balanco-ideal-entre-intervencionismo-regulatorio-e-liberalismo-economico\/#breadcrumb\",\"itemListElement\":[{\"@type\":\"ListItem\",\"position\":1,\"name\":\"In\u00edcio\",\"item\":\"https:\/\/agenciainfra.com\/blog\/\"},{\"@type\":\"ListItem\",\"position\":2,\"name\":\"iNFRADebate: H\u00e1 um balan\u00e7o ideal entre intervencionismo regulat\u00f3rio e liberalismo econ\u00f4mico?\"}]},{\"@type\":\"WebSite\",\"@id\":\"https:\/\/agenciainfra.com\/blog\/#website\",\"url\":\"https:\/\/agenciainfra.com\/blog\/\",\"name\":\"Ag\u00eancia iNFRA\",\"description\":\"Multiplataforma de informa\u00e7\u00e3o jornal\u00edstica refer\u00eancia na \u00e1rea de infraestrutura no Brasil!\",\"publisher\":{\"@id\":\"https:\/\/agenciainfra.com\/blog\/#organization\"},\"potentialAction\":[{\"@type\":\"SearchAction\",\"target\":{\"@type\":\"EntryPoint\",\"urlTemplate\":\"https:\/\/agenciainfra.com\/blog\/?s={search_term_string}\"},\"query-input\":{\"@type\":\"PropertyValueSpecification\",\"valueRequired\":true,\"valueName\":\"search_term_string\"}}],\"inLanguage\":\"pt-BR\"},{\"@type\":\"Organization\",\"@id\":\"https:\/\/agenciainfra.com\/blog\/#organization\",\"name\":\"Ag\u00eancia iNFRA\",\"url\":\"https:\/\/agenciainfra.com\/blog\/\",\"logo\":{\"@type\":\"ImageObject\",\"inLanguage\":\"pt-BR\",\"@id\":\"https:\/\/agenciainfra.com\/blog\/#\/schema\/logo\/image\/\",\"url\":\"https:\/\/agenciainfra.com\/blog\/wp-content\/uploads\/2023\/09\/iNFRA_5-e1761735885940.png\",\"contentUrl\":\"https:\/\/agenciainfra.com\/blog\/wp-content\/uploads\/2023\/09\/iNFRA_5-e1761735885940.png\",\"width\":1672,\"height\":454,\"caption\":\"Ag\u00eancia iNFRA\"},\"image\":{\"@id\":\"https:\/\/agenciainfra.com\/blog\/#\/schema\/logo\/image\/\"},\"sameAs\":[\"https:\/\/www.facebook.com\/ageninfra\",\"https:\/\/x.com\/agencia_infra\",\"https:\/\/www.linkedin.com\/company\/ag\u00eanciainfra\/\",\"https:\/\/www.instagram.com\/agenciainfra\/\"]},{\"@type\":\"Person\",\"@id\":\"https:\/\/agenciainfra.com\/blog\/#\/schema\/person\/04dbb79bd6d8951f063da71f3e4c1eb1\",\"name\":\"Rodrigo Zuquim\",\"image\":{\"@type\":\"ImageObject\",\"inLanguage\":\"pt-BR\",\"@id\":\"https:\/\/agenciainfra.com\/blog\/#\/schema\/person\/image\/\",\"url\":\"https:\/\/secure.gravatar.com\/avatar\/594abfe82761d620726242ff34ca472a705a4b97f16c790053a6b4c4035274d0?s=96&d=mm&r=g\",\"contentUrl\":\"https:\/\/secure.gravatar.com\/avatar\/594abfe82761d620726242ff34ca472a705a4b97f16c790053a6b4c4035274d0?s=96&d=mm&r=g\",\"caption\":\"Rodrigo Zuquim\"},\"url\":\"https:\/\/agenciainfra.com\/blog\/author\/rodrigo-zuquim\/\"}]}<\/script>\n<!-- \/ Yoast SEO Premium plugin. -->","yoast_head_json":{"title":"iNFRADebate: H\u00e1 um balan\u00e7o ideal entre intervencionismo regulat\u00f3rio e liberalismo econ\u00f4mico? - Ag\u00eancia iNFRA","robots":{"index":"index","follow":"follow","max-snippet":"max-snippet:-1","max-image-preview":"max-image-preview:large","max-video-preview":"max-video-preview:-1"},"canonical":"https:\/\/agenciainfra.com\/blog\/infradebate-ha-um-balanco-ideal-entre-intervencionismo-regulatorio-e-liberalismo-economico\/","og_locale":"pt_BR","og_type":"article","og_title":"iNFRADebate: H\u00e1 um balan\u00e7o ideal entre intervencionismo regulat\u00f3rio e liberalismo econ\u00f4mico?","og_description":"Daniel Steffens G. Nogueira* A introdu\u00e7\u00e3o deste artigo, inescapavelmente, far\u00e1 um breve coment\u00e1rio sobre as medidas de enfrentamento da pandemia aplicadas ao setor el\u00e9trico, as quais, embora tenham suscitado muitas opini\u00f5es (ora divergentes), aparentam ter sido bem recepcionadas pela comunidade t\u00e9cnica\/especializada. Uma vez que o isolamento social vem afetando intensamente as atividades econ\u00f4micas e o [&hellip;]","og_url":"https:\/\/agenciainfra.com\/blog\/infradebate-ha-um-balanco-ideal-entre-intervencionismo-regulatorio-e-liberalismo-economico\/","og_site_name":"Ag\u00eancia iNFRA","article_publisher":"https:\/\/www.facebook.com\/ageninfra","article_published_time":"2020-07-11T16:00:00+00:00","og_image":[{"width":1280,"height":853,"url":"https:\/\/agenciainfra.com\/blog\/wp-content\/uploads\/2020\/07\/aneel-foto-saulo-cruz-aneel.jpg","type":"image\/jpeg"}],"author":"Rodrigo Zuquim","twitter_card":"summary_large_image","twitter_creator":"@agencia_infra","twitter_site":"@agencia_infra","twitter_misc":{"Escrito por":"Rodrigo Zuquim","Est. tempo de leitura":"5 minutos"},"schema":{"@context":"https:\/\/schema.org","@graph":[{"@type":"Article","@id":"https:\/\/agenciainfra.com\/blog\/infradebate-ha-um-balanco-ideal-entre-intervencionismo-regulatorio-e-liberalismo-economico\/#article","isPartOf":{"@id":"https:\/\/agenciainfra.com\/blog\/infradebate-ha-um-balanco-ideal-entre-intervencionismo-regulatorio-e-liberalismo-economico\/"},"author":{"name":"Rodrigo Zuquim","@id":"https:\/\/agenciainfra.com\/blog\/#\/schema\/person\/04dbb79bd6d8951f063da71f3e4c1eb1"},"headline":"iNFRADebate: H\u00e1 um balan\u00e7o ideal entre intervencionismo regulat\u00f3rio e liberalismo econ\u00f4mico?","datePublished":"2020-07-11T16:00:00+00:00","mainEntityOfPage":{"@id":"https:\/\/agenciainfra.com\/blog\/infradebate-ha-um-balanco-ideal-entre-intervencionismo-regulatorio-e-liberalismo-economico\/"},"wordCount":1042,"publisher":{"@id":"https:\/\/agenciainfra.com\/blog\/#organization"},"image":{"@id":"https:\/\/agenciainfra.com\/blog\/infradebate-ha-um-balanco-ideal-entre-intervencionismo-regulatorio-e-liberalismo-economico\/#primaryimage"},"thumbnailUrl":"https:\/\/agenciainfra.com\/blog\/wp-content\/uploads\/2020\/07\/aneel-foto-saulo-cruz-aneel.jpg","keywords":["ccee","Conta-Covid","Daniel Steffens G. Nogueira","Decreto 10.350","intervencionismo","liberalismo econ\u00f4mico","MP 950","pandemia","Resolu\u00e7\u00e3o 885","Setor El\u00e9trico"],"articleSection":["Geral","iNFRADebate"],"inLanguage":"pt-BR","copyrightYear":"2020","copyrightHolder":{"@id":"https:\/\/agenciainfra.com\/blog\/#organization"}},{"@type":"WebPage","@id":"https:\/\/agenciainfra.com\/blog\/infradebate-ha-um-balanco-ideal-entre-intervencionismo-regulatorio-e-liberalismo-economico\/","url":"https:\/\/agenciainfra.com\/blog\/infradebate-ha-um-balanco-ideal-entre-intervencionismo-regulatorio-e-liberalismo-economico\/","name":"iNFRADebate: H\u00e1 um balan\u00e7o ideal entre intervencionismo regulat\u00f3rio e liberalismo econ\u00f4mico? - Ag\u00eancia iNFRA","isPartOf":{"@id":"https:\/\/agenciainfra.com\/blog\/#website"},"primaryImageOfPage":{"@id":"https:\/\/agenciainfra.com\/blog\/infradebate-ha-um-balanco-ideal-entre-intervencionismo-regulatorio-e-liberalismo-economico\/#primaryimage"},"image":{"@id":"https:\/\/agenciainfra.com\/blog\/infradebate-ha-um-balanco-ideal-entre-intervencionismo-regulatorio-e-liberalismo-economico\/#primaryimage"},"thumbnailUrl":"https:\/\/agenciainfra.com\/blog\/wp-content\/uploads\/2020\/07\/aneel-foto-saulo-cruz-aneel.jpg","datePublished":"2020-07-11T16:00:00+00:00","breadcrumb":{"@id":"https:\/\/agenciainfra.com\/blog\/infradebate-ha-um-balanco-ideal-entre-intervencionismo-regulatorio-e-liberalismo-economico\/#breadcrumb"},"inLanguage":"pt-BR","potentialAction":[{"@type":"ReadAction","target":["https:\/\/agenciainfra.com\/blog\/infradebate-ha-um-balanco-ideal-entre-intervencionismo-regulatorio-e-liberalismo-economico\/"]}]},{"@type":"ImageObject","inLanguage":"pt-BR","@id":"https:\/\/agenciainfra.com\/blog\/infradebate-ha-um-balanco-ideal-entre-intervencionismo-regulatorio-e-liberalismo-economico\/#primaryimage","url":"https:\/\/agenciainfra.com\/blog\/wp-content\/uploads\/2020\/07\/aneel-foto-saulo-cruz-aneel.jpg","contentUrl":"https:\/\/agenciainfra.com\/blog\/wp-content\/uploads\/2020\/07\/aneel-foto-saulo-cruz-aneel.jpg","width":1280,"height":853},{"@type":"BreadcrumbList","@id":"https:\/\/agenciainfra.com\/blog\/infradebate-ha-um-balanco-ideal-entre-intervencionismo-regulatorio-e-liberalismo-economico\/#breadcrumb","itemListElement":[{"@type":"ListItem","position":1,"name":"In\u00edcio","item":"https:\/\/agenciainfra.com\/blog\/"},{"@type":"ListItem","position":2,"name":"iNFRADebate: H\u00e1 um balan\u00e7o ideal entre intervencionismo regulat\u00f3rio e liberalismo econ\u00f4mico?"}]},{"@type":"WebSite","@id":"https:\/\/agenciainfra.com\/blog\/#website","url":"https:\/\/agenciainfra.com\/blog\/","name":"Ag\u00eancia iNFRA","description":"Multiplataforma de informa\u00e7\u00e3o jornal\u00edstica refer\u00eancia na \u00e1rea de infraestrutura no Brasil!","publisher":{"@id":"https:\/\/agenciainfra.com\/blog\/#organization"},"potentialAction":[{"@type":"SearchAction","target":{"@type":"EntryPoint","urlTemplate":"https:\/\/agenciainfra.com\/blog\/?s={search_term_string}"},"query-input":{"@type":"PropertyValueSpecification","valueRequired":true,"valueName":"search_term_string"}}],"inLanguage":"pt-BR"},{"@type":"Organization","@id":"https:\/\/agenciainfra.com\/blog\/#organization","name":"Ag\u00eancia iNFRA","url":"https:\/\/agenciainfra.com\/blog\/","logo":{"@type":"ImageObject","inLanguage":"pt-BR","@id":"https:\/\/agenciainfra.com\/blog\/#\/schema\/logo\/image\/","url":"https:\/\/agenciainfra.com\/blog\/wp-content\/uploads\/2023\/09\/iNFRA_5-e1761735885940.png","contentUrl":"https:\/\/agenciainfra.com\/blog\/wp-content\/uploads\/2023\/09\/iNFRA_5-e1761735885940.png","width":1672,"height":454,"caption":"Ag\u00eancia iNFRA"},"image":{"@id":"https:\/\/agenciainfra.com\/blog\/#\/schema\/logo\/image\/"},"sameAs":["https:\/\/www.facebook.com\/ageninfra","https:\/\/x.com\/agencia_infra","https:\/\/www.linkedin.com\/company\/ag\u00eanciainfra\/","https:\/\/www.instagram.com\/agenciainfra\/"]},{"@type":"Person","@id":"https:\/\/agenciainfra.com\/blog\/#\/schema\/person\/04dbb79bd6d8951f063da71f3e4c1eb1","name":"Rodrigo Zuquim","image":{"@type":"ImageObject","inLanguage":"pt-BR","@id":"https:\/\/agenciainfra.com\/blog\/#\/schema\/person\/image\/","url":"https:\/\/secure.gravatar.com\/avatar\/594abfe82761d620726242ff34ca472a705a4b97f16c790053a6b4c4035274d0?s=96&d=mm&r=g","contentUrl":"https:\/\/secure.gravatar.com\/avatar\/594abfe82761d620726242ff34ca472a705a4b97f16c790053a6b4c4035274d0?s=96&d=mm&r=g","caption":"Rodrigo Zuquim"},"url":"https:\/\/agenciainfra.com\/blog\/author\/rodrigo-zuquim\/"}]}},"_links":{"self":[{"href":"https:\/\/agenciainfra.com\/blog\/wp-json\/wp\/v2\/posts\/5371","targetHints":{"allow":["GET"]}}],"collection":[{"href":"https:\/\/agenciainfra.com\/blog\/wp-json\/wp\/v2\/posts"}],"about":[{"href":"https:\/\/agenciainfra.com\/blog\/wp-json\/wp\/v2\/types\/post"}],"author":[{"embeddable":true,"href":"https:\/\/agenciainfra.com\/blog\/wp-json\/wp\/v2\/users\/9"}],"replies":[{"embeddable":true,"href":"https:\/\/agenciainfra.com\/blog\/wp-json\/wp\/v2\/comments?post=5371"}],"version-history":[{"count":0,"href":"https:\/\/agenciainfra.com\/blog\/wp-json\/wp\/v2\/posts\/5371\/revisions"}],"wp:featuredmedia":[{"embeddable":true,"href":"https:\/\/agenciainfra.com\/blog\/wp-json\/wp\/v2\/media\/5372"}],"wp:attachment":[{"href":"https:\/\/agenciainfra.com\/blog\/wp-json\/wp\/v2\/media?parent=5371"}],"wp:term":[{"taxonomy":"category","embeddable":true,"href":"https:\/\/agenciainfra.com\/blog\/wp-json\/wp\/v2\/categories?post=5371"},{"taxonomy":"post_tag","embeddable":true,"href":"https:\/\/agenciainfra.com\/blog\/wp-json\/wp\/v2\/tags?post=5371"}],"curies":[{"name":"wp","href":"https:\/\/api.w.org\/{rel}","templated":true}]}}